{"id":989,"date":"2012-05-28T15:49:00","date_gmt":"2012-05-28T15:49:00","guid":{"rendered":"https:\/\/amorpazycaridad.es\/uncategorized\/nuevos-tiempos-12\/"},"modified":"2015-04-17T20:25:41","modified_gmt":"2015-04-17T19:25:41","slug":"el-entorno-preparacion","status":"publish","type":"post","link":"https:\/\/amorpazy-cp515.wordpresstemporal.com\/amorpazycaridad.es\/el-entorno-preparacion\/","title":{"rendered":"EL ENTORNO. PREPARACI\u00d3N"},"content":{"rendered":"<div style=\"text-align: justify;\"><\/div>\n<div style=\"font: 12.0px 'Times New Roman'; margin: 0.0px 0.0px 0.0px 0.0px; text-align: right;\"><span style=\"text-decoration: underline;\">\u00a0<\/span><\/div>\n<div style=\"font: 12.0px 'Times New Roman'; margin: 0.0px 0.0px 0.0px 0.0px; min-height: 15.0px; text-align: justify;\"><\/div>\n<h2 style=\"text-align: center;\"><\/h2>\n<div><span style=\"letter-spacing: 0px;\"><span style=\"color: #0b5394;\">\u00a0<\/span><\/span><\/div>\n<div style=\"font: 12.0px 'Times New Roman'; margin: 0.0px 0.0px 0.0px 0.0px; min-height: 15.0px; text-align: justify;\"><\/div>\n<div style=\"font: 12.0px 'Times New Roman'; margin: 0.0px 0.0px 0.0px 0.0px; text-align: justify; text-indent: 35.3px;\"><span style=\"letter-spacing: 0.0px;\"><span style=\"font-size: large;\">En esta ocasi\u00f3n vamos a continuar profundizando un poco m\u00e1s en lo que significa \u201cel entorno\u201d y la importancia de la \u201cpreparaci\u00f3n\u201d para culminar en el trabajo mediumnico de los grupos espiritas.<\/span><\/span><br \/>\n<a name=\"more\"><\/a><\/div>\n<div style=\"font: 12.0px 'Times New Roman'; margin: 0.0px 0.0px 0.0px 0.0px; text-align: justify; text-indent: 35.3px;\">\n<div style=\"clear: both; text-align: center;\"><a style=\"margin-left: 1em; margin-right: 1em;\" href=\"http:\/\/grupovillena.org\/amorpazycaridad.es\/wp-content\/uploads\/2012\/05\/REUNION-300x1801.jpg\"><img loading=\"lazy\" decoding=\"async\" src=\"http:\/\/grupovillena.org\/amorpazycaridad.es\/wp-content\/uploads\/2012\/05\/REUNION-300x1801-300x180.jpg\" alt=\"\" width=\"320\" height=\"192\" border=\"0\" \/><\/a><\/div>\n<p><span style=\"letter-spacing: 0.0px;\"><span style=\"font-size: large;\">Como se ha dicho en otras ocasiones, los grupos mediumnicos\u00a0 no se pueden improvisar, ni acudir como quien acude a un ritual religioso rutinario. Nada m\u00e1s lejos de la realidad.\u00a0<\/span><\/span><\/p>\n<\/div>\n<div style=\"font: 12.0px 'Times New Roman'; margin: 0.0px 0.0px 0.0px 0.0px; text-align: justify; text-indent: 35.3px;\"><span style=\"letter-spacing: 0.0px;\"><span style=\"font-size: large;\">El verdadero trabajo de preparaci\u00f3n empieza el primer d\u00eda de la semana hasta el momento del \u201cintercambio\u201d espiritual. Supone un conjunto de factores a tener en cuenta que no se pueden descuidar.<\/span><\/span><\/div>\n<div style=\"font: 12.0px 'Times New Roman'; margin: 0.0px 0.0px 0.0px 0.0px; text-align: justify; text-indent: 35.3px;\"><span style=\"font-size: large;\"><span style=\"letter-spacing: 0.0px;\">El primer elemento y fundamental es el <\/span><span style=\"letter-spacing: 0px;\"><i><b>trabajo interno<\/b><\/i><\/span><span style=\"letter-spacing: 0.0px;\"><i><b>.<\/b><\/i> El esfuerzo permanente por equilibrarnos y depurar nuestros pensamientos sustituy\u00e9ndolos, si fuera necesario, por otros m\u00e1s arm\u00f3nicos y saludables. Con esto no queremos transmitir una imagen de misticismo o beatitud, sino todo lo contrario, teniendo los pies en el suelo y conscientes de la realidad que nos envuelve procurar el control de las emociones, sentimientos y pensamientos. Indudablemente no es una empresa f\u00e1cil, pero una actitud de buena voluntad y predisposici\u00f3n positiva ayudan para el dominio de nuestras malas tendencias. Esta es una tarea ardua que requiere mucha constancia y paciencia pues son muchos los altibajos a los que nos exponemos inherentes a la vida. No obstante no somos ni santos ni seres superiores.<\/span><\/span><\/div>\n<div style=\"font: 12.0px 'Times New Roman'; margin: 0.0px 0.0px 0.0px 0.0px; text-align: justify; text-indent: 35.3px;\"><span style=\"font-size: large;\"><span style=\"letter-spacing: 0.0px;\">El segundo elemento; adquirir <\/span><span style=\"letter-spacing: 0px;\"><i><b>el h\u00e1bito de la oraci\u00f3n<\/b><\/i><\/span><span style=\"letter-spacing: 0.0px;\"><i><b>.<\/b><\/i> Esto es muy importante, pues nos habituamos as\u00ed al intercambio espiritual; adquirimos fortaleza enviada por lo Alto, facilitamos su intervenci\u00f3n para que nos inspiren sobre el camino a seguir, nos ayuda a renovar fuerzas, sobre todo, en unos tiempos tan convulsos y dif\u00edciles. Desarrollamos la caridad que es amor en acci\u00f3n al pedir ayuda por aquellos que lo necesitan.<\/span><\/span><\/div>\n<div style=\"font: 12.0px 'Times New Roman'; margin: 0.0px 0.0px 0.0px 0.0px; text-align: justify; text-indent: 35.3px;\"><span style=\"letter-spacing: 0.0px;\"><span style=\"font-size: large;\">Se puede orar en cualquier momento de necesidad, pero es aconsejable hacerlo siempre a la misma hora, ya que permite una mayor eficacia y organizaci\u00f3n en el trabajo de los hermanos espirituales superiores que acuden a nuestra invocaci\u00f3n; esto tambi\u00e9n es conveniente cuando se posee alguna facultad mediumnica, pues facilita que la parte espiritual superior desarrolle un trabajo espec\u00edfico con el m\u00e9dium.<\/span><\/span><\/div>\n<div style=\"font: 12.0px 'Times New Roman'; margin: 0.0px 0.0px 0.0px 0.0px; text-align: justify; text-indent: 35.3px;\"><span style=\"font-size: large;\"><span style=\"letter-spacing: 0.0px;\">El tercer elemento; <\/span><span style=\"letter-spacing: 0px;\"><i><b>colaborar y participar<\/b><\/i><\/span><span style=\"letter-spacing: 0.0px;\"><i><b>,<\/b><\/i> si fuera posible, de las actividades que promueve nuestro grupo espirita. Sean charlas-coloquio, oraciones conjuntas, convivencias, etc. Estrechando lazos de amistad y uni\u00f3n, valiosos para el trabajo mediumnico en com\u00fan a realizar. Sin competir ni rivalizar con nadie. Nuestro objetivo en la vida es \u201csumar\u201d al conjunto, no buscar notoriedad ni protagonismo. Recordemos las palabras del Maestro cuando nos dice. <\/span><span style=\"letter-spacing: 0.8px;\"><i>-\u00abQuien quiera ser el primero, que sea el \u00faltimo de todos y el servidor de todos.\u00bb <\/i><\/span><span style=\"letter-spacing: 0.0px;\"><i>(\u00a0San \u00a0Marcos 9, 30-3)<\/i>.<\/span> <span style=\"letter-spacing: 0.0px;\">Dichas rivalidades cuando se producen suelen esconder envidias y celos mal controlados, cuyas consecuencias siempre son malas si no se atajan a tiempo. Este tipo de conflictos as\u00ed como otros de orden moral crean una \u201catmosfera\u201d ps\u00edquica en el ambiente que entorpece enormemente el trabajo espiritual de los hermanos superiores, siendo sustituidos por otros de inferior elevaci\u00f3n que incentivan y promueven las disensiones.<\/span><\/span><\/div>\n<div style=\"font: 12.0px 'Times New Roman'; margin: 0.0px 0.0px 0.0px 0.0px; text-align: justify; text-indent: 35.3px;\"><span style=\"letter-spacing: 0.0px;\"><span style=\"font-size: large;\">Ante cualquier disputa o conflicto es conveniente actuar con amor y comprensi\u00f3n, y entender que es necesario que afloren los problemas para visualizarlos, localizarlos y poderlos resolver. No hay que verlos como una desgracia sino como una oportunidad de cambio para mejor. Pero es imprescindible nobleza, buena voluntad y esfuerzo para conseguirlo. Los problemas no los resuelve ni el tiempo ni tampoco se deben de ignorar, pues todo lo que ocurre dentro del grupo repercute en el conjunto y retrasa el avance.<\/span><\/span><\/div>\n<div style=\"font: 12.0px 'Times New Roman'; margin: 0.0px 0.0px 0.0px 0.0px; text-align: justify; text-indent: 35.3px;\"><span style=\"font-size: large;\"><span style=\"letter-spacing: 0.0px;\">El cuarto elemento, <\/span><span style=\"letter-spacing: 0px;\"><i><b>valorar el trabajo de los dem\u00e1s<\/b><\/i><\/span><span style=\"letter-spacing: 0.0px;\"><i><b>.<\/b><\/i> Desde la humildad reconocer el trabajo de nuestros compa\u00f1eros, cada uno aporta sus cualidades, desarrolla sus aptitudes, tenemos la obligaci\u00f3n de facilitarles su tarea, pues el \u00e9xito com\u00fan tambi\u00e9n es nuestro triunfo. Si se posee un cargo de responsabilidad en el grupo, hay que saber delegar, demostrando confianza con los compa\u00f1eros, a\u00fan cuando se puedan equivocar pues todos estamos expuestos al error, sin minar la autoestima ajena.<\/span><\/span><\/div>\n<div style=\"font: 12.0px 'Times New Roman'; margin: 0.0px 0.0px 0.0px 0.0px; text-align: justify; text-indent: 35.3px;\"><span style=\"font-size: large;\"><span style=\"letter-spacing: 0.0px;\">El quinto elemento, <\/span><span style=\"letter-spacing: 0px;\"><i><b>flexibilidad<\/b><\/i><\/span><span style=\"letter-spacing: 0.0px;\"><i><b>.<\/b><\/i> Adaptarse a las circunstancias y a la idiosincrasia de nuestro entorno. No podemos imponer una rigidez en cuanto al desenvolvimiento de\u00a0 las actividades del centro espirita, pues es necesario valorar, en cada momento, las necesidades reales del grupo y de las personas que acuden a visitarnos. No confundamos rigidez con firmeza, pues esta \u00faltima es muy reflexiva y adapta la consecuci\u00f3n de los ideales superiores a las circunstancias, buscando siempre lo mejor para todos; sabiendo distinguir lo prioritario de lo accesorio. A veces nos enzarzamos en disputas por cuestiones irrelevantes y descuidamos lo fundamental que son las personas y las buenas relaciones humanas.<\/span><\/span><\/div>\n<div style=\"font: 12.0px 'Times New Roman'; margin: 0.0px 0.0px 0.0px 0.0px; text-align: justify; text-indent: 35.3px;\"><span style=\"letter-spacing: 0.0px;\"><span style=\"font-size: large;\">Por desgracia muchos grupos fracasan por la falta de di\u00e1logo y por supeditar las relaciones personales de amistad y cari\u00f1o fraternal a las actividades doctrinarias que copan todas las horas y momentos de reuni\u00f3n.<\/span><\/span><\/div>\n<div style=\"font: 12.0px 'Times New Roman'; margin: 0.0px 0.0px 0.0px 0.0px; text-align: justify; text-indent: 35.3px;\"><span style=\"letter-spacing: 0.0px;\"><span style=\"font-size: large;\">En conclusi\u00f3n, es muy importante el trabajo personal y colectivo para que llegado el momento de la mediumnidad auxiliadora seamos capaces de crear un ambiente espiritual que atraiga a las fuerzas superiores del espacio y que colaboren gustosamente con nosotros, y para que los obst\u00e1culos que encuentren con la materia sean suavizados por el trabajo previo y constante durante toda la semana. Es responsabilidad de todos y es el compromiso adquirido antes de encarnar para rescatar nuestras m\u00faltiples faltas del pasado.\u00a0<\/span><\/span><\/div>\n<div style=\"font: 12.0px 'Times New Roman'; margin: 0.0px 0.0px 0.0px 0.0px; text-align: justify; text-indent: 35.3px;\"><span style=\"letter-spacing: 0.0px;\"><span style=\"font-size: large;\">La ayuda a los desencarnados, aunque por nuestra parte pueda ser m\u00ednima es muy importante, pues nos reporta una gran satisfacci\u00f3n, y sobre todo la tranquilidad para nuestro esp\u00edritu al saber que se encuentra por el camino cierto de la caridad y bajo el amparo superior.<\/span><\/span><\/div>\n<div style=\"font: 12.0px 'Times New Roman'; margin: 0.0px 0.0px 0.0px 0.0px; text-align: justify; text-indent: 35.3px;\"><span style=\"letter-spacing: 0.0px;\"><span style=\"font-size: large;\">\u00a0<\/span><\/span><\/div>\n<div style=\"font: normal normal normal 12px\/normal 'Times New Roman'; min-height: 15px; text-align: right; text-indent: 35.3px; margin: 0px;\"><span style=\"font-size: large;\"><i>J.M.M.C.<\/i><\/span><\/div>\n<div style=\"font: normal normal normal 12px\/normal 'Times New Roman'; min-height: 15px; text-align: right; text-indent: 35.3px; margin: 0px;\"><span style=\"font-size: large;\"><i>\u00a0<\/i><\/span><\/div>\n<div style=\"font: 12.0px 'Times New Roman'; margin: 0.0px 0.0px 0.0px 0.0px; text-align: right; text-indent: 35.3px;\"><span style=\"color: #222222; font-family: Arial, Tahoma, Helvetica, FreeSans, sans-serif; font-size: 13px; line-height: 18px;\"><i><span lang=\"ES\" style=\"font-family: 'Times New Roman'; font-size: 10pt;\">Grupo Villena 2012 \u00a9<\/span><\/i><\/span><\/div>\n<div style=\"font: 12.0px 'Times New Roman'; margin: 0.0px 0.0px 0.0px 0.0px; min-height: 15.0px; text-align: justify; text-indent: 35.3px;\"><\/div>\n<div style=\"font: 12.0px 'Times New Roman'; margin: 0.0px 0.0px 0.0px 0.0px; min-height: 15.0px; text-align: justify;\"><\/div>\n","protected":false},"excerpt":{"rendered":"<p>\u00a0 \u00a0 En esta ocasi\u00f3n vamos a continuar profundizando un poco m\u00e1s en lo que significa \u201cel entorno\u201d y la importancia de la \u201cpreparaci\u00f3n\u201d para culminar en el trabajo mediumnico de los grupos espiritas. Como se ha dicho en otras ocasiones, los grupos mediumnicos\u00a0 no se pueden improvisar, ni acudir como quien acude a un [&hellip;]<\/p>\n","protected":false},"author":5,"featured_media":1357,"comment_status":"open","ping_status":"open","sticky":false,"template":"","format":"standard","meta":{"tdm_status":"","tdm_grid_status":"","footnotes":""},"categories":[41],"tags":[1404,1402,1406,944,1403,1405],"ppma_author":[408],"class_list":{"0":"post-989","1":"post","2":"type-post","3":"status-publish","4":"format-standard","5":"has-post-thumbnail","7":"category-nuevos-tiempos","8":"tag-flexibilidad","9":"tag-grupos-mediumnicos","10":"tag-habito-de-la-oracion","11":"tag-nuevos-tiempos-2","12":"tag-rivalidades-entre-mediums","13":"tag-valorar-a-los-otros"},"yoast_head":"<!-- This site is optimized with the Yoast SEO plugin v27.7 - https:\/\/yoast.com\/product\/yoast-seo-wordpress\/ -->\n<title>EL ENTORNO. PREPARACI\u00d3N | Amor, paz caridad<\/title>\n<meta name=\"robots\" content=\"index, follow, max-snippet:-1, max-image-preview:large, max-video-preview:-1\" \/>\n<link rel=\"canonical\" href=\"https:\/\/amorpazycaridad.es\/el-entorno-preparacion\/\" \/>\n<meta property=\"og:locale\" content=\"es_ES\" \/>\n<meta property=\"og:type\" content=\"article\" \/>\n<meta property=\"og:title\" content=\"EL ENTORNO. PREPARACI\u00d3N | Amor, paz caridad\" \/>\n<meta property=\"og:description\" content=\"\u00a0 \u00a0 En esta ocasi\u00f3n vamos a continuar profundizando un poco m\u00e1s en lo que significa \u201cel entorno\u201d y la importancia de la \u201cpreparaci\u00f3n\u201d para culminar en el trabajo mediumnico de los grupos espiritas. Como se ha dicho en otras ocasiones, los grupos mediumnicos\u00a0 no se pueden improvisar, ni acudir como quien acude a un [&hellip;]\" \/>\n<meta property=\"og:url\" content=\"https:\/\/amorpazycaridad.es\/el-entorno-preparacion\/\" \/>\n<meta property=\"og:site_name\" content=\"Amor, paz caridad\" \/>\n<meta property=\"article:publisher\" content=\"http:\/\/www.facebook.com\/pages\/Amor-paz-y-caridad\/1594978604096866\" \/>\n<meta property=\"article:published_time\" content=\"2012-05-28T15:49:00+00:00\" \/>\n<meta property=\"article:modified_time\" content=\"2015-04-17T19:25:41+00:00\" \/>\n<meta property=\"og:image\" content=\"https:\/\/amorpazycaridad.es\/wp-content\/uploads\/2012\/05\/REUNION-300x1801.jpg\" \/>\n\t<meta property=\"og:image:width\" content=\"550\" \/>\n\t<meta property=\"og:image:height\" content=\"330\" \/>\n\t<meta property=\"og:image:type\" content=\"image\/jpeg\" \/>\n<meta name=\"author\" content=\"Jose Manuel\" \/>\n<meta name=\"twitter:card\" content=\"summary_large_image\" \/>\n<meta name=\"twitter:creator\" content=\"@amorpazycaridad\" \/>\n<meta name=\"twitter:site\" content=\"@amorpazycaridad\" \/>\n<meta name=\"twitter:label1\" content=\"Escrito por\" \/>\n\t<meta name=\"twitter:data1\" content=\"Jos\u00e9 Manuel Meseguer Clemente\" \/>\n\t<meta name=\"twitter:label2\" content=\"Tiempo de lectura\" \/>\n\t<meta name=\"twitter:data2\" content=\"5 minutos\" \/>\n<script type=\"application\/ld+json\" class=\"yoast-schema-graph\">{\"@context\":\"https:\\\/\\\/schema.org\",\"@graph\":[{\"@type\":\"Article\",\"@id\":\"https:\\\/\\\/amorpazycaridad.es\\\/el-entorno-preparacion\\\/#article\",\"isPartOf\":{\"@id\":\"https:\\\/\\\/amorpazycaridad.es\\\/el-entorno-preparacion\\\/\"},\"author\":{\"name\":\"Jos\u00e9 Manuel Meseguer Clemente\",\"@id\":\"https:\\\/\\\/amorpazy-cp515.wordpresstemporal.com\\\/amorpazycaridad.es\\\/#\\\/schema\\\/person\\\/6f0cedb316ce549a85d79dba9ebb353e\"},\"headline\":\"EL ENTORNO. PREPARACI\u00d3N\",\"datePublished\":\"2012-05-28T15:49:00+00:00\",\"dateModified\":\"2015-04-17T19:25:41+00:00\",\"mainEntityOfPage\":{\"@id\":\"https:\\\/\\\/amorpazycaridad.es\\\/el-entorno-preparacion\\\/\"},\"wordCount\":975,\"commentCount\":0,\"publisher\":{\"@id\":\"https:\\\/\\\/amorpazy-cp515.wordpresstemporal.com\\\/amorpazycaridad.es\\\/#organization\"},\"image\":{\"@id\":\"https:\\\/\\\/amorpazycaridad.es\\\/el-entorno-preparacion\\\/#primaryimage\"},\"thumbnailUrl\":\"https:\\\/\\\/amorpazy-cp515.wordpresstemporal.com\\\/amorpazycaridad.es\\\/wp-content\\\/uploads\\\/2012\\\/05\\\/REUNION-300x1801.jpg\",\"keywords\":[\"flexibilidad\",\"grupos medi\u00famnicos\",\"h\u00e1bito de la oraci\u00f3n\",\"Nuevos Tiempos\",\"rivalidades entre m\u00e9diums\",\"valorar a los otros\"],\"articleSection\":[\"Nuevos tiempos\"],\"inLanguage\":\"es\",\"potentialAction\":[{\"@type\":\"CommentAction\",\"name\":\"Comment\",\"target\":[\"https:\\\/\\\/amorpazycaridad.es\\\/el-entorno-preparacion\\\/#respond\"]}]},{\"@type\":\"WebPage\",\"@id\":\"https:\\\/\\\/amorpazycaridad.es\\\/el-entorno-preparacion\\\/\",\"url\":\"https:\\\/\\\/amorpazycaridad.es\\\/el-entorno-preparacion\\\/\",\"name\":\"EL ENTORNO. PREPARACI\u00d3N | Amor, paz caridad\",\"isPartOf\":{\"@id\":\"https:\\\/\\\/amorpazy-cp515.wordpresstemporal.com\\\/amorpazycaridad.es\\\/#website\"},\"primaryImageOfPage\":{\"@id\":\"https:\\\/\\\/amorpazycaridad.es\\\/el-entorno-preparacion\\\/#primaryimage\"},\"image\":{\"@id\":\"https:\\\/\\\/amorpazycaridad.es\\\/el-entorno-preparacion\\\/#primaryimage\"},\"thumbnailUrl\":\"https:\\\/\\\/amorpazy-cp515.wordpresstemporal.com\\\/amorpazycaridad.es\\\/wp-content\\\/uploads\\\/2012\\\/05\\\/REUNION-300x1801.jpg\",\"datePublished\":\"2012-05-28T15:49:00+00:00\",\"dateModified\":\"2015-04-17T19:25:41+00:00\",\"breadcrumb\":{\"@id\":\"https:\\\/\\\/amorpazycaridad.es\\\/el-entorno-preparacion\\\/#breadcrumb\"},\"inLanguage\":\"es\",\"potentialAction\":[{\"@type\":\"ReadAction\",\"target\":[\"https:\\\/\\\/amorpazycaridad.es\\\/el-entorno-preparacion\\\/\"]}]},{\"@type\":\"ImageObject\",\"inLanguage\":\"es\",\"@id\":\"https:\\\/\\\/amorpazycaridad.es\\\/el-entorno-preparacion\\\/#primaryimage\",\"url\":\"https:\\\/\\\/amorpazy-cp515.wordpresstemporal.com\\\/amorpazycaridad.es\\\/wp-content\\\/uploads\\\/2012\\\/05\\\/REUNION-300x1801.jpg\",\"contentUrl\":\"https:\\\/\\\/amorpazy-cp515.wordpresstemporal.com\\\/amorpazycaridad.es\\\/wp-content\\\/uploads\\\/2012\\\/05\\\/REUNION-300x1801.jpg\",\"width\":550,\"height\":330},{\"@type\":\"BreadcrumbList\",\"@id\":\"https:\\\/\\\/amorpazycaridad.es\\\/el-entorno-preparacion\\\/#breadcrumb\",\"itemListElement\":[{\"@type\":\"ListItem\",\"position\":1,\"name\":\"Portada\",\"item\":\"https:\\\/\\\/amorpazy-cp515.wordpresstemporal.com\\\/amorpazycaridad.es\\\/\"},{\"@type\":\"ListItem\",\"position\":2,\"name\":\"EL ENTORNO. PREPARACI\u00d3N\"}]},{\"@type\":\"WebSite\",\"@id\":\"https:\\\/\\\/amorpazy-cp515.wordpresstemporal.com\\\/amorpazycaridad.es\\\/#website\",\"url\":\"https:\\\/\\\/amorpazy-cp515.wordpresstemporal.com\\\/amorpazycaridad.es\\\/\",\"name\":\"Amor, paz caridad\",\"description\":\"Conocimiento espiritual, espiritismo, espiritualismo, leyes universales, m\u00e1s all\u00e1, vida despu\u00e9s de la vida,\",\"publisher\":{\"@id\":\"https:\\\/\\\/amorpazy-cp515.wordpresstemporal.com\\\/amorpazycaridad.es\\\/#organization\"},\"potentialAction\":[{\"@type\":\"SearchAction\",\"target\":{\"@type\":\"EntryPoint\",\"urlTemplate\":\"https:\\\/\\\/amorpazy-cp515.wordpresstemporal.com\\\/amorpazycaridad.es\\\/?s={search_term_string}\"},\"query-input\":{\"@type\":\"PropertyValueSpecification\",\"valueRequired\":true,\"valueName\":\"search_term_string\"}}],\"inLanguage\":\"es\"},{\"@type\":\"Organization\",\"@id\":\"https:\\\/\\\/amorpazy-cp515.wordpresstemporal.com\\\/amorpazycaridad.es\\\/#organization\",\"name\":\"Asociaci\u00f3n de Estudios Espirituales Grupo Villena\",\"url\":\"https:\\\/\\\/amorpazy-cp515.wordpresstemporal.com\\\/amorpazycaridad.es\\\/\",\"logo\":{\"@type\":\"ImageObject\",\"inLanguage\":\"es\",\"@id\":\"https:\\\/\\\/amorpazy-cp515.wordpresstemporal.com\\\/amorpazycaridad.es\\\/#\\\/schema\\\/logo\\\/image\\\/\",\"url\":\"https:\\\/\\\/amorpazycaridad.es\\\/wp-content\\\/uploads\\\/2015\\\/01\\\/logo-fav-e1420247830294.jpg\",\"contentUrl\":\"https:\\\/\\\/amorpazycaridad.es\\\/wp-content\\\/uploads\\\/2015\\\/01\\\/logo-fav-e1420247830294.jpg\",\"width\":144,\"height\":144,\"caption\":\"Asociaci\u00f3n de Estudios Espirituales Grupo Villena\"},\"image\":{\"@id\":\"https:\\\/\\\/amorpazy-cp515.wordpresstemporal.com\\\/amorpazycaridad.es\\\/#\\\/schema\\\/logo\\\/image\\\/\"},\"sameAs\":[\"http:\\\/\\\/www.facebook.com\\\/pages\\\/Amor-paz-y-caridad\\\/1594978604096866\",\"https:\\\/\\\/x.com\\\/amorpazycaridad\",\"https:\\\/\\\/es.pinterest.com\\\/amorpazycaridad\\\/\",\"https:\\\/\\\/www.youtube.com\\\/channel\\\/UC1GvDIDCLoL02SzOD7NJdrA\"]},{\"@type\":\"Person\",\"@id\":\"https:\\\/\\\/amorpazy-cp515.wordpresstemporal.com\\\/amorpazycaridad.es\\\/#\\\/schema\\\/person\\\/6f0cedb316ce549a85d79dba9ebb353e\",\"name\":\"Jos\u00e9 Manuel Meseguer Clemente\",\"image\":{\"@type\":\"ImageObject\",\"inLanguage\":\"es\",\"@id\":\"https:\\\/\\\/amorpazycaridad.es\\\/wp-content\\\/uploads\\\/2017\\\/11\\\/Archivo-1-11-17-12-31-35-96x96.jpegfd114e27cec70eafcf7bb076099603b6\",\"url\":\"https:\\\/\\\/amorpazycaridad.es\\\/wp-content\\\/uploads\\\/2017\\\/11\\\/Archivo-1-11-17-12-31-35-96x96.jpeg\",\"contentUrl\":\"https:\\\/\\\/amorpazycaridad.es\\\/wp-content\\\/uploads\\\/2017\\\/11\\\/Archivo-1-11-17-12-31-35-96x96.jpeg\",\"caption\":\"Jos\u00e9 Manuel Meseguer Clemente\"},\"description\":\"Jose Manuel Meseguer Clemente . Profesionalmente se dedica al Transporte Mar\u00edtimo. Autodidacta, divulgador y escritor. Como miembro del Grupo Villena desde hace m\u00e1s de 30 a\u00f1os, ha ofrecido conferencias y participado en diversos eventos, simposios y congresos, tanto nacionales como internacionales. Actualmente es redactor de la revista \u201cAmor Paz y Caridad\u201d, donde mensualmente publica art\u00edculos de inter\u00e9s y permanente actualidad. Adem\u00e1s, es socio colaborador de SEDE (Sociedad Espa\u00f1ola de Divulgadores Esp\u00edritas).\",\"sameAs\":[\"http:\\\/\\\/www.amorpazycaridad.com\"],\"url\":\"https:\\\/\\\/amorpazy-cp515.wordpresstemporal.com\\\/amorpazycaridad.es\\\/author\\\/jose-manuel\\\/\"}]}<\/script>\n<!-- \/ Yoast SEO plugin. -->","yoast_head_json":{"title":"EL ENTORNO. PREPARACI\u00d3N | Amor, paz caridad","robots":{"index":"index","follow":"follow","max-snippet":"max-snippet:-1","max-image-preview":"max-image-preview:large","max-video-preview":"max-video-preview:-1"},"canonical":"https:\/\/amorpazycaridad.es\/el-entorno-preparacion\/","og_locale":"es_ES","og_type":"article","og_title":"EL ENTORNO. PREPARACI\u00d3N | Amor, paz caridad","og_description":"\u00a0 \u00a0 En esta ocasi\u00f3n vamos a continuar profundizando un poco m\u00e1s en lo que significa \u201cel entorno\u201d y la importancia de la \u201cpreparaci\u00f3n\u201d para culminar en el trabajo mediumnico de los grupos espiritas. Como se ha dicho en otras ocasiones, los grupos mediumnicos\u00a0 no se pueden improvisar, ni acudir como quien acude a un [&hellip;]","og_url":"https:\/\/amorpazycaridad.es\/el-entorno-preparacion\/","og_site_name":"Amor, paz caridad","article_publisher":"http:\/\/www.facebook.com\/pages\/Amor-paz-y-caridad\/1594978604096866","article_published_time":"2012-05-28T15:49:00+00:00","article_modified_time":"2015-04-17T19:25:41+00:00","og_image":[{"width":550,"height":330,"url":"https:\/\/amorpazycaridad.es\/wp-content\/uploads\/2012\/05\/REUNION-300x1801.jpg","type":"image\/jpeg"}],"author":"Jose Manuel","twitter_card":"summary_large_image","twitter_creator":"@amorpazycaridad","twitter_site":"@amorpazycaridad","twitter_misc":{"Escrito por":"Jos\u00e9 Manuel Meseguer Clemente","Tiempo de lectura":"5 minutos"},"schema":{"@context":"https:\/\/schema.org","@graph":[{"@type":"Article","@id":"https:\/\/amorpazycaridad.es\/el-entorno-preparacion\/#article","isPartOf":{"@id":"https:\/\/amorpazycaridad.es\/el-entorno-preparacion\/"},"author":{"name":"Jos\u00e9 Manuel Meseguer Clemente","@id":"https:\/\/amorpazy-cp515.wordpresstemporal.com\/amorpazycaridad.es\/#\/schema\/person\/6f0cedb316ce549a85d79dba9ebb353e"},"headline":"EL ENTORNO. PREPARACI\u00d3N","datePublished":"2012-05-28T15:49:00+00:00","dateModified":"2015-04-17T19:25:41+00:00","mainEntityOfPage":{"@id":"https:\/\/amorpazycaridad.es\/el-entorno-preparacion\/"},"wordCount":975,"commentCount":0,"publisher":{"@id":"https:\/\/amorpazy-cp515.wordpresstemporal.com\/amorpazycaridad.es\/#organization"},"image":{"@id":"https:\/\/amorpazycaridad.es\/el-entorno-preparacion\/#primaryimage"},"thumbnailUrl":"https:\/\/amorpazy-cp515.wordpresstemporal.com\/amorpazycaridad.es\/wp-content\/uploads\/2012\/05\/REUNION-300x1801.jpg","keywords":["flexibilidad","grupos medi\u00famnicos","h\u00e1bito de la oraci\u00f3n","Nuevos Tiempos","rivalidades entre m\u00e9diums","valorar a los otros"],"articleSection":["Nuevos tiempos"],"inLanguage":"es","potentialAction":[{"@type":"CommentAction","name":"Comment","target":["https:\/\/amorpazycaridad.es\/el-entorno-preparacion\/#respond"]}]},{"@type":"WebPage","@id":"https:\/\/amorpazycaridad.es\/el-entorno-preparacion\/","url":"https:\/\/amorpazycaridad.es\/el-entorno-preparacion\/","name":"EL ENTORNO. PREPARACI\u00d3N | Amor, paz caridad","isPartOf":{"@id":"https:\/\/amorpazy-cp515.wordpresstemporal.com\/amorpazycaridad.es\/#website"},"primaryImageOfPage":{"@id":"https:\/\/amorpazycaridad.es\/el-entorno-preparacion\/#primaryimage"},"image":{"@id":"https:\/\/amorpazycaridad.es\/el-entorno-preparacion\/#primaryimage"},"thumbnailUrl":"https:\/\/amorpazy-cp515.wordpresstemporal.com\/amorpazycaridad.es\/wp-content\/uploads\/2012\/05\/REUNION-300x1801.jpg","datePublished":"2012-05-28T15:49:00+00:00","dateModified":"2015-04-17T19:25:41+00:00","breadcrumb":{"@id":"https:\/\/amorpazycaridad.es\/el-entorno-preparacion\/#breadcrumb"},"inLanguage":"es","potentialAction":[{"@type":"ReadAction","target":["https:\/\/amorpazycaridad.es\/el-entorno-preparacion\/"]}]},{"@type":"ImageObject","inLanguage":"es","@id":"https:\/\/amorpazycaridad.es\/el-entorno-preparacion\/#primaryimage","url":"https:\/\/amorpazy-cp515.wordpresstemporal.com\/amorpazycaridad.es\/wp-content\/uploads\/2012\/05\/REUNION-300x1801.jpg","contentUrl":"https:\/\/amorpazy-cp515.wordpresstemporal.com\/amorpazycaridad.es\/wp-content\/uploads\/2012\/05\/REUNION-300x1801.jpg","width":550,"height":330},{"@type":"BreadcrumbList","@id":"https:\/\/amorpazycaridad.es\/el-entorno-preparacion\/#breadcrumb","itemListElement":[{"@type":"ListItem","position":1,"name":"Portada","item":"https:\/\/amorpazy-cp515.wordpresstemporal.com\/amorpazycaridad.es\/"},{"@type":"ListItem","position":2,"name":"EL ENTORNO. PREPARACI\u00d3N"}]},{"@type":"WebSite","@id":"https:\/\/amorpazy-cp515.wordpresstemporal.com\/amorpazycaridad.es\/#website","url":"https:\/\/amorpazy-cp515.wordpresstemporal.com\/amorpazycaridad.es\/","name":"Amor, paz caridad","description":"Conocimiento espiritual, espiritismo, espiritualismo, leyes universales, m\u00e1s all\u00e1, vida despu\u00e9s de la vida,","publisher":{"@id":"https:\/\/amorpazy-cp515.wordpresstemporal.com\/amorpazycaridad.es\/#organization"},"potentialAction":[{"@type":"SearchAction","target":{"@type":"EntryPoint","urlTemplate":"https:\/\/amorpazy-cp515.wordpresstemporal.com\/amorpazycaridad.es\/?s={search_term_string}"},"query-input":{"@type":"PropertyValueSpecification","valueRequired":true,"valueName":"search_term_string"}}],"inLanguage":"es"},{"@type":"Organization","@id":"https:\/\/amorpazy-cp515.wordpresstemporal.com\/amorpazycaridad.es\/#organization","name":"Asociaci\u00f3n de Estudios Espirituales Grupo Villena","url":"https:\/\/amorpazy-cp515.wordpresstemporal.com\/amorpazycaridad.es\/","logo":{"@type":"ImageObject","inLanguage":"es","@id":"https:\/\/amorpazy-cp515.wordpresstemporal.com\/amorpazycaridad.es\/#\/schema\/logo\/image\/","url":"https:\/\/amorpazycaridad.es\/wp-content\/uploads\/2015\/01\/logo-fav-e1420247830294.jpg","contentUrl":"https:\/\/amorpazycaridad.es\/wp-content\/uploads\/2015\/01\/logo-fav-e1420247830294.jpg","width":144,"height":144,"caption":"Asociaci\u00f3n de Estudios Espirituales Grupo Villena"},"image":{"@id":"https:\/\/amorpazy-cp515.wordpresstemporal.com\/amorpazycaridad.es\/#\/schema\/logo\/image\/"},"sameAs":["http:\/\/www.facebook.com\/pages\/Amor-paz-y-caridad\/1594978604096866","https:\/\/x.com\/amorpazycaridad","https:\/\/es.pinterest.com\/amorpazycaridad\/","https:\/\/www.youtube.com\/channel\/UC1GvDIDCLoL02SzOD7NJdrA"]},{"@type":"Person","@id":"https:\/\/amorpazy-cp515.wordpresstemporal.com\/amorpazycaridad.es\/#\/schema\/person\/6f0cedb316ce549a85d79dba9ebb353e","name":"Jos\u00e9 Manuel Meseguer Clemente","image":{"@type":"ImageObject","inLanguage":"es","@id":"https:\/\/amorpazycaridad.es\/wp-content\/uploads\/2017\/11\/Archivo-1-11-17-12-31-35-96x96.jpegfd114e27cec70eafcf7bb076099603b6","url":"https:\/\/amorpazycaridad.es\/wp-content\/uploads\/2017\/11\/Archivo-1-11-17-12-31-35-96x96.jpeg","contentUrl":"https:\/\/amorpazycaridad.es\/wp-content\/uploads\/2017\/11\/Archivo-1-11-17-12-31-35-96x96.jpeg","caption":"Jos\u00e9 Manuel Meseguer Clemente"},"description":"Jose Manuel Meseguer Clemente . Profesionalmente se dedica al Transporte Mar\u00edtimo. Autodidacta, divulgador y escritor. Como miembro del Grupo Villena desde hace m\u00e1s de 30 a\u00f1os, ha ofrecido conferencias y participado en diversos eventos, simposios y congresos, tanto nacionales como internacionales. Actualmente es redactor de la revista \u201cAmor Paz y Caridad\u201d, donde mensualmente publica art\u00edculos de inter\u00e9s y permanente actualidad. Adem\u00e1s, es socio colaborador de SEDE (Sociedad Espa\u00f1ola de Divulgadores Esp\u00edritas).","sameAs":["http:\/\/www.amorpazycaridad.com"],"url":"https:\/\/amorpazy-cp515.wordpresstemporal.com\/amorpazycaridad.es\/author\/jose-manuel\/"}]}},"authors":[{"term_id":408,"user_id":0,"is_guest":1,"slug":"cap-jose-manuel","display_name":"Jose Manuel","avatar_url":"https:\/\/secure.gravatar.com\/avatar\/?s=96&d=mm&r=g","0":null,"1":"","2":"","3":"","4":"","5":"","6":"","7":"","8":""}],"_links":{"self":[{"href":"https:\/\/amorpazy-cp515.wordpresstemporal.com\/amorpazycaridad.es\/wp-json\/wp\/v2\/posts\/989","targetHints":{"allow":["GET"]}}],"collection":[{"href":"https:\/\/amorpazy-cp515.wordpresstemporal.com\/amorpazycaridad.es\/wp-json\/wp\/v2\/posts"}],"about":[{"href":"https:\/\/amorpazy-cp515.wordpresstemporal.com\/amorpazycaridad.es\/wp-json\/wp\/v2\/types\/post"}],"author":[{"embeddable":true,"href":"https:\/\/amorpazy-cp515.wordpresstemporal.com\/amorpazycaridad.es\/wp-json\/wp\/v2\/users\/5"}],"replies":[{"embeddable":true,"href":"https:\/\/amorpazy-cp515.wordpresstemporal.com\/amorpazycaridad.es\/wp-json\/wp\/v2\/comments?post=989"}],"version-history":[{"count":2,"href":"https:\/\/amorpazy-cp515.wordpresstemporal.com\/amorpazycaridad.es\/wp-json\/wp\/v2\/posts\/989\/revisions"}],"predecessor-version":[{"id":3473,"href":"https:\/\/amorpazy-cp515.wordpresstemporal.com\/amorpazycaridad.es\/wp-json\/wp\/v2\/posts\/989\/revisions\/3473"}],"wp:featuredmedia":[{"embeddable":true,"href":"https:\/\/amorpazy-cp515.wordpresstemporal.com\/amorpazycaridad.es\/wp-json\/wp\/v2\/media\/1357"}],"wp:attachment":[{"href":"https:\/\/amorpazy-cp515.wordpresstemporal.com\/amorpazycaridad.es\/wp-json\/wp\/v2\/media?parent=989"}],"wp:term":[{"taxonomy":"category","embeddable":true,"href":"https:\/\/amorpazy-cp515.wordpresstemporal.com\/amorpazycaridad.es\/wp-json\/wp\/v2\/categories?post=989"},{"taxonomy":"post_tag","embeddable":true,"href":"https:\/\/amorpazy-cp515.wordpresstemporal.com\/amorpazycaridad.es\/wp-json\/wp\/v2\/tags?post=989"},{"taxonomy":"author","embeddable":true,"href":"https:\/\/amorpazy-cp515.wordpresstemporal.com\/amorpazycaridad.es\/wp-json\/wp\/v2\/ppma_author?post=989"}],"curies":[{"name":"wp","href":"https:\/\/api.w.org\/{rel}","templated":true}]}}