{"id":9749,"date":"2018-05-16T14:30:31","date_gmt":"2018-05-16T12:30:31","guid":{"rendered":"https:\/\/amorpazycaridad.es\/?p=9749"},"modified":"2018-08-16T19:05:53","modified_gmt":"2018-08-16T17:05:53","slug":"del-hombre-primitivo-al-angel","status":"publish","type":"post","link":"https:\/\/amorpazy-cp515.wordpresstemporal.com\/amorpazycaridad.es\/del-hombre-primitivo-al-angel\/","title":{"rendered":"DEL HOMBRE PRIMITIVO AL \u00c1NGEL"},"content":{"rendered":"<p class=\"p1\" style=\"text-align: justify;\"><span class=\"s1\"><strong>Del hombre primitivo al \u00e1ngel. <\/strong>En esta conferencia, nuestro compa\u00f1ero <a href=\"https:\/\/amorpazycaridad.es\/author\/jose-manuel\/\">Jos\u00e9 Manuel Meseguer<\/a> nos introduce de una manera sencilla, en el recorrido que realiza el esp\u00edritu, desde que es creado, hasta su etapa final de integraci\u00f3n consciente con la divinidad. Nos explica las diferentes fases evolutivas, sus dificultades, triunfos y fracasos; remarcando una idea poco conocida, y es que el esp\u00edritu no necesariamente ha de pasar por el mal para llegar al bien. El ser, desde que es creado, posee las herramientas necesarias para triunfar desde el principio, Dios nos dota de lo imprescindible para que el recorrido sea exitoso, siempre y cuando utilice su libre albedr\u00edo y su voluntad en beneficio del crecimiento espiritual, a trav\u00e9s de la vivencia de m\u00faltiples experiencias, desarrollo de la conciencia; evitando el mal, y de ese modo, alcanzar m\u00e1s pronto y con muchas menos dificultades la plenitud final.<\/span><\/p>\n<p>&nbsp;<\/p>\n<p style=\"text-align: right;\"><strong>Del hombre primitivo al \u00e1ngel<\/strong> por: Redacci\u00f3n<\/p>\n<p style=\"text-align: right;\">Amor, Paz y Caridad \u00a9 2018<\/p>\n","protected":false},"excerpt":{"rendered":"<p>Del hombre primitivo al \u00e1ngel. En esta conferencia, nuestro compa\u00f1ero Jos\u00e9 Manuel Meseguer nos introduce de una manera sencilla, en el recorrido que realiza el esp\u00edritu, desde que es creado, hasta su etapa final de integraci\u00f3n consciente con la divinidad. Nos explica las diferentes fases evolutivas, sus dificultades, triunfos y fracasos; remarcando una idea poco [&hellip;]<\/p>\n","protected":false},"author":2,"featured_media":10313,"comment_status":"open","ping_status":"open","sticky":false,"template":"","format":"video","meta":{"tdm_status":"","tdm_grid_status":"","footnotes":""},"categories":[17],"tags":[],"ppma_author":[396],"class_list":{"0":"post-9749","1":"post","2":"type-post","3":"status-publish","4":"format-video","5":"has-post-thumbnail","7":"category-conferencias","8":"post_format-post-format-video"},"yoast_head":"<!-- This site is optimized with the Yoast SEO plugin v27.7 - https:\/\/yoast.com\/product\/yoast-seo-wordpress\/ -->\n<title>DEL HOMBRE PRIMITIVO AL \u00c1NGEL | JOS\u00c9 M. MESEGUER | APC<\/title>\n<meta name=\"description\" content=\"En esta conferencia, Del hombre primitivo al \u00e1ngel nuestro compa\u00f1ero nos introduce de una manera sencilla, en el recorrido que realiza el esp\u00edritu, desde que es creado, hasta su etapa final de integraci\u00f3n consciente con la divinidad. Nos explica las diferentes fases evolutivas, sus dificultades, triunfos y fracasos...\" \/>\n<meta name=\"robots\" content=\"index, follow, max-snippet:-1, max-image-preview:large, max-video-preview:-1\" \/>\n<link rel=\"canonical\" href=\"https:\/\/amorpazy-cp515.wordpresstemporal.com\/amorpazycaridad.es\/del-hombre-primitivo-al-angel\/\" \/>\n<meta property=\"og:locale\" content=\"es_ES\" \/>\n<meta property=\"og:type\" content=\"article\" \/>\n<meta property=\"og:title\" content=\"DEL HOMBRE PRIMITIVO AL \u00c1NGEL | JOS\u00c9 M. MESEGUER | APC\" \/>\n<meta property=\"og:description\" content=\"En esta conferencia, Del hombre primitivo al \u00e1ngel nuestro compa\u00f1ero nos introduce de una manera sencilla, en el recorrido que realiza el esp\u00edritu, desde que es creado, hasta su etapa final de integraci\u00f3n consciente con la divinidad. Nos explica las diferentes fases evolutivas, sus dificultades, triunfos y fracasos...\" \/>\n<meta property=\"og:url\" content=\"https:\/\/amorpazy-cp515.wordpresstemporal.com\/amorpazycaridad.es\/del-hombre-primitivo-al-angel\/\" \/>\n<meta property=\"og:site_name\" content=\"Amor, paz caridad\" \/>\n<meta property=\"article:publisher\" content=\"http:\/\/www.facebook.com\/pages\/Amor-paz-y-caridad\/1594978604096866\" \/>\n<meta property=\"article:published_time\" content=\"2018-05-16T12:30:31+00:00\" \/>\n<meta property=\"article:modified_time\" content=\"2018-08-16T17:05:53+00:00\" \/>\n<meta property=\"og:image\" content=\"https:\/\/amorpazy-cp515.wordpresstemporal.com\/amorpazycaridad.es\/wp-content\/uploads\/2018\/05\/maxresdefault.jpg\" \/>\n\t<meta property=\"og:image:width\" content=\"1280\" \/>\n\t<meta property=\"og:image:height\" content=\"720\" \/>\n\t<meta property=\"og:image:type\" content=\"image\/jpeg\" \/>\n<meta name=\"author\" content=\"Redaccion\" \/>\n<meta name=\"twitter:card\" content=\"summary_large_image\" \/>\n<meta name=\"twitter:creator\" content=\"@amorpazycaridad\" \/>\n<meta name=\"twitter:site\" content=\"@amorpazycaridad\" \/>\n<meta name=\"twitter:label1\" content=\"Escrito por\" \/>\n\t<meta name=\"twitter:data1\" content=\"Redacci\u00f3n\" \/>\n\t<meta name=\"twitter:label2\" content=\"Tiempo de lectura\" \/>\n\t<meta name=\"twitter:data2\" content=\"1 minuto\" \/>\n<script type=\"application\/ld+json\" class=\"yoast-schema-graph\">{\"@context\":\"https:\\\/\\\/schema.org\",\"@graph\":[{\"@type\":\"Article\",\"@id\":\"https:\\\/\\\/amorpazy-cp515.wordpresstemporal.com\\\/amorpazycaridad.es\\\/del-hombre-primitivo-al-angel\\\/#article\",\"isPartOf\":{\"@id\":\"https:\\\/\\\/amorpazy-cp515.wordpresstemporal.com\\\/amorpazycaridad.es\\\/del-hombre-primitivo-al-angel\\\/\"},\"author\":{\"name\":\"Redacci\u00f3n\",\"@id\":\"https:\\\/\\\/amorpazy-cp515.wordpresstemporal.com\\\/amorpazycaridad.es\\\/#\\\/schema\\\/person\\\/44cbc218f1b29f65390e7c8a4fd0c28d\"},\"headline\":\"DEL HOMBRE PRIMITIVO AL \u00c1NGEL\",\"datePublished\":\"2018-05-16T12:30:31+00:00\",\"dateModified\":\"2018-08-16T17:05:53+00:00\",\"mainEntityOfPage\":{\"@id\":\"https:\\\/\\\/amorpazy-cp515.wordpresstemporal.com\\\/amorpazycaridad.es\\\/del-hombre-primitivo-al-angel\\\/\"},\"wordCount\":171,\"commentCount\":0,\"publisher\":{\"@id\":\"https:\\\/\\\/amorpazy-cp515.wordpresstemporal.com\\\/amorpazycaridad.es\\\/#organization\"},\"image\":{\"@id\":\"https:\\\/\\\/amorpazy-cp515.wordpresstemporal.com\\\/amorpazycaridad.es\\\/del-hombre-primitivo-al-angel\\\/#primaryimage\"},\"thumbnailUrl\":\"https:\\\/\\\/amorpazy-cp515.wordpresstemporal.com\\\/amorpazycaridad.es\\\/wp-content\\\/uploads\\\/2018\\\/05\\\/maxresdefault.jpg\",\"articleSection\":[\"Conferencias\"],\"inLanguage\":\"es\",\"potentialAction\":[{\"@type\":\"CommentAction\",\"name\":\"Comment\",\"target\":[\"https:\\\/\\\/amorpazy-cp515.wordpresstemporal.com\\\/amorpazycaridad.es\\\/del-hombre-primitivo-al-angel\\\/#respond\"]}]},{\"@type\":\"WebPage\",\"@id\":\"https:\\\/\\\/amorpazy-cp515.wordpresstemporal.com\\\/amorpazycaridad.es\\\/del-hombre-primitivo-al-angel\\\/\",\"url\":\"https:\\\/\\\/amorpazy-cp515.wordpresstemporal.com\\\/amorpazycaridad.es\\\/del-hombre-primitivo-al-angel\\\/\",\"name\":\"DEL HOMBRE PRIMITIVO AL \u00c1NGEL | JOS\u00c9 M. MESEGUER | APC\",\"isPartOf\":{\"@id\":\"https:\\\/\\\/amorpazy-cp515.wordpresstemporal.com\\\/amorpazycaridad.es\\\/#website\"},\"primaryImageOfPage\":{\"@id\":\"https:\\\/\\\/amorpazy-cp515.wordpresstemporal.com\\\/amorpazycaridad.es\\\/del-hombre-primitivo-al-angel\\\/#primaryimage\"},\"image\":{\"@id\":\"https:\\\/\\\/amorpazy-cp515.wordpresstemporal.com\\\/amorpazycaridad.es\\\/del-hombre-primitivo-al-angel\\\/#primaryimage\"},\"thumbnailUrl\":\"https:\\\/\\\/amorpazy-cp515.wordpresstemporal.com\\\/amorpazycaridad.es\\\/wp-content\\\/uploads\\\/2018\\\/05\\\/maxresdefault.jpg\",\"datePublished\":\"2018-05-16T12:30:31+00:00\",\"dateModified\":\"2018-08-16T17:05:53+00:00\",\"description\":\"En esta conferencia, Del hombre primitivo al \u00e1ngel nuestro compa\u00f1ero nos introduce de una manera sencilla, en el recorrido que realiza el esp\u00edritu, desde que es creado, hasta su etapa final de integraci\u00f3n consciente con la divinidad. Nos explica las diferentes fases evolutivas, sus dificultades, triunfos y fracasos...\",\"breadcrumb\":{\"@id\":\"https:\\\/\\\/amorpazy-cp515.wordpresstemporal.com\\\/amorpazycaridad.es\\\/del-hombre-primitivo-al-angel\\\/#breadcrumb\"},\"inLanguage\":\"es\",\"potentialAction\":[{\"@type\":\"ReadAction\",\"target\":[\"https:\\\/\\\/amorpazy-cp515.wordpresstemporal.com\\\/amorpazycaridad.es\\\/del-hombre-primitivo-al-angel\\\/\"]}]},{\"@type\":\"ImageObject\",\"inLanguage\":\"es\",\"@id\":\"https:\\\/\\\/amorpazy-cp515.wordpresstemporal.com\\\/amorpazycaridad.es\\\/del-hombre-primitivo-al-angel\\\/#primaryimage\",\"url\":\"https:\\\/\\\/amorpazy-cp515.wordpresstemporal.com\\\/amorpazycaridad.es\\\/wp-content\\\/uploads\\\/2018\\\/05\\\/maxresdefault.jpg\",\"contentUrl\":\"https:\\\/\\\/amorpazy-cp515.wordpresstemporal.com\\\/amorpazycaridad.es\\\/wp-content\\\/uploads\\\/2018\\\/05\\\/maxresdefault.jpg\",\"width\":1280,\"height\":720},{\"@type\":\"BreadcrumbList\",\"@id\":\"https:\\\/\\\/amorpazy-cp515.wordpresstemporal.com\\\/amorpazycaridad.es\\\/del-hombre-primitivo-al-angel\\\/#breadcrumb\",\"itemListElement\":[{\"@type\":\"ListItem\",\"position\":1,\"name\":\"Portada\",\"item\":\"https:\\\/\\\/amorpazy-cp515.wordpresstemporal.com\\\/amorpazycaridad.es\\\/\"},{\"@type\":\"ListItem\",\"position\":2,\"name\":\"DEL HOMBRE PRIMITIVO AL \u00c1NGEL\"}]},{\"@type\":\"WebSite\",\"@id\":\"https:\\\/\\\/amorpazy-cp515.wordpresstemporal.com\\\/amorpazycaridad.es\\\/#website\",\"url\":\"https:\\\/\\\/amorpazy-cp515.wordpresstemporal.com\\\/amorpazycaridad.es\\\/\",\"name\":\"Amor, paz caridad\",\"description\":\"Conocimiento espiritual, espiritismo, espiritualismo, leyes universales, m\u00e1s all\u00e1, vida despu\u00e9s de la vida,\",\"publisher\":{\"@id\":\"https:\\\/\\\/amorpazy-cp515.wordpresstemporal.com\\\/amorpazycaridad.es\\\/#organization\"},\"potentialAction\":[{\"@type\":\"SearchAction\",\"target\":{\"@type\":\"EntryPoint\",\"urlTemplate\":\"https:\\\/\\\/amorpazy-cp515.wordpresstemporal.com\\\/amorpazycaridad.es\\\/?s={search_term_string}\"},\"query-input\":{\"@type\":\"PropertyValueSpecification\",\"valueRequired\":true,\"valueName\":\"search_term_string\"}}],\"inLanguage\":\"es\"},{\"@type\":\"Organization\",\"@id\":\"https:\\\/\\\/amorpazy-cp515.wordpresstemporal.com\\\/amorpazycaridad.es\\\/#organization\",\"name\":\"Asociaci\u00f3n de Estudios Espirituales Grupo Villena\",\"url\":\"https:\\\/\\\/amorpazy-cp515.wordpresstemporal.com\\\/amorpazycaridad.es\\\/\",\"logo\":{\"@type\":\"ImageObject\",\"inLanguage\":\"es\",\"@id\":\"https:\\\/\\\/amorpazy-cp515.wordpresstemporal.com\\\/amorpazycaridad.es\\\/#\\\/schema\\\/logo\\\/image\\\/\",\"url\":\"https:\\\/\\\/amorpazycaridad.es\\\/wp-content\\\/uploads\\\/2015\\\/01\\\/logo-fav-e1420247830294.jpg\",\"contentUrl\":\"https:\\\/\\\/amorpazycaridad.es\\\/wp-content\\\/uploads\\\/2015\\\/01\\\/logo-fav-e1420247830294.jpg\",\"width\":144,\"height\":144,\"caption\":\"Asociaci\u00f3n de Estudios Espirituales Grupo Villena\"},\"image\":{\"@id\":\"https:\\\/\\\/amorpazy-cp515.wordpresstemporal.com\\\/amorpazycaridad.es\\\/#\\\/schema\\\/logo\\\/image\\\/\"},\"sameAs\":[\"http:\\\/\\\/www.facebook.com\\\/pages\\\/Amor-paz-y-caridad\\\/1594978604096866\",\"https:\\\/\\\/x.com\\\/amorpazycaridad\",\"https:\\\/\\\/es.pinterest.com\\\/amorpazycaridad\\\/\",\"https:\\\/\\\/www.youtube.com\\\/channel\\\/UC1GvDIDCLoL02SzOD7NJdrA\"]},{\"@type\":\"Person\",\"@id\":\"https:\\\/\\\/amorpazy-cp515.wordpresstemporal.com\\\/amorpazycaridad.es\\\/#\\\/schema\\\/person\\\/44cbc218f1b29f65390e7c8a4fd0c28d\",\"name\":\"Redacci\u00f3n\",\"image\":{\"@type\":\"ImageObject\",\"inLanguage\":\"es\",\"@id\":\"https:\\\/\\\/amorpazycaridad.es\\\/wp-content\\\/uploads\\\/2015\\\/01\\\/icono-114-96x96.jpg73ca1ff604f9e7c7607bbbfa84b61c44\",\"url\":\"https:\\\/\\\/amorpazycaridad.es\\\/wp-content\\\/uploads\\\/2015\\\/01\\\/icono-114-96x96.jpg\",\"contentUrl\":\"https:\\\/\\\/amorpazycaridad.es\\\/wp-content\\\/uploads\\\/2015\\\/01\\\/icono-114-96x96.jpg\",\"caption\":\"Redacci\u00f3n\"},\"sameAs\":[\"http:\\\/\\\/www.amorpazycaridad.com\"],\"url\":\"https:\\\/\\\/amorpazy-cp515.wordpresstemporal.com\\\/amorpazycaridad.es\\\/author\\\/redaccion\\\/\"}]}<\/script>\n<!-- \/ Yoast SEO plugin. -->","yoast_head_json":{"title":"DEL HOMBRE PRIMITIVO AL \u00c1NGEL | JOS\u00c9 M. MESEGUER | APC","description":"En esta conferencia, Del hombre primitivo al \u00e1ngel nuestro compa\u00f1ero nos introduce de una manera sencilla, en el recorrido que realiza el esp\u00edritu, desde que es creado, hasta su etapa final de integraci\u00f3n consciente con la divinidad. Nos explica las diferentes fases evolutivas, sus dificultades, triunfos y fracasos...","robots":{"index":"index","follow":"follow","max-snippet":"max-snippet:-1","max-image-preview":"max-image-preview:large","max-video-preview":"max-video-preview:-1"},"canonical":"https:\/\/amorpazy-cp515.wordpresstemporal.com\/amorpazycaridad.es\/del-hombre-primitivo-al-angel\/","og_locale":"es_ES","og_type":"article","og_title":"DEL HOMBRE PRIMITIVO AL \u00c1NGEL | JOS\u00c9 M. MESEGUER | APC","og_description":"En esta conferencia, Del hombre primitivo al \u00e1ngel nuestro compa\u00f1ero nos introduce de una manera sencilla, en el recorrido que realiza el esp\u00edritu, desde que es creado, hasta su etapa final de integraci\u00f3n consciente con la divinidad. Nos explica las diferentes fases evolutivas, sus dificultades, triunfos y fracasos...","og_url":"https:\/\/amorpazy-cp515.wordpresstemporal.com\/amorpazycaridad.es\/del-hombre-primitivo-al-angel\/","og_site_name":"Amor, paz caridad","article_publisher":"http:\/\/www.facebook.com\/pages\/Amor-paz-y-caridad\/1594978604096866","article_published_time":"2018-05-16T12:30:31+00:00","article_modified_time":"2018-08-16T17:05:53+00:00","og_image":[{"width":1280,"height":720,"url":"https:\/\/amorpazy-cp515.wordpresstemporal.com\/amorpazycaridad.es\/wp-content\/uploads\/2018\/05\/maxresdefault.jpg","type":"image\/jpeg"}],"author":"Redaccion","twitter_card":"summary_large_image","twitter_creator":"@amorpazycaridad","twitter_site":"@amorpazycaridad","twitter_misc":{"Escrito por":"Redacci\u00f3n","Tiempo de lectura":"1 minuto"},"schema":{"@context":"https:\/\/schema.org","@graph":[{"@type":"Article","@id":"https:\/\/amorpazy-cp515.wordpresstemporal.com\/amorpazycaridad.es\/del-hombre-primitivo-al-angel\/#article","isPartOf":{"@id":"https:\/\/amorpazy-cp515.wordpresstemporal.com\/amorpazycaridad.es\/del-hombre-primitivo-al-angel\/"},"author":{"name":"Redacci\u00f3n","@id":"https:\/\/amorpazy-cp515.wordpresstemporal.com\/amorpazycaridad.es\/#\/schema\/person\/44cbc218f1b29f65390e7c8a4fd0c28d"},"headline":"DEL HOMBRE PRIMITIVO AL \u00c1NGEL","datePublished":"2018-05-16T12:30:31+00:00","dateModified":"2018-08-16T17:05:53+00:00","mainEntityOfPage":{"@id":"https:\/\/amorpazy-cp515.wordpresstemporal.com\/amorpazycaridad.es\/del-hombre-primitivo-al-angel\/"},"wordCount":171,"commentCount":0,"publisher":{"@id":"https:\/\/amorpazy-cp515.wordpresstemporal.com\/amorpazycaridad.es\/#organization"},"image":{"@id":"https:\/\/amorpazy-cp515.wordpresstemporal.com\/amorpazycaridad.es\/del-hombre-primitivo-al-angel\/#primaryimage"},"thumbnailUrl":"https:\/\/amorpazy-cp515.wordpresstemporal.com\/amorpazycaridad.es\/wp-content\/uploads\/2018\/05\/maxresdefault.jpg","articleSection":["Conferencias"],"inLanguage":"es","potentialAction":[{"@type":"CommentAction","name":"Comment","target":["https:\/\/amorpazy-cp515.wordpresstemporal.com\/amorpazycaridad.es\/del-hombre-primitivo-al-angel\/#respond"]}]},{"@type":"WebPage","@id":"https:\/\/amorpazy-cp515.wordpresstemporal.com\/amorpazycaridad.es\/del-hombre-primitivo-al-angel\/","url":"https:\/\/amorpazy-cp515.wordpresstemporal.com\/amorpazycaridad.es\/del-hombre-primitivo-al-angel\/","name":"DEL HOMBRE PRIMITIVO AL \u00c1NGEL | JOS\u00c9 M. MESEGUER | APC","isPartOf":{"@id":"https:\/\/amorpazy-cp515.wordpresstemporal.com\/amorpazycaridad.es\/#website"},"primaryImageOfPage":{"@id":"https:\/\/amorpazy-cp515.wordpresstemporal.com\/amorpazycaridad.es\/del-hombre-primitivo-al-angel\/#primaryimage"},"image":{"@id":"https:\/\/amorpazy-cp515.wordpresstemporal.com\/amorpazycaridad.es\/del-hombre-primitivo-al-angel\/#primaryimage"},"thumbnailUrl":"https:\/\/amorpazy-cp515.wordpresstemporal.com\/amorpazycaridad.es\/wp-content\/uploads\/2018\/05\/maxresdefault.jpg","datePublished":"2018-05-16T12:30:31+00:00","dateModified":"2018-08-16T17:05:53+00:00","description":"En esta conferencia, Del hombre primitivo al \u00e1ngel nuestro compa\u00f1ero nos introduce de una manera sencilla, en el recorrido que realiza el esp\u00edritu, desde que es creado, hasta su etapa final de integraci\u00f3n consciente con la divinidad. Nos explica las diferentes fases evolutivas, sus dificultades, triunfos y fracasos...","breadcrumb":{"@id":"https:\/\/amorpazy-cp515.wordpresstemporal.com\/amorpazycaridad.es\/del-hombre-primitivo-al-angel\/#breadcrumb"},"inLanguage":"es","potentialAction":[{"@type":"ReadAction","target":["https:\/\/amorpazy-cp515.wordpresstemporal.com\/amorpazycaridad.es\/del-hombre-primitivo-al-angel\/"]}]},{"@type":"ImageObject","inLanguage":"es","@id":"https:\/\/amorpazy-cp515.wordpresstemporal.com\/amorpazycaridad.es\/del-hombre-primitivo-al-angel\/#primaryimage","url":"https:\/\/amorpazy-cp515.wordpresstemporal.com\/amorpazycaridad.es\/wp-content\/uploads\/2018\/05\/maxresdefault.jpg","contentUrl":"https:\/\/amorpazy-cp515.wordpresstemporal.com\/amorpazycaridad.es\/wp-content\/uploads\/2018\/05\/maxresdefault.jpg","width":1280,"height":720},{"@type":"BreadcrumbList","@id":"https:\/\/amorpazy-cp515.wordpresstemporal.com\/amorpazycaridad.es\/del-hombre-primitivo-al-angel\/#breadcrumb","itemListElement":[{"@type":"ListItem","position":1,"name":"Portada","item":"https:\/\/amorpazy-cp515.wordpresstemporal.com\/amorpazycaridad.es\/"},{"@type":"ListItem","position":2,"name":"DEL HOMBRE PRIMITIVO AL \u00c1NGEL"}]},{"@type":"WebSite","@id":"https:\/\/amorpazy-cp515.wordpresstemporal.com\/amorpazycaridad.es\/#website","url":"https:\/\/amorpazy-cp515.wordpresstemporal.com\/amorpazycaridad.es\/","name":"Amor, paz caridad","description":"Conocimiento espiritual, espiritismo, espiritualismo, leyes universales, m\u00e1s all\u00e1, vida despu\u00e9s de la vida,","publisher":{"@id":"https:\/\/amorpazy-cp515.wordpresstemporal.com\/amorpazycaridad.es\/#organization"},"potentialAction":[{"@type":"SearchAction","target":{"@type":"EntryPoint","urlTemplate":"https:\/\/amorpazy-cp515.wordpresstemporal.com\/amorpazycaridad.es\/?s={search_term_string}"},"query-input":{"@type":"PropertyValueSpecification","valueRequired":true,"valueName":"search_term_string"}}],"inLanguage":"es"},{"@type":"Organization","@id":"https:\/\/amorpazy-cp515.wordpresstemporal.com\/amorpazycaridad.es\/#organization","name":"Asociaci\u00f3n de Estudios Espirituales Grupo Villena","url":"https:\/\/amorpazy-cp515.wordpresstemporal.com\/amorpazycaridad.es\/","logo":{"@type":"ImageObject","inLanguage":"es","@id":"https:\/\/amorpazy-cp515.wordpresstemporal.com\/amorpazycaridad.es\/#\/schema\/logo\/image\/","url":"https:\/\/amorpazycaridad.es\/wp-content\/uploads\/2015\/01\/logo-fav-e1420247830294.jpg","contentUrl":"https:\/\/amorpazycaridad.es\/wp-content\/uploads\/2015\/01\/logo-fav-e1420247830294.jpg","width":144,"height":144,"caption":"Asociaci\u00f3n de Estudios Espirituales Grupo Villena"},"image":{"@id":"https:\/\/amorpazy-cp515.wordpresstemporal.com\/amorpazycaridad.es\/#\/schema\/logo\/image\/"},"sameAs":["http:\/\/www.facebook.com\/pages\/Amor-paz-y-caridad\/1594978604096866","https:\/\/x.com\/amorpazycaridad","https:\/\/es.pinterest.com\/amorpazycaridad\/","https:\/\/www.youtube.com\/channel\/UC1GvDIDCLoL02SzOD7NJdrA"]},{"@type":"Person","@id":"https:\/\/amorpazy-cp515.wordpresstemporal.com\/amorpazycaridad.es\/#\/schema\/person\/44cbc218f1b29f65390e7c8a4fd0c28d","name":"Redacci\u00f3n","image":{"@type":"ImageObject","inLanguage":"es","@id":"https:\/\/amorpazycaridad.es\/wp-content\/uploads\/2015\/01\/icono-114-96x96.jpg73ca1ff604f9e7c7607bbbfa84b61c44","url":"https:\/\/amorpazycaridad.es\/wp-content\/uploads\/2015\/01\/icono-114-96x96.jpg","contentUrl":"https:\/\/amorpazycaridad.es\/wp-content\/uploads\/2015\/01\/icono-114-96x96.jpg","caption":"Redacci\u00f3n"},"sameAs":["http:\/\/www.amorpazycaridad.com"],"url":"https:\/\/amorpazy-cp515.wordpresstemporal.com\/amorpazycaridad.es\/author\/redaccion\/"}]}},"authors":[{"term_id":396,"user_id":0,"is_guest":1,"slug":"cap-redaccion","display_name":"Redaccion","avatar_url":"https:\/\/secure.gravatar.com\/avatar\/?s=96&d=mm&r=g","0":null,"1":"","2":"","3":"","4":"","5":"","6":"","7":"","8":""}],"_links":{"self":[{"href":"https:\/\/amorpazy-cp515.wordpresstemporal.com\/amorpazycaridad.es\/wp-json\/wp\/v2\/posts\/9749","targetHints":{"allow":["GET"]}}],"collection":[{"href":"https:\/\/amorpazy-cp515.wordpresstemporal.com\/amorpazycaridad.es\/wp-json\/wp\/v2\/posts"}],"about":[{"href":"https:\/\/amorpazy-cp515.wordpresstemporal.com\/amorpazycaridad.es\/wp-json\/wp\/v2\/types\/post"}],"author":[{"embeddable":true,"href":"https:\/\/amorpazy-cp515.wordpresstemporal.com\/amorpazycaridad.es\/wp-json\/wp\/v2\/users\/2"}],"replies":[{"embeddable":true,"href":"https:\/\/amorpazy-cp515.wordpresstemporal.com\/amorpazycaridad.es\/wp-json\/wp\/v2\/comments?post=9749"}],"version-history":[{"count":3,"href":"https:\/\/amorpazy-cp515.wordpresstemporal.com\/amorpazycaridad.es\/wp-json\/wp\/v2\/posts\/9749\/revisions"}],"predecessor-version":[{"id":9753,"href":"https:\/\/amorpazy-cp515.wordpresstemporal.com\/amorpazycaridad.es\/wp-json\/wp\/v2\/posts\/9749\/revisions\/9753"}],"wp:featuredmedia":[{"embeddable":true,"href":"https:\/\/amorpazy-cp515.wordpresstemporal.com\/amorpazycaridad.es\/wp-json\/wp\/v2\/media\/10313"}],"wp:attachment":[{"href":"https:\/\/amorpazy-cp515.wordpresstemporal.com\/amorpazycaridad.es\/wp-json\/wp\/v2\/media?parent=9749"}],"wp:term":[{"taxonomy":"category","embeddable":true,"href":"https:\/\/amorpazy-cp515.wordpresstemporal.com\/amorpazycaridad.es\/wp-json\/wp\/v2\/categories?post=9749"},{"taxonomy":"post_tag","embeddable":true,"href":"https:\/\/amorpazy-cp515.wordpresstemporal.com\/amorpazycaridad.es\/wp-json\/wp\/v2\/tags?post=9749"},{"taxonomy":"author","embeddable":true,"href":"https:\/\/amorpazy-cp515.wordpresstemporal.com\/amorpazycaridad.es\/wp-json\/wp\/v2\/ppma_author?post=9749"}],"curies":[{"name":"wp","href":"https:\/\/api.w.org\/{rel}","templated":true}]}}