{"id":971,"date":"2012-04-01T07:11:00","date_gmt":"2012-04-01T07:11:00","guid":{"rendered":"https:\/\/amorpazycaridad.es\/uncategorized\/editorial-28\/"},"modified":"2015-04-20T19:16:19","modified_gmt":"2015-04-20T18:16:19","slug":"problemas-de-la-personalidad-humana","status":"publish","type":"post","link":"https:\/\/amorpazy-cp515.wordpresstemporal.com\/amorpazycaridad.es\/problemas-de-la-personalidad-humana\/","title":{"rendered":"PROBLEMAS DE LA PERSONALIDAD HUMANA"},"content":{"rendered":"<div style=\"text-align: center;\" align=\"center\"><\/div>\n<div style=\"text-align: justify;\"><span lang=\"ES\"><span style=\"font-family: Arial;\">\u00a0 \u00a0<\/span><span style=\"font-family: Times, 'Times New Roman', serif; font-size: large;\"><i>Son muchas las facultades que capacitan al ser humano para discernir lo correcto de lo que no lo es; la voluntad de aplicar lo justo antes que lo injusto, la nobleza de actuar con coherencia y sinceridad sin pretender enga\u00f1arse a s\u00ed mismo con falsas<\/i><\/span><\/span><br \/>\n<a name=\"more\"><\/a><span lang=\"ES\"><span style=\"font-family: Times, 'Times New Roman', serif; font-size: large;\"><i> expectativas que distraen la soluci\u00f3n de los problemas al no querer enfrentarlos y s\u00ed desviarlos.\u00a0 <\/i><\/span><\/span><\/div>\n<div style=\"text-align: justify;\"><span lang=\"ES\"><span style=\"font-family: Times, 'Times New Roman', serif; font-size: large;\"><i>\u00a0<\/i><\/span><\/span><\/div>\n<div style=\"text-align: justify;\"><span lang=\"ES\"><span style=\"font-family: Times, 'Times New Roman', serif; font-size: large;\"><i>\u00a0 \u00a0Esta actitud de no querer enfrentar los problemas que nos surgen en la vida diaria sale del interior del propio hombre: la ley del m\u00ednimo esfuerzo y la comodidad de las situaciones nos impiden muchas veces actuar de forma directa, buscamos siempre rodear la situaci\u00f3n e incluso apartarla de nuestra mente creyendo err\u00f3neamente que desaparecer\u00e1 el problema o se solucionar\u00e1 por s\u00ed mismo.<\/i><\/span><\/span><\/div>\n<div style=\"text-align: justify;\"><span lang=\"ES\"><span style=\"font-family: Times, 'Times New Roman', serif; font-size: large;\"><i>\u00a0<\/i><\/span><\/span><\/div>\n<div style=\"text-align: justify;\"><span lang=\"ES\"><span style=\"font-family: Times, 'Times New Roman', serif; font-size: large;\"><i>\u00a0 Lamentablemente la experiencia demuestra que si no se enfrenta el problema, con el tiempo se hace m\u00e1s grande, e incluso el tiempo perjudica su soluci\u00f3n hasta llegar a ser irreversible. Baste como ejemplo, en el campo de las enfermedades mentales, algunas patolog\u00edas que se enrocan en nuestra mente y que nos llevan a estados de desequilibrios emocionales y psicol\u00f3gicos por no poner la soluci\u00f3n adecuada a su debido tiempo.<span style=\"color: red;\">\u00a0<\/span><\/i><\/span><\/span><\/div>\n<div style=\"text-align: justify;\"><span lang=\"ES\"><span style=\"color: red;\"><span style=\"font-family: Times, 'Times New Roman', serif; font-size: large;\"><i>\u00a0<\/i><\/span><\/span><\/span><\/div>\n<div style=\"text-align: justify;\"><span lang=\"ES\"><span style=\"font-family: Times, 'Times New Roman', serif; font-size: large;\"><i>\u00a0 Si esto ocurre a nivel fisiol\u00f3gico y mental, ni que decir tiene que en el apartado de la ciencia del esp\u00edritu las situaciones son todav\u00eda m\u00e1s claras y decisivas, puesto que la materia es temporal y transitoria mientras que el esp\u00edritu es inmortal y guarda en su interior el acervo y la trayectoria de todo nuestro pasado: con nuestra historia profunda, con nuestro bagaje personal, \u00fanico y diferenciado, donde se entrelazan las virtudes, defectos, actitudes y aptitudes psicol\u00f3gicas, sociales, mentales y espirituales que condicionan y forman nuestra personalidad presente.<\/i><\/span><\/span><\/div>\n<div style=\"text-align: justify;\"><span lang=\"ES\"><span style=\"font-family: Times, 'Times New Roman', serif; font-size: large;\"><i>\u00a0<\/i><\/span><\/span><\/div>\n<div style=\"text-align: justify;\"><span lang=\"ES\"><span style=\"font-family: Times, 'Times New Roman', serif; font-size: large;\"><i>\u00a0 En este an\u00e1lisis tenemos la ventaja y la claridad de contemplar al ser humano en su concepci\u00f3n integral: la de un ser eterno en proceso evolutivo cuya meta es la perfecci\u00f3n; donde la reencarnaci\u00f3n nos permite, vida tras vida, alcanzar nuevas metas de progreso mental y de conciencia, nuevos l\u00edmites de conocimiento y evoluci\u00f3n personal\u00a0 y espiritual.<\/i><\/span><\/span><\/div>\n<div style=\"text-align: justify;\"><span lang=\"ES\"><span style=\"font-family: Times, 'Times New Roman', serif; font-size: large;\"><i>\u00a0<\/i><\/span><\/span><\/div>\n<div style=\"text-align: justify;\"><span lang=\"ES\"><span style=\"font-family: Times, 'Times New Roman', serif; font-size: large;\"><i>\u00a0 \u00a0El desarrollo de un an\u00e1lisis ce\u00f1ido s\u00f3lo a la vida presente est\u00e1 cojo y deficiente, al no contemplar que la integridad del ser humano viene de atr\u00e1s y que para diagnosticar correctamente hay que tener en cuenta tanto el presente como sobre todo el pasado.<\/i><\/span><\/span><\/div>\n<div style=\"text-align: justify;\"><span lang=\"ES\"><span style=\"font-family: Times, 'Times New Roman', serif; font-size: large;\"><i>\u00a0<\/i><\/span><\/span><\/div>\n<div style=\"text-align: justify;\"><span lang=\"ES\"><span style=\"font-family: Times, 'Times New Roman', serif; font-size: large;\"><i>\u00a0 Pero volviendo a nuestro examen desde el punto de vista de la ciencia del esp\u00edritu inmortal, la soluci\u00f3n de los problemas tiene varias vertientes que es preciso mencionar a continuaci\u00f3n y que nos ayudar\u00e1 a entender mejor cu\u00e1l es el origen de los mismos, a fin de poder identificarlos y corregirlos.<\/i><\/span><\/span><\/div>\n<div style=\"text-align: justify;\"><span lang=\"ES\"><span style=\"font-family: Times, 'Times New Roman', serif; font-size: large;\"><i>\u00a0<\/i><\/span><\/span><\/div>\n<div style=\"text-align: justify;\"><span lang=\"ES\"><span style=\"font-family: Times, 'Times New Roman', serif; font-size: large;\"><i>\u00a0 Entre las distintas vertientes que originan problemas que acucian la personalidad humana, en su<b>\u00a0 <span style=\"text-decoration: underline;\">aspecto transcendente<\/span><\/b>, se encuentran las siguientes:<\/i><\/span><\/span><\/div>\n<div style=\"text-align: justify;\"><span lang=\"ES\"><span style=\"font-family: Times, 'Times New Roman', serif; font-size: large;\"><i>\u00a0<\/i><\/span><\/span><\/div>\n<div style=\"text-align: justify;\"><span lang=\"ES\"><span style=\"font-family: Times, 'Times New Roman', serif; font-size: large;\"><i>\u00a0 1.- Puede tratarse de <span style=\"text-decoration: underline;\">procesos deudores<\/span>, originados en el pasado; en una vida anterior y que debemos reparar en esta existencia porque la ley de causa y efecto as\u00ed lo determina aplicando la justicia divina que a todos trata por igual. <b>(Expiaci\u00f3n)<\/b><\/i><\/span><\/span><\/div>\n<div style=\"text-align: justify;\"><span lang=\"ES\"><b><span style=\"font-family: Times, 'Times New Roman', serif; font-size: large;\"><i>\u00a0<\/i><\/span><\/b><\/span><\/div>\n<div style=\"text-align: justify;\"><span lang=\"ES\"><span style=\"font-family: Times, 'Times New Roman', serif; font-size: large;\"><i>\u00a0 2.-\u00a0 Puede ser un <span style=\"text-decoration: underline;\">proceso de prueba<\/span> que el propio esp\u00edritu se impone a s\u00ed mismo antes de encarnar para intentar superar la dificultad y con ello encarar de forma n\u00edtida y fortalecida el resto de su existencia y los retos que ha propuesto superar. <b>(Prueba)<\/b><\/i><\/span><\/span><\/div>\n<div style=\"text-align: justify;\"><span lang=\"ES\"><b><span style=\"font-family: Times, 'Times New Roman', serif; font-size: large;\"><i>\u00a0<\/i><\/span><\/b><\/span><\/div>\n<div style=\"text-align: justify;\"><span lang=\"ES\"><span style=\"font-family: Times, 'Times New Roman', serif; font-size: large;\"><i>\u00a0 3.- Tambi\u00e9n pueden ser <span style=\"text-decoration: underline;\">problemas inducidos<\/span> por el libre albedr\u00edo de esp\u00edritus enemigos del pasado que intentan a trav\u00e9s de la obsesi\u00f3n cobrar deudas que piensan tenemos contra\u00eddas con ellos. <b>(Obsesi\u00f3n)<\/b><\/i><\/span><\/span><\/div>\n<div style=\"text-align: justify;\"><span lang=\"ES\"><b><span style=\"font-family: Times, 'Times New Roman', serif; font-size: large;\"><i>\u00a0<\/i><\/span><\/b><\/span><\/div>\n<div style=\"text-align: justify;\"><span lang=\"ES\"><span style=\"font-family: Times, 'Times New Roman', serif; font-size: large;\"><i>\u00a04.- Puede tratarse de la propia actitud de libre albedr\u00edo de aquellos que vienen comprometidos con nosotros en una vida (familiares) y que lejos de entender el motivo de la relaci\u00f3n que nos une, se empecinan en mantener sus h\u00e1bitos perniciosos y llegan a <span style=\"text-decoration: underline;\">condicionar nuestras decisiones y libre albedr\u00edo<\/span> hasta el punto de hacernos perder el norte de nuestro objetivo y compromiso pre-encarnatorio. <b>(Relaciones)<\/b><\/i><\/span><\/span><\/div>\n<div style=\"text-align: justify;\"><span lang=\"ES\"><b><span style=\"font-family: Times, 'Times New Roman', serif; font-size: large;\"><i>\u00a0<\/i><\/span><\/b><\/span><\/div>\n<div style=\"text-align: justify;\"><span lang=\"ES\"><span style=\"font-family: Times, 'Times New Roman', serif; font-size: large;\"><i>\u00a0 5.- \u00a0Y tambi\u00e9n puede acontecer que ante determinadas pruebas que la vida\u00a0 nos presenta, no seamos capaces de discernir qu\u00e9 es lo que debemos hacer, optando por la actitud m\u00e1s c\u00f3moda materialmente hablando, dej\u00e1ndonos llevar por el <span style=\"text-decoration: underline;\">materialismo<\/span> imperante y renunciando de hecho al objetivo que traemos comprometido con el esfuerzo y la superaci\u00f3n de aquello que se nos presenta.<b> (Comodidad y materialismo)<\/b><\/i><\/span><\/span><\/div>\n<div style=\"text-align: justify;\"><span lang=\"ES\"><b><span style=\"font-family: Times, 'Times New Roman', serif; font-size: large;\"><i>\u00a0<\/i><\/span><\/b><\/span><\/div>\n<div style=\"text-align: justify;\"><span lang=\"ES\"><span style=\"font-family: Times, 'Times New Roman', serif; font-size: large;\"><i>\u00a0 6.- Y por \u00faltimo puede tambi\u00e9n acontecer que nuestros <span style=\"text-decoration: underline;\">propios defectos<\/span> e imperfecciones morales tengan tanta fuerza y dominio sobre nosotros que una vez encarnamos se impongan de forma definitiva a la intuici\u00f3n que nos transmite nuestro propio esp\u00edritu, ahogando la voz de nuestra propia conciencia que intenta advertirnos de cu\u00e1l es el camino que debemos tomar y para el cual hemos encarnado. <b>(Imperfecci\u00f3n)<\/b><\/i><\/span><\/span><\/div>\n<div style=\"text-align: justify;\"><span lang=\"ES\"><b><span style=\"font-family: Times, 'Times New Roman', serif; font-size: large;\"><i>\u00a0<\/i><\/span><\/b><\/span><\/div>\n<div style=\"text-align: justify;\"><span lang=\"ES\"><span style=\"font-family: Times, 'Times New Roman', serif; font-size: large;\"><i>\u00a0 Sea como fuere, y si nos identificamos o no con alguna de esta casu\u00edstica, lo importante es comprender que en la vida se viene con un objetivo espiritual que no es otro que el del progreso espiritual; donde cada esp\u00edritu, \u00fanico y diferente, tiene su propio proyecto que debe llevar a cabo, es responsabilidad nuestra identificarlo e intentar cumplirlo, pues en ello nos va el aprovechar la oportunidad de progreso que se nos concede y que no siempre es posible obtener de la misericordia divina, debiendo esperar, a veces mucho tiempo, para poder reencarnar.<\/i><\/span><\/span><\/div>\n<div style=\"text-align: justify;\"><span lang=\"ES\"><span style=\"font-family: Times, 'Times New Roman', serif; font-size: large;\"><i>\u00a0<\/i><\/span><\/span><\/div>\n<div style=\"text-align: justify;\"><span lang=\"ES\"><span style=\"font-family: Times, 'Times New Roman', serif; font-size: large;\"><i>\u00a0 Si comprendemos las leyes que rigen el proceso evolutivo del esp\u00edritu uno de los mayores errores que podemos cometer es perder el tiempo en una vida en la tierra vegetando, dej\u00e1ndose llevar por los acontecimientos y sin intentar llegar a la realizaci\u00f3n personal, mejorando, aprendiendo, esforz\u00e1ndonos por ser mejores y ayudar a ser mejores a los dem\u00e1s.<\/i><\/span><\/span><\/div>\n<div style=\"text-align: justify;\"><span lang=\"ES\"><span style=\"font-family: Times, 'Times New Roman', serif; font-size: large;\"><i>\u00a0<\/i><\/span><\/span><\/div>\n<div style=\"text-align: justify;\"><span lang=\"ES\"><span style=\"font-family: Times, 'Times New Roman', serif; font-size: large;\"><i>\u00a0 La voluntad dirigida mediante nuestro raciocinio y discernimiento nos diferencia del resto de reinos de la naturaleza, y nos confiere el poder del libre albedr\u00edo; pero al mismo tiempo esta extraordinaria facultad nos obliga a la responsabilidad sobre nuestras actuaciones en las distintas existencias. Y las leyes evolutivas act\u00faan de forma perfecta e inmutable cuando no somos capaces de asumir nuestras responsabilidades.<\/i><\/span><\/span><\/div>\n<div style=\"text-align: justify;\"><span lang=\"ES\"><span style=\"font-family: Times, 'Times New Roman', serif; font-size: large;\"><i>\u00a0<\/i><\/span><\/span><\/div>\n<div style=\"text-align: justify;\"><span lang=\"ES\"><span style=\"font-family: Times, 'Times New Roman', serif; font-size: large;\"><i>\u00a0 Por ello, insistimos en que la espiritualidad superior se manifiesta en la voluntad, el discernimiento y la <b><span style=\"text-decoration: underline;\">capacidad de querer<\/span><\/b> <b><span style=\"text-decoration: underline;\">asumir los compromisos <\/span><\/b>que aceptamos previamente antes de encarnar.<\/i><\/span><\/span><\/div>\n<div style=\"text-align: justify;\"><span lang=\"ES\"><span style=\"font-family: Times, 'Times New Roman', serif; font-size: large;\"><i>\u00a0<\/i><\/span><\/span><\/div>\n<div style=\"text-align: justify;\"><span lang=\"ES\"><span style=\"font-family: Times, 'Times New Roman', serif; font-size: large;\"><i>\u00a0Cuando la renuncia a estos compromisos se instala en nosotros, por los\u00a0 motivos explicados anteriormente u otros de otra \u00edndole, estamos sembrando en nuestro interior la semilla de la infelicidad, la frustraci\u00f3n y el retraso evolutivo; y si ya nuestra conciencia nos lo recrimina estando encarnados, podemos pensar sin\u00a0 temor a equivocarnos que, cuando retornemos al mundo espiritual, el dolor moral y la decepci\u00f3n por la oportunidad perdida nos llevar\u00e1 a un estancamiento evolutivo de impredecibles consecuencias.<\/i><\/span><\/span><\/div>\n<div style=\"text-align: justify;\"><span lang=\"ES\"><span style=\"font-family: Times, 'Times New Roman', serif; font-size: large;\"><i>\u00a0<\/i><\/span><\/span><\/div>\n<div style=\"text-align: justify;\"><span lang=\"ES\"><span style=\"font-family: Times, 'Times New Roman', serif; font-size: large;\"><i>\u00a0 Es este el motivo por el cual invitamos a la reflexi\u00f3n a toda aquella persona con inquietudes espirituales que no se encuentre del todo satisfecha con su caminar por esta existencia. Es conveniente reflexionar para detectar d\u00f3nde est\u00e1 el problema, el entorpecimiento, la duda, la incertidumbre que nos atenaza; y una vez detectado el problema, sin p\u00e9rdida de tiempo, con la valent\u00eda necesaria, la determinaci\u00f3n de car\u00e1cter precisa y la nobleza para no enga\u00f1arnos a nosotros mismos, afrontar su soluci\u00f3n. <\/i><\/span><\/span><\/div>\n<div style=\"text-align: justify;\"><span lang=\"ES\"><span style=\"font-family: Times, 'Times New Roman', serif; font-size: large;\"><i>\u00a0<\/i><\/span><\/span><\/div>\n<div style=\"text-align: justify;\"><span lang=\"ES\"><span style=\"font-family: Times, 'Times New Roman', serif; font-size: large;\"><i>\u00a0 Seamos conscientes de que en esta lucha no estamos solos, contamos con una gran ayuda desde el plano espiritual, donde aquellos que vienen con nosotros desde el momento de nuestro nacimiento desean ayudarnos, protegernos y estimularnos a cumplir con lo que prometimos realizar; pero antes de todo es preciso el paso previo de movilizar nuestra voluntad y <span style=\"text-decoration: underline;\">ser los primeros en realizar el esfuerzo<\/span> para luego solicitar la ayuda necesaria. \u201cAy\u00fadate y te ayudar\u00e9\u201d. \u201cDios devuelve ciento por uno\u201d. \u201cPedid y se os dar\u00e1\u201d. <\/i><\/span><\/span><\/div>\n<div style=\"text-align: justify;\"><span lang=\"ES\"><span style=\"font-family: Times, 'Times New Roman', serif; font-size: large;\"><i>\u00a0<\/i><\/span><\/span><\/div>\n<div style=\"text-align: justify;\"><span lang=\"ES\"><span style=\"font-family: Times, 'Times New Roman', serif; font-size: large;\"><i>\u00a0 Hemos de dar el primer paso: asumir riesgos, enfrentar los problemas, desterrar la comodidad que atenaza nuestra materia, trabajar en nuestras debilidades e imperfecciones a trav\u00e9s de nuestra voluntad. <\/i><\/span><\/span><\/div>\n<div style=\"text-align: justify;\"><span lang=\"ES\"><span style=\"font-family: Times, 'Times New Roman', serif; font-size: large;\"><i>\u00a0<\/i><\/span><\/span><\/div>\n<div style=\"text-align: justify;\"><span lang=\"ES\"><span style=\"font-family: Times, 'Times New Roman', serif; font-size: large;\"><i>\u00a0 Debemos ganar el m\u00e9rito de la ayuda mediante el esfuerzo y la renuncia a nuestro ego\u00edsmo personal, solo as\u00ed estaremos en el camino de la redenci\u00f3n moral y el progreso espiritual que venimos a conseguir aqu\u00ed en la tierra y que nos permite rectificar errores del pasado y alcanzar nuevas metas de espiritualidad superior y felicidad futura.<\/i><\/span><\/span><\/div>\n<div style=\"text-align: justify;\"><span lang=\"ES\"><span style=\"font-family: Times, 'Times New Roman', serif; font-size: large;\"><i>\u00a0<\/i><\/span><\/span><\/div>\n<div style=\"text-align: right;\"><span lang=\"ES\"><span style=\"font-family: Times, 'Times New Roman', serif; font-size: large;\"><i>A.LL.F.<\/i><\/span><\/span><\/div>\n<div style=\"text-align: right;\"><span lang=\"ES\"><span style=\"font-family: Times, 'Times New Roman', serif; font-size: large;\"><i>Grupo Villena 2012<\/i><\/span><\/span><\/div>\n<div style=\"text-align: right;\"><span style=\"font-family: Times, 'Times New Roman', serif; font-size: large;\"><i>\u00a0<\/i><\/span><\/div>\n<div style=\"text-align: right;\"><span lang=\"ES\"><span style=\"font-family: Times, 'Times New Roman', serif; font-size: large;\"><i>\u00a0<\/i><\/span><\/span><\/div>\n<div style=\"text-align: right;\"><span lang=\"ES\" style=\"font-family: Arial;\">\u00a0<\/span><\/div>\n","protected":false},"excerpt":{"rendered":"<p>\u00a0 \u00a0Son muchas las facultades que capacitan al ser humano para discernir lo correcto de lo que no lo es; la voluntad de aplicar lo justo antes que lo injusto, la nobleza de actuar con coherencia y sinceridad sin pretender enga\u00f1arse a s\u00ed mismo con falsas expectativas que distraen la soluci\u00f3n de los problemas al [&hellip;]<\/p>\n","protected":false},"author":6,"featured_media":0,"comment_status":"open","ping_status":"open","sticky":false,"template":"","format":"standard","meta":{"tdm_status":"","tdm_grid_status":"","footnotes":""},"categories":[22],"tags":[1124,2215,505,1484,1487,1486,1485],"ppma_author":[407],"class_list":{"0":"post-971","1":"post","2":"type-post","3":"status-publish","4":"format-standard","6":"category-editorial","7":"tag-asuncion-de-compromisos","8":"tag-editorial","9":"tag-obsesion","10":"tag-problemas-de-la-personalidad-humana","11":"tag-problemas-inducidos","12":"tag-proceso-de-prueba","13":"tag-procesos-deudores"},"yoast_head":"<!-- This site is optimized with the Yoast SEO plugin v27.7 - https:\/\/yoast.com\/product\/yoast-seo-wordpress\/ -->\n<title>PROBLEMAS DE LA PERSONALIDAD HUMANA | Amor, paz caridad<\/title>\n<meta name=\"robots\" content=\"index, follow, max-snippet:-1, max-image-preview:large, max-video-preview:-1\" \/>\n<link rel=\"canonical\" href=\"https:\/\/amorpazy-cp515.wordpresstemporal.com\/amorpazycaridad.es\/problemas-de-la-personalidad-humana\/\" \/>\n<meta property=\"og:locale\" content=\"es_ES\" \/>\n<meta property=\"og:type\" content=\"article\" \/>\n<meta property=\"og:title\" content=\"PROBLEMAS DE LA PERSONALIDAD HUMANA | Amor, paz caridad\" \/>\n<meta property=\"og:description\" content=\"\u00a0 \u00a0Son muchas las facultades que capacitan al ser humano para discernir lo correcto de lo que no lo es; la voluntad de aplicar lo justo antes que lo injusto, la nobleza de actuar con coherencia y sinceridad sin pretender enga\u00f1arse a s\u00ed mismo con falsas expectativas que distraen la soluci\u00f3n de los problemas al [&hellip;]\" \/>\n<meta property=\"og:url\" content=\"https:\/\/amorpazy-cp515.wordpresstemporal.com\/amorpazycaridad.es\/problemas-de-la-personalidad-humana\/\" \/>\n<meta property=\"og:site_name\" content=\"Amor, paz caridad\" \/>\n<meta property=\"article:publisher\" content=\"http:\/\/www.facebook.com\/pages\/Amor-paz-y-caridad\/1594978604096866\" \/>\n<meta property=\"article:published_time\" content=\"2012-04-01T07:11:00+00:00\" \/>\n<meta property=\"article:modified_time\" content=\"2015-04-20T18:16:19+00:00\" \/>\n<meta name=\"author\" content=\"Antonio\" \/>\n<meta name=\"twitter:card\" content=\"summary_large_image\" \/>\n<meta name=\"twitter:creator\" content=\"@amorpazycaridad\" \/>\n<meta name=\"twitter:site\" content=\"@amorpazycaridad\" \/>\n<meta name=\"twitter:label1\" content=\"Escrito por\" \/>\n\t<meta name=\"twitter:data1\" content=\"Antonio Lled\u00f3 Flor\" \/>\n\t<meta name=\"twitter:label2\" content=\"Tiempo de lectura\" \/>\n\t<meta name=\"twitter:data2\" content=\"7 minutos\" \/>\n<script type=\"application\/ld+json\" class=\"yoast-schema-graph\">{\"@context\":\"https:\\\/\\\/schema.org\",\"@graph\":[{\"@type\":\"Article\",\"@id\":\"https:\\\/\\\/amorpazy-cp515.wordpresstemporal.com\\\/amorpazycaridad.es\\\/problemas-de-la-personalidad-humana\\\/#article\",\"isPartOf\":{\"@id\":\"https:\\\/\\\/amorpazy-cp515.wordpresstemporal.com\\\/amorpazycaridad.es\\\/problemas-de-la-personalidad-humana\\\/\"},\"author\":{\"name\":\"Antonio Lled\u00f3 Flor\",\"@id\":\"https:\\\/\\\/amorpazy-cp515.wordpresstemporal.com\\\/amorpazycaridad.es\\\/#\\\/schema\\\/person\\\/221ba4fa1195cdcac2bd273305f4b13f\"},\"headline\":\"PROBLEMAS DE LA PERSONALIDAD HUMANA\",\"datePublished\":\"2012-04-01T07:11:00+00:00\",\"dateModified\":\"2015-04-20T18:16:19+00:00\",\"mainEntityOfPage\":{\"@id\":\"https:\\\/\\\/amorpazy-cp515.wordpresstemporal.com\\\/amorpazycaridad.es\\\/problemas-de-la-personalidad-humana\\\/\"},\"wordCount\":1422,\"commentCount\":0,\"publisher\":{\"@id\":\"https:\\\/\\\/amorpazy-cp515.wordpresstemporal.com\\\/amorpazycaridad.es\\\/#organization\"},\"keywords\":[\"asunci\u00f3n de compromisos\",\"Editorial\",\"Obsesion\",\"Problemas de la personalidad humana\",\"problemas inducidos\",\"proceso de prueba\",\"procesos deudores\"],\"articleSection\":[\"Editorial\"],\"inLanguage\":\"es\",\"potentialAction\":[{\"@type\":\"CommentAction\",\"name\":\"Comment\",\"target\":[\"https:\\\/\\\/amorpazy-cp515.wordpresstemporal.com\\\/amorpazycaridad.es\\\/problemas-de-la-personalidad-humana\\\/#respond\"]}]},{\"@type\":\"WebPage\",\"@id\":\"https:\\\/\\\/amorpazy-cp515.wordpresstemporal.com\\\/amorpazycaridad.es\\\/problemas-de-la-personalidad-humana\\\/\",\"url\":\"https:\\\/\\\/amorpazy-cp515.wordpresstemporal.com\\\/amorpazycaridad.es\\\/problemas-de-la-personalidad-humana\\\/\",\"name\":\"PROBLEMAS DE LA PERSONALIDAD HUMANA | Amor, paz caridad\",\"isPartOf\":{\"@id\":\"https:\\\/\\\/amorpazy-cp515.wordpresstemporal.com\\\/amorpazycaridad.es\\\/#website\"},\"datePublished\":\"2012-04-01T07:11:00+00:00\",\"dateModified\":\"2015-04-20T18:16:19+00:00\",\"breadcrumb\":{\"@id\":\"https:\\\/\\\/amorpazy-cp515.wordpresstemporal.com\\\/amorpazycaridad.es\\\/problemas-de-la-personalidad-humana\\\/#breadcrumb\"},\"inLanguage\":\"es\",\"potentialAction\":[{\"@type\":\"ReadAction\",\"target\":[\"https:\\\/\\\/amorpazy-cp515.wordpresstemporal.com\\\/amorpazycaridad.es\\\/problemas-de-la-personalidad-humana\\\/\"]}]},{\"@type\":\"BreadcrumbList\",\"@id\":\"https:\\\/\\\/amorpazy-cp515.wordpresstemporal.com\\\/amorpazycaridad.es\\\/problemas-de-la-personalidad-humana\\\/#breadcrumb\",\"itemListElement\":[{\"@type\":\"ListItem\",\"position\":1,\"name\":\"Portada\",\"item\":\"https:\\\/\\\/amorpazy-cp515.wordpresstemporal.com\\\/amorpazycaridad.es\\\/\"},{\"@type\":\"ListItem\",\"position\":2,\"name\":\"PROBLEMAS DE LA PERSONALIDAD HUMANA\"}]},{\"@type\":\"WebSite\",\"@id\":\"https:\\\/\\\/amorpazy-cp515.wordpresstemporal.com\\\/amorpazycaridad.es\\\/#website\",\"url\":\"https:\\\/\\\/amorpazy-cp515.wordpresstemporal.com\\\/amorpazycaridad.es\\\/\",\"name\":\"Amor, paz caridad\",\"description\":\"Conocimiento espiritual, espiritismo, espiritualismo, leyes universales, m\u00e1s all\u00e1, vida despu\u00e9s de la vida,\",\"publisher\":{\"@id\":\"https:\\\/\\\/amorpazy-cp515.wordpresstemporal.com\\\/amorpazycaridad.es\\\/#organization\"},\"potentialAction\":[{\"@type\":\"SearchAction\",\"target\":{\"@type\":\"EntryPoint\",\"urlTemplate\":\"https:\\\/\\\/amorpazy-cp515.wordpresstemporal.com\\\/amorpazycaridad.es\\\/?s={search_term_string}\"},\"query-input\":{\"@type\":\"PropertyValueSpecification\",\"valueRequired\":true,\"valueName\":\"search_term_string\"}}],\"inLanguage\":\"es\"},{\"@type\":\"Organization\",\"@id\":\"https:\\\/\\\/amorpazy-cp515.wordpresstemporal.com\\\/amorpazycaridad.es\\\/#organization\",\"name\":\"Asociaci\u00f3n de Estudios Espirituales Grupo Villena\",\"url\":\"https:\\\/\\\/amorpazy-cp515.wordpresstemporal.com\\\/amorpazycaridad.es\\\/\",\"logo\":{\"@type\":\"ImageObject\",\"inLanguage\":\"es\",\"@id\":\"https:\\\/\\\/amorpazy-cp515.wordpresstemporal.com\\\/amorpazycaridad.es\\\/#\\\/schema\\\/logo\\\/image\\\/\",\"url\":\"https:\\\/\\\/amorpazycaridad.es\\\/wp-content\\\/uploads\\\/2015\\\/01\\\/logo-fav-e1420247830294.jpg\",\"contentUrl\":\"https:\\\/\\\/amorpazycaridad.es\\\/wp-content\\\/uploads\\\/2015\\\/01\\\/logo-fav-e1420247830294.jpg\",\"width\":144,\"height\":144,\"caption\":\"Asociaci\u00f3n de Estudios Espirituales Grupo Villena\"},\"image\":{\"@id\":\"https:\\\/\\\/amorpazy-cp515.wordpresstemporal.com\\\/amorpazycaridad.es\\\/#\\\/schema\\\/logo\\\/image\\\/\"},\"sameAs\":[\"http:\\\/\\\/www.facebook.com\\\/pages\\\/Amor-paz-y-caridad\\\/1594978604096866\",\"https:\\\/\\\/x.com\\\/amorpazycaridad\",\"https:\\\/\\\/es.pinterest.com\\\/amorpazycaridad\\\/\",\"https:\\\/\\\/www.youtube.com\\\/channel\\\/UC1GvDIDCLoL02SzOD7NJdrA\"]},{\"@type\":\"Person\",\"@id\":\"https:\\\/\\\/amorpazy-cp515.wordpresstemporal.com\\\/amorpazycaridad.es\\\/#\\\/schema\\\/person\\\/221ba4fa1195cdcac2bd273305f4b13f\",\"name\":\"Antonio Lled\u00f3 Flor\",\"image\":{\"@type\":\"ImageObject\",\"inLanguage\":\"es\",\"@id\":\"https:\\\/\\\/amorpazy-cp515.wordpresstemporal.com\\\/amorpazycaridad.es\\\/wp-content\\\/uploads\\\/2016\\\/07\\\/IMG_1655-96x96.jpg5b8dbc14a881d27b23191d1f73ee32db\",\"url\":\"https:\\\/\\\/amorpazy-cp515.wordpresstemporal.com\\\/amorpazycaridad.es\\\/wp-content\\\/uploads\\\/2016\\\/07\\\/IMG_1655-96x96.jpg\",\"contentUrl\":\"https:\\\/\\\/amorpazy-cp515.wordpresstemporal.com\\\/amorpazycaridad.es\\\/wp-content\\\/uploads\\\/2016\\\/07\\\/IMG_1655-96x96.jpg\",\"caption\":\"Antonio Lled\u00f3 Flor\"},\"description\":\"D. Antonio Lled\u00f3 Flor, es Licenciado en Filosof\u00eda por la Universidad de Alicante. Ejecutivo de entidad financiera durante 25 a\u00f1os. Escritor, orador, divulgador y miembro del Grupo Villena desde su fundaci\u00f3n, de la que fue presidente. Fue director de la revista Amor Paz y Caridad durante diez a\u00f1os en su anterior etapa, y desde hace m\u00e1s de 35 a\u00f1os viene dictando conferencias y participando en seminarios, simposios, congresos; tanto nacionales como internacionales. Forma parte del equipo de redacci\u00f3n de dicha revista, actualmente en formato web, aportando art\u00edculos de inter\u00e9s y permanente actualidad.\",\"sameAs\":[\"http:\\\/\\\/www.amorpazycaridad.com\"],\"url\":\"https:\\\/\\\/amorpazy-cp515.wordpresstemporal.com\\\/amorpazycaridad.es\\\/author\\\/antonio\\\/\"}]}<\/script>\n<!-- \/ Yoast SEO plugin. -->","yoast_head_json":{"title":"PROBLEMAS DE LA PERSONALIDAD HUMANA | Amor, paz caridad","robots":{"index":"index","follow":"follow","max-snippet":"max-snippet:-1","max-image-preview":"max-image-preview:large","max-video-preview":"max-video-preview:-1"},"canonical":"https:\/\/amorpazy-cp515.wordpresstemporal.com\/amorpazycaridad.es\/problemas-de-la-personalidad-humana\/","og_locale":"es_ES","og_type":"article","og_title":"PROBLEMAS DE LA PERSONALIDAD HUMANA | Amor, paz caridad","og_description":"\u00a0 \u00a0Son muchas las facultades que capacitan al ser humano para discernir lo correcto de lo que no lo es; la voluntad de aplicar lo justo antes que lo injusto, la nobleza de actuar con coherencia y sinceridad sin pretender enga\u00f1arse a s\u00ed mismo con falsas expectativas que distraen la soluci\u00f3n de los problemas al [&hellip;]","og_url":"https:\/\/amorpazy-cp515.wordpresstemporal.com\/amorpazycaridad.es\/problemas-de-la-personalidad-humana\/","og_site_name":"Amor, paz caridad","article_publisher":"http:\/\/www.facebook.com\/pages\/Amor-paz-y-caridad\/1594978604096866","article_published_time":"2012-04-01T07:11:00+00:00","article_modified_time":"2015-04-20T18:16:19+00:00","author":"Antonio","twitter_card":"summary_large_image","twitter_creator":"@amorpazycaridad","twitter_site":"@amorpazycaridad","twitter_misc":{"Escrito por":"Antonio Lled\u00f3 Flor","Tiempo de lectura":"7 minutos"},"schema":{"@context":"https:\/\/schema.org","@graph":[{"@type":"Article","@id":"https:\/\/amorpazy-cp515.wordpresstemporal.com\/amorpazycaridad.es\/problemas-de-la-personalidad-humana\/#article","isPartOf":{"@id":"https:\/\/amorpazy-cp515.wordpresstemporal.com\/amorpazycaridad.es\/problemas-de-la-personalidad-humana\/"},"author":{"name":"Antonio Lled\u00f3 Flor","@id":"https:\/\/amorpazy-cp515.wordpresstemporal.com\/amorpazycaridad.es\/#\/schema\/person\/221ba4fa1195cdcac2bd273305f4b13f"},"headline":"PROBLEMAS DE LA PERSONALIDAD HUMANA","datePublished":"2012-04-01T07:11:00+00:00","dateModified":"2015-04-20T18:16:19+00:00","mainEntityOfPage":{"@id":"https:\/\/amorpazy-cp515.wordpresstemporal.com\/amorpazycaridad.es\/problemas-de-la-personalidad-humana\/"},"wordCount":1422,"commentCount":0,"publisher":{"@id":"https:\/\/amorpazy-cp515.wordpresstemporal.com\/amorpazycaridad.es\/#organization"},"keywords":["asunci\u00f3n de compromisos","Editorial","Obsesion","Problemas de la personalidad humana","problemas inducidos","proceso de prueba","procesos deudores"],"articleSection":["Editorial"],"inLanguage":"es","potentialAction":[{"@type":"CommentAction","name":"Comment","target":["https:\/\/amorpazy-cp515.wordpresstemporal.com\/amorpazycaridad.es\/problemas-de-la-personalidad-humana\/#respond"]}]},{"@type":"WebPage","@id":"https:\/\/amorpazy-cp515.wordpresstemporal.com\/amorpazycaridad.es\/problemas-de-la-personalidad-humana\/","url":"https:\/\/amorpazy-cp515.wordpresstemporal.com\/amorpazycaridad.es\/problemas-de-la-personalidad-humana\/","name":"PROBLEMAS DE LA PERSONALIDAD HUMANA | Amor, paz caridad","isPartOf":{"@id":"https:\/\/amorpazy-cp515.wordpresstemporal.com\/amorpazycaridad.es\/#website"},"datePublished":"2012-04-01T07:11:00+00:00","dateModified":"2015-04-20T18:16:19+00:00","breadcrumb":{"@id":"https:\/\/amorpazy-cp515.wordpresstemporal.com\/amorpazycaridad.es\/problemas-de-la-personalidad-humana\/#breadcrumb"},"inLanguage":"es","potentialAction":[{"@type":"ReadAction","target":["https:\/\/amorpazy-cp515.wordpresstemporal.com\/amorpazycaridad.es\/problemas-de-la-personalidad-humana\/"]}]},{"@type":"BreadcrumbList","@id":"https:\/\/amorpazy-cp515.wordpresstemporal.com\/amorpazycaridad.es\/problemas-de-la-personalidad-humana\/#breadcrumb","itemListElement":[{"@type":"ListItem","position":1,"name":"Portada","item":"https:\/\/amorpazy-cp515.wordpresstemporal.com\/amorpazycaridad.es\/"},{"@type":"ListItem","position":2,"name":"PROBLEMAS DE LA PERSONALIDAD HUMANA"}]},{"@type":"WebSite","@id":"https:\/\/amorpazy-cp515.wordpresstemporal.com\/amorpazycaridad.es\/#website","url":"https:\/\/amorpazy-cp515.wordpresstemporal.com\/amorpazycaridad.es\/","name":"Amor, paz caridad","description":"Conocimiento espiritual, espiritismo, espiritualismo, leyes universales, m\u00e1s all\u00e1, vida despu\u00e9s de la vida,","publisher":{"@id":"https:\/\/amorpazy-cp515.wordpresstemporal.com\/amorpazycaridad.es\/#organization"},"potentialAction":[{"@type":"SearchAction","target":{"@type":"EntryPoint","urlTemplate":"https:\/\/amorpazy-cp515.wordpresstemporal.com\/amorpazycaridad.es\/?s={search_term_string}"},"query-input":{"@type":"PropertyValueSpecification","valueRequired":true,"valueName":"search_term_string"}}],"inLanguage":"es"},{"@type":"Organization","@id":"https:\/\/amorpazy-cp515.wordpresstemporal.com\/amorpazycaridad.es\/#organization","name":"Asociaci\u00f3n de Estudios Espirituales Grupo Villena","url":"https:\/\/amorpazy-cp515.wordpresstemporal.com\/amorpazycaridad.es\/","logo":{"@type":"ImageObject","inLanguage":"es","@id":"https:\/\/amorpazy-cp515.wordpresstemporal.com\/amorpazycaridad.es\/#\/schema\/logo\/image\/","url":"https:\/\/amorpazycaridad.es\/wp-content\/uploads\/2015\/01\/logo-fav-e1420247830294.jpg","contentUrl":"https:\/\/amorpazycaridad.es\/wp-content\/uploads\/2015\/01\/logo-fav-e1420247830294.jpg","width":144,"height":144,"caption":"Asociaci\u00f3n de Estudios Espirituales Grupo Villena"},"image":{"@id":"https:\/\/amorpazy-cp515.wordpresstemporal.com\/amorpazycaridad.es\/#\/schema\/logo\/image\/"},"sameAs":["http:\/\/www.facebook.com\/pages\/Amor-paz-y-caridad\/1594978604096866","https:\/\/x.com\/amorpazycaridad","https:\/\/es.pinterest.com\/amorpazycaridad\/","https:\/\/www.youtube.com\/channel\/UC1GvDIDCLoL02SzOD7NJdrA"]},{"@type":"Person","@id":"https:\/\/amorpazy-cp515.wordpresstemporal.com\/amorpazycaridad.es\/#\/schema\/person\/221ba4fa1195cdcac2bd273305f4b13f","name":"Antonio Lled\u00f3 Flor","image":{"@type":"ImageObject","inLanguage":"es","@id":"https:\/\/amorpazy-cp515.wordpresstemporal.com\/amorpazycaridad.es\/wp-content\/uploads\/2016\/07\/IMG_1655-96x96.jpg5b8dbc14a881d27b23191d1f73ee32db","url":"https:\/\/amorpazy-cp515.wordpresstemporal.com\/amorpazycaridad.es\/wp-content\/uploads\/2016\/07\/IMG_1655-96x96.jpg","contentUrl":"https:\/\/amorpazy-cp515.wordpresstemporal.com\/amorpazycaridad.es\/wp-content\/uploads\/2016\/07\/IMG_1655-96x96.jpg","caption":"Antonio Lled\u00f3 Flor"},"description":"D. Antonio Lled\u00f3 Flor, es Licenciado en Filosof\u00eda por la Universidad de Alicante. Ejecutivo de entidad financiera durante 25 a\u00f1os. Escritor, orador, divulgador y miembro del Grupo Villena desde su fundaci\u00f3n, de la que fue presidente. Fue director de la revista Amor Paz y Caridad durante diez a\u00f1os en su anterior etapa, y desde hace m\u00e1s de 35 a\u00f1os viene dictando conferencias y participando en seminarios, simposios, congresos; tanto nacionales como internacionales. Forma parte del equipo de redacci\u00f3n de dicha revista, actualmente en formato web, aportando art\u00edculos de inter\u00e9s y permanente actualidad.","sameAs":["http:\/\/www.amorpazycaridad.com"],"url":"https:\/\/amorpazy-cp515.wordpresstemporal.com\/amorpazycaridad.es\/author\/antonio\/"}]}},"authors":[{"term_id":407,"user_id":0,"is_guest":1,"slug":"cap-antonio","display_name":"Antonio","avatar_url":"https:\/\/secure.gravatar.com\/avatar\/?s=96&d=mm&r=g","0":null,"1":"","2":"","3":"","4":"","5":"","6":"","7":"","8":""}],"_links":{"self":[{"href":"https:\/\/amorpazy-cp515.wordpresstemporal.com\/amorpazycaridad.es\/wp-json\/wp\/v2\/posts\/971","targetHints":{"allow":["GET"]}}],"collection":[{"href":"https:\/\/amorpazy-cp515.wordpresstemporal.com\/amorpazycaridad.es\/wp-json\/wp\/v2\/posts"}],"about":[{"href":"https:\/\/amorpazy-cp515.wordpresstemporal.com\/amorpazycaridad.es\/wp-json\/wp\/v2\/types\/post"}],"author":[{"embeddable":true,"href":"https:\/\/amorpazy-cp515.wordpresstemporal.com\/amorpazycaridad.es\/wp-json\/wp\/v2\/users\/6"}],"replies":[{"embeddable":true,"href":"https:\/\/amorpazy-cp515.wordpresstemporal.com\/amorpazycaridad.es\/wp-json\/wp\/v2\/comments?post=971"}],"version-history":[{"count":2,"href":"https:\/\/amorpazy-cp515.wordpresstemporal.com\/amorpazycaridad.es\/wp-json\/wp\/v2\/posts\/971\/revisions"}],"predecessor-version":[{"id":3522,"href":"https:\/\/amorpazy-cp515.wordpresstemporal.com\/amorpazycaridad.es\/wp-json\/wp\/v2\/posts\/971\/revisions\/3522"}],"wp:attachment":[{"href":"https:\/\/amorpazy-cp515.wordpresstemporal.com\/amorpazycaridad.es\/wp-json\/wp\/v2\/media?parent=971"}],"wp:term":[{"taxonomy":"category","embeddable":true,"href":"https:\/\/amorpazy-cp515.wordpresstemporal.com\/amorpazycaridad.es\/wp-json\/wp\/v2\/categories?post=971"},{"taxonomy":"post_tag","embeddable":true,"href":"https:\/\/amorpazy-cp515.wordpresstemporal.com\/amorpazycaridad.es\/wp-json\/wp\/v2\/tags?post=971"},{"taxonomy":"author","embeddable":true,"href":"https:\/\/amorpazy-cp515.wordpresstemporal.com\/amorpazycaridad.es\/wp-json\/wp\/v2\/ppma_author?post=971"}],"curies":[{"name":"wp","href":"https:\/\/api.w.org\/{rel}","templated":true}]}}