{"id":953,"date":"2011-12-14T22:18:00","date_gmt":"2011-12-14T22:18:00","guid":{"rendered":"https:\/\/amorpazycaridad.es\/uncategorized\/recordando-el-pasado-9\/"},"modified":"2015-06-11T11:03:48","modified_gmt":"2015-06-11T10:03:48","slug":"a-fernandez-en-su-aniversario","status":"publish","type":"post","link":"https:\/\/amorpazy-cp515.wordpresstemporal.com\/amorpazycaridad.es\/a-fernandez-en-su-aniversario\/","title":{"rendered":"A FERNANDEZ EN SU ANIVERSARIO\u00a0"},"content":{"rendered":"<div style=\"text-align: justify;\"><span style=\"font-size: large;\">\u00a0<\/span><\/div>\n<div style=\"text-align: center;\"><\/div>\n<div>\n<div style=\"text-align: justify;\"><span style=\"font-size: large;\">\u00a0<\/span><\/div>\n<div style=\"text-align: justify;\"><span style=\"font-size: large;\">\u00a0 Poco a poco, los que un d\u00eda conocimos, van volando a las regiones de la luz, dejando su envoltura carnal en esta tierra, Tierra de promisi\u00f3n para unos; mundo de expiaci\u00f3n para los m\u00e1s: lugar en donde los esp\u00edritus que en el atraso y la ofuscaci\u00f3n han vivido, encuen\u00adtran un peque\u00f1o oasis en relaci\u00f3n con las tierras que<\/span><br \/>\n<a name=\"more\"><\/a><span style=\"font-size: large;\"> habitar\u00e1n: sitio de sufrimiento para la inmensa mayor\u00eda de los que reen\u00adcarnamos por haber antes en este mismo planeta prevaricado, no habiendo sabido, por nuestra pereza de voluntad y nuestras malas pasiones, elevarnos a esferas de luz, hasta que, como el \u00e1guila remonta su vuelo hacia elevadas regiones, dejemos esta inhospi\u00adtalaria Tierra para los mundos del espacio.\u00a0<\/span><\/div>\n<div style=\"text-align: justify;\"><span style=\"font-size: large;\">\u00a0<\/span><\/div>\n<div style=\"text-align: justify;\"><span style=\"font-size: large;\">\u00a0 Tienen estos aniversarios un doble objeto: el recuerdo de los seres queridos a quienes los dedicamos, y el prop\u00f3sito, que debemos renovar, de perseverar en el camino emprendido para proseguir con entusiasmo la empresa comenzada, que nunca terminar\u00e1.\u00a0<\/span><\/div>\n<div style=\"text-align: justify;\"><span style=\"font-size: large;\">\u00a0<\/span><\/div>\n<div style=\"text-align: justify;\"><span style=\"font-size: large;\">\u00a0 Encierra, en efecto, nuestro esp\u00edritu, un germen de infinito perfeccionamiento; es siempre susceptible de alcanzar m\u00e1s y m\u00e1s de lo que ya ha logrado, en la esfera del saber y el bien. Como el horizonte sensible aparece siempre nuevo a medida que caminamos, el horizonte racional de nuestra inteligencia, el c\u00edrculo de irradiaci\u00f3n de nuestro ser se dilata de esfera en esfera, hasta abarcar mucho m\u00e1s espacio y componer m\u00e9todos y sistemas, sintiendo vibrar en nuestro ser la onda tenue en que se agitan multitud de seres que sienten y aman.\u00a0<\/span><\/div>\n<div style=\"text-align: justify;\"><span style=\"font-size: large;\">\u00a0<\/span><\/div>\n<\/div>\n<div>\n<div style=\"text-align: justify;\"><span style=\"font-size: large;\">\u00a0 \u00a1Fern\u00e1ndez! T\u00fa has sido inteligencia preclara que has iluminado el camino de nuestra terrenal vida. Has mostrado al hombre el m\u00e1s all\u00e1 que le conduce a nuevos adelantos y le has indicado el \u00fanico camino que para conseguirlo es necesario: el cumplimiento del bien.\u00a0<\/span><\/div>\n<div style=\"text-align: justify;\"><span style=\"font-size: large;\">\u00a0<\/span><\/div>\n<\/div>\n<div style=\"text-align: justify;\"><span style=\"font-size: large;\">\u00a0 En las horas en que el coraz\u00f3n gime angustiado por las amarguras de la vida; en que la tristeza nos invade al contemplar tanto dolor y sentirnos tan peque\u00f1os para remediarlo, debemos volver los ojos hacia tu esp\u00edritu para que, desde las serenas regiones donde moras, nos prestes ayuda para darnos \u00e1nimo y valor en nuestros prop\u00f3sitos.\u00a0<\/span><\/div>\n<div style=\"text-align: justify;\"><span style=\"font-size: large;\">\u00a0<\/span><\/div>\n<div>\n<div style=\"text-align: justify;\"><span style=\"font-size: large;\">\u00a0 Debemos ser mensajeros de la Buena Nueva que has proclamado y con tanto atur\u00addimiento defendido; debemos imitarte en tu incesante propaganda y tu rudo trabajar; debemos continuar con af\u00e1n tu labor em\u00adprendida .\u00a0<\/span><\/div>\n<div style=\"text-align: justify;\"><span style=\"font-size: large;\">\u00a0<\/span><\/div>\n<\/div>\n<div>\n<div style=\"text-align: justify;\"><span style=\"font-size: large;\">\u00a0 Mostremos a los dem\u00e1s la aurora de paz que se anuncia con las verdades del Espiritismo. Que todos, desde el hombre encanecido por el trabajo y por la edad, hasta el ni\u00f1o, que en los primeros a\u00f1os balbucea las palabras m\u00e1s tiernas que su madre le ense\u00f1\u00f3, vean que hay un m\u00e1s all\u00e1 para consuelo de nuestras esperanzas y satisfacci\u00f3n de nuestras ilusiones m\u00e1s bellas. Que no es Dios, el Ser vengativo y cruel que condena por toda una eternidad a los que no confiesan un dogma ni creen incomprensibles misterios, sino el Ser, todo Amor y todo Bondad, la infinita Perfecci\u00f3n, que concede a sus hijos cuantas vidas necesitan para ir adquiriendo valor y m\u00e9ritos por s\u00ed propios.\u00a0<\/span><\/div>\n<div style=\"text-align: justify;\"><span style=\"font-size: large;\">\u00a0<\/span><\/div>\n<\/div>\n<div>\n<div style=\"text-align: justify;\"><span style=\"font-size: large;\">\u00a0 As\u00ed como tras la bruma, presentimos la claridad, y en medio de la tormenta, la calma, tengamos la esperanza firme de que este estado social de opresi\u00f3n oscurantista y de abyecci\u00f3n moral ha de pasar a impulsos del progreso, como la nube empujada por el viento, para dejar paso al sol espl\u00e9ndido de la luz y la verdad.\u00a0<\/span><\/div>\n<div style=\"text-align: justify;\"><span style=\"font-size: large;\">\u00a0<\/span><\/div>\n<\/div>\n<div>\n<div style=\"text-align: justify;\"><span style=\"font-size: large;\">\u00a0 Nuestra eterna gratitud a los bien\u00adhechores de la humanidad que, como Fern\u00e1ndez, ayudan a los hombres a llevar mejor la pesada carga de la vida, y nuestro imperecedero recuerdo a los seres queridos que han infiltrado en nuestra alma el amor m\u00e1s puro y bendito: el amor a la ciencia y la virtud.\u00a0<\/span><\/div>\n<div style=\"text-align: justify;\"><span style=\"font-size: large;\">\u00a0<\/span><\/div>\n<div style=\"text-align: right;\"><span style=\"font-size: large;\">\u00a0<\/span><\/div>\n<div style=\"text-align: right;\"><span style=\"font-size: large;\">MANUEL SANZ BENITO<\/span><\/div>\n<div style=\"font-size: x-large; text-align: justify;\"><i><span style=\"font-family: Georgia, 'Times New Roman', serif;\">\u00a0<\/span><\/i><\/div>\n<div style=\"font-size: x-large; text-align: justify;\"><i><span style=\"font-family: Georgia, 'Times New Roman', serif;\">\u00a0<\/span><\/i><\/div>\n<div style=\"font-size: x-large; text-align: justify;\"><i><span style=\"font-family: Georgia, 'Times New Roman', serif;\">\u00a0<\/span><\/i><\/div>\n<div style=\"text-align: justify;\"><i><span style=\"font-family: Georgia, 'Times New Roman', serif;\">Art\u00edculo extra\u00eddo de la revista \u00abLa Luz del Porvenir\u00bb de Barcelona n\u00famero 33, de fecha 19 de diciembre de 1.895.\u00a0<\/span><\/i><\/div>\n<div style=\"text-align: justify;\"><i><span style=\"font-family: Georgia, 'Times New Roman', serif;\">\u00a0<\/span><\/i><\/div>\n<div style=\"text-align: justify;\"><i><span style=\"font-family: Georgia, 'Times New Roman', serif;\">Sirva este art\u00edculo como homenaje en la desencarnaci\u00f3n de Fern\u00e1ndez Colavida, el 1 de diciembre de 1.888.<\/span><\/i><\/div>\n<\/div>\n","protected":false},"excerpt":{"rendered":"<p>\u00a0 \u00a0 \u00a0 Poco a poco, los que un d\u00eda conocimos, van volando a las regiones de la luz, dejando su envoltura carnal en esta tierra, Tierra de promisi\u00f3n para unos; mundo de expiaci\u00f3n para los m\u00e1s: lugar en donde los esp\u00edritus que en el atraso y la ofuscaci\u00f3n han vivido, encuen\u00adtran un peque\u00f1o oasis [&hellip;]<\/p>\n","protected":false},"author":10,"featured_media":0,"comment_status":"open","ping_status":"open","sticky":false,"template":"","format":"standard","meta":{"tdm_status":"","tdm_grid_status":"","footnotes":""},"categories":[47],"tags":[59,1712,1714,2218,1713,2224],"ppma_author":[520],"class_list":{"0":"post-953","1":"post","2":"type-post","3":"status-publish","4":"format-standard","6":"category-recordando-el-pasado","7":"tag-la-luz-del-porvenir","8":"tag-a-fernandez-en-su-aniversario","9":"tag-fernandez-colavida","10":"tag-homenaje","11":"tag-manuel-sanz-benito","12":"tag-recordando-el-pasado"},"yoast_head":"<!-- This site is optimized with the Yoast SEO plugin v27.7 - https:\/\/yoast.com\/product\/yoast-seo-wordpress\/ -->\n<title>A FERNANDEZ EN SU ANIVERSARIO\u00a0 | Amor, paz caridad<\/title>\n<meta name=\"robots\" content=\"index, follow, max-snippet:-1, max-image-preview:large, max-video-preview:-1\" \/>\n<link rel=\"canonical\" href=\"https:\/\/amorpazy-cp515.wordpresstemporal.com\/amorpazycaridad.es\/a-fernandez-en-su-aniversario\/\" \/>\n<meta property=\"og:locale\" content=\"es_ES\" \/>\n<meta property=\"og:type\" content=\"article\" \/>\n<meta property=\"og:title\" content=\"A FERNANDEZ EN SU ANIVERSARIO\u00a0 | Amor, paz caridad\" \/>\n<meta property=\"og:description\" content=\"\u00a0 \u00a0 \u00a0 Poco a poco, los que un d\u00eda conocimos, van volando a las regiones de la luz, dejando su envoltura carnal en esta tierra, Tierra de promisi\u00f3n para unos; mundo de expiaci\u00f3n para los m\u00e1s: lugar en donde los esp\u00edritus que en el atraso y la ofuscaci\u00f3n han vivido, encuen\u00adtran un peque\u00f1o oasis [&hellip;]\" \/>\n<meta property=\"og:url\" content=\"https:\/\/amorpazy-cp515.wordpresstemporal.com\/amorpazycaridad.es\/a-fernandez-en-su-aniversario\/\" \/>\n<meta property=\"og:site_name\" content=\"Amor, paz caridad\" \/>\n<meta property=\"article:publisher\" content=\"http:\/\/www.facebook.com\/pages\/Amor-paz-y-caridad\/1594978604096866\" \/>\n<meta property=\"article:published_time\" content=\"2011-12-14T22:18:00+00:00\" \/>\n<meta property=\"article:modified_time\" content=\"2015-06-11T10:03:48+00:00\" \/>\n<meta name=\"author\" content=\"Redaccion revista\" \/>\n<meta name=\"twitter:card\" content=\"summary_large_image\" \/>\n<meta name=\"twitter:creator\" content=\"@amorpazycaridad\" \/>\n<meta name=\"twitter:site\" content=\"@amorpazycaridad\" \/>\n<meta name=\"twitter:label1\" content=\"Escrito por\" \/>\n\t<meta name=\"twitter:data1\" content=\"Redaccion APC\" \/>\n\t<meta name=\"twitter:label2\" content=\"Tiempo de lectura\" \/>\n\t<meta name=\"twitter:data2\" content=\"3 minutos\" \/>\n<script type=\"application\/ld+json\" class=\"yoast-schema-graph\">{\"@context\":\"https:\\\/\\\/schema.org\",\"@graph\":[{\"@type\":\"Article\",\"@id\":\"https:\\\/\\\/amorpazy-cp515.wordpresstemporal.com\\\/amorpazycaridad.es\\\/a-fernandez-en-su-aniversario\\\/#article\",\"isPartOf\":{\"@id\":\"https:\\\/\\\/amorpazy-cp515.wordpresstemporal.com\\\/amorpazycaridad.es\\\/a-fernandez-en-su-aniversario\\\/\"},\"author\":{\"name\":\"Redaccion APC\",\"@id\":\"https:\\\/\\\/amorpazy-cp515.wordpresstemporal.com\\\/amorpazycaridad.es\\\/#\\\/schema\\\/person\\\/f6b5c8408dab7f2821df157f3b51ce47\"},\"headline\":\"A FERNANDEZ EN SU ANIVERSARIO\u00a0\",\"datePublished\":\"2011-12-14T22:18:00+00:00\",\"dateModified\":\"2015-06-11T10:03:48+00:00\",\"mainEntityOfPage\":{\"@id\":\"https:\\\/\\\/amorpazy-cp515.wordpresstemporal.com\\\/amorpazycaridad.es\\\/a-fernandez-en-su-aniversario\\\/\"},\"wordCount\":698,\"commentCount\":0,\"publisher\":{\"@id\":\"https:\\\/\\\/amorpazy-cp515.wordpresstemporal.com\\\/amorpazycaridad.es\\\/#organization\"},\"keywords\":[\"\\\"La Luz del Porvenir\\\"\",\"A FERNANDEZ EN SU ANIVERSARIO\",\"Fern\u00e1ndez Colavida\",\"Homenaje\",\"MANUEL SANZ BENITO\",\"Recordando el pasado\"],\"articleSection\":[\"Recordando el pasado\"],\"inLanguage\":\"es\",\"potentialAction\":[{\"@type\":\"CommentAction\",\"name\":\"Comment\",\"target\":[\"https:\\\/\\\/amorpazy-cp515.wordpresstemporal.com\\\/amorpazycaridad.es\\\/a-fernandez-en-su-aniversario\\\/#respond\"]}]},{\"@type\":\"WebPage\",\"@id\":\"https:\\\/\\\/amorpazy-cp515.wordpresstemporal.com\\\/amorpazycaridad.es\\\/a-fernandez-en-su-aniversario\\\/\",\"url\":\"https:\\\/\\\/amorpazy-cp515.wordpresstemporal.com\\\/amorpazycaridad.es\\\/a-fernandez-en-su-aniversario\\\/\",\"name\":\"A FERNANDEZ EN SU ANIVERSARIO\u00a0 | Amor, paz caridad\",\"isPartOf\":{\"@id\":\"https:\\\/\\\/amorpazy-cp515.wordpresstemporal.com\\\/amorpazycaridad.es\\\/#website\"},\"datePublished\":\"2011-12-14T22:18:00+00:00\",\"dateModified\":\"2015-06-11T10:03:48+00:00\",\"breadcrumb\":{\"@id\":\"https:\\\/\\\/amorpazy-cp515.wordpresstemporal.com\\\/amorpazycaridad.es\\\/a-fernandez-en-su-aniversario\\\/#breadcrumb\"},\"inLanguage\":\"es\",\"potentialAction\":[{\"@type\":\"ReadAction\",\"target\":[\"https:\\\/\\\/amorpazy-cp515.wordpresstemporal.com\\\/amorpazycaridad.es\\\/a-fernandez-en-su-aniversario\\\/\"]}]},{\"@type\":\"BreadcrumbList\",\"@id\":\"https:\\\/\\\/amorpazy-cp515.wordpresstemporal.com\\\/amorpazycaridad.es\\\/a-fernandez-en-su-aniversario\\\/#breadcrumb\",\"itemListElement\":[{\"@type\":\"ListItem\",\"position\":1,\"name\":\"Portada\",\"item\":\"https:\\\/\\\/amorpazy-cp515.wordpresstemporal.com\\\/amorpazycaridad.es\\\/\"},{\"@type\":\"ListItem\",\"position\":2,\"name\":\"A FERNANDEZ EN SU ANIVERSARIO\u00a0\"}]},{\"@type\":\"WebSite\",\"@id\":\"https:\\\/\\\/amorpazy-cp515.wordpresstemporal.com\\\/amorpazycaridad.es\\\/#website\",\"url\":\"https:\\\/\\\/amorpazy-cp515.wordpresstemporal.com\\\/amorpazycaridad.es\\\/\",\"name\":\"Amor, paz caridad\",\"description\":\"Conocimiento espiritual, espiritismo, espiritualismo, leyes universales, m\u00e1s all\u00e1, vida despu\u00e9s de la vida,\",\"publisher\":{\"@id\":\"https:\\\/\\\/amorpazy-cp515.wordpresstemporal.com\\\/amorpazycaridad.es\\\/#organization\"},\"potentialAction\":[{\"@type\":\"SearchAction\",\"target\":{\"@type\":\"EntryPoint\",\"urlTemplate\":\"https:\\\/\\\/amorpazy-cp515.wordpresstemporal.com\\\/amorpazycaridad.es\\\/?s={search_term_string}\"},\"query-input\":{\"@type\":\"PropertyValueSpecification\",\"valueRequired\":true,\"valueName\":\"search_term_string\"}}],\"inLanguage\":\"es\"},{\"@type\":\"Organization\",\"@id\":\"https:\\\/\\\/amorpazy-cp515.wordpresstemporal.com\\\/amorpazycaridad.es\\\/#organization\",\"name\":\"Asociaci\u00f3n de Estudios Espirituales Grupo Villena\",\"url\":\"https:\\\/\\\/amorpazy-cp515.wordpresstemporal.com\\\/amorpazycaridad.es\\\/\",\"logo\":{\"@type\":\"ImageObject\",\"inLanguage\":\"es\",\"@id\":\"https:\\\/\\\/amorpazy-cp515.wordpresstemporal.com\\\/amorpazycaridad.es\\\/#\\\/schema\\\/logo\\\/image\\\/\",\"url\":\"https:\\\/\\\/amorpazycaridad.es\\\/wp-content\\\/uploads\\\/2015\\\/01\\\/logo-fav-e1420247830294.jpg\",\"contentUrl\":\"https:\\\/\\\/amorpazycaridad.es\\\/wp-content\\\/uploads\\\/2015\\\/01\\\/logo-fav-e1420247830294.jpg\",\"width\":144,\"height\":144,\"caption\":\"Asociaci\u00f3n de Estudios Espirituales Grupo Villena\"},\"image\":{\"@id\":\"https:\\\/\\\/amorpazy-cp515.wordpresstemporal.com\\\/amorpazycaridad.es\\\/#\\\/schema\\\/logo\\\/image\\\/\"},\"sameAs\":[\"http:\\\/\\\/www.facebook.com\\\/pages\\\/Amor-paz-y-caridad\\\/1594978604096866\",\"https:\\\/\\\/x.com\\\/amorpazycaridad\",\"https:\\\/\\\/es.pinterest.com\\\/amorpazycaridad\\\/\",\"https:\\\/\\\/www.youtube.com\\\/channel\\\/UC1GvDIDCLoL02SzOD7NJdrA\"]},{\"@type\":\"Person\",\"@id\":\"https:\\\/\\\/amorpazy-cp515.wordpresstemporal.com\\\/amorpazycaridad.es\\\/#\\\/schema\\\/person\\\/f6b5c8408dab7f2821df157f3b51ce47\",\"name\":\"Redaccion APC\",\"image\":{\"@type\":\"ImageObject\",\"inLanguage\":\"es\",\"@id\":\"https:\\\/\\\/amorpazycaridad.es\\\/wp-content\\\/uploads\\\/2015\\\/01\\\/icono-114-96x96.jpg73ca1ff604f9e7c7607bbbfa84b61c44\",\"url\":\"https:\\\/\\\/amorpazycaridad.es\\\/wp-content\\\/uploads\\\/2015\\\/01\\\/icono-114-96x96.jpg\",\"contentUrl\":\"https:\\\/\\\/amorpazycaridad.es\\\/wp-content\\\/uploads\\\/2015\\\/01\\\/icono-114-96x96.jpg\",\"caption\":\"Redaccion APC\"},\"sameAs\":[\"http:\\\/\\\/www.amorpazycaridad.com\"],\"url\":\"https:\\\/\\\/amorpazy-cp515.wordpresstemporal.com\\\/amorpazycaridad.es\\\/author\\\/redaccion-revista\\\/\"}]}<\/script>\n<!-- \/ Yoast SEO plugin. -->","yoast_head_json":{"title":"A FERNANDEZ EN SU ANIVERSARIO\u00a0 | Amor, paz caridad","robots":{"index":"index","follow":"follow","max-snippet":"max-snippet:-1","max-image-preview":"max-image-preview:large","max-video-preview":"max-video-preview:-1"},"canonical":"https:\/\/amorpazy-cp515.wordpresstemporal.com\/amorpazycaridad.es\/a-fernandez-en-su-aniversario\/","og_locale":"es_ES","og_type":"article","og_title":"A FERNANDEZ EN SU ANIVERSARIO\u00a0 | Amor, paz caridad","og_description":"\u00a0 \u00a0 \u00a0 Poco a poco, los que un d\u00eda conocimos, van volando a las regiones de la luz, dejando su envoltura carnal en esta tierra, Tierra de promisi\u00f3n para unos; mundo de expiaci\u00f3n para los m\u00e1s: lugar en donde los esp\u00edritus que en el atraso y la ofuscaci\u00f3n han vivido, encuen\u00adtran un peque\u00f1o oasis [&hellip;]","og_url":"https:\/\/amorpazy-cp515.wordpresstemporal.com\/amorpazycaridad.es\/a-fernandez-en-su-aniversario\/","og_site_name":"Amor, paz caridad","article_publisher":"http:\/\/www.facebook.com\/pages\/Amor-paz-y-caridad\/1594978604096866","article_published_time":"2011-12-14T22:18:00+00:00","article_modified_time":"2015-06-11T10:03:48+00:00","author":"Redaccion revista","twitter_card":"summary_large_image","twitter_creator":"@amorpazycaridad","twitter_site":"@amorpazycaridad","twitter_misc":{"Escrito por":"Redaccion APC","Tiempo de lectura":"3 minutos"},"schema":{"@context":"https:\/\/schema.org","@graph":[{"@type":"Article","@id":"https:\/\/amorpazy-cp515.wordpresstemporal.com\/amorpazycaridad.es\/a-fernandez-en-su-aniversario\/#article","isPartOf":{"@id":"https:\/\/amorpazy-cp515.wordpresstemporal.com\/amorpazycaridad.es\/a-fernandez-en-su-aniversario\/"},"author":{"name":"Redaccion APC","@id":"https:\/\/amorpazy-cp515.wordpresstemporal.com\/amorpazycaridad.es\/#\/schema\/person\/f6b5c8408dab7f2821df157f3b51ce47"},"headline":"A FERNANDEZ EN SU ANIVERSARIO\u00a0","datePublished":"2011-12-14T22:18:00+00:00","dateModified":"2015-06-11T10:03:48+00:00","mainEntityOfPage":{"@id":"https:\/\/amorpazy-cp515.wordpresstemporal.com\/amorpazycaridad.es\/a-fernandez-en-su-aniversario\/"},"wordCount":698,"commentCount":0,"publisher":{"@id":"https:\/\/amorpazy-cp515.wordpresstemporal.com\/amorpazycaridad.es\/#organization"},"keywords":["\"La Luz del Porvenir\"","A FERNANDEZ EN SU ANIVERSARIO","Fern\u00e1ndez Colavida","Homenaje","MANUEL SANZ BENITO","Recordando el pasado"],"articleSection":["Recordando el pasado"],"inLanguage":"es","potentialAction":[{"@type":"CommentAction","name":"Comment","target":["https:\/\/amorpazy-cp515.wordpresstemporal.com\/amorpazycaridad.es\/a-fernandez-en-su-aniversario\/#respond"]}]},{"@type":"WebPage","@id":"https:\/\/amorpazy-cp515.wordpresstemporal.com\/amorpazycaridad.es\/a-fernandez-en-su-aniversario\/","url":"https:\/\/amorpazy-cp515.wordpresstemporal.com\/amorpazycaridad.es\/a-fernandez-en-su-aniversario\/","name":"A FERNANDEZ EN SU ANIVERSARIO\u00a0 | Amor, paz caridad","isPartOf":{"@id":"https:\/\/amorpazy-cp515.wordpresstemporal.com\/amorpazycaridad.es\/#website"},"datePublished":"2011-12-14T22:18:00+00:00","dateModified":"2015-06-11T10:03:48+00:00","breadcrumb":{"@id":"https:\/\/amorpazy-cp515.wordpresstemporal.com\/amorpazycaridad.es\/a-fernandez-en-su-aniversario\/#breadcrumb"},"inLanguage":"es","potentialAction":[{"@type":"ReadAction","target":["https:\/\/amorpazy-cp515.wordpresstemporal.com\/amorpazycaridad.es\/a-fernandez-en-su-aniversario\/"]}]},{"@type":"BreadcrumbList","@id":"https:\/\/amorpazy-cp515.wordpresstemporal.com\/amorpazycaridad.es\/a-fernandez-en-su-aniversario\/#breadcrumb","itemListElement":[{"@type":"ListItem","position":1,"name":"Portada","item":"https:\/\/amorpazy-cp515.wordpresstemporal.com\/amorpazycaridad.es\/"},{"@type":"ListItem","position":2,"name":"A FERNANDEZ EN SU ANIVERSARIO\u00a0"}]},{"@type":"WebSite","@id":"https:\/\/amorpazy-cp515.wordpresstemporal.com\/amorpazycaridad.es\/#website","url":"https:\/\/amorpazy-cp515.wordpresstemporal.com\/amorpazycaridad.es\/","name":"Amor, paz caridad","description":"Conocimiento espiritual, espiritismo, espiritualismo, leyes universales, m\u00e1s all\u00e1, vida despu\u00e9s de la vida,","publisher":{"@id":"https:\/\/amorpazy-cp515.wordpresstemporal.com\/amorpazycaridad.es\/#organization"},"potentialAction":[{"@type":"SearchAction","target":{"@type":"EntryPoint","urlTemplate":"https:\/\/amorpazy-cp515.wordpresstemporal.com\/amorpazycaridad.es\/?s={search_term_string}"},"query-input":{"@type":"PropertyValueSpecification","valueRequired":true,"valueName":"search_term_string"}}],"inLanguage":"es"},{"@type":"Organization","@id":"https:\/\/amorpazy-cp515.wordpresstemporal.com\/amorpazycaridad.es\/#organization","name":"Asociaci\u00f3n de Estudios Espirituales Grupo Villena","url":"https:\/\/amorpazy-cp515.wordpresstemporal.com\/amorpazycaridad.es\/","logo":{"@type":"ImageObject","inLanguage":"es","@id":"https:\/\/amorpazy-cp515.wordpresstemporal.com\/amorpazycaridad.es\/#\/schema\/logo\/image\/","url":"https:\/\/amorpazycaridad.es\/wp-content\/uploads\/2015\/01\/logo-fav-e1420247830294.jpg","contentUrl":"https:\/\/amorpazycaridad.es\/wp-content\/uploads\/2015\/01\/logo-fav-e1420247830294.jpg","width":144,"height":144,"caption":"Asociaci\u00f3n de Estudios Espirituales Grupo Villena"},"image":{"@id":"https:\/\/amorpazy-cp515.wordpresstemporal.com\/amorpazycaridad.es\/#\/schema\/logo\/image\/"},"sameAs":["http:\/\/www.facebook.com\/pages\/Amor-paz-y-caridad\/1594978604096866","https:\/\/x.com\/amorpazycaridad","https:\/\/es.pinterest.com\/amorpazycaridad\/","https:\/\/www.youtube.com\/channel\/UC1GvDIDCLoL02SzOD7NJdrA"]},{"@type":"Person","@id":"https:\/\/amorpazy-cp515.wordpresstemporal.com\/amorpazycaridad.es\/#\/schema\/person\/f6b5c8408dab7f2821df157f3b51ce47","name":"Redaccion APC","image":{"@type":"ImageObject","inLanguage":"es","@id":"https:\/\/amorpazycaridad.es\/wp-content\/uploads\/2015\/01\/icono-114-96x96.jpg73ca1ff604f9e7c7607bbbfa84b61c44","url":"https:\/\/amorpazycaridad.es\/wp-content\/uploads\/2015\/01\/icono-114-96x96.jpg","contentUrl":"https:\/\/amorpazycaridad.es\/wp-content\/uploads\/2015\/01\/icono-114-96x96.jpg","caption":"Redaccion APC"},"sameAs":["http:\/\/www.amorpazycaridad.com"],"url":"https:\/\/amorpazy-cp515.wordpresstemporal.com\/amorpazycaridad.es\/author\/redaccion-revista\/"}]}},"authors":[{"term_id":520,"user_id":0,"is_guest":1,"slug":"cap-redaccion-revista","display_name":"Redaccion revista","avatar_url":"https:\/\/secure.gravatar.com\/avatar\/?s=96&d=mm&r=g","0":null,"1":"","2":"","3":"","4":"","5":"","6":"","7":"","8":""}],"_links":{"self":[{"href":"https:\/\/amorpazy-cp515.wordpresstemporal.com\/amorpazycaridad.es\/wp-json\/wp\/v2\/posts\/953","targetHints":{"allow":["GET"]}}],"collection":[{"href":"https:\/\/amorpazy-cp515.wordpresstemporal.com\/amorpazycaridad.es\/wp-json\/wp\/v2\/posts"}],"about":[{"href":"https:\/\/amorpazy-cp515.wordpresstemporal.com\/amorpazycaridad.es\/wp-json\/wp\/v2\/types\/post"}],"author":[{"embeddable":true,"href":"https:\/\/amorpazy-cp515.wordpresstemporal.com\/amorpazycaridad.es\/wp-json\/wp\/v2\/users\/10"}],"replies":[{"embeddable":true,"href":"https:\/\/amorpazy-cp515.wordpresstemporal.com\/amorpazycaridad.es\/wp-json\/wp\/v2\/comments?post=953"}],"version-history":[{"count":2,"href":"https:\/\/amorpazy-cp515.wordpresstemporal.com\/amorpazycaridad.es\/wp-json\/wp\/v2\/posts\/953\/revisions"}],"predecessor-version":[{"id":3789,"href":"https:\/\/amorpazy-cp515.wordpresstemporal.com\/amorpazycaridad.es\/wp-json\/wp\/v2\/posts\/953\/revisions\/3789"}],"wp:attachment":[{"href":"https:\/\/amorpazy-cp515.wordpresstemporal.com\/amorpazycaridad.es\/wp-json\/wp\/v2\/media?parent=953"}],"wp:term":[{"taxonomy":"category","embeddable":true,"href":"https:\/\/amorpazy-cp515.wordpresstemporal.com\/amorpazycaridad.es\/wp-json\/wp\/v2\/categories?post=953"},{"taxonomy":"post_tag","embeddable":true,"href":"https:\/\/amorpazy-cp515.wordpresstemporal.com\/amorpazycaridad.es\/wp-json\/wp\/v2\/tags?post=953"},{"taxonomy":"author","embeddable":true,"href":"https:\/\/amorpazy-cp515.wordpresstemporal.com\/amorpazycaridad.es\/wp-json\/wp\/v2\/ppma_author?post=953"}],"curies":[{"name":"wp","href":"https:\/\/api.w.org\/{rel}","templated":true}]}}