{"id":9475,"date":"2018-04-16T06:30:50","date_gmt":"2018-04-16T04:30:50","guid":{"rendered":"https:\/\/amorpazycaridad.es\/?p=9475"},"modified":"2019-10-01T14:28:40","modified_gmt":"2019-10-01T12:28:40","slug":"la-indulgencia-surge-del-amor","status":"publish","type":"post","link":"https:\/\/amorpazy-cp515.wordpresstemporal.com\/amorpazycaridad.es\/la-indulgencia-surge-del-amor\/","title":{"rendered":"LA INDULGENCIA SURGE DEL AMOR"},"content":{"rendered":"<p style=\"text-align: justify;\">En la oraci\u00f3n del Padre Nuestro nos encontramos con esta petici\u00f3n: <strong>\u201cPerdonad nuestras ofensas, as\u00ed como nosotros perdonamos a los que nos ofenden\u201d<\/strong>. Ese es el mensaje que nos dej\u00f3 el Nazareno, un mensaje de amor y perd\u00f3n, actitud que nos ayuda a llevar una vida donde la pr\u00e1ctica de la caridad es fundamental.<\/p>\n<p style=\"text-align: justify;\">Recordemos que nuestras acciones positivas o negativas tendr\u00e1n un similar efecto, tanto si es en la presente encarnaci\u00f3n como en futuras encarnaciones, ya que cosechamos lo que sembramos, porque la Ley de Justicia Divina act\u00faa para todos sin excepci\u00f3n.<\/p>\n<p style=\"text-align: justify;\">Tengamos presente que la queja, el enfado, la irritaci\u00f3n no sirven de argumento para responder a una ofensa, un agravio, un da\u00f1o\u2026 Es el perd\u00f3n el que nos ayuda a superar problemas; nos evita, por ejemplo, que nos recreemos en un asunto que s\u00f3lo nos har\u00e1 perder el tiempo y se posen sentimientos malsanos en nuestro coraz\u00f3n, lo que nos puede complicar la existencia si no aprendemos a pasar p\u00e1gina.<\/p>\n<p style=\"text-align: justify;\">Una de las dimensiones que tiene el perd\u00f3n es la indulgencia. La indulgencia, que es generosa y bondadosa, que se ocupa de obviar las acciones negativas de los otros, a no ser que sea para ayudar. Al igual que con los defectos que, aunque los ve y se da cuenta, no hace aprecio de ellos y los soslaya. En el caso de que se vieran expuestos mencionar\u00eda motivos para minimizarlos, pues a esta cualidad le gusta sobresaltar lo bueno de las personas. Es una virtud que atrae la calma, la serenidad, ya que surge del amor.<\/p>\n<p style=\"text-align: justify;\">Debemos tener en cuenta que el an\u00e1lisis interno realizado con cierta regularidad, el ir conoci\u00e9ndonos poco a poco, descubriendo nuestro fuero interno, nos muestra las limitaciones, las carencias o h\u00e1bitos improductivos que podamos tener, reflexiones que nos llevan a darnos cuenta que en absoluto somos mejores que los dem\u00e1s.<\/p>\n<p style=\"text-align: justify;\">La indulgencia tiene una doble vertiente, una que dirigimos hacia nosotros, el auto-amor, y otra que va dirigida hacia los dem\u00e1s; y las dos son igual de importantes.<\/p>\n<p style=\"text-align: justify;\">La primera ser\u00eda la indulgencia hacia nosotros. Cu\u00e1ntas veces cargamos con el arrepentimiento de una mala acci\u00f3n, cuyo resultado ha sido el sufrimiento, da\u00f1o o dolor al pr\u00f3jimo; adem\u00e1s, si resulta que ese da\u00f1o infligido ha sido a una persona dentro de nuestro c\u00edrculo m\u00e1s cercano, el cargo de conciencia es m\u00e1s profundo todav\u00eda. Este estado de desequilibrio nos impide progresar, ese error cometido lo llevamos en la conciencia y esa carga nos paraliza. Por eso es bueno saber perdonarse, y el arrepentimiento que sentimos nos sirva de palanca que nos impulse a realizar bien las cosas, con buena voluntad, posibilitando el poder levantarse, cambiar ese comportamiento negativo que nos lastra, impidi\u00e9ndonos avanzar por el camino de la perfecci\u00f3n.<\/p>\n<div class=\"content-box-blue\">\n<p style=\"text-align: center;\"><strong><br \/>\n\u201cConc\u00e9dete el derecho de errar; sin embargo, ex\u00edgete el deber de corregir\u201d <\/strong>(Joanna de \u00c2ngelis).<\/p>\n<\/div>\n<p style=\"text-align: justify;\">Por lo cual, el conocernos internamente nos ayuda a corregir los defectos que tenemos y a modificar h\u00e1bitos perjudiciales que hayamos desarrollado, y de esta forma nos resultar\u00e1 m\u00e1s f\u00e1cil darnos a los dem\u00e1s. La introspecci\u00f3n que hagamos nos ayudar\u00e1 a aprender y comprendernos, lo que nos proporcionar\u00e1 la posibilidad de ponernos en la piel del semejante. Este cometido lo podremos realizar siempre y cuando seamos objetivos, adem\u00e1s de firmes para sacarlo adelante con responsabilidad, disciplina y estando vigilantes en cuanto a la condici\u00f3n de pensamientos y sentimientos que puedan aflorar.<\/p>\n<p style=\"text-align: justify;\">La segunda ser\u00eda la indulgencia hacia los dem\u00e1s. Recordemos que una de las funciones m\u00e1s importantes que tiene el perd\u00f3n es el olvido, sin el cual la herida no termina de curarse; y otra es la de ayudar, porque para que esa ayuda sea \u00edntegra y desinteresada, tenemos que estar limpios de los m\u00e1s peque\u00f1os hilillos de resentimiento que puedan albergar nuestra mente y nuestro coraz\u00f3n. Ante todo, no podemos olvidar que tambi\u00e9n nosotros cometemos faltas que hacen da\u00f1o a los dem\u00e1s, y hay que repararlas.<\/p>\n<p style=\"text-align: justify;\">Estamos en el sendero de regenerarnos espiritualmente, pero todav\u00eda cometemos muchos errores, de los cuales podemos aprender; por eso, la indulgencia es una virtud tan hermosa, porque <strong>no rechaza sino que comprende.<\/strong><\/p>\n<p style=\"text-align: justify;\">La indulgencia como virtud nos ofrece la benevolencia ajena ante nuestros propios errores; si la falta es de los dem\u00e1s, entonces nos demanda condescendencia. Por lo tanto, ante el error, sea de quien sea, junto con la indulgencia aparecer\u00e1 siempre la comprensi\u00f3n.<\/p>\n<p style=\"text-align: justify;\">Hoy en d\u00eda vivimos en una sociedad ego\u00edsta, materialista, donde los valores superiores se van perdiendo y todo importa poco, donde el egocentrismo impera menospreciando a los dem\u00e1s. Estamos viviendo una \u00e9poca donde la cr\u00edtica y la censura son p\u00fablicas, y mientras m\u00e1s se vilipendie, mejor. Esta conducta es el pan de cada d\u00eda. Empecemos a obviar estas actitudes que tanto da\u00f1o hacen y sepamos valorar lo bueno, lo noble, lo positivo que existe en nuestro pr\u00f3jimo. No nos dejemos llevar por esa corriente de cr\u00edticas indiscriminadas, sin un \u00e1pice de caridad; pong\u00e1monos en el lugar de los dem\u00e1s y valoremos y comprendamos sus circunstancias. El odio y el rencor son un fuego en la mente y en el coraz\u00f3n que ciegan la reflexi\u00f3n e impiden la calma, envileciendo la acci\u00f3n.<\/p>\n<p style=\"text-align: justify;\">Recordemos que antes de hablar mal de alguien o resaltar alguna caracter\u00edstica negativa del semejante, mir\u00e9monos al espejo, ya que, como hemos dicho en alguna ocasi\u00f3n, las faltas que vemos en los dem\u00e1s suelen ser proyecciones de las nuestras.<\/p>\n<p style=\"text-align: justify;\">Seamos prudentes y demos ejemplo de c\u00f3mo se debe comportar un ser humano de buena voluntad, viendo siempre lo bueno de las personas. Quien perdona se libera de ataduras, puesto que no sabe de remordimientos, ni malos sentimientos, obteniendo tranquilidad de conciencia y de esp\u00edritu. El que act\u00faa guiado por el amor llega antes a los objetivos marcados, cumpliendo con su destino.<\/p>\n<p style=\"text-align: justify;\">Una manera de ayudar a los que nos ofenden es pedir al Padre bondad y misericordia por ellos. As\u00ed como rogar perd\u00f3n por nosotros cada vez que nos equivocamos, aceptando nuestra culpa y no justificando nuestra acci\u00f3n. No caigamos en el ego\u00edsmo de hacer culpables a los dem\u00e1s de nuestras equivocaciones o las circunstancias que nos rodean, actitud que nos perjudicar\u00eda mucho en nuestro caminar por la senda que nos lleva a la transformaci\u00f3n espiritual.<\/p>\n<p style=\"text-align: right;\"><strong><i>La indulgencia surge del amor por:\u00a0 \u00a0\u00a0<\/i><\/strong><a href=\"https:\/\/amorpazycaridad.es\/author\/gloria\/\"><strong>Gloria Quel<\/strong><\/a><\/p>\n<p style=\"text-align: right;\"><i>\u00a9 Amor, Paz y Caridad, 2018<\/i><\/p>\n","protected":false},"excerpt":{"rendered":"<p>En la oraci\u00f3n del Padre Nuestro nos encontramos con esta petici\u00f3n: \u201cPerdonad nuestras ofensas, as\u00ed como nosotros perdonamos a los que nos ofenden\u201d. Ese es el mensaje que nos dej\u00f3 el Nazareno, un mensaje de amor y perd\u00f3n, actitud que nos ayuda a llevar una vida donde la pr\u00e1ctica de la caridad es fundamental. Recordemos [&hellip;]<\/p>\n","protected":false},"author":103,"featured_media":9552,"comment_status":"open","ping_status":"open","sticky":false,"template":"","format":"standard","meta":{"tdm_status":"","tdm_grid_status":"","footnotes":""},"categories":[2303],"tags":[433,1143,1439,4061,1541,1438,4060,1185,857],"ppma_author":[2317],"class_list":{"0":"post-9475","1":"post","2":"type-post","3":"status-publish","4":"format-standard","5":"has-post-thumbnail","7":"category-trabajo-interior","8":"tag-comprension","9":"tag-egoismo-social","10":"tag-enfado","11":"tag-hablar-mal","12":"tag-indulgencia","13":"tag-irritacion","14":"tag-perdonar","15":"tag-prudencia","16":"tag-trabajo-interior"},"yoast_head":"<!-- This site is optimized with the Yoast SEO plugin v27.7 - https:\/\/yoast.com\/product\/yoast-seo-wordpress\/ -->\n<title>LA INDULGENCIA SURGE DEL AMOR | GLORIA QUEL | APC |<\/title>\n<meta name=\"description\" content=\"Una de las dimensiones que tiene el perd\u00f3n es la indulgencia. La indulgencia, que es generosa y bondadosa, que se ocupa de obviar las acciones negativas de los otros, a no ser que sea para ayudar. Al igual que con los defectos que, aunque los ve y se da cuenta, no hace aprecio de ellos y los soslaya.\" \/>\n<meta name=\"robots\" content=\"index, follow, max-snippet:-1, max-image-preview:large, max-video-preview:-1\" \/>\n<link rel=\"canonical\" href=\"https:\/\/amorpazy-cp515.wordpresstemporal.com\/amorpazycaridad.es\/la-indulgencia-surge-del-amor\/\" \/>\n<meta property=\"og:locale\" content=\"es_ES\" \/>\n<meta property=\"og:type\" content=\"article\" \/>\n<meta property=\"og:title\" content=\"LA INDULGENCIA SURGE DEL AMOR | GLORIA QUEL | APC |\" \/>\n<meta property=\"og:description\" content=\"Una de las dimensiones que tiene el perd\u00f3n es la indulgencia. La indulgencia, que es generosa y bondadosa, que se ocupa de obviar las acciones negativas de los otros, a no ser que sea para ayudar. Al igual que con los defectos que, aunque los ve y se da cuenta, no hace aprecio de ellos y los soslaya.\" \/>\n<meta property=\"og:url\" content=\"https:\/\/amorpazy-cp515.wordpresstemporal.com\/amorpazycaridad.es\/la-indulgencia-surge-del-amor\/\" \/>\n<meta property=\"og:site_name\" content=\"Amor, paz caridad\" \/>\n<meta property=\"article:publisher\" content=\"http:\/\/www.facebook.com\/pages\/Amor-paz-y-caridad\/1594978604096866\" \/>\n<meta property=\"article:published_time\" content=\"2018-04-16T04:30:50+00:00\" \/>\n<meta property=\"article:modified_time\" content=\"2019-10-01T12:28:40+00:00\" \/>\n<meta property=\"og:image\" content=\"https:\/\/amorpazy-cp515.wordpresstemporal.com\/amorpazycaridad.es\/wp-content\/uploads\/2018\/04\/indulgencia.jpg\" \/>\n\t<meta property=\"og:image:width\" content=\"720\" \/>\n\t<meta property=\"og:image:height\" content=\"350\" \/>\n\t<meta property=\"og:image:type\" content=\"image\/jpeg\" \/>\n<meta name=\"author\" content=\"Gloria\" \/>\n<meta name=\"twitter:card\" content=\"summary_large_image\" \/>\n<meta name=\"twitter:creator\" content=\"@amorpazycaridad\" \/>\n<meta name=\"twitter:site\" content=\"@amorpazycaridad\" \/>\n<meta name=\"twitter:label1\" content=\"Escrito por\" \/>\n\t<meta name=\"twitter:data1\" content=\"Gloria Quel\" \/>\n\t<meta name=\"twitter:label2\" content=\"Tiempo de lectura\" \/>\n\t<meta name=\"twitter:data2\" content=\"6 minutos\" \/>\n<script type=\"application\/ld+json\" class=\"yoast-schema-graph\">{\"@context\":\"https:\\\/\\\/schema.org\",\"@graph\":[{\"@type\":\"Article\",\"@id\":\"https:\\\/\\\/amorpazy-cp515.wordpresstemporal.com\\\/amorpazycaridad.es\\\/la-indulgencia-surge-del-amor\\\/#article\",\"isPartOf\":{\"@id\":\"https:\\\/\\\/amorpazy-cp515.wordpresstemporal.com\\\/amorpazycaridad.es\\\/la-indulgencia-surge-del-amor\\\/\"},\"author\":{\"name\":\"Gloria Quel\",\"@id\":\"https:\\\/\\\/amorpazy-cp515.wordpresstemporal.com\\\/amorpazycaridad.es\\\/#\\\/schema\\\/person\\\/7987b988126ef78d53bc382530ad92c2\"},\"headline\":\"LA INDULGENCIA SURGE DEL AMOR\",\"datePublished\":\"2018-04-16T04:30:50+00:00\",\"dateModified\":\"2019-10-01T12:28:40+00:00\",\"mainEntityOfPage\":{\"@id\":\"https:\\\/\\\/amorpazy-cp515.wordpresstemporal.com\\\/amorpazycaridad.es\\\/la-indulgencia-surge-del-amor\\\/\"},\"wordCount\":1129,\"commentCount\":0,\"publisher\":{\"@id\":\"https:\\\/\\\/amorpazy-cp515.wordpresstemporal.com\\\/amorpazycaridad.es\\\/#organization\"},\"image\":{\"@id\":\"https:\\\/\\\/amorpazy-cp515.wordpresstemporal.com\\\/amorpazycaridad.es\\\/la-indulgencia-surge-del-amor\\\/#primaryimage\"},\"thumbnailUrl\":\"https:\\\/\\\/amorpazy-cp515.wordpresstemporal.com\\\/amorpazycaridad.es\\\/wp-content\\\/uploads\\\/2018\\\/04\\\/indulgencia.jpg\",\"keywords\":[\"Comprensi\u00f3n\",\"ego\u00edsmo social\",\"enfado\",\"hablar mal\",\"Indulgencia\",\"irritaci\u00f3n\",\"perdonar\",\"prudencia\",\"trabajo interior\"],\"articleSection\":[\"Trabajo Interior\"],\"inLanguage\":\"es\",\"potentialAction\":[{\"@type\":\"CommentAction\",\"name\":\"Comment\",\"target\":[\"https:\\\/\\\/amorpazy-cp515.wordpresstemporal.com\\\/amorpazycaridad.es\\\/la-indulgencia-surge-del-amor\\\/#respond\"]}]},{\"@type\":\"WebPage\",\"@id\":\"https:\\\/\\\/amorpazy-cp515.wordpresstemporal.com\\\/amorpazycaridad.es\\\/la-indulgencia-surge-del-amor\\\/\",\"url\":\"https:\\\/\\\/amorpazy-cp515.wordpresstemporal.com\\\/amorpazycaridad.es\\\/la-indulgencia-surge-del-amor\\\/\",\"name\":\"LA INDULGENCIA SURGE DEL AMOR | GLORIA QUEL | APC |\",\"isPartOf\":{\"@id\":\"https:\\\/\\\/amorpazy-cp515.wordpresstemporal.com\\\/amorpazycaridad.es\\\/#website\"},\"primaryImageOfPage\":{\"@id\":\"https:\\\/\\\/amorpazy-cp515.wordpresstemporal.com\\\/amorpazycaridad.es\\\/la-indulgencia-surge-del-amor\\\/#primaryimage\"},\"image\":{\"@id\":\"https:\\\/\\\/amorpazy-cp515.wordpresstemporal.com\\\/amorpazycaridad.es\\\/la-indulgencia-surge-del-amor\\\/#primaryimage\"},\"thumbnailUrl\":\"https:\\\/\\\/amorpazy-cp515.wordpresstemporal.com\\\/amorpazycaridad.es\\\/wp-content\\\/uploads\\\/2018\\\/04\\\/indulgencia.jpg\",\"datePublished\":\"2018-04-16T04:30:50+00:00\",\"dateModified\":\"2019-10-01T12:28:40+00:00\",\"description\":\"Una de las dimensiones que tiene el perd\u00f3n es la indulgencia. La indulgencia, que es generosa y bondadosa, que se ocupa de obviar las acciones negativas de los otros, a no ser que sea para ayudar. Al igual que con los defectos que, aunque los ve y se da cuenta, no hace aprecio de ellos y los soslaya.\",\"breadcrumb\":{\"@id\":\"https:\\\/\\\/amorpazy-cp515.wordpresstemporal.com\\\/amorpazycaridad.es\\\/la-indulgencia-surge-del-amor\\\/#breadcrumb\"},\"inLanguage\":\"es\",\"potentialAction\":[{\"@type\":\"ReadAction\",\"target\":[\"https:\\\/\\\/amorpazy-cp515.wordpresstemporal.com\\\/amorpazycaridad.es\\\/la-indulgencia-surge-del-amor\\\/\"]}]},{\"@type\":\"ImageObject\",\"inLanguage\":\"es\",\"@id\":\"https:\\\/\\\/amorpazy-cp515.wordpresstemporal.com\\\/amorpazycaridad.es\\\/la-indulgencia-surge-del-amor\\\/#primaryimage\",\"url\":\"https:\\\/\\\/amorpazy-cp515.wordpresstemporal.com\\\/amorpazycaridad.es\\\/wp-content\\\/uploads\\\/2018\\\/04\\\/indulgencia.jpg\",\"contentUrl\":\"https:\\\/\\\/amorpazy-cp515.wordpresstemporal.com\\\/amorpazycaridad.es\\\/wp-content\\\/uploads\\\/2018\\\/04\\\/indulgencia.jpg\",\"width\":\"720\",\"height\":\"350\",\"caption\":\"La indulgencia surge del amor\"},{\"@type\":\"BreadcrumbList\",\"@id\":\"https:\\\/\\\/amorpazy-cp515.wordpresstemporal.com\\\/amorpazycaridad.es\\\/la-indulgencia-surge-del-amor\\\/#breadcrumb\",\"itemListElement\":[{\"@type\":\"ListItem\",\"position\":1,\"name\":\"Portada\",\"item\":\"https:\\\/\\\/amorpazy-cp515.wordpresstemporal.com\\\/amorpazycaridad.es\\\/\"},{\"@type\":\"ListItem\",\"position\":2,\"name\":\"LA INDULGENCIA SURGE DEL AMOR\"}]},{\"@type\":\"WebSite\",\"@id\":\"https:\\\/\\\/amorpazy-cp515.wordpresstemporal.com\\\/amorpazycaridad.es\\\/#website\",\"url\":\"https:\\\/\\\/amorpazy-cp515.wordpresstemporal.com\\\/amorpazycaridad.es\\\/\",\"name\":\"Amor, paz caridad\",\"description\":\"Conocimiento espiritual, espiritismo, espiritualismo, leyes universales, m\u00e1s all\u00e1, vida despu\u00e9s de la vida,\",\"publisher\":{\"@id\":\"https:\\\/\\\/amorpazy-cp515.wordpresstemporal.com\\\/amorpazycaridad.es\\\/#organization\"},\"potentialAction\":[{\"@type\":\"SearchAction\",\"target\":{\"@type\":\"EntryPoint\",\"urlTemplate\":\"https:\\\/\\\/amorpazy-cp515.wordpresstemporal.com\\\/amorpazycaridad.es\\\/?s={search_term_string}\"},\"query-input\":{\"@type\":\"PropertyValueSpecification\",\"valueRequired\":true,\"valueName\":\"search_term_string\"}}],\"inLanguage\":\"es\"},{\"@type\":\"Organization\",\"@id\":\"https:\\\/\\\/amorpazy-cp515.wordpresstemporal.com\\\/amorpazycaridad.es\\\/#organization\",\"name\":\"Asociaci\u00f3n de Estudios Espirituales Grupo Villena\",\"url\":\"https:\\\/\\\/amorpazy-cp515.wordpresstemporal.com\\\/amorpazycaridad.es\\\/\",\"logo\":{\"@type\":\"ImageObject\",\"inLanguage\":\"es\",\"@id\":\"https:\\\/\\\/amorpazy-cp515.wordpresstemporal.com\\\/amorpazycaridad.es\\\/#\\\/schema\\\/logo\\\/image\\\/\",\"url\":\"https:\\\/\\\/amorpazycaridad.es\\\/wp-content\\\/uploads\\\/2015\\\/01\\\/logo-fav-e1420247830294.jpg\",\"contentUrl\":\"https:\\\/\\\/amorpazycaridad.es\\\/wp-content\\\/uploads\\\/2015\\\/01\\\/logo-fav-e1420247830294.jpg\",\"width\":144,\"height\":144,\"caption\":\"Asociaci\u00f3n de Estudios Espirituales Grupo Villena\"},\"image\":{\"@id\":\"https:\\\/\\\/amorpazy-cp515.wordpresstemporal.com\\\/amorpazycaridad.es\\\/#\\\/schema\\\/logo\\\/image\\\/\"},\"sameAs\":[\"http:\\\/\\\/www.facebook.com\\\/pages\\\/Amor-paz-y-caridad\\\/1594978604096866\",\"https:\\\/\\\/x.com\\\/amorpazycaridad\",\"https:\\\/\\\/es.pinterest.com\\\/amorpazycaridad\\\/\",\"https:\\\/\\\/www.youtube.com\\\/channel\\\/UC1GvDIDCLoL02SzOD7NJdrA\"]},{\"@type\":\"Person\",\"@id\":\"https:\\\/\\\/amorpazy-cp515.wordpresstemporal.com\\\/amorpazycaridad.es\\\/#\\\/schema\\\/person\\\/7987b988126ef78d53bc382530ad92c2\",\"name\":\"Gloria Quel\",\"image\":{\"@type\":\"ImageObject\",\"inLanguage\":\"es\",\"@id\":\"https:\\\/\\\/amorpazycaridad.es\\\/wp-content\\\/uploads\\\/2017\\\/01\\\/Archivo-20-1-17-19-33-56-96x96.jpeg8edb225628e8c6894a7b2d3a9cc8f8d7\",\"url\":\"https:\\\/\\\/amorpazycaridad.es\\\/wp-content\\\/uploads\\\/2017\\\/01\\\/Archivo-20-1-17-19-33-56-96x96.jpeg\",\"contentUrl\":\"https:\\\/\\\/amorpazycaridad.es\\\/wp-content\\\/uploads\\\/2017\\\/01\\\/Archivo-20-1-17-19-33-56-96x96.jpeg\",\"caption\":\"Gloria Quel\"},\"description\":\"Gloria Quel Benedicto es ama de casa y madre de tres hijos. Pertenece a la Asociaci\u00f3n de Estudios Espirituales \\\"Grupo Villena\\\" desde hace m\u00e1s de 25 a\u00f1os. Forma parte del equipo de redacci\u00f3n de esta web. Escribe asiduamente interesantes art\u00edculos de opini\u00f3n sobre temas de actualidad, aportando sus conocimientos y experiencia.\",\"url\":\"https:\\\/\\\/amorpazy-cp515.wordpresstemporal.com\\\/amorpazycaridad.es\\\/author\\\/gloria\\\/\"}]}<\/script>\n<!-- \/ Yoast SEO plugin. -->","yoast_head_json":{"title":"LA INDULGENCIA SURGE DEL AMOR | GLORIA QUEL | APC |","description":"Una de las dimensiones que tiene el perd\u00f3n es la indulgencia. La indulgencia, que es generosa y bondadosa, que se ocupa de obviar las acciones negativas de los otros, a no ser que sea para ayudar. Al igual que con los defectos que, aunque los ve y se da cuenta, no hace aprecio de ellos y los soslaya.","robots":{"index":"index","follow":"follow","max-snippet":"max-snippet:-1","max-image-preview":"max-image-preview:large","max-video-preview":"max-video-preview:-1"},"canonical":"https:\/\/amorpazy-cp515.wordpresstemporal.com\/amorpazycaridad.es\/la-indulgencia-surge-del-amor\/","og_locale":"es_ES","og_type":"article","og_title":"LA INDULGENCIA SURGE DEL AMOR | GLORIA QUEL | APC |","og_description":"Una de las dimensiones que tiene el perd\u00f3n es la indulgencia. La indulgencia, que es generosa y bondadosa, que se ocupa de obviar las acciones negativas de los otros, a no ser que sea para ayudar. Al igual que con los defectos que, aunque los ve y se da cuenta, no hace aprecio de ellos y los soslaya.","og_url":"https:\/\/amorpazy-cp515.wordpresstemporal.com\/amorpazycaridad.es\/la-indulgencia-surge-del-amor\/","og_site_name":"Amor, paz caridad","article_publisher":"http:\/\/www.facebook.com\/pages\/Amor-paz-y-caridad\/1594978604096866","article_published_time":"2018-04-16T04:30:50+00:00","article_modified_time":"2019-10-01T12:28:40+00:00","og_image":[{"width":720,"height":350,"url":"https:\/\/amorpazy-cp515.wordpresstemporal.com\/amorpazycaridad.es\/wp-content\/uploads\/2018\/04\/indulgencia.jpg","type":"image\/jpeg"}],"author":"Gloria","twitter_card":"summary_large_image","twitter_creator":"@amorpazycaridad","twitter_site":"@amorpazycaridad","twitter_misc":{"Escrito por":"Gloria Quel","Tiempo de lectura":"6 minutos"},"schema":{"@context":"https:\/\/schema.org","@graph":[{"@type":"Article","@id":"https:\/\/amorpazy-cp515.wordpresstemporal.com\/amorpazycaridad.es\/la-indulgencia-surge-del-amor\/#article","isPartOf":{"@id":"https:\/\/amorpazy-cp515.wordpresstemporal.com\/amorpazycaridad.es\/la-indulgencia-surge-del-amor\/"},"author":{"name":"Gloria Quel","@id":"https:\/\/amorpazy-cp515.wordpresstemporal.com\/amorpazycaridad.es\/#\/schema\/person\/7987b988126ef78d53bc382530ad92c2"},"headline":"LA INDULGENCIA SURGE DEL AMOR","datePublished":"2018-04-16T04:30:50+00:00","dateModified":"2019-10-01T12:28:40+00:00","mainEntityOfPage":{"@id":"https:\/\/amorpazy-cp515.wordpresstemporal.com\/amorpazycaridad.es\/la-indulgencia-surge-del-amor\/"},"wordCount":1129,"commentCount":0,"publisher":{"@id":"https:\/\/amorpazy-cp515.wordpresstemporal.com\/amorpazycaridad.es\/#organization"},"image":{"@id":"https:\/\/amorpazy-cp515.wordpresstemporal.com\/amorpazycaridad.es\/la-indulgencia-surge-del-amor\/#primaryimage"},"thumbnailUrl":"https:\/\/amorpazy-cp515.wordpresstemporal.com\/amorpazycaridad.es\/wp-content\/uploads\/2018\/04\/indulgencia.jpg","keywords":["Comprensi\u00f3n","ego\u00edsmo social","enfado","hablar mal","Indulgencia","irritaci\u00f3n","perdonar","prudencia","trabajo interior"],"articleSection":["Trabajo Interior"],"inLanguage":"es","potentialAction":[{"@type":"CommentAction","name":"Comment","target":["https:\/\/amorpazy-cp515.wordpresstemporal.com\/amorpazycaridad.es\/la-indulgencia-surge-del-amor\/#respond"]}]},{"@type":"WebPage","@id":"https:\/\/amorpazy-cp515.wordpresstemporal.com\/amorpazycaridad.es\/la-indulgencia-surge-del-amor\/","url":"https:\/\/amorpazy-cp515.wordpresstemporal.com\/amorpazycaridad.es\/la-indulgencia-surge-del-amor\/","name":"LA INDULGENCIA SURGE DEL AMOR | GLORIA QUEL | APC |","isPartOf":{"@id":"https:\/\/amorpazy-cp515.wordpresstemporal.com\/amorpazycaridad.es\/#website"},"primaryImageOfPage":{"@id":"https:\/\/amorpazy-cp515.wordpresstemporal.com\/amorpazycaridad.es\/la-indulgencia-surge-del-amor\/#primaryimage"},"image":{"@id":"https:\/\/amorpazy-cp515.wordpresstemporal.com\/amorpazycaridad.es\/la-indulgencia-surge-del-amor\/#primaryimage"},"thumbnailUrl":"https:\/\/amorpazy-cp515.wordpresstemporal.com\/amorpazycaridad.es\/wp-content\/uploads\/2018\/04\/indulgencia.jpg","datePublished":"2018-04-16T04:30:50+00:00","dateModified":"2019-10-01T12:28:40+00:00","description":"Una de las dimensiones que tiene el perd\u00f3n es la indulgencia. La indulgencia, que es generosa y bondadosa, que se ocupa de obviar las acciones negativas de los otros, a no ser que sea para ayudar. Al igual que con los defectos que, aunque los ve y se da cuenta, no hace aprecio de ellos y los soslaya.","breadcrumb":{"@id":"https:\/\/amorpazy-cp515.wordpresstemporal.com\/amorpazycaridad.es\/la-indulgencia-surge-del-amor\/#breadcrumb"},"inLanguage":"es","potentialAction":[{"@type":"ReadAction","target":["https:\/\/amorpazy-cp515.wordpresstemporal.com\/amorpazycaridad.es\/la-indulgencia-surge-del-amor\/"]}]},{"@type":"ImageObject","inLanguage":"es","@id":"https:\/\/amorpazy-cp515.wordpresstemporal.com\/amorpazycaridad.es\/la-indulgencia-surge-del-amor\/#primaryimage","url":"https:\/\/amorpazy-cp515.wordpresstemporal.com\/amorpazycaridad.es\/wp-content\/uploads\/2018\/04\/indulgencia.jpg","contentUrl":"https:\/\/amorpazy-cp515.wordpresstemporal.com\/amorpazycaridad.es\/wp-content\/uploads\/2018\/04\/indulgencia.jpg","width":"720","height":"350","caption":"La indulgencia surge del amor"},{"@type":"BreadcrumbList","@id":"https:\/\/amorpazy-cp515.wordpresstemporal.com\/amorpazycaridad.es\/la-indulgencia-surge-del-amor\/#breadcrumb","itemListElement":[{"@type":"ListItem","position":1,"name":"Portada","item":"https:\/\/amorpazy-cp515.wordpresstemporal.com\/amorpazycaridad.es\/"},{"@type":"ListItem","position":2,"name":"LA INDULGENCIA SURGE DEL AMOR"}]},{"@type":"WebSite","@id":"https:\/\/amorpazy-cp515.wordpresstemporal.com\/amorpazycaridad.es\/#website","url":"https:\/\/amorpazy-cp515.wordpresstemporal.com\/amorpazycaridad.es\/","name":"Amor, paz caridad","description":"Conocimiento espiritual, espiritismo, espiritualismo, leyes universales, m\u00e1s all\u00e1, vida despu\u00e9s de la vida,","publisher":{"@id":"https:\/\/amorpazy-cp515.wordpresstemporal.com\/amorpazycaridad.es\/#organization"},"potentialAction":[{"@type":"SearchAction","target":{"@type":"EntryPoint","urlTemplate":"https:\/\/amorpazy-cp515.wordpresstemporal.com\/amorpazycaridad.es\/?s={search_term_string}"},"query-input":{"@type":"PropertyValueSpecification","valueRequired":true,"valueName":"search_term_string"}}],"inLanguage":"es"},{"@type":"Organization","@id":"https:\/\/amorpazy-cp515.wordpresstemporal.com\/amorpazycaridad.es\/#organization","name":"Asociaci\u00f3n de Estudios Espirituales Grupo Villena","url":"https:\/\/amorpazy-cp515.wordpresstemporal.com\/amorpazycaridad.es\/","logo":{"@type":"ImageObject","inLanguage":"es","@id":"https:\/\/amorpazy-cp515.wordpresstemporal.com\/amorpazycaridad.es\/#\/schema\/logo\/image\/","url":"https:\/\/amorpazycaridad.es\/wp-content\/uploads\/2015\/01\/logo-fav-e1420247830294.jpg","contentUrl":"https:\/\/amorpazycaridad.es\/wp-content\/uploads\/2015\/01\/logo-fav-e1420247830294.jpg","width":144,"height":144,"caption":"Asociaci\u00f3n de Estudios Espirituales Grupo Villena"},"image":{"@id":"https:\/\/amorpazy-cp515.wordpresstemporal.com\/amorpazycaridad.es\/#\/schema\/logo\/image\/"},"sameAs":["http:\/\/www.facebook.com\/pages\/Amor-paz-y-caridad\/1594978604096866","https:\/\/x.com\/amorpazycaridad","https:\/\/es.pinterest.com\/amorpazycaridad\/","https:\/\/www.youtube.com\/channel\/UC1GvDIDCLoL02SzOD7NJdrA"]},{"@type":"Person","@id":"https:\/\/amorpazy-cp515.wordpresstemporal.com\/amorpazycaridad.es\/#\/schema\/person\/7987b988126ef78d53bc382530ad92c2","name":"Gloria Quel","image":{"@type":"ImageObject","inLanguage":"es","@id":"https:\/\/amorpazycaridad.es\/wp-content\/uploads\/2017\/01\/Archivo-20-1-17-19-33-56-96x96.jpeg8edb225628e8c6894a7b2d3a9cc8f8d7","url":"https:\/\/amorpazycaridad.es\/wp-content\/uploads\/2017\/01\/Archivo-20-1-17-19-33-56-96x96.jpeg","contentUrl":"https:\/\/amorpazycaridad.es\/wp-content\/uploads\/2017\/01\/Archivo-20-1-17-19-33-56-96x96.jpeg","caption":"Gloria Quel"},"description":"Gloria Quel Benedicto es ama de casa y madre de tres hijos. Pertenece a la Asociaci\u00f3n de Estudios Espirituales \"Grupo Villena\" desde hace m\u00e1s de 25 a\u00f1os. Forma parte del equipo de redacci\u00f3n de esta web. Escribe asiduamente interesantes art\u00edculos de opini\u00f3n sobre temas de actualidad, aportando sus conocimientos y experiencia.","url":"https:\/\/amorpazy-cp515.wordpresstemporal.com\/amorpazycaridad.es\/author\/gloria\/"}]}},"authors":[{"term_id":2317,"user_id":0,"is_guest":1,"slug":"cap-gloria","display_name":"Gloria","avatar_url":"https:\/\/secure.gravatar.com\/avatar\/?s=96&d=mm&r=g","0":null,"1":"","2":"","3":"","4":"","5":"","6":"","7":"","8":""}],"_links":{"self":[{"href":"https:\/\/amorpazy-cp515.wordpresstemporal.com\/amorpazycaridad.es\/wp-json\/wp\/v2\/posts\/9475","targetHints":{"allow":["GET"]}}],"collection":[{"href":"https:\/\/amorpazy-cp515.wordpresstemporal.com\/amorpazycaridad.es\/wp-json\/wp\/v2\/posts"}],"about":[{"href":"https:\/\/amorpazy-cp515.wordpresstemporal.com\/amorpazycaridad.es\/wp-json\/wp\/v2\/types\/post"}],"author":[{"embeddable":true,"href":"https:\/\/amorpazy-cp515.wordpresstemporal.com\/amorpazycaridad.es\/wp-json\/wp\/v2\/users\/103"}],"replies":[{"embeddable":true,"href":"https:\/\/amorpazy-cp515.wordpresstemporal.com\/amorpazycaridad.es\/wp-json\/wp\/v2\/comments?post=9475"}],"version-history":[{"count":6,"href":"https:\/\/amorpazy-cp515.wordpresstemporal.com\/amorpazycaridad.es\/wp-json\/wp\/v2\/posts\/9475\/revisions"}],"predecessor-version":[{"id":9551,"href":"https:\/\/amorpazy-cp515.wordpresstemporal.com\/amorpazycaridad.es\/wp-json\/wp\/v2\/posts\/9475\/revisions\/9551"}],"wp:featuredmedia":[{"embeddable":true,"href":"https:\/\/amorpazy-cp515.wordpresstemporal.com\/amorpazycaridad.es\/wp-json\/wp\/v2\/media\/9552"}],"wp:attachment":[{"href":"https:\/\/amorpazy-cp515.wordpresstemporal.com\/amorpazycaridad.es\/wp-json\/wp\/v2\/media?parent=9475"}],"wp:term":[{"taxonomy":"category","embeddable":true,"href":"https:\/\/amorpazy-cp515.wordpresstemporal.com\/amorpazycaridad.es\/wp-json\/wp\/v2\/categories?post=9475"},{"taxonomy":"post_tag","embeddable":true,"href":"https:\/\/amorpazy-cp515.wordpresstemporal.com\/amorpazycaridad.es\/wp-json\/wp\/v2\/tags?post=9475"},{"taxonomy":"author","embeddable":true,"href":"https:\/\/amorpazy-cp515.wordpresstemporal.com\/amorpazycaridad.es\/wp-json\/wp\/v2\/ppma_author?post=9475"}],"curies":[{"name":"wp","href":"https:\/\/api.w.org\/{rel}","templated":true}]}}