{"id":9218,"date":"2018-03-05T06:17:47","date_gmt":"2018-03-05T05:17:47","guid":{"rendered":"https:\/\/amorpazycaridad.es\/?p=9218"},"modified":"2018-03-04T21:18:18","modified_gmt":"2018-03-04T20:18:18","slug":"busqueda-de-la-felicidad-3","status":"publish","type":"post","link":"https:\/\/amorpazy-cp515.wordpresstemporal.com\/amorpazycaridad.es\/busqueda-de-la-felicidad-3\/","title":{"rendered":"B\u00fasqueda de la felicidad 3"},"content":{"rendered":"<p style=\"text-align: justify;\">\u00bfPor qu\u00e9 hay tanta gente con una vida de amarguras?<\/p>\n<p style=\"text-align: justify;\">Por la actitud mental y afectiva desacertada que adoptan frente a las vicisitudes de la vida diaria.<\/p>\n<p style=\"text-align: justify;\">La grand\u00edsima mayor\u00eda de la gente ignora que, su ego\u00edsmo, con su secuela de envidias, celos y malos deseos, as\u00ed como sentimientos ruines; es una energ\u00eda psicomagn\u00e9tica negativa, que da\u00f1a al mismo que la alimenta.<\/p>\n<p style=\"text-align: justify;\">Cuando el ser humano adquiera el conocimiento de las leyes que rigen la Vida en sus diversos aspectos, podr\u00e1 evitar crear las causas generadoras de infelicidad, y crear las condiciones productoras de felicidad. Y esto no es una utop\u00eda sino una realidad, ignorada por muchas personas, aun aquellas con cultura acad\u00e9mica.<\/p>\n<p style=\"text-align: justify;\">La felicidad es la meta hacia la cual avanza toda criatura humana, ya que por ley le corresponde; y que alcanzar\u00e1 cuando llegue a crear las condiciones propicias para su manifestaci\u00f3n. Porque, la felicidad, as\u00ed como la infelicidad, son estados consecuenciales de nuestra conducta.<\/p>\n<p style=\"text-align: justify;\">Y la felicidad m\u00e1s duradera, se obtiene cuando alcanzamos ese estado de paz mental y armon\u00eda emocional, que hace la vida m\u00e1s placentera. Para lo cual, indispensable es, a m\u00e1s de la superaci\u00f3n de los aspectos citados, mantener sentimientos de bondad y deseos de bien para todos, as\u00ed como pensamientos constructivos, basados en la fraternidad humana.<\/p>\n<p style=\"text-align: justify;\">Porque, la felicidad es, la consecuencia natural de una Conciencia tranquila y del sentimiento y manifestaci\u00f3n del Amor en la vida diaria; que producen armon\u00eda en la mente y en el alma de la persona, armon\u00eda esta, que genera sensaciones de dicha inefable.<\/p>\n<p style=\"text-align: justify;\">Pero a esto se opone nuestro mayor enemigo, disfrazado de amigo: el EGO\u00cdSMO. Pues, siendo el ego\u00edsmo, el tronco del cual salen las imperfecciones del car\u00e1cter, en sus variados aspectos, es el mayor causante de infelicidad. No hay persona ego\u00edsta que sea feliz; porque, el ego\u00edsta, en su actitud exigente y acaparadora, est\u00e1 constantemente desarmonizado, mental y emocionalmente; aun cuando en el desconocimiento de s\u00ed mismo, lo ignore.<\/p>\n<p style=\"text-align: justify;\">\u00bfPor qu\u00e9 hay tanta gente enferma de los \u00abnervios\u00bb, del est\u00f3mago, del h\u00edgado, etc.; con una vida de amarguras?<\/p>\n<p style=\"text-align: justify;\">Por la actitud mental y afectiva que en su diario vivir adopta, apartada de las leyes naturales, de las leyes de la Vida. Y viven as\u00ed porque las ignoran. Por ello tan necesario es el Conocimiento.<\/p>\n<p style=\"text-align: justify;\">Por ejemplo, cuando una persona envidiosa y rencorosa sepa que, los sentimientos ruines que pasivamente mantiene, son la causa del deterioro de su salud y otras desventuras que amargan la vida; \u00bfno os parece que esa persona se esforzar\u00e1 en superar esa condici\u00f3n?<\/p>\n<p style=\"text-align: justify;\">Debemos saber y tener por verdad que, el cuerpo f\u00edsico creado dentro de las leyes biol\u00f3gicas, es para dar cabida a un Ser espiritual, que viene a la vida f\u00edsica con un programa de realizaciones, a cumplir un destino, en el cual est\u00e1 comprendido la superaci\u00f3n de las imperfecciones y desarrollar las facultades mentales y an\u00edmicas, que el Esp\u00edritu necesita para su progreso.<\/p>\n<p style=\"text-align: justify;\">Y en el grado en que realice ese programa, avanzar\u00e1 en el camino de su evoluci\u00f3n, hacia la felicidad plena.<\/p>\n<p style=\"text-align: right;\"><span style=\"color: #ffffff;\">B\u00fasqueda de la felicidad 3 por:\u00a0<\/span> \u00a0<span style=\"color: #808080;\"><a style=\"color: #808080;\" href=\"https:\/\/amorpazycaridad.es\/sebastian-de-arauco\/\">Sebasti\u00e1n de Arauco<\/a><\/span><\/p>\n","protected":false},"excerpt":{"rendered":"<p>\u00bfPor qu\u00e9 hay tanta gente con una vida de amarguras? Por la actitud mental y afectiva desacertada que adoptan frente a las vicisitudes de la vida diaria. La grand\u00edsima mayor\u00eda de la gente ignora que, su ego\u00edsmo, con su secuela de envidias, celos y malos deseos, as\u00ed como sentimientos ruines; es una energ\u00eda psicomagn\u00e9tica negativa, [&hellip;]<\/p>\n","protected":false},"author":2,"featured_media":9221,"comment_status":"open","ping_status":"open","sticky":false,"template":"","format":"standard","meta":{"tdm_status":"","tdm_grid_status":"","footnotes":""},"categories":[35],"tags":[77,537,609,607,689,2221,625,288],"ppma_author":[396],"class_list":{"0":"post-9218","1":"post","2":"type-post","3":"status-publish","4":"format-standard","5":"has-post-thumbnail","7":"category-leyes-universales","8":"tag-armonia-2","9":"tag-egoismo","10":"tag-felicidad","11":"tag-fraternidad","12":"tag-imperfecciones","13":"tag-leyes-universales","14":"tag-paz","15":"tag-sebastian-de-arauco"},"yoast_head":"<!-- This site is optimized with the Yoast SEO plugin v27.7 - https:\/\/yoast.com\/product\/yoast-seo-wordpress\/ -->\n<title>B\u00daSQUEDA DE LA FELICIDAD 3 | SEBASTI\u00c1N DE ARAUCO | APC<\/title>\n<meta name=\"description\" content=\"B\u00fasqueda de la felicidad 3. Y la felicidad m\u00e1s duradera, se obtiene cuando alcanzamos ese estado de paz mental y armon\u00eda emocional, que hace la vida m\u00e1s placentera. Para lo cual, indispensable es, a m\u00e1s de la superaci\u00f3n de los aspectos citados, mantener sentimientos de bondad y deseos de bien para todos,\" \/>\n<meta name=\"robots\" content=\"index, follow, max-snippet:-1, max-image-preview:large, max-video-preview:-1\" \/>\n<link rel=\"canonical\" href=\"https:\/\/amorpazy-cp515.wordpresstemporal.com\/amorpazycaridad.es\/busqueda-de-la-felicidad-3\/\" \/>\n<meta property=\"og:locale\" content=\"es_ES\" \/>\n<meta property=\"og:type\" content=\"article\" \/>\n<meta property=\"og:title\" content=\"B\u00daSQUEDA DE LA FELICIDAD 3 | SEBASTI\u00c1N DE ARAUCO | APC\" \/>\n<meta property=\"og:description\" content=\"B\u00fasqueda de la felicidad 3. Y la felicidad m\u00e1s duradera, se obtiene cuando alcanzamos ese estado de paz mental y armon\u00eda emocional, que hace la vida m\u00e1s placentera. Para lo cual, indispensable es, a m\u00e1s de la superaci\u00f3n de los aspectos citados, mantener sentimientos de bondad y deseos de bien para todos,\" \/>\n<meta property=\"og:url\" content=\"https:\/\/amorpazy-cp515.wordpresstemporal.com\/amorpazycaridad.es\/busqueda-de-la-felicidad-3\/\" \/>\n<meta property=\"og:site_name\" content=\"Amor, paz caridad\" \/>\n<meta property=\"article:publisher\" content=\"http:\/\/www.facebook.com\/pages\/Amor-paz-y-caridad\/1594978604096866\" \/>\n<meta property=\"article:published_time\" content=\"2018-03-05T05:17:47+00:00\" \/>\n<meta property=\"og:image\" content=\"https:\/\/amorpazy-cp515.wordpresstemporal.com\/amorpazycaridad.es\/wp-content\/uploads\/2018\/03\/busqueda-felicidad.jpg\" \/>\n\t<meta property=\"og:image:width\" content=\"720\" \/>\n\t<meta property=\"og:image:height\" content=\"350\" \/>\n\t<meta property=\"og:image:type\" content=\"image\/jpeg\" \/>\n<meta name=\"author\" content=\"Redaccion\" \/>\n<meta name=\"twitter:card\" content=\"summary_large_image\" \/>\n<meta name=\"twitter:creator\" content=\"@amorpazycaridad\" \/>\n<meta name=\"twitter:site\" content=\"@amorpazycaridad\" \/>\n<meta name=\"twitter:label1\" content=\"Escrito por\" \/>\n\t<meta name=\"twitter:data1\" content=\"Redacci\u00f3n\" \/>\n\t<meta name=\"twitter:label2\" content=\"Tiempo de lectura\" \/>\n\t<meta name=\"twitter:data2\" content=\"3 minutos\" \/>\n<script type=\"application\/ld+json\" class=\"yoast-schema-graph\">{\"@context\":\"https:\\\/\\\/schema.org\",\"@graph\":[{\"@type\":\"Article\",\"@id\":\"https:\\\/\\\/amorpazy-cp515.wordpresstemporal.com\\\/amorpazycaridad.es\\\/busqueda-de-la-felicidad-3\\\/#article\",\"isPartOf\":{\"@id\":\"https:\\\/\\\/amorpazy-cp515.wordpresstemporal.com\\\/amorpazycaridad.es\\\/busqueda-de-la-felicidad-3\\\/\"},\"author\":{\"name\":\"Redacci\u00f3n\",\"@id\":\"https:\\\/\\\/amorpazy-cp515.wordpresstemporal.com\\\/amorpazycaridad.es\\\/#\\\/schema\\\/person\\\/44cbc218f1b29f65390e7c8a4fd0c28d\"},\"headline\":\"B\u00fasqueda de la felicidad 3\",\"datePublished\":\"2018-03-05T05:17:47+00:00\",\"mainEntityOfPage\":{\"@id\":\"https:\\\/\\\/amorpazy-cp515.wordpresstemporal.com\\\/amorpazycaridad.es\\\/busqueda-de-la-felicidad-3\\\/\"},\"wordCount\":552,\"commentCount\":0,\"publisher\":{\"@id\":\"https:\\\/\\\/amorpazy-cp515.wordpresstemporal.com\\\/amorpazycaridad.es\\\/#organization\"},\"image\":{\"@id\":\"https:\\\/\\\/amorpazy-cp515.wordpresstemporal.com\\\/amorpazycaridad.es\\\/busqueda-de-la-felicidad-3\\\/#primaryimage\"},\"thumbnailUrl\":\"https:\\\/\\\/amorpazy-cp515.wordpresstemporal.com\\\/amorpazycaridad.es\\\/wp-content\\\/uploads\\\/2018\\\/03\\\/busqueda-felicidad.jpg\",\"keywords\":[\"Armon\u00eda\",\"egoismo\",\"felicidad\",\"fraternidad\",\"imperfecciones\",\"Leyes Universales\",\"Paz\",\"Sebasti\u00e1n de Arauco\"],\"articleSection\":[\"Leyes Universales\"],\"inLanguage\":\"es\",\"potentialAction\":[{\"@type\":\"CommentAction\",\"name\":\"Comment\",\"target\":[\"https:\\\/\\\/amorpazy-cp515.wordpresstemporal.com\\\/amorpazycaridad.es\\\/busqueda-de-la-felicidad-3\\\/#respond\"]}]},{\"@type\":\"WebPage\",\"@id\":\"https:\\\/\\\/amorpazy-cp515.wordpresstemporal.com\\\/amorpazycaridad.es\\\/busqueda-de-la-felicidad-3\\\/\",\"url\":\"https:\\\/\\\/amorpazy-cp515.wordpresstemporal.com\\\/amorpazycaridad.es\\\/busqueda-de-la-felicidad-3\\\/\",\"name\":\"B\u00daSQUEDA DE LA FELICIDAD 3 | SEBASTI\u00c1N DE ARAUCO | APC\",\"isPartOf\":{\"@id\":\"https:\\\/\\\/amorpazy-cp515.wordpresstemporal.com\\\/amorpazycaridad.es\\\/#website\"},\"primaryImageOfPage\":{\"@id\":\"https:\\\/\\\/amorpazy-cp515.wordpresstemporal.com\\\/amorpazycaridad.es\\\/busqueda-de-la-felicidad-3\\\/#primaryimage\"},\"image\":{\"@id\":\"https:\\\/\\\/amorpazy-cp515.wordpresstemporal.com\\\/amorpazycaridad.es\\\/busqueda-de-la-felicidad-3\\\/#primaryimage\"},\"thumbnailUrl\":\"https:\\\/\\\/amorpazy-cp515.wordpresstemporal.com\\\/amorpazycaridad.es\\\/wp-content\\\/uploads\\\/2018\\\/03\\\/busqueda-felicidad.jpg\",\"datePublished\":\"2018-03-05T05:17:47+00:00\",\"description\":\"B\u00fasqueda de la felicidad 3. Y la felicidad m\u00e1s duradera, se obtiene cuando alcanzamos ese estado de paz mental y armon\u00eda emocional, que hace la vida m\u00e1s placentera. Para lo cual, indispensable es, a m\u00e1s de la superaci\u00f3n de los aspectos citados, mantener sentimientos de bondad y deseos de bien para todos,\",\"breadcrumb\":{\"@id\":\"https:\\\/\\\/amorpazy-cp515.wordpresstemporal.com\\\/amorpazycaridad.es\\\/busqueda-de-la-felicidad-3\\\/#breadcrumb\"},\"inLanguage\":\"es\",\"potentialAction\":[{\"@type\":\"ReadAction\",\"target\":[\"https:\\\/\\\/amorpazy-cp515.wordpresstemporal.com\\\/amorpazycaridad.es\\\/busqueda-de-la-felicidad-3\\\/\"]}]},{\"@type\":\"ImageObject\",\"inLanguage\":\"es\",\"@id\":\"https:\\\/\\\/amorpazy-cp515.wordpresstemporal.com\\\/amorpazycaridad.es\\\/busqueda-de-la-felicidad-3\\\/#primaryimage\",\"url\":\"https:\\\/\\\/amorpazy-cp515.wordpresstemporal.com\\\/amorpazycaridad.es\\\/wp-content\\\/uploads\\\/2018\\\/03\\\/busqueda-felicidad.jpg\",\"contentUrl\":\"https:\\\/\\\/amorpazy-cp515.wordpresstemporal.com\\\/amorpazycaridad.es\\\/wp-content\\\/uploads\\\/2018\\\/03\\\/busqueda-felicidad.jpg\",\"width\":\"720\",\"height\":\"350\",\"caption\":\"B\u00fasqueda de la felicidad\"},{\"@type\":\"BreadcrumbList\",\"@id\":\"https:\\\/\\\/amorpazy-cp515.wordpresstemporal.com\\\/amorpazycaridad.es\\\/busqueda-de-la-felicidad-3\\\/#breadcrumb\",\"itemListElement\":[{\"@type\":\"ListItem\",\"position\":1,\"name\":\"Portada\",\"item\":\"https:\\\/\\\/amorpazy-cp515.wordpresstemporal.com\\\/amorpazycaridad.es\\\/\"},{\"@type\":\"ListItem\",\"position\":2,\"name\":\"B\u00fasqueda de la felicidad 3\"}]},{\"@type\":\"WebSite\",\"@id\":\"https:\\\/\\\/amorpazy-cp515.wordpresstemporal.com\\\/amorpazycaridad.es\\\/#website\",\"url\":\"https:\\\/\\\/amorpazy-cp515.wordpresstemporal.com\\\/amorpazycaridad.es\\\/\",\"name\":\"Amor, paz caridad\",\"description\":\"Conocimiento espiritual, espiritismo, espiritualismo, leyes universales, m\u00e1s all\u00e1, vida despu\u00e9s de la vida,\",\"publisher\":{\"@id\":\"https:\\\/\\\/amorpazy-cp515.wordpresstemporal.com\\\/amorpazycaridad.es\\\/#organization\"},\"potentialAction\":[{\"@type\":\"SearchAction\",\"target\":{\"@type\":\"EntryPoint\",\"urlTemplate\":\"https:\\\/\\\/amorpazy-cp515.wordpresstemporal.com\\\/amorpazycaridad.es\\\/?s={search_term_string}\"},\"query-input\":{\"@type\":\"PropertyValueSpecification\",\"valueRequired\":true,\"valueName\":\"search_term_string\"}}],\"inLanguage\":\"es\"},{\"@type\":\"Organization\",\"@id\":\"https:\\\/\\\/amorpazy-cp515.wordpresstemporal.com\\\/amorpazycaridad.es\\\/#organization\",\"name\":\"Asociaci\u00f3n de Estudios Espirituales Grupo Villena\",\"url\":\"https:\\\/\\\/amorpazy-cp515.wordpresstemporal.com\\\/amorpazycaridad.es\\\/\",\"logo\":{\"@type\":\"ImageObject\",\"inLanguage\":\"es\",\"@id\":\"https:\\\/\\\/amorpazy-cp515.wordpresstemporal.com\\\/amorpazycaridad.es\\\/#\\\/schema\\\/logo\\\/image\\\/\",\"url\":\"https:\\\/\\\/amorpazycaridad.es\\\/wp-content\\\/uploads\\\/2015\\\/01\\\/logo-fav-e1420247830294.jpg\",\"contentUrl\":\"https:\\\/\\\/amorpazycaridad.es\\\/wp-content\\\/uploads\\\/2015\\\/01\\\/logo-fav-e1420247830294.jpg\",\"width\":144,\"height\":144,\"caption\":\"Asociaci\u00f3n de Estudios Espirituales Grupo Villena\"},\"image\":{\"@id\":\"https:\\\/\\\/amorpazy-cp515.wordpresstemporal.com\\\/amorpazycaridad.es\\\/#\\\/schema\\\/logo\\\/image\\\/\"},\"sameAs\":[\"http:\\\/\\\/www.facebook.com\\\/pages\\\/Amor-paz-y-caridad\\\/1594978604096866\",\"https:\\\/\\\/x.com\\\/amorpazycaridad\",\"https:\\\/\\\/es.pinterest.com\\\/amorpazycaridad\\\/\",\"https:\\\/\\\/www.youtube.com\\\/channel\\\/UC1GvDIDCLoL02SzOD7NJdrA\"]},{\"@type\":\"Person\",\"@id\":\"https:\\\/\\\/amorpazy-cp515.wordpresstemporal.com\\\/amorpazycaridad.es\\\/#\\\/schema\\\/person\\\/44cbc218f1b29f65390e7c8a4fd0c28d\",\"name\":\"Redacci\u00f3n\",\"image\":{\"@type\":\"ImageObject\",\"inLanguage\":\"es\",\"@id\":\"https:\\\/\\\/amorpazycaridad.es\\\/wp-content\\\/uploads\\\/2015\\\/01\\\/icono-114-96x96.jpg73ca1ff604f9e7c7607bbbfa84b61c44\",\"url\":\"https:\\\/\\\/amorpazycaridad.es\\\/wp-content\\\/uploads\\\/2015\\\/01\\\/icono-114-96x96.jpg\",\"contentUrl\":\"https:\\\/\\\/amorpazycaridad.es\\\/wp-content\\\/uploads\\\/2015\\\/01\\\/icono-114-96x96.jpg\",\"caption\":\"Redacci\u00f3n\"},\"sameAs\":[\"http:\\\/\\\/www.amorpazycaridad.com\"],\"url\":\"https:\\\/\\\/amorpazy-cp515.wordpresstemporal.com\\\/amorpazycaridad.es\\\/author\\\/redaccion\\\/\"}]}<\/script>\n<!-- \/ Yoast SEO plugin. -->","yoast_head_json":{"title":"B\u00daSQUEDA DE LA FELICIDAD 3 | SEBASTI\u00c1N DE ARAUCO | APC","description":"B\u00fasqueda de la felicidad 3. Y la felicidad m\u00e1s duradera, se obtiene cuando alcanzamos ese estado de paz mental y armon\u00eda emocional, que hace la vida m\u00e1s placentera. Para lo cual, indispensable es, a m\u00e1s de la superaci\u00f3n de los aspectos citados, mantener sentimientos de bondad y deseos de bien para todos,","robots":{"index":"index","follow":"follow","max-snippet":"max-snippet:-1","max-image-preview":"max-image-preview:large","max-video-preview":"max-video-preview:-1"},"canonical":"https:\/\/amorpazy-cp515.wordpresstemporal.com\/amorpazycaridad.es\/busqueda-de-la-felicidad-3\/","og_locale":"es_ES","og_type":"article","og_title":"B\u00daSQUEDA DE LA FELICIDAD 3 | SEBASTI\u00c1N DE ARAUCO | APC","og_description":"B\u00fasqueda de la felicidad 3. Y la felicidad m\u00e1s duradera, se obtiene cuando alcanzamos ese estado de paz mental y armon\u00eda emocional, que hace la vida m\u00e1s placentera. Para lo cual, indispensable es, a m\u00e1s de la superaci\u00f3n de los aspectos citados, mantener sentimientos de bondad y deseos de bien para todos,","og_url":"https:\/\/amorpazy-cp515.wordpresstemporal.com\/amorpazycaridad.es\/busqueda-de-la-felicidad-3\/","og_site_name":"Amor, paz caridad","article_publisher":"http:\/\/www.facebook.com\/pages\/Amor-paz-y-caridad\/1594978604096866","article_published_time":"2018-03-05T05:17:47+00:00","og_image":[{"width":720,"height":350,"url":"https:\/\/amorpazy-cp515.wordpresstemporal.com\/amorpazycaridad.es\/wp-content\/uploads\/2018\/03\/busqueda-felicidad.jpg","type":"image\/jpeg"}],"author":"Redaccion","twitter_card":"summary_large_image","twitter_creator":"@amorpazycaridad","twitter_site":"@amorpazycaridad","twitter_misc":{"Escrito por":"Redacci\u00f3n","Tiempo de lectura":"3 minutos"},"schema":{"@context":"https:\/\/schema.org","@graph":[{"@type":"Article","@id":"https:\/\/amorpazy-cp515.wordpresstemporal.com\/amorpazycaridad.es\/busqueda-de-la-felicidad-3\/#article","isPartOf":{"@id":"https:\/\/amorpazy-cp515.wordpresstemporal.com\/amorpazycaridad.es\/busqueda-de-la-felicidad-3\/"},"author":{"name":"Redacci\u00f3n","@id":"https:\/\/amorpazy-cp515.wordpresstemporal.com\/amorpazycaridad.es\/#\/schema\/person\/44cbc218f1b29f65390e7c8a4fd0c28d"},"headline":"B\u00fasqueda de la felicidad 3","datePublished":"2018-03-05T05:17:47+00:00","mainEntityOfPage":{"@id":"https:\/\/amorpazy-cp515.wordpresstemporal.com\/amorpazycaridad.es\/busqueda-de-la-felicidad-3\/"},"wordCount":552,"commentCount":0,"publisher":{"@id":"https:\/\/amorpazy-cp515.wordpresstemporal.com\/amorpazycaridad.es\/#organization"},"image":{"@id":"https:\/\/amorpazy-cp515.wordpresstemporal.com\/amorpazycaridad.es\/busqueda-de-la-felicidad-3\/#primaryimage"},"thumbnailUrl":"https:\/\/amorpazy-cp515.wordpresstemporal.com\/amorpazycaridad.es\/wp-content\/uploads\/2018\/03\/busqueda-felicidad.jpg","keywords":["Armon\u00eda","egoismo","felicidad","fraternidad","imperfecciones","Leyes Universales","Paz","Sebasti\u00e1n de Arauco"],"articleSection":["Leyes Universales"],"inLanguage":"es","potentialAction":[{"@type":"CommentAction","name":"Comment","target":["https:\/\/amorpazy-cp515.wordpresstemporal.com\/amorpazycaridad.es\/busqueda-de-la-felicidad-3\/#respond"]}]},{"@type":"WebPage","@id":"https:\/\/amorpazy-cp515.wordpresstemporal.com\/amorpazycaridad.es\/busqueda-de-la-felicidad-3\/","url":"https:\/\/amorpazy-cp515.wordpresstemporal.com\/amorpazycaridad.es\/busqueda-de-la-felicidad-3\/","name":"B\u00daSQUEDA DE LA FELICIDAD 3 | SEBASTI\u00c1N DE ARAUCO | APC","isPartOf":{"@id":"https:\/\/amorpazy-cp515.wordpresstemporal.com\/amorpazycaridad.es\/#website"},"primaryImageOfPage":{"@id":"https:\/\/amorpazy-cp515.wordpresstemporal.com\/amorpazycaridad.es\/busqueda-de-la-felicidad-3\/#primaryimage"},"image":{"@id":"https:\/\/amorpazy-cp515.wordpresstemporal.com\/amorpazycaridad.es\/busqueda-de-la-felicidad-3\/#primaryimage"},"thumbnailUrl":"https:\/\/amorpazy-cp515.wordpresstemporal.com\/amorpazycaridad.es\/wp-content\/uploads\/2018\/03\/busqueda-felicidad.jpg","datePublished":"2018-03-05T05:17:47+00:00","description":"B\u00fasqueda de la felicidad 3. Y la felicidad m\u00e1s duradera, se obtiene cuando alcanzamos ese estado de paz mental y armon\u00eda emocional, que hace la vida m\u00e1s placentera. Para lo cual, indispensable es, a m\u00e1s de la superaci\u00f3n de los aspectos citados, mantener sentimientos de bondad y deseos de bien para todos,","breadcrumb":{"@id":"https:\/\/amorpazy-cp515.wordpresstemporal.com\/amorpazycaridad.es\/busqueda-de-la-felicidad-3\/#breadcrumb"},"inLanguage":"es","potentialAction":[{"@type":"ReadAction","target":["https:\/\/amorpazy-cp515.wordpresstemporal.com\/amorpazycaridad.es\/busqueda-de-la-felicidad-3\/"]}]},{"@type":"ImageObject","inLanguage":"es","@id":"https:\/\/amorpazy-cp515.wordpresstemporal.com\/amorpazycaridad.es\/busqueda-de-la-felicidad-3\/#primaryimage","url":"https:\/\/amorpazy-cp515.wordpresstemporal.com\/amorpazycaridad.es\/wp-content\/uploads\/2018\/03\/busqueda-felicidad.jpg","contentUrl":"https:\/\/amorpazy-cp515.wordpresstemporal.com\/amorpazycaridad.es\/wp-content\/uploads\/2018\/03\/busqueda-felicidad.jpg","width":"720","height":"350","caption":"B\u00fasqueda de la felicidad"},{"@type":"BreadcrumbList","@id":"https:\/\/amorpazy-cp515.wordpresstemporal.com\/amorpazycaridad.es\/busqueda-de-la-felicidad-3\/#breadcrumb","itemListElement":[{"@type":"ListItem","position":1,"name":"Portada","item":"https:\/\/amorpazy-cp515.wordpresstemporal.com\/amorpazycaridad.es\/"},{"@type":"ListItem","position":2,"name":"B\u00fasqueda de la felicidad 3"}]},{"@type":"WebSite","@id":"https:\/\/amorpazy-cp515.wordpresstemporal.com\/amorpazycaridad.es\/#website","url":"https:\/\/amorpazy-cp515.wordpresstemporal.com\/amorpazycaridad.es\/","name":"Amor, paz caridad","description":"Conocimiento espiritual, espiritismo, espiritualismo, leyes universales, m\u00e1s all\u00e1, vida despu\u00e9s de la vida,","publisher":{"@id":"https:\/\/amorpazy-cp515.wordpresstemporal.com\/amorpazycaridad.es\/#organization"},"potentialAction":[{"@type":"SearchAction","target":{"@type":"EntryPoint","urlTemplate":"https:\/\/amorpazy-cp515.wordpresstemporal.com\/amorpazycaridad.es\/?s={search_term_string}"},"query-input":{"@type":"PropertyValueSpecification","valueRequired":true,"valueName":"search_term_string"}}],"inLanguage":"es"},{"@type":"Organization","@id":"https:\/\/amorpazy-cp515.wordpresstemporal.com\/amorpazycaridad.es\/#organization","name":"Asociaci\u00f3n de Estudios Espirituales Grupo Villena","url":"https:\/\/amorpazy-cp515.wordpresstemporal.com\/amorpazycaridad.es\/","logo":{"@type":"ImageObject","inLanguage":"es","@id":"https:\/\/amorpazy-cp515.wordpresstemporal.com\/amorpazycaridad.es\/#\/schema\/logo\/image\/","url":"https:\/\/amorpazycaridad.es\/wp-content\/uploads\/2015\/01\/logo-fav-e1420247830294.jpg","contentUrl":"https:\/\/amorpazycaridad.es\/wp-content\/uploads\/2015\/01\/logo-fav-e1420247830294.jpg","width":144,"height":144,"caption":"Asociaci\u00f3n de Estudios Espirituales Grupo Villena"},"image":{"@id":"https:\/\/amorpazy-cp515.wordpresstemporal.com\/amorpazycaridad.es\/#\/schema\/logo\/image\/"},"sameAs":["http:\/\/www.facebook.com\/pages\/Amor-paz-y-caridad\/1594978604096866","https:\/\/x.com\/amorpazycaridad","https:\/\/es.pinterest.com\/amorpazycaridad\/","https:\/\/www.youtube.com\/channel\/UC1GvDIDCLoL02SzOD7NJdrA"]},{"@type":"Person","@id":"https:\/\/amorpazy-cp515.wordpresstemporal.com\/amorpazycaridad.es\/#\/schema\/person\/44cbc218f1b29f65390e7c8a4fd0c28d","name":"Redacci\u00f3n","image":{"@type":"ImageObject","inLanguage":"es","@id":"https:\/\/amorpazycaridad.es\/wp-content\/uploads\/2015\/01\/icono-114-96x96.jpg73ca1ff604f9e7c7607bbbfa84b61c44","url":"https:\/\/amorpazycaridad.es\/wp-content\/uploads\/2015\/01\/icono-114-96x96.jpg","contentUrl":"https:\/\/amorpazycaridad.es\/wp-content\/uploads\/2015\/01\/icono-114-96x96.jpg","caption":"Redacci\u00f3n"},"sameAs":["http:\/\/www.amorpazycaridad.com"],"url":"https:\/\/amorpazy-cp515.wordpresstemporal.com\/amorpazycaridad.es\/author\/redaccion\/"}]}},"authors":[{"term_id":396,"user_id":0,"is_guest":1,"slug":"cap-redaccion","display_name":"Redaccion","avatar_url":"https:\/\/secure.gravatar.com\/avatar\/?s=96&d=mm&r=g","0":null,"1":"","2":"","3":"","4":"","5":"","6":"","7":"","8":""}],"_links":{"self":[{"href":"https:\/\/amorpazy-cp515.wordpresstemporal.com\/amorpazycaridad.es\/wp-json\/wp\/v2\/posts\/9218","targetHints":{"allow":["GET"]}}],"collection":[{"href":"https:\/\/amorpazy-cp515.wordpresstemporal.com\/amorpazycaridad.es\/wp-json\/wp\/v2\/posts"}],"about":[{"href":"https:\/\/amorpazy-cp515.wordpresstemporal.com\/amorpazycaridad.es\/wp-json\/wp\/v2\/types\/post"}],"author":[{"embeddable":true,"href":"https:\/\/amorpazy-cp515.wordpresstemporal.com\/amorpazycaridad.es\/wp-json\/wp\/v2\/users\/2"}],"replies":[{"embeddable":true,"href":"https:\/\/amorpazy-cp515.wordpresstemporal.com\/amorpazycaridad.es\/wp-json\/wp\/v2\/comments?post=9218"}],"version-history":[{"count":2,"href":"https:\/\/amorpazy-cp515.wordpresstemporal.com\/amorpazycaridad.es\/wp-json\/wp\/v2\/posts\/9218\/revisions"}],"predecessor-version":[{"id":9220,"href":"https:\/\/amorpazy-cp515.wordpresstemporal.com\/amorpazycaridad.es\/wp-json\/wp\/v2\/posts\/9218\/revisions\/9220"}],"wp:featuredmedia":[{"embeddable":true,"href":"https:\/\/amorpazy-cp515.wordpresstemporal.com\/amorpazycaridad.es\/wp-json\/wp\/v2\/media\/9221"}],"wp:attachment":[{"href":"https:\/\/amorpazy-cp515.wordpresstemporal.com\/amorpazycaridad.es\/wp-json\/wp\/v2\/media?parent=9218"}],"wp:term":[{"taxonomy":"category","embeddable":true,"href":"https:\/\/amorpazy-cp515.wordpresstemporal.com\/amorpazycaridad.es\/wp-json\/wp\/v2\/categories?post=9218"},{"taxonomy":"post_tag","embeddable":true,"href":"https:\/\/amorpazy-cp515.wordpresstemporal.com\/amorpazycaridad.es\/wp-json\/wp\/v2\/tags?post=9218"},{"taxonomy":"author","embeddable":true,"href":"https:\/\/amorpazy-cp515.wordpresstemporal.com\/amorpazycaridad.es\/wp-json\/wp\/v2\/ppma_author?post=9218"}],"curies":[{"name":"wp","href":"https:\/\/api.w.org\/{rel}","templated":true}]}}