{"id":9184,"date":"2018-03-02T07:04:48","date_gmt":"2018-03-02T06:04:48","guid":{"rendered":"https:\/\/amorpazycaridad.es\/?p=9184"},"modified":"2018-03-02T07:04:48","modified_gmt":"2018-03-02T06:04:48","slug":"una-doctrina-actual-cientifica-y-dinamica","status":"publish","type":"post","link":"https:\/\/amorpazy-cp515.wordpresstemporal.com\/amorpazycaridad.es\/una-doctrina-actual-cientifica-y-dinamica\/","title":{"rendered":"UNA DOCTRINA ACTUAL, CIENT\u00cdFICA Y DIN\u00c1MICA"},"content":{"rendered":"<p style=\"text-align: justify;\">En sucesivas conversaciones y estudios realizados sobre la actualidad del Movimiento Esp\u00edrita, se trata con efusividad la mejor forma de divulgaci\u00f3n de esta extraordinaria \u201cFilosof\u00eda de Vida\u201d que representa la codificaci\u00f3n Esp\u00edrita de Allan Kardec.<\/p>\n<p style=\"text-align: justify;\">Partiendo del respeto absoluto que nos merecen todas las opiniones, no es menos cierto que <b><i>un antiguo debate vuelve a aflorar y es siempre recurrente: aquel que hace referencia a la actualidad<\/i><\/b> de esta extraordinaria doctrina. En este tema hay quienes piensan que es preciso renovar contenidos por considerarlos obsoletos en el tiempo en que nos encontramos.<\/p>\n<p style=\"text-align: justify;\">Desde nuestra humilde y sencilla opini\u00f3n creemos justo lo contrario, es decir, un estudio atento y riguroso de la doctrina kardeciana nos pone de manifiesto la total actualidad de la misma. Y en este tema hay una evidencia que la confirma: las investigaciones de la ciencia del siglo en el que nos encontramos est\u00e1n m\u00e1s cerca que nunca de los postulados enunciados por los esp\u00edritus a Kardec.<\/p>\n<p style=\"text-align: justify;\">Dicho esto, hemos de diferenciar entre cuestiones capitales o nucleares de la doctrina esp\u00edrita de algunas otras que son aleatorias, circunstanciales o coyunturales de la \u00e9poca en la que fue codificada. As\u00ed pues, no podemos elevar a categor\u00edas absolutas cuestiones de la doctrina que son complementarias y en absoluto principales.<\/p>\n<p style=\"text-align: justify;\">Sin embargo, los cinco postulados b\u00e1sicos como la creencia en Dios, la Inmortalidad del Alma, la Comunicabilidad con los Esp\u00edritus, la Reencarnaci\u00f3n y la Pluralidad de Mundos Habitados, <b><i>nunca deber\u00edan ser cuestionados<\/i><\/b>, pues forman la esencia principal que da sentido a la ciencia y la filosof\u00eda esp\u00edrita, amparada en las consecuencias morales que conllevan la comprensi\u00f3n de los mismos y que no son otras que <b><i>la pr\u00e1ctica de una vida recta guiada por la moral cristiana.<\/i><\/b><\/p>\n<p style=\"text-align: justify;\">Creemos conveniente expresar nuestra opini\u00f3n -a riesgo de ser equivocada- sobre algunos aspectos sometidos a debate. Sinceramente no participamos de aquellos que expresan la obsolescencia de la doctrina kardeciana; pensamos justo lo contrario: <b><i>no existe ninguna filosof\u00eda espiritual que acerque m\u00e1s Dios a la ciencia y al hombre que la ciencia esp\u00edrita.<\/i><\/b><\/p>\n<p style=\"text-align: justify;\">Esto supone una doctrina din\u00e1mica, abierta, que intercambia informaciones y admite ampliaciones y se enriquece con las nuevas conquistas filos\u00f3ficas, ideol\u00f3gicas, cient\u00edficas o culturales que los esp\u00edritus aportan al hombre en esta nueva etapa del progreso, en pleno siglo XXI. \u00bfNo es cierto que la literatura medi\u00famnica ha venido ampliando los conceptos espirituales, filos\u00f3ficos y cient\u00edficos\u00a0 desde tiempos de Kardec hasta ahora?<\/p>\n<p style=\"text-align: justify;\">La tendencia a subvertir ideas o conceptos es propia de los hombres, como tambi\u00e9n la de arrogarse autoridad para pontificar o declarar como verdaderos conceptos que no son compartidos por otros. Muchas personas, incluso esp\u00edritas, llevadas por su vanidad y soberbia aceptan este pernicioso rol que termina por dejarlas en evidencia.<\/p>\n<p style=\"text-align: center;\"><b><i>\u201cA los ojos de Dios, s\u00f3lo es leg\u00edtima aquella autoridad que se apoye en el ejemplo que ella misma da del bien\u201d<\/i><\/b><\/p>\n<p style=\"text-align: justify;\">Nadie puede arrogarse autoridad mayor en la doctrina de los esp\u00edritus que los propios esp\u00edritus. El car\u00e1cter del Espiritismo, declarado por Kardec, es el de una ciencia filos\u00f3fica de contenido moral, de alcance universal, cuyo principal autor son los esp\u00edritus de elevada condici\u00f3n, comandados por el Esp\u00edritu de Verdad bajo las instrucciones del Maestro Jes\u00fas, el paradigma del esp\u00edritu perfecto.<\/p>\n<p style=\"text-align: justify;\">Ante esto, nadie, absolutamente nadie, puede apropiarse de esta maravillosa y extraordinaria obra liberadora del alma humana que es el Espiritismo, ni siquiera Kardec que, como el mismo dijo, no era obra suya, sino que simplemente fue el codificador y transmisor de una ense\u00f1anza que no era de su autor\u00eda.<\/p>\n<p style=\"text-align: justify;\">Este car\u00e1cter ecl\u00e9ctico y abierto de la doctrina esp\u00edrita le augura un futuro esplendoroso. Al carecer de dogmas, de jerarqu\u00edas, de ritos, de cultos exteriores, etc. se presenta como una doctrina de presente y de futuro. Esta doctrina hered\u00f3 de su codificador un rasgo principal, su car\u00e1cter cient\u00edfico y anal\u00edtico:<\/p>\n<p style=\"text-align: center;\"><b><i>\u201cPrefiero rechazar noventa y nueve verdades antes que admitir una sola mentira\u201d<\/i><\/b><\/p>\n<p style=\"text-align: center;\"><b><i> <\/i><\/b>Allan Kardec<\/p>\n<p style=\"text-align: justify;\">La mente siempre ha de estar abierta, dejando de lado prejuicios y dogmas preconcebidos que cercenan y reducen la capacidad de an\u00e1lisis, impidiendo el progreso. Una mente preparada y decidida a estudiar aquello que mejore y ampl\u00ede lo que ya existe. De esta forma, acompasando el progreso de la humanidad, el Espiritismo, guiado por los mentores espirituales que lo colocaron en la Tierra, seguir\u00e1 progresando, ampliando sus postulados hasta el infinito, y todo ello en paralelo al avance de la ciencia, tal como dijo Kardec:<\/p>\n<p style=\"text-align: justify;\"><b><i>\u201cEl Espiritismo, marchando con el progreso, nunca se desbordar\u00e1, pues si la ciencia le demuestra que est\u00e1 equivocado en un punto, se modificar\u00e1 sobre ese punto, y si una nueva verdad se revelara, la aceptar\u00eda\u201d<\/i><\/b><\/p>\n<p style=\"text-align: justify;\">Y, si bien es cierto que las instituciones espiritas cumplen funciones de organizaci\u00f3n y divulgaci\u00f3n del movimiento, ninguna de ellas deber\u00eda atribuirse funciones que no le corresponden. Con frecuencia observamos c\u00f3mo algunos de los dirigentes no cumplen con su deber de ejemplificar tal y como les corresponder\u00eda, pero deber\u00edamos explicar que son las personas, las que con sus imperfecciones, pueden contaminar la imagen de cualquier instituci\u00f3n, e incluso llevarla por caminos poco recomendables.<\/p>\n<p style=\"text-align: justify;\">Sin embargo, nada de esto debe preocuparnos en exceso. Es nuestra obligaci\u00f3n colaborar para mejorar las instituciones, pero no debemos olvidar que, a pesar de las mismas, ninguna instituci\u00f3n puede atribuirse <em>motu proprio<\/em> una autoridad que no le corresponde, ya que esto va en contra de la propia esencia del espiritismo kardeciano. El<b><i> futuro de esta maravillosa doctrina est\u00e1 asegurado, <\/i><\/b>pues fue derramada por los planos superiores para la redenci\u00f3n espiritual del ser humano y su comprensi\u00f3n de la vida y de las leyes que rigen el destino espiritual del hombre.<\/p>\n<p style=\"text-align: justify;\">La esencia de esta doctrina llama al interior del ser humano, a aquella parte inmortal que es nuestra esencia, de la que no podemos huir. Tarde o temprano debemos reencontrarnos con nuestro aut\u00e9ntico yo, aquel que, creado a imagen y semejanza de Dios en su aspecto espiritual, permanece progresando y creciendo espiritualmente a trav\u00e9s de las vidas sucesivas, en ese camino esplendoroso hacia la plenitud y la felicidad que a todos nos espera bajo nuestro propio esfuerzo y el libre albedr\u00edo del que gozamos para dirigir as\u00ed nuestro propio destino.<\/p>\n<p style=\"text-align: justify;\">Una doctrina actual, din\u00e1mica y no est\u00e1tica, abierta a nuevos contenidos y avances en todos los campos del saber humano, conectada \u00edntimamente a nuestra conciencia, a lo que somos realmente -esp\u00edritus inmortales en evoluci\u00f3n-, y al propio tiempo guiada y dirigida bajo la premisa del bien y del amor al pr\u00f3jimo como Ley Suprema que dirige el ascenso del alma inmortal hacia su Creador.<\/p>\n<p style=\"text-align: right;\"><span style=\"color: #ffffff;\">UNA DOCTRINA ACTUAL, CIENT\u00cdFICA Y DIN\u00c1MICA POR:<\/span> Redacci\u00f3n<\/p>\n<p style=\"text-align: right;\">\u00a92018, Amor, Paz y Caridad<\/p>\n","protected":false},"excerpt":{"rendered":"<p>En sucesivas conversaciones y estudios realizados sobre la actualidad del Movimiento Esp\u00edrita, se trata con efusividad la mejor forma de divulgaci\u00f3n de esta extraordinaria \u201cFilosof\u00eda de Vida\u201d que representa la codificaci\u00f3n Esp\u00edrita de Allan Kardec. Partiendo del respeto absoluto que nos merecen todas las opiniones, no es menos cierto que un antiguo debate vuelve a [&hellip;]<\/p>\n","protected":false},"author":2,"featured_media":9211,"comment_status":"open","ping_status":"open","sticky":false,"template":"","format":"standard","meta":{"tdm_status":"","tdm_grid_status":"","footnotes":""},"categories":[22],"tags":[3999,3998,2913,3997,3995,4000,3992,4003,4001,167,3996,3994,3991,3993],"ppma_author":[396],"class_list":{"0":"post-9184","1":"post","2":"type-post","3":"status-publish","4":"format-standard","5":"has-post-thumbnail","7":"category-editorial","8":"tag-acompanamiento-a-la-ciencia","9":"tag-analitica","10":"tag-autoridad-moral","11":"tag-caracter-universal","12":"tag-ciencia-filosofica","13":"tag-de-mente-abierta","14":"tag-doctrina-abierta","15":"tag-doctrina-dinamica","16":"tag-doctrina-eclectica","17":"tag-espiritismo","18":"tag-espiritu-cientifico","19":"tag-filosofias-espiritual","20":"tag-legitimidad","21":"tag-obsolescencia"},"yoast_head":"<!-- This site is optimized with the Yoast SEO plugin v27.7 - https:\/\/yoast.com\/product\/yoast-seo-wordpress\/ -->\n<title>UNA DOCTRINA ACTUAL, CIENT\u00cdFICA Y DIN\u00c1MICA | APC<\/title>\n<meta name=\"description\" content=\"UNA DOCTRINA ACTUAL, CIENT\u00cdFICA Y DIN\u00c1MICA. La esencia de esta doctrina llama al interior del ser humano, a aquella parte inmortal que es nuestra esencia, de la que no podemos huir. Tarde o temprano debemos reencontrarnos con nuestro aut\u00e9ntico yo, aquel que, creado a imagen y semejanza de Dios en su aspecto espiritual,\" \/>\n<meta name=\"robots\" content=\"index, follow, max-snippet:-1, max-image-preview:large, max-video-preview:-1\" \/>\n<link rel=\"canonical\" href=\"https:\/\/amorpazycaridad.es\/una-doctrina-actual-cientifica-y-dinamica\/\" \/>\n<meta property=\"og:locale\" content=\"es_ES\" \/>\n<meta property=\"og:type\" content=\"article\" \/>\n<meta property=\"og:title\" content=\"UNA DOCTRINA ACTUAL, CIENT\u00cdFICA Y DIN\u00c1MICA | APC\" \/>\n<meta property=\"og:description\" content=\"UNA DOCTRINA ACTUAL, CIENT\u00cdFICA Y DIN\u00c1MICA. La esencia de esta doctrina llama al interior del ser humano, a aquella parte inmortal que es nuestra esencia, de la que no podemos huir. Tarde o temprano debemos reencontrarnos con nuestro aut\u00e9ntico yo, aquel que, creado a imagen y semejanza de Dios en su aspecto espiritual,\" \/>\n<meta property=\"og:url\" content=\"https:\/\/amorpazycaridad.es\/una-doctrina-actual-cientifica-y-dinamica\/\" \/>\n<meta property=\"og:site_name\" content=\"Amor, paz caridad\" \/>\n<meta property=\"article:publisher\" content=\"http:\/\/www.facebook.com\/pages\/Amor-paz-y-caridad\/1594978604096866\" \/>\n<meta property=\"article:published_time\" content=\"2018-03-02T06:04:48+00:00\" \/>\n<meta property=\"og:image\" content=\"https:\/\/amorpazycaridad.es\/wp-content\/uploads\/2018\/03\/doctrina.jpg\" \/>\n\t<meta property=\"og:image:width\" content=\"720\" \/>\n\t<meta property=\"og:image:height\" content=\"350\" \/>\n\t<meta property=\"og:image:type\" content=\"image\/jpeg\" \/>\n<meta name=\"author\" content=\"Redaccion\" \/>\n<meta name=\"twitter:card\" content=\"summary_large_image\" \/>\n<meta name=\"twitter:creator\" content=\"@amorpazycaridad\" \/>\n<meta name=\"twitter:site\" content=\"@amorpazycaridad\" \/>\n<meta name=\"twitter:label1\" content=\"Escrito por\" \/>\n\t<meta name=\"twitter:data1\" content=\"Redacci\u00f3n\" \/>\n\t<meta name=\"twitter:label2\" content=\"Tiempo de lectura\" \/>\n\t<meta name=\"twitter:data2\" content=\"6 minutos\" \/>\n<script type=\"application\/ld+json\" class=\"yoast-schema-graph\">{\"@context\":\"https:\\\/\\\/schema.org\",\"@graph\":[{\"@type\":\"Article\",\"@id\":\"https:\\\/\\\/amorpazycaridad.es\\\/una-doctrina-actual-cientifica-y-dinamica\\\/#article\",\"isPartOf\":{\"@id\":\"https:\\\/\\\/amorpazycaridad.es\\\/una-doctrina-actual-cientifica-y-dinamica\\\/\"},\"author\":{\"name\":\"Redacci\u00f3n\",\"@id\":\"https:\\\/\\\/amorpazy-cp515.wordpresstemporal.com\\\/amorpazycaridad.es\\\/#\\\/schema\\\/person\\\/44cbc218f1b29f65390e7c8a4fd0c28d\"},\"headline\":\"UNA DOCTRINA ACTUAL, CIENT\u00cdFICA Y DIN\u00c1MICA\",\"datePublished\":\"2018-03-02T06:04:48+00:00\",\"mainEntityOfPage\":{\"@id\":\"https:\\\/\\\/amorpazycaridad.es\\\/una-doctrina-actual-cientifica-y-dinamica\\\/\"},\"wordCount\":1182,\"commentCount\":0,\"publisher\":{\"@id\":\"https:\\\/\\\/amorpazy-cp515.wordpresstemporal.com\\\/amorpazycaridad.es\\\/#organization\"},\"image\":{\"@id\":\"https:\\\/\\\/amorpazycaridad.es\\\/una-doctrina-actual-cientifica-y-dinamica\\\/#primaryimage\"},\"thumbnailUrl\":\"https:\\\/\\\/amorpazy-cp515.wordpresstemporal.com\\\/amorpazycaridad.es\\\/wp-content\\\/uploads\\\/2018\\\/03\\\/doctrina.jpg\",\"keywords\":[\"acompa\u00f1amiento a la ciencia\",\"anal\u00edtica\",\"autoridad moral\",\"car\u00e1cter universal\",\"ciencia filos\u00f3fica\",\"de mente abierta\",\"doctrina abierta\",\"doctrina din\u00e1mica\",\"doctrina ecl\u00e9ctica\",\"espiritismo\",\"esp\u00edritu cient\u00edfico\",\"filosof\u00edas espiritual\",\"legitimidad\",\"obsolescencia\"],\"articleSection\":[\"Editorial\"],\"inLanguage\":\"es\",\"potentialAction\":[{\"@type\":\"CommentAction\",\"name\":\"Comment\",\"target\":[\"https:\\\/\\\/amorpazycaridad.es\\\/una-doctrina-actual-cientifica-y-dinamica\\\/#respond\"]}]},{\"@type\":\"WebPage\",\"@id\":\"https:\\\/\\\/amorpazycaridad.es\\\/una-doctrina-actual-cientifica-y-dinamica\\\/\",\"url\":\"https:\\\/\\\/amorpazycaridad.es\\\/una-doctrina-actual-cientifica-y-dinamica\\\/\",\"name\":\"UNA DOCTRINA ACTUAL, CIENT\u00cdFICA Y DIN\u00c1MICA | APC\",\"isPartOf\":{\"@id\":\"https:\\\/\\\/amorpazy-cp515.wordpresstemporal.com\\\/amorpazycaridad.es\\\/#website\"},\"primaryImageOfPage\":{\"@id\":\"https:\\\/\\\/amorpazycaridad.es\\\/una-doctrina-actual-cientifica-y-dinamica\\\/#primaryimage\"},\"image\":{\"@id\":\"https:\\\/\\\/amorpazycaridad.es\\\/una-doctrina-actual-cientifica-y-dinamica\\\/#primaryimage\"},\"thumbnailUrl\":\"https:\\\/\\\/amorpazy-cp515.wordpresstemporal.com\\\/amorpazycaridad.es\\\/wp-content\\\/uploads\\\/2018\\\/03\\\/doctrina.jpg\",\"datePublished\":\"2018-03-02T06:04:48+00:00\",\"description\":\"UNA DOCTRINA ACTUAL, CIENT\u00cdFICA Y DIN\u00c1MICA. La esencia de esta doctrina llama al interior del ser humano, a aquella parte inmortal que es nuestra esencia, de la que no podemos huir. Tarde o temprano debemos reencontrarnos con nuestro aut\u00e9ntico yo, aquel que, creado a imagen y semejanza de Dios en su aspecto espiritual,\",\"breadcrumb\":{\"@id\":\"https:\\\/\\\/amorpazycaridad.es\\\/una-doctrina-actual-cientifica-y-dinamica\\\/#breadcrumb\"},\"inLanguage\":\"es\",\"potentialAction\":[{\"@type\":\"ReadAction\",\"target\":[\"https:\\\/\\\/amorpazycaridad.es\\\/una-doctrina-actual-cientifica-y-dinamica\\\/\"]}]},{\"@type\":\"ImageObject\",\"inLanguage\":\"es\",\"@id\":\"https:\\\/\\\/amorpazycaridad.es\\\/una-doctrina-actual-cientifica-y-dinamica\\\/#primaryimage\",\"url\":\"https:\\\/\\\/amorpazy-cp515.wordpresstemporal.com\\\/amorpazycaridad.es\\\/wp-content\\\/uploads\\\/2018\\\/03\\\/doctrina.jpg\",\"contentUrl\":\"https:\\\/\\\/amorpazy-cp515.wordpresstemporal.com\\\/amorpazycaridad.es\\\/wp-content\\\/uploads\\\/2018\\\/03\\\/doctrina.jpg\",\"width\":\"720\",\"height\":\"350\",\"caption\":\"UNA DOCTRINA ACTUAL, CIENT\u00cdFICA Y DIN\u00c1MICA\"},{\"@type\":\"BreadcrumbList\",\"@id\":\"https:\\\/\\\/amorpazycaridad.es\\\/una-doctrina-actual-cientifica-y-dinamica\\\/#breadcrumb\",\"itemListElement\":[{\"@type\":\"ListItem\",\"position\":1,\"name\":\"Portada\",\"item\":\"https:\\\/\\\/amorpazy-cp515.wordpresstemporal.com\\\/amorpazycaridad.es\\\/\"},{\"@type\":\"ListItem\",\"position\":2,\"name\":\"UNA DOCTRINA ACTUAL, CIENT\u00cdFICA Y DIN\u00c1MICA\"}]},{\"@type\":\"WebSite\",\"@id\":\"https:\\\/\\\/amorpazy-cp515.wordpresstemporal.com\\\/amorpazycaridad.es\\\/#website\",\"url\":\"https:\\\/\\\/amorpazy-cp515.wordpresstemporal.com\\\/amorpazycaridad.es\\\/\",\"name\":\"Amor, paz caridad\",\"description\":\"Conocimiento espiritual, espiritismo, espiritualismo, leyes universales, m\u00e1s all\u00e1, vida despu\u00e9s de la vida,\",\"publisher\":{\"@id\":\"https:\\\/\\\/amorpazy-cp515.wordpresstemporal.com\\\/amorpazycaridad.es\\\/#organization\"},\"potentialAction\":[{\"@type\":\"SearchAction\",\"target\":{\"@type\":\"EntryPoint\",\"urlTemplate\":\"https:\\\/\\\/amorpazy-cp515.wordpresstemporal.com\\\/amorpazycaridad.es\\\/?s={search_term_string}\"},\"query-input\":{\"@type\":\"PropertyValueSpecification\",\"valueRequired\":true,\"valueName\":\"search_term_string\"}}],\"inLanguage\":\"es\"},{\"@type\":\"Organization\",\"@id\":\"https:\\\/\\\/amorpazy-cp515.wordpresstemporal.com\\\/amorpazycaridad.es\\\/#organization\",\"name\":\"Asociaci\u00f3n de Estudios Espirituales Grupo Villena\",\"url\":\"https:\\\/\\\/amorpazy-cp515.wordpresstemporal.com\\\/amorpazycaridad.es\\\/\",\"logo\":{\"@type\":\"ImageObject\",\"inLanguage\":\"es\",\"@id\":\"https:\\\/\\\/amorpazy-cp515.wordpresstemporal.com\\\/amorpazycaridad.es\\\/#\\\/schema\\\/logo\\\/image\\\/\",\"url\":\"https:\\\/\\\/amorpazycaridad.es\\\/wp-content\\\/uploads\\\/2015\\\/01\\\/logo-fav-e1420247830294.jpg\",\"contentUrl\":\"https:\\\/\\\/amorpazycaridad.es\\\/wp-content\\\/uploads\\\/2015\\\/01\\\/logo-fav-e1420247830294.jpg\",\"width\":144,\"height\":144,\"caption\":\"Asociaci\u00f3n de Estudios Espirituales Grupo Villena\"},\"image\":{\"@id\":\"https:\\\/\\\/amorpazy-cp515.wordpresstemporal.com\\\/amorpazycaridad.es\\\/#\\\/schema\\\/logo\\\/image\\\/\"},\"sameAs\":[\"http:\\\/\\\/www.facebook.com\\\/pages\\\/Amor-paz-y-caridad\\\/1594978604096866\",\"https:\\\/\\\/x.com\\\/amorpazycaridad\",\"https:\\\/\\\/es.pinterest.com\\\/amorpazycaridad\\\/\",\"https:\\\/\\\/www.youtube.com\\\/channel\\\/UC1GvDIDCLoL02SzOD7NJdrA\"]},{\"@type\":\"Person\",\"@id\":\"https:\\\/\\\/amorpazy-cp515.wordpresstemporal.com\\\/amorpazycaridad.es\\\/#\\\/schema\\\/person\\\/44cbc218f1b29f65390e7c8a4fd0c28d\",\"name\":\"Redacci\u00f3n\",\"image\":{\"@type\":\"ImageObject\",\"inLanguage\":\"es\",\"@id\":\"https:\\\/\\\/amorpazycaridad.es\\\/wp-content\\\/uploads\\\/2015\\\/01\\\/icono-114-96x96.jpg73ca1ff604f9e7c7607bbbfa84b61c44\",\"url\":\"https:\\\/\\\/amorpazycaridad.es\\\/wp-content\\\/uploads\\\/2015\\\/01\\\/icono-114-96x96.jpg\",\"contentUrl\":\"https:\\\/\\\/amorpazycaridad.es\\\/wp-content\\\/uploads\\\/2015\\\/01\\\/icono-114-96x96.jpg\",\"caption\":\"Redacci\u00f3n\"},\"sameAs\":[\"http:\\\/\\\/www.amorpazycaridad.com\"],\"url\":\"https:\\\/\\\/amorpazy-cp515.wordpresstemporal.com\\\/amorpazycaridad.es\\\/author\\\/redaccion\\\/\"}]}<\/script>\n<!-- \/ Yoast SEO plugin. -->","yoast_head_json":{"title":"UNA DOCTRINA ACTUAL, CIENT\u00cdFICA Y DIN\u00c1MICA | APC","description":"UNA DOCTRINA ACTUAL, CIENT\u00cdFICA Y DIN\u00c1MICA. La esencia de esta doctrina llama al interior del ser humano, a aquella parte inmortal que es nuestra esencia, de la que no podemos huir. Tarde o temprano debemos reencontrarnos con nuestro aut\u00e9ntico yo, aquel que, creado a imagen y semejanza de Dios en su aspecto espiritual,","robots":{"index":"index","follow":"follow","max-snippet":"max-snippet:-1","max-image-preview":"max-image-preview:large","max-video-preview":"max-video-preview:-1"},"canonical":"https:\/\/amorpazycaridad.es\/una-doctrina-actual-cientifica-y-dinamica\/","og_locale":"es_ES","og_type":"article","og_title":"UNA DOCTRINA ACTUAL, CIENT\u00cdFICA Y DIN\u00c1MICA | APC","og_description":"UNA DOCTRINA ACTUAL, CIENT\u00cdFICA Y DIN\u00c1MICA. La esencia de esta doctrina llama al interior del ser humano, a aquella parte inmortal que es nuestra esencia, de la que no podemos huir. Tarde o temprano debemos reencontrarnos con nuestro aut\u00e9ntico yo, aquel que, creado a imagen y semejanza de Dios en su aspecto espiritual,","og_url":"https:\/\/amorpazycaridad.es\/una-doctrina-actual-cientifica-y-dinamica\/","og_site_name":"Amor, paz caridad","article_publisher":"http:\/\/www.facebook.com\/pages\/Amor-paz-y-caridad\/1594978604096866","article_published_time":"2018-03-02T06:04:48+00:00","og_image":[{"width":720,"height":350,"url":"https:\/\/amorpazycaridad.es\/wp-content\/uploads\/2018\/03\/doctrina.jpg","type":"image\/jpeg"}],"author":"Redaccion","twitter_card":"summary_large_image","twitter_creator":"@amorpazycaridad","twitter_site":"@amorpazycaridad","twitter_misc":{"Escrito por":"Redacci\u00f3n","Tiempo de lectura":"6 minutos"},"schema":{"@context":"https:\/\/schema.org","@graph":[{"@type":"Article","@id":"https:\/\/amorpazycaridad.es\/una-doctrina-actual-cientifica-y-dinamica\/#article","isPartOf":{"@id":"https:\/\/amorpazycaridad.es\/una-doctrina-actual-cientifica-y-dinamica\/"},"author":{"name":"Redacci\u00f3n","@id":"https:\/\/amorpazy-cp515.wordpresstemporal.com\/amorpazycaridad.es\/#\/schema\/person\/44cbc218f1b29f65390e7c8a4fd0c28d"},"headline":"UNA DOCTRINA ACTUAL, CIENT\u00cdFICA Y DIN\u00c1MICA","datePublished":"2018-03-02T06:04:48+00:00","mainEntityOfPage":{"@id":"https:\/\/amorpazycaridad.es\/una-doctrina-actual-cientifica-y-dinamica\/"},"wordCount":1182,"commentCount":0,"publisher":{"@id":"https:\/\/amorpazy-cp515.wordpresstemporal.com\/amorpazycaridad.es\/#organization"},"image":{"@id":"https:\/\/amorpazycaridad.es\/una-doctrina-actual-cientifica-y-dinamica\/#primaryimage"},"thumbnailUrl":"https:\/\/amorpazy-cp515.wordpresstemporal.com\/amorpazycaridad.es\/wp-content\/uploads\/2018\/03\/doctrina.jpg","keywords":["acompa\u00f1amiento a la ciencia","anal\u00edtica","autoridad moral","car\u00e1cter universal","ciencia filos\u00f3fica","de mente abierta","doctrina abierta","doctrina din\u00e1mica","doctrina ecl\u00e9ctica","espiritismo","esp\u00edritu cient\u00edfico","filosof\u00edas espiritual","legitimidad","obsolescencia"],"articleSection":["Editorial"],"inLanguage":"es","potentialAction":[{"@type":"CommentAction","name":"Comment","target":["https:\/\/amorpazycaridad.es\/una-doctrina-actual-cientifica-y-dinamica\/#respond"]}]},{"@type":"WebPage","@id":"https:\/\/amorpazycaridad.es\/una-doctrina-actual-cientifica-y-dinamica\/","url":"https:\/\/amorpazycaridad.es\/una-doctrina-actual-cientifica-y-dinamica\/","name":"UNA DOCTRINA ACTUAL, CIENT\u00cdFICA Y DIN\u00c1MICA | APC","isPartOf":{"@id":"https:\/\/amorpazy-cp515.wordpresstemporal.com\/amorpazycaridad.es\/#website"},"primaryImageOfPage":{"@id":"https:\/\/amorpazycaridad.es\/una-doctrina-actual-cientifica-y-dinamica\/#primaryimage"},"image":{"@id":"https:\/\/amorpazycaridad.es\/una-doctrina-actual-cientifica-y-dinamica\/#primaryimage"},"thumbnailUrl":"https:\/\/amorpazy-cp515.wordpresstemporal.com\/amorpazycaridad.es\/wp-content\/uploads\/2018\/03\/doctrina.jpg","datePublished":"2018-03-02T06:04:48+00:00","description":"UNA DOCTRINA ACTUAL, CIENT\u00cdFICA Y DIN\u00c1MICA. La esencia de esta doctrina llama al interior del ser humano, a aquella parte inmortal que es nuestra esencia, de la que no podemos huir. Tarde o temprano debemos reencontrarnos con nuestro aut\u00e9ntico yo, aquel que, creado a imagen y semejanza de Dios en su aspecto espiritual,","breadcrumb":{"@id":"https:\/\/amorpazycaridad.es\/una-doctrina-actual-cientifica-y-dinamica\/#breadcrumb"},"inLanguage":"es","potentialAction":[{"@type":"ReadAction","target":["https:\/\/amorpazycaridad.es\/una-doctrina-actual-cientifica-y-dinamica\/"]}]},{"@type":"ImageObject","inLanguage":"es","@id":"https:\/\/amorpazycaridad.es\/una-doctrina-actual-cientifica-y-dinamica\/#primaryimage","url":"https:\/\/amorpazy-cp515.wordpresstemporal.com\/amorpazycaridad.es\/wp-content\/uploads\/2018\/03\/doctrina.jpg","contentUrl":"https:\/\/amorpazy-cp515.wordpresstemporal.com\/amorpazycaridad.es\/wp-content\/uploads\/2018\/03\/doctrina.jpg","width":"720","height":"350","caption":"UNA DOCTRINA ACTUAL, CIENT\u00cdFICA Y DIN\u00c1MICA"},{"@type":"BreadcrumbList","@id":"https:\/\/amorpazycaridad.es\/una-doctrina-actual-cientifica-y-dinamica\/#breadcrumb","itemListElement":[{"@type":"ListItem","position":1,"name":"Portada","item":"https:\/\/amorpazy-cp515.wordpresstemporal.com\/amorpazycaridad.es\/"},{"@type":"ListItem","position":2,"name":"UNA DOCTRINA ACTUAL, CIENT\u00cdFICA Y DIN\u00c1MICA"}]},{"@type":"WebSite","@id":"https:\/\/amorpazy-cp515.wordpresstemporal.com\/amorpazycaridad.es\/#website","url":"https:\/\/amorpazy-cp515.wordpresstemporal.com\/amorpazycaridad.es\/","name":"Amor, paz caridad","description":"Conocimiento espiritual, espiritismo, espiritualismo, leyes universales, m\u00e1s all\u00e1, vida despu\u00e9s de la vida,","publisher":{"@id":"https:\/\/amorpazy-cp515.wordpresstemporal.com\/amorpazycaridad.es\/#organization"},"potentialAction":[{"@type":"SearchAction","target":{"@type":"EntryPoint","urlTemplate":"https:\/\/amorpazy-cp515.wordpresstemporal.com\/amorpazycaridad.es\/?s={search_term_string}"},"query-input":{"@type":"PropertyValueSpecification","valueRequired":true,"valueName":"search_term_string"}}],"inLanguage":"es"},{"@type":"Organization","@id":"https:\/\/amorpazy-cp515.wordpresstemporal.com\/amorpazycaridad.es\/#organization","name":"Asociaci\u00f3n de Estudios Espirituales Grupo Villena","url":"https:\/\/amorpazy-cp515.wordpresstemporal.com\/amorpazycaridad.es\/","logo":{"@type":"ImageObject","inLanguage":"es","@id":"https:\/\/amorpazy-cp515.wordpresstemporal.com\/amorpazycaridad.es\/#\/schema\/logo\/image\/","url":"https:\/\/amorpazycaridad.es\/wp-content\/uploads\/2015\/01\/logo-fav-e1420247830294.jpg","contentUrl":"https:\/\/amorpazycaridad.es\/wp-content\/uploads\/2015\/01\/logo-fav-e1420247830294.jpg","width":144,"height":144,"caption":"Asociaci\u00f3n de Estudios Espirituales Grupo Villena"},"image":{"@id":"https:\/\/amorpazy-cp515.wordpresstemporal.com\/amorpazycaridad.es\/#\/schema\/logo\/image\/"},"sameAs":["http:\/\/www.facebook.com\/pages\/Amor-paz-y-caridad\/1594978604096866","https:\/\/x.com\/amorpazycaridad","https:\/\/es.pinterest.com\/amorpazycaridad\/","https:\/\/www.youtube.com\/channel\/UC1GvDIDCLoL02SzOD7NJdrA"]},{"@type":"Person","@id":"https:\/\/amorpazy-cp515.wordpresstemporal.com\/amorpazycaridad.es\/#\/schema\/person\/44cbc218f1b29f65390e7c8a4fd0c28d","name":"Redacci\u00f3n","image":{"@type":"ImageObject","inLanguage":"es","@id":"https:\/\/amorpazycaridad.es\/wp-content\/uploads\/2015\/01\/icono-114-96x96.jpg73ca1ff604f9e7c7607bbbfa84b61c44","url":"https:\/\/amorpazycaridad.es\/wp-content\/uploads\/2015\/01\/icono-114-96x96.jpg","contentUrl":"https:\/\/amorpazycaridad.es\/wp-content\/uploads\/2015\/01\/icono-114-96x96.jpg","caption":"Redacci\u00f3n"},"sameAs":["http:\/\/www.amorpazycaridad.com"],"url":"https:\/\/amorpazy-cp515.wordpresstemporal.com\/amorpazycaridad.es\/author\/redaccion\/"}]}},"authors":[{"term_id":396,"user_id":0,"is_guest":1,"slug":"cap-redaccion","display_name":"Redaccion","avatar_url":"https:\/\/secure.gravatar.com\/avatar\/?s=96&d=mm&r=g","0":null,"1":"","2":"","3":"","4":"","5":"","6":"","7":"","8":""}],"_links":{"self":[{"href":"https:\/\/amorpazy-cp515.wordpresstemporal.com\/amorpazycaridad.es\/wp-json\/wp\/v2\/posts\/9184","targetHints":{"allow":["GET"]}}],"collection":[{"href":"https:\/\/amorpazy-cp515.wordpresstemporal.com\/amorpazycaridad.es\/wp-json\/wp\/v2\/posts"}],"about":[{"href":"https:\/\/amorpazy-cp515.wordpresstemporal.com\/amorpazycaridad.es\/wp-json\/wp\/v2\/types\/post"}],"author":[{"embeddable":true,"href":"https:\/\/amorpazy-cp515.wordpresstemporal.com\/amorpazycaridad.es\/wp-json\/wp\/v2\/users\/2"}],"replies":[{"embeddable":true,"href":"https:\/\/amorpazy-cp515.wordpresstemporal.com\/amorpazycaridad.es\/wp-json\/wp\/v2\/comments?post=9184"}],"version-history":[{"count":9,"href":"https:\/\/amorpazy-cp515.wordpresstemporal.com\/amorpazycaridad.es\/wp-json\/wp\/v2\/posts\/9184\/revisions"}],"predecessor-version":[{"id":9210,"href":"https:\/\/amorpazy-cp515.wordpresstemporal.com\/amorpazycaridad.es\/wp-json\/wp\/v2\/posts\/9184\/revisions\/9210"}],"wp:featuredmedia":[{"embeddable":true,"href":"https:\/\/amorpazy-cp515.wordpresstemporal.com\/amorpazycaridad.es\/wp-json\/wp\/v2\/media\/9211"}],"wp:attachment":[{"href":"https:\/\/amorpazy-cp515.wordpresstemporal.com\/amorpazycaridad.es\/wp-json\/wp\/v2\/media?parent=9184"}],"wp:term":[{"taxonomy":"category","embeddable":true,"href":"https:\/\/amorpazy-cp515.wordpresstemporal.com\/amorpazycaridad.es\/wp-json\/wp\/v2\/categories?post=9184"},{"taxonomy":"post_tag","embeddable":true,"href":"https:\/\/amorpazy-cp515.wordpresstemporal.com\/amorpazycaridad.es\/wp-json\/wp\/v2\/tags?post=9184"},{"taxonomy":"author","embeddable":true,"href":"https:\/\/amorpazy-cp515.wordpresstemporal.com\/amorpazycaridad.es\/wp-json\/wp\/v2\/ppma_author?post=9184"}],"curies":[{"name":"wp","href":"https:\/\/api.w.org\/{rel}","templated":true}]}}