{"id":91,"date":"2014-01-24T07:04:00","date_gmt":"2014-01-24T07:04:00","guid":{"rendered":"https:\/\/amorpazycaridad.es\/uncategorized\/articulo-libre-5\/"},"modified":"2015-02-12T07:03:03","modified_gmt":"2015-02-12T06:03:03","slug":"la-caridad-para-con-los-criminales","status":"publish","type":"post","link":"https:\/\/amorpazy-cp515.wordpresstemporal.com\/amorpazycaridad.es\/la-caridad-para-con-los-criminales\/","title":{"rendered":"LA CARIDAD PARA CON LOS CRIMINALES"},"content":{"rendered":"<p style=\"text-align: justify;\">La verdadera caridad es una de las m\u00e1s sublimes ense\u00f1anzas que Dios haya\u00a0dado al mundo. Entre los verdaderos disc\u00edpulos de su doctrina, debe existir una\u00a0fraternidad completa. Debeis amar a los desgraciados y a los criminales, como a\u00a0criaturas de Dios a las cuales se conceder\u00e1 el perd\u00f3n y la misericordia, si se arrepienten como a vosotros mismos, por las faltas que comet\u00e9is contra su\u00a0ley.<\/p>\n<p style=\"text-align: justify;\">Pensad que vosotros sois m\u00e1s reprensibles, m\u00e1s culpables que aquellos a quienes\u00a0rehus\u00e1is el perd\u00f3n y la conmiseraci\u00f3n, porque muchas veces ellos no conocen a Dios\u00a0como vosotros lo conoc\u00e9is, y se les har\u00e1n menos cargos que a vosotros.<\/p>\n<p style=\"text-align: justify;\">No juzgu\u00e9is, \u00a1oh!, no juzgu\u00e9is queridos amigos mi\u00f3s, porque el juicio que\u00a0vosotros form\u00e9is os ser\u00e1 aplicado a\u00fan con m\u00e1s severidad, y ten\u00e9is necesidad de\u00a0indulgencia por los pecados que comet\u00e9is sin ces\u00e1r. \u00bfNo sab\u00e9is que hay muchas acciones\u00a0que son cr\u00edmenes a los ojos de Dios, a los ojos del Dios de pureza, y que el mundo s\u00f3lo\u00a0considera como faltas ligeras?<\/p>\n<p style=\"text-align: justify;\">La verdadera caridad no consiste solamente en la limosna que hac\u00e9is, ni tampoco\u00a0en las palabras de consuelo con que pod\u00e9is acompa\u00f1arla, no; no es esto s\u00f3lo lo que Dios\u00a0exige de vosotros. La caridad sublime ense\u00f1ada por Jes\u00fas consiste tambi\u00e9n en la benevolencia\u00a0concedida siempre y en todas las cosas a vuestro pr\u00f3jimo. Pod\u00e9is tambi\u00e9n\u00a0ejercitar esa sublime virtud con muchos seres que no tienen necesidad de limosnas y a\u00a0quienes las palabras de amor, de consuelo y de valor conducir\u00e1n al Se\u00f1or.<\/p>\n<p style=\"text-align: justify;\">Se acercan los tiempos, os repito, en que la gran fraternidad reinar\u00e1 en este\u00a0globo; la ley de Cristo es la que regir\u00e1 los hombres; ella sola ser\u00e1 el freno y la esperanza,\u00a0y conducir\u00e1 a las almas a la morada de los bienaventurados. Am\u00e1os, pues, como hijos de\u00a0un mismo padre; no hag\u00e1is diferencia entre los otros desgraciados, porque Dios es quien\u00a0quiere que todos sean iguales; no desprec\u00ed\u00e9is a nadie; Dios permite que est\u00e9n entre\u00a0vosotros grandes criminales con el fin de que os sirvan de ense\u00f1anza. Muy pronto,\u00a0cuando los hombres sean conducidos a la pr\u00e1ctica de las verdaderas leyes de Dios, ya no\u00a0habr\u00e1 necesidad d\u00e9 esas ense\u00f1anzas, \u00aby todos los esp\u00edritus impuros y rebeldes ser\u00e1n dispersados en mundos inferiores en armonia con sus inclinaciones\u00bb<\/p>\n<p style=\"text-align: justify;\">Deb\u00e9is a \u00e9stos de quienes hablo el socorro de vuestras oraciones: es la verdadera\u00a0caridad. No es necesario que dig\u00e1is de un criminal: \u00abEs un miserable; es menester purgar\u00a0la Tierra; la muerte que se le impone es demasiado benigna para un ser de su especie\u00bb.<\/p>\n<p style=\"text-align: justify;\">No, no es as\u00ed como deb\u00e9is hablar. Contemplad a Jes\u00fas, vuestro modelo; \u00bfqu\u00e9 dir\u00eda si\u00a0viese junto a El a ese desgraciado? Le compadecer\u00eda; le considerar\u00eda como a un enfermo\u00a0muy desdichado, y le tender\u00eda la mano. Vosotros no pod\u00e9is hacerlo en realidad, pero al\u00a0menos pod\u00e9is rogar por \u00e9l y asistir a su esp\u00edritu durante los pocos instantes que debe\u00a0pasar en la Tierra. El arrepentimiento puede conmover su coraz\u00f3n, si rog\u00e1is con fe. Es\u00a0vuestro pr\u00f3jimo, como el mejor de entre los hombres; su alma descarriada y rebelde, es\u00a0creada como la vuestra, para perfeccionarse; ayudadle, pues, a salir del cenegal, y rogad\u00a0por \u00e9l.<\/p>\n<p style=\"text-align: right;\"><strong>(Elisabeth de Francia. Havre, 1862).<\/strong><\/p>\n<address>Extraido del \u00ab<strong>Libro de los espiritus<\/strong>\u00bb de <strong>Allan Kardec<\/strong>.<\/address>\n","protected":false},"excerpt":{"rendered":"<p>La verdadera caridad es una de las m\u00e1s sublimes ense\u00f1anzas que Dios haya\u00a0dado al mundo. Entre los verdaderos disc\u00edpulos de su doctrina, debe existir una\u00a0fraternidad completa. Debeis amar a los desgraciados y a los criminales, como a\u00a0criaturas de Dios a las cuales se conceder\u00e1 el perd\u00f3n y la misericordia, si se arrepienten como a vosotros [&hellip;]<\/p>\n","protected":false},"author":2,"featured_media":0,"comment_status":"open","ping_status":"open","sticky":false,"template":"","format":"standard","meta":{"tdm_status":"","tdm_grid_status":"","footnotes":""},"categories":[15],"tags":[65,2213,89,160,214,233],"ppma_author":[396],"class_list":{"0":"post-91","1":"post","2":"type-post","3":"status-publish","4":"format-standard","6":"category-articulo-libre","7":"tag-allan-kardec","8":"tag-articulo-libre","9":"tag-caridad","10":"tag-elisabeth-de-francia","11":"tag-la-caridad-para-con-los-criminales","12":"tag-libro-de-los-espiritus"},"yoast_head":"<!-- This site is optimized with the Yoast SEO plugin v27.7 - https:\/\/yoast.com\/product\/yoast-seo-wordpress\/ -->\n<title>LA CARIDAD PARA CON LOS CRIMINALES | Amor, paz caridad<\/title>\n<meta name=\"robots\" content=\"index, follow, max-snippet:-1, max-image-preview:large, max-video-preview:-1\" \/>\n<link rel=\"canonical\" href=\"https:\/\/amorpazy-cp515.wordpresstemporal.com\/amorpazycaridad.es\/la-caridad-para-con-los-criminales\/\" \/>\n<meta property=\"og:locale\" content=\"es_ES\" \/>\n<meta property=\"og:type\" content=\"article\" \/>\n<meta property=\"og:title\" content=\"LA CARIDAD PARA CON LOS CRIMINALES | Amor, paz caridad\" \/>\n<meta property=\"og:description\" content=\"La verdadera caridad es una de las m\u00e1s sublimes ense\u00f1anzas que Dios haya\u00a0dado al mundo. Entre los verdaderos disc\u00edpulos de su doctrina, debe existir una\u00a0fraternidad completa. Debeis amar a los desgraciados y a los criminales, como a\u00a0criaturas de Dios a las cuales se conceder\u00e1 el perd\u00f3n y la misericordia, si se arrepienten como a vosotros [&hellip;]\" \/>\n<meta property=\"og:url\" content=\"https:\/\/amorpazy-cp515.wordpresstemporal.com\/amorpazycaridad.es\/la-caridad-para-con-los-criminales\/\" \/>\n<meta property=\"og:site_name\" content=\"Amor, paz caridad\" \/>\n<meta property=\"article:publisher\" content=\"http:\/\/www.facebook.com\/pages\/Amor-paz-y-caridad\/1594978604096866\" \/>\n<meta property=\"article:published_time\" content=\"2014-01-24T07:04:00+00:00\" \/>\n<meta property=\"article:modified_time\" content=\"2015-02-12T06:03:03+00:00\" \/>\n<meta name=\"author\" content=\"Redaccion\" \/>\n<meta name=\"twitter:card\" content=\"summary_large_image\" \/>\n<meta name=\"twitter:creator\" content=\"@amorpazycaridad\" \/>\n<meta name=\"twitter:site\" content=\"@amorpazycaridad\" \/>\n<meta name=\"twitter:label1\" content=\"Escrito por\" \/>\n\t<meta name=\"twitter:data1\" content=\"Redacci\u00f3n\" \/>\n\t<meta name=\"twitter:label2\" content=\"Tiempo de lectura\" \/>\n\t<meta name=\"twitter:data2\" content=\"3 minutos\" \/>\n<script type=\"application\/ld+json\" class=\"yoast-schema-graph\">{\"@context\":\"https:\\\/\\\/schema.org\",\"@graph\":[{\"@type\":\"Article\",\"@id\":\"https:\\\/\\\/amorpazy-cp515.wordpresstemporal.com\\\/amorpazycaridad.es\\\/la-caridad-para-con-los-criminales\\\/#article\",\"isPartOf\":{\"@id\":\"https:\\\/\\\/amorpazy-cp515.wordpresstemporal.com\\\/amorpazycaridad.es\\\/la-caridad-para-con-los-criminales\\\/\"},\"author\":{\"name\":\"Redacci\u00f3n\",\"@id\":\"https:\\\/\\\/amorpazycaridad.es\\\/#\\\/schema\\\/person\\\/44cbc218f1b29f65390e7c8a4fd0c28d\"},\"headline\":\"LA CARIDAD PARA CON LOS CRIMINALES\",\"datePublished\":\"2014-01-24T07:04:00+00:00\",\"dateModified\":\"2015-02-12T06:03:03+00:00\",\"mainEntityOfPage\":{\"@id\":\"https:\\\/\\\/amorpazy-cp515.wordpresstemporal.com\\\/amorpazycaridad.es\\\/la-caridad-para-con-los-criminales\\\/\"},\"wordCount\":613,\"commentCount\":0,\"publisher\":{\"@id\":\"https:\\\/\\\/amorpazycaridad.es\\\/#organization\"},\"keywords\":[\"Allan Kardec\",\"Articulo libre\",\"caridad\",\"Elisabeth de Francia\",\"LA CARIDAD PARA CON LOS CRIMINALES\",\"Libro de los Esp\u00edritus\"],\"articleSection\":[\"Articulo libre\"],\"inLanguage\":\"es\",\"potentialAction\":[{\"@type\":\"CommentAction\",\"name\":\"Comment\",\"target\":[\"https:\\\/\\\/amorpazy-cp515.wordpresstemporal.com\\\/amorpazycaridad.es\\\/la-caridad-para-con-los-criminales\\\/#respond\"]}]},{\"@type\":\"WebPage\",\"@id\":\"https:\\\/\\\/amorpazy-cp515.wordpresstemporal.com\\\/amorpazycaridad.es\\\/la-caridad-para-con-los-criminales\\\/\",\"url\":\"https:\\\/\\\/amorpazy-cp515.wordpresstemporal.com\\\/amorpazycaridad.es\\\/la-caridad-para-con-los-criminales\\\/\",\"name\":\"LA CARIDAD PARA CON LOS CRIMINALES | Amor, paz caridad\",\"isPartOf\":{\"@id\":\"https:\\\/\\\/amorpazycaridad.es\\\/#website\"},\"datePublished\":\"2014-01-24T07:04:00+00:00\",\"dateModified\":\"2015-02-12T06:03:03+00:00\",\"breadcrumb\":{\"@id\":\"https:\\\/\\\/amorpazy-cp515.wordpresstemporal.com\\\/amorpazycaridad.es\\\/la-caridad-para-con-los-criminales\\\/#breadcrumb\"},\"inLanguage\":\"es\",\"potentialAction\":[{\"@type\":\"ReadAction\",\"target\":[\"https:\\\/\\\/amorpazy-cp515.wordpresstemporal.com\\\/amorpazycaridad.es\\\/la-caridad-para-con-los-criminales\\\/\"]}]},{\"@type\":\"BreadcrumbList\",\"@id\":\"https:\\\/\\\/amorpazy-cp515.wordpresstemporal.com\\\/amorpazycaridad.es\\\/la-caridad-para-con-los-criminales\\\/#breadcrumb\",\"itemListElement\":[{\"@type\":\"ListItem\",\"position\":1,\"name\":\"Portada\",\"item\":\"https:\\\/\\\/amorpazy-cp515.wordpresstemporal.com\\\/amorpazycaridad.es\\\/\"},{\"@type\":\"ListItem\",\"position\":2,\"name\":\"LA CARIDAD PARA CON LOS CRIMINALES\"}]},{\"@type\":\"WebSite\",\"@id\":\"https:\\\/\\\/amorpazycaridad.es\\\/#website\",\"url\":\"https:\\\/\\\/amorpazycaridad.es\\\/\",\"name\":\"Amor, paz caridad\",\"description\":\"Conocimiento espiritual, espiritismo, espiritualismo, leyes universales, m\u00e1s all\u00e1, vida despu\u00e9s de la vida,\",\"publisher\":{\"@id\":\"https:\\\/\\\/amorpazycaridad.es\\\/#organization\"},\"potentialAction\":[{\"@type\":\"SearchAction\",\"target\":{\"@type\":\"EntryPoint\",\"urlTemplate\":\"https:\\\/\\\/amorpazycaridad.es\\\/?s={search_term_string}\"},\"query-input\":{\"@type\":\"PropertyValueSpecification\",\"valueRequired\":true,\"valueName\":\"search_term_string\"}}],\"inLanguage\":\"es\"},{\"@type\":\"Organization\",\"@id\":\"https:\\\/\\\/amorpazycaridad.es\\\/#organization\",\"name\":\"Asociaci\u00f3n de Estudios Espirituales Grupo Villena\",\"url\":\"https:\\\/\\\/amorpazycaridad.es\\\/\",\"logo\":{\"@type\":\"ImageObject\",\"inLanguage\":\"es\",\"@id\":\"https:\\\/\\\/amorpazycaridad.es\\\/#\\\/schema\\\/logo\\\/image\\\/\",\"url\":\"https:\\\/\\\/amorpazycaridad.es\\\/wp-content\\\/uploads\\\/2015\\\/01\\\/logo-fav-e1420247830294.jpg\",\"contentUrl\":\"https:\\\/\\\/amorpazycaridad.es\\\/wp-content\\\/uploads\\\/2015\\\/01\\\/logo-fav-e1420247830294.jpg\",\"width\":144,\"height\":144,\"caption\":\"Asociaci\u00f3n de Estudios Espirituales Grupo Villena\"},\"image\":{\"@id\":\"https:\\\/\\\/amorpazycaridad.es\\\/#\\\/schema\\\/logo\\\/image\\\/\"},\"sameAs\":[\"http:\\\/\\\/www.facebook.com\\\/pages\\\/Amor-paz-y-caridad\\\/1594978604096866\",\"https:\\\/\\\/x.com\\\/amorpazycaridad\",\"https:\\\/\\\/es.pinterest.com\\\/amorpazycaridad\\\/\",\"https:\\\/\\\/www.youtube.com\\\/channel\\\/UC1GvDIDCLoL02SzOD7NJdrA\"]},{\"@type\":\"Person\",\"@id\":\"https:\\\/\\\/amorpazycaridad.es\\\/#\\\/schema\\\/person\\\/44cbc218f1b29f65390e7c8a4fd0c28d\",\"name\":\"Redacci\u00f3n\",\"image\":{\"@type\":\"ImageObject\",\"inLanguage\":\"es\",\"@id\":\"https:\\\/\\\/amorpazycaridad.es\\\/wp-content\\\/uploads\\\/2015\\\/01\\\/icono-114-96x96.jpg73ca1ff604f9e7c7607bbbfa84b61c44\",\"url\":\"https:\\\/\\\/amorpazycaridad.es\\\/wp-content\\\/uploads\\\/2015\\\/01\\\/icono-114-96x96.jpg\",\"contentUrl\":\"https:\\\/\\\/amorpazycaridad.es\\\/wp-content\\\/uploads\\\/2015\\\/01\\\/icono-114-96x96.jpg\",\"caption\":\"Redacci\u00f3n\"},\"sameAs\":[\"http:\\\/\\\/www.amorpazycaridad.com\"],\"url\":\"https:\\\/\\\/amorpazy-cp515.wordpresstemporal.com\\\/amorpazycaridad.es\\\/author\\\/redaccion\\\/\"}]}<\/script>\n<!-- \/ Yoast SEO plugin. -->","yoast_head_json":{"title":"LA CARIDAD PARA CON LOS CRIMINALES | Amor, paz caridad","robots":{"index":"index","follow":"follow","max-snippet":"max-snippet:-1","max-image-preview":"max-image-preview:large","max-video-preview":"max-video-preview:-1"},"canonical":"https:\/\/amorpazy-cp515.wordpresstemporal.com\/amorpazycaridad.es\/la-caridad-para-con-los-criminales\/","og_locale":"es_ES","og_type":"article","og_title":"LA CARIDAD PARA CON LOS CRIMINALES | Amor, paz caridad","og_description":"La verdadera caridad es una de las m\u00e1s sublimes ense\u00f1anzas que Dios haya\u00a0dado al mundo. Entre los verdaderos disc\u00edpulos de su doctrina, debe existir una\u00a0fraternidad completa. Debeis amar a los desgraciados y a los criminales, como a\u00a0criaturas de Dios a las cuales se conceder\u00e1 el perd\u00f3n y la misericordia, si se arrepienten como a vosotros [&hellip;]","og_url":"https:\/\/amorpazy-cp515.wordpresstemporal.com\/amorpazycaridad.es\/la-caridad-para-con-los-criminales\/","og_site_name":"Amor, paz caridad","article_publisher":"http:\/\/www.facebook.com\/pages\/Amor-paz-y-caridad\/1594978604096866","article_published_time":"2014-01-24T07:04:00+00:00","article_modified_time":"2015-02-12T06:03:03+00:00","author":"Redaccion","twitter_card":"summary_large_image","twitter_creator":"@amorpazycaridad","twitter_site":"@amorpazycaridad","twitter_misc":{"Escrito por":"Redacci\u00f3n","Tiempo de lectura":"3 minutos"},"schema":{"@context":"https:\/\/schema.org","@graph":[{"@type":"Article","@id":"https:\/\/amorpazy-cp515.wordpresstemporal.com\/amorpazycaridad.es\/la-caridad-para-con-los-criminales\/#article","isPartOf":{"@id":"https:\/\/amorpazy-cp515.wordpresstemporal.com\/amorpazycaridad.es\/la-caridad-para-con-los-criminales\/"},"author":{"name":"Redacci\u00f3n","@id":"https:\/\/amorpazycaridad.es\/#\/schema\/person\/44cbc218f1b29f65390e7c8a4fd0c28d"},"headline":"LA CARIDAD PARA CON LOS CRIMINALES","datePublished":"2014-01-24T07:04:00+00:00","dateModified":"2015-02-12T06:03:03+00:00","mainEntityOfPage":{"@id":"https:\/\/amorpazy-cp515.wordpresstemporal.com\/amorpazycaridad.es\/la-caridad-para-con-los-criminales\/"},"wordCount":613,"commentCount":0,"publisher":{"@id":"https:\/\/amorpazycaridad.es\/#organization"},"keywords":["Allan Kardec","Articulo libre","caridad","Elisabeth de Francia","LA CARIDAD PARA CON LOS CRIMINALES","Libro de los Esp\u00edritus"],"articleSection":["Articulo libre"],"inLanguage":"es","potentialAction":[{"@type":"CommentAction","name":"Comment","target":["https:\/\/amorpazy-cp515.wordpresstemporal.com\/amorpazycaridad.es\/la-caridad-para-con-los-criminales\/#respond"]}]},{"@type":"WebPage","@id":"https:\/\/amorpazy-cp515.wordpresstemporal.com\/amorpazycaridad.es\/la-caridad-para-con-los-criminales\/","url":"https:\/\/amorpazy-cp515.wordpresstemporal.com\/amorpazycaridad.es\/la-caridad-para-con-los-criminales\/","name":"LA CARIDAD PARA CON LOS CRIMINALES | Amor, paz caridad","isPartOf":{"@id":"https:\/\/amorpazycaridad.es\/#website"},"datePublished":"2014-01-24T07:04:00+00:00","dateModified":"2015-02-12T06:03:03+00:00","breadcrumb":{"@id":"https:\/\/amorpazy-cp515.wordpresstemporal.com\/amorpazycaridad.es\/la-caridad-para-con-los-criminales\/#breadcrumb"},"inLanguage":"es","potentialAction":[{"@type":"ReadAction","target":["https:\/\/amorpazy-cp515.wordpresstemporal.com\/amorpazycaridad.es\/la-caridad-para-con-los-criminales\/"]}]},{"@type":"BreadcrumbList","@id":"https:\/\/amorpazy-cp515.wordpresstemporal.com\/amorpazycaridad.es\/la-caridad-para-con-los-criminales\/#breadcrumb","itemListElement":[{"@type":"ListItem","position":1,"name":"Portada","item":"https:\/\/amorpazy-cp515.wordpresstemporal.com\/amorpazycaridad.es\/"},{"@type":"ListItem","position":2,"name":"LA CARIDAD PARA CON LOS CRIMINALES"}]},{"@type":"WebSite","@id":"https:\/\/amorpazycaridad.es\/#website","url":"https:\/\/amorpazycaridad.es\/","name":"Amor, paz caridad","description":"Conocimiento espiritual, espiritismo, espiritualismo, leyes universales, m\u00e1s all\u00e1, vida despu\u00e9s de la vida,","publisher":{"@id":"https:\/\/amorpazycaridad.es\/#organization"},"potentialAction":[{"@type":"SearchAction","target":{"@type":"EntryPoint","urlTemplate":"https:\/\/amorpazycaridad.es\/?s={search_term_string}"},"query-input":{"@type":"PropertyValueSpecification","valueRequired":true,"valueName":"search_term_string"}}],"inLanguage":"es"},{"@type":"Organization","@id":"https:\/\/amorpazycaridad.es\/#organization","name":"Asociaci\u00f3n de Estudios Espirituales Grupo Villena","url":"https:\/\/amorpazycaridad.es\/","logo":{"@type":"ImageObject","inLanguage":"es","@id":"https:\/\/amorpazycaridad.es\/#\/schema\/logo\/image\/","url":"https:\/\/amorpazycaridad.es\/wp-content\/uploads\/2015\/01\/logo-fav-e1420247830294.jpg","contentUrl":"https:\/\/amorpazycaridad.es\/wp-content\/uploads\/2015\/01\/logo-fav-e1420247830294.jpg","width":144,"height":144,"caption":"Asociaci\u00f3n de Estudios Espirituales Grupo Villena"},"image":{"@id":"https:\/\/amorpazycaridad.es\/#\/schema\/logo\/image\/"},"sameAs":["http:\/\/www.facebook.com\/pages\/Amor-paz-y-caridad\/1594978604096866","https:\/\/x.com\/amorpazycaridad","https:\/\/es.pinterest.com\/amorpazycaridad\/","https:\/\/www.youtube.com\/channel\/UC1GvDIDCLoL02SzOD7NJdrA"]},{"@type":"Person","@id":"https:\/\/amorpazycaridad.es\/#\/schema\/person\/44cbc218f1b29f65390e7c8a4fd0c28d","name":"Redacci\u00f3n","image":{"@type":"ImageObject","inLanguage":"es","@id":"https:\/\/amorpazycaridad.es\/wp-content\/uploads\/2015\/01\/icono-114-96x96.jpg73ca1ff604f9e7c7607bbbfa84b61c44","url":"https:\/\/amorpazycaridad.es\/wp-content\/uploads\/2015\/01\/icono-114-96x96.jpg","contentUrl":"https:\/\/amorpazycaridad.es\/wp-content\/uploads\/2015\/01\/icono-114-96x96.jpg","caption":"Redacci\u00f3n"},"sameAs":["http:\/\/www.amorpazycaridad.com"],"url":"https:\/\/amorpazy-cp515.wordpresstemporal.com\/amorpazycaridad.es\/author\/redaccion\/"}]}},"authors":[{"term_id":396,"user_id":0,"is_guest":1,"slug":"cap-redaccion","display_name":"Redaccion","avatar_url":"https:\/\/secure.gravatar.com\/avatar\/?s=96&d=mm&r=g","0":null,"1":"","2":"","3":"","4":"","5":"","6":"","7":"","8":""}],"_links":{"self":[{"href":"https:\/\/amorpazy-cp515.wordpresstemporal.com\/amorpazycaridad.es\/wp-json\/wp\/v2\/posts\/91","targetHints":{"allow":["GET"]}}],"collection":[{"href":"https:\/\/amorpazy-cp515.wordpresstemporal.com\/amorpazycaridad.es\/wp-json\/wp\/v2\/posts"}],"about":[{"href":"https:\/\/amorpazy-cp515.wordpresstemporal.com\/amorpazycaridad.es\/wp-json\/wp\/v2\/types\/post"}],"author":[{"embeddable":true,"href":"https:\/\/amorpazy-cp515.wordpresstemporal.com\/amorpazycaridad.es\/wp-json\/wp\/v2\/users\/2"}],"replies":[{"embeddable":true,"href":"https:\/\/amorpazy-cp515.wordpresstemporal.com\/amorpazycaridad.es\/wp-json\/wp\/v2\/comments?post=91"}],"version-history":[{"count":2,"href":"https:\/\/amorpazy-cp515.wordpresstemporal.com\/amorpazycaridad.es\/wp-json\/wp\/v2\/posts\/91\/revisions"}],"predecessor-version":[{"id":2678,"href":"https:\/\/amorpazy-cp515.wordpresstemporal.com\/amorpazycaridad.es\/wp-json\/wp\/v2\/posts\/91\/revisions\/2678"}],"wp:attachment":[{"href":"https:\/\/amorpazy-cp515.wordpresstemporal.com\/amorpazycaridad.es\/wp-json\/wp\/v2\/media?parent=91"}],"wp:term":[{"taxonomy":"category","embeddable":true,"href":"https:\/\/amorpazy-cp515.wordpresstemporal.com\/amorpazycaridad.es\/wp-json\/wp\/v2\/categories?post=91"},{"taxonomy":"post_tag","embeddable":true,"href":"https:\/\/amorpazy-cp515.wordpresstemporal.com\/amorpazycaridad.es\/wp-json\/wp\/v2\/tags?post=91"},{"taxonomy":"author","embeddable":true,"href":"https:\/\/amorpazy-cp515.wordpresstemporal.com\/amorpazycaridad.es\/wp-json\/wp\/v2\/ppma_author?post=91"}],"curies":[{"name":"wp","href":"https:\/\/api.w.org\/{rel}","templated":true}]}}