{"id":8462,"date":"2017-10-30T06:25:30","date_gmt":"2017-10-30T04:25:30","guid":{"rendered":"https:\/\/amorpazycaridad.es\/?p=8462"},"modified":"2017-10-29T22:37:53","modified_gmt":"2017-10-29T20:37:53","slug":"llorar-por-dejar-la-tierra","status":"publish","type":"post","link":"https:\/\/amorpazy-cp515.wordpresstemporal.com\/amorpazycaridad.es\/llorar-por-dejar-la-tierra\/","title":{"rendered":"LLORAR POR DEJAR LA TIERRA"},"content":{"rendered":"<p style=\"text-align: justify;\">Querida Prudencia: hace alg\u00fan tiempo supe que un ser ignorante te hab\u00eda vaticinado tu desaparici\u00f3n de la Tierra dentro de un breve plazo, y t\u00fa que al recibir tal noticia lloraste amargamente pensando que pronto ibas a dejar tu envoltura material.<\/p>\n<p style=\"text-align: justify;\">Hay un refr\u00e1n que dice: \u201cOjos que no ven, coraz\u00f3n que no llora\u201d y es verdad, yo escuch\u00e9 el relato de la predicaci\u00f3n que te hicieron y del llanto que \u00e9sta te cost\u00f3, y me sonre\u00ed, porque hay cosas que de o\u00eddas, s\u00f3lo causan risa. Despu\u00e9s te vi, llorando acongojada recordando la profec\u00eda de tu muerte, y entonces no me re\u00ed, porque tu sufrimiento hiri\u00f3 mi alma, y te compadec\u00ed; \u00faltimamente te he visto llorar por el mismo motivo, y entonces mi Esp\u00edritu se enlaz\u00f3 al tuyo y he querido infiltrar en tu ser lo que en mi alma sent\u00eda; pero como soy tan poco entendida en la ley de los fluidos, ignoro si tendr\u00e9 influencia en ti, y apelo a la palabra escrita, para ver si puedo convencerte de que tu llanto es demasiado precioso para que lo viertas por una humanidad que tan poco merece.<\/p>\n<p style=\"text-align: justify;\">\u00bfEres tan dichosa que no has tratado en este mundo m\u00e1s que con las almas buenas y por ello sientes dejar tan grata compa\u00f1\u00eda? No lo creo, casi me atrevo a jurar que, a ti como a todos, te habr\u00e1n perseguido los desenga\u00f1os.<\/p>\n<p style=\"text-align: justify;\">\u00bfEs tan limitado tu pensamiento que, tras del hemisferio, no ves m\u00e1s que el vac\u00edo? Imposible; t\u00fa dices que eres esp\u00edrita y debes creer en la pluralidad de mundos, y en la pluralidad de existencias del alma.<\/p>\n<p style=\"text-align: justify;\">Creo que eres un ser inofensivo, que en tu vida presente no debes haber cometido ning\u00fan crimen, y por consiguiente, tu miedo es injustificado. Inteligencias superiores a la m\u00eda te han dicho repetidas veces que nadie sabe en este mundo la hora fija de cuando un ser va a dejar la Tierra, porque ni a\u00fan la ciencia, audaz exploradora del infinito, puede nunca afirmar cuando un hombre va a morir.<\/p>\n<p style=\"text-align: justify;\">Los m\u00e9dicos m\u00e1s entendidos, y a\u00fan contando los \u00faltimos latidos de un moribundo, \u00a1Cu\u00e1ntas veces, y cu\u00e1ntas, han visto operarse en el enfermo un cambio r\u00e1pido, y han dicho: he aqu\u00ed un cambio de la naturaleza en la cual la ciencia no contaba! Por lo que si esto pasa cuando las dolencias nos abruman \u00bfCu\u00e1nto m\u00e1s error es asegurar la muerte de una persona que disfruta de una salud regular? Por esto no me detendr\u00e9 m\u00e1s habl\u00e1ndote de ese irrisorio y enojoso asunto, pero s\u00ed te dir\u00e9: ven conmigo, hermana m\u00eda, ya que tanto te entristece dejar la Tierra, quiero que conozcas un poco a la humanidad.<\/p>\n<p style=\"text-align: justify;\">No te llevar\u00e9 a los campos de batalla donde por un palmo de terreno se matan los hombres como fieras, para satisfacer el capricho de dos monarcas que no saben como pasar el tiempo.<\/p>\n<p style=\"text-align: justify;\">Dejaremos las c\u00e1rceles donde los bandidos y los pilluelos estudian la carrera del hurto y del homicidio. No te conducir\u00e9 a los hospitales donde los criminales de la miseria sucumben atormentados por la indiferencia social, por el solo delito de ser pobres.<\/p>\n<p style=\"text-align: justify;\">No entraremos en los lupanares donde mujeres hermosas venden su cuerpo y envenenan su Esp\u00edritu; cuadro trist\u00edsimo que hizo exclamar a un poeta al ver a una cortesana: el lujo de esa pobre me inspira l\u00e1stima, para vestir su cuerpo desnuda al alma. No contemplaremos los grandes garitos donde los padres de familia juegan a una carta el porvenir de sus hijos. No nos perderemos en las inmundas tabernas donde muchos obreros pierden el jornal de una semana; no te har\u00e9 ver ninguno de esos parajes, donde la humanidad se presenta sin careta; te llevar\u00e9 por el camino llano, te conducir\u00e9 a las casas honradas donde parece que todo sigue el orden regular de la vida, donde no se mata nadie, donde la justicia no penetra, y sin embargo, en esa vida normal hay tanta infamia, se revelan tan bastardas intenciones e inclinaciones, tan s\u00f3rdido ego\u00edsmo, que hay que llorar. Prudencia, hay que llorar; no por dejar la Tierra como lloras t\u00fa; hay que llorar de verg\u00fcenza, por pertenecer a esta raza miserable, donde para encontrar un \u00e1tomo de sentimiento hay que derrumbar un mundo de codicia.<\/p>\n<p style=\"text-align: justify;\">Mas ven conmigo: vamos a visitar algunos parajes. Entremos primero en una casa de humilde apariencia, donde habita una pobre familia que se gana con su trabajo el sustento del d\u00eda, dedic\u00e1ndose a bordar para una gran tienda de ropa blanca. Julia y Luisa se puede decir que mantienen a su madre y a otra hermana peque\u00f1a con el producto de su labor.<\/p>\n<p style=\"text-align: justify;\">Un d\u00eda, cuando las dos j\u00f3venes estaban bordando, con gran prisa vieron entrar a Celia, una amiga de la infancia, que les pidi\u00f3 hospitalidad para descansar de su fatiga, la pobre ven\u00eda enferma del pecho, y Julia y Luisa, naturalmente dejaron su trabajo, rodearon de atenciones a su amiga, mucho m\u00e1s cuando vieron que aqu\u00e9lla estaba pr\u00f3xima a morir, y tan cercana estaba su muerte, que en la noche de aquel d\u00eda Celia muri\u00f3 en los brazos de sus compa\u00f1eras de colegio; pues bien, cuando las j\u00f3venes acongojadas velaban el \u00faltimo sue\u00f1o de su amiga; cuando espantadas por aquella cat\u00e1strofe repentina no se daban cuenta de nada, entr\u00f3 el dependiente de la tienda para la que ellas trabajaban y les pidi\u00f3 los \u00faltimos pa\u00f1uelos que ellas estaban bordando; las pobres muchachas le mostraron a la difunta dici\u00e9ndole: m\u00edrela usted \u00a1Pobrecita! Vino ayer a vernos, anoche muri\u00f3, no hemos dormido, estamos rendidas, y no hemos concluido el trabajo, ma\u00f1ana estar\u00e1.<\/p>\n<p style=\"text-align: justify;\">El dependiente se fue, y a poco volvi\u00f3 con orden de su due\u00f1o para recoger los pa\u00f1uelos a medio hacer, quit\u00e1ndoles el trabajo a aquellas infelices por el grave delito de tener coraz\u00f3n; porque los pobres, para cierta clase de gente no pueden tener ni a\u00fan sensibilidad. \u00bfQui\u00e9n dir\u00e1 que el rico comerciante es un alma perversa? Nadie; quiz\u00e1 cumple religiosamente con todos sus compromisos sociales, pero eso no le impide quitar el pan a una pobre y honrada familia, porque olvid\u00f3 un momento la esclavitud del hambre para sentir y llorar dominada por el sentimiento.<\/p>\n<p style=\"text-align: justify;\">F\u00edjate bien en este cuadro; es triste y solemne. La joven muerta parece que a\u00fan sonr\u00ede a las amigas de su ni\u00f1ez; \u00e9stas la contemplan sin recordar que son pobres, pero de pronto ven que les arrebatan su trabajo, y quiz\u00e1s entonces dir\u00edan mirando el cad\u00e1ver, \u00a1Dichosa t\u00fa, ya no tienes que luchar con las miserias de la vida!&#8230;<\/p>\n<p style=\"text-align: justify;\">\u00bfNo te parece hermana m\u00eda, que no vale la pena llorar por dejar un planeta, donde los pobres no tienen ni a\u00fan el derecho de ser buenos?<\/p>\n<p style=\"text-align: justify;\">Pero sigamos andando, entremos en otra habitaci\u00f3n donde hay dos camas separadas la una de la otra. Una anciana duerme en una de ellas, en la otra se acuesta una joven. Una mujer de edad mediana se pasea por la habitaci\u00f3n, da vueltas sin concierto, se sienta, se levanta, llora, suspira con el m\u00e1s profundo desconsuelo, es la verdadera imagen del dolor.<\/p>\n<p style=\"text-align: justify;\">\u00a1Madre! \u00bfQu\u00e9 tienes? Le pregunta la joven.<\/p>\n<p style=\"text-align: justify;\">\u00a1Qu\u00e9 he de tener! Que la abuela creo se muere esta noche, y se acerca a su lecho y se queda mirando a la anciana con profunda ansiedad.<\/p>\n<p style=\"text-align: justify;\">\u00a1Qu\u00e9 se ha de morir! Contesta la joven cubri\u00e9ndose con la colcha, t\u00fa ves visiones; vaya, buenas noches, que tengo mucho sue\u00f1o, y Laura se durmi\u00f3 tranquilamente.<\/p>\n<p style=\"text-align: justify;\">La madre le mir\u00f3 con \u00edntimo sentimiento y se sent\u00f3 al lado de la anciana, que iba terminando su vivir poco a poco.<\/p>\n<p style=\"text-align: justify;\">Contempla con atenci\u00f3n este cuadro, Prudencia, que por cierto es muy edificante. \u00bfNo es verdad que hace da\u00f1o ver junto a un moribundo otro ser que duerme profundamente, sin d\u00e1rsele un bledo de que en aquellos instantes deja la Tierra una persona que la llev\u00f3 en sus brazos, que vel\u00f3 su sue\u00f1o, que la acarici\u00f3 toda su vida, con esa suprema ternura con que los abuelos saben querer a sus nietos? Y en esa hora terrible, en esa<\/p>\n<p style=\"text-align: justify;\">a solemne despedida, en esos momentos tan cr\u00edticos y tan angustiosos en que el Esp\u00edritu se desprende de la materia, rompiendo todas las fibras del organismo, en esa crisis decisiva. \u00bfNo es verdad que es inhumano entregarse al sue\u00f1o, teniendo a su lado dos seres que sufren en aquellos instantes, el dolor m\u00e1s grande que se sufre en la Tierra? Pues, sin embargo, aquella joven durmi\u00f3 con el sue\u00f1o tan tranquilo y tan profundo, que cuando algunas horas despu\u00e9s su pobre madre la llam\u00f3 diciendo con angustioso llanto: \u00a1Laura, Laura! La abuela se muere, \u00bfOyes? Despierta por Dios, se muere, \u00bfMe entiendes? Se muere; \u00a1Despierta Laura, despierta, hija m\u00eda!<\/p>\n<p style=\"text-align: justify;\">Laura abri\u00f3 los ojos se dio la vuelta, y volvi\u00f3 a dormirse, dejando a la madre aterrada entre los dos cad\u00e1veres, pues para ella tan muerta estaba su hija como su madre. Si un ser no nos responde en los momentos de agon\u00eda \u00bfPara qu\u00e9 sirve aquella vida?<\/p>\n<p style=\"text-align: justify;\">Ya ves, Prudencia, que buena es la humanidad, y esto en el fondo del hogar dom\u00e9stico, en la vida \u00edntima que pasa desapercibida; historia secreta que no deja huellas visibles, pero que, sin embargo el crimen existe, la desuni\u00f3n de la familia no tiene un castigo se\u00f1alado por las leyes humanas, y no obstante la indiferencia es el gusano roedor que mina la base de la sociedad.<\/p>\n<p style=\"text-align: justify;\">Sigamos nuestro viaje, entremos en otro aposento donde ver\u00e9is dos hombres y una mujer; uno de ellos est\u00e1 echado en su lecho; el otro \u00edntimo amigo suyo, lo mira con pena porque comprende que va a morir. La mujer, hermana del moribundo, tambi\u00e9n habla al enfermo y lo acaricia con la mayor ternura, y \u00e9ste muere tranquilo en los brazos del amigo y de su hermana; pero al convencerse ella de que su hermano hab\u00eda muerto, corri\u00f3 desalentada al fondo del sal\u00f3n y pareci\u00f3 postrarse en tierra.<\/p>\n<p style=\"text-align: justify;\">El amigo vio esta acci\u00f3n, crey\u00f3 muy natural dejar el cad\u00e1ver y atender a la pobre joven que parec\u00eda vencida por el dolor; se acerc\u00f3 con profundo inter\u00e9s a ella y no la encontr\u00f3 sin sentido como \u00e9l esperaba, sino que la vio afanosa extrayendo de un cofrecito las mejores alhajas que pertenec\u00edan al difunto.<\/p>\n<p style=\"text-align: justify;\">Siempre es repugnable el robo; pero ante el cad\u00e1ver de una persona querida es a\u00fan m\u00e1s repugnante, mucho m\u00e1s criminal.<\/p>\n<p style=\"text-align: justify;\">Bien dijo un Esp\u00edritu cuando denomin\u00f3 a este planeta \u201cnido de v\u00edboras\u201d, porque si bien hay honrosas y a\u00fan santas excepciones, la generalidad no tiene sentimientos.<\/p>\n<p style=\"text-align: justify;\">\u00bfQu\u00e9 me dices, hermana m\u00eda? \u00bfNo es verdad que esta vida tiene detalles deliciosos? \u00bfNo es verdad que debemos sentir dejar tan amable compa\u00f1\u00eda?<\/p>\n<p style=\"text-align: justify;\">Siempre debemos resignarnos con lo que hemos merecido, pero si alguna vez lloras, llora, no por dejar la Tierra, llora, s\u00ed, llora a mares por pertenecer a\u00fan a esta miserable humanidad. Lee en el libro de la familia, Prudencia, estudia esa historia que no se escribe, y ver\u00e1s escenas que te dejar\u00e1n helada.<\/p>\n<p style=\"text-align: justify;\">Hace muchos a\u00f1os que hablando con un t\u00edtulo de Castilla, le dije: \u00a1Qu\u00e9 l\u00e1stima que no tenga Ud. hijos! \u00c9l me mir\u00f3 sonriendo amargamente y dijo con frialdad: no me hace falta porque as\u00ed me evito dejar en el mundo unos cuantos ingratos. Entonces yo no comprend\u00eda a la humanidad como ahora la comprendo, y la r\u00e9plica del noble me hizo mucho da\u00f1o; mas hoy, hermana m\u00eda, recuerdo aquel arist\u00f3crata y veo que desgraciadamente dec\u00eda una gran verdad.<\/p>\n<p style=\"text-align: justify;\">Por eso al verte llorar me has hecho sentir, pensar, y escribir unas cuantas l\u00edneas para decirte:<\/p>\n<p style=\"text-align: justify;\">\u00a1No llores nunca por dejar la Tierra! \u00bfPor acaso lloran los soldados cuando les dan la licencia absoluta? \u00bfLloran los penados cuando cumplen sus condenas? Creo que muy al contrario, r\u00eden y cantan alegremente. Pues entonces los espiritistas \u00bfQu\u00e9 debemos hacer cuando creemos que legalmente vamos a dejar la Tierra? Debemos bendecir a Dios con toda la efusi\u00f3n de nuestra alma agradecida, y si lloramos, que no sea dominados por la pena, sino reconocidos por la gratitud.<\/p>\n<p style=\"text-align: justify;\">\u00bfComprendes hermana m\u00eda? No llores con angustia cuando creas que vas a morir: la humanidad no merece tus l\u00e1grimas. Compad\u00e9cela, ruega por ella, pero bendice la hora en que debes dejarla, porque es la prueba evidente de que termin\u00f3 tu expiaci\u00f3n.<\/p>\n<p style=\"text-align: right;\"><span style=\"color: #ffffff;\">LLORAR POR DEJAR LA TIERRA por:<\/span> Amalia Domingo Soler<\/p>\n","protected":false},"excerpt":{"rendered":"<p>Querida Prudencia: hace alg\u00fan tiempo supe que un ser ignorante te hab\u00eda vaticinado tu desaparici\u00f3n de la Tierra dentro de un breve plazo, y t\u00fa que al recibir tal noticia lloraste amargamente pensando que pronto ibas a dejar tu envoltura material. Hay un refr\u00e1n que dice: \u201cOjos que no ven, coraz\u00f3n que no llora\u201d y [&hellip;]<\/p>\n","protected":false},"author":2,"featured_media":8465,"comment_status":"open","ping_status":"open","sticky":false,"template":"","format":"standard","meta":{"tdm_status":"","tdm_grid_status":"","footnotes":""},"categories":[3589],"tags":[],"ppma_author":[396],"class_list":{"0":"post-8462","1":"post","2":"type-post","3":"status-publish","4":"format-standard","5":"has-post-thumbnail","7":"category-amalia-domingo-soler"},"yoast_head":"<!-- This site is optimized with the Yoast SEO plugin v27.7 - https:\/\/yoast.com\/product\/yoast-seo-wordpress\/ -->\n<title>LLORAR POR DEJAR LA TIERRA | AMALIA DOMINGO SOLER | APC<\/title>\n<meta name=\"description\" content=\"LLORAR POR DEJAR LA TIERRA. Querida Prudencia: hace alg\u00fan tiempo supe que un ser ignorante te hab\u00eda vaticinado tu desaparici\u00f3n de la Tierra dentro de un...\" \/>\n<meta name=\"robots\" content=\"index, follow, max-snippet:-1, max-image-preview:large, max-video-preview:-1\" \/>\n<link rel=\"canonical\" href=\"https:\/\/amorpazycaridad.es\/llorar-por-dejar-la-tierra\/\" \/>\n<meta property=\"og:locale\" content=\"es_ES\" \/>\n<meta property=\"og:type\" content=\"article\" \/>\n<meta property=\"og:title\" content=\"LLORAR POR DEJAR LA TIERRA | AMALIA DOMINGO SOLER | APC\" \/>\n<meta property=\"og:description\" content=\"LLORAR POR DEJAR LA TIERRA. Querida Prudencia: hace alg\u00fan tiempo supe que un ser ignorante te hab\u00eda vaticinado tu desaparici\u00f3n de la Tierra dentro de un...\" \/>\n<meta property=\"og:url\" content=\"https:\/\/amorpazycaridad.es\/llorar-por-dejar-la-tierra\/\" \/>\n<meta property=\"og:site_name\" content=\"Amor, paz caridad\" \/>\n<meta property=\"article:publisher\" content=\"http:\/\/www.facebook.com\/pages\/Amor-paz-y-caridad\/1594978604096866\" \/>\n<meta property=\"article:published_time\" content=\"2017-10-30T04:25:30+00:00\" \/>\n<meta property=\"og:image\" content=\"https:\/\/amorpazycaridad.es\/wp-content\/uploads\/2017\/10\/llanto.jpg\" \/>\n\t<meta property=\"og:image:width\" content=\"750\" \/>\n\t<meta property=\"og:image:height\" content=\"350\" \/>\n\t<meta property=\"og:image:type\" content=\"image\/jpeg\" \/>\n<meta name=\"author\" content=\"Redaccion\" \/>\n<meta name=\"twitter:card\" content=\"summary_large_image\" \/>\n<meta name=\"twitter:creator\" content=\"@amorpazycaridad\" \/>\n<meta name=\"twitter:site\" content=\"@amorpazycaridad\" \/>\n<meta name=\"twitter:label1\" content=\"Escrito por\" \/>\n\t<meta name=\"twitter:data1\" content=\"Redacci\u00f3n\" \/>\n\t<meta name=\"twitter:label2\" content=\"Tiempo de lectura\" \/>\n\t<meta name=\"twitter:data2\" content=\"11 minutos\" \/>\n<script type=\"application\/ld+json\" class=\"yoast-schema-graph\">{\"@context\":\"https:\\\/\\\/schema.org\",\"@graph\":[{\"@type\":\"Article\",\"@id\":\"https:\\\/\\\/amorpazycaridad.es\\\/llorar-por-dejar-la-tierra\\\/#article\",\"isPartOf\":{\"@id\":\"https:\\\/\\\/amorpazycaridad.es\\\/llorar-por-dejar-la-tierra\\\/\"},\"author\":{\"name\":\"Redacci\u00f3n\",\"@id\":\"https:\\\/\\\/amorpazy-cp515.wordpresstemporal.com\\\/amorpazycaridad.es\\\/#\\\/schema\\\/person\\\/44cbc218f1b29f65390e7c8a4fd0c28d\"},\"headline\":\"LLORAR POR DEJAR LA TIERRA\",\"datePublished\":\"2017-10-30T04:25:30+00:00\",\"mainEntityOfPage\":{\"@id\":\"https:\\\/\\\/amorpazycaridad.es\\\/llorar-por-dejar-la-tierra\\\/\"},\"wordCount\":2184,\"commentCount\":0,\"publisher\":{\"@id\":\"https:\\\/\\\/amorpazy-cp515.wordpresstemporal.com\\\/amorpazycaridad.es\\\/#organization\"},\"image\":{\"@id\":\"https:\\\/\\\/amorpazycaridad.es\\\/llorar-por-dejar-la-tierra\\\/#primaryimage\"},\"thumbnailUrl\":\"https:\\\/\\\/amorpazy-cp515.wordpresstemporal.com\\\/amorpazycaridad.es\\\/wp-content\\\/uploads\\\/2017\\\/10\\\/llanto.jpg\",\"articleSection\":[\"Amalia Domingo Soler\"],\"inLanguage\":\"es\",\"potentialAction\":[{\"@type\":\"CommentAction\",\"name\":\"Comment\",\"target\":[\"https:\\\/\\\/amorpazycaridad.es\\\/llorar-por-dejar-la-tierra\\\/#respond\"]}]},{\"@type\":\"WebPage\",\"@id\":\"https:\\\/\\\/amorpazycaridad.es\\\/llorar-por-dejar-la-tierra\\\/\",\"url\":\"https:\\\/\\\/amorpazycaridad.es\\\/llorar-por-dejar-la-tierra\\\/\",\"name\":\"LLORAR POR DEJAR LA TIERRA | AMALIA DOMINGO SOLER | APC\",\"isPartOf\":{\"@id\":\"https:\\\/\\\/amorpazy-cp515.wordpresstemporal.com\\\/amorpazycaridad.es\\\/#website\"},\"primaryImageOfPage\":{\"@id\":\"https:\\\/\\\/amorpazycaridad.es\\\/llorar-por-dejar-la-tierra\\\/#primaryimage\"},\"image\":{\"@id\":\"https:\\\/\\\/amorpazycaridad.es\\\/llorar-por-dejar-la-tierra\\\/#primaryimage\"},\"thumbnailUrl\":\"https:\\\/\\\/amorpazy-cp515.wordpresstemporal.com\\\/amorpazycaridad.es\\\/wp-content\\\/uploads\\\/2017\\\/10\\\/llanto.jpg\",\"datePublished\":\"2017-10-30T04:25:30+00:00\",\"description\":\"LLORAR POR DEJAR LA TIERRA. Querida Prudencia: hace alg\u00fan tiempo supe que un ser ignorante te hab\u00eda vaticinado tu desaparici\u00f3n de la Tierra dentro de un...\",\"breadcrumb\":{\"@id\":\"https:\\\/\\\/amorpazycaridad.es\\\/llorar-por-dejar-la-tierra\\\/#breadcrumb\"},\"inLanguage\":\"es\",\"potentialAction\":[{\"@type\":\"ReadAction\",\"target\":[\"https:\\\/\\\/amorpazycaridad.es\\\/llorar-por-dejar-la-tierra\\\/\"]}]},{\"@type\":\"ImageObject\",\"inLanguage\":\"es\",\"@id\":\"https:\\\/\\\/amorpazycaridad.es\\\/llorar-por-dejar-la-tierra\\\/#primaryimage\",\"url\":\"https:\\\/\\\/amorpazy-cp515.wordpresstemporal.com\\\/amorpazycaridad.es\\\/wp-content\\\/uploads\\\/2017\\\/10\\\/llanto.jpg\",\"contentUrl\":\"https:\\\/\\\/amorpazy-cp515.wordpresstemporal.com\\\/amorpazycaridad.es\\\/wp-content\\\/uploads\\\/2017\\\/10\\\/llanto.jpg\",\"width\":750,\"height\":350,\"caption\":\"Llorar por dejar la tierra\"},{\"@type\":\"BreadcrumbList\",\"@id\":\"https:\\\/\\\/amorpazycaridad.es\\\/llorar-por-dejar-la-tierra\\\/#breadcrumb\",\"itemListElement\":[{\"@type\":\"ListItem\",\"position\":1,\"name\":\"Portada\",\"item\":\"https:\\\/\\\/amorpazy-cp515.wordpresstemporal.com\\\/amorpazycaridad.es\\\/\"},{\"@type\":\"ListItem\",\"position\":2,\"name\":\"LLORAR POR DEJAR LA TIERRA\"}]},{\"@type\":\"WebSite\",\"@id\":\"https:\\\/\\\/amorpazy-cp515.wordpresstemporal.com\\\/amorpazycaridad.es\\\/#website\",\"url\":\"https:\\\/\\\/amorpazy-cp515.wordpresstemporal.com\\\/amorpazycaridad.es\\\/\",\"name\":\"Amor, paz caridad\",\"description\":\"Conocimiento espiritual, espiritismo, espiritualismo, leyes universales, m\u00e1s all\u00e1, vida despu\u00e9s de la vida,\",\"publisher\":{\"@id\":\"https:\\\/\\\/amorpazy-cp515.wordpresstemporal.com\\\/amorpazycaridad.es\\\/#organization\"},\"potentialAction\":[{\"@type\":\"SearchAction\",\"target\":{\"@type\":\"EntryPoint\",\"urlTemplate\":\"https:\\\/\\\/amorpazy-cp515.wordpresstemporal.com\\\/amorpazycaridad.es\\\/?s={search_term_string}\"},\"query-input\":{\"@type\":\"PropertyValueSpecification\",\"valueRequired\":true,\"valueName\":\"search_term_string\"}}],\"inLanguage\":\"es\"},{\"@type\":\"Organization\",\"@id\":\"https:\\\/\\\/amorpazy-cp515.wordpresstemporal.com\\\/amorpazycaridad.es\\\/#organization\",\"name\":\"Asociaci\u00f3n de Estudios Espirituales Grupo Villena\",\"url\":\"https:\\\/\\\/amorpazy-cp515.wordpresstemporal.com\\\/amorpazycaridad.es\\\/\",\"logo\":{\"@type\":\"ImageObject\",\"inLanguage\":\"es\",\"@id\":\"https:\\\/\\\/amorpazy-cp515.wordpresstemporal.com\\\/amorpazycaridad.es\\\/#\\\/schema\\\/logo\\\/image\\\/\",\"url\":\"https:\\\/\\\/amorpazycaridad.es\\\/wp-content\\\/uploads\\\/2015\\\/01\\\/logo-fav-e1420247830294.jpg\",\"contentUrl\":\"https:\\\/\\\/amorpazycaridad.es\\\/wp-content\\\/uploads\\\/2015\\\/01\\\/logo-fav-e1420247830294.jpg\",\"width\":144,\"height\":144,\"caption\":\"Asociaci\u00f3n de Estudios Espirituales Grupo Villena\"},\"image\":{\"@id\":\"https:\\\/\\\/amorpazy-cp515.wordpresstemporal.com\\\/amorpazycaridad.es\\\/#\\\/schema\\\/logo\\\/image\\\/\"},\"sameAs\":[\"http:\\\/\\\/www.facebook.com\\\/pages\\\/Amor-paz-y-caridad\\\/1594978604096866\",\"https:\\\/\\\/x.com\\\/amorpazycaridad\",\"https:\\\/\\\/es.pinterest.com\\\/amorpazycaridad\\\/\",\"https:\\\/\\\/www.youtube.com\\\/channel\\\/UC1GvDIDCLoL02SzOD7NJdrA\"]},{\"@type\":\"Person\",\"@id\":\"https:\\\/\\\/amorpazy-cp515.wordpresstemporal.com\\\/amorpazycaridad.es\\\/#\\\/schema\\\/person\\\/44cbc218f1b29f65390e7c8a4fd0c28d\",\"name\":\"Redacci\u00f3n\",\"image\":{\"@type\":\"ImageObject\",\"inLanguage\":\"es\",\"@id\":\"https:\\\/\\\/amorpazycaridad.es\\\/wp-content\\\/uploads\\\/2015\\\/01\\\/icono-114-96x96.jpg73ca1ff604f9e7c7607bbbfa84b61c44\",\"url\":\"https:\\\/\\\/amorpazycaridad.es\\\/wp-content\\\/uploads\\\/2015\\\/01\\\/icono-114-96x96.jpg\",\"contentUrl\":\"https:\\\/\\\/amorpazycaridad.es\\\/wp-content\\\/uploads\\\/2015\\\/01\\\/icono-114-96x96.jpg\",\"caption\":\"Redacci\u00f3n\"},\"sameAs\":[\"http:\\\/\\\/www.amorpazycaridad.com\"],\"url\":\"https:\\\/\\\/amorpazy-cp515.wordpresstemporal.com\\\/amorpazycaridad.es\\\/author\\\/redaccion\\\/\"}]}<\/script>\n<!-- \/ Yoast SEO plugin. -->","yoast_head_json":{"title":"LLORAR POR DEJAR LA TIERRA | AMALIA DOMINGO SOLER | APC","description":"LLORAR POR DEJAR LA TIERRA. Querida Prudencia: hace alg\u00fan tiempo supe que un ser ignorante te hab\u00eda vaticinado tu desaparici\u00f3n de la Tierra dentro de un...","robots":{"index":"index","follow":"follow","max-snippet":"max-snippet:-1","max-image-preview":"max-image-preview:large","max-video-preview":"max-video-preview:-1"},"canonical":"https:\/\/amorpazycaridad.es\/llorar-por-dejar-la-tierra\/","og_locale":"es_ES","og_type":"article","og_title":"LLORAR POR DEJAR LA TIERRA | AMALIA DOMINGO SOLER | APC","og_description":"LLORAR POR DEJAR LA TIERRA. Querida Prudencia: hace alg\u00fan tiempo supe que un ser ignorante te hab\u00eda vaticinado tu desaparici\u00f3n de la Tierra dentro de un...","og_url":"https:\/\/amorpazycaridad.es\/llorar-por-dejar-la-tierra\/","og_site_name":"Amor, paz caridad","article_publisher":"http:\/\/www.facebook.com\/pages\/Amor-paz-y-caridad\/1594978604096866","article_published_time":"2017-10-30T04:25:30+00:00","og_image":[{"width":750,"height":350,"url":"https:\/\/amorpazycaridad.es\/wp-content\/uploads\/2017\/10\/llanto.jpg","type":"image\/jpeg"}],"author":"Redaccion","twitter_card":"summary_large_image","twitter_creator":"@amorpazycaridad","twitter_site":"@amorpazycaridad","twitter_misc":{"Escrito por":"Redacci\u00f3n","Tiempo de lectura":"11 minutos"},"schema":{"@context":"https:\/\/schema.org","@graph":[{"@type":"Article","@id":"https:\/\/amorpazycaridad.es\/llorar-por-dejar-la-tierra\/#article","isPartOf":{"@id":"https:\/\/amorpazycaridad.es\/llorar-por-dejar-la-tierra\/"},"author":{"name":"Redacci\u00f3n","@id":"https:\/\/amorpazy-cp515.wordpresstemporal.com\/amorpazycaridad.es\/#\/schema\/person\/44cbc218f1b29f65390e7c8a4fd0c28d"},"headline":"LLORAR POR DEJAR LA TIERRA","datePublished":"2017-10-30T04:25:30+00:00","mainEntityOfPage":{"@id":"https:\/\/amorpazycaridad.es\/llorar-por-dejar-la-tierra\/"},"wordCount":2184,"commentCount":0,"publisher":{"@id":"https:\/\/amorpazy-cp515.wordpresstemporal.com\/amorpazycaridad.es\/#organization"},"image":{"@id":"https:\/\/amorpazycaridad.es\/llorar-por-dejar-la-tierra\/#primaryimage"},"thumbnailUrl":"https:\/\/amorpazy-cp515.wordpresstemporal.com\/amorpazycaridad.es\/wp-content\/uploads\/2017\/10\/llanto.jpg","articleSection":["Amalia Domingo Soler"],"inLanguage":"es","potentialAction":[{"@type":"CommentAction","name":"Comment","target":["https:\/\/amorpazycaridad.es\/llorar-por-dejar-la-tierra\/#respond"]}]},{"@type":"WebPage","@id":"https:\/\/amorpazycaridad.es\/llorar-por-dejar-la-tierra\/","url":"https:\/\/amorpazycaridad.es\/llorar-por-dejar-la-tierra\/","name":"LLORAR POR DEJAR LA TIERRA | AMALIA DOMINGO SOLER | APC","isPartOf":{"@id":"https:\/\/amorpazy-cp515.wordpresstemporal.com\/amorpazycaridad.es\/#website"},"primaryImageOfPage":{"@id":"https:\/\/amorpazycaridad.es\/llorar-por-dejar-la-tierra\/#primaryimage"},"image":{"@id":"https:\/\/amorpazycaridad.es\/llorar-por-dejar-la-tierra\/#primaryimage"},"thumbnailUrl":"https:\/\/amorpazy-cp515.wordpresstemporal.com\/amorpazycaridad.es\/wp-content\/uploads\/2017\/10\/llanto.jpg","datePublished":"2017-10-30T04:25:30+00:00","description":"LLORAR POR DEJAR LA TIERRA. Querida Prudencia: hace alg\u00fan tiempo supe que un ser ignorante te hab\u00eda vaticinado tu desaparici\u00f3n de la Tierra dentro de un...","breadcrumb":{"@id":"https:\/\/amorpazycaridad.es\/llorar-por-dejar-la-tierra\/#breadcrumb"},"inLanguage":"es","potentialAction":[{"@type":"ReadAction","target":["https:\/\/amorpazycaridad.es\/llorar-por-dejar-la-tierra\/"]}]},{"@type":"ImageObject","inLanguage":"es","@id":"https:\/\/amorpazycaridad.es\/llorar-por-dejar-la-tierra\/#primaryimage","url":"https:\/\/amorpazy-cp515.wordpresstemporal.com\/amorpazycaridad.es\/wp-content\/uploads\/2017\/10\/llanto.jpg","contentUrl":"https:\/\/amorpazy-cp515.wordpresstemporal.com\/amorpazycaridad.es\/wp-content\/uploads\/2017\/10\/llanto.jpg","width":750,"height":350,"caption":"Llorar por dejar la tierra"},{"@type":"BreadcrumbList","@id":"https:\/\/amorpazycaridad.es\/llorar-por-dejar-la-tierra\/#breadcrumb","itemListElement":[{"@type":"ListItem","position":1,"name":"Portada","item":"https:\/\/amorpazy-cp515.wordpresstemporal.com\/amorpazycaridad.es\/"},{"@type":"ListItem","position":2,"name":"LLORAR POR DEJAR LA TIERRA"}]},{"@type":"WebSite","@id":"https:\/\/amorpazy-cp515.wordpresstemporal.com\/amorpazycaridad.es\/#website","url":"https:\/\/amorpazy-cp515.wordpresstemporal.com\/amorpazycaridad.es\/","name":"Amor, paz caridad","description":"Conocimiento espiritual, espiritismo, espiritualismo, leyes universales, m\u00e1s all\u00e1, vida despu\u00e9s de la vida,","publisher":{"@id":"https:\/\/amorpazy-cp515.wordpresstemporal.com\/amorpazycaridad.es\/#organization"},"potentialAction":[{"@type":"SearchAction","target":{"@type":"EntryPoint","urlTemplate":"https:\/\/amorpazy-cp515.wordpresstemporal.com\/amorpazycaridad.es\/?s={search_term_string}"},"query-input":{"@type":"PropertyValueSpecification","valueRequired":true,"valueName":"search_term_string"}}],"inLanguage":"es"},{"@type":"Organization","@id":"https:\/\/amorpazy-cp515.wordpresstemporal.com\/amorpazycaridad.es\/#organization","name":"Asociaci\u00f3n de Estudios Espirituales Grupo Villena","url":"https:\/\/amorpazy-cp515.wordpresstemporal.com\/amorpazycaridad.es\/","logo":{"@type":"ImageObject","inLanguage":"es","@id":"https:\/\/amorpazy-cp515.wordpresstemporal.com\/amorpazycaridad.es\/#\/schema\/logo\/image\/","url":"https:\/\/amorpazycaridad.es\/wp-content\/uploads\/2015\/01\/logo-fav-e1420247830294.jpg","contentUrl":"https:\/\/amorpazycaridad.es\/wp-content\/uploads\/2015\/01\/logo-fav-e1420247830294.jpg","width":144,"height":144,"caption":"Asociaci\u00f3n de Estudios Espirituales Grupo Villena"},"image":{"@id":"https:\/\/amorpazy-cp515.wordpresstemporal.com\/amorpazycaridad.es\/#\/schema\/logo\/image\/"},"sameAs":["http:\/\/www.facebook.com\/pages\/Amor-paz-y-caridad\/1594978604096866","https:\/\/x.com\/amorpazycaridad","https:\/\/es.pinterest.com\/amorpazycaridad\/","https:\/\/www.youtube.com\/channel\/UC1GvDIDCLoL02SzOD7NJdrA"]},{"@type":"Person","@id":"https:\/\/amorpazy-cp515.wordpresstemporal.com\/amorpazycaridad.es\/#\/schema\/person\/44cbc218f1b29f65390e7c8a4fd0c28d","name":"Redacci\u00f3n","image":{"@type":"ImageObject","inLanguage":"es","@id":"https:\/\/amorpazycaridad.es\/wp-content\/uploads\/2015\/01\/icono-114-96x96.jpg73ca1ff604f9e7c7607bbbfa84b61c44","url":"https:\/\/amorpazycaridad.es\/wp-content\/uploads\/2015\/01\/icono-114-96x96.jpg","contentUrl":"https:\/\/amorpazycaridad.es\/wp-content\/uploads\/2015\/01\/icono-114-96x96.jpg","caption":"Redacci\u00f3n"},"sameAs":["http:\/\/www.amorpazycaridad.com"],"url":"https:\/\/amorpazy-cp515.wordpresstemporal.com\/amorpazycaridad.es\/author\/redaccion\/"}]}},"authors":[{"term_id":396,"user_id":0,"is_guest":1,"slug":"cap-redaccion","display_name":"Redaccion","avatar_url":"https:\/\/secure.gravatar.com\/avatar\/?s=96&d=mm&r=g","0":null,"1":"","2":"","3":"","4":"","5":"","6":"","7":"","8":""}],"_links":{"self":[{"href":"https:\/\/amorpazy-cp515.wordpresstemporal.com\/amorpazycaridad.es\/wp-json\/wp\/v2\/posts\/8462","targetHints":{"allow":["GET"]}}],"collection":[{"href":"https:\/\/amorpazy-cp515.wordpresstemporal.com\/amorpazycaridad.es\/wp-json\/wp\/v2\/posts"}],"about":[{"href":"https:\/\/amorpazy-cp515.wordpresstemporal.com\/amorpazycaridad.es\/wp-json\/wp\/v2\/types\/post"}],"author":[{"embeddable":true,"href":"https:\/\/amorpazy-cp515.wordpresstemporal.com\/amorpazycaridad.es\/wp-json\/wp\/v2\/users\/2"}],"replies":[{"embeddable":true,"href":"https:\/\/amorpazy-cp515.wordpresstemporal.com\/amorpazycaridad.es\/wp-json\/wp\/v2\/comments?post=8462"}],"version-history":[{"count":2,"href":"https:\/\/amorpazy-cp515.wordpresstemporal.com\/amorpazycaridad.es\/wp-json\/wp\/v2\/posts\/8462\/revisions"}],"predecessor-version":[{"id":8464,"href":"https:\/\/amorpazy-cp515.wordpresstemporal.com\/amorpazycaridad.es\/wp-json\/wp\/v2\/posts\/8462\/revisions\/8464"}],"wp:featuredmedia":[{"embeddable":true,"href":"https:\/\/amorpazy-cp515.wordpresstemporal.com\/amorpazycaridad.es\/wp-json\/wp\/v2\/media\/8465"}],"wp:attachment":[{"href":"https:\/\/amorpazy-cp515.wordpresstemporal.com\/amorpazycaridad.es\/wp-json\/wp\/v2\/media?parent=8462"}],"wp:term":[{"taxonomy":"category","embeddable":true,"href":"https:\/\/amorpazy-cp515.wordpresstemporal.com\/amorpazycaridad.es\/wp-json\/wp\/v2\/categories?post=8462"},{"taxonomy":"post_tag","embeddable":true,"href":"https:\/\/amorpazy-cp515.wordpresstemporal.com\/amorpazycaridad.es\/wp-json\/wp\/v2\/tags?post=8462"},{"taxonomy":"author","embeddable":true,"href":"https:\/\/amorpazy-cp515.wordpresstemporal.com\/amorpazycaridad.es\/wp-json\/wp\/v2\/ppma_author?post=8462"}],"curies":[{"name":"wp","href":"https:\/\/api.w.org\/{rel}","templated":true}]}}