{"id":7620,"date":"2017-04-21T07:01:18","date_gmt":"2017-04-21T05:01:18","guid":{"rendered":"https:\/\/amorpazycaridad.es\/?p=7620"},"modified":"2019-06-03T10:43:00","modified_gmt":"2019-06-03T08:43:00","slug":"el-dolor-companero-de-redencion","status":"publish","type":"post","link":"https:\/\/amorpazy-cp515.wordpresstemporal.com\/amorpazycaridad.es\/el-dolor-companero-de-redencion\/","title":{"rendered":"EL DOLOR COMPA\u00d1ERO DE REDENCI\u00d3N"},"content":{"rendered":"<p style=\"text-align: justify;\">El objetivo en la vida es llegar a ser feliz. En los primeros a\u00f1os, durante la infancia, son nuestros padres los que tienen la responsabilidad de proporcionarnos los medios para que sea posible esa felicidad. Ya en la juventud y madurez somos nosotros mismos los que debemos conducirnos por los distintos caminos y posibilidades que nos proporciona la vida, escogiendo estudios, trabajo, u otras opciones personales, hacia la conquista de esa anhelada felicidad. Aunque muchos consiguen ser felices en algunos periodos de su vida, otros por m\u00e1s que lo intentan no lo consiguen nunca.<\/p>\n<p style=\"text-align: justify;\">Esto es debido a que estamos en un mundo todav\u00eda de fuerzas primitivas, esto es, que casi todos los que bajamos a este mundo, nos falta a\u00fan, un largo camino para llegar a la plenitud. Y bajamos con la esperanza de seguir conquistando las metas que nos proponemos y corregir los errores cometidos a lo largo de nuestras vidas pret\u00e9ritas. Aunque muchas veces nos entretenemos en situaciones que no s\u00f3lo, no nos ayudan a avanzar sino que nos entorpecen en el desarrollo de nuestro programa espiritual.<\/p>\n<p style=\"text-align: justify;\">Limpiar nuestro interior de todas esas manchas, impurezas, taras\u2026 lo logramos poni\u00e9ndonos previamente objetivos que nos comprometemos a alcanzar; \u00e9stos se traducen en pruebas, experiencias y vicisitudes a lo largo de la vida, dentro del programa espiritual que proyectamos, junto a hermanos espirituales superiores responsables de ayudarnos en dicha tarea. Con el programa confeccionado bajamos a la tierra, en el que tambi\u00e9n cuenta el bagaje de experiencias que traemos de existencias anteriores, y en donde tambi\u00e9n est\u00e1n los m\u00e9ritos y las cualidades desarrolladas, que estar\u00e1n presentes en el programa de recuperaci\u00f3n y realizaci\u00f3n que traemos al encarnar. Adem\u00e1s tenemos que contar con la asistencia espiritual que siempre tenemos a nuestro lado, que nos ayudan a sobrellevarlo, d\u00e1ndonos la inspiraci\u00f3n, el consuelo y la asistencia que podamos necesitar a lo largo de nuestra existencia corporal.<\/p>\n<p style=\"text-align: justify;\">Lo expuesto en el p\u00e1rrafo anterior explica, que las diferentes vidas por las que pasamos en la tierra son solidarias entre s\u00ed, puesto que tenemos distintas personalidades en las diferentes encarnaciones, pero el esp\u00edritu es el mismo, siendo el hilo conductor de todas ellas y el \u00fanico responsable de las acciones realizadas a lo largo de todas las encarnaciones vividas.<\/p>\n<p style=\"text-align: justify;\">Hoy en d\u00eda, el individualismo existente que impera en la sociedad aumenta, debido a una vida material f\u00e1cil, en donde todo est\u00e1 al alcance de la mano y al mismo tiempo, las normas morales se van relajando, dejando rienda suelta al \u201ctodo vale\u201d. Esto nos puede llevar por un camino de goces, placeres y ociosidad est\u00e9ril en el que la deuda se incrementar\u00eda m\u00e1s, al no aprovechar el tiempo en cosas positivas, edificantes, con el consiguiente par\u00f3n en nuestra evoluci\u00f3n.<\/p>\n<p style=\"text-align: justify;\">Una de las formas de las que se sirve la Providencia Divina para hacernos entender que esta forma de vida no es la correcta, es por medio del dolor. \u00c9ste se unir\u00e1 temporalmente a nosotros como un aliado, sensibiliz\u00e1ndonos. Se presentara en forma de enfermedades, sufrimiento y reveses en la vida, que en sus diversas vertientes ayudar\u00e1n a despertar estas conciencias adormecidas, que est\u00e1n transgrediendo la ley soberana del Amor.<\/p>\n<p style=\"text-align: justify;\">Cuando el materialismo prevalece sobre la espiritualidad, la conciencia del dolor se va diluyendo hasta perder su sentido profundo, real, que no es otro que el del rescate. La doctrina esp\u00edrita nos muestra el gran papel que tiene el dolor y el sufrimiento en nuestras vidas, ense\u00f1\u00e1ndonos la manera de admitirlo y aceptarlo como una consecuencia natural, como un reajuste del pasado. Nos ofrece tambi\u00e9n una visi\u00f3n del pasado y del futuro que nos aguarda, siempre desde una perspectiva de \u201ctransitoriedad de las aflicciones\u201d; es decir, sin pensar en penas eternas ni nada parecido. De ese modo, el dolor act\u00faa como un aliado en nuestro progreso evolutivo que sensibiliza el alma y nos despierta del letargo que nos produce la comodidad y la apat\u00eda en la que estamos. Nos hace reflexionar sobre nuestra situaci\u00f3n dolorosa. Si la aceptamos con valent\u00eda y con dignidad, acaba por darnos un nuevo enfoque a la vida. Ese dolor nos ense\u00f1a a ser constructivos y la esperanza en un mejor ma\u00f1ana se hace presente en nuestro interior; signo inequ\u00edvoco de que vamos por el buen camino, el de la redenci\u00f3n y la conquista.<\/p>\n<p style=\"text-align: justify;\">[infobox]\n<p style=\"text-align: justify;\"><strong>\u201cSi realmente no est\u00e1 en tus manos cambiar una situaci\u00f3n que te produce dolor, siempre podr\u00e1s escoger la actitud con que te enfrentes a ese sufrimiento.\u201d<\/strong><\/p>\n<p style=\"text-align: right;\">V. Frankl.<\/p>\n<p style=\"text-align: justify;\">[\/infobox]\n<p style=\"text-align: justify;\">\u00bfCu\u00e1l es su funci\u00f3n? Su funci\u00f3n concreta es la de ayudarnos a progresar espiritualmente. Por eso, aunque la ciencia estudia la forma de eliminarlo y avanza en el campo de la detenci\u00f3n del dolor hasta llegar a suprimirlo, como no se combaten las causas reales, aparecen nuevas enfermedades y con mayor intensidad.<\/p>\n<p style=\"text-align: justify;\">\u00bfPor qu\u00e9 sentimos dolor? La raz\u00f3n por la que lo sentimos, es ni m\u00e1s ni menos que por nuestra inferioridad moral, y ser\u00e1 parte integrante de nuestras vidas hasta que no superemos las imperfecciones morales, de los que somos \u00fanicos responsables, pues disfrutamos de un libre albedr\u00edo, que es la facultad de poder dirigir nuestra propia vida, y de la que tendremos que dar cuenta del buen o mal uso que hagamos de ella, por lo tanto si elegimos el camino del error, nos veremos en la necesidad de corregir o rescatar aquellas equivocaciones o sufrimientos ocasionados. Y es por medio de la enfermedad, el sufrimiento donde vamos recobrando poco a poco el equilibrio del bien, evitando caer en males o abusos mayores; cuando la misericordia divina as\u00ed lo considere oportuno.<\/p>\n<p style=\"text-align: justify;\">La ley de causa y efecto, reajusta el mal causado al punto de origen de donde parti\u00f3; es una ley de equilibrio en lo moral, y como todas las dem\u00e1s leyes que ha creado el Padre y que rigen la vida, act\u00faa de forma inquebrantable en las consecuencias surgidas por nuestra conducta, buena o mala, realizada a lo largo de las diferentes existencias vividas en la tierra, de las que somos responsables individuales. Y no solo devuelve el mal causado, sino que en las obras que realizamos con amor sentido, tambi\u00e9n tiene su consecuencia, y esta no es otra que el observar como crece la alegr\u00eda en nosotros, sintiendo el amor como inunda nuestro interior, cuando nos es devuelto con creces, el mismo amor que ofrecimos desinteresadamente. No hay que olvidar las palabras del Maestro: \u201cLa siembra es voluntaria, la cosecha es obligatoria.\u201d Y en esta ley es donde se cumple este aforismo.<\/p>\n<p style=\"text-align: justify;\">La ley de equilibrio dice: toda acci\u00f3n trae una reacci\u00f3n, por lo tanto es una ley que ayuda a la educaci\u00f3n y reparaci\u00f3n. Y \u00e9sta sin el dolor no ser\u00eda arm\u00f3nica. Sin duda las faltas, los errores del pasado hay que rescatarlas, por lo que nos condiciona el futuro. Debemos tener en cuenta que nuestro presente es el resultado de nuestro pasado. No busquemos fuera de nosotros las causas del dolor que padecemos, pues el origen est\u00e1 en nosotros. Son las taras morales las que no nos dejan obrar con un discernimiento claro, es el caso del ego\u00edsmo, el orgullo, el resentimiento, los celos, el odio, la maledicencia\u2026 Sin embargo, si somos capaces de desarrollar con trabajo serio y perseverante por medio de la voluntad y el an\u00e1lisis interno, las virtudes que tenemos guardadas, como pueden ser la generosidad, la humildad, la indulgencia, la caridad, la paciencia\u2026 conseguiremos ser mejores personas e ir\u00e1 brotando en nuestro interior el amor y la alegr\u00eda porque nuestro esp\u00edritu se ir\u00eda elevando.<\/p>\n<p style=\"text-align: justify;\">Toda acci\u00f3n que realicemos dirigida a nuestro pr\u00f3jimo, tiene unas consecuencias que nosotros no somos, por lo general, capaces de entender toda su dimensi\u00f3n. Es por esto que necesitamos tener tantas vidas para ir reparando los da\u00f1os causados y errores cometidos, a la par que aprendemos a perdonar las ofensas y perjuicios que recibimos.<\/p>\n<p style=\"text-align: justify;\">En el \u201cEvangelio seg\u00fan el Espiritismo\u201d cap. V, \u00edtem 6 podemos leer: \u201c\u00a1Bienaventurados los afligidos porque ellos ser\u00e1n consolados! Deb\u00e9is consideraros felices por sufrir, porque vuestros dolores de este mundo son la deuda que hab\u00e9is adquirido en vuestras pasadas faltas, y si con paciencia soport\u00e1is, en la Tierra, esos dolores, os ahorrareis siglos enteros de sufrimiento en la vida futura&#8230;\u201d<\/p>\n<p style=\"text-align: justify;\">A nadie nos gusta sentir dolor, pasar por una enfermedad, vivir vicisitudes que nos provocan sufrimiento, pero en la mayor\u00eda de los casos esas sensaciones y sentimientos, nos ayudan a crecer, a madurar espiritualmente, nos desarrolla el sentimiento de la compasi\u00f3n, solidaridad, nos despierta la empat\u00eda hacia los dem\u00e1s.<\/p>\n[infobox]\n<p style=\"text-align: center;\"><strong>\u201cLas lesiones, al igual que las llagas, las frustraciones y los defectos en nuestra forma externa, son remedios del alma que nosotros mismos hemos solicitado en la farmacia de Dios.\u201d<\/strong><\/p>\n<p style=\"text-align: right;\">El esp\u00edritu de Emmanuel psicografiado por Chico Xavier. En \u201cSiembra de los m\u00e9diums\u201d.<\/p>\n[\/infobox]\n<p style=\"text-align: right;\">Gloria Quel<\/p>\n<p style=\"text-align: right;\">\u00a92017 Amor, paz y caridad<\/p>\n","protected":false},"excerpt":{"rendered":"<p>El objetivo en la vida es llegar a ser feliz. En los primeros a\u00f1os, durante la infancia, son nuestros padres los que tienen la responsabilidad de proporcionarnos los medios para que sea posible esa felicidad. Ya en la juventud y madurez somos nosotros mismos los que debemos conducirnos por los distintos caminos y posibilidades que [&hellip;]<\/p>\n","protected":false},"author":103,"featured_media":7623,"comment_status":"open","ping_status":"open","sticky":false,"template":"","format":"standard","meta":{"tdm_status":"","tdm_grid_status":"","footnotes":""},"categories":[2303],"tags":[1318,624,1681,2165,990,609,2080,3392,878,422,2969,277,420],"ppma_author":[2317],"class_list":{"0":"post-7620","1":"post","2":"type-post","3":"status-publish","4":"format-standard","5":"has-post-thumbnail","7":"category-trabajo-interior","8":"tag-camino","9":"tag-dios","10":"tag-dolor","11":"tag-errores","12":"tag-experiencias","13":"tag-felicidad","14":"tag-ley-de-causa-y-efecto","15":"tag-ley-de-equilibrio","16":"tag-limpieza-interior","17":"tag-plenitud","18":"tag-pruebas","19":"tag-reencarnacion-2","20":"tag-vida"},"yoast_head":"<!-- This site is optimized with the Yoast SEO plugin v27.7 - https:\/\/yoast.com\/product\/yoast-seo-wordpress\/ -->\n<title>EL DOLOR COMPA\u00d1ERO DE REDENCI\u00d3N | AMOR, PAZ Y CARIDAD<\/title>\n<meta name=\"description\" content=\"El dolor compa\u00f1ero de redenci\u00f3n. El objetivo en la vida es llegar a ser feliz. En los primeros a\u00f1os, durante la infancia, son nuestros padres los que tienen\" \/>\n<meta name=\"robots\" content=\"index, follow, max-snippet:-1, max-image-preview:large, max-video-preview:-1\" \/>\n<link rel=\"canonical\" href=\"https:\/\/amorpazycaridad.es\/el-dolor-companero-de-redencion\/\" \/>\n<meta property=\"og:locale\" content=\"es_ES\" \/>\n<meta property=\"og:type\" content=\"article\" \/>\n<meta property=\"og:title\" content=\"EL DOLOR COMPA\u00d1ERO DE REDENCI\u00d3N | AMOR, PAZ Y CARIDAD\" \/>\n<meta property=\"og:description\" content=\"El dolor compa\u00f1ero de redenci\u00f3n. El objetivo en la vida es llegar a ser feliz. En los primeros a\u00f1os, durante la infancia, son nuestros padres los que tienen\" \/>\n<meta property=\"og:url\" content=\"https:\/\/amorpazycaridad.es\/el-dolor-companero-de-redencion\/\" \/>\n<meta property=\"og:site_name\" content=\"Amor, paz caridad\" \/>\n<meta property=\"article:publisher\" content=\"http:\/\/www.facebook.com\/pages\/Amor-paz-y-caridad\/1594978604096866\" \/>\n<meta property=\"article:published_time\" content=\"2017-04-21T05:01:18+00:00\" \/>\n<meta property=\"article:modified_time\" content=\"2019-06-03T08:43:00+00:00\" \/>\n<meta property=\"og:image\" content=\"https:\/\/amorpazycaridad.es\/wp-content\/uploads\/2017\/04\/dolor-companero.jpg\" \/>\n\t<meta property=\"og:image:width\" content=\"720\" \/>\n\t<meta property=\"og:image:height\" content=\"350\" \/>\n\t<meta property=\"og:image:type\" content=\"image\/jpeg\" \/>\n<meta name=\"author\" content=\"Gloria\" \/>\n<meta name=\"twitter:card\" content=\"summary_large_image\" \/>\n<meta name=\"twitter:creator\" content=\"@amorpazycaridad\" \/>\n<meta name=\"twitter:site\" content=\"@amorpazycaridad\" \/>\n<meta name=\"twitter:label1\" content=\"Escrito por\" \/>\n\t<meta name=\"twitter:data1\" content=\"Gloria Quel\" \/>\n\t<meta name=\"twitter:label2\" content=\"Tiempo de lectura\" \/>\n\t<meta name=\"twitter:data2\" content=\"8 minutos\" \/>\n<script type=\"application\/ld+json\" class=\"yoast-schema-graph\">{\"@context\":\"https:\\\/\\\/schema.org\",\"@graph\":[{\"@type\":\"Article\",\"@id\":\"https:\\\/\\\/amorpazycaridad.es\\\/el-dolor-companero-de-redencion\\\/#article\",\"isPartOf\":{\"@id\":\"https:\\\/\\\/amorpazycaridad.es\\\/el-dolor-companero-de-redencion\\\/\"},\"author\":{\"name\":\"Gloria Quel\",\"@id\":\"https:\\\/\\\/amorpazy-cp515.wordpresstemporal.com\\\/amorpazycaridad.es\\\/#\\\/schema\\\/person\\\/7987b988126ef78d53bc382530ad92c2\"},\"headline\":\"EL DOLOR COMPA\u00d1ERO DE REDENCI\u00d3N\",\"datePublished\":\"2017-04-21T05:01:18+00:00\",\"dateModified\":\"2019-06-03T08:43:00+00:00\",\"mainEntityOfPage\":{\"@id\":\"https:\\\/\\\/amorpazycaridad.es\\\/el-dolor-companero-de-redencion\\\/\"},\"wordCount\":1546,\"commentCount\":0,\"publisher\":{\"@id\":\"https:\\\/\\\/amorpazy-cp515.wordpresstemporal.com\\\/amorpazycaridad.es\\\/#organization\"},\"image\":{\"@id\":\"https:\\\/\\\/amorpazycaridad.es\\\/el-dolor-companero-de-redencion\\\/#primaryimage\"},\"thumbnailUrl\":\"https:\\\/\\\/amorpazy-cp515.wordpresstemporal.com\\\/amorpazycaridad.es\\\/wp-content\\\/uploads\\\/2017\\\/04\\\/dolor-companero.jpg\",\"keywords\":[\"Camino\",\"Dios\",\"dolor\",\"Errores\",\"experiencias\",\"felicidad\",\"ley de causa y efecto\",\"Ley de equilibrio\",\"Limpieza interior\",\"Plenitud\",\"pruebas\",\"Reencarnaci\u00f3n\",\"vida\"],\"articleSection\":[\"Trabajo Interior\"],\"inLanguage\":\"es\",\"potentialAction\":[{\"@type\":\"CommentAction\",\"name\":\"Comment\",\"target\":[\"https:\\\/\\\/amorpazycaridad.es\\\/el-dolor-companero-de-redencion\\\/#respond\"]}]},{\"@type\":\"WebPage\",\"@id\":\"https:\\\/\\\/amorpazycaridad.es\\\/el-dolor-companero-de-redencion\\\/\",\"url\":\"https:\\\/\\\/amorpazycaridad.es\\\/el-dolor-companero-de-redencion\\\/\",\"name\":\"EL DOLOR COMPA\u00d1ERO DE REDENCI\u00d3N | AMOR, PAZ Y CARIDAD\",\"isPartOf\":{\"@id\":\"https:\\\/\\\/amorpazy-cp515.wordpresstemporal.com\\\/amorpazycaridad.es\\\/#website\"},\"primaryImageOfPage\":{\"@id\":\"https:\\\/\\\/amorpazycaridad.es\\\/el-dolor-companero-de-redencion\\\/#primaryimage\"},\"image\":{\"@id\":\"https:\\\/\\\/amorpazycaridad.es\\\/el-dolor-companero-de-redencion\\\/#primaryimage\"},\"thumbnailUrl\":\"https:\\\/\\\/amorpazy-cp515.wordpresstemporal.com\\\/amorpazycaridad.es\\\/wp-content\\\/uploads\\\/2017\\\/04\\\/dolor-companero.jpg\",\"datePublished\":\"2017-04-21T05:01:18+00:00\",\"dateModified\":\"2019-06-03T08:43:00+00:00\",\"description\":\"El dolor compa\u00f1ero de redenci\u00f3n. El objetivo en la vida es llegar a ser feliz. En los primeros a\u00f1os, durante la infancia, son nuestros padres los que tienen\",\"breadcrumb\":{\"@id\":\"https:\\\/\\\/amorpazycaridad.es\\\/el-dolor-companero-de-redencion\\\/#breadcrumb\"},\"inLanguage\":\"es\",\"potentialAction\":[{\"@type\":\"ReadAction\",\"target\":[\"https:\\\/\\\/amorpazycaridad.es\\\/el-dolor-companero-de-redencion\\\/\"]}]},{\"@type\":\"ImageObject\",\"inLanguage\":\"es\",\"@id\":\"https:\\\/\\\/amorpazycaridad.es\\\/el-dolor-companero-de-redencion\\\/#primaryimage\",\"url\":\"https:\\\/\\\/amorpazy-cp515.wordpresstemporal.com\\\/amorpazycaridad.es\\\/wp-content\\\/uploads\\\/2017\\\/04\\\/dolor-companero.jpg\",\"contentUrl\":\"https:\\\/\\\/amorpazy-cp515.wordpresstemporal.com\\\/amorpazycaridad.es\\\/wp-content\\\/uploads\\\/2017\\\/04\\\/dolor-companero.jpg\",\"width\":720,\"height\":350,\"caption\":\"El dolor compa\u00f1ero de redenci\u00f3n\"},{\"@type\":\"BreadcrumbList\",\"@id\":\"https:\\\/\\\/amorpazycaridad.es\\\/el-dolor-companero-de-redencion\\\/#breadcrumb\",\"itemListElement\":[{\"@type\":\"ListItem\",\"position\":1,\"name\":\"Portada\",\"item\":\"https:\\\/\\\/amorpazy-cp515.wordpresstemporal.com\\\/amorpazycaridad.es\\\/\"},{\"@type\":\"ListItem\",\"position\":2,\"name\":\"EL DOLOR COMPA\u00d1ERO DE REDENCI\u00d3N\"}]},{\"@type\":\"WebSite\",\"@id\":\"https:\\\/\\\/amorpazy-cp515.wordpresstemporal.com\\\/amorpazycaridad.es\\\/#website\",\"url\":\"https:\\\/\\\/amorpazy-cp515.wordpresstemporal.com\\\/amorpazycaridad.es\\\/\",\"name\":\"Amor, paz caridad\",\"description\":\"Conocimiento espiritual, espiritismo, espiritualismo, leyes universales, m\u00e1s all\u00e1, vida despu\u00e9s de la vida,\",\"publisher\":{\"@id\":\"https:\\\/\\\/amorpazy-cp515.wordpresstemporal.com\\\/amorpazycaridad.es\\\/#organization\"},\"potentialAction\":[{\"@type\":\"SearchAction\",\"target\":{\"@type\":\"EntryPoint\",\"urlTemplate\":\"https:\\\/\\\/amorpazy-cp515.wordpresstemporal.com\\\/amorpazycaridad.es\\\/?s={search_term_string}\"},\"query-input\":{\"@type\":\"PropertyValueSpecification\",\"valueRequired\":true,\"valueName\":\"search_term_string\"}}],\"inLanguage\":\"es\"},{\"@type\":\"Organization\",\"@id\":\"https:\\\/\\\/amorpazy-cp515.wordpresstemporal.com\\\/amorpazycaridad.es\\\/#organization\",\"name\":\"Asociaci\u00f3n de Estudios Espirituales Grupo Villena\",\"url\":\"https:\\\/\\\/amorpazy-cp515.wordpresstemporal.com\\\/amorpazycaridad.es\\\/\",\"logo\":{\"@type\":\"ImageObject\",\"inLanguage\":\"es\",\"@id\":\"https:\\\/\\\/amorpazy-cp515.wordpresstemporal.com\\\/amorpazycaridad.es\\\/#\\\/schema\\\/logo\\\/image\\\/\",\"url\":\"https:\\\/\\\/amorpazycaridad.es\\\/wp-content\\\/uploads\\\/2015\\\/01\\\/logo-fav-e1420247830294.jpg\",\"contentUrl\":\"https:\\\/\\\/amorpazycaridad.es\\\/wp-content\\\/uploads\\\/2015\\\/01\\\/logo-fav-e1420247830294.jpg\",\"width\":144,\"height\":144,\"caption\":\"Asociaci\u00f3n de Estudios Espirituales Grupo Villena\"},\"image\":{\"@id\":\"https:\\\/\\\/amorpazy-cp515.wordpresstemporal.com\\\/amorpazycaridad.es\\\/#\\\/schema\\\/logo\\\/image\\\/\"},\"sameAs\":[\"http:\\\/\\\/www.facebook.com\\\/pages\\\/Amor-paz-y-caridad\\\/1594978604096866\",\"https:\\\/\\\/x.com\\\/amorpazycaridad\",\"https:\\\/\\\/es.pinterest.com\\\/amorpazycaridad\\\/\",\"https:\\\/\\\/www.youtube.com\\\/channel\\\/UC1GvDIDCLoL02SzOD7NJdrA\"]},{\"@type\":\"Person\",\"@id\":\"https:\\\/\\\/amorpazy-cp515.wordpresstemporal.com\\\/amorpazycaridad.es\\\/#\\\/schema\\\/person\\\/7987b988126ef78d53bc382530ad92c2\",\"name\":\"Gloria Quel\",\"image\":{\"@type\":\"ImageObject\",\"inLanguage\":\"es\",\"@id\":\"https:\\\/\\\/amorpazycaridad.es\\\/wp-content\\\/uploads\\\/2017\\\/01\\\/Archivo-20-1-17-19-33-56-96x96.jpeg8edb225628e8c6894a7b2d3a9cc8f8d7\",\"url\":\"https:\\\/\\\/amorpazycaridad.es\\\/wp-content\\\/uploads\\\/2017\\\/01\\\/Archivo-20-1-17-19-33-56-96x96.jpeg\",\"contentUrl\":\"https:\\\/\\\/amorpazycaridad.es\\\/wp-content\\\/uploads\\\/2017\\\/01\\\/Archivo-20-1-17-19-33-56-96x96.jpeg\",\"caption\":\"Gloria Quel\"},\"description\":\"Gloria Quel Benedicto es ama de casa y madre de tres hijos. Pertenece a la Asociaci\u00f3n de Estudios Espirituales \\\"Grupo Villena\\\" desde hace m\u00e1s de 25 a\u00f1os. Forma parte del equipo de redacci\u00f3n de esta web. Escribe asiduamente interesantes art\u00edculos de opini\u00f3n sobre temas de actualidad, aportando sus conocimientos y experiencia.\",\"url\":\"https:\\\/\\\/amorpazy-cp515.wordpresstemporal.com\\\/amorpazycaridad.es\\\/author\\\/gloria\\\/\"}]}<\/script>\n<!-- \/ Yoast SEO plugin. -->","yoast_head_json":{"title":"EL DOLOR COMPA\u00d1ERO DE REDENCI\u00d3N | AMOR, PAZ Y CARIDAD","description":"El dolor compa\u00f1ero de redenci\u00f3n. El objetivo en la vida es llegar a ser feliz. En los primeros a\u00f1os, durante la infancia, son nuestros padres los que tienen","robots":{"index":"index","follow":"follow","max-snippet":"max-snippet:-1","max-image-preview":"max-image-preview:large","max-video-preview":"max-video-preview:-1"},"canonical":"https:\/\/amorpazycaridad.es\/el-dolor-companero-de-redencion\/","og_locale":"es_ES","og_type":"article","og_title":"EL DOLOR COMPA\u00d1ERO DE REDENCI\u00d3N | AMOR, PAZ Y CARIDAD","og_description":"El dolor compa\u00f1ero de redenci\u00f3n. El objetivo en la vida es llegar a ser feliz. En los primeros a\u00f1os, durante la infancia, son nuestros padres los que tienen","og_url":"https:\/\/amorpazycaridad.es\/el-dolor-companero-de-redencion\/","og_site_name":"Amor, paz caridad","article_publisher":"http:\/\/www.facebook.com\/pages\/Amor-paz-y-caridad\/1594978604096866","article_published_time":"2017-04-21T05:01:18+00:00","article_modified_time":"2019-06-03T08:43:00+00:00","og_image":[{"width":720,"height":350,"url":"https:\/\/amorpazycaridad.es\/wp-content\/uploads\/2017\/04\/dolor-companero.jpg","type":"image\/jpeg"}],"author":"Gloria","twitter_card":"summary_large_image","twitter_creator":"@amorpazycaridad","twitter_site":"@amorpazycaridad","twitter_misc":{"Escrito por":"Gloria Quel","Tiempo de lectura":"8 minutos"},"schema":{"@context":"https:\/\/schema.org","@graph":[{"@type":"Article","@id":"https:\/\/amorpazycaridad.es\/el-dolor-companero-de-redencion\/#article","isPartOf":{"@id":"https:\/\/amorpazycaridad.es\/el-dolor-companero-de-redencion\/"},"author":{"name":"Gloria Quel","@id":"https:\/\/amorpazy-cp515.wordpresstemporal.com\/amorpazycaridad.es\/#\/schema\/person\/7987b988126ef78d53bc382530ad92c2"},"headline":"EL DOLOR COMPA\u00d1ERO DE REDENCI\u00d3N","datePublished":"2017-04-21T05:01:18+00:00","dateModified":"2019-06-03T08:43:00+00:00","mainEntityOfPage":{"@id":"https:\/\/amorpazycaridad.es\/el-dolor-companero-de-redencion\/"},"wordCount":1546,"commentCount":0,"publisher":{"@id":"https:\/\/amorpazy-cp515.wordpresstemporal.com\/amorpazycaridad.es\/#organization"},"image":{"@id":"https:\/\/amorpazycaridad.es\/el-dolor-companero-de-redencion\/#primaryimage"},"thumbnailUrl":"https:\/\/amorpazy-cp515.wordpresstemporal.com\/amorpazycaridad.es\/wp-content\/uploads\/2017\/04\/dolor-companero.jpg","keywords":["Camino","Dios","dolor","Errores","experiencias","felicidad","ley de causa y efecto","Ley de equilibrio","Limpieza interior","Plenitud","pruebas","Reencarnaci\u00f3n","vida"],"articleSection":["Trabajo Interior"],"inLanguage":"es","potentialAction":[{"@type":"CommentAction","name":"Comment","target":["https:\/\/amorpazycaridad.es\/el-dolor-companero-de-redencion\/#respond"]}]},{"@type":"WebPage","@id":"https:\/\/amorpazycaridad.es\/el-dolor-companero-de-redencion\/","url":"https:\/\/amorpazycaridad.es\/el-dolor-companero-de-redencion\/","name":"EL DOLOR COMPA\u00d1ERO DE REDENCI\u00d3N | AMOR, PAZ Y CARIDAD","isPartOf":{"@id":"https:\/\/amorpazy-cp515.wordpresstemporal.com\/amorpazycaridad.es\/#website"},"primaryImageOfPage":{"@id":"https:\/\/amorpazycaridad.es\/el-dolor-companero-de-redencion\/#primaryimage"},"image":{"@id":"https:\/\/amorpazycaridad.es\/el-dolor-companero-de-redencion\/#primaryimage"},"thumbnailUrl":"https:\/\/amorpazy-cp515.wordpresstemporal.com\/amorpazycaridad.es\/wp-content\/uploads\/2017\/04\/dolor-companero.jpg","datePublished":"2017-04-21T05:01:18+00:00","dateModified":"2019-06-03T08:43:00+00:00","description":"El dolor compa\u00f1ero de redenci\u00f3n. El objetivo en la vida es llegar a ser feliz. En los primeros a\u00f1os, durante la infancia, son nuestros padres los que tienen","breadcrumb":{"@id":"https:\/\/amorpazycaridad.es\/el-dolor-companero-de-redencion\/#breadcrumb"},"inLanguage":"es","potentialAction":[{"@type":"ReadAction","target":["https:\/\/amorpazycaridad.es\/el-dolor-companero-de-redencion\/"]}]},{"@type":"ImageObject","inLanguage":"es","@id":"https:\/\/amorpazycaridad.es\/el-dolor-companero-de-redencion\/#primaryimage","url":"https:\/\/amorpazy-cp515.wordpresstemporal.com\/amorpazycaridad.es\/wp-content\/uploads\/2017\/04\/dolor-companero.jpg","contentUrl":"https:\/\/amorpazy-cp515.wordpresstemporal.com\/amorpazycaridad.es\/wp-content\/uploads\/2017\/04\/dolor-companero.jpg","width":720,"height":350,"caption":"El dolor compa\u00f1ero de redenci\u00f3n"},{"@type":"BreadcrumbList","@id":"https:\/\/amorpazycaridad.es\/el-dolor-companero-de-redencion\/#breadcrumb","itemListElement":[{"@type":"ListItem","position":1,"name":"Portada","item":"https:\/\/amorpazy-cp515.wordpresstemporal.com\/amorpazycaridad.es\/"},{"@type":"ListItem","position":2,"name":"EL DOLOR COMPA\u00d1ERO DE REDENCI\u00d3N"}]},{"@type":"WebSite","@id":"https:\/\/amorpazy-cp515.wordpresstemporal.com\/amorpazycaridad.es\/#website","url":"https:\/\/amorpazy-cp515.wordpresstemporal.com\/amorpazycaridad.es\/","name":"Amor, paz caridad","description":"Conocimiento espiritual, espiritismo, espiritualismo, leyes universales, m\u00e1s all\u00e1, vida despu\u00e9s de la vida,","publisher":{"@id":"https:\/\/amorpazy-cp515.wordpresstemporal.com\/amorpazycaridad.es\/#organization"},"potentialAction":[{"@type":"SearchAction","target":{"@type":"EntryPoint","urlTemplate":"https:\/\/amorpazy-cp515.wordpresstemporal.com\/amorpazycaridad.es\/?s={search_term_string}"},"query-input":{"@type":"PropertyValueSpecification","valueRequired":true,"valueName":"search_term_string"}}],"inLanguage":"es"},{"@type":"Organization","@id":"https:\/\/amorpazy-cp515.wordpresstemporal.com\/amorpazycaridad.es\/#organization","name":"Asociaci\u00f3n de Estudios Espirituales Grupo Villena","url":"https:\/\/amorpazy-cp515.wordpresstemporal.com\/amorpazycaridad.es\/","logo":{"@type":"ImageObject","inLanguage":"es","@id":"https:\/\/amorpazy-cp515.wordpresstemporal.com\/amorpazycaridad.es\/#\/schema\/logo\/image\/","url":"https:\/\/amorpazycaridad.es\/wp-content\/uploads\/2015\/01\/logo-fav-e1420247830294.jpg","contentUrl":"https:\/\/amorpazycaridad.es\/wp-content\/uploads\/2015\/01\/logo-fav-e1420247830294.jpg","width":144,"height":144,"caption":"Asociaci\u00f3n de Estudios Espirituales Grupo Villena"},"image":{"@id":"https:\/\/amorpazy-cp515.wordpresstemporal.com\/amorpazycaridad.es\/#\/schema\/logo\/image\/"},"sameAs":["http:\/\/www.facebook.com\/pages\/Amor-paz-y-caridad\/1594978604096866","https:\/\/x.com\/amorpazycaridad","https:\/\/es.pinterest.com\/amorpazycaridad\/","https:\/\/www.youtube.com\/channel\/UC1GvDIDCLoL02SzOD7NJdrA"]},{"@type":"Person","@id":"https:\/\/amorpazy-cp515.wordpresstemporal.com\/amorpazycaridad.es\/#\/schema\/person\/7987b988126ef78d53bc382530ad92c2","name":"Gloria Quel","image":{"@type":"ImageObject","inLanguage":"es","@id":"https:\/\/amorpazycaridad.es\/wp-content\/uploads\/2017\/01\/Archivo-20-1-17-19-33-56-96x96.jpeg8edb225628e8c6894a7b2d3a9cc8f8d7","url":"https:\/\/amorpazycaridad.es\/wp-content\/uploads\/2017\/01\/Archivo-20-1-17-19-33-56-96x96.jpeg","contentUrl":"https:\/\/amorpazycaridad.es\/wp-content\/uploads\/2017\/01\/Archivo-20-1-17-19-33-56-96x96.jpeg","caption":"Gloria Quel"},"description":"Gloria Quel Benedicto es ama de casa y madre de tres hijos. Pertenece a la Asociaci\u00f3n de Estudios Espirituales \"Grupo Villena\" desde hace m\u00e1s de 25 a\u00f1os. Forma parte del equipo de redacci\u00f3n de esta web. Escribe asiduamente interesantes art\u00edculos de opini\u00f3n sobre temas de actualidad, aportando sus conocimientos y experiencia.","url":"https:\/\/amorpazy-cp515.wordpresstemporal.com\/amorpazycaridad.es\/author\/gloria\/"}]}},"authors":[{"term_id":2317,"user_id":0,"is_guest":1,"slug":"cap-gloria","display_name":"Gloria","avatar_url":"https:\/\/secure.gravatar.com\/avatar\/?s=96&d=mm&r=g","0":null,"1":"","2":"","3":"","4":"","5":"","6":"","7":"","8":""}],"_links":{"self":[{"href":"https:\/\/amorpazy-cp515.wordpresstemporal.com\/amorpazycaridad.es\/wp-json\/wp\/v2\/posts\/7620","targetHints":{"allow":["GET"]}}],"collection":[{"href":"https:\/\/amorpazy-cp515.wordpresstemporal.com\/amorpazycaridad.es\/wp-json\/wp\/v2\/posts"}],"about":[{"href":"https:\/\/amorpazy-cp515.wordpresstemporal.com\/amorpazycaridad.es\/wp-json\/wp\/v2\/types\/post"}],"author":[{"embeddable":true,"href":"https:\/\/amorpazy-cp515.wordpresstemporal.com\/amorpazycaridad.es\/wp-json\/wp\/v2\/users\/103"}],"replies":[{"embeddable":true,"href":"https:\/\/amorpazy-cp515.wordpresstemporal.com\/amorpazycaridad.es\/wp-json\/wp\/v2\/comments?post=7620"}],"version-history":[{"count":4,"href":"https:\/\/amorpazy-cp515.wordpresstemporal.com\/amorpazycaridad.es\/wp-json\/wp\/v2\/posts\/7620\/revisions"}],"predecessor-version":[{"id":7625,"href":"https:\/\/amorpazy-cp515.wordpresstemporal.com\/amorpazycaridad.es\/wp-json\/wp\/v2\/posts\/7620\/revisions\/7625"}],"wp:featuredmedia":[{"embeddable":true,"href":"https:\/\/amorpazy-cp515.wordpresstemporal.com\/amorpazycaridad.es\/wp-json\/wp\/v2\/media\/7623"}],"wp:attachment":[{"href":"https:\/\/amorpazy-cp515.wordpresstemporal.com\/amorpazycaridad.es\/wp-json\/wp\/v2\/media?parent=7620"}],"wp:term":[{"taxonomy":"category","embeddable":true,"href":"https:\/\/amorpazy-cp515.wordpresstemporal.com\/amorpazycaridad.es\/wp-json\/wp\/v2\/categories?post=7620"},{"taxonomy":"post_tag","embeddable":true,"href":"https:\/\/amorpazy-cp515.wordpresstemporal.com\/amorpazycaridad.es\/wp-json\/wp\/v2\/tags?post=7620"},{"taxonomy":"author","embeddable":true,"href":"https:\/\/amorpazy-cp515.wordpresstemporal.com\/amorpazycaridad.es\/wp-json\/wp\/v2\/ppma_author?post=7620"}],"curies":[{"name":"wp","href":"https:\/\/api.w.org\/{rel}","templated":true}]}}