{"id":76,"date":"2014-02-24T07:12:00","date_gmt":"2014-02-24T07:12:00","guid":{"rendered":"https:\/\/amorpazycaridad.es\/uncategorized\/fraternidad-en-grupo-6\/"},"modified":"2015-02-10T05:32:10","modified_gmt":"2015-02-10T05:32:10","slug":"peligros-endiosamiento-y-fanatismo","status":"publish","type":"post","link":"https:\/\/amorpazy-cp515.wordpresstemporal.com\/amorpazycaridad.es\/peligros-endiosamiento-y-fanatismo\/","title":{"rendered":"PELIGROS: ENDIOSAMIENTO Y FANATISMO"},"content":{"rendered":"<p style=\"text-align: justify;\">Sin duda ninguna; al igual que acontece con el desarrollo y educaci\u00f3n de las personas con facultades medi\u00famnicas o espirituales, el endiosamiento, como hijo del narcisismo y el orgullo, es una de las grandes taras que afectan la condici\u00f3n humana y le impiden un desarrollo evolutivo ascendente.<\/p>\n<p style=\"text-align: justify;\">Por transferencia, en los grupos e instituciones de objetivos espirituales compuestas evidentemente por personas, esta tara moral suele presentarse en forma individual o grupal.<\/p>\n<p style=\"text-align: justify;\">Cuando ocurre afectando al grupo en general las consecuencias son perniciosas e incontrolables, a veces lleva incluso al desmoronamiento de la instituci\u00f3n, o lo que es peor, al abandono de los integrantes del mismo por el ambiente irrespirable de intransigencia, dogmatismo y fundamentalismo que transciende y se deriva al creerse en posesi\u00f3n de la verdad exclusiva.<\/p>\n<p style=\"text-align: justify;\">Estas actitudes reflejan claramente dos cuestiones; por un lado la poca vigilancia de los miembros de la instituci\u00f3n en cuanto a su reforma interna; dando cabida a pensamientos de vanidad y orgullo que son trasladados sin el menor recato o prudencia al resto de los miembros, y que poco a poco van calando en la conciencia colectiva de la instituci\u00f3n.<\/p>\n<p style=\"text-align: justify;\">Y por otro lado es tambi\u00e9n un signo evidente de un proceso de obsesi\u00f3n o inducci\u00f3n colectiva por parte del mundo de las sombras; que aprovecha los resquicios que les brindan las taras morales de sus integrantes, para ir instalando y conformando los patrones mentales de los componentes de ese grupo que, por no permanecer vigilantes, caen f\u00e1cilmente en la adulaci\u00f3n, la vanidad y el orgullo de pertenencia insano, al hacerles creerse superiores a los dem\u00e1s.<\/p>\n<p style=\"text-align: justify;\">El t\u00e9rmino \u201cendiosamiento\u201d es sin duda un concepto extremo que utilizamos para realzar el problema. No obstante, es significativo en los casos de personas con facultades medi\u00famnicas que, en un concepto equivocado y err\u00f3neo de lo que es la mediumnidad, presuponen poseer un don que les hace diferentes de los dem\u00e1s otorg\u00e1ndoles una superioridad que \u00fanicamente reside en su mente y que est\u00e1 muy lejos de ser de esa forma.<\/p>\n<p style=\"text-align: justify;\">Esta alucinaci\u00f3n personal les lleva a elevar su vanidad y orgullo hasta l\u00edmites extraordinarios, cerrando desde ese momento cualquier posibilidad a la rectificaci\u00f3n de errores o a la cr\u00edtica constructiva que puedan hacer los dem\u00e1s miembros del grupo acerca de su comportamiento.<\/p>\n<p style=\"text-align: justify;\">Cuando estas actitudes se dan en un m\u00e9dium, el terreno de la parasitosis ps\u00edquica est\u00e1 abonado para convertirse en un instrumento desviado de la parte positiva; cayendo en las redes de las fuerzas de las sombras que, con paciencia y estudio profundo efectuar\u00e1n su trabajo de obsesi\u00f3n pacientemente.<\/p>\n<p style=\"text-align: justify;\">El riesgo es que nadie de la instituci\u00f3n sea capaz de darse cuenta de esto y poner sobre aviso a los dem\u00e1s, porque si esto es as\u00ed, el grupo est\u00e1 en un peligro extremo de desviarse poco a poco, sin apenas darse cuenta, de los principios elevados que conformaron sus intenciones originarias.<\/p>\n<p style=\"text-align: justify;\">Por lo general, cuando estas actitudes se dan en varios m\u00e9diums dentro de un grupo, el fanatismo comienza a formar parte de las actitudes del grupo, ya que cada componente, reafirmando sus postulados, desea por encima de todo prevalecer en sus aseveraciones, impidiendo el reconocimiento de los errores propios, dando p\u00e1bulo a la intolerancia y la intransigencia y focalizando sus objetivos \u00fanicamente en conseguir imponer sus criterios sin escuchar los de los dem\u00e1s.<\/p>\n<p style=\"text-align: justify;\">Advertimos de estas circunstancias porque la parte negativa act\u00faa con diligencia, estudiando nuestras debilidades, focalizando en nosotros los errores de los dem\u00e1s para realzar nuestro orgullo y vanidad, sin permitirnos que una m\u00ednima reflexi\u00f3n nos lleve a un reconocimiento personal de nuestros propios errores.<\/p>\n<p style=\"text-align: justify;\">Pensemos en esto; los errores m\u00e1s graves de las instituciones siempre acontecen cuando pierden su capacidad de autocr\u00edtica, cuando se constri\u00f1en las ideas y el pensamiento de sus miembros sin el an\u00e1lisis, \u00fanicamente desde la imposici\u00f3n o el fanatismo de creer que se est\u00e1 en posesi\u00f3n de la verdad.<\/p>\n<p style=\"text-align: justify;\">A este respecto, estas actitudes anquilosan el progreso de toda instituci\u00f3n, pues las rigideces e inmovilismo de los postulados dogm\u00e1ticos e intransigentes les impiden la adaptaci\u00f3n a los cambios que se producen en las sociedades; terminando por convertirse en estructuras muy poco \u00fatiles para el progreso de la espiritualidad, llenas de miedos y complejos por la falta de libertad de acci\u00f3n y pensamiento de sus miembros, por el riesgo a no seguir fielmente las directrices intransigentes que les imponen los ritos y los dogmas de la tradici\u00f3n y las jerarqu\u00edas que las dirigen.(*)<\/p>\n<p style=\"text-align: justify;\">Es muy importante que en un grupo espiritual, se tenga siempre la oportunidad de manifestar todas las opiniones, libremente; esto no quiere decir que todo el mundo haya de estar de acuerdo en su totalidad en todas las decisiones que se tomen; pero para ello est\u00e1 la tolerancia, la humildad, el reconocer los propios errores o la falta de capacidad para analizar las cuestiones cuando no tenemos las condiciones necesarias para ello.<\/p>\n<p style=\"text-align: justify;\">Tambi\u00e9n es preciso recabar que, en un grupo espiritual bien orientado; y ante la falta de consenso general sobre una decisi\u00f3n a tomar, hay que contar siempre con la ayuda del \u201cmundo mayor\u201d; recurriendo a la oraci\u00f3n para encontrar la mejor soluci\u00f3n al problema, que sin duda, vendr\u00e1 avalada por el consentimiento de la mayor\u00eda o incluso de las personas con mayor autoridad por su elevaci\u00f3n moral, no por sus conocimientos mundanos o por sus t\u00edtulos acad\u00e9micos.<\/p>\n<p style=\"text-align: justify;\">Seamos pues sensatos y tolerantes en nuestras manifestaciones externas, pero rigurosos en nuestro trabajo interno; es la mejor forma de evitar riesgos y colaborar entre todos a un trabajo importante, fraterno, exento de fanatismos, dogmatismos y endiosamientos personales que a nada conducen salvo al retraso evolutivo de aquellos que los mantienen.<\/p>\n<div style=\"text-align: right;\">Antonio Lled\u00f3 Flor<\/div>\n<div style=\"text-align: right;\">\u00a9 2014 Amor, paz y caridad<\/div>\n[infobox]\n<div style=\"text-align: justify;\"><span style=\"font-family: Georgia, Times New Roman, serif;\"><b>(*) Merece considerar que toda organizaci\u00f3n r\u00edgida sufre las imposiciones penosas del tiempo y toda edificaci\u00f3n que pretende preservar la tradici\u00f3n sin la necesaria adaptaci\u00f3n al ambiente en que se encuentra y a las nuevas formulaciones de vida, se transforman en descomposiciones carcomidas que el tiempo vence.<\/b><\/span><\/div>\n<div><span style=\"font-family: Georgia, Times New Roman, serif;\"><b>\u00a0<\/b><\/span><\/div>\n<div style=\"text-align: right;\"><span style=\"font-family: Georgia, Times New Roman, serif;\"><b>Arthur L. Vasconcellos\u00a0<\/b><\/span><\/div>\n<div style=\"text-align: justify;\"><span style=\"font-family: Georgia, Times New Roman, serif;\"><b>\u00a0<\/b><\/span><\/div>\n<div style=\"text-align: justify;\"><span style=\"font-family: Georgia, Times New Roman, serif;\"><b>Psicograf\u00eda de Divaldo P.Franco<\/b><\/span><\/div>\n[\/infobox]\n","protected":false},"excerpt":{"rendered":"<p>Sin duda ninguna; al igual que acontece con el desarrollo y educaci\u00f3n de las personas con facultades medi\u00famnicas o espirituales, el endiosamiento, como hijo del narcisismo y el orgullo, es una de las grandes taras que afectan la condici\u00f3n humana y le impiden un desarrollo evolutivo ascendente. Por transferencia, en los grupos e instituciones de [&hellip;]<\/p>\n","protected":false},"author":6,"featured_media":0,"comment_status":"open","ping_status":"open","sticky":false,"template":"","format":"standard","meta":{"tdm_status":"","tdm_grid_status":"","footnotes":""},"categories":[26],"tags":[536,78,129,684,188,598,685],"ppma_author":[407],"class_list":{"0":"post-76","1":"post","2":"type-post","3":"status-publish","4":"format-standard","6":"category-fraternidad-en-grupo","7":"tag-amor-propio","8":"tag-arthur-l-vasconcellos","9":"tag-divaldo-p-franco","10":"tag-endiosamiento-y-fanatismo","11":"tag-fraternidad-en-grupo-2","12":"tag-orgullo","13":"tag-vanidad"},"yoast_head":"<!-- This site is optimized with the Yoast SEO plugin v27.7 - https:\/\/yoast.com\/product\/yoast-seo-wordpress\/ -->\n<title>PELIGROS: ENDIOSAMIENTO Y FANATISMO | Amor, paz caridad<\/title>\n<meta name=\"robots\" content=\"index, follow, max-snippet:-1, max-image-preview:large, max-video-preview:-1\" \/>\n<link rel=\"canonical\" href=\"https:\/\/amorpazy-cp515.wordpresstemporal.com\/amorpazycaridad.es\/peligros-endiosamiento-y-fanatismo\/\" \/>\n<meta property=\"og:locale\" content=\"es_ES\" \/>\n<meta property=\"og:type\" content=\"article\" \/>\n<meta property=\"og:title\" content=\"PELIGROS: ENDIOSAMIENTO Y FANATISMO | Amor, paz caridad\" \/>\n<meta property=\"og:description\" content=\"Sin duda ninguna; al igual que acontece con el desarrollo y educaci\u00f3n de las personas con facultades medi\u00famnicas o espirituales, el endiosamiento, como hijo del narcisismo y el orgullo, es una de las grandes taras que afectan la condici\u00f3n humana y le impiden un desarrollo evolutivo ascendente. Por transferencia, en los grupos e instituciones de [&hellip;]\" \/>\n<meta property=\"og:url\" content=\"https:\/\/amorpazy-cp515.wordpresstemporal.com\/amorpazycaridad.es\/peligros-endiosamiento-y-fanatismo\/\" \/>\n<meta property=\"og:site_name\" content=\"Amor, paz caridad\" \/>\n<meta property=\"article:publisher\" content=\"http:\/\/www.facebook.com\/pages\/Amor-paz-y-caridad\/1594978604096866\" \/>\n<meta property=\"article:published_time\" content=\"2014-02-24T07:12:00+00:00\" \/>\n<meta property=\"article:modified_time\" content=\"2015-02-10T05:32:10+00:00\" \/>\n<meta name=\"author\" content=\"Antonio\" \/>\n<meta name=\"twitter:card\" content=\"summary_large_image\" \/>\n<meta name=\"twitter:creator\" content=\"@amorpazycaridad\" \/>\n<meta name=\"twitter:site\" content=\"@amorpazycaridad\" \/>\n<meta name=\"twitter:label1\" content=\"Escrito por\" \/>\n\t<meta name=\"twitter:data1\" content=\"Antonio Lled\u00f3 Flor\" \/>\n\t<meta name=\"twitter:label2\" content=\"Tiempo de lectura\" \/>\n\t<meta name=\"twitter:data2\" content=\"5 minutos\" \/>\n<script type=\"application\/ld+json\" class=\"yoast-schema-graph\">{\"@context\":\"https:\\\/\\\/schema.org\",\"@graph\":[{\"@type\":\"Article\",\"@id\":\"https:\\\/\\\/amorpazy-cp515.wordpresstemporal.com\\\/amorpazycaridad.es\\\/peligros-endiosamiento-y-fanatismo\\\/#article\",\"isPartOf\":{\"@id\":\"https:\\\/\\\/amorpazy-cp515.wordpresstemporal.com\\\/amorpazycaridad.es\\\/peligros-endiosamiento-y-fanatismo\\\/\"},\"author\":{\"name\":\"Antonio Lled\u00f3 Flor\",\"@id\":\"https:\\\/\\\/amorpazycaridad.es\\\/#\\\/schema\\\/person\\\/221ba4fa1195cdcac2bd273305f4b13f\"},\"headline\":\"PELIGROS: ENDIOSAMIENTO Y FANATISMO\",\"datePublished\":\"2014-02-24T07:12:00+00:00\",\"dateModified\":\"2015-02-10T05:32:10+00:00\",\"mainEntityOfPage\":{\"@id\":\"https:\\\/\\\/amorpazy-cp515.wordpresstemporal.com\\\/amorpazycaridad.es\\\/peligros-endiosamiento-y-fanatismo\\\/\"},\"wordCount\":1063,\"commentCount\":0,\"publisher\":{\"@id\":\"https:\\\/\\\/amorpazycaridad.es\\\/#organization\"},\"keywords\":[\"amor propio\",\"Arthur L. Vasconcellos\",\"Divaldo P. Franco\",\"Endiosamiento y fanatismo\",\"Fraternidad en Grupo\",\"orgullo\",\"vanidad\"],\"articleSection\":[\"Fraternidad en grupo\"],\"inLanguage\":\"es\",\"potentialAction\":[{\"@type\":\"CommentAction\",\"name\":\"Comment\",\"target\":[\"https:\\\/\\\/amorpazy-cp515.wordpresstemporal.com\\\/amorpazycaridad.es\\\/peligros-endiosamiento-y-fanatismo\\\/#respond\"]}]},{\"@type\":\"WebPage\",\"@id\":\"https:\\\/\\\/amorpazy-cp515.wordpresstemporal.com\\\/amorpazycaridad.es\\\/peligros-endiosamiento-y-fanatismo\\\/\",\"url\":\"https:\\\/\\\/amorpazy-cp515.wordpresstemporal.com\\\/amorpazycaridad.es\\\/peligros-endiosamiento-y-fanatismo\\\/\",\"name\":\"PELIGROS: ENDIOSAMIENTO Y FANATISMO | Amor, paz caridad\",\"isPartOf\":{\"@id\":\"https:\\\/\\\/amorpazycaridad.es\\\/#website\"},\"datePublished\":\"2014-02-24T07:12:00+00:00\",\"dateModified\":\"2015-02-10T05:32:10+00:00\",\"breadcrumb\":{\"@id\":\"https:\\\/\\\/amorpazy-cp515.wordpresstemporal.com\\\/amorpazycaridad.es\\\/peligros-endiosamiento-y-fanatismo\\\/#breadcrumb\"},\"inLanguage\":\"es\",\"potentialAction\":[{\"@type\":\"ReadAction\",\"target\":[\"https:\\\/\\\/amorpazy-cp515.wordpresstemporal.com\\\/amorpazycaridad.es\\\/peligros-endiosamiento-y-fanatismo\\\/\"]}]},{\"@type\":\"BreadcrumbList\",\"@id\":\"https:\\\/\\\/amorpazy-cp515.wordpresstemporal.com\\\/amorpazycaridad.es\\\/peligros-endiosamiento-y-fanatismo\\\/#breadcrumb\",\"itemListElement\":[{\"@type\":\"ListItem\",\"position\":1,\"name\":\"Portada\",\"item\":\"https:\\\/\\\/amorpazy-cp515.wordpresstemporal.com\\\/amorpazycaridad.es\\\/\"},{\"@type\":\"ListItem\",\"position\":2,\"name\":\"PELIGROS: ENDIOSAMIENTO Y FANATISMO\"}]},{\"@type\":\"WebSite\",\"@id\":\"https:\\\/\\\/amorpazycaridad.es\\\/#website\",\"url\":\"https:\\\/\\\/amorpazycaridad.es\\\/\",\"name\":\"Amor, paz caridad\",\"description\":\"Conocimiento espiritual, espiritismo, espiritualismo, leyes universales, m\u00e1s all\u00e1, vida despu\u00e9s de la vida,\",\"publisher\":{\"@id\":\"https:\\\/\\\/amorpazycaridad.es\\\/#organization\"},\"potentialAction\":[{\"@type\":\"SearchAction\",\"target\":{\"@type\":\"EntryPoint\",\"urlTemplate\":\"https:\\\/\\\/amorpazycaridad.es\\\/?s={search_term_string}\"},\"query-input\":{\"@type\":\"PropertyValueSpecification\",\"valueRequired\":true,\"valueName\":\"search_term_string\"}}],\"inLanguage\":\"es\"},{\"@type\":\"Organization\",\"@id\":\"https:\\\/\\\/amorpazycaridad.es\\\/#organization\",\"name\":\"Asociaci\u00f3n de Estudios Espirituales Grupo Villena\",\"url\":\"https:\\\/\\\/amorpazycaridad.es\\\/\",\"logo\":{\"@type\":\"ImageObject\",\"inLanguage\":\"es\",\"@id\":\"https:\\\/\\\/amorpazycaridad.es\\\/#\\\/schema\\\/logo\\\/image\\\/\",\"url\":\"https:\\\/\\\/amorpazycaridad.es\\\/wp-content\\\/uploads\\\/2015\\\/01\\\/logo-fav-e1420247830294.jpg\",\"contentUrl\":\"https:\\\/\\\/amorpazycaridad.es\\\/wp-content\\\/uploads\\\/2015\\\/01\\\/logo-fav-e1420247830294.jpg\",\"width\":144,\"height\":144,\"caption\":\"Asociaci\u00f3n de Estudios Espirituales Grupo Villena\"},\"image\":{\"@id\":\"https:\\\/\\\/amorpazycaridad.es\\\/#\\\/schema\\\/logo\\\/image\\\/\"},\"sameAs\":[\"http:\\\/\\\/www.facebook.com\\\/pages\\\/Amor-paz-y-caridad\\\/1594978604096866\",\"https:\\\/\\\/x.com\\\/amorpazycaridad\",\"https:\\\/\\\/es.pinterest.com\\\/amorpazycaridad\\\/\",\"https:\\\/\\\/www.youtube.com\\\/channel\\\/UC1GvDIDCLoL02SzOD7NJdrA\"]},{\"@type\":\"Person\",\"@id\":\"https:\\\/\\\/amorpazycaridad.es\\\/#\\\/schema\\\/person\\\/221ba4fa1195cdcac2bd273305f4b13f\",\"name\":\"Antonio Lled\u00f3 Flor\",\"image\":{\"@type\":\"ImageObject\",\"inLanguage\":\"es\",\"@id\":\"https:\\\/\\\/amorpazy-cp515.wordpresstemporal.com\\\/amorpazycaridad.es\\\/wp-content\\\/uploads\\\/2016\\\/07\\\/IMG_1655-96x96.jpg5b8dbc14a881d27b23191d1f73ee32db\",\"url\":\"https:\\\/\\\/amorpazy-cp515.wordpresstemporal.com\\\/amorpazycaridad.es\\\/wp-content\\\/uploads\\\/2016\\\/07\\\/IMG_1655-96x96.jpg\",\"contentUrl\":\"https:\\\/\\\/amorpazy-cp515.wordpresstemporal.com\\\/amorpazycaridad.es\\\/wp-content\\\/uploads\\\/2016\\\/07\\\/IMG_1655-96x96.jpg\",\"caption\":\"Antonio Lled\u00f3 Flor\"},\"description\":\"D. Antonio Lled\u00f3 Flor, es Licenciado en Filosof\u00eda por la Universidad de Alicante. Ejecutivo de entidad financiera durante 25 a\u00f1os. Escritor, orador, divulgador y miembro del Grupo Villena desde su fundaci\u00f3n, de la que fue presidente. Fue director de la revista Amor Paz y Caridad durante diez a\u00f1os en su anterior etapa, y desde hace m\u00e1s de 35 a\u00f1os viene dictando conferencias y participando en seminarios, simposios, congresos; tanto nacionales como internacionales. Forma parte del equipo de redacci\u00f3n de dicha revista, actualmente en formato web, aportando art\u00edculos de inter\u00e9s y permanente actualidad.\",\"sameAs\":[\"http:\\\/\\\/www.amorpazycaridad.com\"],\"url\":\"https:\\\/\\\/amorpazy-cp515.wordpresstemporal.com\\\/amorpazycaridad.es\\\/author\\\/antonio\\\/\"}]}<\/script>\n<!-- \/ Yoast SEO plugin. -->","yoast_head_json":{"title":"PELIGROS: ENDIOSAMIENTO Y FANATISMO | Amor, paz caridad","robots":{"index":"index","follow":"follow","max-snippet":"max-snippet:-1","max-image-preview":"max-image-preview:large","max-video-preview":"max-video-preview:-1"},"canonical":"https:\/\/amorpazy-cp515.wordpresstemporal.com\/amorpazycaridad.es\/peligros-endiosamiento-y-fanatismo\/","og_locale":"es_ES","og_type":"article","og_title":"PELIGROS: ENDIOSAMIENTO Y FANATISMO | Amor, paz caridad","og_description":"Sin duda ninguna; al igual que acontece con el desarrollo y educaci\u00f3n de las personas con facultades medi\u00famnicas o espirituales, el endiosamiento, como hijo del narcisismo y el orgullo, es una de las grandes taras que afectan la condici\u00f3n humana y le impiden un desarrollo evolutivo ascendente. Por transferencia, en los grupos e instituciones de [&hellip;]","og_url":"https:\/\/amorpazy-cp515.wordpresstemporal.com\/amorpazycaridad.es\/peligros-endiosamiento-y-fanatismo\/","og_site_name":"Amor, paz caridad","article_publisher":"http:\/\/www.facebook.com\/pages\/Amor-paz-y-caridad\/1594978604096866","article_published_time":"2014-02-24T07:12:00+00:00","article_modified_time":"2015-02-10T05:32:10+00:00","author":"Antonio","twitter_card":"summary_large_image","twitter_creator":"@amorpazycaridad","twitter_site":"@amorpazycaridad","twitter_misc":{"Escrito por":"Antonio Lled\u00f3 Flor","Tiempo de lectura":"5 minutos"},"schema":{"@context":"https:\/\/schema.org","@graph":[{"@type":"Article","@id":"https:\/\/amorpazy-cp515.wordpresstemporal.com\/amorpazycaridad.es\/peligros-endiosamiento-y-fanatismo\/#article","isPartOf":{"@id":"https:\/\/amorpazy-cp515.wordpresstemporal.com\/amorpazycaridad.es\/peligros-endiosamiento-y-fanatismo\/"},"author":{"name":"Antonio Lled\u00f3 Flor","@id":"https:\/\/amorpazycaridad.es\/#\/schema\/person\/221ba4fa1195cdcac2bd273305f4b13f"},"headline":"PELIGROS: ENDIOSAMIENTO Y FANATISMO","datePublished":"2014-02-24T07:12:00+00:00","dateModified":"2015-02-10T05:32:10+00:00","mainEntityOfPage":{"@id":"https:\/\/amorpazy-cp515.wordpresstemporal.com\/amorpazycaridad.es\/peligros-endiosamiento-y-fanatismo\/"},"wordCount":1063,"commentCount":0,"publisher":{"@id":"https:\/\/amorpazycaridad.es\/#organization"},"keywords":["amor propio","Arthur L. Vasconcellos","Divaldo P. Franco","Endiosamiento y fanatismo","Fraternidad en Grupo","orgullo","vanidad"],"articleSection":["Fraternidad en grupo"],"inLanguage":"es","potentialAction":[{"@type":"CommentAction","name":"Comment","target":["https:\/\/amorpazy-cp515.wordpresstemporal.com\/amorpazycaridad.es\/peligros-endiosamiento-y-fanatismo\/#respond"]}]},{"@type":"WebPage","@id":"https:\/\/amorpazy-cp515.wordpresstemporal.com\/amorpazycaridad.es\/peligros-endiosamiento-y-fanatismo\/","url":"https:\/\/amorpazy-cp515.wordpresstemporal.com\/amorpazycaridad.es\/peligros-endiosamiento-y-fanatismo\/","name":"PELIGROS: ENDIOSAMIENTO Y FANATISMO | Amor, paz caridad","isPartOf":{"@id":"https:\/\/amorpazycaridad.es\/#website"},"datePublished":"2014-02-24T07:12:00+00:00","dateModified":"2015-02-10T05:32:10+00:00","breadcrumb":{"@id":"https:\/\/amorpazy-cp515.wordpresstemporal.com\/amorpazycaridad.es\/peligros-endiosamiento-y-fanatismo\/#breadcrumb"},"inLanguage":"es","potentialAction":[{"@type":"ReadAction","target":["https:\/\/amorpazy-cp515.wordpresstemporal.com\/amorpazycaridad.es\/peligros-endiosamiento-y-fanatismo\/"]}]},{"@type":"BreadcrumbList","@id":"https:\/\/amorpazy-cp515.wordpresstemporal.com\/amorpazycaridad.es\/peligros-endiosamiento-y-fanatismo\/#breadcrumb","itemListElement":[{"@type":"ListItem","position":1,"name":"Portada","item":"https:\/\/amorpazy-cp515.wordpresstemporal.com\/amorpazycaridad.es\/"},{"@type":"ListItem","position":2,"name":"PELIGROS: ENDIOSAMIENTO Y FANATISMO"}]},{"@type":"WebSite","@id":"https:\/\/amorpazycaridad.es\/#website","url":"https:\/\/amorpazycaridad.es\/","name":"Amor, paz caridad","description":"Conocimiento espiritual, espiritismo, espiritualismo, leyes universales, m\u00e1s all\u00e1, vida despu\u00e9s de la vida,","publisher":{"@id":"https:\/\/amorpazycaridad.es\/#organization"},"potentialAction":[{"@type":"SearchAction","target":{"@type":"EntryPoint","urlTemplate":"https:\/\/amorpazycaridad.es\/?s={search_term_string}"},"query-input":{"@type":"PropertyValueSpecification","valueRequired":true,"valueName":"search_term_string"}}],"inLanguage":"es"},{"@type":"Organization","@id":"https:\/\/amorpazycaridad.es\/#organization","name":"Asociaci\u00f3n de Estudios Espirituales Grupo Villena","url":"https:\/\/amorpazycaridad.es\/","logo":{"@type":"ImageObject","inLanguage":"es","@id":"https:\/\/amorpazycaridad.es\/#\/schema\/logo\/image\/","url":"https:\/\/amorpazycaridad.es\/wp-content\/uploads\/2015\/01\/logo-fav-e1420247830294.jpg","contentUrl":"https:\/\/amorpazycaridad.es\/wp-content\/uploads\/2015\/01\/logo-fav-e1420247830294.jpg","width":144,"height":144,"caption":"Asociaci\u00f3n de Estudios Espirituales Grupo Villena"},"image":{"@id":"https:\/\/amorpazycaridad.es\/#\/schema\/logo\/image\/"},"sameAs":["http:\/\/www.facebook.com\/pages\/Amor-paz-y-caridad\/1594978604096866","https:\/\/x.com\/amorpazycaridad","https:\/\/es.pinterest.com\/amorpazycaridad\/","https:\/\/www.youtube.com\/channel\/UC1GvDIDCLoL02SzOD7NJdrA"]},{"@type":"Person","@id":"https:\/\/amorpazycaridad.es\/#\/schema\/person\/221ba4fa1195cdcac2bd273305f4b13f","name":"Antonio Lled\u00f3 Flor","image":{"@type":"ImageObject","inLanguage":"es","@id":"https:\/\/amorpazy-cp515.wordpresstemporal.com\/amorpazycaridad.es\/wp-content\/uploads\/2016\/07\/IMG_1655-96x96.jpg5b8dbc14a881d27b23191d1f73ee32db","url":"https:\/\/amorpazy-cp515.wordpresstemporal.com\/amorpazycaridad.es\/wp-content\/uploads\/2016\/07\/IMG_1655-96x96.jpg","contentUrl":"https:\/\/amorpazy-cp515.wordpresstemporal.com\/amorpazycaridad.es\/wp-content\/uploads\/2016\/07\/IMG_1655-96x96.jpg","caption":"Antonio Lled\u00f3 Flor"},"description":"D. Antonio Lled\u00f3 Flor, es Licenciado en Filosof\u00eda por la Universidad de Alicante. Ejecutivo de entidad financiera durante 25 a\u00f1os. Escritor, orador, divulgador y miembro del Grupo Villena desde su fundaci\u00f3n, de la que fue presidente. Fue director de la revista Amor Paz y Caridad durante diez a\u00f1os en su anterior etapa, y desde hace m\u00e1s de 35 a\u00f1os viene dictando conferencias y participando en seminarios, simposios, congresos; tanto nacionales como internacionales. Forma parte del equipo de redacci\u00f3n de dicha revista, actualmente en formato web, aportando art\u00edculos de inter\u00e9s y permanente actualidad.","sameAs":["http:\/\/www.amorpazycaridad.com"],"url":"https:\/\/amorpazy-cp515.wordpresstemporal.com\/amorpazycaridad.es\/author\/antonio\/"}]}},"authors":[{"term_id":407,"user_id":0,"is_guest":1,"slug":"cap-antonio","display_name":"Antonio","avatar_url":"https:\/\/secure.gravatar.com\/avatar\/?s=96&d=mm&r=g","0":null,"1":"","2":"","3":"","4":"","5":"","6":"","7":"","8":""}],"_links":{"self":[{"href":"https:\/\/amorpazy-cp515.wordpresstemporal.com\/amorpazycaridad.es\/wp-json\/wp\/v2\/posts\/76","targetHints":{"allow":["GET"]}}],"collection":[{"href":"https:\/\/amorpazy-cp515.wordpresstemporal.com\/amorpazycaridad.es\/wp-json\/wp\/v2\/posts"}],"about":[{"href":"https:\/\/amorpazy-cp515.wordpresstemporal.com\/amorpazycaridad.es\/wp-json\/wp\/v2\/types\/post"}],"author":[{"embeddable":true,"href":"https:\/\/amorpazy-cp515.wordpresstemporal.com\/amorpazycaridad.es\/wp-json\/wp\/v2\/users\/6"}],"replies":[{"embeddable":true,"href":"https:\/\/amorpazy-cp515.wordpresstemporal.com\/amorpazycaridad.es\/wp-json\/wp\/v2\/comments?post=76"}],"version-history":[{"count":2,"href":"https:\/\/amorpazy-cp515.wordpresstemporal.com\/amorpazycaridad.es\/wp-json\/wp\/v2\/posts\/76\/revisions"}],"predecessor-version":[{"id":2620,"href":"https:\/\/amorpazy-cp515.wordpresstemporal.com\/amorpazycaridad.es\/wp-json\/wp\/v2\/posts\/76\/revisions\/2620"}],"wp:attachment":[{"href":"https:\/\/amorpazy-cp515.wordpresstemporal.com\/amorpazycaridad.es\/wp-json\/wp\/v2\/media?parent=76"}],"wp:term":[{"taxonomy":"category","embeddable":true,"href":"https:\/\/amorpazy-cp515.wordpresstemporal.com\/amorpazycaridad.es\/wp-json\/wp\/v2\/categories?post=76"},{"taxonomy":"post_tag","embeddable":true,"href":"https:\/\/amorpazy-cp515.wordpresstemporal.com\/amorpazycaridad.es\/wp-json\/wp\/v2\/tags?post=76"},{"taxonomy":"author","embeddable":true,"href":"https:\/\/amorpazy-cp515.wordpresstemporal.com\/amorpazycaridad.es\/wp-json\/wp\/v2\/ppma_author?post=76"}],"curies":[{"name":"wp","href":"https:\/\/api.w.org\/{rel}","templated":true}]}}