{"id":757,"date":"2007-10-18T22:10:00","date_gmt":"2007-10-18T22:10:00","guid":{"rendered":"https:\/\/amorpazycaridad.es\/uncategorized\/leyes-universales-82\/"},"modified":"2014-10-30T14:08:00","modified_gmt":"2014-10-30T14:08:00","slug":"leyes-universales-82","status":"publish","type":"post","link":"https:\/\/amorpazy-cp515.wordpresstemporal.com\/amorpazycaridad.es\/leyes-universales-82\/","title":{"rendered":"LEYES UNIVERSALES"},"content":{"rendered":"<div align=\"center\"><span style=\"color: #009900;\">B\u00fasqueda de la Verdad<\/span><\/div>\n<div align=\"justify\"><\/div>\n<div align=\"justify\">Es deber de todo ser humano que ha llegado a una mediana evoluci\u00f3n, buscar la luz de la Verdad. M\u00e1s para encontrarla, necesario es estar pose\u00eddo de gran anhelo y no de una mera curiosidad, necesario es buscarla con mente clara, libre de preconceptos, libre de prejuicios y sectarismo, y un coraz\u00f3n limpio de ambiciones personales.<br \/><a name='more'><\/a> <\/div>\n<div align=\"justify\">En la b\u00fasqueda de la Verdad, jam\u00e1s pretendamos encontrar una Verdad que se acomode a nuestras creencias, ya que de ese modo la mente no est\u00e1 libre para identificarla, pues la Verdad tiene m\u00faltiples aspectos, y cada cual ira comprendiendo aquellos aspectos de verdad que su capacidad intelectual pueda asimilar. <\/div>\n<div align=\"justify\">Ninguna religi\u00f3n ni filosof\u00eda puede satisfacer a todos, dado que nuestro conglomerado humano se halla en diversos estados de evoluci\u00f3n mental y espiritual. La Verdad es Una, pero infinita en su manifestaciones; y diversos son los aspectos conocidos y por conocer. Y cada cual percibir\u00e1 y tan solo aceptara aquellos aspectos de la Verdad que sea capaz de comprender, ya que su capacidad intelectiva y conceptual no podr\u00e1 captar m\u00e1s all\u00e1 de su desarrollo.<\/div>\n<div align=\"justify\">La Verdad no ha sido nunca privilegio ni propiedad exclusiva de ninguna religi\u00f3n, grupo o secta; ha sido y ser\u00e1 siempre de todo aqu\u00e9l que la busque con la mente libre de ideas preconcebidas, de prejuicios, de partidismo, con sana intenci\u00f3n y coraz\u00f3n libre de ambiciones personales. Y el hombre a medida que va avanzando en el camino de la Verdad, m\u00e1s se conoce a si mismo y el por qu\u00e9 de su existencia, y m\u00e1s claramente ve sus errores. <\/div>\n<div align=\"justify\">\u201cCONOCEREIS LA VERDAD Y LA VERDAD OS HARA LIBRES\u201d- rezan las versiones actuales del nuevo testamento- como palabras de aqu\u00e9l filosofo incomprendido, llamado Jes\u00fas de Nazaret, que vino a nuestro mundo en misi\u00f3n de ense\u00f1ar a las gentes el camino de su propia felicidad, con sus ense\u00f1anzas de amor para una vida arm\u00f3nica y feliz. <\/div>\n<div align=\"justify\">Todo dogma limita la libertad de pensamiento, es una valla que impide el avance hacia el progreso intelectual y moral, y por a\u00f1adidura espiritual de la humanidad. Es por ello que no debemos aferrarnos a ning\u00fan concepto dogm\u00e1tico, si esos conceptos no resisten el an\u00e1lisis de la l\u00f3gica; porque, ello impide avanzar en el camino del progreso. <\/div>\n<div align=\"justify\">Debemos de saber que nuestra humanidad esta llegando ya a su madurez, y siente la necesidad de conocer La Verdad de la Vida. Queremos saber el por qu\u00e9 de la vida y sus problemas; queremos conocer el por qu\u00e9 de nuestra existencia, de donde venimos y hacia donde vamos. Es necesidad inaplazable el conocimiento de las Leyes Espirituales, que son Leyes Divinas, porque el desconocimiento de las mismas nos expone d\u00eda a d\u00eda a obrar contra ellas, creando desarmon\u00eda y consecuencias dolorosas. <\/div>\n<div align=\"justify\">\u201cCONOCEREIS LA VERDAD Y LA VERDAD OS HARA LIBRES\u201d- dijo el maestro -. Libres del error, de la mentira, del enga\u00f1o, de los conceptos dogm\u00e1ticos libres de la hipocres\u00eda, de los prejuicios, de la explotaci\u00f3n de la ignorancia, pero muchos hay, que prefieren el error y la mentira, a la verdad pura; porque, en su ego\u00edsmo no quieren escuchar, no quieren mirar, la ambici\u00f3n cierra sus ojos a la Luz, y en su orgullo y vanidad dan la espalda a La Verdad, sin pararse a meditar en las consecuencias. Para estos hablar\u00e1 el dolor. <\/div>\n<div align=\"justify\">Se llega a ser libre: cuando dirigimos nuestra vidad conscientemente; cuando dominamos los impulsos y las pasiones; cuando escuchamos la voz de la silenciosa conciencia; cuando nos sobreponemos \u201cal que dir\u00e1n \u201c; a los convencionalismos sociales y desafiamos todo prejuicio. Porque, \u00bf de que nos habr\u00e1 servido venir a esta vida si no logramos superarnos espiritualmente?. <\/div>\n<div align=\"justify\">La ignorancia espiritual es cadena que ata al hombre al fanatismo y al materialismo, los cuales, son a su vez, la puerta de entrada a todos los males. <\/div>\n<div align=\"right\">SEBASTIAN DE ARAUCO <\/div>\n","protected":false},"excerpt":{"rendered":"<p>B\u00fasqueda de la Verdad Es deber de todo ser humano que ha llegado a una mediana evoluci\u00f3n, buscar la luz de la Verdad. M\u00e1s para encontrarla, necesario es estar pose\u00eddo de gran anhelo y no de una mera curiosidad, necesario es buscarla con mente clara, libre de preconceptos, libre de prejuicios y sectarismo, y un [&hellip;]<\/p>\n","protected":false},"author":2,"featured_media":0,"comment_status":"open","ping_status":"open","sticky":false,"template":"","format":"standard","meta":{"tdm_status":"","tdm_grid_status":"","footnotes":""},"categories":[1],"tags":[],"ppma_author":[392,396],"class_list":{"0":"post-757","1":"post","2":"type-post","3":"status-publish","4":"format-standard","6":"category-sin-categoria"},"yoast_head":"<!-- This site is optimized with the Yoast SEO plugin v27.7 - https:\/\/yoast.com\/product\/yoast-seo-wordpress\/ -->\n<title>LEYES UNIVERSALES | Amor, paz caridad<\/title>\n<meta name=\"robots\" content=\"index, follow, max-snippet:-1, max-image-preview:large, max-video-preview:-1\" \/>\n<link rel=\"canonical\" href=\"https:\/\/amorpazy-cp515.wordpresstemporal.com\/amorpazycaridad.es\/leyes-universales-82\/\" \/>\n<meta property=\"og:locale\" content=\"es_ES\" \/>\n<meta property=\"og:type\" content=\"article\" \/>\n<meta property=\"og:title\" content=\"LEYES UNIVERSALES | Amor, paz caridad\" \/>\n<meta property=\"og:description\" content=\"B\u00fasqueda de la Verdad Es deber de todo ser humano que ha llegado a una mediana evoluci\u00f3n, buscar la luz de la Verdad. M\u00e1s para encontrarla, necesario es estar pose\u00eddo de gran anhelo y no de una mera curiosidad, necesario es buscarla con mente clara, libre de preconceptos, libre de prejuicios y sectarismo, y un [&hellip;]\" \/>\n<meta property=\"og:url\" content=\"https:\/\/amorpazy-cp515.wordpresstemporal.com\/amorpazycaridad.es\/leyes-universales-82\/\" \/>\n<meta property=\"og:site_name\" content=\"Amor, paz caridad\" \/>\n<meta property=\"article:publisher\" content=\"http:\/\/www.facebook.com\/pages\/Amor-paz-y-caridad\/1594978604096866\" \/>\n<meta property=\"article:published_time\" content=\"2007-10-18T22:10:00+00:00\" \/>\n<meta property=\"article:modified_time\" content=\"2014-10-30T14:08:00+00:00\" \/>\n<meta name=\"author\" content=\"benjamin, Redaccion\" \/>\n<meta name=\"twitter:card\" content=\"summary_large_image\" \/>\n<meta name=\"twitter:creator\" content=\"@amorpazycaridad\" \/>\n<meta name=\"twitter:site\" content=\"@amorpazycaridad\" \/>\n<meta name=\"twitter:label1\" content=\"Escrito por\" \/>\n\t<meta name=\"twitter:data1\" content=\"Redacci\u00f3n\" \/>\n\t<meta name=\"twitter:label2\" content=\"Tiempo de lectura\" \/>\n\t<meta name=\"twitter:data2\" content=\"3 minutos\" \/>\n<script type=\"application\/ld+json\" class=\"yoast-schema-graph\">{\"@context\":\"https:\\\/\\\/schema.org\",\"@graph\":[{\"@type\":\"Article\",\"@id\":\"https:\\\/\\\/amorpazy-cp515.wordpresstemporal.com\\\/amorpazycaridad.es\\\/leyes-universales-82\\\/#article\",\"isPartOf\":{\"@id\":\"https:\\\/\\\/amorpazy-cp515.wordpresstemporal.com\\\/amorpazycaridad.es\\\/leyes-universales-82\\\/\"},\"author\":{\"name\":\"Redacci\u00f3n\",\"@id\":\"https:\\\/\\\/amorpazycaridad.es\\\/#\\\/schema\\\/person\\\/44cbc218f1b29f65390e7c8a4fd0c28d\"},\"headline\":\"LEYES UNIVERSALES\",\"datePublished\":\"2007-10-18T22:10:00+00:00\",\"dateModified\":\"2014-10-30T14:08:00+00:00\",\"mainEntityOfPage\":{\"@id\":\"https:\\\/\\\/amorpazy-cp515.wordpresstemporal.com\\\/amorpazycaridad.es\\\/leyes-universales-82\\\/\"},\"wordCount\":680,\"commentCount\":0,\"publisher\":{\"@id\":\"https:\\\/\\\/amorpazycaridad.es\\\/#organization\"},\"inLanguage\":\"es\",\"potentialAction\":[{\"@type\":\"CommentAction\",\"name\":\"Comment\",\"target\":[\"https:\\\/\\\/amorpazy-cp515.wordpresstemporal.com\\\/amorpazycaridad.es\\\/leyes-universales-82\\\/#respond\"]}]},{\"@type\":\"WebPage\",\"@id\":\"https:\\\/\\\/amorpazy-cp515.wordpresstemporal.com\\\/amorpazycaridad.es\\\/leyes-universales-82\\\/\",\"url\":\"https:\\\/\\\/amorpazy-cp515.wordpresstemporal.com\\\/amorpazycaridad.es\\\/leyes-universales-82\\\/\",\"name\":\"LEYES UNIVERSALES | Amor, paz caridad\",\"isPartOf\":{\"@id\":\"https:\\\/\\\/amorpazycaridad.es\\\/#website\"},\"datePublished\":\"2007-10-18T22:10:00+00:00\",\"dateModified\":\"2014-10-30T14:08:00+00:00\",\"breadcrumb\":{\"@id\":\"https:\\\/\\\/amorpazy-cp515.wordpresstemporal.com\\\/amorpazycaridad.es\\\/leyes-universales-82\\\/#breadcrumb\"},\"inLanguage\":\"es\",\"potentialAction\":[{\"@type\":\"ReadAction\",\"target\":[\"https:\\\/\\\/amorpazy-cp515.wordpresstemporal.com\\\/amorpazycaridad.es\\\/leyes-universales-82\\\/\"]}]},{\"@type\":\"BreadcrumbList\",\"@id\":\"https:\\\/\\\/amorpazy-cp515.wordpresstemporal.com\\\/amorpazycaridad.es\\\/leyes-universales-82\\\/#breadcrumb\",\"itemListElement\":[{\"@type\":\"ListItem\",\"position\":1,\"name\":\"Portada\",\"item\":\"https:\\\/\\\/amorpazycaridad.es\\\/\"},{\"@type\":\"ListItem\",\"position\":2,\"name\":\"LEYES UNIVERSALES\"}]},{\"@type\":\"WebSite\",\"@id\":\"https:\\\/\\\/amorpazycaridad.es\\\/#website\",\"url\":\"https:\\\/\\\/amorpazycaridad.es\\\/\",\"name\":\"Amor, paz caridad\",\"description\":\"Conocimiento espiritual, espiritismo, espiritualismo, leyes universales, m\u00e1s all\u00e1, vida despu\u00e9s de la vida,\",\"publisher\":{\"@id\":\"https:\\\/\\\/amorpazycaridad.es\\\/#organization\"},\"potentialAction\":[{\"@type\":\"SearchAction\",\"target\":{\"@type\":\"EntryPoint\",\"urlTemplate\":\"https:\\\/\\\/amorpazycaridad.es\\\/?s={search_term_string}\"},\"query-input\":{\"@type\":\"PropertyValueSpecification\",\"valueRequired\":true,\"valueName\":\"search_term_string\"}}],\"inLanguage\":\"es\"},{\"@type\":\"Organization\",\"@id\":\"https:\\\/\\\/amorpazycaridad.es\\\/#organization\",\"name\":\"Asociaci\u00f3n de Estudios Espirituales Grupo Villena\",\"url\":\"https:\\\/\\\/amorpazycaridad.es\\\/\",\"logo\":{\"@type\":\"ImageObject\",\"inLanguage\":\"es\",\"@id\":\"https:\\\/\\\/amorpazycaridad.es\\\/#\\\/schema\\\/logo\\\/image\\\/\",\"url\":\"https:\\\/\\\/amorpazycaridad.es\\\/wp-content\\\/uploads\\\/2015\\\/01\\\/logo-fav-e1420247830294.jpg\",\"contentUrl\":\"https:\\\/\\\/amorpazycaridad.es\\\/wp-content\\\/uploads\\\/2015\\\/01\\\/logo-fav-e1420247830294.jpg\",\"width\":144,\"height\":144,\"caption\":\"Asociaci\u00f3n de Estudios Espirituales Grupo Villena\"},\"image\":{\"@id\":\"https:\\\/\\\/amorpazycaridad.es\\\/#\\\/schema\\\/logo\\\/image\\\/\"},\"sameAs\":[\"http:\\\/\\\/www.facebook.com\\\/pages\\\/Amor-paz-y-caridad\\\/1594978604096866\",\"https:\\\/\\\/x.com\\\/amorpazycaridad\",\"https:\\\/\\\/es.pinterest.com\\\/amorpazycaridad\\\/\",\"https:\\\/\\\/www.youtube.com\\\/channel\\\/UC1GvDIDCLoL02SzOD7NJdrA\"]},{\"@type\":\"Person\",\"@id\":\"https:\\\/\\\/amorpazycaridad.es\\\/#\\\/schema\\\/person\\\/44cbc218f1b29f65390e7c8a4fd0c28d\",\"name\":\"Redacci\u00f3n\",\"image\":{\"@type\":\"ImageObject\",\"inLanguage\":\"es\",\"@id\":\"https:\\\/\\\/amorpazycaridad.es\\\/wp-content\\\/uploads\\\/2015\\\/01\\\/icono-114-96x96.jpg73ca1ff604f9e7c7607bbbfa84b61c44\",\"url\":\"https:\\\/\\\/amorpazycaridad.es\\\/wp-content\\\/uploads\\\/2015\\\/01\\\/icono-114-96x96.jpg\",\"contentUrl\":\"https:\\\/\\\/amorpazycaridad.es\\\/wp-content\\\/uploads\\\/2015\\\/01\\\/icono-114-96x96.jpg\",\"caption\":\"Redacci\u00f3n\"},\"sameAs\":[\"http:\\\/\\\/www.amorpazycaridad.com\"],\"url\":\"https:\\\/\\\/amorpazy-cp515.wordpresstemporal.com\\\/amorpazycaridad.es\\\/author\\\/redaccion\\\/\"}]}<\/script>\n<!-- \/ Yoast SEO plugin. -->","yoast_head_json":{"title":"LEYES UNIVERSALES | Amor, paz caridad","robots":{"index":"index","follow":"follow","max-snippet":"max-snippet:-1","max-image-preview":"max-image-preview:large","max-video-preview":"max-video-preview:-1"},"canonical":"https:\/\/amorpazy-cp515.wordpresstemporal.com\/amorpazycaridad.es\/leyes-universales-82\/","og_locale":"es_ES","og_type":"article","og_title":"LEYES UNIVERSALES | Amor, paz caridad","og_description":"B\u00fasqueda de la Verdad Es deber de todo ser humano que ha llegado a una mediana evoluci\u00f3n, buscar la luz de la Verdad. M\u00e1s para encontrarla, necesario es estar pose\u00eddo de gran anhelo y no de una mera curiosidad, necesario es buscarla con mente clara, libre de preconceptos, libre de prejuicios y sectarismo, y un [&hellip;]","og_url":"https:\/\/amorpazy-cp515.wordpresstemporal.com\/amorpazycaridad.es\/leyes-universales-82\/","og_site_name":"Amor, paz caridad","article_publisher":"http:\/\/www.facebook.com\/pages\/Amor-paz-y-caridad\/1594978604096866","article_published_time":"2007-10-18T22:10:00+00:00","article_modified_time":"2014-10-30T14:08:00+00:00","author":"benjamin, Redaccion","twitter_card":"summary_large_image","twitter_creator":"@amorpazycaridad","twitter_site":"@amorpazycaridad","twitter_misc":{"Escrito por":"Redacci\u00f3n","Tiempo de lectura":"3 minutos"},"schema":{"@context":"https:\/\/schema.org","@graph":[{"@type":"Article","@id":"https:\/\/amorpazy-cp515.wordpresstemporal.com\/amorpazycaridad.es\/leyes-universales-82\/#article","isPartOf":{"@id":"https:\/\/amorpazy-cp515.wordpresstemporal.com\/amorpazycaridad.es\/leyes-universales-82\/"},"author":{"name":"Redacci\u00f3n","@id":"https:\/\/amorpazycaridad.es\/#\/schema\/person\/44cbc218f1b29f65390e7c8a4fd0c28d"},"headline":"LEYES UNIVERSALES","datePublished":"2007-10-18T22:10:00+00:00","dateModified":"2014-10-30T14:08:00+00:00","mainEntityOfPage":{"@id":"https:\/\/amorpazy-cp515.wordpresstemporal.com\/amorpazycaridad.es\/leyes-universales-82\/"},"wordCount":680,"commentCount":0,"publisher":{"@id":"https:\/\/amorpazycaridad.es\/#organization"},"inLanguage":"es","potentialAction":[{"@type":"CommentAction","name":"Comment","target":["https:\/\/amorpazy-cp515.wordpresstemporal.com\/amorpazycaridad.es\/leyes-universales-82\/#respond"]}]},{"@type":"WebPage","@id":"https:\/\/amorpazy-cp515.wordpresstemporal.com\/amorpazycaridad.es\/leyes-universales-82\/","url":"https:\/\/amorpazy-cp515.wordpresstemporal.com\/amorpazycaridad.es\/leyes-universales-82\/","name":"LEYES UNIVERSALES | Amor, paz caridad","isPartOf":{"@id":"https:\/\/amorpazycaridad.es\/#website"},"datePublished":"2007-10-18T22:10:00+00:00","dateModified":"2014-10-30T14:08:00+00:00","breadcrumb":{"@id":"https:\/\/amorpazy-cp515.wordpresstemporal.com\/amorpazycaridad.es\/leyes-universales-82\/#breadcrumb"},"inLanguage":"es","potentialAction":[{"@type":"ReadAction","target":["https:\/\/amorpazy-cp515.wordpresstemporal.com\/amorpazycaridad.es\/leyes-universales-82\/"]}]},{"@type":"BreadcrumbList","@id":"https:\/\/amorpazy-cp515.wordpresstemporal.com\/amorpazycaridad.es\/leyes-universales-82\/#breadcrumb","itemListElement":[{"@type":"ListItem","position":1,"name":"Portada","item":"https:\/\/amorpazycaridad.es\/"},{"@type":"ListItem","position":2,"name":"LEYES UNIVERSALES"}]},{"@type":"WebSite","@id":"https:\/\/amorpazycaridad.es\/#website","url":"https:\/\/amorpazycaridad.es\/","name":"Amor, paz caridad","description":"Conocimiento espiritual, espiritismo, espiritualismo, leyes universales, m\u00e1s all\u00e1, vida despu\u00e9s de la vida,","publisher":{"@id":"https:\/\/amorpazycaridad.es\/#organization"},"potentialAction":[{"@type":"SearchAction","target":{"@type":"EntryPoint","urlTemplate":"https:\/\/amorpazycaridad.es\/?s={search_term_string}"},"query-input":{"@type":"PropertyValueSpecification","valueRequired":true,"valueName":"search_term_string"}}],"inLanguage":"es"},{"@type":"Organization","@id":"https:\/\/amorpazycaridad.es\/#organization","name":"Asociaci\u00f3n de Estudios Espirituales Grupo Villena","url":"https:\/\/amorpazycaridad.es\/","logo":{"@type":"ImageObject","inLanguage":"es","@id":"https:\/\/amorpazycaridad.es\/#\/schema\/logo\/image\/","url":"https:\/\/amorpazycaridad.es\/wp-content\/uploads\/2015\/01\/logo-fav-e1420247830294.jpg","contentUrl":"https:\/\/amorpazycaridad.es\/wp-content\/uploads\/2015\/01\/logo-fav-e1420247830294.jpg","width":144,"height":144,"caption":"Asociaci\u00f3n de Estudios Espirituales Grupo Villena"},"image":{"@id":"https:\/\/amorpazycaridad.es\/#\/schema\/logo\/image\/"},"sameAs":["http:\/\/www.facebook.com\/pages\/Amor-paz-y-caridad\/1594978604096866","https:\/\/x.com\/amorpazycaridad","https:\/\/es.pinterest.com\/amorpazycaridad\/","https:\/\/www.youtube.com\/channel\/UC1GvDIDCLoL02SzOD7NJdrA"]},{"@type":"Person","@id":"https:\/\/amorpazycaridad.es\/#\/schema\/person\/44cbc218f1b29f65390e7c8a4fd0c28d","name":"Redacci\u00f3n","image":{"@type":"ImageObject","inLanguage":"es","@id":"https:\/\/amorpazycaridad.es\/wp-content\/uploads\/2015\/01\/icono-114-96x96.jpg73ca1ff604f9e7c7607bbbfa84b61c44","url":"https:\/\/amorpazycaridad.es\/wp-content\/uploads\/2015\/01\/icono-114-96x96.jpg","contentUrl":"https:\/\/amorpazycaridad.es\/wp-content\/uploads\/2015\/01\/icono-114-96x96.jpg","caption":"Redacci\u00f3n"},"sameAs":["http:\/\/www.amorpazycaridad.com"],"url":"https:\/\/amorpazy-cp515.wordpresstemporal.com\/amorpazycaridad.es\/author\/redaccion\/"}]}},"authors":[{"term_id":392,"user_id":0,"is_guest":1,"slug":"cap-benjamin","display_name":"benjamin","avatar_url":"https:\/\/secure.gravatar.com\/avatar\/?s=96&d=mm&r=g","0":null,"1":"","2":"","3":"","4":"","5":"","6":"","7":"","8":""},{"term_id":396,"user_id":0,"is_guest":1,"slug":"cap-redaccion","display_name":"Redaccion","avatar_url":"https:\/\/secure.gravatar.com\/avatar\/?s=96&d=mm&r=g","0":null,"1":"","2":"","3":"","4":"","5":"","6":"","7":"","8":""}],"_links":{"self":[{"href":"https:\/\/amorpazy-cp515.wordpresstemporal.com\/amorpazycaridad.es\/wp-json\/wp\/v2\/posts\/757","targetHints":{"allow":["GET"]}}],"collection":[{"href":"https:\/\/amorpazy-cp515.wordpresstemporal.com\/amorpazycaridad.es\/wp-json\/wp\/v2\/posts"}],"about":[{"href":"https:\/\/amorpazy-cp515.wordpresstemporal.com\/amorpazycaridad.es\/wp-json\/wp\/v2\/types\/post"}],"author":[{"embeddable":true,"href":"https:\/\/amorpazy-cp515.wordpresstemporal.com\/amorpazycaridad.es\/wp-json\/wp\/v2\/users\/2"}],"replies":[{"embeddable":true,"href":"https:\/\/amorpazy-cp515.wordpresstemporal.com\/amorpazycaridad.es\/wp-json\/wp\/v2\/comments?post=757"}],"version-history":[{"count":0,"href":"https:\/\/amorpazy-cp515.wordpresstemporal.com\/amorpazycaridad.es\/wp-json\/wp\/v2\/posts\/757\/revisions"}],"wp:attachment":[{"href":"https:\/\/amorpazy-cp515.wordpresstemporal.com\/amorpazycaridad.es\/wp-json\/wp\/v2\/media?parent=757"}],"wp:term":[{"taxonomy":"category","embeddable":true,"href":"https:\/\/amorpazy-cp515.wordpresstemporal.com\/amorpazycaridad.es\/wp-json\/wp\/v2\/categories?post=757"},{"taxonomy":"post_tag","embeddable":true,"href":"https:\/\/amorpazy-cp515.wordpresstemporal.com\/amorpazycaridad.es\/wp-json\/wp\/v2\/tags?post=757"},{"taxonomy":"author","embeddable":true,"href":"https:\/\/amorpazy-cp515.wordpresstemporal.com\/amorpazycaridad.es\/wp-json\/wp\/v2\/ppma_author?post=757"}],"curies":[{"name":"wp","href":"https:\/\/api.w.org\/{rel}","templated":true}]}}