{"id":756,"date":"2007-10-19T22:54:00","date_gmt":"2007-10-19T22:54:00","guid":{"rendered":"https:\/\/amorpazycaridad.es\/uncategorized\/recordando-el-pasado-59\/"},"modified":"2020-11-16T09:47:23","modified_gmt":"2020-11-16T08:47:23","slug":"la-luz-del-porvenir-2","status":"publish","type":"post","link":"https:\/\/amorpazy-cp515.wordpresstemporal.com\/amorpazycaridad.es\/la-luz-del-porvenir-2\/","title":{"rendered":"LA LUZ DEL PORVENIR"},"content":{"rendered":"<p>LA LUZ DEL PORVENIR<\/p>\n<p style=\"text-align: justify;\">Hoy hace dos a\u00f1os que nuestro <em><strong>gusanito de luz<\/strong><\/em> se atrevi\u00f3 a presentarse en el mundo de las letras, y en estos dos a\u00f1os nuestro animo no ha deca\u00eddo ni un momento, convencidos de que en la tierra hay puesto para todos los que quieren trabajar; y lo mismo vive el \u00e1guila en la cumbre de las escarpadas monta\u00f1as que el topo en las entra\u00f1as de la tierra, lo mismo los arboles centenarios formando bosques impenetrables, a los cuales se les puede llamar los primeros santuarios de la creaci\u00f3n, que la planta trepadora que arraiga en las hendiduras de las rocas. Desde lo m\u00e1s grande hasta lo mas peque\u00f1o, todo tiene vida propia en el Universo; as\u00ed es que si todo lo que tiene derecho a seguir viviendo, nuestro <em><strong>gusanito de luz<\/strong><\/em> tambi\u00e9n lo tiene, y convencidos de esto, <a href=\"https:\/\/amorpazycaridad.es\/a-los-espiritistas-de-villena\/\"><strong>los espiritistas de Villena<\/strong><\/a> <em><strong>han formado el hermoso pacto de unir todos sus esfuerzos materiales, morales \u00e9 intelectuales para sostener la endeble existencia de su peque\u00f1a Luz<\/strong><\/em>, <em>y si en todos los parajes donde se comunican los esp\u00edritus los espiritistas se agruparan y se pusieran en relaci\u00f3n directa los unos con los otros, cuantos vol\u00famenes se publicar\u00edan para consuelo de los afligidos y ense\u00f1anza de los ignorantes.<\/em><\/p>\n<p style=\"text-align: justify;\">Dir\u00e1n que mucho se escribe, y que se lee muy poco, pero de este desaprovechamiento la culpa principal recae sobre <em><u>los escritores que no descienden hasta sus lectores, sino que tienen la pretensi\u00f3n de que sus lectores asciendan hasta ellos<\/u><\/em>; y esta es una pretensi\u00f3n absurda, porque el hombre que, por ejemplo, no sabe m\u00e1s que el idioma usado en su pa\u00eds natal, \u00bftendr\u00e1 inter\u00e9s en adquirir un libro escrito en franc\u00e9s, en ingl\u00e9s, o en italiano? No porque como no entiende su contenido, aquel volumen es para el un libro en blanco, y en blanco est\u00e1n muchos peri\u00f3dicos espiritistas para la masa popular que solo deletreando pueden leer lo que esta escrito en su lengua nativa.<\/p>\n<p style=\"text-align: justify;\"><em><u>Los espiritistas instruidos y hasta cient\u00edficos, deben emplear su ciencia en hacerse entender de los peque\u00f1itos, porque estos son la base de los grandes cambios sociales<\/u>. <\/em>Cristo, el ultimo redentor de nuestros d\u00edas, no se rodeo de sabios eminentes, escogi\u00f3 para su apostolado hombres sencillos, de buena voluntad, que son los que en todas las \u00e9pocas no han temido la perdida de sus goces terrenales, ni se han acobardado ante las chanzonetas de los que los han puesto en la picota del rid\u00edculo; <em><strong>sus ideales han sido mas fuertes que todas las rechiflas de las multitudes envidiosas o ignorantes; y esto les acontece a los espiritistas de Villena<\/strong><\/em>; <em><strong>por eso me asocio a ellos, porque ellos ponen en practica las aspiraciones de mi existencia actual<\/strong><\/em>:\u00a0<em><u>Trabajar en las minas del progreso, cada cual haciendo uso de las armas que posee<\/u>, <u>sin decir aqu\u00e9l vale m\u00e1s que yo, ni yo valgo m\u00e1s que la generalidad; no es uno mismo el que ha de juzgar su obra, las obras de los hombres las juzga la posteridad<\/u>.<\/em><\/p>\n<p style=\"text-align: justify;\">\u00a1<em><strong>Gusanito de Luz<\/strong><\/em>! Sigue esparciendo tu d\u00e9bil claridad y ella quiz\u00e1s iluminara nuestro camino en el espacio, cuando lleguemos a pisar las playas del m\u00e1s all\u00e1.<\/p>\n<p style=\"text-align: right;\"><a href=\"https:\/\/bibliotecaespirita.es\/amalia-domingo-soler\/\"><strong>AMALIA DOMINGO SOLER<\/strong><\/a><\/p>\n<div align=\"left\"><span style=\"font-family: times new roman; font-size: 78%;\">Publicado en: LA LUZ DEL PORVENIR Villena, 1 de Enero de 1909 &#8211; N\u00ba 49<\/span><\/div>\n","protected":false},"excerpt":{"rendered":"<p>LA LUZ DEL PORVENIR Hoy hace dos a\u00f1os que nuestro gusanito de luz se atrevi\u00f3 a presentarse en el mundo de las letras, y en estos dos a\u00f1os nuestro animo no ha deca\u00eddo ni un momento, convencidos de que en la tierra hay puesto para todos los que quieren trabajar; y lo mismo vive el [&hellip;]<\/p>\n","protected":false},"author":2,"featured_media":11021,"comment_status":"open","ping_status":"open","sticky":false,"template":"","format":"standard","meta":{"tdm_status":"","tdm_grid_status":"","footnotes":""},"categories":[4319],"tags":[59,66,167,5658,5657],"ppma_author":[396],"class_list":{"0":"post-756","1":"post","2":"type-post","3":"status-publish","4":"format-standard","5":"has-post-thumbnail","7":"category-recordando-el-pasado-2","8":"tag-la-luz-del-porvenir","9":"tag-amalia-domingo-soler","10":"tag-espiritismo","11":"tag-espiritistas-de-villena","12":"tag-gusanito-de-luz"},"yoast_head":"<!-- This site is optimized with the Yoast SEO plugin v27.7 - https:\/\/yoast.com\/product\/yoast-seo-wordpress\/ -->\n<title>LA LUZ DEL PORVENIR | AMOR, PAZ Y CARIDAD<\/title>\n<meta name=\"description\" content=\"LA LUZ DEL PORVENIR. Hoy hace dos a\u00f1os que nuestro gusanito de luz se atrevi\u00f3 a presentarse en el mundo de las letras\" \/>\n<meta name=\"robots\" content=\"index, follow, max-snippet:-1, max-image-preview:large, max-video-preview:-1\" \/>\n<link rel=\"canonical\" href=\"https:\/\/amorpazy-cp515.wordpresstemporal.com\/amorpazycaridad.es\/la-luz-del-porvenir-2\/\" \/>\n<meta property=\"og:locale\" content=\"es_ES\" \/>\n<meta property=\"og:type\" content=\"article\" \/>\n<meta property=\"og:title\" content=\"LA LUZ DEL PORVENIR | AMOR, PAZ Y CARIDAD\" \/>\n<meta property=\"og:description\" content=\"LA LUZ DEL PORVENIR. Hoy hace dos a\u00f1os que nuestro gusanito de luz se atrevi\u00f3 a presentarse en el mundo de las letras\" \/>\n<meta property=\"og:url\" content=\"https:\/\/amorpazy-cp515.wordpresstemporal.com\/amorpazycaridad.es\/la-luz-del-porvenir-2\/\" \/>\n<meta property=\"og:site_name\" content=\"Amor, paz caridad\" \/>\n<meta property=\"article:publisher\" content=\"http:\/\/www.facebook.com\/pages\/Amor-paz-y-caridad\/1594978604096866\" \/>\n<meta property=\"article:published_time\" content=\"2007-10-19T22:54:00+00:00\" \/>\n<meta property=\"article:modified_time\" content=\"2020-11-16T08:47:23+00:00\" \/>\n<meta property=\"og:image\" content=\"https:\/\/amorpazy-cp515.wordpresstemporal.com\/amorpazycaridad.es\/wp-content\/uploads\/2007\/10\/la-luz-del-porvenir-1.jpg\" \/>\n\t<meta property=\"og:image:width\" content=\"750\" \/>\n\t<meta property=\"og:image:height\" content=\"350\" \/>\n\t<meta property=\"og:image:type\" content=\"image\/jpeg\" \/>\n<meta name=\"author\" content=\"Redaccion\" \/>\n<meta name=\"twitter:card\" content=\"summary_large_image\" \/>\n<meta name=\"twitter:creator\" content=\"@amorpazycaridad\" \/>\n<meta name=\"twitter:site\" content=\"@amorpazycaridad\" \/>\n<meta name=\"twitter:label1\" content=\"Escrito por\" \/>\n\t<meta name=\"twitter:data1\" content=\"Redacci\u00f3n\" \/>\n\t<meta name=\"twitter:label2\" content=\"Tiempo de lectura\" \/>\n\t<meta name=\"twitter:data2\" content=\"3 minutos\" \/>\n<script type=\"application\/ld+json\" class=\"yoast-schema-graph\">{\"@context\":\"https:\\\/\\\/schema.org\",\"@graph\":[{\"@type\":\"Article\",\"@id\":\"https:\\\/\\\/amorpazy-cp515.wordpresstemporal.com\\\/amorpazycaridad.es\\\/la-luz-del-porvenir-2\\\/#article\",\"isPartOf\":{\"@id\":\"https:\\\/\\\/amorpazy-cp515.wordpresstemporal.com\\\/amorpazycaridad.es\\\/la-luz-del-porvenir-2\\\/\"},\"author\":{\"name\":\"Redacci\u00f3n\",\"@id\":\"https:\\\/\\\/amorpazycaridad.es\\\/#\\\/schema\\\/person\\\/44cbc218f1b29f65390e7c8a4fd0c28d\"},\"headline\":\"LA LUZ DEL PORVENIR\",\"datePublished\":\"2007-10-19T22:54:00+00:00\",\"dateModified\":\"2020-11-16T08:47:23+00:00\",\"mainEntityOfPage\":{\"@id\":\"https:\\\/\\\/amorpazy-cp515.wordpresstemporal.com\\\/amorpazycaridad.es\\\/la-luz-del-porvenir-2\\\/\"},\"wordCount\":580,\"commentCount\":0,\"publisher\":{\"@id\":\"https:\\\/\\\/amorpazycaridad.es\\\/#organization\"},\"image\":{\"@id\":\"https:\\\/\\\/amorpazy-cp515.wordpresstemporal.com\\\/amorpazycaridad.es\\\/la-luz-del-porvenir-2\\\/#primaryimage\"},\"thumbnailUrl\":\"https:\\\/\\\/amorpazy-cp515.wordpresstemporal.com\\\/amorpazycaridad.es\\\/wp-content\\\/uploads\\\/2007\\\/10\\\/la-luz-del-porvenir-1.jpg\",\"keywords\":[\"\\\"La Luz del Porvenir\\\"\",\"AMALIA DOMINGO SOLER\",\"espiritismo\",\"Espiritistas de Villena\",\"Gusanito de luz\"],\"articleSection\":[\"Recordando el pasado -\"],\"inLanguage\":\"es\",\"potentialAction\":[{\"@type\":\"CommentAction\",\"name\":\"Comment\",\"target\":[\"https:\\\/\\\/amorpazy-cp515.wordpresstemporal.com\\\/amorpazycaridad.es\\\/la-luz-del-porvenir-2\\\/#respond\"]}]},{\"@type\":\"WebPage\",\"@id\":\"https:\\\/\\\/amorpazy-cp515.wordpresstemporal.com\\\/amorpazycaridad.es\\\/la-luz-del-porvenir-2\\\/\",\"url\":\"https:\\\/\\\/amorpazy-cp515.wordpresstemporal.com\\\/amorpazycaridad.es\\\/la-luz-del-porvenir-2\\\/\",\"name\":\"LA LUZ DEL PORVENIR | AMOR, PAZ Y CARIDAD\",\"isPartOf\":{\"@id\":\"https:\\\/\\\/amorpazycaridad.es\\\/#website\"},\"primaryImageOfPage\":{\"@id\":\"https:\\\/\\\/amorpazy-cp515.wordpresstemporal.com\\\/amorpazycaridad.es\\\/la-luz-del-porvenir-2\\\/#primaryimage\"},\"image\":{\"@id\":\"https:\\\/\\\/amorpazy-cp515.wordpresstemporal.com\\\/amorpazycaridad.es\\\/la-luz-del-porvenir-2\\\/#primaryimage\"},\"thumbnailUrl\":\"https:\\\/\\\/amorpazy-cp515.wordpresstemporal.com\\\/amorpazycaridad.es\\\/wp-content\\\/uploads\\\/2007\\\/10\\\/la-luz-del-porvenir-1.jpg\",\"datePublished\":\"2007-10-19T22:54:00+00:00\",\"dateModified\":\"2020-11-16T08:47:23+00:00\",\"description\":\"LA LUZ DEL PORVENIR. Hoy hace dos a\u00f1os que nuestro gusanito de luz se atrevi\u00f3 a presentarse en el mundo de las letras\",\"breadcrumb\":{\"@id\":\"https:\\\/\\\/amorpazy-cp515.wordpresstemporal.com\\\/amorpazycaridad.es\\\/la-luz-del-porvenir-2\\\/#breadcrumb\"},\"inLanguage\":\"es\",\"potentialAction\":[{\"@type\":\"ReadAction\",\"target\":[\"https:\\\/\\\/amorpazy-cp515.wordpresstemporal.com\\\/amorpazycaridad.es\\\/la-luz-del-porvenir-2\\\/\"]}]},{\"@type\":\"ImageObject\",\"inLanguage\":\"es\",\"@id\":\"https:\\\/\\\/amorpazy-cp515.wordpresstemporal.com\\\/amorpazycaridad.es\\\/la-luz-del-porvenir-2\\\/#primaryimage\",\"url\":\"https:\\\/\\\/amorpazy-cp515.wordpresstemporal.com\\\/amorpazycaridad.es\\\/wp-content\\\/uploads\\\/2007\\\/10\\\/la-luz-del-porvenir-1.jpg\",\"contentUrl\":\"https:\\\/\\\/amorpazy-cp515.wordpresstemporal.com\\\/amorpazycaridad.es\\\/wp-content\\\/uploads\\\/2007\\\/10\\\/la-luz-del-porvenir-1.jpg\",\"width\":750,\"height\":350,\"caption\":\"La luz del porvenir Villena\"},{\"@type\":\"BreadcrumbList\",\"@id\":\"https:\\\/\\\/amorpazy-cp515.wordpresstemporal.com\\\/amorpazycaridad.es\\\/la-luz-del-porvenir-2\\\/#breadcrumb\",\"itemListElement\":[{\"@type\":\"ListItem\",\"position\":1,\"name\":\"Portada\",\"item\":\"https:\\\/\\\/amorpazycaridad.es\\\/\"},{\"@type\":\"ListItem\",\"position\":2,\"name\":\"LA LUZ DEL PORVENIR\"}]},{\"@type\":\"WebSite\",\"@id\":\"https:\\\/\\\/amorpazycaridad.es\\\/#website\",\"url\":\"https:\\\/\\\/amorpazycaridad.es\\\/\",\"name\":\"Amor, paz caridad\",\"description\":\"Conocimiento espiritual, espiritismo, espiritualismo, leyes universales, m\u00e1s all\u00e1, vida despu\u00e9s de la vida,\",\"publisher\":{\"@id\":\"https:\\\/\\\/amorpazycaridad.es\\\/#organization\"},\"potentialAction\":[{\"@type\":\"SearchAction\",\"target\":{\"@type\":\"EntryPoint\",\"urlTemplate\":\"https:\\\/\\\/amorpazycaridad.es\\\/?s={search_term_string}\"},\"query-input\":{\"@type\":\"PropertyValueSpecification\",\"valueRequired\":true,\"valueName\":\"search_term_string\"}}],\"inLanguage\":\"es\"},{\"@type\":\"Organization\",\"@id\":\"https:\\\/\\\/amorpazycaridad.es\\\/#organization\",\"name\":\"Asociaci\u00f3n de Estudios Espirituales Grupo Villena\",\"url\":\"https:\\\/\\\/amorpazycaridad.es\\\/\",\"logo\":{\"@type\":\"ImageObject\",\"inLanguage\":\"es\",\"@id\":\"https:\\\/\\\/amorpazycaridad.es\\\/#\\\/schema\\\/logo\\\/image\\\/\",\"url\":\"https:\\\/\\\/amorpazycaridad.es\\\/wp-content\\\/uploads\\\/2015\\\/01\\\/logo-fav-e1420247830294.jpg\",\"contentUrl\":\"https:\\\/\\\/amorpazycaridad.es\\\/wp-content\\\/uploads\\\/2015\\\/01\\\/logo-fav-e1420247830294.jpg\",\"width\":144,\"height\":144,\"caption\":\"Asociaci\u00f3n de Estudios Espirituales Grupo Villena\"},\"image\":{\"@id\":\"https:\\\/\\\/amorpazycaridad.es\\\/#\\\/schema\\\/logo\\\/image\\\/\"},\"sameAs\":[\"http:\\\/\\\/www.facebook.com\\\/pages\\\/Amor-paz-y-caridad\\\/1594978604096866\",\"https:\\\/\\\/x.com\\\/amorpazycaridad\",\"https:\\\/\\\/es.pinterest.com\\\/amorpazycaridad\\\/\",\"https:\\\/\\\/www.youtube.com\\\/channel\\\/UC1GvDIDCLoL02SzOD7NJdrA\"]},{\"@type\":\"Person\",\"@id\":\"https:\\\/\\\/amorpazycaridad.es\\\/#\\\/schema\\\/person\\\/44cbc218f1b29f65390e7c8a4fd0c28d\",\"name\":\"Redacci\u00f3n\",\"image\":{\"@type\":\"ImageObject\",\"inLanguage\":\"es\",\"@id\":\"https:\\\/\\\/amorpazycaridad.es\\\/wp-content\\\/uploads\\\/2015\\\/01\\\/icono-114-96x96.jpg73ca1ff604f9e7c7607bbbfa84b61c44\",\"url\":\"https:\\\/\\\/amorpazycaridad.es\\\/wp-content\\\/uploads\\\/2015\\\/01\\\/icono-114-96x96.jpg\",\"contentUrl\":\"https:\\\/\\\/amorpazycaridad.es\\\/wp-content\\\/uploads\\\/2015\\\/01\\\/icono-114-96x96.jpg\",\"caption\":\"Redacci\u00f3n\"},\"sameAs\":[\"http:\\\/\\\/www.amorpazycaridad.com\"],\"url\":\"https:\\\/\\\/amorpazy-cp515.wordpresstemporal.com\\\/amorpazycaridad.es\\\/author\\\/redaccion\\\/\"}]}<\/script>\n<!-- \/ Yoast SEO plugin. -->","yoast_head_json":{"title":"LA LUZ DEL PORVENIR | AMOR, PAZ Y CARIDAD","description":"LA LUZ DEL PORVENIR. Hoy hace dos a\u00f1os que nuestro gusanito de luz se atrevi\u00f3 a presentarse en el mundo de las letras","robots":{"index":"index","follow":"follow","max-snippet":"max-snippet:-1","max-image-preview":"max-image-preview:large","max-video-preview":"max-video-preview:-1"},"canonical":"https:\/\/amorpazy-cp515.wordpresstemporal.com\/amorpazycaridad.es\/la-luz-del-porvenir-2\/","og_locale":"es_ES","og_type":"article","og_title":"LA LUZ DEL PORVENIR | AMOR, PAZ Y CARIDAD","og_description":"LA LUZ DEL PORVENIR. Hoy hace dos a\u00f1os que nuestro gusanito de luz se atrevi\u00f3 a presentarse en el mundo de las letras","og_url":"https:\/\/amorpazy-cp515.wordpresstemporal.com\/amorpazycaridad.es\/la-luz-del-porvenir-2\/","og_site_name":"Amor, paz caridad","article_publisher":"http:\/\/www.facebook.com\/pages\/Amor-paz-y-caridad\/1594978604096866","article_published_time":"2007-10-19T22:54:00+00:00","article_modified_time":"2020-11-16T08:47:23+00:00","og_image":[{"width":750,"height":350,"url":"https:\/\/amorpazy-cp515.wordpresstemporal.com\/amorpazycaridad.es\/wp-content\/uploads\/2007\/10\/la-luz-del-porvenir-1.jpg","type":"image\/jpeg"}],"author":"Redaccion","twitter_card":"summary_large_image","twitter_creator":"@amorpazycaridad","twitter_site":"@amorpazycaridad","twitter_misc":{"Escrito por":"Redacci\u00f3n","Tiempo de lectura":"3 minutos"},"schema":{"@context":"https:\/\/schema.org","@graph":[{"@type":"Article","@id":"https:\/\/amorpazy-cp515.wordpresstemporal.com\/amorpazycaridad.es\/la-luz-del-porvenir-2\/#article","isPartOf":{"@id":"https:\/\/amorpazy-cp515.wordpresstemporal.com\/amorpazycaridad.es\/la-luz-del-porvenir-2\/"},"author":{"name":"Redacci\u00f3n","@id":"https:\/\/amorpazycaridad.es\/#\/schema\/person\/44cbc218f1b29f65390e7c8a4fd0c28d"},"headline":"LA LUZ DEL PORVENIR","datePublished":"2007-10-19T22:54:00+00:00","dateModified":"2020-11-16T08:47:23+00:00","mainEntityOfPage":{"@id":"https:\/\/amorpazy-cp515.wordpresstemporal.com\/amorpazycaridad.es\/la-luz-del-porvenir-2\/"},"wordCount":580,"commentCount":0,"publisher":{"@id":"https:\/\/amorpazycaridad.es\/#organization"},"image":{"@id":"https:\/\/amorpazy-cp515.wordpresstemporal.com\/amorpazycaridad.es\/la-luz-del-porvenir-2\/#primaryimage"},"thumbnailUrl":"https:\/\/amorpazy-cp515.wordpresstemporal.com\/amorpazycaridad.es\/wp-content\/uploads\/2007\/10\/la-luz-del-porvenir-1.jpg","keywords":["\"La Luz del Porvenir\"","AMALIA DOMINGO SOLER","espiritismo","Espiritistas de Villena","Gusanito de luz"],"articleSection":["Recordando el pasado -"],"inLanguage":"es","potentialAction":[{"@type":"CommentAction","name":"Comment","target":["https:\/\/amorpazy-cp515.wordpresstemporal.com\/amorpazycaridad.es\/la-luz-del-porvenir-2\/#respond"]}]},{"@type":"WebPage","@id":"https:\/\/amorpazy-cp515.wordpresstemporal.com\/amorpazycaridad.es\/la-luz-del-porvenir-2\/","url":"https:\/\/amorpazy-cp515.wordpresstemporal.com\/amorpazycaridad.es\/la-luz-del-porvenir-2\/","name":"LA LUZ DEL PORVENIR | AMOR, PAZ Y CARIDAD","isPartOf":{"@id":"https:\/\/amorpazycaridad.es\/#website"},"primaryImageOfPage":{"@id":"https:\/\/amorpazy-cp515.wordpresstemporal.com\/amorpazycaridad.es\/la-luz-del-porvenir-2\/#primaryimage"},"image":{"@id":"https:\/\/amorpazy-cp515.wordpresstemporal.com\/amorpazycaridad.es\/la-luz-del-porvenir-2\/#primaryimage"},"thumbnailUrl":"https:\/\/amorpazy-cp515.wordpresstemporal.com\/amorpazycaridad.es\/wp-content\/uploads\/2007\/10\/la-luz-del-porvenir-1.jpg","datePublished":"2007-10-19T22:54:00+00:00","dateModified":"2020-11-16T08:47:23+00:00","description":"LA LUZ DEL PORVENIR. Hoy hace dos a\u00f1os que nuestro gusanito de luz se atrevi\u00f3 a presentarse en el mundo de las letras","breadcrumb":{"@id":"https:\/\/amorpazy-cp515.wordpresstemporal.com\/amorpazycaridad.es\/la-luz-del-porvenir-2\/#breadcrumb"},"inLanguage":"es","potentialAction":[{"@type":"ReadAction","target":["https:\/\/amorpazy-cp515.wordpresstemporal.com\/amorpazycaridad.es\/la-luz-del-porvenir-2\/"]}]},{"@type":"ImageObject","inLanguage":"es","@id":"https:\/\/amorpazy-cp515.wordpresstemporal.com\/amorpazycaridad.es\/la-luz-del-porvenir-2\/#primaryimage","url":"https:\/\/amorpazy-cp515.wordpresstemporal.com\/amorpazycaridad.es\/wp-content\/uploads\/2007\/10\/la-luz-del-porvenir-1.jpg","contentUrl":"https:\/\/amorpazy-cp515.wordpresstemporal.com\/amorpazycaridad.es\/wp-content\/uploads\/2007\/10\/la-luz-del-porvenir-1.jpg","width":750,"height":350,"caption":"La luz del porvenir Villena"},{"@type":"BreadcrumbList","@id":"https:\/\/amorpazy-cp515.wordpresstemporal.com\/amorpazycaridad.es\/la-luz-del-porvenir-2\/#breadcrumb","itemListElement":[{"@type":"ListItem","position":1,"name":"Portada","item":"https:\/\/amorpazycaridad.es\/"},{"@type":"ListItem","position":2,"name":"LA LUZ DEL PORVENIR"}]},{"@type":"WebSite","@id":"https:\/\/amorpazycaridad.es\/#website","url":"https:\/\/amorpazycaridad.es\/","name":"Amor, paz caridad","description":"Conocimiento espiritual, espiritismo, espiritualismo, leyes universales, m\u00e1s all\u00e1, vida despu\u00e9s de la vida,","publisher":{"@id":"https:\/\/amorpazycaridad.es\/#organization"},"potentialAction":[{"@type":"SearchAction","target":{"@type":"EntryPoint","urlTemplate":"https:\/\/amorpazycaridad.es\/?s={search_term_string}"},"query-input":{"@type":"PropertyValueSpecification","valueRequired":true,"valueName":"search_term_string"}}],"inLanguage":"es"},{"@type":"Organization","@id":"https:\/\/amorpazycaridad.es\/#organization","name":"Asociaci\u00f3n de Estudios Espirituales Grupo Villena","url":"https:\/\/amorpazycaridad.es\/","logo":{"@type":"ImageObject","inLanguage":"es","@id":"https:\/\/amorpazycaridad.es\/#\/schema\/logo\/image\/","url":"https:\/\/amorpazycaridad.es\/wp-content\/uploads\/2015\/01\/logo-fav-e1420247830294.jpg","contentUrl":"https:\/\/amorpazycaridad.es\/wp-content\/uploads\/2015\/01\/logo-fav-e1420247830294.jpg","width":144,"height":144,"caption":"Asociaci\u00f3n de Estudios Espirituales Grupo Villena"},"image":{"@id":"https:\/\/amorpazycaridad.es\/#\/schema\/logo\/image\/"},"sameAs":["http:\/\/www.facebook.com\/pages\/Amor-paz-y-caridad\/1594978604096866","https:\/\/x.com\/amorpazycaridad","https:\/\/es.pinterest.com\/amorpazycaridad\/","https:\/\/www.youtube.com\/channel\/UC1GvDIDCLoL02SzOD7NJdrA"]},{"@type":"Person","@id":"https:\/\/amorpazycaridad.es\/#\/schema\/person\/44cbc218f1b29f65390e7c8a4fd0c28d","name":"Redacci\u00f3n","image":{"@type":"ImageObject","inLanguage":"es","@id":"https:\/\/amorpazycaridad.es\/wp-content\/uploads\/2015\/01\/icono-114-96x96.jpg73ca1ff604f9e7c7607bbbfa84b61c44","url":"https:\/\/amorpazycaridad.es\/wp-content\/uploads\/2015\/01\/icono-114-96x96.jpg","contentUrl":"https:\/\/amorpazycaridad.es\/wp-content\/uploads\/2015\/01\/icono-114-96x96.jpg","caption":"Redacci\u00f3n"},"sameAs":["http:\/\/www.amorpazycaridad.com"],"url":"https:\/\/amorpazy-cp515.wordpresstemporal.com\/amorpazycaridad.es\/author\/redaccion\/"}]}},"authors":[{"term_id":396,"user_id":0,"is_guest":1,"slug":"cap-redaccion","display_name":"Redaccion","avatar_url":"https:\/\/secure.gravatar.com\/avatar\/?s=96&d=mm&r=g","0":null,"1":"","2":"","3":"","4":"","5":"","6":"","7":"","8":""}],"_links":{"self":[{"href":"https:\/\/amorpazy-cp515.wordpresstemporal.com\/amorpazycaridad.es\/wp-json\/wp\/v2\/posts\/756","targetHints":{"allow":["GET"]}}],"collection":[{"href":"https:\/\/amorpazy-cp515.wordpresstemporal.com\/amorpazycaridad.es\/wp-json\/wp\/v2\/posts"}],"about":[{"href":"https:\/\/amorpazy-cp515.wordpresstemporal.com\/amorpazycaridad.es\/wp-json\/wp\/v2\/types\/post"}],"author":[{"embeddable":true,"href":"https:\/\/amorpazy-cp515.wordpresstemporal.com\/amorpazycaridad.es\/wp-json\/wp\/v2\/users\/2"}],"replies":[{"embeddable":true,"href":"https:\/\/amorpazy-cp515.wordpresstemporal.com\/amorpazycaridad.es\/wp-json\/wp\/v2\/comments?post=756"}],"version-history":[{"count":7,"href":"https:\/\/amorpazy-cp515.wordpresstemporal.com\/amorpazycaridad.es\/wp-json\/wp\/v2\/posts\/756\/revisions"}],"predecessor-version":[{"id":14970,"href":"https:\/\/amorpazy-cp515.wordpresstemporal.com\/amorpazycaridad.es\/wp-json\/wp\/v2\/posts\/756\/revisions\/14970"}],"wp:featuredmedia":[{"embeddable":true,"href":"https:\/\/amorpazy-cp515.wordpresstemporal.com\/amorpazycaridad.es\/wp-json\/wp\/v2\/media\/11021"}],"wp:attachment":[{"href":"https:\/\/amorpazy-cp515.wordpresstemporal.com\/amorpazycaridad.es\/wp-json\/wp\/v2\/media?parent=756"}],"wp:term":[{"taxonomy":"category","embeddable":true,"href":"https:\/\/amorpazy-cp515.wordpresstemporal.com\/amorpazycaridad.es\/wp-json\/wp\/v2\/categories?post=756"},{"taxonomy":"post_tag","embeddable":true,"href":"https:\/\/amorpazy-cp515.wordpresstemporal.com\/amorpazycaridad.es\/wp-json\/wp\/v2\/tags?post=756"},{"taxonomy":"author","embeddable":true,"href":"https:\/\/amorpazy-cp515.wordpresstemporal.com\/amorpazycaridad.es\/wp-json\/wp\/v2\/ppma_author?post=756"}],"curies":[{"name":"wp","href":"https:\/\/api.w.org\/{rel}","templated":true}]}}