{"id":72,"date":"2014-02-28T17:30:00","date_gmt":"2014-02-28T17:30:00","guid":{"rendered":"https:\/\/amorpazycaridad.es\/uncategorized\/palabras-de-aliento-5\/"},"modified":"2015-02-05T13:58:49","modified_gmt":"2015-02-05T13:58:49","slug":"encuentro-madre-teresa-y-diana","status":"publish","type":"post","link":"https:\/\/amorpazy-cp515.wordpresstemporal.com\/amorpazycaridad.es\/encuentro-madre-teresa-y-diana\/","title":{"rendered":"ENCUENTRO ENTRE LA MADRE TERESA Y LA PRINCESA DIANA EN EL PLANO ESPIRITUAL"},"content":{"rendered":"<p>Por: <strong>Divaldo Pereira Franco<\/strong><\/p>\n<p style=\"text-align: justify;\">Cierto d\u00eda, la princesa Diana visit\u00f3 a la Madre Teresa de Calcuta, abriendo su coraz\u00f3n. Le habl\u00f3 de sus angustias, de su vac\u00edo interior, muy a pesar de que llevaba una vida de glamour. Y confeso su deseo de hacer parte de su orden religiosa.<\/p>\n<p style=\"text-align: justify;\">La madre se conmovi\u00f3 con su relato, lleno de ternura y confianza, y vio mucha dulzura y bondad en el alma de aquella mujer simple, pero muy rica y famosa. Y, con gran cari\u00f1o, busc\u00f3 orientarla. Le dijo que ella era una princesa y, como tal, no podr\u00eda pertenecer a su orden religiosa, de extrema pobreza. Entonces, la madre le dijo:<\/p>\n<p style=\"text-align: justify;\">&#8211; Diana, usted le podr\u00eda donar ese amor a los ni\u00f1os indefensos. En su posici\u00f3n, usted puede ayudar a muchas de ellas, que sufren&#8230; La caridad puede ser ejercida en cualquier lugar donde nos encontremos&#8230;<\/p>\n<p style=\"text-align: justify;\">La princesa volvi\u00f3 a su palacio y posteriormente se dedic\u00f3 a visitar ni\u00f1os v\u00edctimas del Sida, esa enfermedad tan cruel, y ayud\u00f3, con enorme cari\u00f1o, a ni\u00f1os mutilados por las minas de las guerras&#8230; Desde entonces, encontr\u00f3 la alegr\u00eda de ser \u00fatil y el placer de servir.<\/p>\n<p style=\"text-align: justify;\">La Madre Teresa acompa\u00f1\u00f3 todas las noticias relacionadas sobre ella tanto en TV como en los peri\u00f3dicos. Y, entre aquellas dos mujeres, v\u00ednculos de amor pasaron a existir.<\/p>\n<p style=\"text-align: justify;\">El tiempo pas\u00f3. Algunos meses despu\u00e9s, la princesa, amiga de los sufrientes, la Rosa de Inglaterra, como era conocida mundialmente, vino a desencarnar en un accidente que golpe\u00f3 a todos.<\/p>\n<p style=\"text-align: justify;\">La madre, muy conmocionada, al enterarse del hecho, se apresur\u00f3 a tomar decisiones y a cancelar compromisos, con el fin de asistir al funeral, d\u00edas despu\u00e9s.<\/p>\n<p style=\"text-align: justify;\">Sin embargo, algo cambio sus planes. Su salud, muy inestable, la llev\u00f3 a la cama. D\u00edas despu\u00e9s, la Madre Teresa tambi\u00e9n falleci\u00f3.<\/p>\n<p style=\"text-align: justify;\">Entonces, Joanna de \u00c1ngelis nos cont\u00f3 los acontecimientos sucedidos, del \u00abotro lado\u00bb&#8230;<\/p>\n<p style=\"text-align: justify;\">La Madre Teresa fue recibida en una fiesta de luz, bajo la cari\u00f1osa asistencia de Teresa de Lisieux, o Santa Teresita del Ni\u00f1o Jes\u00fas, como es recordada en la Iglesia Cat\u00f3lica. Permaneci\u00f3 consciente de su proceso desencarnatorio, en la paz de consciencia que su vida honrada le hiciera merecer. Y es entonces cuando ella le pregunta a la religiosa que la recibiera, donde estaba Diana. Y Teresa de Lisieux le cuenta que la princesa, debido al choque causado por el accidente, estaba durmiendo, a\u00fan en descanso y recuperaci\u00f3n.<\/p>\n<p style=\"text-align: justify;\">La Madre Teresa de Calcuta velando por la princesa, le hace compa\u00f1\u00eda, ora por su armonizaci\u00f3n. Y, en el momento del despertar, cuando Diana abre los ojos ante la vida espiritual y reconoce la grandeza del amor de Dios, he ah\u00ed que ella vuelve a ver a la madre, la religiosa afectuosa y amiga que, con extremado amor, le dice:<\/p>\n<p style=\"text-align: justify;\">&#8211; Ahora, hija m\u00eda, usted est\u00e1 lista para ser aceptada en mi orden. Iremos a trabajar juntas, con la bendici\u00f3n del Se\u00f1or.<\/p>\n<p style=\"text-align: justify;\">&#8211; Nosotros, que sabemos c\u00f3mo es el mundo espiritual de fascinante, dice Divaldo, \u00a1imaginemos el j\u00fabilo de ese encuentro!<\/p>\n<p>Traducci\u00f3n al espa\u00f1ol:<br \/>\nOscar Cervantes Vel\u00e1squez Centro de Estudios Esp\u00edritas Francisco de As\u00eds Santa Marta &#8211; Colombia<\/p>\n","protected":false},"excerpt":{"rendered":"<p>Por: Divaldo Pereira Franco Cierto d\u00eda, la princesa Diana visit\u00f3 a la Madre Teresa de Calcuta, abriendo su coraz\u00f3n. Le habl\u00f3 de sus angustias, de su vac\u00edo interior, muy a pesar de que llevaba una vida de glamour. Y confeso su deseo de hacer parte de su orden religiosa. La madre se conmovi\u00f3 con su [&hellip;]<\/p>\n","protected":false},"author":10,"featured_media":0,"comment_status":"open","ping_status":"open","sticky":false,"template":"","format":"standard","meta":{"tdm_status":"","tdm_grid_status":"","footnotes":""},"categories":[43],"tags":[131,240,2223,269],"ppma_author":[520],"class_list":{"0":"post-72","1":"post","2":"type-post","3":"status-publish","4":"format-standard","6":"category-palabras-de-aliento","7":"tag-divaldo-pereira-franco","8":"tag-madre-teresa-de-calcuta","9":"tag-palabras-de-aliento","10":"tag-princesa-diana"},"yoast_head":"<!-- This site is optimized with the Yoast SEO plugin v27.7 - https:\/\/yoast.com\/product\/yoast-seo-wordpress\/ -->\n<title>ENCUENTRO ENTRE LA MADRE TERESA Y LA PRINCESA DIANA EN EL PLANO ESPIRITUAL | Amor, paz caridad<\/title>\n<meta name=\"robots\" content=\"index, follow, max-snippet:-1, max-image-preview:large, max-video-preview:-1\" \/>\n<link rel=\"canonical\" href=\"https:\/\/amorpazy-cp515.wordpresstemporal.com\/amorpazycaridad.es\/encuentro-madre-teresa-y-diana\/\" \/>\n<meta property=\"og:locale\" content=\"es_ES\" \/>\n<meta property=\"og:type\" content=\"article\" \/>\n<meta property=\"og:title\" content=\"ENCUENTRO ENTRE LA MADRE TERESA Y LA PRINCESA DIANA EN EL PLANO ESPIRITUAL | Amor, paz caridad\" \/>\n<meta property=\"og:description\" content=\"Por: Divaldo Pereira Franco Cierto d\u00eda, la princesa Diana visit\u00f3 a la Madre Teresa de Calcuta, abriendo su coraz\u00f3n. Le habl\u00f3 de sus angustias, de su vac\u00edo interior, muy a pesar de que llevaba una vida de glamour. Y confeso su deseo de hacer parte de su orden religiosa. La madre se conmovi\u00f3 con su [&hellip;]\" \/>\n<meta property=\"og:url\" content=\"https:\/\/amorpazy-cp515.wordpresstemporal.com\/amorpazycaridad.es\/encuentro-madre-teresa-y-diana\/\" \/>\n<meta property=\"og:site_name\" content=\"Amor, paz caridad\" \/>\n<meta property=\"article:publisher\" content=\"http:\/\/www.facebook.com\/pages\/Amor-paz-y-caridad\/1594978604096866\" \/>\n<meta property=\"article:published_time\" content=\"2014-02-28T17:30:00+00:00\" \/>\n<meta property=\"article:modified_time\" content=\"2015-02-05T13:58:49+00:00\" \/>\n<meta name=\"author\" content=\"Redaccion revista\" \/>\n<meta name=\"twitter:card\" content=\"summary_large_image\" \/>\n<meta name=\"twitter:creator\" content=\"@amorpazycaridad\" \/>\n<meta name=\"twitter:site\" content=\"@amorpazycaridad\" \/>\n<meta name=\"twitter:label1\" content=\"Escrito por\" \/>\n\t<meta name=\"twitter:data1\" content=\"Redaccion APC\" \/>\n\t<meta name=\"twitter:label2\" content=\"Tiempo de lectura\" \/>\n\t<meta name=\"twitter:data2\" content=\"3 minutos\" \/>\n<script type=\"application\/ld+json\" class=\"yoast-schema-graph\">{\"@context\":\"https:\\\/\\\/schema.org\",\"@graph\":[{\"@type\":\"Article\",\"@id\":\"https:\\\/\\\/amorpazy-cp515.wordpresstemporal.com\\\/amorpazycaridad.es\\\/encuentro-madre-teresa-y-diana\\\/#article\",\"isPartOf\":{\"@id\":\"https:\\\/\\\/amorpazy-cp515.wordpresstemporal.com\\\/amorpazycaridad.es\\\/encuentro-madre-teresa-y-diana\\\/\"},\"author\":{\"name\":\"Redaccion APC\",\"@id\":\"https:\\\/\\\/amorpazy-cp515.wordpresstemporal.com\\\/amorpazycaridad.es\\\/#\\\/schema\\\/person\\\/f6b5c8408dab7f2821df157f3b51ce47\"},\"headline\":\"ENCUENTRO ENTRE LA MADRE TERESA Y LA PRINCESA DIANA EN EL PLANO ESPIRITUAL\",\"datePublished\":\"2014-02-28T17:30:00+00:00\",\"dateModified\":\"2015-02-05T13:58:49+00:00\",\"mainEntityOfPage\":{\"@id\":\"https:\\\/\\\/amorpazy-cp515.wordpresstemporal.com\\\/amorpazycaridad.es\\\/encuentro-madre-teresa-y-diana\\\/\"},\"wordCount\":568,\"commentCount\":0,\"publisher\":{\"@id\":\"https:\\\/\\\/amorpazy-cp515.wordpresstemporal.com\\\/amorpazycaridad.es\\\/#organization\"},\"keywords\":[\"Divaldo Pereira Franco\",\"Madre Teresa de Calcuta\",\"Palabras de aliento\",\"Princesa Diana\"],\"articleSection\":[\"Palabras de aliento\"],\"inLanguage\":\"es\",\"potentialAction\":[{\"@type\":\"CommentAction\",\"name\":\"Comment\",\"target\":[\"https:\\\/\\\/amorpazy-cp515.wordpresstemporal.com\\\/amorpazycaridad.es\\\/encuentro-madre-teresa-y-diana\\\/#respond\"]}]},{\"@type\":\"WebPage\",\"@id\":\"https:\\\/\\\/amorpazy-cp515.wordpresstemporal.com\\\/amorpazycaridad.es\\\/encuentro-madre-teresa-y-diana\\\/\",\"url\":\"https:\\\/\\\/amorpazy-cp515.wordpresstemporal.com\\\/amorpazycaridad.es\\\/encuentro-madre-teresa-y-diana\\\/\",\"name\":\"ENCUENTRO ENTRE LA MADRE TERESA Y LA PRINCESA DIANA EN EL PLANO ESPIRITUAL | Amor, paz caridad\",\"isPartOf\":{\"@id\":\"https:\\\/\\\/amorpazy-cp515.wordpresstemporal.com\\\/amorpazycaridad.es\\\/#website\"},\"datePublished\":\"2014-02-28T17:30:00+00:00\",\"dateModified\":\"2015-02-05T13:58:49+00:00\",\"breadcrumb\":{\"@id\":\"https:\\\/\\\/amorpazy-cp515.wordpresstemporal.com\\\/amorpazycaridad.es\\\/encuentro-madre-teresa-y-diana\\\/#breadcrumb\"},\"inLanguage\":\"es\",\"potentialAction\":[{\"@type\":\"ReadAction\",\"target\":[\"https:\\\/\\\/amorpazy-cp515.wordpresstemporal.com\\\/amorpazycaridad.es\\\/encuentro-madre-teresa-y-diana\\\/\"]}]},{\"@type\":\"BreadcrumbList\",\"@id\":\"https:\\\/\\\/amorpazy-cp515.wordpresstemporal.com\\\/amorpazycaridad.es\\\/encuentro-madre-teresa-y-diana\\\/#breadcrumb\",\"itemListElement\":[{\"@type\":\"ListItem\",\"position\":1,\"name\":\"Portada\",\"item\":\"https:\\\/\\\/amorpazy-cp515.wordpresstemporal.com\\\/amorpazycaridad.es\\\/\"},{\"@type\":\"ListItem\",\"position\":2,\"name\":\"ENCUENTRO ENTRE LA MADRE TERESA Y LA PRINCESA DIANA EN EL PLANO ESPIRITUAL\"}]},{\"@type\":\"WebSite\",\"@id\":\"https:\\\/\\\/amorpazy-cp515.wordpresstemporal.com\\\/amorpazycaridad.es\\\/#website\",\"url\":\"https:\\\/\\\/amorpazy-cp515.wordpresstemporal.com\\\/amorpazycaridad.es\\\/\",\"name\":\"Amor, paz caridad\",\"description\":\"Conocimiento espiritual, espiritismo, espiritualismo, leyes universales, m\u00e1s all\u00e1, vida despu\u00e9s de la vida,\",\"publisher\":{\"@id\":\"https:\\\/\\\/amorpazy-cp515.wordpresstemporal.com\\\/amorpazycaridad.es\\\/#organization\"},\"potentialAction\":[{\"@type\":\"SearchAction\",\"target\":{\"@type\":\"EntryPoint\",\"urlTemplate\":\"https:\\\/\\\/amorpazy-cp515.wordpresstemporal.com\\\/amorpazycaridad.es\\\/?s={search_term_string}\"},\"query-input\":{\"@type\":\"PropertyValueSpecification\",\"valueRequired\":true,\"valueName\":\"search_term_string\"}}],\"inLanguage\":\"es\"},{\"@type\":\"Organization\",\"@id\":\"https:\\\/\\\/amorpazy-cp515.wordpresstemporal.com\\\/amorpazycaridad.es\\\/#organization\",\"name\":\"Asociaci\u00f3n de Estudios Espirituales Grupo Villena\",\"url\":\"https:\\\/\\\/amorpazy-cp515.wordpresstemporal.com\\\/amorpazycaridad.es\\\/\",\"logo\":{\"@type\":\"ImageObject\",\"inLanguage\":\"es\",\"@id\":\"https:\\\/\\\/amorpazy-cp515.wordpresstemporal.com\\\/amorpazycaridad.es\\\/#\\\/schema\\\/logo\\\/image\\\/\",\"url\":\"https:\\\/\\\/amorpazycaridad.es\\\/wp-content\\\/uploads\\\/2015\\\/01\\\/logo-fav-e1420247830294.jpg\",\"contentUrl\":\"https:\\\/\\\/amorpazycaridad.es\\\/wp-content\\\/uploads\\\/2015\\\/01\\\/logo-fav-e1420247830294.jpg\",\"width\":144,\"height\":144,\"caption\":\"Asociaci\u00f3n de Estudios Espirituales Grupo Villena\"},\"image\":{\"@id\":\"https:\\\/\\\/amorpazy-cp515.wordpresstemporal.com\\\/amorpazycaridad.es\\\/#\\\/schema\\\/logo\\\/image\\\/\"},\"sameAs\":[\"http:\\\/\\\/www.facebook.com\\\/pages\\\/Amor-paz-y-caridad\\\/1594978604096866\",\"https:\\\/\\\/x.com\\\/amorpazycaridad\",\"https:\\\/\\\/es.pinterest.com\\\/amorpazycaridad\\\/\",\"https:\\\/\\\/www.youtube.com\\\/channel\\\/UC1GvDIDCLoL02SzOD7NJdrA\"]},{\"@type\":\"Person\",\"@id\":\"https:\\\/\\\/amorpazy-cp515.wordpresstemporal.com\\\/amorpazycaridad.es\\\/#\\\/schema\\\/person\\\/f6b5c8408dab7f2821df157f3b51ce47\",\"name\":\"Redaccion APC\",\"image\":{\"@type\":\"ImageObject\",\"inLanguage\":\"es\",\"@id\":\"https:\\\/\\\/amorpazycaridad.es\\\/wp-content\\\/uploads\\\/2015\\\/01\\\/icono-114-96x96.jpg73ca1ff604f9e7c7607bbbfa84b61c44\",\"url\":\"https:\\\/\\\/amorpazycaridad.es\\\/wp-content\\\/uploads\\\/2015\\\/01\\\/icono-114-96x96.jpg\",\"contentUrl\":\"https:\\\/\\\/amorpazycaridad.es\\\/wp-content\\\/uploads\\\/2015\\\/01\\\/icono-114-96x96.jpg\",\"caption\":\"Redaccion APC\"},\"sameAs\":[\"http:\\\/\\\/www.amorpazycaridad.com\"],\"url\":\"https:\\\/\\\/amorpazy-cp515.wordpresstemporal.com\\\/amorpazycaridad.es\\\/author\\\/redaccion-revista\\\/\"}]}<\/script>\n<!-- \/ Yoast SEO plugin. -->","yoast_head_json":{"title":"ENCUENTRO ENTRE LA MADRE TERESA Y LA PRINCESA DIANA EN EL PLANO ESPIRITUAL | Amor, paz caridad","robots":{"index":"index","follow":"follow","max-snippet":"max-snippet:-1","max-image-preview":"max-image-preview:large","max-video-preview":"max-video-preview:-1"},"canonical":"https:\/\/amorpazy-cp515.wordpresstemporal.com\/amorpazycaridad.es\/encuentro-madre-teresa-y-diana\/","og_locale":"es_ES","og_type":"article","og_title":"ENCUENTRO ENTRE LA MADRE TERESA Y LA PRINCESA DIANA EN EL PLANO ESPIRITUAL | Amor, paz caridad","og_description":"Por: Divaldo Pereira Franco Cierto d\u00eda, la princesa Diana visit\u00f3 a la Madre Teresa de Calcuta, abriendo su coraz\u00f3n. Le habl\u00f3 de sus angustias, de su vac\u00edo interior, muy a pesar de que llevaba una vida de glamour. Y confeso su deseo de hacer parte de su orden religiosa. La madre se conmovi\u00f3 con su [&hellip;]","og_url":"https:\/\/amorpazy-cp515.wordpresstemporal.com\/amorpazycaridad.es\/encuentro-madre-teresa-y-diana\/","og_site_name":"Amor, paz caridad","article_publisher":"http:\/\/www.facebook.com\/pages\/Amor-paz-y-caridad\/1594978604096866","article_published_time":"2014-02-28T17:30:00+00:00","article_modified_time":"2015-02-05T13:58:49+00:00","author":"Redaccion revista","twitter_card":"summary_large_image","twitter_creator":"@amorpazycaridad","twitter_site":"@amorpazycaridad","twitter_misc":{"Escrito por":"Redaccion APC","Tiempo de lectura":"3 minutos"},"schema":{"@context":"https:\/\/schema.org","@graph":[{"@type":"Article","@id":"https:\/\/amorpazy-cp515.wordpresstemporal.com\/amorpazycaridad.es\/encuentro-madre-teresa-y-diana\/#article","isPartOf":{"@id":"https:\/\/amorpazy-cp515.wordpresstemporal.com\/amorpazycaridad.es\/encuentro-madre-teresa-y-diana\/"},"author":{"name":"Redaccion APC","@id":"https:\/\/amorpazy-cp515.wordpresstemporal.com\/amorpazycaridad.es\/#\/schema\/person\/f6b5c8408dab7f2821df157f3b51ce47"},"headline":"ENCUENTRO ENTRE LA MADRE TERESA Y LA PRINCESA DIANA EN EL PLANO ESPIRITUAL","datePublished":"2014-02-28T17:30:00+00:00","dateModified":"2015-02-05T13:58:49+00:00","mainEntityOfPage":{"@id":"https:\/\/amorpazy-cp515.wordpresstemporal.com\/amorpazycaridad.es\/encuentro-madre-teresa-y-diana\/"},"wordCount":568,"commentCount":0,"publisher":{"@id":"https:\/\/amorpazy-cp515.wordpresstemporal.com\/amorpazycaridad.es\/#organization"},"keywords":["Divaldo Pereira Franco","Madre Teresa de Calcuta","Palabras de aliento","Princesa Diana"],"articleSection":["Palabras de aliento"],"inLanguage":"es","potentialAction":[{"@type":"CommentAction","name":"Comment","target":["https:\/\/amorpazy-cp515.wordpresstemporal.com\/amorpazycaridad.es\/encuentro-madre-teresa-y-diana\/#respond"]}]},{"@type":"WebPage","@id":"https:\/\/amorpazy-cp515.wordpresstemporal.com\/amorpazycaridad.es\/encuentro-madre-teresa-y-diana\/","url":"https:\/\/amorpazy-cp515.wordpresstemporal.com\/amorpazycaridad.es\/encuentro-madre-teresa-y-diana\/","name":"ENCUENTRO ENTRE LA MADRE TERESA Y LA PRINCESA DIANA EN EL PLANO ESPIRITUAL | Amor, paz caridad","isPartOf":{"@id":"https:\/\/amorpazy-cp515.wordpresstemporal.com\/amorpazycaridad.es\/#website"},"datePublished":"2014-02-28T17:30:00+00:00","dateModified":"2015-02-05T13:58:49+00:00","breadcrumb":{"@id":"https:\/\/amorpazy-cp515.wordpresstemporal.com\/amorpazycaridad.es\/encuentro-madre-teresa-y-diana\/#breadcrumb"},"inLanguage":"es","potentialAction":[{"@type":"ReadAction","target":["https:\/\/amorpazy-cp515.wordpresstemporal.com\/amorpazycaridad.es\/encuentro-madre-teresa-y-diana\/"]}]},{"@type":"BreadcrumbList","@id":"https:\/\/amorpazy-cp515.wordpresstemporal.com\/amorpazycaridad.es\/encuentro-madre-teresa-y-diana\/#breadcrumb","itemListElement":[{"@type":"ListItem","position":1,"name":"Portada","item":"https:\/\/amorpazy-cp515.wordpresstemporal.com\/amorpazycaridad.es\/"},{"@type":"ListItem","position":2,"name":"ENCUENTRO ENTRE LA MADRE TERESA Y LA PRINCESA DIANA EN EL PLANO ESPIRITUAL"}]},{"@type":"WebSite","@id":"https:\/\/amorpazy-cp515.wordpresstemporal.com\/amorpazycaridad.es\/#website","url":"https:\/\/amorpazy-cp515.wordpresstemporal.com\/amorpazycaridad.es\/","name":"Amor, paz caridad","description":"Conocimiento espiritual, espiritismo, espiritualismo, leyes universales, m\u00e1s all\u00e1, vida despu\u00e9s de la vida,","publisher":{"@id":"https:\/\/amorpazy-cp515.wordpresstemporal.com\/amorpazycaridad.es\/#organization"},"potentialAction":[{"@type":"SearchAction","target":{"@type":"EntryPoint","urlTemplate":"https:\/\/amorpazy-cp515.wordpresstemporal.com\/amorpazycaridad.es\/?s={search_term_string}"},"query-input":{"@type":"PropertyValueSpecification","valueRequired":true,"valueName":"search_term_string"}}],"inLanguage":"es"},{"@type":"Organization","@id":"https:\/\/amorpazy-cp515.wordpresstemporal.com\/amorpazycaridad.es\/#organization","name":"Asociaci\u00f3n de Estudios Espirituales Grupo Villena","url":"https:\/\/amorpazy-cp515.wordpresstemporal.com\/amorpazycaridad.es\/","logo":{"@type":"ImageObject","inLanguage":"es","@id":"https:\/\/amorpazy-cp515.wordpresstemporal.com\/amorpazycaridad.es\/#\/schema\/logo\/image\/","url":"https:\/\/amorpazycaridad.es\/wp-content\/uploads\/2015\/01\/logo-fav-e1420247830294.jpg","contentUrl":"https:\/\/amorpazycaridad.es\/wp-content\/uploads\/2015\/01\/logo-fav-e1420247830294.jpg","width":144,"height":144,"caption":"Asociaci\u00f3n de Estudios Espirituales Grupo Villena"},"image":{"@id":"https:\/\/amorpazy-cp515.wordpresstemporal.com\/amorpazycaridad.es\/#\/schema\/logo\/image\/"},"sameAs":["http:\/\/www.facebook.com\/pages\/Amor-paz-y-caridad\/1594978604096866","https:\/\/x.com\/amorpazycaridad","https:\/\/es.pinterest.com\/amorpazycaridad\/","https:\/\/www.youtube.com\/channel\/UC1GvDIDCLoL02SzOD7NJdrA"]},{"@type":"Person","@id":"https:\/\/amorpazy-cp515.wordpresstemporal.com\/amorpazycaridad.es\/#\/schema\/person\/f6b5c8408dab7f2821df157f3b51ce47","name":"Redaccion APC","image":{"@type":"ImageObject","inLanguage":"es","@id":"https:\/\/amorpazycaridad.es\/wp-content\/uploads\/2015\/01\/icono-114-96x96.jpg73ca1ff604f9e7c7607bbbfa84b61c44","url":"https:\/\/amorpazycaridad.es\/wp-content\/uploads\/2015\/01\/icono-114-96x96.jpg","contentUrl":"https:\/\/amorpazycaridad.es\/wp-content\/uploads\/2015\/01\/icono-114-96x96.jpg","caption":"Redaccion APC"},"sameAs":["http:\/\/www.amorpazycaridad.com"],"url":"https:\/\/amorpazy-cp515.wordpresstemporal.com\/amorpazycaridad.es\/author\/redaccion-revista\/"}]}},"authors":[{"term_id":520,"user_id":0,"is_guest":1,"slug":"cap-redaccion-revista","display_name":"Redaccion revista","avatar_url":"https:\/\/secure.gravatar.com\/avatar\/?s=96&d=mm&r=g","0":null,"1":"","2":"","3":"","4":"","5":"","6":"","7":"","8":""}],"_links":{"self":[{"href":"https:\/\/amorpazy-cp515.wordpresstemporal.com\/amorpazycaridad.es\/wp-json\/wp\/v2\/posts\/72","targetHints":{"allow":["GET"]}}],"collection":[{"href":"https:\/\/amorpazy-cp515.wordpresstemporal.com\/amorpazycaridad.es\/wp-json\/wp\/v2\/posts"}],"about":[{"href":"https:\/\/amorpazy-cp515.wordpresstemporal.com\/amorpazycaridad.es\/wp-json\/wp\/v2\/types\/post"}],"author":[{"embeddable":true,"href":"https:\/\/amorpazy-cp515.wordpresstemporal.com\/amorpazycaridad.es\/wp-json\/wp\/v2\/users\/10"}],"replies":[{"embeddable":true,"href":"https:\/\/amorpazy-cp515.wordpresstemporal.com\/amorpazycaridad.es\/wp-json\/wp\/v2\/comments?post=72"}],"version-history":[{"count":4,"href":"https:\/\/amorpazy-cp515.wordpresstemporal.com\/amorpazycaridad.es\/wp-json\/wp\/v2\/posts\/72\/revisions"}],"predecessor-version":[{"id":2587,"href":"https:\/\/amorpazy-cp515.wordpresstemporal.com\/amorpazycaridad.es\/wp-json\/wp\/v2\/posts\/72\/revisions\/2587"}],"wp:attachment":[{"href":"https:\/\/amorpazy-cp515.wordpresstemporal.com\/amorpazycaridad.es\/wp-json\/wp\/v2\/media?parent=72"}],"wp:term":[{"taxonomy":"category","embeddable":true,"href":"https:\/\/amorpazy-cp515.wordpresstemporal.com\/amorpazycaridad.es\/wp-json\/wp\/v2\/categories?post=72"},{"taxonomy":"post_tag","embeddable":true,"href":"https:\/\/amorpazy-cp515.wordpresstemporal.com\/amorpazycaridad.es\/wp-json\/wp\/v2\/tags?post=72"},{"taxonomy":"author","embeddable":true,"href":"https:\/\/amorpazy-cp515.wordpresstemporal.com\/amorpazycaridad.es\/wp-json\/wp\/v2\/ppma_author?post=72"}],"curies":[{"name":"wp","href":"https:\/\/api.w.org\/{rel}","templated":true}]}}