{"id":6381,"date":"2016-10-12T08:34:43","date_gmt":"2016-10-12T07:34:43","guid":{"rendered":"https:\/\/amorpazycaridad.es\/?p=6381"},"modified":"2017-01-01T21:59:06","modified_gmt":"2017-01-01T20:59:06","slug":"cronica-8-congreso-espirita-mundial","status":"publish","type":"post","link":"https:\/\/amorpazy-cp515.wordpresstemporal.com\/amorpazycaridad.es\/cronica-8-congreso-espirita-mundial\/","title":{"rendered":"CR\u00d3NICA DEL 8 CONGRESO ESPIRITA MUNDIAL"},"content":{"rendered":"<p class=\"p3\" style=\"text-align: justify;\"><span class=\"s2\">Organizado por el CEI y la FEP (*) tuvo lugar en Lisboa (Portugal), durante los d\u00edas 7 al 9 de este mes de octubre, el 8 CONGRESO ESPIRITA MUNDIAL; en el que hemos tenido el honor y la ocasi\u00f3n de participar. <\/span><\/p>\n<p class=\"p3\" style=\"text-align: justify;\"><span class=\"s2\">Vaya por delante nuestro agradecimiento principal a los organizadores, voluntarios, colaboradores y participantes, que convirtieron este evento en una <\/span><span class=\"s1\"><b>aut\u00e9ntica fiesta de la fraternidad<\/b>, <b>entre m\u00e1s de dos mil personas procedentes de 38 pa\u00edses de todo el mundo.<\/b><\/span><\/p>\n<figure id=\"attachment_6386\" aria-describedby=\"caption-attachment-6386\" style=\"width: 300px\" class=\"wp-caption alignleft\"><a href=\"https:\/\/amorpazycaridad.es\/wp-content\/uploads\/2016\/10\/WhatsApp-Image-2016-10-09-at-15.27.14.jpeg\"><img loading=\"lazy\" decoding=\"async\" class=\"size-medium wp-image-6386\" src=\"https:\/\/amorpazycaridad.es\/wp-content\/uploads\/2016\/10\/WhatsApp-Image-2016-10-09-at-15.27.14-300x225.jpeg\" alt=\"Representaci\u00f3n del Grupo Villena en el Congreso\" width=\"300\" height=\"225\" srcset=\"https:\/\/amorpazy-cp515.wordpresstemporal.com\/amorpazycaridad.es\/wp-content\/uploads\/2016\/10\/WhatsApp-Image-2016-10-09-at-15.27.14-300x225.jpeg 300w, https:\/\/amorpazy-cp515.wordpresstemporal.com\/amorpazycaridad.es\/wp-content\/uploads\/2016\/10\/WhatsApp-Image-2016-10-09-at-15.27.14-768x576.jpeg 768w, https:\/\/amorpazy-cp515.wordpresstemporal.com\/amorpazycaridad.es\/wp-content\/uploads\/2016\/10\/WhatsApp-Image-2016-10-09-at-15.27.14-1024x768.jpeg 1024w, https:\/\/amorpazy-cp515.wordpresstemporal.com\/amorpazycaridad.es\/wp-content\/uploads\/2016\/10\/WhatsApp-Image-2016-10-09-at-15.27.14-560x420.jpeg 560w, https:\/\/amorpazy-cp515.wordpresstemporal.com\/amorpazycaridad.es\/wp-content\/uploads\/2016\/10\/WhatsApp-Image-2016-10-09-at-15.27.14.jpeg 1600w\" sizes=\"auto, (max-width: 300px) 100vw, 300px\" \/><\/a><figcaption id=\"caption-attachment-6386\" class=\"wp-caption-text\">Representaci\u00f3n del Grupo Villena en el Congreso<\/figcaption><\/figure>\n<p class=\"p3\" style=\"text-align: justify;\"><span class=\"s1\"><b>El lugar de la celebraci\u00f3n inmejorable<\/b><\/span><span class=\"s2\">: la sala Meio Arena en pleno centro del Parque de las Naciones de Lisboa, con las innovaciones t\u00e9cnicas, log\u00edsticas y de comunicaci\u00f3n m\u00e1s avanzadas.<\/span><\/p>\n<p class=\"p3\" style=\"text-align: justify;\"><span class=\"s1\"><b>El ambiente extraordinario<\/b><\/span><span class=\"s2\">; la cordialidad, la amabilidad, la simpat\u00eda y la alegr\u00eda rein\u00f3 durante todo el evento, posibilitando en los momentos de descanso del programa multitud de relaciones interpersonales que enriqueci\u00f3 notablemente en conocimientos, sentimientos y afectos a todos los que all\u00ed tuvimos la oportunidad de asistir.<\/span><\/p>\n<p class=\"p3\" style=\"text-align: justify;\"><span class=\"s1\"><b>La organizaci\u00f3n impecable<\/b><\/span><span class=\"s2\">, tanto en la recepci\u00f3n, en el control de los tiempos, en la resoluci\u00f3n de la incidencias y en la atenci\u00f3n y amabilidad de los encargados del evento. Ser\u00eda ingrato por nuestra parte no destacar a los miembros y centros<span class=\"Apple-converted-space\">\u00a0 <\/span>afiliados de la FEP por la enorme labor llevada a cabo en la organizaci\u00f3n de este Congreso; muy especialmente a Vitor Mora Feria, su Presidente, y aut\u00e9ntico \u00abalma mater\u00bb de la realizaci\u00f3n de este evento.<\/span><\/p>\n<figure id=\"attachment_6389\" aria-describedby=\"caption-attachment-6389\" style=\"width: 300px\" class=\"wp-caption alignright\"><a href=\"https:\/\/amorpazycaridad.es\/wp-content\/uploads\/2016\/10\/IMG_0010.jpg\"><img loading=\"lazy\" decoding=\"async\" class=\"size-medium wp-image-6389\" src=\"https:\/\/amorpazycaridad.es\/wp-content\/uploads\/2016\/10\/IMG_0010-300x143.jpg\" alt=\"Antonio Lled\u00f3 ofreciendo la conferencia, &quot;Vida y Ciencia&quot;\" width=\"300\" height=\"143\" srcset=\"https:\/\/amorpazy-cp515.wordpresstemporal.com\/amorpazycaridad.es\/wp-content\/uploads\/2016\/10\/IMG_0010-300x143.jpg 300w, https:\/\/amorpazy-cp515.wordpresstemporal.com\/amorpazycaridad.es\/wp-content\/uploads\/2016\/10\/IMG_0010-768x366.jpg 768w, https:\/\/amorpazy-cp515.wordpresstemporal.com\/amorpazycaridad.es\/wp-content\/uploads\/2016\/10\/IMG_0010-1024x488.jpg 1024w, https:\/\/amorpazy-cp515.wordpresstemporal.com\/amorpazycaridad.es\/wp-content\/uploads\/2016\/10\/IMG_0010-560x267.jpg 560w, https:\/\/amorpazy-cp515.wordpresstemporal.com\/amorpazycaridad.es\/wp-content\/uploads\/2016\/10\/IMG_0010.jpg 2048w\" sizes=\"auto, (max-width: 300px) 100vw, 300px\" \/><\/a><figcaption id=\"caption-attachment-6389\" class=\"wp-caption-text\">Antonio Lled\u00f3 ofreciendo la conferencia, \u00abVida y Ciencia\u00bb<\/figcaption><\/figure>\n<p class=\"p3\" style=\"text-align: justify;\"><span class=\"s1\"><b>La calidad de las conferencias<\/b><\/span><span class=\"s2\"> y la formaci\u00f3n de los oradores magn\u00edfica y dif\u00edcil de mejorar. Exposiciones de alto\u00a0<\/span><span class=\"s2\">nivel, donde se abordaron tem\u00e1ticas sobre ciencia, filosof\u00eda, psicolog\u00eda, medicina, cosmolog\u00eda, inform\u00e1tica, sistemas, ecolog\u00eda, etc. todo ello en relaci\u00f3n al lema del Congreso:<b> <\/b><\/span><span class=\"s1\"><b>\u00abEN DEFENSA DE LA VIDA\u00bb<\/b><\/span><span class=\"s2\"><b>,<\/b> y a la luz de los conocimientos y paralelismos que la Doctrina Esp\u00edrita de Kardec aporta en estas tem\u00e1ticas.<\/span><\/p>\n<p class=\"p3\" style=\"text-align: justify;\"><span class=\"s1\"><b>Los paneles complementarios<\/b><\/span><span class=\"s2\"> sobre el Suicidio y la Educaci\u00f3n, fueron as\u00ed mismo<span class=\"Apple-converted-space\">\u00a0 <\/span>notables y magn\u00edficamente coordinados y desarrollados por sus expositores. Notable a destacar la emocionante exposici\u00f3n sobre el tema del Aborto.<\/span><\/p>\n<p class=\"p3\" style=\"text-align: justify;\"><span class=\"s1\"><b>Los momentos culturales fueron de una belleza art\u00edstica extraordinaria<\/b><\/span><span class=\"s2\">; no solamente por los magn\u00edficos tenores, sino tambi\u00e9n por el ballet, las interpretaciones al piano y al chelo y por la presentaci\u00f3n final que cerr\u00f3 el evento: cantando a coro dos mil personas, y aplaudiendo junto al tenor el Himno de la Alegr\u00eda de Beethoven con la letra de Miguel R\u00edos, interpretado en cuatro idiomas que se iban sucediendo durante la canci\u00f3n.<\/span><\/p>\n<p class=\"p3\" style=\"text-align: justify;\"><a href=\"https:\/\/amorpazycaridad.es\/wp-content\/uploads\/2016\/10\/antiguos-amigos.jpg\"><img loading=\"lazy\" decoding=\"async\" class=\"size-medium wp-image-6387 alignleft\" src=\"https:\/\/amorpazycaridad.es\/wp-content\/uploads\/2016\/10\/antiguos-amigos-300x197.jpg\" alt=\"Antiguos amigos\" width=\"300\" height=\"197\" srcset=\"https:\/\/amorpazy-cp515.wordpresstemporal.com\/amorpazycaridad.es\/wp-content\/uploads\/2016\/10\/antiguos-amigos-300x197.jpg 300w, https:\/\/amorpazy-cp515.wordpresstemporal.com\/amorpazycaridad.es\/wp-content\/uploads\/2016\/10\/antiguos-amigos-768x505.jpg 768w, https:\/\/amorpazy-cp515.wordpresstemporal.com\/amorpazycaridad.es\/wp-content\/uploads\/2016\/10\/antiguos-amigos-1024x673.jpg 1024w, https:\/\/amorpazy-cp515.wordpresstemporal.com\/amorpazycaridad.es\/wp-content\/uploads\/2016\/10\/antiguos-amigos-560x368.jpg 560w, https:\/\/amorpazy-cp515.wordpresstemporal.com\/amorpazycaridad.es\/wp-content\/uploads\/2016\/10\/antiguos-amigos.jpg 2048w\" sizes=\"auto, (max-width: 300px) 100vw, 300px\" \/><\/a><\/p>\n<p class=\"p3\" style=\"text-align: justify;\"><span class=\"s2\">Nuestra Asociaci\u00f3n estuvo representada en el evento por seis compa\u00f1eros; que tuvimos la oportunidad de vivir estos tres d\u00edas con una gran felicidad y satisfacci\u00f3n; no s\u00f3lo por \u00ablo aprendido\u00bb, <b>sino sobre todo por \u00ablo vivido\u00bb<\/b>. Esto \u00faltimo queda grabado en nuestros corazones; y este recuerdo de sentimientos, alegr\u00eda y fraternidad junto a los compa\u00f1eros de otros pa\u00edses permanecer\u00e1 para siempre en nuestra memoria espiritual.<\/span><\/p>\n<p class=\"p3\" style=\"text-align: justify;\"><span class=\"s2\">Paname\u00f1os, Colombianos, Suecos, Norteamericanos, Mexicanos, Portorrique\u00f1os, Brasile\u00f1os, Portugueses, Peruanos, Franceses, Belgas, Cubanos, entre otros, fueron algunos de los compa\u00f1eros con los que tuvimos oportunidad de conversar, aprender y confraternizar.<\/span><\/p>\n<p class=\"p3\" style=\"text-align: justify;\"><a href=\"https:\/\/amorpazycaridad.es\/wp-content\/uploads\/2016\/10\/IMG_1283.jpg\"><img loading=\"lazy\" decoding=\"async\" class=\"size-medium wp-image-6398 alignright\" src=\"https:\/\/amorpazycaridad.es\/wp-content\/uploads\/2016\/10\/IMG_1283-300x190.jpg\" alt=\"img_1283\" width=\"300\" height=\"190\" srcset=\"https:\/\/amorpazy-cp515.wordpresstemporal.com\/amorpazycaridad.es\/wp-content\/uploads\/2016\/10\/IMG_1283-300x190.jpg 300w, https:\/\/amorpazy-cp515.wordpresstemporal.com\/amorpazycaridad.es\/wp-content\/uploads\/2016\/10\/IMG_1283-768x486.jpg 768w, https:\/\/amorpazy-cp515.wordpresstemporal.com\/amorpazycaridad.es\/wp-content\/uploads\/2016\/10\/IMG_1283-1024x648.jpg 1024w, https:\/\/amorpazy-cp515.wordpresstemporal.com\/amorpazycaridad.es\/wp-content\/uploads\/2016\/10\/IMG_1283-560x355.jpg 560w, https:\/\/amorpazy-cp515.wordpresstemporal.com\/amorpazycaridad.es\/wp-content\/uploads\/2016\/10\/IMG_1283.jpg 2048w\" sizes=\"auto, (max-width: 300px) 100vw, 300px\" \/><\/a><\/p>\n<p class=\"p3\" style=\"text-align: justify;\"><span class=\"s2\">Se dieron momentos compartidos de aut\u00e9ntica satisfacci\u00f3n y alegr\u00eda de forma distendida; en los almuerzos, a la hora del caf\u00e9, en los descansos, e incluso en las visitas tur\u00edsticas que se realizaron por Lisboa en aquellos momentos previos y<span class=\"Apple-converted-space\">\u00a0 <\/span>posteriores al Congreso donde no hubo actividad de este \u00faltimo.<\/span><\/p>\n<p class=\"p3\" style=\"text-align: justify;\"><span class=\"s2\">A destacar igualmente nuestra <\/span><span class=\"s1\"><b>participaci\u00f3n activa en la presentaci\u00f3n de una Conferencia titulada \u00abVida y Ciencia\u00bb<\/b><\/span><span class=\"s2\">, presentada el primer d\u00eda del Congreso por nuestro compa\u00f1ero Antonio Lled\u00f3; que fue muy bien recibida y comprendida por el p\u00fablico asistente. Si desean visualizarla, as\u00ed como cualquier otra presentaci\u00f3n, pueden acceder mediante los enlaces siguientes: <a href=\"http:\/\/adep.pt\/8o-congresso-espirita-mundial\/\">www.adep.pt\u00a0<\/a>\u00a0y\u00a0\u00a0<a href=\"http:\/\/www.amorpazycaridad.es\"><span class=\"s1\">www.amorpazycaridad.es<\/span><\/a><\/span><\/p>\n<p class=\"p3\" style=\"text-align: justify;\"><span class=\"s2\">En estos d\u00edas encontrar\u00e1n, en multitud de revistas, publicaciones y ediciones de \u00f3rganos oficiales, federaciones, confederaciones y centros de instituciones esp\u00edritas de todo el mundo, informaci\u00f3n complementaria sobre este evento. Nosotros hemos querido ser de los primeros en ofrecer esta informaci\u00f3n relatando aquello que hemos vivido; ahora que todav\u00eda permanece claro y di\u00e1fano en nuestra memoria y nuestro coraz\u00f3n.<\/span><\/p>\n<p class=\"p3\" style=\"text-align: justify;\"><a href=\"https:\/\/amorpazycaridad.es\/wp-content\/uploads\/2016\/10\/IMGP3112.jpg\"><img loading=\"lazy\" decoding=\"async\" class=\"size-medium wp-image-6399 alignleft\" src=\"https:\/\/amorpazycaridad.es\/wp-content\/uploads\/2016\/10\/IMGP3112-300x203.jpg\" alt=\"imgp3112\" width=\"300\" height=\"203\" srcset=\"https:\/\/amorpazy-cp515.wordpresstemporal.com\/amorpazycaridad.es\/wp-content\/uploads\/2016\/10\/IMGP3112-300x203.jpg 300w, https:\/\/amorpazy-cp515.wordpresstemporal.com\/amorpazycaridad.es\/wp-content\/uploads\/2016\/10\/IMGP3112-768x521.jpg 768w, https:\/\/amorpazy-cp515.wordpresstemporal.com\/amorpazycaridad.es\/wp-content\/uploads\/2016\/10\/IMGP3112-1024x694.jpg 1024w, https:\/\/amorpazy-cp515.wordpresstemporal.com\/amorpazycaridad.es\/wp-content\/uploads\/2016\/10\/IMGP3112-560x380.jpg 560w, https:\/\/amorpazy-cp515.wordpresstemporal.com\/amorpazycaridad.es\/wp-content\/uploads\/2016\/10\/IMGP3112.jpg 2048w\" sizes=\"auto, (max-width: 300px) 100vw, 300px\" \/><\/a><\/p>\n<p class=\"p3\" style=\"text-align: justify;\"><span class=\"s2\">Esta memoria que nos recuerda <\/span><span class=\"s1\"><b>el \u00faltimo mensaje del Congreso<\/b><\/span><span class=\"s2\">, dictado por el Dr. Bezerra de Mene\u00e7es a trav\u00e9s de la mediumnidad de Divaldo Pereira Franco,<span class=\"Apple-converted-space\">\u00a0 <\/span>cuando entre otras cosas dijo: \u00ab&#8230;esp\u00edritus esp\u00edritas; recordad llevar el amor en vuestros corazones para todo el mundo, siendo como antorchas luminosas de la aut\u00e9ntica patria espiritual: <\/span><span class=\"s1\">la Fraternidad<\/span><span class=\"s2\">; no importa de d\u00f3nde proced\u00e1is, ni vuestra direcci\u00f3n, permaneced unidos, porque unidos ser\u00e9is invencibles, este mensaje os traigo del promotor espiritual de este Congreso Le\u00f3n Den\u00eds, del cual soy intermediario &#8230;..\u00bb<\/span><\/p>\n<p class=\"p3\" style=\"text-align: right;\"><span class=\"s2\"><span style=\"color: #ffffff;\">8 CONGRESO ESPIRITA MUNDIAL por:<\/span> \u00a0Redacci\u00f3n <\/span><\/p>\n<p class=\"p3\"><span class=\"s2\">(*) CEI: <i>Consejo Esp\u00edrita Internacional<\/i> &#8211; FEP: <i>Federaci\u00f3n Esp\u00edrita Portuguesa<\/i><\/span><\/p>\n<p class=\"p3\">Pueden ver las im\u00e1genes del Congreso en <a href=\"https:\/\/www.flickr.com\/photos\/137926801@N07\/sets\/72157671583474234\/\">Flickr.<\/a><\/p>\n","protected":false},"excerpt":{"rendered":"<p>Organizado por el CEI y la FEP (*) tuvo lugar en Lisboa (Portugal), durante los d\u00edas 7 al 9 de este mes de octubre, el 8 CONGRESO ESPIRITA MUNDIAL; en el que hemos tenido el honor y la ocasi\u00f3n de participar. Vaya por delante nuestro agradecimiento principal a los organizadores, voluntarios, colaboradores y participantes, que [&hellip;]<\/p>\n","protected":false},"author":2,"featured_media":2031,"comment_status":"open","ping_status":"open","sticky":false,"template":"","format":"standard","meta":{"tdm_status":"","tdm_grid_status":"","footnotes":""},"categories":[506],"tags":[3020,478,3018,3021,607,3019,485],"ppma_author":[396],"class_list":{"0":"post-6381","1":"post","2":"type-post","3":"status-publish","4":"format-standard","5":"has-post-thumbnail","7":"category-eventos","8":"tag-cei","9":"tag-divaldo","10":"tag-en-defensa-de-la-vida","11":"tag-feb","12":"tag-fraternidad","13":"tag-meo-arena","14":"tag-raul-texeira"},"yoast_head":"<!-- This site is optimized with the Yoast SEO plugin v27.7 - https:\/\/yoast.com\/product\/yoast-seo-wordpress\/ -->\n<title>CR\u00d3NICA DEL 8 CONGRESO ESPIRITA MUNDIAL | Amor, paz caridad<\/title>\n<meta name=\"description\" content=\"CR\u00d3NICA 8 CONGRESO ESPIRITA MUNDIAL Organizado por el CEI y la FEP tuvo lugar en Lisboa (Portugal), durante los d\u00edas 7 al 9 de este mes de octubre.\" \/>\n<meta name=\"robots\" content=\"index, follow, max-snippet:-1, max-image-preview:large, max-video-preview:-1\" \/>\n<link rel=\"canonical\" href=\"https:\/\/amorpazy-cp515.wordpresstemporal.com\/amorpazycaridad.es\/cronica-8-congreso-espirita-mundial\/\" \/>\n<meta property=\"og:locale\" content=\"es_ES\" \/>\n<meta property=\"og:type\" content=\"article\" \/>\n<meta property=\"og:title\" content=\"CR\u00d3NICA DEL 8 CONGRESO ESPIRITA MUNDIAL | Amor, paz caridad\" \/>\n<meta property=\"og:description\" content=\"CR\u00d3NICA 8 CONGRESO ESPIRITA MUNDIAL Organizado por el CEI y la FEP tuvo lugar en Lisboa (Portugal), durante los d\u00edas 7 al 9 de este mes de octubre.\" \/>\n<meta property=\"og:url\" content=\"https:\/\/amorpazy-cp515.wordpresstemporal.com\/amorpazycaridad.es\/cronica-8-congreso-espirita-mundial\/\" \/>\n<meta property=\"og:site_name\" content=\"Amor, paz caridad\" \/>\n<meta property=\"article:publisher\" content=\"http:\/\/www.facebook.com\/pages\/Amor-paz-y-caridad\/1594978604096866\" \/>\n<meta property=\"article:published_time\" content=\"2016-10-12T07:34:43+00:00\" \/>\n<meta property=\"article:modified_time\" content=\"2017-01-01T20:59:06+00:00\" \/>\n<meta property=\"og:image\" content=\"https:\/\/amorpazy-cp515.wordpresstemporal.com\/amorpazycaridad.es\/wp-content\/uploads\/2015\/01\/anuncio-cem.jpg\" \/>\n\t<meta property=\"og:image:width\" content=\"1920\" \/>\n\t<meta property=\"og:image:height\" content=\"1080\" \/>\n\t<meta property=\"og:image:type\" content=\"image\/jpeg\" \/>\n<meta name=\"author\" content=\"Redaccion\" \/>\n<meta name=\"twitter:card\" content=\"summary_large_image\" \/>\n<meta name=\"twitter:creator\" content=\"@amorpazycaridad\" \/>\n<meta name=\"twitter:site\" content=\"@amorpazycaridad\" \/>\n<meta name=\"twitter:label1\" content=\"Escrito por\" \/>\n\t<meta name=\"twitter:data1\" content=\"Redacci\u00f3n\" \/>\n\t<meta name=\"twitter:label2\" content=\"Tiempo de lectura\" \/>\n\t<meta name=\"twitter:data2\" content=\"4 minutos\" \/>\n<script type=\"application\/ld+json\" class=\"yoast-schema-graph\">{\"@context\":\"https:\\\/\\\/schema.org\",\"@graph\":[{\"@type\":\"Article\",\"@id\":\"https:\\\/\\\/amorpazy-cp515.wordpresstemporal.com\\\/amorpazycaridad.es\\\/cronica-8-congreso-espirita-mundial\\\/#article\",\"isPartOf\":{\"@id\":\"https:\\\/\\\/amorpazy-cp515.wordpresstemporal.com\\\/amorpazycaridad.es\\\/cronica-8-congreso-espirita-mundial\\\/\"},\"author\":{\"name\":\"Redacci\u00f3n\",\"@id\":\"https:\\\/\\\/amorpazycaridad.es\\\/#\\\/schema\\\/person\\\/44cbc218f1b29f65390e7c8a4fd0c28d\"},\"headline\":\"CR\u00d3NICA DEL 8 CONGRESO ESPIRITA MUNDIAL\",\"datePublished\":\"2016-10-12T07:34:43+00:00\",\"dateModified\":\"2017-01-01T20:59:06+00:00\",\"mainEntityOfPage\":{\"@id\":\"https:\\\/\\\/amorpazy-cp515.wordpresstemporal.com\\\/amorpazycaridad.es\\\/cronica-8-congreso-espirita-mundial\\\/\"},\"wordCount\":889,\"commentCount\":0,\"publisher\":{\"@id\":\"https:\\\/\\\/amorpazycaridad.es\\\/#organization\"},\"image\":{\"@id\":\"https:\\\/\\\/amorpazy-cp515.wordpresstemporal.com\\\/amorpazycaridad.es\\\/cronica-8-congreso-espirita-mundial\\\/#primaryimage\"},\"thumbnailUrl\":\"https:\\\/\\\/amorpazy-cp515.wordpresstemporal.com\\\/amorpazycaridad.es\\\/wp-content\\\/uploads\\\/2015\\\/01\\\/anuncio-cem.jpg\",\"keywords\":[\"CEI\",\"divaldo\",\"En defensa de la vida\",\"FEB\",\"fraternidad\",\"Meo Arena\",\"Raul texeira\"],\"articleSection\":[\"Eventos\"],\"inLanguage\":\"es\",\"potentialAction\":[{\"@type\":\"CommentAction\",\"name\":\"Comment\",\"target\":[\"https:\\\/\\\/amorpazy-cp515.wordpresstemporal.com\\\/amorpazycaridad.es\\\/cronica-8-congreso-espirita-mundial\\\/#respond\"]}]},{\"@type\":\"WebPage\",\"@id\":\"https:\\\/\\\/amorpazy-cp515.wordpresstemporal.com\\\/amorpazycaridad.es\\\/cronica-8-congreso-espirita-mundial\\\/\",\"url\":\"https:\\\/\\\/amorpazy-cp515.wordpresstemporal.com\\\/amorpazycaridad.es\\\/cronica-8-congreso-espirita-mundial\\\/\",\"name\":\"CR\u00d3NICA DEL 8 CONGRESO ESPIRITA MUNDIAL | Amor, paz caridad\",\"isPartOf\":{\"@id\":\"https:\\\/\\\/amorpazycaridad.es\\\/#website\"},\"primaryImageOfPage\":{\"@id\":\"https:\\\/\\\/amorpazy-cp515.wordpresstemporal.com\\\/amorpazycaridad.es\\\/cronica-8-congreso-espirita-mundial\\\/#primaryimage\"},\"image\":{\"@id\":\"https:\\\/\\\/amorpazy-cp515.wordpresstemporal.com\\\/amorpazycaridad.es\\\/cronica-8-congreso-espirita-mundial\\\/#primaryimage\"},\"thumbnailUrl\":\"https:\\\/\\\/amorpazy-cp515.wordpresstemporal.com\\\/amorpazycaridad.es\\\/wp-content\\\/uploads\\\/2015\\\/01\\\/anuncio-cem.jpg\",\"datePublished\":\"2016-10-12T07:34:43+00:00\",\"dateModified\":\"2017-01-01T20:59:06+00:00\",\"description\":\"CR\u00d3NICA 8 CONGRESO ESPIRITA MUNDIAL Organizado por el CEI y la FEP tuvo lugar en Lisboa (Portugal), durante los d\u00edas 7 al 9 de este mes de octubre.\",\"breadcrumb\":{\"@id\":\"https:\\\/\\\/amorpazy-cp515.wordpresstemporal.com\\\/amorpazycaridad.es\\\/cronica-8-congreso-espirita-mundial\\\/#breadcrumb\"},\"inLanguage\":\"es\",\"potentialAction\":[{\"@type\":\"ReadAction\",\"target\":[\"https:\\\/\\\/amorpazy-cp515.wordpresstemporal.com\\\/amorpazycaridad.es\\\/cronica-8-congreso-espirita-mundial\\\/\"]}]},{\"@type\":\"ImageObject\",\"inLanguage\":\"es\",\"@id\":\"https:\\\/\\\/amorpazy-cp515.wordpresstemporal.com\\\/amorpazycaridad.es\\\/cronica-8-congreso-espirita-mundial\\\/#primaryimage\",\"url\":\"https:\\\/\\\/amorpazy-cp515.wordpresstemporal.com\\\/amorpazycaridad.es\\\/wp-content\\\/uploads\\\/2015\\\/01\\\/anuncio-cem.jpg\",\"contentUrl\":\"https:\\\/\\\/amorpazy-cp515.wordpresstemporal.com\\\/amorpazycaridad.es\\\/wp-content\\\/uploads\\\/2015\\\/01\\\/anuncio-cem.jpg\",\"width\":1920,\"height\":1080,\"caption\":\"8 Congreso Espirita Mundial\"},{\"@type\":\"BreadcrumbList\",\"@id\":\"https:\\\/\\\/amorpazy-cp515.wordpresstemporal.com\\\/amorpazycaridad.es\\\/cronica-8-congreso-espirita-mundial\\\/#breadcrumb\",\"itemListElement\":[{\"@type\":\"ListItem\",\"position\":1,\"name\":\"Portada\",\"item\":\"https:\\\/\\\/amorpazy-cp515.wordpresstemporal.com\\\/amorpazycaridad.es\\\/\"},{\"@type\":\"ListItem\",\"position\":2,\"name\":\"CR\u00d3NICA DEL 8 CONGRESO ESPIRITA MUNDIAL\"}]},{\"@type\":\"WebSite\",\"@id\":\"https:\\\/\\\/amorpazycaridad.es\\\/#website\",\"url\":\"https:\\\/\\\/amorpazycaridad.es\\\/\",\"name\":\"Amor, paz caridad\",\"description\":\"Conocimiento espiritual, espiritismo, espiritualismo, leyes universales, m\u00e1s all\u00e1, vida despu\u00e9s de la vida,\",\"publisher\":{\"@id\":\"https:\\\/\\\/amorpazycaridad.es\\\/#organization\"},\"potentialAction\":[{\"@type\":\"SearchAction\",\"target\":{\"@type\":\"EntryPoint\",\"urlTemplate\":\"https:\\\/\\\/amorpazycaridad.es\\\/?s={search_term_string}\"},\"query-input\":{\"@type\":\"PropertyValueSpecification\",\"valueRequired\":true,\"valueName\":\"search_term_string\"}}],\"inLanguage\":\"es\"},{\"@type\":\"Organization\",\"@id\":\"https:\\\/\\\/amorpazycaridad.es\\\/#organization\",\"name\":\"Asociaci\u00f3n de Estudios Espirituales Grupo Villena\",\"url\":\"https:\\\/\\\/amorpazycaridad.es\\\/\",\"logo\":{\"@type\":\"ImageObject\",\"inLanguage\":\"es\",\"@id\":\"https:\\\/\\\/amorpazycaridad.es\\\/#\\\/schema\\\/logo\\\/image\\\/\",\"url\":\"https:\\\/\\\/amorpazycaridad.es\\\/wp-content\\\/uploads\\\/2015\\\/01\\\/logo-fav-e1420247830294.jpg\",\"contentUrl\":\"https:\\\/\\\/amorpazycaridad.es\\\/wp-content\\\/uploads\\\/2015\\\/01\\\/logo-fav-e1420247830294.jpg\",\"width\":144,\"height\":144,\"caption\":\"Asociaci\u00f3n de Estudios Espirituales Grupo Villena\"},\"image\":{\"@id\":\"https:\\\/\\\/amorpazycaridad.es\\\/#\\\/schema\\\/logo\\\/image\\\/\"},\"sameAs\":[\"http:\\\/\\\/www.facebook.com\\\/pages\\\/Amor-paz-y-caridad\\\/1594978604096866\",\"https:\\\/\\\/x.com\\\/amorpazycaridad\",\"https:\\\/\\\/es.pinterest.com\\\/amorpazycaridad\\\/\",\"https:\\\/\\\/www.youtube.com\\\/channel\\\/UC1GvDIDCLoL02SzOD7NJdrA\"]},{\"@type\":\"Person\",\"@id\":\"https:\\\/\\\/amorpazycaridad.es\\\/#\\\/schema\\\/person\\\/44cbc218f1b29f65390e7c8a4fd0c28d\",\"name\":\"Redacci\u00f3n\",\"image\":{\"@type\":\"ImageObject\",\"inLanguage\":\"es\",\"@id\":\"https:\\\/\\\/amorpazycaridad.es\\\/wp-content\\\/uploads\\\/2015\\\/01\\\/icono-114-96x96.jpg73ca1ff604f9e7c7607bbbfa84b61c44\",\"url\":\"https:\\\/\\\/amorpazycaridad.es\\\/wp-content\\\/uploads\\\/2015\\\/01\\\/icono-114-96x96.jpg\",\"contentUrl\":\"https:\\\/\\\/amorpazycaridad.es\\\/wp-content\\\/uploads\\\/2015\\\/01\\\/icono-114-96x96.jpg\",\"caption\":\"Redacci\u00f3n\"},\"sameAs\":[\"http:\\\/\\\/www.amorpazycaridad.com\"],\"url\":\"https:\\\/\\\/amorpazy-cp515.wordpresstemporal.com\\\/amorpazycaridad.es\\\/author\\\/redaccion\\\/\"}]}<\/script>\n<!-- \/ Yoast SEO plugin. -->","yoast_head_json":{"title":"CR\u00d3NICA DEL 8 CONGRESO ESPIRITA MUNDIAL | Amor, paz caridad","description":"CR\u00d3NICA 8 CONGRESO ESPIRITA MUNDIAL Organizado por el CEI y la FEP tuvo lugar en Lisboa (Portugal), durante los d\u00edas 7 al 9 de este mes de octubre.","robots":{"index":"index","follow":"follow","max-snippet":"max-snippet:-1","max-image-preview":"max-image-preview:large","max-video-preview":"max-video-preview:-1"},"canonical":"https:\/\/amorpazy-cp515.wordpresstemporal.com\/amorpazycaridad.es\/cronica-8-congreso-espirita-mundial\/","og_locale":"es_ES","og_type":"article","og_title":"CR\u00d3NICA DEL 8 CONGRESO ESPIRITA MUNDIAL | Amor, paz caridad","og_description":"CR\u00d3NICA 8 CONGRESO ESPIRITA MUNDIAL Organizado por el CEI y la FEP tuvo lugar en Lisboa (Portugal), durante los d\u00edas 7 al 9 de este mes de octubre.","og_url":"https:\/\/amorpazy-cp515.wordpresstemporal.com\/amorpazycaridad.es\/cronica-8-congreso-espirita-mundial\/","og_site_name":"Amor, paz caridad","article_publisher":"http:\/\/www.facebook.com\/pages\/Amor-paz-y-caridad\/1594978604096866","article_published_time":"2016-10-12T07:34:43+00:00","article_modified_time":"2017-01-01T20:59:06+00:00","og_image":[{"width":1920,"height":1080,"url":"https:\/\/amorpazy-cp515.wordpresstemporal.com\/amorpazycaridad.es\/wp-content\/uploads\/2015\/01\/anuncio-cem.jpg","type":"image\/jpeg"}],"author":"Redaccion","twitter_card":"summary_large_image","twitter_creator":"@amorpazycaridad","twitter_site":"@amorpazycaridad","twitter_misc":{"Escrito por":"Redacci\u00f3n","Tiempo de lectura":"4 minutos"},"schema":{"@context":"https:\/\/schema.org","@graph":[{"@type":"Article","@id":"https:\/\/amorpazy-cp515.wordpresstemporal.com\/amorpazycaridad.es\/cronica-8-congreso-espirita-mundial\/#article","isPartOf":{"@id":"https:\/\/amorpazy-cp515.wordpresstemporal.com\/amorpazycaridad.es\/cronica-8-congreso-espirita-mundial\/"},"author":{"name":"Redacci\u00f3n","@id":"https:\/\/amorpazycaridad.es\/#\/schema\/person\/44cbc218f1b29f65390e7c8a4fd0c28d"},"headline":"CR\u00d3NICA DEL 8 CONGRESO ESPIRITA MUNDIAL","datePublished":"2016-10-12T07:34:43+00:00","dateModified":"2017-01-01T20:59:06+00:00","mainEntityOfPage":{"@id":"https:\/\/amorpazy-cp515.wordpresstemporal.com\/amorpazycaridad.es\/cronica-8-congreso-espirita-mundial\/"},"wordCount":889,"commentCount":0,"publisher":{"@id":"https:\/\/amorpazycaridad.es\/#organization"},"image":{"@id":"https:\/\/amorpazy-cp515.wordpresstemporal.com\/amorpazycaridad.es\/cronica-8-congreso-espirita-mundial\/#primaryimage"},"thumbnailUrl":"https:\/\/amorpazy-cp515.wordpresstemporal.com\/amorpazycaridad.es\/wp-content\/uploads\/2015\/01\/anuncio-cem.jpg","keywords":["CEI","divaldo","En defensa de la vida","FEB","fraternidad","Meo Arena","Raul texeira"],"articleSection":["Eventos"],"inLanguage":"es","potentialAction":[{"@type":"CommentAction","name":"Comment","target":["https:\/\/amorpazy-cp515.wordpresstemporal.com\/amorpazycaridad.es\/cronica-8-congreso-espirita-mundial\/#respond"]}]},{"@type":"WebPage","@id":"https:\/\/amorpazy-cp515.wordpresstemporal.com\/amorpazycaridad.es\/cronica-8-congreso-espirita-mundial\/","url":"https:\/\/amorpazy-cp515.wordpresstemporal.com\/amorpazycaridad.es\/cronica-8-congreso-espirita-mundial\/","name":"CR\u00d3NICA DEL 8 CONGRESO ESPIRITA MUNDIAL | Amor, paz caridad","isPartOf":{"@id":"https:\/\/amorpazycaridad.es\/#website"},"primaryImageOfPage":{"@id":"https:\/\/amorpazy-cp515.wordpresstemporal.com\/amorpazycaridad.es\/cronica-8-congreso-espirita-mundial\/#primaryimage"},"image":{"@id":"https:\/\/amorpazy-cp515.wordpresstemporal.com\/amorpazycaridad.es\/cronica-8-congreso-espirita-mundial\/#primaryimage"},"thumbnailUrl":"https:\/\/amorpazy-cp515.wordpresstemporal.com\/amorpazycaridad.es\/wp-content\/uploads\/2015\/01\/anuncio-cem.jpg","datePublished":"2016-10-12T07:34:43+00:00","dateModified":"2017-01-01T20:59:06+00:00","description":"CR\u00d3NICA 8 CONGRESO ESPIRITA MUNDIAL Organizado por el CEI y la FEP tuvo lugar en Lisboa (Portugal), durante los d\u00edas 7 al 9 de este mes de octubre.","breadcrumb":{"@id":"https:\/\/amorpazy-cp515.wordpresstemporal.com\/amorpazycaridad.es\/cronica-8-congreso-espirita-mundial\/#breadcrumb"},"inLanguage":"es","potentialAction":[{"@type":"ReadAction","target":["https:\/\/amorpazy-cp515.wordpresstemporal.com\/amorpazycaridad.es\/cronica-8-congreso-espirita-mundial\/"]}]},{"@type":"ImageObject","inLanguage":"es","@id":"https:\/\/amorpazy-cp515.wordpresstemporal.com\/amorpazycaridad.es\/cronica-8-congreso-espirita-mundial\/#primaryimage","url":"https:\/\/amorpazy-cp515.wordpresstemporal.com\/amorpazycaridad.es\/wp-content\/uploads\/2015\/01\/anuncio-cem.jpg","contentUrl":"https:\/\/amorpazy-cp515.wordpresstemporal.com\/amorpazycaridad.es\/wp-content\/uploads\/2015\/01\/anuncio-cem.jpg","width":1920,"height":1080,"caption":"8 Congreso Espirita Mundial"},{"@type":"BreadcrumbList","@id":"https:\/\/amorpazy-cp515.wordpresstemporal.com\/amorpazycaridad.es\/cronica-8-congreso-espirita-mundial\/#breadcrumb","itemListElement":[{"@type":"ListItem","position":1,"name":"Portada","item":"https:\/\/amorpazy-cp515.wordpresstemporal.com\/amorpazycaridad.es\/"},{"@type":"ListItem","position":2,"name":"CR\u00d3NICA DEL 8 CONGRESO ESPIRITA MUNDIAL"}]},{"@type":"WebSite","@id":"https:\/\/amorpazycaridad.es\/#website","url":"https:\/\/amorpazycaridad.es\/","name":"Amor, paz caridad","description":"Conocimiento espiritual, espiritismo, espiritualismo, leyes universales, m\u00e1s all\u00e1, vida despu\u00e9s de la vida,","publisher":{"@id":"https:\/\/amorpazycaridad.es\/#organization"},"potentialAction":[{"@type":"SearchAction","target":{"@type":"EntryPoint","urlTemplate":"https:\/\/amorpazycaridad.es\/?s={search_term_string}"},"query-input":{"@type":"PropertyValueSpecification","valueRequired":true,"valueName":"search_term_string"}}],"inLanguage":"es"},{"@type":"Organization","@id":"https:\/\/amorpazycaridad.es\/#organization","name":"Asociaci\u00f3n de Estudios Espirituales Grupo Villena","url":"https:\/\/amorpazycaridad.es\/","logo":{"@type":"ImageObject","inLanguage":"es","@id":"https:\/\/amorpazycaridad.es\/#\/schema\/logo\/image\/","url":"https:\/\/amorpazycaridad.es\/wp-content\/uploads\/2015\/01\/logo-fav-e1420247830294.jpg","contentUrl":"https:\/\/amorpazycaridad.es\/wp-content\/uploads\/2015\/01\/logo-fav-e1420247830294.jpg","width":144,"height":144,"caption":"Asociaci\u00f3n de Estudios Espirituales Grupo Villena"},"image":{"@id":"https:\/\/amorpazycaridad.es\/#\/schema\/logo\/image\/"},"sameAs":["http:\/\/www.facebook.com\/pages\/Amor-paz-y-caridad\/1594978604096866","https:\/\/x.com\/amorpazycaridad","https:\/\/es.pinterest.com\/amorpazycaridad\/","https:\/\/www.youtube.com\/channel\/UC1GvDIDCLoL02SzOD7NJdrA"]},{"@type":"Person","@id":"https:\/\/amorpazycaridad.es\/#\/schema\/person\/44cbc218f1b29f65390e7c8a4fd0c28d","name":"Redacci\u00f3n","image":{"@type":"ImageObject","inLanguage":"es","@id":"https:\/\/amorpazycaridad.es\/wp-content\/uploads\/2015\/01\/icono-114-96x96.jpg73ca1ff604f9e7c7607bbbfa84b61c44","url":"https:\/\/amorpazycaridad.es\/wp-content\/uploads\/2015\/01\/icono-114-96x96.jpg","contentUrl":"https:\/\/amorpazycaridad.es\/wp-content\/uploads\/2015\/01\/icono-114-96x96.jpg","caption":"Redacci\u00f3n"},"sameAs":["http:\/\/www.amorpazycaridad.com"],"url":"https:\/\/amorpazy-cp515.wordpresstemporal.com\/amorpazycaridad.es\/author\/redaccion\/"}]}},"authors":[{"term_id":396,"user_id":0,"is_guest":1,"slug":"cap-redaccion","display_name":"Redaccion","avatar_url":"https:\/\/secure.gravatar.com\/avatar\/?s=96&d=mm&r=g","0":null,"1":"","2":"","3":"","4":"","5":"","6":"","7":"","8":""}],"_links":{"self":[{"href":"https:\/\/amorpazy-cp515.wordpresstemporal.com\/amorpazycaridad.es\/wp-json\/wp\/v2\/posts\/6381","targetHints":{"allow":["GET"]}}],"collection":[{"href":"https:\/\/amorpazy-cp515.wordpresstemporal.com\/amorpazycaridad.es\/wp-json\/wp\/v2\/posts"}],"about":[{"href":"https:\/\/amorpazy-cp515.wordpresstemporal.com\/amorpazycaridad.es\/wp-json\/wp\/v2\/types\/post"}],"author":[{"embeddable":true,"href":"https:\/\/amorpazy-cp515.wordpresstemporal.com\/amorpazycaridad.es\/wp-json\/wp\/v2\/users\/2"}],"replies":[{"embeddable":true,"href":"https:\/\/amorpazy-cp515.wordpresstemporal.com\/amorpazycaridad.es\/wp-json\/wp\/v2\/comments?post=6381"}],"version-history":[{"count":23,"href":"https:\/\/amorpazy-cp515.wordpresstemporal.com\/amorpazycaridad.es\/wp-json\/wp\/v2\/posts\/6381\/revisions"}],"predecessor-version":[{"id":6414,"href":"https:\/\/amorpazy-cp515.wordpresstemporal.com\/amorpazycaridad.es\/wp-json\/wp\/v2\/posts\/6381\/revisions\/6414"}],"wp:featuredmedia":[{"embeddable":true,"href":"https:\/\/amorpazy-cp515.wordpresstemporal.com\/amorpazycaridad.es\/wp-json\/wp\/v2\/media\/2031"}],"wp:attachment":[{"href":"https:\/\/amorpazy-cp515.wordpresstemporal.com\/amorpazycaridad.es\/wp-json\/wp\/v2\/media?parent=6381"}],"wp:term":[{"taxonomy":"category","embeddable":true,"href":"https:\/\/amorpazy-cp515.wordpresstemporal.com\/amorpazycaridad.es\/wp-json\/wp\/v2\/categories?post=6381"},{"taxonomy":"post_tag","embeddable":true,"href":"https:\/\/amorpazy-cp515.wordpresstemporal.com\/amorpazycaridad.es\/wp-json\/wp\/v2\/tags?post=6381"},{"taxonomy":"author","embeddable":true,"href":"https:\/\/amorpazy-cp515.wordpresstemporal.com\/amorpazycaridad.es\/wp-json\/wp\/v2\/ppma_author?post=6381"}],"curies":[{"name":"wp","href":"https:\/\/api.w.org\/{rel}","templated":true}]}}