{"id":6349,"date":"2016-10-06T05:48:38","date_gmt":"2016-10-06T04:48:38","guid":{"rendered":"https:\/\/amorpazycaridad.es\/?p=6349"},"modified":"2018-08-16T17:03:27","modified_gmt":"2018-08-16T15:03:27","slug":"colaboradores-de-otros-mundos","status":"publish","type":"post","link":"https:\/\/amorpazy-cp515.wordpresstemporal.com\/amorpazycaridad.es\/colaboradores-de-otros-mundos\/","title":{"rendered":"COLABORADORES DE OTROS MUNDOS"},"content":{"rendered":"<p style=\"text-align: justify;\">Colaboradores de otros mundos, conferencia ofrecida por nuestro compa\u00f1ero Jos\u00e9 Manuel Meseguer Clemente, en el II Congreso Espirita Mundial de AIPE. El 16 de septiembre de 2016 en Torrej\u00f3n de Ardoz (Madrid)<\/p>\n<p style=\"text-align: justify;\">En la segunda parte del panel se habla sobre una caracter\u00edstica fundamental en los mundos de regeneraci\u00f3n, y es referente al contacto entre civilizaciones. En la permanente solidaridad entre los mundos, especialmente en las tareas que ata\u00f1en a aquellos planetas que est\u00e1n viviendo un proceso dif\u00edcil y delicado como el que nos ha tocado vivir. Estos hermanos espirituales encarnados en otros planetas, verdaderos especialistas, bajo la direcci\u00f3n del gobernador de este planeta, realizan un trabajo coordinado con los planos superiores para colaborar materialmente en el desarrollo del proceso de cambio hasta que se haya completado felizmente.<\/p>\n<p style=\"text-align: right;\">Redacci\u00f3n<\/p>\n","protected":false},"excerpt":{"rendered":"<p>Colaboradores de otros mundos, conferencia ofrecida por nuestro compa\u00f1ero Jos\u00e9 Manuel Meseguer Clemente, en el II Congreso Espirita Mundial de AIPE. El 16 de septiembre de 2016 en Torrej\u00f3n de Ardoz (Madrid) En la segunda parte del panel se habla sobre una caracter\u00edstica fundamental en los mundos de regeneraci\u00f3n, y es referente al contacto entre [&hellip;]<\/p>\n","protected":false},"author":2,"featured_media":6350,"comment_status":"open","ping_status":"open","sticky":false,"template":"","format":"video","meta":{"tdm_status":"","tdm_grid_status":"","footnotes":""},"categories":[17],"tags":[65,1183,2229,4283,2221,233,1181,255,544,3015],"ppma_author":[396],"class_list":{"0":"post-6349","1":"post","2":"type-post","3":"status-publish","4":"format-video","5":"has-post-thumbnail","7":"category-conferencias","8":"tag-allan-kardec","9":"tag-el-genesis","10":"tag-extraterrestres","11":"tag-https-youtu-be-4uhjcyem_74","12":"tag-leyes-universales","13":"tag-libro-de-los-espiritus","14":"tag-mundo-de-regeneracion","15":"tag-nueva-humanidad-2","16":"tag-ovni","17":"tag-pluralidad-de-mundos","18":"post_format-post-format-video"},"yoast_head":"<!-- This site is optimized with the Yoast SEO plugin v27.7 - https:\/\/yoast.com\/product\/yoast-seo-wordpress\/ -->\n<title>COLABORADORES DE OTROS MUNDOS | SOLIDARIDAD UNIVERSAL<\/title>\n<meta name=\"description\" content=\"Colaboradores de otros mundos, conferencia ofrecida por nuestro compa\u00f1ero Jos\u00e9 Manuel Meseguer Clemente, en el II Congreso Espirita Mundial de AIPE.\" \/>\n<meta name=\"robots\" content=\"index, follow, max-snippet:-1, max-image-preview:large, max-video-preview:-1\" \/>\n<link rel=\"canonical\" href=\"https:\/\/amorpazycaridad.es\/colaboradores-de-otros-mundos\/\" \/>\n<meta property=\"og:locale\" content=\"es_ES\" \/>\n<meta property=\"og:type\" content=\"article\" \/>\n<meta property=\"og:title\" content=\"COLABORADORES DE OTROS MUNDOS | SOLIDARIDAD UNIVERSAL\" \/>\n<meta property=\"og:description\" content=\"Colaboradores de otros mundos, conferencia ofrecida por nuestro compa\u00f1ero Jos\u00e9 Manuel Meseguer Clemente, en el II Congreso Espirita Mundial de AIPE.\" \/>\n<meta property=\"og:url\" content=\"https:\/\/amorpazycaridad.es\/colaboradores-de-otros-mundos\/\" \/>\n<meta property=\"og:site_name\" content=\"Amor, paz caridad\" \/>\n<meta property=\"article:publisher\" content=\"http:\/\/www.facebook.com\/pages\/Amor-paz-y-caridad\/1594978604096866\" \/>\n<meta property=\"article:published_time\" content=\"2016-10-06T04:48:38+00:00\" \/>\n<meta property=\"article:modified_time\" content=\"2018-08-16T15:03:27+00:00\" \/>\n<meta property=\"og:image\" content=\"https:\/\/amorpazycaridad.es\/wp-content\/uploads\/2016\/10\/colaboradores-otros-mundos.jpg\" \/>\n\t<meta property=\"og:image:width\" content=\"750\" \/>\n\t<meta property=\"og:image:height\" content=\"350\" \/>\n\t<meta property=\"og:image:type\" content=\"image\/jpeg\" \/>\n<meta name=\"author\" content=\"Redaccion\" \/>\n<meta name=\"twitter:card\" content=\"summary_large_image\" \/>\n<meta name=\"twitter:creator\" content=\"@amorpazycaridad\" \/>\n<meta name=\"twitter:site\" content=\"@amorpazycaridad\" \/>\n<meta name=\"twitter:label1\" content=\"Escrito por\" \/>\n\t<meta name=\"twitter:data1\" content=\"Redacci\u00f3n\" \/>\n\t<meta name=\"twitter:label2\" content=\"Tiempo de lectura\" \/>\n\t<meta name=\"twitter:data2\" content=\"1 minuto\" \/>\n<script type=\"application\/ld+json\" class=\"yoast-schema-graph\">{\"@context\":\"https:\\\/\\\/schema.org\",\"@graph\":[{\"@type\":\"Article\",\"@id\":\"https:\\\/\\\/amorpazycaridad.es\\\/colaboradores-de-otros-mundos\\\/#article\",\"isPartOf\":{\"@id\":\"https:\\\/\\\/amorpazycaridad.es\\\/colaboradores-de-otros-mundos\\\/\"},\"author\":{\"name\":\"Redacci\u00f3n\",\"@id\":\"https:\\\/\\\/amorpazy-cp515.wordpresstemporal.com\\\/amorpazycaridad.es\\\/#\\\/schema\\\/person\\\/44cbc218f1b29f65390e7c8a4fd0c28d\"},\"headline\":\"COLABORADORES DE OTROS MUNDOS\",\"datePublished\":\"2016-10-06T04:48:38+00:00\",\"dateModified\":\"2018-08-16T15:03:27+00:00\",\"mainEntityOfPage\":{\"@id\":\"https:\\\/\\\/amorpazycaridad.es\\\/colaboradores-de-otros-mundos\\\/\"},\"wordCount\":140,\"commentCount\":0,\"publisher\":{\"@id\":\"https:\\\/\\\/amorpazy-cp515.wordpresstemporal.com\\\/amorpazycaridad.es\\\/#organization\"},\"image\":{\"@id\":\"https:\\\/\\\/amorpazycaridad.es\\\/colaboradores-de-otros-mundos\\\/#primaryimage\"},\"thumbnailUrl\":\"https:\\\/\\\/amorpazy-cp515.wordpresstemporal.com\\\/amorpazycaridad.es\\\/wp-content\\\/uploads\\\/2016\\\/10\\\/colaboradores-otros-mundos.jpg\",\"keywords\":[\"Allan Kardec\",\"El G\u00e9nesis\",\"Extraterrestres\",\"https:\\\/\\\/youtu.be\\\/4UHJCYem_74\",\"Leyes Universales\",\"Libro de los Esp\u00edritus\",\"mundo de regeneraci\u00f3n\",\"Nueva Humanidad\",\"ovni\",\"Pluralidad de mundos\"],\"articleSection\":[\"Conferencias\"],\"inLanguage\":\"es\",\"potentialAction\":[{\"@type\":\"CommentAction\",\"name\":\"Comment\",\"target\":[\"https:\\\/\\\/amorpazycaridad.es\\\/colaboradores-de-otros-mundos\\\/#respond\"]}]},{\"@type\":\"WebPage\",\"@id\":\"https:\\\/\\\/amorpazycaridad.es\\\/colaboradores-de-otros-mundos\\\/\",\"url\":\"https:\\\/\\\/amorpazycaridad.es\\\/colaboradores-de-otros-mundos\\\/\",\"name\":\"COLABORADORES DE OTROS MUNDOS | SOLIDARIDAD UNIVERSAL\",\"isPartOf\":{\"@id\":\"https:\\\/\\\/amorpazy-cp515.wordpresstemporal.com\\\/amorpazycaridad.es\\\/#website\"},\"primaryImageOfPage\":{\"@id\":\"https:\\\/\\\/amorpazycaridad.es\\\/colaboradores-de-otros-mundos\\\/#primaryimage\"},\"image\":{\"@id\":\"https:\\\/\\\/amorpazycaridad.es\\\/colaboradores-de-otros-mundos\\\/#primaryimage\"},\"thumbnailUrl\":\"https:\\\/\\\/amorpazy-cp515.wordpresstemporal.com\\\/amorpazycaridad.es\\\/wp-content\\\/uploads\\\/2016\\\/10\\\/colaboradores-otros-mundos.jpg\",\"datePublished\":\"2016-10-06T04:48:38+00:00\",\"dateModified\":\"2018-08-16T15:03:27+00:00\",\"description\":\"Colaboradores de otros mundos, conferencia ofrecida por nuestro compa\u00f1ero Jos\u00e9 Manuel Meseguer Clemente, en el II Congreso Espirita Mundial de AIPE.\",\"breadcrumb\":{\"@id\":\"https:\\\/\\\/amorpazycaridad.es\\\/colaboradores-de-otros-mundos\\\/#breadcrumb\"},\"inLanguage\":\"es\",\"potentialAction\":[{\"@type\":\"ReadAction\",\"target\":[\"https:\\\/\\\/amorpazycaridad.es\\\/colaboradores-de-otros-mundos\\\/\"]}]},{\"@type\":\"ImageObject\",\"inLanguage\":\"es\",\"@id\":\"https:\\\/\\\/amorpazycaridad.es\\\/colaboradores-de-otros-mundos\\\/#primaryimage\",\"url\":\"https:\\\/\\\/amorpazy-cp515.wordpresstemporal.com\\\/amorpazycaridad.es\\\/wp-content\\\/uploads\\\/2016\\\/10\\\/colaboradores-otros-mundos.jpg\",\"contentUrl\":\"https:\\\/\\\/amorpazy-cp515.wordpresstemporal.com\\\/amorpazycaridad.es\\\/wp-content\\\/uploads\\\/2016\\\/10\\\/colaboradores-otros-mundos.jpg\",\"width\":750,\"height\":350,\"caption\":\"Colaboradores de otros mundos\"},{\"@type\":\"BreadcrumbList\",\"@id\":\"https:\\\/\\\/amorpazycaridad.es\\\/colaboradores-de-otros-mundos\\\/#breadcrumb\",\"itemListElement\":[{\"@type\":\"ListItem\",\"position\":1,\"name\":\"Portada\",\"item\":\"https:\\\/\\\/amorpazy-cp515.wordpresstemporal.com\\\/amorpazycaridad.es\\\/\"},{\"@type\":\"ListItem\",\"position\":2,\"name\":\"COLABORADORES DE OTROS MUNDOS\"}]},{\"@type\":\"WebSite\",\"@id\":\"https:\\\/\\\/amorpazy-cp515.wordpresstemporal.com\\\/amorpazycaridad.es\\\/#website\",\"url\":\"https:\\\/\\\/amorpazy-cp515.wordpresstemporal.com\\\/amorpazycaridad.es\\\/\",\"name\":\"Amor, paz caridad\",\"description\":\"Conocimiento espiritual, espiritismo, espiritualismo, leyes universales, m\u00e1s all\u00e1, vida despu\u00e9s de la vida,\",\"publisher\":{\"@id\":\"https:\\\/\\\/amorpazy-cp515.wordpresstemporal.com\\\/amorpazycaridad.es\\\/#organization\"},\"potentialAction\":[{\"@type\":\"SearchAction\",\"target\":{\"@type\":\"EntryPoint\",\"urlTemplate\":\"https:\\\/\\\/amorpazy-cp515.wordpresstemporal.com\\\/amorpazycaridad.es\\\/?s={search_term_string}\"},\"query-input\":{\"@type\":\"PropertyValueSpecification\",\"valueRequired\":true,\"valueName\":\"search_term_string\"}}],\"inLanguage\":\"es\"},{\"@type\":\"Organization\",\"@id\":\"https:\\\/\\\/amorpazy-cp515.wordpresstemporal.com\\\/amorpazycaridad.es\\\/#organization\",\"name\":\"Asociaci\u00f3n de Estudios Espirituales Grupo Villena\",\"url\":\"https:\\\/\\\/amorpazy-cp515.wordpresstemporal.com\\\/amorpazycaridad.es\\\/\",\"logo\":{\"@type\":\"ImageObject\",\"inLanguage\":\"es\",\"@id\":\"https:\\\/\\\/amorpazy-cp515.wordpresstemporal.com\\\/amorpazycaridad.es\\\/#\\\/schema\\\/logo\\\/image\\\/\",\"url\":\"https:\\\/\\\/amorpazycaridad.es\\\/wp-content\\\/uploads\\\/2015\\\/01\\\/logo-fav-e1420247830294.jpg\",\"contentUrl\":\"https:\\\/\\\/amorpazycaridad.es\\\/wp-content\\\/uploads\\\/2015\\\/01\\\/logo-fav-e1420247830294.jpg\",\"width\":144,\"height\":144,\"caption\":\"Asociaci\u00f3n de Estudios Espirituales Grupo Villena\"},\"image\":{\"@id\":\"https:\\\/\\\/amorpazy-cp515.wordpresstemporal.com\\\/amorpazycaridad.es\\\/#\\\/schema\\\/logo\\\/image\\\/\"},\"sameAs\":[\"http:\\\/\\\/www.facebook.com\\\/pages\\\/Amor-paz-y-caridad\\\/1594978604096866\",\"https:\\\/\\\/x.com\\\/amorpazycaridad\",\"https:\\\/\\\/es.pinterest.com\\\/amorpazycaridad\\\/\",\"https:\\\/\\\/www.youtube.com\\\/channel\\\/UC1GvDIDCLoL02SzOD7NJdrA\"]},{\"@type\":\"Person\",\"@id\":\"https:\\\/\\\/amorpazy-cp515.wordpresstemporal.com\\\/amorpazycaridad.es\\\/#\\\/schema\\\/person\\\/44cbc218f1b29f65390e7c8a4fd0c28d\",\"name\":\"Redacci\u00f3n\",\"image\":{\"@type\":\"ImageObject\",\"inLanguage\":\"es\",\"@id\":\"https:\\\/\\\/amorpazycaridad.es\\\/wp-content\\\/uploads\\\/2015\\\/01\\\/icono-114-96x96.jpg73ca1ff604f9e7c7607bbbfa84b61c44\",\"url\":\"https:\\\/\\\/amorpazycaridad.es\\\/wp-content\\\/uploads\\\/2015\\\/01\\\/icono-114-96x96.jpg\",\"contentUrl\":\"https:\\\/\\\/amorpazycaridad.es\\\/wp-content\\\/uploads\\\/2015\\\/01\\\/icono-114-96x96.jpg\",\"caption\":\"Redacci\u00f3n\"},\"sameAs\":[\"http:\\\/\\\/www.amorpazycaridad.com\"],\"url\":\"https:\\\/\\\/amorpazy-cp515.wordpresstemporal.com\\\/amorpazycaridad.es\\\/author\\\/redaccion\\\/\"}]}<\/script>\n<!-- \/ Yoast SEO plugin. -->","yoast_head_json":{"title":"COLABORADORES DE OTROS MUNDOS | SOLIDARIDAD UNIVERSAL","description":"Colaboradores de otros mundos, conferencia ofrecida por nuestro compa\u00f1ero Jos\u00e9 Manuel Meseguer Clemente, en el II Congreso Espirita Mundial de AIPE.","robots":{"index":"index","follow":"follow","max-snippet":"max-snippet:-1","max-image-preview":"max-image-preview:large","max-video-preview":"max-video-preview:-1"},"canonical":"https:\/\/amorpazycaridad.es\/colaboradores-de-otros-mundos\/","og_locale":"es_ES","og_type":"article","og_title":"COLABORADORES DE OTROS MUNDOS | SOLIDARIDAD UNIVERSAL","og_description":"Colaboradores de otros mundos, conferencia ofrecida por nuestro compa\u00f1ero Jos\u00e9 Manuel Meseguer Clemente, en el II Congreso Espirita Mundial de AIPE.","og_url":"https:\/\/amorpazycaridad.es\/colaboradores-de-otros-mundos\/","og_site_name":"Amor, paz caridad","article_publisher":"http:\/\/www.facebook.com\/pages\/Amor-paz-y-caridad\/1594978604096866","article_published_time":"2016-10-06T04:48:38+00:00","article_modified_time":"2018-08-16T15:03:27+00:00","og_image":[{"width":750,"height":350,"url":"https:\/\/amorpazycaridad.es\/wp-content\/uploads\/2016\/10\/colaboradores-otros-mundos.jpg","type":"image\/jpeg"}],"author":"Redaccion","twitter_card":"summary_large_image","twitter_creator":"@amorpazycaridad","twitter_site":"@amorpazycaridad","twitter_misc":{"Escrito por":"Redacci\u00f3n","Tiempo de lectura":"1 minuto"},"schema":{"@context":"https:\/\/schema.org","@graph":[{"@type":"Article","@id":"https:\/\/amorpazycaridad.es\/colaboradores-de-otros-mundos\/#article","isPartOf":{"@id":"https:\/\/amorpazycaridad.es\/colaboradores-de-otros-mundos\/"},"author":{"name":"Redacci\u00f3n","@id":"https:\/\/amorpazy-cp515.wordpresstemporal.com\/amorpazycaridad.es\/#\/schema\/person\/44cbc218f1b29f65390e7c8a4fd0c28d"},"headline":"COLABORADORES DE OTROS MUNDOS","datePublished":"2016-10-06T04:48:38+00:00","dateModified":"2018-08-16T15:03:27+00:00","mainEntityOfPage":{"@id":"https:\/\/amorpazycaridad.es\/colaboradores-de-otros-mundos\/"},"wordCount":140,"commentCount":0,"publisher":{"@id":"https:\/\/amorpazy-cp515.wordpresstemporal.com\/amorpazycaridad.es\/#organization"},"image":{"@id":"https:\/\/amorpazycaridad.es\/colaboradores-de-otros-mundos\/#primaryimage"},"thumbnailUrl":"https:\/\/amorpazy-cp515.wordpresstemporal.com\/amorpazycaridad.es\/wp-content\/uploads\/2016\/10\/colaboradores-otros-mundos.jpg","keywords":["Allan Kardec","El G\u00e9nesis","Extraterrestres","https:\/\/youtu.be\/4UHJCYem_74","Leyes Universales","Libro de los Esp\u00edritus","mundo de regeneraci\u00f3n","Nueva Humanidad","ovni","Pluralidad de mundos"],"articleSection":["Conferencias"],"inLanguage":"es","potentialAction":[{"@type":"CommentAction","name":"Comment","target":["https:\/\/amorpazycaridad.es\/colaboradores-de-otros-mundos\/#respond"]}]},{"@type":"WebPage","@id":"https:\/\/amorpazycaridad.es\/colaboradores-de-otros-mundos\/","url":"https:\/\/amorpazycaridad.es\/colaboradores-de-otros-mundos\/","name":"COLABORADORES DE OTROS MUNDOS | SOLIDARIDAD UNIVERSAL","isPartOf":{"@id":"https:\/\/amorpazy-cp515.wordpresstemporal.com\/amorpazycaridad.es\/#website"},"primaryImageOfPage":{"@id":"https:\/\/amorpazycaridad.es\/colaboradores-de-otros-mundos\/#primaryimage"},"image":{"@id":"https:\/\/amorpazycaridad.es\/colaboradores-de-otros-mundos\/#primaryimage"},"thumbnailUrl":"https:\/\/amorpazy-cp515.wordpresstemporal.com\/amorpazycaridad.es\/wp-content\/uploads\/2016\/10\/colaboradores-otros-mundos.jpg","datePublished":"2016-10-06T04:48:38+00:00","dateModified":"2018-08-16T15:03:27+00:00","description":"Colaboradores de otros mundos, conferencia ofrecida por nuestro compa\u00f1ero Jos\u00e9 Manuel Meseguer Clemente, en el II Congreso Espirita Mundial de AIPE.","breadcrumb":{"@id":"https:\/\/amorpazycaridad.es\/colaboradores-de-otros-mundos\/#breadcrumb"},"inLanguage":"es","potentialAction":[{"@type":"ReadAction","target":["https:\/\/amorpazycaridad.es\/colaboradores-de-otros-mundos\/"]}]},{"@type":"ImageObject","inLanguage":"es","@id":"https:\/\/amorpazycaridad.es\/colaboradores-de-otros-mundos\/#primaryimage","url":"https:\/\/amorpazy-cp515.wordpresstemporal.com\/amorpazycaridad.es\/wp-content\/uploads\/2016\/10\/colaboradores-otros-mundos.jpg","contentUrl":"https:\/\/amorpazy-cp515.wordpresstemporal.com\/amorpazycaridad.es\/wp-content\/uploads\/2016\/10\/colaboradores-otros-mundos.jpg","width":750,"height":350,"caption":"Colaboradores de otros mundos"},{"@type":"BreadcrumbList","@id":"https:\/\/amorpazycaridad.es\/colaboradores-de-otros-mundos\/#breadcrumb","itemListElement":[{"@type":"ListItem","position":1,"name":"Portada","item":"https:\/\/amorpazy-cp515.wordpresstemporal.com\/amorpazycaridad.es\/"},{"@type":"ListItem","position":2,"name":"COLABORADORES DE OTROS MUNDOS"}]},{"@type":"WebSite","@id":"https:\/\/amorpazy-cp515.wordpresstemporal.com\/amorpazycaridad.es\/#website","url":"https:\/\/amorpazy-cp515.wordpresstemporal.com\/amorpazycaridad.es\/","name":"Amor, paz caridad","description":"Conocimiento espiritual, espiritismo, espiritualismo, leyes universales, m\u00e1s all\u00e1, vida despu\u00e9s de la vida,","publisher":{"@id":"https:\/\/amorpazy-cp515.wordpresstemporal.com\/amorpazycaridad.es\/#organization"},"potentialAction":[{"@type":"SearchAction","target":{"@type":"EntryPoint","urlTemplate":"https:\/\/amorpazy-cp515.wordpresstemporal.com\/amorpazycaridad.es\/?s={search_term_string}"},"query-input":{"@type":"PropertyValueSpecification","valueRequired":true,"valueName":"search_term_string"}}],"inLanguage":"es"},{"@type":"Organization","@id":"https:\/\/amorpazy-cp515.wordpresstemporal.com\/amorpazycaridad.es\/#organization","name":"Asociaci\u00f3n de Estudios Espirituales Grupo Villena","url":"https:\/\/amorpazy-cp515.wordpresstemporal.com\/amorpazycaridad.es\/","logo":{"@type":"ImageObject","inLanguage":"es","@id":"https:\/\/amorpazy-cp515.wordpresstemporal.com\/amorpazycaridad.es\/#\/schema\/logo\/image\/","url":"https:\/\/amorpazycaridad.es\/wp-content\/uploads\/2015\/01\/logo-fav-e1420247830294.jpg","contentUrl":"https:\/\/amorpazycaridad.es\/wp-content\/uploads\/2015\/01\/logo-fav-e1420247830294.jpg","width":144,"height":144,"caption":"Asociaci\u00f3n de Estudios Espirituales Grupo Villena"},"image":{"@id":"https:\/\/amorpazy-cp515.wordpresstemporal.com\/amorpazycaridad.es\/#\/schema\/logo\/image\/"},"sameAs":["http:\/\/www.facebook.com\/pages\/Amor-paz-y-caridad\/1594978604096866","https:\/\/x.com\/amorpazycaridad","https:\/\/es.pinterest.com\/amorpazycaridad\/","https:\/\/www.youtube.com\/channel\/UC1GvDIDCLoL02SzOD7NJdrA"]},{"@type":"Person","@id":"https:\/\/amorpazy-cp515.wordpresstemporal.com\/amorpazycaridad.es\/#\/schema\/person\/44cbc218f1b29f65390e7c8a4fd0c28d","name":"Redacci\u00f3n","image":{"@type":"ImageObject","inLanguage":"es","@id":"https:\/\/amorpazycaridad.es\/wp-content\/uploads\/2015\/01\/icono-114-96x96.jpg73ca1ff604f9e7c7607bbbfa84b61c44","url":"https:\/\/amorpazycaridad.es\/wp-content\/uploads\/2015\/01\/icono-114-96x96.jpg","contentUrl":"https:\/\/amorpazycaridad.es\/wp-content\/uploads\/2015\/01\/icono-114-96x96.jpg","caption":"Redacci\u00f3n"},"sameAs":["http:\/\/www.amorpazycaridad.com"],"url":"https:\/\/amorpazy-cp515.wordpresstemporal.com\/amorpazycaridad.es\/author\/redaccion\/"}]}},"authors":[{"term_id":396,"user_id":0,"is_guest":1,"slug":"cap-redaccion","display_name":"Redaccion","avatar_url":"https:\/\/secure.gravatar.com\/avatar\/?s=96&d=mm&r=g","0":null,"1":"","2":"","3":"","4":"","5":"","6":"","7":"","8":""}],"_links":{"self":[{"href":"https:\/\/amorpazy-cp515.wordpresstemporal.com\/amorpazycaridad.es\/wp-json\/wp\/v2\/posts\/6349","targetHints":{"allow":["GET"]}}],"collection":[{"href":"https:\/\/amorpazy-cp515.wordpresstemporal.com\/amorpazycaridad.es\/wp-json\/wp\/v2\/posts"}],"about":[{"href":"https:\/\/amorpazy-cp515.wordpresstemporal.com\/amorpazycaridad.es\/wp-json\/wp\/v2\/types\/post"}],"author":[{"embeddable":true,"href":"https:\/\/amorpazy-cp515.wordpresstemporal.com\/amorpazycaridad.es\/wp-json\/wp\/v2\/users\/2"}],"replies":[{"embeddable":true,"href":"https:\/\/amorpazy-cp515.wordpresstemporal.com\/amorpazycaridad.es\/wp-json\/wp\/v2\/comments?post=6349"}],"version-history":[{"count":1,"href":"https:\/\/amorpazy-cp515.wordpresstemporal.com\/amorpazycaridad.es\/wp-json\/wp\/v2\/posts\/6349\/revisions"}],"predecessor-version":[{"id":6351,"href":"https:\/\/amorpazy-cp515.wordpresstemporal.com\/amorpazycaridad.es\/wp-json\/wp\/v2\/posts\/6349\/revisions\/6351"}],"wp:featuredmedia":[{"embeddable":true,"href":"https:\/\/amorpazy-cp515.wordpresstemporal.com\/amorpazycaridad.es\/wp-json\/wp\/v2\/media\/6350"}],"wp:attachment":[{"href":"https:\/\/amorpazy-cp515.wordpresstemporal.com\/amorpazycaridad.es\/wp-json\/wp\/v2\/media?parent=6349"}],"wp:term":[{"taxonomy":"category","embeddable":true,"href":"https:\/\/amorpazy-cp515.wordpresstemporal.com\/amorpazycaridad.es\/wp-json\/wp\/v2\/categories?post=6349"},{"taxonomy":"post_tag","embeddable":true,"href":"https:\/\/amorpazy-cp515.wordpresstemporal.com\/amorpazycaridad.es\/wp-json\/wp\/v2\/tags?post=6349"},{"taxonomy":"author","embeddable":true,"href":"https:\/\/amorpazy-cp515.wordpresstemporal.com\/amorpazycaridad.es\/wp-json\/wp\/v2\/ppma_author?post=6349"}],"curies":[{"name":"wp","href":"https:\/\/api.w.org\/{rel}","templated":true}]}}