{"id":6283,"date":"2016-10-03T05:43:57","date_gmt":"2016-10-03T04:43:57","guid":{"rendered":"https:\/\/amorpazycaridad.es\/?p=6283"},"modified":"2016-11-02T06:57:55","modified_gmt":"2016-11-02T05:57:55","slug":"en-defensa-del-misticismo-autentico","status":"publish","type":"post","link":"https:\/\/amorpazy-cp515.wordpresstemporal.com\/amorpazycaridad.es\/en-defensa-del-misticismo-autentico\/","title":{"rendered":"EN DEFENSA DEL MISTICISMO AUT\u00c9NTICO"},"content":{"rendered":"<p style=\"text-align: center;\"><strong>\u00abEl verdadero m\u00edstico encuentra a Dios en todas las religiones\u00bb<\/strong><br \/>\n<a href=\"https:\/\/es.wikipedia.org\/wiki\/Ibn_Arabi\">Ibn Arabi &#8211; Fil\u00f3sofo Suf\u00ed Andalus\u00ed<\/a><!--more--><\/p>\n<p style=\"text-align: justify;\">El esp\u00edritu del hombre, creado en su esencia como imagen de Dios, posee en su interior todos los atributos del creador en germen, como una semilla. Estos atributos son susceptibles de desarrollo y crecimiento exponencial hasta llegar a la plenitud; aut\u00e9ntico sentido de la vida inmortal del esp\u00edritu.<\/p>\n<p style=\"text-align: justify;\">En ese recorrido de milenios, de grandes decepciones y alegr\u00edas, de estados inenarrables de felicidad y de sufrimiento, el \u00fanico patr\u00f3n del crecimiento es el propio esfuerzo; el m\u00e9rito alcanzado por la intenci\u00f3n de mejorarse y elevarse por encima de lo transitorio.<\/p>\n<p style=\"text-align: justify;\">Para ello contamos adem\u00e1s de la voluntad, de un recurso incuestionable que en las primeras etapas evolutivas del esp\u00edritu apenas se es consciente de ello. Nos referimos a los recursos de nuestro interior; a la esencia espiritual que nos permite conectar con la fuente de la que provenimos; esa fuerza indescriptible del ser inmortal, esa conciencia que nos acompa\u00f1a en perpetuo crecimiento vida tras vida.<\/p>\n<p style=\"text-align: justify;\">Al proceder de una fuente pura, indestructible, inmortal e omnipotente, tenemos siempre, desde que somos creados, el recurso y la decisi\u00f3n de conectar con nuestro \u00abDios interno\u00bb. Algo que encontraban los m\u00edsticos occidentales ya en la tradici\u00f3n judeo-cristiana m\u00e1s antigua y que practican desde hace milenios en las antiguas religiones orientales.<\/p>\n<p style=\"text-align: justify;\">Esa b\u00fasqueda del Dios interior, no pretende en absoluto considerarse como tal, sino alcanzar la inspiraci\u00f3n, la integraci\u00f3n y la vivencia de aquella esencia que forma parte de nosotros mismos y que nos presenta una realidad desconocida para la mayor\u00eda de los hombres actualmente.<\/p>\n<p style=\"text-align: justify;\">Las circunstancias de la historia y la evoluci\u00f3n de las religiones en occidente, principalmente en la edad media, fue subordinando la aut\u00e9ntica b\u00fasqueda interior de Dios a la ortodoxia teol\u00f3gica y la escol\u00e1stica. Todo ello oscureci\u00f3 las pr\u00e1cticas m\u00e1s nobles del recogimiento interior, que desde el siglo I en el cristianismo primitivo con Dionisio Areopagita, (disc\u00edpulo de San Pablo) se desarrollaron posteriormente a lo largo de la historia por los grandes m\u00edsticos.<\/p>\n<p style=\"text-align: justify;\">Esto ha hecho confundir el ascetismo: \u00abaquel que renuncia al mundo y exige disciplina y renuncia a las exigencias del cuerpo\u00bb con el misticismo aut\u00e9ntico. El asceta se a\u00edsla del mundo, se mortifica; el m\u00edstico aut\u00e9ntico vive en el mundo y para el mundo pero realizando un esfuerzo por encontrar en su interior la v\u00eda de comunicaci\u00f3n con Dios.<\/p>\n<p style=\"text-align: justify;\">Tal fue la influencia t\u00f3xica de la ortodoxia religiosa en este campo que, aquellos m\u00edsticos que no militaban dentro de la iglesia se les consider\u00f3 herejes, atribuyendo sus manifestaciones, \u00e9xtasis y trances, a intervenciones del diablo; siendo muchos de ellos quemados en las hogueras de la inquisici\u00f3n por brujas o magos.<\/p>\n<p style=\"text-align: justify;\">Pero no qued\u00f3 aqu\u00ed esta perversi\u00f3n de la influencia religiosa en la b\u00fasqueda interior de Dios por parte algunos m\u00edsticos; sino que la contaminaci\u00f3n del dogma, la sumisi\u00f3n a los preceptos materiales de la religi\u00f3n, llev\u00f3 a confundir a muchos la m\u00edstica con el ascetismo.<\/p>\n<p style=\"text-align: justify;\">Tanto es as\u00ed que el concepto del \u00absacrificio de Jes\u00fas\u00bb como penitencia, pas\u00f3 a formar parte de las pr\u00e1cticas asc\u00e9ticas, considerando que a la hora de redimir los pecados, una forma de hacerlo consist\u00eda en escarnecer el cuerpo, someti\u00e9ndolo a todo tipo de torturas, vejaciones, privaciones y martirios, creyendo que con ello se alcanzaba la b\u00fasqueda del Dios interior y el perd\u00f3n de las faltas cometidas.<\/p>\n<p style=\"text-align: justify;\">Ahora, que est\u00e1 de moda la meditaci\u00f3n, la introspecci\u00f3n, el mindfullness, etc.; podemos adelantar que ya hace siglos los m\u00edsticos cristianos encontraban a su Dios interior mediante sus propias t\u00e9cnicas de adoraci\u00f3n, abnegaci\u00f3n, aniquilaci\u00f3n del yo e integraci\u00f3n con la fuente divina.<\/p>\n<p style=\"text-align: justify;\">Podemos mencionar entre otros algunos conocidos como San Juan de la Cruz, Teresa de \u00c1vila, Juana de Arco, Catalina de Siena, Blaise Pascal, Isaac Newton, y otros no tan conocidos como Benet de Canfield, Mme. Acarie, Pierre de B\u00e9rulle, etc. Como podemos comprobar, algunos de ellos grandes cient\u00edficos y fil\u00f3sofos.<\/p>\n<p style=\"text-align: center;\"><strong>\u00abLa circunstancia de que tantos fil\u00f3sofos y m\u00edsticos pertenecientes a tantas culturas diferentes hayan estado convencidos, por inferencia o por intuici\u00f3n directa, de que el mundo posee significaci\u00f3n y valor, es un hecho suficientemente llamativo como para que por lo menos valga la pena investigar la creencia en cuesti\u00f3n.\u00bb<\/strong><\/p>\n<p style=\"text-align: center;\"><a href=\"https:\/\/es.wikipedia.org\/wiki\/Aldous_Huxley\"> Aldous Huxley<\/a> &#8211; Libro: El fin y los Medios<\/p>\n<p style=\"text-align: justify;\">El camino de la perfecci\u00f3n y la disciplina interior, era la ruta inicial que llevaba a la superaci\u00f3n del \u00abego\u00bb, para reencontrarse con \u00abel self\u00bb; superando \u00abla sombra\u00bb y alcanzando \u00abla iluminaci\u00f3n\u00bb. Usamos los t\u00e9rminos que posteriormente en psicolog\u00eda utilizar\u00eda el gran psiquiatra suizo Carl Jung a fin de una mayor comprensi\u00f3n del procedimiento.<\/p>\n<p style=\"text-align: justify;\">Es preciso matizar que, como todo aquello que es desvirtuado y tergiversado, el misticismo aut\u00e9ntico tambi\u00e9n fue objeto de ello; tanto es as\u00ed que al abandonar la esencia m\u00e1s pura del misticismo cristiano primitivo, se convirti\u00f3 en algo totalmente contrario a su objetivo inicial; para ello se confundieron deliberadamente aspectos espirituales con otros materiales; llegando a pr\u00e1cticas aberrantes de mortificaci\u00f3n corporal, creyendo que as\u00ed se glorificaba mejor a Dios y era m\u00e1s f\u00e1cil su contemplaci\u00f3n.<\/p>\n<p style=\"text-align: justify;\">Tan grave ha sido la deriva del concepto de misticismo que desde su acepci\u00f3n aut\u00e9ntica e inicial: <strong><em>\u00ab<\/em>Doctrina filos\u00f3fica o religiosa que ense\u00f1a la comunicaci\u00f3n inmediata y directa del hombre con la divinidad\u00bb<\/strong> se ha pasado a contemplarlo peyorativamente como una pr\u00e1ctica obsoleta, perjudicial, fan\u00e1tica y propia de personas dogm\u00e1ticas e irracionales. E incluso se aplica despectivamente para designar a personas que est\u00e1n fuera de la realidad al mantener creencias religiosas absurdas y pr\u00e1cticas de mortificaci\u00f3n.<\/p>\n<p style=\"text-align: justify;\">Todav\u00eda hoy la confusi\u00f3n persiste; es evidente que la comprensi\u00f3n de <strong>los primeros m\u00edsticos, que consideraban al cuerpo humano \u00abel templo del esp\u00edritu\u00bb al que hab\u00eda que cuidar y conservar<\/strong> por encima de todo para permitirnos el progreso; y que abogaban por \u00abvivir en el mundo sin vivir en \u00e9l\u00bb; es contrario a las pr\u00e1cticas m\u00edsticas que siguieron despu\u00e9s; d\u00f3nde el auto-castigo f\u00edsico y el abandono del mundo representaban los dos ejes del m\u00edstico ortodoxo de las religiones dogm\u00e1ticas.<\/p>\n<p style=\"text-align: justify;\">Este ha sido el gran error; la gran tergiversaci\u00f3n que todav\u00eda hoy muchas religiones oficiales mantienen y que incluso las tradiciones y costumbres populares se impregnaron de ellas (Ej.: los penitentes en semana santa).<\/p>\n<p style=\"text-align: justify;\">Estas pr\u00e1cticas son contrarias a las leyes de Dios y a los conocimientos de los m\u00edsticos aut\u00e9nticos. Tanto es as\u00ed que estos \u00faltimos, abogaban por entregarse a Dios y abandonarse a \u00e9l no mediante el desprecio de su cuerpo y el abandono de su pr\u00f3jimo, sino antes al contrario, luchando contra sus imperfecciones y debilidades interiores y alcanzando la iluminaci\u00f3n en la sublimaci\u00f3n de su entrega al pr\u00f3jimo, sin abandonar el mundo; colaborando en la obra espiritual del gobernante espiritual de este planeta, el maestro Jes\u00fas; y sacrific\u00e1ndose como \u00e9l por el amor a sus semejantes.<\/p>\n<p style=\"text-align: justify;\">Es necesaria esta defensa; es justa esta reivindicaci\u00f3n; alcanzar la iluminaci\u00f3n mediante pr\u00e1cticas m\u00edsticas de entrega al pr\u00f3jimo, reduciendo el ego\u00edsmo a su m\u00e1xima expresi\u00f3n al entregarse al amor altruista y desinteresado como Madre Teresa, Mahatma Gandhi, etc. Ellos tambi\u00e9n desarrollaron el misticismo aut\u00e9ntico; al encontrar en el pr\u00f3jimo necesitado, abandonado, despreciado por todos, el objeto de su vida, la entrega al semejante y la b\u00fasqueda de Dios.<\/p>\n<p style=\"text-align: justify;\">As\u00ed pues, no despreciemos el misticismo aut\u00e9ntico; aquel que encuentra en el amor al pr\u00f3jimo el objetivo de su vida; aquel que conociendo el interior de cada uno en la contemplaci\u00f3n y meditaci\u00f3n de sus propias debilidades, es capaz de entresacar las fuerzas necesarias para conectar con la fuente divina; todo ello en pos de convertirse en un<strong> instrumento de la divinidad<\/strong>; entregado a su voluntad; convirtiendo a aquellos que lo practican con rectitud y sinceridad en intermediarios entre la tierra y el cielo; entre la materia y el esp\u00edritu, entre las fuerzas que dirigen con amor y sabidur\u00eda el universo y las miserias humanas que apenas alcanzan a comprenderlo y aceptarlo.<\/p>\n<p style=\"text-align: right;\">Redacci\u00f3n<\/p>\n<p style=\"text-align: right;\">\u00a92016, Amor, paz y caridad<\/p>\n<p style=\"text-align: center;\">\u00abLa divinidad est\u00e1 en ti, no en conceptos o en libros\u00bb<br \/>\n<a href=\"https:\/\/es.wikipedia.org\/wiki\/Hermann_Hesse\"><strong>Hermann Hesse<\/strong><\/a><\/p>\n","protected":false},"excerpt":{"rendered":"<p>\u00abEl verdadero m\u00edstico encuentra a Dios en todas las religiones\u00bb Ibn Arabi &#8211; Fil\u00f3sofo Suf\u00ed Andalus\u00ed<\/p>\n","protected":false},"author":2,"featured_media":6329,"comment_status":"open","ping_status":"open","sticky":false,"template":"","format":"standard","meta":{"tdm_status":"","tdm_grid_status":"","footnotes":""},"categories":[22],"tags":[2974,2048,2976,2973,2975,542],"ppma_author":[396],"class_list":{"0":"post-6283","1":"post","2":"type-post","3":"status-publish","4":"format-standard","5":"has-post-thumbnail","7":"category-editorial","8":"tag-ascetismo","9":"tag-busqueda-interior","10":"tag-dios-interior","11":"tag-misticismo","12":"tag-penitencia","13":"tag-sacrificio"},"yoast_head":"<!-- This site is optimized with the Yoast SEO plugin v27.7 - https:\/\/yoast.com\/product\/yoast-seo-wordpress\/ -->\n<title>EN DEFENSA DEL MISTICISMO AUT\u00c9NTICO | Amor, paz caridad<\/title>\n<meta name=\"description\" content=\"El misticismo aut\u00e9ntico; aquel que encuentra en el amor al pr\u00f3jimo el objetivo de su vida; aquel que conociendo el interior de cada uno en la contemplaci...\" \/>\n<meta name=\"robots\" content=\"index, follow, max-snippet:-1, max-image-preview:large, max-video-preview:-1\" \/>\n<link rel=\"canonical\" href=\"https:\/\/amorpazycaridad.es\/en-defensa-del-misticismo-autentico\/\" \/>\n<meta property=\"og:locale\" content=\"es_ES\" \/>\n<meta property=\"og:type\" content=\"article\" \/>\n<meta property=\"og:title\" content=\"EN DEFENSA DEL MISTICISMO AUT\u00c9NTICO | Amor, paz caridad\" \/>\n<meta property=\"og:description\" content=\"El misticismo aut\u00e9ntico; aquel que encuentra en el amor al pr\u00f3jimo el objetivo de su vida; aquel que conociendo el interior de cada uno en la contemplaci...\" \/>\n<meta property=\"og:url\" content=\"https:\/\/amorpazycaridad.es\/en-defensa-del-misticismo-autentico\/\" \/>\n<meta property=\"og:site_name\" content=\"Amor, paz caridad\" \/>\n<meta property=\"article:publisher\" content=\"http:\/\/www.facebook.com\/pages\/Amor-paz-y-caridad\/1594978604096866\" \/>\n<meta property=\"article:published_time\" content=\"2016-10-03T04:43:57+00:00\" \/>\n<meta property=\"article:modified_time\" content=\"2016-11-02T05:57:55+00:00\" \/>\n<meta property=\"og:image\" content=\"https:\/\/amorpazycaridad.es\/wp-content\/uploads\/2016\/09\/misticismo-autentico.jpg\" \/>\n\t<meta property=\"og:image:width\" content=\"750\" \/>\n\t<meta property=\"og:image:height\" content=\"350\" \/>\n\t<meta property=\"og:image:type\" content=\"image\/jpeg\" \/>\n<meta name=\"author\" content=\"Redaccion\" \/>\n<meta name=\"twitter:card\" content=\"summary_large_image\" \/>\n<meta name=\"twitter:creator\" content=\"@amorpazycaridad\" \/>\n<meta name=\"twitter:site\" content=\"@amorpazycaridad\" \/>\n<meta name=\"twitter:label1\" content=\"Escrito por\" \/>\n\t<meta name=\"twitter:data1\" content=\"Redacci\u00f3n\" \/>\n\t<meta name=\"twitter:label2\" content=\"Tiempo de lectura\" \/>\n\t<meta name=\"twitter:data2\" content=\"7 minutos\" \/>\n<script type=\"application\/ld+json\" class=\"yoast-schema-graph\">{\"@context\":\"https:\\\/\\\/schema.org\",\"@graph\":[{\"@type\":\"Article\",\"@id\":\"https:\\\/\\\/amorpazycaridad.es\\\/en-defensa-del-misticismo-autentico\\\/#article\",\"isPartOf\":{\"@id\":\"https:\\\/\\\/amorpazycaridad.es\\\/en-defensa-del-misticismo-autentico\\\/\"},\"author\":{\"name\":\"Redacci\u00f3n\",\"@id\":\"https:\\\/\\\/amorpazy-cp515.wordpresstemporal.com\\\/amorpazycaridad.es\\\/#\\\/schema\\\/person\\\/44cbc218f1b29f65390e7c8a4fd0c28d\"},\"headline\":\"EN DEFENSA DEL MISTICISMO AUT\u00c9NTICO\",\"datePublished\":\"2016-10-03T04:43:57+00:00\",\"dateModified\":\"2016-11-02T05:57:55+00:00\",\"mainEntityOfPage\":{\"@id\":\"https:\\\/\\\/amorpazycaridad.es\\\/en-defensa-del-misticismo-autentico\\\/\"},\"wordCount\":1464,\"commentCount\":0,\"publisher\":{\"@id\":\"https:\\\/\\\/amorpazy-cp515.wordpresstemporal.com\\\/amorpazycaridad.es\\\/#organization\"},\"image\":{\"@id\":\"https:\\\/\\\/amorpazycaridad.es\\\/en-defensa-del-misticismo-autentico\\\/#primaryimage\"},\"thumbnailUrl\":\"https:\\\/\\\/amorpazy-cp515.wordpresstemporal.com\\\/amorpazycaridad.es\\\/wp-content\\\/uploads\\\/2016\\\/09\\\/misticismo-autentico.jpg\",\"keywords\":[\"ascetismo\",\"b\u00fasqueda interior\",\"Dios interior\",\"misticismo\",\"penitencia\",\"sacrificio\"],\"articleSection\":[\"Editorial\"],\"inLanguage\":\"es\",\"potentialAction\":[{\"@type\":\"CommentAction\",\"name\":\"Comment\",\"target\":[\"https:\\\/\\\/amorpazycaridad.es\\\/en-defensa-del-misticismo-autentico\\\/#respond\"]}]},{\"@type\":\"WebPage\",\"@id\":\"https:\\\/\\\/amorpazycaridad.es\\\/en-defensa-del-misticismo-autentico\\\/\",\"url\":\"https:\\\/\\\/amorpazycaridad.es\\\/en-defensa-del-misticismo-autentico\\\/\",\"name\":\"EN DEFENSA DEL MISTICISMO AUT\u00c9NTICO | Amor, paz caridad\",\"isPartOf\":{\"@id\":\"https:\\\/\\\/amorpazy-cp515.wordpresstemporal.com\\\/amorpazycaridad.es\\\/#website\"},\"primaryImageOfPage\":{\"@id\":\"https:\\\/\\\/amorpazycaridad.es\\\/en-defensa-del-misticismo-autentico\\\/#primaryimage\"},\"image\":{\"@id\":\"https:\\\/\\\/amorpazycaridad.es\\\/en-defensa-del-misticismo-autentico\\\/#primaryimage\"},\"thumbnailUrl\":\"https:\\\/\\\/amorpazy-cp515.wordpresstemporal.com\\\/amorpazycaridad.es\\\/wp-content\\\/uploads\\\/2016\\\/09\\\/misticismo-autentico.jpg\",\"datePublished\":\"2016-10-03T04:43:57+00:00\",\"dateModified\":\"2016-11-02T05:57:55+00:00\",\"description\":\"El misticismo aut\u00e9ntico; aquel que encuentra en el amor al pr\u00f3jimo el objetivo de su vida; aquel que conociendo el interior de cada uno en la contemplaci...\",\"breadcrumb\":{\"@id\":\"https:\\\/\\\/amorpazycaridad.es\\\/en-defensa-del-misticismo-autentico\\\/#breadcrumb\"},\"inLanguage\":\"es\",\"potentialAction\":[{\"@type\":\"ReadAction\",\"target\":[\"https:\\\/\\\/amorpazycaridad.es\\\/en-defensa-del-misticismo-autentico\\\/\"]}]},{\"@type\":\"ImageObject\",\"inLanguage\":\"es\",\"@id\":\"https:\\\/\\\/amorpazycaridad.es\\\/en-defensa-del-misticismo-autentico\\\/#primaryimage\",\"url\":\"https:\\\/\\\/amorpazy-cp515.wordpresstemporal.com\\\/amorpazycaridad.es\\\/wp-content\\\/uploads\\\/2016\\\/09\\\/misticismo-autentico.jpg\",\"contentUrl\":\"https:\\\/\\\/amorpazy-cp515.wordpresstemporal.com\\\/amorpazycaridad.es\\\/wp-content\\\/uploads\\\/2016\\\/09\\\/misticismo-autentico.jpg\",\"width\":750,\"height\":350,\"caption\":\"En defensa del misticismo aut\u00e9ntico\"},{\"@type\":\"BreadcrumbList\",\"@id\":\"https:\\\/\\\/amorpazycaridad.es\\\/en-defensa-del-misticismo-autentico\\\/#breadcrumb\",\"itemListElement\":[{\"@type\":\"ListItem\",\"position\":1,\"name\":\"Portada\",\"item\":\"https:\\\/\\\/amorpazy-cp515.wordpresstemporal.com\\\/amorpazycaridad.es\\\/\"},{\"@type\":\"ListItem\",\"position\":2,\"name\":\"EN DEFENSA DEL MISTICISMO AUT\u00c9NTICO\"}]},{\"@type\":\"WebSite\",\"@id\":\"https:\\\/\\\/amorpazy-cp515.wordpresstemporal.com\\\/amorpazycaridad.es\\\/#website\",\"url\":\"https:\\\/\\\/amorpazy-cp515.wordpresstemporal.com\\\/amorpazycaridad.es\\\/\",\"name\":\"Amor, paz caridad\",\"description\":\"Conocimiento espiritual, espiritismo, espiritualismo, leyes universales, m\u00e1s all\u00e1, vida despu\u00e9s de la vida,\",\"publisher\":{\"@id\":\"https:\\\/\\\/amorpazy-cp515.wordpresstemporal.com\\\/amorpazycaridad.es\\\/#organization\"},\"potentialAction\":[{\"@type\":\"SearchAction\",\"target\":{\"@type\":\"EntryPoint\",\"urlTemplate\":\"https:\\\/\\\/amorpazy-cp515.wordpresstemporal.com\\\/amorpazycaridad.es\\\/?s={search_term_string}\"},\"query-input\":{\"@type\":\"PropertyValueSpecification\",\"valueRequired\":true,\"valueName\":\"search_term_string\"}}],\"inLanguage\":\"es\"},{\"@type\":\"Organization\",\"@id\":\"https:\\\/\\\/amorpazy-cp515.wordpresstemporal.com\\\/amorpazycaridad.es\\\/#organization\",\"name\":\"Asociaci\u00f3n de Estudios Espirituales Grupo Villena\",\"url\":\"https:\\\/\\\/amorpazy-cp515.wordpresstemporal.com\\\/amorpazycaridad.es\\\/\",\"logo\":{\"@type\":\"ImageObject\",\"inLanguage\":\"es\",\"@id\":\"https:\\\/\\\/amorpazy-cp515.wordpresstemporal.com\\\/amorpazycaridad.es\\\/#\\\/schema\\\/logo\\\/image\\\/\",\"url\":\"https:\\\/\\\/amorpazycaridad.es\\\/wp-content\\\/uploads\\\/2015\\\/01\\\/logo-fav-e1420247830294.jpg\",\"contentUrl\":\"https:\\\/\\\/amorpazycaridad.es\\\/wp-content\\\/uploads\\\/2015\\\/01\\\/logo-fav-e1420247830294.jpg\",\"width\":144,\"height\":144,\"caption\":\"Asociaci\u00f3n de Estudios Espirituales Grupo Villena\"},\"image\":{\"@id\":\"https:\\\/\\\/amorpazy-cp515.wordpresstemporal.com\\\/amorpazycaridad.es\\\/#\\\/schema\\\/logo\\\/image\\\/\"},\"sameAs\":[\"http:\\\/\\\/www.facebook.com\\\/pages\\\/Amor-paz-y-caridad\\\/1594978604096866\",\"https:\\\/\\\/x.com\\\/amorpazycaridad\",\"https:\\\/\\\/es.pinterest.com\\\/amorpazycaridad\\\/\",\"https:\\\/\\\/www.youtube.com\\\/channel\\\/UC1GvDIDCLoL02SzOD7NJdrA\"]},{\"@type\":\"Person\",\"@id\":\"https:\\\/\\\/amorpazy-cp515.wordpresstemporal.com\\\/amorpazycaridad.es\\\/#\\\/schema\\\/person\\\/44cbc218f1b29f65390e7c8a4fd0c28d\",\"name\":\"Redacci\u00f3n\",\"image\":{\"@type\":\"ImageObject\",\"inLanguage\":\"es\",\"@id\":\"https:\\\/\\\/amorpazycaridad.es\\\/wp-content\\\/uploads\\\/2015\\\/01\\\/icono-114-96x96.jpg73ca1ff604f9e7c7607bbbfa84b61c44\",\"url\":\"https:\\\/\\\/amorpazycaridad.es\\\/wp-content\\\/uploads\\\/2015\\\/01\\\/icono-114-96x96.jpg\",\"contentUrl\":\"https:\\\/\\\/amorpazycaridad.es\\\/wp-content\\\/uploads\\\/2015\\\/01\\\/icono-114-96x96.jpg\",\"caption\":\"Redacci\u00f3n\"},\"sameAs\":[\"http:\\\/\\\/www.amorpazycaridad.com\"],\"url\":\"https:\\\/\\\/amorpazy-cp515.wordpresstemporal.com\\\/amorpazycaridad.es\\\/author\\\/redaccion\\\/\"}]}<\/script>\n<!-- \/ Yoast SEO plugin. -->","yoast_head_json":{"title":"EN DEFENSA DEL MISTICISMO AUT\u00c9NTICO | Amor, paz caridad","description":"El misticismo aut\u00e9ntico; aquel que encuentra en el amor al pr\u00f3jimo el objetivo de su vida; aquel que conociendo el interior de cada uno en la contemplaci...","robots":{"index":"index","follow":"follow","max-snippet":"max-snippet:-1","max-image-preview":"max-image-preview:large","max-video-preview":"max-video-preview:-1"},"canonical":"https:\/\/amorpazycaridad.es\/en-defensa-del-misticismo-autentico\/","og_locale":"es_ES","og_type":"article","og_title":"EN DEFENSA DEL MISTICISMO AUT\u00c9NTICO | Amor, paz caridad","og_description":"El misticismo aut\u00e9ntico; aquel que encuentra en el amor al pr\u00f3jimo el objetivo de su vida; aquel que conociendo el interior de cada uno en la contemplaci...","og_url":"https:\/\/amorpazycaridad.es\/en-defensa-del-misticismo-autentico\/","og_site_name":"Amor, paz caridad","article_publisher":"http:\/\/www.facebook.com\/pages\/Amor-paz-y-caridad\/1594978604096866","article_published_time":"2016-10-03T04:43:57+00:00","article_modified_time":"2016-11-02T05:57:55+00:00","og_image":[{"width":750,"height":350,"url":"https:\/\/amorpazycaridad.es\/wp-content\/uploads\/2016\/09\/misticismo-autentico.jpg","type":"image\/jpeg"}],"author":"Redaccion","twitter_card":"summary_large_image","twitter_creator":"@amorpazycaridad","twitter_site":"@amorpazycaridad","twitter_misc":{"Escrito por":"Redacci\u00f3n","Tiempo de lectura":"7 minutos"},"schema":{"@context":"https:\/\/schema.org","@graph":[{"@type":"Article","@id":"https:\/\/amorpazycaridad.es\/en-defensa-del-misticismo-autentico\/#article","isPartOf":{"@id":"https:\/\/amorpazycaridad.es\/en-defensa-del-misticismo-autentico\/"},"author":{"name":"Redacci\u00f3n","@id":"https:\/\/amorpazy-cp515.wordpresstemporal.com\/amorpazycaridad.es\/#\/schema\/person\/44cbc218f1b29f65390e7c8a4fd0c28d"},"headline":"EN DEFENSA DEL MISTICISMO AUT\u00c9NTICO","datePublished":"2016-10-03T04:43:57+00:00","dateModified":"2016-11-02T05:57:55+00:00","mainEntityOfPage":{"@id":"https:\/\/amorpazycaridad.es\/en-defensa-del-misticismo-autentico\/"},"wordCount":1464,"commentCount":0,"publisher":{"@id":"https:\/\/amorpazy-cp515.wordpresstemporal.com\/amorpazycaridad.es\/#organization"},"image":{"@id":"https:\/\/amorpazycaridad.es\/en-defensa-del-misticismo-autentico\/#primaryimage"},"thumbnailUrl":"https:\/\/amorpazy-cp515.wordpresstemporal.com\/amorpazycaridad.es\/wp-content\/uploads\/2016\/09\/misticismo-autentico.jpg","keywords":["ascetismo","b\u00fasqueda interior","Dios interior","misticismo","penitencia","sacrificio"],"articleSection":["Editorial"],"inLanguage":"es","potentialAction":[{"@type":"CommentAction","name":"Comment","target":["https:\/\/amorpazycaridad.es\/en-defensa-del-misticismo-autentico\/#respond"]}]},{"@type":"WebPage","@id":"https:\/\/amorpazycaridad.es\/en-defensa-del-misticismo-autentico\/","url":"https:\/\/amorpazycaridad.es\/en-defensa-del-misticismo-autentico\/","name":"EN DEFENSA DEL MISTICISMO AUT\u00c9NTICO | Amor, paz caridad","isPartOf":{"@id":"https:\/\/amorpazy-cp515.wordpresstemporal.com\/amorpazycaridad.es\/#website"},"primaryImageOfPage":{"@id":"https:\/\/amorpazycaridad.es\/en-defensa-del-misticismo-autentico\/#primaryimage"},"image":{"@id":"https:\/\/amorpazycaridad.es\/en-defensa-del-misticismo-autentico\/#primaryimage"},"thumbnailUrl":"https:\/\/amorpazy-cp515.wordpresstemporal.com\/amorpazycaridad.es\/wp-content\/uploads\/2016\/09\/misticismo-autentico.jpg","datePublished":"2016-10-03T04:43:57+00:00","dateModified":"2016-11-02T05:57:55+00:00","description":"El misticismo aut\u00e9ntico; aquel que encuentra en el amor al pr\u00f3jimo el objetivo de su vida; aquel que conociendo el interior de cada uno en la contemplaci...","breadcrumb":{"@id":"https:\/\/amorpazycaridad.es\/en-defensa-del-misticismo-autentico\/#breadcrumb"},"inLanguage":"es","potentialAction":[{"@type":"ReadAction","target":["https:\/\/amorpazycaridad.es\/en-defensa-del-misticismo-autentico\/"]}]},{"@type":"ImageObject","inLanguage":"es","@id":"https:\/\/amorpazycaridad.es\/en-defensa-del-misticismo-autentico\/#primaryimage","url":"https:\/\/amorpazy-cp515.wordpresstemporal.com\/amorpazycaridad.es\/wp-content\/uploads\/2016\/09\/misticismo-autentico.jpg","contentUrl":"https:\/\/amorpazy-cp515.wordpresstemporal.com\/amorpazycaridad.es\/wp-content\/uploads\/2016\/09\/misticismo-autentico.jpg","width":750,"height":350,"caption":"En defensa del misticismo aut\u00e9ntico"},{"@type":"BreadcrumbList","@id":"https:\/\/amorpazycaridad.es\/en-defensa-del-misticismo-autentico\/#breadcrumb","itemListElement":[{"@type":"ListItem","position":1,"name":"Portada","item":"https:\/\/amorpazy-cp515.wordpresstemporal.com\/amorpazycaridad.es\/"},{"@type":"ListItem","position":2,"name":"EN DEFENSA DEL MISTICISMO AUT\u00c9NTICO"}]},{"@type":"WebSite","@id":"https:\/\/amorpazy-cp515.wordpresstemporal.com\/amorpazycaridad.es\/#website","url":"https:\/\/amorpazy-cp515.wordpresstemporal.com\/amorpazycaridad.es\/","name":"Amor, paz caridad","description":"Conocimiento espiritual, espiritismo, espiritualismo, leyes universales, m\u00e1s all\u00e1, vida despu\u00e9s de la vida,","publisher":{"@id":"https:\/\/amorpazy-cp515.wordpresstemporal.com\/amorpazycaridad.es\/#organization"},"potentialAction":[{"@type":"SearchAction","target":{"@type":"EntryPoint","urlTemplate":"https:\/\/amorpazy-cp515.wordpresstemporal.com\/amorpazycaridad.es\/?s={search_term_string}"},"query-input":{"@type":"PropertyValueSpecification","valueRequired":true,"valueName":"search_term_string"}}],"inLanguage":"es"},{"@type":"Organization","@id":"https:\/\/amorpazy-cp515.wordpresstemporal.com\/amorpazycaridad.es\/#organization","name":"Asociaci\u00f3n de Estudios Espirituales Grupo Villena","url":"https:\/\/amorpazy-cp515.wordpresstemporal.com\/amorpazycaridad.es\/","logo":{"@type":"ImageObject","inLanguage":"es","@id":"https:\/\/amorpazy-cp515.wordpresstemporal.com\/amorpazycaridad.es\/#\/schema\/logo\/image\/","url":"https:\/\/amorpazycaridad.es\/wp-content\/uploads\/2015\/01\/logo-fav-e1420247830294.jpg","contentUrl":"https:\/\/amorpazycaridad.es\/wp-content\/uploads\/2015\/01\/logo-fav-e1420247830294.jpg","width":144,"height":144,"caption":"Asociaci\u00f3n de Estudios Espirituales Grupo Villena"},"image":{"@id":"https:\/\/amorpazy-cp515.wordpresstemporal.com\/amorpazycaridad.es\/#\/schema\/logo\/image\/"},"sameAs":["http:\/\/www.facebook.com\/pages\/Amor-paz-y-caridad\/1594978604096866","https:\/\/x.com\/amorpazycaridad","https:\/\/es.pinterest.com\/amorpazycaridad\/","https:\/\/www.youtube.com\/channel\/UC1GvDIDCLoL02SzOD7NJdrA"]},{"@type":"Person","@id":"https:\/\/amorpazy-cp515.wordpresstemporal.com\/amorpazycaridad.es\/#\/schema\/person\/44cbc218f1b29f65390e7c8a4fd0c28d","name":"Redacci\u00f3n","image":{"@type":"ImageObject","inLanguage":"es","@id":"https:\/\/amorpazycaridad.es\/wp-content\/uploads\/2015\/01\/icono-114-96x96.jpg73ca1ff604f9e7c7607bbbfa84b61c44","url":"https:\/\/amorpazycaridad.es\/wp-content\/uploads\/2015\/01\/icono-114-96x96.jpg","contentUrl":"https:\/\/amorpazycaridad.es\/wp-content\/uploads\/2015\/01\/icono-114-96x96.jpg","caption":"Redacci\u00f3n"},"sameAs":["http:\/\/www.amorpazycaridad.com"],"url":"https:\/\/amorpazy-cp515.wordpresstemporal.com\/amorpazycaridad.es\/author\/redaccion\/"}]}},"authors":[{"term_id":396,"user_id":0,"is_guest":1,"slug":"cap-redaccion","display_name":"Redaccion","avatar_url":"https:\/\/secure.gravatar.com\/avatar\/?s=96&d=mm&r=g","0":null,"1":"","2":"","3":"","4":"","5":"","6":"","7":"","8":""}],"_links":{"self":[{"href":"https:\/\/amorpazy-cp515.wordpresstemporal.com\/amorpazycaridad.es\/wp-json\/wp\/v2\/posts\/6283","targetHints":{"allow":["GET"]}}],"collection":[{"href":"https:\/\/amorpazy-cp515.wordpresstemporal.com\/amorpazycaridad.es\/wp-json\/wp\/v2\/posts"}],"about":[{"href":"https:\/\/amorpazy-cp515.wordpresstemporal.com\/amorpazycaridad.es\/wp-json\/wp\/v2\/types\/post"}],"author":[{"embeddable":true,"href":"https:\/\/amorpazy-cp515.wordpresstemporal.com\/amorpazycaridad.es\/wp-json\/wp\/v2\/users\/2"}],"replies":[{"embeddable":true,"href":"https:\/\/amorpazy-cp515.wordpresstemporal.com\/amorpazycaridad.es\/wp-json\/wp\/v2\/comments?post=6283"}],"version-history":[{"count":10,"href":"https:\/\/amorpazy-cp515.wordpresstemporal.com\/amorpazycaridad.es\/wp-json\/wp\/v2\/posts\/6283\/revisions"}],"predecessor-version":[{"id":6495,"href":"https:\/\/amorpazy-cp515.wordpresstemporal.com\/amorpazycaridad.es\/wp-json\/wp\/v2\/posts\/6283\/revisions\/6495"}],"wp:featuredmedia":[{"embeddable":true,"href":"https:\/\/amorpazy-cp515.wordpresstemporal.com\/amorpazycaridad.es\/wp-json\/wp\/v2\/media\/6329"}],"wp:attachment":[{"href":"https:\/\/amorpazy-cp515.wordpresstemporal.com\/amorpazycaridad.es\/wp-json\/wp\/v2\/media?parent=6283"}],"wp:term":[{"taxonomy":"category","embeddable":true,"href":"https:\/\/amorpazy-cp515.wordpresstemporal.com\/amorpazycaridad.es\/wp-json\/wp\/v2\/categories?post=6283"},{"taxonomy":"post_tag","embeddable":true,"href":"https:\/\/amorpazy-cp515.wordpresstemporal.com\/amorpazycaridad.es\/wp-json\/wp\/v2\/tags?post=6283"},{"taxonomy":"author","embeddable":true,"href":"https:\/\/amorpazy-cp515.wordpresstemporal.com\/amorpazycaridad.es\/wp-json\/wp\/v2\/ppma_author?post=6283"}],"curies":[{"name":"wp","href":"https:\/\/api.w.org\/{rel}","templated":true}]}}