{"id":6071,"date":"2016-08-10T06:14:22","date_gmt":"2016-08-10T05:14:22","guid":{"rendered":"https:\/\/amorpazycaridad.es\/?p=6071"},"modified":"2016-08-10T06:14:22","modified_gmt":"2016-08-10T05:14:22","slug":"no-separeis-lo-que-dios-ha-unido","status":"publish","type":"post","link":"https:\/\/amorpazy-cp515.wordpresstemporal.com\/amorpazycaridad.es\/no-separeis-lo-que-dios-ha-unido\/","title":{"rendered":"NO SEPAR\u00c9IS LO QUE DIOS HA UNIDO"},"content":{"rendered":"<p style=\"text-align: justify;\"><strong>No separ\u00e9is lo que Dios ha unido. <\/strong>Algunas m\u00e1ximas del maestro Jes\u00fas pueden ser susceptibles de distintas interpretaciones, y un juicio a la ligera o demasiado estricto nos puede conducir al error. Una cosa es la ley de Dios y otra muy diferente las leyes humanas. El sentido del matrimonio a lo largo de la historia ha ido variando sustancialmente, unas veces en sentido positivo y otras no tanto; dependiendo de la evoluci\u00f3n social, religiosa, pol\u00edtica y moral. Por ejemplo, durante muchos siglos existi\u00f3 el matrimonio de conveniencia; los intereses econ\u00f3micos y de posici\u00f3n social eran el filtro por donde pasaban las decisiones de los tutores o familiares, sin la intervenci\u00f3n de los verdaderamente interesados, los c\u00f3nyuges. No digamos ya, cuando se trataba de la nobleza o de, sobre todo, de los intereses de la realeza. Muy pocos se atrev\u00edan a desafiar estas costumbres poderosas de fuerte arraigo.<\/p>\n<p style=\"text-align: justify;\">Sin duda, la mujer a una edad muy temprana era la gran damnificada, a veces como un simple objeto de cambio. Ante esa cruda realidad, muchas de ellas optaban por la vida mon\u00e1stica, cuando les era posible, huyendo de unas imposiciones demasiado duras y amargas.<\/p>\n<p style=\"text-align: justify;\">Con el paso del tiempo las costumbres fueron cambiando, al mismo tiempo que evolucionaba la sociedad y su forma de ver las cosas. Hoy d\u00eda las religiones ya no juegan, en la mayor\u00eda de pa\u00edses, un papel intrusivo en las vidas de los ciudadanos. La libertad de conciencia y de religi\u00f3n ha permitido elegir el modo de relacionarnos y de establecer uniones formales con otras personas; nos referimos m\u00e1s concretamente a la formaci\u00f3n de una pareja y de una familia.<\/p>\n<p style=\"text-align: justify;\">El sentido espiritual de la uni\u00f3n por el matrimonio no es otro que el de presentar en sociedad, sobre todo a las personas m\u00e1s queridas y allegadas, la culminaci\u00f3n de unos v\u00ednculos creados y madurados durante un cierto tiempo. Es tambi\u00e9n, el <strong>\u201ccompromiso <\/strong><strong>noble <\/strong><strong>ante Dios y ante los dem\u00e1s\u201d<\/strong> de que se va a compartir una vida en com\u00fan, bajo un mismo techo. Un amor que ha de favorecer el v\u00ednculo entre las dos familias que acogen con satisfacci\u00f3n y complicidad esta nueva uni\u00f3n, cuyo fruto ser\u00e1n los hijos. Es en definitiva, la asunci\u00f3n de un compromiso asumido antes de encarnar, o quiz\u00e1s, un compromiso que surge del amor entre dos personas que se consideran fortalecidas y reforzadas en sus tareas espirituales en esta encarnaci\u00f3n con dicha relaci\u00f3n matrimonial. Todo ello, en aras del progreso, de la evoluci\u00f3n, del crecimiento en el amor, ampliando los c\u00edrculos afectivos.<\/p>\n<p style=\"text-align: justify;\">Por otra parte, cuando el sentido espiritual se desde\u00f1a y se someten a otro tipo de intereses, surgen los conflictos y las dudas. Es l\u00f3gico que ante la inseguridad, los miedos y unos sentimientos nada claros se necesite de un tiempo de conocimiento mutuo para evaluar si dicha relaci\u00f3n tiene posibilidades. Sin embargo esta no puede ser una postura acomodaticia y permanente, es decir, con el argumento de que como disfrutamos el uno del otro pero sin ninguna responsabilidad y ante la incertidumbre (casi siempre la hay), del futuro laboral, etc.; optan por continuar indefinidamente con dicha situaci\u00f3n, esperando el momento propicio que nunca llega.<\/p>\n<p style=\"text-align: justify;\">Somos seres humanos imperfectos y por ello no existe una garant\u00eda de \u00e9xito en todas las empresas importantes de nuestra vida. El matrimonio no puede ser una excepci\u00f3n. Empero, cuando se superan las dificultades, cuando triunfa el amor por encima de los intereses ego\u00edstas, las relaciones salen fortalecidas y el progreso se hace efectivo.<\/p>\n<p style=\"text-align: justify;\">Por otro lado, cuando lo que predomina es el sensualismo, el ego\u00edsmo por ambas partes, la persecuci\u00f3n de unos objetivos puramente materiales, erosionan y agotan r\u00e1pidamente las relaciones, convirti\u00e9ndolas muchas veces en vac\u00edas, sin sentido. De ah\u00ed que muchas parejas fracasen estrepitosamente, e incluso se genere un poso intoxicado de rencor y hasta de odio.<\/p>\n<p style=\"text-align: justify;\">En este tipo de situaciones los m\u00e1s damnificados son los hijos que contemplan con estupor la descomposici\u00f3n de sus familias, carentes de afecto y cari\u00f1o. El mensaje que reciben es negativo y un mal ejemplo de futuro. Muchos de ellos arrastran secuelas importantes en su adolescencia y juventud.<\/p>\n<p style=\"text-align: justify;\">Como podemos comprobar hasta ahora, el sentido que se le d\u00e9 al matrimonio, a la relaci\u00f3n de pareja es fundamental, de gran trascendencia. Estamos hablando de la familia, de lo m\u00e1s querido, la parte m\u00e1s sensible del ser humano y que afecta a sus sentimientos, a su vida \u00edntima.<\/p>\n<p style=\"text-align: justify;\">Por todo ello, cuando el Maestro dice: <b>No separ\u00e9is lo que Dios ha unido<\/b>, se refiere a su sentido profundo, verdadero. Diferenciando las relaciones superficiales, exclusivamente caprichosas, materiales, incoherentes; (que no proceden de Dios), de aquellas que son un compromiso, quiz\u00e1s un desaf\u00edo del pasado, de cuentas pendientes de otras vidas que venimos en esta a resolverlas, supliendo las deficiencias producidas por nuestros errores y defectos de anta\u00f1o por una convivencia de amor, tolerancia, comprensi\u00f3n, etc.; la formaci\u00f3n de un verdadero hogar de paz y armon\u00eda.<\/p>\n<p style=\"text-align: justify;\">Como podemos ver, la propuesta es grandiosa. A esa clase de uni\u00f3n se refer\u00eda el Maestro Jes\u00fas.<\/p>\n<p style=\"text-align: justify;\">Los compromisos, los deberes, hay que cumplirlos, de lo contrario, se adquiere una responsabilidad. Somos de libre albedr\u00edo y podemos tomar el camino que queramos; el del amor, de servicio, de sacrificio; o el camino del orgullo, la intolerancia, del \u201cyo\u201d y mi bienestar por encima de todo.<\/p>\n<p style=\"text-align: justify;\">El problema surge cuando los conflictos conyugales, las diferencias de pareja son muy grandes. Es una cuesti\u00f3n de dos, una sola parte del problema no lo puede solucionar si la otra parte no quiere \u00bfHasta qu\u00e9 punto es conveniente y necesario luchar por una relaci\u00f3n, por una estabilidad? Esta pregunta s\u00f3lo la puede contestar cada quien, en funci\u00f3n de su situaci\u00f3n. El sentido com\u00fan aplicando los valores morales y el conocimiento espiritual nos dice que hay que agotar todas las posibilidades, todos los recursos para reconducir las situaciones, cambiando nosotros mismos e invitando, cuando sea el caso, a que los dem\u00e1s hagan lo mismo. Cuando esto ya no es posible y han fracasado todas las opciones, es momento de tomar decisiones por el bien de todos, especialmente por los hijos, cuando los hay.<\/p>\n<p style=\"text-align: justify;\">Efectivamente, hay casos en que la renuncia total y el sacrificio no son suficientes para reconducir posturas enquistadas, irreversibles, y que mantenerlas no puede generar m\u00e1s que dolor in\u00fatil y frustraci\u00f3n. Ante esta disyuntiva es mejor un cambio: <strong>\u201cEl divorcio es una ley humana que tiene por objeto separar legalmente lo que estaba separado de hecho; no es contraria a la ley de Dios.\u201d <\/strong>(Cap\u00edtulo XXII; El divorcio-5. &#8211; El Evangelio seg\u00fan el Espiritismo)<\/p>\n<p style=\"text-align: justify;\">Para ir concluyendo debemos decir que \u201c<strong>el matrimonio no es un hecho religioso sino espiritual<\/strong>.\u201d Por lo tanto, el formalizar una relaci\u00f3n y llevarla adelante con sentido de la responsabilidad es un verdadero acto de amor que redunda en beneficio de todos, especialmente entre los mismos c\u00f3nyuges, aport\u00e1ndoles la estabilidad, la armon\u00eda, el equilibrio afectivo y emocional; imprescindibles para afrontar todas las vicisitudes de la vida.<\/p>\n<p style=\"text-align: justify;\">La vida significa asumir riesgos, decisiones, compromisos; nuestra conciencia as\u00ed nos lo indica. Los desaf\u00edos existenciales, las ilusiones, los ideales, cuando se comparten se refuerzan. Por todo ello, la vida en pareja y sobre todo la familia, ser\u00e1n sin ninguna duda, uno de los pilares de la nueva humanidad que se encuentra en ciernes, cuando el cambio de ciclo se haya completado.<\/p>\n<p>&nbsp;<\/p>\n<p style=\"text-align: right;\"><span style=\"color: #ffffff;\">No separ\u00e9is lo que Dios ha unido por:<\/span> \u00a0 Jos\u00e9 M. Meseguer<\/p>\n<p style=\"text-align: right;\">\u00a92016, Amor, Paz y Caridad<\/p>\n<p>&nbsp;<\/p>\n<p style=\"text-align: center;\">[infobox]\n<p style=\"text-align: center;\"><strong>\u201cEl matrimonio es y seguir\u00e1 siendo el viaje de descubrimiento m\u00e1s importante que el hombre pueda emprender.\u201d<\/strong><\/p>\n<p style=\"text-align: right;\">S\u00f6ren Kierkegaard<\/p>\n<p style=\"text-align: center;\">[\/infobox]\n","protected":false},"excerpt":{"rendered":"<p>No separ\u00e9is lo que Dios ha unido. Algunas m\u00e1ximas del maestro Jes\u00fas pueden ser susceptibles de distintas interpretaciones, y un juicio a la ligera o demasiado estricto nos puede conducir al error. Una cosa es la ley de Dios y otra muy diferente las leyes humanas. El sentido del matrimonio a lo largo de la [&hellip;]<\/p>\n","protected":false},"author":5,"featured_media":6095,"comment_status":"open","ping_status":"open","sticky":false,"template":"","format":"standard","meta":{"tdm_status":"","tdm_grid_status":"","footnotes":""},"categories":[331],"tags":[2548,399,2493,2908,1854,2669,2909,241,2910],"ppma_author":[408],"class_list":{"0":"post-6071","1":"post","2":"type-post","3":"status-publish","4":"format-standard","5":"has-post-thumbnail","7":"category-apartado-espirita","8":"tag-amor-conyugal","9":"tag-compromiso","10":"tag-divorcio","11":"tag-el-matrimonio","12":"tag-fidelidad","13":"tag-hijos","14":"tag-incertidumbre","15":"tag-maestro-jesus","16":"tag-sensualismo"},"yoast_head":"<!-- This site is optimized with the Yoast SEO plugin v27.7 - https:\/\/yoast.com\/product\/yoast-seo-wordpress\/ -->\n<title>NO SEPAR\u00c9IS LO QUE DIOS HA UNIDO | Amor, paz caridad<\/title>\n<meta name=\"description\" content=\"En ese art\u00edculo que gira alrededor de la frase No separ\u00e9is lo que Dios ha unido, del maestro Jes\u00fas, se analizan distintos del matrimonio\" \/>\n<meta name=\"robots\" content=\"index, follow, max-snippet:-1, max-image-preview:large, max-video-preview:-1\" \/>\n<link rel=\"canonical\" href=\"https:\/\/amorpazy-cp515.wordpresstemporal.com\/amorpazycaridad.es\/no-separeis-lo-que-dios-ha-unido\/\" \/>\n<meta property=\"og:locale\" content=\"es_ES\" \/>\n<meta property=\"og:type\" content=\"article\" \/>\n<meta property=\"og:title\" content=\"NO SEPAR\u00c9IS LO QUE DIOS HA UNIDO | Amor, paz caridad\" \/>\n<meta property=\"og:description\" content=\"En ese art\u00edculo que gira alrededor de la frase No separ\u00e9is lo que Dios ha unido, del maestro Jes\u00fas, se analizan distintos del matrimonio\" \/>\n<meta property=\"og:url\" content=\"https:\/\/amorpazy-cp515.wordpresstemporal.com\/amorpazycaridad.es\/no-separeis-lo-que-dios-ha-unido\/\" \/>\n<meta property=\"og:site_name\" content=\"Amor, paz caridad\" \/>\n<meta property=\"article:publisher\" content=\"http:\/\/www.facebook.com\/pages\/Amor-paz-y-caridad\/1594978604096866\" \/>\n<meta property=\"article:published_time\" content=\"2016-08-10T05:14:22+00:00\" \/>\n<meta property=\"og:image\" content=\"https:\/\/amorpazy-cp515.wordpresstemporal.com\/amorpazycaridad.es\/wp-content\/uploads\/2016\/08\/no-separeis.jpg\" \/>\n\t<meta property=\"og:image:width\" content=\"750\" \/>\n\t<meta property=\"og:image:height\" content=\"350\" \/>\n\t<meta property=\"og:image:type\" content=\"image\/jpeg\" \/>\n<meta name=\"author\" content=\"Jose Manuel\" \/>\n<meta name=\"twitter:card\" content=\"summary_large_image\" \/>\n<meta name=\"twitter:creator\" content=\"@amorpazycaridad\" \/>\n<meta name=\"twitter:site\" content=\"@amorpazycaridad\" \/>\n<meta name=\"twitter:label1\" content=\"Escrito por\" \/>\n\t<meta name=\"twitter:data1\" content=\"Jos\u00e9 Manuel Meseguer Clemente\" \/>\n\t<meta name=\"twitter:label2\" content=\"Tiempo de lectura\" \/>\n\t<meta name=\"twitter:data2\" content=\"7 minutos\" \/>\n<script type=\"application\/ld+json\" class=\"yoast-schema-graph\">{\"@context\":\"https:\\\/\\\/schema.org\",\"@graph\":[{\"@type\":\"Article\",\"@id\":\"https:\\\/\\\/amorpazy-cp515.wordpresstemporal.com\\\/amorpazycaridad.es\\\/no-separeis-lo-que-dios-ha-unido\\\/#article\",\"isPartOf\":{\"@id\":\"https:\\\/\\\/amorpazy-cp515.wordpresstemporal.com\\\/amorpazycaridad.es\\\/no-separeis-lo-que-dios-ha-unido\\\/\"},\"author\":{\"name\":\"Jos\u00e9 Manuel Meseguer Clemente\",\"@id\":\"https:\\\/\\\/amorpazy-cp515.wordpresstemporal.com\\\/amorpazycaridad.es\\\/#\\\/schema\\\/person\\\/6f0cedb316ce549a85d79dba9ebb353e\"},\"headline\":\"NO SEPAR\u00c9IS LO QUE DIOS HA UNIDO\",\"datePublished\":\"2016-08-10T05:14:22+00:00\",\"mainEntityOfPage\":{\"@id\":\"https:\\\/\\\/amorpazy-cp515.wordpresstemporal.com\\\/amorpazycaridad.es\\\/no-separeis-lo-que-dios-ha-unido\\\/\"},\"wordCount\":1348,\"commentCount\":0,\"publisher\":{\"@id\":\"https:\\\/\\\/amorpazy-cp515.wordpresstemporal.com\\\/amorpazycaridad.es\\\/#organization\"},\"image\":{\"@id\":\"https:\\\/\\\/amorpazy-cp515.wordpresstemporal.com\\\/amorpazycaridad.es\\\/no-separeis-lo-que-dios-ha-unido\\\/#primaryimage\"},\"thumbnailUrl\":\"https:\\\/\\\/amorpazy-cp515.wordpresstemporal.com\\\/amorpazycaridad.es\\\/wp-content\\\/uploads\\\/2016\\\/08\\\/no-separeis.jpg\",\"keywords\":[\"amor conyugal\",\"compromiso\",\"divorcio\",\"el matrimonio\",\"fidelidad\",\"hijos\",\"incertidumbre\",\"Maestro Jes\u00fas\",\"sensualismo\"],\"articleSection\":[\"Apartado esp\u00edrita\"],\"inLanguage\":\"es\",\"potentialAction\":[{\"@type\":\"CommentAction\",\"name\":\"Comment\",\"target\":[\"https:\\\/\\\/amorpazy-cp515.wordpresstemporal.com\\\/amorpazycaridad.es\\\/no-separeis-lo-que-dios-ha-unido\\\/#respond\"]}]},{\"@type\":\"WebPage\",\"@id\":\"https:\\\/\\\/amorpazy-cp515.wordpresstemporal.com\\\/amorpazycaridad.es\\\/no-separeis-lo-que-dios-ha-unido\\\/\",\"url\":\"https:\\\/\\\/amorpazy-cp515.wordpresstemporal.com\\\/amorpazycaridad.es\\\/no-separeis-lo-que-dios-ha-unido\\\/\",\"name\":\"NO SEPAR\u00c9IS LO QUE DIOS HA UNIDO | Amor, paz caridad\",\"isPartOf\":{\"@id\":\"https:\\\/\\\/amorpazy-cp515.wordpresstemporal.com\\\/amorpazycaridad.es\\\/#website\"},\"primaryImageOfPage\":{\"@id\":\"https:\\\/\\\/amorpazy-cp515.wordpresstemporal.com\\\/amorpazycaridad.es\\\/no-separeis-lo-que-dios-ha-unido\\\/#primaryimage\"},\"image\":{\"@id\":\"https:\\\/\\\/amorpazy-cp515.wordpresstemporal.com\\\/amorpazycaridad.es\\\/no-separeis-lo-que-dios-ha-unido\\\/#primaryimage\"},\"thumbnailUrl\":\"https:\\\/\\\/amorpazy-cp515.wordpresstemporal.com\\\/amorpazycaridad.es\\\/wp-content\\\/uploads\\\/2016\\\/08\\\/no-separeis.jpg\",\"datePublished\":\"2016-08-10T05:14:22+00:00\",\"description\":\"En ese art\u00edculo que gira alrededor de la frase No separ\u00e9is lo que Dios ha unido, del maestro Jes\u00fas, se analizan distintos del matrimonio\",\"breadcrumb\":{\"@id\":\"https:\\\/\\\/amorpazy-cp515.wordpresstemporal.com\\\/amorpazycaridad.es\\\/no-separeis-lo-que-dios-ha-unido\\\/#breadcrumb\"},\"inLanguage\":\"es\",\"potentialAction\":[{\"@type\":\"ReadAction\",\"target\":[\"https:\\\/\\\/amorpazy-cp515.wordpresstemporal.com\\\/amorpazycaridad.es\\\/no-separeis-lo-que-dios-ha-unido\\\/\"]}]},{\"@type\":\"ImageObject\",\"inLanguage\":\"es\",\"@id\":\"https:\\\/\\\/amorpazy-cp515.wordpresstemporal.com\\\/amorpazycaridad.es\\\/no-separeis-lo-que-dios-ha-unido\\\/#primaryimage\",\"url\":\"https:\\\/\\\/amorpazy-cp515.wordpresstemporal.com\\\/amorpazycaridad.es\\\/wp-content\\\/uploads\\\/2016\\\/08\\\/no-separeis.jpg\",\"contentUrl\":\"https:\\\/\\\/amorpazy-cp515.wordpresstemporal.com\\\/amorpazycaridad.es\\\/wp-content\\\/uploads\\\/2016\\\/08\\\/no-separeis.jpg\",\"width\":750,\"height\":350,\"caption\":\"No separ\u00e9is lo que Dios ha unido\"},{\"@type\":\"BreadcrumbList\",\"@id\":\"https:\\\/\\\/amorpazy-cp515.wordpresstemporal.com\\\/amorpazycaridad.es\\\/no-separeis-lo-que-dios-ha-unido\\\/#breadcrumb\",\"itemListElement\":[{\"@type\":\"ListItem\",\"position\":1,\"name\":\"Portada\",\"item\":\"https:\\\/\\\/amorpazy-cp515.wordpresstemporal.com\\\/amorpazycaridad.es\\\/\"},{\"@type\":\"ListItem\",\"position\":2,\"name\":\"NO SEPAR\u00c9IS LO QUE DIOS HA UNIDO\"}]},{\"@type\":\"WebSite\",\"@id\":\"https:\\\/\\\/amorpazy-cp515.wordpresstemporal.com\\\/amorpazycaridad.es\\\/#website\",\"url\":\"https:\\\/\\\/amorpazy-cp515.wordpresstemporal.com\\\/amorpazycaridad.es\\\/\",\"name\":\"Amor, paz caridad\",\"description\":\"Conocimiento espiritual, espiritismo, espiritualismo, leyes universales, m\u00e1s all\u00e1, vida despu\u00e9s de la vida,\",\"publisher\":{\"@id\":\"https:\\\/\\\/amorpazy-cp515.wordpresstemporal.com\\\/amorpazycaridad.es\\\/#organization\"},\"potentialAction\":[{\"@type\":\"SearchAction\",\"target\":{\"@type\":\"EntryPoint\",\"urlTemplate\":\"https:\\\/\\\/amorpazy-cp515.wordpresstemporal.com\\\/amorpazycaridad.es\\\/?s={search_term_string}\"},\"query-input\":{\"@type\":\"PropertyValueSpecification\",\"valueRequired\":true,\"valueName\":\"search_term_string\"}}],\"inLanguage\":\"es\"},{\"@type\":\"Organization\",\"@id\":\"https:\\\/\\\/amorpazy-cp515.wordpresstemporal.com\\\/amorpazycaridad.es\\\/#organization\",\"name\":\"Asociaci\u00f3n de Estudios Espirituales Grupo Villena\",\"url\":\"https:\\\/\\\/amorpazy-cp515.wordpresstemporal.com\\\/amorpazycaridad.es\\\/\",\"logo\":{\"@type\":\"ImageObject\",\"inLanguage\":\"es\",\"@id\":\"https:\\\/\\\/amorpazy-cp515.wordpresstemporal.com\\\/amorpazycaridad.es\\\/#\\\/schema\\\/logo\\\/image\\\/\",\"url\":\"https:\\\/\\\/amorpazycaridad.es\\\/wp-content\\\/uploads\\\/2015\\\/01\\\/logo-fav-e1420247830294.jpg\",\"contentUrl\":\"https:\\\/\\\/amorpazycaridad.es\\\/wp-content\\\/uploads\\\/2015\\\/01\\\/logo-fav-e1420247830294.jpg\",\"width\":144,\"height\":144,\"caption\":\"Asociaci\u00f3n de Estudios Espirituales Grupo Villena\"},\"image\":{\"@id\":\"https:\\\/\\\/amorpazy-cp515.wordpresstemporal.com\\\/amorpazycaridad.es\\\/#\\\/schema\\\/logo\\\/image\\\/\"},\"sameAs\":[\"http:\\\/\\\/www.facebook.com\\\/pages\\\/Amor-paz-y-caridad\\\/1594978604096866\",\"https:\\\/\\\/x.com\\\/amorpazycaridad\",\"https:\\\/\\\/es.pinterest.com\\\/amorpazycaridad\\\/\",\"https:\\\/\\\/www.youtube.com\\\/channel\\\/UC1GvDIDCLoL02SzOD7NJdrA\"]},{\"@type\":\"Person\",\"@id\":\"https:\\\/\\\/amorpazy-cp515.wordpresstemporal.com\\\/amorpazycaridad.es\\\/#\\\/schema\\\/person\\\/6f0cedb316ce549a85d79dba9ebb353e\",\"name\":\"Jos\u00e9 Manuel Meseguer Clemente\",\"image\":{\"@type\":\"ImageObject\",\"inLanguage\":\"es\",\"@id\":\"https:\\\/\\\/amorpazycaridad.es\\\/wp-content\\\/uploads\\\/2017\\\/11\\\/Archivo-1-11-17-12-31-35-96x96.jpegfd114e27cec70eafcf7bb076099603b6\",\"url\":\"https:\\\/\\\/amorpazycaridad.es\\\/wp-content\\\/uploads\\\/2017\\\/11\\\/Archivo-1-11-17-12-31-35-96x96.jpeg\",\"contentUrl\":\"https:\\\/\\\/amorpazycaridad.es\\\/wp-content\\\/uploads\\\/2017\\\/11\\\/Archivo-1-11-17-12-31-35-96x96.jpeg\",\"caption\":\"Jos\u00e9 Manuel Meseguer Clemente\"},\"description\":\"Jose Manuel Meseguer Clemente . Profesionalmente se dedica al Transporte Mar\u00edtimo. Autodidacta, divulgador y escritor. Como miembro del Grupo Villena desde hace m\u00e1s de 30 a\u00f1os, ha ofrecido conferencias y participado en diversos eventos, simposios y congresos, tanto nacionales como internacionales. Actualmente es redactor de la revista \u201cAmor Paz y Caridad\u201d, donde mensualmente publica art\u00edculos de inter\u00e9s y permanente actualidad. Adem\u00e1s, es socio colaborador de SEDE (Sociedad Espa\u00f1ola de Divulgadores Esp\u00edritas).\",\"sameAs\":[\"http:\\\/\\\/www.amorpazycaridad.com\"],\"url\":\"https:\\\/\\\/amorpazy-cp515.wordpresstemporal.com\\\/amorpazycaridad.es\\\/author\\\/jose-manuel\\\/\"}]}<\/script>\n<!-- \/ Yoast SEO plugin. -->","yoast_head_json":{"title":"NO SEPAR\u00c9IS LO QUE DIOS HA UNIDO | Amor, paz caridad","description":"En ese art\u00edculo que gira alrededor de la frase No separ\u00e9is lo que Dios ha unido, del maestro Jes\u00fas, se analizan distintos del matrimonio","robots":{"index":"index","follow":"follow","max-snippet":"max-snippet:-1","max-image-preview":"max-image-preview:large","max-video-preview":"max-video-preview:-1"},"canonical":"https:\/\/amorpazy-cp515.wordpresstemporal.com\/amorpazycaridad.es\/no-separeis-lo-que-dios-ha-unido\/","og_locale":"es_ES","og_type":"article","og_title":"NO SEPAR\u00c9IS LO QUE DIOS HA UNIDO | Amor, paz caridad","og_description":"En ese art\u00edculo que gira alrededor de la frase No separ\u00e9is lo que Dios ha unido, del maestro Jes\u00fas, se analizan distintos del matrimonio","og_url":"https:\/\/amorpazy-cp515.wordpresstemporal.com\/amorpazycaridad.es\/no-separeis-lo-que-dios-ha-unido\/","og_site_name":"Amor, paz caridad","article_publisher":"http:\/\/www.facebook.com\/pages\/Amor-paz-y-caridad\/1594978604096866","article_published_time":"2016-08-10T05:14:22+00:00","og_image":[{"width":750,"height":350,"url":"https:\/\/amorpazy-cp515.wordpresstemporal.com\/amorpazycaridad.es\/wp-content\/uploads\/2016\/08\/no-separeis.jpg","type":"image\/jpeg"}],"author":"Jose Manuel","twitter_card":"summary_large_image","twitter_creator":"@amorpazycaridad","twitter_site":"@amorpazycaridad","twitter_misc":{"Escrito por":"Jos\u00e9 Manuel Meseguer Clemente","Tiempo de lectura":"7 minutos"},"schema":{"@context":"https:\/\/schema.org","@graph":[{"@type":"Article","@id":"https:\/\/amorpazy-cp515.wordpresstemporal.com\/amorpazycaridad.es\/no-separeis-lo-que-dios-ha-unido\/#article","isPartOf":{"@id":"https:\/\/amorpazy-cp515.wordpresstemporal.com\/amorpazycaridad.es\/no-separeis-lo-que-dios-ha-unido\/"},"author":{"name":"Jos\u00e9 Manuel Meseguer Clemente","@id":"https:\/\/amorpazy-cp515.wordpresstemporal.com\/amorpazycaridad.es\/#\/schema\/person\/6f0cedb316ce549a85d79dba9ebb353e"},"headline":"NO SEPAR\u00c9IS LO QUE DIOS HA UNIDO","datePublished":"2016-08-10T05:14:22+00:00","mainEntityOfPage":{"@id":"https:\/\/amorpazy-cp515.wordpresstemporal.com\/amorpazycaridad.es\/no-separeis-lo-que-dios-ha-unido\/"},"wordCount":1348,"commentCount":0,"publisher":{"@id":"https:\/\/amorpazy-cp515.wordpresstemporal.com\/amorpazycaridad.es\/#organization"},"image":{"@id":"https:\/\/amorpazy-cp515.wordpresstemporal.com\/amorpazycaridad.es\/no-separeis-lo-que-dios-ha-unido\/#primaryimage"},"thumbnailUrl":"https:\/\/amorpazy-cp515.wordpresstemporal.com\/amorpazycaridad.es\/wp-content\/uploads\/2016\/08\/no-separeis.jpg","keywords":["amor conyugal","compromiso","divorcio","el matrimonio","fidelidad","hijos","incertidumbre","Maestro Jes\u00fas","sensualismo"],"articleSection":["Apartado esp\u00edrita"],"inLanguage":"es","potentialAction":[{"@type":"CommentAction","name":"Comment","target":["https:\/\/amorpazy-cp515.wordpresstemporal.com\/amorpazycaridad.es\/no-separeis-lo-que-dios-ha-unido\/#respond"]}]},{"@type":"WebPage","@id":"https:\/\/amorpazy-cp515.wordpresstemporal.com\/amorpazycaridad.es\/no-separeis-lo-que-dios-ha-unido\/","url":"https:\/\/amorpazy-cp515.wordpresstemporal.com\/amorpazycaridad.es\/no-separeis-lo-que-dios-ha-unido\/","name":"NO SEPAR\u00c9IS LO QUE DIOS HA UNIDO | Amor, paz caridad","isPartOf":{"@id":"https:\/\/amorpazy-cp515.wordpresstemporal.com\/amorpazycaridad.es\/#website"},"primaryImageOfPage":{"@id":"https:\/\/amorpazy-cp515.wordpresstemporal.com\/amorpazycaridad.es\/no-separeis-lo-que-dios-ha-unido\/#primaryimage"},"image":{"@id":"https:\/\/amorpazy-cp515.wordpresstemporal.com\/amorpazycaridad.es\/no-separeis-lo-que-dios-ha-unido\/#primaryimage"},"thumbnailUrl":"https:\/\/amorpazy-cp515.wordpresstemporal.com\/amorpazycaridad.es\/wp-content\/uploads\/2016\/08\/no-separeis.jpg","datePublished":"2016-08-10T05:14:22+00:00","description":"En ese art\u00edculo que gira alrededor de la frase No separ\u00e9is lo que Dios ha unido, del maestro Jes\u00fas, se analizan distintos del matrimonio","breadcrumb":{"@id":"https:\/\/amorpazy-cp515.wordpresstemporal.com\/amorpazycaridad.es\/no-separeis-lo-que-dios-ha-unido\/#breadcrumb"},"inLanguage":"es","potentialAction":[{"@type":"ReadAction","target":["https:\/\/amorpazy-cp515.wordpresstemporal.com\/amorpazycaridad.es\/no-separeis-lo-que-dios-ha-unido\/"]}]},{"@type":"ImageObject","inLanguage":"es","@id":"https:\/\/amorpazy-cp515.wordpresstemporal.com\/amorpazycaridad.es\/no-separeis-lo-que-dios-ha-unido\/#primaryimage","url":"https:\/\/amorpazy-cp515.wordpresstemporal.com\/amorpazycaridad.es\/wp-content\/uploads\/2016\/08\/no-separeis.jpg","contentUrl":"https:\/\/amorpazy-cp515.wordpresstemporal.com\/amorpazycaridad.es\/wp-content\/uploads\/2016\/08\/no-separeis.jpg","width":750,"height":350,"caption":"No separ\u00e9is lo que Dios ha unido"},{"@type":"BreadcrumbList","@id":"https:\/\/amorpazy-cp515.wordpresstemporal.com\/amorpazycaridad.es\/no-separeis-lo-que-dios-ha-unido\/#breadcrumb","itemListElement":[{"@type":"ListItem","position":1,"name":"Portada","item":"https:\/\/amorpazy-cp515.wordpresstemporal.com\/amorpazycaridad.es\/"},{"@type":"ListItem","position":2,"name":"NO SEPAR\u00c9IS LO QUE DIOS HA UNIDO"}]},{"@type":"WebSite","@id":"https:\/\/amorpazy-cp515.wordpresstemporal.com\/amorpazycaridad.es\/#website","url":"https:\/\/amorpazy-cp515.wordpresstemporal.com\/amorpazycaridad.es\/","name":"Amor, paz caridad","description":"Conocimiento espiritual, espiritismo, espiritualismo, leyes universales, m\u00e1s all\u00e1, vida despu\u00e9s de la vida,","publisher":{"@id":"https:\/\/amorpazy-cp515.wordpresstemporal.com\/amorpazycaridad.es\/#organization"},"potentialAction":[{"@type":"SearchAction","target":{"@type":"EntryPoint","urlTemplate":"https:\/\/amorpazy-cp515.wordpresstemporal.com\/amorpazycaridad.es\/?s={search_term_string}"},"query-input":{"@type":"PropertyValueSpecification","valueRequired":true,"valueName":"search_term_string"}}],"inLanguage":"es"},{"@type":"Organization","@id":"https:\/\/amorpazy-cp515.wordpresstemporal.com\/amorpazycaridad.es\/#organization","name":"Asociaci\u00f3n de Estudios Espirituales Grupo Villena","url":"https:\/\/amorpazy-cp515.wordpresstemporal.com\/amorpazycaridad.es\/","logo":{"@type":"ImageObject","inLanguage":"es","@id":"https:\/\/amorpazy-cp515.wordpresstemporal.com\/amorpazycaridad.es\/#\/schema\/logo\/image\/","url":"https:\/\/amorpazycaridad.es\/wp-content\/uploads\/2015\/01\/logo-fav-e1420247830294.jpg","contentUrl":"https:\/\/amorpazycaridad.es\/wp-content\/uploads\/2015\/01\/logo-fav-e1420247830294.jpg","width":144,"height":144,"caption":"Asociaci\u00f3n de Estudios Espirituales Grupo Villena"},"image":{"@id":"https:\/\/amorpazy-cp515.wordpresstemporal.com\/amorpazycaridad.es\/#\/schema\/logo\/image\/"},"sameAs":["http:\/\/www.facebook.com\/pages\/Amor-paz-y-caridad\/1594978604096866","https:\/\/x.com\/amorpazycaridad","https:\/\/es.pinterest.com\/amorpazycaridad\/","https:\/\/www.youtube.com\/channel\/UC1GvDIDCLoL02SzOD7NJdrA"]},{"@type":"Person","@id":"https:\/\/amorpazy-cp515.wordpresstemporal.com\/amorpazycaridad.es\/#\/schema\/person\/6f0cedb316ce549a85d79dba9ebb353e","name":"Jos\u00e9 Manuel Meseguer Clemente","image":{"@type":"ImageObject","inLanguage":"es","@id":"https:\/\/amorpazycaridad.es\/wp-content\/uploads\/2017\/11\/Archivo-1-11-17-12-31-35-96x96.jpegfd114e27cec70eafcf7bb076099603b6","url":"https:\/\/amorpazycaridad.es\/wp-content\/uploads\/2017\/11\/Archivo-1-11-17-12-31-35-96x96.jpeg","contentUrl":"https:\/\/amorpazycaridad.es\/wp-content\/uploads\/2017\/11\/Archivo-1-11-17-12-31-35-96x96.jpeg","caption":"Jos\u00e9 Manuel Meseguer Clemente"},"description":"Jose Manuel Meseguer Clemente . Profesionalmente se dedica al Transporte Mar\u00edtimo. Autodidacta, divulgador y escritor. Como miembro del Grupo Villena desde hace m\u00e1s de 30 a\u00f1os, ha ofrecido conferencias y participado en diversos eventos, simposios y congresos, tanto nacionales como internacionales. Actualmente es redactor de la revista \u201cAmor Paz y Caridad\u201d, donde mensualmente publica art\u00edculos de inter\u00e9s y permanente actualidad. Adem\u00e1s, es socio colaborador de SEDE (Sociedad Espa\u00f1ola de Divulgadores Esp\u00edritas).","sameAs":["http:\/\/www.amorpazycaridad.com"],"url":"https:\/\/amorpazy-cp515.wordpresstemporal.com\/amorpazycaridad.es\/author\/jose-manuel\/"}]}},"authors":[{"term_id":408,"user_id":0,"is_guest":1,"slug":"cap-jose-manuel","display_name":"Jose Manuel","avatar_url":"https:\/\/secure.gravatar.com\/avatar\/?s=96&d=mm&r=g","0":null,"1":"","2":"","3":"","4":"","5":"","6":"","7":"","8":""}],"_links":{"self":[{"href":"https:\/\/amorpazy-cp515.wordpresstemporal.com\/amorpazycaridad.es\/wp-json\/wp\/v2\/posts\/6071","targetHints":{"allow":["GET"]}}],"collection":[{"href":"https:\/\/amorpazy-cp515.wordpresstemporal.com\/amorpazycaridad.es\/wp-json\/wp\/v2\/posts"}],"about":[{"href":"https:\/\/amorpazy-cp515.wordpresstemporal.com\/amorpazycaridad.es\/wp-json\/wp\/v2\/types\/post"}],"author":[{"embeddable":true,"href":"https:\/\/amorpazy-cp515.wordpresstemporal.com\/amorpazycaridad.es\/wp-json\/wp\/v2\/users\/5"}],"replies":[{"embeddable":true,"href":"https:\/\/amorpazy-cp515.wordpresstemporal.com\/amorpazycaridad.es\/wp-json\/wp\/v2\/comments?post=6071"}],"version-history":[{"count":4,"href":"https:\/\/amorpazy-cp515.wordpresstemporal.com\/amorpazycaridad.es\/wp-json\/wp\/v2\/posts\/6071\/revisions"}],"predecessor-version":[{"id":6094,"href":"https:\/\/amorpazy-cp515.wordpresstemporal.com\/amorpazycaridad.es\/wp-json\/wp\/v2\/posts\/6071\/revisions\/6094"}],"wp:featuredmedia":[{"embeddable":true,"href":"https:\/\/amorpazy-cp515.wordpresstemporal.com\/amorpazycaridad.es\/wp-json\/wp\/v2\/media\/6095"}],"wp:attachment":[{"href":"https:\/\/amorpazy-cp515.wordpresstemporal.com\/amorpazycaridad.es\/wp-json\/wp\/v2\/media?parent=6071"}],"wp:term":[{"taxonomy":"category","embeddable":true,"href":"https:\/\/amorpazy-cp515.wordpresstemporal.com\/amorpazycaridad.es\/wp-json\/wp\/v2\/categories?post=6071"},{"taxonomy":"post_tag","embeddable":true,"href":"https:\/\/amorpazy-cp515.wordpresstemporal.com\/amorpazycaridad.es\/wp-json\/wp\/v2\/tags?post=6071"},{"taxonomy":"author","embeddable":true,"href":"https:\/\/amorpazy-cp515.wordpresstemporal.com\/amorpazycaridad.es\/wp-json\/wp\/v2\/ppma_author?post=6071"}],"curies":[{"name":"wp","href":"https:\/\/api.w.org\/{rel}","templated":true}]}}