{"id":5745,"date":"2016-06-13T05:48:13","date_gmt":"2016-06-13T04:48:13","guid":{"rendered":"https:\/\/amorpazycaridad.es\/?p=5745"},"modified":"2016-06-13T05:53:47","modified_gmt":"2016-06-13T04:53:47","slug":"los-obreros-de-la-ultima-hora","status":"publish","type":"post","link":"https:\/\/amorpazy-cp515.wordpresstemporal.com\/amorpazycaridad.es\/los-obreros-de-la-ultima-hora\/","title":{"rendered":"LOS OBREROS DE LA \u00daLTIMA HORA"},"content":{"rendered":"<p style=\"text-align: justify;\">[infobox]\n<p style=\"text-align: justify;\">(*) \u201cEl obrero de la \u00faltima hora tiene derecho al salario, pero es menester que su voluntad haya estado a disposici\u00f3n del se\u00f1or que deb\u00eda emplearlo, y que este retraso no sea fruto de su pereza o de su mala voluntad. Tiene derecho al salario, porque desde el alba, esperaba impacientemente a que, al fin, lo llamar\u00edan al trabajo; <strong>era trabajador, s\u00f3lo le faltaba trabajo<\/strong>.<em>\u201d<\/em><\/p>\n<p style=\"text-align: justify;\">[\/infobox]\n<p style=\"text-align: justify;\">La par\u00e1bola del obrero de la \u00faltima hora posee toda la vigencia hoy en d\u00eda. Es el cambio, el paso definitivo a trav\u00e9s de las buenas obras, es un cambio de actitud frente a la vida, de percepci\u00f3n sobre las personas, vi\u00e9ndolas como verdaderos hermanos en proceso de evoluci\u00f3n, formando parte de un mismo reba\u00f1o que alg\u00fan d\u00eda abra de reunirlos a todos en torno al ideal superior propuesto por el Maestro Jes\u00fas.<\/p>\n<p style=\"text-align: justify;\">La convocatoria no es nueva, se ha ido sucediendo a trav\u00e9s de los siglos. Muchos la rechazaron en otras \u00e9pocas, otros aprovecharon la llamada para transformar sus vidas, cambiar su paisaje interior, a trav\u00e9s de la renovaci\u00f3n de sus principios fundamentales, anteponiendo los valores espirituales sobre los materiales. En un esfuerzo continuo de ascensi\u00f3n y ca\u00eddas, de luchas, de trabajo interior por superar sus malas inclinaciones, aceptando las pruebas y las vicisitudes de la vida como peaje necesario para el rescate de las deudas del pasado y como aprendizaje de capacitaci\u00f3n para otras realizaciones m\u00e1s nobles, m\u00e1s elevadas.<\/p>\n<p style=\"text-align: justify;\">Por tanto, el pasado y el presente se funden, se entrelazan. La evoluci\u00f3n a trav\u00e9s de las distintas encarnaciones nos traslada a un escenario, este, el que nos ha tocado vivir actualmente. Vivimos el final de un ciclo, es la noche que precede a la nueva aurora. El due\u00f1o de la vi\u00f1a contin\u00faa buscando obreros para las tareas finales. Sigue convocando a aquellos que lo rechazaron o no lo quisieron ver en el pasado, en anteriores convocatorias. Empero, esp\u00edritus muy preparados, trabajadores del ayer retornan a la materia f\u00edsica para continuar su trabajo, aunque la sociedad no sea capaz de identificarlos todav\u00eda. A ellos se unen otros trabajadores tambi\u00e9n que proceden de otras vi\u00f1as, de otros mundos m\u00e1s evolucionados que vienen a trabajar, a colaborar, convocados por el mismo due\u00f1o.<\/p>\n<p style=\"text-align: justify;\">A simple vista, la percepci\u00f3n que nos puede llegar es que dichos trabajadores pueden estar pasivos pero, como concluye el p\u00e1rrafo de cabecera: <strong>\u201c\u2026Era trabajador, s\u00f3lo le faltaba trabajo.\u201d <\/strong>Lo cual significa que muchos de ellos, sobre todo j\u00f3venes, aguardan su oportunidad. Viven lo que la sociedad les transmite, aunque en muchas ocasiones no se identifiquen con aquello que les ofrece. Otros discretamente aguardan, porque no les gusta lo que ven en su entorno, un materialismo que no les atrae; es como una espera, no se sabe muy bien a qu\u00e9. Sin embargo, algunos canalizan sus inquietudes, su bagaje espiritual en actuaciones sociales, en trabajos an\u00f3nimos, sin notoriedad social, ofreciendo sus buenas cualidades a la sociedad, aunque su preparaci\u00f3n en realidad est\u00e9 dise\u00f1ada para tareas mucho m\u00e1s trascendentales, de mucha m\u00e1s envergadura. Son tambi\u00e9n los considerados ni\u00f1os y j\u00f3venes \u00cdndigo y Cristal, de lo que tanto se habla hoy d\u00eda, se caracterizan por una sensibilidad y una inteligencia fuera de lo com\u00fan.<\/p>\n<p style=\"text-align: justify;\">Tanto los ya preparados como los rezagados, aquellos que han despertado a trav\u00e9s de nobles filosof\u00edas, como pueda ser la doctrina espirita, tienen derecho a un salario justo, que no se puede medir desde la \u00f3ptica de una sola vida puesto que desconocemos el pasado. El premio ser\u00e1 el adecuado a los merecimientos de cada quien. Por lo tanto, no nos podemos dejar enga\u00f1ar creyendo en una superioridad espiritual de aquellos que, por ejemplo, poseen hermosas facultades medi\u00famnicas, o de aquellos que imparten conferencias o escriben art\u00edculos o libros. Todo ello tiene su valor, pero otros que quiz\u00e1s no forman parte de dichos c\u00edrculos, pueden traer, como coment\u00e1bamos anteriormente, el trabajo hecho del pasado. Ellos aprovecharon en su d\u00eda las oportunidades que les proporcionaron y los trabajadores actuales quiz\u00e1s no. <strong>\u201c\u2026 \u00a1pero cuantos siglos hace desde que el Se\u00f1or os llam\u00f3 a su vi\u00f1a sin que hay\u00e1is querido entrar en ella!..\u201d<\/strong><\/p>\n<p style=\"text-align: justify;\">Los obreros de la primera hora fueron aquellos avatares como Mois\u00e9s, Buda, Juan el Bautista, Jes\u00fas, etc., que vinieron a sembrar en un terreno todav\u00eda improductivo, no obstante, dejaron su huella. Con el paso de los siglos otros sabios y fil\u00f3sofos continuaron sembrando y el ser humano se fue aprovechando de su trabajo. Los \u00faltimos en llegar fueron los espiritas con su doctrina renovadora, el Consolador prometido por Jes\u00fas, enriquecido por nuevas ideas que aclaraban lo que hab\u00eda quedado incompleto u obscuro. Es la solidaridad de un trabajo de crecimiento constante, en consonancia a la evoluci\u00f3n del pensamiento humano y su capacitaci\u00f3n para nuevas adquisiciones.<\/p>\n<p style=\"text-align: justify;\">A veces, son esos mismos esp\u00edritus notables que iniciaron su trabajo en el pasado y vienen ahora a concluirlo. Es la solidaridad universal, el aprovechamiento del esfuerzo humano de todas las \u00e9pocas por el progreso en todos los \u00e1mbitos, en una l\u00ednea siempre ascendente.<\/p>\n<p style=\"text-align: justify;\">Otros, no obstante, y siguiendo con la par\u00e1bola del Maestro se hacen la siguiente reflexi\u00f3n: (*) <span style=\"text-decoration: underline;\"><span style=\"color: #000000; text-decoration: underline;\">\u201cTengamos paciencia, el reposo me es agradable; cuando suene la \u00faltima hora, ser\u00e1 tiempo de pensar en el salario de la jornada: \u00bfpor qu\u00e9 tengo necesidad de molestarme por un patr\u00f3n que no conozco, a quien no quiero?<\/span><\/span><strong> Cuanto m\u00e1s tarde, ser\u00e1 mejor\u2026\u201d<\/strong><\/p>\n<p style=\"text-align: justify;\">Muchas veces, cuando se trata el tema del Cambio de Ciclo, la Transici\u00f3n Planetaria, o el Final de los Tiempos, se topan con un debate sobre fechas y tiempos, sobre todo a nivel global, de toda la humanidad. Preguntas como \u00bfCu\u00e1nto tiempo puede quedar para el cambio? \u00bfSer\u00e1 traum\u00e1tico? \u00bfAfectar\u00e1 a toda la humanidad? \u00bfQui\u00e9nes se salvaran?, etc., se prestan a numerosas especulaciones.<\/p>\n<p style=\"text-align: justify;\">En este punto es donde debemos tener en cuenta los comentarios del p\u00e1rrafo anterior, es decir, aquellos que no tienen prisa, que relativizan y hacen caso omiso a las frecuentes llamadas. \u00a1No es un problema de tiempo sino de predisposici\u00f3n al trabajo, de fuerza de voluntad! Cuando nos hablan de alcanzar un nivel moral y espiritual para poder formar parte de esa nueva humanidad anunciada desde hace siglos y refrendada por distintas fuentes espirituales y religiosas, requiere de un tiempo de preparaci\u00f3n, de plasmar unos resultados producto de un esfuerzo moral. Para ello se requiere tiempo para dominar las malas inclinaciones. Si ese proceso de preparaci\u00f3n no se afronta con determinaci\u00f3n, ocurrir\u00e1 lo que concluye el mensaje en boca del patr\u00f3n: (*)<strong> \u201c\u2026no tengo trabajo para ti por ahora, t\u00fa has malgastado el tiempo; has olvidado lo que has aprendido; ya no sabes trabajar en mi vi\u00f1a. Empieza otra vez a aprender, y cuando est\u00e9s mejor dispuesto, vendr\u00e1s a m\u00ed y te abrir\u00e9 mi vasto campo y podr\u00e1s trabajar en \u00e9l todas las horas del d\u00eda.\u201d<\/strong><\/p>\n<p style=\"text-align: justify;\">Pero ese trabajo de re-aprendizaje se tendr\u00e1 que efectuar en un mundo inferior, en otras condiciones no tan ventajosas, hasta alcanzar el m\u00e9rito que le permitir\u00e1 retornar al mundo de donde procede.<\/p>\n<p style=\"text-align: justify;\">Como podemos comprobar, el mensaje del Maestro pervive con toda intensidad. Su contenido, a trav\u00e9s de aquellas par\u00e1bolas sencillas, contienen las claves del proceso en el que estamos incursos hoy d\u00eda.<\/p>\n<p style=\"text-align: justify;\">Oportunidades no nos van a faltar, no obstante el tiempo se agota, porque la vida pasa muy deprisa, es un instante en la evoluci\u00f3n pese a que nuestra percepci\u00f3n pueda ser otra. Las sugestiones de la materia y el materialismo que impera actualmente entorpecen la llamada, ese reclamo del Gran Patr\u00f3n para trabajar en su basto campo \u00a1No lo desaprovechemos m\u00e1s porque ma\u00f1ana puede ser tarde!<\/p>\n<p>&nbsp;<\/p>\n<p style=\"text-align: right;\">Jos\u00e9 Manuel Meseguer<\/p>\n<p style=\"text-align: right;\"><em>\u00a92016, Amor Paz y caridad<\/em><\/p>\n<p>&nbsp;<\/p>\n<p><em>(*) El Evangelio seg\u00fan el Espiritismo; Cap\u00edtulo XX. Instrucciones de los esp\u00edritus; Los \u00faltimos ser\u00e1n los primeros.- 2<\/em><\/p>\n","protected":false},"excerpt":{"rendered":"<p>[infobox] (*) \u201cEl obrero de la \u00faltima hora tiene derecho al salario, pero es menester que su voluntad haya estado a disposici\u00f3n del se\u00f1or que deb\u00eda emplearlo, y que este retraso no sea fruto de su pereza o de su mala voluntad. Tiene derecho al salario, porque desde el alba, esperaba impacientemente a que, al [&hellip;]<\/p>\n","protected":false},"author":5,"featured_media":5771,"comment_status":"open","ping_status":"open","sticky":false,"template":"","format":"standard","meta":{"tdm_status":"","tdm_grid_status":"","footnotes":""},"categories":[331],"tags":[838,526,2810,2617,2812,2811,2809],"ppma_author":[408],"class_list":{"0":"post-5745","1":"post","2":"type-post","3":"status-publish","4":"format-standard","5":"has-post-thumbnail","7":"category-apartado-espirita","8":"tag-cambio-de-ciclo","9":"tag-evangelio","10":"tag-ninos-cristal","11":"tag-ninos-indigo","12":"tag-obreros-ultima-hora","13":"tag-parabolas-de-jesus","14":"tag-trabajador-espirita"},"yoast_head":"<!-- This site is optimized with the Yoast SEO plugin v27.7 - https:\/\/yoast.com\/product\/yoast-seo-wordpress\/ -->\n<title>LOS OBREROS DE LA \u00daLTIMA HORA | Amor, paz caridad<\/title>\n<meta name=\"description\" content=\"La par\u00e1bola de los obreros de la \u00faltima hora posee toda la vigencia hoy en d\u00eda. Es el cambio, el paso definitivo a trav\u00e9s de las buenas obras, es un camb...\" \/>\n<meta name=\"robots\" content=\"index, follow, max-snippet:-1, max-image-preview:large, max-video-preview:-1\" \/>\n<link rel=\"canonical\" href=\"https:\/\/amorpazy-cp515.wordpresstemporal.com\/amorpazycaridad.es\/los-obreros-de-la-ultima-hora\/\" \/>\n<meta property=\"og:locale\" content=\"es_ES\" \/>\n<meta property=\"og:type\" content=\"article\" \/>\n<meta property=\"og:title\" content=\"LOS OBREROS DE LA \u00daLTIMA HORA | Amor, paz caridad\" \/>\n<meta property=\"og:description\" content=\"La par\u00e1bola de los obreros de la \u00faltima hora posee toda la vigencia hoy en d\u00eda. Es el cambio, el paso definitivo a trav\u00e9s de las buenas obras, es un camb...\" \/>\n<meta property=\"og:url\" content=\"https:\/\/amorpazy-cp515.wordpresstemporal.com\/amorpazycaridad.es\/los-obreros-de-la-ultima-hora\/\" \/>\n<meta property=\"og:site_name\" content=\"Amor, paz caridad\" \/>\n<meta property=\"article:publisher\" content=\"http:\/\/www.facebook.com\/pages\/Amor-paz-y-caridad\/1594978604096866\" \/>\n<meta property=\"article:published_time\" content=\"2016-06-13T04:48:13+00:00\" \/>\n<meta property=\"article:modified_time\" content=\"2016-06-13T04:53:47+00:00\" \/>\n<meta property=\"og:image\" content=\"https:\/\/amorpazy-cp515.wordpresstemporal.com\/amorpazycaridad.es\/wp-content\/uploads\/2016\/06\/obreros-ult-hora.jpg\" \/>\n\t<meta property=\"og:image:width\" content=\"750\" \/>\n\t<meta property=\"og:image:height\" content=\"350\" \/>\n\t<meta property=\"og:image:type\" content=\"image\/jpeg\" \/>\n<meta name=\"author\" content=\"Jose Manuel\" \/>\n<meta name=\"twitter:card\" content=\"summary_large_image\" \/>\n<meta name=\"twitter:creator\" content=\"@amorpazycaridad\" \/>\n<meta name=\"twitter:site\" content=\"@amorpazycaridad\" \/>\n<meta name=\"twitter:label1\" content=\"Escrito por\" \/>\n\t<meta name=\"twitter:data1\" content=\"Jos\u00e9 Manuel Meseguer Clemente\" \/>\n\t<meta name=\"twitter:label2\" content=\"Tiempo de lectura\" \/>\n\t<meta name=\"twitter:data2\" content=\"7 minutos\" \/>\n<script type=\"application\/ld+json\" class=\"yoast-schema-graph\">{\"@context\":\"https:\\\/\\\/schema.org\",\"@graph\":[{\"@type\":\"Article\",\"@id\":\"https:\\\/\\\/amorpazy-cp515.wordpresstemporal.com\\\/amorpazycaridad.es\\\/los-obreros-de-la-ultima-hora\\\/#article\",\"isPartOf\":{\"@id\":\"https:\\\/\\\/amorpazy-cp515.wordpresstemporal.com\\\/amorpazycaridad.es\\\/los-obreros-de-la-ultima-hora\\\/\"},\"author\":{\"name\":\"Jos\u00e9 Manuel Meseguer Clemente\",\"@id\":\"https:\\\/\\\/amorpazy-cp515.wordpresstemporal.com\\\/amorpazycaridad.es\\\/#\\\/schema\\\/person\\\/6f0cedb316ce549a85d79dba9ebb353e\"},\"headline\":\"LOS OBREROS DE LA \u00daLTIMA HORA\",\"datePublished\":\"2016-06-13T04:48:13+00:00\",\"dateModified\":\"2016-06-13T04:53:47+00:00\",\"mainEntityOfPage\":{\"@id\":\"https:\\\/\\\/amorpazy-cp515.wordpresstemporal.com\\\/amorpazycaridad.es\\\/los-obreros-de-la-ultima-hora\\\/\"},\"wordCount\":1389,\"commentCount\":0,\"publisher\":{\"@id\":\"https:\\\/\\\/amorpazy-cp515.wordpresstemporal.com\\\/amorpazycaridad.es\\\/#organization\"},\"image\":{\"@id\":\"https:\\\/\\\/amorpazy-cp515.wordpresstemporal.com\\\/amorpazycaridad.es\\\/los-obreros-de-la-ultima-hora\\\/#primaryimage\"},\"thumbnailUrl\":\"https:\\\/\\\/amorpazy-cp515.wordpresstemporal.com\\\/amorpazycaridad.es\\\/wp-content\\\/uploads\\\/2016\\\/06\\\/obreros-ult-hora.jpg\",\"keywords\":[\"Cambio de ciclo\",\"EVANGELIO\",\"ni\u00f1os cristal\",\"ni\u00f1os indigo\",\"Obreros \u00faltima hora\",\"par\u00e1bolas de Jes\u00fas\",\"Trabajador espirita\"],\"articleSection\":[\"Apartado esp\u00edrita\"],\"inLanguage\":\"es\",\"potentialAction\":[{\"@type\":\"CommentAction\",\"name\":\"Comment\",\"target\":[\"https:\\\/\\\/amorpazy-cp515.wordpresstemporal.com\\\/amorpazycaridad.es\\\/los-obreros-de-la-ultima-hora\\\/#respond\"]}]},{\"@type\":\"WebPage\",\"@id\":\"https:\\\/\\\/amorpazy-cp515.wordpresstemporal.com\\\/amorpazycaridad.es\\\/los-obreros-de-la-ultima-hora\\\/\",\"url\":\"https:\\\/\\\/amorpazy-cp515.wordpresstemporal.com\\\/amorpazycaridad.es\\\/los-obreros-de-la-ultima-hora\\\/\",\"name\":\"LOS OBREROS DE LA \u00daLTIMA HORA | Amor, paz caridad\",\"isPartOf\":{\"@id\":\"https:\\\/\\\/amorpazy-cp515.wordpresstemporal.com\\\/amorpazycaridad.es\\\/#website\"},\"primaryImageOfPage\":{\"@id\":\"https:\\\/\\\/amorpazy-cp515.wordpresstemporal.com\\\/amorpazycaridad.es\\\/los-obreros-de-la-ultima-hora\\\/#primaryimage\"},\"image\":{\"@id\":\"https:\\\/\\\/amorpazy-cp515.wordpresstemporal.com\\\/amorpazycaridad.es\\\/los-obreros-de-la-ultima-hora\\\/#primaryimage\"},\"thumbnailUrl\":\"https:\\\/\\\/amorpazy-cp515.wordpresstemporal.com\\\/amorpazycaridad.es\\\/wp-content\\\/uploads\\\/2016\\\/06\\\/obreros-ult-hora.jpg\",\"datePublished\":\"2016-06-13T04:48:13+00:00\",\"dateModified\":\"2016-06-13T04:53:47+00:00\",\"description\":\"La par\u00e1bola de los obreros de la \u00faltima hora posee toda la vigencia hoy en d\u00eda. Es el cambio, el paso definitivo a trav\u00e9s de las buenas obras, es un camb...\",\"breadcrumb\":{\"@id\":\"https:\\\/\\\/amorpazy-cp515.wordpresstemporal.com\\\/amorpazycaridad.es\\\/los-obreros-de-la-ultima-hora\\\/#breadcrumb\"},\"inLanguage\":\"es\",\"potentialAction\":[{\"@type\":\"ReadAction\",\"target\":[\"https:\\\/\\\/amorpazy-cp515.wordpresstemporal.com\\\/amorpazycaridad.es\\\/los-obreros-de-la-ultima-hora\\\/\"]}]},{\"@type\":\"ImageObject\",\"inLanguage\":\"es\",\"@id\":\"https:\\\/\\\/amorpazy-cp515.wordpresstemporal.com\\\/amorpazycaridad.es\\\/los-obreros-de-la-ultima-hora\\\/#primaryimage\",\"url\":\"https:\\\/\\\/amorpazy-cp515.wordpresstemporal.com\\\/amorpazycaridad.es\\\/wp-content\\\/uploads\\\/2016\\\/06\\\/obreros-ult-hora.jpg\",\"contentUrl\":\"https:\\\/\\\/amorpazy-cp515.wordpresstemporal.com\\\/amorpazycaridad.es\\\/wp-content\\\/uploads\\\/2016\\\/06\\\/obreros-ult-hora.jpg\",\"width\":750,\"height\":350,\"caption\":\"Los obreros de la \u00faltima hora\"},{\"@type\":\"BreadcrumbList\",\"@id\":\"https:\\\/\\\/amorpazy-cp515.wordpresstemporal.com\\\/amorpazycaridad.es\\\/los-obreros-de-la-ultima-hora\\\/#breadcrumb\",\"itemListElement\":[{\"@type\":\"ListItem\",\"position\":1,\"name\":\"Portada\",\"item\":\"https:\\\/\\\/amorpazy-cp515.wordpresstemporal.com\\\/amorpazycaridad.es\\\/\"},{\"@type\":\"ListItem\",\"position\":2,\"name\":\"LOS OBREROS DE LA \u00daLTIMA HORA\"}]},{\"@type\":\"WebSite\",\"@id\":\"https:\\\/\\\/amorpazy-cp515.wordpresstemporal.com\\\/amorpazycaridad.es\\\/#website\",\"url\":\"https:\\\/\\\/amorpazy-cp515.wordpresstemporal.com\\\/amorpazycaridad.es\\\/\",\"name\":\"Amor, paz caridad\",\"description\":\"Conocimiento espiritual, espiritismo, espiritualismo, leyes universales, m\u00e1s all\u00e1, vida despu\u00e9s de la vida,\",\"publisher\":{\"@id\":\"https:\\\/\\\/amorpazy-cp515.wordpresstemporal.com\\\/amorpazycaridad.es\\\/#organization\"},\"potentialAction\":[{\"@type\":\"SearchAction\",\"target\":{\"@type\":\"EntryPoint\",\"urlTemplate\":\"https:\\\/\\\/amorpazy-cp515.wordpresstemporal.com\\\/amorpazycaridad.es\\\/?s={search_term_string}\"},\"query-input\":{\"@type\":\"PropertyValueSpecification\",\"valueRequired\":true,\"valueName\":\"search_term_string\"}}],\"inLanguage\":\"es\"},{\"@type\":\"Organization\",\"@id\":\"https:\\\/\\\/amorpazy-cp515.wordpresstemporal.com\\\/amorpazycaridad.es\\\/#organization\",\"name\":\"Asociaci\u00f3n de Estudios Espirituales Grupo Villena\",\"url\":\"https:\\\/\\\/amorpazy-cp515.wordpresstemporal.com\\\/amorpazycaridad.es\\\/\",\"logo\":{\"@type\":\"ImageObject\",\"inLanguage\":\"es\",\"@id\":\"https:\\\/\\\/amorpazy-cp515.wordpresstemporal.com\\\/amorpazycaridad.es\\\/#\\\/schema\\\/logo\\\/image\\\/\",\"url\":\"https:\\\/\\\/amorpazycaridad.es\\\/wp-content\\\/uploads\\\/2015\\\/01\\\/logo-fav-e1420247830294.jpg\",\"contentUrl\":\"https:\\\/\\\/amorpazycaridad.es\\\/wp-content\\\/uploads\\\/2015\\\/01\\\/logo-fav-e1420247830294.jpg\",\"width\":144,\"height\":144,\"caption\":\"Asociaci\u00f3n de Estudios Espirituales Grupo Villena\"},\"image\":{\"@id\":\"https:\\\/\\\/amorpazy-cp515.wordpresstemporal.com\\\/amorpazycaridad.es\\\/#\\\/schema\\\/logo\\\/image\\\/\"},\"sameAs\":[\"http:\\\/\\\/www.facebook.com\\\/pages\\\/Amor-paz-y-caridad\\\/1594978604096866\",\"https:\\\/\\\/x.com\\\/amorpazycaridad\",\"https:\\\/\\\/es.pinterest.com\\\/amorpazycaridad\\\/\",\"https:\\\/\\\/www.youtube.com\\\/channel\\\/UC1GvDIDCLoL02SzOD7NJdrA\"]},{\"@type\":\"Person\",\"@id\":\"https:\\\/\\\/amorpazy-cp515.wordpresstemporal.com\\\/amorpazycaridad.es\\\/#\\\/schema\\\/person\\\/6f0cedb316ce549a85d79dba9ebb353e\",\"name\":\"Jos\u00e9 Manuel Meseguer Clemente\",\"image\":{\"@type\":\"ImageObject\",\"inLanguage\":\"es\",\"@id\":\"https:\\\/\\\/amorpazycaridad.es\\\/wp-content\\\/uploads\\\/2017\\\/11\\\/Archivo-1-11-17-12-31-35-96x96.jpegfd114e27cec70eafcf7bb076099603b6\",\"url\":\"https:\\\/\\\/amorpazycaridad.es\\\/wp-content\\\/uploads\\\/2017\\\/11\\\/Archivo-1-11-17-12-31-35-96x96.jpeg\",\"contentUrl\":\"https:\\\/\\\/amorpazycaridad.es\\\/wp-content\\\/uploads\\\/2017\\\/11\\\/Archivo-1-11-17-12-31-35-96x96.jpeg\",\"caption\":\"Jos\u00e9 Manuel Meseguer Clemente\"},\"description\":\"Jose Manuel Meseguer Clemente . Profesionalmente se dedica al Transporte Mar\u00edtimo. Autodidacta, divulgador y escritor. Como miembro del Grupo Villena desde hace m\u00e1s de 30 a\u00f1os, ha ofrecido conferencias y participado en diversos eventos, simposios y congresos, tanto nacionales como internacionales. Actualmente es redactor de la revista \u201cAmor Paz y Caridad\u201d, donde mensualmente publica art\u00edculos de inter\u00e9s y permanente actualidad. Adem\u00e1s, es socio colaborador de SEDE (Sociedad Espa\u00f1ola de Divulgadores Esp\u00edritas).\",\"sameAs\":[\"http:\\\/\\\/www.amorpazycaridad.com\"],\"url\":\"https:\\\/\\\/amorpazy-cp515.wordpresstemporal.com\\\/amorpazycaridad.es\\\/author\\\/jose-manuel\\\/\"}]}<\/script>\n<!-- \/ Yoast SEO plugin. -->","yoast_head_json":{"title":"LOS OBREROS DE LA \u00daLTIMA HORA | Amor, paz caridad","description":"La par\u00e1bola de los obreros de la \u00faltima hora posee toda la vigencia hoy en d\u00eda. Es el cambio, el paso definitivo a trav\u00e9s de las buenas obras, es un camb...","robots":{"index":"index","follow":"follow","max-snippet":"max-snippet:-1","max-image-preview":"max-image-preview:large","max-video-preview":"max-video-preview:-1"},"canonical":"https:\/\/amorpazy-cp515.wordpresstemporal.com\/amorpazycaridad.es\/los-obreros-de-la-ultima-hora\/","og_locale":"es_ES","og_type":"article","og_title":"LOS OBREROS DE LA \u00daLTIMA HORA | Amor, paz caridad","og_description":"La par\u00e1bola de los obreros de la \u00faltima hora posee toda la vigencia hoy en d\u00eda. Es el cambio, el paso definitivo a trav\u00e9s de las buenas obras, es un camb...","og_url":"https:\/\/amorpazy-cp515.wordpresstemporal.com\/amorpazycaridad.es\/los-obreros-de-la-ultima-hora\/","og_site_name":"Amor, paz caridad","article_publisher":"http:\/\/www.facebook.com\/pages\/Amor-paz-y-caridad\/1594978604096866","article_published_time":"2016-06-13T04:48:13+00:00","article_modified_time":"2016-06-13T04:53:47+00:00","og_image":[{"width":750,"height":350,"url":"https:\/\/amorpazy-cp515.wordpresstemporal.com\/amorpazycaridad.es\/wp-content\/uploads\/2016\/06\/obreros-ult-hora.jpg","type":"image\/jpeg"}],"author":"Jose Manuel","twitter_card":"summary_large_image","twitter_creator":"@amorpazycaridad","twitter_site":"@amorpazycaridad","twitter_misc":{"Escrito por":"Jos\u00e9 Manuel Meseguer Clemente","Tiempo de lectura":"7 minutos"},"schema":{"@context":"https:\/\/schema.org","@graph":[{"@type":"Article","@id":"https:\/\/amorpazy-cp515.wordpresstemporal.com\/amorpazycaridad.es\/los-obreros-de-la-ultima-hora\/#article","isPartOf":{"@id":"https:\/\/amorpazy-cp515.wordpresstemporal.com\/amorpazycaridad.es\/los-obreros-de-la-ultima-hora\/"},"author":{"name":"Jos\u00e9 Manuel Meseguer Clemente","@id":"https:\/\/amorpazy-cp515.wordpresstemporal.com\/amorpazycaridad.es\/#\/schema\/person\/6f0cedb316ce549a85d79dba9ebb353e"},"headline":"LOS OBREROS DE LA \u00daLTIMA HORA","datePublished":"2016-06-13T04:48:13+00:00","dateModified":"2016-06-13T04:53:47+00:00","mainEntityOfPage":{"@id":"https:\/\/amorpazy-cp515.wordpresstemporal.com\/amorpazycaridad.es\/los-obreros-de-la-ultima-hora\/"},"wordCount":1389,"commentCount":0,"publisher":{"@id":"https:\/\/amorpazy-cp515.wordpresstemporal.com\/amorpazycaridad.es\/#organization"},"image":{"@id":"https:\/\/amorpazy-cp515.wordpresstemporal.com\/amorpazycaridad.es\/los-obreros-de-la-ultima-hora\/#primaryimage"},"thumbnailUrl":"https:\/\/amorpazy-cp515.wordpresstemporal.com\/amorpazycaridad.es\/wp-content\/uploads\/2016\/06\/obreros-ult-hora.jpg","keywords":["Cambio de ciclo","EVANGELIO","ni\u00f1os cristal","ni\u00f1os indigo","Obreros \u00faltima hora","par\u00e1bolas de Jes\u00fas","Trabajador espirita"],"articleSection":["Apartado esp\u00edrita"],"inLanguage":"es","potentialAction":[{"@type":"CommentAction","name":"Comment","target":["https:\/\/amorpazy-cp515.wordpresstemporal.com\/amorpazycaridad.es\/los-obreros-de-la-ultima-hora\/#respond"]}]},{"@type":"WebPage","@id":"https:\/\/amorpazy-cp515.wordpresstemporal.com\/amorpazycaridad.es\/los-obreros-de-la-ultima-hora\/","url":"https:\/\/amorpazy-cp515.wordpresstemporal.com\/amorpazycaridad.es\/los-obreros-de-la-ultima-hora\/","name":"LOS OBREROS DE LA \u00daLTIMA HORA | Amor, paz caridad","isPartOf":{"@id":"https:\/\/amorpazy-cp515.wordpresstemporal.com\/amorpazycaridad.es\/#website"},"primaryImageOfPage":{"@id":"https:\/\/amorpazy-cp515.wordpresstemporal.com\/amorpazycaridad.es\/los-obreros-de-la-ultima-hora\/#primaryimage"},"image":{"@id":"https:\/\/amorpazy-cp515.wordpresstemporal.com\/amorpazycaridad.es\/los-obreros-de-la-ultima-hora\/#primaryimage"},"thumbnailUrl":"https:\/\/amorpazy-cp515.wordpresstemporal.com\/amorpazycaridad.es\/wp-content\/uploads\/2016\/06\/obreros-ult-hora.jpg","datePublished":"2016-06-13T04:48:13+00:00","dateModified":"2016-06-13T04:53:47+00:00","description":"La par\u00e1bola de los obreros de la \u00faltima hora posee toda la vigencia hoy en d\u00eda. Es el cambio, el paso definitivo a trav\u00e9s de las buenas obras, es un camb...","breadcrumb":{"@id":"https:\/\/amorpazy-cp515.wordpresstemporal.com\/amorpazycaridad.es\/los-obreros-de-la-ultima-hora\/#breadcrumb"},"inLanguage":"es","potentialAction":[{"@type":"ReadAction","target":["https:\/\/amorpazy-cp515.wordpresstemporal.com\/amorpazycaridad.es\/los-obreros-de-la-ultima-hora\/"]}]},{"@type":"ImageObject","inLanguage":"es","@id":"https:\/\/amorpazy-cp515.wordpresstemporal.com\/amorpazycaridad.es\/los-obreros-de-la-ultima-hora\/#primaryimage","url":"https:\/\/amorpazy-cp515.wordpresstemporal.com\/amorpazycaridad.es\/wp-content\/uploads\/2016\/06\/obreros-ult-hora.jpg","contentUrl":"https:\/\/amorpazy-cp515.wordpresstemporal.com\/amorpazycaridad.es\/wp-content\/uploads\/2016\/06\/obreros-ult-hora.jpg","width":750,"height":350,"caption":"Los obreros de la \u00faltima hora"},{"@type":"BreadcrumbList","@id":"https:\/\/amorpazy-cp515.wordpresstemporal.com\/amorpazycaridad.es\/los-obreros-de-la-ultima-hora\/#breadcrumb","itemListElement":[{"@type":"ListItem","position":1,"name":"Portada","item":"https:\/\/amorpazy-cp515.wordpresstemporal.com\/amorpazycaridad.es\/"},{"@type":"ListItem","position":2,"name":"LOS OBREROS DE LA \u00daLTIMA HORA"}]},{"@type":"WebSite","@id":"https:\/\/amorpazy-cp515.wordpresstemporal.com\/amorpazycaridad.es\/#website","url":"https:\/\/amorpazy-cp515.wordpresstemporal.com\/amorpazycaridad.es\/","name":"Amor, paz caridad","description":"Conocimiento espiritual, espiritismo, espiritualismo, leyes universales, m\u00e1s all\u00e1, vida despu\u00e9s de la vida,","publisher":{"@id":"https:\/\/amorpazy-cp515.wordpresstemporal.com\/amorpazycaridad.es\/#organization"},"potentialAction":[{"@type":"SearchAction","target":{"@type":"EntryPoint","urlTemplate":"https:\/\/amorpazy-cp515.wordpresstemporal.com\/amorpazycaridad.es\/?s={search_term_string}"},"query-input":{"@type":"PropertyValueSpecification","valueRequired":true,"valueName":"search_term_string"}}],"inLanguage":"es"},{"@type":"Organization","@id":"https:\/\/amorpazy-cp515.wordpresstemporal.com\/amorpazycaridad.es\/#organization","name":"Asociaci\u00f3n de Estudios Espirituales Grupo Villena","url":"https:\/\/amorpazy-cp515.wordpresstemporal.com\/amorpazycaridad.es\/","logo":{"@type":"ImageObject","inLanguage":"es","@id":"https:\/\/amorpazy-cp515.wordpresstemporal.com\/amorpazycaridad.es\/#\/schema\/logo\/image\/","url":"https:\/\/amorpazycaridad.es\/wp-content\/uploads\/2015\/01\/logo-fav-e1420247830294.jpg","contentUrl":"https:\/\/amorpazycaridad.es\/wp-content\/uploads\/2015\/01\/logo-fav-e1420247830294.jpg","width":144,"height":144,"caption":"Asociaci\u00f3n de Estudios Espirituales Grupo Villena"},"image":{"@id":"https:\/\/amorpazy-cp515.wordpresstemporal.com\/amorpazycaridad.es\/#\/schema\/logo\/image\/"},"sameAs":["http:\/\/www.facebook.com\/pages\/Amor-paz-y-caridad\/1594978604096866","https:\/\/x.com\/amorpazycaridad","https:\/\/es.pinterest.com\/amorpazycaridad\/","https:\/\/www.youtube.com\/channel\/UC1GvDIDCLoL02SzOD7NJdrA"]},{"@type":"Person","@id":"https:\/\/amorpazy-cp515.wordpresstemporal.com\/amorpazycaridad.es\/#\/schema\/person\/6f0cedb316ce549a85d79dba9ebb353e","name":"Jos\u00e9 Manuel Meseguer Clemente","image":{"@type":"ImageObject","inLanguage":"es","@id":"https:\/\/amorpazycaridad.es\/wp-content\/uploads\/2017\/11\/Archivo-1-11-17-12-31-35-96x96.jpegfd114e27cec70eafcf7bb076099603b6","url":"https:\/\/amorpazycaridad.es\/wp-content\/uploads\/2017\/11\/Archivo-1-11-17-12-31-35-96x96.jpeg","contentUrl":"https:\/\/amorpazycaridad.es\/wp-content\/uploads\/2017\/11\/Archivo-1-11-17-12-31-35-96x96.jpeg","caption":"Jos\u00e9 Manuel Meseguer Clemente"},"description":"Jose Manuel Meseguer Clemente . Profesionalmente se dedica al Transporte Mar\u00edtimo. Autodidacta, divulgador y escritor. Como miembro del Grupo Villena desde hace m\u00e1s de 30 a\u00f1os, ha ofrecido conferencias y participado en diversos eventos, simposios y congresos, tanto nacionales como internacionales. Actualmente es redactor de la revista \u201cAmor Paz y Caridad\u201d, donde mensualmente publica art\u00edculos de inter\u00e9s y permanente actualidad. Adem\u00e1s, es socio colaborador de SEDE (Sociedad Espa\u00f1ola de Divulgadores Esp\u00edritas).","sameAs":["http:\/\/www.amorpazycaridad.com"],"url":"https:\/\/amorpazy-cp515.wordpresstemporal.com\/amorpazycaridad.es\/author\/jose-manuel\/"}]}},"authors":[{"term_id":408,"user_id":0,"is_guest":1,"slug":"cap-jose-manuel","display_name":"Jose Manuel","avatar_url":"https:\/\/secure.gravatar.com\/avatar\/?s=96&d=mm&r=g","0":null,"1":"","2":"","3":"","4":"","5":"","6":"","7":"","8":""}],"_links":{"self":[{"href":"https:\/\/amorpazy-cp515.wordpresstemporal.com\/amorpazycaridad.es\/wp-json\/wp\/v2\/posts\/5745","targetHints":{"allow":["GET"]}}],"collection":[{"href":"https:\/\/amorpazy-cp515.wordpresstemporal.com\/amorpazycaridad.es\/wp-json\/wp\/v2\/posts"}],"about":[{"href":"https:\/\/amorpazy-cp515.wordpresstemporal.com\/amorpazycaridad.es\/wp-json\/wp\/v2\/types\/post"}],"author":[{"embeddable":true,"href":"https:\/\/amorpazy-cp515.wordpresstemporal.com\/amorpazycaridad.es\/wp-json\/wp\/v2\/users\/5"}],"replies":[{"embeddable":true,"href":"https:\/\/amorpazy-cp515.wordpresstemporal.com\/amorpazycaridad.es\/wp-json\/wp\/v2\/comments?post=5745"}],"version-history":[{"count":6,"href":"https:\/\/amorpazy-cp515.wordpresstemporal.com\/amorpazycaridad.es\/wp-json\/wp\/v2\/posts\/5745\/revisions"}],"predecessor-version":[{"id":5775,"href":"https:\/\/amorpazy-cp515.wordpresstemporal.com\/amorpazycaridad.es\/wp-json\/wp\/v2\/posts\/5745\/revisions\/5775"}],"wp:featuredmedia":[{"embeddable":true,"href":"https:\/\/amorpazy-cp515.wordpresstemporal.com\/amorpazycaridad.es\/wp-json\/wp\/v2\/media\/5771"}],"wp:attachment":[{"href":"https:\/\/amorpazy-cp515.wordpresstemporal.com\/amorpazycaridad.es\/wp-json\/wp\/v2\/media?parent=5745"}],"wp:term":[{"taxonomy":"category","embeddable":true,"href":"https:\/\/amorpazy-cp515.wordpresstemporal.com\/amorpazycaridad.es\/wp-json\/wp\/v2\/categories?post=5745"},{"taxonomy":"post_tag","embeddable":true,"href":"https:\/\/amorpazy-cp515.wordpresstemporal.com\/amorpazycaridad.es\/wp-json\/wp\/v2\/tags?post=5745"},{"taxonomy":"author","embeddable":true,"href":"https:\/\/amorpazy-cp515.wordpresstemporal.com\/amorpazycaridad.es\/wp-json\/wp\/v2\/ppma_author?post=5745"}],"curies":[{"name":"wp","href":"https:\/\/api.w.org\/{rel}","templated":true}]}}