{"id":5616,"date":"2016-05-11T05:52:57","date_gmt":"2016-05-11T04:52:57","guid":{"rendered":"https:\/\/amorpazycaridad.es\/?p=5616"},"modified":"2018-08-16T16:46:27","modified_gmt":"2018-08-16T14:46:27","slug":"vida-y-obra-de-amalia-domingo-soler","status":"publish","type":"post","link":"https:\/\/amorpazy-cp515.wordpresstemporal.com\/amorpazycaridad.es\/vida-y-obra-de-amalia-domingo-soler\/","title":{"rendered":"VIDA Y OBRA DE AMALIA DOMINGO SOLER"},"content":{"rendered":"<p class=\"p1\" style=\"text-align: justify;\"><span class=\"s1\">En esta conferencia, <strong>Vida y obra de Amalia Domingo Soler<\/strong> muy recomendable, nuestra amiga Pilar nos hace un repaso hist\u00f3rico de la Espa\u00f1a de finales del siglo XIX y principios del XX. Analizando la situaci\u00f3n social de la \u00e9poca y el papel de la mujer en aquellos tiempos. Todo ello, en torno a una mujer excepcional; Amalia Domingo Soler. Sola, pobre y pr\u00e1cticamente ciega, se tuvo que enfrentar a las duras pruebas que la vida le reservaba, encontrando finalmente el b\u00e1lsamo que tanto buscaba: la doctrina esp\u00edrita. Con sus respuestas razonadas y l\u00f3gicas el espiritismo le cambi\u00f3 definitivamente su vida en pos de un ideal que no abandonar\u00eda nunca.<\/span><\/p>\n<p class=\"p1\"><span style=\"color: #ffffff;\">VID<\/span><\/p>\n","protected":false},"excerpt":{"rendered":"<p>En esta conferencia, Vida y obra de Amalia Domingo Soler muy recomendable, nuestra amiga Pilar nos hace un repaso hist\u00f3rico de la Espa\u00f1a de finales del siglo XIX y principios del XX. Analizando la situaci\u00f3n social de la \u00e9poca y el papel de la mujer en aquellos tiempos. Todo ello, en torno a una mujer [&hellip;]<\/p>\n","protected":false},"author":2,"featured_media":10269,"comment_status":"open","ping_status":"open","sticky":false,"template":"","format":"video","meta":{"tdm_status":"","tdm_grid_status":"","footnotes":""},"categories":[17],"tags":[59,65,66,2757,1714,2763,2766,2756,2758,2761,2762,2765,2760,2759,661,2764],"ppma_author":[396],"class_list":{"0":"post-5616","1":"post","2":"type-post","3":"status-publish","4":"format-video","5":"has-post-thumbnail","7":"category-conferencias","8":"tag-la-luz-del-porvenir","9":"tag-allan-kardec","10":"tag-amalia-domingo-soler","11":"tag-el-criterio-espiritista","12":"tag-fernandez-colavida","13":"tag-fraternidad-humana-de-tarrasa","14":"tag-i-congreso-espirita-mundial","15":"tag-joaquin-hysern","16":"tag-la-revelacion","17":"tag-manuel-auso","18":"tag-miguel-vives-y-vives","19":"tag-padre-german","21":"tag-sociedad-espirita-espanola","22":"tag-torres-solanot","23":"tag-vicente-manterola","24":"post_format-post-format-video"},"yoast_head":"<!-- This site is optimized with the Yoast SEO plugin v27.7 - https:\/\/yoast.com\/product\/yoast-seo-wordpress\/ -->\n<title>VIDA Y OBRA DE AMALIA DOMINGO SOLER | Amor, paz caridad<\/title>\n<meta name=\"description\" content=\"Vida y obra de Amalia Domingo Soler. En esta conferencia muy recomendable, nuestra amiga Pilar nos hace un repaso hist\u00f3rico de la Espa\u00f1a de finales del XIX.\" \/>\n<meta name=\"robots\" content=\"index, follow, max-snippet:-1, max-image-preview:large, max-video-preview:-1\" \/>\n<link rel=\"canonical\" href=\"https:\/\/amorpazycaridad.es\/vida-y-obra-de-amalia-domingo-soler\/\" \/>\n<meta property=\"og:locale\" content=\"es_ES\" \/>\n<meta property=\"og:type\" content=\"article\" \/>\n<meta property=\"og:title\" content=\"VIDA Y OBRA DE AMALIA DOMINGO SOLER | Amor, paz caridad\" \/>\n<meta property=\"og:description\" content=\"Vida y obra de Amalia Domingo Soler. En esta conferencia muy recomendable, nuestra amiga Pilar nos hace un repaso hist\u00f3rico de la Espa\u00f1a de finales del XIX.\" \/>\n<meta property=\"og:url\" content=\"https:\/\/amorpazycaridad.es\/vida-y-obra-de-amalia-domingo-soler\/\" \/>\n<meta property=\"og:site_name\" content=\"Amor, paz caridad\" \/>\n<meta property=\"article:publisher\" content=\"http:\/\/www.facebook.com\/pages\/Amor-paz-y-caridad\/1594978604096866\" \/>\n<meta property=\"article:published_time\" content=\"2016-05-11T04:52:57+00:00\" \/>\n<meta property=\"article:modified_time\" content=\"2018-08-16T14:46:27+00:00\" \/>\n<meta property=\"og:image\" content=\"https:\/\/amorpazycaridad.es\/wp-content\/uploads\/2016\/05\/maxresdefault.jpg\" \/>\n\t<meta property=\"og:image:width\" content=\"1752\" \/>\n\t<meta property=\"og:image:height\" content=\"977\" \/>\n\t<meta property=\"og:image:type\" content=\"image\/jpeg\" \/>\n<meta name=\"author\" content=\"Redaccion\" \/>\n<meta name=\"twitter:card\" content=\"summary_large_image\" \/>\n<meta name=\"twitter:creator\" content=\"@amorpazycaridad\" \/>\n<meta name=\"twitter:site\" content=\"@amorpazycaridad\" \/>\n<meta name=\"twitter:label1\" content=\"Escrito por\" \/>\n\t<meta name=\"twitter:data1\" content=\"Redacci\u00f3n\" \/>\n\t<meta name=\"twitter:label2\" content=\"Tiempo de lectura\" \/>\n\t<meta name=\"twitter:data2\" content=\"1 minuto\" \/>\n<script type=\"application\/ld+json\" class=\"yoast-schema-graph\">{\"@context\":\"https:\\\/\\\/schema.org\",\"@graph\":[{\"@type\":\"Article\",\"@id\":\"https:\\\/\\\/amorpazycaridad.es\\\/vida-y-obra-de-amalia-domingo-soler\\\/#article\",\"isPartOf\":{\"@id\":\"https:\\\/\\\/amorpazycaridad.es\\\/vida-y-obra-de-amalia-domingo-soler\\\/\"},\"author\":{\"name\":\"Redacci\u00f3n\",\"@id\":\"https:\\\/\\\/amorpazy-cp515.wordpresstemporal.com\\\/amorpazycaridad.es\\\/#\\\/schema\\\/person\\\/44cbc218f1b29f65390e7c8a4fd0c28d\"},\"headline\":\"VIDA Y OBRA DE AMALIA DOMINGO SOLER\",\"datePublished\":\"2016-05-11T04:52:57+00:00\",\"dateModified\":\"2018-08-16T14:46:27+00:00\",\"mainEntityOfPage\":{\"@id\":\"https:\\\/\\\/amorpazycaridad.es\\\/vida-y-obra-de-amalia-domingo-soler\\\/\"},\"wordCount\":125,\"commentCount\":0,\"publisher\":{\"@id\":\"https:\\\/\\\/amorpazy-cp515.wordpresstemporal.com\\\/amorpazycaridad.es\\\/#organization\"},\"image\":{\"@id\":\"https:\\\/\\\/amorpazycaridad.es\\\/vida-y-obra-de-amalia-domingo-soler\\\/#primaryimage\"},\"thumbnailUrl\":\"https:\\\/\\\/amorpazy-cp515.wordpresstemporal.com\\\/amorpazycaridad.es\\\/wp-content\\\/uploads\\\/2016\\\/05\\\/maxresdefault.jpg\",\"keywords\":[\"\\\"La Luz del Porvenir\\\"\",\"Allan Kardec\",\"AMALIA DOMINGO SOLER\",\"El criterio espiritista\",\"Fern\u00e1ndez Colavida\",\"Fraternidad Humana de Tarrasa\",\"I Congreso esp\u00edrita mundial\",\"Joaqu\u00edn Hysern\",\"La revelaci\u00f3n\",\"Manuel Aus\u00f3\",\"Miguel Vives y Vives\",\"Padre Germ\u00e1n\",\"Revista de estudios psicol\u00f3gicos\",\"Sociedad Espirita Espa\u00f1ola\",\"Torres Solanot\",\"Vicente Manterola\"],\"articleSection\":[\"Conferencias\"],\"inLanguage\":\"es\",\"potentialAction\":[{\"@type\":\"CommentAction\",\"name\":\"Comment\",\"target\":[\"https:\\\/\\\/amorpazycaridad.es\\\/vida-y-obra-de-amalia-domingo-soler\\\/#respond\"]}]},{\"@type\":\"WebPage\",\"@id\":\"https:\\\/\\\/amorpazycaridad.es\\\/vida-y-obra-de-amalia-domingo-soler\\\/\",\"url\":\"https:\\\/\\\/amorpazycaridad.es\\\/vida-y-obra-de-amalia-domingo-soler\\\/\",\"name\":\"VIDA Y OBRA DE AMALIA DOMINGO SOLER | Amor, paz caridad\",\"isPartOf\":{\"@id\":\"https:\\\/\\\/amorpazy-cp515.wordpresstemporal.com\\\/amorpazycaridad.es\\\/#website\"},\"primaryImageOfPage\":{\"@id\":\"https:\\\/\\\/amorpazycaridad.es\\\/vida-y-obra-de-amalia-domingo-soler\\\/#primaryimage\"},\"image\":{\"@id\":\"https:\\\/\\\/amorpazycaridad.es\\\/vida-y-obra-de-amalia-domingo-soler\\\/#primaryimage\"},\"thumbnailUrl\":\"https:\\\/\\\/amorpazy-cp515.wordpresstemporal.com\\\/amorpazycaridad.es\\\/wp-content\\\/uploads\\\/2016\\\/05\\\/maxresdefault.jpg\",\"datePublished\":\"2016-05-11T04:52:57+00:00\",\"dateModified\":\"2018-08-16T14:46:27+00:00\",\"description\":\"Vida y obra de Amalia Domingo Soler. En esta conferencia muy recomendable, nuestra amiga Pilar nos hace un repaso hist\u00f3rico de la Espa\u00f1a de finales del XIX.\",\"breadcrumb\":{\"@id\":\"https:\\\/\\\/amorpazycaridad.es\\\/vida-y-obra-de-amalia-domingo-soler\\\/#breadcrumb\"},\"inLanguage\":\"es\",\"potentialAction\":[{\"@type\":\"ReadAction\",\"target\":[\"https:\\\/\\\/amorpazycaridad.es\\\/vida-y-obra-de-amalia-domingo-soler\\\/\"]}]},{\"@type\":\"ImageObject\",\"inLanguage\":\"es\",\"@id\":\"https:\\\/\\\/amorpazycaridad.es\\\/vida-y-obra-de-amalia-domingo-soler\\\/#primaryimage\",\"url\":\"https:\\\/\\\/amorpazy-cp515.wordpresstemporal.com\\\/amorpazycaridad.es\\\/wp-content\\\/uploads\\\/2016\\\/05\\\/maxresdefault.jpg\",\"contentUrl\":\"https:\\\/\\\/amorpazy-cp515.wordpresstemporal.com\\\/amorpazycaridad.es\\\/wp-content\\\/uploads\\\/2016\\\/05\\\/maxresdefault.jpg\",\"width\":1752,\"height\":977},{\"@type\":\"BreadcrumbList\",\"@id\":\"https:\\\/\\\/amorpazycaridad.es\\\/vida-y-obra-de-amalia-domingo-soler\\\/#breadcrumb\",\"itemListElement\":[{\"@type\":\"ListItem\",\"position\":1,\"name\":\"Portada\",\"item\":\"https:\\\/\\\/amorpazy-cp515.wordpresstemporal.com\\\/amorpazycaridad.es\\\/\"},{\"@type\":\"ListItem\",\"position\":2,\"name\":\"VIDA Y OBRA DE AMALIA DOMINGO SOLER\"}]},{\"@type\":\"WebSite\",\"@id\":\"https:\\\/\\\/amorpazy-cp515.wordpresstemporal.com\\\/amorpazycaridad.es\\\/#website\",\"url\":\"https:\\\/\\\/amorpazy-cp515.wordpresstemporal.com\\\/amorpazycaridad.es\\\/\",\"name\":\"Amor, paz caridad\",\"description\":\"Conocimiento espiritual, espiritismo, espiritualismo, leyes universales, m\u00e1s all\u00e1, vida despu\u00e9s de la vida,\",\"publisher\":{\"@id\":\"https:\\\/\\\/amorpazy-cp515.wordpresstemporal.com\\\/amorpazycaridad.es\\\/#organization\"},\"potentialAction\":[{\"@type\":\"SearchAction\",\"target\":{\"@type\":\"EntryPoint\",\"urlTemplate\":\"https:\\\/\\\/amorpazy-cp515.wordpresstemporal.com\\\/amorpazycaridad.es\\\/?s={search_term_string}\"},\"query-input\":{\"@type\":\"PropertyValueSpecification\",\"valueRequired\":true,\"valueName\":\"search_term_string\"}}],\"inLanguage\":\"es\"},{\"@type\":\"Organization\",\"@id\":\"https:\\\/\\\/amorpazy-cp515.wordpresstemporal.com\\\/amorpazycaridad.es\\\/#organization\",\"name\":\"Asociaci\u00f3n de Estudios Espirituales Grupo Villena\",\"url\":\"https:\\\/\\\/amorpazy-cp515.wordpresstemporal.com\\\/amorpazycaridad.es\\\/\",\"logo\":{\"@type\":\"ImageObject\",\"inLanguage\":\"es\",\"@id\":\"https:\\\/\\\/amorpazy-cp515.wordpresstemporal.com\\\/amorpazycaridad.es\\\/#\\\/schema\\\/logo\\\/image\\\/\",\"url\":\"https:\\\/\\\/amorpazycaridad.es\\\/wp-content\\\/uploads\\\/2015\\\/01\\\/logo-fav-e1420247830294.jpg\",\"contentUrl\":\"https:\\\/\\\/amorpazycaridad.es\\\/wp-content\\\/uploads\\\/2015\\\/01\\\/logo-fav-e1420247830294.jpg\",\"width\":144,\"height\":144,\"caption\":\"Asociaci\u00f3n de Estudios Espirituales Grupo Villena\"},\"image\":{\"@id\":\"https:\\\/\\\/amorpazy-cp515.wordpresstemporal.com\\\/amorpazycaridad.es\\\/#\\\/schema\\\/logo\\\/image\\\/\"},\"sameAs\":[\"http:\\\/\\\/www.facebook.com\\\/pages\\\/Amor-paz-y-caridad\\\/1594978604096866\",\"https:\\\/\\\/x.com\\\/amorpazycaridad\",\"https:\\\/\\\/es.pinterest.com\\\/amorpazycaridad\\\/\",\"https:\\\/\\\/www.youtube.com\\\/channel\\\/UC1GvDIDCLoL02SzOD7NJdrA\"]},{\"@type\":\"Person\",\"@id\":\"https:\\\/\\\/amorpazy-cp515.wordpresstemporal.com\\\/amorpazycaridad.es\\\/#\\\/schema\\\/person\\\/44cbc218f1b29f65390e7c8a4fd0c28d\",\"name\":\"Redacci\u00f3n\",\"image\":{\"@type\":\"ImageObject\",\"inLanguage\":\"es\",\"@id\":\"https:\\\/\\\/amorpazycaridad.es\\\/wp-content\\\/uploads\\\/2015\\\/01\\\/icono-114-96x96.jpg73ca1ff604f9e7c7607bbbfa84b61c44\",\"url\":\"https:\\\/\\\/amorpazycaridad.es\\\/wp-content\\\/uploads\\\/2015\\\/01\\\/icono-114-96x96.jpg\",\"contentUrl\":\"https:\\\/\\\/amorpazycaridad.es\\\/wp-content\\\/uploads\\\/2015\\\/01\\\/icono-114-96x96.jpg\",\"caption\":\"Redacci\u00f3n\"},\"sameAs\":[\"http:\\\/\\\/www.amorpazycaridad.com\"],\"url\":\"https:\\\/\\\/amorpazy-cp515.wordpresstemporal.com\\\/amorpazycaridad.es\\\/author\\\/redaccion\\\/\"}]}<\/script>\n<!-- \/ Yoast SEO plugin. -->","yoast_head_json":{"title":"VIDA Y OBRA DE AMALIA DOMINGO SOLER | Amor, paz caridad","description":"Vida y obra de Amalia Domingo Soler. En esta conferencia muy recomendable, nuestra amiga Pilar nos hace un repaso hist\u00f3rico de la Espa\u00f1a de finales del XIX.","robots":{"index":"index","follow":"follow","max-snippet":"max-snippet:-1","max-image-preview":"max-image-preview:large","max-video-preview":"max-video-preview:-1"},"canonical":"https:\/\/amorpazycaridad.es\/vida-y-obra-de-amalia-domingo-soler\/","og_locale":"es_ES","og_type":"article","og_title":"VIDA Y OBRA DE AMALIA DOMINGO SOLER | Amor, paz caridad","og_description":"Vida y obra de Amalia Domingo Soler. En esta conferencia muy recomendable, nuestra amiga Pilar nos hace un repaso hist\u00f3rico de la Espa\u00f1a de finales del XIX.","og_url":"https:\/\/amorpazycaridad.es\/vida-y-obra-de-amalia-domingo-soler\/","og_site_name":"Amor, paz caridad","article_publisher":"http:\/\/www.facebook.com\/pages\/Amor-paz-y-caridad\/1594978604096866","article_published_time":"2016-05-11T04:52:57+00:00","article_modified_time":"2018-08-16T14:46:27+00:00","og_image":[{"width":1752,"height":977,"url":"https:\/\/amorpazycaridad.es\/wp-content\/uploads\/2016\/05\/maxresdefault.jpg","type":"image\/jpeg"}],"author":"Redaccion","twitter_card":"summary_large_image","twitter_creator":"@amorpazycaridad","twitter_site":"@amorpazycaridad","twitter_misc":{"Escrito por":"Redacci\u00f3n","Tiempo de lectura":"1 minuto"},"schema":{"@context":"https:\/\/schema.org","@graph":[{"@type":"Article","@id":"https:\/\/amorpazycaridad.es\/vida-y-obra-de-amalia-domingo-soler\/#article","isPartOf":{"@id":"https:\/\/amorpazycaridad.es\/vida-y-obra-de-amalia-domingo-soler\/"},"author":{"name":"Redacci\u00f3n","@id":"https:\/\/amorpazy-cp515.wordpresstemporal.com\/amorpazycaridad.es\/#\/schema\/person\/44cbc218f1b29f65390e7c8a4fd0c28d"},"headline":"VIDA Y OBRA DE AMALIA DOMINGO SOLER","datePublished":"2016-05-11T04:52:57+00:00","dateModified":"2018-08-16T14:46:27+00:00","mainEntityOfPage":{"@id":"https:\/\/amorpazycaridad.es\/vida-y-obra-de-amalia-domingo-soler\/"},"wordCount":125,"commentCount":0,"publisher":{"@id":"https:\/\/amorpazy-cp515.wordpresstemporal.com\/amorpazycaridad.es\/#organization"},"image":{"@id":"https:\/\/amorpazycaridad.es\/vida-y-obra-de-amalia-domingo-soler\/#primaryimage"},"thumbnailUrl":"https:\/\/amorpazy-cp515.wordpresstemporal.com\/amorpazycaridad.es\/wp-content\/uploads\/2016\/05\/maxresdefault.jpg","keywords":["\"La Luz del Porvenir\"","Allan Kardec","AMALIA DOMINGO SOLER","El criterio espiritista","Fern\u00e1ndez Colavida","Fraternidad Humana de Tarrasa","I Congreso esp\u00edrita mundial","Joaqu\u00edn Hysern","La revelaci\u00f3n","Manuel Aus\u00f3","Miguel Vives y Vives","Padre Germ\u00e1n","Revista de estudios psicol\u00f3gicos","Sociedad Espirita Espa\u00f1ola","Torres Solanot","Vicente Manterola"],"articleSection":["Conferencias"],"inLanguage":"es","potentialAction":[{"@type":"CommentAction","name":"Comment","target":["https:\/\/amorpazycaridad.es\/vida-y-obra-de-amalia-domingo-soler\/#respond"]}]},{"@type":"WebPage","@id":"https:\/\/amorpazycaridad.es\/vida-y-obra-de-amalia-domingo-soler\/","url":"https:\/\/amorpazycaridad.es\/vida-y-obra-de-amalia-domingo-soler\/","name":"VIDA Y OBRA DE AMALIA DOMINGO SOLER | Amor, paz caridad","isPartOf":{"@id":"https:\/\/amorpazy-cp515.wordpresstemporal.com\/amorpazycaridad.es\/#website"},"primaryImageOfPage":{"@id":"https:\/\/amorpazycaridad.es\/vida-y-obra-de-amalia-domingo-soler\/#primaryimage"},"image":{"@id":"https:\/\/amorpazycaridad.es\/vida-y-obra-de-amalia-domingo-soler\/#primaryimage"},"thumbnailUrl":"https:\/\/amorpazy-cp515.wordpresstemporal.com\/amorpazycaridad.es\/wp-content\/uploads\/2016\/05\/maxresdefault.jpg","datePublished":"2016-05-11T04:52:57+00:00","dateModified":"2018-08-16T14:46:27+00:00","description":"Vida y obra de Amalia Domingo Soler. En esta conferencia muy recomendable, nuestra amiga Pilar nos hace un repaso hist\u00f3rico de la Espa\u00f1a de finales del XIX.","breadcrumb":{"@id":"https:\/\/amorpazycaridad.es\/vida-y-obra-de-amalia-domingo-soler\/#breadcrumb"},"inLanguage":"es","potentialAction":[{"@type":"ReadAction","target":["https:\/\/amorpazycaridad.es\/vida-y-obra-de-amalia-domingo-soler\/"]}]},{"@type":"ImageObject","inLanguage":"es","@id":"https:\/\/amorpazycaridad.es\/vida-y-obra-de-amalia-domingo-soler\/#primaryimage","url":"https:\/\/amorpazy-cp515.wordpresstemporal.com\/amorpazycaridad.es\/wp-content\/uploads\/2016\/05\/maxresdefault.jpg","contentUrl":"https:\/\/amorpazy-cp515.wordpresstemporal.com\/amorpazycaridad.es\/wp-content\/uploads\/2016\/05\/maxresdefault.jpg","width":1752,"height":977},{"@type":"BreadcrumbList","@id":"https:\/\/amorpazycaridad.es\/vida-y-obra-de-amalia-domingo-soler\/#breadcrumb","itemListElement":[{"@type":"ListItem","position":1,"name":"Portada","item":"https:\/\/amorpazy-cp515.wordpresstemporal.com\/amorpazycaridad.es\/"},{"@type":"ListItem","position":2,"name":"VIDA Y OBRA DE AMALIA DOMINGO SOLER"}]},{"@type":"WebSite","@id":"https:\/\/amorpazy-cp515.wordpresstemporal.com\/amorpazycaridad.es\/#website","url":"https:\/\/amorpazy-cp515.wordpresstemporal.com\/amorpazycaridad.es\/","name":"Amor, paz caridad","description":"Conocimiento espiritual, espiritismo, espiritualismo, leyes universales, m\u00e1s all\u00e1, vida despu\u00e9s de la vida,","publisher":{"@id":"https:\/\/amorpazy-cp515.wordpresstemporal.com\/amorpazycaridad.es\/#organization"},"potentialAction":[{"@type":"SearchAction","target":{"@type":"EntryPoint","urlTemplate":"https:\/\/amorpazy-cp515.wordpresstemporal.com\/amorpazycaridad.es\/?s={search_term_string}"},"query-input":{"@type":"PropertyValueSpecification","valueRequired":true,"valueName":"search_term_string"}}],"inLanguage":"es"},{"@type":"Organization","@id":"https:\/\/amorpazy-cp515.wordpresstemporal.com\/amorpazycaridad.es\/#organization","name":"Asociaci\u00f3n de Estudios Espirituales Grupo Villena","url":"https:\/\/amorpazy-cp515.wordpresstemporal.com\/amorpazycaridad.es\/","logo":{"@type":"ImageObject","inLanguage":"es","@id":"https:\/\/amorpazy-cp515.wordpresstemporal.com\/amorpazycaridad.es\/#\/schema\/logo\/image\/","url":"https:\/\/amorpazycaridad.es\/wp-content\/uploads\/2015\/01\/logo-fav-e1420247830294.jpg","contentUrl":"https:\/\/amorpazycaridad.es\/wp-content\/uploads\/2015\/01\/logo-fav-e1420247830294.jpg","width":144,"height":144,"caption":"Asociaci\u00f3n de Estudios Espirituales Grupo Villena"},"image":{"@id":"https:\/\/amorpazy-cp515.wordpresstemporal.com\/amorpazycaridad.es\/#\/schema\/logo\/image\/"},"sameAs":["http:\/\/www.facebook.com\/pages\/Amor-paz-y-caridad\/1594978604096866","https:\/\/x.com\/amorpazycaridad","https:\/\/es.pinterest.com\/amorpazycaridad\/","https:\/\/www.youtube.com\/channel\/UC1GvDIDCLoL02SzOD7NJdrA"]},{"@type":"Person","@id":"https:\/\/amorpazy-cp515.wordpresstemporal.com\/amorpazycaridad.es\/#\/schema\/person\/44cbc218f1b29f65390e7c8a4fd0c28d","name":"Redacci\u00f3n","image":{"@type":"ImageObject","inLanguage":"es","@id":"https:\/\/amorpazycaridad.es\/wp-content\/uploads\/2015\/01\/icono-114-96x96.jpg73ca1ff604f9e7c7607bbbfa84b61c44","url":"https:\/\/amorpazycaridad.es\/wp-content\/uploads\/2015\/01\/icono-114-96x96.jpg","contentUrl":"https:\/\/amorpazycaridad.es\/wp-content\/uploads\/2015\/01\/icono-114-96x96.jpg","caption":"Redacci\u00f3n"},"sameAs":["http:\/\/www.amorpazycaridad.com"],"url":"https:\/\/amorpazy-cp515.wordpresstemporal.com\/amorpazycaridad.es\/author\/redaccion\/"}]}},"authors":[{"term_id":396,"user_id":0,"is_guest":1,"slug":"cap-redaccion","display_name":"Redaccion","avatar_url":"https:\/\/secure.gravatar.com\/avatar\/?s=96&d=mm&r=g","0":null,"1":"","2":"","3":"","4":"","5":"","6":"","7":"","8":""}],"_links":{"self":[{"href":"https:\/\/amorpazy-cp515.wordpresstemporal.com\/amorpazycaridad.es\/wp-json\/wp\/v2\/posts\/5616","targetHints":{"allow":["GET"]}}],"collection":[{"href":"https:\/\/amorpazy-cp515.wordpresstemporal.com\/amorpazycaridad.es\/wp-json\/wp\/v2\/posts"}],"about":[{"href":"https:\/\/amorpazy-cp515.wordpresstemporal.com\/amorpazycaridad.es\/wp-json\/wp\/v2\/types\/post"}],"author":[{"embeddable":true,"href":"https:\/\/amorpazy-cp515.wordpresstemporal.com\/amorpazycaridad.es\/wp-json\/wp\/v2\/users\/2"}],"replies":[{"embeddable":true,"href":"https:\/\/amorpazy-cp515.wordpresstemporal.com\/amorpazycaridad.es\/wp-json\/wp\/v2\/comments?post=5616"}],"version-history":[{"count":6,"href":"https:\/\/amorpazy-cp515.wordpresstemporal.com\/amorpazycaridad.es\/wp-json\/wp\/v2\/posts\/5616\/revisions"}],"predecessor-version":[{"id":10268,"href":"https:\/\/amorpazy-cp515.wordpresstemporal.com\/amorpazycaridad.es\/wp-json\/wp\/v2\/posts\/5616\/revisions\/10268"}],"wp:featuredmedia":[{"embeddable":true,"href":"https:\/\/amorpazy-cp515.wordpresstemporal.com\/amorpazycaridad.es\/wp-json\/wp\/v2\/media\/10269"}],"wp:attachment":[{"href":"https:\/\/amorpazy-cp515.wordpresstemporal.com\/amorpazycaridad.es\/wp-json\/wp\/v2\/media?parent=5616"}],"wp:term":[{"taxonomy":"category","embeddable":true,"href":"https:\/\/amorpazy-cp515.wordpresstemporal.com\/amorpazycaridad.es\/wp-json\/wp\/v2\/categories?post=5616"},{"taxonomy":"post_tag","embeddable":true,"href":"https:\/\/amorpazy-cp515.wordpresstemporal.com\/amorpazycaridad.es\/wp-json\/wp\/v2\/tags?post=5616"},{"taxonomy":"author","embeddable":true,"href":"https:\/\/amorpazy-cp515.wordpresstemporal.com\/amorpazycaridad.es\/wp-json\/wp\/v2\/ppma_author?post=5616"}],"curies":[{"name":"wp","href":"https:\/\/api.w.org\/{rel}","templated":true}]}}