{"id":526,"date":"2010-09-07T15:00:00","date_gmt":"2010-09-07T13:00:00","guid":{"rendered":"https:\/\/amorpazycaridad.es\/uncategorized\/recordando-el-pasado-24\/"},"modified":"2019-12-02T07:04:17","modified_gmt":"2019-12-02T06:04:17","slug":"la-federacion-espirita-espanola","status":"publish","type":"post","link":"https:\/\/amorpazy-cp515.wordpresstemporal.com\/amorpazycaridad.es\/la-federacion-espirita-espanola\/","title":{"rendered":"LA FEDERACI\u00d3N ESP\u00cdRITA ESPA\u00d1OLA"},"content":{"rendered":"<div><\/div>\n<h4 style=\"text-align: center;\">\u00a0<b>LA FEDERACI\u00d3N ESPIRITA ESPA\u00d1OLA<\/b><\/h4>\n<div><\/div>\n<p style=\"text-align: justify;\">En esta ocasi\u00f3n vamos a extractar un art\u00edculo de LUMEN, revista. cient\u00edfico-filos\u00f3fica de Estudios Psicol\u00f3gicos, editada en Tarrasa, a\u00f1o 1.914 en su tomo XIX. Revista donde se publicaban escritos de personajes de la talla de: Adam, Angel Aguarod, Armentera, Ballesteros, Leon Den\u00eds, Victor Hugo, Quint\u00edn L\u00f3pez, Amado Nervo, Tello de Meneses, etc., s\u00f3lo por citar algunos de los muchos que colaboraron.<\/p>\n<p style=\"text-align: justify;\">Destacamos en este art\u00edculo la referencia que se hace a muchos grupos que a pesar de no tener un nombre que haga menci\u00f3n directa al Espiritismo, pertenec\u00edan a la Federaci\u00f3n Espiritista Espa\u00f1ola. Concretamente el CENTRO DE ESTUDIOS PSICOLOGICOS de Sabadell era considerado como uno de los pocos que, por m\u00e9ritos propios, se encontraba a la cabeza del Espiritismo espa\u00f1ol.<\/p>\n<p style=\"text-align: justify;\">Se\u00f1alamos, asimismo, la anterior circunstancia como un hecho caracter\u00edstico que a todos los espiritistas espa\u00f1oles nos debe de ayudar a recapacitar, y reconsiderar que el aspecto o apariencia exterior nunca ha de constituir un obst\u00e1culo que nos impida conjuntarnos definitivamente unos grupos con otros y recabar esa unificaci\u00f3n esp\u00edrita en nuestro pa\u00eds, tan necesaria para una correcta organizaci\u00f3n, la cual pueda redundar en beneficio propio y nos ayude a ofrecer un mayor ejemplo a nivel social.<\/p>\n<p style=\"text-align: justify;\">De igual forma, se refleja en este extracto de Junio de 1.914 de la citada revista, el positivo desenvolvimiento y labor realizada por diferentes grupos esp\u00edritas de nuestro pa\u00eds y por la misma Federaci\u00f3n Espiritista Espa\u00f1ola. Labor que se caracterizaba por la movilidad y trabajo constantes, enmarcados siempre bajo un clima de convivencia fraternal que englobaba todas sus actuaciones.<\/p>\n<p style=\"text-align: justify;\">La <strong>Federaci\u00f3n Esp\u00edrita Espa\u00f1ola<\/strong> convoca a todos sus inscritos a la Asamblea general ordinaria que se celebrar\u00e1 en el \u00abCentro Barcelon\u00e9s de Estudios Psicol\u00f3gicos\u00bb, de la vecina capital, durante los d\u00edas 28 y 29 de este mes.<\/p>\n<p style=\"text-align: justify;\">La orden del d\u00eda de dicha Asamblea, consta de los puntos siguientes: 1\u00ba Memoria del Consejo Directivo. 2\u00ba Estado de cuentas de la Federaci\u00f3n. 3\u00ba Necesidad de apoyar la idea de D. Bartolom\u00e9 Bohorques, respecto a la publicaci\u00f3n de las obras del vate espiritista Salvador Sell\u00e9s, en honor y provecho del mismo autor. 4\u00ba Necesidad de apoyar, por todos los medios posibles, el proyecto de D. Jos\u00e9 Mart\u00edn Rull, de publicar un diario espiritista. 5\u00ba Elecci\u00f3n del Consejo Directivo para el pr\u00f3ximo ejercicio; y 6\u00ba Asuntos generales.<\/p>\n<p style=\"text-align: justify;\">Con motivo de la antedicha Asamblea, se han dispuesto los obsequios que siguen : D\u00eda 29, a las 9, recepci\u00f3n de los Asamble\u00edstas en el Sal\u00f3n de Actos del \u00abCentro Barcelon\u00e9s\u00bb, donde ser\u00e1n obsequiados con un lunch; 21.30, velada literaria musical, en un local amplio y a prop\u00f3sito. D\u00eda 29, a las 6, excursi\u00f3n al Puerto de Barcelona y a la monta\u00f1a del Tibidabo; a las 13.30, banquete de despedida. El \u00f3rgano de la Federaci\u00f3n dice que tiene noticia de muchos federados que se proponen asistir a la Asamblea. Que as\u00ed sea, y que los acuerdos que \u00e9sta tome sean \u00f3ptimos.<\/p>\n<p style=\"text-align: justify;\">-En Barcelona, Valencia y otras muchas localidades, se ha conmemorado con solemnidades literarias el V aniversario de la desencarnaci\u00f3n de Amalia Domingo Soler.<\/p>\n<p style=\"text-align: justify;\">-Seg\u00fan se anunci\u00f3, el 18 del pasado mes dio nuestro Director una conferencia en el \u00abCentro Barcelon\u00e9s de Estudios Psicol\u00f3gicos.\u00bb<\/p>\n<p style=\"text-align: justify;\">Esta misma entidad celebr\u00f3, el d\u00eda 7 de los corrientes, una extraordinaria fiesta literaria y musical pro propaganda esp\u00edrita, que result\u00f3 un \u00e9xito.<\/p>\n<p style=\"text-align: justify;\">-En el centro \u00abFraternidad Humana\u00bb, de esta ciudad, se dio el d\u00eda \u00faltimo del pasado mes, a las 12, la acostumbrada comida anual a los pobres, y a las 21, una solemne velada literaria y musical, a la que contribuyeron a dar realce los Sres. Pascual, Chac\u00f3n y Le\u00f3n, de Barcelona, y la \u00abEscuela Orfe\u00f3nica\u00bb del mentado Centro.<\/p>\n<p style=\"text-align: justify;\">-La actividad y deseo de aprender del \u00abCentro de Estudios Psicol\u00f3gicos\u00bb, de Sabadell, los revelan los siguientes actos: El d\u00eda 10 del pasado Mayo, llen\u00f3 su espacioso sal\u00f3n para o\u00edr la erudita conferencia de nuestro amigo y compa\u00f1ero D. Fabi\u00e1n Palas\u00ed, quien disert\u00f3 sobre el tema \u00abEl mito solar y simbolismo astral de las religiones\u00bb; el d\u00eda 21 del propio mes, la juventud celebr\u00f3 una fiesta literaria, que result\u00f3 agradabil\u00edsima en extremo, tanto -por el n\u00famero de los que en ella tomaron parte, cuanto por el acierto que tuvieron en la elecci\u00f3n y exposici\u00f3n de temas, y por el gusto con que adornaron el sal\u00f3n; el d\u00eda 11 del que cursa, el veterano espiritista D. F\u00e9lix Burgu\u00f1\u00f3, les adoctrin\u00f3 acerca de lo que debe de ser \u00abnuestra actuaci\u00f3n\u00bb; y ayer, en fin, fueron en gira campestre al pintoresco lugar \u00abTaula redona\u00bb.<\/p>\n<p style=\"text-align: justify;\">Hay que confesar que el \u00abCentro de Estudios Psicol\u00f3gicos\u00bb de Sabadell, es, hoy por hoy, de los pocos que merecidamente figuran a la vanguardia de las huestes espiritistas espa\u00f1olas.<\/p>\n<p style=\"text-align: justify;\">-Nos comunica nuestro querido amigo D. Angel Aguarod, que aprovecha el tiempo de su eventual estancia en Ayerbe (Huesca), para hacer entre sus paisanos una copiosa siembra de buenas ideas.<\/p>\n<p style=\"text-align: justify;\">-El \u00abGrupo de Estudios Psicol\u00f3gicos\u00bb de R\u00edo Tinto, celebr\u00f3 con una velada su segundo aniversario. En dicho acto se renovaron los sanos prop\u00f3sitos de la entidad, que consisten en no transigir con rutinarismos e ir en busca de la verdad ecl\u00e9ctica y sincr\u00e9ticamente.<\/p>\n<p>LA FEDERACION ESP\u00cdRITA ESPA\u00d1OLA<\/p>\n<p style=\"text-align: justify;\">Celebr\u00f3 esta entidad su anunciada primera Asamblea general ordinaria, durante los d\u00edas 28 <i>y <\/i>29 del pasado Junio, en el \u00abCentro Barcelon\u00e9s de Estudios Psicol\u00f3gicos\u00bb.<\/p>\n<p style=\"text-align: justify;\">Concurrieron a ella Delegados de los Centros federados: \u00abBarcelon\u00e9s de Estudios Psicol\u00f3gicos\u00bb y \u00abAmor y Vida\u00bb, de Barcelona; liLa Buena Nueva\u00bb, de Gracia; \u00abEstudios Psicol\u00f3gicos\u00bb, de Sabadell; \u00ab<a href=\"http:\/\/miguelvives.blogspot.com\/\">Fraternidad Humana<\/a>\u00ab, de Tarrasa; \u00abEl Altruismo\u00bb, de Badalona; \u00abAmor\u00bb, de Gerona; y \u00abLuz y Caridad\u00bb, de Cartagena; y se hicieron representar los federados libres de Alpera, y los Centros de \u00abEstudios Psicol\u00f3gicos\u00bb, de Zaragoza y de Almansa; \u00abLa Paz\u00bb, de Alcoy; \u00abEspiritista\u00bb, de Palam\u00f3s; \u00abLuz Espiritual\u00bb, de Sevilla; \u00abPaz y Amor\u00bb, de Yecla; \u00abAmor y Vida\u00bb, de Santander, y \u00abCaridad y Progreso\u00bb, de Ayamonte. Tambi\u00e9n se hallaban presentes dos federados libres, de Barcelona, y los directores de los peri\u00f3dicos adscritos Luz, Uni\u00f3n y Verdad; La Luz del Porvenir y X&#8230;, de Barcelona, y Nueva Era, de Sabadell. En total, unos treinta entre delegados y representantes.<\/p>\n<p style=\"text-align: justify;\">El primer acuerdo tomado por los asamble\u00edstas, fue el de dirigir un telegrama al Gobierno, pidiendo la terminaci\u00f3n de la campa\u00f1a de Marruecos. Seguidamente se constituy\u00f3 la Mesa, presidida por D. E. Estap\u00e1 y actuando de Secretarios los Sres. Bur\u00e9s y Montalb\u00e1n.<\/p>\n<p style=\"text-align: justify;\">Fueron aprobados, la Memoria del Consejo Directivo (primer tema de la orden del d\u00eda) y el Estado de cuentas de la Federaci\u00f3n (segundo tema).<\/p>\n<p style=\"text-align: justify;\">Al tema tercero, \u00abnecesidad de apoyar, por todos los medios posibles, la idea de D. Bartolom\u00e9 Bohorques, respecto a la publicaci\u00f3n de las obras del vate espiritista Salvador Sell\u00e9s, en honor y provecho del mismo autor\u00bb, se le a\u00f1adieron las palabras subrayadas, y qued\u00f3 aprobado. Adem\u00e1s, se adicion\u00f3 al mismo tema el acuerdo siguiente: \u00abNecesidad de apoyar, tambi\u00e9n por todos los medios posibles, la publicaci\u00f3n de una edici\u00f3n econ\u00f3mica de la obra Doctrina Espiritista, de D. Quint\u00edn L\u00f3pez, para que pueda f\u00e1cilmente ser adquirida por todos los federados\u00bb.<\/p>\n<p style=\"text-align: justify;\">El tema cuarto, necesidad de apoyar, por todos los medios posibles, el proyecto de D. Jos\u00e9 Mart\u00edn Rull, de publicar un Diario espiritista\u00bb, qued\u00f3 aprobado.<\/p>\n<p style=\"text-align: justify;\">El Consejo Directivo para el pr\u00f3ximo ejercicio (tema 5\u00ba), qued\u00f3 compuesto con los se\u00f1ores siguientes: Presidente, D. Eduardo Pascual; Vicepresidente, D. Julio Le\u00f3n; Tesorero, D. Balbino Montalb\u00e1n; Contador, D. Eduardo Estap\u00e1; y Vocale s , D. Juan Torras, D. Domingo Armengol y D. Salvador Recasens . Redactor Jefe de Nueva Era, D. Fabi\u00e1n Palas\u00ed.<\/p>\n<p style=\"text-align: justify;\">En asuntos generales (tema 6\u00ba), no recay\u00f3 acuerdo ninguno.<\/p>\n<div style=\"text-align: center;\">* * *<\/div>\n<div><\/div>\n<div style=\"text-align: right;\">La Federaci\u00f3n Esp\u00edrita Espa\u00f1ola por: Redacci\u00f3n<\/div>\n<div><\/div>\n<div><\/div>\n<div>Otros art\u00edculos de <a href=\"https:\/\/amorpazycaridad.es\/category\/recordando-el-pasado\/\"><strong>Recordando el pasado<\/strong><\/a><\/div>\n<div><\/div>\n","protected":false},"excerpt":{"rendered":"<p>\u00a0LA FEDERACI\u00d3N ESPIRITA ESPA\u00d1OLA En esta ocasi\u00f3n vamos a extractar un art\u00edculo de LUMEN, revista. cient\u00edfico-filos\u00f3fica de Estudios Psicol\u00f3gicos, editada en Tarrasa, a\u00f1o 1.914 en su tomo XIX. Revista donde se publicaban escritos de personajes de la talla de: Adam, Angel Aguarod, Armentera, Ballesteros, Leon Den\u00eds, Victor Hugo, Quint\u00edn L\u00f3pez, Amado Nervo, Tello de Meneses, [&hellip;]<\/p>\n","protected":false},"author":2,"featured_media":13124,"comment_status":"open","ping_status":"open","sticky":false,"template":"","format":"standard","meta":{"tdm_status":"","tdm_grid_status":"","footnotes":""},"categories":[47],"tags":[5017,5021,5018,5019,5025,5020,5028,5026,5023,5030,5027,5024,229,2042,5029,5022,315],"ppma_author":[396],"class_list":{"0":"post-526","1":"post","2":"type-post","3":"status-publish","4":"format-standard","5":"has-post-thumbnail","7":"category-recordando-el-pasado","8":"tag-adam","9":"tag-amado-nervo","10":"tag-angel-aguarod","11":"tag-armentera","12":"tag-balbino-montalban","13":"tag-ballesteros","14":"tag-domingo-armengol","15":"tag-eduardo-estapa","16":"tag-eduardo-pascual","17":"tag-fabian-palasi","18":"tag-juan-torras","19":"tag-julio-leon","20":"tag-leon-denis-2","21":"tag-quintin-lopez","22":"tag-salvador-recasens","23":"tag-tello-de-meneses","24":"tag-victor-hugo"},"yoast_head":"<!-- This site is optimized with the Yoast SEO plugin v27.7 - https:\/\/yoast.com\/product\/yoast-seo-wordpress\/ -->\n<title>LA FEDERACI\u00d3N ESP\u00cdRITA ESPA\u00d1OLA | AMOR, PAZ Y CARIDAD |<\/title>\n<meta name=\"description\" content=\"La Federaci\u00f3n Esp\u00edrita Espa\u00f1ola. En esta ocasi\u00f3n vamos a extractar un art\u00edculo de LUMEN, revista. cient\u00edfico-filos\u00f3fica de Estudios Psicol\u00f3gicos, de Tarrasa\" \/>\n<meta name=\"robots\" content=\"index, follow, max-snippet:-1, max-image-preview:large, max-video-preview:-1\" \/>\n<link rel=\"canonical\" href=\"https:\/\/amorpazycaridad.es\/la-federacion-espirita-espanola\/\" \/>\n<meta property=\"og:locale\" content=\"es_ES\" \/>\n<meta property=\"og:type\" content=\"article\" \/>\n<meta property=\"og:title\" content=\"LA FEDERACI\u00d3N ESP\u00cdRITA ESPA\u00d1OLA | AMOR, PAZ Y CARIDAD |\" \/>\n<meta property=\"og:description\" content=\"La Federaci\u00f3n Esp\u00edrita Espa\u00f1ola. En esta ocasi\u00f3n vamos a extractar un art\u00edculo de LUMEN, revista. cient\u00edfico-filos\u00f3fica de Estudios Psicol\u00f3gicos, de Tarrasa\" \/>\n<meta property=\"og:url\" content=\"https:\/\/amorpazycaridad.es\/la-federacion-espirita-espanola\/\" \/>\n<meta property=\"og:site_name\" content=\"Amor, paz caridad\" \/>\n<meta property=\"article:publisher\" content=\"http:\/\/www.facebook.com\/pages\/Amor-paz-y-caridad\/1594978604096866\" \/>\n<meta property=\"article:published_time\" content=\"2010-09-07T13:00:00+00:00\" \/>\n<meta property=\"article:modified_time\" content=\"2019-12-02T06:04:17+00:00\" \/>\n<meta property=\"og:image\" content=\"https:\/\/amorpazycaridad.es\/wp-content\/uploads\/2010\/09\/CES.jpg\" \/>\n\t<meta property=\"og:image:width\" content=\"750\" \/>\n\t<meta property=\"og:image:height\" content=\"470\" \/>\n\t<meta property=\"og:image:type\" content=\"image\/jpeg\" \/>\n<meta name=\"author\" content=\"Redaccion\" \/>\n<meta name=\"twitter:card\" content=\"summary_large_image\" \/>\n<meta name=\"twitter:creator\" content=\"@amorpazycaridad\" \/>\n<meta name=\"twitter:site\" content=\"@amorpazycaridad\" \/>\n<meta name=\"twitter:label1\" content=\"Escrito por\" \/>\n\t<meta name=\"twitter:data1\" content=\"Redacci\u00f3n\" \/>\n\t<meta name=\"twitter:label2\" content=\"Tiempo de lectura\" \/>\n\t<meta name=\"twitter:data2\" content=\"7 minutos\" \/>\n<script type=\"application\/ld+json\" class=\"yoast-schema-graph\">{\"@context\":\"https:\\\/\\\/schema.org\",\"@graph\":[{\"@type\":\"Article\",\"@id\":\"https:\\\/\\\/amorpazycaridad.es\\\/la-federacion-espirita-espanola\\\/#article\",\"isPartOf\":{\"@id\":\"https:\\\/\\\/amorpazycaridad.es\\\/la-federacion-espirita-espanola\\\/\"},\"author\":{\"name\":\"Redacci\u00f3n\",\"@id\":\"https:\\\/\\\/amorpazycaridad.es\\\/#\\\/schema\\\/person\\\/44cbc218f1b29f65390e7c8a4fd0c28d\"},\"headline\":\"LA FEDERACI\u00d3N ESP\u00cdRITA ESPA\u00d1OLA\",\"datePublished\":\"2010-09-07T13:00:00+00:00\",\"dateModified\":\"2019-12-02T06:04:17+00:00\",\"mainEntityOfPage\":{\"@id\":\"https:\\\/\\\/amorpazycaridad.es\\\/la-federacion-espirita-espanola\\\/\"},\"wordCount\":1372,\"commentCount\":0,\"publisher\":{\"@id\":\"https:\\\/\\\/amorpazycaridad.es\\\/#organization\"},\"image\":{\"@id\":\"https:\\\/\\\/amorpazycaridad.es\\\/la-federacion-espirita-espanola\\\/#primaryimage\"},\"thumbnailUrl\":\"https:\\\/\\\/amorpazy-cp515.wordpresstemporal.com\\\/amorpazycaridad.es\\\/wp-content\\\/uploads\\\/2010\\\/09\\\/CES.jpg\",\"keywords\":[\"Adam\",\"Amado Nervo\",\"Angel Aguarod\",\"Armentera\",\"Balbino Montalb\u00e1n\",\"Ballesteros\",\"Domingo Armengol\",\"Eduardo Estap\u00e1\",\"Eduardo Pascual\",\"Fabi\u00e1n Palas\u00ed.\",\"Juan Torras\",\"Julio Le\u00f3n\",\"Le\u00f3n Denis\",\"Quint\u00edn L\u00f3pez\",\"Salvador Recasens\",\"Tello de Meneses\",\"VICTOR HUGO\"],\"articleSection\":[\"Recordando el pasado\"],\"inLanguage\":\"es\",\"potentialAction\":[{\"@type\":\"CommentAction\",\"name\":\"Comment\",\"target\":[\"https:\\\/\\\/amorpazycaridad.es\\\/la-federacion-espirita-espanola\\\/#respond\"]}]},{\"@type\":\"WebPage\",\"@id\":\"https:\\\/\\\/amorpazycaridad.es\\\/la-federacion-espirita-espanola\\\/\",\"url\":\"https:\\\/\\\/amorpazycaridad.es\\\/la-federacion-espirita-espanola\\\/\",\"name\":\"LA FEDERACI\u00d3N ESP\u00cdRITA ESPA\u00d1OLA | AMOR, PAZ Y CARIDAD |\",\"isPartOf\":{\"@id\":\"https:\\\/\\\/amorpazycaridad.es\\\/#website\"},\"primaryImageOfPage\":{\"@id\":\"https:\\\/\\\/amorpazycaridad.es\\\/la-federacion-espirita-espanola\\\/#primaryimage\"},\"image\":{\"@id\":\"https:\\\/\\\/amorpazycaridad.es\\\/la-federacion-espirita-espanola\\\/#primaryimage\"},\"thumbnailUrl\":\"https:\\\/\\\/amorpazy-cp515.wordpresstemporal.com\\\/amorpazycaridad.es\\\/wp-content\\\/uploads\\\/2010\\\/09\\\/CES.jpg\",\"datePublished\":\"2010-09-07T13:00:00+00:00\",\"dateModified\":\"2019-12-02T06:04:17+00:00\",\"description\":\"La Federaci\u00f3n Esp\u00edrita Espa\u00f1ola. En esta ocasi\u00f3n vamos a extractar un art\u00edculo de LUMEN, revista. cient\u00edfico-filos\u00f3fica de Estudios Psicol\u00f3gicos, de Tarrasa\",\"breadcrumb\":{\"@id\":\"https:\\\/\\\/amorpazycaridad.es\\\/la-federacion-espirita-espanola\\\/#breadcrumb\"},\"inLanguage\":\"es\",\"potentialAction\":[{\"@type\":\"ReadAction\",\"target\":[\"https:\\\/\\\/amorpazycaridad.es\\\/la-federacion-espirita-espanola\\\/\"]}]},{\"@type\":\"ImageObject\",\"inLanguage\":\"es\",\"@id\":\"https:\\\/\\\/amorpazycaridad.es\\\/la-federacion-espirita-espanola\\\/#primaryimage\",\"url\":\"https:\\\/\\\/amorpazy-cp515.wordpresstemporal.com\\\/amorpazycaridad.es\\\/wp-content\\\/uploads\\\/2010\\\/09\\\/CES.jpg\",\"contentUrl\":\"https:\\\/\\\/amorpazy-cp515.wordpresstemporal.com\\\/amorpazycaridad.es\\\/wp-content\\\/uploads\\\/2010\\\/09\\\/CES.jpg\",\"width\":750,\"height\":470,\"caption\":\"La Federaci\u00f3n Esp\u00edrita Espa\u00f1ola\"},{\"@type\":\"BreadcrumbList\",\"@id\":\"https:\\\/\\\/amorpazycaridad.es\\\/la-federacion-espirita-espanola\\\/#breadcrumb\",\"itemListElement\":[{\"@type\":\"ListItem\",\"position\":1,\"name\":\"Portada\",\"item\":\"https:\\\/\\\/amorpazycaridad.es\\\/\"},{\"@type\":\"ListItem\",\"position\":2,\"name\":\"LA FEDERACI\u00d3N ESP\u00cdRITA ESPA\u00d1OLA\"}]},{\"@type\":\"WebSite\",\"@id\":\"https:\\\/\\\/amorpazycaridad.es\\\/#website\",\"url\":\"https:\\\/\\\/amorpazycaridad.es\\\/\",\"name\":\"Amor, paz caridad\",\"description\":\"Conocimiento espiritual, espiritismo, espiritualismo, leyes universales, m\u00e1s all\u00e1, vida despu\u00e9s de la vida,\",\"publisher\":{\"@id\":\"https:\\\/\\\/amorpazycaridad.es\\\/#organization\"},\"potentialAction\":[{\"@type\":\"SearchAction\",\"target\":{\"@type\":\"EntryPoint\",\"urlTemplate\":\"https:\\\/\\\/amorpazycaridad.es\\\/?s={search_term_string}\"},\"query-input\":{\"@type\":\"PropertyValueSpecification\",\"valueRequired\":true,\"valueName\":\"search_term_string\"}}],\"inLanguage\":\"es\"},{\"@type\":\"Organization\",\"@id\":\"https:\\\/\\\/amorpazycaridad.es\\\/#organization\",\"name\":\"Asociaci\u00f3n de Estudios Espirituales Grupo Villena\",\"url\":\"https:\\\/\\\/amorpazycaridad.es\\\/\",\"logo\":{\"@type\":\"ImageObject\",\"inLanguage\":\"es\",\"@id\":\"https:\\\/\\\/amorpazycaridad.es\\\/#\\\/schema\\\/logo\\\/image\\\/\",\"url\":\"https:\\\/\\\/amorpazycaridad.es\\\/wp-content\\\/uploads\\\/2015\\\/01\\\/logo-fav-e1420247830294.jpg\",\"contentUrl\":\"https:\\\/\\\/amorpazycaridad.es\\\/wp-content\\\/uploads\\\/2015\\\/01\\\/logo-fav-e1420247830294.jpg\",\"width\":144,\"height\":144,\"caption\":\"Asociaci\u00f3n de Estudios Espirituales Grupo Villena\"},\"image\":{\"@id\":\"https:\\\/\\\/amorpazycaridad.es\\\/#\\\/schema\\\/logo\\\/image\\\/\"},\"sameAs\":[\"http:\\\/\\\/www.facebook.com\\\/pages\\\/Amor-paz-y-caridad\\\/1594978604096866\",\"https:\\\/\\\/x.com\\\/amorpazycaridad\",\"https:\\\/\\\/es.pinterest.com\\\/amorpazycaridad\\\/\",\"https:\\\/\\\/www.youtube.com\\\/channel\\\/UC1GvDIDCLoL02SzOD7NJdrA\"]},{\"@type\":\"Person\",\"@id\":\"https:\\\/\\\/amorpazycaridad.es\\\/#\\\/schema\\\/person\\\/44cbc218f1b29f65390e7c8a4fd0c28d\",\"name\":\"Redacci\u00f3n\",\"image\":{\"@type\":\"ImageObject\",\"inLanguage\":\"es\",\"@id\":\"https:\\\/\\\/amorpazycaridad.es\\\/wp-content\\\/uploads\\\/2015\\\/01\\\/icono-114-96x96.jpg73ca1ff604f9e7c7607bbbfa84b61c44\",\"url\":\"https:\\\/\\\/amorpazycaridad.es\\\/wp-content\\\/uploads\\\/2015\\\/01\\\/icono-114-96x96.jpg\",\"contentUrl\":\"https:\\\/\\\/amorpazycaridad.es\\\/wp-content\\\/uploads\\\/2015\\\/01\\\/icono-114-96x96.jpg\",\"caption\":\"Redacci\u00f3n\"},\"sameAs\":[\"http:\\\/\\\/www.amorpazycaridad.com\"],\"url\":\"https:\\\/\\\/amorpazy-cp515.wordpresstemporal.com\\\/amorpazycaridad.es\\\/author\\\/redaccion\\\/\"}]}<\/script>\n<!-- \/ Yoast SEO plugin. -->","yoast_head_json":{"title":"LA FEDERACI\u00d3N ESP\u00cdRITA ESPA\u00d1OLA | AMOR, PAZ Y CARIDAD |","description":"La Federaci\u00f3n Esp\u00edrita Espa\u00f1ola. En esta ocasi\u00f3n vamos a extractar un art\u00edculo de LUMEN, revista. cient\u00edfico-filos\u00f3fica de Estudios Psicol\u00f3gicos, de Tarrasa","robots":{"index":"index","follow":"follow","max-snippet":"max-snippet:-1","max-image-preview":"max-image-preview:large","max-video-preview":"max-video-preview:-1"},"canonical":"https:\/\/amorpazycaridad.es\/la-federacion-espirita-espanola\/","og_locale":"es_ES","og_type":"article","og_title":"LA FEDERACI\u00d3N ESP\u00cdRITA ESPA\u00d1OLA | AMOR, PAZ Y CARIDAD |","og_description":"La Federaci\u00f3n Esp\u00edrita Espa\u00f1ola. En esta ocasi\u00f3n vamos a extractar un art\u00edculo de LUMEN, revista. cient\u00edfico-filos\u00f3fica de Estudios Psicol\u00f3gicos, de Tarrasa","og_url":"https:\/\/amorpazycaridad.es\/la-federacion-espirita-espanola\/","og_site_name":"Amor, paz caridad","article_publisher":"http:\/\/www.facebook.com\/pages\/Amor-paz-y-caridad\/1594978604096866","article_published_time":"2010-09-07T13:00:00+00:00","article_modified_time":"2019-12-02T06:04:17+00:00","og_image":[{"width":750,"height":470,"url":"https:\/\/amorpazycaridad.es\/wp-content\/uploads\/2010\/09\/CES.jpg","type":"image\/jpeg"}],"author":"Redaccion","twitter_card":"summary_large_image","twitter_creator":"@amorpazycaridad","twitter_site":"@amorpazycaridad","twitter_misc":{"Escrito por":"Redacci\u00f3n","Tiempo de lectura":"7 minutos"},"schema":{"@context":"https:\/\/schema.org","@graph":[{"@type":"Article","@id":"https:\/\/amorpazycaridad.es\/la-federacion-espirita-espanola\/#article","isPartOf":{"@id":"https:\/\/amorpazycaridad.es\/la-federacion-espirita-espanola\/"},"author":{"name":"Redacci\u00f3n","@id":"https:\/\/amorpazycaridad.es\/#\/schema\/person\/44cbc218f1b29f65390e7c8a4fd0c28d"},"headline":"LA FEDERACI\u00d3N ESP\u00cdRITA ESPA\u00d1OLA","datePublished":"2010-09-07T13:00:00+00:00","dateModified":"2019-12-02T06:04:17+00:00","mainEntityOfPage":{"@id":"https:\/\/amorpazycaridad.es\/la-federacion-espirita-espanola\/"},"wordCount":1372,"commentCount":0,"publisher":{"@id":"https:\/\/amorpazycaridad.es\/#organization"},"image":{"@id":"https:\/\/amorpazycaridad.es\/la-federacion-espirita-espanola\/#primaryimage"},"thumbnailUrl":"https:\/\/amorpazy-cp515.wordpresstemporal.com\/amorpazycaridad.es\/wp-content\/uploads\/2010\/09\/CES.jpg","keywords":["Adam","Amado Nervo","Angel Aguarod","Armentera","Balbino Montalb\u00e1n","Ballesteros","Domingo Armengol","Eduardo Estap\u00e1","Eduardo Pascual","Fabi\u00e1n Palas\u00ed.","Juan Torras","Julio Le\u00f3n","Le\u00f3n Denis","Quint\u00edn L\u00f3pez","Salvador Recasens","Tello de Meneses","VICTOR HUGO"],"articleSection":["Recordando el pasado"],"inLanguage":"es","potentialAction":[{"@type":"CommentAction","name":"Comment","target":["https:\/\/amorpazycaridad.es\/la-federacion-espirita-espanola\/#respond"]}]},{"@type":"WebPage","@id":"https:\/\/amorpazycaridad.es\/la-federacion-espirita-espanola\/","url":"https:\/\/amorpazycaridad.es\/la-federacion-espirita-espanola\/","name":"LA FEDERACI\u00d3N ESP\u00cdRITA ESPA\u00d1OLA | AMOR, PAZ Y CARIDAD |","isPartOf":{"@id":"https:\/\/amorpazycaridad.es\/#website"},"primaryImageOfPage":{"@id":"https:\/\/amorpazycaridad.es\/la-federacion-espirita-espanola\/#primaryimage"},"image":{"@id":"https:\/\/amorpazycaridad.es\/la-federacion-espirita-espanola\/#primaryimage"},"thumbnailUrl":"https:\/\/amorpazy-cp515.wordpresstemporal.com\/amorpazycaridad.es\/wp-content\/uploads\/2010\/09\/CES.jpg","datePublished":"2010-09-07T13:00:00+00:00","dateModified":"2019-12-02T06:04:17+00:00","description":"La Federaci\u00f3n Esp\u00edrita Espa\u00f1ola. En esta ocasi\u00f3n vamos a extractar un art\u00edculo de LUMEN, revista. cient\u00edfico-filos\u00f3fica de Estudios Psicol\u00f3gicos, de Tarrasa","breadcrumb":{"@id":"https:\/\/amorpazycaridad.es\/la-federacion-espirita-espanola\/#breadcrumb"},"inLanguage":"es","potentialAction":[{"@type":"ReadAction","target":["https:\/\/amorpazycaridad.es\/la-federacion-espirita-espanola\/"]}]},{"@type":"ImageObject","inLanguage":"es","@id":"https:\/\/amorpazycaridad.es\/la-federacion-espirita-espanola\/#primaryimage","url":"https:\/\/amorpazy-cp515.wordpresstemporal.com\/amorpazycaridad.es\/wp-content\/uploads\/2010\/09\/CES.jpg","contentUrl":"https:\/\/amorpazy-cp515.wordpresstemporal.com\/amorpazycaridad.es\/wp-content\/uploads\/2010\/09\/CES.jpg","width":750,"height":470,"caption":"La Federaci\u00f3n Esp\u00edrita Espa\u00f1ola"},{"@type":"BreadcrumbList","@id":"https:\/\/amorpazycaridad.es\/la-federacion-espirita-espanola\/#breadcrumb","itemListElement":[{"@type":"ListItem","position":1,"name":"Portada","item":"https:\/\/amorpazycaridad.es\/"},{"@type":"ListItem","position":2,"name":"LA FEDERACI\u00d3N ESP\u00cdRITA ESPA\u00d1OLA"}]},{"@type":"WebSite","@id":"https:\/\/amorpazycaridad.es\/#website","url":"https:\/\/amorpazycaridad.es\/","name":"Amor, paz caridad","description":"Conocimiento espiritual, espiritismo, espiritualismo, leyes universales, m\u00e1s all\u00e1, vida despu\u00e9s de la vida,","publisher":{"@id":"https:\/\/amorpazycaridad.es\/#organization"},"potentialAction":[{"@type":"SearchAction","target":{"@type":"EntryPoint","urlTemplate":"https:\/\/amorpazycaridad.es\/?s={search_term_string}"},"query-input":{"@type":"PropertyValueSpecification","valueRequired":true,"valueName":"search_term_string"}}],"inLanguage":"es"},{"@type":"Organization","@id":"https:\/\/amorpazycaridad.es\/#organization","name":"Asociaci\u00f3n de Estudios Espirituales Grupo Villena","url":"https:\/\/amorpazycaridad.es\/","logo":{"@type":"ImageObject","inLanguage":"es","@id":"https:\/\/amorpazycaridad.es\/#\/schema\/logo\/image\/","url":"https:\/\/amorpazycaridad.es\/wp-content\/uploads\/2015\/01\/logo-fav-e1420247830294.jpg","contentUrl":"https:\/\/amorpazycaridad.es\/wp-content\/uploads\/2015\/01\/logo-fav-e1420247830294.jpg","width":144,"height":144,"caption":"Asociaci\u00f3n de Estudios Espirituales Grupo Villena"},"image":{"@id":"https:\/\/amorpazycaridad.es\/#\/schema\/logo\/image\/"},"sameAs":["http:\/\/www.facebook.com\/pages\/Amor-paz-y-caridad\/1594978604096866","https:\/\/x.com\/amorpazycaridad","https:\/\/es.pinterest.com\/amorpazycaridad\/","https:\/\/www.youtube.com\/channel\/UC1GvDIDCLoL02SzOD7NJdrA"]},{"@type":"Person","@id":"https:\/\/amorpazycaridad.es\/#\/schema\/person\/44cbc218f1b29f65390e7c8a4fd0c28d","name":"Redacci\u00f3n","image":{"@type":"ImageObject","inLanguage":"es","@id":"https:\/\/amorpazycaridad.es\/wp-content\/uploads\/2015\/01\/icono-114-96x96.jpg73ca1ff604f9e7c7607bbbfa84b61c44","url":"https:\/\/amorpazycaridad.es\/wp-content\/uploads\/2015\/01\/icono-114-96x96.jpg","contentUrl":"https:\/\/amorpazycaridad.es\/wp-content\/uploads\/2015\/01\/icono-114-96x96.jpg","caption":"Redacci\u00f3n"},"sameAs":["http:\/\/www.amorpazycaridad.com"],"url":"https:\/\/amorpazy-cp515.wordpresstemporal.com\/amorpazycaridad.es\/author\/redaccion\/"}]}},"authors":[{"term_id":396,"user_id":0,"is_guest":1,"slug":"cap-redaccion","display_name":"Redaccion","avatar_url":"https:\/\/secure.gravatar.com\/avatar\/?s=96&d=mm&r=g","0":null,"1":"","2":"","3":"","4":"","5":"","6":"","7":"","8":""}],"_links":{"self":[{"href":"https:\/\/amorpazy-cp515.wordpresstemporal.com\/amorpazycaridad.es\/wp-json\/wp\/v2\/posts\/526","targetHints":{"allow":["GET"]}}],"collection":[{"href":"https:\/\/amorpazy-cp515.wordpresstemporal.com\/amorpazycaridad.es\/wp-json\/wp\/v2\/posts"}],"about":[{"href":"https:\/\/amorpazy-cp515.wordpresstemporal.com\/amorpazycaridad.es\/wp-json\/wp\/v2\/types\/post"}],"author":[{"embeddable":true,"href":"https:\/\/amorpazy-cp515.wordpresstemporal.com\/amorpazycaridad.es\/wp-json\/wp\/v2\/users\/2"}],"replies":[{"embeddable":true,"href":"https:\/\/amorpazy-cp515.wordpresstemporal.com\/amorpazycaridad.es\/wp-json\/wp\/v2\/comments?post=526"}],"version-history":[{"count":6,"href":"https:\/\/amorpazy-cp515.wordpresstemporal.com\/amorpazycaridad.es\/wp-json\/wp\/v2\/posts\/526\/revisions"}],"predecessor-version":[{"id":13126,"href":"https:\/\/amorpazy-cp515.wordpresstemporal.com\/amorpazycaridad.es\/wp-json\/wp\/v2\/posts\/526\/revisions\/13126"}],"wp:featuredmedia":[{"embeddable":true,"href":"https:\/\/amorpazy-cp515.wordpresstemporal.com\/amorpazycaridad.es\/wp-json\/wp\/v2\/media\/13124"}],"wp:attachment":[{"href":"https:\/\/amorpazy-cp515.wordpresstemporal.com\/amorpazycaridad.es\/wp-json\/wp\/v2\/media?parent=526"}],"wp:term":[{"taxonomy":"category","embeddable":true,"href":"https:\/\/amorpazy-cp515.wordpresstemporal.com\/amorpazycaridad.es\/wp-json\/wp\/v2\/categories?post=526"},{"taxonomy":"post_tag","embeddable":true,"href":"https:\/\/amorpazy-cp515.wordpresstemporal.com\/amorpazycaridad.es\/wp-json\/wp\/v2\/tags?post=526"},{"taxonomy":"author","embeddable":true,"href":"https:\/\/amorpazy-cp515.wordpresstemporal.com\/amorpazycaridad.es\/wp-json\/wp\/v2\/ppma_author?post=526"}],"curies":[{"name":"wp","href":"https:\/\/api.w.org\/{rel}","templated":true}]}}