{"id":5139,"date":"2016-02-24T06:30:13","date_gmt":"2016-02-24T05:30:13","guid":{"rendered":"https:\/\/amorpazycaridad.es\/?p=5139"},"modified":"2016-02-24T17:46:19","modified_gmt":"2016-02-24T16:46:19","slug":"la-reencarnacion-ante-la-ciencia","status":"publish","type":"post","link":"https:\/\/amorpazy-cp515.wordpresstemporal.com\/amorpazycaridad.es\/la-reencarnacion-ante-la-ciencia\/","title":{"rendered":"LA REENCARNACI\u00d3N ANTE LA CIENCIA"},"content":{"rendered":"<p style=\"text-align: justify;\">Aunque parezca lo contrario, son muchos los avances de los \u00faltimos a\u00f1os respecto a las evidencias sobre la reencarnaci\u00f3n. El trabajo de numerosos investigadores est\u00e1 a la luz p\u00fablica para quienes quieran beber de fuentes respetables y fidedignas.<\/p>\n<p style=\"text-align: justify;\">En el \u00e1mbito cient\u00edfico no es un tema nuevo pese a su dificultad. No obstante, las herramientas y los procesos de comprobaci\u00f3n no son los mismos que para investigar otros fen\u00f3menos de la vida f\u00edsica o incluso extra f\u00edsica. En el caso de la reencarnaci\u00f3n la dificultad es mayor.<\/p>\n<p style=\"text-align: justify;\">Los prejuicios as\u00ed como las ideas preconcebidas son muros que disuaden a muchos investigadores a dar un paso al frente. Cient\u00edficos de renombre tuvieron serias dudas para avanzar en este campo pese a sus descubrimientos, por el miedo al rechazo frontal de su propia comunidad cient\u00edfica, y por el consiguiente desprestigio personal y profesional al que se exponen. La posibilidad del rechazo por un lado y las cr\u00edticas ir\u00f3nicas de los colegas por el otro, hacen plantearse seriamente a los investigadores honrados si merece la pena tanto sacrificio, en pos de una realidad vetada por los dogmatismos.<\/p>\n<p style=\"text-align: justify;\">Muchos a\u00f1os de estudio, trabajo arduo y de labrarse un nombre y un prestigio profesional puede saltar por los aires en poco tiempo ante la afirmaci\u00f3n p\u00fablica de la posibilidad de reencarnar.<\/p>\n<p style=\"text-align: justify;\">Por esta prueba han pasado muchos. Casos a lo largo de la historia ha habido, investigadores que afirmaban una cosa en base a sus estudios, \u00a0para que un tiempo despu\u00e9s, una vez superadas todas las barreras hayan sido admitidos como v\u00e1lidos sus trabajos. Adem\u00e1s habr\u00eda que pensar en cu\u00e1les son\u00a0 los criterios que utilizan muchas veces las instituciones cient\u00edficas para asignar los recursos econ\u00f3micos para la investigaci\u00f3n, aquellos que deciden el qu\u00e9 y el porqu\u00e9.<\/p>\n<p style=\"text-align: justify;\">Empecemos por la aportaci\u00f3n del doctor canadiense <strong>Ian Stevenson<\/strong> (1918-2007), profesor de psiquiatr\u00eda en la Universidad de Virginia. Estudi\u00f3 miles de casos en varios pa\u00edses de ni\u00f1os que afirmaban recordar existencias anteriores, hablando de una personalidad y de una vida muy diferente a la actual. Su obra principal <strong>\u201cVeinte casos sugestivos de reencarnaci\u00f3n\u201d<\/strong> (1966), recoge algunos muy significativos.<\/p>\n<p style=\"text-align: justify;\">Otro de los investigadores de prestigio es <strong>Brian Weiss<\/strong>, psiquiatra estadounidense, profesor en la Universidad de Miami y jefe del \u00e1rea de psiquiatr\u00eda del Hospital Monte Sina\u00ed. Su aportaci\u00f3n, que todav\u00eda contin\u00faa, est\u00e1 referida a su labor en el campo de las regresiones hipn\u00f3ticas sobre pacientes que manifestaban fobias y problemas psicol\u00f3gicos muy fuertes, cuya causa no era posible localizar en su actual vida. A trav\u00e9s de dichas regresiones, explorando en el subconsciente, el paciente rememora circunstancias traum\u00e1ticas del pasado para afrontarlas junto al terapeuta y superarlas definitivamente.<\/p>\n<p style=\"text-align: justify;\">Algo muy similar a la denominada Terapia de Vidas Pasadas (TVP), regresi\u00f3n de memoria para fines terap\u00e9uticos, destacando a la <strong>Dra. Mar\u00eda Julia Prieto Peres<\/strong> en Brasil, al doctor argentino <strong>Jos\u00e9 Luis Cabouli<\/strong> quien va m\u00e1s all\u00e1 en su experiencia profesional\u00a0 afirmando en uno de sus art\u00edculos: <strong>\u201cLa realidad es que para el alma las vidas pasadas no existen como tal. Para el alma se trata de una sola vida que transcurre alternativamente en dos planos, bien en el plano f\u00edsico, o bien en el plano espiritual.\u201d \u201cSer\u00eda m\u00e1s propio denominar a esta terapia como \u00bb\u00a0<\/strong><span style=\"text-decoration: underline;\">Terapia de Experiencias en Cuerpos Pasados<\/span>\u00ab.<\/p>\n<p style=\"text-align: justify;\">Otro aspecto que es considerado como \u201cprueba indirecta\u201d son los <strong>birthmarks<\/strong>, o marcas de nacimiento. Consisten en zonas de la piel sin pigmentaci\u00f3n o con una pigmentaci\u00f3n muy elevada de los ni\u00f1os cuando nacen,\u00a0 son c\u00e9lulas malformadas sin una explicaci\u00f3n aparente. Tambi\u00e9n se consideran birthmarks las cicatrices de nacimiento y determinados lunares en la piel. Muchos ni\u00f1os que recordaban espont\u00e1neamente su vida anterior y que se pudo verificar su historia, pose\u00edan estas marcas, que coincid\u00edan en el punto exacto del motivo de su muerte. Si por ejemplo hab\u00eda muerto por una o varias cuchilladas en el abdomen, en algunos casos aparec\u00edan dichas marcas en la misma zona.<\/p>\n<p style=\"text-align: justify;\">Esto desde un punto de vista espiritual tiene una explicaci\u00f3n clara. El modelo organizador biol\u00f3gico tambi\u00e9n llamado periesp\u00edritu o cuerpo et\u00e9reo, recoge como un im\u00e1n todas las impresiones vividas, sobre todo cuando se trata de sucesos traum\u00e1ticos que derivan en una reacci\u00f3n psicol\u00f3gica muy fuerte. Al desencarnar y pasar al otro lado, el impacto ps\u00edquico si no se supera permanece, del mismo modo, si la siguiente reencarnaci\u00f3n es muy r\u00e1pida, puede ocurrir que el esp\u00edritu no haya tenido suficiente tiempo para resolver el conflicto traum\u00e1tico, sobrellev\u00e1ndolo en su nueva encarnaci\u00f3n, no s\u00f3lo a nivel psicol\u00f3gico sino tambi\u00e9n manifestado en el cuerpo org\u00e1nico.<\/p>\n<p style=\"text-align: justify;\">Otra de las pruebas indirectas es el fen\u00f3meno <strong>D\u00e9j\u00e0 Vu<\/strong>. Personas que acuden por primera vez a un lugar y sin embargo demuestran un conocimiento bastante exacto del mismo, como si hubieran estado varias veces o vivido en el pasado.<\/p>\n<p style=\"text-align: justify;\">Tambi\u00e9n debemos considerar los casos de los <strong>ni\u00f1os prodigio<\/strong>. Personas que a su muy corta edad demuestran habilidades y conocimientos imposibles desde un punto de vista exclusivamente f\u00edsico. Las interpretaciones de car\u00e1cter gen\u00e9tico o de herencia familiar resultan muy deficientes puesto que no resuelven el problema. Existen infinidad de ejemplos que desmontan dichas tesis.<\/p>\n<p style=\"text-align: justify;\">A lo largo de la historia nos encontramos con algunos casos notables, como por ejemplo, el archiconocido compositor Wolfgang Amadeus Mozart (siglo XVIII); a los 5 a\u00f1os compon\u00eda piezas musicales, otro caso fue el del matem\u00e1tico y f\u00edsico irland\u00e9s William Rowan Hamilton (siglo XIX), tambi\u00e9n a los 5 a\u00f1os dominaba el lat\u00edn, el griego y el hebreo, a los 13 a\u00f1os dominaba 13 idiomas, etc.<\/p>\n<p style=\"text-align: justify;\">Actualmente confluyen muchos casos conocidos en todo el mundo, por poner alg\u00fan ejemplo actual, el caso de <strong>Akrit Jaswal<\/strong>, ni\u00f1o hind\u00fa\u00a0 autodidacta que naci\u00f3 en el a\u00f1o 1993. A los 10 meses ya era capaz de hablar y a los 5 a\u00f1os hab\u00eda le\u00eddo libros de ciencia y anatom\u00eda. A los 7 a\u00f1os realiz\u00f3 una cirug\u00eda espont\u00e1nea, una ni\u00f1a de 8 a\u00f1os sufri\u00f3 quemaduras en las manos que la hab\u00edan obligado a tener los pu\u00f1os cerrados, gracias al trabajo de este ni\u00f1o, los dedos fueron separados y rehabilitados al poco tiempo. A los 12 a\u00f1os, Akrit fue aceptado en la Universidad del Punjab, Lahore, y se convirti\u00f3 en el estudiante m\u00e1s joven de la India.<\/p>\n<p style=\"text-align: justify;\">Estas son apenas algunas pinceladas de la ingente cantidad casos as\u00ed como de investigadores que han trabajado y que trabajan actualmente en un campo ajeno ya a las meras creencias.<\/p>\n<p style=\"text-align: justify;\">Por tanto, ciencia y espiritualidad confluyen cada vez m\u00e1s hacia su encuentro definitivo, caminamos hacia una concepci\u00f3n hol\u00edstica de la vida, cuyas partes no se pueden entender fuera del todo.<\/p>\n<p style=\"text-align: justify;\">Al mismo tiempo, no porque se ignore o se ningunee algo significa que no exista. Cada vez son m\u00e1s las voces de personas de todo el mundo y de toda condici\u00f3n que est\u00e1n viviendo experiencias, que acercan cada d\u00eda un poco m\u00e1s al ser humano a una realidad que ya no puede ignorar. Son los s\u00edntomas del cambio de ciclo, de una nueva forma de percibir la realidad. Atr\u00e1s van quedando los dogmatismos religiosos pero tambi\u00e9n los cient\u00edficos.<\/p>\n<p style=\"text-align: justify;\">Con el apoyo de la ciencia, se refuerzan los argumentos, se consolida la fe razonada, \u00a0transmutando las creencias en convicciones. Estemos abiertos y no rechacemos por rechazar.<\/p>\n<p>&nbsp;<\/p>\n<p style=\"text-align: right;\">Jos\u00e9 M. Meseguer<\/p>\n<p style=\"text-align: right;\">\u00a92015, Amor, paz y caridad<\/p>\n","protected":false},"excerpt":{"rendered":"<p>Aunque parezca lo contrario, son muchos los avances de los \u00faltimos a\u00f1os respecto a las evidencias sobre la reencarnaci\u00f3n. El trabajo de numerosos investigadores est\u00e1 a la luz p\u00fablica para quienes quieran beber de fuentes respetables y fidedignas. En el \u00e1mbito cient\u00edfico no es un tema nuevo pese a su dificultad. No obstante, las herramientas [&hellip;]<\/p>\n","protected":false},"author":5,"featured_media":5208,"comment_status":"open","ping_status":"open","sticky":false,"template":"","format":"standard","meta":{"tdm_status":"","tdm_grid_status":"","footnotes":""},"categories":[1745],"tags":[2601,2602,2595,2599,2594,2596,2600,2597,1910,1156,2598,2603,2604],"ppma_author":[408],"class_list":{"0":"post-5139","1":"post","2":"type-post","3":"status-publish","4":"format-standard","5":"has-post-thumbnail","7":"category-la-rueda-de-la-vida","8":"tag-veinte-casos-sugestivos-de-reencarnacion","9":"tag-akrit-jaswal","10":"tag-birthmarks","11":"tag-brian-weiss","12":"tag-deja-vu","13":"tag-dra-maria-julia-prieto-peres","14":"tag-ian-stevenson","15":"tag-jose-luis-cabouli","16":"tag-ninos-prodigio","17":"tag-reencarnacion-y-ciencia","19":"tag-william-rowan-hamilton","20":"tag-wolfgang-amadeus-mozart"},"yoast_head":"<!-- This site is optimized with the Yoast SEO plugin v27.7 - https:\/\/yoast.com\/product\/yoast-seo-wordpress\/ -->\n<title>LA REENCARNACI\u00d3N ANTE LA CIENCIA | Amor, paz caridad<\/title>\n<meta name=\"description\" content=\"Aunque parezca lo contrario, son muchos los avances de los \u00faltimos a\u00f1os respecto a LA REENCARNACI\u00d3N ANTE LA CIENCIA\" \/>\n<meta name=\"robots\" content=\"index, follow, max-snippet:-1, max-image-preview:large, max-video-preview:-1\" \/>\n<link rel=\"canonical\" href=\"https:\/\/amorpazy-cp515.wordpresstemporal.com\/amorpazycaridad.es\/la-reencarnacion-ante-la-ciencia\/\" \/>\n<meta property=\"og:locale\" content=\"es_ES\" \/>\n<meta property=\"og:type\" content=\"article\" \/>\n<meta property=\"og:title\" content=\"LA REENCARNACI\u00d3N ANTE LA CIENCIA | Amor, paz caridad\" \/>\n<meta property=\"og:description\" content=\"Aunque parezca lo contrario, son muchos los avances de los \u00faltimos a\u00f1os respecto a LA REENCARNACI\u00d3N ANTE LA CIENCIA\" \/>\n<meta property=\"og:url\" content=\"https:\/\/amorpazy-cp515.wordpresstemporal.com\/amorpazycaridad.es\/la-reencarnacion-ante-la-ciencia\/\" \/>\n<meta property=\"og:site_name\" content=\"Amor, paz caridad\" \/>\n<meta property=\"article:publisher\" content=\"http:\/\/www.facebook.com\/pages\/Amor-paz-y-caridad\/1594978604096866\" \/>\n<meta property=\"article:published_time\" content=\"2016-02-24T05:30:13+00:00\" \/>\n<meta property=\"article:modified_time\" content=\"2016-02-24T16:46:19+00:00\" \/>\n<meta property=\"og:image\" content=\"https:\/\/amorpazy-cp515.wordpresstemporal.com\/amorpazycaridad.es\/wp-content\/uploads\/2016\/02\/reencarnacion-ciencia.jpg\" \/>\n\t<meta property=\"og:image:width\" content=\"750\" \/>\n\t<meta property=\"og:image:height\" content=\"350\" \/>\n\t<meta property=\"og:image:type\" content=\"image\/jpeg\" \/>\n<meta name=\"author\" content=\"Jose Manuel\" \/>\n<meta name=\"twitter:card\" content=\"summary_large_image\" \/>\n<meta name=\"twitter:creator\" content=\"@amorpazycaridad\" \/>\n<meta name=\"twitter:site\" content=\"@amorpazycaridad\" \/>\n<meta name=\"twitter:label1\" content=\"Escrito por\" \/>\n\t<meta name=\"twitter:data1\" content=\"Jos\u00e9 Manuel Meseguer Clemente\" \/>\n\t<meta name=\"twitter:label2\" content=\"Tiempo de lectura\" \/>\n\t<meta name=\"twitter:data2\" content=\"7 minutos\" \/>\n<script type=\"application\/ld+json\" class=\"yoast-schema-graph\">{\"@context\":\"https:\\\/\\\/schema.org\",\"@graph\":[{\"@type\":\"Article\",\"@id\":\"https:\\\/\\\/amorpazy-cp515.wordpresstemporal.com\\\/amorpazycaridad.es\\\/la-reencarnacion-ante-la-ciencia\\\/#article\",\"isPartOf\":{\"@id\":\"https:\\\/\\\/amorpazy-cp515.wordpresstemporal.com\\\/amorpazycaridad.es\\\/la-reencarnacion-ante-la-ciencia\\\/\"},\"author\":{\"name\":\"Jos\u00e9 Manuel Meseguer Clemente\",\"@id\":\"https:\\\/\\\/amorpazy-cp515.wordpresstemporal.com\\\/amorpazycaridad.es\\\/#\\\/schema\\\/person\\\/6f0cedb316ce549a85d79dba9ebb353e\"},\"headline\":\"LA REENCARNACI\u00d3N ANTE LA CIENCIA\",\"datePublished\":\"2016-02-24T05:30:13+00:00\",\"dateModified\":\"2016-02-24T16:46:19+00:00\",\"mainEntityOfPage\":{\"@id\":\"https:\\\/\\\/amorpazy-cp515.wordpresstemporal.com\\\/amorpazycaridad.es\\\/la-reencarnacion-ante-la-ciencia\\\/\"},\"wordCount\":1311,\"commentCount\":0,\"publisher\":{\"@id\":\"https:\\\/\\\/amorpazy-cp515.wordpresstemporal.com\\\/amorpazycaridad.es\\\/#organization\"},\"image\":{\"@id\":\"https:\\\/\\\/amorpazy-cp515.wordpresstemporal.com\\\/amorpazycaridad.es\\\/la-reencarnacion-ante-la-ciencia\\\/#primaryimage\"},\"thumbnailUrl\":\"https:\\\/\\\/amorpazy-cp515.wordpresstemporal.com\\\/amorpazycaridad.es\\\/wp-content\\\/uploads\\\/2016\\\/02\\\/reencarnacion-ciencia.jpg\",\"keywords\":[\"\u201cVeinte casos sugestivos de reencarnaci\u00f3n\u201d\",\"Akrit Jaswal\",\"birthmarks\",\"Brian Weiss\",\"D\u00e9j\u00e0 Vu\",\"Dra. Mar\u00eda Julia Prieto Peres\",\"Ian Stevenson\",\"Jos\u00e9 Luis Cabouli\",\"ni\u00f1os prodigio\",\"reencarnaci\u00f3n y ciencia\",\"Terapia de Vidas Pasadas (TVP)\",\"William Rowan Hamilton\",\"Wolfgang Amadeus Mozart\"],\"articleSection\":[\"La Rueda de la Vida\"],\"inLanguage\":\"es\",\"potentialAction\":[{\"@type\":\"CommentAction\",\"name\":\"Comment\",\"target\":[\"https:\\\/\\\/amorpazy-cp515.wordpresstemporal.com\\\/amorpazycaridad.es\\\/la-reencarnacion-ante-la-ciencia\\\/#respond\"]}]},{\"@type\":\"WebPage\",\"@id\":\"https:\\\/\\\/amorpazy-cp515.wordpresstemporal.com\\\/amorpazycaridad.es\\\/la-reencarnacion-ante-la-ciencia\\\/\",\"url\":\"https:\\\/\\\/amorpazy-cp515.wordpresstemporal.com\\\/amorpazycaridad.es\\\/la-reencarnacion-ante-la-ciencia\\\/\",\"name\":\"LA REENCARNACI\u00d3N ANTE LA CIENCIA | Amor, paz caridad\",\"isPartOf\":{\"@id\":\"https:\\\/\\\/amorpazy-cp515.wordpresstemporal.com\\\/amorpazycaridad.es\\\/#website\"},\"primaryImageOfPage\":{\"@id\":\"https:\\\/\\\/amorpazy-cp515.wordpresstemporal.com\\\/amorpazycaridad.es\\\/la-reencarnacion-ante-la-ciencia\\\/#primaryimage\"},\"image\":{\"@id\":\"https:\\\/\\\/amorpazy-cp515.wordpresstemporal.com\\\/amorpazycaridad.es\\\/la-reencarnacion-ante-la-ciencia\\\/#primaryimage\"},\"thumbnailUrl\":\"https:\\\/\\\/amorpazy-cp515.wordpresstemporal.com\\\/amorpazycaridad.es\\\/wp-content\\\/uploads\\\/2016\\\/02\\\/reencarnacion-ciencia.jpg\",\"datePublished\":\"2016-02-24T05:30:13+00:00\",\"dateModified\":\"2016-02-24T16:46:19+00:00\",\"description\":\"Aunque parezca lo contrario, son muchos los avances de los \u00faltimos a\u00f1os respecto a LA REENCARNACI\u00d3N ANTE LA CIENCIA\",\"breadcrumb\":{\"@id\":\"https:\\\/\\\/amorpazy-cp515.wordpresstemporal.com\\\/amorpazycaridad.es\\\/la-reencarnacion-ante-la-ciencia\\\/#breadcrumb\"},\"inLanguage\":\"es\",\"potentialAction\":[{\"@type\":\"ReadAction\",\"target\":[\"https:\\\/\\\/amorpazy-cp515.wordpresstemporal.com\\\/amorpazycaridad.es\\\/la-reencarnacion-ante-la-ciencia\\\/\"]}]},{\"@type\":\"ImageObject\",\"inLanguage\":\"es\",\"@id\":\"https:\\\/\\\/amorpazy-cp515.wordpresstemporal.com\\\/amorpazycaridad.es\\\/la-reencarnacion-ante-la-ciencia\\\/#primaryimage\",\"url\":\"https:\\\/\\\/amorpazy-cp515.wordpresstemporal.com\\\/amorpazycaridad.es\\\/wp-content\\\/uploads\\\/2016\\\/02\\\/reencarnacion-ciencia.jpg\",\"contentUrl\":\"https:\\\/\\\/amorpazy-cp515.wordpresstemporal.com\\\/amorpazycaridad.es\\\/wp-content\\\/uploads\\\/2016\\\/02\\\/reencarnacion-ciencia.jpg\",\"width\":750,\"height\":350,\"caption\":\"Reencarnaci\u00f3n ante la ciencia\"},{\"@type\":\"BreadcrumbList\",\"@id\":\"https:\\\/\\\/amorpazy-cp515.wordpresstemporal.com\\\/amorpazycaridad.es\\\/la-reencarnacion-ante-la-ciencia\\\/#breadcrumb\",\"itemListElement\":[{\"@type\":\"ListItem\",\"position\":1,\"name\":\"Portada\",\"item\":\"https:\\\/\\\/amorpazy-cp515.wordpresstemporal.com\\\/amorpazycaridad.es\\\/\"},{\"@type\":\"ListItem\",\"position\":2,\"name\":\"LA REENCARNACI\u00d3N ANTE LA CIENCIA\"}]},{\"@type\":\"WebSite\",\"@id\":\"https:\\\/\\\/amorpazy-cp515.wordpresstemporal.com\\\/amorpazycaridad.es\\\/#website\",\"url\":\"https:\\\/\\\/amorpazy-cp515.wordpresstemporal.com\\\/amorpazycaridad.es\\\/\",\"name\":\"Amor, paz caridad\",\"description\":\"Conocimiento espiritual, espiritismo, espiritualismo, leyes universales, m\u00e1s all\u00e1, vida despu\u00e9s de la vida,\",\"publisher\":{\"@id\":\"https:\\\/\\\/amorpazy-cp515.wordpresstemporal.com\\\/amorpazycaridad.es\\\/#organization\"},\"potentialAction\":[{\"@type\":\"SearchAction\",\"target\":{\"@type\":\"EntryPoint\",\"urlTemplate\":\"https:\\\/\\\/amorpazy-cp515.wordpresstemporal.com\\\/amorpazycaridad.es\\\/?s={search_term_string}\"},\"query-input\":{\"@type\":\"PropertyValueSpecification\",\"valueRequired\":true,\"valueName\":\"search_term_string\"}}],\"inLanguage\":\"es\"},{\"@type\":\"Organization\",\"@id\":\"https:\\\/\\\/amorpazy-cp515.wordpresstemporal.com\\\/amorpazycaridad.es\\\/#organization\",\"name\":\"Asociaci\u00f3n de Estudios Espirituales Grupo Villena\",\"url\":\"https:\\\/\\\/amorpazy-cp515.wordpresstemporal.com\\\/amorpazycaridad.es\\\/\",\"logo\":{\"@type\":\"ImageObject\",\"inLanguage\":\"es\",\"@id\":\"https:\\\/\\\/amorpazy-cp515.wordpresstemporal.com\\\/amorpazycaridad.es\\\/#\\\/schema\\\/logo\\\/image\\\/\",\"url\":\"https:\\\/\\\/amorpazycaridad.es\\\/wp-content\\\/uploads\\\/2015\\\/01\\\/logo-fav-e1420247830294.jpg\",\"contentUrl\":\"https:\\\/\\\/amorpazycaridad.es\\\/wp-content\\\/uploads\\\/2015\\\/01\\\/logo-fav-e1420247830294.jpg\",\"width\":144,\"height\":144,\"caption\":\"Asociaci\u00f3n de Estudios Espirituales Grupo Villena\"},\"image\":{\"@id\":\"https:\\\/\\\/amorpazy-cp515.wordpresstemporal.com\\\/amorpazycaridad.es\\\/#\\\/schema\\\/logo\\\/image\\\/\"},\"sameAs\":[\"http:\\\/\\\/www.facebook.com\\\/pages\\\/Amor-paz-y-caridad\\\/1594978604096866\",\"https:\\\/\\\/x.com\\\/amorpazycaridad\",\"https:\\\/\\\/es.pinterest.com\\\/amorpazycaridad\\\/\",\"https:\\\/\\\/www.youtube.com\\\/channel\\\/UC1GvDIDCLoL02SzOD7NJdrA\"]},{\"@type\":\"Person\",\"@id\":\"https:\\\/\\\/amorpazy-cp515.wordpresstemporal.com\\\/amorpazycaridad.es\\\/#\\\/schema\\\/person\\\/6f0cedb316ce549a85d79dba9ebb353e\",\"name\":\"Jos\u00e9 Manuel Meseguer Clemente\",\"image\":{\"@type\":\"ImageObject\",\"inLanguage\":\"es\",\"@id\":\"https:\\\/\\\/amorpazycaridad.es\\\/wp-content\\\/uploads\\\/2017\\\/11\\\/Archivo-1-11-17-12-31-35-96x96.jpegfd114e27cec70eafcf7bb076099603b6\",\"url\":\"https:\\\/\\\/amorpazycaridad.es\\\/wp-content\\\/uploads\\\/2017\\\/11\\\/Archivo-1-11-17-12-31-35-96x96.jpeg\",\"contentUrl\":\"https:\\\/\\\/amorpazycaridad.es\\\/wp-content\\\/uploads\\\/2017\\\/11\\\/Archivo-1-11-17-12-31-35-96x96.jpeg\",\"caption\":\"Jos\u00e9 Manuel Meseguer Clemente\"},\"description\":\"Jose Manuel Meseguer Clemente . Profesionalmente se dedica al Transporte Mar\u00edtimo. Autodidacta, divulgador y escritor. Como miembro del Grupo Villena desde hace m\u00e1s de 30 a\u00f1os, ha ofrecido conferencias y participado en diversos eventos, simposios y congresos, tanto nacionales como internacionales. Actualmente es redactor de la revista \u201cAmor Paz y Caridad\u201d, donde mensualmente publica art\u00edculos de inter\u00e9s y permanente actualidad. Adem\u00e1s, es socio colaborador de SEDE (Sociedad Espa\u00f1ola de Divulgadores Esp\u00edritas).\",\"sameAs\":[\"http:\\\/\\\/www.amorpazycaridad.com\"],\"url\":\"https:\\\/\\\/amorpazy-cp515.wordpresstemporal.com\\\/amorpazycaridad.es\\\/author\\\/jose-manuel\\\/\"}]}<\/script>\n<!-- \/ Yoast SEO plugin. -->","yoast_head_json":{"title":"LA REENCARNACI\u00d3N ANTE LA CIENCIA | Amor, paz caridad","description":"Aunque parezca lo contrario, son muchos los avances de los \u00faltimos a\u00f1os respecto a LA REENCARNACI\u00d3N ANTE LA CIENCIA","robots":{"index":"index","follow":"follow","max-snippet":"max-snippet:-1","max-image-preview":"max-image-preview:large","max-video-preview":"max-video-preview:-1"},"canonical":"https:\/\/amorpazy-cp515.wordpresstemporal.com\/amorpazycaridad.es\/la-reencarnacion-ante-la-ciencia\/","og_locale":"es_ES","og_type":"article","og_title":"LA REENCARNACI\u00d3N ANTE LA CIENCIA | Amor, paz caridad","og_description":"Aunque parezca lo contrario, son muchos los avances de los \u00faltimos a\u00f1os respecto a LA REENCARNACI\u00d3N ANTE LA CIENCIA","og_url":"https:\/\/amorpazy-cp515.wordpresstemporal.com\/amorpazycaridad.es\/la-reencarnacion-ante-la-ciencia\/","og_site_name":"Amor, paz caridad","article_publisher":"http:\/\/www.facebook.com\/pages\/Amor-paz-y-caridad\/1594978604096866","article_published_time":"2016-02-24T05:30:13+00:00","article_modified_time":"2016-02-24T16:46:19+00:00","og_image":[{"width":750,"height":350,"url":"https:\/\/amorpazy-cp515.wordpresstemporal.com\/amorpazycaridad.es\/wp-content\/uploads\/2016\/02\/reencarnacion-ciencia.jpg","type":"image\/jpeg"}],"author":"Jose Manuel","twitter_card":"summary_large_image","twitter_creator":"@amorpazycaridad","twitter_site":"@amorpazycaridad","twitter_misc":{"Escrito por":"Jos\u00e9 Manuel Meseguer Clemente","Tiempo de lectura":"7 minutos"},"schema":{"@context":"https:\/\/schema.org","@graph":[{"@type":"Article","@id":"https:\/\/amorpazy-cp515.wordpresstemporal.com\/amorpazycaridad.es\/la-reencarnacion-ante-la-ciencia\/#article","isPartOf":{"@id":"https:\/\/amorpazy-cp515.wordpresstemporal.com\/amorpazycaridad.es\/la-reencarnacion-ante-la-ciencia\/"},"author":{"name":"Jos\u00e9 Manuel Meseguer Clemente","@id":"https:\/\/amorpazy-cp515.wordpresstemporal.com\/amorpazycaridad.es\/#\/schema\/person\/6f0cedb316ce549a85d79dba9ebb353e"},"headline":"LA REENCARNACI\u00d3N ANTE LA CIENCIA","datePublished":"2016-02-24T05:30:13+00:00","dateModified":"2016-02-24T16:46:19+00:00","mainEntityOfPage":{"@id":"https:\/\/amorpazy-cp515.wordpresstemporal.com\/amorpazycaridad.es\/la-reencarnacion-ante-la-ciencia\/"},"wordCount":1311,"commentCount":0,"publisher":{"@id":"https:\/\/amorpazy-cp515.wordpresstemporal.com\/amorpazycaridad.es\/#organization"},"image":{"@id":"https:\/\/amorpazy-cp515.wordpresstemporal.com\/amorpazycaridad.es\/la-reencarnacion-ante-la-ciencia\/#primaryimage"},"thumbnailUrl":"https:\/\/amorpazy-cp515.wordpresstemporal.com\/amorpazycaridad.es\/wp-content\/uploads\/2016\/02\/reencarnacion-ciencia.jpg","keywords":["\u201cVeinte casos sugestivos de reencarnaci\u00f3n\u201d","Akrit Jaswal","birthmarks","Brian Weiss","D\u00e9j\u00e0 Vu","Dra. Mar\u00eda Julia Prieto Peres","Ian Stevenson","Jos\u00e9 Luis Cabouli","ni\u00f1os prodigio","reencarnaci\u00f3n y ciencia","Terapia de Vidas Pasadas (TVP)","William Rowan Hamilton","Wolfgang Amadeus Mozart"],"articleSection":["La Rueda de la Vida"],"inLanguage":"es","potentialAction":[{"@type":"CommentAction","name":"Comment","target":["https:\/\/amorpazy-cp515.wordpresstemporal.com\/amorpazycaridad.es\/la-reencarnacion-ante-la-ciencia\/#respond"]}]},{"@type":"WebPage","@id":"https:\/\/amorpazy-cp515.wordpresstemporal.com\/amorpazycaridad.es\/la-reencarnacion-ante-la-ciencia\/","url":"https:\/\/amorpazy-cp515.wordpresstemporal.com\/amorpazycaridad.es\/la-reencarnacion-ante-la-ciencia\/","name":"LA REENCARNACI\u00d3N ANTE LA CIENCIA | Amor, paz caridad","isPartOf":{"@id":"https:\/\/amorpazy-cp515.wordpresstemporal.com\/amorpazycaridad.es\/#website"},"primaryImageOfPage":{"@id":"https:\/\/amorpazy-cp515.wordpresstemporal.com\/amorpazycaridad.es\/la-reencarnacion-ante-la-ciencia\/#primaryimage"},"image":{"@id":"https:\/\/amorpazy-cp515.wordpresstemporal.com\/amorpazycaridad.es\/la-reencarnacion-ante-la-ciencia\/#primaryimage"},"thumbnailUrl":"https:\/\/amorpazy-cp515.wordpresstemporal.com\/amorpazycaridad.es\/wp-content\/uploads\/2016\/02\/reencarnacion-ciencia.jpg","datePublished":"2016-02-24T05:30:13+00:00","dateModified":"2016-02-24T16:46:19+00:00","description":"Aunque parezca lo contrario, son muchos los avances de los \u00faltimos a\u00f1os respecto a LA REENCARNACI\u00d3N ANTE LA CIENCIA","breadcrumb":{"@id":"https:\/\/amorpazy-cp515.wordpresstemporal.com\/amorpazycaridad.es\/la-reencarnacion-ante-la-ciencia\/#breadcrumb"},"inLanguage":"es","potentialAction":[{"@type":"ReadAction","target":["https:\/\/amorpazy-cp515.wordpresstemporal.com\/amorpazycaridad.es\/la-reencarnacion-ante-la-ciencia\/"]}]},{"@type":"ImageObject","inLanguage":"es","@id":"https:\/\/amorpazy-cp515.wordpresstemporal.com\/amorpazycaridad.es\/la-reencarnacion-ante-la-ciencia\/#primaryimage","url":"https:\/\/amorpazy-cp515.wordpresstemporal.com\/amorpazycaridad.es\/wp-content\/uploads\/2016\/02\/reencarnacion-ciencia.jpg","contentUrl":"https:\/\/amorpazy-cp515.wordpresstemporal.com\/amorpazycaridad.es\/wp-content\/uploads\/2016\/02\/reencarnacion-ciencia.jpg","width":750,"height":350,"caption":"Reencarnaci\u00f3n ante la ciencia"},{"@type":"BreadcrumbList","@id":"https:\/\/amorpazy-cp515.wordpresstemporal.com\/amorpazycaridad.es\/la-reencarnacion-ante-la-ciencia\/#breadcrumb","itemListElement":[{"@type":"ListItem","position":1,"name":"Portada","item":"https:\/\/amorpazy-cp515.wordpresstemporal.com\/amorpazycaridad.es\/"},{"@type":"ListItem","position":2,"name":"LA REENCARNACI\u00d3N ANTE LA CIENCIA"}]},{"@type":"WebSite","@id":"https:\/\/amorpazy-cp515.wordpresstemporal.com\/amorpazycaridad.es\/#website","url":"https:\/\/amorpazy-cp515.wordpresstemporal.com\/amorpazycaridad.es\/","name":"Amor, paz caridad","description":"Conocimiento espiritual, espiritismo, espiritualismo, leyes universales, m\u00e1s all\u00e1, vida despu\u00e9s de la vida,","publisher":{"@id":"https:\/\/amorpazy-cp515.wordpresstemporal.com\/amorpazycaridad.es\/#organization"},"potentialAction":[{"@type":"SearchAction","target":{"@type":"EntryPoint","urlTemplate":"https:\/\/amorpazy-cp515.wordpresstemporal.com\/amorpazycaridad.es\/?s={search_term_string}"},"query-input":{"@type":"PropertyValueSpecification","valueRequired":true,"valueName":"search_term_string"}}],"inLanguage":"es"},{"@type":"Organization","@id":"https:\/\/amorpazy-cp515.wordpresstemporal.com\/amorpazycaridad.es\/#organization","name":"Asociaci\u00f3n de Estudios Espirituales Grupo Villena","url":"https:\/\/amorpazy-cp515.wordpresstemporal.com\/amorpazycaridad.es\/","logo":{"@type":"ImageObject","inLanguage":"es","@id":"https:\/\/amorpazy-cp515.wordpresstemporal.com\/amorpazycaridad.es\/#\/schema\/logo\/image\/","url":"https:\/\/amorpazycaridad.es\/wp-content\/uploads\/2015\/01\/logo-fav-e1420247830294.jpg","contentUrl":"https:\/\/amorpazycaridad.es\/wp-content\/uploads\/2015\/01\/logo-fav-e1420247830294.jpg","width":144,"height":144,"caption":"Asociaci\u00f3n de Estudios Espirituales Grupo Villena"},"image":{"@id":"https:\/\/amorpazy-cp515.wordpresstemporal.com\/amorpazycaridad.es\/#\/schema\/logo\/image\/"},"sameAs":["http:\/\/www.facebook.com\/pages\/Amor-paz-y-caridad\/1594978604096866","https:\/\/x.com\/amorpazycaridad","https:\/\/es.pinterest.com\/amorpazycaridad\/","https:\/\/www.youtube.com\/channel\/UC1GvDIDCLoL02SzOD7NJdrA"]},{"@type":"Person","@id":"https:\/\/amorpazy-cp515.wordpresstemporal.com\/amorpazycaridad.es\/#\/schema\/person\/6f0cedb316ce549a85d79dba9ebb353e","name":"Jos\u00e9 Manuel Meseguer Clemente","image":{"@type":"ImageObject","inLanguage":"es","@id":"https:\/\/amorpazycaridad.es\/wp-content\/uploads\/2017\/11\/Archivo-1-11-17-12-31-35-96x96.jpegfd114e27cec70eafcf7bb076099603b6","url":"https:\/\/amorpazycaridad.es\/wp-content\/uploads\/2017\/11\/Archivo-1-11-17-12-31-35-96x96.jpeg","contentUrl":"https:\/\/amorpazycaridad.es\/wp-content\/uploads\/2017\/11\/Archivo-1-11-17-12-31-35-96x96.jpeg","caption":"Jos\u00e9 Manuel Meseguer Clemente"},"description":"Jose Manuel Meseguer Clemente . Profesionalmente se dedica al Transporte Mar\u00edtimo. Autodidacta, divulgador y escritor. Como miembro del Grupo Villena desde hace m\u00e1s de 30 a\u00f1os, ha ofrecido conferencias y participado en diversos eventos, simposios y congresos, tanto nacionales como internacionales. Actualmente es redactor de la revista \u201cAmor Paz y Caridad\u201d, donde mensualmente publica art\u00edculos de inter\u00e9s y permanente actualidad. Adem\u00e1s, es socio colaborador de SEDE (Sociedad Espa\u00f1ola de Divulgadores Esp\u00edritas).","sameAs":["http:\/\/www.amorpazycaridad.com"],"url":"https:\/\/amorpazy-cp515.wordpresstemporal.com\/amorpazycaridad.es\/author\/jose-manuel\/"}]}},"authors":[{"term_id":408,"user_id":0,"is_guest":1,"slug":"cap-jose-manuel","display_name":"Jose Manuel","avatar_url":"https:\/\/secure.gravatar.com\/avatar\/?s=96&d=mm&r=g","0":null,"1":"","2":"","3":"","4":"","5":"","6":"","7":"","8":""}],"_links":{"self":[{"href":"https:\/\/amorpazy-cp515.wordpresstemporal.com\/amorpazycaridad.es\/wp-json\/wp\/v2\/posts\/5139","targetHints":{"allow":["GET"]}}],"collection":[{"href":"https:\/\/amorpazy-cp515.wordpresstemporal.com\/amorpazycaridad.es\/wp-json\/wp\/v2\/posts"}],"about":[{"href":"https:\/\/amorpazy-cp515.wordpresstemporal.com\/amorpazycaridad.es\/wp-json\/wp\/v2\/types\/post"}],"author":[{"embeddable":true,"href":"https:\/\/amorpazy-cp515.wordpresstemporal.com\/amorpazycaridad.es\/wp-json\/wp\/v2\/users\/5"}],"replies":[{"embeddable":true,"href":"https:\/\/amorpazy-cp515.wordpresstemporal.com\/amorpazycaridad.es\/wp-json\/wp\/v2\/comments?post=5139"}],"version-history":[{"count":9,"href":"https:\/\/amorpazy-cp515.wordpresstemporal.com\/amorpazycaridad.es\/wp-json\/wp\/v2\/posts\/5139\/revisions"}],"predecessor-version":[{"id":5212,"href":"https:\/\/amorpazy-cp515.wordpresstemporal.com\/amorpazycaridad.es\/wp-json\/wp\/v2\/posts\/5139\/revisions\/5212"}],"wp:featuredmedia":[{"embeddable":true,"href":"https:\/\/amorpazy-cp515.wordpresstemporal.com\/amorpazycaridad.es\/wp-json\/wp\/v2\/media\/5208"}],"wp:attachment":[{"href":"https:\/\/amorpazy-cp515.wordpresstemporal.com\/amorpazycaridad.es\/wp-json\/wp\/v2\/media?parent=5139"}],"wp:term":[{"taxonomy":"category","embeddable":true,"href":"https:\/\/amorpazy-cp515.wordpresstemporal.com\/amorpazycaridad.es\/wp-json\/wp\/v2\/categories?post=5139"},{"taxonomy":"post_tag","embeddable":true,"href":"https:\/\/amorpazy-cp515.wordpresstemporal.com\/amorpazycaridad.es\/wp-json\/wp\/v2\/tags?post=5139"},{"taxonomy":"author","embeddable":true,"href":"https:\/\/amorpazy-cp515.wordpresstemporal.com\/amorpazycaridad.es\/wp-json\/wp\/v2\/ppma_author?post=5139"}],"curies":[{"name":"wp","href":"https:\/\/api.w.org\/{rel}","templated":true}]}}