{"id":4940,"date":"2016-01-18T06:04:28","date_gmt":"2016-01-18T05:04:28","guid":{"rendered":"https:\/\/amorpazycaridad.es\/?p=4940"},"modified":"2019-02-01T06:54:00","modified_gmt":"2019-02-01T05:54:00","slug":"atenuar-las-malas-tendencias-2","status":"publish","type":"post","link":"https:\/\/amorpazy-cp515.wordpresstemporal.com\/amorpazycaridad.es\/atenuar-las-malas-tendencias-2\/","title":{"rendered":"ATENUAR LAS MALAS TENDENCIAS"},"content":{"rendered":"<p style=\"text-align: justify;\">Muchas veces pensamos en la sociedad que estamos creando entre todos, y resulta dif\u00edcil no sustraerse de algunas de las tendencias que est\u00e1n surgiendo, y lo mal que lo van a tener las generaciones venideras si esto no cambia. El que todo vale o todo puede hacerse adormece la moral, permitiendo comportamientos perniciosos que se aceptan porque los argumentos de \u00edndole moral y sobretodo espiritual no interesan, estando en una sociedad profundamente materializada, lo que no se ve, o no se puede tocar, no tiene validez alguna.<\/p>\n<p style=\"text-align: justify;\">La mayor\u00eda de las ocasiones los malos h\u00e1bitos, que tienen su principio en el ego\u00edsmo y en el orgullo, empiezan a mostrarse desde que se es muy joven. Hablando un d\u00eda con una maestra de infantil con muchos a\u00f1os de experiencia me dec\u00eda, que ya desde la m\u00e1s tierna edad se ve el camino bueno o malo que van a tomar los ni\u00f1os cuando se hagan mayores, que se pueden corregir las tendencias perniciosas, s\u00ed, pero hay que tener mucha constancia y estar encima de ellos.<\/p>\n<p style=\"text-align: justify;\">Por tanto, es responsabilidad de los padres observar, comprender y corregir los comportamientos negativos de sus hijos. La educaci\u00f3n, aprender principios morales firmes que en su crecimiento vayan asimilando poco a poco. Los buenos ejemplos de los padres, sus valores puestos en pr\u00e1ctica, les pueden proporcionar las herramientas necesarias para estimularles a ir eliminando sus tendencias negativas, contribuyendo a &nbsp;fortalecer su car\u00e1cter y ayud\u00e1ndoles a tomar las decisiones m\u00e1s convenientes en su progreso espiritual.<\/p>\n<p style=\"text-align: justify;\">Paralelamente, en esta sociedad, el alcohol, las drogas y el sexo est\u00e1n al alcance de la mano de j\u00f3venes y adolescentes, donde muchos hacen uso de ellos para evadirse de sus problemas, por la presi\u00f3n de su grupo social o simplemente como mera diversi\u00f3n. La aparente normalidad en su uso les lleva a&nbsp; excesos sin saber el da\u00f1o que se hacen a s\u00ed mismos y&nbsp; a su c\u00edrculo familiar.<\/p>\n<p style=\"text-align: justify;\">No estamos diciendo que el descontrol en los j\u00f3venes este generalizado, porque hay mucha juventud sana que no hacen ruido, silenciosa, llevando sus vidas con normalidad; estudian, trabajan, se divierten, tienen ideales y luchan por encaminarse hacia ellos.<\/p>\n<p style=\"text-align: justify;\">En una sociedad materialista, ego\u00edsta, que vive exclusivamente para los sentidos como la que estamos viviendo en estos momentos, no ayuda a disponerse positivamente hacia lo espiritual, sino todo lo contrario, invita y arrastra a muchos j\u00f3venes incautos a dar rienda suelta a sus instintos, cuya consecuencia m\u00e1s inmediata es el vac\u00edo interior y con el tiempo la depresi\u00f3n.<\/p>\n<p style=\"text-align: justify;\">Los abusos atrapan sobre todo a los d\u00e9biles, y las debilidades en las personas son puertas abiertas al bajo astral, hermanos de baja condici\u00f3n que se unen al encarnado para hacerle da\u00f1o y causarle el fracaso en sus compromisos espirituales, porque una vez que te metes en ese c\u00edrculo es muy dif\u00edcil salir de esos ambientes.<\/p>\n<p style=\"text-align: justify;\">Muchas personas dicen: quiero dejar el alcohol, las drogas, el juego\u2026, pero con la boca peque\u00f1a, ya que cuando empiezan los tratamientos los abandonan al poco tiempo con excusas como: No puedo, es superior a m\u00ed, para qu\u00e9 dejarlo si no hago da\u00f1o a nadie\u2026 Estas excusas son para no tener que hacer el esfuerzo de luchar. La fuerza de voluntad la tienen pero no la quieren sacar, &nbsp;y la ayuda espiritual si se pide de coraz\u00f3n tambi\u00e9n se tiene.<\/p>\n<p style=\"text-align: justify;\">Pero el debilitamiento de la materia por los excesos y los obsesores que alimentan las ideas de volver a caer, hacen dif\u00edcil recuperarse, son encarnados ignorantes de su realidad espiritual que se complacen con ellas y no quieren dejarlas. Sin embargo para otros, que se dan cuenta de que esos excesos destrozan su vida; vencer el vicio, la lucha contra s\u00ed mismo, es un triunfo del esp\u00edritu sobre la materia.<\/p>\n<p style=\"text-align: justify;\">&nbsp;El ego\u00edsmo es el causante de todos estos males, en el que podr\u00edamos incluir el hedonismo, la cobard\u00eda, la comodidad, el orgullo\u2026 aspectos del esp\u00edritu que entorpecen mucho el crecimiento del mismo. Actitudes que no permiten una sana relaci\u00f3n con el semejante, alej\u00e1ndolos, y porque los&nbsp; hermanos espirituales de baja condici\u00f3n no los dejan ni un minuto, los enredan con pensamientos pesimistas para hundirlos m\u00e1s en la amargura y adicciones. En esos casos, el hermano protector lo tiene muy complicado por las distancias vibratorias que se generan, es decir, una sinton\u00eda espiritual &nbsp;alejada del bien y del equilibrio, dificultando sobremanera su labor de ayuda y rescate.<\/p>\n<p style=\"text-align: justify;\">El ego\u00edsmo, origen de todos los vicios, se va desarrollando entre otros motivos, a medida que el joven recibe malos ejemplos, tambi\u00e9n puede estar incentivando por desenga\u00f1os o interpretaciones respecto a comportamientos ajenos, que nos inducen a pensar que cada quien va a la suya y que nadie se preocupa por nadie. Es una forma simplista de justificar las deficiencias propias y de ver s\u00f3lo una parte de la convivencia humana desde un punto de vista negativo.<\/p>\n<p style=\"text-align: justify;\">La causa puede estar tambi\u00e9n en la familia; el cada vez mayor n\u00famero de separaciones y de divorcios en nuestra sociedad trasladan a los hijos, en la inmensa mayor\u00eda de los casos, el mensaje del desamor, que la convivencia es muy dif\u00edcil y de que los problemas en lugar de afrontarlos con coraje, paciencia y buena voluntad, es preferible abandonar la lucha en com\u00fan a las primeras de cambio, para buscar nuevos est\u00edmulos en otra parte, con otras personas diferentes. Les trasladamos inconscientemente a nuestros hijos un mensaje de fragilidad, de valores pero ef\u00edmeros, inconsistentes, muchas veces compensados con regalos y alicientes materiales que desv\u00eden la atenci\u00f3n de los verdaderos problemas.<\/p>\n<p style=\"text-align: justify;\">No obstante, ejemplos positivos los hay, se prodigan a nuestro alrededor aunque no estemos atentos, familias unidas por el afecto y el amor sincero pese a las dificultades que todos tenemos, tambi\u00e9n personas que pasan desapercibidas que demuestran con infinidad de detalles de cara a la sociedad, las enormes posibilidades del amor en acci\u00f3n y de la caridad sentida y realizada. Como dijo el Maestro hace dos mil a\u00f1os, actuando siempre con ejemplaridad: <strong><em>\u201cEl que tenga ojos para ver que vea, el que tenga o\u00eddos para o\u00edr que oiga\u201d<\/em><\/strong><\/p>\n<p style=\"text-align: justify;\">En definitiva, el hombre que vive ego\u00edstamente, con hipocres\u00eda, da\u00f1ando a los que les rodean, tarde o temprano sufrir\u00e1 el dolor y sufrimiento que en su d\u00eda provoc\u00f3; es la Ley de causa y efecto.<\/p>\n<p style=\"text-align: justify;\">En la sociedad de hoy en d\u00eda, estos comportamientos son los que toman relieve; los j\u00f3venes no se deben dejar arrastrar por ellos,&nbsp; tampoco se puede pretender cambiar a los dem\u00e1s, pero si ser firmes con uno mismo, sabiendo lo que se quiere conseguir, siguiendo un camino de valores espirituales que ayuden a luchar, para ir eliminando poco a poco las debilidades y fortalecerse interiormente.<\/p>\n<p style=\"text-align: justify;\">Por tanto, el trabajo interno ser\u00e1 la ayuda necesaria para cerrar puertas a las actitudes negativas, a las rebeld\u00edas e incomprensiones que provocan disturbios innecesarios, que provocan un rechazo a las propuestas de vida dise\u00f1ado por lo Alto para elevarse y triunfar. Al mismo tiempo, la firmeza&nbsp; en el desarrollo de los valores morales nos hace apreciar la ayuda espiritual positiva que recibimos y nos&nbsp; alienta para darla a&nbsp; quien lo necesite. Si somos firmes en la predisposici\u00f3n de cambiar, ser\u00e1n los hermanos de luz los que nos acompa\u00f1aran y ayudaran cuando los necesitemos,&nbsp; junto con nuestro hermano protector, para llevar a buen t\u00e9rmino nuestros compromisos espirituales.<\/p>\n<p style=\"text-align: right;\">&nbsp;&nbsp;&nbsp; &nbsp;&nbsp;&nbsp;&nbsp;&nbsp;&nbsp;&nbsp;&nbsp;&nbsp;&nbsp;&nbsp;&nbsp;&nbsp;&nbsp;&nbsp;&nbsp;&nbsp;&nbsp;&nbsp;&nbsp;&nbsp;&nbsp;&nbsp;&nbsp;&nbsp;&nbsp;&nbsp;&nbsp;&nbsp;&nbsp;&nbsp;&nbsp;&nbsp;&nbsp;&nbsp;&nbsp;&nbsp;&nbsp;&nbsp;&nbsp;&nbsp;&nbsp;&nbsp;&nbsp;&nbsp;&nbsp;&nbsp;&nbsp;&nbsp;&nbsp;&nbsp;&nbsp;&nbsp;&nbsp;&nbsp;&nbsp;&nbsp;&nbsp;&nbsp;&nbsp;&nbsp;&nbsp;&nbsp;&nbsp;&nbsp;&nbsp;&nbsp;&nbsp;&nbsp;&nbsp;&nbsp;&nbsp;&nbsp;&nbsp;&nbsp;&nbsp;&nbsp;&nbsp;&nbsp;&nbsp;&nbsp;&nbsp;&nbsp;&nbsp;&nbsp;&nbsp;&nbsp;&nbsp;&nbsp;&nbsp;&nbsp;&nbsp;&nbsp;&nbsp;&nbsp;&nbsp;<span style=\"color: #ffffff;\">Atenuar las malas tendencias por: &nbsp; &nbsp;<\/span> &nbsp; &nbsp; Gloria Quel<\/p>\n<p style=\"text-align: right;\">\u00a92015, Amor, paz y caridad<\/p>\n","protected":false},"excerpt":{"rendered":"<p>Muchas veces pensamos en la sociedad que estamos creando entre todos, y resulta dif\u00edcil no sustraerse de algunas de las tendencias que est\u00e1n surgiendo, y lo mal que lo van a tener las generaciones venideras si esto no cambia. El que todo vale o todo puede hacerse adormece la moral, permitiendo comportamientos perniciosos que se [&hellip;]<\/p>\n","protected":false},"author":103,"featured_media":5000,"comment_status":"open","ping_status":"open","sticky":false,"template":"","format":"standard","meta":{"tdm_status":"","tdm_grid_status":"","footnotes":""},"categories":[2303],"tags":[2494,2294,2493,537,608,781,2491,2492,1744],"ppma_author":[2317],"class_list":{"0":"post-4940","1":"post","2":"type-post","3":"status-publish","4":"format-standard","5":"has-post-thumbnail","7":"category-trabajo-interior","8":"tag-abusos","9":"tag-debilidades","10":"tag-divorcio","11":"tag-egoismo","12":"tag-familia","13":"tag-juventud","14":"tag-malas-tendencias","15":"tag-obsesores","16":"tag-vicios"},"yoast_head":"<!-- This site is optimized with the Yoast SEO plugin v27.7 - https:\/\/yoast.com\/product\/yoast-seo-wordpress\/ -->\n<title>ATENUAR LAS MALAS TENDENCIAS | Amor, paz caridad<\/title>\n<meta name=\"description\" content=\"Atenuar las malas tendencias.\u00a0La mayor\u00eda de las ocasiones los malos h\u00e1bitos, que tienen su principio en el ego\u00edsmo y en el orgullo, empiezan a mostrarse desde que se es muy joven.\u00a0\" \/>\n<meta name=\"robots\" content=\"index, follow, max-snippet:-1, max-image-preview:large, max-video-preview:-1\" \/>\n<link rel=\"canonical\" href=\"https:\/\/amorpazycaridad.es\/atenuar-las-malas-tendencias-2\/\" \/>\n<meta property=\"og:locale\" content=\"es_ES\" \/>\n<meta property=\"og:type\" content=\"article\" \/>\n<meta property=\"og:title\" content=\"ATENUAR LAS MALAS TENDENCIAS | Amor, paz caridad\" \/>\n<meta property=\"og:description\" content=\"Atenuar las malas tendencias.\u00a0La mayor\u00eda de las ocasiones los malos h\u00e1bitos, que tienen su principio en el ego\u00edsmo y en el orgullo, empiezan a mostrarse desde que se es muy joven.\u00a0\" \/>\n<meta property=\"og:url\" content=\"https:\/\/amorpazycaridad.es\/atenuar-las-malas-tendencias-2\/\" \/>\n<meta property=\"og:site_name\" content=\"Amor, paz caridad\" \/>\n<meta property=\"article:publisher\" content=\"http:\/\/www.facebook.com\/pages\/Amor-paz-y-caridad\/1594978604096866\" \/>\n<meta property=\"article:published_time\" content=\"2016-01-18T05:04:28+00:00\" \/>\n<meta property=\"article:modified_time\" content=\"2019-02-01T05:54:00+00:00\" \/>\n<meta property=\"og:image\" content=\"https:\/\/amorpazycaridad.es\/wp-content\/uploads\/2016\/01\/malas-tendencias.jpg\" \/>\n\t<meta property=\"og:image:width\" content=\"750\" \/>\n\t<meta property=\"og:image:height\" content=\"350\" \/>\n\t<meta property=\"og:image:type\" content=\"image\/jpeg\" \/>\n<meta name=\"author\" content=\"Gloria\" \/>\n<meta name=\"twitter:card\" content=\"summary_large_image\" \/>\n<meta name=\"twitter:creator\" content=\"@amorpazycaridad\" \/>\n<meta name=\"twitter:site\" content=\"@amorpazycaridad\" \/>\n<meta name=\"twitter:label1\" content=\"Escrito por\" \/>\n\t<meta name=\"twitter:data1\" content=\"Gloria Quel\" \/>\n\t<meta name=\"twitter:label2\" content=\"Tiempo de lectura\" \/>\n\t<meta name=\"twitter:data2\" content=\"7 minutos\" \/>\n<script type=\"application\/ld+json\" class=\"yoast-schema-graph\">{\"@context\":\"https:\\\/\\\/schema.org\",\"@graph\":[{\"@type\":\"Article\",\"@id\":\"https:\\\/\\\/amorpazycaridad.es\\\/atenuar-las-malas-tendencias-2\\\/#article\",\"isPartOf\":{\"@id\":\"https:\\\/\\\/amorpazycaridad.es\\\/atenuar-las-malas-tendencias-2\\\/\"},\"author\":{\"name\":\"Gloria Quel\",\"@id\":\"https:\\\/\\\/amorpazycaridad.es\\\/#\\\/schema\\\/person\\\/7987b988126ef78d53bc382530ad92c2\"},\"headline\":\"ATENUAR LAS MALAS TENDENCIAS\",\"datePublished\":\"2016-01-18T05:04:28+00:00\",\"dateModified\":\"2019-02-01T05:54:00+00:00\",\"mainEntityOfPage\":{\"@id\":\"https:\\\/\\\/amorpazycaridad.es\\\/atenuar-las-malas-tendencias-2\\\/\"},\"wordCount\":1417,\"commentCount\":0,\"publisher\":{\"@id\":\"https:\\\/\\\/amorpazycaridad.es\\\/#organization\"},\"image\":{\"@id\":\"https:\\\/\\\/amorpazycaridad.es\\\/atenuar-las-malas-tendencias-2\\\/#primaryimage\"},\"thumbnailUrl\":\"https:\\\/\\\/amorpazy-cp515.wordpresstemporal.com\\\/amorpazycaridad.es\\\/wp-content\\\/uploads\\\/2016\\\/01\\\/malas-tendencias.jpg\",\"keywords\":[\"abusos\",\"Debilidades\",\"divorcio\",\"egoismo\",\"familia\",\"Juventud\",\"Malas tendencias\",\"obsesores\",\"Vicios\"],\"articleSection\":[\"Trabajo Interior\"],\"inLanguage\":\"es\",\"potentialAction\":[{\"@type\":\"CommentAction\",\"name\":\"Comment\",\"target\":[\"https:\\\/\\\/amorpazycaridad.es\\\/atenuar-las-malas-tendencias-2\\\/#respond\"]}]},{\"@type\":\"WebPage\",\"@id\":\"https:\\\/\\\/amorpazycaridad.es\\\/atenuar-las-malas-tendencias-2\\\/\",\"url\":\"https:\\\/\\\/amorpazycaridad.es\\\/atenuar-las-malas-tendencias-2\\\/\",\"name\":\"ATENUAR LAS MALAS TENDENCIAS | Amor, paz caridad\",\"isPartOf\":{\"@id\":\"https:\\\/\\\/amorpazycaridad.es\\\/#website\"},\"primaryImageOfPage\":{\"@id\":\"https:\\\/\\\/amorpazycaridad.es\\\/atenuar-las-malas-tendencias-2\\\/#primaryimage\"},\"image\":{\"@id\":\"https:\\\/\\\/amorpazycaridad.es\\\/atenuar-las-malas-tendencias-2\\\/#primaryimage\"},\"thumbnailUrl\":\"https:\\\/\\\/amorpazy-cp515.wordpresstemporal.com\\\/amorpazycaridad.es\\\/wp-content\\\/uploads\\\/2016\\\/01\\\/malas-tendencias.jpg\",\"datePublished\":\"2016-01-18T05:04:28+00:00\",\"dateModified\":\"2019-02-01T05:54:00+00:00\",\"description\":\"Atenuar las malas tendencias.\u00a0La mayor\u00eda de las ocasiones los malos h\u00e1bitos, que tienen su principio en el ego\u00edsmo y en el orgullo, empiezan a mostrarse desde que se es muy joven.\u00a0\",\"breadcrumb\":{\"@id\":\"https:\\\/\\\/amorpazycaridad.es\\\/atenuar-las-malas-tendencias-2\\\/#breadcrumb\"},\"inLanguage\":\"es\",\"potentialAction\":[{\"@type\":\"ReadAction\",\"target\":[\"https:\\\/\\\/amorpazycaridad.es\\\/atenuar-las-malas-tendencias-2\\\/\"]}]},{\"@type\":\"ImageObject\",\"inLanguage\":\"es\",\"@id\":\"https:\\\/\\\/amorpazycaridad.es\\\/atenuar-las-malas-tendencias-2\\\/#primaryimage\",\"url\":\"https:\\\/\\\/amorpazy-cp515.wordpresstemporal.com\\\/amorpazycaridad.es\\\/wp-content\\\/uploads\\\/2016\\\/01\\\/malas-tendencias.jpg\",\"contentUrl\":\"https:\\\/\\\/amorpazy-cp515.wordpresstemporal.com\\\/amorpazycaridad.es\\\/wp-content\\\/uploads\\\/2016\\\/01\\\/malas-tendencias.jpg\",\"width\":750,\"height\":350,\"caption\":\"Fotograf\u00eda de Christos Tsoumplekas\"},{\"@type\":\"BreadcrumbList\",\"@id\":\"https:\\\/\\\/amorpazycaridad.es\\\/atenuar-las-malas-tendencias-2\\\/#breadcrumb\",\"itemListElement\":[{\"@type\":\"ListItem\",\"position\":1,\"name\":\"Portada\",\"item\":\"https:\\\/\\\/amorpazycaridad.es\\\/\"},{\"@type\":\"ListItem\",\"position\":2,\"name\":\"ATENUAR LAS MALAS TENDENCIAS\"}]},{\"@type\":\"WebSite\",\"@id\":\"https:\\\/\\\/amorpazycaridad.es\\\/#website\",\"url\":\"https:\\\/\\\/amorpazycaridad.es\\\/\",\"name\":\"Amor, paz caridad\",\"description\":\"Conocimiento espiritual, espiritismo, espiritualismo, leyes universales, m\u00e1s all\u00e1, vida despu\u00e9s de la vida,\",\"publisher\":{\"@id\":\"https:\\\/\\\/amorpazycaridad.es\\\/#organization\"},\"potentialAction\":[{\"@type\":\"SearchAction\",\"target\":{\"@type\":\"EntryPoint\",\"urlTemplate\":\"https:\\\/\\\/amorpazycaridad.es\\\/?s={search_term_string}\"},\"query-input\":{\"@type\":\"PropertyValueSpecification\",\"valueRequired\":true,\"valueName\":\"search_term_string\"}}],\"inLanguage\":\"es\"},{\"@type\":\"Organization\",\"@id\":\"https:\\\/\\\/amorpazycaridad.es\\\/#organization\",\"name\":\"Asociaci\u00f3n de Estudios Espirituales Grupo Villena\",\"url\":\"https:\\\/\\\/amorpazycaridad.es\\\/\",\"logo\":{\"@type\":\"ImageObject\",\"inLanguage\":\"es\",\"@id\":\"https:\\\/\\\/amorpazycaridad.es\\\/#\\\/schema\\\/logo\\\/image\\\/\",\"url\":\"https:\\\/\\\/amorpazycaridad.es\\\/wp-content\\\/uploads\\\/2015\\\/01\\\/logo-fav-e1420247830294.jpg\",\"contentUrl\":\"https:\\\/\\\/amorpazycaridad.es\\\/wp-content\\\/uploads\\\/2015\\\/01\\\/logo-fav-e1420247830294.jpg\",\"width\":144,\"height\":144,\"caption\":\"Asociaci\u00f3n de Estudios Espirituales Grupo Villena\"},\"image\":{\"@id\":\"https:\\\/\\\/amorpazycaridad.es\\\/#\\\/schema\\\/logo\\\/image\\\/\"},\"sameAs\":[\"http:\\\/\\\/www.facebook.com\\\/pages\\\/Amor-paz-y-caridad\\\/1594978604096866\",\"https:\\\/\\\/x.com\\\/amorpazycaridad\",\"https:\\\/\\\/es.pinterest.com\\\/amorpazycaridad\\\/\",\"https:\\\/\\\/www.youtube.com\\\/channel\\\/UC1GvDIDCLoL02SzOD7NJdrA\"]},{\"@type\":\"Person\",\"@id\":\"https:\\\/\\\/amorpazycaridad.es\\\/#\\\/schema\\\/person\\\/7987b988126ef78d53bc382530ad92c2\",\"name\":\"Gloria Quel\",\"image\":{\"@type\":\"ImageObject\",\"inLanguage\":\"es\",\"@id\":\"https:\\\/\\\/amorpazycaridad.es\\\/wp-content\\\/uploads\\\/2017\\\/01\\\/Archivo-20-1-17-19-33-56-96x96.jpeg8edb225628e8c6894a7b2d3a9cc8f8d7\",\"url\":\"https:\\\/\\\/amorpazycaridad.es\\\/wp-content\\\/uploads\\\/2017\\\/01\\\/Archivo-20-1-17-19-33-56-96x96.jpeg\",\"contentUrl\":\"https:\\\/\\\/amorpazycaridad.es\\\/wp-content\\\/uploads\\\/2017\\\/01\\\/Archivo-20-1-17-19-33-56-96x96.jpeg\",\"caption\":\"Gloria Quel\"},\"description\":\"Gloria Quel Benedicto es ama de casa y madre de tres hijos. Pertenece a la Asociaci\u00f3n de Estudios Espirituales \\\"Grupo Villena\\\" desde hace m\u00e1s de 25 a\u00f1os. Forma parte del equipo de redacci\u00f3n de esta web. Escribe asiduamente interesantes art\u00edculos de opini\u00f3n sobre temas de actualidad, aportando sus conocimientos y experiencia.\",\"url\":\"https:\\\/\\\/amorpazy-cp515.wordpresstemporal.com\\\/amorpazycaridad.es\\\/author\\\/gloria\\\/\"}]}<\/script>\n<!-- \/ Yoast SEO plugin. -->","yoast_head_json":{"title":"ATENUAR LAS MALAS TENDENCIAS | Amor, paz caridad","description":"Atenuar las malas tendencias.\u00a0La mayor\u00eda de las ocasiones los malos h\u00e1bitos, que tienen su principio en el ego\u00edsmo y en el orgullo, empiezan a mostrarse desde que se es muy joven.\u00a0","robots":{"index":"index","follow":"follow","max-snippet":"max-snippet:-1","max-image-preview":"max-image-preview:large","max-video-preview":"max-video-preview:-1"},"canonical":"https:\/\/amorpazycaridad.es\/atenuar-las-malas-tendencias-2\/","og_locale":"es_ES","og_type":"article","og_title":"ATENUAR LAS MALAS TENDENCIAS | Amor, paz caridad","og_description":"Atenuar las malas tendencias.\u00a0La mayor\u00eda de las ocasiones los malos h\u00e1bitos, que tienen su principio en el ego\u00edsmo y en el orgullo, empiezan a mostrarse desde que se es muy joven.\u00a0","og_url":"https:\/\/amorpazycaridad.es\/atenuar-las-malas-tendencias-2\/","og_site_name":"Amor, paz caridad","article_publisher":"http:\/\/www.facebook.com\/pages\/Amor-paz-y-caridad\/1594978604096866","article_published_time":"2016-01-18T05:04:28+00:00","article_modified_time":"2019-02-01T05:54:00+00:00","og_image":[{"width":750,"height":350,"url":"https:\/\/amorpazycaridad.es\/wp-content\/uploads\/2016\/01\/malas-tendencias.jpg","type":"image\/jpeg"}],"author":"Gloria","twitter_card":"summary_large_image","twitter_creator":"@amorpazycaridad","twitter_site":"@amorpazycaridad","twitter_misc":{"Escrito por":"Gloria Quel","Tiempo de lectura":"7 minutos"},"schema":{"@context":"https:\/\/schema.org","@graph":[{"@type":"Article","@id":"https:\/\/amorpazycaridad.es\/atenuar-las-malas-tendencias-2\/#article","isPartOf":{"@id":"https:\/\/amorpazycaridad.es\/atenuar-las-malas-tendencias-2\/"},"author":{"name":"Gloria Quel","@id":"https:\/\/amorpazycaridad.es\/#\/schema\/person\/7987b988126ef78d53bc382530ad92c2"},"headline":"ATENUAR LAS MALAS TENDENCIAS","datePublished":"2016-01-18T05:04:28+00:00","dateModified":"2019-02-01T05:54:00+00:00","mainEntityOfPage":{"@id":"https:\/\/amorpazycaridad.es\/atenuar-las-malas-tendencias-2\/"},"wordCount":1417,"commentCount":0,"publisher":{"@id":"https:\/\/amorpazycaridad.es\/#organization"},"image":{"@id":"https:\/\/amorpazycaridad.es\/atenuar-las-malas-tendencias-2\/#primaryimage"},"thumbnailUrl":"https:\/\/amorpazy-cp515.wordpresstemporal.com\/amorpazycaridad.es\/wp-content\/uploads\/2016\/01\/malas-tendencias.jpg","keywords":["abusos","Debilidades","divorcio","egoismo","familia","Juventud","Malas tendencias","obsesores","Vicios"],"articleSection":["Trabajo Interior"],"inLanguage":"es","potentialAction":[{"@type":"CommentAction","name":"Comment","target":["https:\/\/amorpazycaridad.es\/atenuar-las-malas-tendencias-2\/#respond"]}]},{"@type":"WebPage","@id":"https:\/\/amorpazycaridad.es\/atenuar-las-malas-tendencias-2\/","url":"https:\/\/amorpazycaridad.es\/atenuar-las-malas-tendencias-2\/","name":"ATENUAR LAS MALAS TENDENCIAS | Amor, paz caridad","isPartOf":{"@id":"https:\/\/amorpazycaridad.es\/#website"},"primaryImageOfPage":{"@id":"https:\/\/amorpazycaridad.es\/atenuar-las-malas-tendencias-2\/#primaryimage"},"image":{"@id":"https:\/\/amorpazycaridad.es\/atenuar-las-malas-tendencias-2\/#primaryimage"},"thumbnailUrl":"https:\/\/amorpazy-cp515.wordpresstemporal.com\/amorpazycaridad.es\/wp-content\/uploads\/2016\/01\/malas-tendencias.jpg","datePublished":"2016-01-18T05:04:28+00:00","dateModified":"2019-02-01T05:54:00+00:00","description":"Atenuar las malas tendencias.\u00a0La mayor\u00eda de las ocasiones los malos h\u00e1bitos, que tienen su principio en el ego\u00edsmo y en el orgullo, empiezan a mostrarse desde que se es muy joven.\u00a0","breadcrumb":{"@id":"https:\/\/amorpazycaridad.es\/atenuar-las-malas-tendencias-2\/#breadcrumb"},"inLanguage":"es","potentialAction":[{"@type":"ReadAction","target":["https:\/\/amorpazycaridad.es\/atenuar-las-malas-tendencias-2\/"]}]},{"@type":"ImageObject","inLanguage":"es","@id":"https:\/\/amorpazycaridad.es\/atenuar-las-malas-tendencias-2\/#primaryimage","url":"https:\/\/amorpazy-cp515.wordpresstemporal.com\/amorpazycaridad.es\/wp-content\/uploads\/2016\/01\/malas-tendencias.jpg","contentUrl":"https:\/\/amorpazy-cp515.wordpresstemporal.com\/amorpazycaridad.es\/wp-content\/uploads\/2016\/01\/malas-tendencias.jpg","width":750,"height":350,"caption":"Fotograf\u00eda de Christos Tsoumplekas"},{"@type":"BreadcrumbList","@id":"https:\/\/amorpazycaridad.es\/atenuar-las-malas-tendencias-2\/#breadcrumb","itemListElement":[{"@type":"ListItem","position":1,"name":"Portada","item":"https:\/\/amorpazycaridad.es\/"},{"@type":"ListItem","position":2,"name":"ATENUAR LAS MALAS TENDENCIAS"}]},{"@type":"WebSite","@id":"https:\/\/amorpazycaridad.es\/#website","url":"https:\/\/amorpazycaridad.es\/","name":"Amor, paz caridad","description":"Conocimiento espiritual, espiritismo, espiritualismo, leyes universales, m\u00e1s all\u00e1, vida despu\u00e9s de la vida,","publisher":{"@id":"https:\/\/amorpazycaridad.es\/#organization"},"potentialAction":[{"@type":"SearchAction","target":{"@type":"EntryPoint","urlTemplate":"https:\/\/amorpazycaridad.es\/?s={search_term_string}"},"query-input":{"@type":"PropertyValueSpecification","valueRequired":true,"valueName":"search_term_string"}}],"inLanguage":"es"},{"@type":"Organization","@id":"https:\/\/amorpazycaridad.es\/#organization","name":"Asociaci\u00f3n de Estudios Espirituales Grupo Villena","url":"https:\/\/amorpazycaridad.es\/","logo":{"@type":"ImageObject","inLanguage":"es","@id":"https:\/\/amorpazycaridad.es\/#\/schema\/logo\/image\/","url":"https:\/\/amorpazycaridad.es\/wp-content\/uploads\/2015\/01\/logo-fav-e1420247830294.jpg","contentUrl":"https:\/\/amorpazycaridad.es\/wp-content\/uploads\/2015\/01\/logo-fav-e1420247830294.jpg","width":144,"height":144,"caption":"Asociaci\u00f3n de Estudios Espirituales Grupo Villena"},"image":{"@id":"https:\/\/amorpazycaridad.es\/#\/schema\/logo\/image\/"},"sameAs":["http:\/\/www.facebook.com\/pages\/Amor-paz-y-caridad\/1594978604096866","https:\/\/x.com\/amorpazycaridad","https:\/\/es.pinterest.com\/amorpazycaridad\/","https:\/\/www.youtube.com\/channel\/UC1GvDIDCLoL02SzOD7NJdrA"]},{"@type":"Person","@id":"https:\/\/amorpazycaridad.es\/#\/schema\/person\/7987b988126ef78d53bc382530ad92c2","name":"Gloria Quel","image":{"@type":"ImageObject","inLanguage":"es","@id":"https:\/\/amorpazycaridad.es\/wp-content\/uploads\/2017\/01\/Archivo-20-1-17-19-33-56-96x96.jpeg8edb225628e8c6894a7b2d3a9cc8f8d7","url":"https:\/\/amorpazycaridad.es\/wp-content\/uploads\/2017\/01\/Archivo-20-1-17-19-33-56-96x96.jpeg","contentUrl":"https:\/\/amorpazycaridad.es\/wp-content\/uploads\/2017\/01\/Archivo-20-1-17-19-33-56-96x96.jpeg","caption":"Gloria Quel"},"description":"Gloria Quel Benedicto es ama de casa y madre de tres hijos. Pertenece a la Asociaci\u00f3n de Estudios Espirituales \"Grupo Villena\" desde hace m\u00e1s de 25 a\u00f1os. Forma parte del equipo de redacci\u00f3n de esta web. Escribe asiduamente interesantes art\u00edculos de opini\u00f3n sobre temas de actualidad, aportando sus conocimientos y experiencia.","url":"https:\/\/amorpazy-cp515.wordpresstemporal.com\/amorpazycaridad.es\/author\/gloria\/"}]}},"authors":[{"term_id":2317,"user_id":0,"is_guest":1,"slug":"cap-gloria","display_name":"Gloria","avatar_url":"https:\/\/secure.gravatar.com\/avatar\/?s=96&d=mm&r=g","0":null,"1":"","2":"","3":"","4":"","5":"","6":"","7":"","8":""}],"_links":{"self":[{"href":"https:\/\/amorpazy-cp515.wordpresstemporal.com\/amorpazycaridad.es\/wp-json\/wp\/v2\/posts\/4940","targetHints":{"allow":["GET"]}}],"collection":[{"href":"https:\/\/amorpazy-cp515.wordpresstemporal.com\/amorpazycaridad.es\/wp-json\/wp\/v2\/posts"}],"about":[{"href":"https:\/\/amorpazy-cp515.wordpresstemporal.com\/amorpazycaridad.es\/wp-json\/wp\/v2\/types\/post"}],"author":[{"embeddable":true,"href":"https:\/\/amorpazy-cp515.wordpresstemporal.com\/amorpazycaridad.es\/wp-json\/wp\/v2\/users\/103"}],"replies":[{"embeddable":true,"href":"https:\/\/amorpazy-cp515.wordpresstemporal.com\/amorpazycaridad.es\/wp-json\/wp\/v2\/comments?post=4940"}],"version-history":[{"count":6,"href":"https:\/\/amorpazy-cp515.wordpresstemporal.com\/amorpazycaridad.es\/wp-json\/wp\/v2\/posts\/4940\/revisions"}],"predecessor-version":[{"id":10794,"href":"https:\/\/amorpazy-cp515.wordpresstemporal.com\/amorpazycaridad.es\/wp-json\/wp\/v2\/posts\/4940\/revisions\/10794"}],"wp:featuredmedia":[{"embeddable":true,"href":"https:\/\/amorpazy-cp515.wordpresstemporal.com\/amorpazycaridad.es\/wp-json\/wp\/v2\/media\/5000"}],"wp:attachment":[{"href":"https:\/\/amorpazy-cp515.wordpresstemporal.com\/amorpazycaridad.es\/wp-json\/wp\/v2\/media?parent=4940"}],"wp:term":[{"taxonomy":"category","embeddable":true,"href":"https:\/\/amorpazy-cp515.wordpresstemporal.com\/amorpazycaridad.es\/wp-json\/wp\/v2\/categories?post=4940"},{"taxonomy":"post_tag","embeddable":true,"href":"https:\/\/amorpazy-cp515.wordpresstemporal.com\/amorpazycaridad.es\/wp-json\/wp\/v2\/tags?post=4940"},{"taxonomy":"author","embeddable":true,"href":"https:\/\/amorpazy-cp515.wordpresstemporal.com\/amorpazycaridad.es\/wp-json\/wp\/v2\/ppma_author?post=4940"}],"curies":[{"name":"wp","href":"https:\/\/api.w.org\/{rel}","templated":true}]}}