{"id":4891,"date":"2016-01-20T06:18:24","date_gmt":"2016-01-20T05:18:24","guid":{"rendered":"https:\/\/amorpazycaridad.es\/?p=4891"},"modified":"2016-01-21T07:06:49","modified_gmt":"2016-01-21T06:06:49","slug":"honraras-a-tu-padre-y-a-tu-madre","status":"publish","type":"post","link":"https:\/\/amorpazy-cp515.wordpresstemporal.com\/amorpazycaridad.es\/honraras-a-tu-padre-y-a-tu-madre\/","title":{"rendered":"HONRARAS A TU PADRE Y A TU MADRE"},"content":{"rendered":"<p style=\"text-align: justify;\"><strong>Honraras a tu padre y a tu madre<\/strong> todos sabemos lo que quiere decir esto, sin embargo parece que en la sociedad actual, al menos para una gran parte de la misma, esta cuesti\u00f3n ha pasado de ser importante, ya que en muchos casos dejamos a nuestros padres internados en centros geri\u00e1tricos, o asilos, dejando que sean \u00ablos profesionales\u00bb quienes se encarguen de ellos y se ocupen de su salud. Todo ello con el pretexto de que van a estar mucho mejor atendidos y no les va a faltar de nada.<\/p>\n<p style=\"text-align: justify;\">\u00a0Es la excusa perfecta para tener o pretender tranquilizar a nuestra conciencia, pensando que lo que hacemos es lo mejor para ellos, puesto que nosotros no los podemos atender y que all\u00ed, van a estar mucho mejor.<\/p>\n<p style=\"text-align: justify;\">\u00a0Reflexionemos por un momento, \u00bfes eso lo que querr\u00edamos para nosotros? O preferir\u00edamos estar en nuestra casa, atendidos por los nuestros, por los seres queridos, hijos, nietos, nuestra familia en definitiva, por la que hemos hecho todo lo posible y lo imposible, por su bienestar, su educaci\u00f3n?<\/p>\n<p style=\"text-align: justify;\">\u00a0Acaso no nos gustar\u00eda\u00a0 esto m\u00e1s que estar rodeados de desconocidos, seres extra\u00f1os, que por mucho que quieran, la raz\u00f3n de estar ah\u00ed, es para ganarse un sueldo.<\/p>\n<p style=\"text-align: justify;\">\u00a0Como sustituir el cari\u00f1o, el sentimiento, el amor de los nuestros, por muy profesionales que sean los que se ocupen de nosotros, \u00bfacaso somos muebles viejos, inservibles, a los que nos hace falta una mano de pintura, una reparaci\u00f3n y un taller en el que terminar nuestros d\u00edas?<\/p>\n<p style=\"text-align: justify;\">\u00a0No, el amor de los hijos, de la familia en general, es insustituible. El cari\u00f1o que los mayores necesitan se asemeja al que necesitamos cuando ni\u00f1os, y eso no se puede sustituir por ninguna academia de puericultura.<\/p>\n<p style=\"text-align: justify;\">\u00a0Hablar del amor con may\u00fasculas, de los valores que se necesitan para poder ejercerlo y del progreso espiritual, es sin duda hablar del amor y la dedicaci\u00f3n que les debemos a nuestros padres, en particular y de los mayores en general. Pero para eso, hacen falta dos cosas, la primera; haber recibido ese ejemplo de los propios padres, y la segunda; estar dotados de los valores morales que nos capacitan para ser conscientes de lo mucho que nos pueden llegar a necesitar nuestros padres. Y de lo mucho que necesitamos nosotros de volcarnos hacia ellos para mostrar el grado de sensibilidad, el afecto y el grado de educaci\u00f3n y conducta adquiridlos.<\/p>\n<p style=\"text-align: justify;\">\u00a0Qu\u00e9 podemos darles a nuestros padres en esa fase de su vida si no es paz y amor, en forma de entrega, de respeto y de ofrecimiento en todo aquello que puedan necesitar. Quiz\u00e1s ellos no nos lo pidan, porque quieren seguir vali\u00e9ndose por s\u00ed mismos hasta el final, pero nosotros tenemos que estar ah\u00ed, con todo el cari\u00f1o, la comprensi\u00f3n, y la buena actitud y disposici\u00f3n.<\/p>\n<p style=\"text-align: justify;\">\u00a0Que satisfacci\u00f3n no ser\u00e1 esta para ellos, poder ver y apreciar que sus hijos no los olvidan, que sus nietos sienten por ellos el amor y la gratitud hacia los mayores, y en especial hacia los seres gracias a los cuales se perpet\u00faan los lazos familiares, y que todo cuanto puedan necesitar ni siquiera han de pedirlo, porque los suyos est\u00e1n al tanto de sus necesidades.\u00a0 Esto es algo que no se puede pagar, s\u00f3lo se paga con amor, como dec\u00eda Amalia Domingo Soler: \u00abAmor con amor se paga\u201d.<\/p>\n<p style=\"text-align: justify;\">\u00a0No deber\u00edan haber mayores sin asistencia por parte de los hijos y del resto de la familia, es una de las cosas que debemos considerar sagradas, algo por lo que hemos de ser capaces de renunciar a lo que haga falta, y de hacer el esfuerzo necesario para que no tengan que recurrir a otro medio.<\/p>\n<p style=\"text-align: justify;\">\u00a0Est\u00e1 bien que existan centros geri\u00e1tricos y lugares especializados para atender las necesidades de los ancianos, pero siempre y cuando resulte del todo imposible atenderles de primera mano por los familiares, en ello va la dignidad de ellos, y el desarrollo de nuestro coraz\u00f3n en nosotros, que es sin duda uno de los mayores retos que tenemos ante la vida y ante Dios.<\/p>\n<p style=\"text-align: justify;\">\u00a0Nuestros padres se merecen que les devolvamos todo cuanto ellos hicieron por nosotros. S\u00f3lo por el hecho de habernos dado la vida, es motivo suficiente para honrarles y respetarles; como dice la\u00a0 Ley por encima de todo. Podemos tener muchas responsabilidades, la de atender y estar al lado de nuestros padres, sin duda es una de las mayores que podamos tener.<\/p>\n<p style=\"text-align: justify;\">\u00a0Pueden haber casos en los que nuestros padres no se portaron lo suficientemente bien con nosotros, eso es algo que podamos alegar, y que quiz\u00e1s, seg\u00fan el dicho, deber\u00edamos actuar devolviendo con la misma moneda; nada m\u00e1s lejos de la realidad.\u00a0 Es entonces cuando debemos demostrar lo que hemos aprendido, elev\u00e1ndonos por encima del ego\u00edsmo y de las cuestiones\u00a0 particulares. Adem\u00e1s de que, no sabemos realmente por qu\u00e9 no nos supieron ofrecer de ni\u00f1os todo aquello que necesit\u00e1bamos.<\/p>\n<p style=\"text-align: justify;\">\u00a0La vida es evoluci\u00f3n, es dar sin pedir nada a cambio, y mientras estemos encarnados desconocemos muchos de los motivos, por los cuales pasamos una serie de experiencias, no siempre de nuestro gusto.<\/p>\n<p style=\"text-align: justify;\">\u00a0Pero esto no es motivo para dejarlos de lado, sino para echar una semilla en esos corazones y dejar que la ley de Amor obre en ellos la transformaci\u00f3n cara a las nuevas existencias.<\/p>\n<p style=\"text-align: justify;\">\u00a0No hay nada mejor que una familia unida, y esta es quiz\u00e1s, una de las asignaturas pendientes que tenemos en general; sobre todo, en las civilizaciones occidentales. No queremos compromisos, no queremos obligaciones y este hecho nos hace distanciarnos y establecer barreras, incluso ante los miembros de una misma familia, mientras que deber\u00eda ser todo lo contrario.<\/p>\n<p style=\"text-align: justify;\">\u00a0La satisfacci\u00f3n que podemos ofrecer a nuestros progenitores, al poder comprobar que los miembros de su familia se mantienen unidos, afianzando a lo largo de sus vidas ese <em>v\u00ednculo familiar<\/em>, y prest\u00e1ndose mutua ayuda, cari\u00f1o y confianza, es uno de los dos mayores logros que podemos alcanzar en una existencia. Sabemos que en muchas ocasiones venimos unidos por los lazos de la carne para limar y superar viejas rencillas y deudas del pasado, es por eso que en muchas ocasiones, cuando vuelven a salir las tendencias de otrora, volvemos a recaer en los mismos errores.<\/p>\n<p style=\"text-align: justify;\">\u00a0Es entonces cuando debemos hacer un esfuerzo, atendiendo a la ley y al elevado mandamiento de honrar al padre y a la madre, haciendo extensivo este mandato a todos los miembros de la familia.<\/p>\n<p style=\"text-align: justify;\"><strong>\u00a0Solo retribuir el amor recibido por nuestros padres, desde que somos engendrados hasta que alcanzamos la madurez, es un s\u00edmbolo de agradecimiento que es de obligado cumplimiento para un esp\u00edritu medianamente evolucionado. Y sin esta gratitud ampliamente merecida por ellos deberemos dar cuenta el d\u00eda de ma\u00f1ana; tal como ellos dar\u00e1n cuenta ante la ley de Dios por c\u00f3mo nos educaron y nos prepararon para el camino de la vida.<\/strong><\/p>\n<p style=\"text-align: justify;\">\u00a0No nos demoremos en hacer realidad esta cuesti\u00f3n, quiz\u00e1s a nuestros padres les quede poco tiempo de estar entre nosotros f\u00edsicamente, y quiz\u00e1s tengamos cosas pendientes y todo nuestro amor por ofrecer.<\/p>\n<p style=\"text-align: right;\"><span style=\"color: #ffffff;\">Honraras a tu padre y a tu madre por:<\/span> \u00a0Ferm\u00edn Hern\u00e1ndez Hern\u00e1ndez.<\/p>\n<p style=\"text-align: right;\">\u00a92015, Amor, paz y caridad<\/p>\n","protected":false},"excerpt":{"rendered":"<p>Honraras a tu padre y a tu madre todos sabemos lo que quiere decir esto, sin embargo parece que en la sociedad actual, al menos para una gran parte de la misma, esta cuesti\u00f3n ha pasado de ser importante, ya que en muchos casos dejamos a nuestros padres internados en centros geri\u00e1tricos, o asilos, dejando [&hellip;]<\/p>\n","protected":false},"author":4,"featured_media":5003,"comment_status":"open","ping_status":"open","sticky":false,"template":"","format":"standard","meta":{"tdm_status":"","tdm_grid_status":"","footnotes":""},"categories":[2236],"tags":[2457,608,2456,2507,1312,1736,431],"ppma_author":[393],"class_list":{"0":"post-4891","1":"post","2":"type-post","3":"status-publish","4":"format-standard","5":"has-post-thumbnail","7":"category-el-amor","8":"tag-entrega","9":"tag-familia","10":"tag-honrar-a-los-padres","11":"tag-honraras-a-tu-padre-y-a-tu-madre","12":"tag-maximas-de-jesus","13":"tag-moralidad","14":"tag-respeto"},"yoast_head":"<!-- This site is optimized with the Yoast SEO plugin v27.7 - https:\/\/yoast.com\/product\/yoast-seo-wordpress\/ -->\n<title>HONRAR\u00c1S A TU PADRE Y A TU MADRE<\/title>\n<meta name=\"description\" content=\"Honrar\u00e1s a tu padre y a tu madre todos sabemos lo que quiere decir esto, sin embargo parece que en la sociedad actual, al menos para una gran parte de la...\" \/>\n<meta name=\"robots\" content=\"index, follow, max-snippet:-1, max-image-preview:large, max-video-preview:-1\" \/>\n<link rel=\"canonical\" href=\"https:\/\/amorpazycaridad.es\/honraras-a-tu-padre-y-a-tu-madre\/\" \/>\n<meta property=\"og:locale\" content=\"es_ES\" \/>\n<meta property=\"og:type\" content=\"article\" \/>\n<meta property=\"og:title\" content=\"HONRAR\u00c1S A TU PADRE Y A TU MADRE\" \/>\n<meta property=\"og:description\" content=\"Honrar\u00e1s a tu padre y a tu madre todos sabemos lo que quiere decir esto, sin embargo parece que en la sociedad actual, al menos para una gran parte de la...\" \/>\n<meta property=\"og:url\" content=\"https:\/\/amorpazycaridad.es\/honraras-a-tu-padre-y-a-tu-madre\/\" \/>\n<meta property=\"og:site_name\" content=\"Amor, paz caridad\" \/>\n<meta property=\"article:publisher\" content=\"http:\/\/www.facebook.com\/pages\/Amor-paz-y-caridad\/1594978604096866\" \/>\n<meta property=\"article:published_time\" content=\"2016-01-20T05:18:24+00:00\" \/>\n<meta property=\"article:modified_time\" content=\"2016-01-21T06:06:49+00:00\" \/>\n<meta property=\"og:image\" content=\"https:\/\/amorpazycaridad.es\/wp-content\/uploads\/2016\/01\/honrar-padres-1.jpg\" \/>\n\t<meta property=\"og:image:width\" content=\"750\" \/>\n\t<meta property=\"og:image:height\" content=\"350\" \/>\n\t<meta property=\"og:image:type\" content=\"image\/jpeg\" \/>\n<meta name=\"author\" content=\"Fermin\" \/>\n<meta name=\"twitter:card\" content=\"summary_large_image\" \/>\n<meta name=\"twitter:creator\" content=\"@amorpazycaridad\" \/>\n<meta name=\"twitter:site\" content=\"@amorpazycaridad\" \/>\n<meta name=\"twitter:label1\" content=\"Escrito por\" \/>\n\t<meta name=\"twitter:data1\" content=\"Ferm\u00edn Hern\u00e1ndez Hern\u00e1ndez\" \/>\n\t<meta name=\"twitter:label2\" content=\"Tiempo de lectura\" \/>\n\t<meta name=\"twitter:data2\" content=\"6 minutos\" \/>\n<script type=\"application\/ld+json\" class=\"yoast-schema-graph\">{\"@context\":\"https:\\\/\\\/schema.org\",\"@graph\":[{\"@type\":\"Article\",\"@id\":\"https:\\\/\\\/amorpazycaridad.es\\\/honraras-a-tu-padre-y-a-tu-madre\\\/#article\",\"isPartOf\":{\"@id\":\"https:\\\/\\\/amorpazycaridad.es\\\/honraras-a-tu-padre-y-a-tu-madre\\\/\"},\"author\":{\"name\":\"Ferm\u00edn Hern\u00e1ndez Hern\u00e1ndez\",\"@id\":\"https:\\\/\\\/amorpazy-cp515.wordpresstemporal.com\\\/amorpazycaridad.es\\\/#\\\/schema\\\/person\\\/eabe1d98a91f83ff6e30b852ca8dc5d3\"},\"headline\":\"HONRARAS A TU PADRE Y A TU MADRE\",\"datePublished\":\"2016-01-20T05:18:24+00:00\",\"dateModified\":\"2016-01-21T06:06:49+00:00\",\"mainEntityOfPage\":{\"@id\":\"https:\\\/\\\/amorpazycaridad.es\\\/honraras-a-tu-padre-y-a-tu-madre\\\/\"},\"wordCount\":1253,\"commentCount\":0,\"publisher\":{\"@id\":\"https:\\\/\\\/amorpazy-cp515.wordpresstemporal.com\\\/amorpazycaridad.es\\\/#organization\"},\"image\":{\"@id\":\"https:\\\/\\\/amorpazycaridad.es\\\/honraras-a-tu-padre-y-a-tu-madre\\\/#primaryimage\"},\"thumbnailUrl\":\"https:\\\/\\\/amorpazy-cp515.wordpresstemporal.com\\\/amorpazycaridad.es\\\/wp-content\\\/uploads\\\/2016\\\/01\\\/honrar-padres-1.jpg\",\"keywords\":[\"entrega\",\"familia\",\"honrar a los padres\",\"Honraras a tu padre y a tu madre\",\"M\u00e1ximas de Jes\u00fas\",\"moralidad\",\"Respeto\"],\"articleSection\":[\"El Amor\"],\"inLanguage\":\"es\",\"potentialAction\":[{\"@type\":\"CommentAction\",\"name\":\"Comment\",\"target\":[\"https:\\\/\\\/amorpazycaridad.es\\\/honraras-a-tu-padre-y-a-tu-madre\\\/#respond\"]}]},{\"@type\":\"WebPage\",\"@id\":\"https:\\\/\\\/amorpazycaridad.es\\\/honraras-a-tu-padre-y-a-tu-madre\\\/\",\"url\":\"https:\\\/\\\/amorpazycaridad.es\\\/honraras-a-tu-padre-y-a-tu-madre\\\/\",\"name\":\"HONRAR\u00c1S A TU PADRE Y A TU MADRE\",\"isPartOf\":{\"@id\":\"https:\\\/\\\/amorpazy-cp515.wordpresstemporal.com\\\/amorpazycaridad.es\\\/#website\"},\"primaryImageOfPage\":{\"@id\":\"https:\\\/\\\/amorpazycaridad.es\\\/honraras-a-tu-padre-y-a-tu-madre\\\/#primaryimage\"},\"image\":{\"@id\":\"https:\\\/\\\/amorpazycaridad.es\\\/honraras-a-tu-padre-y-a-tu-madre\\\/#primaryimage\"},\"thumbnailUrl\":\"https:\\\/\\\/amorpazy-cp515.wordpresstemporal.com\\\/amorpazycaridad.es\\\/wp-content\\\/uploads\\\/2016\\\/01\\\/honrar-padres-1.jpg\",\"datePublished\":\"2016-01-20T05:18:24+00:00\",\"dateModified\":\"2016-01-21T06:06:49+00:00\",\"description\":\"Honrar\u00e1s a tu padre y a tu madre todos sabemos lo que quiere decir esto, sin embargo parece que en la sociedad actual, al menos para una gran parte de la...\",\"breadcrumb\":{\"@id\":\"https:\\\/\\\/amorpazycaridad.es\\\/honraras-a-tu-padre-y-a-tu-madre\\\/#breadcrumb\"},\"inLanguage\":\"es\",\"potentialAction\":[{\"@type\":\"ReadAction\",\"target\":[\"https:\\\/\\\/amorpazycaridad.es\\\/honraras-a-tu-padre-y-a-tu-madre\\\/\"]}]},{\"@type\":\"ImageObject\",\"inLanguage\":\"es\",\"@id\":\"https:\\\/\\\/amorpazycaridad.es\\\/honraras-a-tu-padre-y-a-tu-madre\\\/#primaryimage\",\"url\":\"https:\\\/\\\/amorpazy-cp515.wordpresstemporal.com\\\/amorpazycaridad.es\\\/wp-content\\\/uploads\\\/2016\\\/01\\\/honrar-padres-1.jpg\",\"contentUrl\":\"https:\\\/\\\/amorpazy-cp515.wordpresstemporal.com\\\/amorpazycaridad.es\\\/wp-content\\\/uploads\\\/2016\\\/01\\\/honrar-padres-1.jpg\",\"width\":750,\"height\":350,\"caption\":\"Fotograf\u00eda de Bill Gracey\"},{\"@type\":\"BreadcrumbList\",\"@id\":\"https:\\\/\\\/amorpazycaridad.es\\\/honraras-a-tu-padre-y-a-tu-madre\\\/#breadcrumb\",\"itemListElement\":[{\"@type\":\"ListItem\",\"position\":1,\"name\":\"Portada\",\"item\":\"https:\\\/\\\/amorpazy-cp515.wordpresstemporal.com\\\/amorpazycaridad.es\\\/\"},{\"@type\":\"ListItem\",\"position\":2,\"name\":\"HONRARAS A TU PADRE Y A TU MADRE\"}]},{\"@type\":\"WebSite\",\"@id\":\"https:\\\/\\\/amorpazy-cp515.wordpresstemporal.com\\\/amorpazycaridad.es\\\/#website\",\"url\":\"https:\\\/\\\/amorpazy-cp515.wordpresstemporal.com\\\/amorpazycaridad.es\\\/\",\"name\":\"Amor, paz caridad\",\"description\":\"Conocimiento espiritual, espiritismo, espiritualismo, leyes universales, m\u00e1s all\u00e1, vida despu\u00e9s de la vida,\",\"publisher\":{\"@id\":\"https:\\\/\\\/amorpazy-cp515.wordpresstemporal.com\\\/amorpazycaridad.es\\\/#organization\"},\"potentialAction\":[{\"@type\":\"SearchAction\",\"target\":{\"@type\":\"EntryPoint\",\"urlTemplate\":\"https:\\\/\\\/amorpazy-cp515.wordpresstemporal.com\\\/amorpazycaridad.es\\\/?s={search_term_string}\"},\"query-input\":{\"@type\":\"PropertyValueSpecification\",\"valueRequired\":true,\"valueName\":\"search_term_string\"}}],\"inLanguage\":\"es\"},{\"@type\":\"Organization\",\"@id\":\"https:\\\/\\\/amorpazy-cp515.wordpresstemporal.com\\\/amorpazycaridad.es\\\/#organization\",\"name\":\"Asociaci\u00f3n de Estudios Espirituales Grupo Villena\",\"url\":\"https:\\\/\\\/amorpazy-cp515.wordpresstemporal.com\\\/amorpazycaridad.es\\\/\",\"logo\":{\"@type\":\"ImageObject\",\"inLanguage\":\"es\",\"@id\":\"https:\\\/\\\/amorpazy-cp515.wordpresstemporal.com\\\/amorpazycaridad.es\\\/#\\\/schema\\\/logo\\\/image\\\/\",\"url\":\"https:\\\/\\\/amorpazycaridad.es\\\/wp-content\\\/uploads\\\/2015\\\/01\\\/logo-fav-e1420247830294.jpg\",\"contentUrl\":\"https:\\\/\\\/amorpazycaridad.es\\\/wp-content\\\/uploads\\\/2015\\\/01\\\/logo-fav-e1420247830294.jpg\",\"width\":144,\"height\":144,\"caption\":\"Asociaci\u00f3n de Estudios Espirituales Grupo Villena\"},\"image\":{\"@id\":\"https:\\\/\\\/amorpazy-cp515.wordpresstemporal.com\\\/amorpazycaridad.es\\\/#\\\/schema\\\/logo\\\/image\\\/\"},\"sameAs\":[\"http:\\\/\\\/www.facebook.com\\\/pages\\\/Amor-paz-y-caridad\\\/1594978604096866\",\"https:\\\/\\\/x.com\\\/amorpazycaridad\",\"https:\\\/\\\/es.pinterest.com\\\/amorpazycaridad\\\/\",\"https:\\\/\\\/www.youtube.com\\\/channel\\\/UC1GvDIDCLoL02SzOD7NJdrA\"]},{\"@type\":\"Person\",\"@id\":\"https:\\\/\\\/amorpazy-cp515.wordpresstemporal.com\\\/amorpazycaridad.es\\\/#\\\/schema\\\/person\\\/eabe1d98a91f83ff6e30b852ca8dc5d3\",\"name\":\"Ferm\u00edn Hern\u00e1ndez Hern\u00e1ndez\",\"image\":{\"@type\":\"ImageObject\",\"inLanguage\":\"es\",\"@id\":\"https:\\\/\\\/amorpazycaridad.es\\\/wp-content\\\/uploads\\\/2017\\\/11\\\/Archivo-20-11-17-7-40-03-96x96.jpeg5cb6fb28f6496ae614a1ae0e113cdf35\",\"url\":\"https:\\\/\\\/amorpazycaridad.es\\\/wp-content\\\/uploads\\\/2017\\\/11\\\/Archivo-20-11-17-7-40-03-96x96.jpeg\",\"contentUrl\":\"https:\\\/\\\/amorpazycaridad.es\\\/wp-content\\\/uploads\\\/2017\\\/11\\\/Archivo-20-11-17-7-40-03-96x96.jpeg\",\"caption\":\"Ferm\u00edn Hern\u00e1ndez Hern\u00e1ndez\"},\"description\":\"D. Ferm\u00edn Hern\u00e1ndez Hern\u00e1ndez, es t\u00e9cnico comercial de seguros, escritor, orador y miembro del Grupo Villena desde su fundaci\u00f3n. Particip\u00f3 como redactor en la revista Amor Paz y Caridad durante 20 a\u00f1os en su anterior etapa; y desde hace m\u00e1s de 30 viene impartiendo conferencias y participando en seminarios, simposios, congresos; tanto nacionales como internacionales. Actualmente escribe y es miembro del equipo de redacci\u00f3n de la citada revista que se edita en formato digital.\",\"sameAs\":[\"http:\\\/\\\/www.amorpazycaridad.com\"],\"url\":\"https:\\\/\\\/amorpazy-cp515.wordpresstemporal.com\\\/amorpazycaridad.es\\\/author\\\/fermin\\\/\"}]}<\/script>\n<!-- \/ Yoast SEO plugin. -->","yoast_head_json":{"title":"HONRAR\u00c1S A TU PADRE Y A TU MADRE","description":"Honrar\u00e1s a tu padre y a tu madre todos sabemos lo que quiere decir esto, sin embargo parece que en la sociedad actual, al menos para una gran parte de la...","robots":{"index":"index","follow":"follow","max-snippet":"max-snippet:-1","max-image-preview":"max-image-preview:large","max-video-preview":"max-video-preview:-1"},"canonical":"https:\/\/amorpazycaridad.es\/honraras-a-tu-padre-y-a-tu-madre\/","og_locale":"es_ES","og_type":"article","og_title":"HONRAR\u00c1S A TU PADRE Y A TU MADRE","og_description":"Honrar\u00e1s a tu padre y a tu madre todos sabemos lo que quiere decir esto, sin embargo parece que en la sociedad actual, al menos para una gran parte de la...","og_url":"https:\/\/amorpazycaridad.es\/honraras-a-tu-padre-y-a-tu-madre\/","og_site_name":"Amor, paz caridad","article_publisher":"http:\/\/www.facebook.com\/pages\/Amor-paz-y-caridad\/1594978604096866","article_published_time":"2016-01-20T05:18:24+00:00","article_modified_time":"2016-01-21T06:06:49+00:00","og_image":[{"width":750,"height":350,"url":"https:\/\/amorpazycaridad.es\/wp-content\/uploads\/2016\/01\/honrar-padres-1.jpg","type":"image\/jpeg"}],"author":"Fermin","twitter_card":"summary_large_image","twitter_creator":"@amorpazycaridad","twitter_site":"@amorpazycaridad","twitter_misc":{"Escrito por":"Ferm\u00edn Hern\u00e1ndez Hern\u00e1ndez","Tiempo de lectura":"6 minutos"},"schema":{"@context":"https:\/\/schema.org","@graph":[{"@type":"Article","@id":"https:\/\/amorpazycaridad.es\/honraras-a-tu-padre-y-a-tu-madre\/#article","isPartOf":{"@id":"https:\/\/amorpazycaridad.es\/honraras-a-tu-padre-y-a-tu-madre\/"},"author":{"name":"Ferm\u00edn Hern\u00e1ndez Hern\u00e1ndez","@id":"https:\/\/amorpazy-cp515.wordpresstemporal.com\/amorpazycaridad.es\/#\/schema\/person\/eabe1d98a91f83ff6e30b852ca8dc5d3"},"headline":"HONRARAS A TU PADRE Y A TU MADRE","datePublished":"2016-01-20T05:18:24+00:00","dateModified":"2016-01-21T06:06:49+00:00","mainEntityOfPage":{"@id":"https:\/\/amorpazycaridad.es\/honraras-a-tu-padre-y-a-tu-madre\/"},"wordCount":1253,"commentCount":0,"publisher":{"@id":"https:\/\/amorpazy-cp515.wordpresstemporal.com\/amorpazycaridad.es\/#organization"},"image":{"@id":"https:\/\/amorpazycaridad.es\/honraras-a-tu-padre-y-a-tu-madre\/#primaryimage"},"thumbnailUrl":"https:\/\/amorpazy-cp515.wordpresstemporal.com\/amorpazycaridad.es\/wp-content\/uploads\/2016\/01\/honrar-padres-1.jpg","keywords":["entrega","familia","honrar a los padres","Honraras a tu padre y a tu madre","M\u00e1ximas de Jes\u00fas","moralidad","Respeto"],"articleSection":["El Amor"],"inLanguage":"es","potentialAction":[{"@type":"CommentAction","name":"Comment","target":["https:\/\/amorpazycaridad.es\/honraras-a-tu-padre-y-a-tu-madre\/#respond"]}]},{"@type":"WebPage","@id":"https:\/\/amorpazycaridad.es\/honraras-a-tu-padre-y-a-tu-madre\/","url":"https:\/\/amorpazycaridad.es\/honraras-a-tu-padre-y-a-tu-madre\/","name":"HONRAR\u00c1S A TU PADRE Y A TU MADRE","isPartOf":{"@id":"https:\/\/amorpazy-cp515.wordpresstemporal.com\/amorpazycaridad.es\/#website"},"primaryImageOfPage":{"@id":"https:\/\/amorpazycaridad.es\/honraras-a-tu-padre-y-a-tu-madre\/#primaryimage"},"image":{"@id":"https:\/\/amorpazycaridad.es\/honraras-a-tu-padre-y-a-tu-madre\/#primaryimage"},"thumbnailUrl":"https:\/\/amorpazy-cp515.wordpresstemporal.com\/amorpazycaridad.es\/wp-content\/uploads\/2016\/01\/honrar-padres-1.jpg","datePublished":"2016-01-20T05:18:24+00:00","dateModified":"2016-01-21T06:06:49+00:00","description":"Honrar\u00e1s a tu padre y a tu madre todos sabemos lo que quiere decir esto, sin embargo parece que en la sociedad actual, al menos para una gran parte de la...","breadcrumb":{"@id":"https:\/\/amorpazycaridad.es\/honraras-a-tu-padre-y-a-tu-madre\/#breadcrumb"},"inLanguage":"es","potentialAction":[{"@type":"ReadAction","target":["https:\/\/amorpazycaridad.es\/honraras-a-tu-padre-y-a-tu-madre\/"]}]},{"@type":"ImageObject","inLanguage":"es","@id":"https:\/\/amorpazycaridad.es\/honraras-a-tu-padre-y-a-tu-madre\/#primaryimage","url":"https:\/\/amorpazy-cp515.wordpresstemporal.com\/amorpazycaridad.es\/wp-content\/uploads\/2016\/01\/honrar-padres-1.jpg","contentUrl":"https:\/\/amorpazy-cp515.wordpresstemporal.com\/amorpazycaridad.es\/wp-content\/uploads\/2016\/01\/honrar-padres-1.jpg","width":750,"height":350,"caption":"Fotograf\u00eda de Bill Gracey"},{"@type":"BreadcrumbList","@id":"https:\/\/amorpazycaridad.es\/honraras-a-tu-padre-y-a-tu-madre\/#breadcrumb","itemListElement":[{"@type":"ListItem","position":1,"name":"Portada","item":"https:\/\/amorpazy-cp515.wordpresstemporal.com\/amorpazycaridad.es\/"},{"@type":"ListItem","position":2,"name":"HONRARAS A TU PADRE Y A TU MADRE"}]},{"@type":"WebSite","@id":"https:\/\/amorpazy-cp515.wordpresstemporal.com\/amorpazycaridad.es\/#website","url":"https:\/\/amorpazy-cp515.wordpresstemporal.com\/amorpazycaridad.es\/","name":"Amor, paz caridad","description":"Conocimiento espiritual, espiritismo, espiritualismo, leyes universales, m\u00e1s all\u00e1, vida despu\u00e9s de la vida,","publisher":{"@id":"https:\/\/amorpazy-cp515.wordpresstemporal.com\/amorpazycaridad.es\/#organization"},"potentialAction":[{"@type":"SearchAction","target":{"@type":"EntryPoint","urlTemplate":"https:\/\/amorpazy-cp515.wordpresstemporal.com\/amorpazycaridad.es\/?s={search_term_string}"},"query-input":{"@type":"PropertyValueSpecification","valueRequired":true,"valueName":"search_term_string"}}],"inLanguage":"es"},{"@type":"Organization","@id":"https:\/\/amorpazy-cp515.wordpresstemporal.com\/amorpazycaridad.es\/#organization","name":"Asociaci\u00f3n de Estudios Espirituales Grupo Villena","url":"https:\/\/amorpazy-cp515.wordpresstemporal.com\/amorpazycaridad.es\/","logo":{"@type":"ImageObject","inLanguage":"es","@id":"https:\/\/amorpazy-cp515.wordpresstemporal.com\/amorpazycaridad.es\/#\/schema\/logo\/image\/","url":"https:\/\/amorpazycaridad.es\/wp-content\/uploads\/2015\/01\/logo-fav-e1420247830294.jpg","contentUrl":"https:\/\/amorpazycaridad.es\/wp-content\/uploads\/2015\/01\/logo-fav-e1420247830294.jpg","width":144,"height":144,"caption":"Asociaci\u00f3n de Estudios Espirituales Grupo Villena"},"image":{"@id":"https:\/\/amorpazy-cp515.wordpresstemporal.com\/amorpazycaridad.es\/#\/schema\/logo\/image\/"},"sameAs":["http:\/\/www.facebook.com\/pages\/Amor-paz-y-caridad\/1594978604096866","https:\/\/x.com\/amorpazycaridad","https:\/\/es.pinterest.com\/amorpazycaridad\/","https:\/\/www.youtube.com\/channel\/UC1GvDIDCLoL02SzOD7NJdrA"]},{"@type":"Person","@id":"https:\/\/amorpazy-cp515.wordpresstemporal.com\/amorpazycaridad.es\/#\/schema\/person\/eabe1d98a91f83ff6e30b852ca8dc5d3","name":"Ferm\u00edn Hern\u00e1ndez Hern\u00e1ndez","image":{"@type":"ImageObject","inLanguage":"es","@id":"https:\/\/amorpazycaridad.es\/wp-content\/uploads\/2017\/11\/Archivo-20-11-17-7-40-03-96x96.jpeg5cb6fb28f6496ae614a1ae0e113cdf35","url":"https:\/\/amorpazycaridad.es\/wp-content\/uploads\/2017\/11\/Archivo-20-11-17-7-40-03-96x96.jpeg","contentUrl":"https:\/\/amorpazycaridad.es\/wp-content\/uploads\/2017\/11\/Archivo-20-11-17-7-40-03-96x96.jpeg","caption":"Ferm\u00edn Hern\u00e1ndez Hern\u00e1ndez"},"description":"D. Ferm\u00edn Hern\u00e1ndez Hern\u00e1ndez, es t\u00e9cnico comercial de seguros, escritor, orador y miembro del Grupo Villena desde su fundaci\u00f3n. Particip\u00f3 como redactor en la revista Amor Paz y Caridad durante 20 a\u00f1os en su anterior etapa; y desde hace m\u00e1s de 30 viene impartiendo conferencias y participando en seminarios, simposios, congresos; tanto nacionales como internacionales. Actualmente escribe y es miembro del equipo de redacci\u00f3n de la citada revista que se edita en formato digital.","sameAs":["http:\/\/www.amorpazycaridad.com"],"url":"https:\/\/amorpazy-cp515.wordpresstemporal.com\/amorpazycaridad.es\/author\/fermin\/"}]}},"authors":[{"term_id":393,"user_id":0,"is_guest":1,"slug":"cap-fermin","display_name":"Fermin","avatar_url":"https:\/\/secure.gravatar.com\/avatar\/?s=96&d=mm&r=g","0":null,"1":"","2":"","3":"","4":"","5":"","6":"","7":"","8":""}],"_links":{"self":[{"href":"https:\/\/amorpazy-cp515.wordpresstemporal.com\/amorpazycaridad.es\/wp-json\/wp\/v2\/posts\/4891","targetHints":{"allow":["GET"]}}],"collection":[{"href":"https:\/\/amorpazy-cp515.wordpresstemporal.com\/amorpazycaridad.es\/wp-json\/wp\/v2\/posts"}],"about":[{"href":"https:\/\/amorpazy-cp515.wordpresstemporal.com\/amorpazycaridad.es\/wp-json\/wp\/v2\/types\/post"}],"author":[{"embeddable":true,"href":"https:\/\/amorpazy-cp515.wordpresstemporal.com\/amorpazycaridad.es\/wp-json\/wp\/v2\/users\/4"}],"replies":[{"embeddable":true,"href":"https:\/\/amorpazy-cp515.wordpresstemporal.com\/amorpazycaridad.es\/wp-json\/wp\/v2\/comments?post=4891"}],"version-history":[{"count":9,"href":"https:\/\/amorpazy-cp515.wordpresstemporal.com\/amorpazycaridad.es\/wp-json\/wp\/v2\/posts\/4891\/revisions"}],"predecessor-version":[{"id":5004,"href":"https:\/\/amorpazy-cp515.wordpresstemporal.com\/amorpazycaridad.es\/wp-json\/wp\/v2\/posts\/4891\/revisions\/5004"}],"wp:featuredmedia":[{"embeddable":true,"href":"https:\/\/amorpazy-cp515.wordpresstemporal.com\/amorpazycaridad.es\/wp-json\/wp\/v2\/media\/5003"}],"wp:attachment":[{"href":"https:\/\/amorpazy-cp515.wordpresstemporal.com\/amorpazycaridad.es\/wp-json\/wp\/v2\/media?parent=4891"}],"wp:term":[{"taxonomy":"category","embeddable":true,"href":"https:\/\/amorpazy-cp515.wordpresstemporal.com\/amorpazycaridad.es\/wp-json\/wp\/v2\/categories?post=4891"},{"taxonomy":"post_tag","embeddable":true,"href":"https:\/\/amorpazy-cp515.wordpresstemporal.com\/amorpazycaridad.es\/wp-json\/wp\/v2\/tags?post=4891"},{"taxonomy":"author","embeddable":true,"href":"https:\/\/amorpazy-cp515.wordpresstemporal.com\/amorpazycaridad.es\/wp-json\/wp\/v2\/ppma_author?post=4891"}],"curies":[{"name":"wp","href":"https:\/\/api.w.org\/{rel}","templated":true}]}}