{"id":489,"date":"2011-02-11T11:00:00","date_gmt":"2011-02-11T10:00:00","guid":{"rendered":"https:\/\/amorpazycaridad.es\/uncategorized\/recordando-el-pasado-19\/"},"modified":"2020-04-01T11:41:15","modified_gmt":"2020-04-01T09:41:15","slug":"el-porvenir-del-espiritismo","status":"publish","type":"post","link":"https:\/\/amorpazy-cp515.wordpresstemporal.com\/amorpazycaridad.es\/el-porvenir-del-espiritismo\/","title":{"rendered":"EL PORVENIR DEL ESPIRITISMO\u00a0"},"content":{"rendered":"<h4 style=\"text-align: center;\">El porvenir del espiritismo<\/h4>\n<p style=\"text-align: justify;\">Mientras siguen desarroll\u00e1ndose tr\u00e1gicos acontecimientos, la mente ansiosa trata de horadar las brumas y sombras del futuro, de levantar el velo que lo esconde a nuestros ojos. Y se pregunta que pasara ma\u00f1ana. Cuando todo alrededor de nosotros parece desmoronarse, so\u00f1amos con una reconstrucci\u00f3n del orden pol\u00edtico y social.<\/p>\n<p style=\"text-align: justify;\">De cincuenta a\u00f1os ac\u00e1 venimos trabajando por preparar un mundo en que los seres humanos aprendan a amarse, a vivir en la santa comuni\u00f3n del intelecto y el coraz\u00f3n. Y asistimos a una serie ininterrumpida de salvajes luchas, a los tit\u00e1nicos esfuerzos que hace el esp\u00edritu de conquista para esclavizar a los pueblos y doblegarlos bajo su yugo&#8230; \u00bfQuien ense\u00f1ara a los hombres las leyes verdaderas, quien les ense\u00f1ara a evolucionar libremente, en paz y en armon\u00eda? En estos momentos, la Doctrina de los Esp\u00edritus se nos muestra como un rayo consolador, cual un astro nuevo que se levanta sobre un mundo de escombros y ruinas.<\/p>\n<p style=\"text-align: justify;\">Los esc\u00e9pticos nos responder\u00e1n con una sonrisa burlona. Nos preguntaran si de veras el Espiritismo es capaz de presentar un papel regenerador. Por nuestra parte, nos bastara como argumento, medir el camino que nuestra doctrina ha recorrido y los progresos que hizo despu\u00e9s de la muerte de Allan Kardec.<\/p>\n<p style=\"text-align: justify;\">Podemos afirmar que nuestros esfuerzos comunes no han sido en balde. La verdad y grandeza de las ideas que defendemos empiezan a ser reconocidas en todas partes.<\/p>\n<p style=\"text-align: justify;\">En el transcurso de mis muchos viajes en todas direcciones y de las estancias que he hecho en ambientes muy diversos pude seguir los progresos, perceptibles y crecientes, de la idea espirita en la opini\u00f3n general. Desde hace tres a\u00f1os, bajo el impacto de los sucesos y en medio del gran drama que sacude al mundo, muchas almas se acongojan y las mentes se vuelven hacia el Mas All\u00e1, \u00e1vidas de consolaciones y esperanzas.<\/p>\n<p style=\"text-align: justify;\">Por doquier se siente el vac\u00edo, la nada de las teor\u00edas materialistas y sus aciagas consecuencias en el orden social.<\/p>\n<p style=\"text-align: justify;\">En todas partes se tiene conciencia, en grado igual, de lo insuficientes e indigentes que son las ense\u00f1anzas dogm\u00e1ticas, su impotencia para curar las llagas, mitigar el dolor y explicar el destino humano.<\/p>\n<p style=\"text-align: justify;\">Donde quiera que estemos hay multitudes que piden venir a nosotros y hacia las cuales debemos ir.<\/p>\n<p style=\"text-align: justify;\">Ahora bien, \u00bfcual debe ser el objetivo esencial del Espiritismo? En primer termino, producir, investigar y coordinar las pruebas experimentales acerca de la supervivencia del alma despu\u00e9s de la muerte. Esa indagaci\u00f3n de la verdad debe ponerse por obra con ayuda de un controlador riguroso y met\u00f3dico. Las justas exigencias del esp\u00edritu moderno nos imponen que pasemos todos los hechos por el tamiz de un examen imparcial, y debemos estar en guardia contra los riesgos de la credulidad y los de las afirmaciones prematuras.<\/p>\n<p style=\"text-align: justify;\">Charles Richet y otros nos han acusado muchas veces de falta de rigor en nuestras investigaciones y experiencias.<\/p>\n<p style=\"text-align: justify;\">Apoy\u00e1ndose sobre pruebas bien establecidas, sobre solidas bases, el Espiritismo debe preparar y renovar la educaci\u00f3n cient\u00edfica, racional y moral del hombre, en todos los ambientes.<\/p>\n<p style=\"text-align: justify;\">Su acci\u00f3n tiene que ejercerse, por tanto, en todos los dominios: el experimental y el doctrinario, el moral y el social. Hay en el un elemento regenerador del que podemos esperarlo todo. Es posible afirmar que esta llamado a convertirse en el gran libertador del pensamiento, esclavizado desde hace tantos siglos. Cada vez mas arrojara sobre el mundo g\u00e9rmenes de bondad y fraternidad humanas, y tales simientes tarde o temprano tendr\u00e1n que rendir su fruto.<\/p>\n<p style=\"text-align: justify;\">Estamos impacientes a causa de que nuestra vida es breve y se nos ocurren lentos los progresos que se realizan. Pero ya podemos asegurar que el Espiritismo ha hecho mas, en el lapso de cincuenta a\u00f1os, que cualquier otro movimiento de ideas en igual periodo de tiempo y en cualquier otra \u00e9poca hist\u00f3rica.<\/p>\n<p style=\"text-align: justify;\">Si somos impacientes, y nuestra piedad se conmueve a la vista de las ignorancias, rutinas, prejuicios, sufrimientos y miserias de la humanidad, sobre todo hoy en d\u00eda. As\u00ed pues, quisi\u00e9ramos obtener resultados inmediatos. Pero desde ya podemos comprobar que poco a poco todo va cambiando, todo evoluciona alrededor de nosotros, bajo la presi\u00f3n de los acontecimientos y el habito de nuevas ideas. Muchas tinieblas se disipan y hasta resistencias se desvanecen. Los odios que nuestras creencias provocaban en su entorno se truecan en simpat\u00edas y a veces en amistades, tan cierto es que los hombres s\u00f3lo se combaten y se desprecian debido a que se ignoran&#8230; La obra magnifica del Espiritismo consistir\u00e1 en acercar a los seres humanos, las naciones y las razas, formar los corazones y desarrollar las conciencias. Mas para esto son necesarios el trabajo, la perseverancia, la consagraci\u00f3n y el autosacrificio.<\/p>\n<p style=\"text-align: right;\">El porvenir del espiritismo por: <a href=\"https:\/\/es.wikipedia.org\/wiki\/L%C3%A9on_Denis\"><strong>Leon Denis<\/strong><\/a><\/p>\n<p>&nbsp;<\/p>\n<p><a href=\"https:\/\/amorpazycaridad.es\/category\/recordando-el-pasado\"><strong>Recordando el pasado<\/strong><\/a>. Articulo extra\u00eddo de su libro \u00abEl mundo invisible y la guerra\u00bb.<\/p>\n","protected":false},"excerpt":{"rendered":"<p>El porvenir del espiritismo Mientras siguen desarroll\u00e1ndose tr\u00e1gicos acontecimientos, la mente ansiosa trata de horadar las brumas y sombras del futuro, de levantar el velo que lo esconde a nuestros ojos. Y se pregunta que pasara ma\u00f1ana. Cuando todo alrededor de nosotros parece desmoronarse, so\u00f1amos con una reconstrucci\u00f3n del orden pol\u00edtico y social. De cincuenta [&hellip;]<\/p>\n","protected":false},"author":10,"featured_media":13503,"comment_status":"open","ping_status":"open","sticky":false,"template":"","format":"standard","meta":{"tdm_status":"","tdm_grid_status":"","footnotes":""},"categories":[47],"tags":[2259,2260,229,2258],"ppma_author":[520],"class_list":{"0":"post-489","1":"post","2":"type-post","3":"status-publish","4":"format-standard","5":"has-post-thumbnail","7":"category-recordando-el-pasado","8":"tag-charles-richet","9":"tag-doctrina-de-los-espiritus","10":"tag-leon-denis-2","11":"tag-porvenir-del-espiritismo"},"yoast_head":"<!-- This site is optimized with the Yoast SEO plugin v27.7 - https:\/\/yoast.com\/product\/yoast-seo-wordpress\/ -->\n<title>EL PORVENIR DEL ESPIRITISMO\u00a0 | AMOR, PAZ Y CARIDAD |<\/title>\n<meta name=\"description\" content=\"El porvenir del espiritismo. Articulo extra\u00eddo del libro &quot;El mundo invisible y la guerra&quot; de Leon Denis publicado en la edici\u00f3n impresa de...\" \/>\n<meta name=\"robots\" content=\"index, follow, max-snippet:-1, max-image-preview:large, max-video-preview:-1\" \/>\n<link rel=\"canonical\" href=\"https:\/\/amorpazycaridad.es\/el-porvenir-del-espiritismo\/\" \/>\n<meta property=\"og:locale\" content=\"es_ES\" \/>\n<meta property=\"og:type\" content=\"article\" \/>\n<meta property=\"og:title\" content=\"EL PORVENIR DEL ESPIRITISMO\u00a0 | AMOR, PAZ Y CARIDAD |\" \/>\n<meta property=\"og:description\" content=\"El porvenir del espiritismo. Articulo extra\u00eddo del libro &quot;El mundo invisible y la guerra&quot; de Leon Denis publicado en la edici\u00f3n impresa de...\" \/>\n<meta property=\"og:url\" content=\"https:\/\/amorpazycaridad.es\/el-porvenir-del-espiritismo\/\" \/>\n<meta property=\"og:site_name\" content=\"Amor, paz caridad\" \/>\n<meta property=\"article:publisher\" content=\"http:\/\/www.facebook.com\/pages\/Amor-paz-y-caridad\/1594978604096866\" \/>\n<meta property=\"article:published_time\" content=\"2011-02-11T10:00:00+00:00\" \/>\n<meta property=\"article:modified_time\" content=\"2020-04-01T09:41:15+00:00\" \/>\n<meta property=\"og:image\" content=\"https:\/\/amorpazycaridad.es\/wp-content\/uploads\/2011\/02\/El-porvenir-espiritismo.jpg\" \/>\n\t<meta property=\"og:image:width\" content=\"750\" \/>\n\t<meta property=\"og:image:height\" content=\"470\" \/>\n\t<meta property=\"og:image:type\" content=\"image\/jpeg\" \/>\n<meta name=\"author\" content=\"Redaccion revista\" \/>\n<meta name=\"twitter:card\" content=\"summary_large_image\" \/>\n<meta name=\"twitter:creator\" content=\"@amorpazycaridad\" \/>\n<meta name=\"twitter:site\" content=\"@amorpazycaridad\" \/>\n<meta name=\"twitter:label1\" content=\"Escrito por\" \/>\n\t<meta name=\"twitter:data1\" content=\"Redaccion APC\" \/>\n\t<meta name=\"twitter:label2\" content=\"Tiempo de lectura\" \/>\n\t<meta name=\"twitter:data2\" content=\"4 minutos\" \/>\n<script type=\"application\/ld+json\" class=\"yoast-schema-graph\">{\"@context\":\"https:\\\/\\\/schema.org\",\"@graph\":[{\"@type\":\"Article\",\"@id\":\"https:\\\/\\\/amorpazycaridad.es\\\/el-porvenir-del-espiritismo\\\/#article\",\"isPartOf\":{\"@id\":\"https:\\\/\\\/amorpazycaridad.es\\\/el-porvenir-del-espiritismo\\\/\"},\"author\":{\"name\":\"Redaccion APC\",\"@id\":\"https:\\\/\\\/amorpazy-cp515.wordpresstemporal.com\\\/amorpazycaridad.es\\\/#\\\/schema\\\/person\\\/f6b5c8408dab7f2821df157f3b51ce47\"},\"headline\":\"EL PORVENIR DEL ESPIRITISMO\u00a0\",\"datePublished\":\"2011-02-11T10:00:00+00:00\",\"dateModified\":\"2020-04-01T09:41:15+00:00\",\"mainEntityOfPage\":{\"@id\":\"https:\\\/\\\/amorpazycaridad.es\\\/el-porvenir-del-espiritismo\\\/\"},\"wordCount\":848,\"commentCount\":0,\"publisher\":{\"@id\":\"https:\\\/\\\/amorpazy-cp515.wordpresstemporal.com\\\/amorpazycaridad.es\\\/#organization\"},\"image\":{\"@id\":\"https:\\\/\\\/amorpazycaridad.es\\\/el-porvenir-del-espiritismo\\\/#primaryimage\"},\"thumbnailUrl\":\"https:\\\/\\\/amorpazy-cp515.wordpresstemporal.com\\\/amorpazycaridad.es\\\/wp-content\\\/uploads\\\/2011\\\/02\\\/El-porvenir-espiritismo.jpg\",\"keywords\":[\"Charles Richet\",\"Doctrina de los Esp\u00edritus\",\"Le\u00f3n Denis\",\"Porvenir del espiritismo\"],\"articleSection\":[\"Recordando el pasado\"],\"inLanguage\":\"es\",\"potentialAction\":[{\"@type\":\"CommentAction\",\"name\":\"Comment\",\"target\":[\"https:\\\/\\\/amorpazycaridad.es\\\/el-porvenir-del-espiritismo\\\/#respond\"]}]},{\"@type\":\"WebPage\",\"@id\":\"https:\\\/\\\/amorpazycaridad.es\\\/el-porvenir-del-espiritismo\\\/\",\"url\":\"https:\\\/\\\/amorpazycaridad.es\\\/el-porvenir-del-espiritismo\\\/\",\"name\":\"EL PORVENIR DEL ESPIRITISMO\u00a0 | AMOR, PAZ Y CARIDAD |\",\"isPartOf\":{\"@id\":\"https:\\\/\\\/amorpazy-cp515.wordpresstemporal.com\\\/amorpazycaridad.es\\\/#website\"},\"primaryImageOfPage\":{\"@id\":\"https:\\\/\\\/amorpazycaridad.es\\\/el-porvenir-del-espiritismo\\\/#primaryimage\"},\"image\":{\"@id\":\"https:\\\/\\\/amorpazycaridad.es\\\/el-porvenir-del-espiritismo\\\/#primaryimage\"},\"thumbnailUrl\":\"https:\\\/\\\/amorpazy-cp515.wordpresstemporal.com\\\/amorpazycaridad.es\\\/wp-content\\\/uploads\\\/2011\\\/02\\\/El-porvenir-espiritismo.jpg\",\"datePublished\":\"2011-02-11T10:00:00+00:00\",\"dateModified\":\"2020-04-01T09:41:15+00:00\",\"description\":\"El porvenir del espiritismo. Articulo extra\u00eddo del libro \\\"El mundo invisible y la guerra\\\" de Leon Denis publicado en la edici\u00f3n impresa de...\",\"breadcrumb\":{\"@id\":\"https:\\\/\\\/amorpazycaridad.es\\\/el-porvenir-del-espiritismo\\\/#breadcrumb\"},\"inLanguage\":\"es\",\"potentialAction\":[{\"@type\":\"ReadAction\",\"target\":[\"https:\\\/\\\/amorpazycaridad.es\\\/el-porvenir-del-espiritismo\\\/\"]}]},{\"@type\":\"ImageObject\",\"inLanguage\":\"es\",\"@id\":\"https:\\\/\\\/amorpazycaridad.es\\\/el-porvenir-del-espiritismo\\\/#primaryimage\",\"url\":\"https:\\\/\\\/amorpazy-cp515.wordpresstemporal.com\\\/amorpazycaridad.es\\\/wp-content\\\/uploads\\\/2011\\\/02\\\/El-porvenir-espiritismo.jpg\",\"contentUrl\":\"https:\\\/\\\/amorpazy-cp515.wordpresstemporal.com\\\/amorpazycaridad.es\\\/wp-content\\\/uploads\\\/2011\\\/02\\\/El-porvenir-espiritismo.jpg\",\"width\":750,\"height\":470,\"caption\":\"El porvenir del espiritismo\"},{\"@type\":\"BreadcrumbList\",\"@id\":\"https:\\\/\\\/amorpazycaridad.es\\\/el-porvenir-del-espiritismo\\\/#breadcrumb\",\"itemListElement\":[{\"@type\":\"ListItem\",\"position\":1,\"name\":\"Portada\",\"item\":\"https:\\\/\\\/amorpazy-cp515.wordpresstemporal.com\\\/amorpazycaridad.es\\\/\"},{\"@type\":\"ListItem\",\"position\":2,\"name\":\"EL PORVENIR DEL ESPIRITISMO\u00a0\"}]},{\"@type\":\"WebSite\",\"@id\":\"https:\\\/\\\/amorpazy-cp515.wordpresstemporal.com\\\/amorpazycaridad.es\\\/#website\",\"url\":\"https:\\\/\\\/amorpazy-cp515.wordpresstemporal.com\\\/amorpazycaridad.es\\\/\",\"name\":\"Amor, paz caridad\",\"description\":\"Conocimiento espiritual, espiritismo, espiritualismo, leyes universales, m\u00e1s all\u00e1, vida despu\u00e9s de la vida,\",\"publisher\":{\"@id\":\"https:\\\/\\\/amorpazy-cp515.wordpresstemporal.com\\\/amorpazycaridad.es\\\/#organization\"},\"potentialAction\":[{\"@type\":\"SearchAction\",\"target\":{\"@type\":\"EntryPoint\",\"urlTemplate\":\"https:\\\/\\\/amorpazy-cp515.wordpresstemporal.com\\\/amorpazycaridad.es\\\/?s={search_term_string}\"},\"query-input\":{\"@type\":\"PropertyValueSpecification\",\"valueRequired\":true,\"valueName\":\"search_term_string\"}}],\"inLanguage\":\"es\"},{\"@type\":\"Organization\",\"@id\":\"https:\\\/\\\/amorpazy-cp515.wordpresstemporal.com\\\/amorpazycaridad.es\\\/#organization\",\"name\":\"Asociaci\u00f3n de Estudios Espirituales Grupo Villena\",\"url\":\"https:\\\/\\\/amorpazy-cp515.wordpresstemporal.com\\\/amorpazycaridad.es\\\/\",\"logo\":{\"@type\":\"ImageObject\",\"inLanguage\":\"es\",\"@id\":\"https:\\\/\\\/amorpazy-cp515.wordpresstemporal.com\\\/amorpazycaridad.es\\\/#\\\/schema\\\/logo\\\/image\\\/\",\"url\":\"https:\\\/\\\/amorpazycaridad.es\\\/wp-content\\\/uploads\\\/2015\\\/01\\\/logo-fav-e1420247830294.jpg\",\"contentUrl\":\"https:\\\/\\\/amorpazycaridad.es\\\/wp-content\\\/uploads\\\/2015\\\/01\\\/logo-fav-e1420247830294.jpg\",\"width\":144,\"height\":144,\"caption\":\"Asociaci\u00f3n de Estudios Espirituales Grupo Villena\"},\"image\":{\"@id\":\"https:\\\/\\\/amorpazy-cp515.wordpresstemporal.com\\\/amorpazycaridad.es\\\/#\\\/schema\\\/logo\\\/image\\\/\"},\"sameAs\":[\"http:\\\/\\\/www.facebook.com\\\/pages\\\/Amor-paz-y-caridad\\\/1594978604096866\",\"https:\\\/\\\/x.com\\\/amorpazycaridad\",\"https:\\\/\\\/es.pinterest.com\\\/amorpazycaridad\\\/\",\"https:\\\/\\\/www.youtube.com\\\/channel\\\/UC1GvDIDCLoL02SzOD7NJdrA\"]},{\"@type\":\"Person\",\"@id\":\"https:\\\/\\\/amorpazy-cp515.wordpresstemporal.com\\\/amorpazycaridad.es\\\/#\\\/schema\\\/person\\\/f6b5c8408dab7f2821df157f3b51ce47\",\"name\":\"Redaccion APC\",\"image\":{\"@type\":\"ImageObject\",\"inLanguage\":\"es\",\"@id\":\"https:\\\/\\\/amorpazycaridad.es\\\/wp-content\\\/uploads\\\/2015\\\/01\\\/icono-114-96x96.jpg73ca1ff604f9e7c7607bbbfa84b61c44\",\"url\":\"https:\\\/\\\/amorpazycaridad.es\\\/wp-content\\\/uploads\\\/2015\\\/01\\\/icono-114-96x96.jpg\",\"contentUrl\":\"https:\\\/\\\/amorpazycaridad.es\\\/wp-content\\\/uploads\\\/2015\\\/01\\\/icono-114-96x96.jpg\",\"caption\":\"Redaccion APC\"},\"sameAs\":[\"http:\\\/\\\/www.amorpazycaridad.com\"],\"url\":\"https:\\\/\\\/amorpazy-cp515.wordpresstemporal.com\\\/amorpazycaridad.es\\\/author\\\/redaccion-revista\\\/\"}]}<\/script>\n<!-- \/ Yoast SEO plugin. -->","yoast_head_json":{"title":"EL PORVENIR DEL ESPIRITISMO\u00a0 | AMOR, PAZ Y CARIDAD |","description":"El porvenir del espiritismo. Articulo extra\u00eddo del libro \"El mundo invisible y la guerra\" de Leon Denis publicado en la edici\u00f3n impresa de...","robots":{"index":"index","follow":"follow","max-snippet":"max-snippet:-1","max-image-preview":"max-image-preview:large","max-video-preview":"max-video-preview:-1"},"canonical":"https:\/\/amorpazycaridad.es\/el-porvenir-del-espiritismo\/","og_locale":"es_ES","og_type":"article","og_title":"EL PORVENIR DEL ESPIRITISMO\u00a0 | AMOR, PAZ Y CARIDAD |","og_description":"El porvenir del espiritismo. Articulo extra\u00eddo del libro \"El mundo invisible y la guerra\" de Leon Denis publicado en la edici\u00f3n impresa de...","og_url":"https:\/\/amorpazycaridad.es\/el-porvenir-del-espiritismo\/","og_site_name":"Amor, paz caridad","article_publisher":"http:\/\/www.facebook.com\/pages\/Amor-paz-y-caridad\/1594978604096866","article_published_time":"2011-02-11T10:00:00+00:00","article_modified_time":"2020-04-01T09:41:15+00:00","og_image":[{"width":750,"height":470,"url":"https:\/\/amorpazycaridad.es\/wp-content\/uploads\/2011\/02\/El-porvenir-espiritismo.jpg","type":"image\/jpeg"}],"author":"Redaccion revista","twitter_card":"summary_large_image","twitter_creator":"@amorpazycaridad","twitter_site":"@amorpazycaridad","twitter_misc":{"Escrito por":"Redaccion APC","Tiempo de lectura":"4 minutos"},"schema":{"@context":"https:\/\/schema.org","@graph":[{"@type":"Article","@id":"https:\/\/amorpazycaridad.es\/el-porvenir-del-espiritismo\/#article","isPartOf":{"@id":"https:\/\/amorpazycaridad.es\/el-porvenir-del-espiritismo\/"},"author":{"name":"Redaccion APC","@id":"https:\/\/amorpazy-cp515.wordpresstemporal.com\/amorpazycaridad.es\/#\/schema\/person\/f6b5c8408dab7f2821df157f3b51ce47"},"headline":"EL PORVENIR DEL ESPIRITISMO\u00a0","datePublished":"2011-02-11T10:00:00+00:00","dateModified":"2020-04-01T09:41:15+00:00","mainEntityOfPage":{"@id":"https:\/\/amorpazycaridad.es\/el-porvenir-del-espiritismo\/"},"wordCount":848,"commentCount":0,"publisher":{"@id":"https:\/\/amorpazy-cp515.wordpresstemporal.com\/amorpazycaridad.es\/#organization"},"image":{"@id":"https:\/\/amorpazycaridad.es\/el-porvenir-del-espiritismo\/#primaryimage"},"thumbnailUrl":"https:\/\/amorpazy-cp515.wordpresstemporal.com\/amorpazycaridad.es\/wp-content\/uploads\/2011\/02\/El-porvenir-espiritismo.jpg","keywords":["Charles Richet","Doctrina de los Esp\u00edritus","Le\u00f3n Denis","Porvenir del espiritismo"],"articleSection":["Recordando el pasado"],"inLanguage":"es","potentialAction":[{"@type":"CommentAction","name":"Comment","target":["https:\/\/amorpazycaridad.es\/el-porvenir-del-espiritismo\/#respond"]}]},{"@type":"WebPage","@id":"https:\/\/amorpazycaridad.es\/el-porvenir-del-espiritismo\/","url":"https:\/\/amorpazycaridad.es\/el-porvenir-del-espiritismo\/","name":"EL PORVENIR DEL ESPIRITISMO\u00a0 | AMOR, PAZ Y CARIDAD |","isPartOf":{"@id":"https:\/\/amorpazy-cp515.wordpresstemporal.com\/amorpazycaridad.es\/#website"},"primaryImageOfPage":{"@id":"https:\/\/amorpazycaridad.es\/el-porvenir-del-espiritismo\/#primaryimage"},"image":{"@id":"https:\/\/amorpazycaridad.es\/el-porvenir-del-espiritismo\/#primaryimage"},"thumbnailUrl":"https:\/\/amorpazy-cp515.wordpresstemporal.com\/amorpazycaridad.es\/wp-content\/uploads\/2011\/02\/El-porvenir-espiritismo.jpg","datePublished":"2011-02-11T10:00:00+00:00","dateModified":"2020-04-01T09:41:15+00:00","description":"El porvenir del espiritismo. Articulo extra\u00eddo del libro \"El mundo invisible y la guerra\" de Leon Denis publicado en la edici\u00f3n impresa de...","breadcrumb":{"@id":"https:\/\/amorpazycaridad.es\/el-porvenir-del-espiritismo\/#breadcrumb"},"inLanguage":"es","potentialAction":[{"@type":"ReadAction","target":["https:\/\/amorpazycaridad.es\/el-porvenir-del-espiritismo\/"]}]},{"@type":"ImageObject","inLanguage":"es","@id":"https:\/\/amorpazycaridad.es\/el-porvenir-del-espiritismo\/#primaryimage","url":"https:\/\/amorpazy-cp515.wordpresstemporal.com\/amorpazycaridad.es\/wp-content\/uploads\/2011\/02\/El-porvenir-espiritismo.jpg","contentUrl":"https:\/\/amorpazy-cp515.wordpresstemporal.com\/amorpazycaridad.es\/wp-content\/uploads\/2011\/02\/El-porvenir-espiritismo.jpg","width":750,"height":470,"caption":"El porvenir del espiritismo"},{"@type":"BreadcrumbList","@id":"https:\/\/amorpazycaridad.es\/el-porvenir-del-espiritismo\/#breadcrumb","itemListElement":[{"@type":"ListItem","position":1,"name":"Portada","item":"https:\/\/amorpazy-cp515.wordpresstemporal.com\/amorpazycaridad.es\/"},{"@type":"ListItem","position":2,"name":"EL PORVENIR DEL ESPIRITISMO\u00a0"}]},{"@type":"WebSite","@id":"https:\/\/amorpazy-cp515.wordpresstemporal.com\/amorpazycaridad.es\/#website","url":"https:\/\/amorpazy-cp515.wordpresstemporal.com\/amorpazycaridad.es\/","name":"Amor, paz caridad","description":"Conocimiento espiritual, espiritismo, espiritualismo, leyes universales, m\u00e1s all\u00e1, vida despu\u00e9s de la vida,","publisher":{"@id":"https:\/\/amorpazy-cp515.wordpresstemporal.com\/amorpazycaridad.es\/#organization"},"potentialAction":[{"@type":"SearchAction","target":{"@type":"EntryPoint","urlTemplate":"https:\/\/amorpazy-cp515.wordpresstemporal.com\/amorpazycaridad.es\/?s={search_term_string}"},"query-input":{"@type":"PropertyValueSpecification","valueRequired":true,"valueName":"search_term_string"}}],"inLanguage":"es"},{"@type":"Organization","@id":"https:\/\/amorpazy-cp515.wordpresstemporal.com\/amorpazycaridad.es\/#organization","name":"Asociaci\u00f3n de Estudios Espirituales Grupo Villena","url":"https:\/\/amorpazy-cp515.wordpresstemporal.com\/amorpazycaridad.es\/","logo":{"@type":"ImageObject","inLanguage":"es","@id":"https:\/\/amorpazy-cp515.wordpresstemporal.com\/amorpazycaridad.es\/#\/schema\/logo\/image\/","url":"https:\/\/amorpazycaridad.es\/wp-content\/uploads\/2015\/01\/logo-fav-e1420247830294.jpg","contentUrl":"https:\/\/amorpazycaridad.es\/wp-content\/uploads\/2015\/01\/logo-fav-e1420247830294.jpg","width":144,"height":144,"caption":"Asociaci\u00f3n de Estudios Espirituales Grupo Villena"},"image":{"@id":"https:\/\/amorpazy-cp515.wordpresstemporal.com\/amorpazycaridad.es\/#\/schema\/logo\/image\/"},"sameAs":["http:\/\/www.facebook.com\/pages\/Amor-paz-y-caridad\/1594978604096866","https:\/\/x.com\/amorpazycaridad","https:\/\/es.pinterest.com\/amorpazycaridad\/","https:\/\/www.youtube.com\/channel\/UC1GvDIDCLoL02SzOD7NJdrA"]},{"@type":"Person","@id":"https:\/\/amorpazy-cp515.wordpresstemporal.com\/amorpazycaridad.es\/#\/schema\/person\/f6b5c8408dab7f2821df157f3b51ce47","name":"Redaccion APC","image":{"@type":"ImageObject","inLanguage":"es","@id":"https:\/\/amorpazycaridad.es\/wp-content\/uploads\/2015\/01\/icono-114-96x96.jpg73ca1ff604f9e7c7607bbbfa84b61c44","url":"https:\/\/amorpazycaridad.es\/wp-content\/uploads\/2015\/01\/icono-114-96x96.jpg","contentUrl":"https:\/\/amorpazycaridad.es\/wp-content\/uploads\/2015\/01\/icono-114-96x96.jpg","caption":"Redaccion APC"},"sameAs":["http:\/\/www.amorpazycaridad.com"],"url":"https:\/\/amorpazy-cp515.wordpresstemporal.com\/amorpazycaridad.es\/author\/redaccion-revista\/"}]}},"authors":[{"term_id":520,"user_id":0,"is_guest":1,"slug":"cap-redaccion-revista","display_name":"Redaccion revista","avatar_url":"https:\/\/secure.gravatar.com\/avatar\/?s=96&d=mm&r=g","0":null,"1":"","2":"","3":"","4":"","5":"","6":"","7":"","8":""}],"_links":{"self":[{"href":"https:\/\/amorpazy-cp515.wordpresstemporal.com\/amorpazycaridad.es\/wp-json\/wp\/v2\/posts\/489","targetHints":{"allow":["GET"]}}],"collection":[{"href":"https:\/\/amorpazy-cp515.wordpresstemporal.com\/amorpazycaridad.es\/wp-json\/wp\/v2\/posts"}],"about":[{"href":"https:\/\/amorpazy-cp515.wordpresstemporal.com\/amorpazycaridad.es\/wp-json\/wp\/v2\/types\/post"}],"author":[{"embeddable":true,"href":"https:\/\/amorpazy-cp515.wordpresstemporal.com\/amorpazycaridad.es\/wp-json\/wp\/v2\/users\/10"}],"replies":[{"embeddable":true,"href":"https:\/\/amorpazy-cp515.wordpresstemporal.com\/amorpazycaridad.es\/wp-json\/wp\/v2\/comments?post=489"}],"version-history":[{"count":5,"href":"https:\/\/amorpazy-cp515.wordpresstemporal.com\/amorpazycaridad.es\/wp-json\/wp\/v2\/posts\/489\/revisions"}],"predecessor-version":[{"id":13504,"href":"https:\/\/amorpazy-cp515.wordpresstemporal.com\/amorpazycaridad.es\/wp-json\/wp\/v2\/posts\/489\/revisions\/13504"}],"wp:featuredmedia":[{"embeddable":true,"href":"https:\/\/amorpazy-cp515.wordpresstemporal.com\/amorpazycaridad.es\/wp-json\/wp\/v2\/media\/13503"}],"wp:attachment":[{"href":"https:\/\/amorpazy-cp515.wordpresstemporal.com\/amorpazycaridad.es\/wp-json\/wp\/v2\/media?parent=489"}],"wp:term":[{"taxonomy":"category","embeddable":true,"href":"https:\/\/amorpazy-cp515.wordpresstemporal.com\/amorpazycaridad.es\/wp-json\/wp\/v2\/categories?post=489"},{"taxonomy":"post_tag","embeddable":true,"href":"https:\/\/amorpazy-cp515.wordpresstemporal.com\/amorpazycaridad.es\/wp-json\/wp\/v2\/tags?post=489"},{"taxonomy":"author","embeddable":true,"href":"https:\/\/amorpazy-cp515.wordpresstemporal.com\/amorpazycaridad.es\/wp-json\/wp\/v2\/ppma_author?post=489"}],"curies":[{"name":"wp","href":"https:\/\/api.w.org\/{rel}","templated":true}]}}