{"id":4875,"date":"2016-01-03T00:53:00","date_gmt":"2016-01-02T23:53:00","guid":{"rendered":"https:\/\/amorpazycaridad.es\/?p=4875"},"modified":"2016-01-17T00:22:11","modified_gmt":"2016-01-16T23:22:11","slug":"conferencia-extraterrestres-que-hay-de-cierto","status":"publish","type":"post","link":"https:\/\/amorpazy-cp515.wordpresstemporal.com\/amorpazycaridad.es\/conferencia-extraterrestres-que-hay-de-cierto\/","title":{"rendered":"\u00bfEXTRATERRESTRES?: QUE HAY DE CIERTO"},"content":{"rendered":"<h3 style=\"text-align: center;\"><\/h3>\n<p style=\"text-align: justify;\">En esta conferencia el ponente tratar\u00e1 de hacer un an\u00e1lisis sobre las verdades y falsedades que existen alrededor de este tema tan pol\u00e9mico. \u00bfExisten los extraterrestres? \u00bfDe donde vienen? \u00bfSon pac\u00edficos? \u00bfQu\u00e9 fines persiguen? \u00bfSe trata de un tema relevante para la humanidad? \u00bfExiste alguna escuela o corriente filos\u00f3fica que pueda explicar con claridad este tema aparentemente tan confuso? Y por \u00faltimo, \u00bfposee alguna relaci\u00f3n la fenomenolog\u00eda extraterrestre\u00a0con los tiempos anunciados de \u00abCambio de ciclo Planetario?<\/p>\n","protected":false},"excerpt":{"rendered":"<p>En esta conferencia el ponente tratar\u00e1 de hacer un an\u00e1lisis sobre las verdades y falsedades que existen alrededor de este tema tan pol\u00e9mico. \u00bfExisten los extraterrestres? \u00bfDe donde vienen? \u00bfSon pac\u00edficos? \u00bfQu\u00e9 fines persiguen? \u00bfSe trata de un tema relevante para la humanidad? \u00bfExiste alguna escuela o corriente filos\u00f3fica que pueda explicar con claridad este [&hellip;]<\/p>\n","protected":false},"author":5,"featured_media":4916,"comment_status":"open","ping_status":"open","sticky":false,"template":"","format":"standard","meta":{"tdm_status":"","tdm_grid_status":"","footnotes":""},"categories":[991],"tags":[838,107,167,2229],"ppma_author":[408],"class_list":{"0":"post-4875","1":"post","2":"type-post","3":"status-publish","4":"format-standard","5":"has-post-thumbnail","7":"category-anuncios","8":"tag-cambio-de-ciclo","9":"tag-conferencia-2","10":"tag-espiritismo","11":"tag-extraterrestres"},"yoast_head":"<!-- This site is optimized with the Yoast SEO plugin v27.7 - https:\/\/yoast.com\/product\/yoast-seo-wordpress\/ -->\n<title>\u00bfEXTRATERRESTRES?: QUE HAY DE CIERTO<\/title>\n<meta name=\"description\" content=\"En esta conferencia el ponente tratar\u00e1 de hacer un an\u00e1lisis sobre las verdades y falsedades que existen sobre el tema:\u00bfExisten los extraterrestres?\" \/>\n<meta name=\"robots\" content=\"index, follow, max-snippet:-1, max-image-preview:large, max-video-preview:-1\" \/>\n<link rel=\"canonical\" href=\"https:\/\/amorpazycaridad.es\/conferencia-extraterrestres-que-hay-de-cierto\/\" \/>\n<meta property=\"og:locale\" content=\"es_ES\" \/>\n<meta property=\"og:type\" content=\"article\" \/>\n<meta property=\"og:title\" content=\"\u00bfEXTRATERRESTRES?: QUE HAY DE CIERTO\" \/>\n<meta property=\"og:description\" content=\"En esta conferencia el ponente tratar\u00e1 de hacer un an\u00e1lisis sobre las verdades y falsedades que existen sobre el tema:\u00bfExisten los extraterrestres?\" \/>\n<meta property=\"og:url\" content=\"https:\/\/amorpazycaridad.es\/conferencia-extraterrestres-que-hay-de-cierto\/\" \/>\n<meta property=\"og:site_name\" content=\"Amor, paz caridad\" \/>\n<meta property=\"article:publisher\" content=\"http:\/\/www.facebook.com\/pages\/Amor-paz-y-caridad\/1594978604096866\" \/>\n<meta property=\"article:published_time\" content=\"2016-01-02T23:53:00+00:00\" \/>\n<meta property=\"article:modified_time\" content=\"2016-01-16T23:22:11+00:00\" \/>\n<meta property=\"og:image\" content=\"https:\/\/amorpazycaridad.es\/wp-content\/uploads\/2016\/01\/conferencia-extraterrestres.jpg\" \/>\n\t<meta property=\"og:image:width\" content=\"750\" \/>\n\t<meta property=\"og:image:height\" content=\"350\" \/>\n\t<meta property=\"og:image:type\" content=\"image\/jpeg\" \/>\n<meta name=\"author\" content=\"Jose Manuel\" \/>\n<meta name=\"twitter:card\" content=\"summary_large_image\" \/>\n<meta name=\"twitter:creator\" content=\"@amorpazycaridad\" \/>\n<meta name=\"twitter:site\" content=\"@amorpazycaridad\" \/>\n<meta name=\"twitter:label1\" content=\"Escrito por\" \/>\n\t<meta name=\"twitter:data1\" content=\"Jos\u00e9 Manuel Meseguer Clemente\" \/>\n<script type=\"application\/ld+json\" class=\"yoast-schema-graph\">{\"@context\":\"https:\\\/\\\/schema.org\",\"@graph\":[{\"@type\":\"Article\",\"@id\":\"https:\\\/\\\/amorpazycaridad.es\\\/conferencia-extraterrestres-que-hay-de-cierto\\\/#article\",\"isPartOf\":{\"@id\":\"https:\\\/\\\/amorpazycaridad.es\\\/conferencia-extraterrestres-que-hay-de-cierto\\\/\"},\"author\":{\"name\":\"Jos\u00e9 Manuel Meseguer Clemente\",\"@id\":\"https:\\\/\\\/amorpazy-cp515.wordpresstemporal.com\\\/amorpazycaridad.es\\\/#\\\/schema\\\/person\\\/6f0cedb316ce549a85d79dba9ebb353e\"},\"headline\":\"\u00bfEXTRATERRESTRES?: QUE HAY DE CIERTO\",\"datePublished\":\"2016-01-02T23:53:00+00:00\",\"dateModified\":\"2016-01-16T23:22:11+00:00\",\"mainEntityOfPage\":{\"@id\":\"https:\\\/\\\/amorpazycaridad.es\\\/conferencia-extraterrestres-que-hay-de-cierto\\\/\"},\"wordCount\":88,\"commentCount\":0,\"publisher\":{\"@id\":\"https:\\\/\\\/amorpazy-cp515.wordpresstemporal.com\\\/amorpazycaridad.es\\\/#organization\"},\"image\":{\"@id\":\"https:\\\/\\\/amorpazycaridad.es\\\/conferencia-extraterrestres-que-hay-de-cierto\\\/#primaryimage\"},\"thumbnailUrl\":\"https:\\\/\\\/amorpazy-cp515.wordpresstemporal.com\\\/amorpazycaridad.es\\\/wp-content\\\/uploads\\\/2016\\\/01\\\/conferencia-extraterrestres.jpg\",\"keywords\":[\"Cambio de ciclo\",\"Conferencia\",\"espiritismo\",\"Extraterrestres\"],\"articleSection\":[\"Anuncios\"],\"inLanguage\":\"es\",\"potentialAction\":[{\"@type\":\"CommentAction\",\"name\":\"Comment\",\"target\":[\"https:\\\/\\\/amorpazycaridad.es\\\/conferencia-extraterrestres-que-hay-de-cierto\\\/#respond\"]}]},{\"@type\":\"WebPage\",\"@id\":\"https:\\\/\\\/amorpazycaridad.es\\\/conferencia-extraterrestres-que-hay-de-cierto\\\/\",\"url\":\"https:\\\/\\\/amorpazycaridad.es\\\/conferencia-extraterrestres-que-hay-de-cierto\\\/\",\"name\":\"\u00bfEXTRATERRESTRES?: QUE HAY DE CIERTO\",\"isPartOf\":{\"@id\":\"https:\\\/\\\/amorpazy-cp515.wordpresstemporal.com\\\/amorpazycaridad.es\\\/#website\"},\"primaryImageOfPage\":{\"@id\":\"https:\\\/\\\/amorpazycaridad.es\\\/conferencia-extraterrestres-que-hay-de-cierto\\\/#primaryimage\"},\"image\":{\"@id\":\"https:\\\/\\\/amorpazycaridad.es\\\/conferencia-extraterrestres-que-hay-de-cierto\\\/#primaryimage\"},\"thumbnailUrl\":\"https:\\\/\\\/amorpazy-cp515.wordpresstemporal.com\\\/amorpazycaridad.es\\\/wp-content\\\/uploads\\\/2016\\\/01\\\/conferencia-extraterrestres.jpg\",\"datePublished\":\"2016-01-02T23:53:00+00:00\",\"dateModified\":\"2016-01-16T23:22:11+00:00\",\"description\":\"En esta conferencia el ponente tratar\u00e1 de hacer un an\u00e1lisis sobre las verdades y falsedades que existen sobre el tema:\u00bfExisten los extraterrestres?\",\"breadcrumb\":{\"@id\":\"https:\\\/\\\/amorpazycaridad.es\\\/conferencia-extraterrestres-que-hay-de-cierto\\\/#breadcrumb\"},\"inLanguage\":\"es\",\"potentialAction\":[{\"@type\":\"ReadAction\",\"target\":[\"https:\\\/\\\/amorpazycaridad.es\\\/conferencia-extraterrestres-que-hay-de-cierto\\\/\"]}]},{\"@type\":\"ImageObject\",\"inLanguage\":\"es\",\"@id\":\"https:\\\/\\\/amorpazycaridad.es\\\/conferencia-extraterrestres-que-hay-de-cierto\\\/#primaryimage\",\"url\":\"https:\\\/\\\/amorpazy-cp515.wordpresstemporal.com\\\/amorpazycaridad.es\\\/wp-content\\\/uploads\\\/2016\\\/01\\\/conferencia-extraterrestres.jpg\",\"contentUrl\":\"https:\\\/\\\/amorpazy-cp515.wordpresstemporal.com\\\/amorpazycaridad.es\\\/wp-content\\\/uploads\\\/2016\\\/01\\\/conferencia-extraterrestres.jpg\",\"width\":750,\"height\":350,\"caption\":\"\u00bfExtraterrestres? Que hay de cierto.\"},{\"@type\":\"BreadcrumbList\",\"@id\":\"https:\\\/\\\/amorpazycaridad.es\\\/conferencia-extraterrestres-que-hay-de-cierto\\\/#breadcrumb\",\"itemListElement\":[{\"@type\":\"ListItem\",\"position\":1,\"name\":\"Portada\",\"item\":\"https:\\\/\\\/amorpazy-cp515.wordpresstemporal.com\\\/amorpazycaridad.es\\\/\"},{\"@type\":\"ListItem\",\"position\":2,\"name\":\"\u00bfEXTRATERRESTRES?: QUE HAY DE CIERTO\"}]},{\"@type\":\"WebSite\",\"@id\":\"https:\\\/\\\/amorpazy-cp515.wordpresstemporal.com\\\/amorpazycaridad.es\\\/#website\",\"url\":\"https:\\\/\\\/amorpazy-cp515.wordpresstemporal.com\\\/amorpazycaridad.es\\\/\",\"name\":\"Amor, paz caridad\",\"description\":\"Conocimiento espiritual, espiritismo, espiritualismo, leyes universales, m\u00e1s all\u00e1, vida despu\u00e9s de la vida,\",\"publisher\":{\"@id\":\"https:\\\/\\\/amorpazy-cp515.wordpresstemporal.com\\\/amorpazycaridad.es\\\/#organization\"},\"potentialAction\":[{\"@type\":\"SearchAction\",\"target\":{\"@type\":\"EntryPoint\",\"urlTemplate\":\"https:\\\/\\\/amorpazy-cp515.wordpresstemporal.com\\\/amorpazycaridad.es\\\/?s={search_term_string}\"},\"query-input\":{\"@type\":\"PropertyValueSpecification\",\"valueRequired\":true,\"valueName\":\"search_term_string\"}}],\"inLanguage\":\"es\"},{\"@type\":\"Organization\",\"@id\":\"https:\\\/\\\/amorpazy-cp515.wordpresstemporal.com\\\/amorpazycaridad.es\\\/#organization\",\"name\":\"Asociaci\u00f3n de Estudios Espirituales Grupo Villena\",\"url\":\"https:\\\/\\\/amorpazy-cp515.wordpresstemporal.com\\\/amorpazycaridad.es\\\/\",\"logo\":{\"@type\":\"ImageObject\",\"inLanguage\":\"es\",\"@id\":\"https:\\\/\\\/amorpazy-cp515.wordpresstemporal.com\\\/amorpazycaridad.es\\\/#\\\/schema\\\/logo\\\/image\\\/\",\"url\":\"https:\\\/\\\/amorpazycaridad.es\\\/wp-content\\\/uploads\\\/2015\\\/01\\\/logo-fav-e1420247830294.jpg\",\"contentUrl\":\"https:\\\/\\\/amorpazycaridad.es\\\/wp-content\\\/uploads\\\/2015\\\/01\\\/logo-fav-e1420247830294.jpg\",\"width\":144,\"height\":144,\"caption\":\"Asociaci\u00f3n de Estudios Espirituales Grupo Villena\"},\"image\":{\"@id\":\"https:\\\/\\\/amorpazy-cp515.wordpresstemporal.com\\\/amorpazycaridad.es\\\/#\\\/schema\\\/logo\\\/image\\\/\"},\"sameAs\":[\"http:\\\/\\\/www.facebook.com\\\/pages\\\/Amor-paz-y-caridad\\\/1594978604096866\",\"https:\\\/\\\/x.com\\\/amorpazycaridad\",\"https:\\\/\\\/es.pinterest.com\\\/amorpazycaridad\\\/\",\"https:\\\/\\\/www.youtube.com\\\/channel\\\/UC1GvDIDCLoL02SzOD7NJdrA\"]},{\"@type\":\"Person\",\"@id\":\"https:\\\/\\\/amorpazy-cp515.wordpresstemporal.com\\\/amorpazycaridad.es\\\/#\\\/schema\\\/person\\\/6f0cedb316ce549a85d79dba9ebb353e\",\"name\":\"Jos\u00e9 Manuel Meseguer Clemente\",\"image\":{\"@type\":\"ImageObject\",\"inLanguage\":\"es\",\"@id\":\"https:\\\/\\\/amorpazycaridad.es\\\/wp-content\\\/uploads\\\/2017\\\/11\\\/Archivo-1-11-17-12-31-35-96x96.jpegfd114e27cec70eafcf7bb076099603b6\",\"url\":\"https:\\\/\\\/amorpazycaridad.es\\\/wp-content\\\/uploads\\\/2017\\\/11\\\/Archivo-1-11-17-12-31-35-96x96.jpeg\",\"contentUrl\":\"https:\\\/\\\/amorpazycaridad.es\\\/wp-content\\\/uploads\\\/2017\\\/11\\\/Archivo-1-11-17-12-31-35-96x96.jpeg\",\"caption\":\"Jos\u00e9 Manuel Meseguer Clemente\"},\"description\":\"Jose Manuel Meseguer Clemente . Profesionalmente se dedica al Transporte Mar\u00edtimo. Autodidacta, divulgador y escritor. Como miembro del Grupo Villena desde hace m\u00e1s de 30 a\u00f1os, ha ofrecido conferencias y participado en diversos eventos, simposios y congresos, tanto nacionales como internacionales. Actualmente es redactor de la revista \u201cAmor Paz y Caridad\u201d, donde mensualmente publica art\u00edculos de inter\u00e9s y permanente actualidad. Adem\u00e1s, es socio colaborador de SEDE (Sociedad Espa\u00f1ola de Divulgadores Esp\u00edritas).\",\"sameAs\":[\"http:\\\/\\\/www.amorpazycaridad.com\"],\"url\":\"https:\\\/\\\/amorpazy-cp515.wordpresstemporal.com\\\/amorpazycaridad.es\\\/author\\\/jose-manuel\\\/\"}]}<\/script>\n<!-- \/ Yoast SEO plugin. -->","yoast_head_json":{"title":"\u00bfEXTRATERRESTRES?: QUE HAY DE CIERTO","description":"En esta conferencia el ponente tratar\u00e1 de hacer un an\u00e1lisis sobre las verdades y falsedades que existen sobre el tema:\u00bfExisten los extraterrestres?","robots":{"index":"index","follow":"follow","max-snippet":"max-snippet:-1","max-image-preview":"max-image-preview:large","max-video-preview":"max-video-preview:-1"},"canonical":"https:\/\/amorpazycaridad.es\/conferencia-extraterrestres-que-hay-de-cierto\/","og_locale":"es_ES","og_type":"article","og_title":"\u00bfEXTRATERRESTRES?: QUE HAY DE CIERTO","og_description":"En esta conferencia el ponente tratar\u00e1 de hacer un an\u00e1lisis sobre las verdades y falsedades que existen sobre el tema:\u00bfExisten los extraterrestres?","og_url":"https:\/\/amorpazycaridad.es\/conferencia-extraterrestres-que-hay-de-cierto\/","og_site_name":"Amor, paz caridad","article_publisher":"http:\/\/www.facebook.com\/pages\/Amor-paz-y-caridad\/1594978604096866","article_published_time":"2016-01-02T23:53:00+00:00","article_modified_time":"2016-01-16T23:22:11+00:00","og_image":[{"width":750,"height":350,"url":"https:\/\/amorpazycaridad.es\/wp-content\/uploads\/2016\/01\/conferencia-extraterrestres.jpg","type":"image\/jpeg"}],"author":"Jose Manuel","twitter_card":"summary_large_image","twitter_creator":"@amorpazycaridad","twitter_site":"@amorpazycaridad","twitter_misc":{"Escrito por":"Jos\u00e9 Manuel Meseguer Clemente"},"schema":{"@context":"https:\/\/schema.org","@graph":[{"@type":"Article","@id":"https:\/\/amorpazycaridad.es\/conferencia-extraterrestres-que-hay-de-cierto\/#article","isPartOf":{"@id":"https:\/\/amorpazycaridad.es\/conferencia-extraterrestres-que-hay-de-cierto\/"},"author":{"name":"Jos\u00e9 Manuel Meseguer Clemente","@id":"https:\/\/amorpazy-cp515.wordpresstemporal.com\/amorpazycaridad.es\/#\/schema\/person\/6f0cedb316ce549a85d79dba9ebb353e"},"headline":"\u00bfEXTRATERRESTRES?: QUE HAY DE CIERTO","datePublished":"2016-01-02T23:53:00+00:00","dateModified":"2016-01-16T23:22:11+00:00","mainEntityOfPage":{"@id":"https:\/\/amorpazycaridad.es\/conferencia-extraterrestres-que-hay-de-cierto\/"},"wordCount":88,"commentCount":0,"publisher":{"@id":"https:\/\/amorpazy-cp515.wordpresstemporal.com\/amorpazycaridad.es\/#organization"},"image":{"@id":"https:\/\/amorpazycaridad.es\/conferencia-extraterrestres-que-hay-de-cierto\/#primaryimage"},"thumbnailUrl":"https:\/\/amorpazy-cp515.wordpresstemporal.com\/amorpazycaridad.es\/wp-content\/uploads\/2016\/01\/conferencia-extraterrestres.jpg","keywords":["Cambio de ciclo","Conferencia","espiritismo","Extraterrestres"],"articleSection":["Anuncios"],"inLanguage":"es","potentialAction":[{"@type":"CommentAction","name":"Comment","target":["https:\/\/amorpazycaridad.es\/conferencia-extraterrestres-que-hay-de-cierto\/#respond"]}]},{"@type":"WebPage","@id":"https:\/\/amorpazycaridad.es\/conferencia-extraterrestres-que-hay-de-cierto\/","url":"https:\/\/amorpazycaridad.es\/conferencia-extraterrestres-que-hay-de-cierto\/","name":"\u00bfEXTRATERRESTRES?: QUE HAY DE CIERTO","isPartOf":{"@id":"https:\/\/amorpazy-cp515.wordpresstemporal.com\/amorpazycaridad.es\/#website"},"primaryImageOfPage":{"@id":"https:\/\/amorpazycaridad.es\/conferencia-extraterrestres-que-hay-de-cierto\/#primaryimage"},"image":{"@id":"https:\/\/amorpazycaridad.es\/conferencia-extraterrestres-que-hay-de-cierto\/#primaryimage"},"thumbnailUrl":"https:\/\/amorpazy-cp515.wordpresstemporal.com\/amorpazycaridad.es\/wp-content\/uploads\/2016\/01\/conferencia-extraterrestres.jpg","datePublished":"2016-01-02T23:53:00+00:00","dateModified":"2016-01-16T23:22:11+00:00","description":"En esta conferencia el ponente tratar\u00e1 de hacer un an\u00e1lisis sobre las verdades y falsedades que existen sobre el tema:\u00bfExisten los extraterrestres?","breadcrumb":{"@id":"https:\/\/amorpazycaridad.es\/conferencia-extraterrestres-que-hay-de-cierto\/#breadcrumb"},"inLanguage":"es","potentialAction":[{"@type":"ReadAction","target":["https:\/\/amorpazycaridad.es\/conferencia-extraterrestres-que-hay-de-cierto\/"]}]},{"@type":"ImageObject","inLanguage":"es","@id":"https:\/\/amorpazycaridad.es\/conferencia-extraterrestres-que-hay-de-cierto\/#primaryimage","url":"https:\/\/amorpazy-cp515.wordpresstemporal.com\/amorpazycaridad.es\/wp-content\/uploads\/2016\/01\/conferencia-extraterrestres.jpg","contentUrl":"https:\/\/amorpazy-cp515.wordpresstemporal.com\/amorpazycaridad.es\/wp-content\/uploads\/2016\/01\/conferencia-extraterrestres.jpg","width":750,"height":350,"caption":"\u00bfExtraterrestres? Que hay de cierto."},{"@type":"BreadcrumbList","@id":"https:\/\/amorpazycaridad.es\/conferencia-extraterrestres-que-hay-de-cierto\/#breadcrumb","itemListElement":[{"@type":"ListItem","position":1,"name":"Portada","item":"https:\/\/amorpazy-cp515.wordpresstemporal.com\/amorpazycaridad.es\/"},{"@type":"ListItem","position":2,"name":"\u00bfEXTRATERRESTRES?: QUE HAY DE CIERTO"}]},{"@type":"WebSite","@id":"https:\/\/amorpazy-cp515.wordpresstemporal.com\/amorpazycaridad.es\/#website","url":"https:\/\/amorpazy-cp515.wordpresstemporal.com\/amorpazycaridad.es\/","name":"Amor, paz caridad","description":"Conocimiento espiritual, espiritismo, espiritualismo, leyes universales, m\u00e1s all\u00e1, vida despu\u00e9s de la vida,","publisher":{"@id":"https:\/\/amorpazy-cp515.wordpresstemporal.com\/amorpazycaridad.es\/#organization"},"potentialAction":[{"@type":"SearchAction","target":{"@type":"EntryPoint","urlTemplate":"https:\/\/amorpazy-cp515.wordpresstemporal.com\/amorpazycaridad.es\/?s={search_term_string}"},"query-input":{"@type":"PropertyValueSpecification","valueRequired":true,"valueName":"search_term_string"}}],"inLanguage":"es"},{"@type":"Organization","@id":"https:\/\/amorpazy-cp515.wordpresstemporal.com\/amorpazycaridad.es\/#organization","name":"Asociaci\u00f3n de Estudios Espirituales Grupo Villena","url":"https:\/\/amorpazy-cp515.wordpresstemporal.com\/amorpazycaridad.es\/","logo":{"@type":"ImageObject","inLanguage":"es","@id":"https:\/\/amorpazy-cp515.wordpresstemporal.com\/amorpazycaridad.es\/#\/schema\/logo\/image\/","url":"https:\/\/amorpazycaridad.es\/wp-content\/uploads\/2015\/01\/logo-fav-e1420247830294.jpg","contentUrl":"https:\/\/amorpazycaridad.es\/wp-content\/uploads\/2015\/01\/logo-fav-e1420247830294.jpg","width":144,"height":144,"caption":"Asociaci\u00f3n de Estudios Espirituales Grupo Villena"},"image":{"@id":"https:\/\/amorpazy-cp515.wordpresstemporal.com\/amorpazycaridad.es\/#\/schema\/logo\/image\/"},"sameAs":["http:\/\/www.facebook.com\/pages\/Amor-paz-y-caridad\/1594978604096866","https:\/\/x.com\/amorpazycaridad","https:\/\/es.pinterest.com\/amorpazycaridad\/","https:\/\/www.youtube.com\/channel\/UC1GvDIDCLoL02SzOD7NJdrA"]},{"@type":"Person","@id":"https:\/\/amorpazy-cp515.wordpresstemporal.com\/amorpazycaridad.es\/#\/schema\/person\/6f0cedb316ce549a85d79dba9ebb353e","name":"Jos\u00e9 Manuel Meseguer Clemente","image":{"@type":"ImageObject","inLanguage":"es","@id":"https:\/\/amorpazycaridad.es\/wp-content\/uploads\/2017\/11\/Archivo-1-11-17-12-31-35-96x96.jpegfd114e27cec70eafcf7bb076099603b6","url":"https:\/\/amorpazycaridad.es\/wp-content\/uploads\/2017\/11\/Archivo-1-11-17-12-31-35-96x96.jpeg","contentUrl":"https:\/\/amorpazycaridad.es\/wp-content\/uploads\/2017\/11\/Archivo-1-11-17-12-31-35-96x96.jpeg","caption":"Jos\u00e9 Manuel Meseguer Clemente"},"description":"Jose Manuel Meseguer Clemente . Profesionalmente se dedica al Transporte Mar\u00edtimo. Autodidacta, divulgador y escritor. Como miembro del Grupo Villena desde hace m\u00e1s de 30 a\u00f1os, ha ofrecido conferencias y participado en diversos eventos, simposios y congresos, tanto nacionales como internacionales. Actualmente es redactor de la revista \u201cAmor Paz y Caridad\u201d, donde mensualmente publica art\u00edculos de inter\u00e9s y permanente actualidad. Adem\u00e1s, es socio colaborador de SEDE (Sociedad Espa\u00f1ola de Divulgadores Esp\u00edritas).","sameAs":["http:\/\/www.amorpazycaridad.com"],"url":"https:\/\/amorpazy-cp515.wordpresstemporal.com\/amorpazycaridad.es\/author\/jose-manuel\/"}]}},"authors":[{"term_id":408,"user_id":0,"is_guest":1,"slug":"cap-jose-manuel","display_name":"Jose Manuel","avatar_url":"https:\/\/secure.gravatar.com\/avatar\/?s=96&d=mm&r=g","0":null,"1":"","2":"","3":"","4":"","5":"","6":"","7":"","8":""}],"_links":{"self":[{"href":"https:\/\/amorpazy-cp515.wordpresstemporal.com\/amorpazycaridad.es\/wp-json\/wp\/v2\/posts\/4875","targetHints":{"allow":["GET"]}}],"collection":[{"href":"https:\/\/amorpazy-cp515.wordpresstemporal.com\/amorpazycaridad.es\/wp-json\/wp\/v2\/posts"}],"about":[{"href":"https:\/\/amorpazy-cp515.wordpresstemporal.com\/amorpazycaridad.es\/wp-json\/wp\/v2\/types\/post"}],"author":[{"embeddable":true,"href":"https:\/\/amorpazy-cp515.wordpresstemporal.com\/amorpazycaridad.es\/wp-json\/wp\/v2\/users\/5"}],"replies":[{"embeddable":true,"href":"https:\/\/amorpazy-cp515.wordpresstemporal.com\/amorpazycaridad.es\/wp-json\/wp\/v2\/comments?post=4875"}],"version-history":[{"count":8,"href":"https:\/\/amorpazy-cp515.wordpresstemporal.com\/amorpazycaridad.es\/wp-json\/wp\/v2\/posts\/4875\/revisions"}],"predecessor-version":[{"id":4919,"href":"https:\/\/amorpazy-cp515.wordpresstemporal.com\/amorpazycaridad.es\/wp-json\/wp\/v2\/posts\/4875\/revisions\/4919"}],"wp:featuredmedia":[{"embeddable":true,"href":"https:\/\/amorpazy-cp515.wordpresstemporal.com\/amorpazycaridad.es\/wp-json\/wp\/v2\/media\/4916"}],"wp:attachment":[{"href":"https:\/\/amorpazy-cp515.wordpresstemporal.com\/amorpazycaridad.es\/wp-json\/wp\/v2\/media?parent=4875"}],"wp:term":[{"taxonomy":"category","embeddable":true,"href":"https:\/\/amorpazy-cp515.wordpresstemporal.com\/amorpazycaridad.es\/wp-json\/wp\/v2\/categories?post=4875"},{"taxonomy":"post_tag","embeddable":true,"href":"https:\/\/amorpazy-cp515.wordpresstemporal.com\/amorpazycaridad.es\/wp-json\/wp\/v2\/tags?post=4875"},{"taxonomy":"author","embeddable":true,"href":"https:\/\/amorpazy-cp515.wordpresstemporal.com\/amorpazycaridad.es\/wp-json\/wp\/v2\/ppma_author?post=4875"}],"curies":[{"name":"wp","href":"https:\/\/api.w.org\/{rel}","templated":true}]}}