{"id":4861,"date":"2016-01-25T06:29:04","date_gmt":"2016-01-25T05:29:04","guid":{"rendered":"https:\/\/amorpazycaridad.es\/?p=4861"},"modified":"2019-07-01T07:05:34","modified_gmt":"2019-07-01T05:05:34","slug":"antecedentes-historicos-de-la-presencia-ovni","status":"publish","type":"post","link":"https:\/\/amorpazy-cp515.wordpresstemporal.com\/amorpazycaridad.es\/antecedentes-historicos-de-la-presencia-ovni\/","title":{"rendered":"ANTECEDENTES HIST\u00d3RICOS DE LA PRESENCIA OVNI"},"content":{"rendered":"<p style=\"text-align: justify;\">Aunque no es el objeto de esta secci\u00f3n hacer un estudio cient\u00edfico de la cuesti\u00f3n que nos ocupa, que es el aspecto espiritual del tema extraterrestre, como venimos viendo hasta ahora, consideramos conveniente poner en actualidad algunos estudios e investigaciones que se est\u00e1n realizando, para comprobar que se mire por donde se mire, el tema ovni-extraterrestres se puede profundizar y llegar a la misma conclusi\u00f3n, \u00abno estamos solos en el universo\u00bb.<\/p>\n<p style=\"text-align: justify;\">Hay por todo el planeta infinidad de personas ligadas a este tema desde hace d\u00e9cadas, que han seguido el lado material, o por decirlo as\u00ed, el lado f\u00edsico de los ovnis, ya que han sido multitud las apariciones y avistamientos que se han producido a lo largo de todos estos a\u00f1os y en pr\u00e1cticamente todas las partes del mundo. Hay verdaderos seguidores del tema ovni, y debemos saber tanto respetar, como apreciar las observaciones y el trabajo que esto conlleva.<\/p>\n<p style=\"text-align: justify;\">Todo el trabajo hecho con responsabilidad, con sentido com\u00fan, y con buen criterio, sabiendo separar la paja del trigo, conlleva un sacrifico y mucha voluntad, por lo tanto, no podemos dejar de lado lo que de positivo podemos adquirir de muchos investigadores, apasionados, periodistas, etc, muchas personas que saben internamente que el fen\u00f3meno ovni existe realmente, que han estado viniendo desde \u00e9pocas remotas y que, en consecuencia, algun sentido debe de tener.<\/p>\n<p style=\"text-align: justify;\">Eso si hemos de ser prudentes y separar la fantas\u00eda de la realidad, lo natural de lo sobrenatural, y sobre todo no dejarnos llevar por las ganas de presenciar un avistamiento, o lo que ser\u00eda casi mas delicado todav\u00eda, tener un contacto f\u00edsico con seres extraterrestres, porque si es as\u00ed, nuestros deseos nos pueden jugar una mala pasada.<\/p>\n<p style=\"text-align: justify;\">Pues bien, podemos remitirnos a las escrituras de todas las religiones, en todas ellas nos encontramos con leyendas y sucesos que nos remiten a pensar que se produjeron ya hace cientos de a\u00f1os, contactos con la humanidad. Por ejemplo, se dice que El\u00edas se elev\u00f3 a los cielos en un carro de fuego. Jonas fue tragado por una ballena y regres\u00f3 despu\u00e9s de tres d\u00edas en su interior, en cuanto se refiere a la cultura nuestra occidental.<\/p>\n<p style=\"text-align: justify;\">En oriente, sobre todo en la cultura India y China, son muchos los relatos de serpientes y dragones voladores, hay infinidad de esculturas y estatuas en los que se puede apreciar personajes con cascos y vestidos impropios de la \u00e9poca, e incluso naves representadas en la piedra.<\/p>\n<p style=\"text-align: justify;\">En Latinoam\u00e9rica, las culturas precolombinas tambi\u00e9n hacen alusi\u00f3n a infinidad de relatos semejantes, parec\u00eda algo natural que los dioses, atribuyendo este sin\u00f3nimo a los extraterrestres, tuvieran mucho que ver con su pueblo, especialmente en el pasado. Es muy com\u00fan relacionar muchos de los hechos, templos, pir\u00e1mides etc, con las estrellas, con el cielo, adem\u00e1s l\u00f3gicamente con los fen\u00f3menos naturales, que producen el sol y la luna, pero que estas culturas todav\u00eda sin un grado relevante de civilizaci\u00f3n, al menos en la mayor\u00eda de sus ciudadanos, tuvieran tanto v\u00ednculo con las estrellas y los seres de otros mundos no da a pensar en que hubo un momento en que tuvo que producirse alg\u00fan tipo de relaci\u00f3n, que diera lugar a tanta leyenda, relat\u00f3 y creencia popular en dichos dioses.<\/p>\n<p style=\"text-align: justify;\">La estrella que guiaba a los reyes magos, est\u00e1 claro que no era una estrella, tal y como se entiende una estrella a nivel astron\u00f3mico. El mismo Jesus de Nazaret, hace alusi\u00f3n en muchas ocasiones a que vendr\u00eda rodeado de las nubes del cielo y que los \u00e1ngeles le acompa\u00f1ar\u00edan, con todo el poder y su gloria, etc., palabras como estas es cierto que se prestan a muchas interpretaciones, y que l\u00f3gicamente no estamos predispuestos a aseverar nada con rotundidad. Puede ser que se refiera exclusivamente a situaciones de tipo espiritual, puesto que los esp\u00edritus y m\u00e1s todav\u00eda los que tienen gran evoluci\u00f3n espiritual se pueden manifestar en la tierra de manera contundente y espont\u00e1nea, pero mi opini\u00f3n personal es que tambi\u00e9n se puede estar refiriendo a hermanos extraterrestres, dado que a los que estamos en la materia, y sobre todo a la gran mayor\u00eda de la humanidad que no posee conocimientos espirituales, nos convencen m\u00e1s los hechos materiales.<\/p>\n<p style=\"text-align: justify;\">En otro orden de cosas, despu\u00e9s de la oleada de inquietudes que se produjo en las d\u00e9cadas 70 y 80 por el tema ovni-extraterrestres, parec\u00eda que se hab\u00eda agotado este seguimiento, y no ha sido as\u00ed, de un tiempo a esta parte a vuelto a resurgir, de manera mas controlada, dado que ya no es un tema tan novedoso, pero lo cierto y verdad, es que se siguen produciendo avistamientos, y que estos hechos siguen teniendo su seguidores e informadores.<\/p>\n<p style=\"text-align: justify;\">De hecho son ya 12 los pa\u00edses que han desclasificado sus archivos, Estados Unidos, M\u00e9xico, Colombia, Espa\u00f1a, entre otros, y se pueden conocer los hechos que durante a\u00f1os atr\u00e1s acontecieron en muchos sitios y que sin embargo los gobiernos quedaron mudos al respecto y llevaron sus informes e investigaciones en el m\u00e1s profundo secreto y silencio. Esto ya es un punto de partida importante para los investigadores que facilita el poder llegar a la realidad y a la verdad de los acontecimientos. Est\u00e1 claro que no se le pueden poner puertas al campo, pues con este tipo de experiencias pasa algo similar. Se puede entorpecer, se puede pretender esconder, o incluso falsear la realidad, pero no se pueden obstaculizar de por vida hechos como estos.<\/p>\n<p style=\"text-align: justify;\">Importante es se\u00f1alar que el d\u00eda 30 de abril de 2.013 en Washington se hizo una declaraci\u00f3n oficial en la que informaron p\u00fablicamente que desde los a\u00f1os 40 Estados Unidos hab\u00eda venido investigando el fen\u00f3meno ovni, y que son cientos los casos en los que las fuerzas armadas han sido testigos de las presencia de ovnis en nuestro planeta, no solo mediante radares sino visto con los propios ojos por infinidad de pilotos y destacados miembros de las fuerzas armadas de ese pa\u00eds y de la aviaci\u00f3n civil.<\/p>\n<p style=\"text-align: justify;\">Fue una declaraci\u00f3n abierta y oficial a nivel mundial, en la que expresaron con claridad que hay presencia de seres extraterrestres en la tierra, y que durante muchos a\u00f1os se ha intentado ridiculizar esta idea y echarla por tierra, sin embargo no se puede negar la evidencia.<\/p>\n<p style=\"text-align: justify;\">Muy claro y muy preciso lo han debido de tener para hacer esta declaraci\u00f3n tan contundente. Pensemos que todos aquellos que tenemos conocimientos espirituales, y sabemos a ciencia cierta que no estamos solos en el universo, lo mucho que a veces nos cuesta dar el si a muchas ideas, e incluso interpretar muchos hechos. No queremos arriesgarnos, no queremos hacer el ridiculo, mas aun cuando en muchas ocasiones nos faltan argumentos para defendernos, porque no tenemos suficientes explicaciones que dar. Pues pong\u00e1monos en el lugar de cient\u00edficos e investigadores, materialistas y desprovistos de cualquier filosof\u00eda espiritual, y pensemos que podr\u00edan comenzar a pensar ellos cuando de la nada empiezan a producirse hechos como los que estamos analizando, m\u00e1xime cuando estos hechos empiezan a generar ese auge en plena segunda guerra mundial.<\/p>\n<p style=\"text-align: justify;\">La cosa no queda aqu\u00ed, ya que hay fuentes de investigaci\u00f3n muy rigurosas que est\u00e1n dando a conocer, con pelos y se\u00f1ales, como se suele decir, que el mismo Vaticano, tambi\u00e9n acepta la presencia de seres extraterrestres en la tierra, yendo m\u00e1s lejos todav\u00eda, pues se est\u00e1 divulgando que diversos papas sobre todo Juan XXIII y P\u00edo XII, mientras estaban en su residencia de verano en Castell Gandolfo, han tenido un contacto f\u00edsico con estos hermanos extraterrestres, habiendo recibido comunicaciones directas, y tambi\u00e9n por otras v\u00edas, por lo tanto no est\u00e1n en disposici\u00f3n de negar ninguna de las aseveraciones que pueden producirse a este respecto. Otra cosa es que lo hagan oficial.<\/p>\n<p style=\"text-align: justify;\">En este sentido, se pueden comprobar las entrevistas a periodistas especializados en el tema ovni, las apariciones en la televisi\u00f3n italiana, y en prensa de las afirmaciones y comentarios que varios miembros del vaticano han ido haciendo a lo largo de las \u00faltimas d\u00e9cadas, como por ejemplo <a href=\"https:\/\/es.wikipedia.org\/wiki\/Corrado_Balducci\">Monse\u00f1or Corrado Balducci<\/a>, veamos lo que dice a este respecto:<strong> \u00abel contacto extraterrestre es real\u00bb<\/strong>. En relaci\u00f3n con las ense\u00f1anzas de la Iglesia Cat\u00f3lica al respecto, Balducci afirmaba que los encuentros con extraterrestres no son demon\u00edacos ni se deben a trastornos psicol\u00f3gicos ni son producto de posesiones de entidades, y que deber\u00edan ser estudiados m\u00e1s cuidadosamente. Balducci tambi\u00e9n dijo que el Vaticano estaba haciendo un seguimiento directo de incidentes referentes a encuentros extraterrestres reportados a las nunciaturas o embajadas en diferentes pa\u00edses.<\/p>\n<p style=\"text-align: justify;\">No debemos perder de vista que, una de las especialidades de Balducci, como te\u00f3logo, era precisamente los exorcismos y el estudio de lo concerniente al diablo. Con lo cual es muy interesante que el monse\u00f1or no haya metido a los hermanos extraterrestres dentro de este saco.<\/p>\n<p style=\"text-align: justify;\">Se sabe tambi\u00e9n sin ning\u00fan g\u00e9nero de dudas, que el Vaticano tiene todo un dossier muy completo elaborado sobre el tema que nos ocupa, en donde no deja lugar a dudas de la presencia del fen\u00f3meno Ovni-extraterrestres en la tierra, y que este es un hecho positivo para nosotros.<\/p>\n<p style=\"text-align: justify;\">Imaginemos el problema moral y en todos los sentidos que podemos tener cuando se tenga que admitir de manera tajante y colectiva que estamos siendo visitados por hermanos extraterrestres, \u00abque vienen sobre todo en son de paz\u00bb.<\/p>\n<p style=\"text-align: right;\">Antecedentes hist\u00f3ricos de la presencia OVNI por: <a href=\"https:\/\/amorpazycaridad.es\/author\/fermin\"><strong>Ferm\u00edn Hern\u00e1ndez Hern\u00e1ndez<\/strong><\/a><\/p>\n<p style=\"text-align: right;\">\u00a92015, Amor, paz y caridad<\/p>\n<p style=\"text-align: justify;\"><strong>\u00abEs posible que exista aquello que denominamos OVNIs, as\u00ed como pueden existir las personas que aparecen junto a estas naves, las cuales no s\u00f3lo tendr\u00edan ciencia sino adem\u00e1s una habilidad natural superior a la nuestra\u00bb.<\/strong><\/p>\n<p style=\"text-align: right;\"><strong><a href=\"https:\/\/es.wikipedia.org\/wiki\/Corrado_Balducci\">Monse\u00f1or Corrado Balducci<\/a><\/strong>. Asesor de Juan Pablo II<\/p>\n<p style=\"text-align: left;\">\n","protected":false},"excerpt":{"rendered":"<p>Aunque no es el objeto de esta secci\u00f3n hacer un estudio cient\u00edfico de la cuesti\u00f3n que nos ocupa, que es el aspecto espiritual del tema extraterrestre, como venimos viendo hasta ahora, consideramos conveniente poner en actualidad algunos estudios e investigaciones que se est\u00e1n realizando, para comprobar que se mire por donde se mire, el tema [&hellip;]<\/p>\n","protected":false},"author":4,"featured_media":4939,"comment_status":"open","ping_status":"open","sticky":false,"template":"","format":"standard","meta":{"tdm_status":"","tdm_grid_status":"","footnotes":""},"categories":[173],"tags":[543,1131,2449,257,1311,2451,2450],"ppma_author":[393],"class_list":{"0":"post-4861","1":"post","2":"type-post","3":"status-publish","4":"format-standard","5":"has-post-thumbnail","7":"category-extraterrestres","8":"tag-abducciones","9":"tag-juan-xxiii","10":"tag-monsenor-corrado-balducci","11":"tag-ovni-extraterrestres","12":"tag-ovnis","13":"tag-pio-xii","14":"tag-profeta-elias"},"yoast_head":"<!-- This site is optimized with the Yoast SEO plugin v27.7 - https:\/\/yoast.com\/product\/yoast-seo-wordpress\/ -->\n<title>ANTECEDENTES HISTORICOS DE LA PRESENCIA OVNI<\/title>\n<meta name=\"description\" content=\"En los antecedentes hist\u00f3ricos de la presencia ovni podemos destacar algunas cuestiones espirituales, importantes para una mejor comprensi\u00f3n...\" \/>\n<meta name=\"robots\" content=\"index, follow, max-snippet:-1, max-image-preview:large, max-video-preview:-1\" \/>\n<link rel=\"canonical\" href=\"https:\/\/amorpazycaridad.es\/antecedentes-historicos-de-la-presencia-ovni\/\" \/>\n<meta property=\"og:locale\" content=\"es_ES\" \/>\n<meta property=\"og:type\" content=\"article\" \/>\n<meta property=\"og:title\" content=\"ANTECEDENTES HISTORICOS DE LA PRESENCIA OVNI\" \/>\n<meta property=\"og:description\" content=\"En los antecedentes hist\u00f3ricos de la presencia ovni podemos destacar algunas cuestiones espirituales, importantes para una mejor comprensi\u00f3n...\" \/>\n<meta property=\"og:url\" content=\"https:\/\/amorpazycaridad.es\/antecedentes-historicos-de-la-presencia-ovni\/\" \/>\n<meta property=\"og:site_name\" content=\"Amor, paz caridad\" \/>\n<meta property=\"article:publisher\" content=\"http:\/\/www.facebook.com\/pages\/Amor-paz-y-caridad\/1594978604096866\" \/>\n<meta property=\"article:published_time\" content=\"2016-01-25T05:29:04+00:00\" \/>\n<meta property=\"article:modified_time\" content=\"2019-07-01T05:05:34+00:00\" \/>\n<meta property=\"og:image\" content=\"https:\/\/amorpazycaridad.es\/wp-content\/uploads\/2016\/01\/Archivo-8-1-16-10-49-07-e1453664820598.jpeg\" \/>\n\t<meta property=\"og:image:width\" content=\"750\" \/>\n\t<meta property=\"og:image:height\" content=\"428\" \/>\n\t<meta property=\"og:image:type\" content=\"image\/jpeg\" \/>\n<meta name=\"author\" content=\"Fermin\" \/>\n<meta name=\"twitter:card\" content=\"summary_large_image\" \/>\n<meta name=\"twitter:creator\" content=\"@amorpazycaridad\" \/>\n<meta name=\"twitter:site\" content=\"@amorpazycaridad\" \/>\n<meta name=\"twitter:label1\" content=\"Escrito por\" \/>\n\t<meta name=\"twitter:data1\" content=\"Ferm\u00edn Hern\u00e1ndez Hern\u00e1ndez\" \/>\n\t<meta name=\"twitter:label2\" content=\"Tiempo de lectura\" \/>\n\t<meta name=\"twitter:data2\" content=\"9 minutos\" \/>\n<script type=\"application\/ld+json\" class=\"yoast-schema-graph\">{\"@context\":\"https:\\\/\\\/schema.org\",\"@graph\":[{\"@type\":\"Article\",\"@id\":\"https:\\\/\\\/amorpazycaridad.es\\\/antecedentes-historicos-de-la-presencia-ovni\\\/#article\",\"isPartOf\":{\"@id\":\"https:\\\/\\\/amorpazycaridad.es\\\/antecedentes-historicos-de-la-presencia-ovni\\\/\"},\"author\":{\"name\":\"Ferm\u00edn Hern\u00e1ndez Hern\u00e1ndez\",\"@id\":\"https:\\\/\\\/amorpazy-cp515.wordpresstemporal.com\\\/amorpazycaridad.es\\\/#\\\/schema\\\/person\\\/eabe1d98a91f83ff6e30b852ca8dc5d3\"},\"headline\":\"ANTECEDENTES HIST\u00d3RICOS DE LA PRESENCIA OVNI\",\"datePublished\":\"2016-01-25T05:29:04+00:00\",\"dateModified\":\"2019-07-01T05:05:34+00:00\",\"mainEntityOfPage\":{\"@id\":\"https:\\\/\\\/amorpazycaridad.es\\\/antecedentes-historicos-de-la-presencia-ovni\\\/\"},\"wordCount\":1709,\"commentCount\":0,\"publisher\":{\"@id\":\"https:\\\/\\\/amorpazy-cp515.wordpresstemporal.com\\\/amorpazycaridad.es\\\/#organization\"},\"image\":{\"@id\":\"https:\\\/\\\/amorpazycaridad.es\\\/antecedentes-historicos-de-la-presencia-ovni\\\/#primaryimage\"},\"thumbnailUrl\":\"https:\\\/\\\/amorpazy-cp515.wordpresstemporal.com\\\/amorpazycaridad.es\\\/wp-content\\\/uploads\\\/2016\\\/01\\\/Archivo-8-1-16-10-49-07-e1453664820598.jpeg\",\"keywords\":[\"abducciones\",\"Juan XXIII\",\"Monse\u00f1or Corrado Balducci\",\"OVNI-extraterrestres\",\"OVNIs\",\"P\u00edo XII\",\"Profeta El\u00edas\"],\"articleSection\":[\"Extraterrestres\"],\"inLanguage\":\"es\",\"potentialAction\":[{\"@type\":\"CommentAction\",\"name\":\"Comment\",\"target\":[\"https:\\\/\\\/amorpazycaridad.es\\\/antecedentes-historicos-de-la-presencia-ovni\\\/#respond\"]}]},{\"@type\":\"WebPage\",\"@id\":\"https:\\\/\\\/amorpazycaridad.es\\\/antecedentes-historicos-de-la-presencia-ovni\\\/\",\"url\":\"https:\\\/\\\/amorpazycaridad.es\\\/antecedentes-historicos-de-la-presencia-ovni\\\/\",\"name\":\"ANTECEDENTES HISTORICOS DE LA PRESENCIA OVNI\",\"isPartOf\":{\"@id\":\"https:\\\/\\\/amorpazy-cp515.wordpresstemporal.com\\\/amorpazycaridad.es\\\/#website\"},\"primaryImageOfPage\":{\"@id\":\"https:\\\/\\\/amorpazycaridad.es\\\/antecedentes-historicos-de-la-presencia-ovni\\\/#primaryimage\"},\"image\":{\"@id\":\"https:\\\/\\\/amorpazycaridad.es\\\/antecedentes-historicos-de-la-presencia-ovni\\\/#primaryimage\"},\"thumbnailUrl\":\"https:\\\/\\\/amorpazy-cp515.wordpresstemporal.com\\\/amorpazycaridad.es\\\/wp-content\\\/uploads\\\/2016\\\/01\\\/Archivo-8-1-16-10-49-07-e1453664820598.jpeg\",\"datePublished\":\"2016-01-25T05:29:04+00:00\",\"dateModified\":\"2019-07-01T05:05:34+00:00\",\"description\":\"En los antecedentes hist\u00f3ricos de la presencia ovni podemos destacar algunas cuestiones espirituales, importantes para una mejor comprensi\u00f3n...\",\"breadcrumb\":{\"@id\":\"https:\\\/\\\/amorpazycaridad.es\\\/antecedentes-historicos-de-la-presencia-ovni\\\/#breadcrumb\"},\"inLanguage\":\"es\",\"potentialAction\":[{\"@type\":\"ReadAction\",\"target\":[\"https:\\\/\\\/amorpazycaridad.es\\\/antecedentes-historicos-de-la-presencia-ovni\\\/\"]}]},{\"@type\":\"ImageObject\",\"inLanguage\":\"es\",\"@id\":\"https:\\\/\\\/amorpazycaridad.es\\\/antecedentes-historicos-de-la-presencia-ovni\\\/#primaryimage\",\"url\":\"https:\\\/\\\/amorpazy-cp515.wordpresstemporal.com\\\/amorpazycaridad.es\\\/wp-content\\\/uploads\\\/2016\\\/01\\\/Archivo-8-1-16-10-49-07-e1453664820598.jpeg\",\"contentUrl\":\"https:\\\/\\\/amorpazy-cp515.wordpresstemporal.com\\\/amorpazycaridad.es\\\/wp-content\\\/uploads\\\/2016\\\/01\\\/Archivo-8-1-16-10-49-07-e1453664820598.jpeg\",\"width\":750,\"height\":428,\"caption\":\"Este tapiz llamado \u201cEl triunfo del Verano\u201d, se realiz\u00f3 en Bruges en 1538. Reside ahora en el Museo Nacional de Baviera, en Alemania. (Bayerisches). Se pueden ver claramente varios objetos con forma de disco en la parte superior del tapiz, tanto en el lado izquierdo con el el derecho.\"},{\"@type\":\"BreadcrumbList\",\"@id\":\"https:\\\/\\\/amorpazycaridad.es\\\/antecedentes-historicos-de-la-presencia-ovni\\\/#breadcrumb\",\"itemListElement\":[{\"@type\":\"ListItem\",\"position\":1,\"name\":\"Portada\",\"item\":\"https:\\\/\\\/amorpazy-cp515.wordpresstemporal.com\\\/amorpazycaridad.es\\\/\"},{\"@type\":\"ListItem\",\"position\":2,\"name\":\"ANTECEDENTES HIST\u00d3RICOS DE LA PRESENCIA OVNI\"}]},{\"@type\":\"WebSite\",\"@id\":\"https:\\\/\\\/amorpazy-cp515.wordpresstemporal.com\\\/amorpazycaridad.es\\\/#website\",\"url\":\"https:\\\/\\\/amorpazy-cp515.wordpresstemporal.com\\\/amorpazycaridad.es\\\/\",\"name\":\"Amor, paz caridad\",\"description\":\"Conocimiento espiritual, espiritismo, espiritualismo, leyes universales, m\u00e1s all\u00e1, vida despu\u00e9s de la vida,\",\"publisher\":{\"@id\":\"https:\\\/\\\/amorpazy-cp515.wordpresstemporal.com\\\/amorpazycaridad.es\\\/#organization\"},\"potentialAction\":[{\"@type\":\"SearchAction\",\"target\":{\"@type\":\"EntryPoint\",\"urlTemplate\":\"https:\\\/\\\/amorpazy-cp515.wordpresstemporal.com\\\/amorpazycaridad.es\\\/?s={search_term_string}\"},\"query-input\":{\"@type\":\"PropertyValueSpecification\",\"valueRequired\":true,\"valueName\":\"search_term_string\"}}],\"inLanguage\":\"es\"},{\"@type\":\"Organization\",\"@id\":\"https:\\\/\\\/amorpazy-cp515.wordpresstemporal.com\\\/amorpazycaridad.es\\\/#organization\",\"name\":\"Asociaci\u00f3n de Estudios Espirituales Grupo Villena\",\"url\":\"https:\\\/\\\/amorpazy-cp515.wordpresstemporal.com\\\/amorpazycaridad.es\\\/\",\"logo\":{\"@type\":\"ImageObject\",\"inLanguage\":\"es\",\"@id\":\"https:\\\/\\\/amorpazy-cp515.wordpresstemporal.com\\\/amorpazycaridad.es\\\/#\\\/schema\\\/logo\\\/image\\\/\",\"url\":\"https:\\\/\\\/amorpazycaridad.es\\\/wp-content\\\/uploads\\\/2015\\\/01\\\/logo-fav-e1420247830294.jpg\",\"contentUrl\":\"https:\\\/\\\/amorpazycaridad.es\\\/wp-content\\\/uploads\\\/2015\\\/01\\\/logo-fav-e1420247830294.jpg\",\"width\":144,\"height\":144,\"caption\":\"Asociaci\u00f3n de Estudios Espirituales Grupo Villena\"},\"image\":{\"@id\":\"https:\\\/\\\/amorpazy-cp515.wordpresstemporal.com\\\/amorpazycaridad.es\\\/#\\\/schema\\\/logo\\\/image\\\/\"},\"sameAs\":[\"http:\\\/\\\/www.facebook.com\\\/pages\\\/Amor-paz-y-caridad\\\/1594978604096866\",\"https:\\\/\\\/x.com\\\/amorpazycaridad\",\"https:\\\/\\\/es.pinterest.com\\\/amorpazycaridad\\\/\",\"https:\\\/\\\/www.youtube.com\\\/channel\\\/UC1GvDIDCLoL02SzOD7NJdrA\"]},{\"@type\":\"Person\",\"@id\":\"https:\\\/\\\/amorpazy-cp515.wordpresstemporal.com\\\/amorpazycaridad.es\\\/#\\\/schema\\\/person\\\/eabe1d98a91f83ff6e30b852ca8dc5d3\",\"name\":\"Ferm\u00edn Hern\u00e1ndez Hern\u00e1ndez\",\"image\":{\"@type\":\"ImageObject\",\"inLanguage\":\"es\",\"@id\":\"https:\\\/\\\/amorpazycaridad.es\\\/wp-content\\\/uploads\\\/2017\\\/11\\\/Archivo-20-11-17-7-40-03-96x96.jpeg5cb6fb28f6496ae614a1ae0e113cdf35\",\"url\":\"https:\\\/\\\/amorpazycaridad.es\\\/wp-content\\\/uploads\\\/2017\\\/11\\\/Archivo-20-11-17-7-40-03-96x96.jpeg\",\"contentUrl\":\"https:\\\/\\\/amorpazycaridad.es\\\/wp-content\\\/uploads\\\/2017\\\/11\\\/Archivo-20-11-17-7-40-03-96x96.jpeg\",\"caption\":\"Ferm\u00edn Hern\u00e1ndez Hern\u00e1ndez\"},\"description\":\"D. Ferm\u00edn Hern\u00e1ndez Hern\u00e1ndez, es t\u00e9cnico comercial de seguros, escritor, orador y miembro del Grupo Villena desde su fundaci\u00f3n. Particip\u00f3 como redactor en la revista Amor Paz y Caridad durante 20 a\u00f1os en su anterior etapa; y desde hace m\u00e1s de 30 viene impartiendo conferencias y participando en seminarios, simposios, congresos; tanto nacionales como internacionales. Actualmente escribe y es miembro del equipo de redacci\u00f3n de la citada revista que se edita en formato digital.\",\"sameAs\":[\"http:\\\/\\\/www.amorpazycaridad.com\"],\"url\":\"https:\\\/\\\/amorpazy-cp515.wordpresstemporal.com\\\/amorpazycaridad.es\\\/author\\\/fermin\\\/\"}]}<\/script>\n<!-- \/ Yoast SEO plugin. -->","yoast_head_json":{"title":"ANTECEDENTES HISTORICOS DE LA PRESENCIA OVNI","description":"En los antecedentes hist\u00f3ricos de la presencia ovni podemos destacar algunas cuestiones espirituales, importantes para una mejor comprensi\u00f3n...","robots":{"index":"index","follow":"follow","max-snippet":"max-snippet:-1","max-image-preview":"max-image-preview:large","max-video-preview":"max-video-preview:-1"},"canonical":"https:\/\/amorpazycaridad.es\/antecedentes-historicos-de-la-presencia-ovni\/","og_locale":"es_ES","og_type":"article","og_title":"ANTECEDENTES HISTORICOS DE LA PRESENCIA OVNI","og_description":"En los antecedentes hist\u00f3ricos de la presencia ovni podemos destacar algunas cuestiones espirituales, importantes para una mejor comprensi\u00f3n...","og_url":"https:\/\/amorpazycaridad.es\/antecedentes-historicos-de-la-presencia-ovni\/","og_site_name":"Amor, paz caridad","article_publisher":"http:\/\/www.facebook.com\/pages\/Amor-paz-y-caridad\/1594978604096866","article_published_time":"2016-01-25T05:29:04+00:00","article_modified_time":"2019-07-01T05:05:34+00:00","og_image":[{"width":750,"height":428,"url":"https:\/\/amorpazycaridad.es\/wp-content\/uploads\/2016\/01\/Archivo-8-1-16-10-49-07-e1453664820598.jpeg","type":"image\/jpeg"}],"author":"Fermin","twitter_card":"summary_large_image","twitter_creator":"@amorpazycaridad","twitter_site":"@amorpazycaridad","twitter_misc":{"Escrito por":"Ferm\u00edn Hern\u00e1ndez Hern\u00e1ndez","Tiempo de lectura":"9 minutos"},"schema":{"@context":"https:\/\/schema.org","@graph":[{"@type":"Article","@id":"https:\/\/amorpazycaridad.es\/antecedentes-historicos-de-la-presencia-ovni\/#article","isPartOf":{"@id":"https:\/\/amorpazycaridad.es\/antecedentes-historicos-de-la-presencia-ovni\/"},"author":{"name":"Ferm\u00edn Hern\u00e1ndez Hern\u00e1ndez","@id":"https:\/\/amorpazy-cp515.wordpresstemporal.com\/amorpazycaridad.es\/#\/schema\/person\/eabe1d98a91f83ff6e30b852ca8dc5d3"},"headline":"ANTECEDENTES HIST\u00d3RICOS DE LA PRESENCIA OVNI","datePublished":"2016-01-25T05:29:04+00:00","dateModified":"2019-07-01T05:05:34+00:00","mainEntityOfPage":{"@id":"https:\/\/amorpazycaridad.es\/antecedentes-historicos-de-la-presencia-ovni\/"},"wordCount":1709,"commentCount":0,"publisher":{"@id":"https:\/\/amorpazy-cp515.wordpresstemporal.com\/amorpazycaridad.es\/#organization"},"image":{"@id":"https:\/\/amorpazycaridad.es\/antecedentes-historicos-de-la-presencia-ovni\/#primaryimage"},"thumbnailUrl":"https:\/\/amorpazy-cp515.wordpresstemporal.com\/amorpazycaridad.es\/wp-content\/uploads\/2016\/01\/Archivo-8-1-16-10-49-07-e1453664820598.jpeg","keywords":["abducciones","Juan XXIII","Monse\u00f1or Corrado Balducci","OVNI-extraterrestres","OVNIs","P\u00edo XII","Profeta El\u00edas"],"articleSection":["Extraterrestres"],"inLanguage":"es","potentialAction":[{"@type":"CommentAction","name":"Comment","target":["https:\/\/amorpazycaridad.es\/antecedentes-historicos-de-la-presencia-ovni\/#respond"]}]},{"@type":"WebPage","@id":"https:\/\/amorpazycaridad.es\/antecedentes-historicos-de-la-presencia-ovni\/","url":"https:\/\/amorpazycaridad.es\/antecedentes-historicos-de-la-presencia-ovni\/","name":"ANTECEDENTES HISTORICOS DE LA PRESENCIA OVNI","isPartOf":{"@id":"https:\/\/amorpazy-cp515.wordpresstemporal.com\/amorpazycaridad.es\/#website"},"primaryImageOfPage":{"@id":"https:\/\/amorpazycaridad.es\/antecedentes-historicos-de-la-presencia-ovni\/#primaryimage"},"image":{"@id":"https:\/\/amorpazycaridad.es\/antecedentes-historicos-de-la-presencia-ovni\/#primaryimage"},"thumbnailUrl":"https:\/\/amorpazy-cp515.wordpresstemporal.com\/amorpazycaridad.es\/wp-content\/uploads\/2016\/01\/Archivo-8-1-16-10-49-07-e1453664820598.jpeg","datePublished":"2016-01-25T05:29:04+00:00","dateModified":"2019-07-01T05:05:34+00:00","description":"En los antecedentes hist\u00f3ricos de la presencia ovni podemos destacar algunas cuestiones espirituales, importantes para una mejor comprensi\u00f3n...","breadcrumb":{"@id":"https:\/\/amorpazycaridad.es\/antecedentes-historicos-de-la-presencia-ovni\/#breadcrumb"},"inLanguage":"es","potentialAction":[{"@type":"ReadAction","target":["https:\/\/amorpazycaridad.es\/antecedentes-historicos-de-la-presencia-ovni\/"]}]},{"@type":"ImageObject","inLanguage":"es","@id":"https:\/\/amorpazycaridad.es\/antecedentes-historicos-de-la-presencia-ovni\/#primaryimage","url":"https:\/\/amorpazy-cp515.wordpresstemporal.com\/amorpazycaridad.es\/wp-content\/uploads\/2016\/01\/Archivo-8-1-16-10-49-07-e1453664820598.jpeg","contentUrl":"https:\/\/amorpazy-cp515.wordpresstemporal.com\/amorpazycaridad.es\/wp-content\/uploads\/2016\/01\/Archivo-8-1-16-10-49-07-e1453664820598.jpeg","width":750,"height":428,"caption":"Este tapiz llamado \u201cEl triunfo del Verano\u201d, se realiz\u00f3 en Bruges en 1538. Reside ahora en el Museo Nacional de Baviera, en Alemania. (Bayerisches). Se pueden ver claramente varios objetos con forma de disco en la parte superior del tapiz, tanto en el lado izquierdo con el el derecho."},{"@type":"BreadcrumbList","@id":"https:\/\/amorpazycaridad.es\/antecedentes-historicos-de-la-presencia-ovni\/#breadcrumb","itemListElement":[{"@type":"ListItem","position":1,"name":"Portada","item":"https:\/\/amorpazy-cp515.wordpresstemporal.com\/amorpazycaridad.es\/"},{"@type":"ListItem","position":2,"name":"ANTECEDENTES HIST\u00d3RICOS DE LA PRESENCIA OVNI"}]},{"@type":"WebSite","@id":"https:\/\/amorpazy-cp515.wordpresstemporal.com\/amorpazycaridad.es\/#website","url":"https:\/\/amorpazy-cp515.wordpresstemporal.com\/amorpazycaridad.es\/","name":"Amor, paz caridad","description":"Conocimiento espiritual, espiritismo, espiritualismo, leyes universales, m\u00e1s all\u00e1, vida despu\u00e9s de la vida,","publisher":{"@id":"https:\/\/amorpazy-cp515.wordpresstemporal.com\/amorpazycaridad.es\/#organization"},"potentialAction":[{"@type":"SearchAction","target":{"@type":"EntryPoint","urlTemplate":"https:\/\/amorpazy-cp515.wordpresstemporal.com\/amorpazycaridad.es\/?s={search_term_string}"},"query-input":{"@type":"PropertyValueSpecification","valueRequired":true,"valueName":"search_term_string"}}],"inLanguage":"es"},{"@type":"Organization","@id":"https:\/\/amorpazy-cp515.wordpresstemporal.com\/amorpazycaridad.es\/#organization","name":"Asociaci\u00f3n de Estudios Espirituales Grupo Villena","url":"https:\/\/amorpazy-cp515.wordpresstemporal.com\/amorpazycaridad.es\/","logo":{"@type":"ImageObject","inLanguage":"es","@id":"https:\/\/amorpazy-cp515.wordpresstemporal.com\/amorpazycaridad.es\/#\/schema\/logo\/image\/","url":"https:\/\/amorpazycaridad.es\/wp-content\/uploads\/2015\/01\/logo-fav-e1420247830294.jpg","contentUrl":"https:\/\/amorpazycaridad.es\/wp-content\/uploads\/2015\/01\/logo-fav-e1420247830294.jpg","width":144,"height":144,"caption":"Asociaci\u00f3n de Estudios Espirituales Grupo Villena"},"image":{"@id":"https:\/\/amorpazy-cp515.wordpresstemporal.com\/amorpazycaridad.es\/#\/schema\/logo\/image\/"},"sameAs":["http:\/\/www.facebook.com\/pages\/Amor-paz-y-caridad\/1594978604096866","https:\/\/x.com\/amorpazycaridad","https:\/\/es.pinterest.com\/amorpazycaridad\/","https:\/\/www.youtube.com\/channel\/UC1GvDIDCLoL02SzOD7NJdrA"]},{"@type":"Person","@id":"https:\/\/amorpazy-cp515.wordpresstemporal.com\/amorpazycaridad.es\/#\/schema\/person\/eabe1d98a91f83ff6e30b852ca8dc5d3","name":"Ferm\u00edn Hern\u00e1ndez Hern\u00e1ndez","image":{"@type":"ImageObject","inLanguage":"es","@id":"https:\/\/amorpazycaridad.es\/wp-content\/uploads\/2017\/11\/Archivo-20-11-17-7-40-03-96x96.jpeg5cb6fb28f6496ae614a1ae0e113cdf35","url":"https:\/\/amorpazycaridad.es\/wp-content\/uploads\/2017\/11\/Archivo-20-11-17-7-40-03-96x96.jpeg","contentUrl":"https:\/\/amorpazycaridad.es\/wp-content\/uploads\/2017\/11\/Archivo-20-11-17-7-40-03-96x96.jpeg","caption":"Ferm\u00edn Hern\u00e1ndez Hern\u00e1ndez"},"description":"D. Ferm\u00edn Hern\u00e1ndez Hern\u00e1ndez, es t\u00e9cnico comercial de seguros, escritor, orador y miembro del Grupo Villena desde su fundaci\u00f3n. Particip\u00f3 como redactor en la revista Amor Paz y Caridad durante 20 a\u00f1os en su anterior etapa; y desde hace m\u00e1s de 30 viene impartiendo conferencias y participando en seminarios, simposios, congresos; tanto nacionales como internacionales. Actualmente escribe y es miembro del equipo de redacci\u00f3n de la citada revista que se edita en formato digital.","sameAs":["http:\/\/www.amorpazycaridad.com"],"url":"https:\/\/amorpazy-cp515.wordpresstemporal.com\/amorpazycaridad.es\/author\/fermin\/"}]}},"authors":[{"term_id":393,"user_id":0,"is_guest":1,"slug":"cap-fermin","display_name":"Fermin","avatar_url":"https:\/\/secure.gravatar.com\/avatar\/?s=96&d=mm&r=g","0":null,"1":"","2":"","3":"","4":"","5":"","6":"","7":"","8":""}],"_links":{"self":[{"href":"https:\/\/amorpazy-cp515.wordpresstemporal.com\/amorpazycaridad.es\/wp-json\/wp\/v2\/posts\/4861","targetHints":{"allow":["GET"]}}],"collection":[{"href":"https:\/\/amorpazy-cp515.wordpresstemporal.com\/amorpazycaridad.es\/wp-json\/wp\/v2\/posts"}],"about":[{"href":"https:\/\/amorpazy-cp515.wordpresstemporal.com\/amorpazycaridad.es\/wp-json\/wp\/v2\/types\/post"}],"author":[{"embeddable":true,"href":"https:\/\/amorpazy-cp515.wordpresstemporal.com\/amorpazycaridad.es\/wp-json\/wp\/v2\/users\/4"}],"replies":[{"embeddable":true,"href":"https:\/\/amorpazy-cp515.wordpresstemporal.com\/amorpazycaridad.es\/wp-json\/wp\/v2\/comments?post=4861"}],"version-history":[{"count":13,"href":"https:\/\/amorpazy-cp515.wordpresstemporal.com\/amorpazycaridad.es\/wp-json\/wp\/v2\/posts\/4861\/revisions"}],"predecessor-version":[{"id":12166,"href":"https:\/\/amorpazy-cp515.wordpresstemporal.com\/amorpazycaridad.es\/wp-json\/wp\/v2\/posts\/4861\/revisions\/12166"}],"wp:featuredmedia":[{"embeddable":true,"href":"https:\/\/amorpazy-cp515.wordpresstemporal.com\/amorpazycaridad.es\/wp-json\/wp\/v2\/media\/4939"}],"wp:attachment":[{"href":"https:\/\/amorpazy-cp515.wordpresstemporal.com\/amorpazycaridad.es\/wp-json\/wp\/v2\/media?parent=4861"}],"wp:term":[{"taxonomy":"category","embeddable":true,"href":"https:\/\/amorpazy-cp515.wordpresstemporal.com\/amorpazycaridad.es\/wp-json\/wp\/v2\/categories?post=4861"},{"taxonomy":"post_tag","embeddable":true,"href":"https:\/\/amorpazy-cp515.wordpresstemporal.com\/amorpazycaridad.es\/wp-json\/wp\/v2\/tags?post=4861"},{"taxonomy":"author","embeddable":true,"href":"https:\/\/amorpazy-cp515.wordpresstemporal.com\/amorpazycaridad.es\/wp-json\/wp\/v2\/ppma_author?post=4861"}],"curies":[{"name":"wp","href":"https:\/\/api.w.org\/{rel}","templated":true}]}}