{"id":4805,"date":"2016-01-15T06:00:31","date_gmt":"2016-01-15T05:00:31","guid":{"rendered":"https:\/\/amorpazycaridad.es\/?p=4805"},"modified":"2016-01-15T12:20:34","modified_gmt":"2016-01-15T11:20:34","slug":"naturaleza-y-evolucion-ii","status":"publish","type":"post","link":"https:\/\/amorpazy-cp515.wordpresstemporal.com\/amorpazycaridad.es\/naturaleza-y-evolucion-ii\/","title":{"rendered":"NATURALEZA Y EVOLUCI\u00d3N (II)"},"content":{"rendered":"<h3 style=\"text-align: center\">DE HOMBRES A DIOSES<\/h3>\n<p style=\"text-align: justify\">Continuamos aqu\u00ed la reflexi\u00f3n efectuada en el art\u00edculo del mes pasado en esta misma secci\u00f3n, en la que abord\u00e1bamos el origen del hombre y la aparici\u00f3n del esp\u00edritu humano en la tierra a partir del \u00abhomo sapiens\u00bb.<\/p>\n<p style=\"text-align: justify\">Abord\u00e1bamos en esas consideraciones el hecho de que el hombre parti\u00f3 de la ignorancia, del instinto y de la inconsciencia, hasta llegar a una etapa plenamente humana en la que el ser humano comienza a tener conciencia de s\u00ed mismo, va sustituyendo paulatinamente el instinto por el raciocinio y la ignorancia por el conocimiento propio y de la naturaleza que le rodea.<\/p>\n<p style=\"text-align: justify\">Esta etapa se ha visto ampliada notablemente con los progresos de la ciencia y el conocimiento humano, hasta llegar al momento en el que nos encontramos, donde los progresos de la humanidad, de la tecnolog\u00eda y el saber humano, hacen vislumbrar unas pr\u00f3ximas d\u00e9cadas realmente prodigiosas en cuanto al salto exponencial del ser humano en sus capacidades internas, externas, de relaci\u00f3n con el medio y con la tecnolog\u00eda.<\/p>\n<p style=\"text-align: justify\">Se confirma una vez m\u00e1s que, la naturaleza y la evoluci\u00f3n de la misma as\u00ed como de los seres que la integran, es una certeza evidente que obedece al cambio, a la transformaci\u00f3n de todo lo que existe; todo muda, todo se transforma con el transcurso del tiempo, derivando en formas m\u00e1s sutiles, en inteligencias m\u00e1s avanzadas, en procesos m\u00e1s perfectos. Este cambio, desde <a href=\"https:\/\/pt.wikipedia.org\/wiki\/Her%C3%A1clito\">Her\u00e1clito<\/a> hasta <a href=\"https:\/\/es.wikipedia.org\/wiki\/Albert_Einstein\">Einstein<\/a>, viene siendo la constante del progreso que impulsa a los mundos y las humanidades a avanzar y conquistar nuevos horizontes en todos los \u00e1mbitos del saber y la naturaleza humana.<\/p>\n<p style=\"text-align: justify\">Los avances de la biolog\u00eda evolutiva, la ingenier\u00eda gen\u00e9tica a ra\u00edz del descubrimiento del genoma, y la capacidad de previsi\u00f3n de las enfermedades mediante la codificaci\u00f3n y elaboraci\u00f3n del carnet de identidad gen\u00e9tico, auguran progresos incontables a la medicina regenerativa y a nuestras expectativas de vida y de regeneraci\u00f3n celular.<\/p>\n<p style=\"text-align: justify\">Por otro lado, el conocimiento de las interioridades de la materia (CERN) y de las part\u00edculas subat\u00f3micas, hacen de la f\u00edsica y de la astrof\u00edsica las ciencias que van a marcar los progresos inminentes sobre el origen de la vida y del universo, as\u00ed como la certeza, cada vez m\u00e1s evidente, de una causa primera e inteligencia suprema como origen de todo lo que existe.<\/p>\n<p style=\"text-align: center\">[infobox]\n<p style=\"text-align: justify\"><strong>\u00abToda la materia se origina y existe solamente en virtud de una fuerza. Debemos asumir, tras esa fuerza, la existencia de una mente consciente e inteligente. Esta Mente es la matriz de toda la materia\u00bb<\/strong><\/p>\n<p style=\"text-align: right\"><a href=\"https:\/\/es.wikipedia.org\/wiki\/Max_Planck\">MAX PLANCK<\/a>&#8211; 1944 -Premio Nobel de F\u00edsica<\/p>\n<p style=\"text-align: center\">[\/infobox]\n<p style=\"text-align: justify\">Si a\u00f1adimos a esto los estudios sobre la conciencia, la mente, y los efectos de ambas sobre la personalidad humana, independientes del cerebro biol\u00f3gico, estamos ante la nueva era de un hombre diferente. Nada va a volver a ser igual; la propia ciencia basada en conceptos trascendentes del ser humano, como ya demuestra la psicolog\u00eda traspersonal, la logoterapia, y la psicolog\u00eda de las emociones, nos ponen ante la evidencia demostrada por los grandes fil\u00f3sofos, sabios y fundadores de religiones de anta\u00f1o; que defendieron la trascendencia del hombre en su parte espiritual y de conciencia.<\/p>\n<p style=\"text-align: justify\">Como nos demuestra la historia, el progreso del conocimiento humano ha permitido modificar las sociedades hacia estructuras sociales m\u00e1s justas y solidarias, m\u00e1s democr\u00e1ticas y libres. Pero este progreso tambi\u00e9n ha posibilitado el desarrollo del hombre no s\u00f3lo en cuanto a capacidades y competencias racionales, sino sobre todo psicol\u00f3gicas y morales.<\/p>\n<p style=\"text-align: justify\">El hombre del siglo XXI no tiene las mismas reacciones, sentimientos o actuaciones que ten\u00eda el hombre salvaje o primitivo; que actuaba por instinto la mayor\u00eda de las veces careciendo de principios, moralidad o sensibilidad hacia sus semejantes cuando se dejaba llevar por sus impulsos y naturaleza tosca; tampoco el sufrimiento ajeno o las injusticias que se comet\u00edan en sociedades primitivas, derivado de actuaciones absolutistas o dictatoriales, tienen lugar en muchos pa\u00edses hoy en d\u00eda.<\/p>\n<p style=\"text-align: justify\">El hombre, aunque no lo parezca, tambi\u00e9n ha evolucionado, y hoy d\u00eda estamos ante un \u00abhomo sapiens\u00bb mucho m\u00e1s adelantado, social, moral y racionalmente. Las propias costumbres sociales, que se consolidan como tradiciones en los pueblos y sociedades, se han ido modificando desde los tiempos de la barbarie hasta ahora; y aunque muchas de ellas todav\u00eda persisten, sufren el rechazo social de la mayor\u00eda de los individuos cuyo progreso y sensibilidad les hace repudiarlas.<\/p>\n<p style=\"text-align: justify\">Sin duda el proceso hist\u00f3rico nos pone ante la evidencia de un nuevo hombre, un homo sapiens m\u00e1s tecnol\u00f3gico, pero tambi\u00e9n m\u00e1s humano, m\u00e1s sensible, m\u00e1s imaginativo, m\u00e1s sociable; y aunque el mal sigue existiendo por doquier en la tierra, la sensibilidad ante el sufrimiento ajeno es hoy mayor que nunca. Y, todo ello a pesar de que el ego\u00edsmo, la avaricia y el ansia de poder son elementos negativos que persisten por doquier; sin embargo tambi\u00e9n observamos que cada vez son m\u00e1s los movimientos solidarios entre los pa\u00edses y las personas cuando se producen desgracias, terremotos, etc.<\/p>\n<p style=\"text-align: justify\">Todo ello nos habla de una nueva conciencia social que despierta de forma colectiva, y esto es as\u00ed porque antes ha despertado en el interior del individuo gracias a su progreso y esfuerzo personal; nada es casual ni surge por azar. Esto refuerza notablemente el aspecto que confirma la reencarnaci\u00f3n; pues los que vivimos en la tierra hoy, somos los mismos que la habitamos en \u00e9pocas de barbarie, y que gracias a las experiencias vividas en este planeta, existencia tras existencia, vamos reconociendo nuestros errores, progresando moral e intelectualmente, alcanzando mayor sensibilidad, mayor intuici\u00f3n y sobre todo, mayor conciencia de nosotros mismos.<\/p>\n<p style=\"text-align: justify\">El conocimiento espiritual nos permite comprender que, en nuestra inmortalidad espiritual, el ser atraviesa todas las etapas, del salvaje al genio, pasando por la etapa \u00abhominal\u00bb en la que nos encontramos; comenzando a encarar nuestro futuro hasta la etapa de la \u00abangelitud\u00bb a la que estamos destinados a llegar por nosotros mismos; bajo nuestro libre albedr\u00edo y mediante nuestro propio esfuerzo.<\/p>\n<p style=\"text-align: justify\">Esta transici\u00f3n, efectuada desde hace 70.000 a\u00f1os, que el homo sapiens ha necesitado para traspasar el umbral de la animalidad al de la racionalidad, es apenas nada si lo comparamos con lo que nos queda para llegar a la etapa superior de seres perfectos, ang\u00e9licos, cooperadores en la creaci\u00f3n divina; moradores de las esferas celestiales m\u00e1s genuinas; donde la actividad incesante de la creaci\u00f3n es compartida por todos los seres que hasta all\u00ed han llegado despu\u00e9s de miles de a\u00f1os de progreso, perfeccionamiento y amplitud de conciencia.<\/p>\n<p style=\"text-align: center\">[infobox]\n<p style=\"text-align: justify\"><strong>\u00abLa persona, en su evoluci\u00f3n hacia Dios a trav\u00e9s de las experiencias de las existencias que vive, se vuelve consciente de su entidad espiritual; desarrollando los atributos latentes que lleva en su interior, para convertirse al final de este proceso de hombre-animal en ser-ang\u00e9lico.\u00bb<\/strong><\/p>\n<p style=\"text-align: right\"><a href=\"https:\/\/amorpazycaridad.es\/sebastian-de-arauco\/\">SEBASTI\u00c1N DE ARAUCO<\/a><\/p>\n<p style=\"text-align: center\">[\/infobox]\n<p style=\"text-align: justify\">Nos encontramos en un mundo de expiaci\u00f3n y prueba; y antes de llegar al estado ang\u00e9lico, precisamos traspasar los umbrales de los mundos de regeneraci\u00f3n, de los mundos felices, de los mundos divinos, etc. Todo ello supone el engrandecimiento del esp\u00edritu inmortal a trav\u00e9s de multitud de experiencias f\u00edsicas y espirituales; en mundos avanzados y en esferas espirituales sutiles.<\/p>\n<p style=\"text-align: justify\">Pero antes de avanzar en este progreso eterno que es consustancial a nuestra propia esencia, creada a imagen y semejanza de Dios en cuanto a lo espiritual, hemos de traspasar el umbral del mundo en el que nos encontramos hacia el de un mundo de regeneraci\u00f3n; donde el mal habr\u00e1 desaparecido de la tierra al haberse producido la selecci\u00f3n de la que tanto han hablado los profetas, \u00a0fil\u00f3sofos y avatares.<\/p>\n<p style=\"text-align: justify\">Esta selecci\u00f3n es exclusivamente espiritual, en ella no caben arbitrariedades, injusticias, etc. a cada quien se le medir\u00e1 por su nivel de adelanto moral; y aquel hombre que no haya llegado a desterrar de su interior el mal y la inferioridad moral, ser\u00e1 transferido espiritualmente a un mundo como estaba la tierra hace miles de a\u00f1os, donde seguir\u00e1 trabajando y progresando hasta que alcance el nivel que le permita acceder a un mundo superior.<\/p>\n<p style=\"text-align: justify\">Mientras tanto, aquellos que tengan el nivel necesario, podr\u00e1n formar parte de una nueva sociedad; una sociedad exenta del odio, las guerras y la violencia; imperfecta s\u00ed, pero con el germen del progreso y de la conciencia del nuevo hombre.<\/p>\n<p style=\"text-align: justify\">Y ese nuevo hombre pasar\u00e1 de ser el hombre racional y moral al hombre intuitivo y consciente. Ampliar\u00e1 sus capacidades enormemente y la expansi\u00f3n de su conciencia alcanzar\u00e1 niveles nunca antes pensados, comprendiendo la realidad de forma plena, enfocando sus esfuerzos a la regeneraci\u00f3n interior, el trabajo solidario, la lucha desinteresada hacia el pr\u00f3jimo y el servicio permanente en pro de una sociedad mejor, m\u00e1s justa e igualitaria.<\/p>\n<p style=\"text-align: justify\">El hombre girar\u00e1 su visi\u00f3n hacia su interior para descubrir all\u00ed las capacidades de nuestro esp\u00edritu inmortal, donde podr\u00e1 entresacar la fortaleza, los recursos necesarios para convertirse en un hombre integral, acerc\u00e1ndose cada vez m\u00e1s al camino que le lleve a un mayor perfeccionamiento. Ese trabajo redundar\u00e1 en su propia felicidad, pues como dec\u00eda Jes\u00fas: <strong>\u00abTodo lo que yo hago, vosotros podr\u00e9is hacerlo\u00bb<\/strong>.<\/p>\n<p style=\"text-align: justify\">El camino de transici\u00f3n del hombre hacia Dios es milenario, pero sin duda, todos, absolutamente todos, del hombre m\u00e1s primitivo al ser celestial que podamos imaginar, estamos destinados a la perfecci\u00f3n y la felicidad, con independencia del tiempo que empleemos en ello y los esfuerzos, m\u00e9ritos, dichas, sufrimientos o aflicciones que debamos afrontar.<\/p>\n<p style=\"text-align: justify\">Adem\u00e1s, lejos de ser un camino de integraci\u00f3n con el todo, como explican algunas teor\u00edas, es justo al contrario; a mayor progreso, mayor consciencia personal, mayor individualidad, mayor expansi\u00f3n personal, hasta llegar, como explicamos arriba, a la pr\u00f3xima etapa evolutiva, la de los seres ang\u00e9licos, colaboradores de la obra divina con nuestros propios argumentos, capacidades, responsabilidades y cualidades divinas que hayamos potenciado en nuestro interior.<\/p>\n<p style=\"text-align: justify\">Quien carezca de conocimiento espiritual tendr\u00e1 probablemente dificultades para comprender que el universo es infinito, el alma inmortal y Dios es la causa primera e inteligencia suprema de todas las cosas. No obstante, y a pesar de ello, el desconocimiento de las leyes que rigen el universo no exime de su cumplimiento.<\/p>\n<p style=\"text-align: justify\">Ese \u00abhomo-sapiens\u00bb es el primer eslab\u00f3n humano de la evoluci\u00f3n consciente del ser que; transcendiendo la etapa animal, llega a la etapa humana por la intervenci\u00f3n divina, puesto que <em><strong>el esp\u00edritu<\/strong><\/em>, surgiendo de Dios, se individualiza y es creado por EL, simple e ignorante. Esta chispa divina continuar\u00e1 sus experiencias de progreso y evoluci\u00f3n en la etapa humana e<em><strong> ir\u00e1 a desembocar, con el transcurso de los milenios en la etapa ang\u00e9lica;<\/strong><\/em> estadio evolutivo impensable todav\u00eda para nosotros, pero de los que tuvimos ya un ejemplo que se convirti\u00f3 en paradigma de toda la humanidad: Jes\u00fas de Nazareth.<\/p>\n<p style=\"text-align: right\">Antonio Lled\u00f3 Flor<\/p>\n<p style=\"text-align: right\">\u00a92015, Amor, paz y caridad<br \/>\n.<\/p>\n<p style=\"text-align: center\">[infobox]\n<p style=\"text-align: justify\"><strong>\u201cCient\u00edficamente es imposible explicar el surgimiento de la vida sin la presencia del dise\u00f1o inteligente. Pocos cient\u00edficos entienden los complejos mecanismos que son necesarios para crear vida.\u00bb<\/strong><\/p>\n<p style=\"text-align: right\"><a href=\"https:\/\/en.wikipedia.org\/wiki\/Jonathan_Wells_(intelligent_design_advocate)\">JHONATAN WELLS<\/a> &#8211; Dr. en Biolog\u00eda Molecular y F\u00edsica, Licenciado en Matem\u00e1ticas, Filosof\u00eda, y Geolog\u00eda.<\/p>\n<p style=\"text-align: center\">[\/infobox]\n","protected":false},"excerpt":{"rendered":"<p>DE HOMBRES A DIOSES Continuamos aqu\u00ed la reflexi\u00f3n efectuada en el art\u00edculo del mes pasado en esta misma secci\u00f3n, en la que abord\u00e1bamos el origen del hombre y la aparici\u00f3n del esp\u00edritu humano en la tierra a partir del \u00abhomo sapiens\u00bb. Abord\u00e1bamos en esas consideraciones el hecho de que el hombre parti\u00f3 de la ignorancia, [&hellip;]<\/p>\n","protected":false},"author":6,"featured_media":4985,"comment_status":"open","ping_status":"open","sticky":false,"template":"","format":"standard","meta":{"tdm_status":"","tdm_grid_status":"","footnotes":""},"categories":[24],"tags":[2434,2433,2338,411,2437,1494,2435,530,2432,2429,2430,2431,1302,2436,2149],"ppma_author":[407],"class_list":{"0":"post-4805","1":"post","2":"type-post","3":"status-publish","4":"format-standard","5":"has-post-thumbnail","7":"category-enfocando-la-actualidad","8":"tag-atributos-latentes","9":"tag-biologia-evolutiva","10":"tag-cambio","11":"tag-causa-primera","12":"tag-dios-interno","13":"tag-fuerza","14":"tag-hombre-animal","15":"tag-ingenieria-genetica","16":"tag-inteligencia-suprema","17":"tag-materia","18":"tag-matriz","19":"tag-mente-consciente","20":"tag-naturaleza","21":"tag-ser-angelico","22":"tag-transformacion"},"yoast_head":"<!-- This site is optimized with the Yoast SEO plugin v27.7 - https:\/\/yoast.com\/product\/yoast-seo-wordpress\/ -->\n<title>NATURALEZA Y EVOLUCI\u00d3N II | Amor, paz y caridad<\/title>\n<meta name=\"description\" content=\"Naturaleza y evoluci\u00f3n: de hombres a Dioses.\u00a0Los avances de la biolog\u00eda evolutiva, la ingenier\u00eda gen\u00e9tica a ra\u00edz del descubrimiento del genoma humano.\" \/>\n<meta name=\"robots\" content=\"index, follow, max-snippet:-1, max-image-preview:large, max-video-preview:-1\" \/>\n<link rel=\"canonical\" href=\"https:\/\/amorpazy-cp515.wordpresstemporal.com\/amorpazycaridad.es\/naturaleza-y-evolucion-ii\/\" \/>\n<meta property=\"og:locale\" content=\"es_ES\" \/>\n<meta property=\"og:type\" content=\"article\" \/>\n<meta property=\"og:title\" content=\"NATURALEZA Y EVOLUCI\u00d3N II | Amor, paz y caridad\" \/>\n<meta property=\"og:description\" content=\"Naturaleza y evoluci\u00f3n: de hombres a Dioses.\u00a0Los avances de la biolog\u00eda evolutiva, la ingenier\u00eda gen\u00e9tica a ra\u00edz del descubrimiento del genoma humano.\" \/>\n<meta property=\"og:url\" content=\"https:\/\/amorpazy-cp515.wordpresstemporal.com\/amorpazycaridad.es\/naturaleza-y-evolucion-ii\/\" \/>\n<meta property=\"og:site_name\" content=\"Amor, paz caridad\" \/>\n<meta property=\"article:publisher\" content=\"http:\/\/www.facebook.com\/pages\/Amor-paz-y-caridad\/1594978604096866\" \/>\n<meta property=\"article:published_time\" content=\"2016-01-15T05:00:31+00:00\" \/>\n<meta property=\"article:modified_time\" content=\"2016-01-15T11:20:34+00:00\" \/>\n<meta property=\"og:image\" content=\"https:\/\/amorpazy-cp515.wordpresstemporal.com\/amorpazycaridad.es\/wp-content\/uploads\/2016\/01\/naturaleza-y-evolucion-.jpg\" \/>\n\t<meta property=\"og:image:width\" content=\"750\" \/>\n\t<meta property=\"og:image:height\" content=\"350\" \/>\n\t<meta property=\"og:image:type\" content=\"image\/jpeg\" \/>\n<meta name=\"author\" content=\"Antonio\" \/>\n<meta name=\"twitter:card\" content=\"summary_large_image\" \/>\n<meta name=\"twitter:creator\" content=\"@amorpazycaridad\" \/>\n<meta name=\"twitter:site\" content=\"@amorpazycaridad\" \/>\n<meta name=\"twitter:label1\" content=\"Escrito por\" \/>\n\t<meta name=\"twitter:data1\" content=\"Antonio Lled\u00f3 Flor\" \/>\n\t<meta name=\"twitter:label2\" content=\"Tiempo de lectura\" \/>\n\t<meta name=\"twitter:data2\" content=\"10 minutos\" \/>\n<script type=\"application\/ld+json\" class=\"yoast-schema-graph\">{\"@context\":\"https:\\\/\\\/schema.org\",\"@graph\":[{\"@type\":\"Article\",\"@id\":\"https:\\\/\\\/amorpazy-cp515.wordpresstemporal.com\\\/amorpazycaridad.es\\\/naturaleza-y-evolucion-ii\\\/#article\",\"isPartOf\":{\"@id\":\"https:\\\/\\\/amorpazy-cp515.wordpresstemporal.com\\\/amorpazycaridad.es\\\/naturaleza-y-evolucion-ii\\\/\"},\"author\":{\"name\":\"Antonio Lled\u00f3 Flor\",\"@id\":\"https:\\\/\\\/amorpazycaridad.es\\\/#\\\/schema\\\/person\\\/221ba4fa1195cdcac2bd273305f4b13f\"},\"headline\":\"NATURALEZA Y EVOLUCI\u00d3N (II)\",\"datePublished\":\"2016-01-15T05:00:31+00:00\",\"dateModified\":\"2016-01-15T11:20:34+00:00\",\"mainEntityOfPage\":{\"@id\":\"https:\\\/\\\/amorpazy-cp515.wordpresstemporal.com\\\/amorpazycaridad.es\\\/naturaleza-y-evolucion-ii\\\/\"},\"wordCount\":1946,\"commentCount\":0,\"publisher\":{\"@id\":\"https:\\\/\\\/amorpazycaridad.es\\\/#organization\"},\"image\":{\"@id\":\"https:\\\/\\\/amorpazy-cp515.wordpresstemporal.com\\\/amorpazycaridad.es\\\/naturaleza-y-evolucion-ii\\\/#primaryimage\"},\"thumbnailUrl\":\"https:\\\/\\\/amorpazy-cp515.wordpresstemporal.com\\\/amorpazycaridad.es\\\/wp-content\\\/uploads\\\/2016\\\/01\\\/naturaleza-y-evolucion-.jpg\",\"keywords\":[\"Atributos Latentes\",\"Biolog\u00eda Evolutiva\",\"cambio\",\"causa primera\",\"Dios interno\",\"fuerza\",\"Hombre-Animal\",\"ingenieria genetica\",\"Inteligencia suprema\",\"Materia\",\"Matriz\",\"Mente consciente\",\"Naturaleza\",\"Ser-ang\u00e9lico\",\"transformaci\u00f3n\"],\"articleSection\":[\"Enfocando la actualidad\"],\"inLanguage\":\"es\",\"potentialAction\":[{\"@type\":\"CommentAction\",\"name\":\"Comment\",\"target\":[\"https:\\\/\\\/amorpazy-cp515.wordpresstemporal.com\\\/amorpazycaridad.es\\\/naturaleza-y-evolucion-ii\\\/#respond\"]}]},{\"@type\":\"WebPage\",\"@id\":\"https:\\\/\\\/amorpazy-cp515.wordpresstemporal.com\\\/amorpazycaridad.es\\\/naturaleza-y-evolucion-ii\\\/\",\"url\":\"https:\\\/\\\/amorpazy-cp515.wordpresstemporal.com\\\/amorpazycaridad.es\\\/naturaleza-y-evolucion-ii\\\/\",\"name\":\"NATURALEZA Y EVOLUCI\u00d3N II | Amor, paz y caridad\",\"isPartOf\":{\"@id\":\"https:\\\/\\\/amorpazycaridad.es\\\/#website\"},\"primaryImageOfPage\":{\"@id\":\"https:\\\/\\\/amorpazy-cp515.wordpresstemporal.com\\\/amorpazycaridad.es\\\/naturaleza-y-evolucion-ii\\\/#primaryimage\"},\"image\":{\"@id\":\"https:\\\/\\\/amorpazy-cp515.wordpresstemporal.com\\\/amorpazycaridad.es\\\/naturaleza-y-evolucion-ii\\\/#primaryimage\"},\"thumbnailUrl\":\"https:\\\/\\\/amorpazy-cp515.wordpresstemporal.com\\\/amorpazycaridad.es\\\/wp-content\\\/uploads\\\/2016\\\/01\\\/naturaleza-y-evolucion-.jpg\",\"datePublished\":\"2016-01-15T05:00:31+00:00\",\"dateModified\":\"2016-01-15T11:20:34+00:00\",\"description\":\"Naturaleza y evoluci\u00f3n: de hombres a Dioses.\u00a0Los avances de la biolog\u00eda evolutiva, la ingenier\u00eda gen\u00e9tica a ra\u00edz del descubrimiento del genoma humano.\",\"breadcrumb\":{\"@id\":\"https:\\\/\\\/amorpazy-cp515.wordpresstemporal.com\\\/amorpazycaridad.es\\\/naturaleza-y-evolucion-ii\\\/#breadcrumb\"},\"inLanguage\":\"es\",\"potentialAction\":[{\"@type\":\"ReadAction\",\"target\":[\"https:\\\/\\\/amorpazy-cp515.wordpresstemporal.com\\\/amorpazycaridad.es\\\/naturaleza-y-evolucion-ii\\\/\"]}]},{\"@type\":\"ImageObject\",\"inLanguage\":\"es\",\"@id\":\"https:\\\/\\\/amorpazy-cp515.wordpresstemporal.com\\\/amorpazycaridad.es\\\/naturaleza-y-evolucion-ii\\\/#primaryimage\",\"url\":\"https:\\\/\\\/amorpazy-cp515.wordpresstemporal.com\\\/amorpazycaridad.es\\\/wp-content\\\/uploads\\\/2016\\\/01\\\/naturaleza-y-evolucion-.jpg\",\"contentUrl\":\"https:\\\/\\\/amorpazy-cp515.wordpresstemporal.com\\\/amorpazycaridad.es\\\/wp-content\\\/uploads\\\/2016\\\/01\\\/naturaleza-y-evolucion-.jpg\",\"width\":750,\"height\":350,\"caption\":\"Naturaleza y evoluci\u00f3n (II)\"},{\"@type\":\"BreadcrumbList\",\"@id\":\"https:\\\/\\\/amorpazy-cp515.wordpresstemporal.com\\\/amorpazycaridad.es\\\/naturaleza-y-evolucion-ii\\\/#breadcrumb\",\"itemListElement\":[{\"@type\":\"ListItem\",\"position\":1,\"name\":\"Portada\",\"item\":\"https:\\\/\\\/amorpazycaridad.es\\\/\"},{\"@type\":\"ListItem\",\"position\":2,\"name\":\"NATURALEZA Y EVOLUCI\u00d3N (II)\"}]},{\"@type\":\"WebSite\",\"@id\":\"https:\\\/\\\/amorpazycaridad.es\\\/#website\",\"url\":\"https:\\\/\\\/amorpazycaridad.es\\\/\",\"name\":\"Amor, paz caridad\",\"description\":\"Conocimiento espiritual, espiritismo, espiritualismo, leyes universales, m\u00e1s all\u00e1, vida despu\u00e9s de la vida,\",\"publisher\":{\"@id\":\"https:\\\/\\\/amorpazycaridad.es\\\/#organization\"},\"potentialAction\":[{\"@type\":\"SearchAction\",\"target\":{\"@type\":\"EntryPoint\",\"urlTemplate\":\"https:\\\/\\\/amorpazycaridad.es\\\/?s={search_term_string}\"},\"query-input\":{\"@type\":\"PropertyValueSpecification\",\"valueRequired\":true,\"valueName\":\"search_term_string\"}}],\"inLanguage\":\"es\"},{\"@type\":\"Organization\",\"@id\":\"https:\\\/\\\/amorpazycaridad.es\\\/#organization\",\"name\":\"Asociaci\u00f3n de Estudios Espirituales Grupo Villena\",\"url\":\"https:\\\/\\\/amorpazycaridad.es\\\/\",\"logo\":{\"@type\":\"ImageObject\",\"inLanguage\":\"es\",\"@id\":\"https:\\\/\\\/amorpazycaridad.es\\\/#\\\/schema\\\/logo\\\/image\\\/\",\"url\":\"https:\\\/\\\/amorpazycaridad.es\\\/wp-content\\\/uploads\\\/2015\\\/01\\\/logo-fav-e1420247830294.jpg\",\"contentUrl\":\"https:\\\/\\\/amorpazycaridad.es\\\/wp-content\\\/uploads\\\/2015\\\/01\\\/logo-fav-e1420247830294.jpg\",\"width\":144,\"height\":144,\"caption\":\"Asociaci\u00f3n de Estudios Espirituales Grupo Villena\"},\"image\":{\"@id\":\"https:\\\/\\\/amorpazycaridad.es\\\/#\\\/schema\\\/logo\\\/image\\\/\"},\"sameAs\":[\"http:\\\/\\\/www.facebook.com\\\/pages\\\/Amor-paz-y-caridad\\\/1594978604096866\",\"https:\\\/\\\/x.com\\\/amorpazycaridad\",\"https:\\\/\\\/es.pinterest.com\\\/amorpazycaridad\\\/\",\"https:\\\/\\\/www.youtube.com\\\/channel\\\/UC1GvDIDCLoL02SzOD7NJdrA\"]},{\"@type\":\"Person\",\"@id\":\"https:\\\/\\\/amorpazycaridad.es\\\/#\\\/schema\\\/person\\\/221ba4fa1195cdcac2bd273305f4b13f\",\"name\":\"Antonio Lled\u00f3 Flor\",\"image\":{\"@type\":\"ImageObject\",\"inLanguage\":\"es\",\"@id\":\"https:\\\/\\\/amorpazy-cp515.wordpresstemporal.com\\\/amorpazycaridad.es\\\/wp-content\\\/uploads\\\/2016\\\/07\\\/IMG_1655-96x96.jpg5b8dbc14a881d27b23191d1f73ee32db\",\"url\":\"https:\\\/\\\/amorpazy-cp515.wordpresstemporal.com\\\/amorpazycaridad.es\\\/wp-content\\\/uploads\\\/2016\\\/07\\\/IMG_1655-96x96.jpg\",\"contentUrl\":\"https:\\\/\\\/amorpazy-cp515.wordpresstemporal.com\\\/amorpazycaridad.es\\\/wp-content\\\/uploads\\\/2016\\\/07\\\/IMG_1655-96x96.jpg\",\"caption\":\"Antonio Lled\u00f3 Flor\"},\"description\":\"D. Antonio Lled\u00f3 Flor, es Licenciado en Filosof\u00eda por la Universidad de Alicante. Ejecutivo de entidad financiera durante 25 a\u00f1os. Escritor, orador, divulgador y miembro del Grupo Villena desde su fundaci\u00f3n, de la que fue presidente. Fue director de la revista Amor Paz y Caridad durante diez a\u00f1os en su anterior etapa, y desde hace m\u00e1s de 35 a\u00f1os viene dictando conferencias y participando en seminarios, simposios, congresos; tanto nacionales como internacionales. Forma parte del equipo de redacci\u00f3n de dicha revista, actualmente en formato web, aportando art\u00edculos de inter\u00e9s y permanente actualidad.\",\"sameAs\":[\"http:\\\/\\\/www.amorpazycaridad.com\"],\"url\":\"https:\\\/\\\/amorpazy-cp515.wordpresstemporal.com\\\/amorpazycaridad.es\\\/author\\\/antonio\\\/\"}]}<\/script>\n<!-- \/ Yoast SEO plugin. -->","yoast_head_json":{"title":"NATURALEZA Y EVOLUCI\u00d3N II | Amor, paz y caridad","description":"Naturaleza y evoluci\u00f3n: de hombres a Dioses.\u00a0Los avances de la biolog\u00eda evolutiva, la ingenier\u00eda gen\u00e9tica a ra\u00edz del descubrimiento del genoma humano.","robots":{"index":"index","follow":"follow","max-snippet":"max-snippet:-1","max-image-preview":"max-image-preview:large","max-video-preview":"max-video-preview:-1"},"canonical":"https:\/\/amorpazy-cp515.wordpresstemporal.com\/amorpazycaridad.es\/naturaleza-y-evolucion-ii\/","og_locale":"es_ES","og_type":"article","og_title":"NATURALEZA Y EVOLUCI\u00d3N II | Amor, paz y caridad","og_description":"Naturaleza y evoluci\u00f3n: de hombres a Dioses.\u00a0Los avances de la biolog\u00eda evolutiva, la ingenier\u00eda gen\u00e9tica a ra\u00edz del descubrimiento del genoma humano.","og_url":"https:\/\/amorpazy-cp515.wordpresstemporal.com\/amorpazycaridad.es\/naturaleza-y-evolucion-ii\/","og_site_name":"Amor, paz caridad","article_publisher":"http:\/\/www.facebook.com\/pages\/Amor-paz-y-caridad\/1594978604096866","article_published_time":"2016-01-15T05:00:31+00:00","article_modified_time":"2016-01-15T11:20:34+00:00","og_image":[{"width":750,"height":350,"url":"https:\/\/amorpazy-cp515.wordpresstemporal.com\/amorpazycaridad.es\/wp-content\/uploads\/2016\/01\/naturaleza-y-evolucion-.jpg","type":"image\/jpeg"}],"author":"Antonio","twitter_card":"summary_large_image","twitter_creator":"@amorpazycaridad","twitter_site":"@amorpazycaridad","twitter_misc":{"Escrito por":"Antonio Lled\u00f3 Flor","Tiempo de lectura":"10 minutos"},"schema":{"@context":"https:\/\/schema.org","@graph":[{"@type":"Article","@id":"https:\/\/amorpazy-cp515.wordpresstemporal.com\/amorpazycaridad.es\/naturaleza-y-evolucion-ii\/#article","isPartOf":{"@id":"https:\/\/amorpazy-cp515.wordpresstemporal.com\/amorpazycaridad.es\/naturaleza-y-evolucion-ii\/"},"author":{"name":"Antonio Lled\u00f3 Flor","@id":"https:\/\/amorpazycaridad.es\/#\/schema\/person\/221ba4fa1195cdcac2bd273305f4b13f"},"headline":"NATURALEZA Y EVOLUCI\u00d3N (II)","datePublished":"2016-01-15T05:00:31+00:00","dateModified":"2016-01-15T11:20:34+00:00","mainEntityOfPage":{"@id":"https:\/\/amorpazy-cp515.wordpresstemporal.com\/amorpazycaridad.es\/naturaleza-y-evolucion-ii\/"},"wordCount":1946,"commentCount":0,"publisher":{"@id":"https:\/\/amorpazycaridad.es\/#organization"},"image":{"@id":"https:\/\/amorpazy-cp515.wordpresstemporal.com\/amorpazycaridad.es\/naturaleza-y-evolucion-ii\/#primaryimage"},"thumbnailUrl":"https:\/\/amorpazy-cp515.wordpresstemporal.com\/amorpazycaridad.es\/wp-content\/uploads\/2016\/01\/naturaleza-y-evolucion-.jpg","keywords":["Atributos Latentes","Biolog\u00eda Evolutiva","cambio","causa primera","Dios interno","fuerza","Hombre-Animal","ingenieria genetica","Inteligencia suprema","Materia","Matriz","Mente consciente","Naturaleza","Ser-ang\u00e9lico","transformaci\u00f3n"],"articleSection":["Enfocando la actualidad"],"inLanguage":"es","potentialAction":[{"@type":"CommentAction","name":"Comment","target":["https:\/\/amorpazy-cp515.wordpresstemporal.com\/amorpazycaridad.es\/naturaleza-y-evolucion-ii\/#respond"]}]},{"@type":"WebPage","@id":"https:\/\/amorpazy-cp515.wordpresstemporal.com\/amorpazycaridad.es\/naturaleza-y-evolucion-ii\/","url":"https:\/\/amorpazy-cp515.wordpresstemporal.com\/amorpazycaridad.es\/naturaleza-y-evolucion-ii\/","name":"NATURALEZA Y EVOLUCI\u00d3N II | Amor, paz y caridad","isPartOf":{"@id":"https:\/\/amorpazycaridad.es\/#website"},"primaryImageOfPage":{"@id":"https:\/\/amorpazy-cp515.wordpresstemporal.com\/amorpazycaridad.es\/naturaleza-y-evolucion-ii\/#primaryimage"},"image":{"@id":"https:\/\/amorpazy-cp515.wordpresstemporal.com\/amorpazycaridad.es\/naturaleza-y-evolucion-ii\/#primaryimage"},"thumbnailUrl":"https:\/\/amorpazy-cp515.wordpresstemporal.com\/amorpazycaridad.es\/wp-content\/uploads\/2016\/01\/naturaleza-y-evolucion-.jpg","datePublished":"2016-01-15T05:00:31+00:00","dateModified":"2016-01-15T11:20:34+00:00","description":"Naturaleza y evoluci\u00f3n: de hombres a Dioses.\u00a0Los avances de la biolog\u00eda evolutiva, la ingenier\u00eda gen\u00e9tica a ra\u00edz del descubrimiento del genoma humano.","breadcrumb":{"@id":"https:\/\/amorpazy-cp515.wordpresstemporal.com\/amorpazycaridad.es\/naturaleza-y-evolucion-ii\/#breadcrumb"},"inLanguage":"es","potentialAction":[{"@type":"ReadAction","target":["https:\/\/amorpazy-cp515.wordpresstemporal.com\/amorpazycaridad.es\/naturaleza-y-evolucion-ii\/"]}]},{"@type":"ImageObject","inLanguage":"es","@id":"https:\/\/amorpazy-cp515.wordpresstemporal.com\/amorpazycaridad.es\/naturaleza-y-evolucion-ii\/#primaryimage","url":"https:\/\/amorpazy-cp515.wordpresstemporal.com\/amorpazycaridad.es\/wp-content\/uploads\/2016\/01\/naturaleza-y-evolucion-.jpg","contentUrl":"https:\/\/amorpazy-cp515.wordpresstemporal.com\/amorpazycaridad.es\/wp-content\/uploads\/2016\/01\/naturaleza-y-evolucion-.jpg","width":750,"height":350,"caption":"Naturaleza y evoluci\u00f3n (II)"},{"@type":"BreadcrumbList","@id":"https:\/\/amorpazy-cp515.wordpresstemporal.com\/amorpazycaridad.es\/naturaleza-y-evolucion-ii\/#breadcrumb","itemListElement":[{"@type":"ListItem","position":1,"name":"Portada","item":"https:\/\/amorpazycaridad.es\/"},{"@type":"ListItem","position":2,"name":"NATURALEZA Y EVOLUCI\u00d3N (II)"}]},{"@type":"WebSite","@id":"https:\/\/amorpazycaridad.es\/#website","url":"https:\/\/amorpazycaridad.es\/","name":"Amor, paz caridad","description":"Conocimiento espiritual, espiritismo, espiritualismo, leyes universales, m\u00e1s all\u00e1, vida despu\u00e9s de la vida,","publisher":{"@id":"https:\/\/amorpazycaridad.es\/#organization"},"potentialAction":[{"@type":"SearchAction","target":{"@type":"EntryPoint","urlTemplate":"https:\/\/amorpazycaridad.es\/?s={search_term_string}"},"query-input":{"@type":"PropertyValueSpecification","valueRequired":true,"valueName":"search_term_string"}}],"inLanguage":"es"},{"@type":"Organization","@id":"https:\/\/amorpazycaridad.es\/#organization","name":"Asociaci\u00f3n de Estudios Espirituales Grupo Villena","url":"https:\/\/amorpazycaridad.es\/","logo":{"@type":"ImageObject","inLanguage":"es","@id":"https:\/\/amorpazycaridad.es\/#\/schema\/logo\/image\/","url":"https:\/\/amorpazycaridad.es\/wp-content\/uploads\/2015\/01\/logo-fav-e1420247830294.jpg","contentUrl":"https:\/\/amorpazycaridad.es\/wp-content\/uploads\/2015\/01\/logo-fav-e1420247830294.jpg","width":144,"height":144,"caption":"Asociaci\u00f3n de Estudios Espirituales Grupo Villena"},"image":{"@id":"https:\/\/amorpazycaridad.es\/#\/schema\/logo\/image\/"},"sameAs":["http:\/\/www.facebook.com\/pages\/Amor-paz-y-caridad\/1594978604096866","https:\/\/x.com\/amorpazycaridad","https:\/\/es.pinterest.com\/amorpazycaridad\/","https:\/\/www.youtube.com\/channel\/UC1GvDIDCLoL02SzOD7NJdrA"]},{"@type":"Person","@id":"https:\/\/amorpazycaridad.es\/#\/schema\/person\/221ba4fa1195cdcac2bd273305f4b13f","name":"Antonio Lled\u00f3 Flor","image":{"@type":"ImageObject","inLanguage":"es","@id":"https:\/\/amorpazy-cp515.wordpresstemporal.com\/amorpazycaridad.es\/wp-content\/uploads\/2016\/07\/IMG_1655-96x96.jpg5b8dbc14a881d27b23191d1f73ee32db","url":"https:\/\/amorpazy-cp515.wordpresstemporal.com\/amorpazycaridad.es\/wp-content\/uploads\/2016\/07\/IMG_1655-96x96.jpg","contentUrl":"https:\/\/amorpazy-cp515.wordpresstemporal.com\/amorpazycaridad.es\/wp-content\/uploads\/2016\/07\/IMG_1655-96x96.jpg","caption":"Antonio Lled\u00f3 Flor"},"description":"D. Antonio Lled\u00f3 Flor, es Licenciado en Filosof\u00eda por la Universidad de Alicante. Ejecutivo de entidad financiera durante 25 a\u00f1os. Escritor, orador, divulgador y miembro del Grupo Villena desde su fundaci\u00f3n, de la que fue presidente. Fue director de la revista Amor Paz y Caridad durante diez a\u00f1os en su anterior etapa, y desde hace m\u00e1s de 35 a\u00f1os viene dictando conferencias y participando en seminarios, simposios, congresos; tanto nacionales como internacionales. Forma parte del equipo de redacci\u00f3n de dicha revista, actualmente en formato web, aportando art\u00edculos de inter\u00e9s y permanente actualidad.","sameAs":["http:\/\/www.amorpazycaridad.com"],"url":"https:\/\/amorpazy-cp515.wordpresstemporal.com\/amorpazycaridad.es\/author\/antonio\/"}]}},"authors":[{"term_id":407,"user_id":0,"is_guest":1,"slug":"cap-antonio","display_name":"Antonio","avatar_url":"https:\/\/secure.gravatar.com\/avatar\/?s=96&d=mm&r=g","0":null,"1":"","2":"","3":"","4":"","5":"","6":"","7":"","8":""}],"_links":{"self":[{"href":"https:\/\/amorpazy-cp515.wordpresstemporal.com\/amorpazycaridad.es\/wp-json\/wp\/v2\/posts\/4805","targetHints":{"allow":["GET"]}}],"collection":[{"href":"https:\/\/amorpazy-cp515.wordpresstemporal.com\/amorpazycaridad.es\/wp-json\/wp\/v2\/posts"}],"about":[{"href":"https:\/\/amorpazy-cp515.wordpresstemporal.com\/amorpazycaridad.es\/wp-json\/wp\/v2\/types\/post"}],"author":[{"embeddable":true,"href":"https:\/\/amorpazy-cp515.wordpresstemporal.com\/amorpazycaridad.es\/wp-json\/wp\/v2\/users\/6"}],"replies":[{"embeddable":true,"href":"https:\/\/amorpazy-cp515.wordpresstemporal.com\/amorpazycaridad.es\/wp-json\/wp\/v2\/comments?post=4805"}],"version-history":[{"count":14,"href":"https:\/\/amorpazy-cp515.wordpresstemporal.com\/amorpazycaridad.es\/wp-json\/wp\/v2\/posts\/4805\/revisions"}],"predecessor-version":[{"id":4990,"href":"https:\/\/amorpazy-cp515.wordpresstemporal.com\/amorpazycaridad.es\/wp-json\/wp\/v2\/posts\/4805\/revisions\/4990"}],"wp:featuredmedia":[{"embeddable":true,"href":"https:\/\/amorpazy-cp515.wordpresstemporal.com\/amorpazycaridad.es\/wp-json\/wp\/v2\/media\/4985"}],"wp:attachment":[{"href":"https:\/\/amorpazy-cp515.wordpresstemporal.com\/amorpazycaridad.es\/wp-json\/wp\/v2\/media?parent=4805"}],"wp:term":[{"taxonomy":"category","embeddable":true,"href":"https:\/\/amorpazy-cp515.wordpresstemporal.com\/amorpazycaridad.es\/wp-json\/wp\/v2\/categories?post=4805"},{"taxonomy":"post_tag","embeddable":true,"href":"https:\/\/amorpazy-cp515.wordpresstemporal.com\/amorpazycaridad.es\/wp-json\/wp\/v2\/tags?post=4805"},{"taxonomy":"author","embeddable":true,"href":"https:\/\/amorpazy-cp515.wordpresstemporal.com\/amorpazycaridad.es\/wp-json\/wp\/v2\/ppma_author?post=4805"}],"curies":[{"name":"wp","href":"https:\/\/api.w.org\/{rel}","templated":true}]}}