{"id":442,"date":"2011-07-28T14:03:00","date_gmt":"2011-07-28T14:03:00","guid":{"rendered":"https:\/\/amorpazycaridad.es\/uncategorized\/historia-de-los-congresos-espiritas\/"},"modified":"2015-08-06T08:22:31","modified_gmt":"2015-08-06T07:22:31","slug":"congreso-espiritista-internacional-de-la-haya","status":"publish","type":"post","link":"https:\/\/amorpazy-cp515.wordpresstemporal.com\/amorpazycaridad.es\/congreso-espiritista-internacional-de-la-haya\/","title":{"rendered":"CONGRESO ESPIRITISTA INTERNACIONAL DE LA HAYA"},"content":{"rendered":"<div style=\"text-align: justify;\"><\/div>\n<div style=\"text-align: justify;\"><\/div>\n<div style=\"text-align: center;\"><\/div>\n<div style=\"text-align: justify;\"><span style=\"font-size: large;\">\u00a0<\/span><\/div>\n<div style=\"text-align: center;\"><span style=\"font-size: large;\">Del 1 al 8 de Septiembre, 1931\u00a0<\/span><\/div>\n<div style=\"text-align: justify;\"><span style=\"font-size: large;\">\u00a0<\/span><\/div>\n<div style=\"text-align: justify;\"><span style=\"font-size: large;\">\u00a0 \u00a0 Vamos a ofrecer este mes otro interesante trabajo, organizado por la Uni\u00f3n Espiritualista Nacional Neerlandesa, en representaci\u00f3n de la Federaci\u00f3n Espiritista Internacional. Se trata del Congreso Internacional de la Haya, que deb\u00eda, por acuerdo del Congreso de Londres de 1.928, dedicar especial atenci\u00f3n al estudio de la <\/span><br \/>\n<a name=\"more\"><\/a><span style=\"font-size: large;\">Mediumnidad Curativa.\u00a0<\/span><\/div>\n<div style=\"text-align: justify;\"><span style=\"font-size: large;\">\u00a0<\/span><\/div>\n<div style=\"text-align: justify;\"><span style=\"font-size: large;\">\u00a0 \u00a0Este Congreso se celebr\u00f3 en los grandes salones del Pulchri Studio, dividi\u00e9ndose en cuatro secciones: Ciencia; Mediumnidad Curativa; Doctrina, Filosof\u00eda y Etica; Propaganda, Organizaci\u00f3n y Literatura. Se presentaron un gran n\u00famero de ponencias, algunas de ellas muy interesantes.\u00a0<\/span><\/div>\n<div style=\"text-align: justify;\"><span style=\"font-size: large;\">\u00a0<\/span><\/div>\n<div style=\"text-align: justify;\"><b><span style=\"font-size: large;\">CONCLUSIONES DEL CONGRESO.-\u00a0<\/span><\/b><\/div>\n<div style=\"text-align: justify;\"><span style=\"font-size: large;\">\u00a0<\/span><\/div>\n<div style=\"text-align: justify;\"><span style=\"font-size: large;\">\u00a0 \u00a0El Espiritismo es una filosof\u00eda que se apoya sobre bases cient\u00edficas precisas y cuyos principios fundamentales son los siguientes:\u00a0<\/span><\/div>\n<div style=\"text-align: justify;\"><span style=\"font-size: large;\">\u00a0<\/span><\/div>\n<div style=\"text-align: justify;\"><span style=\"font-size: large;\">l\u00aa Existencia de Dios, Inteligencia y Causa Suprema de todas las cosas.\u00a0<\/span><\/div>\n<div style=\"text-align: justify;\"><span style=\"font-size: large;\">\u00a0<\/span><\/div>\n<div style=\"text-align: justify;\"><span style=\"font-size: large;\">2\u00aa Existencia del alma, unida durante la vida terrestre al cuerpo f\u00edsico perecedero, por un elemento intermediario llamado periesp\u00edritu o cuerpo et\u00e9rico.\u00a0<\/span><\/div>\n<div style=\"text-align: justify;\"><span style=\"font-size: large;\">\u00a0<\/span><\/div>\n<div style=\"text-align: justify;\"><span style=\"font-size: large;\">3\u00aa Inmortalidad del alma; su evoluci\u00f3n continua hacia la perfecci\u00f3n por planos de vida progresivos. Responsabilidad individual y colectiva entre todos los seres siguiendo la ley de causalidad.\u00a0<\/span><\/div>\n<div style=\"text-align: justify;\"><span style=\"font-size: large;\">\u00a0<\/span><\/div>\n<div style=\"text-align: justify;\"><span style=\"font-size: large;\">\u00a0 \u00a0 \u00a0Adem\u00e1s de estas conclusiones, el Congreso aprob\u00f3 las mociones siguientes:\u00a0<\/span><\/div>\n<div style=\"text-align: justify;\"><span style=\"font-size: large;\">\u00a0<\/span><\/div>\n<div style=\"text-align: justify;\"><span style=\"font-size: large;\">1\u00aa El Congreso \u00a0afirma que la \u00a0curaci\u00f3n \u00a0 por la influencia espiritual queda completamente demostrada y que, por lo tanto, es de inter\u00e9s para la Humanidad entera que sea factible utilizar las facultades median\u00edmicas para curar las enfermedades.\u00a0<\/span><\/div>\n<div style=\"text-align: justify;\"><span style=\"font-size: large;\">\u00a0<\/span><\/div>\n<div style=\"text-align: justify;\"><span style=\"font-size: large;\">2\u00aa El Congreso invita a las federaciones nacionales a reunir la mayor cantidad posible de documentos aut\u00e9nticos referentes a las curaciones obtenidas por medio de la mediumnidad.\u00a0<\/span><\/div>\n<div style=\"text-align: justify;\"><span style=\"font-size: large;\">\u00a0<\/span><\/div>\n<div style=\"text-align: justify;\"><span style=\"font-size: large;\">3\u00aa El Congreso pide a todas las federaciones nacionales faciliten, por medio de una activa propaganda en el p\u00fablico, el desarrollo del estudio de la metaps\u00edquica y de las facultades medi\u00famnicas curanderas como una parte integrante de la educaci\u00f3n medical.\u00a0<\/span><\/div>\n<div style=\"text-align: justify;\"><span style=\"font-size: large;\">\u00a0<\/span><\/div>\n<div style=\"text-align: justify;\"><span style=\"font-size: large;\">4\u00aa El Congreso lamenta constatar que en todos los pa\u00edses la ley y el cuerpo medical restringen la pr\u00e1ctica de la mediumnidad curativa. El Congreso est\u00e1 resuelto a hacer todos los esfuerzos necesarios para obtener un estatuto legal para esta clase de mediumnidad.\u00a0<\/span><\/div>\n<div style=\"text-align: justify;\"><span style=\"font-size: large;\">\u00a0<\/span><\/div>\n<div style=\"text-align: justify;\"><span style=\"font-size: large;\">5\u00aa Los miembros del Congreso Espiritista Internacional, considerando que la guerra es un resto de barbarie que la civilizaci\u00f3n debe hacer desaparecer, afirman su voluntad de colaborar en todos los esfuerzos que se hagan para asegurar el desarme y as\u00ed establecer la paz universal.\u00a0<\/span><\/div>\n<div style=\"text-align: justify;\"><span style=\"font-size: large;\">\u00a0<\/span><\/div>\n<div style=\"text-align: justify;\"><span style=\"font-size: large;\">6\u00aa El Congreso \u00a0decide nombrar un \u00a0tercer consejero de la F.E.I., tal como autorizan los estatutos. Para apoyar la autoridad moral de la Federaci\u00f3n Espirita Espa\u00f1ola, se decide nombrar para este cargo a un miembro de la F.E.E., que ella misma deber\u00e1 designar al Comit\u00e9 Ejecutivo de la Federaci\u00f3n Espiritista Internacional. (La Federaci\u00f3n Espa\u00f1ola design\u00f3 a su presidente general, el se\u00f1or Asmara.)<\/span><\/div>\n<div style=\"text-align: justify;\"><span style=\"font-size: large;\">\u00a0<\/span><\/div>\n<div style=\"text-align: justify;\"><span style=\"font-size: large;\">\u00a0<\/span><\/div>\n<div style=\"text-align: justify;\"><\/div>\n","protected":false},"excerpt":{"rendered":"<p>\u00a0 Del 1 al 8 de Septiembre, 1931\u00a0 \u00a0 \u00a0 \u00a0 Vamos a ofrecer este mes otro interesante trabajo, organizado por la Uni\u00f3n Espiritualista Nacional Neerlandesa, en representaci\u00f3n de la Federaci\u00f3n Espiritista Internacional. Se trata del Congreso Internacional de la Haya, que deb\u00eda, por acuerdo del Congreso de Londres de 1.928, dedicar especial atenci\u00f3n al [&hellip;]<\/p>\n","protected":false},"author":10,"featured_media":0,"comment_status":"open","ping_status":"open","sticky":false,"template":"","format":"standard","meta":{"tdm_status":"","tdm_grid_status":"","footnotes":""},"categories":[28],"tags":[1902,1905,1900,1901,1903,181,1866,1904],"ppma_author":[520],"class_list":{"0":"post-442","1":"post","2":"type-post","3":"status-publish","4":"format-standard","6":"category-historia-de-los-congresos","7":"tag-ano-1931","8":"tag-congreso-de-londres-de-1-928","9":"tag-congreso-espirita-internacional-la-haya","10":"tag-el-senor-asmara","12":"tag-federacion-espirita-espanola","13":"tag-historia-de-los-congresos-2","14":"tag-mediumnidad-curativa"},"yoast_head":"<!-- This site is optimized with the Yoast SEO plugin v27.7 - https:\/\/yoast.com\/product\/yoast-seo-wordpress\/ -->\n<title>CONGRESO ESPIRITISTA INTERNACIONAL DE LA HAYA | Amor, paz caridad<\/title>\n<meta name=\"robots\" content=\"index, follow, max-snippet:-1, max-image-preview:large, max-video-preview:-1\" \/>\n<link rel=\"canonical\" href=\"https:\/\/amorpazycaridad.es\/congreso-espiritista-internacional-de-la-haya\/\" \/>\n<meta property=\"og:locale\" content=\"es_ES\" \/>\n<meta property=\"og:type\" content=\"article\" \/>\n<meta property=\"og:title\" content=\"CONGRESO ESPIRITISTA INTERNACIONAL DE LA HAYA | Amor, paz caridad\" \/>\n<meta property=\"og:description\" content=\"\u00a0 Del 1 al 8 de Septiembre, 1931\u00a0 \u00a0 \u00a0 \u00a0 Vamos a ofrecer este mes otro interesante trabajo, organizado por la Uni\u00f3n Espiritualista Nacional Neerlandesa, en representaci\u00f3n de la Federaci\u00f3n Espiritista Internacional. Se trata del Congreso Internacional de la Haya, que deb\u00eda, por acuerdo del Congreso de Londres de 1.928, dedicar especial atenci\u00f3n al [&hellip;]\" \/>\n<meta property=\"og:url\" content=\"https:\/\/amorpazycaridad.es\/congreso-espiritista-internacional-de-la-haya\/\" \/>\n<meta property=\"og:site_name\" content=\"Amor, paz caridad\" \/>\n<meta property=\"article:publisher\" content=\"http:\/\/www.facebook.com\/pages\/Amor-paz-y-caridad\/1594978604096866\" \/>\n<meta property=\"article:published_time\" content=\"2011-07-28T14:03:00+00:00\" \/>\n<meta property=\"article:modified_time\" content=\"2015-08-06T07:22:31+00:00\" \/>\n<meta name=\"author\" content=\"Redaccion revista\" \/>\n<meta name=\"twitter:card\" content=\"summary_large_image\" \/>\n<meta name=\"twitter:creator\" content=\"@amorpazycaridad\" \/>\n<meta name=\"twitter:site\" content=\"@amorpazycaridad\" \/>\n<meta name=\"twitter:label1\" content=\"Escrito por\" \/>\n\t<meta name=\"twitter:data1\" content=\"Redaccion APC\" \/>\n\t<meta name=\"twitter:label2\" content=\"Tiempo de lectura\" \/>\n\t<meta name=\"twitter:data2\" content=\"2 minutos\" \/>\n<script type=\"application\/ld+json\" class=\"yoast-schema-graph\">{\"@context\":\"https:\\\/\\\/schema.org\",\"@graph\":[{\"@type\":\"Article\",\"@id\":\"https:\\\/\\\/amorpazycaridad.es\\\/congreso-espiritista-internacional-de-la-haya\\\/#article\",\"isPartOf\":{\"@id\":\"https:\\\/\\\/amorpazycaridad.es\\\/congreso-espiritista-internacional-de-la-haya\\\/\"},\"author\":{\"name\":\"Redaccion APC\",\"@id\":\"https:\\\/\\\/amorpazy-cp515.wordpresstemporal.com\\\/amorpazycaridad.es\\\/#\\\/schema\\\/person\\\/f6b5c8408dab7f2821df157f3b51ce47\"},\"headline\":\"CONGRESO ESPIRITISTA INTERNACIONAL DE LA HAYA\",\"datePublished\":\"2011-07-28T14:03:00+00:00\",\"dateModified\":\"2015-08-06T07:22:31+00:00\",\"mainEntityOfPage\":{\"@id\":\"https:\\\/\\\/amorpazycaridad.es\\\/congreso-espiritista-internacional-de-la-haya\\\/\"},\"wordCount\":474,\"commentCount\":0,\"publisher\":{\"@id\":\"https:\\\/\\\/amorpazy-cp515.wordpresstemporal.com\\\/amorpazycaridad.es\\\/#organization\"},\"keywords\":[\"a\u00f1o 1931\",\"Congreso de Londres de 1.928\",\"Congreso Espirita Internacional La Haya\",\"el se\u00f1or Asmara\",\"F.E.I.\",\"Federaci\u00f3n Espirita Espa\u00f1ola\",\"Historia de los Congresos\",\"Mediumnidad Curativa\"],\"articleSection\":[\"Historia de los congresos\"],\"inLanguage\":\"es\",\"potentialAction\":[{\"@type\":\"CommentAction\",\"name\":\"Comment\",\"target\":[\"https:\\\/\\\/amorpazycaridad.es\\\/congreso-espiritista-internacional-de-la-haya\\\/#respond\"]}]},{\"@type\":\"WebPage\",\"@id\":\"https:\\\/\\\/amorpazycaridad.es\\\/congreso-espiritista-internacional-de-la-haya\\\/\",\"url\":\"https:\\\/\\\/amorpazycaridad.es\\\/congreso-espiritista-internacional-de-la-haya\\\/\",\"name\":\"CONGRESO ESPIRITISTA INTERNACIONAL DE LA HAYA | Amor, paz caridad\",\"isPartOf\":{\"@id\":\"https:\\\/\\\/amorpazy-cp515.wordpresstemporal.com\\\/amorpazycaridad.es\\\/#website\"},\"datePublished\":\"2011-07-28T14:03:00+00:00\",\"dateModified\":\"2015-08-06T07:22:31+00:00\",\"breadcrumb\":{\"@id\":\"https:\\\/\\\/amorpazycaridad.es\\\/congreso-espiritista-internacional-de-la-haya\\\/#breadcrumb\"},\"inLanguage\":\"es\",\"potentialAction\":[{\"@type\":\"ReadAction\",\"target\":[\"https:\\\/\\\/amorpazycaridad.es\\\/congreso-espiritista-internacional-de-la-haya\\\/\"]}]},{\"@type\":\"BreadcrumbList\",\"@id\":\"https:\\\/\\\/amorpazycaridad.es\\\/congreso-espiritista-internacional-de-la-haya\\\/#breadcrumb\",\"itemListElement\":[{\"@type\":\"ListItem\",\"position\":1,\"name\":\"Portada\",\"item\":\"https:\\\/\\\/amorpazy-cp515.wordpresstemporal.com\\\/amorpazycaridad.es\\\/\"},{\"@type\":\"ListItem\",\"position\":2,\"name\":\"CONGRESO ESPIRITISTA INTERNACIONAL DE LA HAYA\"}]},{\"@type\":\"WebSite\",\"@id\":\"https:\\\/\\\/amorpazy-cp515.wordpresstemporal.com\\\/amorpazycaridad.es\\\/#website\",\"url\":\"https:\\\/\\\/amorpazy-cp515.wordpresstemporal.com\\\/amorpazycaridad.es\\\/\",\"name\":\"Amor, paz caridad\",\"description\":\"Conocimiento espiritual, espiritismo, espiritualismo, leyes universales, m\u00e1s all\u00e1, vida despu\u00e9s de la vida,\",\"publisher\":{\"@id\":\"https:\\\/\\\/amorpazy-cp515.wordpresstemporal.com\\\/amorpazycaridad.es\\\/#organization\"},\"potentialAction\":[{\"@type\":\"SearchAction\",\"target\":{\"@type\":\"EntryPoint\",\"urlTemplate\":\"https:\\\/\\\/amorpazy-cp515.wordpresstemporal.com\\\/amorpazycaridad.es\\\/?s={search_term_string}\"},\"query-input\":{\"@type\":\"PropertyValueSpecification\",\"valueRequired\":true,\"valueName\":\"search_term_string\"}}],\"inLanguage\":\"es\"},{\"@type\":\"Organization\",\"@id\":\"https:\\\/\\\/amorpazy-cp515.wordpresstemporal.com\\\/amorpazycaridad.es\\\/#organization\",\"name\":\"Asociaci\u00f3n de Estudios Espirituales Grupo Villena\",\"url\":\"https:\\\/\\\/amorpazy-cp515.wordpresstemporal.com\\\/amorpazycaridad.es\\\/\",\"logo\":{\"@type\":\"ImageObject\",\"inLanguage\":\"es\",\"@id\":\"https:\\\/\\\/amorpazy-cp515.wordpresstemporal.com\\\/amorpazycaridad.es\\\/#\\\/schema\\\/logo\\\/image\\\/\",\"url\":\"https:\\\/\\\/amorpazycaridad.es\\\/wp-content\\\/uploads\\\/2015\\\/01\\\/logo-fav-e1420247830294.jpg\",\"contentUrl\":\"https:\\\/\\\/amorpazycaridad.es\\\/wp-content\\\/uploads\\\/2015\\\/01\\\/logo-fav-e1420247830294.jpg\",\"width\":144,\"height\":144,\"caption\":\"Asociaci\u00f3n de Estudios Espirituales Grupo Villena\"},\"image\":{\"@id\":\"https:\\\/\\\/amorpazy-cp515.wordpresstemporal.com\\\/amorpazycaridad.es\\\/#\\\/schema\\\/logo\\\/image\\\/\"},\"sameAs\":[\"http:\\\/\\\/www.facebook.com\\\/pages\\\/Amor-paz-y-caridad\\\/1594978604096866\",\"https:\\\/\\\/x.com\\\/amorpazycaridad\",\"https:\\\/\\\/es.pinterest.com\\\/amorpazycaridad\\\/\",\"https:\\\/\\\/www.youtube.com\\\/channel\\\/UC1GvDIDCLoL02SzOD7NJdrA\"]},{\"@type\":\"Person\",\"@id\":\"https:\\\/\\\/amorpazy-cp515.wordpresstemporal.com\\\/amorpazycaridad.es\\\/#\\\/schema\\\/person\\\/f6b5c8408dab7f2821df157f3b51ce47\",\"name\":\"Redaccion APC\",\"image\":{\"@type\":\"ImageObject\",\"inLanguage\":\"es\",\"@id\":\"https:\\\/\\\/amorpazycaridad.es\\\/wp-content\\\/uploads\\\/2015\\\/01\\\/icono-114-96x96.jpg73ca1ff604f9e7c7607bbbfa84b61c44\",\"url\":\"https:\\\/\\\/amorpazycaridad.es\\\/wp-content\\\/uploads\\\/2015\\\/01\\\/icono-114-96x96.jpg\",\"contentUrl\":\"https:\\\/\\\/amorpazycaridad.es\\\/wp-content\\\/uploads\\\/2015\\\/01\\\/icono-114-96x96.jpg\",\"caption\":\"Redaccion APC\"},\"sameAs\":[\"http:\\\/\\\/www.amorpazycaridad.com\"],\"url\":\"https:\\\/\\\/amorpazy-cp515.wordpresstemporal.com\\\/amorpazycaridad.es\\\/author\\\/redaccion-revista\\\/\"}]}<\/script>\n<!-- \/ Yoast SEO plugin. -->","yoast_head_json":{"title":"CONGRESO ESPIRITISTA INTERNACIONAL DE LA HAYA | Amor, paz caridad","robots":{"index":"index","follow":"follow","max-snippet":"max-snippet:-1","max-image-preview":"max-image-preview:large","max-video-preview":"max-video-preview:-1"},"canonical":"https:\/\/amorpazycaridad.es\/congreso-espiritista-internacional-de-la-haya\/","og_locale":"es_ES","og_type":"article","og_title":"CONGRESO ESPIRITISTA INTERNACIONAL DE LA HAYA | Amor, paz caridad","og_description":"\u00a0 Del 1 al 8 de Septiembre, 1931\u00a0 \u00a0 \u00a0 \u00a0 Vamos a ofrecer este mes otro interesante trabajo, organizado por la Uni\u00f3n Espiritualista Nacional Neerlandesa, en representaci\u00f3n de la Federaci\u00f3n Espiritista Internacional. Se trata del Congreso Internacional de la Haya, que deb\u00eda, por acuerdo del Congreso de Londres de 1.928, dedicar especial atenci\u00f3n al [&hellip;]","og_url":"https:\/\/amorpazycaridad.es\/congreso-espiritista-internacional-de-la-haya\/","og_site_name":"Amor, paz caridad","article_publisher":"http:\/\/www.facebook.com\/pages\/Amor-paz-y-caridad\/1594978604096866","article_published_time":"2011-07-28T14:03:00+00:00","article_modified_time":"2015-08-06T07:22:31+00:00","author":"Redaccion revista","twitter_card":"summary_large_image","twitter_creator":"@amorpazycaridad","twitter_site":"@amorpazycaridad","twitter_misc":{"Escrito por":"Redaccion APC","Tiempo de lectura":"2 minutos"},"schema":{"@context":"https:\/\/schema.org","@graph":[{"@type":"Article","@id":"https:\/\/amorpazycaridad.es\/congreso-espiritista-internacional-de-la-haya\/#article","isPartOf":{"@id":"https:\/\/amorpazycaridad.es\/congreso-espiritista-internacional-de-la-haya\/"},"author":{"name":"Redaccion APC","@id":"https:\/\/amorpazy-cp515.wordpresstemporal.com\/amorpazycaridad.es\/#\/schema\/person\/f6b5c8408dab7f2821df157f3b51ce47"},"headline":"CONGRESO ESPIRITISTA INTERNACIONAL DE LA HAYA","datePublished":"2011-07-28T14:03:00+00:00","dateModified":"2015-08-06T07:22:31+00:00","mainEntityOfPage":{"@id":"https:\/\/amorpazycaridad.es\/congreso-espiritista-internacional-de-la-haya\/"},"wordCount":474,"commentCount":0,"publisher":{"@id":"https:\/\/amorpazy-cp515.wordpresstemporal.com\/amorpazycaridad.es\/#organization"},"keywords":["a\u00f1o 1931","Congreso de Londres de 1.928","Congreso Espirita Internacional La Haya","el se\u00f1or Asmara","F.E.I.","Federaci\u00f3n Espirita Espa\u00f1ola","Historia de los Congresos","Mediumnidad Curativa"],"articleSection":["Historia de los congresos"],"inLanguage":"es","potentialAction":[{"@type":"CommentAction","name":"Comment","target":["https:\/\/amorpazycaridad.es\/congreso-espiritista-internacional-de-la-haya\/#respond"]}]},{"@type":"WebPage","@id":"https:\/\/amorpazycaridad.es\/congreso-espiritista-internacional-de-la-haya\/","url":"https:\/\/amorpazycaridad.es\/congreso-espiritista-internacional-de-la-haya\/","name":"CONGRESO ESPIRITISTA INTERNACIONAL DE LA HAYA | Amor, paz caridad","isPartOf":{"@id":"https:\/\/amorpazy-cp515.wordpresstemporal.com\/amorpazycaridad.es\/#website"},"datePublished":"2011-07-28T14:03:00+00:00","dateModified":"2015-08-06T07:22:31+00:00","breadcrumb":{"@id":"https:\/\/amorpazycaridad.es\/congreso-espiritista-internacional-de-la-haya\/#breadcrumb"},"inLanguage":"es","potentialAction":[{"@type":"ReadAction","target":["https:\/\/amorpazycaridad.es\/congreso-espiritista-internacional-de-la-haya\/"]}]},{"@type":"BreadcrumbList","@id":"https:\/\/amorpazycaridad.es\/congreso-espiritista-internacional-de-la-haya\/#breadcrumb","itemListElement":[{"@type":"ListItem","position":1,"name":"Portada","item":"https:\/\/amorpazy-cp515.wordpresstemporal.com\/amorpazycaridad.es\/"},{"@type":"ListItem","position":2,"name":"CONGRESO ESPIRITISTA INTERNACIONAL DE LA HAYA"}]},{"@type":"WebSite","@id":"https:\/\/amorpazy-cp515.wordpresstemporal.com\/amorpazycaridad.es\/#website","url":"https:\/\/amorpazy-cp515.wordpresstemporal.com\/amorpazycaridad.es\/","name":"Amor, paz caridad","description":"Conocimiento espiritual, espiritismo, espiritualismo, leyes universales, m\u00e1s all\u00e1, vida despu\u00e9s de la vida,","publisher":{"@id":"https:\/\/amorpazy-cp515.wordpresstemporal.com\/amorpazycaridad.es\/#organization"},"potentialAction":[{"@type":"SearchAction","target":{"@type":"EntryPoint","urlTemplate":"https:\/\/amorpazy-cp515.wordpresstemporal.com\/amorpazycaridad.es\/?s={search_term_string}"},"query-input":{"@type":"PropertyValueSpecification","valueRequired":true,"valueName":"search_term_string"}}],"inLanguage":"es"},{"@type":"Organization","@id":"https:\/\/amorpazy-cp515.wordpresstemporal.com\/amorpazycaridad.es\/#organization","name":"Asociaci\u00f3n de Estudios Espirituales Grupo Villena","url":"https:\/\/amorpazy-cp515.wordpresstemporal.com\/amorpazycaridad.es\/","logo":{"@type":"ImageObject","inLanguage":"es","@id":"https:\/\/amorpazy-cp515.wordpresstemporal.com\/amorpazycaridad.es\/#\/schema\/logo\/image\/","url":"https:\/\/amorpazycaridad.es\/wp-content\/uploads\/2015\/01\/logo-fav-e1420247830294.jpg","contentUrl":"https:\/\/amorpazycaridad.es\/wp-content\/uploads\/2015\/01\/logo-fav-e1420247830294.jpg","width":144,"height":144,"caption":"Asociaci\u00f3n de Estudios Espirituales Grupo Villena"},"image":{"@id":"https:\/\/amorpazy-cp515.wordpresstemporal.com\/amorpazycaridad.es\/#\/schema\/logo\/image\/"},"sameAs":["http:\/\/www.facebook.com\/pages\/Amor-paz-y-caridad\/1594978604096866","https:\/\/x.com\/amorpazycaridad","https:\/\/es.pinterest.com\/amorpazycaridad\/","https:\/\/www.youtube.com\/channel\/UC1GvDIDCLoL02SzOD7NJdrA"]},{"@type":"Person","@id":"https:\/\/amorpazy-cp515.wordpresstemporal.com\/amorpazycaridad.es\/#\/schema\/person\/f6b5c8408dab7f2821df157f3b51ce47","name":"Redaccion APC","image":{"@type":"ImageObject","inLanguage":"es","@id":"https:\/\/amorpazycaridad.es\/wp-content\/uploads\/2015\/01\/icono-114-96x96.jpg73ca1ff604f9e7c7607bbbfa84b61c44","url":"https:\/\/amorpazycaridad.es\/wp-content\/uploads\/2015\/01\/icono-114-96x96.jpg","contentUrl":"https:\/\/amorpazycaridad.es\/wp-content\/uploads\/2015\/01\/icono-114-96x96.jpg","caption":"Redaccion APC"},"sameAs":["http:\/\/www.amorpazycaridad.com"],"url":"https:\/\/amorpazy-cp515.wordpresstemporal.com\/amorpazycaridad.es\/author\/redaccion-revista\/"}]}},"authors":[{"term_id":520,"user_id":0,"is_guest":1,"slug":"cap-redaccion-revista","display_name":"Redaccion revista","avatar_url":"https:\/\/secure.gravatar.com\/avatar\/?s=96&d=mm&r=g","0":null,"1":"","2":"","3":"","4":"","5":"","6":"","7":"","8":""}],"_links":{"self":[{"href":"https:\/\/amorpazy-cp515.wordpresstemporal.com\/amorpazycaridad.es\/wp-json\/wp\/v2\/posts\/442","targetHints":{"allow":["GET"]}}],"collection":[{"href":"https:\/\/amorpazy-cp515.wordpresstemporal.com\/amorpazycaridad.es\/wp-json\/wp\/v2\/posts"}],"about":[{"href":"https:\/\/amorpazy-cp515.wordpresstemporal.com\/amorpazycaridad.es\/wp-json\/wp\/v2\/types\/post"}],"author":[{"embeddable":true,"href":"https:\/\/amorpazy-cp515.wordpresstemporal.com\/amorpazycaridad.es\/wp-json\/wp\/v2\/users\/10"}],"replies":[{"embeddable":true,"href":"https:\/\/amorpazy-cp515.wordpresstemporal.com\/amorpazycaridad.es\/wp-json\/wp\/v2\/comments?post=442"}],"version-history":[{"count":2,"href":"https:\/\/amorpazy-cp515.wordpresstemporal.com\/amorpazycaridad.es\/wp-json\/wp\/v2\/posts\/442\/revisions"}],"predecessor-version":[{"id":4060,"href":"https:\/\/amorpazy-cp515.wordpresstemporal.com\/amorpazycaridad.es\/wp-json\/wp\/v2\/posts\/442\/revisions\/4060"}],"wp:attachment":[{"href":"https:\/\/amorpazy-cp515.wordpresstemporal.com\/amorpazycaridad.es\/wp-json\/wp\/v2\/media?parent=442"}],"wp:term":[{"taxonomy":"category","embeddable":true,"href":"https:\/\/amorpazy-cp515.wordpresstemporal.com\/amorpazycaridad.es\/wp-json\/wp\/v2\/categories?post=442"},{"taxonomy":"post_tag","embeddable":true,"href":"https:\/\/amorpazy-cp515.wordpresstemporal.com\/amorpazycaridad.es\/wp-json\/wp\/v2\/tags?post=442"},{"taxonomy":"author","embeddable":true,"href":"https:\/\/amorpazy-cp515.wordpresstemporal.com\/amorpazycaridad.es\/wp-json\/wp\/v2\/ppma_author?post=442"}],"curies":[{"name":"wp","href":"https:\/\/api.w.org\/{rel}","templated":true}]}}