{"id":4385,"date":"2025-10-14T07:01:00","date_gmt":"2025-10-14T05:01:00","guid":{"rendered":"https:\/\/amorpazycaridad.es\/?p=4385"},"modified":"2025-10-14T22:12:42","modified_gmt":"2025-10-14T20:12:42","slug":"entre-lo-falso-y-lo-cierto","status":"publish","type":"post","link":"https:\/\/amorpazy-cp515.wordpresstemporal.com\/amorpazycaridad.es\/entre-lo-falso-y-lo-cierto\/","title":{"rendered":"ENTRE LO FALSO Y LO CIERTO"},"content":{"rendered":"<p>\u00bfVivimos cuando dormimos?<br \/>\n\u00bfSo\u00f1amos cuando despiertos?<br \/>\n\u00bfCu\u00e1l es nuestra realidad?<br \/>\n\u00bfCu\u00e1ndo estamos en lo cierto?<\/p>\n<p>\u00bfCu\u00e1l es la vida real?<br \/>\nen qu\u00e9 nos desenvolvemos,<br \/>\nla que vivimos dormidos,<br \/>\nla que so\u00f1amos despiertos.<\/p>\n<p>Nuestros sue\u00f1os son quimeras<br \/>\nque en la vida lleva el viento,<br \/>\ny solo la paz del alma<br \/>\nhallamos entre los \u201cmuertos\u201d.<\/p>\n<p>Cuando nuestros corazones<br \/>\nse entregan de noche al sue\u00f1o<br \/>\ny nuestras almas son libres<br \/>\npara volar a su encuentro.<\/p>\n<p>Nuestra vida es una lucha<br \/>\nentre lo falso y lo cierto,<br \/>\nentre la luz y las sombras,<br \/>\nentre lo malo y lo bueno.<\/p>\n<p>Vivimos en confusi\u00f3n<br \/>\nsin amarnos ni querernos,<br \/>\nni aclarar nuestras ideas<br \/>\nsobre lo humano y lo eterno.<\/p>\n<p>Todo lo tergiversamos,<br \/>\nlo blanco lo vemos negro,<br \/>\ny lo negro vemos blanco,<br \/>\nseg\u00fan sean nuestros sue\u00f1os.<\/p>\n<p>Pero la Vida real<br \/>\nes aquella en que nos vemos<br \/>\ncuando nuestros corazones<br \/>\nse entregan de noche al sue\u00f1o.<\/p>\n<p>Cuando el alma se libera<br \/>\nde las tensiones del cuerpo<br \/>\ny vive su propia vida<br \/>\nentre la paz de los \u201cmuertos\u201d.<\/p>\n<p>De la Vida espiritual<br \/>\ncompartiendo los aspectos<br \/>\ncon otras almas hermanas,<br \/>\nvibra de amor y contento.<\/p>\n<p>La materia es una c\u00e1rcel<br \/>\npara el alma en sufrimiento<br \/>\nque sue\u00f1a con las alturas<br \/>\ny siente sed de progreso.<\/p>\n<p>Por eso viven dormidos<br \/>\ny ya no sue\u00f1an despiertos<br \/>\nal no poder hacer suyas<br \/>\nlas quimeras de sus sue\u00f1os.<\/p>\n<p>Al no poder ser felices<br \/>\nen las c\u00e1rceles del cuerpo<br \/>\ny vivir agonizando<br \/>\nentre lo falso y lo cierto.<\/p>\n<p>Entre la luz y las sombras<br \/>\nentre lo malo y lo bueno,<br \/>\nsin saber reconciliarse<br \/>\ncon la verdad de lo eterno.<\/p>\n<p>Con nuestra vida real<br \/>\nentre la paz de los muertos<br \/>\nni la vida imaginaria,<br \/>\nirreal de nuestros sue\u00f1os.<\/p>\n<p>Entre lo cierto y lo falso por: <a href=\"https:\/\/amorpazycaridad.es\/category\/pagina-poetica\/\">Jos\u00e9 Mart\u00ednez Fern\u00e1ndez<\/a><\/p>\n","protected":false},"excerpt":{"rendered":"<p>\u00bfVivimos cuando dormimos? \u00bfSo\u00f1amos cuando despiertos? \u00bfCu\u00e1l es nuestra realidad? \u00bfCu\u00e1ndo estamos en lo cierto? \u00bfCu\u00e1l es la vida real? en qu\u00e9 nos desenvolvemos, la que vivimos dormidos, la que so\u00f1amos despiertos. Nuestros sue\u00f1os son quimeras que en la vida lleva el viento, y solo la paz del alma hallamos entre los \u201cmuertos\u201d. Cuando nuestros [&hellip;]<\/p>\n","protected":false},"author":2,"featured_media":4387,"comment_status":"open","ping_status":"open","sticky":false,"template":"","format":"standard","meta":{"tdm_status":"","tdm_grid_status":"","footnotes":""},"categories":[42],"tags":[574,642,2174,2178,2175,2176,625,2177,420],"ppma_author":[593],"class_list":{"0":"post-4385","1":"post","2":"type-post","3":"status-publish","4":"format-standard","5":"has-post-thumbnail","7":"category-pagina-poetica","8":"tag-alma","9":"tag-calma","10":"tag-cierto","11":"tag-despierto","12":"tag-falso","13":"tag-muertos","14":"tag-paz","15":"tag-sueno","16":"tag-vida"},"yoast_head":"<!-- This site is optimized with the Yoast SEO plugin v27.7 - https:\/\/yoast.com\/product\/yoast-seo-wordpress\/ -->\n<title>ENTRE LO FALSO Y LO CIERTO | AMOR, PAZ Y CARIDAD | J.M.<\/title>\n<meta name=\"description\" content=\"Entre lo cierto y lo falso. Hoy traemos a este apartado esta poes\u00eda escrita por Jos\u00e9 Mart\u00ednez Fern\u00e1ndez en la que comparte con todos su...\" \/>\n<meta name=\"robots\" content=\"index, follow, max-snippet:-1, max-image-preview:large, max-video-preview:-1\" \/>\n<link rel=\"canonical\" href=\"https:\/\/amorpazy-cp515.wordpresstemporal.com\/amorpazycaridad.es\/entre-lo-falso-y-lo-cierto\/\" \/>\n<meta property=\"og:locale\" content=\"es_ES\" \/>\n<meta property=\"og:type\" content=\"article\" \/>\n<meta property=\"og:title\" content=\"ENTRE LO FALSO Y LO CIERTO | AMOR, PAZ Y CARIDAD | J.M.\" \/>\n<meta property=\"og:description\" content=\"Entre lo cierto y lo falso. Hoy traemos a este apartado esta poes\u00eda escrita por Jos\u00e9 Mart\u00ednez Fern\u00e1ndez en la que comparte con todos su...\" \/>\n<meta property=\"og:url\" content=\"https:\/\/amorpazy-cp515.wordpresstemporal.com\/amorpazycaridad.es\/entre-lo-falso-y-lo-cierto\/\" \/>\n<meta property=\"og:site_name\" content=\"Amor, paz caridad\" \/>\n<meta property=\"article:publisher\" content=\"http:\/\/www.facebook.com\/pages\/Amor-paz-y-caridad\/1594978604096866\" \/>\n<meta property=\"article:published_time\" content=\"2025-10-14T05:01:00+00:00\" \/>\n<meta property=\"article:modified_time\" content=\"2025-10-14T20:12:42+00:00\" \/>\n<meta property=\"og:image\" content=\"https:\/\/amorpazy-cp515.wordpresstemporal.com\/amorpazycaridad.es\/wp-content\/uploads\/2015\/10\/entre-lo-falso-y-lo-cierto.jpg\" \/>\n\t<meta property=\"og:image:width\" content=\"750\" \/>\n\t<meta property=\"og:image:height\" content=\"350\" \/>\n\t<meta property=\"og:image:type\" content=\"image\/jpeg\" \/>\n<meta name=\"author\" content=\"jose-martinez-fernandez\" \/>\n<meta name=\"twitter:card\" content=\"summary_large_image\" \/>\n<meta name=\"twitter:creator\" content=\"@amorpazycaridad\" \/>\n<meta name=\"twitter:site\" content=\"@amorpazycaridad\" \/>\n<meta name=\"twitter:label1\" content=\"Escrito por\" \/>\n\t<meta name=\"twitter:data1\" content=\"Redacci\u00f3n\" \/>\n\t<meta name=\"twitter:label2\" content=\"Tiempo de lectura\" \/>\n\t<meta name=\"twitter:data2\" content=\"2 minutos\" \/>\n<script type=\"application\/ld+json\" class=\"yoast-schema-graph\">{\"@context\":\"https:\\\/\\\/schema.org\",\"@graph\":[{\"@type\":\"Article\",\"@id\":\"https:\\\/\\\/amorpazy-cp515.wordpresstemporal.com\\\/amorpazycaridad.es\\\/entre-lo-falso-y-lo-cierto\\\/#article\",\"isPartOf\":{\"@id\":\"https:\\\/\\\/amorpazy-cp515.wordpresstemporal.com\\\/amorpazycaridad.es\\\/entre-lo-falso-y-lo-cierto\\\/\"},\"author\":{\"name\":\"Redacci\u00f3n\",\"@id\":\"https:\\\/\\\/amorpazy-cp515.wordpresstemporal.com\\\/amorpazycaridad.es\\\/#\\\/schema\\\/person\\\/44cbc218f1b29f65390e7c8a4fd0c28d\"},\"headline\":\"ENTRE LO FALSO Y LO CIERTO\",\"datePublished\":\"2025-10-14T05:01:00+00:00\",\"dateModified\":\"2025-10-14T20:12:42+00:00\",\"mainEntityOfPage\":{\"@id\":\"https:\\\/\\\/amorpazy-cp515.wordpresstemporal.com\\\/amorpazycaridad.es\\\/entre-lo-falso-y-lo-cierto\\\/\"},\"wordCount\":317,\"commentCount\":0,\"publisher\":{\"@id\":\"https:\\\/\\\/amorpazy-cp515.wordpresstemporal.com\\\/amorpazycaridad.es\\\/#organization\"},\"image\":{\"@id\":\"https:\\\/\\\/amorpazy-cp515.wordpresstemporal.com\\\/amorpazycaridad.es\\\/entre-lo-falso-y-lo-cierto\\\/#primaryimage\"},\"thumbnailUrl\":\"https:\\\/\\\/amorpazy-cp515.wordpresstemporal.com\\\/amorpazycaridad.es\\\/wp-content\\\/uploads\\\/2015\\\/10\\\/entre-lo-falso-y-lo-cierto.jpg\",\"keywords\":[\"alma\",\"calma\",\"Cierto\",\"Despierto\",\"Falso\",\"Muertos\",\"Paz\",\"Sue\u00f1o\",\"vida\"],\"articleSection\":[\"P\u00e1gina p\u00f3etica\"],\"inLanguage\":\"es\",\"potentialAction\":[{\"@type\":\"CommentAction\",\"name\":\"Comment\",\"target\":[\"https:\\\/\\\/amorpazy-cp515.wordpresstemporal.com\\\/amorpazycaridad.es\\\/entre-lo-falso-y-lo-cierto\\\/#respond\"]}]},{\"@type\":\"WebPage\",\"@id\":\"https:\\\/\\\/amorpazy-cp515.wordpresstemporal.com\\\/amorpazycaridad.es\\\/entre-lo-falso-y-lo-cierto\\\/\",\"url\":\"https:\\\/\\\/amorpazy-cp515.wordpresstemporal.com\\\/amorpazycaridad.es\\\/entre-lo-falso-y-lo-cierto\\\/\",\"name\":\"ENTRE LO FALSO Y LO CIERTO | AMOR, PAZ Y CARIDAD | J.M.\",\"isPartOf\":{\"@id\":\"https:\\\/\\\/amorpazy-cp515.wordpresstemporal.com\\\/amorpazycaridad.es\\\/#website\"},\"primaryImageOfPage\":{\"@id\":\"https:\\\/\\\/amorpazy-cp515.wordpresstemporal.com\\\/amorpazycaridad.es\\\/entre-lo-falso-y-lo-cierto\\\/#primaryimage\"},\"image\":{\"@id\":\"https:\\\/\\\/amorpazy-cp515.wordpresstemporal.com\\\/amorpazycaridad.es\\\/entre-lo-falso-y-lo-cierto\\\/#primaryimage\"},\"thumbnailUrl\":\"https:\\\/\\\/amorpazy-cp515.wordpresstemporal.com\\\/amorpazycaridad.es\\\/wp-content\\\/uploads\\\/2015\\\/10\\\/entre-lo-falso-y-lo-cierto.jpg\",\"datePublished\":\"2025-10-14T05:01:00+00:00\",\"dateModified\":\"2025-10-14T20:12:42+00:00\",\"description\":\"Entre lo cierto y lo falso. Hoy traemos a este apartado esta poes\u00eda escrita por Jos\u00e9 Mart\u00ednez Fern\u00e1ndez en la que comparte con todos su...\",\"breadcrumb\":{\"@id\":\"https:\\\/\\\/amorpazy-cp515.wordpresstemporal.com\\\/amorpazycaridad.es\\\/entre-lo-falso-y-lo-cierto\\\/#breadcrumb\"},\"inLanguage\":\"es\",\"potentialAction\":[{\"@type\":\"ReadAction\",\"target\":[\"https:\\\/\\\/amorpazy-cp515.wordpresstemporal.com\\\/amorpazycaridad.es\\\/entre-lo-falso-y-lo-cierto\\\/\"]}]},{\"@type\":\"ImageObject\",\"inLanguage\":\"es\",\"@id\":\"https:\\\/\\\/amorpazy-cp515.wordpresstemporal.com\\\/amorpazycaridad.es\\\/entre-lo-falso-y-lo-cierto\\\/#primaryimage\",\"url\":\"https:\\\/\\\/amorpazy-cp515.wordpresstemporal.com\\\/amorpazycaridad.es\\\/wp-content\\\/uploads\\\/2015\\\/10\\\/entre-lo-falso-y-lo-cierto.jpg\",\"contentUrl\":\"https:\\\/\\\/amorpazy-cp515.wordpresstemporal.com\\\/amorpazycaridad.es\\\/wp-content\\\/uploads\\\/2015\\\/10\\\/entre-lo-falso-y-lo-cierto.jpg\",\"width\":750,\"height\":350,\"caption\":\"Entre lo cierto y lo falso\"},{\"@type\":\"BreadcrumbList\",\"@id\":\"https:\\\/\\\/amorpazy-cp515.wordpresstemporal.com\\\/amorpazycaridad.es\\\/entre-lo-falso-y-lo-cierto\\\/#breadcrumb\",\"itemListElement\":[{\"@type\":\"ListItem\",\"position\":1,\"name\":\"Portada\",\"item\":\"https:\\\/\\\/amorpazy-cp515.wordpresstemporal.com\\\/amorpazycaridad.es\\\/\"},{\"@type\":\"ListItem\",\"position\":2,\"name\":\"ENTRE LO FALSO Y LO CIERTO\"}]},{\"@type\":\"WebSite\",\"@id\":\"https:\\\/\\\/amorpazy-cp515.wordpresstemporal.com\\\/amorpazycaridad.es\\\/#website\",\"url\":\"https:\\\/\\\/amorpazy-cp515.wordpresstemporal.com\\\/amorpazycaridad.es\\\/\",\"name\":\"Amor, paz caridad\",\"description\":\"Conocimiento espiritual, espiritismo, espiritualismo, leyes universales, m\u00e1s all\u00e1, vida despu\u00e9s de la vida,\",\"publisher\":{\"@id\":\"https:\\\/\\\/amorpazy-cp515.wordpresstemporal.com\\\/amorpazycaridad.es\\\/#organization\"},\"potentialAction\":[{\"@type\":\"SearchAction\",\"target\":{\"@type\":\"EntryPoint\",\"urlTemplate\":\"https:\\\/\\\/amorpazy-cp515.wordpresstemporal.com\\\/amorpazycaridad.es\\\/?s={search_term_string}\"},\"query-input\":{\"@type\":\"PropertyValueSpecification\",\"valueRequired\":true,\"valueName\":\"search_term_string\"}}],\"inLanguage\":\"es\"},{\"@type\":\"Organization\",\"@id\":\"https:\\\/\\\/amorpazy-cp515.wordpresstemporal.com\\\/amorpazycaridad.es\\\/#organization\",\"name\":\"Asociaci\u00f3n de Estudios Espirituales Grupo Villena\",\"url\":\"https:\\\/\\\/amorpazy-cp515.wordpresstemporal.com\\\/amorpazycaridad.es\\\/\",\"logo\":{\"@type\":\"ImageObject\",\"inLanguage\":\"es\",\"@id\":\"https:\\\/\\\/amorpazy-cp515.wordpresstemporal.com\\\/amorpazycaridad.es\\\/#\\\/schema\\\/logo\\\/image\\\/\",\"url\":\"https:\\\/\\\/amorpazycaridad.es\\\/wp-content\\\/uploads\\\/2015\\\/01\\\/logo-fav-e1420247830294.jpg\",\"contentUrl\":\"https:\\\/\\\/amorpazycaridad.es\\\/wp-content\\\/uploads\\\/2015\\\/01\\\/logo-fav-e1420247830294.jpg\",\"width\":144,\"height\":144,\"caption\":\"Asociaci\u00f3n de Estudios Espirituales Grupo Villena\"},\"image\":{\"@id\":\"https:\\\/\\\/amorpazy-cp515.wordpresstemporal.com\\\/amorpazycaridad.es\\\/#\\\/schema\\\/logo\\\/image\\\/\"},\"sameAs\":[\"http:\\\/\\\/www.facebook.com\\\/pages\\\/Amor-paz-y-caridad\\\/1594978604096866\",\"https:\\\/\\\/x.com\\\/amorpazycaridad\",\"https:\\\/\\\/es.pinterest.com\\\/amorpazycaridad\\\/\",\"https:\\\/\\\/www.youtube.com\\\/channel\\\/UC1GvDIDCLoL02SzOD7NJdrA\"]},{\"@type\":\"Person\",\"@id\":\"https:\\\/\\\/amorpazy-cp515.wordpresstemporal.com\\\/amorpazycaridad.es\\\/#\\\/schema\\\/person\\\/44cbc218f1b29f65390e7c8a4fd0c28d\",\"name\":\"Redacci\u00f3n\",\"image\":{\"@type\":\"ImageObject\",\"inLanguage\":\"es\",\"@id\":\"https:\\\/\\\/amorpazycaridad.es\\\/wp-content\\\/uploads\\\/2015\\\/01\\\/icono-114-96x96.jpg73ca1ff604f9e7c7607bbbfa84b61c44\",\"url\":\"https:\\\/\\\/amorpazycaridad.es\\\/wp-content\\\/uploads\\\/2015\\\/01\\\/icono-114-96x96.jpg\",\"contentUrl\":\"https:\\\/\\\/amorpazycaridad.es\\\/wp-content\\\/uploads\\\/2015\\\/01\\\/icono-114-96x96.jpg\",\"caption\":\"Redacci\u00f3n\"},\"sameAs\":[\"http:\\\/\\\/www.amorpazycaridad.com\"],\"url\":\"https:\\\/\\\/amorpazy-cp515.wordpresstemporal.com\\\/amorpazycaridad.es\\\/author\\\/redaccion\\\/\"}]}<\/script>\n<!-- \/ Yoast SEO plugin. -->","yoast_head_json":{"title":"ENTRE LO FALSO Y LO CIERTO | AMOR, PAZ Y CARIDAD | J.M.","description":"Entre lo cierto y lo falso. Hoy traemos a este apartado esta poes\u00eda escrita por Jos\u00e9 Mart\u00ednez Fern\u00e1ndez en la que comparte con todos su...","robots":{"index":"index","follow":"follow","max-snippet":"max-snippet:-1","max-image-preview":"max-image-preview:large","max-video-preview":"max-video-preview:-1"},"canonical":"https:\/\/amorpazy-cp515.wordpresstemporal.com\/amorpazycaridad.es\/entre-lo-falso-y-lo-cierto\/","og_locale":"es_ES","og_type":"article","og_title":"ENTRE LO FALSO Y LO CIERTO | AMOR, PAZ Y CARIDAD | J.M.","og_description":"Entre lo cierto y lo falso. Hoy traemos a este apartado esta poes\u00eda escrita por Jos\u00e9 Mart\u00ednez Fern\u00e1ndez en la que comparte con todos su...","og_url":"https:\/\/amorpazy-cp515.wordpresstemporal.com\/amorpazycaridad.es\/entre-lo-falso-y-lo-cierto\/","og_site_name":"Amor, paz caridad","article_publisher":"http:\/\/www.facebook.com\/pages\/Amor-paz-y-caridad\/1594978604096866","article_published_time":"2025-10-14T05:01:00+00:00","article_modified_time":"2025-10-14T20:12:42+00:00","og_image":[{"width":750,"height":350,"url":"https:\/\/amorpazy-cp515.wordpresstemporal.com\/amorpazycaridad.es\/wp-content\/uploads\/2015\/10\/entre-lo-falso-y-lo-cierto.jpg","type":"image\/jpeg"}],"author":"jose-martinez-fernandez","twitter_card":"summary_large_image","twitter_creator":"@amorpazycaridad","twitter_site":"@amorpazycaridad","twitter_misc":{"Escrito por":"Redacci\u00f3n","Tiempo de lectura":"2 minutos"},"schema":{"@context":"https:\/\/schema.org","@graph":[{"@type":"Article","@id":"https:\/\/amorpazy-cp515.wordpresstemporal.com\/amorpazycaridad.es\/entre-lo-falso-y-lo-cierto\/#article","isPartOf":{"@id":"https:\/\/amorpazy-cp515.wordpresstemporal.com\/amorpazycaridad.es\/entre-lo-falso-y-lo-cierto\/"},"author":{"name":"Redacci\u00f3n","@id":"https:\/\/amorpazy-cp515.wordpresstemporal.com\/amorpazycaridad.es\/#\/schema\/person\/44cbc218f1b29f65390e7c8a4fd0c28d"},"headline":"ENTRE LO FALSO Y LO CIERTO","datePublished":"2025-10-14T05:01:00+00:00","dateModified":"2025-10-14T20:12:42+00:00","mainEntityOfPage":{"@id":"https:\/\/amorpazy-cp515.wordpresstemporal.com\/amorpazycaridad.es\/entre-lo-falso-y-lo-cierto\/"},"wordCount":317,"commentCount":0,"publisher":{"@id":"https:\/\/amorpazy-cp515.wordpresstemporal.com\/amorpazycaridad.es\/#organization"},"image":{"@id":"https:\/\/amorpazy-cp515.wordpresstemporal.com\/amorpazycaridad.es\/entre-lo-falso-y-lo-cierto\/#primaryimage"},"thumbnailUrl":"https:\/\/amorpazy-cp515.wordpresstemporal.com\/amorpazycaridad.es\/wp-content\/uploads\/2015\/10\/entre-lo-falso-y-lo-cierto.jpg","keywords":["alma","calma","Cierto","Despierto","Falso","Muertos","Paz","Sue\u00f1o","vida"],"articleSection":["P\u00e1gina p\u00f3etica"],"inLanguage":"es","potentialAction":[{"@type":"CommentAction","name":"Comment","target":["https:\/\/amorpazy-cp515.wordpresstemporal.com\/amorpazycaridad.es\/entre-lo-falso-y-lo-cierto\/#respond"]}]},{"@type":"WebPage","@id":"https:\/\/amorpazy-cp515.wordpresstemporal.com\/amorpazycaridad.es\/entre-lo-falso-y-lo-cierto\/","url":"https:\/\/amorpazy-cp515.wordpresstemporal.com\/amorpazycaridad.es\/entre-lo-falso-y-lo-cierto\/","name":"ENTRE LO FALSO Y LO CIERTO | AMOR, PAZ Y CARIDAD | J.M.","isPartOf":{"@id":"https:\/\/amorpazy-cp515.wordpresstemporal.com\/amorpazycaridad.es\/#website"},"primaryImageOfPage":{"@id":"https:\/\/amorpazy-cp515.wordpresstemporal.com\/amorpazycaridad.es\/entre-lo-falso-y-lo-cierto\/#primaryimage"},"image":{"@id":"https:\/\/amorpazy-cp515.wordpresstemporal.com\/amorpazycaridad.es\/entre-lo-falso-y-lo-cierto\/#primaryimage"},"thumbnailUrl":"https:\/\/amorpazy-cp515.wordpresstemporal.com\/amorpazycaridad.es\/wp-content\/uploads\/2015\/10\/entre-lo-falso-y-lo-cierto.jpg","datePublished":"2025-10-14T05:01:00+00:00","dateModified":"2025-10-14T20:12:42+00:00","description":"Entre lo cierto y lo falso. Hoy traemos a este apartado esta poes\u00eda escrita por Jos\u00e9 Mart\u00ednez Fern\u00e1ndez en la que comparte con todos su...","breadcrumb":{"@id":"https:\/\/amorpazy-cp515.wordpresstemporal.com\/amorpazycaridad.es\/entre-lo-falso-y-lo-cierto\/#breadcrumb"},"inLanguage":"es","potentialAction":[{"@type":"ReadAction","target":["https:\/\/amorpazy-cp515.wordpresstemporal.com\/amorpazycaridad.es\/entre-lo-falso-y-lo-cierto\/"]}]},{"@type":"ImageObject","inLanguage":"es","@id":"https:\/\/amorpazy-cp515.wordpresstemporal.com\/amorpazycaridad.es\/entre-lo-falso-y-lo-cierto\/#primaryimage","url":"https:\/\/amorpazy-cp515.wordpresstemporal.com\/amorpazycaridad.es\/wp-content\/uploads\/2015\/10\/entre-lo-falso-y-lo-cierto.jpg","contentUrl":"https:\/\/amorpazy-cp515.wordpresstemporal.com\/amorpazycaridad.es\/wp-content\/uploads\/2015\/10\/entre-lo-falso-y-lo-cierto.jpg","width":750,"height":350,"caption":"Entre lo cierto y lo falso"},{"@type":"BreadcrumbList","@id":"https:\/\/amorpazy-cp515.wordpresstemporal.com\/amorpazycaridad.es\/entre-lo-falso-y-lo-cierto\/#breadcrumb","itemListElement":[{"@type":"ListItem","position":1,"name":"Portada","item":"https:\/\/amorpazy-cp515.wordpresstemporal.com\/amorpazycaridad.es\/"},{"@type":"ListItem","position":2,"name":"ENTRE LO FALSO Y LO CIERTO"}]},{"@type":"WebSite","@id":"https:\/\/amorpazy-cp515.wordpresstemporal.com\/amorpazycaridad.es\/#website","url":"https:\/\/amorpazy-cp515.wordpresstemporal.com\/amorpazycaridad.es\/","name":"Amor, paz caridad","description":"Conocimiento espiritual, espiritismo, espiritualismo, leyes universales, m\u00e1s all\u00e1, vida despu\u00e9s de la vida,","publisher":{"@id":"https:\/\/amorpazy-cp515.wordpresstemporal.com\/amorpazycaridad.es\/#organization"},"potentialAction":[{"@type":"SearchAction","target":{"@type":"EntryPoint","urlTemplate":"https:\/\/amorpazy-cp515.wordpresstemporal.com\/amorpazycaridad.es\/?s={search_term_string}"},"query-input":{"@type":"PropertyValueSpecification","valueRequired":true,"valueName":"search_term_string"}}],"inLanguage":"es"},{"@type":"Organization","@id":"https:\/\/amorpazy-cp515.wordpresstemporal.com\/amorpazycaridad.es\/#organization","name":"Asociaci\u00f3n de Estudios Espirituales Grupo Villena","url":"https:\/\/amorpazy-cp515.wordpresstemporal.com\/amorpazycaridad.es\/","logo":{"@type":"ImageObject","inLanguage":"es","@id":"https:\/\/amorpazy-cp515.wordpresstemporal.com\/amorpazycaridad.es\/#\/schema\/logo\/image\/","url":"https:\/\/amorpazycaridad.es\/wp-content\/uploads\/2015\/01\/logo-fav-e1420247830294.jpg","contentUrl":"https:\/\/amorpazycaridad.es\/wp-content\/uploads\/2015\/01\/logo-fav-e1420247830294.jpg","width":144,"height":144,"caption":"Asociaci\u00f3n de Estudios Espirituales Grupo Villena"},"image":{"@id":"https:\/\/amorpazy-cp515.wordpresstemporal.com\/amorpazycaridad.es\/#\/schema\/logo\/image\/"},"sameAs":["http:\/\/www.facebook.com\/pages\/Amor-paz-y-caridad\/1594978604096866","https:\/\/x.com\/amorpazycaridad","https:\/\/es.pinterest.com\/amorpazycaridad\/","https:\/\/www.youtube.com\/channel\/UC1GvDIDCLoL02SzOD7NJdrA"]},{"@type":"Person","@id":"https:\/\/amorpazy-cp515.wordpresstemporal.com\/amorpazycaridad.es\/#\/schema\/person\/44cbc218f1b29f65390e7c8a4fd0c28d","name":"Redacci\u00f3n","image":{"@type":"ImageObject","inLanguage":"es","@id":"https:\/\/amorpazycaridad.es\/wp-content\/uploads\/2015\/01\/icono-114-96x96.jpg73ca1ff604f9e7c7607bbbfa84b61c44","url":"https:\/\/amorpazycaridad.es\/wp-content\/uploads\/2015\/01\/icono-114-96x96.jpg","contentUrl":"https:\/\/amorpazycaridad.es\/wp-content\/uploads\/2015\/01\/icono-114-96x96.jpg","caption":"Redacci\u00f3n"},"sameAs":["http:\/\/www.amorpazycaridad.com"],"url":"https:\/\/amorpazy-cp515.wordpresstemporal.com\/amorpazycaridad.es\/author\/redaccion\/"}]}},"authors":[{"term_id":593,"user_id":0,"is_guest":1,"slug":"cap-jose-martinez-fernandez","display_name":"jose-martinez-fernandez","avatar_url":"https:\/\/secure.gravatar.com\/avatar\/?s=96&d=mm&r=g","0":null,"1":"","2":"","3":"","4":"","5":"","6":"","7":"","8":""}],"_links":{"self":[{"href":"https:\/\/amorpazy-cp515.wordpresstemporal.com\/amorpazycaridad.es\/wp-json\/wp\/v2\/posts\/4385","targetHints":{"allow":["GET"]}}],"collection":[{"href":"https:\/\/amorpazy-cp515.wordpresstemporal.com\/amorpazycaridad.es\/wp-json\/wp\/v2\/posts"}],"about":[{"href":"https:\/\/amorpazy-cp515.wordpresstemporal.com\/amorpazycaridad.es\/wp-json\/wp\/v2\/types\/post"}],"author":[{"embeddable":true,"href":"https:\/\/amorpazy-cp515.wordpresstemporal.com\/amorpazycaridad.es\/wp-json\/wp\/v2\/users\/2"}],"replies":[{"embeddable":true,"href":"https:\/\/amorpazy-cp515.wordpresstemporal.com\/amorpazycaridad.es\/wp-json\/wp\/v2\/comments?post=4385"}],"version-history":[{"count":4,"href":"https:\/\/amorpazy-cp515.wordpresstemporal.com\/amorpazycaridad.es\/wp-json\/wp\/v2\/posts\/4385\/revisions"}],"predecessor-version":[{"id":20447,"href":"https:\/\/amorpazy-cp515.wordpresstemporal.com\/amorpazycaridad.es\/wp-json\/wp\/v2\/posts\/4385\/revisions\/20447"}],"wp:featuredmedia":[{"embeddable":true,"href":"https:\/\/amorpazy-cp515.wordpresstemporal.com\/amorpazycaridad.es\/wp-json\/wp\/v2\/media\/4387"}],"wp:attachment":[{"href":"https:\/\/amorpazy-cp515.wordpresstemporal.com\/amorpazycaridad.es\/wp-json\/wp\/v2\/media?parent=4385"}],"wp:term":[{"taxonomy":"category","embeddable":true,"href":"https:\/\/amorpazy-cp515.wordpresstemporal.com\/amorpazycaridad.es\/wp-json\/wp\/v2\/categories?post=4385"},{"taxonomy":"post_tag","embeddable":true,"href":"https:\/\/amorpazy-cp515.wordpresstemporal.com\/amorpazycaridad.es\/wp-json\/wp\/v2\/tags?post=4385"},{"taxonomy":"author","embeddable":true,"href":"https:\/\/amorpazy-cp515.wordpresstemporal.com\/amorpazycaridad.es\/wp-json\/wp\/v2\/ppma_author?post=4385"}],"curies":[{"name":"wp","href":"https:\/\/api.w.org\/{rel}","templated":true}]}}