{"id":4370,"date":"2015-10-19T06:26:53","date_gmt":"2015-10-19T05:26:53","guid":{"rendered":"https:\/\/amorpazycaridad.es\/?p=4370"},"modified":"2015-10-19T06:26:53","modified_gmt":"2015-10-19T05:26:53","slug":"bienaventurados-los-misericordiosos","status":"publish","type":"post","link":"https:\/\/amorpazy-cp515.wordpresstemporal.com\/amorpazycaridad.es\/bienaventurados-los-misericordiosos\/","title":{"rendered":"\u201cBienaventurados los misericordiosos\u201d"},"content":{"rendered":"<p style=\"text-align: justify;\">En esta ocasi\u00f3n vamos a cerrar el cap\u00edtulo de las bienaventuranzas que durante algunos meses hemos ido abordando en esta secci\u00f3n, para analizar la misericordia como tema central.<\/p>\n<p style=\"text-align: justify;\">Los dichos populares recogen frases que encierran la sabidur\u00eda del pueblo al respecto: <strong><em>\u201cA gran pecado, gran misericordia\u201d; \u201cBueno es el rigor; pero la misericordia es mejor\u201d.<\/em><\/strong><\/p>\n<p style=\"text-align: justify;\">Empecemos por la misericordia de Dios. A poco que nos detengamos a pensar en ello encontramos todas las claves ocultas de su manifestaci\u00f3n divina sobre nosotros y sobre todas las cosas. Somos producto de su creaci\u00f3n, somos sus hijos bien amados. Transitamos todav\u00eda entre las sombras de la ignorancia y de las imperfecciones humanas pasajeras. Mientras caminamos con libertad, tropezamos, nos rebelamos, nos levantamos para volver a caer\u2026, y siempre esta inmanente con nosotros ese Padre amoroso, que nos gu\u00eda, corrige, espera. Nos ayuda a programar un proyecto de vida en base a nuestras necesidades m\u00e1s urgentes.<\/p>\n<p style=\"text-align: justify;\">Habla constantemente con nosotros, a trav\u00e9s de la oraci\u00f3n o por otros medios. Nos transmite su amor, nos gu\u00eda, aunque lo rechacemos, aunque lo neguemos. No le importa, sabe que somos chispas divinas, proyectos majestuosos. No existen palabras capaces de definir nuestro destino, todav\u00eda permanecemos en una materia muy grosera, muy limitada, sin embargo, interiormente empezamos a entrever d\u00e9bilmente, de intuir el destino de luz que nos espera.<\/p>\n<p style=\"text-align: justify;\">Por los caminos de la alegr\u00eda y del dolor permanece a nuestro lado. Nadie est\u00e1 nunca s\u00f3lo, aunque no seamos capaces de percibirlo, sobre todo en los momentos de tribulaci\u00f3n, ante las enfermedades, la p\u00e9rdida de seres muy queridos, en los momentos de vac\u00edo interior, de incomprensi\u00f3n, tambi\u00e9n ante los reveses de la ingratitud y de la agresi\u00f3n. En cualquier circunstancia siempre est\u00e1 ah\u00ed.<\/p>\n<p style=\"text-align: justify;\">En la medida en que el ser comienza a entender la misericordia de Dios, una suave brisa de gratitud comienza a inundar su coraz\u00f3n, pues va descubriendo una realidad hasta ahora ignorada.<\/p>\n<p style=\"text-align: justify;\">Valora lo que tiene: salud, bienes materiales, etc., como instrumentos pasajeros de los que tendr\u00e1 que dar cuenta. Tambi\u00e9n comprende que, gracias a la intervenci\u00f3n divina, con las situaciones que le sobrevienen, muchas de ellas consideradas como desgracias o contratiempos, se evitan males mayores o desviaciones del camino que retardar\u00edan mucho el progreso.<\/p>\n<p style=\"text-align: justify;\">El esp\u00edritu, a medida que va evolucionando comprende mejor, percibe cada vez con mayor nitidez la interacci\u00f3n entre la divinidad y el ser creado. Tal es as\u00ed que comienza a utilizar con mayor frecuencia la oraci\u00f3n, se nutre de la elevaci\u00f3n de pensamiento, se siente arropado, muy querido. Aumenta la vigilancia sobre sus actos pues considera que un proyecto de vida perfectamente dise\u00f1ado para triunfar no puede ser desviado o adulterado; someti\u00e9ndose y participando, colaborando en la gran obra de la evoluci\u00f3n personal y colectiva.<\/p>\n<p style=\"text-align: justify;\">Por otro lado, la misericordia desde el punto de vista humano abarca varios aspectos a destacar, que van desde la comprensi\u00f3n hacia los errores ajenos hasta el perd\u00f3n de las ofensas. En este \u00faltimo punto nos vamos a detener especialmente. El acto de perdonar ante cualquier agravio o da\u00f1o que nos puedan inferir implica una serie de ventajas a tener en cuenta:<\/p>\n<ul>\n<li style=\"text-align: justify;\"><span style=\"color: #333333;\"><strong>\u00a0Puede suponer saldar una deuda cuyo origen puede encontrarse en otras vidas, en el supuesto de que no se le pueda encontrar una justificaci\u00f3n en el presente. 0 bien su causa puede encontrarse en la existencia actual, por el da\u00f1o generado a otros.<\/strong><\/span><\/li>\n<li style=\"text-align: justify;\"><span style=\"color: #333333;\"><strong>Conlleva comprensi\u00f3n e indulgencia para con los defectos ajenos, del mismo modo que lo pedimos para nosotros.<\/strong><\/span><\/li>\n<li style=\"text-align: justify;\"><span style=\"color: #333333;\"><strong>Tambi\u00e9n supone un esfuerzo por someter a la parte humana y material para que no afloren los egos y se engrandezca nuestra parte espiritual, cuyos horizontes son mucho m\u00e1s amplios, en el desarrollo de la bondad, el amor y el altruismo.<\/strong><\/span><\/li>\n<li style=\"text-align: justify;\"><span style=\"color: #333333;\"><strong>Implica el desarrollo de valores tan importantes como es la humildad, ya que esta cualidad valora los derechos y libertades de los dem\u00e1s, con sus errores y aciertos. No se considera superior a nadie sino el m\u00e1s necesitado de indulgencia de lo Alto.<\/strong><\/span><\/li>\n<li style=\"text-align: justify;\"><span style=\"color: #333333;\"><strong>\u00a0Obliga a poner en pr\u00e1ctica la doctrina de amor del Maestro Jes\u00fas: \u00abdevolver bien por mal\u00bb.<\/strong><\/span><\/li>\n<\/ul>\n<p style=\"text-align: justify;\">Hay que tener en cuenta que el perd\u00f3n de las ofensas no significa el olvido simplemente del hecho puntual, sino tambi\u00e9n un comportamiento libre de rencores y resentimientos, ya que la vida contin\u00faa, y todos merecen una segunda oportunidad pero con una mirada prudente y limpia.<\/p>\n<p style=\"text-align: justify;\">No se puede ver la paja en el ojo ajeno y descuidar la viga que nos entorpece en el nuestro. El primer paso para merecer ayuda y misericordia de lo Alto consiste en hacer lo propio con el pr\u00f3jimo. El evangelio nos aconseja la reconciliaci\u00f3n con nuestros enemigos antes de pedir u orar, ya que ese tipo de manchas dificultan la elevaci\u00f3n y pureza de nuestras peticiones.<\/p>\n<p style=\"text-align: justify;\">Hasta ahora estamos hablando de las importantes ventajas del perd\u00f3n para la evoluci\u00f3n espiritual, pero esto no significa obviamente que sea f\u00e1cil ponerlo en pr\u00e1ctica. Supone en ocasiones una de las pruebas m\u00e1s duras y dif\u00edciles para el esp\u00edritu encarnado, significa levantarse de duros agravios, pone a prueba la renuncia a uno mismo y al control de nuestras tendencias inferiores.<\/p>\n<p style=\"text-align: justify;\">En definitiva, tomando en cuenta la gravedad de las faltas, la situaci\u00f3n puede ser enormemente delicada, y de tomar una postura positiva perdonando, comprendiendo y amando, a tomar una actitud de rebeld\u00eda, odio y venganza, nos puede suponer muchos siglos de dolor y de estancamiento espiritual.<\/p>\n<p style=\"text-align: justify;\">En conclusi\u00f3n, la misericordia es fundamental, m\u00e1xime cuando se comprenden un poco las grandes Leyes Universales: Ley de Reencarnaci\u00f3n, Ley de Causa y Efecto, Ley del Amor, etc. Ya que supone rescatar deudas del pasado o unos errores del presente, producto de nuestras imperfecciones, y que gracias a esas nuevas oportunidades que el Padre nos ofrece, tenemos la posibilidad de saldarlos por medio del amor y la indulgencia hacia nuestros semejantes.<\/p>\n<p style=\"text-align: justify;\">Nos pueden servir como motivo de reflexi\u00f3n todos aquellos esp\u00edritus an\u00f3nimos que encarnan en la Tierra, pasando completamente desapercibidos, en ambientes hostiles, a veces rodeados de frialdad y odio. Soportando en silencio el peso de la incomprensi\u00f3n para que pueda triunfar la sublime tarea de mostrar con su ejemplo el dif\u00edcil \u00abarte de amar\u00bb. Hacia ellos especialmente se dirig\u00eda el Maestro cuando afirmaba<strong><em>: \u201cBienaventurados los misericordiosos, porque ellos alcanzar\u00e1n misericordia\u201d <\/em><\/strong><em>(San Mateo, cap. V, v. 7)<\/em><\/p>\n<p>&nbsp;<\/p>\n<p style=\"text-align: right;\">Jos\u00e9 M. Meseguer<\/p>\n<p style=\"text-align: right;\">\u00a92015, Amor, paz y caridad<\/p>\n","protected":false},"excerpt":{"rendered":"<p>En esta ocasi\u00f3n vamos a cerrar el cap\u00edtulo de las bienaventuranzas que durante algunos meses hemos ido abordando en esta secci\u00f3n, para analizar la misericordia como tema central. Los dichos populares recogen frases que encierran la sabidur\u00eda del pueblo al respecto: \u201cA gran pecado, gran misericordia\u201d; \u201cBueno es el rigor; pero la misericordia es mejor\u201d. [&hellip;]<\/p>\n","protected":false},"author":5,"featured_media":4400,"comment_status":"open","ping_status":"open","sticky":false,"template":"","format":"standard","meta":{"tdm_status":"","tdm_grid_status":"","footnotes":""},"categories":[331],"tags":[1686,433,1519,2168,1541,2221,2167],"ppma_author":[408],"class_list":{"0":"post-4370","1":"post","2":"type-post","3":"status-publish","4":"format-standard","5":"has-post-thumbnail","7":"category-apartado-espirita","8":"tag-bienaventuranzas","9":"tag-comprension","10":"tag-el-perdon","11":"tag-faltas-ajenas","12":"tag-indulgencia","13":"tag-leyes-universales","14":"tag-misericordia"},"yoast_head":"<!-- This site is optimized with the Yoast SEO plugin v27.7 - https:\/\/yoast.com\/product\/yoast-seo-wordpress\/ -->\n<title>\u201cBienaventurados los misericordiosos\u201d | Amor, paz caridad<\/title>\n<meta name=\"robots\" content=\"index, follow, max-snippet:-1, max-image-preview:large, max-video-preview:-1\" \/>\n<link rel=\"canonical\" href=\"https:\/\/amorpazy-cp515.wordpresstemporal.com\/amorpazycaridad.es\/bienaventurados-los-misericordiosos\/\" \/>\n<meta property=\"og:locale\" content=\"es_ES\" \/>\n<meta property=\"og:type\" content=\"article\" \/>\n<meta property=\"og:title\" content=\"\u201cBienaventurados los misericordiosos\u201d | Amor, paz caridad\" \/>\n<meta property=\"og:description\" content=\"En esta ocasi\u00f3n vamos a cerrar el cap\u00edtulo de las bienaventuranzas que durante algunos meses hemos ido abordando en esta secci\u00f3n, para analizar la misericordia como tema central. Los dichos populares recogen frases que encierran la sabidur\u00eda del pueblo al respecto: \u201cA gran pecado, gran misericordia\u201d; \u201cBueno es el rigor; pero la misericordia es mejor\u201d. [&hellip;]\" \/>\n<meta property=\"og:url\" content=\"https:\/\/amorpazy-cp515.wordpresstemporal.com\/amorpazycaridad.es\/bienaventurados-los-misericordiosos\/\" \/>\n<meta property=\"og:site_name\" content=\"Amor, paz caridad\" \/>\n<meta property=\"article:publisher\" content=\"http:\/\/www.facebook.com\/pages\/Amor-paz-y-caridad\/1594978604096866\" \/>\n<meta property=\"article:published_time\" content=\"2015-10-19T05:26:53+00:00\" \/>\n<meta property=\"og:image\" content=\"https:\/\/amorpazy-cp515.wordpresstemporal.com\/amorpazycaridad.es\/wp-content\/uploads\/2015\/10\/misericordia.jpg\" \/>\n\t<meta property=\"og:image:width\" content=\"750\" \/>\n\t<meta property=\"og:image:height\" content=\"350\" \/>\n\t<meta property=\"og:image:type\" content=\"image\/jpeg\" \/>\n<meta name=\"author\" content=\"Jose Manuel\" \/>\n<meta name=\"twitter:card\" content=\"summary_large_image\" \/>\n<meta name=\"twitter:creator\" content=\"@amorpazycaridad\" \/>\n<meta name=\"twitter:site\" content=\"@amorpazycaridad\" \/>\n<meta name=\"twitter:label1\" content=\"Escrito por\" \/>\n\t<meta name=\"twitter:data1\" content=\"Jos\u00e9 Manuel Meseguer Clemente\" \/>\n\t<meta name=\"twitter:label2\" content=\"Tiempo de lectura\" \/>\n\t<meta name=\"twitter:data2\" content=\"6 minutos\" \/>\n<script type=\"application\/ld+json\" class=\"yoast-schema-graph\">{\"@context\":\"https:\\\/\\\/schema.org\",\"@graph\":[{\"@type\":\"Article\",\"@id\":\"https:\\\/\\\/amorpazy-cp515.wordpresstemporal.com\\\/amorpazycaridad.es\\\/bienaventurados-los-misericordiosos\\\/#article\",\"isPartOf\":{\"@id\":\"https:\\\/\\\/amorpazy-cp515.wordpresstemporal.com\\\/amorpazycaridad.es\\\/bienaventurados-los-misericordiosos\\\/\"},\"author\":{\"name\":\"Jos\u00e9 Manuel Meseguer Clemente\",\"@id\":\"https:\\\/\\\/amorpazycaridad.es\\\/#\\\/schema\\\/person\\\/6f0cedb316ce549a85d79dba9ebb353e\"},\"headline\":\"\u201cBienaventurados los misericordiosos\u201d\",\"datePublished\":\"2015-10-19T05:26:53+00:00\",\"mainEntityOfPage\":{\"@id\":\"https:\\\/\\\/amorpazy-cp515.wordpresstemporal.com\\\/amorpazycaridad.es\\\/bienaventurados-los-misericordiosos\\\/\"},\"wordCount\":1121,\"commentCount\":0,\"publisher\":{\"@id\":\"https:\\\/\\\/amorpazycaridad.es\\\/#organization\"},\"image\":{\"@id\":\"https:\\\/\\\/amorpazy-cp515.wordpresstemporal.com\\\/amorpazycaridad.es\\\/bienaventurados-los-misericordiosos\\\/#primaryimage\"},\"thumbnailUrl\":\"https:\\\/\\\/amorpazy-cp515.wordpresstemporal.com\\\/amorpazycaridad.es\\\/wp-content\\\/uploads\\\/2015\\\/10\\\/misericordia.jpg\",\"keywords\":[\"bienaventuranzas\",\"Comprensi\u00f3n\",\"el perd\u00f3n\",\"faltas ajenas\",\"Indulgencia\",\"Leyes Universales\",\"misericordia\"],\"articleSection\":[\"Apartado esp\u00edrita\"],\"inLanguage\":\"es\",\"potentialAction\":[{\"@type\":\"CommentAction\",\"name\":\"Comment\",\"target\":[\"https:\\\/\\\/amorpazy-cp515.wordpresstemporal.com\\\/amorpazycaridad.es\\\/bienaventurados-los-misericordiosos\\\/#respond\"]}]},{\"@type\":\"WebPage\",\"@id\":\"https:\\\/\\\/amorpazy-cp515.wordpresstemporal.com\\\/amorpazycaridad.es\\\/bienaventurados-los-misericordiosos\\\/\",\"url\":\"https:\\\/\\\/amorpazy-cp515.wordpresstemporal.com\\\/amorpazycaridad.es\\\/bienaventurados-los-misericordiosos\\\/\",\"name\":\"\u201cBienaventurados los misericordiosos\u201d | Amor, paz caridad\",\"isPartOf\":{\"@id\":\"https:\\\/\\\/amorpazycaridad.es\\\/#website\"},\"primaryImageOfPage\":{\"@id\":\"https:\\\/\\\/amorpazy-cp515.wordpresstemporal.com\\\/amorpazycaridad.es\\\/bienaventurados-los-misericordiosos\\\/#primaryimage\"},\"image\":{\"@id\":\"https:\\\/\\\/amorpazy-cp515.wordpresstemporal.com\\\/amorpazycaridad.es\\\/bienaventurados-los-misericordiosos\\\/#primaryimage\"},\"thumbnailUrl\":\"https:\\\/\\\/amorpazy-cp515.wordpresstemporal.com\\\/amorpazycaridad.es\\\/wp-content\\\/uploads\\\/2015\\\/10\\\/misericordia.jpg\",\"datePublished\":\"2015-10-19T05:26:53+00:00\",\"breadcrumb\":{\"@id\":\"https:\\\/\\\/amorpazy-cp515.wordpresstemporal.com\\\/amorpazycaridad.es\\\/bienaventurados-los-misericordiosos\\\/#breadcrumb\"},\"inLanguage\":\"es\",\"potentialAction\":[{\"@type\":\"ReadAction\",\"target\":[\"https:\\\/\\\/amorpazy-cp515.wordpresstemporal.com\\\/amorpazycaridad.es\\\/bienaventurados-los-misericordiosos\\\/\"]}]},{\"@type\":\"ImageObject\",\"inLanguage\":\"es\",\"@id\":\"https:\\\/\\\/amorpazy-cp515.wordpresstemporal.com\\\/amorpazycaridad.es\\\/bienaventurados-los-misericordiosos\\\/#primaryimage\",\"url\":\"https:\\\/\\\/amorpazy-cp515.wordpresstemporal.com\\\/amorpazycaridad.es\\\/wp-content\\\/uploads\\\/2015\\\/10\\\/misericordia.jpg\",\"contentUrl\":\"https:\\\/\\\/amorpazy-cp515.wordpresstemporal.com\\\/amorpazycaridad.es\\\/wp-content\\\/uploads\\\/2015\\\/10\\\/misericordia.jpg\",\"width\":750,\"height\":350},{\"@type\":\"BreadcrumbList\",\"@id\":\"https:\\\/\\\/amorpazy-cp515.wordpresstemporal.com\\\/amorpazycaridad.es\\\/bienaventurados-los-misericordiosos\\\/#breadcrumb\",\"itemListElement\":[{\"@type\":\"ListItem\",\"position\":1,\"name\":\"Portada\",\"item\":\"https:\\\/\\\/amorpazy-cp515.wordpresstemporal.com\\\/amorpazycaridad.es\\\/\"},{\"@type\":\"ListItem\",\"position\":2,\"name\":\"\u201cBienaventurados los misericordiosos\u201d\"}]},{\"@type\":\"WebSite\",\"@id\":\"https:\\\/\\\/amorpazycaridad.es\\\/#website\",\"url\":\"https:\\\/\\\/amorpazycaridad.es\\\/\",\"name\":\"Amor, paz caridad\",\"description\":\"Conocimiento espiritual, espiritismo, espiritualismo, leyes universales, m\u00e1s all\u00e1, vida despu\u00e9s de la vida,\",\"publisher\":{\"@id\":\"https:\\\/\\\/amorpazycaridad.es\\\/#organization\"},\"potentialAction\":[{\"@type\":\"SearchAction\",\"target\":{\"@type\":\"EntryPoint\",\"urlTemplate\":\"https:\\\/\\\/amorpazycaridad.es\\\/?s={search_term_string}\"},\"query-input\":{\"@type\":\"PropertyValueSpecification\",\"valueRequired\":true,\"valueName\":\"search_term_string\"}}],\"inLanguage\":\"es\"},{\"@type\":\"Organization\",\"@id\":\"https:\\\/\\\/amorpazycaridad.es\\\/#organization\",\"name\":\"Asociaci\u00f3n de Estudios Espirituales Grupo Villena\",\"url\":\"https:\\\/\\\/amorpazycaridad.es\\\/\",\"logo\":{\"@type\":\"ImageObject\",\"inLanguage\":\"es\",\"@id\":\"https:\\\/\\\/amorpazycaridad.es\\\/#\\\/schema\\\/logo\\\/image\\\/\",\"url\":\"https:\\\/\\\/amorpazycaridad.es\\\/wp-content\\\/uploads\\\/2015\\\/01\\\/logo-fav-e1420247830294.jpg\",\"contentUrl\":\"https:\\\/\\\/amorpazycaridad.es\\\/wp-content\\\/uploads\\\/2015\\\/01\\\/logo-fav-e1420247830294.jpg\",\"width\":144,\"height\":144,\"caption\":\"Asociaci\u00f3n de Estudios Espirituales Grupo Villena\"},\"image\":{\"@id\":\"https:\\\/\\\/amorpazycaridad.es\\\/#\\\/schema\\\/logo\\\/image\\\/\"},\"sameAs\":[\"http:\\\/\\\/www.facebook.com\\\/pages\\\/Amor-paz-y-caridad\\\/1594978604096866\",\"https:\\\/\\\/x.com\\\/amorpazycaridad\",\"https:\\\/\\\/es.pinterest.com\\\/amorpazycaridad\\\/\",\"https:\\\/\\\/www.youtube.com\\\/channel\\\/UC1GvDIDCLoL02SzOD7NJdrA\"]},{\"@type\":\"Person\",\"@id\":\"https:\\\/\\\/amorpazycaridad.es\\\/#\\\/schema\\\/person\\\/6f0cedb316ce549a85d79dba9ebb353e\",\"name\":\"Jos\u00e9 Manuel Meseguer Clemente\",\"image\":{\"@type\":\"ImageObject\",\"inLanguage\":\"es\",\"@id\":\"https:\\\/\\\/amorpazycaridad.es\\\/wp-content\\\/uploads\\\/2017\\\/11\\\/Archivo-1-11-17-12-31-35-96x96.jpegfd114e27cec70eafcf7bb076099603b6\",\"url\":\"https:\\\/\\\/amorpazycaridad.es\\\/wp-content\\\/uploads\\\/2017\\\/11\\\/Archivo-1-11-17-12-31-35-96x96.jpeg\",\"contentUrl\":\"https:\\\/\\\/amorpazycaridad.es\\\/wp-content\\\/uploads\\\/2017\\\/11\\\/Archivo-1-11-17-12-31-35-96x96.jpeg\",\"caption\":\"Jos\u00e9 Manuel Meseguer Clemente\"},\"description\":\"Jose Manuel Meseguer Clemente . Profesionalmente se dedica al Transporte Mar\u00edtimo. Autodidacta, divulgador y escritor. Como miembro del Grupo Villena desde hace m\u00e1s de 30 a\u00f1os, ha ofrecido conferencias y participado en diversos eventos, simposios y congresos, tanto nacionales como internacionales. Actualmente es redactor de la revista \u201cAmor Paz y Caridad\u201d, donde mensualmente publica art\u00edculos de inter\u00e9s y permanente actualidad. Adem\u00e1s, es socio colaborador de SEDE (Sociedad Espa\u00f1ola de Divulgadores Esp\u00edritas).\",\"sameAs\":[\"http:\\\/\\\/www.amorpazycaridad.com\"],\"url\":\"https:\\\/\\\/amorpazy-cp515.wordpresstemporal.com\\\/amorpazycaridad.es\\\/author\\\/jose-manuel\\\/\"}]}<\/script>\n<!-- \/ Yoast SEO plugin. -->","yoast_head_json":{"title":"\u201cBienaventurados los misericordiosos\u201d | Amor, paz caridad","robots":{"index":"index","follow":"follow","max-snippet":"max-snippet:-1","max-image-preview":"max-image-preview:large","max-video-preview":"max-video-preview:-1"},"canonical":"https:\/\/amorpazy-cp515.wordpresstemporal.com\/amorpazycaridad.es\/bienaventurados-los-misericordiosos\/","og_locale":"es_ES","og_type":"article","og_title":"\u201cBienaventurados los misericordiosos\u201d | Amor, paz caridad","og_description":"En esta ocasi\u00f3n vamos a cerrar el cap\u00edtulo de las bienaventuranzas que durante algunos meses hemos ido abordando en esta secci\u00f3n, para analizar la misericordia como tema central. Los dichos populares recogen frases que encierran la sabidur\u00eda del pueblo al respecto: \u201cA gran pecado, gran misericordia\u201d; \u201cBueno es el rigor; pero la misericordia es mejor\u201d. [&hellip;]","og_url":"https:\/\/amorpazy-cp515.wordpresstemporal.com\/amorpazycaridad.es\/bienaventurados-los-misericordiosos\/","og_site_name":"Amor, paz caridad","article_publisher":"http:\/\/www.facebook.com\/pages\/Amor-paz-y-caridad\/1594978604096866","article_published_time":"2015-10-19T05:26:53+00:00","og_image":[{"width":750,"height":350,"url":"https:\/\/amorpazy-cp515.wordpresstemporal.com\/amorpazycaridad.es\/wp-content\/uploads\/2015\/10\/misericordia.jpg","type":"image\/jpeg"}],"author":"Jose Manuel","twitter_card":"summary_large_image","twitter_creator":"@amorpazycaridad","twitter_site":"@amorpazycaridad","twitter_misc":{"Escrito por":"Jos\u00e9 Manuel Meseguer Clemente","Tiempo de lectura":"6 minutos"},"schema":{"@context":"https:\/\/schema.org","@graph":[{"@type":"Article","@id":"https:\/\/amorpazy-cp515.wordpresstemporal.com\/amorpazycaridad.es\/bienaventurados-los-misericordiosos\/#article","isPartOf":{"@id":"https:\/\/amorpazy-cp515.wordpresstemporal.com\/amorpazycaridad.es\/bienaventurados-los-misericordiosos\/"},"author":{"name":"Jos\u00e9 Manuel Meseguer Clemente","@id":"https:\/\/amorpazycaridad.es\/#\/schema\/person\/6f0cedb316ce549a85d79dba9ebb353e"},"headline":"\u201cBienaventurados los misericordiosos\u201d","datePublished":"2015-10-19T05:26:53+00:00","mainEntityOfPage":{"@id":"https:\/\/amorpazy-cp515.wordpresstemporal.com\/amorpazycaridad.es\/bienaventurados-los-misericordiosos\/"},"wordCount":1121,"commentCount":0,"publisher":{"@id":"https:\/\/amorpazycaridad.es\/#organization"},"image":{"@id":"https:\/\/amorpazy-cp515.wordpresstemporal.com\/amorpazycaridad.es\/bienaventurados-los-misericordiosos\/#primaryimage"},"thumbnailUrl":"https:\/\/amorpazy-cp515.wordpresstemporal.com\/amorpazycaridad.es\/wp-content\/uploads\/2015\/10\/misericordia.jpg","keywords":["bienaventuranzas","Comprensi\u00f3n","el perd\u00f3n","faltas ajenas","Indulgencia","Leyes Universales","misericordia"],"articleSection":["Apartado esp\u00edrita"],"inLanguage":"es","potentialAction":[{"@type":"CommentAction","name":"Comment","target":["https:\/\/amorpazy-cp515.wordpresstemporal.com\/amorpazycaridad.es\/bienaventurados-los-misericordiosos\/#respond"]}]},{"@type":"WebPage","@id":"https:\/\/amorpazy-cp515.wordpresstemporal.com\/amorpazycaridad.es\/bienaventurados-los-misericordiosos\/","url":"https:\/\/amorpazy-cp515.wordpresstemporal.com\/amorpazycaridad.es\/bienaventurados-los-misericordiosos\/","name":"\u201cBienaventurados los misericordiosos\u201d | Amor, paz caridad","isPartOf":{"@id":"https:\/\/amorpazycaridad.es\/#website"},"primaryImageOfPage":{"@id":"https:\/\/amorpazy-cp515.wordpresstemporal.com\/amorpazycaridad.es\/bienaventurados-los-misericordiosos\/#primaryimage"},"image":{"@id":"https:\/\/amorpazy-cp515.wordpresstemporal.com\/amorpazycaridad.es\/bienaventurados-los-misericordiosos\/#primaryimage"},"thumbnailUrl":"https:\/\/amorpazy-cp515.wordpresstemporal.com\/amorpazycaridad.es\/wp-content\/uploads\/2015\/10\/misericordia.jpg","datePublished":"2015-10-19T05:26:53+00:00","breadcrumb":{"@id":"https:\/\/amorpazy-cp515.wordpresstemporal.com\/amorpazycaridad.es\/bienaventurados-los-misericordiosos\/#breadcrumb"},"inLanguage":"es","potentialAction":[{"@type":"ReadAction","target":["https:\/\/amorpazy-cp515.wordpresstemporal.com\/amorpazycaridad.es\/bienaventurados-los-misericordiosos\/"]}]},{"@type":"ImageObject","inLanguage":"es","@id":"https:\/\/amorpazy-cp515.wordpresstemporal.com\/amorpazycaridad.es\/bienaventurados-los-misericordiosos\/#primaryimage","url":"https:\/\/amorpazy-cp515.wordpresstemporal.com\/amorpazycaridad.es\/wp-content\/uploads\/2015\/10\/misericordia.jpg","contentUrl":"https:\/\/amorpazy-cp515.wordpresstemporal.com\/amorpazycaridad.es\/wp-content\/uploads\/2015\/10\/misericordia.jpg","width":750,"height":350},{"@type":"BreadcrumbList","@id":"https:\/\/amorpazy-cp515.wordpresstemporal.com\/amorpazycaridad.es\/bienaventurados-los-misericordiosos\/#breadcrumb","itemListElement":[{"@type":"ListItem","position":1,"name":"Portada","item":"https:\/\/amorpazy-cp515.wordpresstemporal.com\/amorpazycaridad.es\/"},{"@type":"ListItem","position":2,"name":"\u201cBienaventurados los misericordiosos\u201d"}]},{"@type":"WebSite","@id":"https:\/\/amorpazycaridad.es\/#website","url":"https:\/\/amorpazycaridad.es\/","name":"Amor, paz caridad","description":"Conocimiento espiritual, espiritismo, espiritualismo, leyes universales, m\u00e1s all\u00e1, vida despu\u00e9s de la vida,","publisher":{"@id":"https:\/\/amorpazycaridad.es\/#organization"},"potentialAction":[{"@type":"SearchAction","target":{"@type":"EntryPoint","urlTemplate":"https:\/\/amorpazycaridad.es\/?s={search_term_string}"},"query-input":{"@type":"PropertyValueSpecification","valueRequired":true,"valueName":"search_term_string"}}],"inLanguage":"es"},{"@type":"Organization","@id":"https:\/\/amorpazycaridad.es\/#organization","name":"Asociaci\u00f3n de Estudios Espirituales Grupo Villena","url":"https:\/\/amorpazycaridad.es\/","logo":{"@type":"ImageObject","inLanguage":"es","@id":"https:\/\/amorpazycaridad.es\/#\/schema\/logo\/image\/","url":"https:\/\/amorpazycaridad.es\/wp-content\/uploads\/2015\/01\/logo-fav-e1420247830294.jpg","contentUrl":"https:\/\/amorpazycaridad.es\/wp-content\/uploads\/2015\/01\/logo-fav-e1420247830294.jpg","width":144,"height":144,"caption":"Asociaci\u00f3n de Estudios Espirituales Grupo Villena"},"image":{"@id":"https:\/\/amorpazycaridad.es\/#\/schema\/logo\/image\/"},"sameAs":["http:\/\/www.facebook.com\/pages\/Amor-paz-y-caridad\/1594978604096866","https:\/\/x.com\/amorpazycaridad","https:\/\/es.pinterest.com\/amorpazycaridad\/","https:\/\/www.youtube.com\/channel\/UC1GvDIDCLoL02SzOD7NJdrA"]},{"@type":"Person","@id":"https:\/\/amorpazycaridad.es\/#\/schema\/person\/6f0cedb316ce549a85d79dba9ebb353e","name":"Jos\u00e9 Manuel Meseguer Clemente","image":{"@type":"ImageObject","inLanguage":"es","@id":"https:\/\/amorpazycaridad.es\/wp-content\/uploads\/2017\/11\/Archivo-1-11-17-12-31-35-96x96.jpegfd114e27cec70eafcf7bb076099603b6","url":"https:\/\/amorpazycaridad.es\/wp-content\/uploads\/2017\/11\/Archivo-1-11-17-12-31-35-96x96.jpeg","contentUrl":"https:\/\/amorpazycaridad.es\/wp-content\/uploads\/2017\/11\/Archivo-1-11-17-12-31-35-96x96.jpeg","caption":"Jos\u00e9 Manuel Meseguer Clemente"},"description":"Jose Manuel Meseguer Clemente . Profesionalmente se dedica al Transporte Mar\u00edtimo. Autodidacta, divulgador y escritor. Como miembro del Grupo Villena desde hace m\u00e1s de 30 a\u00f1os, ha ofrecido conferencias y participado en diversos eventos, simposios y congresos, tanto nacionales como internacionales. Actualmente es redactor de la revista \u201cAmor Paz y Caridad\u201d, donde mensualmente publica art\u00edculos de inter\u00e9s y permanente actualidad. Adem\u00e1s, es socio colaborador de SEDE (Sociedad Espa\u00f1ola de Divulgadores Esp\u00edritas).","sameAs":["http:\/\/www.amorpazycaridad.com"],"url":"https:\/\/amorpazy-cp515.wordpresstemporal.com\/amorpazycaridad.es\/author\/jose-manuel\/"}]}},"authors":[{"term_id":408,"user_id":0,"is_guest":1,"slug":"cap-jose-manuel","display_name":"Jose Manuel","avatar_url":"https:\/\/secure.gravatar.com\/avatar\/?s=96&d=mm&r=g","0":null,"1":"","2":"","3":"","4":"","5":"","6":"","7":"","8":""}],"_links":{"self":[{"href":"https:\/\/amorpazy-cp515.wordpresstemporal.com\/amorpazycaridad.es\/wp-json\/wp\/v2\/posts\/4370","targetHints":{"allow":["GET"]}}],"collection":[{"href":"https:\/\/amorpazy-cp515.wordpresstemporal.com\/amorpazycaridad.es\/wp-json\/wp\/v2\/posts"}],"about":[{"href":"https:\/\/amorpazy-cp515.wordpresstemporal.com\/amorpazycaridad.es\/wp-json\/wp\/v2\/types\/post"}],"author":[{"embeddable":true,"href":"https:\/\/amorpazy-cp515.wordpresstemporal.com\/amorpazycaridad.es\/wp-json\/wp\/v2\/users\/5"}],"replies":[{"embeddable":true,"href":"https:\/\/amorpazy-cp515.wordpresstemporal.com\/amorpazycaridad.es\/wp-json\/wp\/v2\/comments?post=4370"}],"version-history":[{"count":4,"href":"https:\/\/amorpazy-cp515.wordpresstemporal.com\/amorpazycaridad.es\/wp-json\/wp\/v2\/posts\/4370\/revisions"}],"predecessor-version":[{"id":4398,"href":"https:\/\/amorpazy-cp515.wordpresstemporal.com\/amorpazycaridad.es\/wp-json\/wp\/v2\/posts\/4370\/revisions\/4398"}],"wp:featuredmedia":[{"embeddable":true,"href":"https:\/\/amorpazy-cp515.wordpresstemporal.com\/amorpazycaridad.es\/wp-json\/wp\/v2\/media\/4400"}],"wp:attachment":[{"href":"https:\/\/amorpazy-cp515.wordpresstemporal.com\/amorpazycaridad.es\/wp-json\/wp\/v2\/media?parent=4370"}],"wp:term":[{"taxonomy":"category","embeddable":true,"href":"https:\/\/amorpazy-cp515.wordpresstemporal.com\/amorpazycaridad.es\/wp-json\/wp\/v2\/categories?post=4370"},{"taxonomy":"post_tag","embeddable":true,"href":"https:\/\/amorpazy-cp515.wordpresstemporal.com\/amorpazycaridad.es\/wp-json\/wp\/v2\/tags?post=4370"},{"taxonomy":"author","embeddable":true,"href":"https:\/\/amorpazy-cp515.wordpresstemporal.com\/amorpazycaridad.es\/wp-json\/wp\/v2\/ppma_author?post=4370"}],"curies":[{"name":"wp","href":"https:\/\/api.w.org\/{rel}","templated":true}]}}