{"id":3885,"date":"2015-07-21T06:44:30","date_gmt":"2015-07-21T05:44:30","guid":{"rendered":"https:\/\/amorpazycaridad.es\/?p=3885"},"modified":"2015-07-21T06:44:30","modified_gmt":"2015-07-21T05:44:30","slug":"bienaventurados-los-pobres-de-espiritu","status":"publish","type":"post","link":"https:\/\/amorpazy-cp515.wordpresstemporal.com\/amorpazycaridad.es\/bienaventurados-los-pobres-de-espiritu\/","title":{"rendered":"\u201cBienaventurados los pobres de esp\u00edritu\u201d"},"content":{"rendered":"<p style=\"text-align: justify;\">Continuando con el an\u00e1lisis de las m\u00e1ximas de Jes\u00fas, nos encontramos este mes con una nueva bienaventuranza del famoso Serm\u00f3n de la Monta\u00f1a: <strong><em>\u00abBienaventurados los pobres de esp\u00edritu\u00bb.<\/em><\/strong><\/p>\n<p style=\"text-align: justify;\">Esta frase encierra como todas las anteriores un mensaje importante, pero en este caso concreto, es susceptible de malas interpretaciones.<\/p>\n<p style=\"text-align: justify;\">Generalmente se considera como pobres de esp\u00edritu a aquellas personas que son apocadas, d\u00e9biles, sentimentalistas; como vulgarmente se suele decir, \u00abtontas de tan buenas que son\u00bb. \u00a1Nada m\u00e1s lejos de la realidad!<\/p>\n<p style=\"text-align: justify;\">En primer lugar el Maestro coloca un contrapeso respecto a aquellos que se enorgullecen de su inteligencia o saber, porque cuanto mayor es el conocimiento m\u00e1s se descubren las limitaciones de la ignorancia humana y al mismo tiempo la grandeza de Dios ante nuestra insignificancia.<\/p>\n<p style=\"text-align: justify;\">Por tanto, se refiere a aquellos que no se sienten superiores y no utilizan su inteligencia o poder para someter a los dem\u00e1s, sino para servir de ayuda a los menos inteligentes y capaces, ya que el Padre nos confiere todos los atributos para el servicio a nuestros semejantes y no con fines ego\u00edstas.<\/p>\n<p style=\"text-align: justify;\">En definitiva, esta m\u00e1xima de Jes\u00fas ensalza, en pocas palabras, al humilde y rechaza al orgulloso, ya que lo condena a <strong><em>\u00abno ver\u00bb<\/em><\/strong> el reino de Dios, ante la falta de sinton\u00eda, de preparaci\u00f3n moral.<\/p>\n<p style=\"text-align: justify;\">Precisamente el orgullo es el enemigo m\u00e1s implacable del ser humano, y concretamente para los esp\u00edritas todav\u00eda la responsabilidad es mayor contra esta lacra, ya que con el estudio de la doctrina espirita y la posesi\u00f3n y ejercicio de facultades medi\u00famnicas, se corre el riesgo de considerarse por encima de los dem\u00e1s; bien por la facultad que se posee, creyendo que es un privilegio concedido por Dios, o bien porque considera que con los conocimientos adquiridos de la doctrina espirita son, por s\u00ed solos, suficientes para superarse espiritualmente sin necesidad de esfuerzos y sacrificios, que en definitiva es lo que distingue al verdadero esp\u00edrita.<\/p>\n<p style=\"text-align: justify;\">Otra de las m\u00e1ximas del Maestro apuntillan sobre este aspecto: <strong><em>\u00abel que quiera ser el primero que se coloque el \u00faltimo\u00bb<\/em><\/strong>. Con esta frase nos transmite la idea del servicio y la renuncia desinteresada hacia los dem\u00e1s. En una palabra, instrumentos d\u00f3ciles, dispuestos a cargar con la cruz de las imperfecciones y debilidades para seguir sus pasos con la mayor limpieza posible.<\/p>\n<p style=\"text-align: justify;\">En base a lo expuesto podemos preguntarnos \u00bfC\u00f3mo podemos asumir nuestra cruz, con todo lo que representa de pruebas y sinsabores, cuando nos rebelamos a las primeras de cambio? Si no somos \u00abpobres de esp\u00edritu\u00bb o lo que es lo mismo humildes, y nos dejamos llevar por el orgullo, lo m\u00e1s probable es que no queramos aceptar las situaciones que nos puedan empeque\u00f1ecer aparentemente respecto a los dem\u00e1s, y las rechacemos de pleno.<\/p>\n<p style=\"text-align: justify;\">Por desgracia, entre los mismos esp\u00edritas no somos lo suficientemente autocr\u00edticos en m\u00faltiples ocasiones. No nos detenemos a analizar el porqu\u00e9 de las situaciones que nos ocurren, pasando por alto muchos errores producto de nuestras debilidades y defectos, hasta el punto de creer que todo lo hacemos bien. Tambi\u00e9n podemos caer en la falsa idea de creer en privilegios, y pensar que los gu\u00edas son apuntadores que nos evitan los entorpecimientos e incomodidades del camino, en cuyo caso malos instrumentos podemos ser de la obra del Maestro.<\/p>\n<p style=\"text-align: justify;\">Jes\u00fas con su mensaje nos marca el camino a seguir: <strong><em>\u00abAmar\u00e1s al pr\u00f3jimo como a ti mismo\u00bb<\/em><\/strong> como principal ley, todo lo que se aparte de este principio se aleja del progreso, y la \u00fanica forma de manifestar ese amor es por medio de las obras; <strong><em>\u00aba los m\u00edos los reconocer\u00e9is por sus obras\u00bb.<\/em><\/strong><\/p>\n<p style=\"text-align: justify;\">A poco que estudiemos dichos principios b\u00e1sicos, nos daremos cuenta r\u00e1pidamente de la dificultad que entra\u00f1a el llevar a la pr\u00e1ctica dichas leyes a la perfecci\u00f3n, con lo cual nadie se puede considerar absolutamente acertado en sus pasos, y por ello la cualidad de la humildad nos puede hacer descender hasta nuestra verdadera realidad espiritual, que es la que marca lo que todav\u00eda nos entorpece para poder cumplir fielmente con aquello a lo que hemos sido llamados.<\/p>\n<p style=\"text-align: justify;\">\u00c9l siempre nos habl\u00f3 con sus obras, precisamente el m\u00e1s grande de todos los esp\u00edritus que han pasado por la Tierra, evidenci\u00f3 su sencillez y humildad, anteponiendo siempre la voluntad divina sobre la propia, <strong><em>\u00abno vengo a hacer mi voluntad, sino la voluntad de mi Padre\u00bb.<\/em><\/strong><\/p>\n<p style=\"text-align: justify;\">Por tanto, los esp\u00edritas no podemos hacer ostentaci\u00f3n de facultades ni de nuestro saber. Nuestras armas son las obras y el ejemplo que se desprende de ellas. Hemos de ser responsables en definitiva del compromiso adquirido, siendo conscientes en todo momento de nuestro atraso evolutivo y lo mucho que todav\u00eda nos falta por hacer y aprender.<\/p>\n<p style=\"text-align: justify;\">Adem\u00e1s, ser pobre de esp\u00edritu supone nobleza, aceptaci\u00f3n de la propia realidad que nos envuelve y afecta, con sus problemas y vicisitudes. Significa tambi\u00e9n, valorar a los dem\u00e1s, sus aptitudes, sus cualidades, sus capacidades; saliendo de la espiral egoistica de considerarnos especiales, y pensar casi siempre en clave personal, sin tener en cuenta a los dem\u00e1s y lo mucho que se puede hacer conjuntamente si se unen las fuerzas, complement\u00e1ndose y apoy\u00e1ndose los unos a los otros para conseguir un fin com\u00fan.<\/p>\n<p style=\"text-align: justify;\">Supone tambi\u00e9n tener el coraje de no considerarse superior en ning\u00fan aspecto a nadie. Como indica la gran Joanna de \u00c2ngelis, en un fragmento del mensaje psicografiado por Divaldo Pereira Franco el 03-01-2005: <strong><em>\u201cEl coraje real, es el esfuerzo moral desarrollado por el ser humano, para liberarse de la imagen que se ha formado, crey\u00e9ndose superior a las dem\u00e1s personas de su c\u00edrculo social\u201d.<\/em><\/strong><\/p>\n<p style=\"text-align: justify;\">Todos somos iguales, estamos en etapas transitorias, fugaces si las comparamos con la inmensidad del progreso que nos aguarda, dentro de un Programa Divino que nos impele constantemente al crecimiento, a la conquista, a compensar las deficiencias, las carencias, con el desarrollo paulatino y programado de todas las potencialidades que alg\u00fan d\u00eda nos convertir\u00e1n en seres perfectos<em>\u2026<strong>\u201dcomo perfecto es mi Padre\u201d.<\/strong><\/em><\/p>\n<p style=\"text-align: justify;\">Efectivamente, el gran descubrimiento, el m\u00e1s extraordinario, es que todo, absolutamente todo es transitorio. Estamos de paso; las riquezas materiales, las posesiones, la posici\u00f3n material, etc., son perecederas; alg\u00fan d\u00eda todo se quedar\u00e1 aqu\u00ed. No obstante, las aptitudes, cualidades,\u00a0 as\u00ed como los conocimientos son relativamente transitorios. \u00bfPor qu\u00e9? Porque tambi\u00e9n\u00a0 se engrandecen y ampl\u00edan, desarrollando constantemente el esp\u00edritu sus potencialidades, en una metamorfosis evolutiva constante. De ese modo, la superioridad o la inferioridad siempre son relativas.<\/p>\n<p style=\"text-align: justify;\">De ese modo, poner en valor por parte del Maestro a los <em>\u201cpobres de esp\u00edritu\u201d<\/em> supone ajustar a la realidad, la verdadera dimensi\u00f3n humana de lo que verdaderamente somos. La aut\u00e9ntica justicia igualitaria, sin la cual, la ley del amor carecer\u00eda de sentido. En un proyecto de vida que alg\u00fan d\u00eda, dentro de muchos siglos, nos reunir\u00e1 definitivamente a todos en la Casa del Padre.<\/p>\n<p style=\"text-align: right;\">Jos\u00e9 Manuel Meseguer<\/p>\n<p style=\"text-align: right;\">2015 \u00a0\u00a9 Amor, paz y caridad<\/p>\n","protected":false},"excerpt":{"rendered":"<p>Continuando con el an\u00e1lisis de las m\u00e1ximas de Jes\u00fas, nos encontramos este mes con una nueva bienaventuranza del famoso Serm\u00f3n de la Monta\u00f1a: \u00abBienaventurados los pobres de esp\u00edritu\u00bb. Esta frase encierra como todas las anteriores un mensaje importante, pero en este caso concreto, es susceptible de malas interpretaciones. Generalmente se considera como pobres de esp\u00edritu [&hellip;]<\/p>\n","protected":false},"author":5,"featured_media":3913,"comment_status":"open","ping_status":"open","sticky":false,"template":"","format":"standard","meta":{"tdm_status":"","tdm_grid_status":"","footnotes":""},"categories":[331],"tags":[524,1686,131,196,199,598,1753,1754],"ppma_author":[408],"class_list":{"0":"post-3885","1":"post","2":"type-post","3":"status-publish","4":"format-standard","5":"has-post-thumbnail","7":"category-apartado-espirita","8":"tag-apartado-espirita-2","9":"tag-bienaventuranzas","10":"tag-divaldo-pereira-franco","11":"tag-humildad","12":"tag-joanna-de-angelis","13":"tag-orgullo","14":"tag-pobres-de-espiritu","15":"tag-ser-el-primero"},"yoast_head":"<!-- This site is optimized with the Yoast SEO plugin v27.7 - https:\/\/yoast.com\/product\/yoast-seo-wordpress\/ -->\n<title>\u201cBienaventurados los pobres de esp\u00edritu\u201d | Amor, paz caridad<\/title>\n<meta name=\"robots\" content=\"index, follow, max-snippet:-1, max-image-preview:large, max-video-preview:-1\" \/>\n<link rel=\"canonical\" href=\"https:\/\/amorpazy-cp515.wordpresstemporal.com\/amorpazycaridad.es\/bienaventurados-los-pobres-de-espiritu\/\" \/>\n<meta property=\"og:locale\" content=\"es_ES\" \/>\n<meta property=\"og:type\" content=\"article\" \/>\n<meta property=\"og:title\" content=\"\u201cBienaventurados los pobres de esp\u00edritu\u201d | Amor, paz caridad\" \/>\n<meta property=\"og:description\" content=\"Continuando con el an\u00e1lisis de las m\u00e1ximas de Jes\u00fas, nos encontramos este mes con una nueva bienaventuranza del famoso Serm\u00f3n de la Monta\u00f1a: \u00abBienaventurados los pobres de esp\u00edritu\u00bb. Esta frase encierra como todas las anteriores un mensaje importante, pero en este caso concreto, es susceptible de malas interpretaciones. Generalmente se considera como pobres de esp\u00edritu [&hellip;]\" \/>\n<meta property=\"og:url\" content=\"https:\/\/amorpazy-cp515.wordpresstemporal.com\/amorpazycaridad.es\/bienaventurados-los-pobres-de-espiritu\/\" \/>\n<meta property=\"og:site_name\" content=\"Amor, paz caridad\" \/>\n<meta property=\"article:publisher\" content=\"http:\/\/www.facebook.com\/pages\/Amor-paz-y-caridad\/1594978604096866\" \/>\n<meta property=\"article:published_time\" content=\"2015-07-21T05:44:30+00:00\" \/>\n<meta property=\"og:image\" content=\"https:\/\/amorpazy-cp515.wordpresstemporal.com\/amorpazycaridad.es\/wp-content\/uploads\/2015\/07\/humildad-2.jpg\" \/>\n\t<meta property=\"og:image:width\" content=\"750\" \/>\n\t<meta property=\"og:image:height\" content=\"350\" \/>\n\t<meta property=\"og:image:type\" content=\"image\/jpeg\" \/>\n<meta name=\"author\" content=\"Jose Manuel\" \/>\n<meta name=\"twitter:card\" content=\"summary_large_image\" \/>\n<meta name=\"twitter:creator\" content=\"@amorpazycaridad\" \/>\n<meta name=\"twitter:site\" content=\"@amorpazycaridad\" \/>\n<meta name=\"twitter:label1\" content=\"Escrito por\" \/>\n\t<meta name=\"twitter:data1\" content=\"Jos\u00e9 Manuel Meseguer Clemente\" \/>\n\t<meta name=\"twitter:label2\" content=\"Tiempo de lectura\" \/>\n\t<meta name=\"twitter:data2\" content=\"6 minutos\" \/>\n<script type=\"application\/ld+json\" class=\"yoast-schema-graph\">{\"@context\":\"https:\\\/\\\/schema.org\",\"@graph\":[{\"@type\":\"Article\",\"@id\":\"https:\\\/\\\/amorpazy-cp515.wordpresstemporal.com\\\/amorpazycaridad.es\\\/bienaventurados-los-pobres-de-espiritu\\\/#article\",\"isPartOf\":{\"@id\":\"https:\\\/\\\/amorpazy-cp515.wordpresstemporal.com\\\/amorpazycaridad.es\\\/bienaventurados-los-pobres-de-espiritu\\\/\"},\"author\":{\"name\":\"Jos\u00e9 Manuel Meseguer Clemente\",\"@id\":\"https:\\\/\\\/amorpazy-cp515.wordpresstemporal.com\\\/amorpazycaridad.es\\\/#\\\/schema\\\/person\\\/6f0cedb316ce549a85d79dba9ebb353e\"},\"headline\":\"\u201cBienaventurados los pobres de esp\u00edritu\u201d\",\"datePublished\":\"2015-07-21T05:44:30+00:00\",\"mainEntityOfPage\":{\"@id\":\"https:\\\/\\\/amorpazy-cp515.wordpresstemporal.com\\\/amorpazycaridad.es\\\/bienaventurados-los-pobres-de-espiritu\\\/\"},\"wordCount\":1218,\"commentCount\":0,\"publisher\":{\"@id\":\"https:\\\/\\\/amorpazy-cp515.wordpresstemporal.com\\\/amorpazycaridad.es\\\/#organization\"},\"image\":{\"@id\":\"https:\\\/\\\/amorpazy-cp515.wordpresstemporal.com\\\/amorpazycaridad.es\\\/bienaventurados-los-pobres-de-espiritu\\\/#primaryimage\"},\"thumbnailUrl\":\"https:\\\/\\\/amorpazy-cp515.wordpresstemporal.com\\\/amorpazycaridad.es\\\/wp-content\\\/uploads\\\/2015\\\/07\\\/humildad-2.jpg\",\"keywords\":[\"APARTADO ESPIRITA\",\"bienaventuranzas\",\"Divaldo Pereira Franco\",\"humildad\",\"Joanna de \u00c2ngelis\",\"orgullo\",\"pobres de esp\u00edritu\",\"ser el primero\"],\"articleSection\":[\"Apartado esp\u00edrita\"],\"inLanguage\":\"es\",\"potentialAction\":[{\"@type\":\"CommentAction\",\"name\":\"Comment\",\"target\":[\"https:\\\/\\\/amorpazy-cp515.wordpresstemporal.com\\\/amorpazycaridad.es\\\/bienaventurados-los-pobres-de-espiritu\\\/#respond\"]}]},{\"@type\":\"WebPage\",\"@id\":\"https:\\\/\\\/amorpazy-cp515.wordpresstemporal.com\\\/amorpazycaridad.es\\\/bienaventurados-los-pobres-de-espiritu\\\/\",\"url\":\"https:\\\/\\\/amorpazy-cp515.wordpresstemporal.com\\\/amorpazycaridad.es\\\/bienaventurados-los-pobres-de-espiritu\\\/\",\"name\":\"\u201cBienaventurados los pobres de esp\u00edritu\u201d | Amor, paz caridad\",\"isPartOf\":{\"@id\":\"https:\\\/\\\/amorpazy-cp515.wordpresstemporal.com\\\/amorpazycaridad.es\\\/#website\"},\"primaryImageOfPage\":{\"@id\":\"https:\\\/\\\/amorpazy-cp515.wordpresstemporal.com\\\/amorpazycaridad.es\\\/bienaventurados-los-pobres-de-espiritu\\\/#primaryimage\"},\"image\":{\"@id\":\"https:\\\/\\\/amorpazy-cp515.wordpresstemporal.com\\\/amorpazycaridad.es\\\/bienaventurados-los-pobres-de-espiritu\\\/#primaryimage\"},\"thumbnailUrl\":\"https:\\\/\\\/amorpazy-cp515.wordpresstemporal.com\\\/amorpazycaridad.es\\\/wp-content\\\/uploads\\\/2015\\\/07\\\/humildad-2.jpg\",\"datePublished\":\"2015-07-21T05:44:30+00:00\",\"breadcrumb\":{\"@id\":\"https:\\\/\\\/amorpazy-cp515.wordpresstemporal.com\\\/amorpazycaridad.es\\\/bienaventurados-los-pobres-de-espiritu\\\/#breadcrumb\"},\"inLanguage\":\"es\",\"potentialAction\":[{\"@type\":\"ReadAction\",\"target\":[\"https:\\\/\\\/amorpazy-cp515.wordpresstemporal.com\\\/amorpazycaridad.es\\\/bienaventurados-los-pobres-de-espiritu\\\/\"]}]},{\"@type\":\"ImageObject\",\"inLanguage\":\"es\",\"@id\":\"https:\\\/\\\/amorpazy-cp515.wordpresstemporal.com\\\/amorpazycaridad.es\\\/bienaventurados-los-pobres-de-espiritu\\\/#primaryimage\",\"url\":\"https:\\\/\\\/amorpazy-cp515.wordpresstemporal.com\\\/amorpazycaridad.es\\\/wp-content\\\/uploads\\\/2015\\\/07\\\/humildad-2.jpg\",\"contentUrl\":\"https:\\\/\\\/amorpazy-cp515.wordpresstemporal.com\\\/amorpazycaridad.es\\\/wp-content\\\/uploads\\\/2015\\\/07\\\/humildad-2.jpg\",\"width\":750,\"height\":350},{\"@type\":\"BreadcrumbList\",\"@id\":\"https:\\\/\\\/amorpazy-cp515.wordpresstemporal.com\\\/amorpazycaridad.es\\\/bienaventurados-los-pobres-de-espiritu\\\/#breadcrumb\",\"itemListElement\":[{\"@type\":\"ListItem\",\"position\":1,\"name\":\"Portada\",\"item\":\"https:\\\/\\\/amorpazy-cp515.wordpresstemporal.com\\\/amorpazycaridad.es\\\/\"},{\"@type\":\"ListItem\",\"position\":2,\"name\":\"\u201cBienaventurados los pobres de esp\u00edritu\u201d\"}]},{\"@type\":\"WebSite\",\"@id\":\"https:\\\/\\\/amorpazy-cp515.wordpresstemporal.com\\\/amorpazycaridad.es\\\/#website\",\"url\":\"https:\\\/\\\/amorpazy-cp515.wordpresstemporal.com\\\/amorpazycaridad.es\\\/\",\"name\":\"Amor, paz caridad\",\"description\":\"Conocimiento espiritual, espiritismo, espiritualismo, leyes universales, m\u00e1s all\u00e1, vida despu\u00e9s de la vida,\",\"publisher\":{\"@id\":\"https:\\\/\\\/amorpazy-cp515.wordpresstemporal.com\\\/amorpazycaridad.es\\\/#organization\"},\"potentialAction\":[{\"@type\":\"SearchAction\",\"target\":{\"@type\":\"EntryPoint\",\"urlTemplate\":\"https:\\\/\\\/amorpazy-cp515.wordpresstemporal.com\\\/amorpazycaridad.es\\\/?s={search_term_string}\"},\"query-input\":{\"@type\":\"PropertyValueSpecification\",\"valueRequired\":true,\"valueName\":\"search_term_string\"}}],\"inLanguage\":\"es\"},{\"@type\":\"Organization\",\"@id\":\"https:\\\/\\\/amorpazy-cp515.wordpresstemporal.com\\\/amorpazycaridad.es\\\/#organization\",\"name\":\"Asociaci\u00f3n de Estudios Espirituales Grupo Villena\",\"url\":\"https:\\\/\\\/amorpazy-cp515.wordpresstemporal.com\\\/amorpazycaridad.es\\\/\",\"logo\":{\"@type\":\"ImageObject\",\"inLanguage\":\"es\",\"@id\":\"https:\\\/\\\/amorpazy-cp515.wordpresstemporal.com\\\/amorpazycaridad.es\\\/#\\\/schema\\\/logo\\\/image\\\/\",\"url\":\"https:\\\/\\\/amorpazycaridad.es\\\/wp-content\\\/uploads\\\/2015\\\/01\\\/logo-fav-e1420247830294.jpg\",\"contentUrl\":\"https:\\\/\\\/amorpazycaridad.es\\\/wp-content\\\/uploads\\\/2015\\\/01\\\/logo-fav-e1420247830294.jpg\",\"width\":144,\"height\":144,\"caption\":\"Asociaci\u00f3n de Estudios Espirituales Grupo Villena\"},\"image\":{\"@id\":\"https:\\\/\\\/amorpazy-cp515.wordpresstemporal.com\\\/amorpazycaridad.es\\\/#\\\/schema\\\/logo\\\/image\\\/\"},\"sameAs\":[\"http:\\\/\\\/www.facebook.com\\\/pages\\\/Amor-paz-y-caridad\\\/1594978604096866\",\"https:\\\/\\\/x.com\\\/amorpazycaridad\",\"https:\\\/\\\/es.pinterest.com\\\/amorpazycaridad\\\/\",\"https:\\\/\\\/www.youtube.com\\\/channel\\\/UC1GvDIDCLoL02SzOD7NJdrA\"]},{\"@type\":\"Person\",\"@id\":\"https:\\\/\\\/amorpazy-cp515.wordpresstemporal.com\\\/amorpazycaridad.es\\\/#\\\/schema\\\/person\\\/6f0cedb316ce549a85d79dba9ebb353e\",\"name\":\"Jos\u00e9 Manuel Meseguer Clemente\",\"image\":{\"@type\":\"ImageObject\",\"inLanguage\":\"es\",\"@id\":\"https:\\\/\\\/amorpazycaridad.es\\\/wp-content\\\/uploads\\\/2017\\\/11\\\/Archivo-1-11-17-12-31-35-96x96.jpegfd114e27cec70eafcf7bb076099603b6\",\"url\":\"https:\\\/\\\/amorpazycaridad.es\\\/wp-content\\\/uploads\\\/2017\\\/11\\\/Archivo-1-11-17-12-31-35-96x96.jpeg\",\"contentUrl\":\"https:\\\/\\\/amorpazycaridad.es\\\/wp-content\\\/uploads\\\/2017\\\/11\\\/Archivo-1-11-17-12-31-35-96x96.jpeg\",\"caption\":\"Jos\u00e9 Manuel Meseguer Clemente\"},\"description\":\"Jose Manuel Meseguer Clemente . Profesionalmente se dedica al Transporte Mar\u00edtimo. Autodidacta, divulgador y escritor. Como miembro del Grupo Villena desde hace m\u00e1s de 30 a\u00f1os, ha ofrecido conferencias y participado en diversos eventos, simposios y congresos, tanto nacionales como internacionales. Actualmente es redactor de la revista \u201cAmor Paz y Caridad\u201d, donde mensualmente publica art\u00edculos de inter\u00e9s y permanente actualidad. Adem\u00e1s, es socio colaborador de SEDE (Sociedad Espa\u00f1ola de Divulgadores Esp\u00edritas).\",\"sameAs\":[\"http:\\\/\\\/www.amorpazycaridad.com\"],\"url\":\"https:\\\/\\\/amorpazy-cp515.wordpresstemporal.com\\\/amorpazycaridad.es\\\/author\\\/jose-manuel\\\/\"}]}<\/script>\n<!-- \/ Yoast SEO plugin. -->","yoast_head_json":{"title":"\u201cBienaventurados los pobres de esp\u00edritu\u201d | Amor, paz caridad","robots":{"index":"index","follow":"follow","max-snippet":"max-snippet:-1","max-image-preview":"max-image-preview:large","max-video-preview":"max-video-preview:-1"},"canonical":"https:\/\/amorpazy-cp515.wordpresstemporal.com\/amorpazycaridad.es\/bienaventurados-los-pobres-de-espiritu\/","og_locale":"es_ES","og_type":"article","og_title":"\u201cBienaventurados los pobres de esp\u00edritu\u201d | Amor, paz caridad","og_description":"Continuando con el an\u00e1lisis de las m\u00e1ximas de Jes\u00fas, nos encontramos este mes con una nueva bienaventuranza del famoso Serm\u00f3n de la Monta\u00f1a: \u00abBienaventurados los pobres de esp\u00edritu\u00bb. Esta frase encierra como todas las anteriores un mensaje importante, pero en este caso concreto, es susceptible de malas interpretaciones. Generalmente se considera como pobres de esp\u00edritu [&hellip;]","og_url":"https:\/\/amorpazy-cp515.wordpresstemporal.com\/amorpazycaridad.es\/bienaventurados-los-pobres-de-espiritu\/","og_site_name":"Amor, paz caridad","article_publisher":"http:\/\/www.facebook.com\/pages\/Amor-paz-y-caridad\/1594978604096866","article_published_time":"2015-07-21T05:44:30+00:00","og_image":[{"width":750,"height":350,"url":"https:\/\/amorpazy-cp515.wordpresstemporal.com\/amorpazycaridad.es\/wp-content\/uploads\/2015\/07\/humildad-2.jpg","type":"image\/jpeg"}],"author":"Jose Manuel","twitter_card":"summary_large_image","twitter_creator":"@amorpazycaridad","twitter_site":"@amorpazycaridad","twitter_misc":{"Escrito por":"Jos\u00e9 Manuel Meseguer Clemente","Tiempo de lectura":"6 minutos"},"schema":{"@context":"https:\/\/schema.org","@graph":[{"@type":"Article","@id":"https:\/\/amorpazy-cp515.wordpresstemporal.com\/amorpazycaridad.es\/bienaventurados-los-pobres-de-espiritu\/#article","isPartOf":{"@id":"https:\/\/amorpazy-cp515.wordpresstemporal.com\/amorpazycaridad.es\/bienaventurados-los-pobres-de-espiritu\/"},"author":{"name":"Jos\u00e9 Manuel Meseguer Clemente","@id":"https:\/\/amorpazy-cp515.wordpresstemporal.com\/amorpazycaridad.es\/#\/schema\/person\/6f0cedb316ce549a85d79dba9ebb353e"},"headline":"\u201cBienaventurados los pobres de esp\u00edritu\u201d","datePublished":"2015-07-21T05:44:30+00:00","mainEntityOfPage":{"@id":"https:\/\/amorpazy-cp515.wordpresstemporal.com\/amorpazycaridad.es\/bienaventurados-los-pobres-de-espiritu\/"},"wordCount":1218,"commentCount":0,"publisher":{"@id":"https:\/\/amorpazy-cp515.wordpresstemporal.com\/amorpazycaridad.es\/#organization"},"image":{"@id":"https:\/\/amorpazy-cp515.wordpresstemporal.com\/amorpazycaridad.es\/bienaventurados-los-pobres-de-espiritu\/#primaryimage"},"thumbnailUrl":"https:\/\/amorpazy-cp515.wordpresstemporal.com\/amorpazycaridad.es\/wp-content\/uploads\/2015\/07\/humildad-2.jpg","keywords":["APARTADO ESPIRITA","bienaventuranzas","Divaldo Pereira Franco","humildad","Joanna de \u00c2ngelis","orgullo","pobres de esp\u00edritu","ser el primero"],"articleSection":["Apartado esp\u00edrita"],"inLanguage":"es","potentialAction":[{"@type":"CommentAction","name":"Comment","target":["https:\/\/amorpazy-cp515.wordpresstemporal.com\/amorpazycaridad.es\/bienaventurados-los-pobres-de-espiritu\/#respond"]}]},{"@type":"WebPage","@id":"https:\/\/amorpazy-cp515.wordpresstemporal.com\/amorpazycaridad.es\/bienaventurados-los-pobres-de-espiritu\/","url":"https:\/\/amorpazy-cp515.wordpresstemporal.com\/amorpazycaridad.es\/bienaventurados-los-pobres-de-espiritu\/","name":"\u201cBienaventurados los pobres de esp\u00edritu\u201d | Amor, paz caridad","isPartOf":{"@id":"https:\/\/amorpazy-cp515.wordpresstemporal.com\/amorpazycaridad.es\/#website"},"primaryImageOfPage":{"@id":"https:\/\/amorpazy-cp515.wordpresstemporal.com\/amorpazycaridad.es\/bienaventurados-los-pobres-de-espiritu\/#primaryimage"},"image":{"@id":"https:\/\/amorpazy-cp515.wordpresstemporal.com\/amorpazycaridad.es\/bienaventurados-los-pobres-de-espiritu\/#primaryimage"},"thumbnailUrl":"https:\/\/amorpazy-cp515.wordpresstemporal.com\/amorpazycaridad.es\/wp-content\/uploads\/2015\/07\/humildad-2.jpg","datePublished":"2015-07-21T05:44:30+00:00","breadcrumb":{"@id":"https:\/\/amorpazy-cp515.wordpresstemporal.com\/amorpazycaridad.es\/bienaventurados-los-pobres-de-espiritu\/#breadcrumb"},"inLanguage":"es","potentialAction":[{"@type":"ReadAction","target":["https:\/\/amorpazy-cp515.wordpresstemporal.com\/amorpazycaridad.es\/bienaventurados-los-pobres-de-espiritu\/"]}]},{"@type":"ImageObject","inLanguage":"es","@id":"https:\/\/amorpazy-cp515.wordpresstemporal.com\/amorpazycaridad.es\/bienaventurados-los-pobres-de-espiritu\/#primaryimage","url":"https:\/\/amorpazy-cp515.wordpresstemporal.com\/amorpazycaridad.es\/wp-content\/uploads\/2015\/07\/humildad-2.jpg","contentUrl":"https:\/\/amorpazy-cp515.wordpresstemporal.com\/amorpazycaridad.es\/wp-content\/uploads\/2015\/07\/humildad-2.jpg","width":750,"height":350},{"@type":"BreadcrumbList","@id":"https:\/\/amorpazy-cp515.wordpresstemporal.com\/amorpazycaridad.es\/bienaventurados-los-pobres-de-espiritu\/#breadcrumb","itemListElement":[{"@type":"ListItem","position":1,"name":"Portada","item":"https:\/\/amorpazy-cp515.wordpresstemporal.com\/amorpazycaridad.es\/"},{"@type":"ListItem","position":2,"name":"\u201cBienaventurados los pobres de esp\u00edritu\u201d"}]},{"@type":"WebSite","@id":"https:\/\/amorpazy-cp515.wordpresstemporal.com\/amorpazycaridad.es\/#website","url":"https:\/\/amorpazy-cp515.wordpresstemporal.com\/amorpazycaridad.es\/","name":"Amor, paz caridad","description":"Conocimiento espiritual, espiritismo, espiritualismo, leyes universales, m\u00e1s all\u00e1, vida despu\u00e9s de la vida,","publisher":{"@id":"https:\/\/amorpazy-cp515.wordpresstemporal.com\/amorpazycaridad.es\/#organization"},"potentialAction":[{"@type":"SearchAction","target":{"@type":"EntryPoint","urlTemplate":"https:\/\/amorpazy-cp515.wordpresstemporal.com\/amorpazycaridad.es\/?s={search_term_string}"},"query-input":{"@type":"PropertyValueSpecification","valueRequired":true,"valueName":"search_term_string"}}],"inLanguage":"es"},{"@type":"Organization","@id":"https:\/\/amorpazy-cp515.wordpresstemporal.com\/amorpazycaridad.es\/#organization","name":"Asociaci\u00f3n de Estudios Espirituales Grupo Villena","url":"https:\/\/amorpazy-cp515.wordpresstemporal.com\/amorpazycaridad.es\/","logo":{"@type":"ImageObject","inLanguage":"es","@id":"https:\/\/amorpazy-cp515.wordpresstemporal.com\/amorpazycaridad.es\/#\/schema\/logo\/image\/","url":"https:\/\/amorpazycaridad.es\/wp-content\/uploads\/2015\/01\/logo-fav-e1420247830294.jpg","contentUrl":"https:\/\/amorpazycaridad.es\/wp-content\/uploads\/2015\/01\/logo-fav-e1420247830294.jpg","width":144,"height":144,"caption":"Asociaci\u00f3n de Estudios Espirituales Grupo Villena"},"image":{"@id":"https:\/\/amorpazy-cp515.wordpresstemporal.com\/amorpazycaridad.es\/#\/schema\/logo\/image\/"},"sameAs":["http:\/\/www.facebook.com\/pages\/Amor-paz-y-caridad\/1594978604096866","https:\/\/x.com\/amorpazycaridad","https:\/\/es.pinterest.com\/amorpazycaridad\/","https:\/\/www.youtube.com\/channel\/UC1GvDIDCLoL02SzOD7NJdrA"]},{"@type":"Person","@id":"https:\/\/amorpazy-cp515.wordpresstemporal.com\/amorpazycaridad.es\/#\/schema\/person\/6f0cedb316ce549a85d79dba9ebb353e","name":"Jos\u00e9 Manuel Meseguer Clemente","image":{"@type":"ImageObject","inLanguage":"es","@id":"https:\/\/amorpazycaridad.es\/wp-content\/uploads\/2017\/11\/Archivo-1-11-17-12-31-35-96x96.jpegfd114e27cec70eafcf7bb076099603b6","url":"https:\/\/amorpazycaridad.es\/wp-content\/uploads\/2017\/11\/Archivo-1-11-17-12-31-35-96x96.jpeg","contentUrl":"https:\/\/amorpazycaridad.es\/wp-content\/uploads\/2017\/11\/Archivo-1-11-17-12-31-35-96x96.jpeg","caption":"Jos\u00e9 Manuel Meseguer Clemente"},"description":"Jose Manuel Meseguer Clemente . Profesionalmente se dedica al Transporte Mar\u00edtimo. Autodidacta, divulgador y escritor. Como miembro del Grupo Villena desde hace m\u00e1s de 30 a\u00f1os, ha ofrecido conferencias y participado en diversos eventos, simposios y congresos, tanto nacionales como internacionales. Actualmente es redactor de la revista \u201cAmor Paz y Caridad\u201d, donde mensualmente publica art\u00edculos de inter\u00e9s y permanente actualidad. Adem\u00e1s, es socio colaborador de SEDE (Sociedad Espa\u00f1ola de Divulgadores Esp\u00edritas).","sameAs":["http:\/\/www.amorpazycaridad.com"],"url":"https:\/\/amorpazy-cp515.wordpresstemporal.com\/amorpazycaridad.es\/author\/jose-manuel\/"}]}},"authors":[{"term_id":408,"user_id":0,"is_guest":1,"slug":"cap-jose-manuel","display_name":"Jose Manuel","avatar_url":"https:\/\/secure.gravatar.com\/avatar\/?s=96&d=mm&r=g","0":null,"1":"","2":"","3":"","4":"","5":"","6":"","7":"","8":""}],"_links":{"self":[{"href":"https:\/\/amorpazy-cp515.wordpresstemporal.com\/amorpazycaridad.es\/wp-json\/wp\/v2\/posts\/3885","targetHints":{"allow":["GET"]}}],"collection":[{"href":"https:\/\/amorpazy-cp515.wordpresstemporal.com\/amorpazycaridad.es\/wp-json\/wp\/v2\/posts"}],"about":[{"href":"https:\/\/amorpazy-cp515.wordpresstemporal.com\/amorpazycaridad.es\/wp-json\/wp\/v2\/types\/post"}],"author":[{"embeddable":true,"href":"https:\/\/amorpazy-cp515.wordpresstemporal.com\/amorpazycaridad.es\/wp-json\/wp\/v2\/users\/5"}],"replies":[{"embeddable":true,"href":"https:\/\/amorpazy-cp515.wordpresstemporal.com\/amorpazycaridad.es\/wp-json\/wp\/v2\/comments?post=3885"}],"version-history":[{"count":4,"href":"https:\/\/amorpazy-cp515.wordpresstemporal.com\/amorpazycaridad.es\/wp-json\/wp\/v2\/posts\/3885\/revisions"}],"predecessor-version":[{"id":3914,"href":"https:\/\/amorpazy-cp515.wordpresstemporal.com\/amorpazycaridad.es\/wp-json\/wp\/v2\/posts\/3885\/revisions\/3914"}],"wp:featuredmedia":[{"embeddable":true,"href":"https:\/\/amorpazy-cp515.wordpresstemporal.com\/amorpazycaridad.es\/wp-json\/wp\/v2\/media\/3913"}],"wp:attachment":[{"href":"https:\/\/amorpazy-cp515.wordpresstemporal.com\/amorpazycaridad.es\/wp-json\/wp\/v2\/media?parent=3885"}],"wp:term":[{"taxonomy":"category","embeddable":true,"href":"https:\/\/amorpazy-cp515.wordpresstemporal.com\/amorpazycaridad.es\/wp-json\/wp\/v2\/categories?post=3885"},{"taxonomy":"post_tag","embeddable":true,"href":"https:\/\/amorpazy-cp515.wordpresstemporal.com\/amorpazycaridad.es\/wp-json\/wp\/v2\/tags?post=3885"},{"taxonomy":"author","embeddable":true,"href":"https:\/\/amorpazy-cp515.wordpresstemporal.com\/amorpazycaridad.es\/wp-json\/wp\/v2\/ppma_author?post=3885"}],"curies":[{"name":"wp","href":"https:\/\/api.w.org\/{rel}","templated":true}]}}