{"id":380,"date":"2012-01-23T17:54:00","date_gmt":"2012-01-23T17:54:00","guid":{"rendered":"https:\/\/amorpazycaridad.es\/uncategorized\/hablemos-de-5\/"},"modified":"2015-05-19T18:39:26","modified_gmt":"2015-05-19T17:39:26","slug":"es-posible-el-fenomeno-ovni","status":"publish","type":"post","link":"https:\/\/amorpazy-cp515.wordpresstemporal.com\/amorpazycaridad.es\/es-posible-el-fenomeno-ovni\/","title":{"rendered":"\u00bfES POSIBLE EL FEN\u00d3MENO OVNI?"},"content":{"rendered":"<div style=\"text-align: center;\"><\/div>\n<div style=\"text-align: justify;\"><span style=\"font-size: large;\">\u00a0<\/span><\/div>\n<div style=\"text-align: justify;\"><span style=\"font-size: large;\"><i>\u00a0 Con mucha frecuencia el concepto O.V.N.I. y Extraterrestre se entremezcla con aspectos y tendencias muy variadas, que son motivo de amplias pol\u00e9micas. No vamos a abordar en este comentario si esa relaci\u00f3n es consecuente, puesto que llegar a tal <\/i><\/span><br \/>\n<a name=\"more\"><\/a><span style=\"font-size: large;\"><i>conclusi\u00f3n deber\u00eda estar precedida de unos razonamientos suficientemente amplios y l\u00f3gicos, que nos permitieran asimilar esa correlaci\u00f3n del fen\u00f3meno.\u00a0<\/i><\/span><\/div>\n<div style=\"text-align: justify;\"><span style=\"font-size: large;\"><i>\u00a0<\/i><\/span><\/div>\n<div style=\"text-align: justify;\"><span style=\"font-size: large;\"><i>\u00a0 Vamos a intentar argumentar algunas hip\u00f3tesis que nos permitan acercarnos al estudio y an\u00e1lisis de este fen\u00f3meno sin prevenciones, pero tambi\u00e9n sin fanatismos, la prevenci\u00f3n nos llevar\u00eda a cerrar en parte esa posible lucidez que todo an\u00e1lisis razonado permite, y que sin lugar a duda es la fuente y el motor que anima todo el progreso humano. As\u00ed mismo la prevenci\u00f3n nos conducir\u00eda a una tendencia de reserva tan acusada, que obstaculizar\u00eda sistem\u00e1ticamente cualquier opci\u00f3n que ante nosotros se nos planteara. Por otra parte, el fanatismo es todav\u00eda peor enemigo, pues deja cerrada todas las puertas al di\u00e1logo y la sensatez, no permitiendo que se argumente nada contrario a lo que ya se tiene establecido como verdad absoluta e incontrovertible.\u00a0<\/i><\/span><\/div>\n<div style=\"text-align: justify;\"><span style=\"font-size: large;\"><i>\u00a0<\/i><\/span><\/div>\n<div style=\"text-align: justify;\"><i><span style=\"font-size: large;\">\u00a0 Partiendo pues de la premisa de que el razonamiento es preciso para avanzar; de que la duda es l\u00f3gica para no aceptar inconsecuentemente toda idea que se nos presente, y de que el fanatismo nos conducir\u00eda a una posici\u00f3n de extremismo que todo ideal sensato deplora y rechaza, pasaremos a esbozar algunas teor\u00edas que son del dominio com\u00fan, por si su estudio nos pudiera conducir a una confirmaci\u00f3n de nuestras creencias, o por el contrario nos permitiera la posibilidad de un nuevo replanteamiento, quiz\u00e1s analizado desde un punto de vista diferente al que en su momento\u00a0<\/span><span style=\"font-size: large;\">utilizamos.\u00a0<\/span><\/i><\/div>\n<div style=\"text-align: justify;\"><span style=\"font-size: large;\"><i>\u00a0<\/i><\/span><\/div>\n<div style=\"text-align: justify;\"><span style=\"font-size: large;\"><i>\u00a0 Sobre el fen\u00f3meno O.V.N.I. la ciencia est\u00e1 desplegando un gran inter\u00e9s; prueba inequ\u00edvoca de ello es la gran proliferaci\u00f3n de estudiosos del tema, que abarcan un amplio sector de todas las ramas del saber. Si bien es cierto que no existe una unificaci\u00f3n de criterios, es m\u00e1s, la pol\u00e9mica sobre si estos aspectos son realmente dignos de estudios o no, est\u00e1 todav\u00eda entablada, hay un hecho que merece resaltarse como es, que de una forma paulatina van acerc\u00e1ndose m\u00e1s curiosos al tema, en lugar de perder inter\u00e9s, como era de presumir. Qui\u00e9rese decir que algo hay, o se intuye que de su estudio puede aparecer algo interesante para la humanidad pues de lo contrario, hombres de ciencia con un prestigio y unos campos de trabajo muy amplios, no perder\u00edan el tiempo en juegos de ciencia-ficci\u00f3n.\u00a0<\/i><\/span><\/div>\n<div style=\"text-align: justify;\"><span style=\"font-size: large;\"><i>\u00a0<\/i><\/span><\/div>\n<div style=\"text-align: justify;\"><span style=\"font-size: large;\"><i>\u00a0 \u00bfC\u00f3mo es posible que aumente el inter\u00e9s por este tema, cuando se intenta desprestigiarlo por diversos estamentos sociales? \u00bfC\u00f3mo es posible que acapare la atenci\u00f3n de muchos millones de humamos? \u00bfC\u00f3mo es posible que miles de personas en diferentes puntos de nuestro planeta coincidan en testimonios? \u00bfVerdaderamente pesa sobre la humanidad una oleada de alucinaciones masivas que puedan alterar nuestra mente? \u00bfEs posible que personas de diferente concepci\u00f3n intelectual y religiosa, con diferentes grados sociales y culturas dispares, puedan coincidir en la afirmaci\u00f3n de un fen\u00f3meno todav\u00eda no demostrado oficialmente?.\u00a0<\/i><\/span><\/div>\n<div style=\"text-align: justify;\"><span style=\"font-size: large;\"><i>\u00a0<\/i><\/span><\/div>\n<div style=\"text-align: justify;\"><span style=\"font-size: large;\"><i>\u00a0 Quiz\u00e1s ser\u00eda conveniente analizar cuando el fen\u00f3meno O.V.N.I. comenz\u00f3 a acaparar la atenci\u00f3n de una forma masiva y espectacular, prescindiendo en estos momentos de la posible aparici\u00f3n en la Tierra en otras \u00e9pocas y circunstancias, pues su estudio ser\u00eda mucho m\u00e1s complejo y dif\u00edcil, dada la ausencia de pruebas fidedignas, podr\u00edamos plantearnos si pudiera haber alguna peculiaridad que nos permitiera hacer m\u00e1s comprensible la aceptaci\u00f3n de un fen\u00f3meno, que a todas luces, en \u00e9pocas anteriores escapaban a la l\u00f3gica y a la raz\u00f3n.\u00a0<\/i><\/span><\/div>\n<div style=\"text-align: justify;\"><span style=\"font-size: large;\"><i>\u00a0<\/i><\/span><\/div>\n<div style=\"text-align: justify;\"><span style=\"font-size: large;\"><i>\u00a0Tambi\u00e9n ser\u00eda interesante conocer la opini\u00f3n de algunos estudiosos, as\u00ed como sus posibles pruebas, para de esta forma poder ir colocando las piezas en un hipot\u00e9tico tablero, por si en alg\u00fan momento pudieran adoptar alguna determinada forma y conducirnos a un esclarecimiento de ideas, que fueran de inter\u00e9s com\u00fan, o bien, sencillamente, satisfacer nuestra inquietud interior.\u00a0<\/i><\/span><\/div>\n<div style=\"text-align: justify;\"><span style=\"font-size: large;\"><i>\u00a0<\/i><\/span><\/div>\n<div style=\"text-align: justify;\"><span style=\"font-size: large;\"><i>\u00a0 Es obvio decir, que no existe ninguna pretensi\u00f3n por nuestra parte, sino simplemente el deseo de exponer unas ideas y criterios que pueden ser aceptados o no impulsados por unas vivencias de nuestro tiempo que entendemos deben ser examinados por todos, por si de su estudio, pudiera derivarse alguna pista que nos condujera a la composici\u00f3n del rompecabezas que en estos momentos est\u00e1 sin completar.\u00a0<\/i><\/span><\/div>\n<div style=\"text-align: justify;\"><span style=\"font-size: large;\"><i>\u00a0<\/i><\/span><\/div>\n<div style=\"text-align: justify;\"><span style=\"font-size: large;\"><i>\u00a0 As\u00ed mismo, entendemos que el respeto hacia todas las instituciones e ideas debe ser total y absoluto, como punto de partida esencial y \u00fanica v\u00eda posible para un entendimiento y colaboraci\u00f3n.\u00a0<\/i><\/span><\/div>\n<div style=\"text-align: justify;\"><span style=\"font-size: large;\"><i>\u00a0<\/i><\/span><\/div>\n<div style=\"text-align: justify;\"><span style=\"font-size: large;\"><i>\u00a0 En pr\u00f3ximos n\u00fameros abordaremos esta tem\u00e1tica, siempre guiados por la ilusi\u00f3n de ser \u00fatiles a la sociedad, aportando nuestro granito de arena, y regidos por las normas de convivencia y comprensi\u00f3n ya expuestas.\u00a0<\/i><\/span><\/div>\n<div style=\"text-align: justify;\"><span style=\"font-size: large;\">\u00a0<\/span><\/div>\n<div style=\"text-align: justify;\"><span style=\"font-size: large;\">\u00a0<\/span><\/div>\n<div style=\"text-align: justify;\"><span style=\"font-size: large;\">\u00a0<\/span><\/div>\n<div style=\"text-align: right;\"><span style=\"font-size: large;\">REDACCI\u00d3N<\/span><\/div>\n<p>&nbsp;<\/p>\n","protected":false},"excerpt":{"rendered":"<p>\u00a0 \u00a0 Con mucha frecuencia el concepto O.V.N.I. y Extraterrestre se entremezcla con aspectos y tendencias muy variadas, que son motivo de amplias pol\u00e9micas. No vamos a abordar en este comentario si esa relaci\u00f3n es consecuente, puesto que llegar a tal conclusi\u00f3n deber\u00eda estar precedida de unos razonamientos suficientemente amplios y l\u00f3gicos, que nos permitieran [&hellip;]<\/p>\n","protected":false},"author":10,"featured_media":0,"comment_status":"open","ping_status":"open","sticky":false,"template":"","format":"standard","meta":{"tdm_status":"","tdm_grid_status":"","footnotes":""},"categories":[27],"tags":[1605,2229,1606,1499],"ppma_author":[520],"class_list":{"0":"post-380","1":"post","2":"type-post","3":"status-publish","4":"format-standard","6":"category-hablemos-de","7":"tag-es-posible-el-fenomeno-ovni","8":"tag-extraterrestres","9":"tag-fenomeno-ovni-y-la-ciencia","10":"tag-hablemos-de-3"},"yoast_head":"<!-- This site is optimized with the Yoast SEO plugin v27.7 - https:\/\/yoast.com\/product\/yoast-seo-wordpress\/ -->\n<title>\u00bfES POSIBLE EL FEN\u00d3MENO OVNI? | Amor, paz caridad<\/title>\n<meta name=\"robots\" content=\"index, follow, max-snippet:-1, max-image-preview:large, max-video-preview:-1\" \/>\n<link rel=\"canonical\" href=\"https:\/\/amorpazycaridad.es\/es-posible-el-fenomeno-ovni\/\" \/>\n<meta property=\"og:locale\" content=\"es_ES\" \/>\n<meta property=\"og:type\" content=\"article\" \/>\n<meta property=\"og:title\" content=\"\u00bfES POSIBLE EL FEN\u00d3MENO OVNI? | Amor, paz caridad\" \/>\n<meta property=\"og:description\" content=\"\u00a0 \u00a0 Con mucha frecuencia el concepto O.V.N.I. y Extraterrestre se entremezcla con aspectos y tendencias muy variadas, que son motivo de amplias pol\u00e9micas. No vamos a abordar en este comentario si esa relaci\u00f3n es consecuente, puesto que llegar a tal conclusi\u00f3n deber\u00eda estar precedida de unos razonamientos suficientemente amplios y l\u00f3gicos, que nos permitieran [&hellip;]\" \/>\n<meta property=\"og:url\" content=\"https:\/\/amorpazycaridad.es\/es-posible-el-fenomeno-ovni\/\" \/>\n<meta property=\"og:site_name\" content=\"Amor, paz caridad\" \/>\n<meta property=\"article:publisher\" content=\"http:\/\/www.facebook.com\/pages\/Amor-paz-y-caridad\/1594978604096866\" \/>\n<meta property=\"article:published_time\" content=\"2012-01-23T17:54:00+00:00\" \/>\n<meta property=\"article:modified_time\" content=\"2015-05-19T17:39:26+00:00\" \/>\n<meta name=\"author\" content=\"Redaccion revista\" \/>\n<meta name=\"twitter:card\" content=\"summary_large_image\" \/>\n<meta name=\"twitter:creator\" content=\"@amorpazycaridad\" \/>\n<meta name=\"twitter:site\" content=\"@amorpazycaridad\" \/>\n<meta name=\"twitter:label1\" content=\"Escrito por\" \/>\n\t<meta name=\"twitter:data1\" content=\"Redaccion APC\" \/>\n\t<meta name=\"twitter:label2\" content=\"Tiempo de lectura\" \/>\n\t<meta name=\"twitter:data2\" content=\"4 minutos\" \/>\n<script type=\"application\/ld+json\" class=\"yoast-schema-graph\">{\"@context\":\"https:\\\/\\\/schema.org\",\"@graph\":[{\"@type\":\"Article\",\"@id\":\"https:\\\/\\\/amorpazycaridad.es\\\/es-posible-el-fenomeno-ovni\\\/#article\",\"isPartOf\":{\"@id\":\"https:\\\/\\\/amorpazycaridad.es\\\/es-posible-el-fenomeno-ovni\\\/\"},\"author\":{\"name\":\"Redaccion APC\",\"@id\":\"https:\\\/\\\/amorpazy-cp515.wordpresstemporal.com\\\/amorpazycaridad.es\\\/#\\\/schema\\\/person\\\/f6b5c8408dab7f2821df157f3b51ce47\"},\"headline\":\"\u00bfES POSIBLE EL FEN\u00d3MENO OVNI?\",\"datePublished\":\"2012-01-23T17:54:00+00:00\",\"dateModified\":\"2015-05-19T17:39:26+00:00\",\"mainEntityOfPage\":{\"@id\":\"https:\\\/\\\/amorpazycaridad.es\\\/es-posible-el-fenomeno-ovni\\\/\"},\"wordCount\":867,\"commentCount\":0,\"publisher\":{\"@id\":\"https:\\\/\\\/amorpazy-cp515.wordpresstemporal.com\\\/amorpazycaridad.es\\\/#organization\"},\"keywords\":[\"\u00bfES POSIBLE EL FEN\u00d3MENO OVNI?\",\"Extraterrestres\",\"Fenomeno OVNI y la ciencia\",\"Hablemos de....\"],\"articleSection\":[\"Hablemos de...\"],\"inLanguage\":\"es\",\"potentialAction\":[{\"@type\":\"CommentAction\",\"name\":\"Comment\",\"target\":[\"https:\\\/\\\/amorpazycaridad.es\\\/es-posible-el-fenomeno-ovni\\\/#respond\"]}]},{\"@type\":\"WebPage\",\"@id\":\"https:\\\/\\\/amorpazycaridad.es\\\/es-posible-el-fenomeno-ovni\\\/\",\"url\":\"https:\\\/\\\/amorpazycaridad.es\\\/es-posible-el-fenomeno-ovni\\\/\",\"name\":\"\u00bfES POSIBLE EL FEN\u00d3MENO OVNI? | Amor, paz caridad\",\"isPartOf\":{\"@id\":\"https:\\\/\\\/amorpazy-cp515.wordpresstemporal.com\\\/amorpazycaridad.es\\\/#website\"},\"datePublished\":\"2012-01-23T17:54:00+00:00\",\"dateModified\":\"2015-05-19T17:39:26+00:00\",\"breadcrumb\":{\"@id\":\"https:\\\/\\\/amorpazycaridad.es\\\/es-posible-el-fenomeno-ovni\\\/#breadcrumb\"},\"inLanguage\":\"es\",\"potentialAction\":[{\"@type\":\"ReadAction\",\"target\":[\"https:\\\/\\\/amorpazycaridad.es\\\/es-posible-el-fenomeno-ovni\\\/\"]}]},{\"@type\":\"BreadcrumbList\",\"@id\":\"https:\\\/\\\/amorpazycaridad.es\\\/es-posible-el-fenomeno-ovni\\\/#breadcrumb\",\"itemListElement\":[{\"@type\":\"ListItem\",\"position\":1,\"name\":\"Portada\",\"item\":\"https:\\\/\\\/amorpazy-cp515.wordpresstemporal.com\\\/amorpazycaridad.es\\\/\"},{\"@type\":\"ListItem\",\"position\":2,\"name\":\"\u00bfES POSIBLE EL FEN\u00d3MENO OVNI?\"}]},{\"@type\":\"WebSite\",\"@id\":\"https:\\\/\\\/amorpazy-cp515.wordpresstemporal.com\\\/amorpazycaridad.es\\\/#website\",\"url\":\"https:\\\/\\\/amorpazy-cp515.wordpresstemporal.com\\\/amorpazycaridad.es\\\/\",\"name\":\"Amor, paz caridad\",\"description\":\"Conocimiento espiritual, espiritismo, espiritualismo, leyes universales, m\u00e1s all\u00e1, vida despu\u00e9s de la vida,\",\"publisher\":{\"@id\":\"https:\\\/\\\/amorpazy-cp515.wordpresstemporal.com\\\/amorpazycaridad.es\\\/#organization\"},\"potentialAction\":[{\"@type\":\"SearchAction\",\"target\":{\"@type\":\"EntryPoint\",\"urlTemplate\":\"https:\\\/\\\/amorpazy-cp515.wordpresstemporal.com\\\/amorpazycaridad.es\\\/?s={search_term_string}\"},\"query-input\":{\"@type\":\"PropertyValueSpecification\",\"valueRequired\":true,\"valueName\":\"search_term_string\"}}],\"inLanguage\":\"es\"},{\"@type\":\"Organization\",\"@id\":\"https:\\\/\\\/amorpazy-cp515.wordpresstemporal.com\\\/amorpazycaridad.es\\\/#organization\",\"name\":\"Asociaci\u00f3n de Estudios Espirituales Grupo Villena\",\"url\":\"https:\\\/\\\/amorpazy-cp515.wordpresstemporal.com\\\/amorpazycaridad.es\\\/\",\"logo\":{\"@type\":\"ImageObject\",\"inLanguage\":\"es\",\"@id\":\"https:\\\/\\\/amorpazy-cp515.wordpresstemporal.com\\\/amorpazycaridad.es\\\/#\\\/schema\\\/logo\\\/image\\\/\",\"url\":\"https:\\\/\\\/amorpazycaridad.es\\\/wp-content\\\/uploads\\\/2015\\\/01\\\/logo-fav-e1420247830294.jpg\",\"contentUrl\":\"https:\\\/\\\/amorpazycaridad.es\\\/wp-content\\\/uploads\\\/2015\\\/01\\\/logo-fav-e1420247830294.jpg\",\"width\":144,\"height\":144,\"caption\":\"Asociaci\u00f3n de Estudios Espirituales Grupo Villena\"},\"image\":{\"@id\":\"https:\\\/\\\/amorpazy-cp515.wordpresstemporal.com\\\/amorpazycaridad.es\\\/#\\\/schema\\\/logo\\\/image\\\/\"},\"sameAs\":[\"http:\\\/\\\/www.facebook.com\\\/pages\\\/Amor-paz-y-caridad\\\/1594978604096866\",\"https:\\\/\\\/x.com\\\/amorpazycaridad\",\"https:\\\/\\\/es.pinterest.com\\\/amorpazycaridad\\\/\",\"https:\\\/\\\/www.youtube.com\\\/channel\\\/UC1GvDIDCLoL02SzOD7NJdrA\"]},{\"@type\":\"Person\",\"@id\":\"https:\\\/\\\/amorpazy-cp515.wordpresstemporal.com\\\/amorpazycaridad.es\\\/#\\\/schema\\\/person\\\/f6b5c8408dab7f2821df157f3b51ce47\",\"name\":\"Redaccion APC\",\"image\":{\"@type\":\"ImageObject\",\"inLanguage\":\"es\",\"@id\":\"https:\\\/\\\/amorpazycaridad.es\\\/wp-content\\\/uploads\\\/2015\\\/01\\\/icono-114-96x96.jpg73ca1ff604f9e7c7607bbbfa84b61c44\",\"url\":\"https:\\\/\\\/amorpazycaridad.es\\\/wp-content\\\/uploads\\\/2015\\\/01\\\/icono-114-96x96.jpg\",\"contentUrl\":\"https:\\\/\\\/amorpazycaridad.es\\\/wp-content\\\/uploads\\\/2015\\\/01\\\/icono-114-96x96.jpg\",\"caption\":\"Redaccion APC\"},\"sameAs\":[\"http:\\\/\\\/www.amorpazycaridad.com\"],\"url\":\"https:\\\/\\\/amorpazy-cp515.wordpresstemporal.com\\\/amorpazycaridad.es\\\/author\\\/redaccion-revista\\\/\"}]}<\/script>\n<!-- \/ Yoast SEO plugin. -->","yoast_head_json":{"title":"\u00bfES POSIBLE EL FEN\u00d3MENO OVNI? | Amor, paz caridad","robots":{"index":"index","follow":"follow","max-snippet":"max-snippet:-1","max-image-preview":"max-image-preview:large","max-video-preview":"max-video-preview:-1"},"canonical":"https:\/\/amorpazycaridad.es\/es-posible-el-fenomeno-ovni\/","og_locale":"es_ES","og_type":"article","og_title":"\u00bfES POSIBLE EL FEN\u00d3MENO OVNI? | Amor, paz caridad","og_description":"\u00a0 \u00a0 Con mucha frecuencia el concepto O.V.N.I. y Extraterrestre se entremezcla con aspectos y tendencias muy variadas, que son motivo de amplias pol\u00e9micas. No vamos a abordar en este comentario si esa relaci\u00f3n es consecuente, puesto que llegar a tal conclusi\u00f3n deber\u00eda estar precedida de unos razonamientos suficientemente amplios y l\u00f3gicos, que nos permitieran [&hellip;]","og_url":"https:\/\/amorpazycaridad.es\/es-posible-el-fenomeno-ovni\/","og_site_name":"Amor, paz caridad","article_publisher":"http:\/\/www.facebook.com\/pages\/Amor-paz-y-caridad\/1594978604096866","article_published_time":"2012-01-23T17:54:00+00:00","article_modified_time":"2015-05-19T17:39:26+00:00","author":"Redaccion revista","twitter_card":"summary_large_image","twitter_creator":"@amorpazycaridad","twitter_site":"@amorpazycaridad","twitter_misc":{"Escrito por":"Redaccion APC","Tiempo de lectura":"4 minutos"},"schema":{"@context":"https:\/\/schema.org","@graph":[{"@type":"Article","@id":"https:\/\/amorpazycaridad.es\/es-posible-el-fenomeno-ovni\/#article","isPartOf":{"@id":"https:\/\/amorpazycaridad.es\/es-posible-el-fenomeno-ovni\/"},"author":{"name":"Redaccion APC","@id":"https:\/\/amorpazy-cp515.wordpresstemporal.com\/amorpazycaridad.es\/#\/schema\/person\/f6b5c8408dab7f2821df157f3b51ce47"},"headline":"\u00bfES POSIBLE EL FEN\u00d3MENO OVNI?","datePublished":"2012-01-23T17:54:00+00:00","dateModified":"2015-05-19T17:39:26+00:00","mainEntityOfPage":{"@id":"https:\/\/amorpazycaridad.es\/es-posible-el-fenomeno-ovni\/"},"wordCount":867,"commentCount":0,"publisher":{"@id":"https:\/\/amorpazy-cp515.wordpresstemporal.com\/amorpazycaridad.es\/#organization"},"keywords":["\u00bfES POSIBLE EL FEN\u00d3MENO OVNI?","Extraterrestres","Fenomeno OVNI y la ciencia","Hablemos de...."],"articleSection":["Hablemos de..."],"inLanguage":"es","potentialAction":[{"@type":"CommentAction","name":"Comment","target":["https:\/\/amorpazycaridad.es\/es-posible-el-fenomeno-ovni\/#respond"]}]},{"@type":"WebPage","@id":"https:\/\/amorpazycaridad.es\/es-posible-el-fenomeno-ovni\/","url":"https:\/\/amorpazycaridad.es\/es-posible-el-fenomeno-ovni\/","name":"\u00bfES POSIBLE EL FEN\u00d3MENO OVNI? | Amor, paz caridad","isPartOf":{"@id":"https:\/\/amorpazy-cp515.wordpresstemporal.com\/amorpazycaridad.es\/#website"},"datePublished":"2012-01-23T17:54:00+00:00","dateModified":"2015-05-19T17:39:26+00:00","breadcrumb":{"@id":"https:\/\/amorpazycaridad.es\/es-posible-el-fenomeno-ovni\/#breadcrumb"},"inLanguage":"es","potentialAction":[{"@type":"ReadAction","target":["https:\/\/amorpazycaridad.es\/es-posible-el-fenomeno-ovni\/"]}]},{"@type":"BreadcrumbList","@id":"https:\/\/amorpazycaridad.es\/es-posible-el-fenomeno-ovni\/#breadcrumb","itemListElement":[{"@type":"ListItem","position":1,"name":"Portada","item":"https:\/\/amorpazy-cp515.wordpresstemporal.com\/amorpazycaridad.es\/"},{"@type":"ListItem","position":2,"name":"\u00bfES POSIBLE EL FEN\u00d3MENO OVNI?"}]},{"@type":"WebSite","@id":"https:\/\/amorpazy-cp515.wordpresstemporal.com\/amorpazycaridad.es\/#website","url":"https:\/\/amorpazy-cp515.wordpresstemporal.com\/amorpazycaridad.es\/","name":"Amor, paz caridad","description":"Conocimiento espiritual, espiritismo, espiritualismo, leyes universales, m\u00e1s all\u00e1, vida despu\u00e9s de la vida,","publisher":{"@id":"https:\/\/amorpazy-cp515.wordpresstemporal.com\/amorpazycaridad.es\/#organization"},"potentialAction":[{"@type":"SearchAction","target":{"@type":"EntryPoint","urlTemplate":"https:\/\/amorpazy-cp515.wordpresstemporal.com\/amorpazycaridad.es\/?s={search_term_string}"},"query-input":{"@type":"PropertyValueSpecification","valueRequired":true,"valueName":"search_term_string"}}],"inLanguage":"es"},{"@type":"Organization","@id":"https:\/\/amorpazy-cp515.wordpresstemporal.com\/amorpazycaridad.es\/#organization","name":"Asociaci\u00f3n de Estudios Espirituales Grupo Villena","url":"https:\/\/amorpazy-cp515.wordpresstemporal.com\/amorpazycaridad.es\/","logo":{"@type":"ImageObject","inLanguage":"es","@id":"https:\/\/amorpazy-cp515.wordpresstemporal.com\/amorpazycaridad.es\/#\/schema\/logo\/image\/","url":"https:\/\/amorpazycaridad.es\/wp-content\/uploads\/2015\/01\/logo-fav-e1420247830294.jpg","contentUrl":"https:\/\/amorpazycaridad.es\/wp-content\/uploads\/2015\/01\/logo-fav-e1420247830294.jpg","width":144,"height":144,"caption":"Asociaci\u00f3n de Estudios Espirituales Grupo Villena"},"image":{"@id":"https:\/\/amorpazy-cp515.wordpresstemporal.com\/amorpazycaridad.es\/#\/schema\/logo\/image\/"},"sameAs":["http:\/\/www.facebook.com\/pages\/Amor-paz-y-caridad\/1594978604096866","https:\/\/x.com\/amorpazycaridad","https:\/\/es.pinterest.com\/amorpazycaridad\/","https:\/\/www.youtube.com\/channel\/UC1GvDIDCLoL02SzOD7NJdrA"]},{"@type":"Person","@id":"https:\/\/amorpazy-cp515.wordpresstemporal.com\/amorpazycaridad.es\/#\/schema\/person\/f6b5c8408dab7f2821df157f3b51ce47","name":"Redaccion APC","image":{"@type":"ImageObject","inLanguage":"es","@id":"https:\/\/amorpazycaridad.es\/wp-content\/uploads\/2015\/01\/icono-114-96x96.jpg73ca1ff604f9e7c7607bbbfa84b61c44","url":"https:\/\/amorpazycaridad.es\/wp-content\/uploads\/2015\/01\/icono-114-96x96.jpg","contentUrl":"https:\/\/amorpazycaridad.es\/wp-content\/uploads\/2015\/01\/icono-114-96x96.jpg","caption":"Redaccion APC"},"sameAs":["http:\/\/www.amorpazycaridad.com"],"url":"https:\/\/amorpazy-cp515.wordpresstemporal.com\/amorpazycaridad.es\/author\/redaccion-revista\/"}]}},"authors":[{"term_id":520,"user_id":0,"is_guest":1,"slug":"cap-redaccion-revista","display_name":"Redaccion revista","avatar_url":"https:\/\/secure.gravatar.com\/avatar\/?s=96&d=mm&r=g","0":null,"1":"","2":"","3":"","4":"","5":"","6":"","7":"","8":""}],"_links":{"self":[{"href":"https:\/\/amorpazy-cp515.wordpresstemporal.com\/amorpazycaridad.es\/wp-json\/wp\/v2\/posts\/380","targetHints":{"allow":["GET"]}}],"collection":[{"href":"https:\/\/amorpazy-cp515.wordpresstemporal.com\/amorpazycaridad.es\/wp-json\/wp\/v2\/posts"}],"about":[{"href":"https:\/\/amorpazy-cp515.wordpresstemporal.com\/amorpazycaridad.es\/wp-json\/wp\/v2\/types\/post"}],"author":[{"embeddable":true,"href":"https:\/\/amorpazy-cp515.wordpresstemporal.com\/amorpazycaridad.es\/wp-json\/wp\/v2\/users\/10"}],"replies":[{"embeddable":true,"href":"https:\/\/amorpazy-cp515.wordpresstemporal.com\/amorpazycaridad.es\/wp-json\/wp\/v2\/comments?post=380"}],"version-history":[{"count":2,"href":"https:\/\/amorpazy-cp515.wordpresstemporal.com\/amorpazycaridad.es\/wp-json\/wp\/v2\/posts\/380\/revisions"}],"predecessor-version":[{"id":3680,"href":"https:\/\/amorpazy-cp515.wordpresstemporal.com\/amorpazycaridad.es\/wp-json\/wp\/v2\/posts\/380\/revisions\/3680"}],"wp:attachment":[{"href":"https:\/\/amorpazy-cp515.wordpresstemporal.com\/amorpazycaridad.es\/wp-json\/wp\/v2\/media?parent=380"}],"wp:term":[{"taxonomy":"category","embeddable":true,"href":"https:\/\/amorpazy-cp515.wordpresstemporal.com\/amorpazycaridad.es\/wp-json\/wp\/v2\/categories?post=380"},{"taxonomy":"post_tag","embeddable":true,"href":"https:\/\/amorpazy-cp515.wordpresstemporal.com\/amorpazycaridad.es\/wp-json\/wp\/v2\/tags?post=380"},{"taxonomy":"author","embeddable":true,"href":"https:\/\/amorpazy-cp515.wordpresstemporal.com\/amorpazycaridad.es\/wp-json\/wp\/v2\/ppma_author?post=380"}],"curies":[{"name":"wp","href":"https:\/\/api.w.org\/{rel}","templated":true}]}}