{"id":3772,"date":"2015-06-17T05:46:01","date_gmt":"2015-06-17T04:46:01","guid":{"rendered":"https:\/\/amorpazycaridad.es\/?p=3772"},"modified":"2015-06-17T05:46:01","modified_gmt":"2015-06-17T04:46:01","slug":"bienaventurados-los-afligidos","status":"publish","type":"post","link":"https:\/\/amorpazy-cp515.wordpresstemporal.com\/amorpazycaridad.es\/bienaventurados-los-afligidos\/","title":{"rendered":"\u201cBIENAVENTURADOS LOS AFLIGIDOS\u201d"},"content":{"rendered":"<p style=\"text-align: justify;\">En los mundos de expiaci\u00f3n y prueba como es el nuestro, las aflicciones predominan por encima de cualquier satisfacci\u00f3n de la que el ser humano pueda disfrutar. Incluso podemos decir que los sufrimientos y las pruebas acaparan mayor parte de la existencia humana.<\/p>\n<p style=\"text-align: justify;\">El problema surge cuando no se sufre bien, es decir, cuando no se acepta ese sufrimiento con una \u00abresignaci\u00f3n activa\u00bb, aquella que intenta remediar el dolor f\u00edsico o moral pero acept\u00e1ndolo de buen grado porque espiritualmente as\u00ed se entiende, bien porque se trata de una prueba enviada desde lo Alto, bien porque su origen se encuentra en otra existencia, o tambi\u00e9n puede tratarse de una situaci\u00f3n provocada por la propia persona en esta misma existencia f\u00edsica y por lo tanto es necesario corregir la causa que la origin\u00f3 para que no se vuelva a repetir.<\/p>\n<p style=\"text-align: justify;\">En cualquier caso el discernimiento es vital para asimilar las pruebas que nos manden, o aquellas que nosotros mismos por nuestros errores hayamos podido provocar en base a la ley de acci\u00f3n y reacci\u00f3n o de causa y efecto.<\/p>\n<p style=\"text-align: justify;\">Puede ayudar much\u00edsimo un conocimiento espiritual como es el que nos proporciona el Espiritismo, ya que si se asimilan las grandes leyes universales, como son: Reencarnaci\u00f3n, Afinidad, Ley del Karma, etc&#8230;, y todos aquellos conceptos b\u00e1sicos de la doctrina espirita, podemos tener una visi\u00f3n m\u00e1s amplia de la realidad espiritual a la hora de valorar todas las situaciones.<\/p>\n<p style=\"text-align: justify;\">\u00bfPor qu\u00e9 el Maestro ensalza a los afligidos? Porque cuando se sufre bien, el progreso y la felicidad posterior es enorme, ya que el esp\u00edritu ha superado ya aquel obst\u00e1culo que le imped\u00eda avanzar, report\u00e1ndole mayor fortaleza y claridad espiritual.<\/p>\n<p style=\"text-align: justify;\">El estancamiento surge cuando existe rebeld\u00eda, al no aceptar las pruebas que nos mandan y que hab\u00edamos asumido antes de encarnar. En esos casos aquella situaci\u00f3n dolorosa que pod\u00eda beneficiar al esp\u00edritu se pierde, carece de valor, porque la persona afectada no ha querido comprender y asumir su responsabilidad. En estos casos, no queda m\u00e1s remedio que volver a sufrir la misma prueba, quiz\u00e1s en peores condiciones, hasta que \u00e9sta sea aceptada y asimilada.<\/p>\n<p style=\"text-align: justify;\">Es por ello que soportar un sufrimiento no significa necesariamente su superaci\u00f3n, ya que dependiendo de la actitud que tomemos as\u00ed ser\u00e1n las consecuencias posteriores.<\/p>\n<p style=\"text-align: justify;\">Tambi\u00e9n el sentido de la frase de Jes\u00fas significa, bienaventurados aquellos que, a diferencia de otros que viven en la opulencia, la salud y la felicidad material, se encuentran en la m\u00e1s absoluta pobreza, aquellos cuya enfermedad les imposibilita a desenvolverse como las dem\u00e1s personas sanas, perdiendo poco a poco la ilusi\u00f3n por vivir. Precisamente en esos casos dicho mensaje les transmite esperanza e ilusi\u00f3n, por ello el Maestro los ensalza, para que comprendamos que los verdaderos bienes no se encuentran en la Tierra.<\/p>\n<p style=\"text-align: justify;\">Nos sirve adem\u00e1s para concienciarnos de que la vida f\u00edsica es ef\u00edmera, demasiado corta, no obstante si se afronta con coraje y valor, el premio reservado es verdaderamente extraordinario.<\/p>\n<p style=\"text-align: justify;\">No existe mayor grandeza que la superaci\u00f3n de aquello que nos supone un obst\u00e1culo en nuestro progreso, en ocasiones un lastre del pasado que el esp\u00edritu necesita drenar por medio del sufrimiento para liberarse de ese peso, permitiendo al esp\u00edritu elevarse hacia una verdadera paz y felicidad.<\/p>\n<p style=\"text-align: justify;\">Tambi\u00e9n, con esta m\u00e1xima, el Maestro nos recuerda los compromisos adquiridos antes de encarnar y que son absolutamente necesarios para el esp\u00edritu. Esto se traduce en que durante la vida f\u00edsica, nuestra situaci\u00f3n no es casual, como muy bien sabemos los espiritas y todos los estudiosos del conocimiento espiritual; \u00ablas casualidades no existen\u00bb. Todo procede de unas causas que, a su vez, han provocado unas consecuencias que son necesarias para que el esp\u00edritu trabaje interiormente y asimile. Es por ello, que no podemos achacar nada al azar o la suerte, al menos en aquellas situaciones importantes de la vida.<\/p>\n<p style=\"text-align: justify;\">Al mismo tiempo, considerando el cuadro social de la \u00e9poca que nos ha tocado vivir, de transici\u00f3n planetaria, comprobamos f\u00e1cilmente como los conflictos, las situaciones dolorosas se multiplican por doquier. Ante la falta de un rumbo espiritual, del escepticismo y distanciamiento con respecto a las religiones oficiales, provoca un enfoque de la vida desde un punto de vista puramente material, de inmediatez, creyendo que la felicidad y la superaci\u00f3n de conflictos se consigue colm\u00e1ndonos de posesiones materiales y de la fuga psicol\u00f3gica que suponen las distracciones f\u00fatiles y los placeres mundanos.<\/p>\n<p style=\"text-align: justify;\">\u00a0No entran en los planes de muchas personas, la posibilidad de afrontar grandes contratiempos, bien sean reveses econ\u00f3micos o la falta de salud. Esto es algo que cuando nos visita a nuestro hogar y nos golpea, nos sorprendemos profundamente ante la falta de conocimiento espiritual y de previsi\u00f3n. Entonces muchos quedan como sorprendidos, anonadados, noqueados, y sin capacidad de respuesta. En estas circunstancias pueden aflorar con mucha facilidad, la depresi\u00f3n, la rebeld\u00eda, y hasta incluso, en casos muy extremos, pensamientos de suicidio.<\/p>\n<p style=\"text-align: justify;\">Por otro lado, y ante la disyuntiva actual, los espiritas estamos llamados a jugar un papel importante si somos capaces de vivir la esencia del Evangelio, si demostramos con nuestro ejemplo, m\u00e1s que con los conocimientos adquiridos, que somos capaces de vivir en armon\u00eda y en paz, trabajando los conflictos personales para que no perturben la armon\u00eda y la paz necesaria para caminar, y tambi\u00e9n para demostrar que esp\u00edritus de poca evoluci\u00f3n, como somos la mayor\u00eda, pero con buena voluntad, se pueden sobrellevar y hasta superar las aflicciones con ayuda del pr\u00f3jimo, del compa\u00f1ero que comparte los mismos sentimientos, los mismos anhelos de progreso, y que sirven para reforzar un camino transitorio que estamos obligados a recorrer para beneficio exclusivo de nuestro esp\u00edritu inmortal, en un cuerpo y en unas circunstancias transitorias.<\/p>\n<p style=\"text-align: justify;\">Por tanto, el mensaje del Maestro: \u201cBienaventurados los afligidos\u201d, posee toda la vigencia original. Permanece intacto y con todo su vigor proporcionando la luz necesaria para continuar adelante, sobrellevando todo tipo de situaciones dolorosas que en el camino puedan surgir. Es m\u00e1s, si revisamos la Historia, nos daremos cuenta de que todos los grandes personajes que han hecho algo importante por los dem\u00e1s, sea el caso de Jes\u00fas, Buda, Gandhi, etc&#8230;, \u00a0no han tenido vidas f\u00e1ciles, sino al contrario, llenas de penurias, sufrimientos y dolor.<\/p>\n<p style=\"text-align: justify;\">Seamos pues, fieles ha dicho mensaje, asumiendo la responsabilidad que se nos conf\u00eda, sobre todo, a aquellos que nos consideramos espiritas y tenemos la obligaci\u00f3n moral de ofrecer un ejemplo a la sociedad.<\/p>\n<p>&nbsp;<\/p>\n<p style=\"text-align: right;\"><i>Jose M. Meseguer<\/i><\/p>\n<p style=\"text-align: right;\"><i><br \/>\n\u00a9 2015 Amor, paz y caridad<\/i><\/p>\n","protected":false},"excerpt":{"rendered":"<p>En los mundos de expiaci\u00f3n y prueba como es el nuestro, las aflicciones predominan por encima de cualquier satisfacci\u00f3n de la que el ser humano pueda disfrutar. Incluso podemos decir que los sufrimientos y las pruebas acaparan mayor parte de la existencia humana. El problema surge cuando no se sufre bien, es decir, cuando no [&hellip;]<\/p>\n","protected":false},"author":5,"featured_media":3810,"comment_status":"open","ping_status":"open","sticky":false,"template":"","format":"standard","meta":{"tdm_status":"","tdm_grid_status":"","footnotes":""},"categories":[331],"tags":[1687,524,1686,904,1681,526,1688,1689],"ppma_author":[408],"class_list":{"0":"post-3772","1":"post","2":"type-post","3":"status-publish","4":"format-standard","5":"has-post-thumbnail","7":"category-apartado-espirita","8":"tag-afligidos","9":"tag-apartado-espirita-2","10":"tag-bienaventuranzas","11":"tag-buena-voluntad","12":"tag-dolor","13":"tag-evangelio","14":"tag-grandes-personajes","15":"tag-sufrir-bien"},"yoast_head":"<!-- This site is optimized with the Yoast SEO plugin v27.7 - https:\/\/yoast.com\/product\/yoast-seo-wordpress\/ -->\n<title>\u201cBIENAVENTURADOS LOS AFLIGIDOS\u201d | Amor, paz caridad<\/title>\n<meta name=\"robots\" content=\"index, follow, max-snippet:-1, max-image-preview:large, max-video-preview:-1\" \/>\n<link rel=\"canonical\" href=\"https:\/\/amorpazycaridad.es\/bienaventurados-los-afligidos\/\" \/>\n<meta property=\"og:locale\" content=\"es_ES\" \/>\n<meta property=\"og:type\" content=\"article\" \/>\n<meta property=\"og:title\" content=\"\u201cBIENAVENTURADOS LOS AFLIGIDOS\u201d | Amor, paz caridad\" \/>\n<meta property=\"og:description\" content=\"En los mundos de expiaci\u00f3n y prueba como es el nuestro, las aflicciones predominan por encima de cualquier satisfacci\u00f3n de la que el ser humano pueda disfrutar. Incluso podemos decir que los sufrimientos y las pruebas acaparan mayor parte de la existencia humana. El problema surge cuando no se sufre bien, es decir, cuando no [&hellip;]\" \/>\n<meta property=\"og:url\" content=\"https:\/\/amorpazycaridad.es\/bienaventurados-los-afligidos\/\" \/>\n<meta property=\"og:site_name\" content=\"Amor, paz caridad\" \/>\n<meta property=\"article:publisher\" content=\"http:\/\/www.facebook.com\/pages\/Amor-paz-y-caridad\/1594978604096866\" \/>\n<meta property=\"article:published_time\" content=\"2015-06-17T04:46:01+00:00\" \/>\n<meta property=\"og:image\" content=\"https:\/\/amorpazycaridad.es\/wp-content\/uploads\/2015\/06\/bienaventurados-los-afligidos.jpg\" \/>\n\t<meta property=\"og:image:width\" content=\"750\" \/>\n\t<meta property=\"og:image:height\" content=\"350\" \/>\n\t<meta property=\"og:image:type\" content=\"image\/jpeg\" \/>\n<meta name=\"author\" content=\"Jose Manuel\" \/>\n<meta name=\"twitter:card\" content=\"summary_large_image\" \/>\n<meta name=\"twitter:creator\" content=\"@amorpazycaridad\" \/>\n<meta name=\"twitter:site\" content=\"@amorpazycaridad\" \/>\n<meta name=\"twitter:label1\" content=\"Escrito por\" \/>\n\t<meta name=\"twitter:data1\" content=\"Jos\u00e9 Manuel Meseguer Clemente\" \/>\n\t<meta name=\"twitter:label2\" content=\"Tiempo de lectura\" \/>\n\t<meta name=\"twitter:data2\" content=\"6 minutos\" \/>\n<script type=\"application\/ld+json\" class=\"yoast-schema-graph\">{\"@context\":\"https:\\\/\\\/schema.org\",\"@graph\":[{\"@type\":\"Article\",\"@id\":\"https:\\\/\\\/amorpazycaridad.es\\\/bienaventurados-los-afligidos\\\/#article\",\"isPartOf\":{\"@id\":\"https:\\\/\\\/amorpazycaridad.es\\\/bienaventurados-los-afligidos\\\/\"},\"author\":{\"name\":\"Jos\u00e9 Manuel Meseguer Clemente\",\"@id\":\"https:\\\/\\\/amorpazycaridad.es\\\/#\\\/schema\\\/person\\\/6f0cedb316ce549a85d79dba9ebb353e\"},\"headline\":\"\u201cBIENAVENTURADOS LOS AFLIGIDOS\u201d\",\"datePublished\":\"2015-06-17T04:46:01+00:00\",\"mainEntityOfPage\":{\"@id\":\"https:\\\/\\\/amorpazycaridad.es\\\/bienaventurados-los-afligidos\\\/\"},\"wordCount\":1140,\"commentCount\":0,\"publisher\":{\"@id\":\"https:\\\/\\\/amorpazycaridad.es\\\/#organization\"},\"image\":{\"@id\":\"https:\\\/\\\/amorpazycaridad.es\\\/bienaventurados-los-afligidos\\\/#primaryimage\"},\"thumbnailUrl\":\"https:\\\/\\\/amorpazy-cp515.wordpresstemporal.com\\\/amorpazycaridad.es\\\/wp-content\\\/uploads\\\/2015\\\/06\\\/bienaventurados-los-afligidos.jpg\",\"keywords\":[\"afligidos\",\"APARTADO ESPIRITA\",\"bienaventuranzas\",\"Buena voluntad\",\"dolor\",\"EVANGELIO\",\"grandes personajes\",\"sufrir bien\"],\"articleSection\":[\"Apartado esp\u00edrita\"],\"inLanguage\":\"es\",\"potentialAction\":[{\"@type\":\"CommentAction\",\"name\":\"Comment\",\"target\":[\"https:\\\/\\\/amorpazycaridad.es\\\/bienaventurados-los-afligidos\\\/#respond\"]}]},{\"@type\":\"WebPage\",\"@id\":\"https:\\\/\\\/amorpazycaridad.es\\\/bienaventurados-los-afligidos\\\/\",\"url\":\"https:\\\/\\\/amorpazycaridad.es\\\/bienaventurados-los-afligidos\\\/\",\"name\":\"\u201cBIENAVENTURADOS LOS AFLIGIDOS\u201d | Amor, paz caridad\",\"isPartOf\":{\"@id\":\"https:\\\/\\\/amorpazycaridad.es\\\/#website\"},\"primaryImageOfPage\":{\"@id\":\"https:\\\/\\\/amorpazycaridad.es\\\/bienaventurados-los-afligidos\\\/#primaryimage\"},\"image\":{\"@id\":\"https:\\\/\\\/amorpazycaridad.es\\\/bienaventurados-los-afligidos\\\/#primaryimage\"},\"thumbnailUrl\":\"https:\\\/\\\/amorpazy-cp515.wordpresstemporal.com\\\/amorpazycaridad.es\\\/wp-content\\\/uploads\\\/2015\\\/06\\\/bienaventurados-los-afligidos.jpg\",\"datePublished\":\"2015-06-17T04:46:01+00:00\",\"breadcrumb\":{\"@id\":\"https:\\\/\\\/amorpazycaridad.es\\\/bienaventurados-los-afligidos\\\/#breadcrumb\"},\"inLanguage\":\"es\",\"potentialAction\":[{\"@type\":\"ReadAction\",\"target\":[\"https:\\\/\\\/amorpazycaridad.es\\\/bienaventurados-los-afligidos\\\/\"]}]},{\"@type\":\"ImageObject\",\"inLanguage\":\"es\",\"@id\":\"https:\\\/\\\/amorpazycaridad.es\\\/bienaventurados-los-afligidos\\\/#primaryimage\",\"url\":\"https:\\\/\\\/amorpazy-cp515.wordpresstemporal.com\\\/amorpazycaridad.es\\\/wp-content\\\/uploads\\\/2015\\\/06\\\/bienaventurados-los-afligidos.jpg\",\"contentUrl\":\"https:\\\/\\\/amorpazy-cp515.wordpresstemporal.com\\\/amorpazycaridad.es\\\/wp-content\\\/uploads\\\/2015\\\/06\\\/bienaventurados-los-afligidos.jpg\",\"width\":750,\"height\":350},{\"@type\":\"BreadcrumbList\",\"@id\":\"https:\\\/\\\/amorpazycaridad.es\\\/bienaventurados-los-afligidos\\\/#breadcrumb\",\"itemListElement\":[{\"@type\":\"ListItem\",\"position\":1,\"name\":\"Portada\",\"item\":\"https:\\\/\\\/amorpazycaridad.es\\\/\"},{\"@type\":\"ListItem\",\"position\":2,\"name\":\"\u201cBIENAVENTURADOS LOS AFLIGIDOS\u201d\"}]},{\"@type\":\"WebSite\",\"@id\":\"https:\\\/\\\/amorpazycaridad.es\\\/#website\",\"url\":\"https:\\\/\\\/amorpazycaridad.es\\\/\",\"name\":\"Amor, paz caridad\",\"description\":\"Conocimiento espiritual, espiritismo, espiritualismo, leyes universales, m\u00e1s all\u00e1, vida despu\u00e9s de la vida,\",\"publisher\":{\"@id\":\"https:\\\/\\\/amorpazycaridad.es\\\/#organization\"},\"potentialAction\":[{\"@type\":\"SearchAction\",\"target\":{\"@type\":\"EntryPoint\",\"urlTemplate\":\"https:\\\/\\\/amorpazycaridad.es\\\/?s={search_term_string}\"},\"query-input\":{\"@type\":\"PropertyValueSpecification\",\"valueRequired\":true,\"valueName\":\"search_term_string\"}}],\"inLanguage\":\"es\"},{\"@type\":\"Organization\",\"@id\":\"https:\\\/\\\/amorpazycaridad.es\\\/#organization\",\"name\":\"Asociaci\u00f3n de Estudios Espirituales Grupo Villena\",\"url\":\"https:\\\/\\\/amorpazycaridad.es\\\/\",\"logo\":{\"@type\":\"ImageObject\",\"inLanguage\":\"es\",\"@id\":\"https:\\\/\\\/amorpazycaridad.es\\\/#\\\/schema\\\/logo\\\/image\\\/\",\"url\":\"https:\\\/\\\/amorpazycaridad.es\\\/wp-content\\\/uploads\\\/2015\\\/01\\\/logo-fav-e1420247830294.jpg\",\"contentUrl\":\"https:\\\/\\\/amorpazycaridad.es\\\/wp-content\\\/uploads\\\/2015\\\/01\\\/logo-fav-e1420247830294.jpg\",\"width\":144,\"height\":144,\"caption\":\"Asociaci\u00f3n de Estudios Espirituales Grupo Villena\"},\"image\":{\"@id\":\"https:\\\/\\\/amorpazycaridad.es\\\/#\\\/schema\\\/logo\\\/image\\\/\"},\"sameAs\":[\"http:\\\/\\\/www.facebook.com\\\/pages\\\/Amor-paz-y-caridad\\\/1594978604096866\",\"https:\\\/\\\/x.com\\\/amorpazycaridad\",\"https:\\\/\\\/es.pinterest.com\\\/amorpazycaridad\\\/\",\"https:\\\/\\\/www.youtube.com\\\/channel\\\/UC1GvDIDCLoL02SzOD7NJdrA\"]},{\"@type\":\"Person\",\"@id\":\"https:\\\/\\\/amorpazycaridad.es\\\/#\\\/schema\\\/person\\\/6f0cedb316ce549a85d79dba9ebb353e\",\"name\":\"Jos\u00e9 Manuel Meseguer Clemente\",\"image\":{\"@type\":\"ImageObject\",\"inLanguage\":\"es\",\"@id\":\"https:\\\/\\\/amorpazycaridad.es\\\/wp-content\\\/uploads\\\/2017\\\/11\\\/Archivo-1-11-17-12-31-35-96x96.jpegfd114e27cec70eafcf7bb076099603b6\",\"url\":\"https:\\\/\\\/amorpazycaridad.es\\\/wp-content\\\/uploads\\\/2017\\\/11\\\/Archivo-1-11-17-12-31-35-96x96.jpeg\",\"contentUrl\":\"https:\\\/\\\/amorpazycaridad.es\\\/wp-content\\\/uploads\\\/2017\\\/11\\\/Archivo-1-11-17-12-31-35-96x96.jpeg\",\"caption\":\"Jos\u00e9 Manuel Meseguer Clemente\"},\"description\":\"Jose Manuel Meseguer Clemente . Profesionalmente se dedica al Transporte Mar\u00edtimo. Autodidacta, divulgador y escritor. Como miembro del Grupo Villena desde hace m\u00e1s de 30 a\u00f1os, ha ofrecido conferencias y participado en diversos eventos, simposios y congresos, tanto nacionales como internacionales. Actualmente es redactor de la revista \u201cAmor Paz y Caridad\u201d, donde mensualmente publica art\u00edculos de inter\u00e9s y permanente actualidad. Adem\u00e1s, es socio colaborador de SEDE (Sociedad Espa\u00f1ola de Divulgadores Esp\u00edritas).\",\"sameAs\":[\"http:\\\/\\\/www.amorpazycaridad.com\"],\"url\":\"https:\\\/\\\/amorpazy-cp515.wordpresstemporal.com\\\/amorpazycaridad.es\\\/author\\\/jose-manuel\\\/\"}]}<\/script>\n<!-- \/ Yoast SEO plugin. -->","yoast_head_json":{"title":"\u201cBIENAVENTURADOS LOS AFLIGIDOS\u201d | Amor, paz caridad","robots":{"index":"index","follow":"follow","max-snippet":"max-snippet:-1","max-image-preview":"max-image-preview:large","max-video-preview":"max-video-preview:-1"},"canonical":"https:\/\/amorpazycaridad.es\/bienaventurados-los-afligidos\/","og_locale":"es_ES","og_type":"article","og_title":"\u201cBIENAVENTURADOS LOS AFLIGIDOS\u201d | Amor, paz caridad","og_description":"En los mundos de expiaci\u00f3n y prueba como es el nuestro, las aflicciones predominan por encima de cualquier satisfacci\u00f3n de la que el ser humano pueda disfrutar. Incluso podemos decir que los sufrimientos y las pruebas acaparan mayor parte de la existencia humana. El problema surge cuando no se sufre bien, es decir, cuando no [&hellip;]","og_url":"https:\/\/amorpazycaridad.es\/bienaventurados-los-afligidos\/","og_site_name":"Amor, paz caridad","article_publisher":"http:\/\/www.facebook.com\/pages\/Amor-paz-y-caridad\/1594978604096866","article_published_time":"2015-06-17T04:46:01+00:00","og_image":[{"width":750,"height":350,"url":"https:\/\/amorpazycaridad.es\/wp-content\/uploads\/2015\/06\/bienaventurados-los-afligidos.jpg","type":"image\/jpeg"}],"author":"Jose Manuel","twitter_card":"summary_large_image","twitter_creator":"@amorpazycaridad","twitter_site":"@amorpazycaridad","twitter_misc":{"Escrito por":"Jos\u00e9 Manuel Meseguer Clemente","Tiempo de lectura":"6 minutos"},"schema":{"@context":"https:\/\/schema.org","@graph":[{"@type":"Article","@id":"https:\/\/amorpazycaridad.es\/bienaventurados-los-afligidos\/#article","isPartOf":{"@id":"https:\/\/amorpazycaridad.es\/bienaventurados-los-afligidos\/"},"author":{"name":"Jos\u00e9 Manuel Meseguer Clemente","@id":"https:\/\/amorpazycaridad.es\/#\/schema\/person\/6f0cedb316ce549a85d79dba9ebb353e"},"headline":"\u201cBIENAVENTURADOS LOS AFLIGIDOS\u201d","datePublished":"2015-06-17T04:46:01+00:00","mainEntityOfPage":{"@id":"https:\/\/amorpazycaridad.es\/bienaventurados-los-afligidos\/"},"wordCount":1140,"commentCount":0,"publisher":{"@id":"https:\/\/amorpazycaridad.es\/#organization"},"image":{"@id":"https:\/\/amorpazycaridad.es\/bienaventurados-los-afligidos\/#primaryimage"},"thumbnailUrl":"https:\/\/amorpazy-cp515.wordpresstemporal.com\/amorpazycaridad.es\/wp-content\/uploads\/2015\/06\/bienaventurados-los-afligidos.jpg","keywords":["afligidos","APARTADO ESPIRITA","bienaventuranzas","Buena voluntad","dolor","EVANGELIO","grandes personajes","sufrir bien"],"articleSection":["Apartado esp\u00edrita"],"inLanguage":"es","potentialAction":[{"@type":"CommentAction","name":"Comment","target":["https:\/\/amorpazycaridad.es\/bienaventurados-los-afligidos\/#respond"]}]},{"@type":"WebPage","@id":"https:\/\/amorpazycaridad.es\/bienaventurados-los-afligidos\/","url":"https:\/\/amorpazycaridad.es\/bienaventurados-los-afligidos\/","name":"\u201cBIENAVENTURADOS LOS AFLIGIDOS\u201d | Amor, paz caridad","isPartOf":{"@id":"https:\/\/amorpazycaridad.es\/#website"},"primaryImageOfPage":{"@id":"https:\/\/amorpazycaridad.es\/bienaventurados-los-afligidos\/#primaryimage"},"image":{"@id":"https:\/\/amorpazycaridad.es\/bienaventurados-los-afligidos\/#primaryimage"},"thumbnailUrl":"https:\/\/amorpazy-cp515.wordpresstemporal.com\/amorpazycaridad.es\/wp-content\/uploads\/2015\/06\/bienaventurados-los-afligidos.jpg","datePublished":"2015-06-17T04:46:01+00:00","breadcrumb":{"@id":"https:\/\/amorpazycaridad.es\/bienaventurados-los-afligidos\/#breadcrumb"},"inLanguage":"es","potentialAction":[{"@type":"ReadAction","target":["https:\/\/amorpazycaridad.es\/bienaventurados-los-afligidos\/"]}]},{"@type":"ImageObject","inLanguage":"es","@id":"https:\/\/amorpazycaridad.es\/bienaventurados-los-afligidos\/#primaryimage","url":"https:\/\/amorpazy-cp515.wordpresstemporal.com\/amorpazycaridad.es\/wp-content\/uploads\/2015\/06\/bienaventurados-los-afligidos.jpg","contentUrl":"https:\/\/amorpazy-cp515.wordpresstemporal.com\/amorpazycaridad.es\/wp-content\/uploads\/2015\/06\/bienaventurados-los-afligidos.jpg","width":750,"height":350},{"@type":"BreadcrumbList","@id":"https:\/\/amorpazycaridad.es\/bienaventurados-los-afligidos\/#breadcrumb","itemListElement":[{"@type":"ListItem","position":1,"name":"Portada","item":"https:\/\/amorpazycaridad.es\/"},{"@type":"ListItem","position":2,"name":"\u201cBIENAVENTURADOS LOS AFLIGIDOS\u201d"}]},{"@type":"WebSite","@id":"https:\/\/amorpazycaridad.es\/#website","url":"https:\/\/amorpazycaridad.es\/","name":"Amor, paz caridad","description":"Conocimiento espiritual, espiritismo, espiritualismo, leyes universales, m\u00e1s all\u00e1, vida despu\u00e9s de la vida,","publisher":{"@id":"https:\/\/amorpazycaridad.es\/#organization"},"potentialAction":[{"@type":"SearchAction","target":{"@type":"EntryPoint","urlTemplate":"https:\/\/amorpazycaridad.es\/?s={search_term_string}"},"query-input":{"@type":"PropertyValueSpecification","valueRequired":true,"valueName":"search_term_string"}}],"inLanguage":"es"},{"@type":"Organization","@id":"https:\/\/amorpazycaridad.es\/#organization","name":"Asociaci\u00f3n de Estudios Espirituales Grupo Villena","url":"https:\/\/amorpazycaridad.es\/","logo":{"@type":"ImageObject","inLanguage":"es","@id":"https:\/\/amorpazycaridad.es\/#\/schema\/logo\/image\/","url":"https:\/\/amorpazycaridad.es\/wp-content\/uploads\/2015\/01\/logo-fav-e1420247830294.jpg","contentUrl":"https:\/\/amorpazycaridad.es\/wp-content\/uploads\/2015\/01\/logo-fav-e1420247830294.jpg","width":144,"height":144,"caption":"Asociaci\u00f3n de Estudios Espirituales Grupo Villena"},"image":{"@id":"https:\/\/amorpazycaridad.es\/#\/schema\/logo\/image\/"},"sameAs":["http:\/\/www.facebook.com\/pages\/Amor-paz-y-caridad\/1594978604096866","https:\/\/x.com\/amorpazycaridad","https:\/\/es.pinterest.com\/amorpazycaridad\/","https:\/\/www.youtube.com\/channel\/UC1GvDIDCLoL02SzOD7NJdrA"]},{"@type":"Person","@id":"https:\/\/amorpazycaridad.es\/#\/schema\/person\/6f0cedb316ce549a85d79dba9ebb353e","name":"Jos\u00e9 Manuel Meseguer Clemente","image":{"@type":"ImageObject","inLanguage":"es","@id":"https:\/\/amorpazycaridad.es\/wp-content\/uploads\/2017\/11\/Archivo-1-11-17-12-31-35-96x96.jpegfd114e27cec70eafcf7bb076099603b6","url":"https:\/\/amorpazycaridad.es\/wp-content\/uploads\/2017\/11\/Archivo-1-11-17-12-31-35-96x96.jpeg","contentUrl":"https:\/\/amorpazycaridad.es\/wp-content\/uploads\/2017\/11\/Archivo-1-11-17-12-31-35-96x96.jpeg","caption":"Jos\u00e9 Manuel Meseguer Clemente"},"description":"Jose Manuel Meseguer Clemente . Profesionalmente se dedica al Transporte Mar\u00edtimo. Autodidacta, divulgador y escritor. Como miembro del Grupo Villena desde hace m\u00e1s de 30 a\u00f1os, ha ofrecido conferencias y participado en diversos eventos, simposios y congresos, tanto nacionales como internacionales. Actualmente es redactor de la revista \u201cAmor Paz y Caridad\u201d, donde mensualmente publica art\u00edculos de inter\u00e9s y permanente actualidad. Adem\u00e1s, es socio colaborador de SEDE (Sociedad Espa\u00f1ola de Divulgadores Esp\u00edritas).","sameAs":["http:\/\/www.amorpazycaridad.com"],"url":"https:\/\/amorpazy-cp515.wordpresstemporal.com\/amorpazycaridad.es\/author\/jose-manuel\/"}]}},"authors":[{"term_id":408,"user_id":0,"is_guest":1,"slug":"cap-jose-manuel","display_name":"Jose Manuel","avatar_url":"https:\/\/secure.gravatar.com\/avatar\/?s=96&d=mm&r=g","0":null,"1":"","2":"","3":"","4":"","5":"","6":"","7":"","8":""}],"_links":{"self":[{"href":"https:\/\/amorpazy-cp515.wordpresstemporal.com\/amorpazycaridad.es\/wp-json\/wp\/v2\/posts\/3772","targetHints":{"allow":["GET"]}}],"collection":[{"href":"https:\/\/amorpazy-cp515.wordpresstemporal.com\/amorpazycaridad.es\/wp-json\/wp\/v2\/posts"}],"about":[{"href":"https:\/\/amorpazy-cp515.wordpresstemporal.com\/amorpazycaridad.es\/wp-json\/wp\/v2\/types\/post"}],"author":[{"embeddable":true,"href":"https:\/\/amorpazy-cp515.wordpresstemporal.com\/amorpazycaridad.es\/wp-json\/wp\/v2\/users\/5"}],"replies":[{"embeddable":true,"href":"https:\/\/amorpazy-cp515.wordpresstemporal.com\/amorpazycaridad.es\/wp-json\/wp\/v2\/comments?post=3772"}],"version-history":[{"count":3,"href":"https:\/\/amorpazy-cp515.wordpresstemporal.com\/amorpazycaridad.es\/wp-json\/wp\/v2\/posts\/3772\/revisions"}],"predecessor-version":[{"id":3811,"href":"https:\/\/amorpazy-cp515.wordpresstemporal.com\/amorpazycaridad.es\/wp-json\/wp\/v2\/posts\/3772\/revisions\/3811"}],"wp:featuredmedia":[{"embeddable":true,"href":"https:\/\/amorpazy-cp515.wordpresstemporal.com\/amorpazycaridad.es\/wp-json\/wp\/v2\/media\/3810"}],"wp:attachment":[{"href":"https:\/\/amorpazy-cp515.wordpresstemporal.com\/amorpazycaridad.es\/wp-json\/wp\/v2\/media?parent=3772"}],"wp:term":[{"taxonomy":"category","embeddable":true,"href":"https:\/\/amorpazy-cp515.wordpresstemporal.com\/amorpazycaridad.es\/wp-json\/wp\/v2\/categories?post=3772"},{"taxonomy":"post_tag","embeddable":true,"href":"https:\/\/amorpazy-cp515.wordpresstemporal.com\/amorpazycaridad.es\/wp-json\/wp\/v2\/tags?post=3772"},{"taxonomy":"author","embeddable":true,"href":"https:\/\/amorpazy-cp515.wordpresstemporal.com\/amorpazycaridad.es\/wp-json\/wp\/v2\/ppma_author?post=3772"}],"curies":[{"name":"wp","href":"https:\/\/api.w.org\/{rel}","templated":true}]}}