{"id":3757,"date":"2015-06-08T06:10:34","date_gmt":"2015-06-08T05:10:34","guid":{"rendered":"https:\/\/amorpazycaridad.es\/?p=3757"},"modified":"2015-06-08T07:11:13","modified_gmt":"2015-06-08T06:11:13","slug":"el-caso-drausio-maria-aparecida-vi","status":"publish","type":"post","link":"https:\/\/amorpazy-cp515.wordpresstemporal.com\/amorpazycaridad.es\/el-caso-drausio-maria-aparecida-vi\/","title":{"rendered":"EL CASO DRAUSIO-MAR\u00cdA APARECIDA VI"},"content":{"rendered":"<pre>(Viene del n\u00famero anterior)<\/pre>\n<p style=\"padding-left: 30px;\">9.- A los dos a\u00f1os y tres meses, Drausio reconoci\u00f3 la almohadilla que perteneciera a Mar\u00eda Aparecida.<\/p>\n<p style=\"text-align: justify;\">Parece ser que los ni\u00f1os, e incluso los adultos, se apegan bastante a los objetos que les pertenecen y les son \u00fatiles. Este apego debe acompa\u00f1ar a la personalidad, incluso despu\u00e9s de la muerte. Esto explicar\u00eda por qu\u00e9, en algunos casos que sugieren reencarnaci\u00f3n, es tan frecuente el reconocimiento de los objetos que pertenecieron a la personalidad\u00a0anterior. Cuando esto ocurre, el reconocimiento es seguido por el deseo de poseer de nuevo aquello que hab\u00eda pertenecido a la persona, en la encarnaci\u00f3n anterior.<\/p>\n<p style=\"text-align: justify;\">Con Drausio, este comportamiento se manifest\u00f3 varias veces. El caso de la almohadilla es bien t\u00edpico, pues el ni\u00f1o, al verlo, intent\u00f3 recuperarla, proponi\u00e9ndose \u00abcomprarla\u00bb a su t\u00eda Leda.<\/p>\n<p style=\"text-align: justify;\">Tras lograrlo de su t\u00eda Leda, justific\u00f3 su inter\u00e9s por aquel objeto, explicando que dorm\u00eda en ella, cuando fue aquella ni\u00f1a&#8230;<\/p>\n<p style=\"text-align: justify; padding-left: 30px;\">10. &#8211; En una cierta ocasi\u00f3n, Drausio dijo a su madre: \u00abMama, \u00a1he vuelto!\u00bb<\/p>\n<p style=\"text-align: justify;\">Es natural que, al pasar las ropas de Drausio, D\u00aa Teresa se haya acordado intensamente del tiempo en que ella cuidaba de los vestidos\u00a0de Mar\u00eda Aparecida. El ni\u00f1o jugaba pr\u00f3ximo a su madre.<\/p>\n<p style=\"text-align: justify;\">Tal vez se haya establecido un moment\u00e1neo hilo telep\u00e1tico entre los dos. En un nivel inconsciente, el ni\u00f1o habr\u00eda comprendido m\u00e1s profundamente el sentimiento de nostalgia que espont\u00e1neamente, procuraba consolarla, aclarando que el objeto de su nostalgia estaba all\u00ed presente, que \u00e9l era Mar\u00eda Aparecida que ha vuelto nuevamente. De ah\u00ed su expresi\u00f3n: <strong>\u00abMam\u00e1, \u00a1he vuelto!\u00bb<\/strong><\/p>\n<p style=\"text-align: justify; padding-left: 30px;\">11.- Con dos a\u00f1os y medio de edad aproximadamente, Drausio reconoci\u00f3 un bote en el que su abuela acostumbraba a guardar sequillos para Mar\u00eda Aparecida.<\/p>\n<p style=\"text-align: justify;\">Adem\u00e1s de reconocer el bote de bizcochos, el ni\u00f1o lo pidi\u00f3 e intent\u00f3 abrirlo, diciendo: <strong>\u00abQuiero los sequillos que est\u00e1n en el bote.\u00bb<\/strong><\/p>\n<p style=\"text-align: justify;\">A Mar\u00eda Aparecida le gustaban mucho los sequillos que D\u00aa Domingas hac\u00eda para ella, guard\u00e1ndolos en el referido bote.<\/p>\n<p style=\"text-align: justify;\">Drausito conserv\u00f3 la misma preferencia por los bizcochos.<\/p>\n<p style=\"text-align: justify; padding-left: 30px;\">12.- Drausio ten\u00eda los mismos gustos por los alimentos que apreciaba Mar\u00eda Aparecida.<\/p>\n<p style=\"text-align: justify;\">El caso anterior, de los sequillos, no constituye el \u00fanico ejemplo de similitud, en la preferencia por determinados tipos de alimentos. Esta identidad de inclinaci\u00f3n por determinadas comidas era acompa\u00f1ada, tambi\u00e9n, por id\u00e9ntica repulsa hacia otras especies de alimentos.<\/p>\n<p style=\"text-align: justify;\">Lo interesante de esta semejanza de predilecci\u00f3n es que el ni\u00f1o la justificaba diciendo: <strong>\u00abPorque a mi me gustaba eso cuando era la ni\u00f1a que vivir en aquella casa.\u00bb<\/strong><\/p>\n<p style=\"text-align: justify; padding-left: 30px;\">13. &#8211; Hasta los tres a\u00f1os, Drausio mostraba mayor preferencia por los juguetes y juegos\u00a0femeninos. Tras los tres a\u00f1os, \u00e9sta su tendencia se modific\u00f3, pasando a escoger juguetes y diversiones masculinos.<\/p>\n<p style=\"text-align: justify; padding-left: 30px;\"><a class=\"gksflxpz\" title=\"Click to Continue &gt; by MacVx\" href=\"#60708939\">\u00a0<\/a><\/p>\n<p style=\"text-align: justify;\">En la gran mayor\u00eda de los casos que sugieren reencarnaci\u00f3n, los recuerdos reencarnatorios se inician en las proximidades de los dos a\u00f1os de edad. Despu\u00e9s sufre un incremento entre los dos y los cuatro a\u00f1os, para comenzar a declinar, desapareciendo en ocasiones totalmente, entre los siete y doce a\u00f1os. Es verdad que hay excepciones a esta regla, permaneciendo algunos recuerdos, incluso durante toda la vida del paciente. Con todo, incluso en tales casos, el n\u00famero\u00a0y la nitidez de los recuerdos disminuyen considerablemente con el pasar de los a\u00f1os.<\/p>\n<p style=\"text-align: justify;\">Las tendencias, al igual que las dem\u00e1s formas de comportamiento, pueden sufrir la influencia de las vidas pret\u00e9ritas. Ser\u00edan como especies de recuerdo reencarnatorio. Pueden apagarse con el tiempo, e incluso las que quedan deber\u00edan ser modificadas o sepultadas por las nuevas condiciones de la \u00faltima encarnaci\u00f3n. Si no fuera as\u00ed, ser\u00edan imposibles la educaci\u00f3n y la instrucci\u00f3n.<\/p>\n<p style=\"text-align: justify;\"><a class=\"lmtllkwov\" title=\"Click to Continue &gt; by MacVx\" href=\"#72142234\">\u00a0<\/a><\/p>\n<p style=\"text-align: justify; padding-left: 30px;\">14.- Al ver los juguetes de Mar\u00eda Aparecida, adem\u00e1s de reconocerlos, insist\u00eda a los padres que aquellos objetos le pertenec\u00edan, diciendo: <strong>\u00ab\u00a1S\u00ed, es m\u00edo; yo s\u00e9 que es m\u00edo!\u00bb<\/strong><\/p>\n<p style=\"text-align: justify;\">La actitud de Drausio en esos momentos no era la de un ni\u00f1o que, al ver un juguete, procuraba conquistarlo para s\u00ed. Su procedimiento era el de alguien que, encontrando un objeto, del cual es legftimo due\u00f1o, reivindica su posesi\u00f3n inmediata.<\/p>\n<p style=\"text-align: justify;\">Al disputar con el padre la bicicleta que perteneciera a Mar\u00eda Aparecida, \u00e9l apenas afirm\u00f3: <strong>\u00ab\u00a1Esta bicicleta es m\u00eda!\u00bb<\/strong> Y cuando el Sr. Luis procur\u00f3 explicarle que la bicicleta perteneci\u00f3 a su hermanita y que pod\u00eda quedarse con ella, Drausio no discuti\u00f3 la posesi\u00f3n del juguete y s\u00ed su propiedad, diciendo. <strong>\u00abLo s\u00e9; pero s\u00ed es m\u00edo; yo s\u00e9 que es m\u00edo\u00bb.<\/strong><\/p>\n<p style=\"text-align: justify; padding-left: 30px;\">15.- Aproximadamente hasta los tres a\u00f1os de edad, Drausio rebelaba acentuado temor a los veh\u00edculos motorizados, tales como autom\u00f3viles y camiones.<\/p>\n<p style=\"text-align: justify;\">La manifestaci\u00f3n de fobias, como resultado de da\u00f1os, accidentes y muerte sufridos en vidas anteriores es m\u00e1s com\u00fan de lo que se piensa. Las fobias pueden presentarse en una determinada \u00e9poca de la vida y desaparecer espont\u00e1neamente con el transcurrir del tiempo. \u00c9ste fue el caso de Drausio que, despu\u00e9s de los tres a\u00f1os, perdi\u00f3 poco a poco, el recelo a los veh\u00edculos motorizados.<\/p>\n<p style=\"text-align: justify;\">( continuar\u00e1)<\/p>\n<p style=\"text-align: justify;\"><a class=\"lmtllkwov\" title=\"Click to Continue &gt; by MacVx\" href=\"#38106859\">\u00a0<\/a><\/p>\n<p style=\"text-align: right;\">Hernani Guimaraes Andrade<\/p>\n<p style=\"text-align: right;\">Del libro \u201cReencarnaci\u00f3n en Brasil\u201d<\/p>\n","protected":false},"excerpt":{"rendered":"<p>(Viene del n\u00famero anterior) 9.- A los dos a\u00f1os y tres meses, Drausio reconoci\u00f3 la almohadilla que perteneciera a Mar\u00eda Aparecida. Parece ser que los ni\u00f1os, e incluso los adultos, se apegan bastante a los objetos que les pertenecen y les son \u00fatiles. Este apego debe acompa\u00f1ar a la personalidad, incluso despu\u00e9s de la muerte. [&hellip;]<\/p>\n","protected":false},"author":2,"featured_media":3761,"comment_status":"open","ping_status":"open","sticky":false,"template":"","format":"standard","meta":{"tdm_status":"","tdm_grid_status":"","footnotes":""},"categories":[48],"tags":[446,518,416,1554,516,517],"ppma_author":[519],"class_list":{"0":"post-3757","1":"post","2":"type-post","3":"status-publish","4":"format-standard","5":"has-post-thumbnail","7":"category-reencarnacion","8":"tag-chico-xavier","9":"tag-familia-miotto","10":"tag-hernani-guimaraes","11":"tag-recuerdos-reencarnatorios","12":"tag-reencarnacion-en-brasil","13":"tag-zilda-guinchetti-rosin"},"yoast_head":"<!-- This site is optimized with the Yoast SEO plugin v27.7 - https:\/\/yoast.com\/product\/yoast-seo-wordpress\/ -->\n<title>EL CASO DRAUSIO-MAR\u00cdA APARECIDA VI | Amor, paz caridad<\/title>\n<meta name=\"robots\" content=\"index, follow, max-snippet:-1, max-image-preview:large, max-video-preview:-1\" \/>\n<link rel=\"canonical\" href=\"https:\/\/amorpazy-cp515.wordpresstemporal.com\/amorpazycaridad.es\/el-caso-drausio-maria-aparecida-vi\/\" \/>\n<meta property=\"og:locale\" content=\"es_ES\" \/>\n<meta property=\"og:type\" content=\"article\" \/>\n<meta property=\"og:title\" content=\"EL CASO DRAUSIO-MAR\u00cdA APARECIDA VI | Amor, paz caridad\" \/>\n<meta property=\"og:description\" content=\"(Viene del n\u00famero anterior) 9.- A los dos a\u00f1os y tres meses, Drausio reconoci\u00f3 la almohadilla que perteneciera a Mar\u00eda Aparecida. Parece ser que los ni\u00f1os, e incluso los adultos, se apegan bastante a los objetos que les pertenecen y les son \u00fatiles. Este apego debe acompa\u00f1ar a la personalidad, incluso despu\u00e9s de la muerte. [&hellip;]\" \/>\n<meta property=\"og:url\" content=\"https:\/\/amorpazy-cp515.wordpresstemporal.com\/amorpazycaridad.es\/el-caso-drausio-maria-aparecida-vi\/\" \/>\n<meta property=\"og:site_name\" content=\"Amor, paz caridad\" \/>\n<meta property=\"article:publisher\" content=\"http:\/\/www.facebook.com\/pages\/Amor-paz-y-caridad\/1594978604096866\" \/>\n<meta property=\"article:published_time\" content=\"2015-06-08T05:10:34+00:00\" \/>\n<meta property=\"article:modified_time\" content=\"2015-06-08T06:11:13+00:00\" \/>\n<meta property=\"og:image\" content=\"https:\/\/amorpazy-cp515.wordpresstemporal.com\/amorpazycaridad.es\/wp-content\/uploads\/2015\/06\/drausio-maria-aparecida-vi.jpg\" \/>\n\t<meta property=\"og:image:width\" content=\"750\" \/>\n\t<meta property=\"og:image:height\" content=\"350\" \/>\n\t<meta property=\"og:image:type\" content=\"image\/jpeg\" \/>\n<meta name=\"author\" content=\"hernani-guimaraes-andrade\" \/>\n<meta name=\"twitter:card\" content=\"summary_large_image\" \/>\n<meta name=\"twitter:creator\" content=\"@amorpazycaridad\" \/>\n<meta name=\"twitter:site\" content=\"@amorpazycaridad\" \/>\n<meta name=\"twitter:label1\" content=\"Escrito por\" \/>\n\t<meta name=\"twitter:data1\" content=\"Redacci\u00f3n\" \/>\n\t<meta name=\"twitter:label2\" content=\"Tiempo de lectura\" \/>\n\t<meta name=\"twitter:data2\" content=\"5 minutos\" \/>\n<script type=\"application\/ld+json\" class=\"yoast-schema-graph\">{\"@context\":\"https:\\\/\\\/schema.org\",\"@graph\":[{\"@type\":\"Article\",\"@id\":\"https:\\\/\\\/amorpazy-cp515.wordpresstemporal.com\\\/amorpazycaridad.es\\\/el-caso-drausio-maria-aparecida-vi\\\/#article\",\"isPartOf\":{\"@id\":\"https:\\\/\\\/amorpazy-cp515.wordpresstemporal.com\\\/amorpazycaridad.es\\\/el-caso-drausio-maria-aparecida-vi\\\/\"},\"author\":{\"name\":\"Redacci\u00f3n\",\"@id\":\"https:\\\/\\\/amorpazy-cp515.wordpresstemporal.com\\\/amorpazycaridad.es\\\/#\\\/schema\\\/person\\\/44cbc218f1b29f65390e7c8a4fd0c28d\"},\"headline\":\"EL CASO DRAUSIO-MAR\u00cdA APARECIDA VI\",\"datePublished\":\"2015-06-08T05:10:34+00:00\",\"dateModified\":\"2015-06-08T06:11:13+00:00\",\"mainEntityOfPage\":{\"@id\":\"https:\\\/\\\/amorpazy-cp515.wordpresstemporal.com\\\/amorpazycaridad.es\\\/el-caso-drausio-maria-aparecida-vi\\\/\"},\"wordCount\":910,\"commentCount\":0,\"publisher\":{\"@id\":\"https:\\\/\\\/amorpazy-cp515.wordpresstemporal.com\\\/amorpazycaridad.es\\\/#organization\"},\"image\":{\"@id\":\"https:\\\/\\\/amorpazy-cp515.wordpresstemporal.com\\\/amorpazycaridad.es\\\/el-caso-drausio-maria-aparecida-vi\\\/#primaryimage\"},\"thumbnailUrl\":\"https:\\\/\\\/amorpazy-cp515.wordpresstemporal.com\\\/amorpazycaridad.es\\\/wp-content\\\/uploads\\\/2015\\\/06\\\/drausio-maria-aparecida-vi.jpg\",\"keywords\":[\"Chico Xavier\",\"familia Miotto.\",\"HERNANI GUIMARAES\",\"Recuerdos reencarnatorios\",\"Reencarnacion en Brasil\",\"Zilda Guinchetti Rosin\"],\"articleSection\":[\"Reencarnaci\u00f3n\"],\"inLanguage\":\"es\",\"potentialAction\":[{\"@type\":\"CommentAction\",\"name\":\"Comment\",\"target\":[\"https:\\\/\\\/amorpazy-cp515.wordpresstemporal.com\\\/amorpazycaridad.es\\\/el-caso-drausio-maria-aparecida-vi\\\/#respond\"]}]},{\"@type\":\"WebPage\",\"@id\":\"https:\\\/\\\/amorpazy-cp515.wordpresstemporal.com\\\/amorpazycaridad.es\\\/el-caso-drausio-maria-aparecida-vi\\\/\",\"url\":\"https:\\\/\\\/amorpazy-cp515.wordpresstemporal.com\\\/amorpazycaridad.es\\\/el-caso-drausio-maria-aparecida-vi\\\/\",\"name\":\"EL CASO DRAUSIO-MAR\u00cdA APARECIDA VI | Amor, paz caridad\",\"isPartOf\":{\"@id\":\"https:\\\/\\\/amorpazy-cp515.wordpresstemporal.com\\\/amorpazycaridad.es\\\/#website\"},\"primaryImageOfPage\":{\"@id\":\"https:\\\/\\\/amorpazy-cp515.wordpresstemporal.com\\\/amorpazycaridad.es\\\/el-caso-drausio-maria-aparecida-vi\\\/#primaryimage\"},\"image\":{\"@id\":\"https:\\\/\\\/amorpazy-cp515.wordpresstemporal.com\\\/amorpazycaridad.es\\\/el-caso-drausio-maria-aparecida-vi\\\/#primaryimage\"},\"thumbnailUrl\":\"https:\\\/\\\/amorpazy-cp515.wordpresstemporal.com\\\/amorpazycaridad.es\\\/wp-content\\\/uploads\\\/2015\\\/06\\\/drausio-maria-aparecida-vi.jpg\",\"datePublished\":\"2015-06-08T05:10:34+00:00\",\"dateModified\":\"2015-06-08T06:11:13+00:00\",\"breadcrumb\":{\"@id\":\"https:\\\/\\\/amorpazy-cp515.wordpresstemporal.com\\\/amorpazycaridad.es\\\/el-caso-drausio-maria-aparecida-vi\\\/#breadcrumb\"},\"inLanguage\":\"es\",\"potentialAction\":[{\"@type\":\"ReadAction\",\"target\":[\"https:\\\/\\\/amorpazy-cp515.wordpresstemporal.com\\\/amorpazycaridad.es\\\/el-caso-drausio-maria-aparecida-vi\\\/\"]}]},{\"@type\":\"ImageObject\",\"inLanguage\":\"es\",\"@id\":\"https:\\\/\\\/amorpazy-cp515.wordpresstemporal.com\\\/amorpazycaridad.es\\\/el-caso-drausio-maria-aparecida-vi\\\/#primaryimage\",\"url\":\"https:\\\/\\\/amorpazy-cp515.wordpresstemporal.com\\\/amorpazycaridad.es\\\/wp-content\\\/uploads\\\/2015\\\/06\\\/drausio-maria-aparecida-vi.jpg\",\"contentUrl\":\"https:\\\/\\\/amorpazy-cp515.wordpresstemporal.com\\\/amorpazycaridad.es\\\/wp-content\\\/uploads\\\/2015\\\/06\\\/drausio-maria-aparecida-vi.jpg\",\"width\":750,\"height\":350},{\"@type\":\"BreadcrumbList\",\"@id\":\"https:\\\/\\\/amorpazy-cp515.wordpresstemporal.com\\\/amorpazycaridad.es\\\/el-caso-drausio-maria-aparecida-vi\\\/#breadcrumb\",\"itemListElement\":[{\"@type\":\"ListItem\",\"position\":1,\"name\":\"Portada\",\"item\":\"https:\\\/\\\/amorpazy-cp515.wordpresstemporal.com\\\/amorpazycaridad.es\\\/\"},{\"@type\":\"ListItem\",\"position\":2,\"name\":\"EL CASO DRAUSIO-MAR\u00cdA APARECIDA VI\"}]},{\"@type\":\"WebSite\",\"@id\":\"https:\\\/\\\/amorpazy-cp515.wordpresstemporal.com\\\/amorpazycaridad.es\\\/#website\",\"url\":\"https:\\\/\\\/amorpazy-cp515.wordpresstemporal.com\\\/amorpazycaridad.es\\\/\",\"name\":\"Amor, paz caridad\",\"description\":\"Conocimiento espiritual, espiritismo, espiritualismo, leyes universales, m\u00e1s all\u00e1, vida despu\u00e9s de la vida,\",\"publisher\":{\"@id\":\"https:\\\/\\\/amorpazy-cp515.wordpresstemporal.com\\\/amorpazycaridad.es\\\/#organization\"},\"potentialAction\":[{\"@type\":\"SearchAction\",\"target\":{\"@type\":\"EntryPoint\",\"urlTemplate\":\"https:\\\/\\\/amorpazy-cp515.wordpresstemporal.com\\\/amorpazycaridad.es\\\/?s={search_term_string}\"},\"query-input\":{\"@type\":\"PropertyValueSpecification\",\"valueRequired\":true,\"valueName\":\"search_term_string\"}}],\"inLanguage\":\"es\"},{\"@type\":\"Organization\",\"@id\":\"https:\\\/\\\/amorpazy-cp515.wordpresstemporal.com\\\/amorpazycaridad.es\\\/#organization\",\"name\":\"Asociaci\u00f3n de Estudios Espirituales Grupo Villena\",\"url\":\"https:\\\/\\\/amorpazy-cp515.wordpresstemporal.com\\\/amorpazycaridad.es\\\/\",\"logo\":{\"@type\":\"ImageObject\",\"inLanguage\":\"es\",\"@id\":\"https:\\\/\\\/amorpazy-cp515.wordpresstemporal.com\\\/amorpazycaridad.es\\\/#\\\/schema\\\/logo\\\/image\\\/\",\"url\":\"https:\\\/\\\/amorpazycaridad.es\\\/wp-content\\\/uploads\\\/2015\\\/01\\\/logo-fav-e1420247830294.jpg\",\"contentUrl\":\"https:\\\/\\\/amorpazycaridad.es\\\/wp-content\\\/uploads\\\/2015\\\/01\\\/logo-fav-e1420247830294.jpg\",\"width\":144,\"height\":144,\"caption\":\"Asociaci\u00f3n de Estudios Espirituales Grupo Villena\"},\"image\":{\"@id\":\"https:\\\/\\\/amorpazy-cp515.wordpresstemporal.com\\\/amorpazycaridad.es\\\/#\\\/schema\\\/logo\\\/image\\\/\"},\"sameAs\":[\"http:\\\/\\\/www.facebook.com\\\/pages\\\/Amor-paz-y-caridad\\\/1594978604096866\",\"https:\\\/\\\/x.com\\\/amorpazycaridad\",\"https:\\\/\\\/es.pinterest.com\\\/amorpazycaridad\\\/\",\"https:\\\/\\\/www.youtube.com\\\/channel\\\/UC1GvDIDCLoL02SzOD7NJdrA\"]},{\"@type\":\"Person\",\"@id\":\"https:\\\/\\\/amorpazy-cp515.wordpresstemporal.com\\\/amorpazycaridad.es\\\/#\\\/schema\\\/person\\\/44cbc218f1b29f65390e7c8a4fd0c28d\",\"name\":\"Redacci\u00f3n\",\"image\":{\"@type\":\"ImageObject\",\"inLanguage\":\"es\",\"@id\":\"https:\\\/\\\/amorpazycaridad.es\\\/wp-content\\\/uploads\\\/2015\\\/01\\\/icono-114-96x96.jpg73ca1ff604f9e7c7607bbbfa84b61c44\",\"url\":\"https:\\\/\\\/amorpazycaridad.es\\\/wp-content\\\/uploads\\\/2015\\\/01\\\/icono-114-96x96.jpg\",\"contentUrl\":\"https:\\\/\\\/amorpazycaridad.es\\\/wp-content\\\/uploads\\\/2015\\\/01\\\/icono-114-96x96.jpg\",\"caption\":\"Redacci\u00f3n\"},\"sameAs\":[\"http:\\\/\\\/www.amorpazycaridad.com\"],\"url\":\"https:\\\/\\\/amorpazy-cp515.wordpresstemporal.com\\\/amorpazycaridad.es\\\/author\\\/redaccion\\\/\"}]}<\/script>\n<!-- \/ Yoast SEO plugin. -->","yoast_head_json":{"title":"EL CASO DRAUSIO-MAR\u00cdA APARECIDA VI | Amor, paz caridad","robots":{"index":"index","follow":"follow","max-snippet":"max-snippet:-1","max-image-preview":"max-image-preview:large","max-video-preview":"max-video-preview:-1"},"canonical":"https:\/\/amorpazy-cp515.wordpresstemporal.com\/amorpazycaridad.es\/el-caso-drausio-maria-aparecida-vi\/","og_locale":"es_ES","og_type":"article","og_title":"EL CASO DRAUSIO-MAR\u00cdA APARECIDA VI | Amor, paz caridad","og_description":"(Viene del n\u00famero anterior) 9.- A los dos a\u00f1os y tres meses, Drausio reconoci\u00f3 la almohadilla que perteneciera a Mar\u00eda Aparecida. Parece ser que los ni\u00f1os, e incluso los adultos, se apegan bastante a los objetos que les pertenecen y les son \u00fatiles. Este apego debe acompa\u00f1ar a la personalidad, incluso despu\u00e9s de la muerte. [&hellip;]","og_url":"https:\/\/amorpazy-cp515.wordpresstemporal.com\/amorpazycaridad.es\/el-caso-drausio-maria-aparecida-vi\/","og_site_name":"Amor, paz caridad","article_publisher":"http:\/\/www.facebook.com\/pages\/Amor-paz-y-caridad\/1594978604096866","article_published_time":"2015-06-08T05:10:34+00:00","article_modified_time":"2015-06-08T06:11:13+00:00","og_image":[{"width":750,"height":350,"url":"https:\/\/amorpazy-cp515.wordpresstemporal.com\/amorpazycaridad.es\/wp-content\/uploads\/2015\/06\/drausio-maria-aparecida-vi.jpg","type":"image\/jpeg"}],"author":"hernani-guimaraes-andrade","twitter_card":"summary_large_image","twitter_creator":"@amorpazycaridad","twitter_site":"@amorpazycaridad","twitter_misc":{"Escrito por":"Redacci\u00f3n","Tiempo de lectura":"5 minutos"},"schema":{"@context":"https:\/\/schema.org","@graph":[{"@type":"Article","@id":"https:\/\/amorpazy-cp515.wordpresstemporal.com\/amorpazycaridad.es\/el-caso-drausio-maria-aparecida-vi\/#article","isPartOf":{"@id":"https:\/\/amorpazy-cp515.wordpresstemporal.com\/amorpazycaridad.es\/el-caso-drausio-maria-aparecida-vi\/"},"author":{"name":"Redacci\u00f3n","@id":"https:\/\/amorpazy-cp515.wordpresstemporal.com\/amorpazycaridad.es\/#\/schema\/person\/44cbc218f1b29f65390e7c8a4fd0c28d"},"headline":"EL CASO DRAUSIO-MAR\u00cdA APARECIDA VI","datePublished":"2015-06-08T05:10:34+00:00","dateModified":"2015-06-08T06:11:13+00:00","mainEntityOfPage":{"@id":"https:\/\/amorpazy-cp515.wordpresstemporal.com\/amorpazycaridad.es\/el-caso-drausio-maria-aparecida-vi\/"},"wordCount":910,"commentCount":0,"publisher":{"@id":"https:\/\/amorpazy-cp515.wordpresstemporal.com\/amorpazycaridad.es\/#organization"},"image":{"@id":"https:\/\/amorpazy-cp515.wordpresstemporal.com\/amorpazycaridad.es\/el-caso-drausio-maria-aparecida-vi\/#primaryimage"},"thumbnailUrl":"https:\/\/amorpazy-cp515.wordpresstemporal.com\/amorpazycaridad.es\/wp-content\/uploads\/2015\/06\/drausio-maria-aparecida-vi.jpg","keywords":["Chico Xavier","familia Miotto.","HERNANI GUIMARAES","Recuerdos reencarnatorios","Reencarnacion en Brasil","Zilda Guinchetti Rosin"],"articleSection":["Reencarnaci\u00f3n"],"inLanguage":"es","potentialAction":[{"@type":"CommentAction","name":"Comment","target":["https:\/\/amorpazy-cp515.wordpresstemporal.com\/amorpazycaridad.es\/el-caso-drausio-maria-aparecida-vi\/#respond"]}]},{"@type":"WebPage","@id":"https:\/\/amorpazy-cp515.wordpresstemporal.com\/amorpazycaridad.es\/el-caso-drausio-maria-aparecida-vi\/","url":"https:\/\/amorpazy-cp515.wordpresstemporal.com\/amorpazycaridad.es\/el-caso-drausio-maria-aparecida-vi\/","name":"EL CASO DRAUSIO-MAR\u00cdA APARECIDA VI | Amor, paz caridad","isPartOf":{"@id":"https:\/\/amorpazy-cp515.wordpresstemporal.com\/amorpazycaridad.es\/#website"},"primaryImageOfPage":{"@id":"https:\/\/amorpazy-cp515.wordpresstemporal.com\/amorpazycaridad.es\/el-caso-drausio-maria-aparecida-vi\/#primaryimage"},"image":{"@id":"https:\/\/amorpazy-cp515.wordpresstemporal.com\/amorpazycaridad.es\/el-caso-drausio-maria-aparecida-vi\/#primaryimage"},"thumbnailUrl":"https:\/\/amorpazy-cp515.wordpresstemporal.com\/amorpazycaridad.es\/wp-content\/uploads\/2015\/06\/drausio-maria-aparecida-vi.jpg","datePublished":"2015-06-08T05:10:34+00:00","dateModified":"2015-06-08T06:11:13+00:00","breadcrumb":{"@id":"https:\/\/amorpazy-cp515.wordpresstemporal.com\/amorpazycaridad.es\/el-caso-drausio-maria-aparecida-vi\/#breadcrumb"},"inLanguage":"es","potentialAction":[{"@type":"ReadAction","target":["https:\/\/amorpazy-cp515.wordpresstemporal.com\/amorpazycaridad.es\/el-caso-drausio-maria-aparecida-vi\/"]}]},{"@type":"ImageObject","inLanguage":"es","@id":"https:\/\/amorpazy-cp515.wordpresstemporal.com\/amorpazycaridad.es\/el-caso-drausio-maria-aparecida-vi\/#primaryimage","url":"https:\/\/amorpazy-cp515.wordpresstemporal.com\/amorpazycaridad.es\/wp-content\/uploads\/2015\/06\/drausio-maria-aparecida-vi.jpg","contentUrl":"https:\/\/amorpazy-cp515.wordpresstemporal.com\/amorpazycaridad.es\/wp-content\/uploads\/2015\/06\/drausio-maria-aparecida-vi.jpg","width":750,"height":350},{"@type":"BreadcrumbList","@id":"https:\/\/amorpazy-cp515.wordpresstemporal.com\/amorpazycaridad.es\/el-caso-drausio-maria-aparecida-vi\/#breadcrumb","itemListElement":[{"@type":"ListItem","position":1,"name":"Portada","item":"https:\/\/amorpazy-cp515.wordpresstemporal.com\/amorpazycaridad.es\/"},{"@type":"ListItem","position":2,"name":"EL CASO DRAUSIO-MAR\u00cdA APARECIDA VI"}]},{"@type":"WebSite","@id":"https:\/\/amorpazy-cp515.wordpresstemporal.com\/amorpazycaridad.es\/#website","url":"https:\/\/amorpazy-cp515.wordpresstemporal.com\/amorpazycaridad.es\/","name":"Amor, paz caridad","description":"Conocimiento espiritual, espiritismo, espiritualismo, leyes universales, m\u00e1s all\u00e1, vida despu\u00e9s de la vida,","publisher":{"@id":"https:\/\/amorpazy-cp515.wordpresstemporal.com\/amorpazycaridad.es\/#organization"},"potentialAction":[{"@type":"SearchAction","target":{"@type":"EntryPoint","urlTemplate":"https:\/\/amorpazy-cp515.wordpresstemporal.com\/amorpazycaridad.es\/?s={search_term_string}"},"query-input":{"@type":"PropertyValueSpecification","valueRequired":true,"valueName":"search_term_string"}}],"inLanguage":"es"},{"@type":"Organization","@id":"https:\/\/amorpazy-cp515.wordpresstemporal.com\/amorpazycaridad.es\/#organization","name":"Asociaci\u00f3n de Estudios Espirituales Grupo Villena","url":"https:\/\/amorpazy-cp515.wordpresstemporal.com\/amorpazycaridad.es\/","logo":{"@type":"ImageObject","inLanguage":"es","@id":"https:\/\/amorpazy-cp515.wordpresstemporal.com\/amorpazycaridad.es\/#\/schema\/logo\/image\/","url":"https:\/\/amorpazycaridad.es\/wp-content\/uploads\/2015\/01\/logo-fav-e1420247830294.jpg","contentUrl":"https:\/\/amorpazycaridad.es\/wp-content\/uploads\/2015\/01\/logo-fav-e1420247830294.jpg","width":144,"height":144,"caption":"Asociaci\u00f3n de Estudios Espirituales Grupo Villena"},"image":{"@id":"https:\/\/amorpazy-cp515.wordpresstemporal.com\/amorpazycaridad.es\/#\/schema\/logo\/image\/"},"sameAs":["http:\/\/www.facebook.com\/pages\/Amor-paz-y-caridad\/1594978604096866","https:\/\/x.com\/amorpazycaridad","https:\/\/es.pinterest.com\/amorpazycaridad\/","https:\/\/www.youtube.com\/channel\/UC1GvDIDCLoL02SzOD7NJdrA"]},{"@type":"Person","@id":"https:\/\/amorpazy-cp515.wordpresstemporal.com\/amorpazycaridad.es\/#\/schema\/person\/44cbc218f1b29f65390e7c8a4fd0c28d","name":"Redacci\u00f3n","image":{"@type":"ImageObject","inLanguage":"es","@id":"https:\/\/amorpazycaridad.es\/wp-content\/uploads\/2015\/01\/icono-114-96x96.jpg73ca1ff604f9e7c7607bbbfa84b61c44","url":"https:\/\/amorpazycaridad.es\/wp-content\/uploads\/2015\/01\/icono-114-96x96.jpg","contentUrl":"https:\/\/amorpazycaridad.es\/wp-content\/uploads\/2015\/01\/icono-114-96x96.jpg","caption":"Redacci\u00f3n"},"sameAs":["http:\/\/www.amorpazycaridad.com"],"url":"https:\/\/amorpazy-cp515.wordpresstemporal.com\/amorpazycaridad.es\/author\/redaccion\/"}]}},"authors":[{"term_id":519,"user_id":0,"is_guest":1,"slug":"cap-hernani-guimaraes-andrade","display_name":"hernani-guimaraes-andrade","avatar_url":"https:\/\/secure.gravatar.com\/avatar\/?s=96&d=mm&r=g","0":null,"1":"","2":"","3":"","4":"","5":"","6":"","7":"","8":""}],"_links":{"self":[{"href":"https:\/\/amorpazy-cp515.wordpresstemporal.com\/amorpazycaridad.es\/wp-json\/wp\/v2\/posts\/3757","targetHints":{"allow":["GET"]}}],"collection":[{"href":"https:\/\/amorpazy-cp515.wordpresstemporal.com\/amorpazycaridad.es\/wp-json\/wp\/v2\/posts"}],"about":[{"href":"https:\/\/amorpazy-cp515.wordpresstemporal.com\/amorpazycaridad.es\/wp-json\/wp\/v2\/types\/post"}],"author":[{"embeddable":true,"href":"https:\/\/amorpazy-cp515.wordpresstemporal.com\/amorpazycaridad.es\/wp-json\/wp\/v2\/users\/2"}],"replies":[{"embeddable":true,"href":"https:\/\/amorpazy-cp515.wordpresstemporal.com\/amorpazycaridad.es\/wp-json\/wp\/v2\/comments?post=3757"}],"version-history":[{"count":9,"href":"https:\/\/amorpazy-cp515.wordpresstemporal.com\/amorpazycaridad.es\/wp-json\/wp\/v2\/posts\/3757\/revisions"}],"predecessor-version":[{"id":3768,"href":"https:\/\/amorpazy-cp515.wordpresstemporal.com\/amorpazycaridad.es\/wp-json\/wp\/v2\/posts\/3757\/revisions\/3768"}],"wp:featuredmedia":[{"embeddable":true,"href":"https:\/\/amorpazy-cp515.wordpresstemporal.com\/amorpazycaridad.es\/wp-json\/wp\/v2\/media\/3761"}],"wp:attachment":[{"href":"https:\/\/amorpazy-cp515.wordpresstemporal.com\/amorpazycaridad.es\/wp-json\/wp\/v2\/media?parent=3757"}],"wp:term":[{"taxonomy":"category","embeddable":true,"href":"https:\/\/amorpazy-cp515.wordpresstemporal.com\/amorpazycaridad.es\/wp-json\/wp\/v2\/categories?post=3757"},{"taxonomy":"post_tag","embeddable":true,"href":"https:\/\/amorpazy-cp515.wordpresstemporal.com\/amorpazycaridad.es\/wp-json\/wp\/v2\/tags?post=3757"},{"taxonomy":"author","embeddable":true,"href":"https:\/\/amorpazy-cp515.wordpresstemporal.com\/amorpazycaridad.es\/wp-json\/wp\/v2\/ppma_author?post=3757"}],"curies":[{"name":"wp","href":"https:\/\/api.w.org\/{rel}","templated":true}]}}