{"id":3722,"date":"2015-06-22T05:51:31","date_gmt":"2015-06-22T04:51:31","guid":{"rendered":"https:\/\/amorpazycaridad.es\/?p=3722"},"modified":"2015-06-27T11:46:12","modified_gmt":"2015-06-27T10:46:12","slug":"naturaleza-de-las-comunicaciones-ii","status":"publish","type":"post","link":"https:\/\/amorpazy-cp515.wordpresstemporal.com\/amorpazycaridad.es\/naturaleza-de-las-comunicaciones-ii\/","title":{"rendered":"NATURALEZA DE LAS COMUNICACIONES  (II)"},"content":{"rendered":"<p style=\"text-align: justify;\">Continuando el tema abordado el mes anterior, y para establecer una definici\u00f3n acerca de las comunicaciones que provienen del mundo espiritual,\u00a0no existe nada mejor que la propia que hace a este respecto Allan Kardec en el Libro de los M\u00e9diums y que dice as\u00ed: <strong>\u201cLas comunicaciones de los esp\u00edritus han de reflejar la elevaci\u00f3n o bajeza de sus ideas, de su saber y su ignorancia, sus vicios y virtudes, en una palabra, ellos se asemejan a los hombres que van desde el ser m\u00e1s salvaje al m\u00e1s ilustrado.\u00bb<\/strong><\/p>\n<p style=\"text-align: justify;\">A trav\u00e9s de esta definici\u00f3n podemos comprobar, una vez m\u00e1s, como en el mundo espiritual existen todo tipo de personas al igual que aqu\u00ed en la tierra, y por ende, cuando dejamos el cuerpo f\u00edsico nos llevamos a la otra dimensi\u00f3n nuestros mismos gustos y atributos, defectos o virtudes, que seguiremos reflejando all\u00e1 donde vayamos. Es m\u00e1s, si podemos comunicar a trav\u00e9s de una mediumnidad tambi\u00e9n reflejaremos con exactitud nuestro nivel de evoluci\u00f3n espiritual.<\/p>\n<p style=\"text-align: justify;\">Esto nos aclara sobremanera, la idea de que no todos los esp\u00edritus est\u00e1n en condiciones de responder a todo lo que se les pregunta; sino que cada uno tiene las limitaciones propias de su nivel evolutivo. Es por ello que siempre hemos de utilizar la raz\u00f3n y el an\u00e1lisis como primer factor a la hora de estudiar una comunicaci\u00f3n espiritual. Por el hecho de que los esp\u00edritus se presenten con mucha elocuencia o palabras delicadas, no quiere decir que el mensaje provenga de esp\u00edritus de elevaci\u00f3n, antes al contrario: esp\u00edritus inteligentes y enga\u00f1osos que se valen de sus pseudo-conocimientos para intentar enga\u00f1ar a los presentes en la reuni\u00f3n medi\u00famnica, present\u00e1ndose como alguien importante cuando en realidad no lo son.<\/p>\n<p style=\"text-align: justify;\">De aqu\u00ed el hecho de que podamos <span style=\"text-decoration: underline;\"><strong>clasificar las comunicaciones<\/strong> en: Groseras, Fr\u00edvolas, Serias e Instructivas<\/span>. <strong>LAS COMUNICACIONES GROSERAS<\/strong>, son realizadas por esp\u00edritus de baja condici\u00f3n, muchos de ellos ignorantes, otros rebeldes, otros fanatizados con aspectos religiosos que desarrollaron en la tierra y que todav\u00eda los siguen practicando; hasta tal punto que, all\u00ed donde encuentran personas tendentes a los rituales y lo superficial, influyen sobre ellas para que realicen los mismos ritos que ellos practicaban durante su vida en la tierra.<\/p>\n<p style=\"text-align: justify;\">Estos esp\u00edritus, algunos de ellos obsesores, ofrecen mensajes poco esclarecedores, llenos de incongruencias y contradicciones con las leyes espirituales; es m\u00e1s, muchas veces estos mensajes, llevan una gran carga de fanatismo religioso que desemboca en consejos que atentan contra el sentido com\u00fan y la raz\u00f3n. Las comunicaciones que ofrecen estos esp\u00edritus pueden ser a su vez clasificadas como triviales, innobles, obscenas, insolentes, arrogantes, mal\u00e9volas e imp\u00edas.<\/p>\n<p style=\"text-align: justify;\">Dentro del segundo gran grupo; <strong>LAS COMUNICACIONES FR\u00cdVOLAS<\/strong>, son aquellas con todo lujo de verborrea y elocuencia mal entendida; que no tienen contenido alguno de importancia, que incluso est\u00e1n llenas de absurdos y faltas de l\u00f3gica. Son comunicaciones de esp\u00edritus irresponsables y falaces. Como muy bien define Allan Kardec este tipo de comunicaciones: \u201cLa verdad es lo que menos preocupa a estos esp\u00edritus; de ah\u00ed el maligno encanto que encuentran en mistificar a los que tienen la flaqueza y la presunci\u00f3n de creer en ellos y en su palabra: \u201cLas personas que se complacen en este g\u00e9nero de comunicaciones, dan acceso con facilidad a esp\u00edritus livianos y falaces.\u00bb<\/p>\n<p style=\"text-align: justify;\">Estos esp\u00edritus que comunican se prestan a todo tipo de cosas irresponsablemente, tales como adivinar el futuro, hacer predicciones, dan detalles sobre el destino de la criatura humana a trav\u00e9s de cartomantes, adivinos, etc. Podemos comprender pues, qu\u00e9 alejado se encuentra el aut\u00e9ntico sentido del espiritismo de todo aquello que tenga que ver con la magia, la adivinaci\u00f3n, la futurolog\u00eda, etc&#8230;; son cuestiones totalmente opuestas, e incluso el propio Allan Kardec lo dej\u00f3 claramente establecido en la codificaci\u00f3n espirita. Este tipo de comunicaciones suelen ofrecerlas esp\u00edritus cuyos perfiles podr\u00edan definirse como livianos, burlones, juguetones y maliciosos.<\/p>\n<p style=\"text-align: justify;\"><strong>LAS COMUNICACIONES SERIAS<\/strong>, son ponderadas y elevadas en cuanto al asunto que tratan, y elegantes en su forma. \u201cNo todos los esp\u00edritus serios est\u00e1n igualmente esclarecidos; hay muchas cosas que ellos ignoran y sobre las que pueden enga\u00f1arse, a pesar de su buena fe. Por ello, los esp\u00edritus superiores nos recomiendan de continuo que sometamos todas las comunicaciones al crisol de la raz\u00f3n y de la m\u00e1s rigurosa l\u00f3gica.\u00bb(El Libro de los M\u00e9diums, 2a parte, Cap. X) <strong>\u201cEn lo tocante a las comunicaciones serias, es conveniente distinguir entre las verdaderas de las falsas, lo que no es siempre f\u00e1cil, por cuanto a la sombra de la elevaci\u00f3n del lenguaje, ciertos esp\u00edritus presuntuosos o pseudo-inteligentes, procuran conseguir que prevalezcan las m\u00e1s falsas ideas y los m\u00e1s absurdos sistemas. Para darse mayor credibilidad y ostentar mayor importancia y atenci\u00f3n, no tienen escr\u00fapulos a la hora de adornarse a s\u00ed mismos con nombres respetables y venerados\u201d (Allan Kardec).<\/strong><\/p>\n<p style=\"text-align: justify;\"><strong>LAS COMUNICACIONES INSTRUCTIVAS<\/strong> ofrecen alg\u00fan esclarecimiento particular o general en el campo de la ciencia, la filosof\u00eda o la moral. Son tanto m\u00e1s profundas cuanto m\u00e1s elevado es el esp\u00edritu que las dicta. En ocasiones, esta profundidad nada tiene que ver con la amplitud del mensaje; pues esp\u00edritus muy elevados suelen ofrecer cortas comunicaciones de un ampl\u00edsimo y profundo contenido, lo que contrasta vivamente con los esp\u00edritus enga\u00f1osos que utilizan a veces palabras altisonantes y largos mensajes para impresionar a los que les escuchan.<\/p>\n<p style=\"text-align: justify;\">A este respecto dice Allan Kardec: \u201cEn esta categor\u00eda, no podemos incluir, por consiguiente, ciertas ense\u00f1anzas que de serias apenas tienen la forma; muchas veces ampulosa y enf\u00e1tica con que los esp\u00edritus las dictan, m\u00e1s presuntuosos que instruidos, cuentan con eludir a los que las reciben \u201d (El Libro de los M\u00e9diums).<\/p>\n<p style=\"text-align: justify;\"><strong>Una comunicaci\u00f3n instructiva siempre intentar\u00e1 ofrecer lo mejor para nuestro progreso espiritual, aunque a veces no nos guste lo que escuchamos<\/strong>; pues con frecuencia, estas comunicaciones insisten sobremanera en el perfeccionamiento moral de los encamados, en la superaci\u00f3n de los vicios y las debilidades, lo que no siempre nos gusta admitir y comprender debido a nuestra soberbia y orgullo.<\/p>\n<p style=\"text-align: justify;\">No obstante, la delicadeza y la claridad de conceptos que se transmiten en estas comunicaciones, son de una enorme ayuda para el progreso moral del hombre. La continuidad y la regularidad es una de las caracter\u00edsticas de estas comunicaciones, obedeciendo a un plan de trabajo que los esp\u00edritus se trazan, a fin de ayudar a los encamados en base a las necesidades espirituales que estos \u00faltimos tienen.<\/p>\n<p style=\"text-align: justify;\">Tanto es as\u00ed que, en una comunicaci\u00f3n instructiva podemos encontrar conocimientos que no por ser simples no dejan de ser aut\u00e9nticas realidades ignoradas por el hombre de la tierra. Igualmente, podemos tener comunicaciones de un profundo sentido filos\u00f3fico o cient\u00edfico, con conceptos ignorados hasta la fecha por la ciencia de nuestro planeta. Son tantos los conceptos de verdad que el plano espiritual puede ofrecer al plano f\u00edsico, que lamentablemente, lo que falta son m\u00e9diums serios, bien formados e instruidos, que presenten una educaci\u00f3n moral adecuada que les permita recibir a estos grandes esp\u00edritus del espacio, siempre abiertos a la ayuda y el esclarecimiento de las conciencias de los hombres.<\/p>\n<p style=\"text-align: justify;\"><strong>No falla, pues, la base de la comunicaci\u00f3n, sino el canal por el que se ha de transmitir<\/strong>; ya que m\u00e9diums hay millones, pero son muy pocos los que est\u00e1n en condiciones adecuadas para recibir estos grandes mensajes. De aqu\u00ed que podamos concluir diciendo, que <strong>la base de una buena comunicaci\u00f3n es: la armon\u00eda psico-f\u00edsica del m\u00e9dium, su condici\u00f3n moral y el nivel de conocimientos espirituales<\/strong><em><strong>.<\/strong><\/em> Con estas tres premisas y la buena voluntad para hacer las cosas bien, lo dem\u00e1s vendr\u00e1 por a\u00f1adidura.<\/p>\n<p style=\"text-align: justify;\">Es pues, de vital importancia, la educaci\u00f3n medi\u00famnica que ir\u00e1 complementando lo expuesto junto a la experiencia que el m\u00e9dium asimilar\u00e1 al trabajar con asiduidad. La mediumnidad, como gran factor de responsabilidad espiritual que es, no podemos tomarla de cualquier manera y por tanto necesita de nuestra atenci\u00f3n as\u00ed como de un estudio constante y permanente; el m\u00e9dium nunca deja de aprender si est\u00e1 abierto a nuevas formas de progreso y evoluci\u00f3n.<\/p>\n<p style=\"text-align: justify;\">Es por ello que, el fanatismo y el orgullo\u00a0de algunos m\u00e9diums, perjudica notablemente no s\u00f3lo la comunicaci\u00f3n medi\u00famnica, sino la capacidad de aprendizaje de s\u00ed mismo, con lo cual la mediumnidad se estanca, no evoluciona, y el m\u00e9dium corre el riesgo de perder durante toda una existencia la maravillosa oportunidad de progreso que representa el ejercicio responsable de la mediumnidad.<\/p>\n<p style=\"text-align: right;\">Antonio Lled\u00f3 Flor<\/p>\n<p style=\"text-align: right;\">\u00a92015, Amor,paz y caridad<\/p>\n<p style=\"text-align: justify;\">[infobox]<strong>\u00ab..Las imperfecciones morales son puertas abiertas a los malos esp\u00edritus; siendo el orgullo del m\u00e9dium el que mejor explotan los esp\u00edritus mentirosos, pues este defecto no le permite conocerse a s\u00ed mismo, haci\u00e9ndole fracasar, pervirtiendo su facultad y humill\u00e1ndolo posteriormente&#8230;\u00bb <\/strong><\/p>\n<p style=\"text-align: right;\"><strong>\u00a0Allan Kardec<\/strong>\u00a0 &#8211;\u00a0<em>El libro de los M\u00e9diums. Item. 227<\/em><\/p>\n<p style=\"text-align: justify;\">[\/infobox]\n","protected":false},"excerpt":{"rendered":"<p>Continuando el tema abordado el mes anterior, y para establecer una definici\u00f3n acerca de las comunicaciones que provienen del mundo espiritual,\u00a0no existe nada mejor que la propia que hace a este respecto Allan Kardec en el Libro de los M\u00e9diums y que dice as\u00ed: \u201cLas comunicaciones de los esp\u00edritus han de reflejar la elevaci\u00f3n o [&hellip;]<\/p>\n","protected":false},"author":6,"featured_media":3816,"comment_status":"open","ping_status":"open","sticky":false,"template":"","format":"standard","meta":{"tdm_status":"","tdm_grid_status":"","footnotes":""},"categories":[23],"tags":[1664,1630,1665,1662,1663,1631,1661,1660],"ppma_author":[407],"class_list":{"0":"post-3722","1":"post","2":"type-post","3":"status-publish","4":"format-standard","5":"has-post-thumbnail","7":"category-educacion-mediumnica","8":"tag-armonia-psico-fisica-del-medium","9":"tag-comunicaciones-groseras","10":"tag-condicion-moral","11":"tag-educacion-mediumnica-2","12":"tag-fanatismo-y-endiosamiento","13":"tag-frivolas","14":"tag-instructivas","15":"tag-serias"},"yoast_head":"<!-- This site is optimized with the Yoast SEO plugin v27.7 - https:\/\/yoast.com\/product\/yoast-seo-wordpress\/ -->\n<title>NATURALEZA DE LAS COMUNICACIONES (II) | Amor, paz caridad<\/title>\n<meta name=\"robots\" content=\"index, follow, max-snippet:-1, max-image-preview:large, max-video-preview:-1\" \/>\n<link rel=\"canonical\" href=\"https:\/\/amorpazy-cp515.wordpresstemporal.com\/amorpazycaridad.es\/naturaleza-de-las-comunicaciones-ii\/\" \/>\n<meta property=\"og:locale\" content=\"es_ES\" \/>\n<meta property=\"og:type\" content=\"article\" \/>\n<meta property=\"og:title\" content=\"NATURALEZA DE LAS COMUNICACIONES (II) | Amor, paz caridad\" \/>\n<meta property=\"og:description\" content=\"Continuando el tema abordado el mes anterior, y para establecer una definici\u00f3n acerca de las comunicaciones que provienen del mundo espiritual,\u00a0no existe nada mejor que la propia que hace a este respecto Allan Kardec en el Libro de los M\u00e9diums y que dice as\u00ed: \u201cLas comunicaciones de los esp\u00edritus han de reflejar la elevaci\u00f3n o [&hellip;]\" \/>\n<meta property=\"og:url\" content=\"https:\/\/amorpazy-cp515.wordpresstemporal.com\/amorpazycaridad.es\/naturaleza-de-las-comunicaciones-ii\/\" \/>\n<meta property=\"og:site_name\" content=\"Amor, paz caridad\" \/>\n<meta property=\"article:publisher\" content=\"http:\/\/www.facebook.com\/pages\/Amor-paz-y-caridad\/1594978604096866\" \/>\n<meta property=\"article:published_time\" content=\"2015-06-22T04:51:31+00:00\" \/>\n<meta property=\"article:modified_time\" content=\"2015-06-27T10:46:12+00:00\" \/>\n<meta property=\"og:image\" content=\"https:\/\/amorpazy-cp515.wordpresstemporal.com\/amorpazycaridad.es\/wp-content\/uploads\/2015\/05\/naturaleza-comunicaciones-2.jpg\" \/>\n\t<meta property=\"og:image:width\" content=\"750\" \/>\n\t<meta property=\"og:image:height\" content=\"350\" \/>\n\t<meta property=\"og:image:type\" content=\"image\/jpeg\" \/>\n<meta name=\"author\" content=\"Antonio\" \/>\n<meta name=\"twitter:card\" content=\"summary_large_image\" \/>\n<meta name=\"twitter:creator\" content=\"@amorpazycaridad\" \/>\n<meta name=\"twitter:site\" content=\"@amorpazycaridad\" \/>\n<meta name=\"twitter:label1\" content=\"Escrito por\" \/>\n\t<meta name=\"twitter:data1\" content=\"Antonio Lled\u00f3 Flor\" \/>\n\t<meta name=\"twitter:label2\" content=\"Tiempo de lectura\" \/>\n\t<meta name=\"twitter:data2\" content=\"8 minutos\" \/>\n<script type=\"application\/ld+json\" class=\"yoast-schema-graph\">{\"@context\":\"https:\\\/\\\/schema.org\",\"@graph\":[{\"@type\":\"Article\",\"@id\":\"https:\\\/\\\/amorpazy-cp515.wordpresstemporal.com\\\/amorpazycaridad.es\\\/naturaleza-de-las-comunicaciones-ii\\\/#article\",\"isPartOf\":{\"@id\":\"https:\\\/\\\/amorpazy-cp515.wordpresstemporal.com\\\/amorpazycaridad.es\\\/naturaleza-de-las-comunicaciones-ii\\\/\"},\"author\":{\"name\":\"Antonio Lled\u00f3 Flor\",\"@id\":\"https:\\\/\\\/amorpazycaridad.es\\\/#\\\/schema\\\/person\\\/221ba4fa1195cdcac2bd273305f4b13f\"},\"headline\":\"NATURALEZA DE LAS COMUNICACIONES (II)\",\"datePublished\":\"2015-06-22T04:51:31+00:00\",\"dateModified\":\"2015-06-27T10:46:12+00:00\",\"mainEntityOfPage\":{\"@id\":\"https:\\\/\\\/amorpazy-cp515.wordpresstemporal.com\\\/amorpazycaridad.es\\\/naturaleza-de-las-comunicaciones-ii\\\/\"},\"wordCount\":1564,\"commentCount\":0,\"publisher\":{\"@id\":\"https:\\\/\\\/amorpazycaridad.es\\\/#organization\"},\"image\":{\"@id\":\"https:\\\/\\\/amorpazy-cp515.wordpresstemporal.com\\\/amorpazycaridad.es\\\/naturaleza-de-las-comunicaciones-ii\\\/#primaryimage\"},\"thumbnailUrl\":\"https:\\\/\\\/amorpazy-cp515.wordpresstemporal.com\\\/amorpazycaridad.es\\\/wp-content\\\/uploads\\\/2015\\\/05\\\/naturaleza-comunicaciones-2.jpg\",\"keywords\":[\"armon\u00eda psico-f\u00edsica del m\u00e9dium\",\"comunicaciones groseras\",\"condici\u00f3n moral\",\"educaci\u00f3n medi\u00famnica\",\"fanatismo y endiosamiento\",\"fr\u00edvolas\",\"instructivas\",\"serias\"],\"articleSection\":[\"Educaci\u00f3n Mediumnica\"],\"inLanguage\":\"es\",\"potentialAction\":[{\"@type\":\"CommentAction\",\"name\":\"Comment\",\"target\":[\"https:\\\/\\\/amorpazy-cp515.wordpresstemporal.com\\\/amorpazycaridad.es\\\/naturaleza-de-las-comunicaciones-ii\\\/#respond\"]}]},{\"@type\":\"WebPage\",\"@id\":\"https:\\\/\\\/amorpazy-cp515.wordpresstemporal.com\\\/amorpazycaridad.es\\\/naturaleza-de-las-comunicaciones-ii\\\/\",\"url\":\"https:\\\/\\\/amorpazy-cp515.wordpresstemporal.com\\\/amorpazycaridad.es\\\/naturaleza-de-las-comunicaciones-ii\\\/\",\"name\":\"NATURALEZA DE LAS COMUNICACIONES (II) | Amor, paz caridad\",\"isPartOf\":{\"@id\":\"https:\\\/\\\/amorpazycaridad.es\\\/#website\"},\"primaryImageOfPage\":{\"@id\":\"https:\\\/\\\/amorpazy-cp515.wordpresstemporal.com\\\/amorpazycaridad.es\\\/naturaleza-de-las-comunicaciones-ii\\\/#primaryimage\"},\"image\":{\"@id\":\"https:\\\/\\\/amorpazy-cp515.wordpresstemporal.com\\\/amorpazycaridad.es\\\/naturaleza-de-las-comunicaciones-ii\\\/#primaryimage\"},\"thumbnailUrl\":\"https:\\\/\\\/amorpazy-cp515.wordpresstemporal.com\\\/amorpazycaridad.es\\\/wp-content\\\/uploads\\\/2015\\\/05\\\/naturaleza-comunicaciones-2.jpg\",\"datePublished\":\"2015-06-22T04:51:31+00:00\",\"dateModified\":\"2015-06-27T10:46:12+00:00\",\"breadcrumb\":{\"@id\":\"https:\\\/\\\/amorpazy-cp515.wordpresstemporal.com\\\/amorpazycaridad.es\\\/naturaleza-de-las-comunicaciones-ii\\\/#breadcrumb\"},\"inLanguage\":\"es\",\"potentialAction\":[{\"@type\":\"ReadAction\",\"target\":[\"https:\\\/\\\/amorpazy-cp515.wordpresstemporal.com\\\/amorpazycaridad.es\\\/naturaleza-de-las-comunicaciones-ii\\\/\"]}]},{\"@type\":\"ImageObject\",\"inLanguage\":\"es\",\"@id\":\"https:\\\/\\\/amorpazy-cp515.wordpresstemporal.com\\\/amorpazycaridad.es\\\/naturaleza-de-las-comunicaciones-ii\\\/#primaryimage\",\"url\":\"https:\\\/\\\/amorpazy-cp515.wordpresstemporal.com\\\/amorpazycaridad.es\\\/wp-content\\\/uploads\\\/2015\\\/05\\\/naturaleza-comunicaciones-2.jpg\",\"contentUrl\":\"https:\\\/\\\/amorpazy-cp515.wordpresstemporal.com\\\/amorpazycaridad.es\\\/wp-content\\\/uploads\\\/2015\\\/05\\\/naturaleza-comunicaciones-2.jpg\",\"width\":750,\"height\":350},{\"@type\":\"BreadcrumbList\",\"@id\":\"https:\\\/\\\/amorpazy-cp515.wordpresstemporal.com\\\/amorpazycaridad.es\\\/naturaleza-de-las-comunicaciones-ii\\\/#breadcrumb\",\"itemListElement\":[{\"@type\":\"ListItem\",\"position\":1,\"name\":\"Portada\",\"item\":\"https:\\\/\\\/amorpazycaridad.es\\\/\"},{\"@type\":\"ListItem\",\"position\":2,\"name\":\"NATURALEZA DE LAS COMUNICACIONES (II)\"}]},{\"@type\":\"WebSite\",\"@id\":\"https:\\\/\\\/amorpazycaridad.es\\\/#website\",\"url\":\"https:\\\/\\\/amorpazycaridad.es\\\/\",\"name\":\"Amor, paz caridad\",\"description\":\"Conocimiento espiritual, espiritismo, espiritualismo, leyes universales, m\u00e1s all\u00e1, vida despu\u00e9s de la vida,\",\"publisher\":{\"@id\":\"https:\\\/\\\/amorpazycaridad.es\\\/#organization\"},\"potentialAction\":[{\"@type\":\"SearchAction\",\"target\":{\"@type\":\"EntryPoint\",\"urlTemplate\":\"https:\\\/\\\/amorpazycaridad.es\\\/?s={search_term_string}\"},\"query-input\":{\"@type\":\"PropertyValueSpecification\",\"valueRequired\":true,\"valueName\":\"search_term_string\"}}],\"inLanguage\":\"es\"},{\"@type\":\"Organization\",\"@id\":\"https:\\\/\\\/amorpazycaridad.es\\\/#organization\",\"name\":\"Asociaci\u00f3n de Estudios Espirituales Grupo Villena\",\"url\":\"https:\\\/\\\/amorpazycaridad.es\\\/\",\"logo\":{\"@type\":\"ImageObject\",\"inLanguage\":\"es\",\"@id\":\"https:\\\/\\\/amorpazycaridad.es\\\/#\\\/schema\\\/logo\\\/image\\\/\",\"url\":\"https:\\\/\\\/amorpazycaridad.es\\\/wp-content\\\/uploads\\\/2015\\\/01\\\/logo-fav-e1420247830294.jpg\",\"contentUrl\":\"https:\\\/\\\/amorpazycaridad.es\\\/wp-content\\\/uploads\\\/2015\\\/01\\\/logo-fav-e1420247830294.jpg\",\"width\":144,\"height\":144,\"caption\":\"Asociaci\u00f3n de Estudios Espirituales Grupo Villena\"},\"image\":{\"@id\":\"https:\\\/\\\/amorpazycaridad.es\\\/#\\\/schema\\\/logo\\\/image\\\/\"},\"sameAs\":[\"http:\\\/\\\/www.facebook.com\\\/pages\\\/Amor-paz-y-caridad\\\/1594978604096866\",\"https:\\\/\\\/x.com\\\/amorpazycaridad\",\"https:\\\/\\\/es.pinterest.com\\\/amorpazycaridad\\\/\",\"https:\\\/\\\/www.youtube.com\\\/channel\\\/UC1GvDIDCLoL02SzOD7NJdrA\"]},{\"@type\":\"Person\",\"@id\":\"https:\\\/\\\/amorpazycaridad.es\\\/#\\\/schema\\\/person\\\/221ba4fa1195cdcac2bd273305f4b13f\",\"name\":\"Antonio Lled\u00f3 Flor\",\"image\":{\"@type\":\"ImageObject\",\"inLanguage\":\"es\",\"@id\":\"https:\\\/\\\/amorpazy-cp515.wordpresstemporal.com\\\/amorpazycaridad.es\\\/wp-content\\\/uploads\\\/2016\\\/07\\\/IMG_1655-96x96.jpg5b8dbc14a881d27b23191d1f73ee32db\",\"url\":\"https:\\\/\\\/amorpazy-cp515.wordpresstemporal.com\\\/amorpazycaridad.es\\\/wp-content\\\/uploads\\\/2016\\\/07\\\/IMG_1655-96x96.jpg\",\"contentUrl\":\"https:\\\/\\\/amorpazy-cp515.wordpresstemporal.com\\\/amorpazycaridad.es\\\/wp-content\\\/uploads\\\/2016\\\/07\\\/IMG_1655-96x96.jpg\",\"caption\":\"Antonio Lled\u00f3 Flor\"},\"description\":\"D. Antonio Lled\u00f3 Flor, es Licenciado en Filosof\u00eda por la Universidad de Alicante. Ejecutivo de entidad financiera durante 25 a\u00f1os. Escritor, orador, divulgador y miembro del Grupo Villena desde su fundaci\u00f3n, de la que fue presidente. Fue director de la revista Amor Paz y Caridad durante diez a\u00f1os en su anterior etapa, y desde hace m\u00e1s de 35 a\u00f1os viene dictando conferencias y participando en seminarios, simposios, congresos; tanto nacionales como internacionales. Forma parte del equipo de redacci\u00f3n de dicha revista, actualmente en formato web, aportando art\u00edculos de inter\u00e9s y permanente actualidad.\",\"sameAs\":[\"http:\\\/\\\/www.amorpazycaridad.com\"],\"url\":\"https:\\\/\\\/amorpazy-cp515.wordpresstemporal.com\\\/amorpazycaridad.es\\\/author\\\/antonio\\\/\"}]}<\/script>\n<!-- \/ Yoast SEO plugin. -->","yoast_head_json":{"title":"NATURALEZA DE LAS COMUNICACIONES (II) | Amor, paz caridad","robots":{"index":"index","follow":"follow","max-snippet":"max-snippet:-1","max-image-preview":"max-image-preview:large","max-video-preview":"max-video-preview:-1"},"canonical":"https:\/\/amorpazy-cp515.wordpresstemporal.com\/amorpazycaridad.es\/naturaleza-de-las-comunicaciones-ii\/","og_locale":"es_ES","og_type":"article","og_title":"NATURALEZA DE LAS COMUNICACIONES (II) | Amor, paz caridad","og_description":"Continuando el tema abordado el mes anterior, y para establecer una definici\u00f3n acerca de las comunicaciones que provienen del mundo espiritual,\u00a0no existe nada mejor que la propia que hace a este respecto Allan Kardec en el Libro de los M\u00e9diums y que dice as\u00ed: \u201cLas comunicaciones de los esp\u00edritus han de reflejar la elevaci\u00f3n o [&hellip;]","og_url":"https:\/\/amorpazy-cp515.wordpresstemporal.com\/amorpazycaridad.es\/naturaleza-de-las-comunicaciones-ii\/","og_site_name":"Amor, paz caridad","article_publisher":"http:\/\/www.facebook.com\/pages\/Amor-paz-y-caridad\/1594978604096866","article_published_time":"2015-06-22T04:51:31+00:00","article_modified_time":"2015-06-27T10:46:12+00:00","og_image":[{"width":750,"height":350,"url":"https:\/\/amorpazy-cp515.wordpresstemporal.com\/amorpazycaridad.es\/wp-content\/uploads\/2015\/05\/naturaleza-comunicaciones-2.jpg","type":"image\/jpeg"}],"author":"Antonio","twitter_card":"summary_large_image","twitter_creator":"@amorpazycaridad","twitter_site":"@amorpazycaridad","twitter_misc":{"Escrito por":"Antonio Lled\u00f3 Flor","Tiempo de lectura":"8 minutos"},"schema":{"@context":"https:\/\/schema.org","@graph":[{"@type":"Article","@id":"https:\/\/amorpazy-cp515.wordpresstemporal.com\/amorpazycaridad.es\/naturaleza-de-las-comunicaciones-ii\/#article","isPartOf":{"@id":"https:\/\/amorpazy-cp515.wordpresstemporal.com\/amorpazycaridad.es\/naturaleza-de-las-comunicaciones-ii\/"},"author":{"name":"Antonio Lled\u00f3 Flor","@id":"https:\/\/amorpazycaridad.es\/#\/schema\/person\/221ba4fa1195cdcac2bd273305f4b13f"},"headline":"NATURALEZA DE LAS COMUNICACIONES (II)","datePublished":"2015-06-22T04:51:31+00:00","dateModified":"2015-06-27T10:46:12+00:00","mainEntityOfPage":{"@id":"https:\/\/amorpazy-cp515.wordpresstemporal.com\/amorpazycaridad.es\/naturaleza-de-las-comunicaciones-ii\/"},"wordCount":1564,"commentCount":0,"publisher":{"@id":"https:\/\/amorpazycaridad.es\/#organization"},"image":{"@id":"https:\/\/amorpazy-cp515.wordpresstemporal.com\/amorpazycaridad.es\/naturaleza-de-las-comunicaciones-ii\/#primaryimage"},"thumbnailUrl":"https:\/\/amorpazy-cp515.wordpresstemporal.com\/amorpazycaridad.es\/wp-content\/uploads\/2015\/05\/naturaleza-comunicaciones-2.jpg","keywords":["armon\u00eda psico-f\u00edsica del m\u00e9dium","comunicaciones groseras","condici\u00f3n moral","educaci\u00f3n medi\u00famnica","fanatismo y endiosamiento","fr\u00edvolas","instructivas","serias"],"articleSection":["Educaci\u00f3n Mediumnica"],"inLanguage":"es","potentialAction":[{"@type":"CommentAction","name":"Comment","target":["https:\/\/amorpazy-cp515.wordpresstemporal.com\/amorpazycaridad.es\/naturaleza-de-las-comunicaciones-ii\/#respond"]}]},{"@type":"WebPage","@id":"https:\/\/amorpazy-cp515.wordpresstemporal.com\/amorpazycaridad.es\/naturaleza-de-las-comunicaciones-ii\/","url":"https:\/\/amorpazy-cp515.wordpresstemporal.com\/amorpazycaridad.es\/naturaleza-de-las-comunicaciones-ii\/","name":"NATURALEZA DE LAS COMUNICACIONES (II) | Amor, paz caridad","isPartOf":{"@id":"https:\/\/amorpazycaridad.es\/#website"},"primaryImageOfPage":{"@id":"https:\/\/amorpazy-cp515.wordpresstemporal.com\/amorpazycaridad.es\/naturaleza-de-las-comunicaciones-ii\/#primaryimage"},"image":{"@id":"https:\/\/amorpazy-cp515.wordpresstemporal.com\/amorpazycaridad.es\/naturaleza-de-las-comunicaciones-ii\/#primaryimage"},"thumbnailUrl":"https:\/\/amorpazy-cp515.wordpresstemporal.com\/amorpazycaridad.es\/wp-content\/uploads\/2015\/05\/naturaleza-comunicaciones-2.jpg","datePublished":"2015-06-22T04:51:31+00:00","dateModified":"2015-06-27T10:46:12+00:00","breadcrumb":{"@id":"https:\/\/amorpazy-cp515.wordpresstemporal.com\/amorpazycaridad.es\/naturaleza-de-las-comunicaciones-ii\/#breadcrumb"},"inLanguage":"es","potentialAction":[{"@type":"ReadAction","target":["https:\/\/amorpazy-cp515.wordpresstemporal.com\/amorpazycaridad.es\/naturaleza-de-las-comunicaciones-ii\/"]}]},{"@type":"ImageObject","inLanguage":"es","@id":"https:\/\/amorpazy-cp515.wordpresstemporal.com\/amorpazycaridad.es\/naturaleza-de-las-comunicaciones-ii\/#primaryimage","url":"https:\/\/amorpazy-cp515.wordpresstemporal.com\/amorpazycaridad.es\/wp-content\/uploads\/2015\/05\/naturaleza-comunicaciones-2.jpg","contentUrl":"https:\/\/amorpazy-cp515.wordpresstemporal.com\/amorpazycaridad.es\/wp-content\/uploads\/2015\/05\/naturaleza-comunicaciones-2.jpg","width":750,"height":350},{"@type":"BreadcrumbList","@id":"https:\/\/amorpazy-cp515.wordpresstemporal.com\/amorpazycaridad.es\/naturaleza-de-las-comunicaciones-ii\/#breadcrumb","itemListElement":[{"@type":"ListItem","position":1,"name":"Portada","item":"https:\/\/amorpazycaridad.es\/"},{"@type":"ListItem","position":2,"name":"NATURALEZA DE LAS COMUNICACIONES (II)"}]},{"@type":"WebSite","@id":"https:\/\/amorpazycaridad.es\/#website","url":"https:\/\/amorpazycaridad.es\/","name":"Amor, paz caridad","description":"Conocimiento espiritual, espiritismo, espiritualismo, leyes universales, m\u00e1s all\u00e1, vida despu\u00e9s de la vida,","publisher":{"@id":"https:\/\/amorpazycaridad.es\/#organization"},"potentialAction":[{"@type":"SearchAction","target":{"@type":"EntryPoint","urlTemplate":"https:\/\/amorpazycaridad.es\/?s={search_term_string}"},"query-input":{"@type":"PropertyValueSpecification","valueRequired":true,"valueName":"search_term_string"}}],"inLanguage":"es"},{"@type":"Organization","@id":"https:\/\/amorpazycaridad.es\/#organization","name":"Asociaci\u00f3n de Estudios Espirituales Grupo Villena","url":"https:\/\/amorpazycaridad.es\/","logo":{"@type":"ImageObject","inLanguage":"es","@id":"https:\/\/amorpazycaridad.es\/#\/schema\/logo\/image\/","url":"https:\/\/amorpazycaridad.es\/wp-content\/uploads\/2015\/01\/logo-fav-e1420247830294.jpg","contentUrl":"https:\/\/amorpazycaridad.es\/wp-content\/uploads\/2015\/01\/logo-fav-e1420247830294.jpg","width":144,"height":144,"caption":"Asociaci\u00f3n de Estudios Espirituales Grupo Villena"},"image":{"@id":"https:\/\/amorpazycaridad.es\/#\/schema\/logo\/image\/"},"sameAs":["http:\/\/www.facebook.com\/pages\/Amor-paz-y-caridad\/1594978604096866","https:\/\/x.com\/amorpazycaridad","https:\/\/es.pinterest.com\/amorpazycaridad\/","https:\/\/www.youtube.com\/channel\/UC1GvDIDCLoL02SzOD7NJdrA"]},{"@type":"Person","@id":"https:\/\/amorpazycaridad.es\/#\/schema\/person\/221ba4fa1195cdcac2bd273305f4b13f","name":"Antonio Lled\u00f3 Flor","image":{"@type":"ImageObject","inLanguage":"es","@id":"https:\/\/amorpazy-cp515.wordpresstemporal.com\/amorpazycaridad.es\/wp-content\/uploads\/2016\/07\/IMG_1655-96x96.jpg5b8dbc14a881d27b23191d1f73ee32db","url":"https:\/\/amorpazy-cp515.wordpresstemporal.com\/amorpazycaridad.es\/wp-content\/uploads\/2016\/07\/IMG_1655-96x96.jpg","contentUrl":"https:\/\/amorpazy-cp515.wordpresstemporal.com\/amorpazycaridad.es\/wp-content\/uploads\/2016\/07\/IMG_1655-96x96.jpg","caption":"Antonio Lled\u00f3 Flor"},"description":"D. Antonio Lled\u00f3 Flor, es Licenciado en Filosof\u00eda por la Universidad de Alicante. Ejecutivo de entidad financiera durante 25 a\u00f1os. Escritor, orador, divulgador y miembro del Grupo Villena desde su fundaci\u00f3n, de la que fue presidente. Fue director de la revista Amor Paz y Caridad durante diez a\u00f1os en su anterior etapa, y desde hace m\u00e1s de 35 a\u00f1os viene dictando conferencias y participando en seminarios, simposios, congresos; tanto nacionales como internacionales. Forma parte del equipo de redacci\u00f3n de dicha revista, actualmente en formato web, aportando art\u00edculos de inter\u00e9s y permanente actualidad.","sameAs":["http:\/\/www.amorpazycaridad.com"],"url":"https:\/\/amorpazy-cp515.wordpresstemporal.com\/amorpazycaridad.es\/author\/antonio\/"}]}},"authors":[{"term_id":407,"user_id":0,"is_guest":1,"slug":"cap-antonio","display_name":"Antonio","avatar_url":"https:\/\/secure.gravatar.com\/avatar\/?s=96&d=mm&r=g","0":null,"1":"","2":"","3":"","4":"","5":"","6":"","7":"","8":""}],"_links":{"self":[{"href":"https:\/\/amorpazy-cp515.wordpresstemporal.com\/amorpazycaridad.es\/wp-json\/wp\/v2\/posts\/3722","targetHints":{"allow":["GET"]}}],"collection":[{"href":"https:\/\/amorpazy-cp515.wordpresstemporal.com\/amorpazycaridad.es\/wp-json\/wp\/v2\/posts"}],"about":[{"href":"https:\/\/amorpazy-cp515.wordpresstemporal.com\/amorpazycaridad.es\/wp-json\/wp\/v2\/types\/post"}],"author":[{"embeddable":true,"href":"https:\/\/amorpazy-cp515.wordpresstemporal.com\/amorpazycaridad.es\/wp-json\/wp\/v2\/users\/6"}],"replies":[{"embeddable":true,"href":"https:\/\/amorpazy-cp515.wordpresstemporal.com\/amorpazycaridad.es\/wp-json\/wp\/v2\/comments?post=3722"}],"version-history":[{"count":9,"href":"https:\/\/amorpazy-cp515.wordpresstemporal.com\/amorpazycaridad.es\/wp-json\/wp\/v2\/posts\/3722\/revisions"}],"predecessor-version":[{"id":3843,"href":"https:\/\/amorpazy-cp515.wordpresstemporal.com\/amorpazycaridad.es\/wp-json\/wp\/v2\/posts\/3722\/revisions\/3843"}],"wp:featuredmedia":[{"embeddable":true,"href":"https:\/\/amorpazy-cp515.wordpresstemporal.com\/amorpazycaridad.es\/wp-json\/wp\/v2\/media\/3816"}],"wp:attachment":[{"href":"https:\/\/amorpazy-cp515.wordpresstemporal.com\/amorpazycaridad.es\/wp-json\/wp\/v2\/media?parent=3722"}],"wp:term":[{"taxonomy":"category","embeddable":true,"href":"https:\/\/amorpazy-cp515.wordpresstemporal.com\/amorpazycaridad.es\/wp-json\/wp\/v2\/categories?post=3722"},{"taxonomy":"post_tag","embeddable":true,"href":"https:\/\/amorpazy-cp515.wordpresstemporal.com\/amorpazycaridad.es\/wp-json\/wp\/v2\/tags?post=3722"},{"taxonomy":"author","embeddable":true,"href":"https:\/\/amorpazy-cp515.wordpresstemporal.com\/amorpazycaridad.es\/wp-json\/wp\/v2\/ppma_author?post=3722"}],"curies":[{"name":"wp","href":"https:\/\/api.w.org\/{rel}","templated":true}]}}