{"id":367,"date":"2012-02-27T15:49:00","date_gmt":"2012-02-27T15:49:00","guid":{"rendered":"https:\/\/amorpazycaridad.es\/uncategorized\/hablemos-de-4\/"},"modified":"2015-04-30T20:44:49","modified_gmt":"2015-04-30T19:44:49","slug":"la-ciencia-ante-el-fenomeno-ovni","status":"publish","type":"post","link":"https:\/\/amorpazy-cp515.wordpresstemporal.com\/amorpazycaridad.es\/la-ciencia-ante-el-fenomeno-ovni\/","title":{"rendered":"LA CIENCIA ANTE EL FEN\u00d3MENO OVNI"},"content":{"rendered":"<div style=\"text-align: center; text-indent: 43pt; margin: 0cm 1pt 0.0001pt 1pt;\"><\/div>\n<div style=\"text-align: justify;\"><span style=\"font-size: large;\">\u00a0<\/span><\/div>\n<div style=\"text-align: justify;\"><span style=\"font-size: large;\">\u00a0 Para verdaderamente ser objetivos en cualquier tema hay que analizar y sopesar todas aquellas posibilidades a nuestro alcance, sin despreciar ninguna, para poder elegir nuestro camino con la garant\u00eda de un convencimiento propio, fruto de una investigaci\u00f3n consecuente.\u00a0<\/span><br \/>\n<a name=\"more\"><\/a><\/div>\n<div style=\"text-align: justify;\"><span style=\"font-size: large;\">\u00a0<\/span><\/div>\n<div style=\"text-align: justify;\"><span style=\"font-size: large;\">\u00a0 En un tema tan actual como el de los OVNIS, es preciso considerar muy detenidamente la opini\u00f3n que al respecto presenta la ciencia. En estos momentos existen discrepancias muy fuertes entre los investigadores, siendo muy dif\u00edcil una conjunci\u00f3n de criterios; pero s\u00ed que existe algo realmente interesante, y desde nuestro punto de vista muy significativo, que es necesario resaltar quiz\u00e1s como un punto de apoyo s\u00f3lido, que nos permita adentrarnos en su estudio sin temores y con esperanza. Si bien la ciencia no est\u00e1 de acuerdo con las diferentes tendencias surgidas y entre las que se plantean diversas opciones, existe un hecho evidente: es necesario probar la veracidad de un fen\u00f3meno para admitir su existencia; pero, estimamos, que es tan preciso o m\u00e1s, probar la imposibili\u00addad real de que ese fen\u00f3meno no pueda acontecer. Actuar de otra forma ser\u00eda coartar la libertad y marchar contra el progreso, pues la propia experiencia nos demuestra que lo que hoy parece imposible, ma\u00f1ana es una realidad.\u00a0<\/span><\/div>\n<div style=\"text-align: justify;\"><span style=\"font-size: large;\">\u00a0<\/span><\/div>\n<div style=\"text-align: justify;\"><span style=\"font-size: large;\">\u00a0 Bas\u00e1ndonos en estas premisas, tenemos que argumen\u00adtar que, a pesar de los grandes intentos por menospreciar y desprestigiar todo lo relacionado con este fen\u00f3meno, es dentro de la propia ciencia donde surgen los investigadores m\u00e1s obstinados que heroicamente mantienen la espectativa y la inquietud por la soluci\u00f3n de un problema que entienden nos afecta. Son ellos, dentro de su racionalismo m\u00e1s exigente, los que queriendo probar la irrealidad de unos acontecimientos, han quedado prendidos dentro de los mis\u00admos, al observar la presencia de una serie de factores que escapando a la l\u00f3gica, no dejan de ser fascinantes y dignos de investigaci\u00f3n.\u00a0<\/span><\/div>\n<div style=\"text-align: justify;\"><span style=\"font-size: large;\">\u00a0<\/span><\/div>\n<div style=\"text-align: justify;\"><span style=\"font-size: large;\">\u00a0Si estas circunstancias concurrieran simplemente en una determinada persona, no tendr\u00eda mayor importancia. Pero, \u00bfocurre as\u00ed?. Son numerosos los cient\u00edficos de todas las ramas del saber y de diferentes pa\u00edses, los que opinan que si se comienza un estudio serio y anal\u00edtico sobre este fen\u00f3meno, es imposible sustraerse a la evidencia de que existe una casu\u00edstica, todav\u00eda sin comprender, pero tan real y aut\u00e9ntica como nuestra propia existencia.\u00a0<\/span><\/div>\n<div style=\"text-align: justify;\"><span style=\"font-size: large;\">\u00a0<\/span><\/div>\n<div style=\"text-align: justify;\"><span style=\"font-size: large;\">\u00a0 Es cierto que en torno a este tema se han levantado muchas falsedades, fraudes y mitos; pero tambi\u00e9n es cierto que, ante el rigor cient\u00edfico han ido cayendo todas aque\u00adllas tentativas fraudulentas o ambiciosas. Siempre en torno de un movimiento que comienza, aparecen los oportunistas que intentan lucrarse de una forma u otra. Pero tambi\u00e9n esto es positivo en muchas ocasiones, pues da lugar a que se tenga que exigir una mayor veracidad y pruebas m\u00e1s concluyentes, antes de admitir la posibilidad de un aconte\u00adcimiento fuera de lo com\u00fan.\u00a0<\/span><\/div>\n<div style=\"text-align: justify;\"><span style=\"font-size: large;\">\u00a0<\/span><\/div>\n<div style=\"text-align: justify;\"><span style=\"font-size: large;\">\u00a0 Gracias a estos farsantes, la ciencia se vuelve m\u00e1s exigente y precisa, contribuyendo grandemente a ampliar los campos de experimentaci\u00f3n. De esta forma, cuando alg\u00fan testimonio sobrepasa todas las pruebas a las que ha sido sometido, existen muchas garant\u00edas de que es algo fuera de lo com\u00fan.\u00a0<\/span><\/div>\n<div style=\"text-align: justify;\"><span style=\"font-size: large;\">\u00a0<\/span><\/div>\n<div style=\"text-align: justify;\"><span style=\"font-size: large;\">\u00a0Aqu\u00ed quisi\u00e9ramos centrar nuestra opini\u00f3n. Ante las exigencias cient\u00edficas que precisan pruebas concluyentes, si bien no se ha podido aportar oficialmente, nada que tenga tal garant\u00eda, si que es tambi\u00e9n incuestionable, que existen muchos casos que escapan a toda l\u00f3gica y a toda posible intervenci\u00f3n humana. Dato sumamente significativo, a nuestro modo de entender, pues plantea la evidencia de proseguir en las investigaciones; ya que se est\u00e1 ante unos hechos que deben de tener una explicaci\u00f3n l\u00f3gica, y que s\u00f3lo se podr\u00e1n alcanzar mediante unas actitudes abiertas, exigentes y sensatas.\u00a0<\/span><\/div>\n<div style=\"text-align: justify;\"><span style=\"font-size: large;\">\u00a0<\/span><\/div>\n<div style=\"text-align: justify;\"><span style=\"font-size: large;\">\u00a0 Por otro lado es digno de resaltar, que la parte cient\u00edfica que niega o se resiste a admitir el fen\u00f3meno, no ha podido demostrar d\u00e9 una forma concluyente la no existencia del mismo. Partiendo de la base de que son m\u00e1s\u00a0numerosos los esc\u00e9pticos, tienen muchas m\u00e1s probabilidades de \u00abdemostrar\u00bb la improcedencia de perder el tiempo en algo \u00ababsurdo\u00bb y carente de utilidad. Sorprendentemente no ha sido as\u00ed, lo que podr\u00eda dar pie a la especulaci\u00f3n de que mientras no se demuestre la no existencia del fen\u00f3meno, es meritoria toda tentativa de esclarecimiento del mismo.\u00a0<\/span><\/div>\n<div style=\"text-align: justify;\"><span style=\"font-size: large;\">\u00a0<\/span><\/div>\n<div style=\"text-align: justify;\"><span style=\"font-size: large;\">\u00a0 Proseguiremos aportando razonamientos que nos pue\u00addan motivar una expectaci\u00f3n por algo tan de nuestro tiempo, como es el fen\u00f3meno O.V.N.I..\u00a0<\/span><\/div>\n<div style=\"text-align: justify;\"><span style=\"font-size: large;\">\u00a0<\/span><\/div>\n<div style=\"text-align: right;\"><span style=\"font-size: large;\">REDACCI\u00d3N<\/span><\/div>\n","protected":false},"excerpt":{"rendered":"<p>\u00a0 \u00a0 Para verdaderamente ser objetivos en cualquier tema hay que analizar y sopesar todas aquellas posibilidades a nuestro alcance, sin despreciar ninguna, para poder elegir nuestro camino con la garant\u00eda de un convencimiento propio, fruto de una investigaci\u00f3n consecuente.\u00a0 \u00a0 \u00a0 En un tema tan actual como el de los OVNIS, es preciso considerar [&hellip;]<\/p>\n","protected":false},"author":10,"featured_media":0,"comment_status":"open","ping_status":"open","sticky":false,"template":"","format":"standard","meta":{"tdm_status":"","tdm_grid_status":"","footnotes":""},"categories":[27],"tags":[1330,1534,1533],"ppma_author":[520],"class_list":{"0":"post-367","1":"post","2":"type-post","3":"status-publish","4":"format-standard","6":"category-hablemos-de","7":"tag-hablemos-de-2","8":"tag-investigaciones-fenomeno-ovni","9":"tag-la-ciencia-ante-el-fenomeno-ovni"},"yoast_head":"<!-- This site is optimized with the Yoast SEO plugin v27.7 - https:\/\/yoast.com\/product\/yoast-seo-wordpress\/ -->\n<title>LA CIENCIA ANTE EL FEN\u00d3MENO OVNI | Amor, paz caridad<\/title>\n<meta name=\"robots\" content=\"index, follow, max-snippet:-1, max-image-preview:large, max-video-preview:-1\" \/>\n<link rel=\"canonical\" href=\"https:\/\/amorpazy-cp515.wordpresstemporal.com\/amorpazycaridad.es\/la-ciencia-ante-el-fenomeno-ovni\/\" \/>\n<meta property=\"og:locale\" content=\"es_ES\" \/>\n<meta property=\"og:type\" content=\"article\" \/>\n<meta property=\"og:title\" content=\"LA CIENCIA ANTE EL FEN\u00d3MENO OVNI | Amor, paz caridad\" \/>\n<meta property=\"og:description\" content=\"\u00a0 \u00a0 Para verdaderamente ser objetivos en cualquier tema hay que analizar y sopesar todas aquellas posibilidades a nuestro alcance, sin despreciar ninguna, para poder elegir nuestro camino con la garant\u00eda de un convencimiento propio, fruto de una investigaci\u00f3n consecuente.\u00a0 \u00a0 \u00a0 En un tema tan actual como el de los OVNIS, es preciso considerar [&hellip;]\" \/>\n<meta property=\"og:url\" content=\"https:\/\/amorpazy-cp515.wordpresstemporal.com\/amorpazycaridad.es\/la-ciencia-ante-el-fenomeno-ovni\/\" \/>\n<meta property=\"og:site_name\" content=\"Amor, paz caridad\" \/>\n<meta property=\"article:publisher\" content=\"http:\/\/www.facebook.com\/pages\/Amor-paz-y-caridad\/1594978604096866\" \/>\n<meta property=\"article:published_time\" content=\"2012-02-27T15:49:00+00:00\" \/>\n<meta property=\"article:modified_time\" content=\"2015-04-30T19:44:49+00:00\" \/>\n<meta name=\"author\" content=\"Redaccion revista\" \/>\n<meta name=\"twitter:card\" content=\"summary_large_image\" \/>\n<meta name=\"twitter:creator\" content=\"@amorpazycaridad\" \/>\n<meta name=\"twitter:site\" content=\"@amorpazycaridad\" \/>\n<meta name=\"twitter:label1\" content=\"Escrito por\" \/>\n\t<meta name=\"twitter:data1\" content=\"Redaccion APC\" \/>\n\t<meta name=\"twitter:label2\" content=\"Tiempo de lectura\" \/>\n\t<meta name=\"twitter:data2\" content=\"4 minutos\" \/>\n<script type=\"application\/ld+json\" class=\"yoast-schema-graph\">{\"@context\":\"https:\\\/\\\/schema.org\",\"@graph\":[{\"@type\":\"Article\",\"@id\":\"https:\\\/\\\/amorpazy-cp515.wordpresstemporal.com\\\/amorpazycaridad.es\\\/la-ciencia-ante-el-fenomeno-ovni\\\/#article\",\"isPartOf\":{\"@id\":\"https:\\\/\\\/amorpazy-cp515.wordpresstemporal.com\\\/amorpazycaridad.es\\\/la-ciencia-ante-el-fenomeno-ovni\\\/\"},\"author\":{\"name\":\"Redaccion APC\",\"@id\":\"https:\\\/\\\/amorpazy-cp515.wordpresstemporal.com\\\/amorpazycaridad.es\\\/#\\\/schema\\\/person\\\/f6b5c8408dab7f2821df157f3b51ce47\"},\"headline\":\"LA CIENCIA ANTE EL FEN\u00d3MENO OVNI\",\"datePublished\":\"2012-02-27T15:49:00+00:00\",\"dateModified\":\"2015-04-30T19:44:49+00:00\",\"mainEntityOfPage\":{\"@id\":\"https:\\\/\\\/amorpazy-cp515.wordpresstemporal.com\\\/amorpazycaridad.es\\\/la-ciencia-ante-el-fenomeno-ovni\\\/\"},\"wordCount\":787,\"commentCount\":0,\"publisher\":{\"@id\":\"https:\\\/\\\/amorpazy-cp515.wordpresstemporal.com\\\/amorpazycaridad.es\\\/#organization\"},\"keywords\":[\"Hablemos de..\",\"investigaciones fen\u00f3meno OVNI\",\"LA CIENCIA ANTE EL FEN\u00d3MENO OVNI\"],\"articleSection\":[\"Hablemos de...\"],\"inLanguage\":\"es\",\"potentialAction\":[{\"@type\":\"CommentAction\",\"name\":\"Comment\",\"target\":[\"https:\\\/\\\/amorpazy-cp515.wordpresstemporal.com\\\/amorpazycaridad.es\\\/la-ciencia-ante-el-fenomeno-ovni\\\/#respond\"]}]},{\"@type\":\"WebPage\",\"@id\":\"https:\\\/\\\/amorpazy-cp515.wordpresstemporal.com\\\/amorpazycaridad.es\\\/la-ciencia-ante-el-fenomeno-ovni\\\/\",\"url\":\"https:\\\/\\\/amorpazy-cp515.wordpresstemporal.com\\\/amorpazycaridad.es\\\/la-ciencia-ante-el-fenomeno-ovni\\\/\",\"name\":\"LA CIENCIA ANTE EL FEN\u00d3MENO OVNI | Amor, paz caridad\",\"isPartOf\":{\"@id\":\"https:\\\/\\\/amorpazy-cp515.wordpresstemporal.com\\\/amorpazycaridad.es\\\/#website\"},\"datePublished\":\"2012-02-27T15:49:00+00:00\",\"dateModified\":\"2015-04-30T19:44:49+00:00\",\"breadcrumb\":{\"@id\":\"https:\\\/\\\/amorpazy-cp515.wordpresstemporal.com\\\/amorpazycaridad.es\\\/la-ciencia-ante-el-fenomeno-ovni\\\/#breadcrumb\"},\"inLanguage\":\"es\",\"potentialAction\":[{\"@type\":\"ReadAction\",\"target\":[\"https:\\\/\\\/amorpazy-cp515.wordpresstemporal.com\\\/amorpazycaridad.es\\\/la-ciencia-ante-el-fenomeno-ovni\\\/\"]}]},{\"@type\":\"BreadcrumbList\",\"@id\":\"https:\\\/\\\/amorpazy-cp515.wordpresstemporal.com\\\/amorpazycaridad.es\\\/la-ciencia-ante-el-fenomeno-ovni\\\/#breadcrumb\",\"itemListElement\":[{\"@type\":\"ListItem\",\"position\":1,\"name\":\"Portada\",\"item\":\"https:\\\/\\\/amorpazy-cp515.wordpresstemporal.com\\\/amorpazycaridad.es\\\/\"},{\"@type\":\"ListItem\",\"position\":2,\"name\":\"LA CIENCIA ANTE EL FEN\u00d3MENO OVNI\"}]},{\"@type\":\"WebSite\",\"@id\":\"https:\\\/\\\/amorpazy-cp515.wordpresstemporal.com\\\/amorpazycaridad.es\\\/#website\",\"url\":\"https:\\\/\\\/amorpazy-cp515.wordpresstemporal.com\\\/amorpazycaridad.es\\\/\",\"name\":\"Amor, paz caridad\",\"description\":\"Conocimiento espiritual, espiritismo, espiritualismo, leyes universales, m\u00e1s all\u00e1, vida despu\u00e9s de la vida,\",\"publisher\":{\"@id\":\"https:\\\/\\\/amorpazy-cp515.wordpresstemporal.com\\\/amorpazycaridad.es\\\/#organization\"},\"potentialAction\":[{\"@type\":\"SearchAction\",\"target\":{\"@type\":\"EntryPoint\",\"urlTemplate\":\"https:\\\/\\\/amorpazy-cp515.wordpresstemporal.com\\\/amorpazycaridad.es\\\/?s={search_term_string}\"},\"query-input\":{\"@type\":\"PropertyValueSpecification\",\"valueRequired\":true,\"valueName\":\"search_term_string\"}}],\"inLanguage\":\"es\"},{\"@type\":\"Organization\",\"@id\":\"https:\\\/\\\/amorpazy-cp515.wordpresstemporal.com\\\/amorpazycaridad.es\\\/#organization\",\"name\":\"Asociaci\u00f3n de Estudios Espirituales Grupo Villena\",\"url\":\"https:\\\/\\\/amorpazy-cp515.wordpresstemporal.com\\\/amorpazycaridad.es\\\/\",\"logo\":{\"@type\":\"ImageObject\",\"inLanguage\":\"es\",\"@id\":\"https:\\\/\\\/amorpazy-cp515.wordpresstemporal.com\\\/amorpazycaridad.es\\\/#\\\/schema\\\/logo\\\/image\\\/\",\"url\":\"https:\\\/\\\/amorpazycaridad.es\\\/wp-content\\\/uploads\\\/2015\\\/01\\\/logo-fav-e1420247830294.jpg\",\"contentUrl\":\"https:\\\/\\\/amorpazycaridad.es\\\/wp-content\\\/uploads\\\/2015\\\/01\\\/logo-fav-e1420247830294.jpg\",\"width\":144,\"height\":144,\"caption\":\"Asociaci\u00f3n de Estudios Espirituales Grupo Villena\"},\"image\":{\"@id\":\"https:\\\/\\\/amorpazy-cp515.wordpresstemporal.com\\\/amorpazycaridad.es\\\/#\\\/schema\\\/logo\\\/image\\\/\"},\"sameAs\":[\"http:\\\/\\\/www.facebook.com\\\/pages\\\/Amor-paz-y-caridad\\\/1594978604096866\",\"https:\\\/\\\/x.com\\\/amorpazycaridad\",\"https:\\\/\\\/es.pinterest.com\\\/amorpazycaridad\\\/\",\"https:\\\/\\\/www.youtube.com\\\/channel\\\/UC1GvDIDCLoL02SzOD7NJdrA\"]},{\"@type\":\"Person\",\"@id\":\"https:\\\/\\\/amorpazy-cp515.wordpresstemporal.com\\\/amorpazycaridad.es\\\/#\\\/schema\\\/person\\\/f6b5c8408dab7f2821df157f3b51ce47\",\"name\":\"Redaccion APC\",\"image\":{\"@type\":\"ImageObject\",\"inLanguage\":\"es\",\"@id\":\"https:\\\/\\\/amorpazycaridad.es\\\/wp-content\\\/uploads\\\/2015\\\/01\\\/icono-114-96x96.jpg73ca1ff604f9e7c7607bbbfa84b61c44\",\"url\":\"https:\\\/\\\/amorpazycaridad.es\\\/wp-content\\\/uploads\\\/2015\\\/01\\\/icono-114-96x96.jpg\",\"contentUrl\":\"https:\\\/\\\/amorpazycaridad.es\\\/wp-content\\\/uploads\\\/2015\\\/01\\\/icono-114-96x96.jpg\",\"caption\":\"Redaccion APC\"},\"sameAs\":[\"http:\\\/\\\/www.amorpazycaridad.com\"],\"url\":\"https:\\\/\\\/amorpazy-cp515.wordpresstemporal.com\\\/amorpazycaridad.es\\\/author\\\/redaccion-revista\\\/\"}]}<\/script>\n<!-- \/ Yoast SEO plugin. -->","yoast_head_json":{"title":"LA CIENCIA ANTE EL FEN\u00d3MENO OVNI | Amor, paz caridad","robots":{"index":"index","follow":"follow","max-snippet":"max-snippet:-1","max-image-preview":"max-image-preview:large","max-video-preview":"max-video-preview:-1"},"canonical":"https:\/\/amorpazy-cp515.wordpresstemporal.com\/amorpazycaridad.es\/la-ciencia-ante-el-fenomeno-ovni\/","og_locale":"es_ES","og_type":"article","og_title":"LA CIENCIA ANTE EL FEN\u00d3MENO OVNI | Amor, paz caridad","og_description":"\u00a0 \u00a0 Para verdaderamente ser objetivos en cualquier tema hay que analizar y sopesar todas aquellas posibilidades a nuestro alcance, sin despreciar ninguna, para poder elegir nuestro camino con la garant\u00eda de un convencimiento propio, fruto de una investigaci\u00f3n consecuente.\u00a0 \u00a0 \u00a0 En un tema tan actual como el de los OVNIS, es preciso considerar [&hellip;]","og_url":"https:\/\/amorpazy-cp515.wordpresstemporal.com\/amorpazycaridad.es\/la-ciencia-ante-el-fenomeno-ovni\/","og_site_name":"Amor, paz caridad","article_publisher":"http:\/\/www.facebook.com\/pages\/Amor-paz-y-caridad\/1594978604096866","article_published_time":"2012-02-27T15:49:00+00:00","article_modified_time":"2015-04-30T19:44:49+00:00","author":"Redaccion revista","twitter_card":"summary_large_image","twitter_creator":"@amorpazycaridad","twitter_site":"@amorpazycaridad","twitter_misc":{"Escrito por":"Redaccion APC","Tiempo de lectura":"4 minutos"},"schema":{"@context":"https:\/\/schema.org","@graph":[{"@type":"Article","@id":"https:\/\/amorpazy-cp515.wordpresstemporal.com\/amorpazycaridad.es\/la-ciencia-ante-el-fenomeno-ovni\/#article","isPartOf":{"@id":"https:\/\/amorpazy-cp515.wordpresstemporal.com\/amorpazycaridad.es\/la-ciencia-ante-el-fenomeno-ovni\/"},"author":{"name":"Redaccion APC","@id":"https:\/\/amorpazy-cp515.wordpresstemporal.com\/amorpazycaridad.es\/#\/schema\/person\/f6b5c8408dab7f2821df157f3b51ce47"},"headline":"LA CIENCIA ANTE EL FEN\u00d3MENO OVNI","datePublished":"2012-02-27T15:49:00+00:00","dateModified":"2015-04-30T19:44:49+00:00","mainEntityOfPage":{"@id":"https:\/\/amorpazy-cp515.wordpresstemporal.com\/amorpazycaridad.es\/la-ciencia-ante-el-fenomeno-ovni\/"},"wordCount":787,"commentCount":0,"publisher":{"@id":"https:\/\/amorpazy-cp515.wordpresstemporal.com\/amorpazycaridad.es\/#organization"},"keywords":["Hablemos de..","investigaciones fen\u00f3meno OVNI","LA CIENCIA ANTE EL FEN\u00d3MENO OVNI"],"articleSection":["Hablemos de..."],"inLanguage":"es","potentialAction":[{"@type":"CommentAction","name":"Comment","target":["https:\/\/amorpazy-cp515.wordpresstemporal.com\/amorpazycaridad.es\/la-ciencia-ante-el-fenomeno-ovni\/#respond"]}]},{"@type":"WebPage","@id":"https:\/\/amorpazy-cp515.wordpresstemporal.com\/amorpazycaridad.es\/la-ciencia-ante-el-fenomeno-ovni\/","url":"https:\/\/amorpazy-cp515.wordpresstemporal.com\/amorpazycaridad.es\/la-ciencia-ante-el-fenomeno-ovni\/","name":"LA CIENCIA ANTE EL FEN\u00d3MENO OVNI | Amor, paz caridad","isPartOf":{"@id":"https:\/\/amorpazy-cp515.wordpresstemporal.com\/amorpazycaridad.es\/#website"},"datePublished":"2012-02-27T15:49:00+00:00","dateModified":"2015-04-30T19:44:49+00:00","breadcrumb":{"@id":"https:\/\/amorpazy-cp515.wordpresstemporal.com\/amorpazycaridad.es\/la-ciencia-ante-el-fenomeno-ovni\/#breadcrumb"},"inLanguage":"es","potentialAction":[{"@type":"ReadAction","target":["https:\/\/amorpazy-cp515.wordpresstemporal.com\/amorpazycaridad.es\/la-ciencia-ante-el-fenomeno-ovni\/"]}]},{"@type":"BreadcrumbList","@id":"https:\/\/amorpazy-cp515.wordpresstemporal.com\/amorpazycaridad.es\/la-ciencia-ante-el-fenomeno-ovni\/#breadcrumb","itemListElement":[{"@type":"ListItem","position":1,"name":"Portada","item":"https:\/\/amorpazy-cp515.wordpresstemporal.com\/amorpazycaridad.es\/"},{"@type":"ListItem","position":2,"name":"LA CIENCIA ANTE EL FEN\u00d3MENO OVNI"}]},{"@type":"WebSite","@id":"https:\/\/amorpazy-cp515.wordpresstemporal.com\/amorpazycaridad.es\/#website","url":"https:\/\/amorpazy-cp515.wordpresstemporal.com\/amorpazycaridad.es\/","name":"Amor, paz caridad","description":"Conocimiento espiritual, espiritismo, espiritualismo, leyes universales, m\u00e1s all\u00e1, vida despu\u00e9s de la vida,","publisher":{"@id":"https:\/\/amorpazy-cp515.wordpresstemporal.com\/amorpazycaridad.es\/#organization"},"potentialAction":[{"@type":"SearchAction","target":{"@type":"EntryPoint","urlTemplate":"https:\/\/amorpazy-cp515.wordpresstemporal.com\/amorpazycaridad.es\/?s={search_term_string}"},"query-input":{"@type":"PropertyValueSpecification","valueRequired":true,"valueName":"search_term_string"}}],"inLanguage":"es"},{"@type":"Organization","@id":"https:\/\/amorpazy-cp515.wordpresstemporal.com\/amorpazycaridad.es\/#organization","name":"Asociaci\u00f3n de Estudios Espirituales Grupo Villena","url":"https:\/\/amorpazy-cp515.wordpresstemporal.com\/amorpazycaridad.es\/","logo":{"@type":"ImageObject","inLanguage":"es","@id":"https:\/\/amorpazy-cp515.wordpresstemporal.com\/amorpazycaridad.es\/#\/schema\/logo\/image\/","url":"https:\/\/amorpazycaridad.es\/wp-content\/uploads\/2015\/01\/logo-fav-e1420247830294.jpg","contentUrl":"https:\/\/amorpazycaridad.es\/wp-content\/uploads\/2015\/01\/logo-fav-e1420247830294.jpg","width":144,"height":144,"caption":"Asociaci\u00f3n de Estudios Espirituales Grupo Villena"},"image":{"@id":"https:\/\/amorpazy-cp515.wordpresstemporal.com\/amorpazycaridad.es\/#\/schema\/logo\/image\/"},"sameAs":["http:\/\/www.facebook.com\/pages\/Amor-paz-y-caridad\/1594978604096866","https:\/\/x.com\/amorpazycaridad","https:\/\/es.pinterest.com\/amorpazycaridad\/","https:\/\/www.youtube.com\/channel\/UC1GvDIDCLoL02SzOD7NJdrA"]},{"@type":"Person","@id":"https:\/\/amorpazy-cp515.wordpresstemporal.com\/amorpazycaridad.es\/#\/schema\/person\/f6b5c8408dab7f2821df157f3b51ce47","name":"Redaccion APC","image":{"@type":"ImageObject","inLanguage":"es","@id":"https:\/\/amorpazycaridad.es\/wp-content\/uploads\/2015\/01\/icono-114-96x96.jpg73ca1ff604f9e7c7607bbbfa84b61c44","url":"https:\/\/amorpazycaridad.es\/wp-content\/uploads\/2015\/01\/icono-114-96x96.jpg","contentUrl":"https:\/\/amorpazycaridad.es\/wp-content\/uploads\/2015\/01\/icono-114-96x96.jpg","caption":"Redaccion APC"},"sameAs":["http:\/\/www.amorpazycaridad.com"],"url":"https:\/\/amorpazy-cp515.wordpresstemporal.com\/amorpazycaridad.es\/author\/redaccion-revista\/"}]}},"authors":[{"term_id":520,"user_id":0,"is_guest":1,"slug":"cap-redaccion-revista","display_name":"Redaccion revista","avatar_url":"https:\/\/secure.gravatar.com\/avatar\/?s=96&d=mm&r=g","0":null,"1":"","2":"","3":"","4":"","5":"","6":"","7":"","8":""}],"_links":{"self":[{"href":"https:\/\/amorpazy-cp515.wordpresstemporal.com\/amorpazycaridad.es\/wp-json\/wp\/v2\/posts\/367","targetHints":{"allow":["GET"]}}],"collection":[{"href":"https:\/\/amorpazy-cp515.wordpresstemporal.com\/amorpazycaridad.es\/wp-json\/wp\/v2\/posts"}],"about":[{"href":"https:\/\/amorpazy-cp515.wordpresstemporal.com\/amorpazycaridad.es\/wp-json\/wp\/v2\/types\/post"}],"author":[{"embeddable":true,"href":"https:\/\/amorpazy-cp515.wordpresstemporal.com\/amorpazycaridad.es\/wp-json\/wp\/v2\/users\/10"}],"replies":[{"embeddable":true,"href":"https:\/\/amorpazy-cp515.wordpresstemporal.com\/amorpazycaridad.es\/wp-json\/wp\/v2\/comments?post=367"}],"version-history":[{"count":2,"href":"https:\/\/amorpazy-cp515.wordpresstemporal.com\/amorpazycaridad.es\/wp-json\/wp\/v2\/posts\/367\/revisions"}],"predecessor-version":[{"id":3575,"href":"https:\/\/amorpazy-cp515.wordpresstemporal.com\/amorpazycaridad.es\/wp-json\/wp\/v2\/posts\/367\/revisions\/3575"}],"wp:attachment":[{"href":"https:\/\/amorpazy-cp515.wordpresstemporal.com\/amorpazycaridad.es\/wp-json\/wp\/v2\/media?parent=367"}],"wp:term":[{"taxonomy":"category","embeddable":true,"href":"https:\/\/amorpazy-cp515.wordpresstemporal.com\/amorpazycaridad.es\/wp-json\/wp\/v2\/categories?post=367"},{"taxonomy":"post_tag","embeddable":true,"href":"https:\/\/amorpazy-cp515.wordpresstemporal.com\/amorpazycaridad.es\/wp-json\/wp\/v2\/tags?post=367"},{"taxonomy":"author","embeddable":true,"href":"https:\/\/amorpazy-cp515.wordpresstemporal.com\/amorpazycaridad.es\/wp-json\/wp\/v2\/ppma_author?post=367"}],"curies":[{"name":"wp","href":"https:\/\/api.w.org\/{rel}","templated":true}]}}