{"id":3260,"date":"2015-03-23T06:31:20","date_gmt":"2015-03-23T05:31:20","guid":{"rendered":"https:\/\/amorpazycaridad.es\/?p=3260"},"modified":"2015-03-24T06:07:27","modified_gmt":"2015-03-24T05:07:27","slug":"mi-reino-no-es-de-este-mundo","status":"publish","type":"post","link":"https:\/\/amorpazy-cp515.wordpresstemporal.com\/amorpazycaridad.es\/mi-reino-no-es-de-este-mundo\/","title":{"rendered":"MI REINO NO ES DE ESTE MUNDO"},"content":{"rendered":"<p style=\"text-align: justify;\">Hay muchos momentos en la vida del Maestro que han dejado una huella imborrable, de gran ense\u00f1anza y motivo de an\u00e1lisis y meditaci\u00f3n para todos los que se afanan en buscar y comprender. El momento sublime, muy conocido, del di\u00e1logo entre Pilatos y Jes\u00fas tambi\u00e9n ha trascendido a todas las \u00e9pocas. Este hecho marca claramente la diferencia radical entre los intereses y motivaciones del procurador romano y el Sublime Maestro.<\/p>\n<p style=\"text-align: justify;\">Traslad\u00e1ndolo a nuestra \u00e9poca observamos su total vigencia y nos encontramos con la disyuntiva entre aquellos que se afanan en buscar su reino en la tierra: centrados exclusivamente en lo material, sin pensar en el porvenir y darle un sentido superior a sus vidas; de aquellos que buscan la Vida Mayor; en sembrar hoy para recoger ma\u00f1ana, atendiendo las necesidades materiales pero sin que ello sea el foco principal de atenci\u00f3n existencial; tambi\u00e9n buscando, analizando las respuestas a las preguntas trascendentes de la vida que enriquecen y ampl\u00edan el horizonte del ser.<\/p>\n<p style=\"text-align: justify;\">O dicho de otro modo, podemos decir que existen b\u00e1sicamente dos tipos de seres humanos. El hombre fisiol\u00f3gico y el hombre psicol\u00f3gico. El primero vive casi exclusivamente para cubrir sus necesidades como son el comer, dormir, practicar sexo, gozar. Predomina la parte sensorial sobre todas las dem\u00e1s. En el segundo caso, tambi\u00e9n cubre, como es l\u00f3gico, sus necesidades b\u00e1sicas pero, sin embargo, act\u00faa a trav\u00e9s de la raz\u00f3n. Tiene tendencia a la b\u00fasqueda de ideales superiores que le den un sentido a su vida pues intuye que no hemos venido al mundo porque s\u00ed. Son sensibles al arte, la belleza y a cualquier manifestaci\u00f3n intelectual que despierte emociones superiores.<\/p>\n<p style=\"text-align: justify;\">Al mismo tiempo, el ser humano recibe constantes invitaciones al cambio de orientaci\u00f3n existencial, es decir, hacia una propuesta superior. Las recibimos constantemente desde todos los \u00e1ngulos de la vida: cient\u00edfico, filos\u00f3fico, medi\u00famnico, etc.<\/p>\n<p style=\"text-align: justify;\">La obra El Cielo y el Infierno de Allan Kardec, recoge, adem\u00e1s de valiosos an\u00e1lisis filos\u00f3ficos sobre la vida despu\u00e9s de la muerte, desmitificando dogmas; ejemplos valios\u00edsimos sobre las consecuencias que experimentan los esp\u00edritus despu\u00e9s de su desencarnaci\u00f3n, en funci\u00f3n de c\u00f3mo fueron sus vidas.<\/p>\n<p style=\"text-align: justify;\">Resumiremos un caso recogido en dicha obra que resulta bastante significativo: Adelaide-Marguerite Gosse. Ni\u00f1a muy pobre que a la edad de 11 a\u00f1os entr\u00f3 a servir a unos ricos ganaderos de una peque\u00f1a poblaci\u00f3n en Normand\u00eda (Francia). Unos a\u00f1os despu\u00e9s, unas fuertes inundaciones provocadas por la crecida del rio Sena ahogaron pr\u00e1cticamente todas las cabezas de ganado. Un golpe que unido a otros contratiempos provocaron la ca\u00edda en desgracia de esta familia. La joven Adelaide, venciendo su ego\u00edsmo y en un gesto de generosidad sin igual, les entreg\u00f3, a sus se\u00f1ores, quinientos francos que eran todos los ahorros de su vida. Continu\u00f3, mientras tanto, al servicio de estas personas sin cobrar paga alguna hasta la muerte de los dos, unos a\u00f1os despu\u00e9s. Nuestra protagonista, encontr\u00f3 trabajo en las labores del campo y se cas\u00f3 con un hombre que tambi\u00e9n trabajaba, los dos decidieron acoger a una hija del matrimonio malogrado, ya que hab\u00eda quedado viuda y sin recursos. Pues bien, fue como una m\u00e1s de la familia, la continu\u00f3 llamando como \u201cmi ama\u201d hasta su desencarnaci\u00f3n cincuenta a\u00f1os despu\u00e9s. El gesto y comportamiento de esta mujer sencilla, abnegada y extraordinaria lleg\u00f3 al conocimiento de las autoridades locales que la homenajearon hasta el momento de su desencarnaci\u00f3n.<\/p>\n<p style=\"text-align: justify;\">Evocada en la Sociedad Espiritista de Paris, a finales de 1861, explic\u00f3 su caso. El motivo de una vida tan sacrificada y de renuncias no se deb\u00eda a faltas pasadas, sino a que en sus dos \u00faltimas vidas hab\u00eda sido una mujer rica, a quien hacer el bien, practicar la caridad, no le supon\u00eda sacrificio ni apenas trabajo. A su vuelta al mundo espiritual comprend\u00eda que el progreso realizado era \u00ednfimo, muy peque\u00f1o. A partir de ese momento se plante\u00f3 una empresa mayor, un sacrificio sublime para el que se prepar\u00f3 concienzudamente y con la inestimable ayuda de muchos esp\u00edritus superiores que le ayudaron y orientaron. El resultado fue exitoso para ella, la misericordia divina le hab\u00eda recompensado con creces y su elevaci\u00f3n espiritual hab\u00eda mejorado considerablemente. Preguntada sobre su posici\u00f3n respecto a sus \u201camos\u201d, estos la ve\u00edan a ella como a un ser muy superior.<\/p>\n<p style=\"text-align: justify;\">Por tanto, a ra\u00edz de este breve ejemplo que hemos expuesto y que se puede encontrar en la inestimable obra del maestro Kardec, podemos reflexionar y preguntarnos: \u00bfD\u00f3nde est\u00e1 el verdadero reino de Dios?, \u00bfAl esp\u00edritu libre y con un cierto grado de conciencia le preocupa la posici\u00f3n que ocupar\u00e1 en la tierra provisionalmente o la vida futura? \u00bfMerecen la pena los sacrificios si posteriormente la recompensa es enormemente gratificante? Pensemos en ello.<\/p>\n<p style=\"text-align: justify;\">Paralelamente, y volviendo a la \u00e9poca actual encontramos en el campo cient\u00edfico, investigaciones y experiencias que definen la realidad espiritual en el que vivimos, ya no s\u00f3lo es una cuesti\u00f3n filos\u00f3fica o religiosa, sino que llega mucho m\u00e1s all\u00e1. Empezando por las investigaciones de la doctora Elisabeth K\u00fcbler-Ross con los moribundos, enfermos terminales que le relataban sus vivencias, entremezcl\u00e1ndose los dos planos y narrando aquellas cosas maravillosas que eran capaces de percibir, as\u00ed como una sensaci\u00f3n de paz y armon\u00eda que les envolv\u00eda. Tambi\u00e9n el doctor Raymond Moody con sus trabajos de investigaci\u00f3n y su bestseller \u201cVida despu\u00e9s de la Vida\u201d, del que se han vendido millones de copias en todo el mundo.<\/p>\n<p style=\"text-align: justify;\">Mucho m\u00e1s reciente la experiencia, casi m\u00edstica del neurocirujano, profesor en Harvard, Eben Alexander. Durante una semana estuvo en coma provocado por una meningitis en el a\u00f1o 2008. Se recuper\u00f3 milagrosamente y narr\u00f3 una experiencia vivida fuera del cuerpo durante todo ese tiempo. Hab\u00eda sido hasta ese momento un cient\u00edfico de corte tradicional, materialista, y encuadrado en los esquemas del rigor acad\u00e9mico establecido. Esta experiencia le cambi\u00f3 radicalmente su vida y en la actualidad se dedica a divulgar b\u00e1sicamente que: \u201cLa vida contin\u00faa. La experiencia en el plano f\u00edsico es temporal y debemos prepararnos para un futuro mejor\u201d. Su obra \u201cLa prueba del cielo\u201d tambi\u00e9n es un bestseller en todo el mundo.<\/p>\n<p style=\"text-align: justify;\">Por lo tanto, y c\u00f3mo podemos comprobar, las palabras inolvidables del Maestro: \u201cMi reino no es de este mundo\u201d se han ido consolidando con el paso del tiempo en las conciencias de los hombres de buena voluntad. La humanidad ha podido comprobar las dos fuerzas que se contraponen; es sembrar hoy para recoger ma\u00f1ana. No centrarse exclusivamente en acumular dinero ni poder, puesto que todos esos elementos que tanto fascinan, son instrumentos pasajeros cuyo objetivo es hacer el bien a los dem\u00e1s, y por tanto, nos pueden elevar o hundir. Sepamos pues elevarnos con nuestro esfuerzo y trabajo para que cuando llegue la hora de la cosecha, cuando volvamos a nuestra patria espiritual, podamos disfrutar del verdadero reino de Dios que envuelve y vitaliza todo el universo.<\/p>\n<p style=\"text-align: right;\">Jos\u00e9 M. Meseguer<br \/>\n\u00a9 2015 Amor, paz y Caridad<\/p>\n","protected":false},"excerpt":{"rendered":"<p>Hay muchos momentos en la vida del Maestro que han dejado una huella imborrable, de gran ense\u00f1anza y motivo de an\u00e1lisis y meditaci\u00f3n para todos los que se afanan en buscar y comprender. El momento sublime, muy conocido, del di\u00e1logo entre Pilatos y Jes\u00fas tambi\u00e9n ha trascendido a todas las \u00e9pocas. Este hecho marca claramente [&hellip;]<\/p>\n","protected":false},"author":5,"featured_media":3264,"comment_status":"open","ping_status":"open","sticky":false,"template":"","format":"standard","meta":{"tdm_status":"","tdm_grid_status":"","footnotes":""},"categories":[331],"tags":[58,1193,1194,1195,480,405,704,1196],"ppma_author":[408],"class_list":{"0":"post-3260","1":"post","2":"type-post","3":"status-publish","4":"format-standard","5":"has-post-thumbnail","7":"category-apartado-espirita","8":"tag-el-cielo-y-el-infierno","9":"tag-eben-alexander","10":"tag-hombre-fisiologico","11":"tag-hombre-psicologico","12":"tag-jesus-de-nazaret","13":"tag-mas-alla","14":"tag-sentido-de-la-vida","15":"tag-vida-espiritual"},"yoast_head":"<!-- This site is optimized with the Yoast SEO plugin v27.7 - https:\/\/yoast.com\/product\/yoast-seo-wordpress\/ -->\n<title>MI REINO NO ES DE ESTE MUNDO | Amor, paz caridad<\/title>\n<meta name=\"robots\" content=\"index, follow, max-snippet:-1, max-image-preview:large, max-video-preview:-1\" \/>\n<link rel=\"canonical\" href=\"https:\/\/amorpazycaridad.es\/mi-reino-no-es-de-este-mundo\/\" \/>\n<meta property=\"og:locale\" content=\"es_ES\" \/>\n<meta property=\"og:type\" content=\"article\" \/>\n<meta property=\"og:title\" content=\"MI REINO NO ES DE ESTE MUNDO | Amor, paz caridad\" \/>\n<meta property=\"og:description\" content=\"Hay muchos momentos en la vida del Maestro que han dejado una huella imborrable, de gran ense\u00f1anza y motivo de an\u00e1lisis y meditaci\u00f3n para todos los que se afanan en buscar y comprender. El momento sublime, muy conocido, del di\u00e1logo entre Pilatos y Jes\u00fas tambi\u00e9n ha trascendido a todas las \u00e9pocas. Este hecho marca claramente [&hellip;]\" \/>\n<meta property=\"og:url\" content=\"https:\/\/amorpazycaridad.es\/mi-reino-no-es-de-este-mundo\/\" \/>\n<meta property=\"og:site_name\" content=\"Amor, paz caridad\" \/>\n<meta property=\"article:publisher\" content=\"http:\/\/www.facebook.com\/pages\/Amor-paz-y-caridad\/1594978604096866\" \/>\n<meta property=\"article:published_time\" content=\"2015-03-23T05:31:20+00:00\" \/>\n<meta property=\"article:modified_time\" content=\"2015-03-24T05:07:27+00:00\" \/>\n<meta property=\"og:image\" content=\"https:\/\/amorpazycaridad.es\/wp-content\/uploads\/2015\/03\/mi-reino-no-es.jpg\" \/>\n\t<meta property=\"og:image:width\" content=\"750\" \/>\n\t<meta property=\"og:image:height\" content=\"350\" \/>\n\t<meta property=\"og:image:type\" content=\"image\/jpeg\" \/>\n<meta name=\"author\" content=\"Jose Manuel\" \/>\n<meta name=\"twitter:card\" content=\"summary_large_image\" \/>\n<meta name=\"twitter:creator\" content=\"@amorpazycaridad\" \/>\n<meta name=\"twitter:site\" content=\"@amorpazycaridad\" \/>\n<meta name=\"twitter:label1\" content=\"Escrito por\" \/>\n\t<meta name=\"twitter:data1\" content=\"Jos\u00e9 Manuel Meseguer Clemente\" \/>\n\t<meta name=\"twitter:label2\" content=\"Tiempo de lectura\" \/>\n\t<meta name=\"twitter:data2\" content=\"6 minutos\" \/>\n<script type=\"application\/ld+json\" class=\"yoast-schema-graph\">{\"@context\":\"https:\\\/\\\/schema.org\",\"@graph\":[{\"@type\":\"Article\",\"@id\":\"https:\\\/\\\/amorpazycaridad.es\\\/mi-reino-no-es-de-este-mundo\\\/#article\",\"isPartOf\":{\"@id\":\"https:\\\/\\\/amorpazycaridad.es\\\/mi-reino-no-es-de-este-mundo\\\/\"},\"author\":{\"name\":\"Jos\u00e9 Manuel Meseguer Clemente\",\"@id\":\"https:\\\/\\\/amorpazy-cp515.wordpresstemporal.com\\\/amorpazycaridad.es\\\/#\\\/schema\\\/person\\\/6f0cedb316ce549a85d79dba9ebb353e\"},\"headline\":\"MI REINO NO ES DE ESTE MUNDO\",\"datePublished\":\"2015-03-23T05:31:20+00:00\",\"dateModified\":\"2015-03-24T05:07:27+00:00\",\"mainEntityOfPage\":{\"@id\":\"https:\\\/\\\/amorpazycaridad.es\\\/mi-reino-no-es-de-este-mundo\\\/\"},\"wordCount\":1236,\"commentCount\":0,\"publisher\":{\"@id\":\"https:\\\/\\\/amorpazy-cp515.wordpresstemporal.com\\\/amorpazycaridad.es\\\/#organization\"},\"image\":{\"@id\":\"https:\\\/\\\/amorpazycaridad.es\\\/mi-reino-no-es-de-este-mundo\\\/#primaryimage\"},\"thumbnailUrl\":\"https:\\\/\\\/amorpazy-cp515.wordpresstemporal.com\\\/amorpazycaridad.es\\\/wp-content\\\/uploads\\\/2015\\\/03\\\/mi-reino-no-es.jpg\",\"keywords\":[\"\\\"El Cielo y el Infierno\\\"\",\"Eben Alexander\",\"hombre fisiol\u00f3gico\",\"hombre psicol\u00f3gico\",\"jesus de nazaret\",\"m\u00e1s all\u00e1\",\"sentido de la vida\",\"Vida espiritual\"],\"articleSection\":[\"Apartado esp\u00edrita\"],\"inLanguage\":\"es\",\"potentialAction\":[{\"@type\":\"CommentAction\",\"name\":\"Comment\",\"target\":[\"https:\\\/\\\/amorpazycaridad.es\\\/mi-reino-no-es-de-este-mundo\\\/#respond\"]}]},{\"@type\":\"WebPage\",\"@id\":\"https:\\\/\\\/amorpazycaridad.es\\\/mi-reino-no-es-de-este-mundo\\\/\",\"url\":\"https:\\\/\\\/amorpazycaridad.es\\\/mi-reino-no-es-de-este-mundo\\\/\",\"name\":\"MI REINO NO ES DE ESTE MUNDO | Amor, paz caridad\",\"isPartOf\":{\"@id\":\"https:\\\/\\\/amorpazy-cp515.wordpresstemporal.com\\\/amorpazycaridad.es\\\/#website\"},\"primaryImageOfPage\":{\"@id\":\"https:\\\/\\\/amorpazycaridad.es\\\/mi-reino-no-es-de-este-mundo\\\/#primaryimage\"},\"image\":{\"@id\":\"https:\\\/\\\/amorpazycaridad.es\\\/mi-reino-no-es-de-este-mundo\\\/#primaryimage\"},\"thumbnailUrl\":\"https:\\\/\\\/amorpazy-cp515.wordpresstemporal.com\\\/amorpazycaridad.es\\\/wp-content\\\/uploads\\\/2015\\\/03\\\/mi-reino-no-es.jpg\",\"datePublished\":\"2015-03-23T05:31:20+00:00\",\"dateModified\":\"2015-03-24T05:07:27+00:00\",\"breadcrumb\":{\"@id\":\"https:\\\/\\\/amorpazycaridad.es\\\/mi-reino-no-es-de-este-mundo\\\/#breadcrumb\"},\"inLanguage\":\"es\",\"potentialAction\":[{\"@type\":\"ReadAction\",\"target\":[\"https:\\\/\\\/amorpazycaridad.es\\\/mi-reino-no-es-de-este-mundo\\\/\"]}]},{\"@type\":\"ImageObject\",\"inLanguage\":\"es\",\"@id\":\"https:\\\/\\\/amorpazycaridad.es\\\/mi-reino-no-es-de-este-mundo\\\/#primaryimage\",\"url\":\"https:\\\/\\\/amorpazy-cp515.wordpresstemporal.com\\\/amorpazycaridad.es\\\/wp-content\\\/uploads\\\/2015\\\/03\\\/mi-reino-no-es.jpg\",\"contentUrl\":\"https:\\\/\\\/amorpazy-cp515.wordpresstemporal.com\\\/amorpazycaridad.es\\\/wp-content\\\/uploads\\\/2015\\\/03\\\/mi-reino-no-es.jpg\",\"width\":750,\"height\":350},{\"@type\":\"BreadcrumbList\",\"@id\":\"https:\\\/\\\/amorpazycaridad.es\\\/mi-reino-no-es-de-este-mundo\\\/#breadcrumb\",\"itemListElement\":[{\"@type\":\"ListItem\",\"position\":1,\"name\":\"Portada\",\"item\":\"https:\\\/\\\/amorpazy-cp515.wordpresstemporal.com\\\/amorpazycaridad.es\\\/\"},{\"@type\":\"ListItem\",\"position\":2,\"name\":\"MI REINO NO ES DE ESTE MUNDO\"}]},{\"@type\":\"WebSite\",\"@id\":\"https:\\\/\\\/amorpazy-cp515.wordpresstemporal.com\\\/amorpazycaridad.es\\\/#website\",\"url\":\"https:\\\/\\\/amorpazy-cp515.wordpresstemporal.com\\\/amorpazycaridad.es\\\/\",\"name\":\"Amor, paz caridad\",\"description\":\"Conocimiento espiritual, espiritismo, espiritualismo, leyes universales, m\u00e1s all\u00e1, vida despu\u00e9s de la vida,\",\"publisher\":{\"@id\":\"https:\\\/\\\/amorpazy-cp515.wordpresstemporal.com\\\/amorpazycaridad.es\\\/#organization\"},\"potentialAction\":[{\"@type\":\"SearchAction\",\"target\":{\"@type\":\"EntryPoint\",\"urlTemplate\":\"https:\\\/\\\/amorpazy-cp515.wordpresstemporal.com\\\/amorpazycaridad.es\\\/?s={search_term_string}\"},\"query-input\":{\"@type\":\"PropertyValueSpecification\",\"valueRequired\":true,\"valueName\":\"search_term_string\"}}],\"inLanguage\":\"es\"},{\"@type\":\"Organization\",\"@id\":\"https:\\\/\\\/amorpazy-cp515.wordpresstemporal.com\\\/amorpazycaridad.es\\\/#organization\",\"name\":\"Asociaci\u00f3n de Estudios Espirituales Grupo Villena\",\"url\":\"https:\\\/\\\/amorpazy-cp515.wordpresstemporal.com\\\/amorpazycaridad.es\\\/\",\"logo\":{\"@type\":\"ImageObject\",\"inLanguage\":\"es\",\"@id\":\"https:\\\/\\\/amorpazy-cp515.wordpresstemporal.com\\\/amorpazycaridad.es\\\/#\\\/schema\\\/logo\\\/image\\\/\",\"url\":\"https:\\\/\\\/amorpazycaridad.es\\\/wp-content\\\/uploads\\\/2015\\\/01\\\/logo-fav-e1420247830294.jpg\",\"contentUrl\":\"https:\\\/\\\/amorpazycaridad.es\\\/wp-content\\\/uploads\\\/2015\\\/01\\\/logo-fav-e1420247830294.jpg\",\"width\":144,\"height\":144,\"caption\":\"Asociaci\u00f3n de Estudios Espirituales Grupo Villena\"},\"image\":{\"@id\":\"https:\\\/\\\/amorpazy-cp515.wordpresstemporal.com\\\/amorpazycaridad.es\\\/#\\\/schema\\\/logo\\\/image\\\/\"},\"sameAs\":[\"http:\\\/\\\/www.facebook.com\\\/pages\\\/Amor-paz-y-caridad\\\/1594978604096866\",\"https:\\\/\\\/x.com\\\/amorpazycaridad\",\"https:\\\/\\\/es.pinterest.com\\\/amorpazycaridad\\\/\",\"https:\\\/\\\/www.youtube.com\\\/channel\\\/UC1GvDIDCLoL02SzOD7NJdrA\"]},{\"@type\":\"Person\",\"@id\":\"https:\\\/\\\/amorpazy-cp515.wordpresstemporal.com\\\/amorpazycaridad.es\\\/#\\\/schema\\\/person\\\/6f0cedb316ce549a85d79dba9ebb353e\",\"name\":\"Jos\u00e9 Manuel Meseguer Clemente\",\"image\":{\"@type\":\"ImageObject\",\"inLanguage\":\"es\",\"@id\":\"https:\\\/\\\/amorpazycaridad.es\\\/wp-content\\\/uploads\\\/2017\\\/11\\\/Archivo-1-11-17-12-31-35-96x96.jpegfd114e27cec70eafcf7bb076099603b6\",\"url\":\"https:\\\/\\\/amorpazycaridad.es\\\/wp-content\\\/uploads\\\/2017\\\/11\\\/Archivo-1-11-17-12-31-35-96x96.jpeg\",\"contentUrl\":\"https:\\\/\\\/amorpazycaridad.es\\\/wp-content\\\/uploads\\\/2017\\\/11\\\/Archivo-1-11-17-12-31-35-96x96.jpeg\",\"caption\":\"Jos\u00e9 Manuel Meseguer Clemente\"},\"description\":\"Jose Manuel Meseguer Clemente . Profesionalmente se dedica al Transporte Mar\u00edtimo. Autodidacta, divulgador y escritor. Como miembro del Grupo Villena desde hace m\u00e1s de 30 a\u00f1os, ha ofrecido conferencias y participado en diversos eventos, simposios y congresos, tanto nacionales como internacionales. Actualmente es redactor de la revista \u201cAmor Paz y Caridad\u201d, donde mensualmente publica art\u00edculos de inter\u00e9s y permanente actualidad. Adem\u00e1s, es socio colaborador de SEDE (Sociedad Espa\u00f1ola de Divulgadores Esp\u00edritas).\",\"sameAs\":[\"http:\\\/\\\/www.amorpazycaridad.com\"],\"url\":\"https:\\\/\\\/amorpazy-cp515.wordpresstemporal.com\\\/amorpazycaridad.es\\\/author\\\/jose-manuel\\\/\"}]}<\/script>\n<!-- \/ Yoast SEO plugin. -->","yoast_head_json":{"title":"MI REINO NO ES DE ESTE MUNDO | Amor, paz caridad","robots":{"index":"index","follow":"follow","max-snippet":"max-snippet:-1","max-image-preview":"max-image-preview:large","max-video-preview":"max-video-preview:-1"},"canonical":"https:\/\/amorpazycaridad.es\/mi-reino-no-es-de-este-mundo\/","og_locale":"es_ES","og_type":"article","og_title":"MI REINO NO ES DE ESTE MUNDO | Amor, paz caridad","og_description":"Hay muchos momentos en la vida del Maestro que han dejado una huella imborrable, de gran ense\u00f1anza y motivo de an\u00e1lisis y meditaci\u00f3n para todos los que se afanan en buscar y comprender. El momento sublime, muy conocido, del di\u00e1logo entre Pilatos y Jes\u00fas tambi\u00e9n ha trascendido a todas las \u00e9pocas. Este hecho marca claramente [&hellip;]","og_url":"https:\/\/amorpazycaridad.es\/mi-reino-no-es-de-este-mundo\/","og_site_name":"Amor, paz caridad","article_publisher":"http:\/\/www.facebook.com\/pages\/Amor-paz-y-caridad\/1594978604096866","article_published_time":"2015-03-23T05:31:20+00:00","article_modified_time":"2015-03-24T05:07:27+00:00","og_image":[{"width":750,"height":350,"url":"https:\/\/amorpazycaridad.es\/wp-content\/uploads\/2015\/03\/mi-reino-no-es.jpg","type":"image\/jpeg"}],"author":"Jose Manuel","twitter_card":"summary_large_image","twitter_creator":"@amorpazycaridad","twitter_site":"@amorpazycaridad","twitter_misc":{"Escrito por":"Jos\u00e9 Manuel Meseguer Clemente","Tiempo de lectura":"6 minutos"},"schema":{"@context":"https:\/\/schema.org","@graph":[{"@type":"Article","@id":"https:\/\/amorpazycaridad.es\/mi-reino-no-es-de-este-mundo\/#article","isPartOf":{"@id":"https:\/\/amorpazycaridad.es\/mi-reino-no-es-de-este-mundo\/"},"author":{"name":"Jos\u00e9 Manuel Meseguer Clemente","@id":"https:\/\/amorpazy-cp515.wordpresstemporal.com\/amorpazycaridad.es\/#\/schema\/person\/6f0cedb316ce549a85d79dba9ebb353e"},"headline":"MI REINO NO ES DE ESTE MUNDO","datePublished":"2015-03-23T05:31:20+00:00","dateModified":"2015-03-24T05:07:27+00:00","mainEntityOfPage":{"@id":"https:\/\/amorpazycaridad.es\/mi-reino-no-es-de-este-mundo\/"},"wordCount":1236,"commentCount":0,"publisher":{"@id":"https:\/\/amorpazy-cp515.wordpresstemporal.com\/amorpazycaridad.es\/#organization"},"image":{"@id":"https:\/\/amorpazycaridad.es\/mi-reino-no-es-de-este-mundo\/#primaryimage"},"thumbnailUrl":"https:\/\/amorpazy-cp515.wordpresstemporal.com\/amorpazycaridad.es\/wp-content\/uploads\/2015\/03\/mi-reino-no-es.jpg","keywords":["\"El Cielo y el Infierno\"","Eben Alexander","hombre fisiol\u00f3gico","hombre psicol\u00f3gico","jesus de nazaret","m\u00e1s all\u00e1","sentido de la vida","Vida espiritual"],"articleSection":["Apartado esp\u00edrita"],"inLanguage":"es","potentialAction":[{"@type":"CommentAction","name":"Comment","target":["https:\/\/amorpazycaridad.es\/mi-reino-no-es-de-este-mundo\/#respond"]}]},{"@type":"WebPage","@id":"https:\/\/amorpazycaridad.es\/mi-reino-no-es-de-este-mundo\/","url":"https:\/\/amorpazycaridad.es\/mi-reino-no-es-de-este-mundo\/","name":"MI REINO NO ES DE ESTE MUNDO | Amor, paz caridad","isPartOf":{"@id":"https:\/\/amorpazy-cp515.wordpresstemporal.com\/amorpazycaridad.es\/#website"},"primaryImageOfPage":{"@id":"https:\/\/amorpazycaridad.es\/mi-reino-no-es-de-este-mundo\/#primaryimage"},"image":{"@id":"https:\/\/amorpazycaridad.es\/mi-reino-no-es-de-este-mundo\/#primaryimage"},"thumbnailUrl":"https:\/\/amorpazy-cp515.wordpresstemporal.com\/amorpazycaridad.es\/wp-content\/uploads\/2015\/03\/mi-reino-no-es.jpg","datePublished":"2015-03-23T05:31:20+00:00","dateModified":"2015-03-24T05:07:27+00:00","breadcrumb":{"@id":"https:\/\/amorpazycaridad.es\/mi-reino-no-es-de-este-mundo\/#breadcrumb"},"inLanguage":"es","potentialAction":[{"@type":"ReadAction","target":["https:\/\/amorpazycaridad.es\/mi-reino-no-es-de-este-mundo\/"]}]},{"@type":"ImageObject","inLanguage":"es","@id":"https:\/\/amorpazycaridad.es\/mi-reino-no-es-de-este-mundo\/#primaryimage","url":"https:\/\/amorpazy-cp515.wordpresstemporal.com\/amorpazycaridad.es\/wp-content\/uploads\/2015\/03\/mi-reino-no-es.jpg","contentUrl":"https:\/\/amorpazy-cp515.wordpresstemporal.com\/amorpazycaridad.es\/wp-content\/uploads\/2015\/03\/mi-reino-no-es.jpg","width":750,"height":350},{"@type":"BreadcrumbList","@id":"https:\/\/amorpazycaridad.es\/mi-reino-no-es-de-este-mundo\/#breadcrumb","itemListElement":[{"@type":"ListItem","position":1,"name":"Portada","item":"https:\/\/amorpazy-cp515.wordpresstemporal.com\/amorpazycaridad.es\/"},{"@type":"ListItem","position":2,"name":"MI REINO NO ES DE ESTE MUNDO"}]},{"@type":"WebSite","@id":"https:\/\/amorpazy-cp515.wordpresstemporal.com\/amorpazycaridad.es\/#website","url":"https:\/\/amorpazy-cp515.wordpresstemporal.com\/amorpazycaridad.es\/","name":"Amor, paz caridad","description":"Conocimiento espiritual, espiritismo, espiritualismo, leyes universales, m\u00e1s all\u00e1, vida despu\u00e9s de la vida,","publisher":{"@id":"https:\/\/amorpazy-cp515.wordpresstemporal.com\/amorpazycaridad.es\/#organization"},"potentialAction":[{"@type":"SearchAction","target":{"@type":"EntryPoint","urlTemplate":"https:\/\/amorpazy-cp515.wordpresstemporal.com\/amorpazycaridad.es\/?s={search_term_string}"},"query-input":{"@type":"PropertyValueSpecification","valueRequired":true,"valueName":"search_term_string"}}],"inLanguage":"es"},{"@type":"Organization","@id":"https:\/\/amorpazy-cp515.wordpresstemporal.com\/amorpazycaridad.es\/#organization","name":"Asociaci\u00f3n de Estudios Espirituales Grupo Villena","url":"https:\/\/amorpazy-cp515.wordpresstemporal.com\/amorpazycaridad.es\/","logo":{"@type":"ImageObject","inLanguage":"es","@id":"https:\/\/amorpazy-cp515.wordpresstemporal.com\/amorpazycaridad.es\/#\/schema\/logo\/image\/","url":"https:\/\/amorpazycaridad.es\/wp-content\/uploads\/2015\/01\/logo-fav-e1420247830294.jpg","contentUrl":"https:\/\/amorpazycaridad.es\/wp-content\/uploads\/2015\/01\/logo-fav-e1420247830294.jpg","width":144,"height":144,"caption":"Asociaci\u00f3n de Estudios Espirituales Grupo Villena"},"image":{"@id":"https:\/\/amorpazy-cp515.wordpresstemporal.com\/amorpazycaridad.es\/#\/schema\/logo\/image\/"},"sameAs":["http:\/\/www.facebook.com\/pages\/Amor-paz-y-caridad\/1594978604096866","https:\/\/x.com\/amorpazycaridad","https:\/\/es.pinterest.com\/amorpazycaridad\/","https:\/\/www.youtube.com\/channel\/UC1GvDIDCLoL02SzOD7NJdrA"]},{"@type":"Person","@id":"https:\/\/amorpazy-cp515.wordpresstemporal.com\/amorpazycaridad.es\/#\/schema\/person\/6f0cedb316ce549a85d79dba9ebb353e","name":"Jos\u00e9 Manuel Meseguer Clemente","image":{"@type":"ImageObject","inLanguage":"es","@id":"https:\/\/amorpazycaridad.es\/wp-content\/uploads\/2017\/11\/Archivo-1-11-17-12-31-35-96x96.jpegfd114e27cec70eafcf7bb076099603b6","url":"https:\/\/amorpazycaridad.es\/wp-content\/uploads\/2017\/11\/Archivo-1-11-17-12-31-35-96x96.jpeg","contentUrl":"https:\/\/amorpazycaridad.es\/wp-content\/uploads\/2017\/11\/Archivo-1-11-17-12-31-35-96x96.jpeg","caption":"Jos\u00e9 Manuel Meseguer Clemente"},"description":"Jose Manuel Meseguer Clemente . Profesionalmente se dedica al Transporte Mar\u00edtimo. Autodidacta, divulgador y escritor. Como miembro del Grupo Villena desde hace m\u00e1s de 30 a\u00f1os, ha ofrecido conferencias y participado en diversos eventos, simposios y congresos, tanto nacionales como internacionales. Actualmente es redactor de la revista \u201cAmor Paz y Caridad\u201d, donde mensualmente publica art\u00edculos de inter\u00e9s y permanente actualidad. Adem\u00e1s, es socio colaborador de SEDE (Sociedad Espa\u00f1ola de Divulgadores Esp\u00edritas).","sameAs":["http:\/\/www.amorpazycaridad.com"],"url":"https:\/\/amorpazy-cp515.wordpresstemporal.com\/amorpazycaridad.es\/author\/jose-manuel\/"}]}},"authors":[{"term_id":408,"user_id":0,"is_guest":1,"slug":"cap-jose-manuel","display_name":"Jose Manuel","avatar_url":"https:\/\/secure.gravatar.com\/avatar\/?s=96&d=mm&r=g","0":null,"1":"","2":"","3":"","4":"","5":"","6":"","7":"","8":""}],"_links":{"self":[{"href":"https:\/\/amorpazy-cp515.wordpresstemporal.com\/amorpazycaridad.es\/wp-json\/wp\/v2\/posts\/3260","targetHints":{"allow":["GET"]}}],"collection":[{"href":"https:\/\/amorpazy-cp515.wordpresstemporal.com\/amorpazycaridad.es\/wp-json\/wp\/v2\/posts"}],"about":[{"href":"https:\/\/amorpazy-cp515.wordpresstemporal.com\/amorpazycaridad.es\/wp-json\/wp\/v2\/types\/post"}],"author":[{"embeddable":true,"href":"https:\/\/amorpazy-cp515.wordpresstemporal.com\/amorpazycaridad.es\/wp-json\/wp\/v2\/users\/5"}],"replies":[{"embeddable":true,"href":"https:\/\/amorpazy-cp515.wordpresstemporal.com\/amorpazycaridad.es\/wp-json\/wp\/v2\/comments?post=3260"}],"version-history":[{"count":5,"href":"https:\/\/amorpazy-cp515.wordpresstemporal.com\/amorpazycaridad.es\/wp-json\/wp\/v2\/posts\/3260\/revisions"}],"predecessor-version":[{"id":3266,"href":"https:\/\/amorpazy-cp515.wordpresstemporal.com\/amorpazycaridad.es\/wp-json\/wp\/v2\/posts\/3260\/revisions\/3266"}],"wp:featuredmedia":[{"embeddable":true,"href":"https:\/\/amorpazy-cp515.wordpresstemporal.com\/amorpazycaridad.es\/wp-json\/wp\/v2\/media\/3264"}],"wp:attachment":[{"href":"https:\/\/amorpazy-cp515.wordpresstemporal.com\/amorpazycaridad.es\/wp-json\/wp\/v2\/media?parent=3260"}],"wp:term":[{"taxonomy":"category","embeddable":true,"href":"https:\/\/amorpazy-cp515.wordpresstemporal.com\/amorpazycaridad.es\/wp-json\/wp\/v2\/categories?post=3260"},{"taxonomy":"post_tag","embeddable":true,"href":"https:\/\/amorpazy-cp515.wordpresstemporal.com\/amorpazycaridad.es\/wp-json\/wp\/v2\/tags?post=3260"},{"taxonomy":"author","embeddable":true,"href":"https:\/\/amorpazy-cp515.wordpresstemporal.com\/amorpazycaridad.es\/wp-json\/wp\/v2\/ppma_author?post=3260"}],"curies":[{"name":"wp","href":"https:\/\/api.w.org\/{rel}","templated":true}]}}