{"id":3087,"date":"2015-03-04T06:40:59","date_gmt":"2015-03-04T05:40:59","guid":{"rendered":"https:\/\/amorpazycaridad.es\/?p=3087"},"modified":"2015-03-04T06:41:31","modified_gmt":"2015-03-04T05:41:31","slug":"la-vida-en-el-mundo-espiritual-ix","status":"publish","type":"post","link":"https:\/\/amorpazy-cp515.wordpresstemporal.com\/amorpazycaridad.es\/la-vida-en-el-mundo-espiritual-ix\/","title":{"rendered":"LA VIDA EN EL MUNDO ESPIRITUAL IX"},"content":{"rendered":"<p style=\"text-align: justify;\">Comencemos por conocer que, todo en el Universo es acci\u00f3n y progreso, en diversos modos, como diversos son los aspectos y manifestaciones de la Vida.<\/p>\n<p style=\"text-align: justify;\">Todo en el espacio c\u00f3smico, es realizaci\u00f3n en diversos aspectos. Realizaci\u00f3n feliz en los planos superiores o ambientes de vida del mundo espiritual superior; pues, la quietud o descanso eterno en el qu\u00e9 algunas mentalidades simples creen todav\u00eda, o el para\u00edso de la ociosidad y bienaventuranza contemplativa, es una ilusi\u00f3n de los fundamentos teol\u00f3gicos que confunden el significado de la verdadera religi\u00f3n.<\/p>\n<p style=\"text-align: justify;\">En el mundo espiritual, que es todo el universo, hay m\u00faltiples modalidades de vida, de acci\u00f3n, de trabajo, de estudio, de servicio, realizados por seres espirituales en diversos grados de evoluci\u00f3n, dentro de un orden jer\u00e1rquico perfecto, colaborando en la obra divina de la evoluci\u00f3n.<\/p>\n<p style=\"text-align: justify;\">Hay millones de seres espirituales (que fueron humanos como nosotros) actuando en los diversos aspectos del plan divino de evoluci\u00f3n de los mundos. En todos los grados de la jerarqu\u00eda espiritual, cada esp\u00edritu desempe\u00f1a una actividad, de mayor o menor importancia seg\u00fan su grado de evoluci\u00f3n y su deseo de realizaci\u00f3n y progreso, contribuyendo as\u00ed a la realizaci\u00f3n de las leyes divinas.<\/p>\n<p style=\"text-align: justify;\">Todo ser que ha alcanzado ya un cierto grado de evoluci\u00f3n, siente en s\u00ed ansias de realizar, de ayudar, de darse a los dem\u00e1s, de cooperar en el progreso y felicidad de sus semejantes, de amar a todo lo creado; condici\u00f3n esta que le capacita para trabajar en el obra redentora del Cristo.<\/p>\n<p style=\"text-align: justify;\">Todos y cada uno de nosotros podemos trabajar en esa obra, como humanos, iluminando las mentes oscurecidas por la ignorancia, y as\u00ed cooperar en su progreso y evoluci\u00f3n. Y en estos momentos de descreencia religiosa, las oportunidades son m\u00faltiples para tal objeto. Porque, necesario es conocer que, entre esos descreyentes, hay un gran numero de personas ansiosas de encontrar el camino que les conduzca hacia la Verdad de la vida. Y aqu\u00ed, tenemos oportunidad de poner en practica nuestro principio, nuestro lema de fraternidad en servicio.<\/p>\n<p style=\"text-align: justify;\">Pero, si bien todos y cada uno de nosotros debemos realizar esta tarea, cual es divulgar el Conocimiento para contribuir al progreso de las gentes, no esperemos que esta tarea resulte siempre f\u00e1cil; ya que, sin esfuerzo y sin sacrificio, ninguna reforma es posible en cualquiera de los \u00f3rdenes de la vida.<\/p>\n<p style=\"text-align: justify;\">La categor\u00eda en el mundo espiritual difiere de la del mundo terreno. Pues, mientras que, muchos de los que aqu\u00ed son personalidades destacadas no lo son en el mundo espiritual; y muchas personas insignificantes socialmente, pasan a destacar en el plano\u00a0espiritual.<\/p>\n<p style=\"text-align: justify;\">Y all\u00ed, no tienen poder alguno las influencias, sino la superioridad espiritual. Y esta se consigue\u00a0 tan solo, por el amor en acci\u00f3n de servicio a los dem\u00e1s. No significa esto que las personalidades destacadas humanamente, no puedan alcanzar los Reinos de Luz. Si hacen el esfuerzo necesario, s\u00ed pueden; ya que la Ley es igual para todos. Pero una cosa es ser grande humanamente, y otra es serlo espiritualmente.<\/p>\n<p style=\"text-align: justify;\">No obstante, cu\u00e1n dif\u00edcil es a la grandeza humana ser \u00abpeque\u00f1os\u00bb (humildes), condici\u00f3n esta indispensable para la grandeza espiritual.<\/p>\n<p style=\"text-align: justify;\">De ah\u00ed que, aquellas personalidades c\u00e9lebres de la historia: fil\u00f3sofos destacados, jerarcas de organizaciones religiosas y pol\u00edticas, se encuentran en gran numero en los reinos tenebrosos, por siglos. Pero, algunos tambi\u00e9n en los reinos de luz y belleza, porque los han conquistado con su nobleza, sufrimiento y bondad, en misi\u00f3n de servicio humilde: ya en el plano f\u00edsico, ya en los planos bajos o ambientes intermedios, al igual que cualquiera que haya sido insignificante en la Tierra. Por m\u00e1s poderoso que haya sido una persona en la Tierra, nada vale al traspasar la frontera del m\u00e1s all\u00e1.<\/p>\n<p style=\"text-align: justify;\">A medida que el esp\u00edritu progresa, mediante su esfuerzo al servicio del bien y superaci\u00f3n de sus imperfecciones, va subiendo en la escala de las vibraciones, alcanzando m\u00e1s altas y grandes fuerzas espirituales. Y en cada nueva escala, en cada nueva esfera de ascenso en el mundo espiritual, mayor es la intensidad de la belleza en todas sus manifestaciones; porque, el Ser espiritual adquiere una mayor sensibilidad a medida que asciende.<\/p>\n<p style=\"text-align: justify;\">En art\u00edculos anteriores hicimos una brev\u00edsima explicaci\u00f3n de las bellezas del primer plano del astral superior. Pues, as\u00ed como a mayor sutilizaci\u00f3n del cuerpo ps\u00edquico, por depuraci\u00f3n, mayor es la sensibilidad del mismo; as\u00ed tambi\u00e9n a mayor ascensi\u00f3n a los planos superiores, mayor y m\u00e1s intensa es esa belleza y m\u00e1s radiante es la luz en los mismos, as\u00ed como la vibraci\u00f3n ambiental que hace sentir m\u00e1s intensa y mayor felicidad.<\/p>\n<p style=\"text-align: justify;\">Nuestra imaginaci\u00f3n no alcanza a crear sino aquello que la Mente contiene, por lo que imposible nos es imaginar la grandiosidad de esos reinos de luz y amor.<\/p>\n<p style=\"text-align: justify;\">La atm\u00f3sfera var\u00eda en cada plano. Por lo que, para habitar el plano de vida espiritual siguiente, el ser espiritual tiene que ir adquiriendo sutileza, que el mayor sentimiento de amor proporciona.<\/p>\n<p style=\"text-align: justify;\">Cuanto m\u00e1s evolucionado es el ser espiritual, mayor es su ansia de realizaci\u00f3n.<\/p>\n<p style=\"text-align: justify;\">Solo los seres atrasados son remisos en las realizaciones. En los planos elevados de la vida espiritual, todo es acci\u00f3n en sus diversos aspectos, trabajo, realizaci\u00f3n en diversos modos. Y cuanto m\u00e1s elevado es el plano de vida espiritual, m\u00e1s intensa es esa actividad; pero una actividad sin fatigas, por ser realizada con intenso amor.<\/p>\n<p style=\"text-align: justify;\">En todas esas realizaciones que por amor y con amor realizan los seres del mundo espiritual superior, hay una sincronizaci\u00f3n y armon\u00eda perfecta, hay una jerarqu\u00eda basada en el amor, orientada hacia el progreso en todos los aspectos de la vida.<\/p>\n<p style=\"text-align: justify;\">Por ejemplo, en las esferas siderales, act\u00faan seres de gran inteligencia, de gran sabidur\u00eda y poder, que dirigen la evoluci\u00f3n de los mundos. Y en escala descendente act\u00faan los Cristos planetarios que, por medio de sus colaboradores inmediatos de gran poder y amor, dirigen las diversas actividades en los planos espirituales para la evoluci\u00f3n de las humanidades. Si esos seres espirituales de gran amor, sabidur\u00eda y poder, retirasen su influencia sobre los humanos, en muy poco tiempo la humanidad caer\u00eda en la barbarie y en el caos.<\/p>\n<p style=\"text-align: justify;\">Y entre \u00e9sos est\u00e1n los que, con el poder de su mente crean esas maravillosas bellezas y ambientes de habitabilidad en los planos superiores del astral; as\u00ed como los directores o gobernantes de cada reino del mundo espiritual superior de cada planeta habitado.<\/p>\n<p style=\"text-align: justify;\">Y los gobernantes de cada plano del mundo espiritual superior de nuestro planeta, por ejemplo, reciben el pensamiento del Cristo, que es el gobernante mayor, mentor y gu\u00eda de nuestro planeta. Su deseo es captado por esas mentes poderosas de los planos elevados que, a su vez, transmiten a los diversos planos de realizaci\u00f3n y misiones de servicio, distribuidos en los planos astrales y en el plano f\u00edsico.<\/p>\n<p style=\"text-align: justify;\">Pretender explicar la amplitud de su poder, que con inmenso amor ejercen, es imposible como humanos.<\/p>\n<p style=\"text-align: justify;\">Todos los dem\u00e1s aspectos del trabajo de los millones de seres espirituales colaboradores en el progreso y evoluci\u00f3n del mundo y su humanidad, est\u00e1n repartidos en las diversas actividades en el mundo espiritual y en el mundo f\u00edsico.<\/p>\n<p style=\"text-align: right;\">Sebasti\u00e1n de Arauco<\/p>\n","protected":false},"excerpt":{"rendered":"<p>Comencemos por conocer que, todo en el Universo es acci\u00f3n y progreso, en diversos modos, como diversos son los aspectos y manifestaciones de la Vida. Todo en el espacio c\u00f3smico, es realizaci\u00f3n en diversos aspectos. Realizaci\u00f3n feliz en los planos superiores o ambientes de vida del mundo espiritual superior; pues, la quietud o descanso eterno [&hellip;]<\/p>\n","protected":false},"author":2,"featured_media":3091,"comment_status":"open","ping_status":"open","sticky":false,"template":"","format":"standard","meta":{"tdm_status":"","tdm_grid_status":"","footnotes":""},"categories":[35],"tags":[574,70,982,573,983,225,405,288,318],"ppma_author":[396,571],"class_list":{"0":"post-3087","1":"post","2":"type-post","3":"status-publish","4":"format-standard","5":"has-post-thumbnail","7":"category-leyes-universales","8":"tag-alma","9":"tag-amor-2","10":"tag-cielo","11":"tag-espiritu","12":"tag-infierno","13":"tag-la-vida-en-el-mundo-espiritual","14":"tag-mas-alla","15":"tag-sebastian-de-arauco","16":"tag-vida-despues-de-la-vida"},"yoast_head":"<!-- This site is optimized with the Yoast SEO plugin v27.7 - https:\/\/yoast.com\/product\/yoast-seo-wordpress\/ -->\n<title>LA VIDA EN EL MUNDO ESPIRITUAL IX | Amor, paz caridad<\/title>\n<meta name=\"robots\" content=\"index, follow, max-snippet:-1, max-image-preview:large, max-video-preview:-1\" \/>\n<link rel=\"canonical\" href=\"https:\/\/amorpazy-cp515.wordpresstemporal.com\/amorpazycaridad.es\/la-vida-en-el-mundo-espiritual-ix\/\" \/>\n<meta property=\"og:locale\" content=\"es_ES\" \/>\n<meta property=\"og:type\" content=\"article\" \/>\n<meta property=\"og:title\" content=\"LA VIDA EN EL MUNDO ESPIRITUAL IX | Amor, paz caridad\" \/>\n<meta property=\"og:description\" content=\"Comencemos por conocer que, todo en el Universo es acci\u00f3n y progreso, en diversos modos, como diversos son los aspectos y manifestaciones de la Vida. Todo en el espacio c\u00f3smico, es realizaci\u00f3n en diversos aspectos. Realizaci\u00f3n feliz en los planos superiores o ambientes de vida del mundo espiritual superior; pues, la quietud o descanso eterno [&hellip;]\" \/>\n<meta property=\"og:url\" content=\"https:\/\/amorpazy-cp515.wordpresstemporal.com\/amorpazycaridad.es\/la-vida-en-el-mundo-espiritual-ix\/\" \/>\n<meta property=\"og:site_name\" content=\"Amor, paz caridad\" \/>\n<meta property=\"article:publisher\" content=\"http:\/\/www.facebook.com\/pages\/Amor-paz-y-caridad\/1594978604096866\" \/>\n<meta property=\"article:published_time\" content=\"2015-03-04T05:40:59+00:00\" \/>\n<meta property=\"article:modified_time\" content=\"2015-03-04T05:41:31+00:00\" \/>\n<meta property=\"og:image\" content=\"https:\/\/amorpazy-cp515.wordpresstemporal.com\/amorpazycaridad.es\/wp-content\/uploads\/2015\/03\/la-vida-en-el-mundo-espiritual-9.jpg\" \/>\n\t<meta property=\"og:image:width\" content=\"750\" \/>\n\t<meta property=\"og:image:height\" content=\"350\" \/>\n\t<meta property=\"og:image:type\" content=\"image\/jpeg\" \/>\n<meta name=\"author\" content=\"Redaccion, sebastian-de-arauco\" \/>\n<meta name=\"twitter:card\" content=\"summary_large_image\" \/>\n<meta name=\"twitter:creator\" content=\"@amorpazycaridad\" \/>\n<meta name=\"twitter:site\" content=\"@amorpazycaridad\" \/>\n<meta name=\"twitter:label1\" content=\"Escrito por\" \/>\n\t<meta name=\"twitter:data1\" content=\"Redacci\u00f3n\" \/>\n\t<meta name=\"twitter:label2\" content=\"Tiempo de lectura\" \/>\n\t<meta name=\"twitter:data2\" content=\"6 minutos\" \/>\n<script type=\"application\/ld+json\" class=\"yoast-schema-graph\">{\"@context\":\"https:\\\/\\\/schema.org\",\"@graph\":[{\"@type\":\"Article\",\"@id\":\"https:\\\/\\\/amorpazy-cp515.wordpresstemporal.com\\\/amorpazycaridad.es\\\/la-vida-en-el-mundo-espiritual-ix\\\/#article\",\"isPartOf\":{\"@id\":\"https:\\\/\\\/amorpazy-cp515.wordpresstemporal.com\\\/amorpazycaridad.es\\\/la-vida-en-el-mundo-espiritual-ix\\\/\"},\"author\":{\"name\":\"Redacci\u00f3n\",\"@id\":\"https:\\\/\\\/amorpazy-cp515.wordpresstemporal.com\\\/amorpazycaridad.es\\\/#\\\/schema\\\/person\\\/44cbc218f1b29f65390e7c8a4fd0c28d\"},\"headline\":\"LA VIDA EN EL MUNDO ESPIRITUAL IX\",\"datePublished\":\"2015-03-04T05:40:59+00:00\",\"dateModified\":\"2015-03-04T05:41:31+00:00\",\"mainEntityOfPage\":{\"@id\":\"https:\\\/\\\/amorpazy-cp515.wordpresstemporal.com\\\/amorpazycaridad.es\\\/la-vida-en-el-mundo-espiritual-ix\\\/\"},\"wordCount\":1272,\"commentCount\":0,\"publisher\":{\"@id\":\"https:\\\/\\\/amorpazy-cp515.wordpresstemporal.com\\\/amorpazycaridad.es\\\/#organization\"},\"image\":{\"@id\":\"https:\\\/\\\/amorpazy-cp515.wordpresstemporal.com\\\/amorpazycaridad.es\\\/la-vida-en-el-mundo-espiritual-ix\\\/#primaryimage\"},\"thumbnailUrl\":\"https:\\\/\\\/amorpazy-cp515.wordpresstemporal.com\\\/amorpazycaridad.es\\\/wp-content\\\/uploads\\\/2015\\\/03\\\/la-vida-en-el-mundo-espiritual-9.jpg\",\"keywords\":[\"alma\",\"Amor\",\"Cielo\",\"espiritu\",\"Infierno\",\"LA VIDA EN EL MUNDO ESPIRITUAL\",\"m\u00e1s all\u00e1\",\"Sebasti\u00e1n de Arauco\",\"VIDA DESPU\u00c9S DE LA VIDA\"],\"articleSection\":[\"Leyes Universales\"],\"inLanguage\":\"es\",\"potentialAction\":[{\"@type\":\"CommentAction\",\"name\":\"Comment\",\"target\":[\"https:\\\/\\\/amorpazy-cp515.wordpresstemporal.com\\\/amorpazycaridad.es\\\/la-vida-en-el-mundo-espiritual-ix\\\/#respond\"]}]},{\"@type\":\"WebPage\",\"@id\":\"https:\\\/\\\/amorpazy-cp515.wordpresstemporal.com\\\/amorpazycaridad.es\\\/la-vida-en-el-mundo-espiritual-ix\\\/\",\"url\":\"https:\\\/\\\/amorpazy-cp515.wordpresstemporal.com\\\/amorpazycaridad.es\\\/la-vida-en-el-mundo-espiritual-ix\\\/\",\"name\":\"LA VIDA EN EL MUNDO ESPIRITUAL IX | Amor, paz caridad\",\"isPartOf\":{\"@id\":\"https:\\\/\\\/amorpazy-cp515.wordpresstemporal.com\\\/amorpazycaridad.es\\\/#website\"},\"primaryImageOfPage\":{\"@id\":\"https:\\\/\\\/amorpazy-cp515.wordpresstemporal.com\\\/amorpazycaridad.es\\\/la-vida-en-el-mundo-espiritual-ix\\\/#primaryimage\"},\"image\":{\"@id\":\"https:\\\/\\\/amorpazy-cp515.wordpresstemporal.com\\\/amorpazycaridad.es\\\/la-vida-en-el-mundo-espiritual-ix\\\/#primaryimage\"},\"thumbnailUrl\":\"https:\\\/\\\/amorpazy-cp515.wordpresstemporal.com\\\/amorpazycaridad.es\\\/wp-content\\\/uploads\\\/2015\\\/03\\\/la-vida-en-el-mundo-espiritual-9.jpg\",\"datePublished\":\"2015-03-04T05:40:59+00:00\",\"dateModified\":\"2015-03-04T05:41:31+00:00\",\"breadcrumb\":{\"@id\":\"https:\\\/\\\/amorpazy-cp515.wordpresstemporal.com\\\/amorpazycaridad.es\\\/la-vida-en-el-mundo-espiritual-ix\\\/#breadcrumb\"},\"inLanguage\":\"es\",\"potentialAction\":[{\"@type\":\"ReadAction\",\"target\":[\"https:\\\/\\\/amorpazy-cp515.wordpresstemporal.com\\\/amorpazycaridad.es\\\/la-vida-en-el-mundo-espiritual-ix\\\/\"]}]},{\"@type\":\"ImageObject\",\"inLanguage\":\"es\",\"@id\":\"https:\\\/\\\/amorpazy-cp515.wordpresstemporal.com\\\/amorpazycaridad.es\\\/la-vida-en-el-mundo-espiritual-ix\\\/#primaryimage\",\"url\":\"https:\\\/\\\/amorpazy-cp515.wordpresstemporal.com\\\/amorpazycaridad.es\\\/wp-content\\\/uploads\\\/2015\\\/03\\\/la-vida-en-el-mundo-espiritual-9.jpg\",\"contentUrl\":\"https:\\\/\\\/amorpazy-cp515.wordpresstemporal.com\\\/amorpazycaridad.es\\\/wp-content\\\/uploads\\\/2015\\\/03\\\/la-vida-en-el-mundo-espiritual-9.jpg\",\"width\":750,\"height\":350,\"caption\":\"Fotograma de la pel\u00edcula \\\"Nosso Lar\\\" basada en la obra de Chico Xavier.\"},{\"@type\":\"BreadcrumbList\",\"@id\":\"https:\\\/\\\/amorpazy-cp515.wordpresstemporal.com\\\/amorpazycaridad.es\\\/la-vida-en-el-mundo-espiritual-ix\\\/#breadcrumb\",\"itemListElement\":[{\"@type\":\"ListItem\",\"position\":1,\"name\":\"Portada\",\"item\":\"https:\\\/\\\/amorpazy-cp515.wordpresstemporal.com\\\/amorpazycaridad.es\\\/\"},{\"@type\":\"ListItem\",\"position\":2,\"name\":\"LA VIDA EN EL MUNDO ESPIRITUAL IX\"}]},{\"@type\":\"WebSite\",\"@id\":\"https:\\\/\\\/amorpazy-cp515.wordpresstemporal.com\\\/amorpazycaridad.es\\\/#website\",\"url\":\"https:\\\/\\\/amorpazy-cp515.wordpresstemporal.com\\\/amorpazycaridad.es\\\/\",\"name\":\"Amor, paz caridad\",\"description\":\"Conocimiento espiritual, espiritismo, espiritualismo, leyes universales, m\u00e1s all\u00e1, vida despu\u00e9s de la vida,\",\"publisher\":{\"@id\":\"https:\\\/\\\/amorpazy-cp515.wordpresstemporal.com\\\/amorpazycaridad.es\\\/#organization\"},\"potentialAction\":[{\"@type\":\"SearchAction\",\"target\":{\"@type\":\"EntryPoint\",\"urlTemplate\":\"https:\\\/\\\/amorpazy-cp515.wordpresstemporal.com\\\/amorpazycaridad.es\\\/?s={search_term_string}\"},\"query-input\":{\"@type\":\"PropertyValueSpecification\",\"valueRequired\":true,\"valueName\":\"search_term_string\"}}],\"inLanguage\":\"es\"},{\"@type\":\"Organization\",\"@id\":\"https:\\\/\\\/amorpazy-cp515.wordpresstemporal.com\\\/amorpazycaridad.es\\\/#organization\",\"name\":\"Asociaci\u00f3n de Estudios Espirituales Grupo Villena\",\"url\":\"https:\\\/\\\/amorpazy-cp515.wordpresstemporal.com\\\/amorpazycaridad.es\\\/\",\"logo\":{\"@type\":\"ImageObject\",\"inLanguage\":\"es\",\"@id\":\"https:\\\/\\\/amorpazy-cp515.wordpresstemporal.com\\\/amorpazycaridad.es\\\/#\\\/schema\\\/logo\\\/image\\\/\",\"url\":\"https:\\\/\\\/amorpazycaridad.es\\\/wp-content\\\/uploads\\\/2015\\\/01\\\/logo-fav-e1420247830294.jpg\",\"contentUrl\":\"https:\\\/\\\/amorpazycaridad.es\\\/wp-content\\\/uploads\\\/2015\\\/01\\\/logo-fav-e1420247830294.jpg\",\"width\":144,\"height\":144,\"caption\":\"Asociaci\u00f3n de Estudios Espirituales Grupo Villena\"},\"image\":{\"@id\":\"https:\\\/\\\/amorpazy-cp515.wordpresstemporal.com\\\/amorpazycaridad.es\\\/#\\\/schema\\\/logo\\\/image\\\/\"},\"sameAs\":[\"http:\\\/\\\/www.facebook.com\\\/pages\\\/Amor-paz-y-caridad\\\/1594978604096866\",\"https:\\\/\\\/x.com\\\/amorpazycaridad\",\"https:\\\/\\\/es.pinterest.com\\\/amorpazycaridad\\\/\",\"https:\\\/\\\/www.youtube.com\\\/channel\\\/UC1GvDIDCLoL02SzOD7NJdrA\"]},{\"@type\":\"Person\",\"@id\":\"https:\\\/\\\/amorpazy-cp515.wordpresstemporal.com\\\/amorpazycaridad.es\\\/#\\\/schema\\\/person\\\/44cbc218f1b29f65390e7c8a4fd0c28d\",\"name\":\"Redacci\u00f3n\",\"image\":{\"@type\":\"ImageObject\",\"inLanguage\":\"es\",\"@id\":\"https:\\\/\\\/amorpazycaridad.es\\\/wp-content\\\/uploads\\\/2015\\\/01\\\/icono-114-96x96.jpg73ca1ff604f9e7c7607bbbfa84b61c44\",\"url\":\"https:\\\/\\\/amorpazycaridad.es\\\/wp-content\\\/uploads\\\/2015\\\/01\\\/icono-114-96x96.jpg\",\"contentUrl\":\"https:\\\/\\\/amorpazycaridad.es\\\/wp-content\\\/uploads\\\/2015\\\/01\\\/icono-114-96x96.jpg\",\"caption\":\"Redacci\u00f3n\"},\"sameAs\":[\"http:\\\/\\\/www.amorpazycaridad.com\"],\"url\":\"https:\\\/\\\/amorpazy-cp515.wordpresstemporal.com\\\/amorpazycaridad.es\\\/author\\\/redaccion\\\/\"}]}<\/script>\n<!-- \/ Yoast SEO plugin. -->","yoast_head_json":{"title":"LA VIDA EN EL MUNDO ESPIRITUAL IX | Amor, paz caridad","robots":{"index":"index","follow":"follow","max-snippet":"max-snippet:-1","max-image-preview":"max-image-preview:large","max-video-preview":"max-video-preview:-1"},"canonical":"https:\/\/amorpazy-cp515.wordpresstemporal.com\/amorpazycaridad.es\/la-vida-en-el-mundo-espiritual-ix\/","og_locale":"es_ES","og_type":"article","og_title":"LA VIDA EN EL MUNDO ESPIRITUAL IX | Amor, paz caridad","og_description":"Comencemos por conocer que, todo en el Universo es acci\u00f3n y progreso, en diversos modos, como diversos son los aspectos y manifestaciones de la Vida. Todo en el espacio c\u00f3smico, es realizaci\u00f3n en diversos aspectos. Realizaci\u00f3n feliz en los planos superiores o ambientes de vida del mundo espiritual superior; pues, la quietud o descanso eterno [&hellip;]","og_url":"https:\/\/amorpazy-cp515.wordpresstemporal.com\/amorpazycaridad.es\/la-vida-en-el-mundo-espiritual-ix\/","og_site_name":"Amor, paz caridad","article_publisher":"http:\/\/www.facebook.com\/pages\/Amor-paz-y-caridad\/1594978604096866","article_published_time":"2015-03-04T05:40:59+00:00","article_modified_time":"2015-03-04T05:41:31+00:00","og_image":[{"width":750,"height":350,"url":"https:\/\/amorpazy-cp515.wordpresstemporal.com\/amorpazycaridad.es\/wp-content\/uploads\/2015\/03\/la-vida-en-el-mundo-espiritual-9.jpg","type":"image\/jpeg"}],"author":"Redaccion, sebastian-de-arauco","twitter_card":"summary_large_image","twitter_creator":"@amorpazycaridad","twitter_site":"@amorpazycaridad","twitter_misc":{"Escrito por":"Redacci\u00f3n","Tiempo de lectura":"6 minutos"},"schema":{"@context":"https:\/\/schema.org","@graph":[{"@type":"Article","@id":"https:\/\/amorpazy-cp515.wordpresstemporal.com\/amorpazycaridad.es\/la-vida-en-el-mundo-espiritual-ix\/#article","isPartOf":{"@id":"https:\/\/amorpazy-cp515.wordpresstemporal.com\/amorpazycaridad.es\/la-vida-en-el-mundo-espiritual-ix\/"},"author":{"name":"Redacci\u00f3n","@id":"https:\/\/amorpazy-cp515.wordpresstemporal.com\/amorpazycaridad.es\/#\/schema\/person\/44cbc218f1b29f65390e7c8a4fd0c28d"},"headline":"LA VIDA EN EL MUNDO ESPIRITUAL IX","datePublished":"2015-03-04T05:40:59+00:00","dateModified":"2015-03-04T05:41:31+00:00","mainEntityOfPage":{"@id":"https:\/\/amorpazy-cp515.wordpresstemporal.com\/amorpazycaridad.es\/la-vida-en-el-mundo-espiritual-ix\/"},"wordCount":1272,"commentCount":0,"publisher":{"@id":"https:\/\/amorpazy-cp515.wordpresstemporal.com\/amorpazycaridad.es\/#organization"},"image":{"@id":"https:\/\/amorpazy-cp515.wordpresstemporal.com\/amorpazycaridad.es\/la-vida-en-el-mundo-espiritual-ix\/#primaryimage"},"thumbnailUrl":"https:\/\/amorpazy-cp515.wordpresstemporal.com\/amorpazycaridad.es\/wp-content\/uploads\/2015\/03\/la-vida-en-el-mundo-espiritual-9.jpg","keywords":["alma","Amor","Cielo","espiritu","Infierno","LA VIDA EN EL MUNDO ESPIRITUAL","m\u00e1s all\u00e1","Sebasti\u00e1n de Arauco","VIDA DESPU\u00c9S DE LA VIDA"],"articleSection":["Leyes Universales"],"inLanguage":"es","potentialAction":[{"@type":"CommentAction","name":"Comment","target":["https:\/\/amorpazy-cp515.wordpresstemporal.com\/amorpazycaridad.es\/la-vida-en-el-mundo-espiritual-ix\/#respond"]}]},{"@type":"WebPage","@id":"https:\/\/amorpazy-cp515.wordpresstemporal.com\/amorpazycaridad.es\/la-vida-en-el-mundo-espiritual-ix\/","url":"https:\/\/amorpazy-cp515.wordpresstemporal.com\/amorpazycaridad.es\/la-vida-en-el-mundo-espiritual-ix\/","name":"LA VIDA EN EL MUNDO ESPIRITUAL IX | Amor, paz caridad","isPartOf":{"@id":"https:\/\/amorpazy-cp515.wordpresstemporal.com\/amorpazycaridad.es\/#website"},"primaryImageOfPage":{"@id":"https:\/\/amorpazy-cp515.wordpresstemporal.com\/amorpazycaridad.es\/la-vida-en-el-mundo-espiritual-ix\/#primaryimage"},"image":{"@id":"https:\/\/amorpazy-cp515.wordpresstemporal.com\/amorpazycaridad.es\/la-vida-en-el-mundo-espiritual-ix\/#primaryimage"},"thumbnailUrl":"https:\/\/amorpazy-cp515.wordpresstemporal.com\/amorpazycaridad.es\/wp-content\/uploads\/2015\/03\/la-vida-en-el-mundo-espiritual-9.jpg","datePublished":"2015-03-04T05:40:59+00:00","dateModified":"2015-03-04T05:41:31+00:00","breadcrumb":{"@id":"https:\/\/amorpazy-cp515.wordpresstemporal.com\/amorpazycaridad.es\/la-vida-en-el-mundo-espiritual-ix\/#breadcrumb"},"inLanguage":"es","potentialAction":[{"@type":"ReadAction","target":["https:\/\/amorpazy-cp515.wordpresstemporal.com\/amorpazycaridad.es\/la-vida-en-el-mundo-espiritual-ix\/"]}]},{"@type":"ImageObject","inLanguage":"es","@id":"https:\/\/amorpazy-cp515.wordpresstemporal.com\/amorpazycaridad.es\/la-vida-en-el-mundo-espiritual-ix\/#primaryimage","url":"https:\/\/amorpazy-cp515.wordpresstemporal.com\/amorpazycaridad.es\/wp-content\/uploads\/2015\/03\/la-vida-en-el-mundo-espiritual-9.jpg","contentUrl":"https:\/\/amorpazy-cp515.wordpresstemporal.com\/amorpazycaridad.es\/wp-content\/uploads\/2015\/03\/la-vida-en-el-mundo-espiritual-9.jpg","width":750,"height":350,"caption":"Fotograma de la pel\u00edcula \"Nosso Lar\" basada en la obra de Chico Xavier."},{"@type":"BreadcrumbList","@id":"https:\/\/amorpazy-cp515.wordpresstemporal.com\/amorpazycaridad.es\/la-vida-en-el-mundo-espiritual-ix\/#breadcrumb","itemListElement":[{"@type":"ListItem","position":1,"name":"Portada","item":"https:\/\/amorpazy-cp515.wordpresstemporal.com\/amorpazycaridad.es\/"},{"@type":"ListItem","position":2,"name":"LA VIDA EN EL MUNDO ESPIRITUAL IX"}]},{"@type":"WebSite","@id":"https:\/\/amorpazy-cp515.wordpresstemporal.com\/amorpazycaridad.es\/#website","url":"https:\/\/amorpazy-cp515.wordpresstemporal.com\/amorpazycaridad.es\/","name":"Amor, paz caridad","description":"Conocimiento espiritual, espiritismo, espiritualismo, leyes universales, m\u00e1s all\u00e1, vida despu\u00e9s de la vida,","publisher":{"@id":"https:\/\/amorpazy-cp515.wordpresstemporal.com\/amorpazycaridad.es\/#organization"},"potentialAction":[{"@type":"SearchAction","target":{"@type":"EntryPoint","urlTemplate":"https:\/\/amorpazy-cp515.wordpresstemporal.com\/amorpazycaridad.es\/?s={search_term_string}"},"query-input":{"@type":"PropertyValueSpecification","valueRequired":true,"valueName":"search_term_string"}}],"inLanguage":"es"},{"@type":"Organization","@id":"https:\/\/amorpazy-cp515.wordpresstemporal.com\/amorpazycaridad.es\/#organization","name":"Asociaci\u00f3n de Estudios Espirituales Grupo Villena","url":"https:\/\/amorpazy-cp515.wordpresstemporal.com\/amorpazycaridad.es\/","logo":{"@type":"ImageObject","inLanguage":"es","@id":"https:\/\/amorpazy-cp515.wordpresstemporal.com\/amorpazycaridad.es\/#\/schema\/logo\/image\/","url":"https:\/\/amorpazycaridad.es\/wp-content\/uploads\/2015\/01\/logo-fav-e1420247830294.jpg","contentUrl":"https:\/\/amorpazycaridad.es\/wp-content\/uploads\/2015\/01\/logo-fav-e1420247830294.jpg","width":144,"height":144,"caption":"Asociaci\u00f3n de Estudios Espirituales Grupo Villena"},"image":{"@id":"https:\/\/amorpazy-cp515.wordpresstemporal.com\/amorpazycaridad.es\/#\/schema\/logo\/image\/"},"sameAs":["http:\/\/www.facebook.com\/pages\/Amor-paz-y-caridad\/1594978604096866","https:\/\/x.com\/amorpazycaridad","https:\/\/es.pinterest.com\/amorpazycaridad\/","https:\/\/www.youtube.com\/channel\/UC1GvDIDCLoL02SzOD7NJdrA"]},{"@type":"Person","@id":"https:\/\/amorpazy-cp515.wordpresstemporal.com\/amorpazycaridad.es\/#\/schema\/person\/44cbc218f1b29f65390e7c8a4fd0c28d","name":"Redacci\u00f3n","image":{"@type":"ImageObject","inLanguage":"es","@id":"https:\/\/amorpazycaridad.es\/wp-content\/uploads\/2015\/01\/icono-114-96x96.jpg73ca1ff604f9e7c7607bbbfa84b61c44","url":"https:\/\/amorpazycaridad.es\/wp-content\/uploads\/2015\/01\/icono-114-96x96.jpg","contentUrl":"https:\/\/amorpazycaridad.es\/wp-content\/uploads\/2015\/01\/icono-114-96x96.jpg","caption":"Redacci\u00f3n"},"sameAs":["http:\/\/www.amorpazycaridad.com"],"url":"https:\/\/amorpazy-cp515.wordpresstemporal.com\/amorpazycaridad.es\/author\/redaccion\/"}]}},"authors":[{"term_id":396,"user_id":0,"is_guest":1,"slug":"cap-redaccion","display_name":"Redaccion","avatar_url":"https:\/\/secure.gravatar.com\/avatar\/?s=96&d=mm&r=g","0":null,"1":"","2":"","3":"","4":"","5":"","6":"","7":"","8":""},{"term_id":571,"user_id":0,"is_guest":1,"slug":"cap-sebastian-de-arauco","display_name":"sebastian-de-arauco","avatar_url":"https:\/\/secure.gravatar.com\/avatar\/?s=96&d=mm&r=g","0":null,"1":"","2":"","3":"","4":"","5":"","6":"","7":"","8":""}],"_links":{"self":[{"href":"https:\/\/amorpazy-cp515.wordpresstemporal.com\/amorpazycaridad.es\/wp-json\/wp\/v2\/posts\/3087","targetHints":{"allow":["GET"]}}],"collection":[{"href":"https:\/\/amorpazy-cp515.wordpresstemporal.com\/amorpazycaridad.es\/wp-json\/wp\/v2\/posts"}],"about":[{"href":"https:\/\/amorpazy-cp515.wordpresstemporal.com\/amorpazycaridad.es\/wp-json\/wp\/v2\/types\/post"}],"author":[{"embeddable":true,"href":"https:\/\/amorpazy-cp515.wordpresstemporal.com\/amorpazycaridad.es\/wp-json\/wp\/v2\/users\/2"}],"replies":[{"embeddable":true,"href":"https:\/\/amorpazy-cp515.wordpresstemporal.com\/amorpazycaridad.es\/wp-json\/wp\/v2\/comments?post=3087"}],"version-history":[{"count":3,"href":"https:\/\/amorpazy-cp515.wordpresstemporal.com\/amorpazycaridad.es\/wp-json\/wp\/v2\/posts\/3087\/revisions"}],"predecessor-version":[{"id":3090,"href":"https:\/\/amorpazy-cp515.wordpresstemporal.com\/amorpazycaridad.es\/wp-json\/wp\/v2\/posts\/3087\/revisions\/3090"}],"wp:featuredmedia":[{"embeddable":true,"href":"https:\/\/amorpazy-cp515.wordpresstemporal.com\/amorpazycaridad.es\/wp-json\/wp\/v2\/media\/3091"}],"wp:attachment":[{"href":"https:\/\/amorpazy-cp515.wordpresstemporal.com\/amorpazycaridad.es\/wp-json\/wp\/v2\/media?parent=3087"}],"wp:term":[{"taxonomy":"category","embeddable":true,"href":"https:\/\/amorpazy-cp515.wordpresstemporal.com\/amorpazycaridad.es\/wp-json\/wp\/v2\/categories?post=3087"},{"taxonomy":"post_tag","embeddable":true,"href":"https:\/\/amorpazy-cp515.wordpresstemporal.com\/amorpazycaridad.es\/wp-json\/wp\/v2\/tags?post=3087"},{"taxonomy":"author","embeddable":true,"href":"https:\/\/amorpazy-cp515.wordpresstemporal.com\/amorpazycaridad.es\/wp-json\/wp\/v2\/ppma_author?post=3087"}],"curies":[{"name":"wp","href":"https:\/\/api.w.org\/{rel}","templated":true}]}}