{"id":2826,"date":"2015-02-18T06:00:53","date_gmt":"2015-02-18T05:00:53","guid":{"rendered":"https:\/\/amorpazycaridad.es\/?p=2826"},"modified":"2015-03-23T06:08:59","modified_gmt":"2015-03-23T05:08:59","slug":"yo-no-he-venido-a-destruir-la-ley","status":"publish","type":"post","link":"https:\/\/amorpazy-cp515.wordpresstemporal.com\/amorpazycaridad.es\/yo-no-he-venido-a-destruir-la-ley\/","title":{"rendered":"YO NO HE VENIDO A DESTRUIR LA LEY"},"content":{"rendered":"<p style=\"text-align: justify;\">El Maestro Jes\u00fas no vino a destruir la ley sino a confirmarla con sus obras y sus ense\u00f1anzas. Parti\u00f3 del mensaje de Mois\u00e9s, y a partir del mismo, lo fue filtrando para adaptarlo a los nuevos tiempos. Tuvo la necesidad de hablar en par\u00e1bolas y alegor\u00edas pues no exist\u00eda otra forma, salvo en contados casos, de hacerse entender a las gentes sencillas y humildes; tambi\u00e9n para que su mensaje perdurara y no quedara expuesto a falsas interpretaciones. Estableci\u00f3 puentes entre las viejas creencias y la Buena Nueva, sustituyendo, por ejemplo, la idea del \u201cojo por ojo y diente por diente\u201d por el perd\u00f3n y transformando un Dios iracundo, vengativo,\u00a0 por un Dios misericordioso, de amor y bondad.<\/p>\n<p style=\"text-align: justify;\">Redujo las leyes conocidas a una sola por excelencia, y que resume todas las dem\u00e1s: \u201c<strong>Amar\u00e1s a Dios sobre todas las cosas y al pr\u00f3jimo como a ti mismo<\/strong>\u201d y a\u00f1adi\u00f3: \u201c<strong>Esta es toda la Ley y los Profetas<\/strong>\u201d.<\/p>\n<p style=\"text-align: justify;\">En pocas palabras, estableci\u00f3 un nuevo paradigma, una renovaci\u00f3n necesaria para la \u00e9poca, a sabiendas de los muchos obst\u00e1culos que encontrar\u00eda en el camino para su implantaci\u00f3n, aceptaci\u00f3n y maduraci\u00f3n; una traves\u00eda que todav\u00eda hoy perdura.<\/p>\n<p style=\"text-align: justify;\">Bien sabemos, como nos narra la historia, que un tiempo despu\u00e9s, el cristianismo pas\u00f3 de ser perseguido a perseguidor, de tal forma que el poder temporal: pol\u00edtico y religioso, unido por intereses y ambiciones comunes, asimilaron las nuevas creencias cristianas a las viejas ideas paganas, para que la transici\u00f3n hacia una nueva religi\u00f3n no supusiera un cambio brusco, un choque inasumible contra la tradici\u00f3n. Aquellos que no comulgaban con los postulados que se fueron estableciendo en los diferentes concilios y s\u00ednodos, eran perseguidos, anatematizados y condenados si llegaba el caso. Se rechazaron las ideas que eran contrarias a los intereses del poder temporal, entre ellas, la <strong>ley de la reencarnaci\u00f3n<\/strong> y la de <strong>causa y efecto<\/strong>; aceptada y asumida por los primeros cristianos, siendo la pieza b\u00e1sica que explicaba la justicia de Dios, el verdadero sentido de la vida, su porqu\u00e9 y para qu\u00e9. Pues bien, fue excluida porque atentaba contra los intereses de una jerarqu\u00eda privilegiada. La nueva clase sacerdotal necesitaba ministros de Dios pero no por m\u00e9ritos propios. Eran personas con un don otorgado por la iglesia, con poder para perdonar los pecados y hacia quienes se les deb\u00eda obediencia ciega y sumisi\u00f3n por parte del pueblo.<\/p>\n<p style=\"text-align: justify;\">Los evangelios fueron revisados y manipulados para adaptarlos a su conveniencia, no obstante, lo fundamental del mensaje ha permanecido inalterable hasta nuestros d\u00edas.<\/p>\n<p style=\"text-align: justify;\">A partir de ese momento, el mensaje del Maestro se convirti\u00f3, salvo algunas excepciones, en un culto exterior bien programado. El evangelio qued\u00f3 oculto al vulgo, s\u00f3lo accesible a los representantes religiosos privilegiados y en lenguas no vulgares.<\/p>\n<p style=\"text-align: justify;\">Como podemos comprobar; atraves\u00f3 la obscuridad de los tiempos, de la ignorancia, las pasiones y la incomprensi\u00f3n. Grandes misioneros, enviados por \u00c9l acudieron al rescate, nadando contracorriente, buscando con su sufrimiento la renovaci\u00f3n, el avance espiritual. Muchos fueron censurados y perseguidos; otros torturados y quemados en la hoguera para posteriormente, con el paso del tiempo, ser elevados a santos. Algunos ejemplos: <strong>Juana de Arco<\/strong>, <strong>Juan Hus<\/strong>, <strong>William Tyndale<\/strong>, <strong>Teresa de Avila<\/strong>, etc.<\/p>\n<p style=\"text-align: justify;\">Hac\u00eda falta que pasaran varios siglos\u00a0 e innumerables dificultades para que el germen de las ideas cristalizase en una nueva alborada. Los avances cient\u00edficos demostraban, cada vez con mayor claridad, que la biblia no era un libro al que hubiera que interpretar de un modo literal. Entonces surgi\u00f3 el Consolador Prometido por Jes\u00fas, el <strong>espiritismo<\/strong> llen\u00f3 ese inmenso vac\u00edo que necesitaba ser renovado con nuevas ideas; con el mismo mensaje moral del maestro Jesus, pero explicado con claridad, sin reservas. Por tanto, fue el propio mundo espiritual, por iniciativa propia, el que eligi\u00f3 la segunda mitad del siglo XIX para empezar a verter un caudal de informaciones, a trav\u00e9s del veh\u00edculo de la m\u00e9diumnidad en sus diferentes modalidades, para su estudio y an\u00e1lisis.<\/p>\n<p style=\"text-align: justify;\">Invariablemente, hoy d\u00eda no tenemos excusas, no podemos alegar ignorancia o falta de medios. El conocimiento espiritual nos abre las puertas a la comprensi\u00f3n de las leyes espirituales, por tanto, no es rechazar unas para asumir otras, puesto que las leyes universales son imperecederas e inmutables. Por tanto, El no vino a destruir algo que pertenece a\u00a0 <strong>Dios<\/strong> sino a confirmarlo.<\/p>\n<p style=\"text-align: justify;\">Desde otro punto de vista, el mensaje: \u201c<strong>Yo no he venido a destruir la ley<\/strong>\u201d, tiene otras lecturas no menos importantes. Desde un punto de vista psicol\u00f3gico, representa la aceptaci\u00f3n de un compromiso, de un cambio interior para armonizarse con las <a href=\"https:\/\/amorpazycaridad.es\/category\/leyes-universales\/\">leyes universales<\/a>, trascendiendo las leyes humanas y su transitoriedad para aceptar un compromiso vital, sin generarse un conflicto producto de la rebeld\u00eda.<\/p>\n<p style=\"text-align: justify;\">Nada de lo que nos ocurre nos puede hacer da\u00f1o si nosotros no se lo permitimos. Elementos como el perd\u00f3n, la renuncia, el amor incondicional, la compasi\u00f3n; son conquistas a las que aspiramos a conseguir cuando adquiramos suficiente conciencia del ser. Cuando estemos provistos de la suficiente voluntad para coger cada uno su cruz y seguir al Maestro, sin distracciones, sin excusas, de un modo incondicional; tal y como en un momento determinado de las vidas de algunos personajes de la historia realizaron. Despojarse del hombre viejo por el nuevo hombre, renovado y l\u00facido. Ah\u00ed est\u00e1n los testimonios de un <strong>Francisco de As\u00eds<\/strong>, <strong>San Agust\u00edn<\/strong>, <strong>Pablo de Tarso<\/strong>, etc.<\/p>\n<p style=\"text-align: justify;\">Por tanto, esa es la gran propuesta. Pero para asumir algo primero hay que comprender bien, analizar, estudiar dichas leyes, comprobando su l\u00f3gica para luego realizar un an\u00e1lisis de nosotros mismos. Como rezaba un viejo adagio colocado en el frontispicio del templo de Delfos: \u201c<strong>Si quieres salir del abismo, con\u00f3cete a ti mismo<\/strong>\u201d. A partir de ah\u00ed viene el verdadero trabajo, adaptarse al molde divino del amor a trav\u00e9s de la <strong>transformaci\u00f3n moral<\/strong>, sustituyendo viejos h\u00e1bitos por nuevos, aprendiendo a actuar en lugar de reaccionar, a pensar en los dem\u00e1s antes que en uno mismo, a no juzgar sino a comprender, alejando definitivamente los complejos de inferioridad o de culpa, sustituy\u00e9ndolos por sentimientos de gratitud, confianza y alegr\u00eda por vivir.<\/p>\n<p>Esta es, en definitiva, la gran propuesta. En estos momentos tan convulsos de la sociedad nos hace falta, m\u00e1s que nunca, retomar el mensaje para recuperar la serenidad perdida, el sentido trascendente de la vida que nos permita caminar con paso firme y seguro, en direcci\u00f3n hacia quien nos gu\u00eda y nos espera siempre, con su mensaje de amor que trasciende todos los tiempos.<\/p>\n<p style=\"text-align: right;\">Jos\u00e9 M. Meseguer<\/p>\n<p style=\"text-align: right;\">\u00a9 2015 Amor, paz y caridad<\/p>\n[infobox]\n<p style=\"text-align: justify;\"><strong>\u201cTodos los objetivos de la Buena Nueva que \u00c9l trajo se centran en el futuro del esp\u00edritu, en su emancipaci\u00f3n total, en su incesante b\u00fasqueda de Dios. Torn\u00e1ndose el Camino, la Suya es la Verdad que conduce a la vida, a la plenitud, al acopio de sabidur\u00eda y de amor\u201d <\/strong><\/p>\n<p style=\"text-align: justify;\">Extra\u00eddo de la obra <strong>Jes\u00fas y el Evangelio<\/strong>; psicografiado por Divaldo Pereira; esp\u00edritu Joanna de \u00c2ngelis.<\/p>\n[\/infobox]\n","protected":false},"excerpt":{"rendered":"<p>El Maestro Jes\u00fas no vino a destruir la ley sino a confirmarla con sus obras y sus ense\u00f1anzas. Parti\u00f3 del mensaje de Mois\u00e9s, y a partir del mismo, lo fue filtrando para adaptarlo a los nuevos tiempos. Tuvo la necesidad de hablar en par\u00e1bolas y alegor\u00edas pues no exist\u00eda otra forma, salvo en contados casos, [&hellip;]<\/p>\n","protected":false},"author":5,"featured_media":2830,"comment_status":"open","ping_status":"open","sticky":false,"template":"","format":"standard","meta":{"tdm_status":"","tdm_grid_status":"","footnotes":""},"categories":[331],"tags":[742,65,70,433,738,167,732,479,480,735,734,739,737,2221,730,741,731,740,733,736],"ppma_author":[408],"class_list":{"0":"post-2826","1":"post","2":"type-post","3":"status-publish","4":"format-standard","5":"has-post-thumbnail","7":"category-apartado-espirita","8":"tag-alegria-por-vivir","9":"tag-allan-kardec","10":"tag-amor-2","11":"tag-comprension","12":"tag-el-amor-incondicional","13":"tag-espiritismo","14":"tag-evangelio-de-jesus","15":"tag-francisco-de-asis","16":"tag-jesus-de-nazaret","17":"tag-juan-hus","18":"tag-juana-de-arco","19":"tag-la-compasion","20":"tag-la-renuncia","21":"tag-leyes-universales","22":"tag-ojo-por-ojo","23":"tag-pablo-de-tarso","24":"tag-perdon","25":"tag-san-agustin","26":"tag-teresa-de-avila","27":"tag-william-tyndale"},"yoast_head":"<!-- This site is optimized with the Yoast SEO plugin v27.7 - https:\/\/yoast.com\/product\/yoast-seo-wordpress\/ -->\n<title>YO NO HE VENIDO A DESTRUIR LA LEY | Amor, paz caridad<\/title>\n<meta name=\"robots\" content=\"index, follow, max-snippet:-1, max-image-preview:large, max-video-preview:-1\" \/>\n<link rel=\"canonical\" href=\"https:\/\/amorpazycaridad.es\/yo-no-he-venido-a-destruir-la-ley\/\" \/>\n<meta property=\"og:locale\" content=\"es_ES\" \/>\n<meta property=\"og:type\" content=\"article\" \/>\n<meta property=\"og:title\" content=\"YO NO HE VENIDO A DESTRUIR LA LEY | Amor, paz caridad\" \/>\n<meta property=\"og:description\" content=\"El Maestro Jes\u00fas no vino a destruir la ley sino a confirmarla con sus obras y sus ense\u00f1anzas. Parti\u00f3 del mensaje de Mois\u00e9s, y a partir del mismo, lo fue filtrando para adaptarlo a los nuevos tiempos. Tuvo la necesidad de hablar en par\u00e1bolas y alegor\u00edas pues no exist\u00eda otra forma, salvo en contados casos, [&hellip;]\" \/>\n<meta property=\"og:url\" content=\"https:\/\/amorpazycaridad.es\/yo-no-he-venido-a-destruir-la-ley\/\" \/>\n<meta property=\"og:site_name\" content=\"Amor, paz caridad\" \/>\n<meta property=\"article:publisher\" content=\"http:\/\/www.facebook.com\/pages\/Amor-paz-y-caridad\/1594978604096866\" \/>\n<meta property=\"article:published_time\" content=\"2015-02-18T05:00:53+00:00\" \/>\n<meta property=\"article:modified_time\" content=\"2015-03-23T05:08:59+00:00\" \/>\n<meta property=\"og:image\" content=\"https:\/\/amorpazycaridad.es\/wp-content\/uploads\/2015\/02\/yo-no-he-venido-a-destruir-la-ley.jpg\" \/>\n\t<meta property=\"og:image:width\" content=\"750\" \/>\n\t<meta property=\"og:image:height\" content=\"350\" \/>\n\t<meta property=\"og:image:type\" content=\"image\/jpeg\" \/>\n<meta name=\"author\" content=\"Jose Manuel\" \/>\n<meta name=\"twitter:card\" content=\"summary_large_image\" \/>\n<meta name=\"twitter:creator\" content=\"@amorpazycaridad\" \/>\n<meta name=\"twitter:site\" content=\"@amorpazycaridad\" \/>\n<meta name=\"twitter:label1\" content=\"Escrito por\" \/>\n\t<meta name=\"twitter:data1\" content=\"Jos\u00e9 Manuel Meseguer Clemente\" \/>\n\t<meta name=\"twitter:label2\" content=\"Tiempo de lectura\" \/>\n\t<meta name=\"twitter:data2\" content=\"6 minutos\" \/>\n<script type=\"application\/ld+json\" class=\"yoast-schema-graph\">{\"@context\":\"https:\\\/\\\/schema.org\",\"@graph\":[{\"@type\":\"Article\",\"@id\":\"https:\\\/\\\/amorpazycaridad.es\\\/yo-no-he-venido-a-destruir-la-ley\\\/#article\",\"isPartOf\":{\"@id\":\"https:\\\/\\\/amorpazycaridad.es\\\/yo-no-he-venido-a-destruir-la-ley\\\/\"},\"author\":{\"name\":\"Jos\u00e9 Manuel Meseguer Clemente\",\"@id\":\"https:\\\/\\\/amorpazycaridad.es\\\/#\\\/schema\\\/person\\\/6f0cedb316ce549a85d79dba9ebb353e\"},\"headline\":\"YO NO HE VENIDO A DESTRUIR LA LEY\",\"datePublished\":\"2015-02-18T05:00:53+00:00\",\"dateModified\":\"2015-03-23T05:08:59+00:00\",\"mainEntityOfPage\":{\"@id\":\"https:\\\/\\\/amorpazycaridad.es\\\/yo-no-he-venido-a-destruir-la-ley\\\/\"},\"wordCount\":1223,\"commentCount\":0,\"publisher\":{\"@id\":\"https:\\\/\\\/amorpazycaridad.es\\\/#organization\"},\"image\":{\"@id\":\"https:\\\/\\\/amorpazycaridad.es\\\/yo-no-he-venido-a-destruir-la-ley\\\/#primaryimage\"},\"thumbnailUrl\":\"https:\\\/\\\/amorpazy-cp515.wordpresstemporal.com\\\/amorpazycaridad.es\\\/wp-content\\\/uploads\\\/2015\\\/02\\\/yo-no-he-venido-a-destruir-la-ley.jpg\",\"keywords\":[\"alegr\u00eda por vivir\",\"Allan Kardec\",\"Amor\",\"Comprensi\u00f3n\",\"el amor incondicional\",\"espiritismo\",\"Evangelio de Jesus\",\"francisco de asis\",\"jesus de nazaret\",\"Juan Hus\",\"Juana de Arco\",\"la compasi\u00f3n;\",\"la renuncia\",\"Leyes Universales\",\"ojo por ojo\",\"Pablo de Tarso\",\"perdon\",\"San Agust\u00edn\",\"Teresa de Avila\",\"William Tyndale\"],\"articleSection\":[\"Apartado esp\u00edrita\"],\"inLanguage\":\"es\",\"potentialAction\":[{\"@type\":\"CommentAction\",\"name\":\"Comment\",\"target\":[\"https:\\\/\\\/amorpazycaridad.es\\\/yo-no-he-venido-a-destruir-la-ley\\\/#respond\"]}]},{\"@type\":\"WebPage\",\"@id\":\"https:\\\/\\\/amorpazycaridad.es\\\/yo-no-he-venido-a-destruir-la-ley\\\/\",\"url\":\"https:\\\/\\\/amorpazycaridad.es\\\/yo-no-he-venido-a-destruir-la-ley\\\/\",\"name\":\"YO NO HE VENIDO A DESTRUIR LA LEY | Amor, paz caridad\",\"isPartOf\":{\"@id\":\"https:\\\/\\\/amorpazycaridad.es\\\/#website\"},\"primaryImageOfPage\":{\"@id\":\"https:\\\/\\\/amorpazycaridad.es\\\/yo-no-he-venido-a-destruir-la-ley\\\/#primaryimage\"},\"image\":{\"@id\":\"https:\\\/\\\/amorpazycaridad.es\\\/yo-no-he-venido-a-destruir-la-ley\\\/#primaryimage\"},\"thumbnailUrl\":\"https:\\\/\\\/amorpazy-cp515.wordpresstemporal.com\\\/amorpazycaridad.es\\\/wp-content\\\/uploads\\\/2015\\\/02\\\/yo-no-he-venido-a-destruir-la-ley.jpg\",\"datePublished\":\"2015-02-18T05:00:53+00:00\",\"dateModified\":\"2015-03-23T05:08:59+00:00\",\"breadcrumb\":{\"@id\":\"https:\\\/\\\/amorpazycaridad.es\\\/yo-no-he-venido-a-destruir-la-ley\\\/#breadcrumb\"},\"inLanguage\":\"es\",\"potentialAction\":[{\"@type\":\"ReadAction\",\"target\":[\"https:\\\/\\\/amorpazycaridad.es\\\/yo-no-he-venido-a-destruir-la-ley\\\/\"]}]},{\"@type\":\"ImageObject\",\"inLanguage\":\"es\",\"@id\":\"https:\\\/\\\/amorpazycaridad.es\\\/yo-no-he-venido-a-destruir-la-ley\\\/#primaryimage\",\"url\":\"https:\\\/\\\/amorpazy-cp515.wordpresstemporal.com\\\/amorpazycaridad.es\\\/wp-content\\\/uploads\\\/2015\\\/02\\\/yo-no-he-venido-a-destruir-la-ley.jpg\",\"contentUrl\":\"https:\\\/\\\/amorpazy-cp515.wordpresstemporal.com\\\/amorpazycaridad.es\\\/wp-content\\\/uploads\\\/2015\\\/02\\\/yo-no-he-venido-a-destruir-la-ley.jpg\",\"width\":750,\"height\":350},{\"@type\":\"BreadcrumbList\",\"@id\":\"https:\\\/\\\/amorpazycaridad.es\\\/yo-no-he-venido-a-destruir-la-ley\\\/#breadcrumb\",\"itemListElement\":[{\"@type\":\"ListItem\",\"position\":1,\"name\":\"Portada\",\"item\":\"https:\\\/\\\/amorpazy-cp515.wordpresstemporal.com\\\/amorpazycaridad.es\\\/\"},{\"@type\":\"ListItem\",\"position\":2,\"name\":\"YO NO HE VENIDO A DESTRUIR LA LEY\"}]},{\"@type\":\"WebSite\",\"@id\":\"https:\\\/\\\/amorpazycaridad.es\\\/#website\",\"url\":\"https:\\\/\\\/amorpazycaridad.es\\\/\",\"name\":\"Amor, paz caridad\",\"description\":\"Conocimiento espiritual, espiritismo, espiritualismo, leyes universales, m\u00e1s all\u00e1, vida despu\u00e9s de la vida,\",\"publisher\":{\"@id\":\"https:\\\/\\\/amorpazycaridad.es\\\/#organization\"},\"potentialAction\":[{\"@type\":\"SearchAction\",\"target\":{\"@type\":\"EntryPoint\",\"urlTemplate\":\"https:\\\/\\\/amorpazycaridad.es\\\/?s={search_term_string}\"},\"query-input\":{\"@type\":\"PropertyValueSpecification\",\"valueRequired\":true,\"valueName\":\"search_term_string\"}}],\"inLanguage\":\"es\"},{\"@type\":\"Organization\",\"@id\":\"https:\\\/\\\/amorpazycaridad.es\\\/#organization\",\"name\":\"Asociaci\u00f3n de Estudios Espirituales Grupo Villena\",\"url\":\"https:\\\/\\\/amorpazycaridad.es\\\/\",\"logo\":{\"@type\":\"ImageObject\",\"inLanguage\":\"es\",\"@id\":\"https:\\\/\\\/amorpazycaridad.es\\\/#\\\/schema\\\/logo\\\/image\\\/\",\"url\":\"https:\\\/\\\/amorpazycaridad.es\\\/wp-content\\\/uploads\\\/2015\\\/01\\\/logo-fav-e1420247830294.jpg\",\"contentUrl\":\"https:\\\/\\\/amorpazycaridad.es\\\/wp-content\\\/uploads\\\/2015\\\/01\\\/logo-fav-e1420247830294.jpg\",\"width\":144,\"height\":144,\"caption\":\"Asociaci\u00f3n de Estudios Espirituales Grupo Villena\"},\"image\":{\"@id\":\"https:\\\/\\\/amorpazycaridad.es\\\/#\\\/schema\\\/logo\\\/image\\\/\"},\"sameAs\":[\"http:\\\/\\\/www.facebook.com\\\/pages\\\/Amor-paz-y-caridad\\\/1594978604096866\",\"https:\\\/\\\/x.com\\\/amorpazycaridad\",\"https:\\\/\\\/es.pinterest.com\\\/amorpazycaridad\\\/\",\"https:\\\/\\\/www.youtube.com\\\/channel\\\/UC1GvDIDCLoL02SzOD7NJdrA\"]},{\"@type\":\"Person\",\"@id\":\"https:\\\/\\\/amorpazycaridad.es\\\/#\\\/schema\\\/person\\\/6f0cedb316ce549a85d79dba9ebb353e\",\"name\":\"Jos\u00e9 Manuel Meseguer Clemente\",\"image\":{\"@type\":\"ImageObject\",\"inLanguage\":\"es\",\"@id\":\"https:\\\/\\\/amorpazycaridad.es\\\/wp-content\\\/uploads\\\/2017\\\/11\\\/Archivo-1-11-17-12-31-35-96x96.jpegfd114e27cec70eafcf7bb076099603b6\",\"url\":\"https:\\\/\\\/amorpazycaridad.es\\\/wp-content\\\/uploads\\\/2017\\\/11\\\/Archivo-1-11-17-12-31-35-96x96.jpeg\",\"contentUrl\":\"https:\\\/\\\/amorpazycaridad.es\\\/wp-content\\\/uploads\\\/2017\\\/11\\\/Archivo-1-11-17-12-31-35-96x96.jpeg\",\"caption\":\"Jos\u00e9 Manuel Meseguer Clemente\"},\"description\":\"Jose Manuel Meseguer Clemente . Profesionalmente se dedica al Transporte Mar\u00edtimo. Autodidacta, divulgador y escritor. Como miembro del Grupo Villena desde hace m\u00e1s de 30 a\u00f1os, ha ofrecido conferencias y participado en diversos eventos, simposios y congresos, tanto nacionales como internacionales. Actualmente es redactor de la revista \u201cAmor Paz y Caridad\u201d, donde mensualmente publica art\u00edculos de inter\u00e9s y permanente actualidad. Adem\u00e1s, es socio colaborador de SEDE (Sociedad Espa\u00f1ola de Divulgadores Esp\u00edritas).\",\"sameAs\":[\"http:\\\/\\\/www.amorpazycaridad.com\"],\"url\":\"https:\\\/\\\/amorpazy-cp515.wordpresstemporal.com\\\/amorpazycaridad.es\\\/author\\\/jose-manuel\\\/\"}]}<\/script>\n<!-- \/ Yoast SEO plugin. -->","yoast_head_json":{"title":"YO NO HE VENIDO A DESTRUIR LA LEY | Amor, paz caridad","robots":{"index":"index","follow":"follow","max-snippet":"max-snippet:-1","max-image-preview":"max-image-preview:large","max-video-preview":"max-video-preview:-1"},"canonical":"https:\/\/amorpazycaridad.es\/yo-no-he-venido-a-destruir-la-ley\/","og_locale":"es_ES","og_type":"article","og_title":"YO NO HE VENIDO A DESTRUIR LA LEY | Amor, paz caridad","og_description":"El Maestro Jes\u00fas no vino a destruir la ley sino a confirmarla con sus obras y sus ense\u00f1anzas. Parti\u00f3 del mensaje de Mois\u00e9s, y a partir del mismo, lo fue filtrando para adaptarlo a los nuevos tiempos. Tuvo la necesidad de hablar en par\u00e1bolas y alegor\u00edas pues no exist\u00eda otra forma, salvo en contados casos, [&hellip;]","og_url":"https:\/\/amorpazycaridad.es\/yo-no-he-venido-a-destruir-la-ley\/","og_site_name":"Amor, paz caridad","article_publisher":"http:\/\/www.facebook.com\/pages\/Amor-paz-y-caridad\/1594978604096866","article_published_time":"2015-02-18T05:00:53+00:00","article_modified_time":"2015-03-23T05:08:59+00:00","og_image":[{"width":750,"height":350,"url":"https:\/\/amorpazycaridad.es\/wp-content\/uploads\/2015\/02\/yo-no-he-venido-a-destruir-la-ley.jpg","type":"image\/jpeg"}],"author":"Jose Manuel","twitter_card":"summary_large_image","twitter_creator":"@amorpazycaridad","twitter_site":"@amorpazycaridad","twitter_misc":{"Escrito por":"Jos\u00e9 Manuel Meseguer Clemente","Tiempo de lectura":"6 minutos"},"schema":{"@context":"https:\/\/schema.org","@graph":[{"@type":"Article","@id":"https:\/\/amorpazycaridad.es\/yo-no-he-venido-a-destruir-la-ley\/#article","isPartOf":{"@id":"https:\/\/amorpazycaridad.es\/yo-no-he-venido-a-destruir-la-ley\/"},"author":{"name":"Jos\u00e9 Manuel Meseguer Clemente","@id":"https:\/\/amorpazycaridad.es\/#\/schema\/person\/6f0cedb316ce549a85d79dba9ebb353e"},"headline":"YO NO HE VENIDO A DESTRUIR LA LEY","datePublished":"2015-02-18T05:00:53+00:00","dateModified":"2015-03-23T05:08:59+00:00","mainEntityOfPage":{"@id":"https:\/\/amorpazycaridad.es\/yo-no-he-venido-a-destruir-la-ley\/"},"wordCount":1223,"commentCount":0,"publisher":{"@id":"https:\/\/amorpazycaridad.es\/#organization"},"image":{"@id":"https:\/\/amorpazycaridad.es\/yo-no-he-venido-a-destruir-la-ley\/#primaryimage"},"thumbnailUrl":"https:\/\/amorpazy-cp515.wordpresstemporal.com\/amorpazycaridad.es\/wp-content\/uploads\/2015\/02\/yo-no-he-venido-a-destruir-la-ley.jpg","keywords":["alegr\u00eda por vivir","Allan Kardec","Amor","Comprensi\u00f3n","el amor incondicional","espiritismo","Evangelio de Jesus","francisco de asis","jesus de nazaret","Juan Hus","Juana de Arco","la compasi\u00f3n;","la renuncia","Leyes Universales","ojo por ojo","Pablo de Tarso","perdon","San Agust\u00edn","Teresa de Avila","William Tyndale"],"articleSection":["Apartado esp\u00edrita"],"inLanguage":"es","potentialAction":[{"@type":"CommentAction","name":"Comment","target":["https:\/\/amorpazycaridad.es\/yo-no-he-venido-a-destruir-la-ley\/#respond"]}]},{"@type":"WebPage","@id":"https:\/\/amorpazycaridad.es\/yo-no-he-venido-a-destruir-la-ley\/","url":"https:\/\/amorpazycaridad.es\/yo-no-he-venido-a-destruir-la-ley\/","name":"YO NO HE VENIDO A DESTRUIR LA LEY | Amor, paz caridad","isPartOf":{"@id":"https:\/\/amorpazycaridad.es\/#website"},"primaryImageOfPage":{"@id":"https:\/\/amorpazycaridad.es\/yo-no-he-venido-a-destruir-la-ley\/#primaryimage"},"image":{"@id":"https:\/\/amorpazycaridad.es\/yo-no-he-venido-a-destruir-la-ley\/#primaryimage"},"thumbnailUrl":"https:\/\/amorpazy-cp515.wordpresstemporal.com\/amorpazycaridad.es\/wp-content\/uploads\/2015\/02\/yo-no-he-venido-a-destruir-la-ley.jpg","datePublished":"2015-02-18T05:00:53+00:00","dateModified":"2015-03-23T05:08:59+00:00","breadcrumb":{"@id":"https:\/\/amorpazycaridad.es\/yo-no-he-venido-a-destruir-la-ley\/#breadcrumb"},"inLanguage":"es","potentialAction":[{"@type":"ReadAction","target":["https:\/\/amorpazycaridad.es\/yo-no-he-venido-a-destruir-la-ley\/"]}]},{"@type":"ImageObject","inLanguage":"es","@id":"https:\/\/amorpazycaridad.es\/yo-no-he-venido-a-destruir-la-ley\/#primaryimage","url":"https:\/\/amorpazy-cp515.wordpresstemporal.com\/amorpazycaridad.es\/wp-content\/uploads\/2015\/02\/yo-no-he-venido-a-destruir-la-ley.jpg","contentUrl":"https:\/\/amorpazy-cp515.wordpresstemporal.com\/amorpazycaridad.es\/wp-content\/uploads\/2015\/02\/yo-no-he-venido-a-destruir-la-ley.jpg","width":750,"height":350},{"@type":"BreadcrumbList","@id":"https:\/\/amorpazycaridad.es\/yo-no-he-venido-a-destruir-la-ley\/#breadcrumb","itemListElement":[{"@type":"ListItem","position":1,"name":"Portada","item":"https:\/\/amorpazy-cp515.wordpresstemporal.com\/amorpazycaridad.es\/"},{"@type":"ListItem","position":2,"name":"YO NO HE VENIDO A DESTRUIR LA LEY"}]},{"@type":"WebSite","@id":"https:\/\/amorpazycaridad.es\/#website","url":"https:\/\/amorpazycaridad.es\/","name":"Amor, paz caridad","description":"Conocimiento espiritual, espiritismo, espiritualismo, leyes universales, m\u00e1s all\u00e1, vida despu\u00e9s de la vida,","publisher":{"@id":"https:\/\/amorpazycaridad.es\/#organization"},"potentialAction":[{"@type":"SearchAction","target":{"@type":"EntryPoint","urlTemplate":"https:\/\/amorpazycaridad.es\/?s={search_term_string}"},"query-input":{"@type":"PropertyValueSpecification","valueRequired":true,"valueName":"search_term_string"}}],"inLanguage":"es"},{"@type":"Organization","@id":"https:\/\/amorpazycaridad.es\/#organization","name":"Asociaci\u00f3n de Estudios Espirituales Grupo Villena","url":"https:\/\/amorpazycaridad.es\/","logo":{"@type":"ImageObject","inLanguage":"es","@id":"https:\/\/amorpazycaridad.es\/#\/schema\/logo\/image\/","url":"https:\/\/amorpazycaridad.es\/wp-content\/uploads\/2015\/01\/logo-fav-e1420247830294.jpg","contentUrl":"https:\/\/amorpazycaridad.es\/wp-content\/uploads\/2015\/01\/logo-fav-e1420247830294.jpg","width":144,"height":144,"caption":"Asociaci\u00f3n de Estudios Espirituales Grupo Villena"},"image":{"@id":"https:\/\/amorpazycaridad.es\/#\/schema\/logo\/image\/"},"sameAs":["http:\/\/www.facebook.com\/pages\/Amor-paz-y-caridad\/1594978604096866","https:\/\/x.com\/amorpazycaridad","https:\/\/es.pinterest.com\/amorpazycaridad\/","https:\/\/www.youtube.com\/channel\/UC1GvDIDCLoL02SzOD7NJdrA"]},{"@type":"Person","@id":"https:\/\/amorpazycaridad.es\/#\/schema\/person\/6f0cedb316ce549a85d79dba9ebb353e","name":"Jos\u00e9 Manuel Meseguer Clemente","image":{"@type":"ImageObject","inLanguage":"es","@id":"https:\/\/amorpazycaridad.es\/wp-content\/uploads\/2017\/11\/Archivo-1-11-17-12-31-35-96x96.jpegfd114e27cec70eafcf7bb076099603b6","url":"https:\/\/amorpazycaridad.es\/wp-content\/uploads\/2017\/11\/Archivo-1-11-17-12-31-35-96x96.jpeg","contentUrl":"https:\/\/amorpazycaridad.es\/wp-content\/uploads\/2017\/11\/Archivo-1-11-17-12-31-35-96x96.jpeg","caption":"Jos\u00e9 Manuel Meseguer Clemente"},"description":"Jose Manuel Meseguer Clemente . Profesionalmente se dedica al Transporte Mar\u00edtimo. Autodidacta, divulgador y escritor. Como miembro del Grupo Villena desde hace m\u00e1s de 30 a\u00f1os, ha ofrecido conferencias y participado en diversos eventos, simposios y congresos, tanto nacionales como internacionales. Actualmente es redactor de la revista \u201cAmor Paz y Caridad\u201d, donde mensualmente publica art\u00edculos de inter\u00e9s y permanente actualidad. Adem\u00e1s, es socio colaborador de SEDE (Sociedad Espa\u00f1ola de Divulgadores Esp\u00edritas).","sameAs":["http:\/\/www.amorpazycaridad.com"],"url":"https:\/\/amorpazy-cp515.wordpresstemporal.com\/amorpazycaridad.es\/author\/jose-manuel\/"}]}},"authors":[{"term_id":408,"user_id":0,"is_guest":1,"slug":"cap-jose-manuel","display_name":"Jose Manuel","avatar_url":"https:\/\/secure.gravatar.com\/avatar\/?s=96&d=mm&r=g","0":null,"1":"","2":"","3":"","4":"","5":"","6":"","7":"","8":""}],"_links":{"self":[{"href":"https:\/\/amorpazy-cp515.wordpresstemporal.com\/amorpazycaridad.es\/wp-json\/wp\/v2\/posts\/2826","targetHints":{"allow":["GET"]}}],"collection":[{"href":"https:\/\/amorpazy-cp515.wordpresstemporal.com\/amorpazycaridad.es\/wp-json\/wp\/v2\/posts"}],"about":[{"href":"https:\/\/amorpazy-cp515.wordpresstemporal.com\/amorpazycaridad.es\/wp-json\/wp\/v2\/types\/post"}],"author":[{"embeddable":true,"href":"https:\/\/amorpazy-cp515.wordpresstemporal.com\/amorpazycaridad.es\/wp-json\/wp\/v2\/users\/5"}],"replies":[{"embeddable":true,"href":"https:\/\/amorpazy-cp515.wordpresstemporal.com\/amorpazycaridad.es\/wp-json\/wp\/v2\/comments?post=2826"}],"version-history":[{"count":2,"href":"https:\/\/amorpazy-cp515.wordpresstemporal.com\/amorpazycaridad.es\/wp-json\/wp\/v2\/posts\/2826\/revisions"}],"predecessor-version":[{"id":2829,"href":"https:\/\/amorpazy-cp515.wordpresstemporal.com\/amorpazycaridad.es\/wp-json\/wp\/v2\/posts\/2826\/revisions\/2829"}],"wp:featuredmedia":[{"embeddable":true,"href":"https:\/\/amorpazy-cp515.wordpresstemporal.com\/amorpazycaridad.es\/wp-json\/wp\/v2\/media\/2830"}],"wp:attachment":[{"href":"https:\/\/amorpazy-cp515.wordpresstemporal.com\/amorpazycaridad.es\/wp-json\/wp\/v2\/media?parent=2826"}],"wp:term":[{"taxonomy":"category","embeddable":true,"href":"https:\/\/amorpazy-cp515.wordpresstemporal.com\/amorpazycaridad.es\/wp-json\/wp\/v2\/categories?post=2826"},{"taxonomy":"post_tag","embeddable":true,"href":"https:\/\/amorpazy-cp515.wordpresstemporal.com\/amorpazycaridad.es\/wp-json\/wp\/v2\/tags?post=2826"},{"taxonomy":"author","embeddable":true,"href":"https:\/\/amorpazy-cp515.wordpresstemporal.com\/amorpazycaridad.es\/wp-json\/wp\/v2\/ppma_author?post=2826"}],"curies":[{"name":"wp","href":"https:\/\/api.w.org\/{rel}","templated":true}]}}