{"id":2571,"date":"2015-02-03T23:24:39","date_gmt":"2015-02-03T23:24:39","guid":{"rendered":"https:\/\/amorpazycaridad.es\/?p=2571"},"modified":"2015-02-27T17:55:06","modified_gmt":"2015-02-27T16:55:06","slug":"la-vida-en-el-mundo-espiritual-viii","status":"publish","type":"post","link":"https:\/\/amorpazy-cp515.wordpresstemporal.com\/amorpazycaridad.es\/la-vida-en-el-mundo-espiritual-viii\/","title":{"rendered":"LA VIDA EN EL MUNDO ESPIRITUAL VIII"},"content":{"rendered":"<p class=\"p1\" style=\"text-align: justify;\">Son m\u00faltiples las modalidades de vida y aspectos en el mundo espiritual. Entre las m\u00faltiples actividades, hay seres tratando de ayudar a los que se hallan en tinieblas o en lugares de sufrimiento; otros, rescatando almas subyugadas por organizaciones mal\u00e9ficas; otros, ayudando a desencarnar; otros a encarnar; otros, orientando a los desencarnados hacia la Luz; otros, en proteger a aquellos que, no siendo malos, son asediados por los seres inferiores por hechos del pasado. Hay m\u00e9dicos, practicantes y enfermeras asistiendo a los que llegan enfermos o traumatizados. Hay equipos de rescate para aquellos seres arrepentidos que se encuentran en zonas purgatoriales o esclavizados por organizaciones mal\u00e9ficas. Hay los dedicados a iluminar la mente de los humanos en momentos cr\u00edticos, as\u00ed como en agrupaciones medi\u00famnicas; los que desarrollan tareas de divulgaci\u00f3n en los planos inferiores, etc.<\/p>\n<p class=\"p3\" style=\"text-align: justify;\"><span class=\"s1\">Y en todas esas modalidades, hay millones y millones de seres que gozan en esas tareas de servicio fraterno, a la vez que contribuyen a su progreso y evoluci\u00f3n. Y todos esos seres con tareas de servicio en los planos inferiores, tienen tambi\u00e9n periodos de \u2019vacaciones\u201d, pasando a disfrutar de las maravillas de\u00a0<\/span>su ambiente, por lo que su vida discurre feliz.<\/p>\n<p class=\"p3\" style=\"text-align: justify;\"><span class=\"s1\">Como fue explicado anteriormente, hay grandes laboratorios de estudio en las diversas ciencias (f\u00edsica, qu\u00edmica, biolog\u00eda, psicolog\u00eda, etc.), y en las diversas regiones de astral correspondientes a cada pa\u00eds, en las cuales, un grand\u00edsimo n\u00famero de cient\u00edficos contin\u00faan sus investigaciones con mayores facilidades de las que teni\u00e1n en la Tierra. Y muchos de esos cient\u00edficos espirituales, son los que ayudan a los investigadores humanos, intuy\u00e9ndoles, en su labor de investigaci\u00f3n.<\/span><\/p>\n<p class=\"p3\" style=\"text-align: justify;\"><span class=\"s1\">\u00bfQu\u00e9 son esos proyectos de hermosas zonas residenciales, de hermosos parques y avenidas que los dise\u00f1adores humanos preparan y los constructores ejecutan aqui en nuestro mundo, sino ideas proyectadas por cient\u00edficos del mundo espiritual?<\/span><\/p>\n<p class=\"p3\" style=\"text-align: justify;\"><span class=\"s1\">Y cuando ya nuestro mundo f\u00edsico quede libre de la maldad humana, grandes descubrimientos habr\u00e1n, por una mayor interpelaci\u00f3n entre el mundo espiritual y el mundo f\u00edsico; lo cual contribuir\u00e1 a modalidades de vida no so\u00f1adas por nosotros.<\/span><\/p>\n<p class=\"p3\" style=\"text-align: justify;\"><span class=\"s1\">Al igual que en la Tierra, hay gobernantes en cada comunidad. Mas no con el inter\u00e9s y ambici\u00f3n personal que tenemos los humanos, sino con el objeto y \u00fanico de servir, conscientes de su responsabilidad. Y para tal tarea, son siempre seres de mayor sabidur\u00eda y poder, que pertenecen a otros planos superiores.<\/span><\/p>\n<p class=\"p3\" style=\"text-align: justify;\"><span class=\"s1\">Ninguno de los seres del astral superior est\u00e1\u00bb sujeto a su medio ambiente. Puede trasladarse a cualquier parte del mundo y conocer las modalidades de vida en otras poblaciones en el astral de otros pa\u00edses, dentro de su mismo plano o condici\u00f3n vibratoria, as\u00ed como bajar a los planos de menos evoluci\u00f3n y del astral inferior, as\u00ed como a los planos f\u00edsicos en los diversos pa\u00edses y conocer su modo de vida.<\/span><\/p>\n<p class=\"p3\" style=\"text-align: justify;\"><span class=\"s1\">Si bien el lenguaje hablado es el medio de comunicaci\u00f3n de las ideas entre los seres desencarnados, en los diferentes idiomas esa comunicaci\u00f3n puede ser y es mental; de modo que pueden entenderse tan bien como si hablasen. De ese modo, pueden penetrar en los diversos ambientes del astral de otros pa\u00edses.<\/span><\/p>\n<p class=\"p3\" style=\"text-align: justify;\"><span class=\"s1\">Deb\u00e9is conocer tambi\u00e9n que, la alimentaci\u00f3n del cuerpo ps\u00edquico, se efect\u00faa por medio de la \u00f3smosis magn\u00e9tica en la respiraci\u00f3n. Porque, al igual que el cuerpo f\u00edsico, el cuerpo ps\u00edquico sigue manteniendo funciones fisiol\u00f3gicas an\u00e1logas a las del cuerpo f\u00edsico. Y en ese proceso de respiraci\u00f3n (aspiraci\u00f3n y expiraci\u00f3n) recibe y asimila la energ\u00eda magn\u00e9tica, que es el elemento nutritivo necesario para su normal funcionamiento, desasimilando lo sobrante.<\/span><\/p>\n<p class=\"p3\" style=\"text-align: justify;\"><span class=\"s1\">Necesario es desechar de la mente, la idea de un para\u00edso de vida contemplativa, ociosa y de \u00e9xtasis religioso, cantando alabanzas a la Divinidad.<\/span><\/p>\n<p class=\"p3\" style=\"text-align: justify;\"><span class=\"s1\">Necesario es conocer que, el mundo espiritual es un mundo de vida activa. Y las ocupaciones en los ambientes del astral superior, son diversas y voluntarias, seg\u00fan los gustos, tendencias y deseos de realizaci\u00f3n y de aprender. Por ello, los planos del astral superior, son ambientes de acci\u00f3n y realizaci\u00f3n en diversos aspectos, al que pueden alcanzar los esp\u00edritus de mediana evoluci\u00f3n que tengan ansias de progreso.<\/span><\/p>\n<p class=\"p3\" style=\"text-align: justify;\"><span class=\"s1\">Imaginemos un mundo donde nadie trabaja para vivir, sino por el placer que se siente en realizar, en hacer algo \u00fatil para los dem\u00e1s o como satisfacci\u00f3n de un anhelo acariciado y no realizado plenamente en la Tierra, como las aficiones, por ejemplo. Los amantes de la naturaleza, los aficionados a las flores, plantas y animales, por ejemplo, pueden dedicarse todo el tiempo que quieran a esa su afici\u00f3n, sin preocuparse de nada m\u00e1s, y gozar del placer y felicidad que tal ocupaci\u00f3n proporciona.<\/span><\/p>\n<p class=\"p3\" style=\"text-align: justify;\"><span class=\"s1\">Lo mismo puede decirse de las dem\u00e1s aficiones, como la m\u00fasica, la pintura, la escultura, las artes manuales o alguna de las ramas de la ciencia, etc.<\/span><\/p>\n<p class=\"p3\" style=\"text-align: justify;\"><span class=\"s1\">Pero, como despu\u00e9s de un tiempo en esa ocupaci\u00f3n de su afici\u00f3n, el Esp\u00edritu comienza a sentir otras ansias busca otras ocupaciones que puede escoger, porque siempre hay disponibles; as\u00ed como participar en tareas de servicio en alguna de las m\u00faltiples modalidades que hay para los seres con ansias de progreso.<\/span><\/p>\n<p class=\"p3\" style=\"text-align: justify;\"><span class=\"s1\">Necesario es recordar que aquellos que hayan alcanzado los planos superiores, no est\u00e1n obligados en modo alguno a realizar tareas que no sean de su agrado, ya que no tienen las necesidades que existen en el mundo f\u00edsico. Pueden alternar y as\u00ed acontece, la ocupaci\u00f3n, estudio y tareas de servicio que haya escogido, con la distracci\u00f3n, concurrencia a conciertos musicales y art\u00edsticas, a salas de estudio, bibliotecas, etc., como viajar a donde sienta deseos. Y en esos otros aspectos para el solaz esparcimiento hay tambi\u00e9n seres en acci\u00f3n de servicio, como son los m\u00fasicos, artistas, profesores, bibliotecarios.<\/span><\/p>\n<p class=\"p3\" style=\"text-align: justify;\"><span class=\"s1\">Y por \u00faltimo, hagamos referencia a la m\u00fasica espiritual. Naturalmente que, no podemos referirnos a la de los planos elevados, que emana de aquello que ignoramos; sino brevemente a la de los primeros planos del astral superior. Y al igual que en la Tierra, los m\u00fasicos de dichos planos se valen de instrumentos an\u00e1logos y tambi\u00e9n diferentes a los nuestros.<\/span><\/p>\n<p class=\"p3\" style=\"text-align: justify;\"><span class=\"s1\">La llamada m\u00fasica celeste, existe. Y en estos planos es an\u00e1loga a las m\u00e1s hermosas partituras que conocemos; pero, como el sonido es vibraci\u00f3n, esa m\u00fasica es de una sutileza y variedad de matices sonoros, desconocidos por nosotros, y de mayor armon\u00eda que la producida por nuestros instrumentos. Por ejemplo, la 6\u00ba Sinfon\u00eda de Beethoven -Pastoral- si bien o\u00edda de nuestros instrumentos es hermosa y dulce, es tan s\u00f3lo una p\u00e1lida representaci\u00f3n de la misma sinfon\u00eda ejecutada en el astral, debido a que los instrumentos materiales son m\u00e1s duros en sus vibraciones.<\/span><\/p>\n<p class=\"p3\" style=\"text-align: right;\"><span class=\"s1\">Sebasti\u00e1n de Arauco<\/span><\/p>\n","protected":false},"excerpt":{"rendered":"<p>Son m\u00faltiples las modalidades de vida y aspectos en el mundo espiritual. Entre las m\u00faltiples actividades, hay seres tratando de ayudar a los que se hallan en tinieblas o en lugares de sufrimiento; otros, rescatando almas subyugadas por organizaciones mal\u00e9ficas; otros, ayudando a desencarnar; otros a encarnar; otros, orientando a los desencarnados hacia la Luz; [&hellip;]<\/p>\n","protected":false},"author":2,"featured_media":2574,"comment_status":"open","ping_status":"open","sticky":false,"template":"","format":"standard","meta":{"tdm_status":"","tdm_grid_status":"","footnotes":""},"categories":[35],"tags":[574,573,225,405,288,318],"ppma_author":[571],"class_list":{"0":"post-2571","1":"post","2":"type-post","3":"status-publish","4":"format-standard","5":"has-post-thumbnail","7":"category-leyes-universales","8":"tag-alma","9":"tag-espiritu","10":"tag-la-vida-en-el-mundo-espiritual","11":"tag-mas-alla","12":"tag-sebastian-de-arauco","13":"tag-vida-despues-de-la-vida"},"yoast_head":"<!-- This site is optimized with the Yoast SEO plugin v27.7 - https:\/\/yoast.com\/product\/yoast-seo-wordpress\/ -->\n<title>LA VIDA EN EL MUNDO ESPIRITUAL VIII | Amor, paz caridad<\/title>\n<meta name=\"robots\" content=\"index, follow, max-snippet:-1, max-image-preview:large, max-video-preview:-1\" \/>\n<link rel=\"canonical\" href=\"https:\/\/amorpazycaridad.es\/la-vida-en-el-mundo-espiritual-viii\/\" \/>\n<meta property=\"og:locale\" content=\"es_ES\" \/>\n<meta property=\"og:type\" content=\"article\" \/>\n<meta property=\"og:title\" content=\"LA VIDA EN EL MUNDO ESPIRITUAL VIII | Amor, paz caridad\" \/>\n<meta property=\"og:description\" content=\"Son m\u00faltiples las modalidades de vida y aspectos en el mundo espiritual. Entre las m\u00faltiples actividades, hay seres tratando de ayudar a los que se hallan en tinieblas o en lugares de sufrimiento; otros, rescatando almas subyugadas por organizaciones mal\u00e9ficas; otros, ayudando a desencarnar; otros a encarnar; otros, orientando a los desencarnados hacia la Luz; [&hellip;]\" \/>\n<meta property=\"og:url\" content=\"https:\/\/amorpazycaridad.es\/la-vida-en-el-mundo-espiritual-viii\/\" \/>\n<meta property=\"og:site_name\" content=\"Amor, paz caridad\" \/>\n<meta property=\"article:publisher\" content=\"http:\/\/www.facebook.com\/pages\/Amor-paz-y-caridad\/1594978604096866\" \/>\n<meta property=\"article:published_time\" content=\"2015-02-03T23:24:39+00:00\" \/>\n<meta property=\"article:modified_time\" content=\"2015-02-27T16:55:06+00:00\" \/>\n<meta property=\"og:image\" content=\"https:\/\/amorpazycaridad.es\/wp-content\/uploads\/2015\/02\/la-vida-en-el-mundo-espiritual-8.jpg\" \/>\n\t<meta property=\"og:image:width\" content=\"2126\" \/>\n\t<meta property=\"og:image:height\" content=\"992\" \/>\n\t<meta property=\"og:image:type\" content=\"image\/jpeg\" \/>\n<meta name=\"author\" content=\"sebastian-de-arauco\" \/>\n<meta name=\"twitter:card\" content=\"summary_large_image\" \/>\n<meta name=\"twitter:creator\" content=\"@amorpazycaridad\" \/>\n<meta name=\"twitter:site\" content=\"@amorpazycaridad\" \/>\n<meta name=\"twitter:label1\" content=\"Escrito por\" \/>\n\t<meta name=\"twitter:data1\" content=\"Redacci\u00f3n\" \/>\n\t<meta name=\"twitter:label2\" content=\"Tiempo de lectura\" \/>\n\t<meta name=\"twitter:data2\" content=\"6 minutos\" \/>\n<script type=\"application\/ld+json\" class=\"yoast-schema-graph\">{\"@context\":\"https:\\\/\\\/schema.org\",\"@graph\":[{\"@type\":\"Article\",\"@id\":\"https:\\\/\\\/amorpazycaridad.es\\\/la-vida-en-el-mundo-espiritual-viii\\\/#article\",\"isPartOf\":{\"@id\":\"https:\\\/\\\/amorpazycaridad.es\\\/la-vida-en-el-mundo-espiritual-viii\\\/\"},\"author\":{\"name\":\"Redacci\u00f3n\",\"@id\":\"https:\\\/\\\/amorpazy-cp515.wordpresstemporal.com\\\/amorpazycaridad.es\\\/#\\\/schema\\\/person\\\/44cbc218f1b29f65390e7c8a4fd0c28d\"},\"headline\":\"LA VIDA EN EL MUNDO ESPIRITUAL VIII\",\"datePublished\":\"2015-02-03T23:24:39+00:00\",\"dateModified\":\"2015-02-27T16:55:06+00:00\",\"mainEntityOfPage\":{\"@id\":\"https:\\\/\\\/amorpazycaridad.es\\\/la-vida-en-el-mundo-espiritual-viii\\\/\"},\"wordCount\":1198,\"commentCount\":0,\"publisher\":{\"@id\":\"https:\\\/\\\/amorpazy-cp515.wordpresstemporal.com\\\/amorpazycaridad.es\\\/#organization\"},\"image\":{\"@id\":\"https:\\\/\\\/amorpazycaridad.es\\\/la-vida-en-el-mundo-espiritual-viii\\\/#primaryimage\"},\"thumbnailUrl\":\"https:\\\/\\\/amorpazy-cp515.wordpresstemporal.com\\\/amorpazycaridad.es\\\/wp-content\\\/uploads\\\/2015\\\/02\\\/la-vida-en-el-mundo-espiritual-8.jpg\",\"keywords\":[\"alma\",\"espiritu\",\"LA VIDA EN EL MUNDO ESPIRITUAL\",\"m\u00e1s all\u00e1\",\"Sebasti\u00e1n de Arauco\",\"VIDA DESPU\u00c9S DE LA VIDA\"],\"articleSection\":[\"Leyes Universales\"],\"inLanguage\":\"es\",\"potentialAction\":[{\"@type\":\"CommentAction\",\"name\":\"Comment\",\"target\":[\"https:\\\/\\\/amorpazycaridad.es\\\/la-vida-en-el-mundo-espiritual-viii\\\/#respond\"]}]},{\"@type\":\"WebPage\",\"@id\":\"https:\\\/\\\/amorpazycaridad.es\\\/la-vida-en-el-mundo-espiritual-viii\\\/\",\"url\":\"https:\\\/\\\/amorpazycaridad.es\\\/la-vida-en-el-mundo-espiritual-viii\\\/\",\"name\":\"LA VIDA EN EL MUNDO ESPIRITUAL VIII | Amor, paz caridad\",\"isPartOf\":{\"@id\":\"https:\\\/\\\/amorpazy-cp515.wordpresstemporal.com\\\/amorpazycaridad.es\\\/#website\"},\"primaryImageOfPage\":{\"@id\":\"https:\\\/\\\/amorpazycaridad.es\\\/la-vida-en-el-mundo-espiritual-viii\\\/#primaryimage\"},\"image\":{\"@id\":\"https:\\\/\\\/amorpazycaridad.es\\\/la-vida-en-el-mundo-espiritual-viii\\\/#primaryimage\"},\"thumbnailUrl\":\"https:\\\/\\\/amorpazy-cp515.wordpresstemporal.com\\\/amorpazycaridad.es\\\/wp-content\\\/uploads\\\/2015\\\/02\\\/la-vida-en-el-mundo-espiritual-8.jpg\",\"datePublished\":\"2015-02-03T23:24:39+00:00\",\"dateModified\":\"2015-02-27T16:55:06+00:00\",\"breadcrumb\":{\"@id\":\"https:\\\/\\\/amorpazycaridad.es\\\/la-vida-en-el-mundo-espiritual-viii\\\/#breadcrumb\"},\"inLanguage\":\"es\",\"potentialAction\":[{\"@type\":\"ReadAction\",\"target\":[\"https:\\\/\\\/amorpazycaridad.es\\\/la-vida-en-el-mundo-espiritual-viii\\\/\"]}]},{\"@type\":\"ImageObject\",\"inLanguage\":\"es\",\"@id\":\"https:\\\/\\\/amorpazycaridad.es\\\/la-vida-en-el-mundo-espiritual-viii\\\/#primaryimage\",\"url\":\"https:\\\/\\\/amorpazy-cp515.wordpresstemporal.com\\\/amorpazycaridad.es\\\/wp-content\\\/uploads\\\/2015\\\/02\\\/la-vida-en-el-mundo-espiritual-8.jpg\",\"contentUrl\":\"https:\\\/\\\/amorpazy-cp515.wordpresstemporal.com\\\/amorpazycaridad.es\\\/wp-content\\\/uploads\\\/2015\\\/02\\\/la-vida-en-el-mundo-espiritual-8.jpg\",\"width\":2126,\"height\":992,\"caption\":\"Fotograma de la pel\u00edcula \\\"Nosso Lar\\\"\"},{\"@type\":\"BreadcrumbList\",\"@id\":\"https:\\\/\\\/amorpazycaridad.es\\\/la-vida-en-el-mundo-espiritual-viii\\\/#breadcrumb\",\"itemListElement\":[{\"@type\":\"ListItem\",\"position\":1,\"name\":\"Portada\",\"item\":\"https:\\\/\\\/amorpazy-cp515.wordpresstemporal.com\\\/amorpazycaridad.es\\\/\"},{\"@type\":\"ListItem\",\"position\":2,\"name\":\"LA VIDA EN EL MUNDO ESPIRITUAL VIII\"}]},{\"@type\":\"WebSite\",\"@id\":\"https:\\\/\\\/amorpazy-cp515.wordpresstemporal.com\\\/amorpazycaridad.es\\\/#website\",\"url\":\"https:\\\/\\\/amorpazy-cp515.wordpresstemporal.com\\\/amorpazycaridad.es\\\/\",\"name\":\"Amor, paz caridad\",\"description\":\"Conocimiento espiritual, espiritismo, espiritualismo, leyes universales, m\u00e1s all\u00e1, vida despu\u00e9s de la vida,\",\"publisher\":{\"@id\":\"https:\\\/\\\/amorpazy-cp515.wordpresstemporal.com\\\/amorpazycaridad.es\\\/#organization\"},\"potentialAction\":[{\"@type\":\"SearchAction\",\"target\":{\"@type\":\"EntryPoint\",\"urlTemplate\":\"https:\\\/\\\/amorpazy-cp515.wordpresstemporal.com\\\/amorpazycaridad.es\\\/?s={search_term_string}\"},\"query-input\":{\"@type\":\"PropertyValueSpecification\",\"valueRequired\":true,\"valueName\":\"search_term_string\"}}],\"inLanguage\":\"es\"},{\"@type\":\"Organization\",\"@id\":\"https:\\\/\\\/amorpazy-cp515.wordpresstemporal.com\\\/amorpazycaridad.es\\\/#organization\",\"name\":\"Asociaci\u00f3n de Estudios Espirituales Grupo Villena\",\"url\":\"https:\\\/\\\/amorpazy-cp515.wordpresstemporal.com\\\/amorpazycaridad.es\\\/\",\"logo\":{\"@type\":\"ImageObject\",\"inLanguage\":\"es\",\"@id\":\"https:\\\/\\\/amorpazy-cp515.wordpresstemporal.com\\\/amorpazycaridad.es\\\/#\\\/schema\\\/logo\\\/image\\\/\",\"url\":\"https:\\\/\\\/amorpazycaridad.es\\\/wp-content\\\/uploads\\\/2015\\\/01\\\/logo-fav-e1420247830294.jpg\",\"contentUrl\":\"https:\\\/\\\/amorpazycaridad.es\\\/wp-content\\\/uploads\\\/2015\\\/01\\\/logo-fav-e1420247830294.jpg\",\"width\":144,\"height\":144,\"caption\":\"Asociaci\u00f3n de Estudios Espirituales Grupo Villena\"},\"image\":{\"@id\":\"https:\\\/\\\/amorpazy-cp515.wordpresstemporal.com\\\/amorpazycaridad.es\\\/#\\\/schema\\\/logo\\\/image\\\/\"},\"sameAs\":[\"http:\\\/\\\/www.facebook.com\\\/pages\\\/Amor-paz-y-caridad\\\/1594978604096866\",\"https:\\\/\\\/x.com\\\/amorpazycaridad\",\"https:\\\/\\\/es.pinterest.com\\\/amorpazycaridad\\\/\",\"https:\\\/\\\/www.youtube.com\\\/channel\\\/UC1GvDIDCLoL02SzOD7NJdrA\"]},{\"@type\":\"Person\",\"@id\":\"https:\\\/\\\/amorpazy-cp515.wordpresstemporal.com\\\/amorpazycaridad.es\\\/#\\\/schema\\\/person\\\/44cbc218f1b29f65390e7c8a4fd0c28d\",\"name\":\"Redacci\u00f3n\",\"image\":{\"@type\":\"ImageObject\",\"inLanguage\":\"es\",\"@id\":\"https:\\\/\\\/amorpazycaridad.es\\\/wp-content\\\/uploads\\\/2015\\\/01\\\/icono-114-96x96.jpg73ca1ff604f9e7c7607bbbfa84b61c44\",\"url\":\"https:\\\/\\\/amorpazycaridad.es\\\/wp-content\\\/uploads\\\/2015\\\/01\\\/icono-114-96x96.jpg\",\"contentUrl\":\"https:\\\/\\\/amorpazycaridad.es\\\/wp-content\\\/uploads\\\/2015\\\/01\\\/icono-114-96x96.jpg\",\"caption\":\"Redacci\u00f3n\"},\"sameAs\":[\"http:\\\/\\\/www.amorpazycaridad.com\"],\"url\":\"https:\\\/\\\/amorpazy-cp515.wordpresstemporal.com\\\/amorpazycaridad.es\\\/author\\\/redaccion\\\/\"}]}<\/script>\n<!-- \/ Yoast SEO plugin. -->","yoast_head_json":{"title":"LA VIDA EN EL MUNDO ESPIRITUAL VIII | Amor, paz caridad","robots":{"index":"index","follow":"follow","max-snippet":"max-snippet:-1","max-image-preview":"max-image-preview:large","max-video-preview":"max-video-preview:-1"},"canonical":"https:\/\/amorpazycaridad.es\/la-vida-en-el-mundo-espiritual-viii\/","og_locale":"es_ES","og_type":"article","og_title":"LA VIDA EN EL MUNDO ESPIRITUAL VIII | Amor, paz caridad","og_description":"Son m\u00faltiples las modalidades de vida y aspectos en el mundo espiritual. Entre las m\u00faltiples actividades, hay seres tratando de ayudar a los que se hallan en tinieblas o en lugares de sufrimiento; otros, rescatando almas subyugadas por organizaciones mal\u00e9ficas; otros, ayudando a desencarnar; otros a encarnar; otros, orientando a los desencarnados hacia la Luz; [&hellip;]","og_url":"https:\/\/amorpazycaridad.es\/la-vida-en-el-mundo-espiritual-viii\/","og_site_name":"Amor, paz caridad","article_publisher":"http:\/\/www.facebook.com\/pages\/Amor-paz-y-caridad\/1594978604096866","article_published_time":"2015-02-03T23:24:39+00:00","article_modified_time":"2015-02-27T16:55:06+00:00","og_image":[{"width":2126,"height":992,"url":"https:\/\/amorpazycaridad.es\/wp-content\/uploads\/2015\/02\/la-vida-en-el-mundo-espiritual-8.jpg","type":"image\/jpeg"}],"author":"sebastian-de-arauco","twitter_card":"summary_large_image","twitter_creator":"@amorpazycaridad","twitter_site":"@amorpazycaridad","twitter_misc":{"Escrito por":"Redacci\u00f3n","Tiempo de lectura":"6 minutos"},"schema":{"@context":"https:\/\/schema.org","@graph":[{"@type":"Article","@id":"https:\/\/amorpazycaridad.es\/la-vida-en-el-mundo-espiritual-viii\/#article","isPartOf":{"@id":"https:\/\/amorpazycaridad.es\/la-vida-en-el-mundo-espiritual-viii\/"},"author":{"name":"Redacci\u00f3n","@id":"https:\/\/amorpazy-cp515.wordpresstemporal.com\/amorpazycaridad.es\/#\/schema\/person\/44cbc218f1b29f65390e7c8a4fd0c28d"},"headline":"LA VIDA EN EL MUNDO ESPIRITUAL VIII","datePublished":"2015-02-03T23:24:39+00:00","dateModified":"2015-02-27T16:55:06+00:00","mainEntityOfPage":{"@id":"https:\/\/amorpazycaridad.es\/la-vida-en-el-mundo-espiritual-viii\/"},"wordCount":1198,"commentCount":0,"publisher":{"@id":"https:\/\/amorpazy-cp515.wordpresstemporal.com\/amorpazycaridad.es\/#organization"},"image":{"@id":"https:\/\/amorpazycaridad.es\/la-vida-en-el-mundo-espiritual-viii\/#primaryimage"},"thumbnailUrl":"https:\/\/amorpazy-cp515.wordpresstemporal.com\/amorpazycaridad.es\/wp-content\/uploads\/2015\/02\/la-vida-en-el-mundo-espiritual-8.jpg","keywords":["alma","espiritu","LA VIDA EN EL MUNDO ESPIRITUAL","m\u00e1s all\u00e1","Sebasti\u00e1n de Arauco","VIDA DESPU\u00c9S DE LA VIDA"],"articleSection":["Leyes Universales"],"inLanguage":"es","potentialAction":[{"@type":"CommentAction","name":"Comment","target":["https:\/\/amorpazycaridad.es\/la-vida-en-el-mundo-espiritual-viii\/#respond"]}]},{"@type":"WebPage","@id":"https:\/\/amorpazycaridad.es\/la-vida-en-el-mundo-espiritual-viii\/","url":"https:\/\/amorpazycaridad.es\/la-vida-en-el-mundo-espiritual-viii\/","name":"LA VIDA EN EL MUNDO ESPIRITUAL VIII | Amor, paz caridad","isPartOf":{"@id":"https:\/\/amorpazy-cp515.wordpresstemporal.com\/amorpazycaridad.es\/#website"},"primaryImageOfPage":{"@id":"https:\/\/amorpazycaridad.es\/la-vida-en-el-mundo-espiritual-viii\/#primaryimage"},"image":{"@id":"https:\/\/amorpazycaridad.es\/la-vida-en-el-mundo-espiritual-viii\/#primaryimage"},"thumbnailUrl":"https:\/\/amorpazy-cp515.wordpresstemporal.com\/amorpazycaridad.es\/wp-content\/uploads\/2015\/02\/la-vida-en-el-mundo-espiritual-8.jpg","datePublished":"2015-02-03T23:24:39+00:00","dateModified":"2015-02-27T16:55:06+00:00","breadcrumb":{"@id":"https:\/\/amorpazycaridad.es\/la-vida-en-el-mundo-espiritual-viii\/#breadcrumb"},"inLanguage":"es","potentialAction":[{"@type":"ReadAction","target":["https:\/\/amorpazycaridad.es\/la-vida-en-el-mundo-espiritual-viii\/"]}]},{"@type":"ImageObject","inLanguage":"es","@id":"https:\/\/amorpazycaridad.es\/la-vida-en-el-mundo-espiritual-viii\/#primaryimage","url":"https:\/\/amorpazy-cp515.wordpresstemporal.com\/amorpazycaridad.es\/wp-content\/uploads\/2015\/02\/la-vida-en-el-mundo-espiritual-8.jpg","contentUrl":"https:\/\/amorpazy-cp515.wordpresstemporal.com\/amorpazycaridad.es\/wp-content\/uploads\/2015\/02\/la-vida-en-el-mundo-espiritual-8.jpg","width":2126,"height":992,"caption":"Fotograma de la pel\u00edcula \"Nosso Lar\""},{"@type":"BreadcrumbList","@id":"https:\/\/amorpazycaridad.es\/la-vida-en-el-mundo-espiritual-viii\/#breadcrumb","itemListElement":[{"@type":"ListItem","position":1,"name":"Portada","item":"https:\/\/amorpazy-cp515.wordpresstemporal.com\/amorpazycaridad.es\/"},{"@type":"ListItem","position":2,"name":"LA VIDA EN EL MUNDO ESPIRITUAL VIII"}]},{"@type":"WebSite","@id":"https:\/\/amorpazy-cp515.wordpresstemporal.com\/amorpazycaridad.es\/#website","url":"https:\/\/amorpazy-cp515.wordpresstemporal.com\/amorpazycaridad.es\/","name":"Amor, paz caridad","description":"Conocimiento espiritual, espiritismo, espiritualismo, leyes universales, m\u00e1s all\u00e1, vida despu\u00e9s de la vida,","publisher":{"@id":"https:\/\/amorpazy-cp515.wordpresstemporal.com\/amorpazycaridad.es\/#organization"},"potentialAction":[{"@type":"SearchAction","target":{"@type":"EntryPoint","urlTemplate":"https:\/\/amorpazy-cp515.wordpresstemporal.com\/amorpazycaridad.es\/?s={search_term_string}"},"query-input":{"@type":"PropertyValueSpecification","valueRequired":true,"valueName":"search_term_string"}}],"inLanguage":"es"},{"@type":"Organization","@id":"https:\/\/amorpazy-cp515.wordpresstemporal.com\/amorpazycaridad.es\/#organization","name":"Asociaci\u00f3n de Estudios Espirituales Grupo Villena","url":"https:\/\/amorpazy-cp515.wordpresstemporal.com\/amorpazycaridad.es\/","logo":{"@type":"ImageObject","inLanguage":"es","@id":"https:\/\/amorpazy-cp515.wordpresstemporal.com\/amorpazycaridad.es\/#\/schema\/logo\/image\/","url":"https:\/\/amorpazycaridad.es\/wp-content\/uploads\/2015\/01\/logo-fav-e1420247830294.jpg","contentUrl":"https:\/\/amorpazycaridad.es\/wp-content\/uploads\/2015\/01\/logo-fav-e1420247830294.jpg","width":144,"height":144,"caption":"Asociaci\u00f3n de Estudios Espirituales Grupo Villena"},"image":{"@id":"https:\/\/amorpazy-cp515.wordpresstemporal.com\/amorpazycaridad.es\/#\/schema\/logo\/image\/"},"sameAs":["http:\/\/www.facebook.com\/pages\/Amor-paz-y-caridad\/1594978604096866","https:\/\/x.com\/amorpazycaridad","https:\/\/es.pinterest.com\/amorpazycaridad\/","https:\/\/www.youtube.com\/channel\/UC1GvDIDCLoL02SzOD7NJdrA"]},{"@type":"Person","@id":"https:\/\/amorpazy-cp515.wordpresstemporal.com\/amorpazycaridad.es\/#\/schema\/person\/44cbc218f1b29f65390e7c8a4fd0c28d","name":"Redacci\u00f3n","image":{"@type":"ImageObject","inLanguage":"es","@id":"https:\/\/amorpazycaridad.es\/wp-content\/uploads\/2015\/01\/icono-114-96x96.jpg73ca1ff604f9e7c7607bbbfa84b61c44","url":"https:\/\/amorpazycaridad.es\/wp-content\/uploads\/2015\/01\/icono-114-96x96.jpg","contentUrl":"https:\/\/amorpazycaridad.es\/wp-content\/uploads\/2015\/01\/icono-114-96x96.jpg","caption":"Redacci\u00f3n"},"sameAs":["http:\/\/www.amorpazycaridad.com"],"url":"https:\/\/amorpazy-cp515.wordpresstemporal.com\/amorpazycaridad.es\/author\/redaccion\/"}]}},"authors":[{"term_id":571,"user_id":0,"is_guest":1,"slug":"cap-sebastian-de-arauco","display_name":"sebastian-de-arauco","avatar_url":"https:\/\/secure.gravatar.com\/avatar\/?s=96&d=mm&r=g","0":null,"1":"","2":"","3":"","4":"","5":"","6":"","7":"","8":""}],"_links":{"self":[{"href":"https:\/\/amorpazy-cp515.wordpresstemporal.com\/amorpazycaridad.es\/wp-json\/wp\/v2\/posts\/2571","targetHints":{"allow":["GET"]}}],"collection":[{"href":"https:\/\/amorpazy-cp515.wordpresstemporal.com\/amorpazycaridad.es\/wp-json\/wp\/v2\/posts"}],"about":[{"href":"https:\/\/amorpazy-cp515.wordpresstemporal.com\/amorpazycaridad.es\/wp-json\/wp\/v2\/types\/post"}],"author":[{"embeddable":true,"href":"https:\/\/amorpazy-cp515.wordpresstemporal.com\/amorpazycaridad.es\/wp-json\/wp\/v2\/users\/2"}],"replies":[{"embeddable":true,"href":"https:\/\/amorpazy-cp515.wordpresstemporal.com\/amorpazycaridad.es\/wp-json\/wp\/v2\/comments?post=2571"}],"version-history":[{"count":6,"href":"https:\/\/amorpazy-cp515.wordpresstemporal.com\/amorpazycaridad.es\/wp-json\/wp\/v2\/posts\/2571\/revisions"}],"predecessor-version":[{"id":3067,"href":"https:\/\/amorpazy-cp515.wordpresstemporal.com\/amorpazycaridad.es\/wp-json\/wp\/v2\/posts\/2571\/revisions\/3067"}],"wp:featuredmedia":[{"embeddable":true,"href":"https:\/\/amorpazy-cp515.wordpresstemporal.com\/amorpazycaridad.es\/wp-json\/wp\/v2\/media\/2574"}],"wp:attachment":[{"href":"https:\/\/amorpazy-cp515.wordpresstemporal.com\/amorpazycaridad.es\/wp-json\/wp\/v2\/media?parent=2571"}],"wp:term":[{"taxonomy":"category","embeddable":true,"href":"https:\/\/amorpazy-cp515.wordpresstemporal.com\/amorpazycaridad.es\/wp-json\/wp\/v2\/categories?post=2571"},{"taxonomy":"post_tag","embeddable":true,"href":"https:\/\/amorpazy-cp515.wordpresstemporal.com\/amorpazycaridad.es\/wp-json\/wp\/v2\/tags?post=2571"},{"taxonomy":"author","embeddable":true,"href":"https:\/\/amorpazy-cp515.wordpresstemporal.com\/amorpazycaridad.es\/wp-json\/wp\/v2\/ppma_author?post=2571"}],"curies":[{"name":"wp","href":"https:\/\/api.w.org\/{rel}","templated":true}]}}