{"id":21332,"date":"2026-06-16T16:15:36","date_gmt":"2026-06-16T14:15:36","guid":{"rendered":"https:\/\/amorpazycaridad.es\/?p=21332"},"modified":"2026-06-16T16:15:38","modified_gmt":"2026-06-16T14:15:38","slug":"ser-necesario-y-universo-contingente","status":"publish","type":"post","link":"https:\/\/amorpazy-cp515.wordpresstemporal.com\/amorpazycaridad.es\/ser-necesario-y-universo-contingente\/","title":{"rendered":"SER NECESARIO Y UNIVERSO CONTINGENTE"},"content":{"rendered":"\n<div class=\"wp-block-group content-box-blue\"><div class=\"wp-block-group__inner-container is-layout-constrained wp-block-group-is-layout-constrained\">\n<p class=\"has-text-align-center\"><strong><em>\u201cLa raz\u00f3n nos dice que el universo no ha podido auto-crearse, y puesto que no puede ser obra del azar, debe serlo de Dios\u201d<\/em><\/strong><\/p>\n\n\n\n<p class=\"has-text-align-center\">All\u00e1n Kardec, L.E., \u00edt. 37<\/p>\n<\/div><\/div>\n\n\n\n<p class=\"justificar\">En cap\u00edtulos anteriores pusimos en valor el <strong><em>\u201cargumento cosmol\u00f3gico Kalam\u201d <\/em><\/strong>como una evidencia aceptada por la ciencia sobre el principio del Universo en contra del postulado anterior a la confirmaci\u00f3n del Big Bang en 1968 por los premios nobel Wilson y Penzias, al descubrir la radiaci\u00f3n de fondo cosmico y con ello el principio del universo que conocemos, hace ahora 13.700 millones de a\u00f1os. Posteriormente, el env\u00edo al espacio del telescopio Hubble y recientemente el del telescopio James Web, el 21 de diciembre de 2021, descubriendo&nbsp; la dataci\u00f3n de las galaxias m\u00e1s tempranas, no hizo m\u00e1s que confirmar el <strong><em>\u201camanecer del universo\u201d<\/em><\/strong> que conocemos.<\/p>\n\n\n\n<p class=\"justificar\">Aunque el argumento filos\u00f3fico era conocido desde hace siglos, hasta que no lleg\u00f3 la evidencia emp\u00edrica mencionada arriba y despu\u00e9s algunas otras que han ido confirmando as\u00ed mismo la expansi\u00f3n acelerada del cosmos en contra de un universo eterno y estacionario, la ciencia no modific\u00f3 sus bases al respecto. Hoy, ning\u00fan cient\u00edfico que se precie de serlo niega que el Universo tuvo un principio, y como tal tendr\u00e1 igualmente un final. Y esto no hace m\u00e1s que confirmar la m\u00e1xima de Parm\u00e9nides: <strong><em>\u201cDe la nada, nada puede surgir\u201d,<\/em><\/strong> lo que equivale a decir que el Universo ha tenido una causa y por lo tanto hablamos de un <em>Cosmos Contingente<\/em>, que ha sido creado u originado en un momento determinado y no puede ser fruto del azar.<\/p>\n\n\n\n<p class=\"justificar\">Confirmando lo anterior, este Universo que conocemos no ha podido auto-crearse, pues contradice el principio de raz\u00f3n suficiente expresado por Leibniz hace ya varios siglos. Este principio afirma:<strong><em>\u201ctodo debe tener una raz\u00f3n o una causa, y por lo tanto tiene una explicaci\u00f3n suficiente\u201d. <\/em><\/strong>Dicho de otro modo, nada existe o es verdadero sin una explicaci\u00f3n suficiente que determine por qu\u00e9 es as\u00ed y no de otra manera; con ello se niega la existencia del azar y de hechos inexplicables. Y aunque desconozcamos la causa, todo tiene una raz\u00f3n de ser, confirmando as\u00ed la inteligibilidad del Universo.<\/p>\n\n\n\n<p class=\"justificar\">Einstein, el gran f\u00edsico del siglo XX, confirm\u00f3 la tesis de Leibniz al afirmar los siguiente: <strong><em>\u201cLo m\u00e1s incomprensible del Universo es que este sea comprensible\u201d. <\/em><\/strong>Con ello afirmaba su admiraci\u00f3n y sorpresa por poder conocer y penetrar a trav\u00e9s de la inteligencia humana en los secretos del Universo y de sus leyes.<\/p>\n\n\n\n<p class=\"justificar\">Y son precisamente esas leyes, que rigen de manera perfecta todo el cosmos conocido mediante un orden y una regulaci\u00f3n tan precisa, las que nos confirman que el Universo procede de una causa externa y ajena, pues ninguna de esas leyes ha podido surgir por azar, casualidad o auto-creaci\u00f3n propia. Todo apunta y sugiere hacia una Mente Superior, perfecta e inmutable de la que surge la mente humana inferior, y esto \u00faltimo le permite al ser humano comprender algunas cosas de ese vasto conglomerado de realidad, vida y naturaleza que es el cosmos, as\u00ed como de las leyes que lo hacen funcionar.<\/p>\n\n\n\n<div class=\"wp-block-group content-box-blue\"><div class=\"wp-block-group__inner-container is-layout-constrained wp-block-group-is-layout-constrained\">\n<p class=\"has-text-align-center\"><strong><em>\u00abEl conocimiento de las leyes de la naturaleza significa nada menos que el conocimiento de la mente de Dios expresado en ella<\/em><\/strong>.\u00bb <\/p>\n\n\n\n<p class=\"has-text-align-center\">William Thomson &#8211; F\u00edsico y matem\u00e1tico<\/p>\n<\/div><\/div>\n\n\n\n<p class=\"justificar\">Una de las evidencias incontestables sobre lo que acabamos de afirmar la encontramos en las propias leyes que rigen el cosmos, las <strong><em>veinte constantes universales de la f\u00edsica<\/em><\/strong> (<a href=\"#explicacion\">*<\/a>), que permiten el principio, funcionamiento y evoluci\u00f3n de la vida, los planetas y la naturaleza en general y que se fundamentan en <strong><em>una veintena de valores num\u00e9ricos<\/em><\/strong> determinados desde el primer instante de su aparici\u00f3n. Valores matem\u00e1ticos invariables e inmutables en el tiempo y en el espacio.<\/p>\n\n\n\n<p class=\"justificar\"><em>\u00bfC\u00f3mo es esto posible? \u00bfDe d\u00f3nde surgen estos n\u00fameros y para qu\u00e9 sirven? <\/em>Es precisamente este el aspecto que asombraba a Einstein; la capacidad de descubrir el funcionamiento del misterioso Universo a trav\u00e9s de las leyes que lo permiten. De ah\u00ed que admitiera la existencia de <strong><em>\u201cun esp\u00edritu superior que ha originado el Universo y ante el cual debemos ser humildes\u2026\u201d<\/em><\/strong>, seg\u00fan sus propias palabras.<\/p>\n\n\n\n<p class=\"justificar\">Esos n\u00fameros confirman el principio de raz\u00f3n suficiente de Leibniz al ofrecernos la respuesta de que todo tiene una explicaci\u00f3n, y una raz\u00f3n para existir, aunque no la conozcamos, y no obstante, en la \u00e9poca de Leibniz no se conoc\u00eda ninguna de las constantes universales.<\/p>\n\n\n\n<p class=\"justificar\"><em>\u00bfC\u00f3mo ser\u00eda el Universo si algunos de estos valores num\u00e9ricos hubieran sido un poco diferentes?<\/em> La respuesta a esta pregunta tiene que ver con lo que se conoce como <strong><em>el \u201cajuste fino\u201d<\/em><\/strong> de las constantes universales, y esto nos confirma que una m\u00ednima variaci\u00f3n, infinitesimal, en cualquiera de esos veinte valores matem\u00e1ticos no hubiera permitido la aparici\u00f3n de la vida o del Universo tal y como lo conocemos, y ninguno estar\u00edamos aqu\u00ed ahora mismo.<\/p>\n\n\n\n<div class=\"wp-block-group content-box-blue\"><div class=\"wp-block-group__inner-container is-layout-constrained wp-block-group-is-layout-constrained\">\n<p class=\"has-text-align-center\"><strong><em>\u201cEl ajuste fino de las condiciones iniciales del Universo es un elemento indispensable de la existencia del mundo\u2026 a trav\u00e9s de su descubrimiento los cient\u00edficos nos encontramos con el Logos Divino\u201d <\/em><\/strong><\/p>\n\n\n\n<p class=\"has-text-align-center\">John Polkinghorne, matem\u00e1tico y f\u00edsico<\/p>\n<\/div><\/div>\n\n\n\n<p class=\"justificar\">Esto no hace m\u00e1s que confirmar la realidad del Universo Contingente, dependiente de una causa primera, una mente suprema, una conciencia c\u00f3smica, exenta de las cualidades propias del Universo que ha creado, ajena a los criterios de materia, espacio y tiempo que condicionan las variables del universo conocido. Esa causa primera no es m\u00e1s que \u201c<strong><em>un ser necesario\u201d<\/em><\/strong>, <strong><em>que existe por s\u00ed mismo,<\/em><\/strong> sin ninguna necesidad de nada ni nadie para existir, es lo contrario a todo lo contingente.<\/p>\n\n\n\n<p class=\"justificar\">Hablamos as\u00ed del Demiurgo Plat\u00f3nico, del Primer Motor de Arist\u00f3teles, de la Causa Incausada de Tom\u00e1s de Aquino, y de la Causa Primera e Inteligencia Suprema de Kardec, que forzosamente debe ser atemporal y eterna, sin ubicaci\u00f3n en el espacio y que no es contingente sino necesaria, pues su caracter\u00edstica principal es la eternidad; es decir, haber existido siempre: <em><strong>\u201cYo Soy el que Soy\u201d, \u201cEl que siempre ha existido\u201d, \u201cEl que ES y no ha necesitado de nada ni nadie para SER\u201d<\/strong>.<\/em><\/p>\n\n\n\n<p class=\"has-text-align-right\">Ser necesario y universo contingente: <strong><a href=\"https:\/\/amorpazycaridad.es\/author\/antonio\">Antonio Lled\u00f3 Flor<\/a><\/strong><\/p>\n\n\n\n<p class=\"has-text-align-right\">2026, Amor, Paz y Caridad<\/p>\n\n\n\n<div class=\"wp-block-group content-box-blue\"><div class=\"wp-block-group__inner-container is-layout-constrained wp-block-group-is-layout-constrained\">\n<p class=\"has-text-align-center\"><strong><em>\u201cConsidero improbable el orden universal como surgido del caos. Debe existir un principio de organizaci\u00f3n. Dios es un misterio, pero es la explicaci\u00f3n al milagro de la existencia, a saber: porqu\u00e9 hay algo en lugar de nada.\u201d<\/em><\/strong><\/p>\n\n\n\n<p class=\"has-text-align-center\"><em>Allan Sandage, astr\u00f3nomo, Premio Cradford (N\u00f3bel de Astronom\u00eda)<\/em><\/p>\n<\/div><\/div>\n\n\n\n<p id=\"explicacion\"><em>(*) Fuerza de Gravedad, Electromagnetismo, Fuerza Nuclear fuerte y d\u00e9bil, Velocidad de la Luz, Constante de Plankc, Carga del Prot\u00f3n, Neutr\u00f3n y Electr\u00f3n, Densidad Masa-Energ\u00eda del Universo, Velocidad de Expansi\u00f3n del Universo, Constante Cosmol\u00f3gica, etc..<\/em><\/p>\n\n\n\n<p><\/p>\n","protected":false},"excerpt":{"rendered":"<p>\u201cLa raz\u00f3n nos dice que el universo no ha podido auto-crearse, y puesto que no puede ser obra del azar, debe serlo de Dios\u201d All\u00e1n Kardec, L.E., \u00edt. 37 En cap\u00edtulos anteriores pusimos en valor el \u201cargumento cosmol\u00f3gico Kalam\u201d como una evidencia aceptada por la ciencia sobre el principio del Universo en contra del postulado [&hellip;]<\/p>\n","protected":false},"author":2,"featured_media":21415,"comment_status":"open","ping_status":"open","sticky":false,"template":"","format":"standard","meta":{"tdm_status":"","tdm_grid_status":"","footnotes":""},"categories":[7120],"tags":[7876,3428,7869,7877,7879,7331,7875,7874,7870,7880,7871,7878,6973],"ppma_author":[4601],"class_list":{"0":"post-21332","1":"post","2":"type-post","3":"status-publish","4":"format-standard","5":"has-post-thumbnail","7":"category-desvelando-el-enigma","8":"tag-ajuste-fino","9":"tag-argumento-kalam","10":"tag-conocimiento-de-leyes","11":"tag-constantes-universales-de-la-fisica","12":"tag-el-caos-improbable","13":"tag-el-que-es","14":"tag-espiritu-que-origina-el-universo","15":"tag-explicacion-suficiente","16":"tag-mente-de-dios","17":"tag-principio-de-organizacion","18":"tag-telescopios-hubble-y-web","19":"tag-un-ser-necesario","20":"tag-universo-comprensible"},"yoast_head":"<!-- This site is optimized with the Yoast SEO plugin v27.7 - https:\/\/yoast.com\/product\/yoast-seo-wordpress\/ -->\n<title>SER NECESARIO Y UNIVERSO CONTINGENTE | APC | A. LLED\u00d3<\/title>\n<meta name=\"description\" content=\"\u00bfEl Universo surgi\u00f3 de la nada? La ciencia y la filosof\u00eda demuestran su ajuste fino: un cosmos contingente que exige una causa primera.\" \/>\n<meta name=\"robots\" content=\"index, follow, max-snippet:-1, max-image-preview:large, max-video-preview:-1\" \/>\n<link rel=\"canonical\" href=\"https:\/\/amorpazy-cp515.wordpresstemporal.com\/amorpazycaridad.es\/ser-necesario-y-universo-contingente\/\" \/>\n<meta property=\"og:locale\" content=\"es_ES\" \/>\n<meta property=\"og:type\" content=\"article\" \/>\n<meta property=\"og:title\" content=\"Ser necesario y universo contingente en Amor, Paz y Caridad\" \/>\n<meta property=\"og:description\" content=\"\u00bfEl Universo surgi\u00f3 de la nada? La ciencia y la filosof\u00eda demuestran su ajuste fino: un cosmos contingente que exige una causa primera.\" \/>\n<meta property=\"og:url\" content=\"https:\/\/amorpazy-cp515.wordpresstemporal.com\/amorpazycaridad.es\/ser-necesario-y-universo-contingente\/\" \/>\n<meta property=\"og:site_name\" content=\"Amor, paz caridad\" \/>\n<meta property=\"article:publisher\" content=\"http:\/\/www.facebook.com\/pages\/Amor-paz-y-caridad\/1594978604096866\" \/>\n<meta property=\"article:published_time\" content=\"2026-06-16T14:15:36+00:00\" \/>\n<meta property=\"article:modified_time\" content=\"2026-06-16T14:15:38+00:00\" \/>\n<meta property=\"og:image\" content=\"https:\/\/amorpazy-cp515.wordpresstemporal.com\/amorpazycaridad.es\/wp-content\/uploads\/2026\/06\/Universo-contingente.jpg\" \/>\n\t<meta property=\"og:image:width\" content=\"1024\" \/>\n\t<meta property=\"og:image:height\" content=\"637\" \/>\n\t<meta property=\"og:image:type\" content=\"image\/jpeg\" \/>\n<meta name=\"author\" content=\"Antonio admin\" \/>\n<meta name=\"twitter:card\" content=\"summary_large_image\" \/>\n<meta name=\"twitter:creator\" content=\"@amorpazycaridad\" \/>\n<meta name=\"twitter:site\" content=\"@amorpazycaridad\" \/>\n<meta name=\"twitter:label1\" content=\"Escrito por\" \/>\n\t<meta name=\"twitter:data1\" content=\"Redacci\u00f3n\" \/>\n\t<meta name=\"twitter:label2\" content=\"Tiempo de lectura\" \/>\n\t<meta name=\"twitter:data2\" content=\"6 minutos\" \/>\n<script type=\"application\/ld+json\" class=\"yoast-schema-graph\">{\"@context\":\"https:\\\/\\\/schema.org\",\"@graph\":[{\"@type\":\"Article\",\"@id\":\"https:\\\/\\\/amorpazy-cp515.wordpresstemporal.com\\\/amorpazycaridad.es\\\/ser-necesario-y-universo-contingente\\\/#article\",\"isPartOf\":{\"@id\":\"https:\\\/\\\/amorpazy-cp515.wordpresstemporal.com\\\/amorpazycaridad.es\\\/ser-necesario-y-universo-contingente\\\/\"},\"author\":{\"name\":\"Redacci\u00f3n\",\"@id\":\"https:\\\/\\\/amorpazycaridad.es\\\/#\\\/schema\\\/person\\\/44cbc218f1b29f65390e7c8a4fd0c28d\"},\"headline\":\"SER NECESARIO Y UNIVERSO CONTINGENTE\",\"datePublished\":\"2026-06-16T14:15:36+00:00\",\"dateModified\":\"2026-06-16T14:15:38+00:00\",\"mainEntityOfPage\":{\"@id\":\"https:\\\/\\\/amorpazy-cp515.wordpresstemporal.com\\\/amorpazycaridad.es\\\/ser-necesario-y-universo-contingente\\\/\"},\"wordCount\":1169,\"commentCount\":0,\"publisher\":{\"@id\":\"https:\\\/\\\/amorpazycaridad.es\\\/#organization\"},\"image\":{\"@id\":\"https:\\\/\\\/amorpazy-cp515.wordpresstemporal.com\\\/amorpazycaridad.es\\\/ser-necesario-y-universo-contingente\\\/#primaryimage\"},\"thumbnailUrl\":\"https:\\\/\\\/amorpazy-cp515.wordpresstemporal.com\\\/amorpazycaridad.es\\\/wp-content\\\/uploads\\\/2026\\\/06\\\/Universo-contingente.jpg\",\"keywords\":[\"ajuste fino\",\"Argumento Kalam\",\"conocimiento de leyes\",\"constantes universales de la fisica\",\"el caos improbable\",\"el que es\",\"esp\u00edritu que origina el universo\",\"explicaci\u00f3n suficiente\",\"mente de Dios\",\"principio de organizaci\u00f3n\",\"telescopios Hubble y Web\",\"un ser necesario\",\"universo comprensible\"],\"articleSection\":[\"Desvelando el enigma\"],\"inLanguage\":\"es\",\"potentialAction\":[{\"@type\":\"CommentAction\",\"name\":\"Comment\",\"target\":[\"https:\\\/\\\/amorpazy-cp515.wordpresstemporal.com\\\/amorpazycaridad.es\\\/ser-necesario-y-universo-contingente\\\/#respond\"]}]},{\"@type\":\"WebPage\",\"@id\":\"https:\\\/\\\/amorpazy-cp515.wordpresstemporal.com\\\/amorpazycaridad.es\\\/ser-necesario-y-universo-contingente\\\/\",\"url\":\"https:\\\/\\\/amorpazy-cp515.wordpresstemporal.com\\\/amorpazycaridad.es\\\/ser-necesario-y-universo-contingente\\\/\",\"name\":\"SER NECESARIO Y UNIVERSO CONTINGENTE | APC | A. LLED\u00d3\",\"isPartOf\":{\"@id\":\"https:\\\/\\\/amorpazycaridad.es\\\/#website\"},\"primaryImageOfPage\":{\"@id\":\"https:\\\/\\\/amorpazy-cp515.wordpresstemporal.com\\\/amorpazycaridad.es\\\/ser-necesario-y-universo-contingente\\\/#primaryimage\"},\"image\":{\"@id\":\"https:\\\/\\\/amorpazy-cp515.wordpresstemporal.com\\\/amorpazycaridad.es\\\/ser-necesario-y-universo-contingente\\\/#primaryimage\"},\"thumbnailUrl\":\"https:\\\/\\\/amorpazy-cp515.wordpresstemporal.com\\\/amorpazycaridad.es\\\/wp-content\\\/uploads\\\/2026\\\/06\\\/Universo-contingente.jpg\",\"datePublished\":\"2026-06-16T14:15:36+00:00\",\"dateModified\":\"2026-06-16T14:15:38+00:00\",\"description\":\"\u00bfEl Universo surgi\u00f3 de la nada? La ciencia y la filosof\u00eda demuestran su ajuste fino: un cosmos contingente que exige una causa primera.\",\"breadcrumb\":{\"@id\":\"https:\\\/\\\/amorpazy-cp515.wordpresstemporal.com\\\/amorpazycaridad.es\\\/ser-necesario-y-universo-contingente\\\/#breadcrumb\"},\"inLanguage\":\"es\",\"potentialAction\":[{\"@type\":\"ReadAction\",\"target\":[\"https:\\\/\\\/amorpazy-cp515.wordpresstemporal.com\\\/amorpazycaridad.es\\\/ser-necesario-y-universo-contingente\\\/\"]}]},{\"@type\":\"ImageObject\",\"inLanguage\":\"es\",\"@id\":\"https:\\\/\\\/amorpazy-cp515.wordpresstemporal.com\\\/amorpazycaridad.es\\\/ser-necesario-y-universo-contingente\\\/#primaryimage\",\"url\":\"https:\\\/\\\/amorpazy-cp515.wordpresstemporal.com\\\/amorpazycaridad.es\\\/wp-content\\\/uploads\\\/2026\\\/06\\\/Universo-contingente.jpg\",\"contentUrl\":\"https:\\\/\\\/amorpazy-cp515.wordpresstemporal.com\\\/amorpazycaridad.es\\\/wp-content\\\/uploads\\\/2026\\\/06\\\/Universo-contingente.jpg\",\"width\":1024,\"height\":637,\"caption\":\"Ser necesario y universo contingente\"},{\"@type\":\"BreadcrumbList\",\"@id\":\"https:\\\/\\\/amorpazy-cp515.wordpresstemporal.com\\\/amorpazycaridad.es\\\/ser-necesario-y-universo-contingente\\\/#breadcrumb\",\"itemListElement\":[{\"@type\":\"ListItem\",\"position\":1,\"name\":\"Portada\",\"item\":\"https:\\\/\\\/amorpazy-cp515.wordpresstemporal.com\\\/amorpazycaridad.es\\\/\"},{\"@type\":\"ListItem\",\"position\":2,\"name\":\"SER NECESARIO Y UNIVERSO CONTINGENTE\"}]},{\"@type\":\"WebSite\",\"@id\":\"https:\\\/\\\/amorpazycaridad.es\\\/#website\",\"url\":\"https:\\\/\\\/amorpazycaridad.es\\\/\",\"name\":\"Amor, paz caridad\",\"description\":\"Conocimiento espiritual, espiritismo, espiritualismo, leyes universales, m\u00e1s all\u00e1, vida despu\u00e9s de la vida,\",\"publisher\":{\"@id\":\"https:\\\/\\\/amorpazycaridad.es\\\/#organization\"},\"potentialAction\":[{\"@type\":\"SearchAction\",\"target\":{\"@type\":\"EntryPoint\",\"urlTemplate\":\"https:\\\/\\\/amorpazycaridad.es\\\/?s={search_term_string}\"},\"query-input\":{\"@type\":\"PropertyValueSpecification\",\"valueRequired\":true,\"valueName\":\"search_term_string\"}}],\"inLanguage\":\"es\"},{\"@type\":\"Organization\",\"@id\":\"https:\\\/\\\/amorpazycaridad.es\\\/#organization\",\"name\":\"Asociaci\u00f3n de Estudios Espirituales Grupo Villena\",\"url\":\"https:\\\/\\\/amorpazycaridad.es\\\/\",\"logo\":{\"@type\":\"ImageObject\",\"inLanguage\":\"es\",\"@id\":\"https:\\\/\\\/amorpazycaridad.es\\\/#\\\/schema\\\/logo\\\/image\\\/\",\"url\":\"https:\\\/\\\/amorpazycaridad.es\\\/wp-content\\\/uploads\\\/2015\\\/01\\\/logo-fav-e1420247830294.jpg\",\"contentUrl\":\"https:\\\/\\\/amorpazycaridad.es\\\/wp-content\\\/uploads\\\/2015\\\/01\\\/logo-fav-e1420247830294.jpg\",\"width\":144,\"height\":144,\"caption\":\"Asociaci\u00f3n de Estudios Espirituales Grupo Villena\"},\"image\":{\"@id\":\"https:\\\/\\\/amorpazycaridad.es\\\/#\\\/schema\\\/logo\\\/image\\\/\"},\"sameAs\":[\"http:\\\/\\\/www.facebook.com\\\/pages\\\/Amor-paz-y-caridad\\\/1594978604096866\",\"https:\\\/\\\/x.com\\\/amorpazycaridad\",\"https:\\\/\\\/es.pinterest.com\\\/amorpazycaridad\\\/\",\"https:\\\/\\\/www.youtube.com\\\/channel\\\/UC1GvDIDCLoL02SzOD7NJdrA\"]},{\"@type\":\"Person\",\"@id\":\"https:\\\/\\\/amorpazycaridad.es\\\/#\\\/schema\\\/person\\\/44cbc218f1b29f65390e7c8a4fd0c28d\",\"name\":\"Redacci\u00f3n\",\"image\":{\"@type\":\"ImageObject\",\"inLanguage\":\"es\",\"@id\":\"https:\\\/\\\/amorpazycaridad.es\\\/wp-content\\\/uploads\\\/2015\\\/01\\\/icono-114-96x96.jpg73ca1ff604f9e7c7607bbbfa84b61c44\",\"url\":\"https:\\\/\\\/amorpazycaridad.es\\\/wp-content\\\/uploads\\\/2015\\\/01\\\/icono-114-96x96.jpg\",\"contentUrl\":\"https:\\\/\\\/amorpazycaridad.es\\\/wp-content\\\/uploads\\\/2015\\\/01\\\/icono-114-96x96.jpg\",\"caption\":\"Redacci\u00f3n\"},\"sameAs\":[\"http:\\\/\\\/www.amorpazycaridad.com\"],\"url\":\"https:\\\/\\\/amorpazy-cp515.wordpresstemporal.com\\\/amorpazycaridad.es\\\/author\\\/redaccion\\\/\"}]}<\/script>\n<!-- \/ Yoast SEO plugin. -->","yoast_head_json":{"title":"SER NECESARIO Y UNIVERSO CONTINGENTE | APC | A. LLED\u00d3","description":"\u00bfEl Universo surgi\u00f3 de la nada? La ciencia y la filosof\u00eda demuestran su ajuste fino: un cosmos contingente que exige una causa primera.","robots":{"index":"index","follow":"follow","max-snippet":"max-snippet:-1","max-image-preview":"max-image-preview:large","max-video-preview":"max-video-preview:-1"},"canonical":"https:\/\/amorpazy-cp515.wordpresstemporal.com\/amorpazycaridad.es\/ser-necesario-y-universo-contingente\/","og_locale":"es_ES","og_type":"article","og_title":"Ser necesario y universo contingente en Amor, Paz y Caridad","og_description":"\u00bfEl Universo surgi\u00f3 de la nada? La ciencia y la filosof\u00eda demuestran su ajuste fino: un cosmos contingente que exige una causa primera.","og_url":"https:\/\/amorpazy-cp515.wordpresstemporal.com\/amorpazycaridad.es\/ser-necesario-y-universo-contingente\/","og_site_name":"Amor, paz caridad","article_publisher":"http:\/\/www.facebook.com\/pages\/Amor-paz-y-caridad\/1594978604096866","article_published_time":"2026-06-16T14:15:36+00:00","article_modified_time":"2026-06-16T14:15:38+00:00","og_image":[{"width":1024,"height":637,"url":"https:\/\/amorpazy-cp515.wordpresstemporal.com\/amorpazycaridad.es\/wp-content\/uploads\/2026\/06\/Universo-contingente.jpg","type":"image\/jpeg"}],"author":"Antonio admin","twitter_card":"summary_large_image","twitter_creator":"@amorpazycaridad","twitter_site":"@amorpazycaridad","twitter_misc":{"Escrito por":"Redacci\u00f3n","Tiempo de lectura":"6 minutos"},"schema":{"@context":"https:\/\/schema.org","@graph":[{"@type":"Article","@id":"https:\/\/amorpazy-cp515.wordpresstemporal.com\/amorpazycaridad.es\/ser-necesario-y-universo-contingente\/#article","isPartOf":{"@id":"https:\/\/amorpazy-cp515.wordpresstemporal.com\/amorpazycaridad.es\/ser-necesario-y-universo-contingente\/"},"author":{"name":"Redacci\u00f3n","@id":"https:\/\/amorpazycaridad.es\/#\/schema\/person\/44cbc218f1b29f65390e7c8a4fd0c28d"},"headline":"SER NECESARIO Y UNIVERSO CONTINGENTE","datePublished":"2026-06-16T14:15:36+00:00","dateModified":"2026-06-16T14:15:38+00:00","mainEntityOfPage":{"@id":"https:\/\/amorpazy-cp515.wordpresstemporal.com\/amorpazycaridad.es\/ser-necesario-y-universo-contingente\/"},"wordCount":1169,"commentCount":0,"publisher":{"@id":"https:\/\/amorpazycaridad.es\/#organization"},"image":{"@id":"https:\/\/amorpazy-cp515.wordpresstemporal.com\/amorpazycaridad.es\/ser-necesario-y-universo-contingente\/#primaryimage"},"thumbnailUrl":"https:\/\/amorpazy-cp515.wordpresstemporal.com\/amorpazycaridad.es\/wp-content\/uploads\/2026\/06\/Universo-contingente.jpg","keywords":["ajuste fino","Argumento Kalam","conocimiento de leyes","constantes universales de la fisica","el caos improbable","el que es","esp\u00edritu que origina el universo","explicaci\u00f3n suficiente","mente de Dios","principio de organizaci\u00f3n","telescopios Hubble y Web","un ser necesario","universo comprensible"],"articleSection":["Desvelando el enigma"],"inLanguage":"es","potentialAction":[{"@type":"CommentAction","name":"Comment","target":["https:\/\/amorpazy-cp515.wordpresstemporal.com\/amorpazycaridad.es\/ser-necesario-y-universo-contingente\/#respond"]}]},{"@type":"WebPage","@id":"https:\/\/amorpazy-cp515.wordpresstemporal.com\/amorpazycaridad.es\/ser-necesario-y-universo-contingente\/","url":"https:\/\/amorpazy-cp515.wordpresstemporal.com\/amorpazycaridad.es\/ser-necesario-y-universo-contingente\/","name":"SER NECESARIO Y UNIVERSO CONTINGENTE | APC | A. LLED\u00d3","isPartOf":{"@id":"https:\/\/amorpazycaridad.es\/#website"},"primaryImageOfPage":{"@id":"https:\/\/amorpazy-cp515.wordpresstemporal.com\/amorpazycaridad.es\/ser-necesario-y-universo-contingente\/#primaryimage"},"image":{"@id":"https:\/\/amorpazy-cp515.wordpresstemporal.com\/amorpazycaridad.es\/ser-necesario-y-universo-contingente\/#primaryimage"},"thumbnailUrl":"https:\/\/amorpazy-cp515.wordpresstemporal.com\/amorpazycaridad.es\/wp-content\/uploads\/2026\/06\/Universo-contingente.jpg","datePublished":"2026-06-16T14:15:36+00:00","dateModified":"2026-06-16T14:15:38+00:00","description":"\u00bfEl Universo surgi\u00f3 de la nada? La ciencia y la filosof\u00eda demuestran su ajuste fino: un cosmos contingente que exige una causa primera.","breadcrumb":{"@id":"https:\/\/amorpazy-cp515.wordpresstemporal.com\/amorpazycaridad.es\/ser-necesario-y-universo-contingente\/#breadcrumb"},"inLanguage":"es","potentialAction":[{"@type":"ReadAction","target":["https:\/\/amorpazy-cp515.wordpresstemporal.com\/amorpazycaridad.es\/ser-necesario-y-universo-contingente\/"]}]},{"@type":"ImageObject","inLanguage":"es","@id":"https:\/\/amorpazy-cp515.wordpresstemporal.com\/amorpazycaridad.es\/ser-necesario-y-universo-contingente\/#primaryimage","url":"https:\/\/amorpazy-cp515.wordpresstemporal.com\/amorpazycaridad.es\/wp-content\/uploads\/2026\/06\/Universo-contingente.jpg","contentUrl":"https:\/\/amorpazy-cp515.wordpresstemporal.com\/amorpazycaridad.es\/wp-content\/uploads\/2026\/06\/Universo-contingente.jpg","width":1024,"height":637,"caption":"Ser necesario y universo contingente"},{"@type":"BreadcrumbList","@id":"https:\/\/amorpazy-cp515.wordpresstemporal.com\/amorpazycaridad.es\/ser-necesario-y-universo-contingente\/#breadcrumb","itemListElement":[{"@type":"ListItem","position":1,"name":"Portada","item":"https:\/\/amorpazy-cp515.wordpresstemporal.com\/amorpazycaridad.es\/"},{"@type":"ListItem","position":2,"name":"SER NECESARIO Y UNIVERSO CONTINGENTE"}]},{"@type":"WebSite","@id":"https:\/\/amorpazycaridad.es\/#website","url":"https:\/\/amorpazycaridad.es\/","name":"Amor, paz caridad","description":"Conocimiento espiritual, espiritismo, espiritualismo, leyes universales, m\u00e1s all\u00e1, vida despu\u00e9s de la vida,","publisher":{"@id":"https:\/\/amorpazycaridad.es\/#organization"},"potentialAction":[{"@type":"SearchAction","target":{"@type":"EntryPoint","urlTemplate":"https:\/\/amorpazycaridad.es\/?s={search_term_string}"},"query-input":{"@type":"PropertyValueSpecification","valueRequired":true,"valueName":"search_term_string"}}],"inLanguage":"es"},{"@type":"Organization","@id":"https:\/\/amorpazycaridad.es\/#organization","name":"Asociaci\u00f3n de Estudios Espirituales Grupo Villena","url":"https:\/\/amorpazycaridad.es\/","logo":{"@type":"ImageObject","inLanguage":"es","@id":"https:\/\/amorpazycaridad.es\/#\/schema\/logo\/image\/","url":"https:\/\/amorpazycaridad.es\/wp-content\/uploads\/2015\/01\/logo-fav-e1420247830294.jpg","contentUrl":"https:\/\/amorpazycaridad.es\/wp-content\/uploads\/2015\/01\/logo-fav-e1420247830294.jpg","width":144,"height":144,"caption":"Asociaci\u00f3n de Estudios Espirituales Grupo Villena"},"image":{"@id":"https:\/\/amorpazycaridad.es\/#\/schema\/logo\/image\/"},"sameAs":["http:\/\/www.facebook.com\/pages\/Amor-paz-y-caridad\/1594978604096866","https:\/\/x.com\/amorpazycaridad","https:\/\/es.pinterest.com\/amorpazycaridad\/","https:\/\/www.youtube.com\/channel\/UC1GvDIDCLoL02SzOD7NJdrA"]},{"@type":"Person","@id":"https:\/\/amorpazycaridad.es\/#\/schema\/person\/44cbc218f1b29f65390e7c8a4fd0c28d","name":"Redacci\u00f3n","image":{"@type":"ImageObject","inLanguage":"es","@id":"https:\/\/amorpazycaridad.es\/wp-content\/uploads\/2015\/01\/icono-114-96x96.jpg73ca1ff604f9e7c7607bbbfa84b61c44","url":"https:\/\/amorpazycaridad.es\/wp-content\/uploads\/2015\/01\/icono-114-96x96.jpg","contentUrl":"https:\/\/amorpazycaridad.es\/wp-content\/uploads\/2015\/01\/icono-114-96x96.jpg","caption":"Redacci\u00f3n"},"sameAs":["http:\/\/www.amorpazycaridad.com"],"url":"https:\/\/amorpazy-cp515.wordpresstemporal.com\/amorpazycaridad.es\/author\/redaccion\/"}]}},"authors":[{"term_id":4601,"user_id":0,"is_guest":1,"slug":"cap-antonio-admin","display_name":"Antonio admin","avatar_url":"https:\/\/secure.gravatar.com\/avatar\/?s=96&d=mm&r=g","0":null,"1":"","2":"","3":"","4":"","5":"","6":"","7":"","8":""}],"_links":{"self":[{"href":"https:\/\/amorpazy-cp515.wordpresstemporal.com\/amorpazycaridad.es\/wp-json\/wp\/v2\/posts\/21332","targetHints":{"allow":["GET"]}}],"collection":[{"href":"https:\/\/amorpazy-cp515.wordpresstemporal.com\/amorpazycaridad.es\/wp-json\/wp\/v2\/posts"}],"about":[{"href":"https:\/\/amorpazy-cp515.wordpresstemporal.com\/amorpazycaridad.es\/wp-json\/wp\/v2\/types\/post"}],"author":[{"embeddable":true,"href":"https:\/\/amorpazy-cp515.wordpresstemporal.com\/amorpazycaridad.es\/wp-json\/wp\/v2\/users\/2"}],"replies":[{"embeddable":true,"href":"https:\/\/amorpazy-cp515.wordpresstemporal.com\/amorpazycaridad.es\/wp-json\/wp\/v2\/comments?post=21332"}],"version-history":[{"count":11,"href":"https:\/\/amorpazy-cp515.wordpresstemporal.com\/amorpazycaridad.es\/wp-json\/wp\/v2\/posts\/21332\/revisions"}],"predecessor-version":[{"id":21479,"href":"https:\/\/amorpazy-cp515.wordpresstemporal.com\/amorpazycaridad.es\/wp-json\/wp\/v2\/posts\/21332\/revisions\/21479"}],"wp:featuredmedia":[{"embeddable":true,"href":"https:\/\/amorpazy-cp515.wordpresstemporal.com\/amorpazycaridad.es\/wp-json\/wp\/v2\/media\/21415"}],"wp:attachment":[{"href":"https:\/\/amorpazy-cp515.wordpresstemporal.com\/amorpazycaridad.es\/wp-json\/wp\/v2\/media?parent=21332"}],"wp:term":[{"taxonomy":"category","embeddable":true,"href":"https:\/\/amorpazy-cp515.wordpresstemporal.com\/amorpazycaridad.es\/wp-json\/wp\/v2\/categories?post=21332"},{"taxonomy":"post_tag","embeddable":true,"href":"https:\/\/amorpazy-cp515.wordpresstemporal.com\/amorpazycaridad.es\/wp-json\/wp\/v2\/tags?post=21332"},{"taxonomy":"author","embeddable":true,"href":"https:\/\/amorpazy-cp515.wordpresstemporal.com\/amorpazycaridad.es\/wp-json\/wp\/v2\/ppma_author?post=21332"}],"curies":[{"name":"wp","href":"https:\/\/api.w.org\/{rel}","templated":true}]}}