{"id":20918,"date":"2026-02-10T16:34:17","date_gmt":"2026-02-10T15:34:17","guid":{"rendered":"https:\/\/amorpazycaridad.es\/?p=20918"},"modified":"2026-02-10T23:06:50","modified_gmt":"2026-02-10T22:06:50","slug":"un-matematico-extraordinario","status":"publish","type":"post","link":"https:\/\/amorpazy-cp515.wordpresstemporal.com\/amorpazycaridad.es\/un-matematico-extraordinario\/","title":{"rendered":"UN MATEM\u00c1TICO EXTRAORDINARIO"},"content":{"rendered":"\n<div class=\"wp-block-group content-box-blue\"><div class=\"wp-block-group__inner-container is-layout-constrained wp-block-group-is-layout-constrained\">\n<p class=\"has-text-align-center\"><strong><em>\u201cDios es un matem\u00e1tico de primer orden, y utiliz\u00f3 matem\u00e1ticas muy avanzadas para construir el Universo\u201d<\/em><\/strong><\/p>\n\n\n\n<p class=\"has-text-align-center\"><strong><a href=\"https:\/\/www.google.com\/url?sa=t&amp;source=web&amp;rct=j&amp;opi=89978449&amp;url=https:\/\/es.wikipedia.org\/wiki\/Paul_Dirac&amp;ved=2ahUKEwi554zRn8-SAxU9UqQEHZy3EscQFnoECBIQAQ&amp;usg=AOvVaw0Us-sRNIoAKYp3SleueL7-\">Paul Dirac<\/a><\/strong>, Nobel de F\u00edsica 1933<\/p>\n<\/div><\/div>\n\n\n\n<p class=\"justificar\">Las matem\u00e1ticas son sin duda la ciencia exacta por excelencia, pues no s\u00f3lo est\u00e1n impl\u00edcitas en la realidad que percibimos y en las leyes que gobiernan los procesos de funcionamiento del macrocosmos y el microcosmos, sino que su expresi\u00f3n en valores num\u00e9ricos que podemos comprender, nos permite aceptar la <strong><em>excepcionalidad de la mente humana en sus capacidades de l\u00f3gica y abstracci\u00f3n<\/em><\/strong>, algo que ninguna otra especie conocida tiene en la Tierra salvo el ser humano.<\/p>\n\n\n\n<p class=\"justificar\">A pesar de ello, y como afirma el Nobel de f\u00edsica Richard Feynman: <em>\u201cUtilizamos los n\u00fameros en nuestras teor\u00edas, pero no los entendemos, ni lo que son, ni de d\u00f3nde vienen\u201d. <\/em>Es la capacidad de la mente humana lo que permite esta comprensi\u00f3n y entendimiento. Y esta cualidad excepcional de la mente humana tiene igualmente su origen en una Mente Superior de la que proviene y a la que denominamos como Dios (inteligencia suprema).<\/p>\n\n\n\n<div class=\"wp-block-group content-box-blue\"><div class=\"wp-block-group__inner-container is-layout-constrained wp-block-group-is-layout-constrained\">\n<p class=\"has-text-align-center\"><strong><em>\u201cSabemos que la naturaleza est\u00e1 descrita por la mejor de todas las matem\u00e1ticas posibles, porque Dios la cre\u00f3\u201d<\/em><\/strong> <\/p>\n\n\n\n<p class=\"has-text-align-center\">Alexander Polyakov, F\u00edsico te\u00f3rico<\/p>\n<\/div><\/div>\n\n\n\n<p class=\"justificar\">Al respecto de la afirmaci\u00f3n de Polyakov, las evidencias de las constantes y leyes principales que rigen el universo que conocemos son la mayor evidencia que podemos obtener. No es por casualidad que las grandes leyes f\u00edsicas que rigen el cosmos tienen su constataci\u00f3n y formulaci\u00f3n matem\u00e1tica precisa, elegante y exacta.<\/p>\n\n\n\n<p class=\"justificar\">La descripci\u00f3n de estas leyes en valores matem\u00e1ticos y el denominado \u201cajuste fino\u201d del universo que las caracteriza, desmiente por completo la hip\u00f3tesis del azar en el origen y la formaci\u00f3n del cosmos. El universo, su g\u00e9nesis, su evoluci\u00f3n y funcionamiento se basan en <strong><em>una veintena de valores num\u00e9ricos<\/em><\/strong> determinados desde el primer instante de su aparici\u00f3n e invariables en el tiempo y el espacio.<\/p>\n\n\n\n<div class=\"wp-block-group content-box-blue\"><div class=\"wp-block-group__inner-container is-layout-constrained wp-block-group-is-layout-constrained\">\n<p class=\"has-text-align-center\"><strong><em>\u00abDios hizo los n\u00fameros naturales, el resto lo hizo el hombre\u00bb. <\/em><\/strong><\/p>\n\n\n\n<p class=\"has-text-align-center\">David Hilbert, Matem\u00e1tico, autor del teorema de infinitud<em>&nbsp;<\/em><\/p>\n<\/div><\/div>\n\n\n\n<p class=\"justificar\">Algunas de estas leyes son la fuerza de la gravedad, el electromagnetismo, la velocidad de la luz, la interacci\u00f3n fuerte, la fuerza nuclear d\u00e9bil, la velocidad de expansi\u00f3n del universo, etc. Y todas pueden expresarse en valores matem\u00e1ticos precisos que la mente humana ha logrado descifrar. Einstein afirmaba lo siguiente: <strong><em>\u201cLo realmente excepcional es que el universo sea comprensible.\u201d <\/em><\/strong>Y precisamente se refer\u00eda a esto.<\/p>\n\n\n\n<p class=\"has-text-align-center\"><strong><em>\u00bfC\u00f3mo es posible? \u00bfQui\u00e9n los coloc\u00f3 ah\u00ed? \u00bfQui\u00e9n los dise\u00f1\u00f3? \u00bfDe D\u00f3nde salen esos n\u00fameros? \u00bfPara qu\u00e9 sirven? \u00bfEl azar, la casualidad o el caos es capaz de generar esta precisi\u00f3n y ajuste adem\u00e1s de una expresi\u00f3n matem\u00e1tica perfecta en el tiempo y el espacio? \u00bfC\u00f3mo habr\u00eda sido el Universo si uno de esos n\u00fameros fuera apenas un poco diferente a como son?<\/em><\/strong><\/p>\n\n\n\n<p class=\"justificar\">Respondiendo a la \u00faltima pregunta, afirmamos que una variaci\u00f3n de un 1% o menos en cualquiera de esas veinte constantes har\u00eda que el Universo se viera reducido al caos o a la nada y que nunca hubiera existido la vida como la conocemos. A esto se le denomina el ajuste fino. S\u00f3lo <strong><em>un matem\u00e1tico de primer orden<\/em><\/strong> pudo concebir un universo de tal perfecci\u00f3n y exacta planificaci\u00f3n en su origen y a lo largo del tiempo y en el espacio. Y a este respecto, Paul Dirac confirma:<\/p>\n\n\n\n<p class=\"has-text-align-center\"><strong><em>\u201cSi las leyes f\u00edsicas son tales que el inicio de la vida es sumamente improbable, no ser\u00eda razonable suponer que la vida pudo comenzar por azar, y entonces tiene que haber un Dios\u201d<\/em><\/strong><\/p>\n\n\n\n<p class=\"justificar\">Kurt G\u00f6del ha sido considerado el mejor matem\u00e1tico de todos los tiempos y el mayor genio de la l\u00f3gica desde Arist\u00f3teles. Compa\u00f1ero de Einstein en Princeton (USA) pero mucho m\u00e1s joven, es el autor del <strong><em>\u201cteorema de incompletitud\u201d. <\/em><\/strong>Antes de G\u00f6del, todo teorema o axioma matem\u00e1tico que se consideraba como verdadero deb\u00eda ser demostrado matem\u00e1ticamente. A partir de G\u00f6del y su teorema se confirm\u00f3 lo siguiente: <strong><em>\u201cEn matem\u00e1ticas hay cosas que sabemos que son ciertas, pero que nunca podremos probar\u201d. <\/em><\/strong>G\u00f6del afirmaba que ninguna explicaci\u00f3n de la realidad puede ser cerrada y ser\u00e1 siempre incompleta si no invocamos la ayuda de Dios. <em>El azar y el determinismo materialista no tienen cabida en la naturaleza.<\/em><\/p>\n\n\n\n<p class=\"justificar\">G\u00f6del demostr\u00f3 que el pensamiento humano est\u00e1 por encima de cualquier axioma, siendo capaz de una creatividad original que no se puede programar, e incluso pudiendo apreciar verdades que lo son pero que no se pueden probar. Detr\u00e1s de la mente humana se encuentra una Inteligencia Absoluta de la que procede. Y es esa misma mente absoluta la que invita al hombre a acercarse a ella.<\/p>\n\n\n\n<div class=\"wp-block-group content-box-blue\"><div class=\"wp-block-group__inner-container is-layout-constrained wp-block-group-is-layout-constrained\">\n<p class=\"has-text-align-center\"><strong><em>\u201cHay una filosof\u00eda y una teolog\u00eda cient\u00edficas, que tratan de conceptos de la m\u00e1s alta abstracci\u00f3n, y esto es muy provechoso para la ciencia&#8230; Dios existe\u201d<\/em><\/strong> <\/p>\n\n\n\n<p class=\"has-text-align-center\">Kurt G\u00f6del, Matem\u00e1tico en Princeton.<\/p>\n<\/div><\/div>\n\n\n\n<p class=\"justificar\">As\u00ed pues, para G\u00f6del, Dios no s\u00f3lo existe sino que est\u00e1 presente en nosotros y en cada acto de creatividad del que somos capaces. Tambi\u00e9n por ello, al ser creados a imagen y semejanza de Dios, los humanos podemos saber verdades que no se pueden demostrar, llegando a ellas sin necesidad, apelando a sistemas superiores que una m\u00e1quina nunca podr\u00e1 alcanzar al no poder salirse del sistema formal que las configura.<\/p>\n\n\n\n<p class=\"justificar\">G\u00f6del fue tambi\u00e9n el primero en presentar el argumento de la existencia de Dios de San Anselmo usando la l\u00f3gica matem\u00e1tica. Terminemos con una reflexi\u00f3n del propio G\u00f6del en sus conversaciones con Albert Einstein en la Universidad de Princeton hablando sobre Dios y la religi\u00f3n:<\/p>\n\n\n\n<p class=\"has-text-align-center\"><strong><em>\u201cLlego a casa con Einstein casi todos los d\u00edas y hablamos de filosof\u00eda, de pol\u00edtica, etc. Su religi\u00f3n es m\u00e1s abstracta, como la de Spinoza, la m\u00eda es m\u00e1s cercana a la de la Iglesia. El Dios de Spinoza es menos que una persona, mientras que el m\u00edo es mucho m\u00e1s que una persona, porque Dios no puede ser menos que una persona. \u00c9l s\u00ed puede jugar el papel de una persona\u201d.<\/em><\/strong><\/p>\n\n\n\n<p class=\"has-text-align-right\">Un matem\u00e1tico extraordinario por: <a href=\"https:\/\/amorpazycaridad.es\/author\/antonio\"><strong>Antonio Lled\u00f3 Flor<\/strong><\/a><\/p>\n\n\n\n<p class=\"has-text-align-right\">2026 \u00a9 Amor, Paz y Caridad<\/p>\n","protected":false},"excerpt":{"rendered":"<p>\u201cDios es un matem\u00e1tico de primer orden, y utiliz\u00f3 matem\u00e1ticas muy avanzadas para construir el Universo\u201d Paul Dirac, Nobel de F\u00edsica 1933 Las matem\u00e1ticas son sin duda la ciencia exacta por excelencia, pues no s\u00f3lo est\u00e1n impl\u00edcitas en la realidad que percibimos y en las leyes que gobiernan los procesos de funcionamiento del macrocosmos y [&hellip;]<\/p>\n","protected":false},"author":490,"featured_media":20994,"comment_status":"open","ping_status":"open","sticky":false,"template":"","format":"standard","meta":{"tdm_status":"","tdm_grid_status":"","footnotes":""},"categories":[7120],"tags":[7705,7706,7702,7703,7707,6973,7704],"ppma_author":[4601],"class_list":{"0":"post-20918","1":"post","2":"type-post","3":"status-publish","4":"format-standard","5":"has-post-thumbnail","7":"category-desvelando-el-enigma","8":"tag-abstraccion-y-logica-confirman-a-dios","9":"tag-ajuste-fino-del-universo","10":"tag-azar-imposible","11":"tag-matematicas-de-dios","12":"tag-numeros-de-origen-desconocido","13":"tag-universo-comprensible","14":"tag-valores-numericos-inmutables"},"yoast_head":"<!-- This site is optimized with the Yoast SEO plugin v27.7 - https:\/\/yoast.com\/product\/yoast-seo-wordpress\/ -->\n<title>UN MATEM\u00c1TICO EXTRAORDINARIO | AMOR, PAZ Y CARIDAD |<\/title>\n<meta name=\"description\" content=\"Un matem\u00e1tico extraordinario. El art\u00edculo analiza la relaci\u00f3n entre matem\u00e1ticas, l\u00f3gica y Dios, destacando los teoremas de G\u00f6del para se\u00f1alar\" \/>\n<meta name=\"robots\" content=\"index, follow, max-snippet:-1, max-image-preview:large, max-video-preview:-1\" \/>\n<link rel=\"canonical\" href=\"https:\/\/amorpazycaridad.es\/un-matematico-extraordinario\/\" \/>\n<meta property=\"og:locale\" content=\"es_ES\" \/>\n<meta property=\"og:type\" content=\"article\" \/>\n<meta property=\"og:title\" content=\"UN MATEM\u00c1TICO EXTRAORDINARIO\" \/>\n<meta property=\"og:description\" content=\"Explora la relaci\u00f3n entre matem\u00e1ticas, l\u00f3gica y Dios, destacando los teoremas de G\u00f6del para demostrar que la mente humana supera a la inteligencia artificial.\" \/>\n<meta property=\"og:url\" content=\"https:\/\/amorpazycaridad.es\/un-matematico-extraordinario\/\" \/>\n<meta property=\"og:site_name\" content=\"Amor, paz caridad\" \/>\n<meta property=\"article:publisher\" content=\"http:\/\/www.facebook.com\/pages\/Amor-paz-y-caridad\/1594978604096866\" \/>\n<meta property=\"article:published_time\" content=\"2026-02-10T15:34:17+00:00\" \/>\n<meta property=\"article:modified_time\" content=\"2026-02-10T22:06:50+00:00\" \/>\n<meta property=\"og:image\" content=\"https:\/\/amorpazycaridad.es\/wp-content\/uploads\/2026\/02\/Matematico-extra.jpg\" \/>\n\t<meta property=\"og:image:width\" content=\"1024\" \/>\n\t<meta property=\"og:image:height\" content=\"640\" \/>\n\t<meta property=\"og:image:type\" content=\"image\/jpeg\" \/>\n<meta name=\"author\" content=\"Antonio admin\" \/>\n<meta name=\"twitter:card\" content=\"summary_large_image\" \/>\n<meta name=\"twitter:creator\" content=\"@amorpazycaridad\" \/>\n<meta name=\"twitter:site\" content=\"@amorpazycaridad\" \/>\n<meta name=\"twitter:label1\" content=\"Escrito por\" \/>\n\t<meta name=\"twitter:data1\" content=\"Antonio Lledo\" \/>\n\t<meta name=\"twitter:label2\" content=\"Tiempo de lectura\" \/>\n\t<meta name=\"twitter:data2\" content=\"5 minutos\" \/>\n<script type=\"application\/ld+json\" class=\"yoast-schema-graph\">{\"@context\":\"https:\\\/\\\/schema.org\",\"@graph\":[{\"@type\":\"Article\",\"@id\":\"https:\\\/\\\/amorpazycaridad.es\\\/un-matematico-extraordinario\\\/#article\",\"isPartOf\":{\"@id\":\"https:\\\/\\\/amorpazycaridad.es\\\/un-matematico-extraordinario\\\/\"},\"author\":{\"name\":\"Antonio Lledo\",\"@id\":\"https:\\\/\\\/amorpazy-cp515.wordpresstemporal.com\\\/amorpazycaridad.es\\\/#\\\/schema\\\/person\\\/9bb91446fe35912789a5f9ddc809a489\"},\"headline\":\"UN MATEM\u00c1TICO EXTRAORDINARIO\",\"datePublished\":\"2026-02-10T15:34:17+00:00\",\"dateModified\":\"2026-02-10T22:06:50+00:00\",\"mainEntityOfPage\":{\"@id\":\"https:\\\/\\\/amorpazycaridad.es\\\/un-matematico-extraordinario\\\/\"},\"wordCount\":1092,\"commentCount\":0,\"publisher\":{\"@id\":\"https:\\\/\\\/amorpazy-cp515.wordpresstemporal.com\\\/amorpazycaridad.es\\\/#organization\"},\"image\":{\"@id\":\"https:\\\/\\\/amorpazycaridad.es\\\/un-matematico-extraordinario\\\/#primaryimage\"},\"thumbnailUrl\":\"https:\\\/\\\/amorpazy-cp515.wordpresstemporal.com\\\/amorpazycaridad.es\\\/wp-content\\\/uploads\\\/2026\\\/02\\\/Matematico-extra.jpg\",\"keywords\":[\"abstracci\u00f3n y l\u00f3gica confirman a Dios\",\"ajuste fino del universo\",\"azar imposible\",\"matem\u00e1ticas de Dios\",\"numeros de origen desconocido\",\"universo comprensible\",\"valores num\u00e9ricos inmutables\"],\"articleSection\":[\"Desvelando el enigma\"],\"inLanguage\":\"es\",\"potentialAction\":[{\"@type\":\"CommentAction\",\"name\":\"Comment\",\"target\":[\"https:\\\/\\\/amorpazycaridad.es\\\/un-matematico-extraordinario\\\/#respond\"]}]},{\"@type\":\"WebPage\",\"@id\":\"https:\\\/\\\/amorpazycaridad.es\\\/un-matematico-extraordinario\\\/\",\"url\":\"https:\\\/\\\/amorpazycaridad.es\\\/un-matematico-extraordinario\\\/\",\"name\":\"UN MATEM\u00c1TICO EXTRAORDINARIO | AMOR, PAZ Y CARIDAD |\",\"isPartOf\":{\"@id\":\"https:\\\/\\\/amorpazy-cp515.wordpresstemporal.com\\\/amorpazycaridad.es\\\/#website\"},\"primaryImageOfPage\":{\"@id\":\"https:\\\/\\\/amorpazycaridad.es\\\/un-matematico-extraordinario\\\/#primaryimage\"},\"image\":{\"@id\":\"https:\\\/\\\/amorpazycaridad.es\\\/un-matematico-extraordinario\\\/#primaryimage\"},\"thumbnailUrl\":\"https:\\\/\\\/amorpazy-cp515.wordpresstemporal.com\\\/amorpazycaridad.es\\\/wp-content\\\/uploads\\\/2026\\\/02\\\/Matematico-extra.jpg\",\"datePublished\":\"2026-02-10T15:34:17+00:00\",\"dateModified\":\"2026-02-10T22:06:50+00:00\",\"description\":\"Un matem\u00e1tico extraordinario. El art\u00edculo analiza la relaci\u00f3n entre matem\u00e1ticas, l\u00f3gica y Dios, destacando los teoremas de G\u00f6del para se\u00f1alar\",\"breadcrumb\":{\"@id\":\"https:\\\/\\\/amorpazycaridad.es\\\/un-matematico-extraordinario\\\/#breadcrumb\"},\"inLanguage\":\"es\",\"potentialAction\":[{\"@type\":\"ReadAction\",\"target\":[\"https:\\\/\\\/amorpazycaridad.es\\\/un-matematico-extraordinario\\\/\"]}]},{\"@type\":\"ImageObject\",\"inLanguage\":\"es\",\"@id\":\"https:\\\/\\\/amorpazycaridad.es\\\/un-matematico-extraordinario\\\/#primaryimage\",\"url\":\"https:\\\/\\\/amorpazy-cp515.wordpresstemporal.com\\\/amorpazycaridad.es\\\/wp-content\\\/uploads\\\/2026\\\/02\\\/Matematico-extra.jpg\",\"contentUrl\":\"https:\\\/\\\/amorpazy-cp515.wordpresstemporal.com\\\/amorpazycaridad.es\\\/wp-content\\\/uploads\\\/2026\\\/02\\\/Matematico-extra.jpg\",\"width\":1024,\"height\":640,\"caption\":\"Un matem\u00e1tico extraordinario\"},{\"@type\":\"BreadcrumbList\",\"@id\":\"https:\\\/\\\/amorpazycaridad.es\\\/un-matematico-extraordinario\\\/#breadcrumb\",\"itemListElement\":[{\"@type\":\"ListItem\",\"position\":1,\"name\":\"Portada\",\"item\":\"https:\\\/\\\/amorpazy-cp515.wordpresstemporal.com\\\/amorpazycaridad.es\\\/\"},{\"@type\":\"ListItem\",\"position\":2,\"name\":\"UN MATEM\u00c1TICO EXTRAORDINARIO\"}]},{\"@type\":\"WebSite\",\"@id\":\"https:\\\/\\\/amorpazy-cp515.wordpresstemporal.com\\\/amorpazycaridad.es\\\/#website\",\"url\":\"https:\\\/\\\/amorpazy-cp515.wordpresstemporal.com\\\/amorpazycaridad.es\\\/\",\"name\":\"Amor, paz caridad\",\"description\":\"Conocimiento espiritual, espiritismo, espiritualismo, leyes universales, m\u00e1s all\u00e1, vida despu\u00e9s de la vida,\",\"publisher\":{\"@id\":\"https:\\\/\\\/amorpazy-cp515.wordpresstemporal.com\\\/amorpazycaridad.es\\\/#organization\"},\"potentialAction\":[{\"@type\":\"SearchAction\",\"target\":{\"@type\":\"EntryPoint\",\"urlTemplate\":\"https:\\\/\\\/amorpazy-cp515.wordpresstemporal.com\\\/amorpazycaridad.es\\\/?s={search_term_string}\"},\"query-input\":{\"@type\":\"PropertyValueSpecification\",\"valueRequired\":true,\"valueName\":\"search_term_string\"}}],\"inLanguage\":\"es\"},{\"@type\":\"Organization\",\"@id\":\"https:\\\/\\\/amorpazy-cp515.wordpresstemporal.com\\\/amorpazycaridad.es\\\/#organization\",\"name\":\"Asociaci\u00f3n de Estudios Espirituales Grupo Villena\",\"url\":\"https:\\\/\\\/amorpazy-cp515.wordpresstemporal.com\\\/amorpazycaridad.es\\\/\",\"logo\":{\"@type\":\"ImageObject\",\"inLanguage\":\"es\",\"@id\":\"https:\\\/\\\/amorpazy-cp515.wordpresstemporal.com\\\/amorpazycaridad.es\\\/#\\\/schema\\\/logo\\\/image\\\/\",\"url\":\"https:\\\/\\\/amorpazycaridad.es\\\/wp-content\\\/uploads\\\/2015\\\/01\\\/logo-fav-e1420247830294.jpg\",\"contentUrl\":\"https:\\\/\\\/amorpazycaridad.es\\\/wp-content\\\/uploads\\\/2015\\\/01\\\/logo-fav-e1420247830294.jpg\",\"width\":144,\"height\":144,\"caption\":\"Asociaci\u00f3n de Estudios Espirituales Grupo Villena\"},\"image\":{\"@id\":\"https:\\\/\\\/amorpazy-cp515.wordpresstemporal.com\\\/amorpazycaridad.es\\\/#\\\/schema\\\/logo\\\/image\\\/\"},\"sameAs\":[\"http:\\\/\\\/www.facebook.com\\\/pages\\\/Amor-paz-y-caridad\\\/1594978604096866\",\"https:\\\/\\\/x.com\\\/amorpazycaridad\",\"https:\\\/\\\/es.pinterest.com\\\/amorpazycaridad\\\/\",\"https:\\\/\\\/www.youtube.com\\\/channel\\\/UC1GvDIDCLoL02SzOD7NJdrA\"]},{\"@type\":\"Person\",\"@id\":\"https:\\\/\\\/amorpazy-cp515.wordpresstemporal.com\\\/amorpazycaridad.es\\\/#\\\/schema\\\/person\\\/9bb91446fe35912789a5f9ddc809a489\",\"name\":\"Antonio Lledo\",\"image\":{\"@type\":\"ImageObject\",\"inLanguage\":\"es\",\"@id\":\"https:\\\/\\\/secure.gravatar.com\\\/avatar\\\/f35d605add8b8ad5dba8f313c64321ce2a64c9ed845304541bc11a8d237b4e25?s=96&d=mm&r=gc194a3c801272edfeb6b62cc613a179f\",\"url\":\"https:\\\/\\\/secure.gravatar.com\\\/avatar\\\/f35d605add8b8ad5dba8f313c64321ce2a64c9ed845304541bc11a8d237b4e25?s=96&d=mm&r=g\",\"contentUrl\":\"https:\\\/\\\/secure.gravatar.com\\\/avatar\\\/f35d605add8b8ad5dba8f313c64321ce2a64c9ed845304541bc11a8d237b4e25?s=96&d=mm&r=g\",\"caption\":\"Antonio Lledo\"},\"url\":\"https:\\\/\\\/amorpazy-cp515.wordpresstemporal.com\\\/amorpazycaridad.es\\\/author\\\/antonio-admin\\\/\"}]}<\/script>\n<!-- \/ Yoast SEO plugin. -->","yoast_head_json":{"title":"UN MATEM\u00c1TICO EXTRAORDINARIO | AMOR, PAZ Y CARIDAD |","description":"Un matem\u00e1tico extraordinario. El art\u00edculo analiza la relaci\u00f3n entre matem\u00e1ticas, l\u00f3gica y Dios, destacando los teoremas de G\u00f6del para se\u00f1alar","robots":{"index":"index","follow":"follow","max-snippet":"max-snippet:-1","max-image-preview":"max-image-preview:large","max-video-preview":"max-video-preview:-1"},"canonical":"https:\/\/amorpazycaridad.es\/un-matematico-extraordinario\/","og_locale":"es_ES","og_type":"article","og_title":"UN MATEM\u00c1TICO EXTRAORDINARIO","og_description":"Explora la relaci\u00f3n entre matem\u00e1ticas, l\u00f3gica y Dios, destacando los teoremas de G\u00f6del para demostrar que la mente humana supera a la inteligencia artificial.","og_url":"https:\/\/amorpazycaridad.es\/un-matematico-extraordinario\/","og_site_name":"Amor, paz caridad","article_publisher":"http:\/\/www.facebook.com\/pages\/Amor-paz-y-caridad\/1594978604096866","article_published_time":"2026-02-10T15:34:17+00:00","article_modified_time":"2026-02-10T22:06:50+00:00","og_image":[{"width":1024,"height":640,"url":"https:\/\/amorpazycaridad.es\/wp-content\/uploads\/2026\/02\/Matematico-extra.jpg","type":"image\/jpeg"}],"author":"Antonio admin","twitter_card":"summary_large_image","twitter_creator":"@amorpazycaridad","twitter_site":"@amorpazycaridad","twitter_misc":{"Escrito por":"Antonio Lledo","Tiempo de lectura":"5 minutos"},"schema":{"@context":"https:\/\/schema.org","@graph":[{"@type":"Article","@id":"https:\/\/amorpazycaridad.es\/un-matematico-extraordinario\/#article","isPartOf":{"@id":"https:\/\/amorpazycaridad.es\/un-matematico-extraordinario\/"},"author":{"name":"Antonio Lledo","@id":"https:\/\/amorpazy-cp515.wordpresstemporal.com\/amorpazycaridad.es\/#\/schema\/person\/9bb91446fe35912789a5f9ddc809a489"},"headline":"UN MATEM\u00c1TICO EXTRAORDINARIO","datePublished":"2026-02-10T15:34:17+00:00","dateModified":"2026-02-10T22:06:50+00:00","mainEntityOfPage":{"@id":"https:\/\/amorpazycaridad.es\/un-matematico-extraordinario\/"},"wordCount":1092,"commentCount":0,"publisher":{"@id":"https:\/\/amorpazy-cp515.wordpresstemporal.com\/amorpazycaridad.es\/#organization"},"image":{"@id":"https:\/\/amorpazycaridad.es\/un-matematico-extraordinario\/#primaryimage"},"thumbnailUrl":"https:\/\/amorpazy-cp515.wordpresstemporal.com\/amorpazycaridad.es\/wp-content\/uploads\/2026\/02\/Matematico-extra.jpg","keywords":["abstracci\u00f3n y l\u00f3gica confirman a Dios","ajuste fino del universo","azar imposible","matem\u00e1ticas de Dios","numeros de origen desconocido","universo comprensible","valores num\u00e9ricos inmutables"],"articleSection":["Desvelando el enigma"],"inLanguage":"es","potentialAction":[{"@type":"CommentAction","name":"Comment","target":["https:\/\/amorpazycaridad.es\/un-matematico-extraordinario\/#respond"]}]},{"@type":"WebPage","@id":"https:\/\/amorpazycaridad.es\/un-matematico-extraordinario\/","url":"https:\/\/amorpazycaridad.es\/un-matematico-extraordinario\/","name":"UN MATEM\u00c1TICO EXTRAORDINARIO | AMOR, PAZ Y CARIDAD |","isPartOf":{"@id":"https:\/\/amorpazy-cp515.wordpresstemporal.com\/amorpazycaridad.es\/#website"},"primaryImageOfPage":{"@id":"https:\/\/amorpazycaridad.es\/un-matematico-extraordinario\/#primaryimage"},"image":{"@id":"https:\/\/amorpazycaridad.es\/un-matematico-extraordinario\/#primaryimage"},"thumbnailUrl":"https:\/\/amorpazy-cp515.wordpresstemporal.com\/amorpazycaridad.es\/wp-content\/uploads\/2026\/02\/Matematico-extra.jpg","datePublished":"2026-02-10T15:34:17+00:00","dateModified":"2026-02-10T22:06:50+00:00","description":"Un matem\u00e1tico extraordinario. El art\u00edculo analiza la relaci\u00f3n entre matem\u00e1ticas, l\u00f3gica y Dios, destacando los teoremas de G\u00f6del para se\u00f1alar","breadcrumb":{"@id":"https:\/\/amorpazycaridad.es\/un-matematico-extraordinario\/#breadcrumb"},"inLanguage":"es","potentialAction":[{"@type":"ReadAction","target":["https:\/\/amorpazycaridad.es\/un-matematico-extraordinario\/"]}]},{"@type":"ImageObject","inLanguage":"es","@id":"https:\/\/amorpazycaridad.es\/un-matematico-extraordinario\/#primaryimage","url":"https:\/\/amorpazy-cp515.wordpresstemporal.com\/amorpazycaridad.es\/wp-content\/uploads\/2026\/02\/Matematico-extra.jpg","contentUrl":"https:\/\/amorpazy-cp515.wordpresstemporal.com\/amorpazycaridad.es\/wp-content\/uploads\/2026\/02\/Matematico-extra.jpg","width":1024,"height":640,"caption":"Un matem\u00e1tico extraordinario"},{"@type":"BreadcrumbList","@id":"https:\/\/amorpazycaridad.es\/un-matematico-extraordinario\/#breadcrumb","itemListElement":[{"@type":"ListItem","position":1,"name":"Portada","item":"https:\/\/amorpazy-cp515.wordpresstemporal.com\/amorpazycaridad.es\/"},{"@type":"ListItem","position":2,"name":"UN MATEM\u00c1TICO EXTRAORDINARIO"}]},{"@type":"WebSite","@id":"https:\/\/amorpazy-cp515.wordpresstemporal.com\/amorpazycaridad.es\/#website","url":"https:\/\/amorpazy-cp515.wordpresstemporal.com\/amorpazycaridad.es\/","name":"Amor, paz caridad","description":"Conocimiento espiritual, espiritismo, espiritualismo, leyes universales, m\u00e1s all\u00e1, vida despu\u00e9s de la vida,","publisher":{"@id":"https:\/\/amorpazy-cp515.wordpresstemporal.com\/amorpazycaridad.es\/#organization"},"potentialAction":[{"@type":"SearchAction","target":{"@type":"EntryPoint","urlTemplate":"https:\/\/amorpazy-cp515.wordpresstemporal.com\/amorpazycaridad.es\/?s={search_term_string}"},"query-input":{"@type":"PropertyValueSpecification","valueRequired":true,"valueName":"search_term_string"}}],"inLanguage":"es"},{"@type":"Organization","@id":"https:\/\/amorpazy-cp515.wordpresstemporal.com\/amorpazycaridad.es\/#organization","name":"Asociaci\u00f3n de Estudios Espirituales Grupo Villena","url":"https:\/\/amorpazy-cp515.wordpresstemporal.com\/amorpazycaridad.es\/","logo":{"@type":"ImageObject","inLanguage":"es","@id":"https:\/\/amorpazy-cp515.wordpresstemporal.com\/amorpazycaridad.es\/#\/schema\/logo\/image\/","url":"https:\/\/amorpazycaridad.es\/wp-content\/uploads\/2015\/01\/logo-fav-e1420247830294.jpg","contentUrl":"https:\/\/amorpazycaridad.es\/wp-content\/uploads\/2015\/01\/logo-fav-e1420247830294.jpg","width":144,"height":144,"caption":"Asociaci\u00f3n de Estudios Espirituales Grupo Villena"},"image":{"@id":"https:\/\/amorpazy-cp515.wordpresstemporal.com\/amorpazycaridad.es\/#\/schema\/logo\/image\/"},"sameAs":["http:\/\/www.facebook.com\/pages\/Amor-paz-y-caridad\/1594978604096866","https:\/\/x.com\/amorpazycaridad","https:\/\/es.pinterest.com\/amorpazycaridad\/","https:\/\/www.youtube.com\/channel\/UC1GvDIDCLoL02SzOD7NJdrA"]},{"@type":"Person","@id":"https:\/\/amorpazy-cp515.wordpresstemporal.com\/amorpazycaridad.es\/#\/schema\/person\/9bb91446fe35912789a5f9ddc809a489","name":"Antonio Lledo","image":{"@type":"ImageObject","inLanguage":"es","@id":"https:\/\/secure.gravatar.com\/avatar\/f35d605add8b8ad5dba8f313c64321ce2a64c9ed845304541bc11a8d237b4e25?s=96&d=mm&r=gc194a3c801272edfeb6b62cc613a179f","url":"https:\/\/secure.gravatar.com\/avatar\/f35d605add8b8ad5dba8f313c64321ce2a64c9ed845304541bc11a8d237b4e25?s=96&d=mm&r=g","contentUrl":"https:\/\/secure.gravatar.com\/avatar\/f35d605add8b8ad5dba8f313c64321ce2a64c9ed845304541bc11a8d237b4e25?s=96&d=mm&r=g","caption":"Antonio Lledo"},"url":"https:\/\/amorpazy-cp515.wordpresstemporal.com\/amorpazycaridad.es\/author\/antonio-admin\/"}]}},"authors":[{"term_id":4601,"user_id":0,"is_guest":1,"slug":"cap-antonio-admin","display_name":"Antonio admin","avatar_url":"https:\/\/secure.gravatar.com\/avatar\/?s=96&d=mm&r=g","0":null,"1":"","2":"","3":"","4":"","5":"","6":"","7":"","8":""}],"_links":{"self":[{"href":"https:\/\/amorpazy-cp515.wordpresstemporal.com\/amorpazycaridad.es\/wp-json\/wp\/v2\/posts\/20918","targetHints":{"allow":["GET"]}}],"collection":[{"href":"https:\/\/amorpazy-cp515.wordpresstemporal.com\/amorpazycaridad.es\/wp-json\/wp\/v2\/posts"}],"about":[{"href":"https:\/\/amorpazy-cp515.wordpresstemporal.com\/amorpazycaridad.es\/wp-json\/wp\/v2\/types\/post"}],"author":[{"embeddable":true,"href":"https:\/\/amorpazy-cp515.wordpresstemporal.com\/amorpazycaridad.es\/wp-json\/wp\/v2\/users\/490"}],"replies":[{"embeddable":true,"href":"https:\/\/amorpazy-cp515.wordpresstemporal.com\/amorpazycaridad.es\/wp-json\/wp\/v2\/comments?post=20918"}],"version-history":[{"count":14,"href":"https:\/\/amorpazy-cp515.wordpresstemporal.com\/amorpazycaridad.es\/wp-json\/wp\/v2\/posts\/20918\/revisions"}],"predecessor-version":[{"id":20996,"href":"https:\/\/amorpazy-cp515.wordpresstemporal.com\/amorpazycaridad.es\/wp-json\/wp\/v2\/posts\/20918\/revisions\/20996"}],"wp:featuredmedia":[{"embeddable":true,"href":"https:\/\/amorpazy-cp515.wordpresstemporal.com\/amorpazycaridad.es\/wp-json\/wp\/v2\/media\/20994"}],"wp:attachment":[{"href":"https:\/\/amorpazy-cp515.wordpresstemporal.com\/amorpazycaridad.es\/wp-json\/wp\/v2\/media?parent=20918"}],"wp:term":[{"taxonomy":"category","embeddable":true,"href":"https:\/\/amorpazy-cp515.wordpresstemporal.com\/amorpazycaridad.es\/wp-json\/wp\/v2\/categories?post=20918"},{"taxonomy":"post_tag","embeddable":true,"href":"https:\/\/amorpazy-cp515.wordpresstemporal.com\/amorpazycaridad.es\/wp-json\/wp\/v2\/tags?post=20918"},{"taxonomy":"author","embeddable":true,"href":"https:\/\/amorpazy-cp515.wordpresstemporal.com\/amorpazycaridad.es\/wp-json\/wp\/v2\/ppma_author?post=20918"}],"curies":[{"name":"wp","href":"https:\/\/api.w.org\/{rel}","templated":true}]}}