{"id":2088,"date":"2015-01-11T22:41:05","date_gmt":"2015-01-11T22:41:05","guid":{"rendered":"http:\/\/www.amorpazycaridad.es\/?p=2088"},"modified":"2015-01-12T06:55:38","modified_gmt":"2015-01-12T06:55:38","slug":"el-caso-de-drausio-maria-aparecida","status":"publish","type":"post","link":"https:\/\/amorpazy-cp515.wordpresstemporal.com\/amorpazycaridad.es\/el-caso-de-drausio-maria-aparecida\/","title":{"rendered":"EL CASO DE DRAUSIO-MARIA APARECIDA"},"content":{"rendered":"<p style=\"text-align: justify;\"><a href=\"http:\/\/www.amorpazycaridad.es\/el-caso-drausio-maria-aparecida\">(viene del n\u00famero anterior)<\/a><\/p>\n<p style=\"text-align: justify;\">Los miembros de la familia Miotto, no siendo esp\u00edritas, no pod\u00edan entender muy bien aquel aviso, pero se sintieron confortados. En Uberaba, vieron un libro de autor\u00eda de D\u00aa Zilda Guinchetti Rosin: P\u00e9rdida de Seres Queridos. Lo adquirieron. El libro fue un b\u00e1lsamo para ellos. Por eso, resolvieron entrar en contacto con aquella escritora. Le enviaron una carta, relat\u00e1ndole lo que pasaba y solicitaron a D\u00aa Zilda que los visitase cuando fuera a Uberaba. Aramina se encuentra situada en el trayecto entre Sao Paulo y Uberaba.<\/p>\n<h4 style=\"text-align: justify;\">EL SUE\u00d1O DE LEDA Y EL PRIMER ENCUENTRO CON D\u00aa ZILDA.<\/h4>\n<p style=\"text-align: justify;\">En respuesta a la carta enviada por el Sr. Luis y Da Teresa. D\u00aa Zilda les prometi\u00f3 que, en su pr\u00f3ximo viaje a Uberaba, har\u00eda una escala en Aramina, pero no dio fecha para esta visita.<\/p>\n<p style=\"text-align: justify;\">Algunos d\u00edas antes de que D\u00aa Zilda pasara por Aramina, y sin que \u00e9sta hubiera avisado sobre su intenci\u00f3n de ir a visitar a Chico Xavier, la hermana del Sr. Luis, la Srta. Leda Miotto, que todav\u00eda no conoc\u00eda personalmente a D\u00aa Zilda, tuvo un sue\u00f1o con esta se\u00f1ora. En entrevista con nosotros, nos cont\u00f3 lo siguiente:<\/p>\n<p style=\"text-align: justify; padding-left: 30px;\"><span style=\"color: #000000;\">So\u00f1\u00e9 que sal\u00ed a la puerta de la casa y desde all\u00ed avist\u00e9 un coche blanco, marca Opala. Dos j\u00f3venes hab\u00edan venido en el coche. Uno de ellos estaba todav\u00eda en el asiento de delante; el otro se hallaba en pie, en el lado de fuera, junto a la puerta abierta. Entonces pregunt\u00e9 qui\u00e9nes eran. Respondieron: \u00abVenimos a traer a nuestra madre\u00bb. En el sue\u00f1o yo o\u00eda la voz de una persona, que deb\u00eda ser D\u00aa Zilda, en la casa de al lado, donde viv\u00eda mi hermano Luis. El sue\u00f1o se interrumpi\u00f3 en este punto.<\/span><\/p>\n<p style=\"text-align: justify;\">De hecho, el d\u00eda 15 de diciembre de 1969. D\u00aa Zilda llegaba a Aramina, para visitar por primera vez a la familia Miotto.<\/p>\n<p style=\"text-align: justify;\">Leda nos cont\u00f3 c\u00f3mo fue este primer encuentro:<\/p>\n<p style=\"text-align: justify; padding-left: 30px;\"><span style=\"color: #000000;\">Ocho d\u00edas despu\u00e9s de mi sue\u00f1o. D\u00aa Zilda lleg\u00f3. Yo estaba en la galer\u00eda de mi casa cuando o\u00ed la voz de una persona que estaba entrando en la residencia de mi hermano. Era id\u00e9ntica a la que oyera en mi sue\u00f1o; entonces exclam\u00e9: \u201c\u00a1D\u00aa Zilda est\u00e1 ah\u00ed!\u00bb \u00a1Sal\u00ed al portal y vi un Opala blanco aparcado enfrente de la casa de Luis!<\/span><\/p>\n<p style=\"text-align: justify;\">Los dos j\u00f3venes que Leda vio en su sue\u00f1o y que dijeron estar trayendo a su madre, posiblemente ser\u00edan los hijos de D\u00aa Zilda. Pero en el episodio real ellos no estaban en el Opala blanco en el que la escritora viaj\u00f3, pues ya hab\u00edan fallecido. Sus nombres son: Drausio y Di\u00f3genes.<\/p>\n<p style=\"text-align: justify;\">La tr\u00e1gica muerte de estos dos j\u00f3venes, hijos de D\u00aa Zilda, ocurri\u00f3 el 5 de julio de 1966, en un martes. Un accidente automovil\u00edstico seg\u00f3 de una sola vez estas dos preciosas vidas. Desde entonces. D\u00aa Zilda pas\u00f3 a dedicarse a aquellos que perdieran sus seres queridos, buscando consolar y dar \u00e1nimo a las personas que se encuentren desesperadas por verse privados para siempre de sus hijos, padres y otros parientes muy queridos. Reaccionando positivamente al violento impacto recibido, D\u00aa Zilda super\u00f3 su inmenso dolor y se convirti\u00f3 en el \u00e1ngel consolador que realmente es, publicando libros y art\u00edculos confortadores, adem\u00e1s de proporcionar asistencia directa a innumerables personas en crisis de sufrimiento y angustia, debido a los golpes del destino, semejantes a los que ella misma soport\u00f3 en aquel martes, d\u00eda 8 de julio de 1966.<\/p>\n<p style=\"text-align: justify;\">Adem\u00e1s de las excelsas virtudes de esta excepcional misionera, D\u00aa Zilda es una notable m\u00e9dium, teniendo la facultad de desdoblarse astralmente. Durante sus experiencias fuera del cuerpo, ella ha entrado en contacto con personas desencarnadas, inclusive con sus propios parientes fallecidos y, naturalmente, con sus dos hijos, Di\u00f3genes y Drausio.<br \/>\nEste peque\u00f1o discurso acerca de D\u00aa Zilda G. Rosin se justifica para que llegue a ser comprensible el episodio de su primer encuentro con la familia Miotto.<\/p>\n<p style=\"text-align: justify;\">Vamos a relatarlo, transcribiendo las propias palabras de D\u00aa Zilda encontradas en su obra, Ellos Viven:<\/p>\n<p style=\"text-align: justify; padding-left: 30px;\"><span style=\"color: #000000;\">El d\u00eda 15 de diciembre de 1969 fue hasta ellos. Era la primera vez que nos ve\u00edamos.<\/span><\/p>\n<p style=\"text-align: justify; padding-left: 30px;\"><span style=\"color: #000000;\">En cuanto entr\u00e9, llorando me pidieron que rezara por Mar\u00eda Aparecida y por ellos.<\/span><\/p>\n<p style=\"text-align: justify; padding-left: 30px;\"><span style=\"color: #000000;\">Nos pusimos a orar.<\/span><\/p>\n<p style=\"text-align: justify; padding-left: 30px;\"><span style=\"color: #000000;\">Repentinamente fui envuelta por el Esp\u00edritu de mi hijo Drausio.<\/span><\/p>\n<p style=\"text-align: justify; padding-left: 30px;\"><span style=\"color: #000000;\">\u00c9l dijo: \u00abTranquilizaos. La alegr\u00eda va a volver a este hogar\u201d.<\/span><\/p>\n<p style=\"text-align: justify; padding-left: 30px;\"><span style=\"color: #000000;\">Las mismas palabras de Chico Xavier.<\/span><\/p>\n<p style=\"text-align: justify; padding-left: 30px;\"><span style=\"color: #000000;\">Yo no sab\u00eda que hab\u00edan ido a hablar con Chico.<\/span><\/p>\n<p style=\"text-align: justify; padding-left: 30px;\"><span style=\"color: #000000;\">Despu\u00e9s Drausio continu\u00f3 hablando a trav\u00e9s m\u00edo: \u00abLa ni\u00f1a reencarnar\u00e1. Volver\u00e1 con otra ropa, en una nueva misi\u00f3n\u00bb.<\/span><\/p>\n<p style=\"text-align: justify; padding-left: 30px;\"><span style=\"color: #000000;\">Los padres no se lo cre\u00edan. Primeramente porque no eran esp\u00edritas y despu\u00e9s porque la madre ya no pod\u00eda concebir hijos. Seg\u00fan los m\u00e9dicos, si hiciese un tratamiento intensivo, tal vez todav\u00eda pudiese tener hijos.<\/span><\/p>\n<p style=\"text-align: justify; padding-left: 30px;\"><span style=\"color: #000000;\">Ocurre que la situaci\u00f3n financiera en que se encontraban no permit\u00eda a Teresa el tratamiento.<\/span><\/p>\n<p style=\"text-align: justify; padding-left: 30px;\"><span style=\"color: #000000;\">Asi, luego que sal\u00ed, muy incr\u00e9dulos ante la verdad dicha por Drausio, dijeron: \u00abVamos a dejarlo todo en las manos de Dios\u00bb.<\/span><\/p>\n<p style=\"text-align: justify; padding-left: 30px;\"><span style=\"color: #000000;\">Y, a pesar de su incredulidad, Teresa qued\u00f3 embarazada un mes despu\u00e9s de las palabras de Drausio.<\/span><\/p>\n<p style=\"text-align: justify; padding-left: 30px;\"><span style=\"color: #000000;\">El d\u00eda 9 de octubre de 1970, la ni\u00f1a naci\u00f3, tal como dijo Drausio, con \u00abotra ropa\u00bb, esto es, como ni\u00f1o. Naturalmente vino para una nueva tarea.<\/span><\/p>\n<p style=\"text-align: justify; padding-left: 30px;\"><span style=\"color: #000000;\">La alegr\u00eda volvi\u00f3, tambi\u00e9n, al ambiente.<\/span><\/p>\n<p style=\"text-align: justify; padding-left: 30px;\"><span style=\"color: #000000;\">Antes del renacimiento del ni\u00f1o, todos so\u00f1aban con la que hab\u00eda desencarnado.<\/span><\/p>\n<p style=\"text-align: justify; padding-left: 30px;\"><span style=\"color: #000000;\">Despu\u00e9s, nadie m\u00e1s so\u00f1\u00f3.<\/span><\/p>\n<p style=\"text-align: justify; padding-left: 30px;\"><span style=\"color: #000000;\">En homenaje a mi hijo, el ni\u00f1o se llama Drausio. (Opus cit. pp. 147 y 148).<\/span><\/p>\n<p style=\"text-align: justify;\">(continuar\u00e1)<\/p>\n<p style=\"text-align: right;\">Hernani Guimaraes Andrade<\/p>\n<p style=\"text-align: left;\">Extra\u00eddo del libro: \u00abReencarnaci\u00f3n en Brasil\u00bb.<\/p>\n","protected":false},"excerpt":{"rendered":"<p>(viene del n\u00famero anterior) Los miembros de la familia Miotto, no siendo esp\u00edritas, no pod\u00edan entender muy bien aquel aviso, pero se sintieron confortados. En Uberaba, vieron un libro de autor\u00eda de D\u00aa Zilda Guinchetti Rosin: P\u00e9rdida de Seres Queridos. Lo adquirieron. El libro fue un b\u00e1lsamo para ellos. Por eso, resolvieron entrar en contacto [&hellip;]<\/p>\n","protected":false},"author":2,"featured_media":2096,"comment_status":"open","ping_status":"open","sticky":false,"template":"","format":"standard","meta":{"tdm_status":"","tdm_grid_status":"","footnotes":""},"categories":[48],"tags":[446,518,416,516,517],"ppma_author":[519],"class_list":{"0":"post-2088","1":"post","2":"type-post","3":"status-publish","4":"format-standard","5":"has-post-thumbnail","7":"category-reencarnacion","8":"tag-chico-xavier","9":"tag-familia-miotto","10":"tag-hernani-guimaraes","11":"tag-reencarnacion-en-brasil","12":"tag-zilda-guinchetti-rosin"},"yoast_head":"<!-- This site is optimized with the Yoast SEO plugin v27.7 - https:\/\/yoast.com\/product\/yoast-seo-wordpress\/ -->\n<title>EL CASO DE DRAUSIO-MARIA APARECIDA | Amor, paz caridad<\/title>\n<meta name=\"robots\" content=\"index, follow, max-snippet:-1, max-image-preview:large, max-video-preview:-1\" \/>\n<link rel=\"canonical\" href=\"https:\/\/amorpazy-cp515.wordpresstemporal.com\/amorpazycaridad.es\/el-caso-de-drausio-maria-aparecida\/\" \/>\n<meta property=\"og:locale\" content=\"es_ES\" \/>\n<meta property=\"og:type\" content=\"article\" \/>\n<meta property=\"og:title\" content=\"EL CASO DE DRAUSIO-MARIA APARECIDA | Amor, paz caridad\" \/>\n<meta property=\"og:description\" content=\"(viene del n\u00famero anterior) Los miembros de la familia Miotto, no siendo esp\u00edritas, no pod\u00edan entender muy bien aquel aviso, pero se sintieron confortados. En Uberaba, vieron un libro de autor\u00eda de D\u00aa Zilda Guinchetti Rosin: P\u00e9rdida de Seres Queridos. Lo adquirieron. El libro fue un b\u00e1lsamo para ellos. Por eso, resolvieron entrar en contacto [&hellip;]\" \/>\n<meta property=\"og:url\" content=\"https:\/\/amorpazy-cp515.wordpresstemporal.com\/amorpazycaridad.es\/el-caso-de-drausio-maria-aparecida\/\" \/>\n<meta property=\"og:site_name\" content=\"Amor, paz caridad\" \/>\n<meta property=\"article:publisher\" content=\"http:\/\/www.facebook.com\/pages\/Amor-paz-y-caridad\/1594978604096866\" \/>\n<meta property=\"article:published_time\" content=\"2015-01-11T22:41:05+00:00\" \/>\n<meta property=\"article:modified_time\" content=\"2015-01-12T06:55:38+00:00\" \/>\n<meta property=\"og:image\" content=\"https:\/\/amorpazy-cp515.wordpresstemporal.com\/amorpazycaridad.es\/wp-content\/uploads\/2015\/01\/hernani-guimaraes-reencarnacion-en-brasil.jpg\" \/>\n\t<meta property=\"og:image:width\" content=\"788\" \/>\n\t<meta property=\"og:image:height\" content=\"350\" \/>\n\t<meta property=\"og:image:type\" content=\"image\/jpeg\" \/>\n<meta name=\"author\" content=\"hernani-guimaraes-andrade\" \/>\n<meta name=\"twitter:card\" content=\"summary_large_image\" \/>\n<meta name=\"twitter:creator\" content=\"@amorpazycaridad\" \/>\n<meta name=\"twitter:site\" content=\"@amorpazycaridad\" \/>\n<meta name=\"twitter:label1\" content=\"Escrito por\" \/>\n\t<meta name=\"twitter:data1\" content=\"Redacci\u00f3n\" \/>\n\t<meta name=\"twitter:label2\" content=\"Tiempo de lectura\" \/>\n\t<meta name=\"twitter:data2\" content=\"5 minutos\" \/>\n<script type=\"application\/ld+json\" class=\"yoast-schema-graph\">{\"@context\":\"https:\\\/\\\/schema.org\",\"@graph\":[{\"@type\":\"Article\",\"@id\":\"https:\\\/\\\/amorpazy-cp515.wordpresstemporal.com\\\/amorpazycaridad.es\\\/el-caso-de-drausio-maria-aparecida\\\/#article\",\"isPartOf\":{\"@id\":\"https:\\\/\\\/amorpazy-cp515.wordpresstemporal.com\\\/amorpazycaridad.es\\\/el-caso-de-drausio-maria-aparecida\\\/\"},\"author\":{\"name\":\"Redacci\u00f3n\",\"@id\":\"https:\\\/\\\/amorpazycaridad.es\\\/#\\\/schema\\\/person\\\/44cbc218f1b29f65390e7c8a4fd0c28d\"},\"headline\":\"EL CASO DE DRAUSIO-MARIA APARECIDA\",\"datePublished\":\"2015-01-11T22:41:05+00:00\",\"dateModified\":\"2015-01-12T06:55:38+00:00\",\"mainEntityOfPage\":{\"@id\":\"https:\\\/\\\/amorpazy-cp515.wordpresstemporal.com\\\/amorpazycaridad.es\\\/el-caso-de-drausio-maria-aparecida\\\/\"},\"wordCount\":995,\"commentCount\":0,\"publisher\":{\"@id\":\"https:\\\/\\\/amorpazycaridad.es\\\/#organization\"},\"image\":{\"@id\":\"https:\\\/\\\/amorpazy-cp515.wordpresstemporal.com\\\/amorpazycaridad.es\\\/el-caso-de-drausio-maria-aparecida\\\/#primaryimage\"},\"thumbnailUrl\":\"https:\\\/\\\/amorpazy-cp515.wordpresstemporal.com\\\/amorpazycaridad.es\\\/wp-content\\\/uploads\\\/2015\\\/01\\\/hernani-guimaraes-reencarnacion-en-brasil.jpg\",\"keywords\":[\"Chico Xavier\",\"familia Miotto.\",\"HERNANI GUIMARAES\",\"Reencarnacion en Brasil\",\"Zilda Guinchetti Rosin\"],\"articleSection\":[\"Reencarnaci\u00f3n\"],\"inLanguage\":\"es\",\"potentialAction\":[{\"@type\":\"CommentAction\",\"name\":\"Comment\",\"target\":[\"https:\\\/\\\/amorpazy-cp515.wordpresstemporal.com\\\/amorpazycaridad.es\\\/el-caso-de-drausio-maria-aparecida\\\/#respond\"]}]},{\"@type\":\"WebPage\",\"@id\":\"https:\\\/\\\/amorpazy-cp515.wordpresstemporal.com\\\/amorpazycaridad.es\\\/el-caso-de-drausio-maria-aparecida\\\/\",\"url\":\"https:\\\/\\\/amorpazy-cp515.wordpresstemporal.com\\\/amorpazycaridad.es\\\/el-caso-de-drausio-maria-aparecida\\\/\",\"name\":\"EL CASO DE DRAUSIO-MARIA APARECIDA | Amor, paz caridad\",\"isPartOf\":{\"@id\":\"https:\\\/\\\/amorpazycaridad.es\\\/#website\"},\"primaryImageOfPage\":{\"@id\":\"https:\\\/\\\/amorpazy-cp515.wordpresstemporal.com\\\/amorpazycaridad.es\\\/el-caso-de-drausio-maria-aparecida\\\/#primaryimage\"},\"image\":{\"@id\":\"https:\\\/\\\/amorpazy-cp515.wordpresstemporal.com\\\/amorpazycaridad.es\\\/el-caso-de-drausio-maria-aparecida\\\/#primaryimage\"},\"thumbnailUrl\":\"https:\\\/\\\/amorpazy-cp515.wordpresstemporal.com\\\/amorpazycaridad.es\\\/wp-content\\\/uploads\\\/2015\\\/01\\\/hernani-guimaraes-reencarnacion-en-brasil.jpg\",\"datePublished\":\"2015-01-11T22:41:05+00:00\",\"dateModified\":\"2015-01-12T06:55:38+00:00\",\"breadcrumb\":{\"@id\":\"https:\\\/\\\/amorpazy-cp515.wordpresstemporal.com\\\/amorpazycaridad.es\\\/el-caso-de-drausio-maria-aparecida\\\/#breadcrumb\"},\"inLanguage\":\"es\",\"potentialAction\":[{\"@type\":\"ReadAction\",\"target\":[\"https:\\\/\\\/amorpazy-cp515.wordpresstemporal.com\\\/amorpazycaridad.es\\\/el-caso-de-drausio-maria-aparecida\\\/\"]}]},{\"@type\":\"ImageObject\",\"inLanguage\":\"es\",\"@id\":\"https:\\\/\\\/amorpazy-cp515.wordpresstemporal.com\\\/amorpazycaridad.es\\\/el-caso-de-drausio-maria-aparecida\\\/#primaryimage\",\"url\":\"https:\\\/\\\/amorpazy-cp515.wordpresstemporal.com\\\/amorpazycaridad.es\\\/wp-content\\\/uploads\\\/2015\\\/01\\\/hernani-guimaraes-reencarnacion-en-brasil.jpg\",\"contentUrl\":\"https:\\\/\\\/amorpazy-cp515.wordpresstemporal.com\\\/amorpazycaridad.es\\\/wp-content\\\/uploads\\\/2015\\\/01\\\/hernani-guimaraes-reencarnacion-en-brasil.jpg\",\"width\":788,\"height\":350,\"caption\":\"Dr. Ian Stevenson, Dr. Alberto Lyra, o casal Jarbas Marinho e Carmen, y Dr. Hernani Guimar\u00e3es Andrade Foto: Arquivo IBPP\"},{\"@type\":\"BreadcrumbList\",\"@id\":\"https:\\\/\\\/amorpazy-cp515.wordpresstemporal.com\\\/amorpazycaridad.es\\\/el-caso-de-drausio-maria-aparecida\\\/#breadcrumb\",\"itemListElement\":[{\"@type\":\"ListItem\",\"position\":1,\"name\":\"Portada\",\"item\":\"https:\\\/\\\/amorpazy-cp515.wordpresstemporal.com\\\/amorpazycaridad.es\\\/\"},{\"@type\":\"ListItem\",\"position\":2,\"name\":\"EL CASO DE DRAUSIO-MARIA APARECIDA\"}]},{\"@type\":\"WebSite\",\"@id\":\"https:\\\/\\\/amorpazycaridad.es\\\/#website\",\"url\":\"https:\\\/\\\/amorpazycaridad.es\\\/\",\"name\":\"Amor, paz caridad\",\"description\":\"Conocimiento espiritual, espiritismo, espiritualismo, leyes universales, m\u00e1s all\u00e1, vida despu\u00e9s de la vida,\",\"publisher\":{\"@id\":\"https:\\\/\\\/amorpazycaridad.es\\\/#organization\"},\"potentialAction\":[{\"@type\":\"SearchAction\",\"target\":{\"@type\":\"EntryPoint\",\"urlTemplate\":\"https:\\\/\\\/amorpazycaridad.es\\\/?s={search_term_string}\"},\"query-input\":{\"@type\":\"PropertyValueSpecification\",\"valueRequired\":true,\"valueName\":\"search_term_string\"}}],\"inLanguage\":\"es\"},{\"@type\":\"Organization\",\"@id\":\"https:\\\/\\\/amorpazycaridad.es\\\/#organization\",\"name\":\"Asociaci\u00f3n de Estudios Espirituales Grupo Villena\",\"url\":\"https:\\\/\\\/amorpazycaridad.es\\\/\",\"logo\":{\"@type\":\"ImageObject\",\"inLanguage\":\"es\",\"@id\":\"https:\\\/\\\/amorpazycaridad.es\\\/#\\\/schema\\\/logo\\\/image\\\/\",\"url\":\"https:\\\/\\\/amorpazycaridad.es\\\/wp-content\\\/uploads\\\/2015\\\/01\\\/logo-fav-e1420247830294.jpg\",\"contentUrl\":\"https:\\\/\\\/amorpazycaridad.es\\\/wp-content\\\/uploads\\\/2015\\\/01\\\/logo-fav-e1420247830294.jpg\",\"width\":144,\"height\":144,\"caption\":\"Asociaci\u00f3n de Estudios Espirituales Grupo Villena\"},\"image\":{\"@id\":\"https:\\\/\\\/amorpazycaridad.es\\\/#\\\/schema\\\/logo\\\/image\\\/\"},\"sameAs\":[\"http:\\\/\\\/www.facebook.com\\\/pages\\\/Amor-paz-y-caridad\\\/1594978604096866\",\"https:\\\/\\\/x.com\\\/amorpazycaridad\",\"https:\\\/\\\/es.pinterest.com\\\/amorpazycaridad\\\/\",\"https:\\\/\\\/www.youtube.com\\\/channel\\\/UC1GvDIDCLoL02SzOD7NJdrA\"]},{\"@type\":\"Person\",\"@id\":\"https:\\\/\\\/amorpazycaridad.es\\\/#\\\/schema\\\/person\\\/44cbc218f1b29f65390e7c8a4fd0c28d\",\"name\":\"Redacci\u00f3n\",\"image\":{\"@type\":\"ImageObject\",\"inLanguage\":\"es\",\"@id\":\"https:\\\/\\\/amorpazycaridad.es\\\/wp-content\\\/uploads\\\/2015\\\/01\\\/icono-114-96x96.jpg73ca1ff604f9e7c7607bbbfa84b61c44\",\"url\":\"https:\\\/\\\/amorpazycaridad.es\\\/wp-content\\\/uploads\\\/2015\\\/01\\\/icono-114-96x96.jpg\",\"contentUrl\":\"https:\\\/\\\/amorpazycaridad.es\\\/wp-content\\\/uploads\\\/2015\\\/01\\\/icono-114-96x96.jpg\",\"caption\":\"Redacci\u00f3n\"},\"sameAs\":[\"http:\\\/\\\/www.amorpazycaridad.com\"],\"url\":\"https:\\\/\\\/amorpazy-cp515.wordpresstemporal.com\\\/amorpazycaridad.es\\\/author\\\/redaccion\\\/\"}]}<\/script>\n<!-- \/ Yoast SEO plugin. -->","yoast_head_json":{"title":"EL CASO DE DRAUSIO-MARIA APARECIDA | Amor, paz caridad","robots":{"index":"index","follow":"follow","max-snippet":"max-snippet:-1","max-image-preview":"max-image-preview:large","max-video-preview":"max-video-preview:-1"},"canonical":"https:\/\/amorpazy-cp515.wordpresstemporal.com\/amorpazycaridad.es\/el-caso-de-drausio-maria-aparecida\/","og_locale":"es_ES","og_type":"article","og_title":"EL CASO DE DRAUSIO-MARIA APARECIDA | Amor, paz caridad","og_description":"(viene del n\u00famero anterior) Los miembros de la familia Miotto, no siendo esp\u00edritas, no pod\u00edan entender muy bien aquel aviso, pero se sintieron confortados. En Uberaba, vieron un libro de autor\u00eda de D\u00aa Zilda Guinchetti Rosin: P\u00e9rdida de Seres Queridos. Lo adquirieron. El libro fue un b\u00e1lsamo para ellos. Por eso, resolvieron entrar en contacto [&hellip;]","og_url":"https:\/\/amorpazy-cp515.wordpresstemporal.com\/amorpazycaridad.es\/el-caso-de-drausio-maria-aparecida\/","og_site_name":"Amor, paz caridad","article_publisher":"http:\/\/www.facebook.com\/pages\/Amor-paz-y-caridad\/1594978604096866","article_published_time":"2015-01-11T22:41:05+00:00","article_modified_time":"2015-01-12T06:55:38+00:00","og_image":[{"width":788,"height":350,"url":"https:\/\/amorpazy-cp515.wordpresstemporal.com\/amorpazycaridad.es\/wp-content\/uploads\/2015\/01\/hernani-guimaraes-reencarnacion-en-brasil.jpg","type":"image\/jpeg"}],"author":"hernani-guimaraes-andrade","twitter_card":"summary_large_image","twitter_creator":"@amorpazycaridad","twitter_site":"@amorpazycaridad","twitter_misc":{"Escrito por":"Redacci\u00f3n","Tiempo de lectura":"5 minutos"},"schema":{"@context":"https:\/\/schema.org","@graph":[{"@type":"Article","@id":"https:\/\/amorpazy-cp515.wordpresstemporal.com\/amorpazycaridad.es\/el-caso-de-drausio-maria-aparecida\/#article","isPartOf":{"@id":"https:\/\/amorpazy-cp515.wordpresstemporal.com\/amorpazycaridad.es\/el-caso-de-drausio-maria-aparecida\/"},"author":{"name":"Redacci\u00f3n","@id":"https:\/\/amorpazycaridad.es\/#\/schema\/person\/44cbc218f1b29f65390e7c8a4fd0c28d"},"headline":"EL CASO DE DRAUSIO-MARIA APARECIDA","datePublished":"2015-01-11T22:41:05+00:00","dateModified":"2015-01-12T06:55:38+00:00","mainEntityOfPage":{"@id":"https:\/\/amorpazy-cp515.wordpresstemporal.com\/amorpazycaridad.es\/el-caso-de-drausio-maria-aparecida\/"},"wordCount":995,"commentCount":0,"publisher":{"@id":"https:\/\/amorpazycaridad.es\/#organization"},"image":{"@id":"https:\/\/amorpazy-cp515.wordpresstemporal.com\/amorpazycaridad.es\/el-caso-de-drausio-maria-aparecida\/#primaryimage"},"thumbnailUrl":"https:\/\/amorpazy-cp515.wordpresstemporal.com\/amorpazycaridad.es\/wp-content\/uploads\/2015\/01\/hernani-guimaraes-reencarnacion-en-brasil.jpg","keywords":["Chico Xavier","familia Miotto.","HERNANI GUIMARAES","Reencarnacion en Brasil","Zilda Guinchetti Rosin"],"articleSection":["Reencarnaci\u00f3n"],"inLanguage":"es","potentialAction":[{"@type":"CommentAction","name":"Comment","target":["https:\/\/amorpazy-cp515.wordpresstemporal.com\/amorpazycaridad.es\/el-caso-de-drausio-maria-aparecida\/#respond"]}]},{"@type":"WebPage","@id":"https:\/\/amorpazy-cp515.wordpresstemporal.com\/amorpazycaridad.es\/el-caso-de-drausio-maria-aparecida\/","url":"https:\/\/amorpazy-cp515.wordpresstemporal.com\/amorpazycaridad.es\/el-caso-de-drausio-maria-aparecida\/","name":"EL CASO DE DRAUSIO-MARIA APARECIDA | Amor, paz caridad","isPartOf":{"@id":"https:\/\/amorpazycaridad.es\/#website"},"primaryImageOfPage":{"@id":"https:\/\/amorpazy-cp515.wordpresstemporal.com\/amorpazycaridad.es\/el-caso-de-drausio-maria-aparecida\/#primaryimage"},"image":{"@id":"https:\/\/amorpazy-cp515.wordpresstemporal.com\/amorpazycaridad.es\/el-caso-de-drausio-maria-aparecida\/#primaryimage"},"thumbnailUrl":"https:\/\/amorpazy-cp515.wordpresstemporal.com\/amorpazycaridad.es\/wp-content\/uploads\/2015\/01\/hernani-guimaraes-reencarnacion-en-brasil.jpg","datePublished":"2015-01-11T22:41:05+00:00","dateModified":"2015-01-12T06:55:38+00:00","breadcrumb":{"@id":"https:\/\/amorpazy-cp515.wordpresstemporal.com\/amorpazycaridad.es\/el-caso-de-drausio-maria-aparecida\/#breadcrumb"},"inLanguage":"es","potentialAction":[{"@type":"ReadAction","target":["https:\/\/amorpazy-cp515.wordpresstemporal.com\/amorpazycaridad.es\/el-caso-de-drausio-maria-aparecida\/"]}]},{"@type":"ImageObject","inLanguage":"es","@id":"https:\/\/amorpazy-cp515.wordpresstemporal.com\/amorpazycaridad.es\/el-caso-de-drausio-maria-aparecida\/#primaryimage","url":"https:\/\/amorpazy-cp515.wordpresstemporal.com\/amorpazycaridad.es\/wp-content\/uploads\/2015\/01\/hernani-guimaraes-reencarnacion-en-brasil.jpg","contentUrl":"https:\/\/amorpazy-cp515.wordpresstemporal.com\/amorpazycaridad.es\/wp-content\/uploads\/2015\/01\/hernani-guimaraes-reencarnacion-en-brasil.jpg","width":788,"height":350,"caption":"Dr. Ian Stevenson, Dr. Alberto Lyra, o casal Jarbas Marinho e Carmen, y Dr. Hernani Guimar\u00e3es Andrade Foto: Arquivo IBPP"},{"@type":"BreadcrumbList","@id":"https:\/\/amorpazy-cp515.wordpresstemporal.com\/amorpazycaridad.es\/el-caso-de-drausio-maria-aparecida\/#breadcrumb","itemListElement":[{"@type":"ListItem","position":1,"name":"Portada","item":"https:\/\/amorpazy-cp515.wordpresstemporal.com\/amorpazycaridad.es\/"},{"@type":"ListItem","position":2,"name":"EL CASO DE DRAUSIO-MARIA APARECIDA"}]},{"@type":"WebSite","@id":"https:\/\/amorpazycaridad.es\/#website","url":"https:\/\/amorpazycaridad.es\/","name":"Amor, paz caridad","description":"Conocimiento espiritual, espiritismo, espiritualismo, leyes universales, m\u00e1s all\u00e1, vida despu\u00e9s de la vida,","publisher":{"@id":"https:\/\/amorpazycaridad.es\/#organization"},"potentialAction":[{"@type":"SearchAction","target":{"@type":"EntryPoint","urlTemplate":"https:\/\/amorpazycaridad.es\/?s={search_term_string}"},"query-input":{"@type":"PropertyValueSpecification","valueRequired":true,"valueName":"search_term_string"}}],"inLanguage":"es"},{"@type":"Organization","@id":"https:\/\/amorpazycaridad.es\/#organization","name":"Asociaci\u00f3n de Estudios Espirituales Grupo Villena","url":"https:\/\/amorpazycaridad.es\/","logo":{"@type":"ImageObject","inLanguage":"es","@id":"https:\/\/amorpazycaridad.es\/#\/schema\/logo\/image\/","url":"https:\/\/amorpazycaridad.es\/wp-content\/uploads\/2015\/01\/logo-fav-e1420247830294.jpg","contentUrl":"https:\/\/amorpazycaridad.es\/wp-content\/uploads\/2015\/01\/logo-fav-e1420247830294.jpg","width":144,"height":144,"caption":"Asociaci\u00f3n de Estudios Espirituales Grupo Villena"},"image":{"@id":"https:\/\/amorpazycaridad.es\/#\/schema\/logo\/image\/"},"sameAs":["http:\/\/www.facebook.com\/pages\/Amor-paz-y-caridad\/1594978604096866","https:\/\/x.com\/amorpazycaridad","https:\/\/es.pinterest.com\/amorpazycaridad\/","https:\/\/www.youtube.com\/channel\/UC1GvDIDCLoL02SzOD7NJdrA"]},{"@type":"Person","@id":"https:\/\/amorpazycaridad.es\/#\/schema\/person\/44cbc218f1b29f65390e7c8a4fd0c28d","name":"Redacci\u00f3n","image":{"@type":"ImageObject","inLanguage":"es","@id":"https:\/\/amorpazycaridad.es\/wp-content\/uploads\/2015\/01\/icono-114-96x96.jpg73ca1ff604f9e7c7607bbbfa84b61c44","url":"https:\/\/amorpazycaridad.es\/wp-content\/uploads\/2015\/01\/icono-114-96x96.jpg","contentUrl":"https:\/\/amorpazycaridad.es\/wp-content\/uploads\/2015\/01\/icono-114-96x96.jpg","caption":"Redacci\u00f3n"},"sameAs":["http:\/\/www.amorpazycaridad.com"],"url":"https:\/\/amorpazy-cp515.wordpresstemporal.com\/amorpazycaridad.es\/author\/redaccion\/"}]}},"authors":[{"term_id":519,"user_id":0,"is_guest":1,"slug":"cap-hernani-guimaraes-andrade","display_name":"hernani-guimaraes-andrade","avatar_url":"https:\/\/secure.gravatar.com\/avatar\/?s=96&d=mm&r=g","0":null,"1":"","2":"","3":"","4":"","5":"","6":"","7":"","8":""}],"_links":{"self":[{"href":"https:\/\/amorpazy-cp515.wordpresstemporal.com\/amorpazycaridad.es\/wp-json\/wp\/v2\/posts\/2088","targetHints":{"allow":["GET"]}}],"collection":[{"href":"https:\/\/amorpazy-cp515.wordpresstemporal.com\/amorpazycaridad.es\/wp-json\/wp\/v2\/posts"}],"about":[{"href":"https:\/\/amorpazy-cp515.wordpresstemporal.com\/amorpazycaridad.es\/wp-json\/wp\/v2\/types\/post"}],"author":[{"embeddable":true,"href":"https:\/\/amorpazy-cp515.wordpresstemporal.com\/amorpazycaridad.es\/wp-json\/wp\/v2\/users\/2"}],"replies":[{"embeddable":true,"href":"https:\/\/amorpazy-cp515.wordpresstemporal.com\/amorpazycaridad.es\/wp-json\/wp\/v2\/comments?post=2088"}],"version-history":[{"count":8,"href":"https:\/\/amorpazy-cp515.wordpresstemporal.com\/amorpazycaridad.es\/wp-json\/wp\/v2\/posts\/2088\/revisions"}],"predecessor-version":[{"id":2102,"href":"https:\/\/amorpazy-cp515.wordpresstemporal.com\/amorpazycaridad.es\/wp-json\/wp\/v2\/posts\/2088\/revisions\/2102"}],"wp:featuredmedia":[{"embeddable":true,"href":"https:\/\/amorpazy-cp515.wordpresstemporal.com\/amorpazycaridad.es\/wp-json\/wp\/v2\/media\/2096"}],"wp:attachment":[{"href":"https:\/\/amorpazy-cp515.wordpresstemporal.com\/amorpazycaridad.es\/wp-json\/wp\/v2\/media?parent=2088"}],"wp:term":[{"taxonomy":"category","embeddable":true,"href":"https:\/\/amorpazy-cp515.wordpresstemporal.com\/amorpazycaridad.es\/wp-json\/wp\/v2\/categories?post=2088"},{"taxonomy":"post_tag","embeddable":true,"href":"https:\/\/amorpazy-cp515.wordpresstemporal.com\/amorpazycaridad.es\/wp-json\/wp\/v2\/tags?post=2088"},{"taxonomy":"author","embeddable":true,"href":"https:\/\/amorpazy-cp515.wordpresstemporal.com\/amorpazycaridad.es\/wp-json\/wp\/v2\/ppma_author?post=2088"}],"curies":[{"name":"wp","href":"https:\/\/api.w.org\/{rel}","templated":true}]}}