{"id":20342,"date":"2025-08-13T16:25:57","date_gmt":"2025-08-13T14:25:57","guid":{"rendered":"https:\/\/amorpazycaridad.es\/?p=20342"},"modified":"2025-08-13T17:57:08","modified_gmt":"2025-08-13T15:57:08","slug":"intervencion-por-revelacion","status":"publish","type":"post","link":"https:\/\/amorpazy-cp515.wordpresstemporal.com\/amorpazycaridad.es\/intervencion-por-revelacion\/","title":{"rendered":"INTERVENCI\u00d3N POR REVELACI\u00d3N"},"content":{"rendered":"\n<p class=\"has-text-align-center\"><strong><em>\u00abDE\u00cdSMO, TE\u00cdSMO, EVOLUCIONISMO\u00bb<\/em><\/strong><\/p>\n\n\n\n<div class=\"wp-block-group content-box-blue\"><div class=\"wp-block-group__inner-container is-layout-constrained wp-block-group-is-layout-constrained\">\n<p class=\"has-text-align-center\"><strong><em>\u201cDios no interviene directamente en el orden natural cuando las causas secundarias son suficientes para producir el efecto deseado\u201d <\/em><\/strong><\/p>\n\n\n\n<p class=\"has-text-align-center\">Francisco Su\u00e1rez &#8211; Doctor Eximius, Fil\u00f3sofo S. XVI<\/p>\n<\/div><\/div>\n\n\n\n<p class=\"justificar\">Para aquellos que no est\u00e9n familiarizados con la teolog\u00eda o la filosof\u00eda, cuando se habla de Dios es preciso dedicar unas palabras a explicar una diferencia notable entre los conceptos \u201cDe\u00edsmo\u201d y \u201cTe\u00edsmo\u201d. Las diferencias se establecen en la intervenci\u00f3n o no intervenci\u00f3n de Dios en su creaci\u00f3n.<\/p>\n\n\n\n<p class=\"justificar\">El primero, <strong><em>el De\u00edsmo<\/em><\/strong>, hace referencia a la existencia de un ser supremo, una entidad que siempre ha existido y que ha creado el universo, sus leyes y todo lo que \u00e9l contiene, aunque despu\u00e9s de realizar todo esto, su relaci\u00f3n con el mundo es distante y no interviene de manera directa en el proceso de su evoluci\u00f3n despu\u00e9s de su creaci\u00f3n. Lo mismo acontece respecto al hombre. Bajo el concepto del de\u00edsmo Dios crea al ser humano, pero al igual que en el Universo, no intervendr\u00e1 en su vida y no dar\u00e1 lugar a modificaciones o acciones que puedan cambiar el rumbo de su presente o futuro.<\/p>\n\n\n\n<p class=\"justificar\">Es decir, el de\u00edsmo no acepta la intervenci\u00f3n divina en el mundo, presenta a Dios desentendido de su obra y no acepta las <strong><em>\u201crevelaciones espirituales\u201d<\/em><\/strong> que, proviniendo de Dios mismo han llegado a la Tierra en diversas \u00e9pocas de la humanidad. Estas revelaciones han sido las religiones, las filosof\u00edas espiritualistas y las corrientes de pensamiento que han tra\u00eddo los maestros y avatares espirituales en todos los tiempos y que avalan la existencia de un Creador y un alma inmortal en el hombre.<\/p>\n\n\n\n<p class=\"justificar\">&nbsp;En contra del De\u00edsmo, opci\u00f3n minoritaria actualmente, se encuentra tambi\u00e9n la teor\u00eda de la evoluci\u00f3n como luego veremos. Y por supuesto aparece la opci\u00f3n mayoritaria en los hombres de ciencia que creen en Dios y en la mayor\u00eda de las personas religiosas o espiritualistas: <strong><em>el Te\u00edsmo.<\/em><\/strong> Los te\u00edstas son aquellos que creen en un Dios que no solo cre\u00f3 el universo, sino que tambi\u00e9n se relaciona con \u00e9l, interviene en sus eventos y puede tener una interacci\u00f3n personal con los seres humanos (por ejemplo, a trav\u00e9s de la oraci\u00f3n).&nbsp;<\/p>\n\n\n\n<p class=\"justificar\">Este t\u00e9rmino, te\u00edsmo, es compatible con la teor\u00eda de la evoluci\u00f3n completamente, nos confirma la existencia de un Dios creador que se preocupa por su obra e interviene en ella a trav\u00e9s de las leyes de la naturaleza y en concreto de la ley de evoluci\u00f3n.<\/p>\n\n\n\n<p class=\"has-text-align-center\"><strong><em>\u201cNo existe contradicci\u00f3n entre la teor\u00eda de la evoluci\u00f3n y la creencia en la existencia de Dios\u201d<\/em><\/strong><\/p>\n\n\n\n<p class=\"justificar\">Es m\u00e1s, desde el enfoque te\u00edsta, no habr\u00eda evoluci\u00f3n sin la existencia de Dios.&nbsp; No obstante, siempre aparecen las excepciones, y en concreto en este tema, aquellas religiones que interpretan <strong><em>de forma literal<\/em><\/strong> los libros sagrados (Biblia, Cor\u00e1n, Tor\u00e1, etc.) sobre la base del G\u00e9nesis, se oponen a la teor\u00eda de la evoluci\u00f3n y son los denominados \u201ccreacionistas\u201d, que no aceptan la evoluci\u00f3n como algo posible.<\/p>\n\n\n\n<p class=\"justificar\">De hecho, existe una falacia interesada en oponer el te\u00edsmo a la evoluci\u00f3n fomentada precisamente por aquellos que se apropian del t\u00e9rmino creacionismo y que interpretan literalmente el G\u00e9nesis. Esta equivocaci\u00f3n ha sido aprovechada de forma espuria por algunos ateos para desacreditar el te\u00edsmo.<\/p>\n\n\n\n<div class=\"wp-block-group content-box-blue\"><div class=\"wp-block-group__inner-container is-layout-constrained wp-block-group-is-layout-constrained\">\n<p class=\"has-text-align-center\"><strong><em>\u201cEl cristianismo es una religi\u00f3n evolucionista, puesto que cree que la historia tiene un significado: la corriente que fluye desde la creaci\u00f3n, a trav\u00e9s de la progresiva revelaci\u00f3n de Dios al hombre y desde el hombre hasta Cristo\u201d<\/em><\/strong>. <\/p>\n\n\n\n<p class=\"has-text-align-center\"><a href=\"https:\/\/es.wikipedia.org\/wiki\/Theodosius_Dobzhansky\">T. Dobzhansky<\/a>&nbsp; &#8211; Genetista y Bi\u00f3logo, Padre de la Teor\u00eda Sint\u00e9tica de la Evoluci\u00f3n<\/p>\n<\/div><\/div>\n\n\n\n<p class=\"justificar\">Dobzhansky supo conciliar los conocimientos de la gen\u00e9tica con la teor\u00eda de la evoluci\u00f3n original de Charles Darwin, y siendo \u00e9sta ya muy distinta al acomodarse a las leyes de la ciencia gen\u00e9tica. Otro gran cient\u00edfico y genetista, el Dr. Francis Collins, director del proyecto genoma humano, afirma en su libro <em>\u201cComo habla Dios\u201d: \u201c<strong>La Evoluci\u00f3n podr\u00eda ser el elegante plan de Dios para crear la humanidad\u201d.<\/strong><\/em><\/p>\n\n\n\n<p class=\"justificar\">Vamos ahora a analizar el tercer concepto que nos ocupa, el llamado <strong><em>Evolucionismo<\/em><\/strong>, que poco tiene que ver con la \u201cTeor\u00eda de la Evoluci\u00f3n\u201d, pues este t\u00e9rmino \u00abEvolucionismo\u00bb, trata de un <strong><em>\u201cconstructo ideol\u00f3gico\u201d<\/em><\/strong> sin base cient\u00edfica s\u00f3lida y que es presentado por sus defensores como la <strong><em>versi\u00f3n atea<\/em><\/strong> que explica el origen de las especies sin intervenci\u00f3n alguna de ning\u00fan creador, s\u00f3lo fruto del azar, la casualidad o unos genes ciegos que nadie conoce.<\/p>\n\n\n\n<p class=\"justificar\">Esta teor\u00eda (sin evidencias) es un supuesto o hip\u00f3tesis que ha alcanzado rango de disciplina cient\u00edfica sin serlo, convirti\u00e9ndose en varias ramas de otras disciplinas a las que denominan \u201cpsicolog\u00eda evolutiva\u201d o \u201cbiolog\u00eda evolutiva\u201d, donde algunos de sus m\u00e1s eminentes investigadores (Steven Pinker, Richard Dawkins, etc.), todos neoateos, se esfuerzan por encontrar el origen de la vida y del ser humano a su manera. Si duda, la enorme carga ideol\u00f3gica y adoctrinadora de esta <strong><em>pseudociencia<\/em><\/strong> ha sido adoptada para ir a la contra del te\u00edsmo, como alternativa al cristianismo. Veamos qu\u00e9 opina sobre ello un destacado fil\u00f3sofo, tambi\u00e9n ateo y evolucionista (por lo tanto, nada sospechoso), llamado Michael Ruse, profesor en la Universidad de Florida:<\/p>\n\n\n\n<p class=\"has-text-align-center\"><strong><em>\u201cEl evolucionismo es promovido por sus practicantes como algo m\u00e1s que simplemente ciencia. Es promulgado como una ideolog\u00eda, una religi\u00f3n secular, una alternativa al cristianismo con significado y moralidad. Soy evolucionista\u2026, pero debo admitir que en este tema los creacionistas tienen raz\u00f3n: El Evolucionismo es una Religi\u00f3n.\u201d<\/em><\/strong><\/p>\n\n\n\n<p class=\"justificar\">Como podemos comprobar, hasta las mentes m\u00e1s l\u00facidas desde sus propias filas ateas, saben distinguir entre ciencia y religi\u00f3n. Y todo ello viene dado por la frecuente e interesada confusi\u00f3n entre \u201cla teor\u00eda de la evoluci\u00f3n\u201d y \u201cel evolucionismo\u201d, dos conceptos diametralmente opuestos, puesto que el Evolucionismo no es una teor\u00eda cient\u00edfica sino filos\u00f3fica, y eminentemente ideol\u00f3gica, que usa t\u00e9rminos de psicolog\u00eda social para asentarse como ciencia sin serlo.<\/p>\n\n\n\n<p class=\"justificar\">Hemos de ser cuidadosos con los conceptos, puesto que las personas no informadas suelen confundir estas dos cuestiones. Sea como fuere, lo importante es el principio del que se parte, es decir, si creemos o no creemos en Dios, o en un ser supremo que ha dado origen como causa primera a todo lo que existe y que todav\u00eda no podemos comprender ni definir m\u00e1s que por sus obras.<\/p>\n\n\n\n<p class=\"justificar\">Y es conveniente destacar que las obras que no son creadas por el hombre tienen un origen. Y este origen, como hemos explicado en art\u00edculos anteriores de esta secci\u00f3n, es no solo excelso sino eminentemente perfecto, ordenado, ajustado y equilibrado hasta grados superlativos que una mente humana es incapaz de concebir. \u00bfLa perfecci\u00f3n y equilibrio de las leyes y constantes universales es fruto del azar? \u00bfLa complejidad de la c\u00e9lula que origina la vida es el resultado de trillones de combinaciones aleatorias y de la suerte o el acaso? \u00bfEl orden que manifiesta todo el Universo f\u00edsico que conocemos y su ajuste milim\u00e9trico se debe a un principio sin causa?<\/p>\n\n\n\n<div class=\"wp-block-group content-box-blue\"><div class=\"wp-block-group__inner-container is-layout-constrained wp-block-group-is-layout-constrained\">\n<p class=\"has-text-align-center\"><strong><em>\u201cA medida que aprendemos sobre el mundo, la probabilidad de que este sea el resultado de un proceso aleatorio es cada vez m\u00e1s remota, de tal manera que son raros los cient\u00edficos actuales que defienden una actitud atea\u201d<\/em><\/strong>. <\/p>\n\n\n\n<p class=\"has-text-align-center\">Arthur Compton, Premio Nobel de F\u00edsica, 1927<\/p>\n<\/div><\/div>\n\n\n\n<p class=\"justificar\">Hoy, dentro de la comunidad cient\u00edfica y debido a los avances y descubrimientos de vanguardia en la cosmolog\u00eda, la f\u00edsica cu\u00e1ntica, la astronom\u00eda, la biolog\u00eda molecular y otras muchas disciplinas, muchos de los que se afirmaban ateos han cambiado autodenomin\u00e1ndose agn\u00f3sticos, y reconociendo as\u00ed su ignorancia o incapacidad para comprender o aceptar una causa primera que origina todo. En estos casos estamos ante un ejemplo de honestidad intelectual.<\/p>\n\n\n\n<p class=\"justificar\">A\u00fan hay muchos otros que, beligerantes contra todo aquello que sea aceptar una entidad superior y eterna que es la fuente de todo lo que existe, deciden optar por negar las evidencias que no les convienen e inventan hip\u00f3tesis alternativas, por ejemplo, el evolucionismo, para minusvalorar y desacreditar esta causa primera.<\/p>\n\n\n\n<div class=\"wp-block-group content-box-blue\"><div class=\"wp-block-group__inner-container is-layout-constrained wp-block-group-is-layout-constrained\">\n<p class=\"has-text-align-center\"><strong><em>\u201cUn poco de ciencia nos aleja de Dios y mucha ciencia nos aproxima a \u00c9l\u201d <\/em><\/strong><\/p>\n\n\n\n<p class=\"has-text-align-center\">Afirmaciones de Werner Heisenberg (F\u00edsico) y Louis Pasteur (Microbi\u00f3logo)<\/p>\n<\/div><\/div>\n\n\n\n<p class=\"justificar\">La mayor\u00eda de las religiones y filosof\u00edas espiritualistas son de car\u00e1cter te\u00edsta, reconociendo la intervenci\u00f3n de Dios en el Universo que ha creado y en su criatura principal: el ser humano. Para ello no s\u00f3lo existen las leyes f\u00edsicas sino las leyes morales que el creador coloc\u00f3 en la conciencia del hombre para su integraci\u00f3n plena con el universo y con el camino que debe recorrer hasta la perfecci\u00f3n relativa y la felicidad que le espera.<\/p>\n\n\n\n<p class=\"justificar\">Por ello, <strong><em>\u201clas revelaciones\u201d<\/em><\/strong> que provienen de Dios a lo largo de la historia y a trav\u00e9s de sus enviados, son la manera que tiene el Ser Supremo de intervenir y corregir el rumbo equivocado de los hombres.<\/p>\n\n\n\n<p class=\"justificar\">Esta palabra, revelaci\u00f3n, s\u00f3lo significa descorrer el velo de lo que est\u00e1 oculto, y en el caso del espiritualismo moderno tienen plena vigencia. El Espiritismo reconoce tres revelaciones importantes; la primera la de Moises, donde se aboga por el reconocimiento de un \u00fanico Dios (Monote\u00edsmo); la segunda la de Jes\u00fas, donde se prioriza el amor por encima de cualquier otra cosa como norma de conducta humana superior; y la tercera la propia filosof\u00eda espiritista que ha venido a la Tierra a explicar aquello que estaba oculto y que Jes\u00fas s\u00f3lo pudo explicar en par\u00e1bolas. Es el \u201cconsolador prometido\u201d que explicar\u00e1 todas las cosas en el \u201cfinal de los tiempos\u201d.<\/p>\n\n\n\n<p class=\"justificar\">Estamos en \u00e9poca de grandes cambios y transformaciones donde este final, que no es m\u00e1s que un cambio de era espiritual en el planeta, lograr\u00e1 establecer en el transcurso de d\u00e9cadas un nuevo orden basado en la fraternidad. Es una nueva intervenci\u00f3n indirecta de Dios en la sociedad humana, procurando las herramientas y los procesos necesarios para el cambio de generaciones de esp\u00edritus atrasados por otros m\u00e1s adelantados, a trav\u00e9s de una selecci\u00f3n (derecha e izquierda) y de nuevas reencarnaciones de esp\u00edritus m\u00e1s adelantados provenientes de otros mundos, con el prop\u00f3sito de impulsar el cambio hacia el bien en toda la humanidad.<\/p>\n\n\n\n<p class=\"justificar\">Confirmamos as\u00ed el te\u00edsmo e intervenci\u00f3n de Dios en su creaci\u00f3n a trav\u00e9s de sus leyes justas y perfectas y de aquellos misioneros y esp\u00edritus enviados por \u00c9l para que nos sirvan de ejemplo y modelo a seguir, corrigiendo el rumbo de manera libre y personal pero sin poder evitar la intervenci\u00f3n indirecta del creador, tal y como afirmaba el fil\u00f3sofo en la frase que encabeza este art\u00edculo.<\/p>\n\n\n\n<p class=\"has-text-align-right\">Intervenci\u00f3n por revelaci\u00f3n Por: <a href=\"https:\/\/amorpazycaridad.es\/author\/antonio-lledo\"><strong>Antonio Lled\u00f3<\/strong><\/a><\/p>\n\n\n\n<p class=\"has-text-align-right\">2025, Amor, Paz y Caridad<\/p>\n\n\n\n<div class=\"wp-block-group content-box-blue\"><div class=\"wp-block-group__inner-container is-layout-constrained wp-block-group-is-layout-constrained\">\n<p class=\"has-text-align-center\"><strong><em>\u00abAlgo, en el invisible universo del esp\u00edritu ha intervenido por lo menos tres veces en la Historia: 1\u00ba.- En la creaci\u00f3n de la vida a partir de la materia inorg\u00e1nica. 2\u00ba.- En la introducci\u00f3n de la conciencia en los animales superiores. 3\u00ba.- En la generaci\u00f3n de las facultades del esp\u00edritu humano\u00bb.<\/em><\/strong> <\/p>\n\n\n\n<p class=\"has-text-align-center\">Alfred Rusell Wallace, (Naturalista y co-descubridor con Darwin de la Teor\u00eda de la Evoluci\u00f3n)<\/p>\n<\/div><\/div>\n\n\n\n<p class=\"justificar\"><\/p>\n\n\n\n<p class=\"has-text-align-center\"><\/p>\n","protected":false},"excerpt":{"rendered":"<p>\u00abDE\u00cdSMO, TE\u00cdSMO, EVOLUCIONISMO\u00bb \u201cDios no interviene directamente en el orden natural cuando las causas secundarias son suficientes para producir el efecto deseado\u201d Francisco Su\u00e1rez &#8211; Doctor Eximius, Fil\u00f3sofo S. XVI Para aquellos que no est\u00e9n familiarizados con la teolog\u00eda o la filosof\u00eda, cuando se habla de Dios es preciso dedicar unas palabras a explicar una [&hellip;]<\/p>\n","protected":false},"author":490,"featured_media":20403,"comment_status":"open","ping_status":"open","sticky":false,"template":"","format":"standard","meta":{"tdm_status":"","tdm_grid_status":"","footnotes":""},"categories":[7120],"tags":[7516,1816,7513,7521,3915,7519,7517,7512,7522,7520,7518,7515],"ppma_author":[4601],"class_list":{"0":"post-20342","1":"post","2":"type-post","3":"status-publish","4":"format-standard","5":"has-post-thumbnail","7":"category-desvelando-el-enigma","8":"tag-compatibilidad-evolucion-y-dios","9":"tag-consolador-prometido","10":"tag-deismo","11":"tag-enviados-de-dios","12":"tag-evolucionismo","13":"tag-evolucionismo-y-religion","14":"tag-interpretaciones-literales","15":"tag-intervencion-y-revelacion","16":"tag-mas-ciencia-para-llegar-a-dios","17":"tag-proceso-aleatorio-falso","18":"tag-religion-evolucionosta","19":"tag-revelacion"},"yoast_head":"<!-- This site is optimized with the Yoast SEO plugin v27.7 - https:\/\/yoast.com\/product\/yoast-seo-wordpress\/ -->\n<title>INTERVENCI\u00d3N POR REVELACI\u00d3N | AMOR, PAZ Y CARIDAD |<\/title>\n<meta name=\"description\" content=\"Para aquellos que no est\u00e9n familiarizados con la teolog\u00eda o la filosof\u00eda, cuando se habla de Dios es preciso dedicar unas palabras a...\" \/>\n<meta name=\"robots\" content=\"index, follow, max-snippet:-1, max-image-preview:large, max-video-preview:-1\" \/>\n<link rel=\"canonical\" href=\"https:\/\/amorpazy-cp515.wordpresstemporal.com\/amorpazycaridad.es\/intervencion-por-revelacion\/\" \/>\n<meta property=\"og:locale\" content=\"es_ES\" \/>\n<meta property=\"og:type\" content=\"article\" \/>\n<meta property=\"og:title\" content=\"INTERVENCI\u00d3N POR REVELACI\u00d3N | AMOR, PAZ Y CARIDAD |\" \/>\n<meta property=\"og:description\" content=\"Para aquellos que no est\u00e9n familiarizados con la teolog\u00eda o la filosof\u00eda, cuando se habla de Dios es preciso dedicar unas palabras a...\" \/>\n<meta property=\"og:url\" content=\"https:\/\/amorpazy-cp515.wordpresstemporal.com\/amorpazycaridad.es\/intervencion-por-revelacion\/\" \/>\n<meta property=\"og:site_name\" content=\"Amor, paz caridad\" \/>\n<meta property=\"article:publisher\" content=\"http:\/\/www.facebook.com\/pages\/Amor-paz-y-caridad\/1594978604096866\" \/>\n<meta property=\"article:published_time\" content=\"2025-08-13T14:25:57+00:00\" \/>\n<meta property=\"article:modified_time\" content=\"2025-08-13T15:57:08+00:00\" \/>\n<meta property=\"og:image\" content=\"https:\/\/amorpazy-cp515.wordpresstemporal.com\/amorpazycaridad.es\/wp-content\/uploads\/2025\/08\/Intervencion-por-revelacion.jpeg\" \/>\n\t<meta property=\"og:image:width\" content=\"698\" \/>\n\t<meta property=\"og:image:height\" content=\"421\" \/>\n\t<meta property=\"og:image:type\" content=\"image\/jpeg\" \/>\n<meta name=\"author\" content=\"Antonio admin\" \/>\n<meta name=\"twitter:card\" content=\"summary_large_image\" \/>\n<meta name=\"twitter:creator\" content=\"@amorpazycaridad\" \/>\n<meta name=\"twitter:site\" content=\"@amorpazycaridad\" \/>\n<meta name=\"twitter:label1\" content=\"Escrito por\" \/>\n\t<meta name=\"twitter:data1\" content=\"Antonio Lledo\" \/>\n\t<meta name=\"twitter:label2\" content=\"Tiempo de lectura\" \/>\n\t<meta name=\"twitter:data2\" content=\"9 minutos\" \/>\n<script type=\"application\/ld+json\" class=\"yoast-schema-graph\">{\"@context\":\"https:\\\/\\\/schema.org\",\"@graph\":[{\"@type\":\"Article\",\"@id\":\"https:\\\/\\\/amorpazy-cp515.wordpresstemporal.com\\\/amorpazycaridad.es\\\/intervencion-por-revelacion\\\/#article\",\"isPartOf\":{\"@id\":\"https:\\\/\\\/amorpazy-cp515.wordpresstemporal.com\\\/amorpazycaridad.es\\\/intervencion-por-revelacion\\\/\"},\"author\":{\"name\":\"Antonio Lledo\",\"@id\":\"https:\\\/\\\/amorpazycaridad.es\\\/#\\\/schema\\\/person\\\/9bb91446fe35912789a5f9ddc809a489\"},\"headline\":\"INTERVENCI\u00d3N POR REVELACI\u00d3N\",\"datePublished\":\"2025-08-13T14:25:57+00:00\",\"dateModified\":\"2025-08-13T15:57:08+00:00\",\"mainEntityOfPage\":{\"@id\":\"https:\\\/\\\/amorpazy-cp515.wordpresstemporal.com\\\/amorpazycaridad.es\\\/intervencion-por-revelacion\\\/\"},\"wordCount\":1979,\"commentCount\":0,\"publisher\":{\"@id\":\"https:\\\/\\\/amorpazycaridad.es\\\/#organization\"},\"image\":{\"@id\":\"https:\\\/\\\/amorpazy-cp515.wordpresstemporal.com\\\/amorpazycaridad.es\\\/intervencion-por-revelacion\\\/#primaryimage\"},\"thumbnailUrl\":\"https:\\\/\\\/amorpazy-cp515.wordpresstemporal.com\\\/amorpazycaridad.es\\\/wp-content\\\/uploads\\\/2025\\\/08\\\/Intervencion-por-revelacion.jpeg\",\"keywords\":[\"compatibilidad evoluci\u00f3n y Dios\",\"Consolador Prometido\",\"de\u00edsmo\",\"enviados de Dios\",\"evolucionismo\",\"evolucionismo y religi\u00f3n\",\"interpretaciones literales\",\"intervenci\u00f3n y revelaci\u00f3n\",\"m\u00e1s ciencia para llegar a Dios\",\"proceso aleatorio falso\",\"religi\u00f3n evolucionosta\",\"revelaci\u00f3n\"],\"articleSection\":[\"Desvelando el enigma\"],\"inLanguage\":\"es\",\"potentialAction\":[{\"@type\":\"CommentAction\",\"name\":\"Comment\",\"target\":[\"https:\\\/\\\/amorpazy-cp515.wordpresstemporal.com\\\/amorpazycaridad.es\\\/intervencion-por-revelacion\\\/#respond\"]}]},{\"@type\":\"WebPage\",\"@id\":\"https:\\\/\\\/amorpazy-cp515.wordpresstemporal.com\\\/amorpazycaridad.es\\\/intervencion-por-revelacion\\\/\",\"url\":\"https:\\\/\\\/amorpazy-cp515.wordpresstemporal.com\\\/amorpazycaridad.es\\\/intervencion-por-revelacion\\\/\",\"name\":\"INTERVENCI\u00d3N POR REVELACI\u00d3N | AMOR, PAZ Y CARIDAD |\",\"isPartOf\":{\"@id\":\"https:\\\/\\\/amorpazycaridad.es\\\/#website\"},\"primaryImageOfPage\":{\"@id\":\"https:\\\/\\\/amorpazy-cp515.wordpresstemporal.com\\\/amorpazycaridad.es\\\/intervencion-por-revelacion\\\/#primaryimage\"},\"image\":{\"@id\":\"https:\\\/\\\/amorpazy-cp515.wordpresstemporal.com\\\/amorpazycaridad.es\\\/intervencion-por-revelacion\\\/#primaryimage\"},\"thumbnailUrl\":\"https:\\\/\\\/amorpazy-cp515.wordpresstemporal.com\\\/amorpazycaridad.es\\\/wp-content\\\/uploads\\\/2025\\\/08\\\/Intervencion-por-revelacion.jpeg\",\"datePublished\":\"2025-08-13T14:25:57+00:00\",\"dateModified\":\"2025-08-13T15:57:08+00:00\",\"description\":\"Para aquellos que no est\u00e9n familiarizados con la teolog\u00eda o la filosof\u00eda, cuando se habla de Dios es preciso dedicar unas palabras a...\",\"breadcrumb\":{\"@id\":\"https:\\\/\\\/amorpazy-cp515.wordpresstemporal.com\\\/amorpazycaridad.es\\\/intervencion-por-revelacion\\\/#breadcrumb\"},\"inLanguage\":\"es\",\"potentialAction\":[{\"@type\":\"ReadAction\",\"target\":[\"https:\\\/\\\/amorpazy-cp515.wordpresstemporal.com\\\/amorpazycaridad.es\\\/intervencion-por-revelacion\\\/\"]}]},{\"@type\":\"ImageObject\",\"inLanguage\":\"es\",\"@id\":\"https:\\\/\\\/amorpazy-cp515.wordpresstemporal.com\\\/amorpazycaridad.es\\\/intervencion-por-revelacion\\\/#primaryimage\",\"url\":\"https:\\\/\\\/amorpazy-cp515.wordpresstemporal.com\\\/amorpazycaridad.es\\\/wp-content\\\/uploads\\\/2025\\\/08\\\/Intervencion-por-revelacion.jpeg\",\"contentUrl\":\"https:\\\/\\\/amorpazy-cp515.wordpresstemporal.com\\\/amorpazycaridad.es\\\/wp-content\\\/uploads\\\/2025\\\/08\\\/Intervencion-por-revelacion.jpeg\",\"width\":698,\"height\":421,\"caption\":\"Intervenci\u00f3n por revelaci\u00f3n.\"},{\"@type\":\"BreadcrumbList\",\"@id\":\"https:\\\/\\\/amorpazy-cp515.wordpresstemporal.com\\\/amorpazycaridad.es\\\/intervencion-por-revelacion\\\/#breadcrumb\",\"itemListElement\":[{\"@type\":\"ListItem\",\"position\":1,\"name\":\"Portada\",\"item\":\"https:\\\/\\\/amorpazy-cp515.wordpresstemporal.com\\\/amorpazycaridad.es\\\/\"},{\"@type\":\"ListItem\",\"position\":2,\"name\":\"INTERVENCI\u00d3N POR REVELACI\u00d3N\"}]},{\"@type\":\"WebSite\",\"@id\":\"https:\\\/\\\/amorpazycaridad.es\\\/#website\",\"url\":\"https:\\\/\\\/amorpazycaridad.es\\\/\",\"name\":\"Amor, paz caridad\",\"description\":\"Conocimiento espiritual, espiritismo, espiritualismo, leyes universales, m\u00e1s all\u00e1, vida despu\u00e9s de la vida,\",\"publisher\":{\"@id\":\"https:\\\/\\\/amorpazycaridad.es\\\/#organization\"},\"potentialAction\":[{\"@type\":\"SearchAction\",\"target\":{\"@type\":\"EntryPoint\",\"urlTemplate\":\"https:\\\/\\\/amorpazycaridad.es\\\/?s={search_term_string}\"},\"query-input\":{\"@type\":\"PropertyValueSpecification\",\"valueRequired\":true,\"valueName\":\"search_term_string\"}}],\"inLanguage\":\"es\"},{\"@type\":\"Organization\",\"@id\":\"https:\\\/\\\/amorpazycaridad.es\\\/#organization\",\"name\":\"Asociaci\u00f3n de Estudios Espirituales Grupo Villena\",\"url\":\"https:\\\/\\\/amorpazycaridad.es\\\/\",\"logo\":{\"@type\":\"ImageObject\",\"inLanguage\":\"es\",\"@id\":\"https:\\\/\\\/amorpazycaridad.es\\\/#\\\/schema\\\/logo\\\/image\\\/\",\"url\":\"https:\\\/\\\/amorpazycaridad.es\\\/wp-content\\\/uploads\\\/2015\\\/01\\\/logo-fav-e1420247830294.jpg\",\"contentUrl\":\"https:\\\/\\\/amorpazycaridad.es\\\/wp-content\\\/uploads\\\/2015\\\/01\\\/logo-fav-e1420247830294.jpg\",\"width\":144,\"height\":144,\"caption\":\"Asociaci\u00f3n de Estudios Espirituales Grupo Villena\"},\"image\":{\"@id\":\"https:\\\/\\\/amorpazycaridad.es\\\/#\\\/schema\\\/logo\\\/image\\\/\"},\"sameAs\":[\"http:\\\/\\\/www.facebook.com\\\/pages\\\/Amor-paz-y-caridad\\\/1594978604096866\",\"https:\\\/\\\/x.com\\\/amorpazycaridad\",\"https:\\\/\\\/es.pinterest.com\\\/amorpazycaridad\\\/\",\"https:\\\/\\\/www.youtube.com\\\/channel\\\/UC1GvDIDCLoL02SzOD7NJdrA\"]},{\"@type\":\"Person\",\"@id\":\"https:\\\/\\\/amorpazycaridad.es\\\/#\\\/schema\\\/person\\\/9bb91446fe35912789a5f9ddc809a489\",\"name\":\"Antonio Lledo\",\"image\":{\"@type\":\"ImageObject\",\"inLanguage\":\"es\",\"@id\":\"https:\\\/\\\/secure.gravatar.com\\\/avatar\\\/f35d605add8b8ad5dba8f313c64321ce2a64c9ed845304541bc11a8d237b4e25?s=96&d=mm&r=gc194a3c801272edfeb6b62cc613a179f\",\"url\":\"https:\\\/\\\/secure.gravatar.com\\\/avatar\\\/f35d605add8b8ad5dba8f313c64321ce2a64c9ed845304541bc11a8d237b4e25?s=96&d=mm&r=g\",\"contentUrl\":\"https:\\\/\\\/secure.gravatar.com\\\/avatar\\\/f35d605add8b8ad5dba8f313c64321ce2a64c9ed845304541bc11a8d237b4e25?s=96&d=mm&r=g\",\"caption\":\"Antonio Lledo\"},\"url\":\"https:\\\/\\\/amorpazy-cp515.wordpresstemporal.com\\\/amorpazycaridad.es\\\/author\\\/antonio-admin\\\/\"}]}<\/script>\n<!-- \/ Yoast SEO plugin. -->","yoast_head_json":{"title":"INTERVENCI\u00d3N POR REVELACI\u00d3N | AMOR, PAZ Y CARIDAD |","description":"Para aquellos que no est\u00e9n familiarizados con la teolog\u00eda o la filosof\u00eda, cuando se habla de Dios es preciso dedicar unas palabras a...","robots":{"index":"index","follow":"follow","max-snippet":"max-snippet:-1","max-image-preview":"max-image-preview:large","max-video-preview":"max-video-preview:-1"},"canonical":"https:\/\/amorpazy-cp515.wordpresstemporal.com\/amorpazycaridad.es\/intervencion-por-revelacion\/","og_locale":"es_ES","og_type":"article","og_title":"INTERVENCI\u00d3N POR REVELACI\u00d3N | AMOR, PAZ Y CARIDAD |","og_description":"Para aquellos que no est\u00e9n familiarizados con la teolog\u00eda o la filosof\u00eda, cuando se habla de Dios es preciso dedicar unas palabras a...","og_url":"https:\/\/amorpazy-cp515.wordpresstemporal.com\/amorpazycaridad.es\/intervencion-por-revelacion\/","og_site_name":"Amor, paz caridad","article_publisher":"http:\/\/www.facebook.com\/pages\/Amor-paz-y-caridad\/1594978604096866","article_published_time":"2025-08-13T14:25:57+00:00","article_modified_time":"2025-08-13T15:57:08+00:00","og_image":[{"width":698,"height":421,"url":"https:\/\/amorpazy-cp515.wordpresstemporal.com\/amorpazycaridad.es\/wp-content\/uploads\/2025\/08\/Intervencion-por-revelacion.jpeg","type":"image\/jpeg"}],"author":"Antonio admin","twitter_card":"summary_large_image","twitter_creator":"@amorpazycaridad","twitter_site":"@amorpazycaridad","twitter_misc":{"Escrito por":"Antonio Lledo","Tiempo de lectura":"9 minutos"},"schema":{"@context":"https:\/\/schema.org","@graph":[{"@type":"Article","@id":"https:\/\/amorpazy-cp515.wordpresstemporal.com\/amorpazycaridad.es\/intervencion-por-revelacion\/#article","isPartOf":{"@id":"https:\/\/amorpazy-cp515.wordpresstemporal.com\/amorpazycaridad.es\/intervencion-por-revelacion\/"},"author":{"name":"Antonio Lledo","@id":"https:\/\/amorpazycaridad.es\/#\/schema\/person\/9bb91446fe35912789a5f9ddc809a489"},"headline":"INTERVENCI\u00d3N POR REVELACI\u00d3N","datePublished":"2025-08-13T14:25:57+00:00","dateModified":"2025-08-13T15:57:08+00:00","mainEntityOfPage":{"@id":"https:\/\/amorpazy-cp515.wordpresstemporal.com\/amorpazycaridad.es\/intervencion-por-revelacion\/"},"wordCount":1979,"commentCount":0,"publisher":{"@id":"https:\/\/amorpazycaridad.es\/#organization"},"image":{"@id":"https:\/\/amorpazy-cp515.wordpresstemporal.com\/amorpazycaridad.es\/intervencion-por-revelacion\/#primaryimage"},"thumbnailUrl":"https:\/\/amorpazy-cp515.wordpresstemporal.com\/amorpazycaridad.es\/wp-content\/uploads\/2025\/08\/Intervencion-por-revelacion.jpeg","keywords":["compatibilidad evoluci\u00f3n y Dios","Consolador Prometido","de\u00edsmo","enviados de Dios","evolucionismo","evolucionismo y religi\u00f3n","interpretaciones literales","intervenci\u00f3n y revelaci\u00f3n","m\u00e1s ciencia para llegar a Dios","proceso aleatorio falso","religi\u00f3n evolucionosta","revelaci\u00f3n"],"articleSection":["Desvelando el enigma"],"inLanguage":"es","potentialAction":[{"@type":"CommentAction","name":"Comment","target":["https:\/\/amorpazy-cp515.wordpresstemporal.com\/amorpazycaridad.es\/intervencion-por-revelacion\/#respond"]}]},{"@type":"WebPage","@id":"https:\/\/amorpazy-cp515.wordpresstemporal.com\/amorpazycaridad.es\/intervencion-por-revelacion\/","url":"https:\/\/amorpazy-cp515.wordpresstemporal.com\/amorpazycaridad.es\/intervencion-por-revelacion\/","name":"INTERVENCI\u00d3N POR REVELACI\u00d3N | AMOR, PAZ Y CARIDAD |","isPartOf":{"@id":"https:\/\/amorpazycaridad.es\/#website"},"primaryImageOfPage":{"@id":"https:\/\/amorpazy-cp515.wordpresstemporal.com\/amorpazycaridad.es\/intervencion-por-revelacion\/#primaryimage"},"image":{"@id":"https:\/\/amorpazy-cp515.wordpresstemporal.com\/amorpazycaridad.es\/intervencion-por-revelacion\/#primaryimage"},"thumbnailUrl":"https:\/\/amorpazy-cp515.wordpresstemporal.com\/amorpazycaridad.es\/wp-content\/uploads\/2025\/08\/Intervencion-por-revelacion.jpeg","datePublished":"2025-08-13T14:25:57+00:00","dateModified":"2025-08-13T15:57:08+00:00","description":"Para aquellos que no est\u00e9n familiarizados con la teolog\u00eda o la filosof\u00eda, cuando se habla de Dios es preciso dedicar unas palabras a...","breadcrumb":{"@id":"https:\/\/amorpazy-cp515.wordpresstemporal.com\/amorpazycaridad.es\/intervencion-por-revelacion\/#breadcrumb"},"inLanguage":"es","potentialAction":[{"@type":"ReadAction","target":["https:\/\/amorpazy-cp515.wordpresstemporal.com\/amorpazycaridad.es\/intervencion-por-revelacion\/"]}]},{"@type":"ImageObject","inLanguage":"es","@id":"https:\/\/amorpazy-cp515.wordpresstemporal.com\/amorpazycaridad.es\/intervencion-por-revelacion\/#primaryimage","url":"https:\/\/amorpazy-cp515.wordpresstemporal.com\/amorpazycaridad.es\/wp-content\/uploads\/2025\/08\/Intervencion-por-revelacion.jpeg","contentUrl":"https:\/\/amorpazy-cp515.wordpresstemporal.com\/amorpazycaridad.es\/wp-content\/uploads\/2025\/08\/Intervencion-por-revelacion.jpeg","width":698,"height":421,"caption":"Intervenci\u00f3n por revelaci\u00f3n."},{"@type":"BreadcrumbList","@id":"https:\/\/amorpazy-cp515.wordpresstemporal.com\/amorpazycaridad.es\/intervencion-por-revelacion\/#breadcrumb","itemListElement":[{"@type":"ListItem","position":1,"name":"Portada","item":"https:\/\/amorpazy-cp515.wordpresstemporal.com\/amorpazycaridad.es\/"},{"@type":"ListItem","position":2,"name":"INTERVENCI\u00d3N POR REVELACI\u00d3N"}]},{"@type":"WebSite","@id":"https:\/\/amorpazycaridad.es\/#website","url":"https:\/\/amorpazycaridad.es\/","name":"Amor, paz caridad","description":"Conocimiento espiritual, espiritismo, espiritualismo, leyes universales, m\u00e1s all\u00e1, vida despu\u00e9s de la vida,","publisher":{"@id":"https:\/\/amorpazycaridad.es\/#organization"},"potentialAction":[{"@type":"SearchAction","target":{"@type":"EntryPoint","urlTemplate":"https:\/\/amorpazycaridad.es\/?s={search_term_string}"},"query-input":{"@type":"PropertyValueSpecification","valueRequired":true,"valueName":"search_term_string"}}],"inLanguage":"es"},{"@type":"Organization","@id":"https:\/\/amorpazycaridad.es\/#organization","name":"Asociaci\u00f3n de Estudios Espirituales Grupo Villena","url":"https:\/\/amorpazycaridad.es\/","logo":{"@type":"ImageObject","inLanguage":"es","@id":"https:\/\/amorpazycaridad.es\/#\/schema\/logo\/image\/","url":"https:\/\/amorpazycaridad.es\/wp-content\/uploads\/2015\/01\/logo-fav-e1420247830294.jpg","contentUrl":"https:\/\/amorpazycaridad.es\/wp-content\/uploads\/2015\/01\/logo-fav-e1420247830294.jpg","width":144,"height":144,"caption":"Asociaci\u00f3n de Estudios Espirituales Grupo Villena"},"image":{"@id":"https:\/\/amorpazycaridad.es\/#\/schema\/logo\/image\/"},"sameAs":["http:\/\/www.facebook.com\/pages\/Amor-paz-y-caridad\/1594978604096866","https:\/\/x.com\/amorpazycaridad","https:\/\/es.pinterest.com\/amorpazycaridad\/","https:\/\/www.youtube.com\/channel\/UC1GvDIDCLoL02SzOD7NJdrA"]},{"@type":"Person","@id":"https:\/\/amorpazycaridad.es\/#\/schema\/person\/9bb91446fe35912789a5f9ddc809a489","name":"Antonio Lledo","image":{"@type":"ImageObject","inLanguage":"es","@id":"https:\/\/secure.gravatar.com\/avatar\/f35d605add8b8ad5dba8f313c64321ce2a64c9ed845304541bc11a8d237b4e25?s=96&d=mm&r=gc194a3c801272edfeb6b62cc613a179f","url":"https:\/\/secure.gravatar.com\/avatar\/f35d605add8b8ad5dba8f313c64321ce2a64c9ed845304541bc11a8d237b4e25?s=96&d=mm&r=g","contentUrl":"https:\/\/secure.gravatar.com\/avatar\/f35d605add8b8ad5dba8f313c64321ce2a64c9ed845304541bc11a8d237b4e25?s=96&d=mm&r=g","caption":"Antonio Lledo"},"url":"https:\/\/amorpazy-cp515.wordpresstemporal.com\/amorpazycaridad.es\/author\/antonio-admin\/"}]}},"authors":[{"term_id":4601,"user_id":0,"is_guest":1,"slug":"cap-antonio-admin","display_name":"Antonio admin","avatar_url":"https:\/\/secure.gravatar.com\/avatar\/?s=96&d=mm&r=g","0":null,"1":"","2":"","3":"","4":"","5":"","6":"","7":"","8":""}],"_links":{"self":[{"href":"https:\/\/amorpazy-cp515.wordpresstemporal.com\/amorpazycaridad.es\/wp-json\/wp\/v2\/posts\/20342","targetHints":{"allow":["GET"]}}],"collection":[{"href":"https:\/\/amorpazy-cp515.wordpresstemporal.com\/amorpazycaridad.es\/wp-json\/wp\/v2\/posts"}],"about":[{"href":"https:\/\/amorpazy-cp515.wordpresstemporal.com\/amorpazycaridad.es\/wp-json\/wp\/v2\/types\/post"}],"author":[{"embeddable":true,"href":"https:\/\/amorpazy-cp515.wordpresstemporal.com\/amorpazycaridad.es\/wp-json\/wp\/v2\/users\/490"}],"replies":[{"embeddable":true,"href":"https:\/\/amorpazy-cp515.wordpresstemporal.com\/amorpazycaridad.es\/wp-json\/wp\/v2\/comments?post=20342"}],"version-history":[{"count":14,"href":"https:\/\/amorpazy-cp515.wordpresstemporal.com\/amorpazycaridad.es\/wp-json\/wp\/v2\/posts\/20342\/revisions"}],"predecessor-version":[{"id":20417,"href":"https:\/\/amorpazy-cp515.wordpresstemporal.com\/amorpazycaridad.es\/wp-json\/wp\/v2\/posts\/20342\/revisions\/20417"}],"wp:featuredmedia":[{"embeddable":true,"href":"https:\/\/amorpazy-cp515.wordpresstemporal.com\/amorpazycaridad.es\/wp-json\/wp\/v2\/media\/20403"}],"wp:attachment":[{"href":"https:\/\/amorpazy-cp515.wordpresstemporal.com\/amorpazycaridad.es\/wp-json\/wp\/v2\/media?parent=20342"}],"wp:term":[{"taxonomy":"category","embeddable":true,"href":"https:\/\/amorpazy-cp515.wordpresstemporal.com\/amorpazycaridad.es\/wp-json\/wp\/v2\/categories?post=20342"},{"taxonomy":"post_tag","embeddable":true,"href":"https:\/\/amorpazy-cp515.wordpresstemporal.com\/amorpazycaridad.es\/wp-json\/wp\/v2\/tags?post=20342"},{"taxonomy":"author","embeddable":true,"href":"https:\/\/amorpazy-cp515.wordpresstemporal.com\/amorpazycaridad.es\/wp-json\/wp\/v2\/ppma_author?post=20342"}],"curies":[{"name":"wp","href":"https:\/\/api.w.org\/{rel}","templated":true}]}}