{"id":19408,"date":"2024-11-01T08:22:30","date_gmt":"2024-11-01T07:22:30","guid":{"rendered":"https:\/\/amorpazycaridad.es\/?p=19408"},"modified":"2024-11-29T18:05:37","modified_gmt":"2024-11-29T17:05:37","slug":"fascinacion-por-vanidad","status":"publish","type":"post","link":"https:\/\/amorpazy-cp515.wordpresstemporal.com\/amorpazycaridad.es\/fascinacion-por-vanidad\/","title":{"rendered":"FASCINACI\u00d3N POR VANIDAD"},"content":{"rendered":"\n<div class=\"wp-block-group content-box-blue\"><div class=\"wp-block-group__inner-container is-layout-constrained wp-block-group-is-layout-constrained\">\n<p class=\"has-text-align-center\"><strong><em>\u201cLa fascinaci\u00f3n es una ilusi\u00f3n producida por la acci\u00f3n directa de un esp\u00edritu sobre el pensamiento del m\u00e9dium que paraliza su juicio respecto a las comunicaciones. El m\u00e9dium fascinado no cree ser enga\u00f1ado\u201d. <\/em><\/strong><\/p>\n\n\n\n<p class=\"has-text-align-right\">A. Kardec, L. M\u00e9diums, Cap. XXIII<\/p>\n<\/div><\/div>\n\n\n\n<p class=\"justificar\">Muchos que pretenden trabajar desde el otro lado (el mundo del esp\u00edritu) estando en este (con una materia reencarnados en la Tierra), a veces, por desconocimiento confunden deseos con realidad, y en otras ocasiones pueden ser v\u00edctimas propicias para esp\u00edritus inteligentes pero de baja condici\u00f3n moral que, usando de sus tendencias hacia la fantas\u00eda, el protagonismo y la vanidad, les hacen creer que son <strong><em>\u201cmaestros espirituales\u201d<\/em><\/strong>, que \u201ccontrolan ordenadamente y con precisi\u00f3n\u201d sus desdoblamientos espirituales y que desde ese otro lado pueden realizar grandes prodigios porque son ayudados por otros \u201cmaestros espirituales\u201d que les indican lo que deben hacer sin posibilidad de equivocarse.<\/p>\n\n\n\n<p class=\"justificar\">Debemos advertir a los que as\u00ed act\u00faan que esto no es m\u00e1s que otro proceso incipiente de obsesi\u00f3n del que se valen esp\u00edritus de gran inteligencia y bajo adelanto moral para incentivar la vanidad del encarnado, proponerle aparentemente tareas destinadas a esp\u00edritus elevados (sin serlo), y con todo ello van explotando sus debilidades morales y sus defectos para, poco a poco, ir dominando sus voluntades hasta que los \u201cdejan caer\u201d, y todo el entramado de ilusi\u00f3n y vanidad que han construido para \u00e9l se derrumba y lleva al incauto a la desesperaci\u00f3n y el abandono del trabajo espiritual.<\/p>\n\n\n\n<p class=\"justificar\">Nunca podemos pretender saber m\u00e1s de lo que sabemos ni considerarnos privilegiados por haber sido supuestamente<strong><em> \u201cescogidos\u201d<\/em><\/strong> por esp\u00edritus de gran elevaci\u00f3n para dar curso a nuestros anhelos de protagonismo, vanidad u orgullo. No es as\u00ed como trabajan los esp\u00edritus de gran elevaci\u00f3n. Ellos nunca incentivar\u00e1n en nosotros aquellos defectos que tenemos y que nos perjudican en nuestro adelanto espiritual; antes al contrario, procurar\u00e1n incentivarnos para erradicarlos, inspir\u00e1ndonos aptitudes de humildad y sencillez.<\/p>\n\n\n\n<p class=\"justificar\">Con frecuencia escuchamos a algunos decir lo siguiente: <strong><em>\u00ab..mis maestros espirituales me dicen lo que necesito hacer, por lo tanto con ellos me es bastante&#8230;\u201d<\/em><\/strong>. Analizar esta frase es darse cuenta del momento en que se encuentra este compa\u00f1ero, a saber, en el inicio de un proceso de obsesi\u00f3n por <strong><em>\u201cfascinaci\u00f3n\u201d<\/em><\/strong> (como detalla Kardec cuando explica los grados de obsesi\u00f3n) donde los esp\u00edritus que le est\u00e1n dirigiendo le realizan un cerco en el que hacen creer que se encuentra inspirado por grandes almas y maestros, capaces de saberlo todo y de no necesitar a nadie para cotejar sus ideas o aptitudes.<\/p>\n\n\n\n<div class=\"wp-block-group content-box-blue\"><div class=\"wp-block-group__inner-container is-layout-constrained wp-block-group-is-layout-constrained\">\n<p class=\"has-text-align-center\"><strong><em>\u201cEl aislamiento de un m\u00e9dium siempre es malo para \u00e9l, pues no tiene posibilidad de cotejar sus comunicaciones, deber\u00eda cerciorarse por el aviso de un tercero y necesita estudiar las comunicaciones para compararlas\u2026\u201d<\/em><\/strong>. <\/p>\n\n\n\n<p class=\"has-text-align-right\">A. K., L.M., Cap. XXIII<\/p>\n<\/div><\/div>\n\n\n\n<p class=\"justificar\">As\u00ed act\u00faan los obsesores inteligentes que dominan la mente del individuo y procuran apartarlo de cualquier opini\u00f3n contraria a las ilusiones e ideas que ellos proyectan sobre su v\u00edctima. Esta \u00faltima, pagada de s\u00ed misma y de la asistencia espiritual que \u00e9l considera infalible, al ser grandes almas desencarnadas, se sumerge paulatinamente en el pozo del fanatismo y la sinraz\u00f3n que le llevar\u00e1 a la hecatombe, antes o despu\u00e9s, cuando se percate de que aquello que le han prometido o los anhelos a los que el aspira, no s\u00f3lo no se cumplen sino que la realidad se desenvuelve en sentido contrario a lo que pretend\u00eda.<\/p>\n\n\n\n<p class=\"justificar\">Por ello es tan importante conocer de qu\u00e9 manera se articula el mundo espiritual; y por eso necesitamos de la informaci\u00f3n precisa que se nos ofrece en las obras de Kardec acerca de c\u00f3mo estamos siendo influenciados por los esp\u00edritus y c\u00f3mo diferenciar los buenos de los malos.  Es decir, dar paso \u00fanicamente a aquellos que quieren nuestro bien, aunque esto no sea agradable para nuestro orgullo y vanidad, pero s\u00ed sea verdaderamente \u00fatil para nuestro progreso y adelanto moral.<\/p>\n\n\n\n<p class=\"justificar\">Debemos reconocer que estando encarnados con un cuerpo f\u00edsico, nuestras capacidades espirituales se ven notablemente limitadas por la vestimenta carnal y nuestro propio cerebro, que act\u00faa como un reductor de vibraciones de la energ\u00eda de nuestra alma.&nbsp;<\/p>\n\n\n\n<p class=\"justificar\">Hay quien argumenta que en estados alterados de conciencia, como los \u00e9xtasis, los viajes astrales, los desdoblamientos o desprendimientos espirituales durante el sue\u00f1o, la lucidez es mayor, y por tanto la claridad de aquello que percibimos es m\u00e1s real que la que experimentamos en un estado de conciencia normal.&nbsp;<\/p>\n\n\n\n<p class=\"justificar\">Si bien esto es cierto en algunos casos, en la mayor\u00eda de las veces no es as\u00ed, porque el alma humana desprendida parcialmente del cuerpo tiene sus l\u00edmites derivados de su naturaleza moral, y en consecuencia, del nivel de energ\u00eda electromagn\u00e9tica de su cuerpo periespiritual.&nbsp;<\/p>\n\n\n\n<p class=\"justificar\">Esto supone que un alma avanzada moralmente no tendr\u00e1 obst\u00e1culo alguno para percibir la realidad espiritual con notable claridad, porque la vibraci\u00f3n energ\u00e9tica de su alma ser\u00e1 muy r\u00e1pida, l\u00facida y poco densa, mientras que la de aquellos que tienen una baja moralidad presentan cuerpos periespirituales densos, opacos, m\u00f3rbidos y delet\u00e9reos, compuestos de energ\u00edas tan oscuras y pesadas que constantemente les imantan por <strong><em>afinidad energ\u00e9tica y mental<\/em><\/strong> a los planos m\u00e1s bajos del mundo espiritual, por lo que la lucidez estar\u00e1 muy lejos de la conciencia que pretenden adquirir y por ello su capacidad para manifestarse con libertad y claridad en el mundo del esp\u00edritu estar\u00e1 notablemente mermada.<\/p>\n\n\n\n<p class=\"justificar\">De todo esto concluimos que la ligereza y frivolidad con que algunos asumen una importancia capital a la hora de manifestar su supuesta importancia y claridad en su contacto con el mundo espiritual, debe ser siempre puesta en cuesti\u00f3n, analizando pormenorizadamente c\u00f3mo es esa relaci\u00f3n con el mundo espiritual, de qu\u00e9 manera contactan con \u00e9l los supuestos maestros espirituales, cu\u00e1les son sus sugerencias y sus palabras, qu\u00e9 sentido \u00fatil tienen y en qu\u00e9 ayudan sus consejos para el progreso y adelanto moral del hombre, etc<\/p>\n\n\n\n<p class=\"justificar\">Usando la raz\u00f3n en todo momento y bajo criterios de prudencia y discreci\u00f3n, podremos evaluar con claridad si somos v\u00edctimas de un proceso obsesivo o verdaderamente la influencia que recibimos est\u00e1 avalada por criterios del Mundo Mayor mediante consejos de sabidur\u00eda y bondad que nos ayudan a ser mejores y superar nuestras malas inclinaciones.<\/p>\n\n\n\n<p class=\"justificar\">El orgullo disfrazado, la falsa modestia y una vanidad o exceso de personalismo, que no es corregido adecuadamente por estos mentores espirituales, es precisamente el primer indicador de que esta relaci\u00f3n es t\u00f3xica, y que esos supuestos maestros espirituales no son tales, pues por el conocimiento que tenemos de la manera de actuar de los aut\u00e9nticos seres elevados, \u00e9stos nunca pretenden exacerbar nuestro orgullo sino corregirlo; tampoco pretenden que tengamos una proyecci\u00f3n o fama in\u00fatil \u00fanicamente para nuestra promoci\u00f3n personal, sino m\u00e1s bien lo contrario; es decir, trabajar en el bien priorizando el valor del anonimato y el sacrificio y abnegaci\u00f3n necesarios para elevar nuestra alma a mayores estados de humildad y progreso moral.<\/p>\n\n\n\n<p class=\"justificar\">Seamos pues consecuentes con la realidad del mundo espiritual y no pretendamos saber m\u00e1s de aquello que no est\u00e1 a nuestro alcance, simplemente por diferenciarnos de los dem\u00e1s o exhibir una supuesta superioridad vanidosa que es claramente contraria a los ejemplos, aptitudes y comportamientos de todos aquellos que han sido verdaderos maestros espirituales en la Tierra y que destacaron por su humildad, sencillez, valent\u00eda y abnegaci\u00f3n, desconsiderando honores y adulaciones para aceptar sus misiones de entrega a la humanidad bajo los criterios sublimados de la caridad, la humildad y el amor al pr\u00f3jimo.<\/p>\n\n\n\n<p class=\"has-text-align-right\">Fascinaci\u00f3n por vanidad por: <strong><a href=\"https:\/\/amorpazycaridad.es\/?s=redaccion\">Redacci\u00f3n<\/a><\/strong><\/p>\n\n\n\n<p class=\"has-text-align-right\">2024, Amor, Paz y Caridad<\/p>\n\n\n\n<div class=\"wp-block-group content-box-blue\"><div class=\"wp-block-group__inner-container is-layout-constrained wp-block-group-is-layout-constrained\">\n<p class=\"has-text-align-center\"><strong><em>\u201cEn virtud de la ilusi\u00f3n que supone la fascinaci\u00f3n, el esp\u00edritu dirige a la persona a la que logra dominar como si fuera un ciego, pudiendo inducirlo a comportamientos rid\u00edculos e incluso perniciosos\u201d<\/em><\/strong> <\/p>\n\n\n\n<p class=\"has-text-align-right has-black-color has-text-color\"><a href=\"https:\/\/es.wikipedia.org\/wiki\/Allan_Kardec\">Allan Kardec<\/a>, L.M, Cap. XXIII<\/p>\n<\/div><\/div>\n","protected":false},"excerpt":{"rendered":"<p>\u201cLa fascinaci\u00f3n es una ilusi\u00f3n producida por la acci\u00f3n directa de un esp\u00edritu sobre el pensamiento del m\u00e9dium que paraliza su juicio respecto a las comunicaciones. El m\u00e9dium fascinado no cree ser enga\u00f1ado\u201d. A. Kardec, L. M\u00e9diums, Cap. XXIII Muchos que pretenden trabajar desde el otro lado (el mundo del esp\u00edritu) estando en este (con [&hellip;]<\/p>\n","protected":false},"author":490,"featured_media":19471,"comment_status":"open","ping_status":"open","sticky":false,"template":"","format":"standard","meta":{"tdm_status":"","tdm_grid_status":"","footnotes":""},"categories":[22],"tags":[7133,7130,7132,7131,7134,7129,7135,7126,7127,7125,7136,7137],"ppma_author":[396,520],"class_list":{"0":"post-19408","1":"post","2":"type-post","3":"status-publish","4":"format-standard","5":"has-post-thumbnail","7":"category-editorial","8":"tag-afinidad-energetica-y-mental","9":"tag-aislamiento-vanidoso","10":"tag-analisis-imparcial","11":"tag-cotejar-comunicaciones","12":"tag-estudiar-y-comparar-comunicaciones","13":"tag-falsos-escogidos","14":"tag-ilusion-y-fascinacion","15":"tag-juicio-paralizado","16":"tag-maestros-espirituales","17":"tag-medium-fascinado","18":"tag-obsesion-por-fascinacion","19":"tag-raciocinio-perturbado"},"yoast_head":"<!-- This site is optimized with the Yoast SEO plugin v27.7 - https:\/\/yoast.com\/product\/yoast-seo-wordpress\/ -->\n<title>FASCINACI\u00d3N POR VANIDAD | AMOR, PAZ Y CARIDAD | A.P.C.<\/title>\n<meta name=\"description\" content=\"Fascinaci\u00f3n por vanidad. Muchos que pretenden trabajar desde el otro lado estando en este, a veces, por desconocimiento confunden deseos...\" \/>\n<meta name=\"robots\" content=\"index, follow, max-snippet:-1, max-image-preview:large, max-video-preview:-1\" \/>\n<link rel=\"canonical\" href=\"https:\/\/amorpazy-cp515.wordpresstemporal.com\/amorpazycaridad.es\/fascinacion-por-vanidad\/\" \/>\n<meta property=\"og:locale\" content=\"es_ES\" \/>\n<meta property=\"og:type\" content=\"article\" \/>\n<meta property=\"og:title\" content=\"FASCINACI\u00d3N POR VANIDAD | AMOR, PAZ Y CARIDAD | A.P.C.\" \/>\n<meta property=\"og:description\" content=\"Fascinaci\u00f3n por vanidad. Muchos que pretenden trabajar desde el otro lado estando en este, a veces, por desconocimiento confunden deseos...\" \/>\n<meta property=\"og:url\" content=\"https:\/\/amorpazy-cp515.wordpresstemporal.com\/amorpazycaridad.es\/fascinacion-por-vanidad\/\" \/>\n<meta property=\"og:site_name\" content=\"Amor, paz caridad\" \/>\n<meta property=\"article:publisher\" content=\"http:\/\/www.facebook.com\/pages\/Amor-paz-y-caridad\/1594978604096866\" \/>\n<meta property=\"article:published_time\" content=\"2024-11-01T07:22:30+00:00\" \/>\n<meta property=\"article:modified_time\" content=\"2024-11-29T17:05:37+00:00\" \/>\n<meta property=\"og:image\" content=\"https:\/\/amorpazy-cp515.wordpresstemporal.com\/amorpazycaridad.es\/wp-content\/uploads\/2024\/10\/Fascinacion.png\" \/>\n\t<meta property=\"og:image:width\" content=\"698\" \/>\n\t<meta property=\"og:image:height\" content=\"421\" \/>\n\t<meta property=\"og:image:type\" content=\"image\/png\" \/>\n<meta name=\"author\" content=\"Redaccion, Redaccion revista\" \/>\n<meta name=\"twitter:card\" content=\"summary_large_image\" \/>\n<meta name=\"twitter:creator\" content=\"@amorpazycaridad\" \/>\n<meta name=\"twitter:site\" content=\"@amorpazycaridad\" \/>\n<meta name=\"twitter:label1\" content=\"Escrito por\" \/>\n\t<meta name=\"twitter:data1\" content=\"Antonio Lledo\" \/>\n\t<meta name=\"twitter:label2\" content=\"Tiempo de lectura\" \/>\n\t<meta name=\"twitter:data2\" content=\"7 minutos\" \/>\n<script type=\"application\/ld+json\" class=\"yoast-schema-graph\">{\"@context\":\"https:\\\/\\\/schema.org\",\"@graph\":[{\"@type\":\"Article\",\"@id\":\"https:\\\/\\\/amorpazy-cp515.wordpresstemporal.com\\\/amorpazycaridad.es\\\/fascinacion-por-vanidad\\\/#article\",\"isPartOf\":{\"@id\":\"https:\\\/\\\/amorpazy-cp515.wordpresstemporal.com\\\/amorpazycaridad.es\\\/fascinacion-por-vanidad\\\/\"},\"author\":{\"name\":\"Antonio Lledo\",\"@id\":\"https:\\\/\\\/amorpazy-cp515.wordpresstemporal.com\\\/amorpazycaridad.es\\\/#\\\/schema\\\/person\\\/9bb91446fe35912789a5f9ddc809a489\"},\"headline\":\"FASCINACI\u00d3N POR VANIDAD\",\"datePublished\":\"2024-11-01T07:22:30+00:00\",\"dateModified\":\"2024-11-29T17:05:37+00:00\",\"mainEntityOfPage\":{\"@id\":\"https:\\\/\\\/amorpazy-cp515.wordpresstemporal.com\\\/amorpazycaridad.es\\\/fascinacion-por-vanidad\\\/\"},\"wordCount\":1373,\"commentCount\":0,\"publisher\":{\"@id\":\"https:\\\/\\\/amorpazy-cp515.wordpresstemporal.com\\\/amorpazycaridad.es\\\/#organization\"},\"image\":{\"@id\":\"https:\\\/\\\/amorpazy-cp515.wordpresstemporal.com\\\/amorpazycaridad.es\\\/fascinacion-por-vanidad\\\/#primaryimage\"},\"thumbnailUrl\":\"https:\\\/\\\/amorpazy-cp515.wordpresstemporal.com\\\/amorpazycaridad.es\\\/wp-content\\\/uploads\\\/2024\\\/10\\\/Fascinacion.png\",\"keywords\":[\"afinidad energ\u00e9tica y mental\",\"aislamiento vanidoso\",\"analisis imparcial\",\"cotejar comunicaciones\",\"estudiar y comparar comunicaciones\",\"falsos escogidos\",\"ilusi\u00f3n y fascinaci\u00f3n\",\"juicio paralizado\",\"maestros espirituales\",\"m\u00e9dium fascinado\",\"obsesi\u00f3n por fascinaci\u00f3n\",\"raciocinio perturbado\"],\"articleSection\":[\"Editorial\"],\"inLanguage\":\"es\",\"potentialAction\":[{\"@type\":\"CommentAction\",\"name\":\"Comment\",\"target\":[\"https:\\\/\\\/amorpazy-cp515.wordpresstemporal.com\\\/amorpazycaridad.es\\\/fascinacion-por-vanidad\\\/#respond\"]}]},{\"@type\":\"WebPage\",\"@id\":\"https:\\\/\\\/amorpazy-cp515.wordpresstemporal.com\\\/amorpazycaridad.es\\\/fascinacion-por-vanidad\\\/\",\"url\":\"https:\\\/\\\/amorpazy-cp515.wordpresstemporal.com\\\/amorpazycaridad.es\\\/fascinacion-por-vanidad\\\/\",\"name\":\"FASCINACI\u00d3N POR VANIDAD | AMOR, PAZ Y CARIDAD | A.P.C.\",\"isPartOf\":{\"@id\":\"https:\\\/\\\/amorpazy-cp515.wordpresstemporal.com\\\/amorpazycaridad.es\\\/#website\"},\"primaryImageOfPage\":{\"@id\":\"https:\\\/\\\/amorpazy-cp515.wordpresstemporal.com\\\/amorpazycaridad.es\\\/fascinacion-por-vanidad\\\/#primaryimage\"},\"image\":{\"@id\":\"https:\\\/\\\/amorpazy-cp515.wordpresstemporal.com\\\/amorpazycaridad.es\\\/fascinacion-por-vanidad\\\/#primaryimage\"},\"thumbnailUrl\":\"https:\\\/\\\/amorpazy-cp515.wordpresstemporal.com\\\/amorpazycaridad.es\\\/wp-content\\\/uploads\\\/2024\\\/10\\\/Fascinacion.png\",\"datePublished\":\"2024-11-01T07:22:30+00:00\",\"dateModified\":\"2024-11-29T17:05:37+00:00\",\"description\":\"Fascinaci\u00f3n por vanidad. Muchos que pretenden trabajar desde el otro lado estando en este, a veces, por desconocimiento confunden deseos...\",\"breadcrumb\":{\"@id\":\"https:\\\/\\\/amorpazy-cp515.wordpresstemporal.com\\\/amorpazycaridad.es\\\/fascinacion-por-vanidad\\\/#breadcrumb\"},\"inLanguage\":\"es\",\"potentialAction\":[{\"@type\":\"ReadAction\",\"target\":[\"https:\\\/\\\/amorpazy-cp515.wordpresstemporal.com\\\/amorpazycaridad.es\\\/fascinacion-por-vanidad\\\/\"]}]},{\"@type\":\"ImageObject\",\"inLanguage\":\"es\",\"@id\":\"https:\\\/\\\/amorpazy-cp515.wordpresstemporal.com\\\/amorpazycaridad.es\\\/fascinacion-por-vanidad\\\/#primaryimage\",\"url\":\"https:\\\/\\\/amorpazy-cp515.wordpresstemporal.com\\\/amorpazycaridad.es\\\/wp-content\\\/uploads\\\/2024\\\/10\\\/Fascinacion.png\",\"contentUrl\":\"https:\\\/\\\/amorpazy-cp515.wordpresstemporal.com\\\/amorpazycaridad.es\\\/wp-content\\\/uploads\\\/2024\\\/10\\\/Fascinacion.png\",\"width\":698,\"height\":421,\"caption\":\"Fascinaci\u00f3n por vanidad\"},{\"@type\":\"BreadcrumbList\",\"@id\":\"https:\\\/\\\/amorpazy-cp515.wordpresstemporal.com\\\/amorpazycaridad.es\\\/fascinacion-por-vanidad\\\/#breadcrumb\",\"itemListElement\":[{\"@type\":\"ListItem\",\"position\":1,\"name\":\"Portada\",\"item\":\"https:\\\/\\\/amorpazy-cp515.wordpresstemporal.com\\\/amorpazycaridad.es\\\/\"},{\"@type\":\"ListItem\",\"position\":2,\"name\":\"FASCINACI\u00d3N POR VANIDAD\"}]},{\"@type\":\"WebSite\",\"@id\":\"https:\\\/\\\/amorpazy-cp515.wordpresstemporal.com\\\/amorpazycaridad.es\\\/#website\",\"url\":\"https:\\\/\\\/amorpazy-cp515.wordpresstemporal.com\\\/amorpazycaridad.es\\\/\",\"name\":\"Amor, paz caridad\",\"description\":\"Conocimiento espiritual, espiritismo, espiritualismo, leyes universales, m\u00e1s all\u00e1, vida despu\u00e9s de la vida,\",\"publisher\":{\"@id\":\"https:\\\/\\\/amorpazy-cp515.wordpresstemporal.com\\\/amorpazycaridad.es\\\/#organization\"},\"potentialAction\":[{\"@type\":\"SearchAction\",\"target\":{\"@type\":\"EntryPoint\",\"urlTemplate\":\"https:\\\/\\\/amorpazy-cp515.wordpresstemporal.com\\\/amorpazycaridad.es\\\/?s={search_term_string}\"},\"query-input\":{\"@type\":\"PropertyValueSpecification\",\"valueRequired\":true,\"valueName\":\"search_term_string\"}}],\"inLanguage\":\"es\"},{\"@type\":\"Organization\",\"@id\":\"https:\\\/\\\/amorpazy-cp515.wordpresstemporal.com\\\/amorpazycaridad.es\\\/#organization\",\"name\":\"Asociaci\u00f3n de Estudios Espirituales Grupo Villena\",\"url\":\"https:\\\/\\\/amorpazy-cp515.wordpresstemporal.com\\\/amorpazycaridad.es\\\/\",\"logo\":{\"@type\":\"ImageObject\",\"inLanguage\":\"es\",\"@id\":\"https:\\\/\\\/amorpazy-cp515.wordpresstemporal.com\\\/amorpazycaridad.es\\\/#\\\/schema\\\/logo\\\/image\\\/\",\"url\":\"https:\\\/\\\/amorpazycaridad.es\\\/wp-content\\\/uploads\\\/2015\\\/01\\\/logo-fav-e1420247830294.jpg\",\"contentUrl\":\"https:\\\/\\\/amorpazycaridad.es\\\/wp-content\\\/uploads\\\/2015\\\/01\\\/logo-fav-e1420247830294.jpg\",\"width\":144,\"height\":144,\"caption\":\"Asociaci\u00f3n de Estudios Espirituales Grupo Villena\"},\"image\":{\"@id\":\"https:\\\/\\\/amorpazy-cp515.wordpresstemporal.com\\\/amorpazycaridad.es\\\/#\\\/schema\\\/logo\\\/image\\\/\"},\"sameAs\":[\"http:\\\/\\\/www.facebook.com\\\/pages\\\/Amor-paz-y-caridad\\\/1594978604096866\",\"https:\\\/\\\/x.com\\\/amorpazycaridad\",\"https:\\\/\\\/es.pinterest.com\\\/amorpazycaridad\\\/\",\"https:\\\/\\\/www.youtube.com\\\/channel\\\/UC1GvDIDCLoL02SzOD7NJdrA\"]},{\"@type\":\"Person\",\"@id\":\"https:\\\/\\\/amorpazy-cp515.wordpresstemporal.com\\\/amorpazycaridad.es\\\/#\\\/schema\\\/person\\\/9bb91446fe35912789a5f9ddc809a489\",\"name\":\"Antonio Lledo\",\"image\":{\"@type\":\"ImageObject\",\"inLanguage\":\"es\",\"@id\":\"https:\\\/\\\/secure.gravatar.com\\\/avatar\\\/f35d605add8b8ad5dba8f313c64321ce2a64c9ed845304541bc11a8d237b4e25?s=96&d=mm&r=gc194a3c801272edfeb6b62cc613a179f\",\"url\":\"https:\\\/\\\/secure.gravatar.com\\\/avatar\\\/f35d605add8b8ad5dba8f313c64321ce2a64c9ed845304541bc11a8d237b4e25?s=96&d=mm&r=g\",\"contentUrl\":\"https:\\\/\\\/secure.gravatar.com\\\/avatar\\\/f35d605add8b8ad5dba8f313c64321ce2a64c9ed845304541bc11a8d237b4e25?s=96&d=mm&r=g\",\"caption\":\"Antonio Lledo\"},\"url\":\"https:\\\/\\\/amorpazy-cp515.wordpresstemporal.com\\\/amorpazycaridad.es\\\/author\\\/antonio-admin\\\/\"}]}<\/script>\n<!-- \/ Yoast SEO plugin. -->","yoast_head_json":{"title":"FASCINACI\u00d3N POR VANIDAD | AMOR, PAZ Y CARIDAD | A.P.C.","description":"Fascinaci\u00f3n por vanidad. Muchos que pretenden trabajar desde el otro lado estando en este, a veces, por desconocimiento confunden deseos...","robots":{"index":"index","follow":"follow","max-snippet":"max-snippet:-1","max-image-preview":"max-image-preview:large","max-video-preview":"max-video-preview:-1"},"canonical":"https:\/\/amorpazy-cp515.wordpresstemporal.com\/amorpazycaridad.es\/fascinacion-por-vanidad\/","og_locale":"es_ES","og_type":"article","og_title":"FASCINACI\u00d3N POR VANIDAD | AMOR, PAZ Y CARIDAD | A.P.C.","og_description":"Fascinaci\u00f3n por vanidad. Muchos que pretenden trabajar desde el otro lado estando en este, a veces, por desconocimiento confunden deseos...","og_url":"https:\/\/amorpazy-cp515.wordpresstemporal.com\/amorpazycaridad.es\/fascinacion-por-vanidad\/","og_site_name":"Amor, paz caridad","article_publisher":"http:\/\/www.facebook.com\/pages\/Amor-paz-y-caridad\/1594978604096866","article_published_time":"2024-11-01T07:22:30+00:00","article_modified_time":"2024-11-29T17:05:37+00:00","og_image":[{"width":698,"height":421,"url":"https:\/\/amorpazy-cp515.wordpresstemporal.com\/amorpazycaridad.es\/wp-content\/uploads\/2024\/10\/Fascinacion.png","type":"image\/png"}],"author":"Redaccion, Redaccion revista","twitter_card":"summary_large_image","twitter_creator":"@amorpazycaridad","twitter_site":"@amorpazycaridad","twitter_misc":{"Escrito por":"Antonio Lledo","Tiempo de lectura":"7 minutos"},"schema":{"@context":"https:\/\/schema.org","@graph":[{"@type":"Article","@id":"https:\/\/amorpazy-cp515.wordpresstemporal.com\/amorpazycaridad.es\/fascinacion-por-vanidad\/#article","isPartOf":{"@id":"https:\/\/amorpazy-cp515.wordpresstemporal.com\/amorpazycaridad.es\/fascinacion-por-vanidad\/"},"author":{"name":"Antonio Lledo","@id":"https:\/\/amorpazy-cp515.wordpresstemporal.com\/amorpazycaridad.es\/#\/schema\/person\/9bb91446fe35912789a5f9ddc809a489"},"headline":"FASCINACI\u00d3N POR VANIDAD","datePublished":"2024-11-01T07:22:30+00:00","dateModified":"2024-11-29T17:05:37+00:00","mainEntityOfPage":{"@id":"https:\/\/amorpazy-cp515.wordpresstemporal.com\/amorpazycaridad.es\/fascinacion-por-vanidad\/"},"wordCount":1373,"commentCount":0,"publisher":{"@id":"https:\/\/amorpazy-cp515.wordpresstemporal.com\/amorpazycaridad.es\/#organization"},"image":{"@id":"https:\/\/amorpazy-cp515.wordpresstemporal.com\/amorpazycaridad.es\/fascinacion-por-vanidad\/#primaryimage"},"thumbnailUrl":"https:\/\/amorpazy-cp515.wordpresstemporal.com\/amorpazycaridad.es\/wp-content\/uploads\/2024\/10\/Fascinacion.png","keywords":["afinidad energ\u00e9tica y mental","aislamiento vanidoso","analisis imparcial","cotejar comunicaciones","estudiar y comparar comunicaciones","falsos escogidos","ilusi\u00f3n y fascinaci\u00f3n","juicio paralizado","maestros espirituales","m\u00e9dium fascinado","obsesi\u00f3n por fascinaci\u00f3n","raciocinio perturbado"],"articleSection":["Editorial"],"inLanguage":"es","potentialAction":[{"@type":"CommentAction","name":"Comment","target":["https:\/\/amorpazy-cp515.wordpresstemporal.com\/amorpazycaridad.es\/fascinacion-por-vanidad\/#respond"]}]},{"@type":"WebPage","@id":"https:\/\/amorpazy-cp515.wordpresstemporal.com\/amorpazycaridad.es\/fascinacion-por-vanidad\/","url":"https:\/\/amorpazy-cp515.wordpresstemporal.com\/amorpazycaridad.es\/fascinacion-por-vanidad\/","name":"FASCINACI\u00d3N POR VANIDAD | AMOR, PAZ Y CARIDAD | A.P.C.","isPartOf":{"@id":"https:\/\/amorpazy-cp515.wordpresstemporal.com\/amorpazycaridad.es\/#website"},"primaryImageOfPage":{"@id":"https:\/\/amorpazy-cp515.wordpresstemporal.com\/amorpazycaridad.es\/fascinacion-por-vanidad\/#primaryimage"},"image":{"@id":"https:\/\/amorpazy-cp515.wordpresstemporal.com\/amorpazycaridad.es\/fascinacion-por-vanidad\/#primaryimage"},"thumbnailUrl":"https:\/\/amorpazy-cp515.wordpresstemporal.com\/amorpazycaridad.es\/wp-content\/uploads\/2024\/10\/Fascinacion.png","datePublished":"2024-11-01T07:22:30+00:00","dateModified":"2024-11-29T17:05:37+00:00","description":"Fascinaci\u00f3n por vanidad. Muchos que pretenden trabajar desde el otro lado estando en este, a veces, por desconocimiento confunden deseos...","breadcrumb":{"@id":"https:\/\/amorpazy-cp515.wordpresstemporal.com\/amorpazycaridad.es\/fascinacion-por-vanidad\/#breadcrumb"},"inLanguage":"es","potentialAction":[{"@type":"ReadAction","target":["https:\/\/amorpazy-cp515.wordpresstemporal.com\/amorpazycaridad.es\/fascinacion-por-vanidad\/"]}]},{"@type":"ImageObject","inLanguage":"es","@id":"https:\/\/amorpazy-cp515.wordpresstemporal.com\/amorpazycaridad.es\/fascinacion-por-vanidad\/#primaryimage","url":"https:\/\/amorpazy-cp515.wordpresstemporal.com\/amorpazycaridad.es\/wp-content\/uploads\/2024\/10\/Fascinacion.png","contentUrl":"https:\/\/amorpazy-cp515.wordpresstemporal.com\/amorpazycaridad.es\/wp-content\/uploads\/2024\/10\/Fascinacion.png","width":698,"height":421,"caption":"Fascinaci\u00f3n por vanidad"},{"@type":"BreadcrumbList","@id":"https:\/\/amorpazy-cp515.wordpresstemporal.com\/amorpazycaridad.es\/fascinacion-por-vanidad\/#breadcrumb","itemListElement":[{"@type":"ListItem","position":1,"name":"Portada","item":"https:\/\/amorpazy-cp515.wordpresstemporal.com\/amorpazycaridad.es\/"},{"@type":"ListItem","position":2,"name":"FASCINACI\u00d3N POR VANIDAD"}]},{"@type":"WebSite","@id":"https:\/\/amorpazy-cp515.wordpresstemporal.com\/amorpazycaridad.es\/#website","url":"https:\/\/amorpazy-cp515.wordpresstemporal.com\/amorpazycaridad.es\/","name":"Amor, paz caridad","description":"Conocimiento espiritual, espiritismo, espiritualismo, leyes universales, m\u00e1s all\u00e1, vida despu\u00e9s de la vida,","publisher":{"@id":"https:\/\/amorpazy-cp515.wordpresstemporal.com\/amorpazycaridad.es\/#organization"},"potentialAction":[{"@type":"SearchAction","target":{"@type":"EntryPoint","urlTemplate":"https:\/\/amorpazy-cp515.wordpresstemporal.com\/amorpazycaridad.es\/?s={search_term_string}"},"query-input":{"@type":"PropertyValueSpecification","valueRequired":true,"valueName":"search_term_string"}}],"inLanguage":"es"},{"@type":"Organization","@id":"https:\/\/amorpazy-cp515.wordpresstemporal.com\/amorpazycaridad.es\/#organization","name":"Asociaci\u00f3n de Estudios Espirituales Grupo Villena","url":"https:\/\/amorpazy-cp515.wordpresstemporal.com\/amorpazycaridad.es\/","logo":{"@type":"ImageObject","inLanguage":"es","@id":"https:\/\/amorpazy-cp515.wordpresstemporal.com\/amorpazycaridad.es\/#\/schema\/logo\/image\/","url":"https:\/\/amorpazycaridad.es\/wp-content\/uploads\/2015\/01\/logo-fav-e1420247830294.jpg","contentUrl":"https:\/\/amorpazycaridad.es\/wp-content\/uploads\/2015\/01\/logo-fav-e1420247830294.jpg","width":144,"height":144,"caption":"Asociaci\u00f3n de Estudios Espirituales Grupo Villena"},"image":{"@id":"https:\/\/amorpazy-cp515.wordpresstemporal.com\/amorpazycaridad.es\/#\/schema\/logo\/image\/"},"sameAs":["http:\/\/www.facebook.com\/pages\/Amor-paz-y-caridad\/1594978604096866","https:\/\/x.com\/amorpazycaridad","https:\/\/es.pinterest.com\/amorpazycaridad\/","https:\/\/www.youtube.com\/channel\/UC1GvDIDCLoL02SzOD7NJdrA"]},{"@type":"Person","@id":"https:\/\/amorpazy-cp515.wordpresstemporal.com\/amorpazycaridad.es\/#\/schema\/person\/9bb91446fe35912789a5f9ddc809a489","name":"Antonio Lledo","image":{"@type":"ImageObject","inLanguage":"es","@id":"https:\/\/secure.gravatar.com\/avatar\/f35d605add8b8ad5dba8f313c64321ce2a64c9ed845304541bc11a8d237b4e25?s=96&d=mm&r=gc194a3c801272edfeb6b62cc613a179f","url":"https:\/\/secure.gravatar.com\/avatar\/f35d605add8b8ad5dba8f313c64321ce2a64c9ed845304541bc11a8d237b4e25?s=96&d=mm&r=g","contentUrl":"https:\/\/secure.gravatar.com\/avatar\/f35d605add8b8ad5dba8f313c64321ce2a64c9ed845304541bc11a8d237b4e25?s=96&d=mm&r=g","caption":"Antonio Lledo"},"url":"https:\/\/amorpazy-cp515.wordpresstemporal.com\/amorpazycaridad.es\/author\/antonio-admin\/"}]}},"authors":[{"term_id":396,"user_id":0,"is_guest":1,"slug":"cap-redaccion","display_name":"Redaccion","avatar_url":"https:\/\/secure.gravatar.com\/avatar\/?s=96&d=mm&r=g","0":null,"1":"","2":"","3":"","4":"","5":"","6":"","7":"","8":""},{"term_id":520,"user_id":0,"is_guest":1,"slug":"cap-redaccion-revista","display_name":"Redaccion revista","avatar_url":"https:\/\/secure.gravatar.com\/avatar\/?s=96&d=mm&r=g","0":null,"1":"","2":"","3":"","4":"","5":"","6":"","7":"","8":""}],"_links":{"self":[{"href":"https:\/\/amorpazy-cp515.wordpresstemporal.com\/amorpazycaridad.es\/wp-json\/wp\/v2\/posts\/19408","targetHints":{"allow":["GET"]}}],"collection":[{"href":"https:\/\/amorpazy-cp515.wordpresstemporal.com\/amorpazycaridad.es\/wp-json\/wp\/v2\/posts"}],"about":[{"href":"https:\/\/amorpazy-cp515.wordpresstemporal.com\/amorpazycaridad.es\/wp-json\/wp\/v2\/types\/post"}],"author":[{"embeddable":true,"href":"https:\/\/amorpazy-cp515.wordpresstemporal.com\/amorpazycaridad.es\/wp-json\/wp\/v2\/users\/490"}],"replies":[{"embeddable":true,"href":"https:\/\/amorpazy-cp515.wordpresstemporal.com\/amorpazycaridad.es\/wp-json\/wp\/v2\/comments?post=19408"}],"version-history":[{"count":10,"href":"https:\/\/amorpazy-cp515.wordpresstemporal.com\/amorpazycaridad.es\/wp-json\/wp\/v2\/posts\/19408\/revisions"}],"predecessor-version":[{"id":19470,"href":"https:\/\/amorpazy-cp515.wordpresstemporal.com\/amorpazycaridad.es\/wp-json\/wp\/v2\/posts\/19408\/revisions\/19470"}],"wp:featuredmedia":[{"embeddable":true,"href":"https:\/\/amorpazy-cp515.wordpresstemporal.com\/amorpazycaridad.es\/wp-json\/wp\/v2\/media\/19471"}],"wp:attachment":[{"href":"https:\/\/amorpazy-cp515.wordpresstemporal.com\/amorpazycaridad.es\/wp-json\/wp\/v2\/media?parent=19408"}],"wp:term":[{"taxonomy":"category","embeddable":true,"href":"https:\/\/amorpazy-cp515.wordpresstemporal.com\/amorpazycaridad.es\/wp-json\/wp\/v2\/categories?post=19408"},{"taxonomy":"post_tag","embeddable":true,"href":"https:\/\/amorpazy-cp515.wordpresstemporal.com\/amorpazycaridad.es\/wp-json\/wp\/v2\/tags?post=19408"},{"taxonomy":"author","embeddable":true,"href":"https:\/\/amorpazy-cp515.wordpresstemporal.com\/amorpazycaridad.es\/wp-json\/wp\/v2\/ppma_author?post=19408"}],"curies":[{"name":"wp","href":"https:\/\/api.w.org\/{rel}","templated":true}]}}