{"id":187,"date":"2013-06-23T09:42:00","date_gmt":"2013-06-23T07:42:00","guid":{"rendered":"https:\/\/amorpazycaridad.es\/uncategorized\/mensajeros-de-las-estrellas-11\/"},"modified":"2019-02-01T06:42:24","modified_gmt":"2019-02-01T05:42:24","slug":"fenomeno-extraterrestre-ante-la-ciencia","status":"publish","type":"post","link":"https:\/\/amorpazy-cp515.wordpresstemporal.com\/amorpazycaridad.es\/fenomeno-extraterrestre-ante-la-ciencia\/","title":{"rendered":"\u00a0EL FEN\u00d3MENO EXTRATERRESTRE ANTE LA CIENCIA\u00a0"},"content":{"rendered":"<div dir=\"ltr\" style=\"text-align: left;\">\n<div style=\"text-align: justify;\">Continuando con el art\u00edculo del mes pasado, es f\u00e1cil observar c\u00f3mo ha ido evolucionando el pensamiento humano respecto a la posibilidad de vida fuera de nuestro planeta. De hecho existen disciplinas cient\u00edficas que estudian esta hip\u00f3tesis cada d\u00eda m\u00e1s argumentada y aceptada. La astrobiolog\u00eda (\u00e1rea del conocimiento que estudia el origen, la distribuci\u00f3n y el futuro de la vida en el Universo); y la exobiolog\u00eda (la b\u00fasqueda de vida fuera de la Tierra); son ciencias especializadas, relativamente recientes, en las que se estudia con rigor los nuevos hallazgos a trav\u00e9s de las tecnolog\u00edas actuales.<\/div>\n<div style=\"text-align: justify;\">\u00a0 Como vamos viendo, se van dando pasitos importantes, gracias tambi\u00e9n a la enorme contribuci\u00f3n de la exploraci\u00f3n con las \u201csondas espaciales\u201d, que en su recorrido interestelar nos transmiten informaci\u00f3n valiosa respecto a lo que existe fuera, algo a lo que los potentes telescopios de la Tierra no pueden acceder.<\/div>\n<div style=\"text-align: justify;\">\u00a0 \u00a0Por lo tanto, toda la informaci\u00f3n acumulada en las \u00faltimas d\u00e9cadas nos aproxima a las tesis extraterrestres y a la idea de que no estamos solos en el universo. Sin embargo, aunque todas las opiniones son respetables, sobre este tema los prejuicios siguen estando ah\u00ed. A veces se busca en la ciencia un refugio, el pretexto para mantener viejas ideas, y la teor\u00eda c\u00f3moda e inmovilista, desde mi punto de vista equivocada, de que mientras los cient\u00edficos no se pongan de acuerdo y localicen pruebas palpables de la existencia de vida fuera de nuestro orbe, no se pueden admitir otras posibilidades.<\/div>\n<div style=\"text-align: justify;\">\u00a0 Por otro lado, la cada vez mayor aceptaci\u00f3n social de las tesis extraterrestres est\u00e1 provocando un cambio de estrategia en los principales gobiernos mundiales. Los viejos argumentos ya no sirven. Hace ya algunas d\u00e9cadas, la guerra fr\u00eda y la desconfianza may\u00fascula que exist\u00eda entre los pa\u00edses de los dos bloques provocaban un \u201csilencio oficial\u201d ante la falta de respuestas a los signos evidentes en los cielos. Nos referimos al fen\u00f3meno OVNI. La posibilidad de utilizaci\u00f3n de prototipos, aviones experimentales secretos por parte de las dos principales potencias, provocaba un mutismo y una clasificaci\u00f3n autom\u00e1tica de los incidentes a\u00e9reos para no quedar en evidencia ante el mundo. La opini\u00f3n p\u00fablica se encontraba sin respuestas por parte de las autoridades o con explicaciones peregrinas, como que se trataban, en la mayor\u00eda de los casos, de fen\u00f3menos atmosf\u00e9ricos, sat\u00e9lites, etc. No obstante las pruebas de avistamientos en muchos puntos del planeta quedaban patentes, y sobre todo la imposibilidad de que con los medios tecnol\u00f3gicos militares actuales no fueran capaces de neutralizar ni someter a estos \u201cobjetos extra\u00f1os\u201d. Adem\u00e1s, extraoficialmente muchos pilotos as\u00ed como controladores a\u00e9reos admiten avistamientos y experiencias, que ponen de relieve la diferencia tecnol\u00f3gica abismal existente entre los venidos del espacio exterior y nosotros.<\/div>\n<div style=\"text-align: justify;\">\u00a0 Actualmente, los argumentos por parte de los gobiernos han cambiado. Algunos de sus portavoces admiten la posibilidad de ser visitados por otras civilizaciones, pero \u00a1cuidado!, hay que estar prevenidos por si sus intenciones no son buenas. Es decir, la actitud proteccionista y de transmitir la imagen de dominio sobre la situaci\u00f3n vuelve a aparecer. Inoculan un cierto temor en la poblaci\u00f3n desprovista de suficiente informaci\u00f3n para mantener el control. Por ejemplo, con ideas como que, sus intenciones pueden ser las de expoliar nuestros recursos ya que los \u201csuyos\u201d se han agotado, o simplemente con intenciones imperialistas y de dominio sobre los habitantes terrestres.\u201cHay que estar preparados, por si acaso\u201d.<\/div>\n<div style=\"text-align: justify;\">\u00a0 Sobre este \u00faltimo punto decir: \u00a1Nada m\u00e1s lejos de la realidad! Si hubiesen querido dominarnos o expoliarnos lo habr\u00edan podido hacer en otros tiempos, sobre todo, en \u00e9pocas en donde la tecnolog\u00eda no estaba desarrollada a\u00fan, ya que existen numerosos testimonios que nos hablan de visitas en el pasado, incluso en \u00e9pocas muy remotas. Por lo tanto su actitud y comportamiento siempre ha sido positiva.<\/div>\n<div style=\"text-align: justify;\">\u00a0 Precisamente, al no tener en cuenta el elemento espiritual se genera todo tipo de interpretaciones sobre el fen\u00f3meno, y se ignora la gran trascendencia que supone para el devenir de la humanidad presente, y sobre todo futura.<\/div>\n<div style=\"text-align: justify;\">\u00a0 Si analizamos desde el punto de vista espiritual, por un lado, los datos objetivos que nos aportan las investigaciones cient\u00edficas, y por otro, la casu\u00edstica de los avistamientos, comprenderemos que todo apunta hacia una realidad clara e inconfundible. La vida existe fuera de nuestro globo y somos visitados por pobladores de otros planetas con una finalidad superior. Su trabajo, en apariencia testimonial, no es apreciado todav\u00eda por las grandes masas; m\u00e1s bien se malinterpreta y se desv\u00eda, como coment\u00e1bamos anteriormente, por caminos que lo banalizan e incluso a veces lo desprestigian. Sin embargo, los acontecimientos siguen su curso, cada vez m\u00e1s son los grupos que estudian seriamente el tema, sin caer en los extremos de la fantas\u00eda y fanatismo; o por el lado de la superficialidad de la fenomenolog\u00eda sin m\u00e1s.<\/div>\n<div style=\"text-align: justify;\">\u00a0 Estudiando las leyes universales, podemos comprender que nada est\u00e1 sujeto al azar. La casualidad o la suerte no existen. El devenir de esta humanidad, como el de otras, est\u00e1 sujeto a procesos que los visitantes de otros planetas conocen muy bien.<\/div>\n<div style=\"text-align: justify;\">\u00a0 En los pr\u00f3ximos art\u00edculos iremos profundizando sobre estos aspectos fundamentales del tema que nos ayudar\u00e1n a encajar las piezas de un mosaico arm\u00f3nico y coherente, para nada re\u00f1ido con los conceptos trascendentales de la vida espiritual y f\u00edsica.<\/div>\n<div style=\"text-align: justify;\"><\/div>\n<div style=\"text-align: right;\">El fen\u00f3meno extraterrestre ante la ciencia por J.M.M.C.<\/p>\n<p>\u00a9 Grupo Villena 2013<\/p>\n<\/div>\n<\/div>\n","protected":false},"excerpt":{"rendered":"<p>Continuando con el art\u00edculo del mes pasado, es f\u00e1cil observar c\u00f3mo ha ido evolucionando el pensamiento humano respecto a la posibilidad de vida fuera de nuestro planeta. De hecho existen disciplinas cient\u00edficas que estudian esta hip\u00f3tesis cada d\u00eda m\u00e1s argumentada y aceptada. La astrobiolog\u00eda (\u00e1rea del conocimiento que estudia el origen, la distribuci\u00f3n y el [&hellip;]<\/p>\n","protected":false},"author":5,"featured_media":10801,"comment_status":"open","ping_status":"open","sticky":false,"template":"","format":"standard","meta":{"tdm_status":"","tdm_grid_status":"","footnotes":""},"categories":[38],"tags":[547,548,2229,544,551],"ppma_author":[408],"class_list":{"0":"post-187","1":"post","2":"type-post","3":"status-publish","4":"format-standard","5":"has-post-thumbnail","7":"category-mensajeros-de-las-estrellas","8":"tag-abducidos","9":"tag-contacto-extraterrestre","10":"tag-extraterrestres","11":"tag-ovni","12":"tag-platillo-volante"},"yoast_head":"<!-- This site is optimized with the Yoast SEO plugin v27.7 - https:\/\/yoast.com\/product\/yoast-seo-wordpress\/ -->\n<title>\u00a0EL FEN\u00d3MENO EXTRATERRESTRE ANTE LA CIENCIA\u00a0 | APC<\/title>\n<meta name=\"description\" content=\"El fen\u00f3meno extraterrestre ante la ciencia. Por lo tanto, toda la informaci\u00f3n acumulada en las \u00faltimas d\u00e9cadas nos aproxima a las tesis extraterrestres y...\" \/>\n<meta name=\"robots\" content=\"index, follow, max-snippet:-1, max-image-preview:large, max-video-preview:-1\" \/>\n<link rel=\"canonical\" href=\"https:\/\/amorpazy-cp515.wordpresstemporal.com\/amorpazycaridad.es\/fenomeno-extraterrestre-ante-la-ciencia\/\" \/>\n<meta property=\"og:locale\" content=\"es_ES\" \/>\n<meta property=\"og:type\" content=\"article\" \/>\n<meta property=\"og:title\" content=\"\u00a0EL FEN\u00d3MENO EXTRATERRESTRE ANTE LA CIENCIA\u00a0 | APC\" \/>\n<meta property=\"og:description\" content=\"El fen\u00f3meno extraterrestre ante la ciencia. Por lo tanto, toda la informaci\u00f3n acumulada en las \u00faltimas d\u00e9cadas nos aproxima a las tesis extraterrestres y...\" \/>\n<meta property=\"og:url\" content=\"https:\/\/amorpazy-cp515.wordpresstemporal.com\/amorpazycaridad.es\/fenomeno-extraterrestre-ante-la-ciencia\/\" \/>\n<meta property=\"og:site_name\" content=\"Amor, paz caridad\" \/>\n<meta property=\"article:publisher\" content=\"http:\/\/www.facebook.com\/pages\/Amor-paz-y-caridad\/1594978604096866\" \/>\n<meta property=\"article:published_time\" content=\"2013-06-23T07:42:00+00:00\" \/>\n<meta property=\"article:modified_time\" content=\"2019-02-01T05:42:24+00:00\" \/>\n<meta property=\"og:image\" content=\"https:\/\/amorpazy-cp515.wordpresstemporal.com\/amorpazycaridad.es\/wp-content\/uploads\/2013\/06\/Extraterrestres-ciencia.jpg\" \/>\n\t<meta property=\"og:image:width\" content=\"720\" \/>\n\t<meta property=\"og:image:height\" content=\"350\" \/>\n\t<meta property=\"og:image:type\" content=\"image\/jpeg\" \/>\n<meta name=\"author\" content=\"Jose Manuel\" \/>\n<meta name=\"twitter:card\" content=\"summary_large_image\" \/>\n<meta name=\"twitter:creator\" content=\"@amorpazycaridad\" \/>\n<meta name=\"twitter:site\" content=\"@amorpazycaridad\" \/>\n<meta name=\"twitter:label1\" content=\"Escrito por\" \/>\n\t<meta name=\"twitter:data1\" content=\"Jos\u00e9 Manuel Meseguer Clemente\" \/>\n\t<meta name=\"twitter:label2\" content=\"Tiempo de lectura\" \/>\n\t<meta name=\"twitter:data2\" content=\"5 minutos\" \/>\n<script type=\"application\/ld+json\" class=\"yoast-schema-graph\">{\"@context\":\"https:\\\/\\\/schema.org\",\"@graph\":[{\"@type\":\"Article\",\"@id\":\"https:\\\/\\\/amorpazy-cp515.wordpresstemporal.com\\\/amorpazycaridad.es\\\/fenomeno-extraterrestre-ante-la-ciencia\\\/#article\",\"isPartOf\":{\"@id\":\"https:\\\/\\\/amorpazy-cp515.wordpresstemporal.com\\\/amorpazycaridad.es\\\/fenomeno-extraterrestre-ante-la-ciencia\\\/\"},\"author\":{\"name\":\"Jos\u00e9 Manuel Meseguer Clemente\",\"@id\":\"https:\\\/\\\/amorpazy-cp515.wordpresstemporal.com\\\/amorpazycaridad.es\\\/#\\\/schema\\\/person\\\/6f0cedb316ce549a85d79dba9ebb353e\"},\"headline\":\"\u00a0EL FEN\u00d3MENO EXTRATERRESTRE ANTE LA CIENCIA\u00a0\",\"datePublished\":\"2013-06-23T07:42:00+00:00\",\"dateModified\":\"2019-02-01T05:42:24+00:00\",\"mainEntityOfPage\":{\"@id\":\"https:\\\/\\\/amorpazy-cp515.wordpresstemporal.com\\\/amorpazycaridad.es\\\/fenomeno-extraterrestre-ante-la-ciencia\\\/\"},\"wordCount\":958,\"commentCount\":0,\"publisher\":{\"@id\":\"https:\\\/\\\/amorpazy-cp515.wordpresstemporal.com\\\/amorpazycaridad.es\\\/#organization\"},\"image\":{\"@id\":\"https:\\\/\\\/amorpazy-cp515.wordpresstemporal.com\\\/amorpazycaridad.es\\\/fenomeno-extraterrestre-ante-la-ciencia\\\/#primaryimage\"},\"thumbnailUrl\":\"https:\\\/\\\/amorpazy-cp515.wordpresstemporal.com\\\/amorpazycaridad.es\\\/wp-content\\\/uploads\\\/2013\\\/06\\\/Extraterrestres-ciencia.jpg\",\"keywords\":[\"abducidos\",\"contacto extraterrestre\",\"Extraterrestres\",\"ovni\",\"platillo volante\"],\"articleSection\":[\"Mensajeros de las estrellas\"],\"inLanguage\":\"es\",\"potentialAction\":[{\"@type\":\"CommentAction\",\"name\":\"Comment\",\"target\":[\"https:\\\/\\\/amorpazy-cp515.wordpresstemporal.com\\\/amorpazycaridad.es\\\/fenomeno-extraterrestre-ante-la-ciencia\\\/#respond\"]}]},{\"@type\":\"WebPage\",\"@id\":\"https:\\\/\\\/amorpazy-cp515.wordpresstemporal.com\\\/amorpazycaridad.es\\\/fenomeno-extraterrestre-ante-la-ciencia\\\/\",\"url\":\"https:\\\/\\\/amorpazy-cp515.wordpresstemporal.com\\\/amorpazycaridad.es\\\/fenomeno-extraterrestre-ante-la-ciencia\\\/\",\"name\":\"\u00a0EL FEN\u00d3MENO EXTRATERRESTRE ANTE LA CIENCIA\u00a0 | APC\",\"isPartOf\":{\"@id\":\"https:\\\/\\\/amorpazy-cp515.wordpresstemporal.com\\\/amorpazycaridad.es\\\/#website\"},\"primaryImageOfPage\":{\"@id\":\"https:\\\/\\\/amorpazy-cp515.wordpresstemporal.com\\\/amorpazycaridad.es\\\/fenomeno-extraterrestre-ante-la-ciencia\\\/#primaryimage\"},\"image\":{\"@id\":\"https:\\\/\\\/amorpazy-cp515.wordpresstemporal.com\\\/amorpazycaridad.es\\\/fenomeno-extraterrestre-ante-la-ciencia\\\/#primaryimage\"},\"thumbnailUrl\":\"https:\\\/\\\/amorpazy-cp515.wordpresstemporal.com\\\/amorpazycaridad.es\\\/wp-content\\\/uploads\\\/2013\\\/06\\\/Extraterrestres-ciencia.jpg\",\"datePublished\":\"2013-06-23T07:42:00+00:00\",\"dateModified\":\"2019-02-01T05:42:24+00:00\",\"description\":\"El fen\u00f3meno extraterrestre ante la ciencia. Por lo tanto, toda la informaci\u00f3n acumulada en las \u00faltimas d\u00e9cadas nos aproxima a las tesis extraterrestres y...\",\"breadcrumb\":{\"@id\":\"https:\\\/\\\/amorpazy-cp515.wordpresstemporal.com\\\/amorpazycaridad.es\\\/fenomeno-extraterrestre-ante-la-ciencia\\\/#breadcrumb\"},\"inLanguage\":\"es\",\"potentialAction\":[{\"@type\":\"ReadAction\",\"target\":[\"https:\\\/\\\/amorpazy-cp515.wordpresstemporal.com\\\/amorpazycaridad.es\\\/fenomeno-extraterrestre-ante-la-ciencia\\\/\"]}]},{\"@type\":\"ImageObject\",\"inLanguage\":\"es\",\"@id\":\"https:\\\/\\\/amorpazy-cp515.wordpresstemporal.com\\\/amorpazycaridad.es\\\/fenomeno-extraterrestre-ante-la-ciencia\\\/#primaryimage\",\"url\":\"https:\\\/\\\/amorpazy-cp515.wordpresstemporal.com\\\/amorpazycaridad.es\\\/wp-content\\\/uploads\\\/2013\\\/06\\\/Extraterrestres-ciencia.jpg\",\"contentUrl\":\"https:\\\/\\\/amorpazy-cp515.wordpresstemporal.com\\\/amorpazycaridad.es\\\/wp-content\\\/uploads\\\/2013\\\/06\\\/Extraterrestres-ciencia.jpg\",\"width\":720,\"height\":350,\"caption\":\"El fen\u00f3meno extraterrestre ante la ciencia\"},{\"@type\":\"BreadcrumbList\",\"@id\":\"https:\\\/\\\/amorpazy-cp515.wordpresstemporal.com\\\/amorpazycaridad.es\\\/fenomeno-extraterrestre-ante-la-ciencia\\\/#breadcrumb\",\"itemListElement\":[{\"@type\":\"ListItem\",\"position\":1,\"name\":\"Portada\",\"item\":\"https:\\\/\\\/amorpazy-cp515.wordpresstemporal.com\\\/amorpazycaridad.es\\\/\"},{\"@type\":\"ListItem\",\"position\":2,\"name\":\"\u00a0EL FEN\u00d3MENO EXTRATERRESTRE ANTE LA CIENCIA\u00a0\"}]},{\"@type\":\"WebSite\",\"@id\":\"https:\\\/\\\/amorpazy-cp515.wordpresstemporal.com\\\/amorpazycaridad.es\\\/#website\",\"url\":\"https:\\\/\\\/amorpazy-cp515.wordpresstemporal.com\\\/amorpazycaridad.es\\\/\",\"name\":\"Amor, paz caridad\",\"description\":\"Conocimiento espiritual, espiritismo, espiritualismo, leyes universales, m\u00e1s all\u00e1, vida despu\u00e9s de la vida,\",\"publisher\":{\"@id\":\"https:\\\/\\\/amorpazy-cp515.wordpresstemporal.com\\\/amorpazycaridad.es\\\/#organization\"},\"potentialAction\":[{\"@type\":\"SearchAction\",\"target\":{\"@type\":\"EntryPoint\",\"urlTemplate\":\"https:\\\/\\\/amorpazy-cp515.wordpresstemporal.com\\\/amorpazycaridad.es\\\/?s={search_term_string}\"},\"query-input\":{\"@type\":\"PropertyValueSpecification\",\"valueRequired\":true,\"valueName\":\"search_term_string\"}}],\"inLanguage\":\"es\"},{\"@type\":\"Organization\",\"@id\":\"https:\\\/\\\/amorpazy-cp515.wordpresstemporal.com\\\/amorpazycaridad.es\\\/#organization\",\"name\":\"Asociaci\u00f3n de Estudios Espirituales Grupo Villena\",\"url\":\"https:\\\/\\\/amorpazy-cp515.wordpresstemporal.com\\\/amorpazycaridad.es\\\/\",\"logo\":{\"@type\":\"ImageObject\",\"inLanguage\":\"es\",\"@id\":\"https:\\\/\\\/amorpazy-cp515.wordpresstemporal.com\\\/amorpazycaridad.es\\\/#\\\/schema\\\/logo\\\/image\\\/\",\"url\":\"https:\\\/\\\/amorpazycaridad.es\\\/wp-content\\\/uploads\\\/2015\\\/01\\\/logo-fav-e1420247830294.jpg\",\"contentUrl\":\"https:\\\/\\\/amorpazycaridad.es\\\/wp-content\\\/uploads\\\/2015\\\/01\\\/logo-fav-e1420247830294.jpg\",\"width\":144,\"height\":144,\"caption\":\"Asociaci\u00f3n de Estudios Espirituales Grupo Villena\"},\"image\":{\"@id\":\"https:\\\/\\\/amorpazy-cp515.wordpresstemporal.com\\\/amorpazycaridad.es\\\/#\\\/schema\\\/logo\\\/image\\\/\"},\"sameAs\":[\"http:\\\/\\\/www.facebook.com\\\/pages\\\/Amor-paz-y-caridad\\\/1594978604096866\",\"https:\\\/\\\/x.com\\\/amorpazycaridad\",\"https:\\\/\\\/es.pinterest.com\\\/amorpazycaridad\\\/\",\"https:\\\/\\\/www.youtube.com\\\/channel\\\/UC1GvDIDCLoL02SzOD7NJdrA\"]},{\"@type\":\"Person\",\"@id\":\"https:\\\/\\\/amorpazy-cp515.wordpresstemporal.com\\\/amorpazycaridad.es\\\/#\\\/schema\\\/person\\\/6f0cedb316ce549a85d79dba9ebb353e\",\"name\":\"Jos\u00e9 Manuel Meseguer Clemente\",\"image\":{\"@type\":\"ImageObject\",\"inLanguage\":\"es\",\"@id\":\"https:\\\/\\\/amorpazycaridad.es\\\/wp-content\\\/uploads\\\/2017\\\/11\\\/Archivo-1-11-17-12-31-35-96x96.jpegfd114e27cec70eafcf7bb076099603b6\",\"url\":\"https:\\\/\\\/amorpazycaridad.es\\\/wp-content\\\/uploads\\\/2017\\\/11\\\/Archivo-1-11-17-12-31-35-96x96.jpeg\",\"contentUrl\":\"https:\\\/\\\/amorpazycaridad.es\\\/wp-content\\\/uploads\\\/2017\\\/11\\\/Archivo-1-11-17-12-31-35-96x96.jpeg\",\"caption\":\"Jos\u00e9 Manuel Meseguer Clemente\"},\"description\":\"Jose Manuel Meseguer Clemente . Profesionalmente se dedica al Transporte Mar\u00edtimo. Autodidacta, divulgador y escritor. Como miembro del Grupo Villena desde hace m\u00e1s de 30 a\u00f1os, ha ofrecido conferencias y participado en diversos eventos, simposios y congresos, tanto nacionales como internacionales. Actualmente es redactor de la revista \u201cAmor Paz y Caridad\u201d, donde mensualmente publica art\u00edculos de inter\u00e9s y permanente actualidad. Adem\u00e1s, es socio colaborador de SEDE (Sociedad Espa\u00f1ola de Divulgadores Esp\u00edritas).\",\"sameAs\":[\"http:\\\/\\\/www.amorpazycaridad.com\"],\"url\":\"https:\\\/\\\/amorpazy-cp515.wordpresstemporal.com\\\/amorpazycaridad.es\\\/author\\\/jose-manuel\\\/\"}]}<\/script>\n<!-- \/ Yoast SEO plugin. -->","yoast_head_json":{"title":"\u00a0EL FEN\u00d3MENO EXTRATERRESTRE ANTE LA CIENCIA\u00a0 | APC","description":"El fen\u00f3meno extraterrestre ante la ciencia. Por lo tanto, toda la informaci\u00f3n acumulada en las \u00faltimas d\u00e9cadas nos aproxima a las tesis extraterrestres y...","robots":{"index":"index","follow":"follow","max-snippet":"max-snippet:-1","max-image-preview":"max-image-preview:large","max-video-preview":"max-video-preview:-1"},"canonical":"https:\/\/amorpazy-cp515.wordpresstemporal.com\/amorpazycaridad.es\/fenomeno-extraterrestre-ante-la-ciencia\/","og_locale":"es_ES","og_type":"article","og_title":"\u00a0EL FEN\u00d3MENO EXTRATERRESTRE ANTE LA CIENCIA\u00a0 | APC","og_description":"El fen\u00f3meno extraterrestre ante la ciencia. Por lo tanto, toda la informaci\u00f3n acumulada en las \u00faltimas d\u00e9cadas nos aproxima a las tesis extraterrestres y...","og_url":"https:\/\/amorpazy-cp515.wordpresstemporal.com\/amorpazycaridad.es\/fenomeno-extraterrestre-ante-la-ciencia\/","og_site_name":"Amor, paz caridad","article_publisher":"http:\/\/www.facebook.com\/pages\/Amor-paz-y-caridad\/1594978604096866","article_published_time":"2013-06-23T07:42:00+00:00","article_modified_time":"2019-02-01T05:42:24+00:00","og_image":[{"width":720,"height":350,"url":"https:\/\/amorpazy-cp515.wordpresstemporal.com\/amorpazycaridad.es\/wp-content\/uploads\/2013\/06\/Extraterrestres-ciencia.jpg","type":"image\/jpeg"}],"author":"Jose Manuel","twitter_card":"summary_large_image","twitter_creator":"@amorpazycaridad","twitter_site":"@amorpazycaridad","twitter_misc":{"Escrito por":"Jos\u00e9 Manuel Meseguer Clemente","Tiempo de lectura":"5 minutos"},"schema":{"@context":"https:\/\/schema.org","@graph":[{"@type":"Article","@id":"https:\/\/amorpazy-cp515.wordpresstemporal.com\/amorpazycaridad.es\/fenomeno-extraterrestre-ante-la-ciencia\/#article","isPartOf":{"@id":"https:\/\/amorpazy-cp515.wordpresstemporal.com\/amorpazycaridad.es\/fenomeno-extraterrestre-ante-la-ciencia\/"},"author":{"name":"Jos\u00e9 Manuel Meseguer Clemente","@id":"https:\/\/amorpazy-cp515.wordpresstemporal.com\/amorpazycaridad.es\/#\/schema\/person\/6f0cedb316ce549a85d79dba9ebb353e"},"headline":"\u00a0EL FEN\u00d3MENO EXTRATERRESTRE ANTE LA CIENCIA\u00a0","datePublished":"2013-06-23T07:42:00+00:00","dateModified":"2019-02-01T05:42:24+00:00","mainEntityOfPage":{"@id":"https:\/\/amorpazy-cp515.wordpresstemporal.com\/amorpazycaridad.es\/fenomeno-extraterrestre-ante-la-ciencia\/"},"wordCount":958,"commentCount":0,"publisher":{"@id":"https:\/\/amorpazy-cp515.wordpresstemporal.com\/amorpazycaridad.es\/#organization"},"image":{"@id":"https:\/\/amorpazy-cp515.wordpresstemporal.com\/amorpazycaridad.es\/fenomeno-extraterrestre-ante-la-ciencia\/#primaryimage"},"thumbnailUrl":"https:\/\/amorpazy-cp515.wordpresstemporal.com\/amorpazycaridad.es\/wp-content\/uploads\/2013\/06\/Extraterrestres-ciencia.jpg","keywords":["abducidos","contacto extraterrestre","Extraterrestres","ovni","platillo volante"],"articleSection":["Mensajeros de las estrellas"],"inLanguage":"es","potentialAction":[{"@type":"CommentAction","name":"Comment","target":["https:\/\/amorpazy-cp515.wordpresstemporal.com\/amorpazycaridad.es\/fenomeno-extraterrestre-ante-la-ciencia\/#respond"]}]},{"@type":"WebPage","@id":"https:\/\/amorpazy-cp515.wordpresstemporal.com\/amorpazycaridad.es\/fenomeno-extraterrestre-ante-la-ciencia\/","url":"https:\/\/amorpazy-cp515.wordpresstemporal.com\/amorpazycaridad.es\/fenomeno-extraterrestre-ante-la-ciencia\/","name":"\u00a0EL FEN\u00d3MENO EXTRATERRESTRE ANTE LA CIENCIA\u00a0 | APC","isPartOf":{"@id":"https:\/\/amorpazy-cp515.wordpresstemporal.com\/amorpazycaridad.es\/#website"},"primaryImageOfPage":{"@id":"https:\/\/amorpazy-cp515.wordpresstemporal.com\/amorpazycaridad.es\/fenomeno-extraterrestre-ante-la-ciencia\/#primaryimage"},"image":{"@id":"https:\/\/amorpazy-cp515.wordpresstemporal.com\/amorpazycaridad.es\/fenomeno-extraterrestre-ante-la-ciencia\/#primaryimage"},"thumbnailUrl":"https:\/\/amorpazy-cp515.wordpresstemporal.com\/amorpazycaridad.es\/wp-content\/uploads\/2013\/06\/Extraterrestres-ciencia.jpg","datePublished":"2013-06-23T07:42:00+00:00","dateModified":"2019-02-01T05:42:24+00:00","description":"El fen\u00f3meno extraterrestre ante la ciencia. Por lo tanto, toda la informaci\u00f3n acumulada en las \u00faltimas d\u00e9cadas nos aproxima a las tesis extraterrestres y...","breadcrumb":{"@id":"https:\/\/amorpazy-cp515.wordpresstemporal.com\/amorpazycaridad.es\/fenomeno-extraterrestre-ante-la-ciencia\/#breadcrumb"},"inLanguage":"es","potentialAction":[{"@type":"ReadAction","target":["https:\/\/amorpazy-cp515.wordpresstemporal.com\/amorpazycaridad.es\/fenomeno-extraterrestre-ante-la-ciencia\/"]}]},{"@type":"ImageObject","inLanguage":"es","@id":"https:\/\/amorpazy-cp515.wordpresstemporal.com\/amorpazycaridad.es\/fenomeno-extraterrestre-ante-la-ciencia\/#primaryimage","url":"https:\/\/amorpazy-cp515.wordpresstemporal.com\/amorpazycaridad.es\/wp-content\/uploads\/2013\/06\/Extraterrestres-ciencia.jpg","contentUrl":"https:\/\/amorpazy-cp515.wordpresstemporal.com\/amorpazycaridad.es\/wp-content\/uploads\/2013\/06\/Extraterrestres-ciencia.jpg","width":720,"height":350,"caption":"El fen\u00f3meno extraterrestre ante la ciencia"},{"@type":"BreadcrumbList","@id":"https:\/\/amorpazy-cp515.wordpresstemporal.com\/amorpazycaridad.es\/fenomeno-extraterrestre-ante-la-ciencia\/#breadcrumb","itemListElement":[{"@type":"ListItem","position":1,"name":"Portada","item":"https:\/\/amorpazy-cp515.wordpresstemporal.com\/amorpazycaridad.es\/"},{"@type":"ListItem","position":2,"name":"\u00a0EL FEN\u00d3MENO EXTRATERRESTRE ANTE LA CIENCIA\u00a0"}]},{"@type":"WebSite","@id":"https:\/\/amorpazy-cp515.wordpresstemporal.com\/amorpazycaridad.es\/#website","url":"https:\/\/amorpazy-cp515.wordpresstemporal.com\/amorpazycaridad.es\/","name":"Amor, paz caridad","description":"Conocimiento espiritual, espiritismo, espiritualismo, leyes universales, m\u00e1s all\u00e1, vida despu\u00e9s de la vida,","publisher":{"@id":"https:\/\/amorpazy-cp515.wordpresstemporal.com\/amorpazycaridad.es\/#organization"},"potentialAction":[{"@type":"SearchAction","target":{"@type":"EntryPoint","urlTemplate":"https:\/\/amorpazy-cp515.wordpresstemporal.com\/amorpazycaridad.es\/?s={search_term_string}"},"query-input":{"@type":"PropertyValueSpecification","valueRequired":true,"valueName":"search_term_string"}}],"inLanguage":"es"},{"@type":"Organization","@id":"https:\/\/amorpazy-cp515.wordpresstemporal.com\/amorpazycaridad.es\/#organization","name":"Asociaci\u00f3n de Estudios Espirituales Grupo Villena","url":"https:\/\/amorpazy-cp515.wordpresstemporal.com\/amorpazycaridad.es\/","logo":{"@type":"ImageObject","inLanguage":"es","@id":"https:\/\/amorpazy-cp515.wordpresstemporal.com\/amorpazycaridad.es\/#\/schema\/logo\/image\/","url":"https:\/\/amorpazycaridad.es\/wp-content\/uploads\/2015\/01\/logo-fav-e1420247830294.jpg","contentUrl":"https:\/\/amorpazycaridad.es\/wp-content\/uploads\/2015\/01\/logo-fav-e1420247830294.jpg","width":144,"height":144,"caption":"Asociaci\u00f3n de Estudios Espirituales Grupo Villena"},"image":{"@id":"https:\/\/amorpazy-cp515.wordpresstemporal.com\/amorpazycaridad.es\/#\/schema\/logo\/image\/"},"sameAs":["http:\/\/www.facebook.com\/pages\/Amor-paz-y-caridad\/1594978604096866","https:\/\/x.com\/amorpazycaridad","https:\/\/es.pinterest.com\/amorpazycaridad\/","https:\/\/www.youtube.com\/channel\/UC1GvDIDCLoL02SzOD7NJdrA"]},{"@type":"Person","@id":"https:\/\/amorpazy-cp515.wordpresstemporal.com\/amorpazycaridad.es\/#\/schema\/person\/6f0cedb316ce549a85d79dba9ebb353e","name":"Jos\u00e9 Manuel Meseguer Clemente","image":{"@type":"ImageObject","inLanguage":"es","@id":"https:\/\/amorpazycaridad.es\/wp-content\/uploads\/2017\/11\/Archivo-1-11-17-12-31-35-96x96.jpegfd114e27cec70eafcf7bb076099603b6","url":"https:\/\/amorpazycaridad.es\/wp-content\/uploads\/2017\/11\/Archivo-1-11-17-12-31-35-96x96.jpeg","contentUrl":"https:\/\/amorpazycaridad.es\/wp-content\/uploads\/2017\/11\/Archivo-1-11-17-12-31-35-96x96.jpeg","caption":"Jos\u00e9 Manuel Meseguer Clemente"},"description":"Jose Manuel Meseguer Clemente . Profesionalmente se dedica al Transporte Mar\u00edtimo. Autodidacta, divulgador y escritor. Como miembro del Grupo Villena desde hace m\u00e1s de 30 a\u00f1os, ha ofrecido conferencias y participado en diversos eventos, simposios y congresos, tanto nacionales como internacionales. Actualmente es redactor de la revista \u201cAmor Paz y Caridad\u201d, donde mensualmente publica art\u00edculos de inter\u00e9s y permanente actualidad. Adem\u00e1s, es socio colaborador de SEDE (Sociedad Espa\u00f1ola de Divulgadores Esp\u00edritas).","sameAs":["http:\/\/www.amorpazycaridad.com"],"url":"https:\/\/amorpazy-cp515.wordpresstemporal.com\/amorpazycaridad.es\/author\/jose-manuel\/"}]}},"authors":[{"term_id":408,"user_id":0,"is_guest":1,"slug":"cap-jose-manuel","display_name":"Jose Manuel","avatar_url":"https:\/\/secure.gravatar.com\/avatar\/?s=96&d=mm&r=g","0":null,"1":"","2":"","3":"","4":"","5":"","6":"","7":"","8":""}],"_links":{"self":[{"href":"https:\/\/amorpazy-cp515.wordpresstemporal.com\/amorpazycaridad.es\/wp-json\/wp\/v2\/posts\/187","targetHints":{"allow":["GET"]}}],"collection":[{"href":"https:\/\/amorpazy-cp515.wordpresstemporal.com\/amorpazycaridad.es\/wp-json\/wp\/v2\/posts"}],"about":[{"href":"https:\/\/amorpazy-cp515.wordpresstemporal.com\/amorpazycaridad.es\/wp-json\/wp\/v2\/types\/post"}],"author":[{"embeddable":true,"href":"https:\/\/amorpazy-cp515.wordpresstemporal.com\/amorpazycaridad.es\/wp-json\/wp\/v2\/users\/5"}],"replies":[{"embeddable":true,"href":"https:\/\/amorpazy-cp515.wordpresstemporal.com\/amorpazycaridad.es\/wp-json\/wp\/v2\/comments?post=187"}],"version-history":[{"count":5,"href":"https:\/\/amorpazy-cp515.wordpresstemporal.com\/amorpazycaridad.es\/wp-json\/wp\/v2\/posts\/187\/revisions"}],"predecessor-version":[{"id":10803,"href":"https:\/\/amorpazy-cp515.wordpresstemporal.com\/amorpazycaridad.es\/wp-json\/wp\/v2\/posts\/187\/revisions\/10803"}],"wp:featuredmedia":[{"embeddable":true,"href":"https:\/\/amorpazy-cp515.wordpresstemporal.com\/amorpazycaridad.es\/wp-json\/wp\/v2\/media\/10801"}],"wp:attachment":[{"href":"https:\/\/amorpazy-cp515.wordpresstemporal.com\/amorpazycaridad.es\/wp-json\/wp\/v2\/media?parent=187"}],"wp:term":[{"taxonomy":"category","embeddable":true,"href":"https:\/\/amorpazy-cp515.wordpresstemporal.com\/amorpazycaridad.es\/wp-json\/wp\/v2\/categories?post=187"},{"taxonomy":"post_tag","embeddable":true,"href":"https:\/\/amorpazy-cp515.wordpresstemporal.com\/amorpazycaridad.es\/wp-json\/wp\/v2\/tags?post=187"},{"taxonomy":"author","embeddable":true,"href":"https:\/\/amorpazy-cp515.wordpresstemporal.com\/amorpazycaridad.es\/wp-json\/wp\/v2\/ppma_author?post=187"}],"curies":[{"name":"wp","href":"https:\/\/api.w.org\/{rel}","templated":true}]}}