{"id":1841,"date":"2014-12-24T10:32:12","date_gmt":"2014-12-24T10:32:12","guid":{"rendered":"https:\/\/amorpazycaridad.es\/?p=1841"},"modified":"2014-12-29T23:26:09","modified_gmt":"2014-12-29T23:26:09","slug":"los-desertores-de-un-noble-ideal","status":"publish","type":"post","link":"https:\/\/amorpazy-cp515.wordpresstemporal.com\/amorpazycaridad.es\/los-desertores-de-un-noble-ideal\/","title":{"rendered":"LOS DESERTORES DE UN NOBLE IDEAL"},"content":{"rendered":"<div style=\"text-align: justify;\"><\/div>\n<p style=\"text-align: justify;\">Como en casi todas las doctrinas, los seguidores de alg\u00fan ideal, bien sea religioso o espiritualista, se encuentran, con mayor o menor frecuencia, con abandonos y al mismo tiempo, con nuevos adeptos o simpatizantes. Estos flujos son l\u00f3gicos porque es evidente que el hombre, en alg\u00fan momento de su evoluci\u00f3n, busca respuestas que satisfagan sus necesidades, al mismo tiempo, dichas respuestas provocan reacciones dispares, en unos de compromiso, asumiendo el nuevo ideal con todas las consecuencias y en otros de indiferencia o rechazo, al no sentirse lo suficientemente convencidos o motivados como para asumir responsabilidades que impliquen cambios en su vida.<\/p>\n<p style=\"text-align: justify;\">L\u00f3gicamente el Espiritismo no va a ser la excepci\u00f3n, y tambi\u00e9n se ve afectado por tales situaciones, algo que, bien pensado, produce a la larga un mayor beneficio a la doctrina codificada por Kardec y al desarrollo de la misma.<\/p>\n<p style=\"text-align: justify;\">No todos aquellos que descubren el ideal esp\u00edrita poseen el mismo entusiasmo ni buscan los mismos objetivos. Hay ocasiones en que el motivo por el que frecuentan un grupo esp\u00edrita es con la intenci\u00f3n, casi exclusivamente, de comunicarse con alg\u00fan ser querido ya fallecido. Estos casos se producen generalmente por ego\u00edsmo y por la falta de fe, al malinterpretar los objetivos de la doctrina y no entender su verdadera finalidad.<\/p>\n<p style=\"text-align: justify;\">Otros se sienten seducidos por la parte medi\u00famnica o sensorial, a veces incentivados por los mismos compa\u00f1eros, fomentando la imaginaci\u00f3n de los principiantes e incautos que se ven expuestos a una especie de competici\u00f3n para comprobar, en el transcurso de un trabajo medi\u00famnico, que es lo que siente, que percibe, que ve, que es lo que no ve, etc. Como si fuera necesario percibir algo para ser parte importante en la reuni\u00f3n. Son, en definitiva, m\u00e1s bien grupos medi\u00famnicos que verdaderos grupos esp\u00edritas.<\/p>\n<p style=\"text-align: justify;\">En otras ocasiones no existe un inter\u00e9s concreto, sino que se sienten a gusto con sus compa\u00f1eros del centro espirita, es para ellos, una buena forma de pasar el rato, pero sin el suficiente convencimiento como para responsabilizarse como los dem\u00e1s, son sujetos pasivos ante un \u201cpasatiempo agradable\u201d pero sin m\u00e1s consecuencias, hasta llegar a creer que por la propia din\u00e1mica del grupo, sin aportar nada, conseguir\u00e1n el progreso espiritual. \u00a1Cu\u00e1n equivocados est\u00e1n!<\/p>\n<p style=\"text-align: justify;\">Por otro lado, tenemos aquellos que perjudican claramente al tratar de realzar sus egos imponi\u00e9ndose a los dem\u00e1s. Encuentran en el centro esp\u00edrita el marco adecuado para manifestar su personalidad ego\u00edsta aprovechando el clima de libertad. Se creen superiores y piensan que poseen una inteligencia y unos valores que les hacen destacar sobre los otros. Carecen de humildad y se consideran exentos de realizar esfuerzos por mejorar; hablan de moral y de valores pero no se lo aplican a s\u00ed mismos. Se consideran espiritas cuando en realidad no lo son, no comprenden la necesidad de misericordia divina, la misma que nos proporciona estos conocimientos extraordinarios; no porque los merezcamos sino porque llevamos muchas existencias en la ignorancia y el error. En este caso no s\u00f3lo se perjudican a s\u00ed mismos, sino que entorpecen la convivencia sana, basada en la igualdad de todos sus miembros. Imponen criterios y censuran las actuaciones de los dem\u00e1s, dando lugar, si no se pone remedio, a la desmembraci\u00f3n del grupo, con la consiguiente responsabilidad para los que lo han provocado.<\/p>\n<p style=\"text-align: justify;\">Otro motivo importante que tambi\u00e9n provoca el fracaso es el de aquellos que anteponen la \u201cmascara\u201d, es decir, aparentar una forma de ser que no corresponde con la realidad, escondiendo y ocultando su verdadera personalidad. Se trata de una falta de sinceridad consigo mismos y falta de honestidad en sus relaciones con los dem\u00e1s.<\/p>\n<p style=\"text-align: justify;\">Si no existe sinceridad no puede existir confianza, imprescindible para integrarse en el n\u00facleo com\u00fan, formado por todos aquellos que tratan de compartir sentimientos y pensamientos para lograr la verdadera uni\u00f3n. Al no existir una limpieza de intenciones, puede que al principio consigan sus objetivos; pero a la larga est\u00e1n condenados al fracaso y a la deserci\u00f3n si no se corrigen dichas actitudes, ya que, los planos espirituales superiores, aquellos que dirigen los grupos bien orientados, pueden permitir determinadas situaciones, que sirven de prueba tanto para los trabajadores sinceros, como para aquellos que, como dec\u00edamos, sus intenciones no son muy nobles.<\/p>\n<p style=\"text-align: justify;\">Sin embargo, pasado un tiempo, si el grupo sigue por unas directrices correctas de superaci\u00f3n y trabajo interior, y los otros no reaccionan para ponerse en consonancia con el resto, la providencia divina act\u00faa, colocando a cada quien en su lugar, produci\u00e9ndose de ese modo, la ant\u00edtesis entre quienes trabajan en paz y con alegr\u00eda, de aquellos que no se esfuerzan, llegando a un punto en que aflora la insatisfacci\u00f3n interior; una incomodidad que provoca desasosiego, desarmon\u00eda; el afectado no se siente a gusto con sus compa\u00f1eros, vi\u00e9ndose ante la tesitura de esforzarse por entender las situaciones para reaccionar bien, o de verse abocado a tener que abandonar el grupo.<\/p>\n<p style=\"text-align: justify;\">Como dec\u00edamos anteriormente, estos abandonos benefician al resto de personas que trabajan con verdadero inter\u00e9s, ya que se apartan personas que, al menos temporalmente, no est\u00e1n decididas a colaborar en favor de este noble ideal.<\/p>\n<p style=\"text-align: justify;\">Si realmente deseamos consolidar nuestras ideas, si de verdad estamos dispuestos a llevar este mensaje espiritual hasta sus \u00faltimas consecuencias, tendremos que nutrirnos de un inter\u00e9s constante por superarnos. Como dec\u00eda Kardec: \u00abal verdadero espirita se le reconoce por su transformaci\u00f3n moral y por los esfuerzos que realiza para dominar sus malas inclinaciones\u00bb<\/p>\n<p style=\"text-align: justify;\">Podemos preguntarnos, \u00bfde d\u00f3nde se saca la fuerza necesaria para enfrentarse a todas las dificultades? Por medio de la convicci\u00f3n que nos puede aportar el estudio de la doctrina esp\u00edrita, procurando razonar cuantas dudas surjan a nuestro paso, para que dicho convencimiento sea total, fruto de un an\u00e1lisis libre y razonado. Tambi\u00e9n de la experiencia, fruto del trabajo interno y de la relaci\u00f3n fraterna, de verdadera amistad con el resto de compa\u00f1eros. Al mismo tiempo, el trabajo diario, depurando sentimientos y pensamientos que nos aporten la energ\u00eda suficiente como para adquirir una cierta estabilidad interior, y que nos capaciten para alcanzar mayores realizaciones.<\/p>\n<p style=\"text-align: justify;\">L\u00f3gicamente no todos los que se identifican con el espiritismo est\u00e1n en las mismas condiciones, pero a todos se nos ofrecen las mismas oportunidades de un modo u otro, para que las aprovechemos y saquemos partido de las mismas. A cada cual le llega su oportunidad en el momento m\u00e1s id\u00f3neo, cuando la semilla est\u00e1 presta para germinar, pero no siempre se rentabilizan dichas ocasiones de progreso.<\/p>\n<p style=\"text-align: justify;\">Para evitar el abandono o lo que es lo mismo, el fracaso, debemos potenciar los ideales superiores por encima de todo, siendo consecuentes y asumiendo un compromiso personal, para poder transmitir a los dem\u00e1s todo aquello de positivo que llevamos dentro.<\/p>\n<p style=\"text-align: right;\">Jos\u00e9 M. Meseguer<\/p>\n<p style=\"text-align: right;\">\u00a9 2014 Grupo Villena<\/p>\n<p style=\"text-align: left;\">\u201cLlegar al fin de una empresa constituye un grave compromiso, y s\u00f3lo lo logran aquellos que son honestos con el ideal al que se entregan.\u201d<\/p>\n<p>\u201cQuienes dejan interrumpida la construcci\u00f3n pueden ser excelentes personas, no obstante, sus aut\u00e9nticos intereses est\u00e1n en otras motivaciones que enmascaran con la solidaridad\u201d<\/p>\n<p><em>(Joanna de \u00c2ngelis) de la obra: DESPIERTE Y SEA FELIZ; psicografiado por Divaldo Pereira Franco.<\/em><\/p>\n","protected":false},"excerpt":{"rendered":"<p>Como en casi todas las doctrinas, los seguidores de alg\u00fan ideal, bien sea religioso o espiritualista, se encuentran, con mayor o menor frecuencia, con abandonos y al mismo tiempo, con nuevos adeptos o simpatizantes. Estos flujos son l\u00f3gicos porque es evidente que el hombre, en alg\u00fan momento de su evoluci\u00f3n, busca respuestas que satisfagan sus [&hellip;]<\/p>\n","protected":false},"author":5,"featured_media":1870,"comment_status":"open","ping_status":"open","sticky":false,"template":"","format":"standard","meta":{"tdm_status":"","tdm_grid_status":"","footnotes":""},"categories":[331],"tags":[459,104,461,460,462],"ppma_author":[408],"class_list":{"0":"post-1841","1":"post","2":"type-post","3":"status-publish","4":"format-standard","5":"has-post-thumbnail","7":"category-apartado-espirita","8":"tag-abandono-de-ideal","9":"tag-conciencia","10":"tag-fe","11":"tag-perseverancia","12":"tag-responsabilidad"},"yoast_head":"<!-- This site is optimized with the Yoast SEO plugin v27.7 - https:\/\/yoast.com\/product\/yoast-seo-wordpress\/ -->\n<title>LOS DESERTORES DE UN NOBLE IDEAL | Amor, paz caridad<\/title>\n<meta name=\"robots\" content=\"index, follow, max-snippet:-1, max-image-preview:large, max-video-preview:-1\" \/>\n<link rel=\"canonical\" href=\"https:\/\/amorpazy-cp515.wordpresstemporal.com\/amorpazycaridad.es\/los-desertores-de-un-noble-ideal\/\" \/>\n<meta property=\"og:locale\" content=\"es_ES\" \/>\n<meta property=\"og:type\" content=\"article\" \/>\n<meta property=\"og:title\" content=\"LOS DESERTORES DE UN NOBLE IDEAL | Amor, paz caridad\" \/>\n<meta property=\"og:description\" content=\"Como en casi todas las doctrinas, los seguidores de alg\u00fan ideal, bien sea religioso o espiritualista, se encuentran, con mayor o menor frecuencia, con abandonos y al mismo tiempo, con nuevos adeptos o simpatizantes. Estos flujos son l\u00f3gicos porque es evidente que el hombre, en alg\u00fan momento de su evoluci\u00f3n, busca respuestas que satisfagan sus [&hellip;]\" \/>\n<meta property=\"og:url\" content=\"https:\/\/amorpazy-cp515.wordpresstemporal.com\/amorpazycaridad.es\/los-desertores-de-un-noble-ideal\/\" \/>\n<meta property=\"og:site_name\" content=\"Amor, paz caridad\" \/>\n<meta property=\"article:publisher\" content=\"http:\/\/www.facebook.com\/pages\/Amor-paz-y-caridad\/1594978604096866\" \/>\n<meta property=\"article:published_time\" content=\"2014-12-24T10:32:12+00:00\" \/>\n<meta property=\"article:modified_time\" content=\"2014-12-29T23:26:09+00:00\" \/>\n<meta property=\"og:image\" content=\"https:\/\/amorpazy-cp515.wordpresstemporal.com\/amorpazycaridad.es\/wp-content\/uploads\/2014\/12\/desercion-de-un-noble-ideal.jpg\" \/>\n\t<meta property=\"og:image:width\" content=\"788\" \/>\n\t<meta property=\"og:image:height\" content=\"350\" \/>\n\t<meta property=\"og:image:type\" content=\"image\/jpeg\" \/>\n<meta name=\"author\" content=\"Jose Manuel\" \/>\n<meta name=\"twitter:card\" content=\"summary_large_image\" \/>\n<meta name=\"twitter:creator\" content=\"@amorpazycaridad\" \/>\n<meta name=\"twitter:site\" content=\"@amorpazycaridad\" \/>\n<meta name=\"twitter:label1\" content=\"Escrito por\" \/>\n\t<meta name=\"twitter:data1\" content=\"Jos\u00e9 Manuel Meseguer Clemente\" \/>\n\t<meta name=\"twitter:label2\" content=\"Tiempo de lectura\" \/>\n\t<meta name=\"twitter:data2\" content=\"6 minutos\" \/>\n<script type=\"application\/ld+json\" class=\"yoast-schema-graph\">{\"@context\":\"https:\\\/\\\/schema.org\",\"@graph\":[{\"@type\":\"Article\",\"@id\":\"https:\\\/\\\/amorpazy-cp515.wordpresstemporal.com\\\/amorpazycaridad.es\\\/los-desertores-de-un-noble-ideal\\\/#article\",\"isPartOf\":{\"@id\":\"https:\\\/\\\/amorpazy-cp515.wordpresstemporal.com\\\/amorpazycaridad.es\\\/los-desertores-de-un-noble-ideal\\\/\"},\"author\":{\"name\":\"Jos\u00e9 Manuel Meseguer Clemente\",\"@id\":\"https:\\\/\\\/amorpazy-cp515.wordpresstemporal.com\\\/amorpazycaridad.es\\\/#\\\/schema\\\/person\\\/6f0cedb316ce549a85d79dba9ebb353e\"},\"headline\":\"LOS DESERTORES DE UN NOBLE IDEAL\",\"datePublished\":\"2014-12-24T10:32:12+00:00\",\"dateModified\":\"2014-12-29T23:26:09+00:00\",\"mainEntityOfPage\":{\"@id\":\"https:\\\/\\\/amorpazy-cp515.wordpresstemporal.com\\\/amorpazycaridad.es\\\/los-desertores-de-un-noble-ideal\\\/\"},\"wordCount\":1256,\"commentCount\":0,\"publisher\":{\"@id\":\"https:\\\/\\\/amorpazy-cp515.wordpresstemporal.com\\\/amorpazycaridad.es\\\/#organization\"},\"image\":{\"@id\":\"https:\\\/\\\/amorpazy-cp515.wordpresstemporal.com\\\/amorpazycaridad.es\\\/los-desertores-de-un-noble-ideal\\\/#primaryimage\"},\"thumbnailUrl\":\"https:\\\/\\\/amorpazy-cp515.wordpresstemporal.com\\\/amorpazycaridad.es\\\/wp-content\\\/uploads\\\/2014\\\/12\\\/desercion-de-un-noble-ideal.jpg\",\"keywords\":[\"abandono de ideal\",\"conciencia\",\"fe\",\"perseverancia\",\"responsabilidad\"],\"articleSection\":[\"Apartado esp\u00edrita\"],\"inLanguage\":\"es\",\"potentialAction\":[{\"@type\":\"CommentAction\",\"name\":\"Comment\",\"target\":[\"https:\\\/\\\/amorpazy-cp515.wordpresstemporal.com\\\/amorpazycaridad.es\\\/los-desertores-de-un-noble-ideal\\\/#respond\"]}]},{\"@type\":\"WebPage\",\"@id\":\"https:\\\/\\\/amorpazy-cp515.wordpresstemporal.com\\\/amorpazycaridad.es\\\/los-desertores-de-un-noble-ideal\\\/\",\"url\":\"https:\\\/\\\/amorpazy-cp515.wordpresstemporal.com\\\/amorpazycaridad.es\\\/los-desertores-de-un-noble-ideal\\\/\",\"name\":\"LOS DESERTORES DE UN NOBLE IDEAL | Amor, paz caridad\",\"isPartOf\":{\"@id\":\"https:\\\/\\\/amorpazy-cp515.wordpresstemporal.com\\\/amorpazycaridad.es\\\/#website\"},\"primaryImageOfPage\":{\"@id\":\"https:\\\/\\\/amorpazy-cp515.wordpresstemporal.com\\\/amorpazycaridad.es\\\/los-desertores-de-un-noble-ideal\\\/#primaryimage\"},\"image\":{\"@id\":\"https:\\\/\\\/amorpazy-cp515.wordpresstemporal.com\\\/amorpazycaridad.es\\\/los-desertores-de-un-noble-ideal\\\/#primaryimage\"},\"thumbnailUrl\":\"https:\\\/\\\/amorpazy-cp515.wordpresstemporal.com\\\/amorpazycaridad.es\\\/wp-content\\\/uploads\\\/2014\\\/12\\\/desercion-de-un-noble-ideal.jpg\",\"datePublished\":\"2014-12-24T10:32:12+00:00\",\"dateModified\":\"2014-12-29T23:26:09+00:00\",\"breadcrumb\":{\"@id\":\"https:\\\/\\\/amorpazy-cp515.wordpresstemporal.com\\\/amorpazycaridad.es\\\/los-desertores-de-un-noble-ideal\\\/#breadcrumb\"},\"inLanguage\":\"es\",\"potentialAction\":[{\"@type\":\"ReadAction\",\"target\":[\"https:\\\/\\\/amorpazy-cp515.wordpresstemporal.com\\\/amorpazycaridad.es\\\/los-desertores-de-un-noble-ideal\\\/\"]}]},{\"@type\":\"ImageObject\",\"inLanguage\":\"es\",\"@id\":\"https:\\\/\\\/amorpazy-cp515.wordpresstemporal.com\\\/amorpazycaridad.es\\\/los-desertores-de-un-noble-ideal\\\/#primaryimage\",\"url\":\"https:\\\/\\\/amorpazy-cp515.wordpresstemporal.com\\\/amorpazycaridad.es\\\/wp-content\\\/uploads\\\/2014\\\/12\\\/desercion-de-un-noble-ideal.jpg\",\"contentUrl\":\"https:\\\/\\\/amorpazy-cp515.wordpresstemporal.com\\\/amorpazycaridad.es\\\/wp-content\\\/uploads\\\/2014\\\/12\\\/desercion-de-un-noble-ideal.jpg\",\"width\":788,\"height\":350},{\"@type\":\"BreadcrumbList\",\"@id\":\"https:\\\/\\\/amorpazy-cp515.wordpresstemporal.com\\\/amorpazycaridad.es\\\/los-desertores-de-un-noble-ideal\\\/#breadcrumb\",\"itemListElement\":[{\"@type\":\"ListItem\",\"position\":1,\"name\":\"Portada\",\"item\":\"https:\\\/\\\/amorpazy-cp515.wordpresstemporal.com\\\/amorpazycaridad.es\\\/\"},{\"@type\":\"ListItem\",\"position\":2,\"name\":\"LOS DESERTORES DE UN NOBLE IDEAL\"}]},{\"@type\":\"WebSite\",\"@id\":\"https:\\\/\\\/amorpazy-cp515.wordpresstemporal.com\\\/amorpazycaridad.es\\\/#website\",\"url\":\"https:\\\/\\\/amorpazy-cp515.wordpresstemporal.com\\\/amorpazycaridad.es\\\/\",\"name\":\"Amor, paz caridad\",\"description\":\"Conocimiento espiritual, espiritismo, espiritualismo, leyes universales, m\u00e1s all\u00e1, vida despu\u00e9s de la vida,\",\"publisher\":{\"@id\":\"https:\\\/\\\/amorpazy-cp515.wordpresstemporal.com\\\/amorpazycaridad.es\\\/#organization\"},\"potentialAction\":[{\"@type\":\"SearchAction\",\"target\":{\"@type\":\"EntryPoint\",\"urlTemplate\":\"https:\\\/\\\/amorpazy-cp515.wordpresstemporal.com\\\/amorpazycaridad.es\\\/?s={search_term_string}\"},\"query-input\":{\"@type\":\"PropertyValueSpecification\",\"valueRequired\":true,\"valueName\":\"search_term_string\"}}],\"inLanguage\":\"es\"},{\"@type\":\"Organization\",\"@id\":\"https:\\\/\\\/amorpazy-cp515.wordpresstemporal.com\\\/amorpazycaridad.es\\\/#organization\",\"name\":\"Asociaci\u00f3n de Estudios Espirituales Grupo Villena\",\"url\":\"https:\\\/\\\/amorpazy-cp515.wordpresstemporal.com\\\/amorpazycaridad.es\\\/\",\"logo\":{\"@type\":\"ImageObject\",\"inLanguage\":\"es\",\"@id\":\"https:\\\/\\\/amorpazy-cp515.wordpresstemporal.com\\\/amorpazycaridad.es\\\/#\\\/schema\\\/logo\\\/image\\\/\",\"url\":\"https:\\\/\\\/amorpazycaridad.es\\\/wp-content\\\/uploads\\\/2015\\\/01\\\/logo-fav-e1420247830294.jpg\",\"contentUrl\":\"https:\\\/\\\/amorpazycaridad.es\\\/wp-content\\\/uploads\\\/2015\\\/01\\\/logo-fav-e1420247830294.jpg\",\"width\":144,\"height\":144,\"caption\":\"Asociaci\u00f3n de Estudios Espirituales Grupo Villena\"},\"image\":{\"@id\":\"https:\\\/\\\/amorpazy-cp515.wordpresstemporal.com\\\/amorpazycaridad.es\\\/#\\\/schema\\\/logo\\\/image\\\/\"},\"sameAs\":[\"http:\\\/\\\/www.facebook.com\\\/pages\\\/Amor-paz-y-caridad\\\/1594978604096866\",\"https:\\\/\\\/x.com\\\/amorpazycaridad\",\"https:\\\/\\\/es.pinterest.com\\\/amorpazycaridad\\\/\",\"https:\\\/\\\/www.youtube.com\\\/channel\\\/UC1GvDIDCLoL02SzOD7NJdrA\"]},{\"@type\":\"Person\",\"@id\":\"https:\\\/\\\/amorpazy-cp515.wordpresstemporal.com\\\/amorpazycaridad.es\\\/#\\\/schema\\\/person\\\/6f0cedb316ce549a85d79dba9ebb353e\",\"name\":\"Jos\u00e9 Manuel Meseguer Clemente\",\"image\":{\"@type\":\"ImageObject\",\"inLanguage\":\"es\",\"@id\":\"https:\\\/\\\/amorpazycaridad.es\\\/wp-content\\\/uploads\\\/2017\\\/11\\\/Archivo-1-11-17-12-31-35-96x96.jpegfd114e27cec70eafcf7bb076099603b6\",\"url\":\"https:\\\/\\\/amorpazycaridad.es\\\/wp-content\\\/uploads\\\/2017\\\/11\\\/Archivo-1-11-17-12-31-35-96x96.jpeg\",\"contentUrl\":\"https:\\\/\\\/amorpazycaridad.es\\\/wp-content\\\/uploads\\\/2017\\\/11\\\/Archivo-1-11-17-12-31-35-96x96.jpeg\",\"caption\":\"Jos\u00e9 Manuel Meseguer Clemente\"},\"description\":\"Jose Manuel Meseguer Clemente . Profesionalmente se dedica al Transporte Mar\u00edtimo. Autodidacta, divulgador y escritor. Como miembro del Grupo Villena desde hace m\u00e1s de 30 a\u00f1os, ha ofrecido conferencias y participado en diversos eventos, simposios y congresos, tanto nacionales como internacionales. Actualmente es redactor de la revista \u201cAmor Paz y Caridad\u201d, donde mensualmente publica art\u00edculos de inter\u00e9s y permanente actualidad. Adem\u00e1s, es socio colaborador de SEDE (Sociedad Espa\u00f1ola de Divulgadores Esp\u00edritas).\",\"sameAs\":[\"http:\\\/\\\/www.amorpazycaridad.com\"],\"url\":\"https:\\\/\\\/amorpazy-cp515.wordpresstemporal.com\\\/amorpazycaridad.es\\\/author\\\/jose-manuel\\\/\"}]}<\/script>\n<!-- \/ Yoast SEO plugin. -->","yoast_head_json":{"title":"LOS DESERTORES DE UN NOBLE IDEAL | Amor, paz caridad","robots":{"index":"index","follow":"follow","max-snippet":"max-snippet:-1","max-image-preview":"max-image-preview:large","max-video-preview":"max-video-preview:-1"},"canonical":"https:\/\/amorpazy-cp515.wordpresstemporal.com\/amorpazycaridad.es\/los-desertores-de-un-noble-ideal\/","og_locale":"es_ES","og_type":"article","og_title":"LOS DESERTORES DE UN NOBLE IDEAL | Amor, paz caridad","og_description":"Como en casi todas las doctrinas, los seguidores de alg\u00fan ideal, bien sea religioso o espiritualista, se encuentran, con mayor o menor frecuencia, con abandonos y al mismo tiempo, con nuevos adeptos o simpatizantes. Estos flujos son l\u00f3gicos porque es evidente que el hombre, en alg\u00fan momento de su evoluci\u00f3n, busca respuestas que satisfagan sus [&hellip;]","og_url":"https:\/\/amorpazy-cp515.wordpresstemporal.com\/amorpazycaridad.es\/los-desertores-de-un-noble-ideal\/","og_site_name":"Amor, paz caridad","article_publisher":"http:\/\/www.facebook.com\/pages\/Amor-paz-y-caridad\/1594978604096866","article_published_time":"2014-12-24T10:32:12+00:00","article_modified_time":"2014-12-29T23:26:09+00:00","og_image":[{"width":788,"height":350,"url":"https:\/\/amorpazy-cp515.wordpresstemporal.com\/amorpazycaridad.es\/wp-content\/uploads\/2014\/12\/desercion-de-un-noble-ideal.jpg","type":"image\/jpeg"}],"author":"Jose Manuel","twitter_card":"summary_large_image","twitter_creator":"@amorpazycaridad","twitter_site":"@amorpazycaridad","twitter_misc":{"Escrito por":"Jos\u00e9 Manuel Meseguer Clemente","Tiempo de lectura":"6 minutos"},"schema":{"@context":"https:\/\/schema.org","@graph":[{"@type":"Article","@id":"https:\/\/amorpazy-cp515.wordpresstemporal.com\/amorpazycaridad.es\/los-desertores-de-un-noble-ideal\/#article","isPartOf":{"@id":"https:\/\/amorpazy-cp515.wordpresstemporal.com\/amorpazycaridad.es\/los-desertores-de-un-noble-ideal\/"},"author":{"name":"Jos\u00e9 Manuel Meseguer Clemente","@id":"https:\/\/amorpazy-cp515.wordpresstemporal.com\/amorpazycaridad.es\/#\/schema\/person\/6f0cedb316ce549a85d79dba9ebb353e"},"headline":"LOS DESERTORES DE UN NOBLE IDEAL","datePublished":"2014-12-24T10:32:12+00:00","dateModified":"2014-12-29T23:26:09+00:00","mainEntityOfPage":{"@id":"https:\/\/amorpazy-cp515.wordpresstemporal.com\/amorpazycaridad.es\/los-desertores-de-un-noble-ideal\/"},"wordCount":1256,"commentCount":0,"publisher":{"@id":"https:\/\/amorpazy-cp515.wordpresstemporal.com\/amorpazycaridad.es\/#organization"},"image":{"@id":"https:\/\/amorpazy-cp515.wordpresstemporal.com\/amorpazycaridad.es\/los-desertores-de-un-noble-ideal\/#primaryimage"},"thumbnailUrl":"https:\/\/amorpazy-cp515.wordpresstemporal.com\/amorpazycaridad.es\/wp-content\/uploads\/2014\/12\/desercion-de-un-noble-ideal.jpg","keywords":["abandono de ideal","conciencia","fe","perseverancia","responsabilidad"],"articleSection":["Apartado esp\u00edrita"],"inLanguage":"es","potentialAction":[{"@type":"CommentAction","name":"Comment","target":["https:\/\/amorpazy-cp515.wordpresstemporal.com\/amorpazycaridad.es\/los-desertores-de-un-noble-ideal\/#respond"]}]},{"@type":"WebPage","@id":"https:\/\/amorpazy-cp515.wordpresstemporal.com\/amorpazycaridad.es\/los-desertores-de-un-noble-ideal\/","url":"https:\/\/amorpazy-cp515.wordpresstemporal.com\/amorpazycaridad.es\/los-desertores-de-un-noble-ideal\/","name":"LOS DESERTORES DE UN NOBLE IDEAL | Amor, paz caridad","isPartOf":{"@id":"https:\/\/amorpazy-cp515.wordpresstemporal.com\/amorpazycaridad.es\/#website"},"primaryImageOfPage":{"@id":"https:\/\/amorpazy-cp515.wordpresstemporal.com\/amorpazycaridad.es\/los-desertores-de-un-noble-ideal\/#primaryimage"},"image":{"@id":"https:\/\/amorpazy-cp515.wordpresstemporal.com\/amorpazycaridad.es\/los-desertores-de-un-noble-ideal\/#primaryimage"},"thumbnailUrl":"https:\/\/amorpazy-cp515.wordpresstemporal.com\/amorpazycaridad.es\/wp-content\/uploads\/2014\/12\/desercion-de-un-noble-ideal.jpg","datePublished":"2014-12-24T10:32:12+00:00","dateModified":"2014-12-29T23:26:09+00:00","breadcrumb":{"@id":"https:\/\/amorpazy-cp515.wordpresstemporal.com\/amorpazycaridad.es\/los-desertores-de-un-noble-ideal\/#breadcrumb"},"inLanguage":"es","potentialAction":[{"@type":"ReadAction","target":["https:\/\/amorpazy-cp515.wordpresstemporal.com\/amorpazycaridad.es\/los-desertores-de-un-noble-ideal\/"]}]},{"@type":"ImageObject","inLanguage":"es","@id":"https:\/\/amorpazy-cp515.wordpresstemporal.com\/amorpazycaridad.es\/los-desertores-de-un-noble-ideal\/#primaryimage","url":"https:\/\/amorpazy-cp515.wordpresstemporal.com\/amorpazycaridad.es\/wp-content\/uploads\/2014\/12\/desercion-de-un-noble-ideal.jpg","contentUrl":"https:\/\/amorpazy-cp515.wordpresstemporal.com\/amorpazycaridad.es\/wp-content\/uploads\/2014\/12\/desercion-de-un-noble-ideal.jpg","width":788,"height":350},{"@type":"BreadcrumbList","@id":"https:\/\/amorpazy-cp515.wordpresstemporal.com\/amorpazycaridad.es\/los-desertores-de-un-noble-ideal\/#breadcrumb","itemListElement":[{"@type":"ListItem","position":1,"name":"Portada","item":"https:\/\/amorpazy-cp515.wordpresstemporal.com\/amorpazycaridad.es\/"},{"@type":"ListItem","position":2,"name":"LOS DESERTORES DE UN NOBLE IDEAL"}]},{"@type":"WebSite","@id":"https:\/\/amorpazy-cp515.wordpresstemporal.com\/amorpazycaridad.es\/#website","url":"https:\/\/amorpazy-cp515.wordpresstemporal.com\/amorpazycaridad.es\/","name":"Amor, paz caridad","description":"Conocimiento espiritual, espiritismo, espiritualismo, leyes universales, m\u00e1s all\u00e1, vida despu\u00e9s de la vida,","publisher":{"@id":"https:\/\/amorpazy-cp515.wordpresstemporal.com\/amorpazycaridad.es\/#organization"},"potentialAction":[{"@type":"SearchAction","target":{"@type":"EntryPoint","urlTemplate":"https:\/\/amorpazy-cp515.wordpresstemporal.com\/amorpazycaridad.es\/?s={search_term_string}"},"query-input":{"@type":"PropertyValueSpecification","valueRequired":true,"valueName":"search_term_string"}}],"inLanguage":"es"},{"@type":"Organization","@id":"https:\/\/amorpazy-cp515.wordpresstemporal.com\/amorpazycaridad.es\/#organization","name":"Asociaci\u00f3n de Estudios Espirituales Grupo Villena","url":"https:\/\/amorpazy-cp515.wordpresstemporal.com\/amorpazycaridad.es\/","logo":{"@type":"ImageObject","inLanguage":"es","@id":"https:\/\/amorpazy-cp515.wordpresstemporal.com\/amorpazycaridad.es\/#\/schema\/logo\/image\/","url":"https:\/\/amorpazycaridad.es\/wp-content\/uploads\/2015\/01\/logo-fav-e1420247830294.jpg","contentUrl":"https:\/\/amorpazycaridad.es\/wp-content\/uploads\/2015\/01\/logo-fav-e1420247830294.jpg","width":144,"height":144,"caption":"Asociaci\u00f3n de Estudios Espirituales Grupo Villena"},"image":{"@id":"https:\/\/amorpazy-cp515.wordpresstemporal.com\/amorpazycaridad.es\/#\/schema\/logo\/image\/"},"sameAs":["http:\/\/www.facebook.com\/pages\/Amor-paz-y-caridad\/1594978604096866","https:\/\/x.com\/amorpazycaridad","https:\/\/es.pinterest.com\/amorpazycaridad\/","https:\/\/www.youtube.com\/channel\/UC1GvDIDCLoL02SzOD7NJdrA"]},{"@type":"Person","@id":"https:\/\/amorpazy-cp515.wordpresstemporal.com\/amorpazycaridad.es\/#\/schema\/person\/6f0cedb316ce549a85d79dba9ebb353e","name":"Jos\u00e9 Manuel Meseguer Clemente","image":{"@type":"ImageObject","inLanguage":"es","@id":"https:\/\/amorpazycaridad.es\/wp-content\/uploads\/2017\/11\/Archivo-1-11-17-12-31-35-96x96.jpegfd114e27cec70eafcf7bb076099603b6","url":"https:\/\/amorpazycaridad.es\/wp-content\/uploads\/2017\/11\/Archivo-1-11-17-12-31-35-96x96.jpeg","contentUrl":"https:\/\/amorpazycaridad.es\/wp-content\/uploads\/2017\/11\/Archivo-1-11-17-12-31-35-96x96.jpeg","caption":"Jos\u00e9 Manuel Meseguer Clemente"},"description":"Jose Manuel Meseguer Clemente . Profesionalmente se dedica al Transporte Mar\u00edtimo. Autodidacta, divulgador y escritor. Como miembro del Grupo Villena desde hace m\u00e1s de 30 a\u00f1os, ha ofrecido conferencias y participado en diversos eventos, simposios y congresos, tanto nacionales como internacionales. Actualmente es redactor de la revista \u201cAmor Paz y Caridad\u201d, donde mensualmente publica art\u00edculos de inter\u00e9s y permanente actualidad. Adem\u00e1s, es socio colaborador de SEDE (Sociedad Espa\u00f1ola de Divulgadores Esp\u00edritas).","sameAs":["http:\/\/www.amorpazycaridad.com"],"url":"https:\/\/amorpazy-cp515.wordpresstemporal.com\/amorpazycaridad.es\/author\/jose-manuel\/"}]}},"authors":[{"term_id":408,"user_id":0,"is_guest":1,"slug":"cap-jose-manuel","display_name":"Jose Manuel","avatar_url":"https:\/\/secure.gravatar.com\/avatar\/?s=96&d=mm&r=g","0":null,"1":"","2":"","3":"","4":"","5":"","6":"","7":"","8":""}],"_links":{"self":[{"href":"https:\/\/amorpazy-cp515.wordpresstemporal.com\/amorpazycaridad.es\/wp-json\/wp\/v2\/posts\/1841","targetHints":{"allow":["GET"]}}],"collection":[{"href":"https:\/\/amorpazy-cp515.wordpresstemporal.com\/amorpazycaridad.es\/wp-json\/wp\/v2\/posts"}],"about":[{"href":"https:\/\/amorpazy-cp515.wordpresstemporal.com\/amorpazycaridad.es\/wp-json\/wp\/v2\/types\/post"}],"author":[{"embeddable":true,"href":"https:\/\/amorpazy-cp515.wordpresstemporal.com\/amorpazycaridad.es\/wp-json\/wp\/v2\/users\/5"}],"replies":[{"embeddable":true,"href":"https:\/\/amorpazy-cp515.wordpresstemporal.com\/amorpazycaridad.es\/wp-json\/wp\/v2\/comments?post=1841"}],"version-history":[{"count":13,"href":"https:\/\/amorpazy-cp515.wordpresstemporal.com\/amorpazycaridad.es\/wp-json\/wp\/v2\/posts\/1841\/revisions"}],"predecessor-version":[{"id":1899,"href":"https:\/\/amorpazy-cp515.wordpresstemporal.com\/amorpazycaridad.es\/wp-json\/wp\/v2\/posts\/1841\/revisions\/1899"}],"wp:featuredmedia":[{"embeddable":true,"href":"https:\/\/amorpazy-cp515.wordpresstemporal.com\/amorpazycaridad.es\/wp-json\/wp\/v2\/media\/1870"}],"wp:attachment":[{"href":"https:\/\/amorpazy-cp515.wordpresstemporal.com\/amorpazycaridad.es\/wp-json\/wp\/v2\/media?parent=1841"}],"wp:term":[{"taxonomy":"category","embeddable":true,"href":"https:\/\/amorpazy-cp515.wordpresstemporal.com\/amorpazycaridad.es\/wp-json\/wp\/v2\/categories?post=1841"},{"taxonomy":"post_tag","embeddable":true,"href":"https:\/\/amorpazy-cp515.wordpresstemporal.com\/amorpazycaridad.es\/wp-json\/wp\/v2\/tags?post=1841"},{"taxonomy":"author","embeddable":true,"href":"https:\/\/amorpazy-cp515.wordpresstemporal.com\/amorpazycaridad.es\/wp-json\/wp\/v2\/ppma_author?post=1841"}],"curies":[{"name":"wp","href":"https:\/\/api.w.org\/{rel}","templated":true}]}}