{"id":17735,"date":"2023-06-30T16:57:09","date_gmt":"2023-06-30T14:57:09","guid":{"rendered":"https:\/\/amorpazycaridad.es\/?p=17735"},"modified":"2023-06-30T16:57:09","modified_gmt":"2023-06-30T14:57:09","slug":"angel-sanz-briz-y-giorgio-perlasca","status":"publish","type":"post","link":"https:\/\/amorpazy-cp515.wordpresstemporal.com\/amorpazycaridad.es\/angel-sanz-briz-y-giorgio-perlasca\/","title":{"rendered":"\u00c1NGEL SANZ BRIZ Y GIORGIO PERLASCA"},"content":{"rendered":"<h4 style=\"text-align: center;\"><strong>\u00c1ngel Sanz Briz y Giorgio Perlasca<\/strong><\/h4>\n<p style=\"text-align: justify;\">\u00c1ngel Sanz Briz naci\u00f3 en Zaragoza en 1910. Tras estudiar en las Escuelas P\u00edas de ni\u00f1o, se decant\u00f3 por la carrera de Derecho, acabada la cual ingres\u00f3 en la Escuela Diplom\u00e1tica. Luego de un primer destino en la embajada de Egipto en 1942, recibi\u00f3 la orden del Gobierno Espa\u00f1ol de hacerse cargo de la legaci\u00f3n diplom\u00e1tica en Budapest, capital de Hungr\u00eda, pa\u00eds aliado al Eje. De momento, en Hungr\u00eda no se hab\u00edan establecido las pr\u00e1cticas de exterminio de jud\u00edos que ya estaban llev\u00e1ndose a cabo en los dem\u00e1s pa\u00edses europeos ocupados por los nazis, con lo que la comunidad hebrea viv\u00eda m\u00e1s o menos tranquila. Pero las cosas cambiaron en 1944 cuando Alemania invadi\u00f3 Hungr\u00eda y el nuevo gobierno t\u00edtere comenz\u00f3 a aplicar la \u00absoluci\u00f3n final\u00bb. Resultado de ello, en Hungr\u00eda fueron exterminados durante el holocausto m\u00e1s de medio mill\u00f3n de jud\u00edos.<\/p>\n<p style=\"text-align: justify;\">\u00c1ngel Sanz Briz decidi\u00f3 tomar cartas en el asunto. No pod\u00eda entender las barbaridades que unos seres humanos estaban cometiendo contra otros, y decidi\u00f3, con conocimiento del Gobierno espa\u00f1ol, salvar a todos los ciudadanos jud\u00edos que pudiera. Negoci\u00f3 con las autoridades h\u00fangaras poder trasladar a lugares seguros, en principio a los jud\u00edos sefard\u00edes, proporcion\u00e1ndoles documentos espa\u00f1oles. Para ello encontr\u00f3 base legal en un antiguo Real Decreto de 1924, promulgado por Primo de Rivera, seg\u00fan el cual los jud\u00edos con origen sefard\u00ed ten\u00edan derecho a la nacionalidad espa\u00f1ola, y por lo tanto, a disponer de pasaporte. Con esto, Sanz Briz empez\u00f3 a buscar jud\u00edos con ascendencia sefardita. Solo pudo encontrar 70 familias con estas caracter\u00edsticas.<\/p>\n<p style=\"text-align: justify;\">Pero esto no lo desanim\u00f3. \u00c1ngel utiliz\u00f3 su influencia y sus contactos para alquilar edificios donde alojar a los perseguidos, edificios que rotul\u00f3 como \u00abAnejo a la legaci\u00f3n espa\u00f1ola\u00bb. Tambi\u00e9n emple\u00f3 su propio dinero para sobornar al l\u00edder nazi de zona, y que hiciera la vista gorda. El mismo Sanz Briz relata el episodio de propia mano en su libro Los jud\u00edos en Espa\u00f1a. Transcribo literalmente uno de sus p\u00e1rrafos, a mi juicio muy interesante:<br \/>\n<em>\u00abConsegu\u00ed que el Gobierno H\u00fangaro autorizase la protecci\u00f3n por parte de Espa\u00f1a de 200 jud\u00edos sefard\u00edes (\u2026). Despu\u00e9s la labor fue relativamente f\u00e1cil, las 200 unidades que me hab\u00edan sido concedidas las convert\u00ed en 200 familias, y las 200 familias se multiplicaron indefinidamente, con el simple procedimiento de no expedir salvoconducto o pasaporte alguno a favor de los jud\u00edos que llevase un n\u00famero superior a 200\u00bb.<\/em> Muy inteligente.<br \/>\nCon este sistema, Sanz Briz salv\u00f3 la vida de unos 2500 jud\u00edos, de los cuales solo los 200 eran realmente descendientes de sefard\u00edes.<\/p>\n<p style=\"text-align: justify;\">Siguiendo en el mismo a\u00f1o de 1944, los embajadores en Hungr\u00eda de Suecia, de la Santa Sede y de Espa\u00f1a (con Briz a la cabeza) crearon la carta de protecci\u00f3n, que era un documento acreditativo de que su titular se encontraba bajo la protecci\u00f3n de los pa\u00edses neutrales.<\/p>\n<p style=\"text-align: justify;\">En resumen, la actividad de nuestro \u00e1ngel espa\u00f1ol se sald\u00f3 con la entrega a jud\u00edos perseguidos de 232 pasaportes provisionales, 1898 cartas de protecci\u00f3n y 15 pasaportes ordinarios a 45 aut\u00e9nticos sefarditas. Por toda esta labor, a \u00c1ngel Sanz Briz le otorgaron el sobrenombre de \u00ab<a href=\"https:\/\/www.youtube.com\/watch?v=U_ob7POEznw\">el \u00e1ngel de Budapest<\/a>\u00bb.<\/p>\n<p style=\"text-align: justify;\">Y aqu\u00ed me voy a permitir incluir a otro personaje que colabor\u00f3 con nuestro protagonista y que merece ser igualmente recordado. Se trata de un italiano llamado Giorgio Perlasca. Era un veterano de la Guerra Civil Espa\u00f1ola al que hab\u00edan otorgado el t\u00edtulo de ciudadano espa\u00f1ol honorario. Cuando a finales de 1944 el Ej\u00e9rcito Rojo estaba pr\u00f3ximo a tomar Budapest, el gobierno espa\u00f1ol orden\u00f3 a Sanz Briz que abandonase Hungr\u00eda y se trasladara a Suiza. En esos momentos de incertidumbre, las autoridades h\u00fangaras pronazis consideraron que, ante la ausencia del embajador espa\u00f1ol, tampoco hab\u00eda ya embajada espa\u00f1ola, por lo que no hab\u00eda razones para mantener la protecci\u00f3n de los jud\u00edos bajo amparo espa\u00f1ol, y comenzaron a sacarlos de las casas \u00abdiplom\u00e1ticas\u00bb. Aqu\u00ed intervino Perlasca diciendo que la embajada espa\u00f1ola segu\u00eda activa; que su titular hab\u00eda marchado temporalmente a Espa\u00f1a, pero que retornar\u00eda, y que durante esa ausencia el propio Perlasca asum\u00eda el cargo de embajador en funciones. Cosa falsa, pues Perlasca no era diplom\u00e1tico, ni siquiera espa\u00f1ol de pleno derecho. Pero las autoridades h\u00fangaras se tragaron la mentira, y el italiano sigui\u00f3 ayudando a jud\u00edos proporcion\u00e1ndoles documentos de identidad espa\u00f1oles falsificados por \u00e9l mismo. Poco despu\u00e9s, en enero de 1945, los sovi\u00e9ticos entraron en Budapest y termin\u00f3 la persecuci\u00f3n de los jud\u00edos.<\/p>\n<p style=\"text-align: justify;\">Honor, pues, a ambos personajes.<\/p>\n<p style=\"text-align: justify;\">\u00c1ngel Sanz Briz, el \u00e1ngel de Budapest, sigui\u00f3 en su carrera diplom\u00e1tica en diversas ciudades de Am\u00e9rica y Europa hasta su fallecimiento en 1980.<\/p>\n<p style=\"text-align: justify;\">En 1989 tuvo lugar un homenaje a Sanz Briz en la embajada de Israel en Espa\u00f1a, cuyo titular entreg\u00f3 a la viuda, do\u00f1a Adela Quijano, la Medalla de los Justos entre las Naciones concedida en 1966. Tambi\u00e9n se autoriz\u00f3 la plantaci\u00f3n de un \u00e1rbol en el Monte del Recuerdo de Jerusal\u00e9n, y despu\u00e9s se inscribir\u00eda su nombre en el Memorial del Holocausto.<\/p>\n<p style=\"text-align: justify;\">\u00c1ngel Sanz Briz fue un hombre que tuvo una posici\u00f3n de privilegio y supo aprovecharse de ella para ayudar a su pr\u00f3jimo, nada menos que una ayuda para salvar la vida. Por eso no son de extra\u00f1ar los reconocimientos recibidos; enumerar\u00e9 algunos:<br \/>\nUna calle y un monumento en Budapest; una placa con su nombre en la Gran Sinagoga de Budapest; Cruz de la Orden del M\u00e9rito de la Rep\u00fablica H\u00fangara a t\u00edtulo p\u00f3stumo; una plaza y un instituto de ense\u00f1anza en su ciudad natal; Medalla de Oro de Madrid; etc\u00e9tera.<\/p>\n<p style=\"text-align: justify;\">Sanz Briz y Perlasca han protagonizado el art\u00edculo de la secci\u00f3n Reformadores de este mes; del segundo voy a indicar unos breves datos.<\/p>\n<p style=\"text-align: justify;\">Siendo en un principio seguidor del fascismo y habiendo luchado en la Guerra Civil espa\u00f1ola junto a las tropas franquistas en el cuerpo de voluntarios, Perlasca acabar\u00eda desilusion\u00e1ndose de esta ideolog\u00eda a causa, sobre todo, del antisemitismo fan\u00e1tico que solo pretend\u00eda el exterminio de otros seres humanos que pensaban de modo distinto. Tras las actividades ya comentadas junto a Sanz Briz, el italiano huy\u00f3 de Hungr\u00eda al llegar los sovi\u00e9ticos, llegando hasta su pa\u00eds natal tras un azaroso viaje. En Italia guard\u00f3 en secreto sus actividades durante m\u00e1s de treinta a\u00f1os, hasta que un grupo de mujeres de una comunidad jud\u00eda en Hungr\u00eda rescataron su historia. Perlasca recibi\u00f3 tambi\u00e9n varias condecoraciones en vida por parte de de los gobiernos de Espa\u00f1a, Hungr\u00eda e Italia, y tambi\u00e9n fue considerado por Israel como Justo entre las Naciones.<\/p>\n<p style=\"text-align: justify;\">\u00c1ngel Sanz Briz y Giorgio Perlasca, tanto monta, monta tanto en la gran lista de benefactores de la Humanidad.<\/p>\n<p style=\"text-align: right;\">\u00c1ngel Sanz Briz y Giorgio Perlasca por:\u00a0 <strong><a href=\"https:\/\/amorpazycaridad.es\/author\/jesus\">Jes\u00fas Fern\u00e1ndez Escrich<\/a><\/strong><\/p>\n<p style=\"text-align: right;\">Fuente: Wikipedia.<\/p>\n<p>&nbsp;<\/p>\n","protected":false},"excerpt":{"rendered":"<p>\u00c1ngel Sanz Briz y Giorgio Perlasca \u00c1ngel Sanz Briz naci\u00f3 en Zaragoza en 1910. Tras estudiar en las Escuelas P\u00edas de ni\u00f1o, se decant\u00f3 por la carrera de Derecho, acabada la cual ingres\u00f3 en la Escuela Diplom\u00e1tica. Luego de un primer destino en la embajada de Egipto en 1942, recibi\u00f3 la orden del Gobierno Espa\u00f1ol [&hellip;]<\/p>\n","protected":false},"author":2,"featured_media":17741,"comment_status":"open","ping_status":"open","sticky":false,"template":"","format":"standard","meta":{"tdm_status":"","tdm_grid_status":"","footnotes":""},"categories":[6014],"tags":[70,6565,2862,6569,6566,6568,621,2541,6567],"ppma_author":[396],"class_list":{"0":"post-17735","1":"post","2":"type-post","3":"status-publish","4":"format-standard","5":"has-post-thumbnail","7":"category-reformadores","8":"tag-amor-2","9":"tag-angel-sanz-briz","10":"tag-dedicacion","11":"tag-exterminio","12":"tag-gregorio-perlasca","13":"tag-holocausto","14":"tag-humanidad","15":"tag-judios","16":"tag-sefardies"},"yoast_head":"<!-- This site is optimized with the Yoast SEO plugin v27.7 - https:\/\/yoast.com\/product\/yoast-seo-wordpress\/ -->\n<title>\u00c1NGEL SANZ BRIZ Y GIORGIO PERLASCA | AMOR, PAZ Y CARIDAD |<\/title>\n<meta name=\"description\" content=\"\u00c1ngel Sanz Briz y Giorgio Perlasca. \u00abConsegu\u00ed que el Gobierno H\u00fangaro autorizase la protecci\u00f3n por parte de Espa\u00f1a de 200 jud\u00edos sefard\u00edes..\" \/>\n<meta name=\"robots\" content=\"index, follow, max-snippet:-1, max-image-preview:large, max-video-preview:-1\" \/>\n<link rel=\"canonical\" href=\"https:\/\/amorpazy-cp515.wordpresstemporal.com\/amorpazycaridad.es\/angel-sanz-briz-y-giorgio-perlasca\/\" \/>\n<meta property=\"og:locale\" content=\"es_ES\" \/>\n<meta property=\"og:type\" content=\"article\" \/>\n<meta property=\"og:title\" content=\"\u00c1NGEL SANZ BRIZ Y GIORGIO PERLASCA | AMOR, PAZ Y CARIDAD |\" \/>\n<meta property=\"og:description\" content=\"\u00c1ngel Sanz Briz y Giorgio Perlasca. \u00abConsegu\u00ed que el Gobierno H\u00fangaro autorizase la protecci\u00f3n por parte de Espa\u00f1a de 200 jud\u00edos sefard\u00edes..\" \/>\n<meta property=\"og:url\" content=\"https:\/\/amorpazy-cp515.wordpresstemporal.com\/amorpazycaridad.es\/angel-sanz-briz-y-giorgio-perlasca\/\" \/>\n<meta property=\"og:site_name\" content=\"Amor, paz caridad\" \/>\n<meta property=\"article:publisher\" content=\"http:\/\/www.facebook.com\/pages\/Amor-paz-y-caridad\/1594978604096866\" \/>\n<meta property=\"article:published_time\" content=\"2023-06-30T14:57:09+00:00\" \/>\n<meta property=\"og:image\" content=\"https:\/\/amorpazy-cp515.wordpresstemporal.com\/amorpazycaridad.es\/wp-content\/uploads\/2023\/06\/holocausto.jpg\" \/>\n\t<meta property=\"og:image:width\" content=\"698\" \/>\n\t<meta property=\"og:image:height\" content=\"421\" \/>\n\t<meta property=\"og:image:type\" content=\"image\/jpeg\" \/>\n<meta name=\"author\" content=\"Redaccion\" \/>\n<meta name=\"twitter:card\" content=\"summary_large_image\" \/>\n<meta name=\"twitter:creator\" content=\"@amorpazycaridad\" \/>\n<meta name=\"twitter:site\" content=\"@amorpazycaridad\" \/>\n<meta name=\"twitter:label1\" content=\"Escrito por\" \/>\n\t<meta name=\"twitter:data1\" content=\"Redacci\u00f3n\" \/>\n\t<meta name=\"twitter:label2\" content=\"Tiempo de lectura\" \/>\n\t<meta name=\"twitter:data2\" content=\"6 minutos\" \/>\n<script type=\"application\/ld+json\" class=\"yoast-schema-graph\">{\"@context\":\"https:\\\/\\\/schema.org\",\"@graph\":[{\"@type\":\"Article\",\"@id\":\"https:\\\/\\\/amorpazy-cp515.wordpresstemporal.com\\\/amorpazycaridad.es\\\/angel-sanz-briz-y-giorgio-perlasca\\\/#article\",\"isPartOf\":{\"@id\":\"https:\\\/\\\/amorpazy-cp515.wordpresstemporal.com\\\/amorpazycaridad.es\\\/angel-sanz-briz-y-giorgio-perlasca\\\/\"},\"author\":{\"name\":\"Redacci\u00f3n\",\"@id\":\"https:\\\/\\\/amorpazy-cp515.wordpresstemporal.com\\\/amorpazycaridad.es\\\/#\\\/schema\\\/person\\\/44cbc218f1b29f65390e7c8a4fd0c28d\"},\"headline\":\"\u00c1NGEL SANZ BRIZ Y GIORGIO PERLASCA\",\"datePublished\":\"2023-06-30T14:57:09+00:00\",\"mainEntityOfPage\":{\"@id\":\"https:\\\/\\\/amorpazy-cp515.wordpresstemporal.com\\\/amorpazycaridad.es\\\/angel-sanz-briz-y-giorgio-perlasca\\\/\"},\"wordCount\":1231,\"commentCount\":0,\"publisher\":{\"@id\":\"https:\\\/\\\/amorpazy-cp515.wordpresstemporal.com\\\/amorpazycaridad.es\\\/#organization\"},\"image\":{\"@id\":\"https:\\\/\\\/amorpazy-cp515.wordpresstemporal.com\\\/amorpazycaridad.es\\\/angel-sanz-briz-y-giorgio-perlasca\\\/#primaryimage\"},\"thumbnailUrl\":\"https:\\\/\\\/amorpazy-cp515.wordpresstemporal.com\\\/amorpazycaridad.es\\\/wp-content\\\/uploads\\\/2023\\\/06\\\/holocausto.jpg\",\"keywords\":[\"Amor\",\"\u00c1ngel Sanz Briz\",\"dedicaci\u00f3n\",\"Exterminio\",\"Gregorio Perlasca\",\"Holocausto\",\"humanidad\",\"jud\u00edos\",\"Sefard\u00edes\"],\"articleSection\":[\"Reformadores\"],\"inLanguage\":\"es\",\"potentialAction\":[{\"@type\":\"CommentAction\",\"name\":\"Comment\",\"target\":[\"https:\\\/\\\/amorpazy-cp515.wordpresstemporal.com\\\/amorpazycaridad.es\\\/angel-sanz-briz-y-giorgio-perlasca\\\/#respond\"]}]},{\"@type\":\"WebPage\",\"@id\":\"https:\\\/\\\/amorpazy-cp515.wordpresstemporal.com\\\/amorpazycaridad.es\\\/angel-sanz-briz-y-giorgio-perlasca\\\/\",\"url\":\"https:\\\/\\\/amorpazy-cp515.wordpresstemporal.com\\\/amorpazycaridad.es\\\/angel-sanz-briz-y-giorgio-perlasca\\\/\",\"name\":\"\u00c1NGEL SANZ BRIZ Y GIORGIO PERLASCA | AMOR, PAZ Y CARIDAD |\",\"isPartOf\":{\"@id\":\"https:\\\/\\\/amorpazy-cp515.wordpresstemporal.com\\\/amorpazycaridad.es\\\/#website\"},\"primaryImageOfPage\":{\"@id\":\"https:\\\/\\\/amorpazy-cp515.wordpresstemporal.com\\\/amorpazycaridad.es\\\/angel-sanz-briz-y-giorgio-perlasca\\\/#primaryimage\"},\"image\":{\"@id\":\"https:\\\/\\\/amorpazy-cp515.wordpresstemporal.com\\\/amorpazycaridad.es\\\/angel-sanz-briz-y-giorgio-perlasca\\\/#primaryimage\"},\"thumbnailUrl\":\"https:\\\/\\\/amorpazy-cp515.wordpresstemporal.com\\\/amorpazycaridad.es\\\/wp-content\\\/uploads\\\/2023\\\/06\\\/holocausto.jpg\",\"datePublished\":\"2023-06-30T14:57:09+00:00\",\"description\":\"\u00c1ngel Sanz Briz y Giorgio Perlasca. \u00abConsegu\u00ed que el Gobierno H\u00fangaro autorizase la protecci\u00f3n por parte de Espa\u00f1a de 200 jud\u00edos sefard\u00edes..\",\"breadcrumb\":{\"@id\":\"https:\\\/\\\/amorpazy-cp515.wordpresstemporal.com\\\/amorpazycaridad.es\\\/angel-sanz-briz-y-giorgio-perlasca\\\/#breadcrumb\"},\"inLanguage\":\"es\",\"potentialAction\":[{\"@type\":\"ReadAction\",\"target\":[\"https:\\\/\\\/amorpazy-cp515.wordpresstemporal.com\\\/amorpazycaridad.es\\\/angel-sanz-briz-y-giorgio-perlasca\\\/\"]}]},{\"@type\":\"ImageObject\",\"inLanguage\":\"es\",\"@id\":\"https:\\\/\\\/amorpazy-cp515.wordpresstemporal.com\\\/amorpazycaridad.es\\\/angel-sanz-briz-y-giorgio-perlasca\\\/#primaryimage\",\"url\":\"https:\\\/\\\/amorpazy-cp515.wordpresstemporal.com\\\/amorpazycaridad.es\\\/wp-content\\\/uploads\\\/2023\\\/06\\\/holocausto.jpg\",\"contentUrl\":\"https:\\\/\\\/amorpazy-cp515.wordpresstemporal.com\\\/amorpazycaridad.es\\\/wp-content\\\/uploads\\\/2023\\\/06\\\/holocausto.jpg\",\"width\":698,\"height\":421,\"caption\":\"\u00c1ngel Sanz Briz y Gregorio Perlasca\"},{\"@type\":\"BreadcrumbList\",\"@id\":\"https:\\\/\\\/amorpazy-cp515.wordpresstemporal.com\\\/amorpazycaridad.es\\\/angel-sanz-briz-y-giorgio-perlasca\\\/#breadcrumb\",\"itemListElement\":[{\"@type\":\"ListItem\",\"position\":1,\"name\":\"Portada\",\"item\":\"https:\\\/\\\/amorpazy-cp515.wordpresstemporal.com\\\/amorpazycaridad.es\\\/\"},{\"@type\":\"ListItem\",\"position\":2,\"name\":\"\u00c1NGEL SANZ BRIZ Y GIORGIO PERLASCA\"}]},{\"@type\":\"WebSite\",\"@id\":\"https:\\\/\\\/amorpazy-cp515.wordpresstemporal.com\\\/amorpazycaridad.es\\\/#website\",\"url\":\"https:\\\/\\\/amorpazy-cp515.wordpresstemporal.com\\\/amorpazycaridad.es\\\/\",\"name\":\"Amor, paz caridad\",\"description\":\"Conocimiento espiritual, espiritismo, espiritualismo, leyes universales, m\u00e1s all\u00e1, vida despu\u00e9s de la vida,\",\"publisher\":{\"@id\":\"https:\\\/\\\/amorpazy-cp515.wordpresstemporal.com\\\/amorpazycaridad.es\\\/#organization\"},\"potentialAction\":[{\"@type\":\"SearchAction\",\"target\":{\"@type\":\"EntryPoint\",\"urlTemplate\":\"https:\\\/\\\/amorpazy-cp515.wordpresstemporal.com\\\/amorpazycaridad.es\\\/?s={search_term_string}\"},\"query-input\":{\"@type\":\"PropertyValueSpecification\",\"valueRequired\":true,\"valueName\":\"search_term_string\"}}],\"inLanguage\":\"es\"},{\"@type\":\"Organization\",\"@id\":\"https:\\\/\\\/amorpazy-cp515.wordpresstemporal.com\\\/amorpazycaridad.es\\\/#organization\",\"name\":\"Asociaci\u00f3n de Estudios Espirituales Grupo Villena\",\"url\":\"https:\\\/\\\/amorpazy-cp515.wordpresstemporal.com\\\/amorpazycaridad.es\\\/\",\"logo\":{\"@type\":\"ImageObject\",\"inLanguage\":\"es\",\"@id\":\"https:\\\/\\\/amorpazy-cp515.wordpresstemporal.com\\\/amorpazycaridad.es\\\/#\\\/schema\\\/logo\\\/image\\\/\",\"url\":\"https:\\\/\\\/amorpazycaridad.es\\\/wp-content\\\/uploads\\\/2015\\\/01\\\/logo-fav-e1420247830294.jpg\",\"contentUrl\":\"https:\\\/\\\/amorpazycaridad.es\\\/wp-content\\\/uploads\\\/2015\\\/01\\\/logo-fav-e1420247830294.jpg\",\"width\":144,\"height\":144,\"caption\":\"Asociaci\u00f3n de Estudios Espirituales Grupo Villena\"},\"image\":{\"@id\":\"https:\\\/\\\/amorpazy-cp515.wordpresstemporal.com\\\/amorpazycaridad.es\\\/#\\\/schema\\\/logo\\\/image\\\/\"},\"sameAs\":[\"http:\\\/\\\/www.facebook.com\\\/pages\\\/Amor-paz-y-caridad\\\/1594978604096866\",\"https:\\\/\\\/x.com\\\/amorpazycaridad\",\"https:\\\/\\\/es.pinterest.com\\\/amorpazycaridad\\\/\",\"https:\\\/\\\/www.youtube.com\\\/channel\\\/UC1GvDIDCLoL02SzOD7NJdrA\"]},{\"@type\":\"Person\",\"@id\":\"https:\\\/\\\/amorpazy-cp515.wordpresstemporal.com\\\/amorpazycaridad.es\\\/#\\\/schema\\\/person\\\/44cbc218f1b29f65390e7c8a4fd0c28d\",\"name\":\"Redacci\u00f3n\",\"image\":{\"@type\":\"ImageObject\",\"inLanguage\":\"es\",\"@id\":\"https:\\\/\\\/amorpazycaridad.es\\\/wp-content\\\/uploads\\\/2015\\\/01\\\/icono-114-96x96.jpg73ca1ff604f9e7c7607bbbfa84b61c44\",\"url\":\"https:\\\/\\\/amorpazycaridad.es\\\/wp-content\\\/uploads\\\/2015\\\/01\\\/icono-114-96x96.jpg\",\"contentUrl\":\"https:\\\/\\\/amorpazycaridad.es\\\/wp-content\\\/uploads\\\/2015\\\/01\\\/icono-114-96x96.jpg\",\"caption\":\"Redacci\u00f3n\"},\"sameAs\":[\"http:\\\/\\\/www.amorpazycaridad.com\"],\"url\":\"https:\\\/\\\/amorpazy-cp515.wordpresstemporal.com\\\/amorpazycaridad.es\\\/author\\\/redaccion\\\/\"}]}<\/script>\n<!-- \/ Yoast SEO plugin. -->","yoast_head_json":{"title":"\u00c1NGEL SANZ BRIZ Y GIORGIO PERLASCA | AMOR, PAZ Y CARIDAD |","description":"\u00c1ngel Sanz Briz y Giorgio Perlasca. \u00abConsegu\u00ed que el Gobierno H\u00fangaro autorizase la protecci\u00f3n por parte de Espa\u00f1a de 200 jud\u00edos sefard\u00edes..","robots":{"index":"index","follow":"follow","max-snippet":"max-snippet:-1","max-image-preview":"max-image-preview:large","max-video-preview":"max-video-preview:-1"},"canonical":"https:\/\/amorpazy-cp515.wordpresstemporal.com\/amorpazycaridad.es\/angel-sanz-briz-y-giorgio-perlasca\/","og_locale":"es_ES","og_type":"article","og_title":"\u00c1NGEL SANZ BRIZ Y GIORGIO PERLASCA | AMOR, PAZ Y CARIDAD |","og_description":"\u00c1ngel Sanz Briz y Giorgio Perlasca. \u00abConsegu\u00ed que el Gobierno H\u00fangaro autorizase la protecci\u00f3n por parte de Espa\u00f1a de 200 jud\u00edos sefard\u00edes..","og_url":"https:\/\/amorpazy-cp515.wordpresstemporal.com\/amorpazycaridad.es\/angel-sanz-briz-y-giorgio-perlasca\/","og_site_name":"Amor, paz caridad","article_publisher":"http:\/\/www.facebook.com\/pages\/Amor-paz-y-caridad\/1594978604096866","article_published_time":"2023-06-30T14:57:09+00:00","og_image":[{"width":698,"height":421,"url":"https:\/\/amorpazy-cp515.wordpresstemporal.com\/amorpazycaridad.es\/wp-content\/uploads\/2023\/06\/holocausto.jpg","type":"image\/jpeg"}],"author":"Redaccion","twitter_card":"summary_large_image","twitter_creator":"@amorpazycaridad","twitter_site":"@amorpazycaridad","twitter_misc":{"Escrito por":"Redacci\u00f3n","Tiempo de lectura":"6 minutos"},"schema":{"@context":"https:\/\/schema.org","@graph":[{"@type":"Article","@id":"https:\/\/amorpazy-cp515.wordpresstemporal.com\/amorpazycaridad.es\/angel-sanz-briz-y-giorgio-perlasca\/#article","isPartOf":{"@id":"https:\/\/amorpazy-cp515.wordpresstemporal.com\/amorpazycaridad.es\/angel-sanz-briz-y-giorgio-perlasca\/"},"author":{"name":"Redacci\u00f3n","@id":"https:\/\/amorpazy-cp515.wordpresstemporal.com\/amorpazycaridad.es\/#\/schema\/person\/44cbc218f1b29f65390e7c8a4fd0c28d"},"headline":"\u00c1NGEL SANZ BRIZ Y GIORGIO PERLASCA","datePublished":"2023-06-30T14:57:09+00:00","mainEntityOfPage":{"@id":"https:\/\/amorpazy-cp515.wordpresstemporal.com\/amorpazycaridad.es\/angel-sanz-briz-y-giorgio-perlasca\/"},"wordCount":1231,"commentCount":0,"publisher":{"@id":"https:\/\/amorpazy-cp515.wordpresstemporal.com\/amorpazycaridad.es\/#organization"},"image":{"@id":"https:\/\/amorpazy-cp515.wordpresstemporal.com\/amorpazycaridad.es\/angel-sanz-briz-y-giorgio-perlasca\/#primaryimage"},"thumbnailUrl":"https:\/\/amorpazy-cp515.wordpresstemporal.com\/amorpazycaridad.es\/wp-content\/uploads\/2023\/06\/holocausto.jpg","keywords":["Amor","\u00c1ngel Sanz Briz","dedicaci\u00f3n","Exterminio","Gregorio Perlasca","Holocausto","humanidad","jud\u00edos","Sefard\u00edes"],"articleSection":["Reformadores"],"inLanguage":"es","potentialAction":[{"@type":"CommentAction","name":"Comment","target":["https:\/\/amorpazy-cp515.wordpresstemporal.com\/amorpazycaridad.es\/angel-sanz-briz-y-giorgio-perlasca\/#respond"]}]},{"@type":"WebPage","@id":"https:\/\/amorpazy-cp515.wordpresstemporal.com\/amorpazycaridad.es\/angel-sanz-briz-y-giorgio-perlasca\/","url":"https:\/\/amorpazy-cp515.wordpresstemporal.com\/amorpazycaridad.es\/angel-sanz-briz-y-giorgio-perlasca\/","name":"\u00c1NGEL SANZ BRIZ Y GIORGIO PERLASCA | AMOR, PAZ Y CARIDAD |","isPartOf":{"@id":"https:\/\/amorpazy-cp515.wordpresstemporal.com\/amorpazycaridad.es\/#website"},"primaryImageOfPage":{"@id":"https:\/\/amorpazy-cp515.wordpresstemporal.com\/amorpazycaridad.es\/angel-sanz-briz-y-giorgio-perlasca\/#primaryimage"},"image":{"@id":"https:\/\/amorpazy-cp515.wordpresstemporal.com\/amorpazycaridad.es\/angel-sanz-briz-y-giorgio-perlasca\/#primaryimage"},"thumbnailUrl":"https:\/\/amorpazy-cp515.wordpresstemporal.com\/amorpazycaridad.es\/wp-content\/uploads\/2023\/06\/holocausto.jpg","datePublished":"2023-06-30T14:57:09+00:00","description":"\u00c1ngel Sanz Briz y Giorgio Perlasca. \u00abConsegu\u00ed que el Gobierno H\u00fangaro autorizase la protecci\u00f3n por parte de Espa\u00f1a de 200 jud\u00edos sefard\u00edes..","breadcrumb":{"@id":"https:\/\/amorpazy-cp515.wordpresstemporal.com\/amorpazycaridad.es\/angel-sanz-briz-y-giorgio-perlasca\/#breadcrumb"},"inLanguage":"es","potentialAction":[{"@type":"ReadAction","target":["https:\/\/amorpazy-cp515.wordpresstemporal.com\/amorpazycaridad.es\/angel-sanz-briz-y-giorgio-perlasca\/"]}]},{"@type":"ImageObject","inLanguage":"es","@id":"https:\/\/amorpazy-cp515.wordpresstemporal.com\/amorpazycaridad.es\/angel-sanz-briz-y-giorgio-perlasca\/#primaryimage","url":"https:\/\/amorpazy-cp515.wordpresstemporal.com\/amorpazycaridad.es\/wp-content\/uploads\/2023\/06\/holocausto.jpg","contentUrl":"https:\/\/amorpazy-cp515.wordpresstemporal.com\/amorpazycaridad.es\/wp-content\/uploads\/2023\/06\/holocausto.jpg","width":698,"height":421,"caption":"\u00c1ngel Sanz Briz y Gregorio Perlasca"},{"@type":"BreadcrumbList","@id":"https:\/\/amorpazy-cp515.wordpresstemporal.com\/amorpazycaridad.es\/angel-sanz-briz-y-giorgio-perlasca\/#breadcrumb","itemListElement":[{"@type":"ListItem","position":1,"name":"Portada","item":"https:\/\/amorpazy-cp515.wordpresstemporal.com\/amorpazycaridad.es\/"},{"@type":"ListItem","position":2,"name":"\u00c1NGEL SANZ BRIZ Y GIORGIO PERLASCA"}]},{"@type":"WebSite","@id":"https:\/\/amorpazy-cp515.wordpresstemporal.com\/amorpazycaridad.es\/#website","url":"https:\/\/amorpazy-cp515.wordpresstemporal.com\/amorpazycaridad.es\/","name":"Amor, paz caridad","description":"Conocimiento espiritual, espiritismo, espiritualismo, leyes universales, m\u00e1s all\u00e1, vida despu\u00e9s de la vida,","publisher":{"@id":"https:\/\/amorpazy-cp515.wordpresstemporal.com\/amorpazycaridad.es\/#organization"},"potentialAction":[{"@type":"SearchAction","target":{"@type":"EntryPoint","urlTemplate":"https:\/\/amorpazy-cp515.wordpresstemporal.com\/amorpazycaridad.es\/?s={search_term_string}"},"query-input":{"@type":"PropertyValueSpecification","valueRequired":true,"valueName":"search_term_string"}}],"inLanguage":"es"},{"@type":"Organization","@id":"https:\/\/amorpazy-cp515.wordpresstemporal.com\/amorpazycaridad.es\/#organization","name":"Asociaci\u00f3n de Estudios Espirituales Grupo Villena","url":"https:\/\/amorpazy-cp515.wordpresstemporal.com\/amorpazycaridad.es\/","logo":{"@type":"ImageObject","inLanguage":"es","@id":"https:\/\/amorpazy-cp515.wordpresstemporal.com\/amorpazycaridad.es\/#\/schema\/logo\/image\/","url":"https:\/\/amorpazycaridad.es\/wp-content\/uploads\/2015\/01\/logo-fav-e1420247830294.jpg","contentUrl":"https:\/\/amorpazycaridad.es\/wp-content\/uploads\/2015\/01\/logo-fav-e1420247830294.jpg","width":144,"height":144,"caption":"Asociaci\u00f3n de Estudios Espirituales Grupo Villena"},"image":{"@id":"https:\/\/amorpazy-cp515.wordpresstemporal.com\/amorpazycaridad.es\/#\/schema\/logo\/image\/"},"sameAs":["http:\/\/www.facebook.com\/pages\/Amor-paz-y-caridad\/1594978604096866","https:\/\/x.com\/amorpazycaridad","https:\/\/es.pinterest.com\/amorpazycaridad\/","https:\/\/www.youtube.com\/channel\/UC1GvDIDCLoL02SzOD7NJdrA"]},{"@type":"Person","@id":"https:\/\/amorpazy-cp515.wordpresstemporal.com\/amorpazycaridad.es\/#\/schema\/person\/44cbc218f1b29f65390e7c8a4fd0c28d","name":"Redacci\u00f3n","image":{"@type":"ImageObject","inLanguage":"es","@id":"https:\/\/amorpazycaridad.es\/wp-content\/uploads\/2015\/01\/icono-114-96x96.jpg73ca1ff604f9e7c7607bbbfa84b61c44","url":"https:\/\/amorpazycaridad.es\/wp-content\/uploads\/2015\/01\/icono-114-96x96.jpg","contentUrl":"https:\/\/amorpazycaridad.es\/wp-content\/uploads\/2015\/01\/icono-114-96x96.jpg","caption":"Redacci\u00f3n"},"sameAs":["http:\/\/www.amorpazycaridad.com"],"url":"https:\/\/amorpazy-cp515.wordpresstemporal.com\/amorpazycaridad.es\/author\/redaccion\/"}]}},"authors":[{"term_id":396,"user_id":0,"is_guest":1,"slug":"cap-redaccion","display_name":"Redaccion","avatar_url":"https:\/\/secure.gravatar.com\/avatar\/?s=96&d=mm&r=g","0":null,"1":"","2":"","3":"","4":"","5":"","6":"","7":"","8":""}],"_links":{"self":[{"href":"https:\/\/amorpazy-cp515.wordpresstemporal.com\/amorpazycaridad.es\/wp-json\/wp\/v2\/posts\/17735","targetHints":{"allow":["GET"]}}],"collection":[{"href":"https:\/\/amorpazy-cp515.wordpresstemporal.com\/amorpazycaridad.es\/wp-json\/wp\/v2\/posts"}],"about":[{"href":"https:\/\/amorpazy-cp515.wordpresstemporal.com\/amorpazycaridad.es\/wp-json\/wp\/v2\/types\/post"}],"author":[{"embeddable":true,"href":"https:\/\/amorpazy-cp515.wordpresstemporal.com\/amorpazycaridad.es\/wp-json\/wp\/v2\/users\/2"}],"replies":[{"embeddable":true,"href":"https:\/\/amorpazy-cp515.wordpresstemporal.com\/amorpazycaridad.es\/wp-json\/wp\/v2\/comments?post=17735"}],"version-history":[{"count":3,"href":"https:\/\/amorpazy-cp515.wordpresstemporal.com\/amorpazycaridad.es\/wp-json\/wp\/v2\/posts\/17735\/revisions"}],"predecessor-version":[{"id":17742,"href":"https:\/\/amorpazy-cp515.wordpresstemporal.com\/amorpazycaridad.es\/wp-json\/wp\/v2\/posts\/17735\/revisions\/17742"}],"wp:featuredmedia":[{"embeddable":true,"href":"https:\/\/amorpazy-cp515.wordpresstemporal.com\/amorpazycaridad.es\/wp-json\/wp\/v2\/media\/17741"}],"wp:attachment":[{"href":"https:\/\/amorpazy-cp515.wordpresstemporal.com\/amorpazycaridad.es\/wp-json\/wp\/v2\/media?parent=17735"}],"wp:term":[{"taxonomy":"category","embeddable":true,"href":"https:\/\/amorpazy-cp515.wordpresstemporal.com\/amorpazycaridad.es\/wp-json\/wp\/v2\/categories?post=17735"},{"taxonomy":"post_tag","embeddable":true,"href":"https:\/\/amorpazy-cp515.wordpresstemporal.com\/amorpazycaridad.es\/wp-json\/wp\/v2\/tags?post=17735"},{"taxonomy":"author","embeddable":true,"href":"https:\/\/amorpazy-cp515.wordpresstemporal.com\/amorpazycaridad.es\/wp-json\/wp\/v2\/ppma_author?post=17735"}],"curies":[{"name":"wp","href":"https:\/\/api.w.org\/{rel}","templated":true}]}}