{"id":17275,"date":"2022-12-23T07:11:08","date_gmt":"2022-12-23T06:11:08","guid":{"rendered":"https:\/\/amorpazycaridad.es\/?p=17275"},"modified":"2022-12-23T07:11:08","modified_gmt":"2022-12-23T06:11:08","slug":"villancico-diciembre-2022","status":"publish","type":"post","link":"https:\/\/amorpazy-cp515.wordpresstemporal.com\/amorpazycaridad.es\/villancico-diciembre-2022\/","title":{"rendered":"VILLANCICO (DICIEMBRE 2022)"},"content":{"rendered":"<p>VILLANCICO (diciembre 2022)<\/p>\n<p>Aquel suceso glorioso<br \/>\nhoy de nuevo festejamos,<br \/>\ny se produjo en la Tierra<br \/>\nhace m\u00e1s de dos mil a\u00f1os.<\/p>\n<p>\u00ab\u00a1Esc\u00fachame, hijo m\u00edo!,<br \/>\naccedo a tu voluntad\u00bb<br \/>\ndijo el Se\u00f1or a Jes\u00fas,<br \/>\n\u00ab\u00a1como hombre encarnar\u00e1s!.<\/p>\n<p>Pero ser\u00e1s luz divina<br \/>\nporque al mundo ense\u00f1ar\u00e1s<br \/>\nel camino hasta mi Reino:<br \/>\n\u00a1Paz, Amor y Caridad!<\/p>\n<p>En el vientre de Mar\u00eda<br \/>\npreparole Dios el nido<br \/>\npara el m\u00e1s perfecto Ser<br \/>\nnunca antes concebido.<\/p>\n<p>Cuando fue llegado el tiempo<br \/>\nen una cuadra en Belem,<br \/>\nentre un buey y una mula<br \/>\nvino Jes\u00fas a nacer.<\/p>\n<p>Una hermosa claridad<br \/>\nilumin\u00f3 aquel establo<br \/>\ny en el pesebre, entre pajas,<br \/>\nestaba el ni\u00f1o acostado.<\/p>\n<p>Sus ojos son dos estrellas,<br \/>\ny de seda sus cabellos;<br \/>\nsu babita, dulce n\u00e9ctar<br \/>\ny perfumado su aliento.<\/p>\n<p>Se dice que fue una estrella<br \/>\nla que gui\u00f3 a los tres Magos<br \/>\nhasta el pueblo de Belem;<br \/>\nsus deseos\u2026 \u00a1adorarlo!<\/p>\n<p>Caminando, caminando<br \/>\nhasta Belem se llegaron,<br \/>\ny nada m\u00e1s ver al Ni\u00f1o<br \/>\na sus pies se arrodillaron.<\/p>\n<p>\u00a1Este es el Hijo de dios!<br \/>\n\u00a1El Mes\u00edas esperado\u2026!<br \/>\nY el incienso, oro y mirra<br \/>\nhumildemente ofrendaron.<\/p>\n<p>De la luz que \u00c9l radiaba<br \/>\nse sintieron impregnados,<br \/>\ny el calor que dio a sus almas<br \/>\njam\u00e1s ser\u00eda apagado.<\/p>\n<p>Y los tres Magos de Oriente<br \/>\na su pa\u00eds regresaron,<br \/>\nno precisaron de estrella<br \/>\npara en la noche orientarlos.<\/p>\n<p>Fueron los ojos del Ni\u00f1o<br \/>\ny el calor que dio a sus cuerpos,<br \/>\nera el m\u00e1s potente foco<br \/>\nla luz que llevaban dentro.<\/p>\n<p>Y afuera, en la fr\u00eda noche,<br \/>\nla luna apag\u00f3 su luz,<br \/>\notra m\u00e1s pura y brillante<br \/>\nten\u00eda un nombre: \u00a1Jes\u00fas!<\/p>\n<p>Villancico (diciembre 2022) por: <strong><a href=\"https:\/\/amorpazycaridad.es\/author\/maria-luisa-escrich\/\">M\u00aa Luisa Escrich<\/a><\/strong><\/p>\n<p>Esta poes\u00eda ha sido escrito por Maria Luisa Escrich para Amor, paz y caridad.<\/p>\n","protected":false},"excerpt":{"rendered":"<p>VILLANCICO (diciembre 2022) Aquel suceso glorioso hoy de nuevo festejamos, y se produjo en la Tierra hace m\u00e1s de dos mil a\u00f1os. \u00ab\u00a1Esc\u00fachame, hijo m\u00edo!, accedo a tu voluntad\u00bb dijo el Se\u00f1or a Jes\u00fas, \u00ab\u00a1como hombre encarnar\u00e1s!. Pero ser\u00e1s luz divina porque al mundo ense\u00f1ar\u00e1s el camino hasta mi Reino: \u00a1Paz, Amor y Caridad! En [&hellip;]<\/p>\n","protected":false},"author":2,"featured_media":17298,"comment_status":"open","ping_status":"open","sticky":false,"template":"","format":"standard","meta":{"tdm_status":"","tdm_grid_status":"","footnotes":""},"categories":[42],"tags":[701,6392,3149,6083,6393,6391,3197,3137],"ppma_author":[396],"class_list":{"0":"post-17275","1":"post","2":"type-post","3":"status-publish","4":"format-standard","5":"has-post-thumbnail","7":"category-pagina-poetica","8":"tag-jesus","9":"tag-jose","10":"tag-maria","11":"tag-nacimiento","12":"tag-natividad","13":"tag-portal-de-belen","14":"tag-reyes-magos","15":"tag-villancico"},"yoast_head":"<!-- This site is optimized with the Yoast SEO plugin v27.7 - https:\/\/yoast.com\/product\/yoast-seo-wordpress\/ -->\n<title>VILLANCICO (DICIEMBRE 2022) | AMOR, PAZ Y CARIDAD | M\u00aa LUISA E.<\/title>\n<meta name=\"description\" content=\"Villancico (Diciembre 2022). Una nueva poes\u00eda de nuestra compa\u00f1era Maria Luisa Escrich para estos d\u00edas tan especiales de la Navidad...\" \/>\n<meta name=\"robots\" content=\"index, follow, max-snippet:-1, max-image-preview:large, max-video-preview:-1\" \/>\n<link rel=\"canonical\" href=\"https:\/\/amorpazy-cp515.wordpresstemporal.com\/amorpazycaridad.es\/villancico-diciembre-2022\/\" \/>\n<meta property=\"og:locale\" content=\"es_ES\" \/>\n<meta property=\"og:type\" content=\"article\" \/>\n<meta property=\"og:title\" content=\"VILLANCICO (DICIEMBRE 2022) | AMOR, PAZ Y CARIDAD | M\u00aa LUISA E.\" \/>\n<meta property=\"og:description\" content=\"Villancico (Diciembre 2022). Una nueva poes\u00eda de nuestra compa\u00f1era Maria Luisa Escrich para estos d\u00edas tan especiales de la Navidad...\" \/>\n<meta property=\"og:url\" content=\"https:\/\/amorpazy-cp515.wordpresstemporal.com\/amorpazycaridad.es\/villancico-diciembre-2022\/\" \/>\n<meta property=\"og:site_name\" content=\"Amor, paz caridad\" \/>\n<meta property=\"article:publisher\" content=\"http:\/\/www.facebook.com\/pages\/Amor-paz-y-caridad\/1594978604096866\" \/>\n<meta property=\"article:published_time\" content=\"2022-12-23T06:11:08+00:00\" \/>\n<meta property=\"og:image\" content=\"https:\/\/amorpazy-cp515.wordpresstemporal.com\/amorpazycaridad.es\/wp-content\/uploads\/2022\/12\/Villancico.jpg\" \/>\n\t<meta property=\"og:image:width\" content=\"698\" \/>\n\t<meta property=\"og:image:height\" content=\"421\" \/>\n\t<meta property=\"og:image:type\" content=\"image\/jpeg\" \/>\n<meta name=\"author\" content=\"Redaccion\" \/>\n<meta name=\"twitter:card\" content=\"summary_large_image\" \/>\n<meta name=\"twitter:creator\" content=\"@amorpazycaridad\" \/>\n<meta name=\"twitter:site\" content=\"@amorpazycaridad\" \/>\n<meta name=\"twitter:label1\" content=\"Escrito por\" \/>\n\t<meta name=\"twitter:data1\" content=\"Redacci\u00f3n\" \/>\n\t<meta name=\"twitter:label2\" content=\"Tiempo de lectura\" \/>\n\t<meta name=\"twitter:data2\" content=\"2 minutos\" \/>\n<script type=\"application\/ld+json\" class=\"yoast-schema-graph\">{\"@context\":\"https:\\\/\\\/schema.org\",\"@graph\":[{\"@type\":\"Article\",\"@id\":\"https:\\\/\\\/amorpazy-cp515.wordpresstemporal.com\\\/amorpazycaridad.es\\\/villancico-diciembre-2022\\\/#article\",\"isPartOf\":{\"@id\":\"https:\\\/\\\/amorpazy-cp515.wordpresstemporal.com\\\/amorpazycaridad.es\\\/villancico-diciembre-2022\\\/\"},\"author\":{\"name\":\"Redacci\u00f3n\",\"@id\":\"https:\\\/\\\/amorpazycaridad.es\\\/#\\\/schema\\\/person\\\/44cbc218f1b29f65390e7c8a4fd0c28d\"},\"headline\":\"VILLANCICO (DICIEMBRE 2022)\",\"datePublished\":\"2022-12-23T06:11:08+00:00\",\"mainEntityOfPage\":{\"@id\":\"https:\\\/\\\/amorpazy-cp515.wordpresstemporal.com\\\/amorpazycaridad.es\\\/villancico-diciembre-2022\\\/\"},\"wordCount\":311,\"commentCount\":0,\"publisher\":{\"@id\":\"https:\\\/\\\/amorpazycaridad.es\\\/#organization\"},\"image\":{\"@id\":\"https:\\\/\\\/amorpazy-cp515.wordpresstemporal.com\\\/amorpazycaridad.es\\\/villancico-diciembre-2022\\\/#primaryimage\"},\"thumbnailUrl\":\"https:\\\/\\\/amorpazy-cp515.wordpresstemporal.com\\\/amorpazycaridad.es\\\/wp-content\\\/uploads\\\/2022\\\/12\\\/Villancico.jpg\",\"keywords\":[\"Jes\u00fas\",\"Jos\u00e9\",\"Mar\u00eda\",\"nacimiento\",\"Natividad\",\"Portal de Bel\u00e9n\",\"reyes magos\",\"Villancico\"],\"articleSection\":[\"P\u00e1gina p\u00f3etica\"],\"inLanguage\":\"es\",\"potentialAction\":[{\"@type\":\"CommentAction\",\"name\":\"Comment\",\"target\":[\"https:\\\/\\\/amorpazy-cp515.wordpresstemporal.com\\\/amorpazycaridad.es\\\/villancico-diciembre-2022\\\/#respond\"]}]},{\"@type\":\"WebPage\",\"@id\":\"https:\\\/\\\/amorpazy-cp515.wordpresstemporal.com\\\/amorpazycaridad.es\\\/villancico-diciembre-2022\\\/\",\"url\":\"https:\\\/\\\/amorpazy-cp515.wordpresstemporal.com\\\/amorpazycaridad.es\\\/villancico-diciembre-2022\\\/\",\"name\":\"VILLANCICO (DICIEMBRE 2022) | AMOR, PAZ Y CARIDAD | M\u00aa LUISA E.\",\"isPartOf\":{\"@id\":\"https:\\\/\\\/amorpazycaridad.es\\\/#website\"},\"primaryImageOfPage\":{\"@id\":\"https:\\\/\\\/amorpazy-cp515.wordpresstemporal.com\\\/amorpazycaridad.es\\\/villancico-diciembre-2022\\\/#primaryimage\"},\"image\":{\"@id\":\"https:\\\/\\\/amorpazy-cp515.wordpresstemporal.com\\\/amorpazycaridad.es\\\/villancico-diciembre-2022\\\/#primaryimage\"},\"thumbnailUrl\":\"https:\\\/\\\/amorpazy-cp515.wordpresstemporal.com\\\/amorpazycaridad.es\\\/wp-content\\\/uploads\\\/2022\\\/12\\\/Villancico.jpg\",\"datePublished\":\"2022-12-23T06:11:08+00:00\",\"description\":\"Villancico (Diciembre 2022). Una nueva poes\u00eda de nuestra compa\u00f1era Maria Luisa Escrich para estos d\u00edas tan especiales de la Navidad...\",\"breadcrumb\":{\"@id\":\"https:\\\/\\\/amorpazy-cp515.wordpresstemporal.com\\\/amorpazycaridad.es\\\/villancico-diciembre-2022\\\/#breadcrumb\"},\"inLanguage\":\"es\",\"potentialAction\":[{\"@type\":\"ReadAction\",\"target\":[\"https:\\\/\\\/amorpazy-cp515.wordpresstemporal.com\\\/amorpazycaridad.es\\\/villancico-diciembre-2022\\\/\"]}]},{\"@type\":\"ImageObject\",\"inLanguage\":\"es\",\"@id\":\"https:\\\/\\\/amorpazy-cp515.wordpresstemporal.com\\\/amorpazycaridad.es\\\/villancico-diciembre-2022\\\/#primaryimage\",\"url\":\"https:\\\/\\\/amorpazy-cp515.wordpresstemporal.com\\\/amorpazycaridad.es\\\/wp-content\\\/uploads\\\/2022\\\/12\\\/Villancico.jpg\",\"contentUrl\":\"https:\\\/\\\/amorpazy-cp515.wordpresstemporal.com\\\/amorpazycaridad.es\\\/wp-content\\\/uploads\\\/2022\\\/12\\\/Villancico.jpg\",\"width\":698,\"height\":421,\"caption\":\"Villancico (diciembre 2022)\"},{\"@type\":\"BreadcrumbList\",\"@id\":\"https:\\\/\\\/amorpazy-cp515.wordpresstemporal.com\\\/amorpazycaridad.es\\\/villancico-diciembre-2022\\\/#breadcrumb\",\"itemListElement\":[{\"@type\":\"ListItem\",\"position\":1,\"name\":\"Portada\",\"item\":\"https:\\\/\\\/amorpazycaridad.es\\\/\"},{\"@type\":\"ListItem\",\"position\":2,\"name\":\"VILLANCICO (DICIEMBRE 2022)\"}]},{\"@type\":\"WebSite\",\"@id\":\"https:\\\/\\\/amorpazycaridad.es\\\/#website\",\"url\":\"https:\\\/\\\/amorpazycaridad.es\\\/\",\"name\":\"Amor, paz caridad\",\"description\":\"Conocimiento espiritual, espiritismo, espiritualismo, leyes universales, m\u00e1s all\u00e1, vida despu\u00e9s de la vida,\",\"publisher\":{\"@id\":\"https:\\\/\\\/amorpazycaridad.es\\\/#organization\"},\"potentialAction\":[{\"@type\":\"SearchAction\",\"target\":{\"@type\":\"EntryPoint\",\"urlTemplate\":\"https:\\\/\\\/amorpazycaridad.es\\\/?s={search_term_string}\"},\"query-input\":{\"@type\":\"PropertyValueSpecification\",\"valueRequired\":true,\"valueName\":\"search_term_string\"}}],\"inLanguage\":\"es\"},{\"@type\":\"Organization\",\"@id\":\"https:\\\/\\\/amorpazycaridad.es\\\/#organization\",\"name\":\"Asociaci\u00f3n de Estudios Espirituales Grupo Villena\",\"url\":\"https:\\\/\\\/amorpazycaridad.es\\\/\",\"logo\":{\"@type\":\"ImageObject\",\"inLanguage\":\"es\",\"@id\":\"https:\\\/\\\/amorpazycaridad.es\\\/#\\\/schema\\\/logo\\\/image\\\/\",\"url\":\"https:\\\/\\\/amorpazycaridad.es\\\/wp-content\\\/uploads\\\/2015\\\/01\\\/logo-fav-e1420247830294.jpg\",\"contentUrl\":\"https:\\\/\\\/amorpazycaridad.es\\\/wp-content\\\/uploads\\\/2015\\\/01\\\/logo-fav-e1420247830294.jpg\",\"width\":144,\"height\":144,\"caption\":\"Asociaci\u00f3n de Estudios Espirituales Grupo Villena\"},\"image\":{\"@id\":\"https:\\\/\\\/amorpazycaridad.es\\\/#\\\/schema\\\/logo\\\/image\\\/\"},\"sameAs\":[\"http:\\\/\\\/www.facebook.com\\\/pages\\\/Amor-paz-y-caridad\\\/1594978604096866\",\"https:\\\/\\\/x.com\\\/amorpazycaridad\",\"https:\\\/\\\/es.pinterest.com\\\/amorpazycaridad\\\/\",\"https:\\\/\\\/www.youtube.com\\\/channel\\\/UC1GvDIDCLoL02SzOD7NJdrA\"]},{\"@type\":\"Person\",\"@id\":\"https:\\\/\\\/amorpazycaridad.es\\\/#\\\/schema\\\/person\\\/44cbc218f1b29f65390e7c8a4fd0c28d\",\"name\":\"Redacci\u00f3n\",\"image\":{\"@type\":\"ImageObject\",\"inLanguage\":\"es\",\"@id\":\"https:\\\/\\\/amorpazycaridad.es\\\/wp-content\\\/uploads\\\/2015\\\/01\\\/icono-114-96x96.jpg73ca1ff604f9e7c7607bbbfa84b61c44\",\"url\":\"https:\\\/\\\/amorpazycaridad.es\\\/wp-content\\\/uploads\\\/2015\\\/01\\\/icono-114-96x96.jpg\",\"contentUrl\":\"https:\\\/\\\/amorpazycaridad.es\\\/wp-content\\\/uploads\\\/2015\\\/01\\\/icono-114-96x96.jpg\",\"caption\":\"Redacci\u00f3n\"},\"sameAs\":[\"http:\\\/\\\/www.amorpazycaridad.com\"],\"url\":\"https:\\\/\\\/amorpazy-cp515.wordpresstemporal.com\\\/amorpazycaridad.es\\\/author\\\/redaccion\\\/\"}]}<\/script>\n<!-- \/ Yoast SEO plugin. -->","yoast_head_json":{"title":"VILLANCICO (DICIEMBRE 2022) | AMOR, PAZ Y CARIDAD | M\u00aa LUISA E.","description":"Villancico (Diciembre 2022). Una nueva poes\u00eda de nuestra compa\u00f1era Maria Luisa Escrich para estos d\u00edas tan especiales de la Navidad...","robots":{"index":"index","follow":"follow","max-snippet":"max-snippet:-1","max-image-preview":"max-image-preview:large","max-video-preview":"max-video-preview:-1"},"canonical":"https:\/\/amorpazy-cp515.wordpresstemporal.com\/amorpazycaridad.es\/villancico-diciembre-2022\/","og_locale":"es_ES","og_type":"article","og_title":"VILLANCICO (DICIEMBRE 2022) | AMOR, PAZ Y CARIDAD | M\u00aa LUISA E.","og_description":"Villancico (Diciembre 2022). Una nueva poes\u00eda de nuestra compa\u00f1era Maria Luisa Escrich para estos d\u00edas tan especiales de la Navidad...","og_url":"https:\/\/amorpazy-cp515.wordpresstemporal.com\/amorpazycaridad.es\/villancico-diciembre-2022\/","og_site_name":"Amor, paz caridad","article_publisher":"http:\/\/www.facebook.com\/pages\/Amor-paz-y-caridad\/1594978604096866","article_published_time":"2022-12-23T06:11:08+00:00","og_image":[{"width":698,"height":421,"url":"https:\/\/amorpazy-cp515.wordpresstemporal.com\/amorpazycaridad.es\/wp-content\/uploads\/2022\/12\/Villancico.jpg","type":"image\/jpeg"}],"author":"Redaccion","twitter_card":"summary_large_image","twitter_creator":"@amorpazycaridad","twitter_site":"@amorpazycaridad","twitter_misc":{"Escrito por":"Redacci\u00f3n","Tiempo de lectura":"2 minutos"},"schema":{"@context":"https:\/\/schema.org","@graph":[{"@type":"Article","@id":"https:\/\/amorpazy-cp515.wordpresstemporal.com\/amorpazycaridad.es\/villancico-diciembre-2022\/#article","isPartOf":{"@id":"https:\/\/amorpazy-cp515.wordpresstemporal.com\/amorpazycaridad.es\/villancico-diciembre-2022\/"},"author":{"name":"Redacci\u00f3n","@id":"https:\/\/amorpazycaridad.es\/#\/schema\/person\/44cbc218f1b29f65390e7c8a4fd0c28d"},"headline":"VILLANCICO (DICIEMBRE 2022)","datePublished":"2022-12-23T06:11:08+00:00","mainEntityOfPage":{"@id":"https:\/\/amorpazy-cp515.wordpresstemporal.com\/amorpazycaridad.es\/villancico-diciembre-2022\/"},"wordCount":311,"commentCount":0,"publisher":{"@id":"https:\/\/amorpazycaridad.es\/#organization"},"image":{"@id":"https:\/\/amorpazy-cp515.wordpresstemporal.com\/amorpazycaridad.es\/villancico-diciembre-2022\/#primaryimage"},"thumbnailUrl":"https:\/\/amorpazy-cp515.wordpresstemporal.com\/amorpazycaridad.es\/wp-content\/uploads\/2022\/12\/Villancico.jpg","keywords":["Jes\u00fas","Jos\u00e9","Mar\u00eda","nacimiento","Natividad","Portal de Bel\u00e9n","reyes magos","Villancico"],"articleSection":["P\u00e1gina p\u00f3etica"],"inLanguage":"es","potentialAction":[{"@type":"CommentAction","name":"Comment","target":["https:\/\/amorpazy-cp515.wordpresstemporal.com\/amorpazycaridad.es\/villancico-diciembre-2022\/#respond"]}]},{"@type":"WebPage","@id":"https:\/\/amorpazy-cp515.wordpresstemporal.com\/amorpazycaridad.es\/villancico-diciembre-2022\/","url":"https:\/\/amorpazy-cp515.wordpresstemporal.com\/amorpazycaridad.es\/villancico-diciembre-2022\/","name":"VILLANCICO (DICIEMBRE 2022) | AMOR, PAZ Y CARIDAD | M\u00aa LUISA E.","isPartOf":{"@id":"https:\/\/amorpazycaridad.es\/#website"},"primaryImageOfPage":{"@id":"https:\/\/amorpazy-cp515.wordpresstemporal.com\/amorpazycaridad.es\/villancico-diciembre-2022\/#primaryimage"},"image":{"@id":"https:\/\/amorpazy-cp515.wordpresstemporal.com\/amorpazycaridad.es\/villancico-diciembre-2022\/#primaryimage"},"thumbnailUrl":"https:\/\/amorpazy-cp515.wordpresstemporal.com\/amorpazycaridad.es\/wp-content\/uploads\/2022\/12\/Villancico.jpg","datePublished":"2022-12-23T06:11:08+00:00","description":"Villancico (Diciembre 2022). Una nueva poes\u00eda de nuestra compa\u00f1era Maria Luisa Escrich para estos d\u00edas tan especiales de la Navidad...","breadcrumb":{"@id":"https:\/\/amorpazy-cp515.wordpresstemporal.com\/amorpazycaridad.es\/villancico-diciembre-2022\/#breadcrumb"},"inLanguage":"es","potentialAction":[{"@type":"ReadAction","target":["https:\/\/amorpazy-cp515.wordpresstemporal.com\/amorpazycaridad.es\/villancico-diciembre-2022\/"]}]},{"@type":"ImageObject","inLanguage":"es","@id":"https:\/\/amorpazy-cp515.wordpresstemporal.com\/amorpazycaridad.es\/villancico-diciembre-2022\/#primaryimage","url":"https:\/\/amorpazy-cp515.wordpresstemporal.com\/amorpazycaridad.es\/wp-content\/uploads\/2022\/12\/Villancico.jpg","contentUrl":"https:\/\/amorpazy-cp515.wordpresstemporal.com\/amorpazycaridad.es\/wp-content\/uploads\/2022\/12\/Villancico.jpg","width":698,"height":421,"caption":"Villancico (diciembre 2022)"},{"@type":"BreadcrumbList","@id":"https:\/\/amorpazy-cp515.wordpresstemporal.com\/amorpazycaridad.es\/villancico-diciembre-2022\/#breadcrumb","itemListElement":[{"@type":"ListItem","position":1,"name":"Portada","item":"https:\/\/amorpazycaridad.es\/"},{"@type":"ListItem","position":2,"name":"VILLANCICO (DICIEMBRE 2022)"}]},{"@type":"WebSite","@id":"https:\/\/amorpazycaridad.es\/#website","url":"https:\/\/amorpazycaridad.es\/","name":"Amor, paz caridad","description":"Conocimiento espiritual, espiritismo, espiritualismo, leyes universales, m\u00e1s all\u00e1, vida despu\u00e9s de la vida,","publisher":{"@id":"https:\/\/amorpazycaridad.es\/#organization"},"potentialAction":[{"@type":"SearchAction","target":{"@type":"EntryPoint","urlTemplate":"https:\/\/amorpazycaridad.es\/?s={search_term_string}"},"query-input":{"@type":"PropertyValueSpecification","valueRequired":true,"valueName":"search_term_string"}}],"inLanguage":"es"},{"@type":"Organization","@id":"https:\/\/amorpazycaridad.es\/#organization","name":"Asociaci\u00f3n de Estudios Espirituales Grupo Villena","url":"https:\/\/amorpazycaridad.es\/","logo":{"@type":"ImageObject","inLanguage":"es","@id":"https:\/\/amorpazycaridad.es\/#\/schema\/logo\/image\/","url":"https:\/\/amorpazycaridad.es\/wp-content\/uploads\/2015\/01\/logo-fav-e1420247830294.jpg","contentUrl":"https:\/\/amorpazycaridad.es\/wp-content\/uploads\/2015\/01\/logo-fav-e1420247830294.jpg","width":144,"height":144,"caption":"Asociaci\u00f3n de Estudios Espirituales Grupo Villena"},"image":{"@id":"https:\/\/amorpazycaridad.es\/#\/schema\/logo\/image\/"},"sameAs":["http:\/\/www.facebook.com\/pages\/Amor-paz-y-caridad\/1594978604096866","https:\/\/x.com\/amorpazycaridad","https:\/\/es.pinterest.com\/amorpazycaridad\/","https:\/\/www.youtube.com\/channel\/UC1GvDIDCLoL02SzOD7NJdrA"]},{"@type":"Person","@id":"https:\/\/amorpazycaridad.es\/#\/schema\/person\/44cbc218f1b29f65390e7c8a4fd0c28d","name":"Redacci\u00f3n","image":{"@type":"ImageObject","inLanguage":"es","@id":"https:\/\/amorpazycaridad.es\/wp-content\/uploads\/2015\/01\/icono-114-96x96.jpg73ca1ff604f9e7c7607bbbfa84b61c44","url":"https:\/\/amorpazycaridad.es\/wp-content\/uploads\/2015\/01\/icono-114-96x96.jpg","contentUrl":"https:\/\/amorpazycaridad.es\/wp-content\/uploads\/2015\/01\/icono-114-96x96.jpg","caption":"Redacci\u00f3n"},"sameAs":["http:\/\/www.amorpazycaridad.com"],"url":"https:\/\/amorpazy-cp515.wordpresstemporal.com\/amorpazycaridad.es\/author\/redaccion\/"}]}},"authors":[{"term_id":396,"user_id":0,"is_guest":1,"slug":"cap-redaccion","display_name":"Redaccion","avatar_url":"https:\/\/secure.gravatar.com\/avatar\/?s=96&d=mm&r=g","0":null,"1":"","2":"","3":"","4":"","5":"","6":"","7":"","8":""}],"_links":{"self":[{"href":"https:\/\/amorpazy-cp515.wordpresstemporal.com\/amorpazycaridad.es\/wp-json\/wp\/v2\/posts\/17275","targetHints":{"allow":["GET"]}}],"collection":[{"href":"https:\/\/amorpazy-cp515.wordpresstemporal.com\/amorpazycaridad.es\/wp-json\/wp\/v2\/posts"}],"about":[{"href":"https:\/\/amorpazy-cp515.wordpresstemporal.com\/amorpazycaridad.es\/wp-json\/wp\/v2\/types\/post"}],"author":[{"embeddable":true,"href":"https:\/\/amorpazy-cp515.wordpresstemporal.com\/amorpazycaridad.es\/wp-json\/wp\/v2\/users\/2"}],"replies":[{"embeddable":true,"href":"https:\/\/amorpazy-cp515.wordpresstemporal.com\/amorpazycaridad.es\/wp-json\/wp\/v2\/comments?post=17275"}],"version-history":[{"count":3,"href":"https:\/\/amorpazy-cp515.wordpresstemporal.com\/amorpazycaridad.es\/wp-json\/wp\/v2\/posts\/17275\/revisions"}],"predecessor-version":[{"id":17299,"href":"https:\/\/amorpazy-cp515.wordpresstemporal.com\/amorpazycaridad.es\/wp-json\/wp\/v2\/posts\/17275\/revisions\/17299"}],"wp:featuredmedia":[{"embeddable":true,"href":"https:\/\/amorpazy-cp515.wordpresstemporal.com\/amorpazycaridad.es\/wp-json\/wp\/v2\/media\/17298"}],"wp:attachment":[{"href":"https:\/\/amorpazy-cp515.wordpresstemporal.com\/amorpazycaridad.es\/wp-json\/wp\/v2\/media?parent=17275"}],"wp:term":[{"taxonomy":"category","embeddable":true,"href":"https:\/\/amorpazy-cp515.wordpresstemporal.com\/amorpazycaridad.es\/wp-json\/wp\/v2\/categories?post=17275"},{"taxonomy":"post_tag","embeddable":true,"href":"https:\/\/amorpazy-cp515.wordpresstemporal.com\/amorpazycaridad.es\/wp-json\/wp\/v2\/tags?post=17275"},{"taxonomy":"author","embeddable":true,"href":"https:\/\/amorpazy-cp515.wordpresstemporal.com\/amorpazycaridad.es\/wp-json\/wp\/v2\/ppma_author?post=17275"}],"curies":[{"name":"wp","href":"https:\/\/api.w.org\/{rel}","templated":true}]}}